{"id":238318,"date":"2022-03-14T20:15:51","date_gmt":"2022-03-14T16:15:51","guid":{"rendered":"https:\/\/www.meydan.tv\/?p=238318"},"modified":"2022-03-14T20:15:53","modified_gmt":"2022-03-14T16:15:53","slug":"azerbaycanla-ermenistan-anlasa-bilecekmi-baki-teklif-yerevan-reaksiya-verdi","status":"publish","type":"post","link":"https:\/\/www.meydan.tv\/az\/article\/azerbaycanla-ermenistan-anlasa-bilecekmi-baki-teklif-yerevan-reaksiya-verdi\/","title":{"rendered":"Az\u0259rbaycanla Erm\u0259nistan anla\u015fa bil\u0259c\u0259kmi: Bak\u0131 t\u0259klif, Yerevan reaksiya verdi"},"content":{"rendered":"\n<p><em>Rauf Mirq\u0259dirov: &#8220;Rusiyan\u0131n t\u0259kba\u015f\u0131na vasit\u0259\u00e7iliyi q\u0259bulolunmazd\u0131r&#8221;<\/em><br><\/p>\n\n\n\n<p>Az\u0259rbaycan\u0131n Erm\u0259nistanla m\u00fcnasib\u0259tl\u0259rin normalla\u015fmas\u0131 \u00fc\u00e7\u00fcn Yerevana t\u0259qdim etdiyi t\u0259klifl\u0259r paketi a\u00e7\u0131qlan\u0131b.<br><\/p>\n\n\n\n<p>Bu bar\u0259d\u0259 Az\u0259rbaycan Xarici \u0130\u015fl\u0259r Nazirliyinin M\u0259tbuat \u0130dar\u0259si m\u0259lumat <a href=\"https:\/\/mfa.gov.az\/az\/news\/no11722\" target=\"_blank\" rel=\"noreferrer noopener\">yay\u0131b<\/a>.<br><\/p>\n\n\n\n<p>5 hiss\u0259d\u0259n ibar\u0259t t\u0259klifl\u0259r aras\u0131nda d\u00f6vl\u0259tl\u0259rin bir-birl\u0259rinin suverenliyini, \u0259razi b\u00fct\u00f6vl\u00fcy\u00fcn\u00fc, beyn\u0259lxalq s\u0259rh\u0259dl\u0259rinin toxunulmazl\u0131\u011f\u0131n\u0131 v\u0259 siyasi m\u00fcst\u0259qilliyini qar\u015f\u0131l\u0131ql\u0131 \u015f\u0259kild\u0259 tan\u0131mas\u0131 ilk s\u0131rada g\u0259lir.<br><\/p>\n\n\n\n<p>Dig\u0259r 4 t\u0259klif a\u015fa\u011f\u0131dak\u0131 kimi s\u0131ralan\u0131b:<\/p>\n\n\n\n<ul class=\"wp-block-list\"><li><em>D\u00f6vl\u0259tl\u0259rin bir-birl\u0259rin\u0259 qar\u015f\u0131 \u0259razi iddialar\u0131n\u0131n olmamas\u0131n\u0131n qar\u015f\u0131l\u0131ql\u0131 t\u0259sdiqi v\u0259 g\u0259l\u0259c\u0259kd\u0259 bel\u0259 bir iddian\u0131n qald\u0131r\u0131lmayaca\u011f\u0131na dair h\u00fcquqi <\/em>\u00f6hd\u0259liyin g\u00f6t\u00fcr\u00fclm\u0259si;<\/li><li>D\u00f6vl\u0259tl\u0259raras\u0131 m\u00fcnasib\u0259tl\u0259rd\u0259 bir-birl\u0259rinin t\u0259hl\u00fck\u0259sizliyin\u0259 h\u0259d\u0259 t\u00f6r\u0259tm\u0259kd\u0259n, siyasi m\u00fcst\u0259qillik v\u0259 \u0259razi b\u00fct\u00f6vl\u00fcy\u00fcn\u0259 qar\u015f\u0131 h\u0259d\u0259 v\u0259 g\u00fccd\u0259n istifad\u0259 etm\u0259kd\u0259n, habel\u0259 BMT Nizamnam\u0259sinin m\u0259qs\u0259dl\u0259rin\u0259 uy\u011fun olmayan dig\u0259r hallardan \u00e7\u0259kinm\u0259k;<\/li><li><em>D\u00f6vl\u0259t s\u0259rh\u0259dinin delimitasiyas\u0131 v\u0259 demarkasiyas\u0131, diplomatik m\u00fcnasib\u0259tl\u0259rin qurulmas\u0131;<\/em><\/li><li><em>N\u0259qliyyat v\u0259 kommunikasiyalar\u0131n a\u00e7\u0131l\u0131\u015f\u0131, dig\u0259r m\u00fcvafiq kommunikasiyalar\u0131n qurulmas\u0131 v\u0259 qar\u015f\u0131l\u0131ql\u0131 maraq do\u011furan dig\u0259r sah\u0259l\u0259rd\u0259 \u0259m\u0259kda\u015fl\u0131\u011f\u0131n qurulmas\u0131.<\/em>   <br>M\u0259tbuat \u0130dar\u0259sinin r\u0259hb\u0259ri Leyla Abdullayeva bildirib ki, iki d\u00f6vl\u0259t m\u0259hz bu baza prinsipl\u0259ri \u0259sas\u0131nda intensiv, substantiv v\u0259 n\u0259tic\u0259y\u0259 y\u00f6n\u0259lik dan\u0131\u015f\u0131qlar apararaq ikit\u0259r\u0259fli s\u00fclh sazi\u015fini yekunla\u015fd\u0131ra bil\u0259r.              <\/li><\/ul>\n\n\n\n<p>Erm\u0259nistan X\u0130N Az\u0259rbaycan\u0131n t\u0259klifl\u0259rin\u0259 reaksiya verib.<br><\/p>\n\n\n\n<p>Nazirliyin yayd\u0131\u011f\u0131 m\u0259lumatda deyilir ki, Az\u0259rbaycan\u0131n son g\u00f6nd\u0259rdiyi 5 t\u0259klif\u0259 cavab olaraq beyn\u0259lxalq s\u0259n\u0259dl\u0259r\u0259 istinadla, s\u00fclh m\u00fcqavil\u0259sinin ba\u011flanmas\u0131 il\u0259 ba\u011fl\u0131 dan\u0131\u015f\u0131qlar\u0131n t\u0259\u015fkili \u00fc\u00e7\u00fcn AT\u018fT-in Minsk Qrupunun h\u0259ms\u0259drl\u0259rin\u0259 m\u00fcraci\u0259t <a href=\"https:\/\/www.mfa.am\/ru\/interviews-articles-and-comments\/2022\/03\/14\/Statement_MFA\/11345\" target=\"_blank\" rel=\"noreferrer noopener\">edil\u0259c\u0259k<\/a>.<br><\/p>\n\n\n\n<p><strong>&#8220;Az\u0259rbaycan\u0131n t\u0259klifl\u0259ri, Erm\u0259nistan\u0131nsa reaksiyas\u0131 normald\u0131r&#8221;<br><\/strong><\/p>\n\n\n\n<p>Politoloq Rauf Mirq\u0259dirov Az\u0259rbaycan\u0131n t\u0259klifl\u0259rini v\u0259 Erm\u0259nistan\u0131n reaksiyas\u0131n\u0131 normal say\u0131r.<br><\/p>\n\n\n\n<p>O, Meydan TV-y\u0259 deyib ki, Bak\u0131n\u0131n t\u0259klifl\u0259ri standartd\u0131r: <\/p>\n\n\n\n<p>\u201cSonuncu b\u0259ndd\u0259 komunikasiyalar\u0131n a\u00e7\u0131lmas\u0131 \u015f\u0259rt kimi qoyulur ki, bu da Yerevan\u0131n maraqlar\u0131na cavab verir. Qalan 4 t\u0259klif is\u0259 iki d\u00f6vl\u0259t aras\u0131nda s\u00fclh m\u00fcqavil\u0259sinin imzalanmas\u0131 \u00fc\u00e7\u00fcn vacib t\u0259klifl\u0259rdir, y\u0259ni bunlars\u0131z s\u00fclh m\u00fcqavil\u0259si imzalamaq m\u00fcmk\u00fcn deyil. Erm\u0259nistan\u0131n reaksiyas\u0131 da normald\u0131r v\u0259 bu dan\u0131\u015f\u0131qlar m\u00fcxt\u0259lif formatda ke\u00e7iril\u0259 bil\u0259r. Amma b\u00fct\u00fcn formatlarda, y\u0259qin ki, qarant ver\u0259n d\u00f6vl\u0259tl\u0259r d\u0259 laz\u0131m olacaq&#8221;.<br><\/p>\n\n\n\n<p>&#8220;T\u00fcrkiy\u0259nin xarici i\u015fl\u0259r naziri M\u00f6vlud \u00c7avu\u015fo\u011flu t\u0259r\u0259fl\u0259rin birba\u015fa, vasit\u0259\u00e7i olmadan dan\u0131\u015f\u0131qlar aparmas\u0131n\u0131 t\u0259klif edib. Bu, daha yax\u015f\u0131 olard\u0131. Sad\u0259c\u0259, vasit\u0259\u00e7il\u0259rsiz ke\u00e7inm\u0259k \u00e7ox \u00e7\u0259tin olacaq. \u018fn az\u0131 Rusiya vasit\u0259\u00e7i kimi \u00e7\u0131x\u0131\u015f etm\u0259y\u0259 \u00e7al\u0131\u015facaq. Bu halda AT\u018fT-nin vasit\u0259\u00e7i kimi \u00e7\u0131x\u0131\u015f etm\u0259si h\u0259r iki t\u0259r\u0259fin maraqlat\u0131na cavab verir, \u0259g\u0259r Moskvan\u0131n vasit\u0259\u00e7iliyind\u0259n imtina etm\u0259k m\u00fcmk\u00fcn olmayacaqsa\u201d, &#8211; dey\u0259 siyasi \u015f\u0259rh\u00e7i bildirib.<br><\/p>\n\n\n\n<div class=\"wp-block-image\"><figure class=\"alignleft size-large is-resized\"><img decoding=\"async\" data-src=\"https:\/\/www.meydan.tv\/wp-content\/uploads\/1478033754_12596605_986768104750481_2097728364_.original-1200x800.jpg\" alt=\"Rauf Mirq\u0259dirov\" class=\"wp-image-154311 lazyload\" width=\"460\" height=\"306\" src=\"data:image\/svg+xml;base64,PHN2ZyB3aWR0aD0iMSIgaGVpZ2h0PSIxIiB4bWxucz0iaHR0cDovL3d3dy53My5vcmcvMjAwMC9zdmciPjwvc3ZnPg==\" style=\"--smush-placeholder-width: 460px; --smush-placeholder-aspect-ratio: 460\/306;\" \/><figcaption>Rauf Mirq\u0259dirov, Foto: Meydan TV<\/figcaption><\/figure><\/div>\n\n\n\n<p>R.Mirq\u0259dirov hesab edir ki, Rusiyan\u0131n t\u0259kba\u015f\u0131na vasit\u0259\u00e7iliyi q\u0259bulolunmazd\u0131r: \u201c\u00c7\u00fcnki Rusiya \u00fcz\u0259rin\u0259 g\u00f6t\u00fcrd\u00fcy\u00fc \u00f6hd\u0259likl\u0259ri yerin\u0259 yetir\u0259n d\u00f6vl\u0259t deyil. Ukrayna hadis\u0259l\u0259ri bir daha s\u00fcbut etdi ki, Kremld\u0259 oturanlar b\u00fct\u00fcn raz\u0131la\u015fmalar\u0131 pozma\u011fa haz\u0131rd\u0131rlar\u201d.<br><\/p>\n\n\n\n<p>Onun s\u00f6zl\u0259rin\u0259 g\u00f6r\u0259, bu c\u00fcr \u015f\u0259raitd\u0259 dan\u0131\u015f\u0131qlar\u0131n s\u00fcr\u0259tl\u0259nm\u0259si \u00e7ox vacibdir: &#8220;\u018fn az\u0131 d\u00f6vl\u0259tl\u0259raras\u0131 m\u00fcnasib\u0259tl\u0259rd\u0259 bir ayd\u0131nl\u0131q ola bil\u0259r. N\u00f6vb\u0259ti b\u00f6hranlar\u0131n qar\u015f\u0131s\u0131n\u0131 almaq \u00fc\u00e7\u00fcn beyn\u0259lxalq al\u0259m f\u0259al olmal\u0131d\u0131r\u201d.<br><\/p>\n\n\n\n<p><strong>&#8220;Rusiyan\u0131n Ukraynadak\u0131 u\u011fursuz \u0259m\u0259liyyatlar\u0131 Erm\u0259nistan\u0131 qorxuya sal\u0131b&#8221;<br><\/strong><\/p>\n\n\n\n<p>Siyasi \u015f\u0259rh\u00e7i hesab edir ki, h\u0259tta h\u0259min 5 b\u0259ndi ehtiva ed\u0259n m\u00fcqavil\u0259 imzalansa da, Qaraba\u011f\u0131n da\u011fl\u0131q hiss\u0259sind\u0259 ya\u015fayan erm\u0259nil\u0259rin problemi h\u0259ll olunmur: <\/p>\n\n\n\n<p>&#8220;H\u0259l\u0259lik onlar Az\u0259rbaycan\u0131n b\u00f6lg\u0259d\u0259 suveren h\u00fcquqlar\u0131n\u0131 tan\u0131maq ist\u0259mirl\u0259r v\u0259 \u00f6zl\u0259rini Az\u0259rbaycan v\u0259t\u0259nda\u015f\u0131 saym\u0131rlar. \u0130kincisi d\u0259, Az\u0259rbaycan h\u0259min \u0259razil\u0259r\u0259 n\u0259zar\u0259t ed\u0259 bilmir. B\u00f6lg\u0259d\u0259 n\u0259zar\u0259t tamamil\u0259 Rusiyan\u0131n \u0259lind\u0259dir. Ona g\u00f6r\u0259 d\u0259 problemin tam aradan qald\u0131r\u0131lmas\u0131 m\u0259hz Qaraba\u011fdak\u0131 erm\u0259nil\u0259rin m\u0259s\u0259l\u0259sinin h\u0259llind\u0259n as\u0131l\u0131d\u0131r. Bak\u0131 hans\u0131 vasit\u0259l\u0259rd\u0259n istifad\u0259 ed\u0259c\u0259k, bu, art\u0131q ba\u015fqa m\u0259s\u0259l\u0259dir. \u0130st\u0259nil\u0259n vaxt Rusiya t\u0259sir imkanlar\u0131n\u0131 i\u015f\u0259 sala bil\u0259r\u201d.<br><\/p>\n\n\n\n<p>Siyasi \u015f\u0259rh\u00e7i \u018fhm\u0259d \u018flili is\u0259 Bak\u0131n\u0131n Tehranla d\u0259hliz raz\u0131la\u015fmas\u0131n\u0131n Az\u0259rbaycan\u0131n t\u0259sir imkanlar\u0131n\u0131 g\u00fccl\u0259ndirdiyi q\u0259na\u0259tind\u0259dir: <\/p>\n\n\n\n<div class=\"wp-block-image\"><figure class=\"alignright size-large is-resized\"><img decoding=\"async\" data-src=\"https:\/\/www.meydan.tv\/wp-content\/uploads\/118645451_620172385184536_7703387997886241163_n-1200x800.jpg\" alt=\"\u018fhm\u0259d \u018flili\" class=\"wp-image-149966 lazyload\" width=\"383\" height=\"255\" src=\"data:image\/svg+xml;base64,PHN2ZyB3aWR0aD0iMSIgaGVpZ2h0PSIxIiB4bWxucz0iaHR0cDovL3d3dy53My5vcmcvMjAwMC9zdmciPjwvc3ZnPg==\" style=\"--smush-placeholder-width: 383px; --smush-placeholder-aspect-ratio: 383\/255;\" \/><figcaption>Foto: \u018fhm\u0259d \u018flilinin \u015f\u0259xsi arxivi<\/figcaption><\/figure><\/div>\n\n\n\n<p>\u201cAz\u0259rbaycan\u0131n Z\u0259ng\u0259zur d\u0259hlizi il\u0259 ba\u011fl\u0131 as\u0131l\u0131l\u0131\u011f\u0131 art\u0131q azald\u0131\u011f\u0131ndan t\u0259l\u0259b s\u0259viyy\u0259sini qald\u0131ra bil\u0259r. Art\u0131q t\u0259l\u0259b s\u0259viyy\u0259sini qald\u0131rd\u0131\u011f\u0131 da sezilir. Eyni zamanda, X\u0130N-nin son b\u0259yanat\u0131 Erm\u0259nistan\u0131n Ba\u015f naziri Nikol Pa\u015finyan\u0131n son s\u00fclh a\u00e7\u0131qlamalar\u0131na bir reaksiyas\u0131 idi\u201d.<br><\/p>\n\n\n\n<p>O deyir ki, Rusiyan\u0131n Ukraynadak\u0131 u\u011fursuz \u0259m\u0259liyyatlar\u0131 Erm\u0259nistan\u0131 qorxuya sal\u0131b: <\/p>\n\n\n\n<p>\u201c\u00c7\u00fcnki Az\u0259rbaycan\u0131n Erm\u0259nistan\u0131n \u015f\u0259rtl\u0259rini q\u0259bul etm\u0259y\u0259c\u0259yi m\u0259lumdur. Ona g\u00f6r\u0259 d\u0259 Yerevan m\u00fcmk\u00fcn q\u0259d\u0259r diplomatik f\u0259all\u0131\u011f\u0131n\u0131 art\u0131r\u0131r ki, Moskvan\u0131n Ukraynada z\u0259if performans\u0131n\u0131n onlara \u0259ks t\u0259sirini azalda bilsin\u201d.<br><\/p>\n\n\n\n<p><strong>Xat\u0131rlatma<\/strong><br><\/p>\n\n\n\n<p>Erm\u0259nistanla Az\u0259rbaycan aras\u0131nda sonuncu 44 g\u00fcnl\u00fck silahl\u0131 m\u00fcnaqi\u015f\u0259 2020-ci il noyabr\u0131n 10-da q\u00fcvv\u0259y\u0259 minmi\u015f tam at\u0259\u015fk\u0259s haqq\u0131nda raz\u0131la\u015fma il\u0259 ba\u015fa \u00e7at\u0131b.<br><\/p>\n\n\n\n<p>Da\u011fl\u0131q Qaraba\u011f v\u0259 \u0259traf b\u00f6lg\u0259l\u0259rd\u0259ki m\u00fcnaqi\u015f\u0259nin tarixi is\u0259 1988-ci il\u0259 dayan\u0131r.<br><\/p>\n\n\n\n<p>90-c\u0131 ill\u0259rd\u0259 Az\u0259rbaycan-Erm\u0259nistan aras\u0131ndak\u0131 ilk m\u00fcharib\u0259 v\u0259 sonrak\u0131 d\u00f6vrl\u0259rd\u0259 Az\u0259rbaycan t\u0259r\u0259f daim Erm\u0259nistan\u0131 m\u0259d\u0259ni abid\u0259l\u0259rin m\u0259hv edilm\u0259sind\u0259 g\u00fcnahland\u0131r\u0131b.<br><\/p>\n\n\n\n<p>2020-ci ild\u0259 ba\u015f ver\u0259n ikinci m\u00fcharib\u0259d\u0259n sonra is\u0259 Az\u0259rbaycan Erm\u0259nistan\u0131 \u015f\u0259h\u0259rl\u0259ri, k\u0259ndl\u0259ri, q\u0259bristanl\u0131qlar\u0131 yer \u00fcz\u00fcnd\u0259n silm\u0259kd\u0259 ittiham edib.<br>Erm\u0259nistan is\u0259 haz\u0131rda eyni ittihamla Az\u0259rbaycan\u0131 su\u00e7lay\u0131r.<\/p>\n","protected":false},"excerpt":{"rendered":"<p>Rauf Mirq\u0259dirov: &#8220;Rusiyan\u0131n t\u0259kba\u015f\u0131na vasit\u0259\u00e7iliyi q\u0259bulolunmazd\u0131r&#8221; Az\u0259rbaycan\u0131n Erm\u0259nistanla m\u00fcnasib\u0259tl\u0259rin normalla\u015fmas\u0131 &#8230; <\/p>\n<p class=\"read-more-container\"><a title=\"Az\u0259rbaycanla Erm\u0259nistan anla\u015fa bil\u0259c\u0259kmi: Bak\u0131 t\u0259klif, Yerevan reaksiya verdi\" class=\"read-more button\" href=\"https:\/\/www.meydan.tv\/az\/article\/azerbaycanla-ermenistan-anlasa-bilecekmi-baki-teklif-yerevan-reaksiya-verdi\/#more-238318\" aria-label=\"Read more about Az\u0259rbaycanla Erm\u0259nistan anla\u015fa bil\u0259c\u0259kmi: Bak\u0131 t\u0259klif, Yerevan reaksiya verdi\">Davam\u0131<\/a><\/p>\n","protected":false},"author":8,"featured_media":231440,"comment_status":"closed","ping_status":"closed","sticky":false,"template":"","format":"standard","meta":{"_acf_changed":false,"_sitemap_exclude":false,"_sitemap_priority":"","_sitemap_frequency":"","footnotes":""},"categories":[59,79,56],"tags":[],"class_list":["post-238318","post","type-post","status-publish","format-standard","has-post-thumbnail","hentry","category-siyaset","category-featured","category-xeberler","infinite-scroll-item","generate-columns","tablet-grid-50","mobile-grid-100","grid-parent","grid-33","no-featured-image-padding"],"acf":[],"yoast_head":"<!-- This site is optimized with the Yoast SEO plugin v27.4 - https:\/\/yoast.com\/product\/yoast-seo-wordpress\/ -->\n<title>Az\u0259rbaycanla Erm\u0259nistan anla\u015fa bil\u0259c\u0259kmi: Bak\u0131 t\u0259klif, Yerevan reaksiya verdi - MEYDAN.TV<\/title>\n<meta name=\"robots\" content=\"index, follow, max-snippet:-1, max-image-preview:large, max-video-preview:-1\" \/>\n<link rel=\"canonical\" href=\"https:\/\/www.meydan.tv\/az\/article\/azerbaycanla-ermenistan-anlasa-bilecekmi-baki-teklif-yerevan-reaksiya-verdi\/\" \/>\n<meta property=\"og:locale\" content=\"az_AZ\" \/>\n<meta property=\"og:type\" content=\"article\" \/>\n<meta property=\"og:title\" content=\"Az\u0259rbaycanla Erm\u0259nistan anla\u015fa bil\u0259c\u0259kmi: Bak\u0131 t\u0259klif, Yerevan reaksiya verdi - MEYDAN.TV\" \/>\n<meta property=\"og:description\" content=\"Rauf Mirq\u0259dirov: &#8220;Rusiyan\u0131n t\u0259kba\u015f\u0131na vasit\u0259\u00e7iliyi q\u0259bulolunmazd\u0131r&#8221; Az\u0259rbaycan\u0131n Erm\u0259nistanla m\u00fcnasib\u0259tl\u0259rin normalla\u015fmas\u0131 ... Davam\u0131\" \/>\n<meta property=\"og:url\" content=\"https:\/\/www.meydan.tv\/az\/article\/azerbaycanla-ermenistan-anlasa-bilecekmi-baki-teklif-yerevan-reaksiya-verdi\/\" \/>\n<meta property=\"og:site_name\" content=\"MEYDAN.TV\" \/>\n<meta property=\"article:published_time\" content=\"2022-03-14T16:15:51+00:00\" \/>\n<meta property=\"article:modified_time\" content=\"2022-03-14T16:15:53+00:00\" \/>\n<meta property=\"og:image\" content=\"https:\/\/www.meydan.tv\/wp-content\/uploads\/shutterstock_1775183870-1.jpg\" \/>\n\t<meta property=\"og:image:width\" content=\"1200\" \/>\n\t<meta property=\"og:image:height\" content=\"800\" \/>\n\t<meta property=\"og:image:type\" content=\"image\/jpeg\" \/>\n<meta name=\"author\" content=\"elli\" \/>\n<meta name=\"twitter:card\" content=\"summary_large_image\" \/>\n<meta name=\"twitter:creator\" content=\"@elli\" \/>\n<script type=\"application\/ld+json\" class=\"yoast-schema-graph\">{\"@context\":\"https:\\\/\\\/schema.org\",\"@graph\":[{\"@type\":\"Article\",\"@id\":\"https:\\\/\\\/www.meydan.tv\\\/az\\\/article\\\/azerbaycanla-ermenistan-anlasa-bilecekmi-baki-teklif-yerevan-reaksiya-verdi\\\/#article\",\"isPartOf\":{\"@id\":\"https:\\\/\\\/www.meydan.tv\\\/az\\\/article\\\/azerbaycanla-ermenistan-anlasa-bilecekmi-baki-teklif-yerevan-reaksiya-verdi\\\/\"},\"author\":{\"name\":\"elli\",\"@id\":\"https:\\\/\\\/www.meydan.tv\\\/az\\\/#\\\/schema\\\/person\\\/9cdbecf90d17180ce1dfbd95b08dcf47\"},\"headline\":\"Az\u0259rbaycanla Erm\u0259nistan anla\u015fa bil\u0259c\u0259kmi: Bak\u0131 t\u0259klif, Yerevan reaksiya verdi\",\"datePublished\":\"2022-03-14T16:15:51+00:00\",\"dateModified\":\"2022-03-14T16:15:53+00:00\",\"mainEntityOfPage\":{\"@id\":\"https:\\\/\\\/www.meydan.tv\\\/az\\\/article\\\/azerbaycanla-ermenistan-anlasa-bilecekmi-baki-teklif-yerevan-reaksiya-verdi\\\/\"},\"wordCount\":1206,\"publisher\":{\"@id\":\"https:\\\/\\\/www.meydan.tv\\\/az\\\/#organization\"},\"image\":{\"@id\":\"https:\\\/\\\/www.meydan.tv\\\/az\\\/article\\\/azerbaycanla-ermenistan-anlasa-bilecekmi-baki-teklif-yerevan-reaksiya-verdi\\\/#primaryimage\"},\"thumbnailUrl\":\"https:\\\/\\\/www.meydan.tv\\\/wp-content\\\/uploads\\\/shutterstock_1775183870-1.jpg\",\"articleSection\":[\"Siyas\u0259t\",\"T\u00f6vsiy\u0259\",\"X\u0259b\u0259rl\u0259r\"],\"inLanguage\":\"az\"},{\"@type\":\"WebPage\",\"@id\":\"https:\\\/\\\/www.meydan.tv\\\/az\\\/article\\\/azerbaycanla-ermenistan-anlasa-bilecekmi-baki-teklif-yerevan-reaksiya-verdi\\\/\",\"url\":\"https:\\\/\\\/www.meydan.tv\\\/az\\\/article\\\/azerbaycanla-ermenistan-anlasa-bilecekmi-baki-teklif-yerevan-reaksiya-verdi\\\/\",\"name\":\"Az\u0259rbaycanla Erm\u0259nistan anla\u015fa bil\u0259c\u0259kmi: Bak\u0131 t\u0259klif, Yerevan reaksiya verdi - MEYDAN.TV\",\"isPartOf\":{\"@id\":\"https:\\\/\\\/www.meydan.tv\\\/az\\\/#website\"},\"primaryImageOfPage\":{\"@id\":\"https:\\\/\\\/www.meydan.tv\\\/az\\\/article\\\/azerbaycanla-ermenistan-anlasa-bilecekmi-baki-teklif-yerevan-reaksiya-verdi\\\/#primaryimage\"},\"image\":{\"@id\":\"https:\\\/\\\/www.meydan.tv\\\/az\\\/article\\\/azerbaycanla-ermenistan-anlasa-bilecekmi-baki-teklif-yerevan-reaksiya-verdi\\\/#primaryimage\"},\"thumbnailUrl\":\"https:\\\/\\\/www.meydan.tv\\\/wp-content\\\/uploads\\\/shutterstock_1775183870-1.jpg\",\"datePublished\":\"2022-03-14T16:15:51+00:00\",\"dateModified\":\"2022-03-14T16:15:53+00:00\",\"breadcrumb\":{\"@id\":\"https:\\\/\\\/www.meydan.tv\\\/az\\\/article\\\/azerbaycanla-ermenistan-anlasa-bilecekmi-baki-teklif-yerevan-reaksiya-verdi\\\/#breadcrumb\"},\"inLanguage\":\"az\",\"potentialAction\":[{\"@type\":\"ReadAction\",\"target\":[\"https:\\\/\\\/www.meydan.tv\\\/az\\\/article\\\/azerbaycanla-ermenistan-anlasa-bilecekmi-baki-teklif-yerevan-reaksiya-verdi\\\/\"]}]},{\"@type\":\"ImageObject\",\"inLanguage\":\"az\",\"@id\":\"https:\\\/\\\/www.meydan.tv\\\/az\\\/article\\\/azerbaycanla-ermenistan-anlasa-bilecekmi-baki-teklif-yerevan-reaksiya-verdi\\\/#primaryimage\",\"url\":\"https:\\\/\\\/www.meydan.tv\\\/wp-content\\\/uploads\\\/shutterstock_1775183870-1.jpg\",\"contentUrl\":\"https:\\\/\\\/www.meydan.tv\\\/wp-content\\\/uploads\\\/shutterstock_1775183870-1.jpg\",\"width\":1200,\"height\":800,\"caption\":\"Az\u0259rbaycan-Erm\u0259nistan, Andrii Anna photographers\\\/Shutterstock\"},{\"@type\":\"BreadcrumbList\",\"@id\":\"https:\\\/\\\/www.meydan.tv\\\/az\\\/article\\\/azerbaycanla-ermenistan-anlasa-bilecekmi-baki-teklif-yerevan-reaksiya-verdi\\\/#breadcrumb\",\"itemListElement\":[{\"@type\":\"ListItem\",\"position\":1,\"name\":\"Ana s\u0259hif\u0259\",\"item\":\"https:\\\/\\\/www.meydan.tv\\\/az\\\/\"},{\"@type\":\"ListItem\",\"position\":2,\"name\":\"Siyas\u0259t\",\"item\":\"https:\\\/\\\/www.meydan.tv\\\/az\\\/section\\\/siyaset\\\/\"},{\"@type\":\"ListItem\",\"position\":3,\"name\":\"Az\u0259rbaycanla Erm\u0259nistan anla\u015fa bil\u0259c\u0259kmi: Bak\u0131 t\u0259klif, Yerevan reaksiya verdi\"}]},{\"@type\":\"WebSite\",\"@id\":\"https:\\\/\\\/www.meydan.tv\\\/az\\\/#website\",\"url\":\"https:\\\/\\\/www.meydan.tv\\\/az\\\/\",\"name\":\"MEYDAN.TV\",\"description\":\"Meydan TV Az\u0259rbaycan\u0131n media m\u0259kan\u0131ndak\u0131 alternativ s\u0259sidir\",\"publisher\":{\"@id\":\"https:\\\/\\\/www.meydan.tv\\\/az\\\/#organization\"},\"potentialAction\":[{\"@type\":\"SearchAction\",\"target\":{\"@type\":\"EntryPoint\",\"urlTemplate\":\"https:\\\/\\\/www.meydan.tv\\\/az\\\/?s={search_term_string}\"},\"query-input\":{\"@type\":\"PropertyValueSpecification\",\"valueRequired\":true,\"valueName\":\"search_term_string\"}}],\"inLanguage\":\"az\"},{\"@type\":\"Organization\",\"@id\":\"https:\\\/\\\/www.meydan.tv\\\/az\\\/#organization\",\"name\":\"Meydan TV\",\"url\":\"https:\\\/\\\/www.meydan.tv\\\/az\\\/\",\"logo\":{\"@type\":\"ImageObject\",\"inLanguage\":\"az\",\"@id\":\"https:\\\/\\\/www.meydan.tv\\\/az\\\/#\\\/schema\\\/logo\\\/image\\\/\",\"url\":\"https:\\\/\\\/www.meydan.tv\\\/wp-content\\\/uploads\\\/2021\\\/07\\\/meydan-logo.svg\",\"contentUrl\":\"https:\\\/\\\/www.meydan.tv\\\/wp-content\\\/uploads\\\/2021\\\/07\\\/meydan-logo.svg\",\"width\":195,\"height\":46,\"caption\":\"Meydan TV\"},\"image\":{\"@id\":\"https:\\\/\\\/www.meydan.tv\\\/az\\\/#\\\/schema\\\/logo\\\/image\\\/\"}},{\"@type\":\"Person\",\"@id\":\"https:\\\/\\\/www.meydan.tv\\\/az\\\/#\\\/schema\\\/person\\\/9cdbecf90d17180ce1dfbd95b08dcf47\",\"name\":\"elli\",\"sameAs\":[\"https:\\\/\\\/x.com\\\/elli\"]}]}<\/script>\n<!-- \/ Yoast SEO plugin. -->","yoast_head_json":{"title":"Az\u0259rbaycanla Erm\u0259nistan anla\u015fa bil\u0259c\u0259kmi: Bak\u0131 t\u0259klif, Yerevan reaksiya verdi - MEYDAN.TV","robots":{"index":"index","follow":"follow","max-snippet":"max-snippet:-1","max-image-preview":"max-image-preview:large","max-video-preview":"max-video-preview:-1"},"canonical":"https:\/\/www.meydan.tv\/az\/article\/azerbaycanla-ermenistan-anlasa-bilecekmi-baki-teklif-yerevan-reaksiya-verdi\/","og_locale":"az_AZ","og_type":"article","og_title":"Az\u0259rbaycanla Erm\u0259nistan anla\u015fa bil\u0259c\u0259kmi: Bak\u0131 t\u0259klif, Yerevan reaksiya verdi - MEYDAN.TV","og_description":"Rauf Mirq\u0259dirov: &#8220;Rusiyan\u0131n t\u0259kba\u015f\u0131na vasit\u0259\u00e7iliyi q\u0259bulolunmazd\u0131r&#8221; Az\u0259rbaycan\u0131n Erm\u0259nistanla m\u00fcnasib\u0259tl\u0259rin normalla\u015fmas\u0131 ... Davam\u0131","og_url":"https:\/\/www.meydan.tv\/az\/article\/azerbaycanla-ermenistan-anlasa-bilecekmi-baki-teklif-yerevan-reaksiya-verdi\/","og_site_name":"MEYDAN.TV","article_published_time":"2022-03-14T16:15:51+00:00","article_modified_time":"2022-03-14T16:15:53+00:00","og_image":[{"width":1200,"height":800,"url":"https:\/\/www.meydan.tv\/wp-content\/uploads\/shutterstock_1775183870-1.jpg","type":"image\/jpeg"}],"author":"elli","twitter_card":"summary_large_image","twitter_creator":"@elli","schema":{"@context":"https:\/\/schema.org","@graph":[{"@type":"Article","@id":"https:\/\/www.meydan.tv\/az\/article\/azerbaycanla-ermenistan-anlasa-bilecekmi-baki-teklif-yerevan-reaksiya-verdi\/#article","isPartOf":{"@id":"https:\/\/www.meydan.tv\/az\/article\/azerbaycanla-ermenistan-anlasa-bilecekmi-baki-teklif-yerevan-reaksiya-verdi\/"},"author":{"name":"elli","@id":"https:\/\/www.meydan.tv\/az\/#\/schema\/person\/9cdbecf90d17180ce1dfbd95b08dcf47"},"headline":"Az\u0259rbaycanla Erm\u0259nistan anla\u015fa bil\u0259c\u0259kmi: Bak\u0131 t\u0259klif, Yerevan reaksiya verdi","datePublished":"2022-03-14T16:15:51+00:00","dateModified":"2022-03-14T16:15:53+00:00","mainEntityOfPage":{"@id":"https:\/\/www.meydan.tv\/az\/article\/azerbaycanla-ermenistan-anlasa-bilecekmi-baki-teklif-yerevan-reaksiya-verdi\/"},"wordCount":1206,"publisher":{"@id":"https:\/\/www.meydan.tv\/az\/#organization"},"image":{"@id":"https:\/\/www.meydan.tv\/az\/article\/azerbaycanla-ermenistan-anlasa-bilecekmi-baki-teklif-yerevan-reaksiya-verdi\/#primaryimage"},"thumbnailUrl":"https:\/\/www.meydan.tv\/wp-content\/uploads\/shutterstock_1775183870-1.jpg","articleSection":["Siyas\u0259t","T\u00f6vsiy\u0259","X\u0259b\u0259rl\u0259r"],"inLanguage":"az"},{"@type":"WebPage","@id":"https:\/\/www.meydan.tv\/az\/article\/azerbaycanla-ermenistan-anlasa-bilecekmi-baki-teklif-yerevan-reaksiya-verdi\/","url":"https:\/\/www.meydan.tv\/az\/article\/azerbaycanla-ermenistan-anlasa-bilecekmi-baki-teklif-yerevan-reaksiya-verdi\/","name":"Az\u0259rbaycanla Erm\u0259nistan anla\u015fa bil\u0259c\u0259kmi: Bak\u0131 t\u0259klif, Yerevan reaksiya verdi - MEYDAN.TV","isPartOf":{"@id":"https:\/\/www.meydan.tv\/az\/#website"},"primaryImageOfPage":{"@id":"https:\/\/www.meydan.tv\/az\/article\/azerbaycanla-ermenistan-anlasa-bilecekmi-baki-teklif-yerevan-reaksiya-verdi\/#primaryimage"},"image":{"@id":"https:\/\/www.meydan.tv\/az\/article\/azerbaycanla-ermenistan-anlasa-bilecekmi-baki-teklif-yerevan-reaksiya-verdi\/#primaryimage"},"thumbnailUrl":"https:\/\/www.meydan.tv\/wp-content\/uploads\/shutterstock_1775183870-1.jpg","datePublished":"2022-03-14T16:15:51+00:00","dateModified":"2022-03-14T16:15:53+00:00","breadcrumb":{"@id":"https:\/\/www.meydan.tv\/az\/article\/azerbaycanla-ermenistan-anlasa-bilecekmi-baki-teklif-yerevan-reaksiya-verdi\/#breadcrumb"},"inLanguage":"az","potentialAction":[{"@type":"ReadAction","target":["https:\/\/www.meydan.tv\/az\/article\/azerbaycanla-ermenistan-anlasa-bilecekmi-baki-teklif-yerevan-reaksiya-verdi\/"]}]},{"@type":"ImageObject","inLanguage":"az","@id":"https:\/\/www.meydan.tv\/az\/article\/azerbaycanla-ermenistan-anlasa-bilecekmi-baki-teklif-yerevan-reaksiya-verdi\/#primaryimage","url":"https:\/\/www.meydan.tv\/wp-content\/uploads\/shutterstock_1775183870-1.jpg","contentUrl":"https:\/\/www.meydan.tv\/wp-content\/uploads\/shutterstock_1775183870-1.jpg","width":1200,"height":800,"caption":"Az\u0259rbaycan-Erm\u0259nistan, Andrii Anna photographers\/Shutterstock"},{"@type":"BreadcrumbList","@id":"https:\/\/www.meydan.tv\/az\/article\/azerbaycanla-ermenistan-anlasa-bilecekmi-baki-teklif-yerevan-reaksiya-verdi\/#breadcrumb","itemListElement":[{"@type":"ListItem","position":1,"name":"Ana s\u0259hif\u0259","item":"https:\/\/www.meydan.tv\/az\/"},{"@type":"ListItem","position":2,"name":"Siyas\u0259t","item":"https:\/\/www.meydan.tv\/az\/section\/siyaset\/"},{"@type":"ListItem","position":3,"name":"Az\u0259rbaycanla Erm\u0259nistan anla\u015fa bil\u0259c\u0259kmi: Bak\u0131 t\u0259klif, Yerevan reaksiya verdi"}]},{"@type":"WebSite","@id":"https:\/\/www.meydan.tv\/az\/#website","url":"https:\/\/www.meydan.tv\/az\/","name":"MEYDAN.TV","description":"Meydan TV Az\u0259rbaycan\u0131n media m\u0259kan\u0131ndak\u0131 alternativ s\u0259sidir","publisher":{"@id":"https:\/\/www.meydan.tv\/az\/#organization"},"potentialAction":[{"@type":"SearchAction","target":{"@type":"EntryPoint","urlTemplate":"https:\/\/www.meydan.tv\/az\/?s={search_term_string}"},"query-input":{"@type":"PropertyValueSpecification","valueRequired":true,"valueName":"search_term_string"}}],"inLanguage":"az"},{"@type":"Organization","@id":"https:\/\/www.meydan.tv\/az\/#organization","name":"Meydan TV","url":"https:\/\/www.meydan.tv\/az\/","logo":{"@type":"ImageObject","inLanguage":"az","@id":"https:\/\/www.meydan.tv\/az\/#\/schema\/logo\/image\/","url":"https:\/\/www.meydan.tv\/wp-content\/uploads\/2021\/07\/meydan-logo.svg","contentUrl":"https:\/\/www.meydan.tv\/wp-content\/uploads\/2021\/07\/meydan-logo.svg","width":195,"height":46,"caption":"Meydan TV"},"image":{"@id":"https:\/\/www.meydan.tv\/az\/#\/schema\/logo\/image\/"}},{"@type":"Person","@id":"https:\/\/www.meydan.tv\/az\/#\/schema\/person\/9cdbecf90d17180ce1dfbd95b08dcf47","name":"elli","sameAs":["https:\/\/x.com\/elli"]}]}},"_links":{"self":[{"href":"https:\/\/www.meydan.tv\/az\/wp-json\/wp\/v2\/posts\/238318","targetHints":{"allow":["GET"]}}],"collection":[{"href":"https:\/\/www.meydan.tv\/az\/wp-json\/wp\/v2\/posts"}],"about":[{"href":"https:\/\/www.meydan.tv\/az\/wp-json\/wp\/v2\/types\/post"}],"author":[{"embeddable":true,"href":"https:\/\/www.meydan.tv\/az\/wp-json\/wp\/v2\/users\/8"}],"replies":[{"embeddable":true,"href":"https:\/\/www.meydan.tv\/az\/wp-json\/wp\/v2\/comments?post=238318"}],"version-history":[{"count":1,"href":"https:\/\/www.meydan.tv\/az\/wp-json\/wp\/v2\/posts\/238318\/revisions"}],"predecessor-version":[{"id":238319,"href":"https:\/\/www.meydan.tv\/az\/wp-json\/wp\/v2\/posts\/238318\/revisions\/238319"}],"wp:featuredmedia":[{"embeddable":true,"href":"https:\/\/www.meydan.tv\/az\/wp-json\/wp\/v2\/media\/231440"}],"wp:attachment":[{"href":"https:\/\/www.meydan.tv\/az\/wp-json\/wp\/v2\/media?parent=238318"}],"wp:term":[{"taxonomy":"category","embeddable":true,"href":"https:\/\/www.meydan.tv\/az\/wp-json\/wp\/v2\/categories?post=238318"},{"taxonomy":"post_tag","embeddable":true,"href":"https:\/\/www.meydan.tv\/az\/wp-json\/wp\/v2\/tags?post=238318"}],"curies":[{"name":"wp","href":"https:\/\/api.w.org\/{rel}","templated":true}]}}