{"id":238302,"date":"2022-03-14T20:49:13","date_gmt":"2022-03-14T16:49:13","guid":{"rendered":"https:\/\/www.meydan.tv\/?p=238302"},"modified":"2022-03-14T20:49:15","modified_gmt":"2022-03-14T16:49:15","slug":"cehenneme-geden-yoldas-axtarar","status":"publish","type":"post","link":"https:\/\/www.meydan.tv\/az\/article\/cehenneme-geden-yoldas-axtarar\/","title":{"rendered":"C\u0259h\u0259nn\u0259m\u0259 ged\u0259n yolda\u015f axtarar"},"content":{"rendered":"\n<p><strong>Rusiya bizi niy\u0259 \u015firnikl\u0259ndirir?<\/strong><br><\/p>\n\n\n\n<p>Rusiya indi c\u0259h\u0259nn\u0259m yol\u00e7usudur. Ukraynaya t\u0259cav\u00fcz\u00fc il\u0259 d\u00fcnyaya meydan sulad\u0131 v\u0259 indi cavab\u0131n\u0131 al\u0131r. \u0130ndiy\u0259d\u0259k cavab\u0131n birinci hiss\u0259si s\u0259sl\u0259nib, lakin art\u0131q b\u0259llidir ki, cavab \u00e7ox s\u0259rt v\u0259 amans\u0131z olacaq. Az\u0131, Rusiyan\u0131n t\u00f6r\u0259tdiyi cinay\u0259tl\u0259r\u0259 uy\u011fun olacaq.<br>Rusiya h\u0259l\u0259lik qar\u015f\u0131la\u015fd\u0131\u011f\u0131 b\u0259lan\u0131n h\u0259cmini tam d\u0259rk etm\u0259yib. Putin manevr imkanlar\u0131n\u0131n m\u00f6vcudlu\u011funa inan\u0131r. D\u00fc\u015f\u00fcn\u00fcr ki, Kiyevi iki g\u00fcn\u0259 i\u015f\u011fal edib Ukrayna hakimiyy\u0259tin\u0259 \u00f6z irad\u0259sini dikt\u0259 ed\u0259 bilm\u0259s\u0259 d\u0259, \u00f6lk\u0259ni ikiy\u0259 b\u00f6l\u00fcb bir yar\u0131s\u0131nda Rusiyaya tabe oyuncaq h\u00f6kum\u0259t qurmaq m\u00fcmk\u00fcn olacaq.<br>D\u00fc\u015f\u00fcnm\u00fcr\u0259m ki, onun bu z\u0259nni d\u0259 d\u00fczg\u00fcn \u00e7\u0131xs\u0131n. \u018fksin\u0259, daha bir z\u0259nnind\u0259 yan\u0131laca\u011f\u0131 ehtimal\u0131 \u00e7ox y\u00fcks\u0259kdir. Onun bu z\u0259nnini do\u011fma torpa\u011f\u0131nda can\u0131ndan ke\u00e7\u0259n Ukrayna ordusunun \u0259sg\u0259r v\u0259 zabitl\u0259ri pu\u00e7a \u00e7\u0131xaracaq.<br>Qald\u0131 Q\u0259rbin qada\u011falar\u0131na, Putin hesab edir ki, t\u0259r\u0259fda\u015flar\u0131n say\u0131n\u0131 t\u0259l\u0259sik art\u0131r\u0131b t\u0259crid dair\u0259sini geni\u015fl\u0259ndirm\u0259k laz\u0131md\u0131r. S\u0259rrast el m\u0259s\u0259lin\u0259 uy\u011fun olaraq, \u201cc\u0259h\u0259nn\u0259m\u0259 ged\u0259n \u00f6z\u00fcn\u0259 yolda\u015f axtarar\u201d. Putinin fikrinc\u0259, c\u0259h\u0259nn\u0259m\u0259 ged\u0259n yolda Az\u0259rbaycan Rusiyaya yax\u015f\u0131 yolda\u015f ola bil\u0259r.<br>Bunun \u00fc\u00e7\u00fcn Az\u0259rbaycan g\u0259r\u0259k Q\u0259rb il\u0259 k\u0259ll\u0259l\u0259\u015fsin. \u0130lham \u018fliyevi inand\u0131rmaq laz\u0131md\u0131r ki, Q\u0259rbin ba\u015f\u0131 Ukrayna hadis\u0259l\u0259rin\u0259 qar\u0131\u015fd\u0131\u011f\u0131 bir vaxtda \u201cara qar\u0131\u015f\u0131b, t\u00fclk\u00fc x\u0259lv\u0259t\u201d \u015f\u0259raiti yeti\u015fib, m\u0259qamd\u0131r ki, Az\u0259rbaycan Qaraba\u011f\u0131n qalan 25 faizini zorla tutsun v\u0259 erm\u0259nil\u0259ri oradan qovsun. T\u0259bii, Putin s\u00f6z verir ki, Rusiya, rus s\u00fclhm\u0259raml\u0131lar\u0131 qar\u0131\u015fmayacaq.<br>Az\u0259rbaycan\u0131 \u015firnikl\u0259ndirm\u0259k \u00fc\u00e7\u00fcn rus s\u00fclhm\u0259raml\u0131lar\u0131n\u0131 r\u0259mzi olaraq ixtisara sal\u0131r, silahl\u0131 separat\u00e7\u0131lara \u0259mr verir ki, az\u0259rbaycanl\u0131lara at\u0259\u015f a\u00e7s\u0131nlar, s\u00fclhm\u0259raml\u0131lar\u0131n t\u0259rk etdikl\u0259ri m\u00f6vqel\u0259ri tutsunlar. Rus qo\u015funlar\u0131 g\u00f6zl\u0259m\u0259 m\u00f6vqeyind\u0259 durub hadis\u0259l\u0259rin ist\u0259nil\u0259n m\u0259craya y\u00f6n\u0259lm\u0259sn\u0259 tama\u015fa edirl\u0259r.<br>Bizim \u201cmilli\u201d v\u0259t\u0259n\u015fiv\u0259n K\u0130V-imiz v\u0259 siyasi t\u0259hlil\u00e7il\u0259rin milli hiss\u0259si cu\u015f\u0259 g\u0259lib, sanki yax\u0131nlarda talan olacaq. Sanki Az\u0259rbaycan xalq\u0131n\u0131n s\u0259ad\u0259ti yaln\u0131z Qaraba\u011f\u0131n 25 faizind\u0259 ya\u015fayan 25 min erm\u0259ninin oradan k\u00f6\u00e7m\u0259sind\u0259n as\u0131l\u0131d\u0131r. 34 il ke\u00e7ib, lakin bu m\u0259xluqat\u0131n t\u0259f\u0259kk\u00fcr\u00fc yen\u0259 d\u0259 \u201cBak\u0131 g\u00f6z\u0259l \u015f\u0259h\u0259rdir, erm\u0259nil\u0259r olmasa\u201d q\u0131\u015fq\u0131r\u0131\u011f\u0131ndan uza\u011fa ged\u0259 bilm\u0259yib.<br>B\u0259li, Rusiyaya s\u00fclhm\u0259raml\u0131lar\u0131 Ukraynaya da\u015f\u0131maq \u0259l verir. Ukraynada Rusiya ordusu c\u0259nc\u0259l\u0259 d\u00fc\u015f\u00fcb, canl\u0131 q\u00fcvv\u0259 \u00e7at\u0131\u015fm\u0131r. Lakin bu vurhavurda bel\u0259 \u0259n\u0259n\u0259vi rus oyunlar\u0131n\u0131 unutmaq olmaz. Odur ki, rus qanunsuz erm\u0259ni silahl\u0131lar\u0131na \u0259mr verir ki, f\u0259alla\u015fs\u0131nlar. Bizim t\u0259r\u0259f etiraz ed\u0259nd\u0259 guya korazehinlikl\u0259 deyirl\u0259r ki, \u201cbizlik deyil, g\u00f6r\u00fcn d\u0259, n\u0259 ed\u0259 bil\u0259rsiniz\u201d. D\u00fcn\u0259n\u0259 q\u0259d\u0259r rusdan ehtiyat edib \u00f6z\u00fcn\u00fc qanun \u00e7\u0259r\u00e7iv\u0259sind\u0259 aparan bizim t\u0259r\u0259f \u00fcr\u0259kl\u0259nib erm\u0259ni silahl\u0131lar\u0131na g\u00fcc t\u0259tbiq edir. Erm\u0259nil\u0259r \u015fiv\u0259n salanda rus \u00f6z\u00fcn\u00fc e\u015fitm\u0259zliy\u0259 v\u0259 g\u00f6rm\u0259zliy\u0259 vurur. Bel\u0259likl\u0259, rus t\u0259r\u0259fi bizim t\u0259r\u0259fi \u015firnikl\u0259ndirir. N\u0259y\u0259 v\u0259 niy\u0259?<br>Hadis\u0259l\u0259rin istiqam\u0259ti iki ehtimala yol a\u00e7\u0131r. Birinci ehtimala g\u00f6r\u0259 bizim t\u0259r\u0259f rus hiyl\u0259sin\u0259 uymayacaq, rus s\u00fclhm\u0259raml\u0131lar\u0131 \u00e7\u0131xma\u011fa ba\u015flayanda Q\u0259rbd\u0259n hans\u0131sa humanitar t\u0259\u015fkilatlar\u0131n n\u00fcmay\u0259nd\u0259l\u0259rini Qaraba\u011fa d\u0259v\u0259t ed\u0259c\u0259k v\u0259 onlar\u0131n vasit\u0259\u00e7iliyi il\u0259 h\u0259l\u0259lik orada ya\u015fayan erm\u0259ni \u0259halisi il\u0259 dan\u0131\u015f\u0131qlara ba\u015flayacaq.T\u0259biidir ki, \u00f6z t\u0259hl\u00fck\u0259sizliyini yaln\u0131z rus qo\u015funlar\u0131nda g\u00f6r\u0259n erm\u0259ni \u0259halisinin b\u00f6y\u00fck hiss\u0259si Qaraba\u011fdan k\u00f6\u00e7m\u0259k niyy\u0259tini bildir\u0259c\u0259k. Az\u0259rbaycan t\u0259r\u0259fi h\u0259r bir bel\u0259 erm\u0259niy\u0259 qalmas\u0131 \u00fc\u00e7\u00fcn yalvarmayacaq, lakin h\u0259r m\u00fclkiyy\u0259t sahibin\u0259 layiqli pul v\u0259saiti \u00f6d\u0259yib dinc k\u00f6\u00e7m\u0259sin\u0259 \u015f\u0259rait yaratmal\u0131d\u0131r. Az\u0259rbaycanda qal\u0131b bizim v\u0259t\u0259nda\u015fl\u0131\u011f\u0131 q\u0259bul etm\u0259k ist\u0259y\u0259n v\u0259 ya Erm\u0259nistan v\u0259t\u0259nda\u015f\u0131 kimi qal\u0131b ya\u015famaq ist\u0259y\u0259n erm\u0259niy\u0259 z\u0259ruri z\u0259man\u0259t verilm\u0259lidir. Bel\u0259 olarsa, Az\u0259rbaycan bu m\u00fch\u00fcm m\u0259rh\u0259l\u0259ni itkisiz ke\u00e7\u0259 bil\u0259c\u0259k.<br>\u0130kinci ehtimala g\u00f6r\u0259 rus qo\u015funu \u00e7\u0131xma\u011fa ba\u015flayanda erm\u0259ni \u0259halisi qa\u00e7ma\u011fa ba\u015flay\u0131r v\u0259 bizim t\u0259r\u0259f buna sad\u0259c\u0259 tama\u015fa edir. Erm\u0259ni \u0259halisi Erm\u0259nistana g\u0259lib orada z\u00fclmd\u0259n v\u0259 itkil\u0259rd\u0259n, etnik t\u0259mizl\u0259m\u0259d\u0259n \u015fikay\u0259t etm\u0259y\u0259 ba\u015flay\u0131r. D\u00fcnyan\u0131n erm\u0259ni t\u0259\u0259ss\u00fcbke\u015fl\u0259ri n\u00f6vb\u0259ti z\u00fclm hekay\u0259sini dan\u0131\u015fma\u011fa ba\u015flay\u0131r v\u0259 Az\u0259rbaycana qar\u015f\u0131 c\u0259za t\u0259dbirl\u0259rinin t\u0259tbiqini t\u0259l\u0259b edir.<br>T\u0259bii ki, Az\u0259rbaycan\u0131n az da olsa, lakin rus qaz\u0131na b\u0259d\u0259l say\u0131lan qaz\u0131na m\u00f6htac olan Q\u0259rb bel\u0259 \u015f\u0259raitd\u0259 d\u00f6vl\u0259timiz\u0259 qar\u015f\u0131 h\u0259r hans\u0131 c\u0259za t\u0259dbiri t\u0259tbiq etm\u0259y\u0259c\u0259k, lakin siyasi m\u00f6ht\u0259kirlik v\u0259 h\u0259d\u0259-qorxu uzun m\u00fcdd\u0259t \u00e7\u0259k\u0259c\u0259k.<br>\u0130ndi bizim \u00f6z\u00fcm\u00fczd\u0259n as\u0131l\u0131d\u0131r, hans\u0131 ehtimala \u00fcst\u00fcnl\u00fck ver\u0259k.<br>Hadis\u0259l\u0259r\u0259 tarixilik v\u0259 ger\u00e7\u0259klik buca\u011f\u0131ndan baxanda t\u0259kam\u00fcl yolunun \u00fcst\u00fcnl\u00fcy\u00fc ayd\u0131n g\u00f6r\u00fcn\u00fcr. Yad\u0131n\u0131za 44-g\u00fcnl\u00fck m\u00fchar\u0131b\u0259nin \u00dc\u00e7t\u0259r\u0259fli B\u0259yannam\u0259 il\u0259 yekunla\u015fmas\u0131ndan sonra c\u0259miyy\u0259tin bir hiss\u0259sinin b\u0259dbinliy\u0259 nec\u0259 qap\u0131lmas\u0131n\u0131 sal\u0131n. \u201cQ\u0259l\u0259b\u0259mizi o\u011furlad\u0131lar\u201d, \u201c\u015e\u0259hidl\u0259rin qan\u0131 \u0259b\u0259s t\u00f6k\u00fcld\u00fc\u201d v\u0259 sair\u0259 bu kimi milli dilxo\u015fluqlar milli K\u0130V-imizi b\u0259z\u0259yirdi. H\u0259min bo\u015fbo\u011fazl\u0131q v\u0259 ah-nal\u0259 bir ild\u0259n \u00e7ox \u00e7\u0259kdi, ta ki, Rusiyan\u0131n Ukraynaya qar\u015f\u0131 m\u00fcharib\u0259si ba\u015flad\u0131.<br>M\u0259nc\u0259, yaln\u0131z bu zaman d\u0259liqanl\u0131 \u00fcns\u00fcrl\u0259r Az\u0259rbaycan\u0131n \u00dc\u00e7t\u0259r\u0259fli B\u0259yannam\u0259ni imzalamaqla hans\u0131 t\u0259hl\u00fck\u0259d\u0259n qurtuldu\u011funu d\u0259rk etm\u0259y\u0259 ba\u015flad\u0131lar. B\u0259lk\u0259 yaln\u0131z bu zaman 2020-ci ilin noyabr ay\u0131n\u0131n 9-da gec\u0259 X\u0131rdalan s\u0259mas\u0131nda vurulmu\u015f \u201c\u0130sg\u0259nd\u0259r\u201draketinin siyasi v\u0259 h\u0259rbi m\u0259nas\u0131 b\u0259zi qafalara gir\u0259 bildi.<br>Ayd\u0131nd\u0131r ki, Az\u0259rbaycan Qaraba\u011fda \u00f6z qanuni \u0259razisinin qalan 25%-i \u00fcz\u0259rind\u0259 suverenliyinin b\u0259rpas\u0131n\u0131n astanas\u0131ndad\u0131r. \u015e\u0259ksiz, lap yax\u0131n vaxtda Erm\u0259nistanla T\u00fcrkiy\u0259 aras\u0131nda m\u00fcnasib\u0259tl\u0259r s\u0259hmana sal\u0131nacaq. Bundan sonra Az\u0259rbaycanla Erm\u0259nistan aras\u0131nda m\u00fcnasib\u0259tl\u0259rin t\u0259nziml\u0259nm\u0259si lab\u00fcdd\u00fcr. Bel\u0259likl\u0259, Qaraba\u011f m\u00fcnaqi\u015f\u0259si, in\u015fallah, tarixin art\u0131q \u00e7evrilmi\u015f s\u0259hif\u0259sind\u0259 qalacaq.<br>Bu zaman bir sual t\u0259kidl\u0259 g\u00fcnd\u0259m\u0259 g\u0259l\u0259c\u0259k: biz hans\u0131 Az\u0259rbaycan\u0131 qururuq? Biz indiki b\u0259dnam v\u0259 s\u0259m\u0259r\u0259siz qurulu\u015fu qoruyub saxlamaq \u0259zmind\u0259yikmi? M\u00f6vcud d\u00f6vl\u0259timizin b\u00fct\u00fcn \u00f6z\u0259llikl\u0259ri g\u00f6z \u00f6n\u00fcnd\u0259dir, t\u0259svirin\u0259 ehtiyac yoxdur. G\u0259lin etiraf ed\u0259k ki, bel\u0259 d\u00f6vl\u0259tl\u0259 f\u0259xr etm\u0259k m\u00fcmk\u00fcn deyil. \u018flb\u0259tt\u0259, \u0259g\u0259r s\u0259n hakim ail\u0259y\u0259 v\u0259 hakim siyasi sinf\u0259 m\u0259nsub deyils\u0259ns\u0259, cibin v\u0259 hesab\u0131n xalq mal\u0131 hesab\u0131na sel kimi dolmursa v\u0259 ger\u00e7\u0259kliy\u0259 ay\u0131q g\u00f6zl\u0259 bax\u0131rsansa, iftixar \u00fc\u00e7\u00fcn \u0259sas yoxdur.<br>Az\u0259rbaycan\u0131 qanunun aliliyi yolunda islah etm\u0259k t\u0259l\u0259bi c\u0259miyy\u0259tin azsayda d\u00fc\u015f\u00fcn\u0259n beyinl\u0259rini daim d\u00fc\u015f\u00fcnd\u00fcr\u00fcr. \u018fg\u0259r Az\u0259rbaycan demokratik v\u0259 azad d\u00f6vl\u0259t\u0259 \u00e7evril\u0259c\u0259ks\u0259, onda bu d\u00f6vl\u0259td\u0259 qanunun h\u00f6km\u00fc il\u0259 etnik nifr\u0259t v\u0259 \u0259dav\u0259t yasaq edilm\u0259li, yasa\u011f\u0131 pozan k\u0259sl\u0259r c\u0259zaland\u0131r\u0131lmal\u0131d\u0131r. Bel\u0259 olarsa, bizim bir \u00e7ox K\u0130V indi c\u00f6vlan etdikl\u0259ri etnik \u0259dav\u0259t meydan\u00e7as\u0131n\u0131 t\u0259rk etm\u0259li, \u00f6z\u00fcn\u00fc jurnalist sayan b\u0259nd\u0259l\u0259r m\u0259d\u0259ni v\u0259 insani r\u0259ftar qaydalar\u0131na riay\u0259t etm\u0259yi \u00f6yr\u0259nm\u0259lidirl\u0259r.<br>M\u0259nc\u0259, h\u0259tta erm\u0259ni K\u0130V-l\u0259ri d\u0259 bu sad\u0259 qaydaya tabe olmaq z\u0259rur\u0259tini d\u0259rk etm\u0259li olacaqlar.<\/p>\n","protected":false},"excerpt":{"rendered":"<p>Rusiya bizi niy\u0259 \u015firnikl\u0259ndirir? Rusiya indi c\u0259h\u0259nn\u0259m yol\u00e7usudur. Ukraynaya t\u0259cav\u00fcz\u00fc &#8230; <\/p>\n<p class=\"read-more-container\"><a title=\"C\u0259h\u0259nn\u0259m\u0259 ged\u0259n yolda\u015f axtarar\" class=\"read-more button\" href=\"https:\/\/www.meydan.tv\/az\/article\/cehenneme-geden-yoldas-axtarar\/#more-238302\" aria-label=\"Read more about C\u0259h\u0259nn\u0259m\u0259 ged\u0259n yolda\u015f axtarar\">Davam\u0131<\/a><\/p>\n","protected":false},"author":14,"featured_media":126823,"comment_status":"closed","ping_status":"closed","sticky":false,"template":"","format":"standard","meta":{"_acf_changed":false,"_sitemap_exclude":false,"_sitemap_priority":"","_sitemap_frequency":"","footnotes":""},"categories":[57],"tags":[],"class_list":["post-238302","post","type-post","status-publish","format-standard","has-post-thumbnail","hentry","category-menim-fikrimce","infinite-scroll-item","generate-columns","tablet-grid-50","mobile-grid-100","grid-parent","grid-33","no-featured-image-padding"],"acf":[],"yoast_head":"<!-- This site is optimized with the Yoast SEO plugin v27.4 - https:\/\/yoast.com\/product\/yoast-seo-wordpress\/ -->\n<title>C\u0259h\u0259nn\u0259m\u0259 ged\u0259n yolda\u015f axtarar - MEYDAN.TV<\/title>\n<meta name=\"robots\" content=\"index, follow, max-snippet:-1, max-image-preview:large, max-video-preview:-1\" \/>\n<link rel=\"canonical\" href=\"https:\/\/www.meydan.tv\/az\/article\/cehenneme-geden-yoldas-axtarar\/\" \/>\n<meta property=\"og:locale\" content=\"az_AZ\" \/>\n<meta property=\"og:type\" content=\"article\" \/>\n<meta property=\"og:title\" content=\"C\u0259h\u0259nn\u0259m\u0259 ged\u0259n yolda\u015f axtarar - MEYDAN.TV\" \/>\n<meta property=\"og:description\" content=\"Rusiya bizi niy\u0259 \u015firnikl\u0259ndirir? Rusiya indi c\u0259h\u0259nn\u0259m yol\u00e7usudur. Ukraynaya t\u0259cav\u00fcz\u00fc ... Davam\u0131\" \/>\n<meta property=\"og:url\" content=\"https:\/\/www.meydan.tv\/az\/article\/cehenneme-geden-yoldas-axtarar\/\" \/>\n<meta property=\"og:site_name\" content=\"MEYDAN.TV\" \/>\n<meta property=\"article:published_time\" content=\"2022-03-14T16:49:13+00:00\" \/>\n<meta property=\"article:modified_time\" content=\"2022-03-14T16:49:15+00:00\" \/>\n<meta property=\"og:image\" content=\"https:\/\/www.meydan.tv\/wp-content\/uploads\/image_from_ios_2_p52ittc.original.original-scaled-e1645163166726.jpg\" \/>\n\t<meta property=\"og:image:width\" content=\"2560\" \/>\n\t<meta property=\"og:image:height\" content=\"1292\" \/>\n\t<meta property=\"og:image:type\" content=\"image\/jpeg\" \/>\n<meta name=\"author\" content=\"roma\" \/>\n<meta name=\"twitter:card\" content=\"summary_large_image\" \/>\n<script type=\"application\/ld+json\" class=\"yoast-schema-graph\">{\"@context\":\"https:\\\/\\\/schema.org\",\"@graph\":[{\"@type\":\"Article\",\"@id\":\"https:\\\/\\\/www.meydan.tv\\\/az\\\/article\\\/cehenneme-geden-yoldas-axtarar\\\/#article\",\"isPartOf\":{\"@id\":\"https:\\\/\\\/www.meydan.tv\\\/az\\\/article\\\/cehenneme-geden-yoldas-axtarar\\\/\"},\"author\":{\"name\":\"roma\",\"@id\":\"https:\\\/\\\/www.meydan.tv\\\/az\\\/#\\\/schema\\\/person\\\/8f23e01c4de63326c13c319fb65ee65d\"},\"headline\":\"C\u0259h\u0259nn\u0259m\u0259 ged\u0259n yolda\u015f axtarar\",\"datePublished\":\"2022-03-14T16:49:13+00:00\",\"dateModified\":\"2022-03-14T16:49:15+00:00\",\"mainEntityOfPage\":{\"@id\":\"https:\\\/\\\/www.meydan.tv\\\/az\\\/article\\\/cehenneme-geden-yoldas-axtarar\\\/\"},\"wordCount\":1517,\"publisher\":{\"@id\":\"https:\\\/\\\/www.meydan.tv\\\/az\\\/#organization\"},\"image\":{\"@id\":\"https:\\\/\\\/www.meydan.tv\\\/az\\\/article\\\/cehenneme-geden-yoldas-axtarar\\\/#primaryimage\"},\"thumbnailUrl\":\"https:\\\/\\\/www.meydan.tv\\\/wp-content\\\/uploads\\\/image_from_ios_2_p52ittc.original.original-scaled-e1682070233838.jpg\",\"articleSection\":[\"M\u0259nim Fikrimc\u0259\"],\"inLanguage\":\"az\"},{\"@type\":\"WebPage\",\"@id\":\"https:\\\/\\\/www.meydan.tv\\\/az\\\/article\\\/cehenneme-geden-yoldas-axtarar\\\/\",\"url\":\"https:\\\/\\\/www.meydan.tv\\\/az\\\/article\\\/cehenneme-geden-yoldas-axtarar\\\/\",\"name\":\"C\u0259h\u0259nn\u0259m\u0259 ged\u0259n yolda\u015f axtarar - MEYDAN.TV\",\"isPartOf\":{\"@id\":\"https:\\\/\\\/www.meydan.tv\\\/az\\\/#website\"},\"primaryImageOfPage\":{\"@id\":\"https:\\\/\\\/www.meydan.tv\\\/az\\\/article\\\/cehenneme-geden-yoldas-axtarar\\\/#primaryimage\"},\"image\":{\"@id\":\"https:\\\/\\\/www.meydan.tv\\\/az\\\/article\\\/cehenneme-geden-yoldas-axtarar\\\/#primaryimage\"},\"thumbnailUrl\":\"https:\\\/\\\/www.meydan.tv\\\/wp-content\\\/uploads\\\/image_from_ios_2_p52ittc.original.original-scaled-e1682070233838.jpg\",\"datePublished\":\"2022-03-14T16:49:13+00:00\",\"dateModified\":\"2022-03-14T16:49:15+00:00\",\"breadcrumb\":{\"@id\":\"https:\\\/\\\/www.meydan.tv\\\/az\\\/article\\\/cehenneme-geden-yoldas-axtarar\\\/#breadcrumb\"},\"inLanguage\":\"az\",\"potentialAction\":[{\"@type\":\"ReadAction\",\"target\":[\"https:\\\/\\\/www.meydan.tv\\\/az\\\/article\\\/cehenneme-geden-yoldas-axtarar\\\/\"]}]},{\"@type\":\"ImageObject\",\"inLanguage\":\"az\",\"@id\":\"https:\\\/\\\/www.meydan.tv\\\/az\\\/article\\\/cehenneme-geden-yoldas-axtarar\\\/#primaryimage\",\"url\":\"https:\\\/\\\/www.meydan.tv\\\/wp-content\\\/uploads\\\/image_from_ios_2_p52ittc.original.original-scaled-e1682070233838.jpg\",\"contentUrl\":\"https:\\\/\\\/www.meydan.tv\\\/wp-content\\\/uploads\\\/image_from_ios_2_p52ittc.original.original-scaled-e1682070233838.jpg\",\"width\":2560,\"height\":1158,\"caption\":\"Foto: Meydan TV\"},{\"@type\":\"BreadcrumbList\",\"@id\":\"https:\\\/\\\/www.meydan.tv\\\/az\\\/article\\\/cehenneme-geden-yoldas-axtarar\\\/#breadcrumb\",\"itemListElement\":[{\"@type\":\"ListItem\",\"position\":1,\"name\":\"Ana s\u0259hif\u0259\",\"item\":\"https:\\\/\\\/www.meydan.tv\\\/az\\\/\"},{\"@type\":\"ListItem\",\"position\":2,\"name\":\"M\u0259nim Fikrimc\u0259\",\"item\":\"https:\\\/\\\/www.meydan.tv\\\/az\\\/section\\\/menim-fikrimce\\\/\"},{\"@type\":\"ListItem\",\"position\":3,\"name\":\"C\u0259h\u0259nn\u0259m\u0259 ged\u0259n yolda\u015f axtarar\"}]},{\"@type\":\"WebSite\",\"@id\":\"https:\\\/\\\/www.meydan.tv\\\/az\\\/#website\",\"url\":\"https:\\\/\\\/www.meydan.tv\\\/az\\\/\",\"name\":\"MEYDAN.TV\",\"description\":\"Meydan TV Az\u0259rbaycan\u0131n media m\u0259kan\u0131ndak\u0131 alternativ s\u0259sidir\",\"publisher\":{\"@id\":\"https:\\\/\\\/www.meydan.tv\\\/az\\\/#organization\"},\"potentialAction\":[{\"@type\":\"SearchAction\",\"target\":{\"@type\":\"EntryPoint\",\"urlTemplate\":\"https:\\\/\\\/www.meydan.tv\\\/az\\\/?s={search_term_string}\"},\"query-input\":{\"@type\":\"PropertyValueSpecification\",\"valueRequired\":true,\"valueName\":\"search_term_string\"}}],\"inLanguage\":\"az\"},{\"@type\":\"Organization\",\"@id\":\"https:\\\/\\\/www.meydan.tv\\\/az\\\/#organization\",\"name\":\"Meydan TV\",\"url\":\"https:\\\/\\\/www.meydan.tv\\\/az\\\/\",\"logo\":{\"@type\":\"ImageObject\",\"inLanguage\":\"az\",\"@id\":\"https:\\\/\\\/www.meydan.tv\\\/az\\\/#\\\/schema\\\/logo\\\/image\\\/\",\"url\":\"https:\\\/\\\/www.meydan.tv\\\/wp-content\\\/uploads\\\/2021\\\/07\\\/meydan-logo.svg\",\"contentUrl\":\"https:\\\/\\\/www.meydan.tv\\\/wp-content\\\/uploads\\\/2021\\\/07\\\/meydan-logo.svg\",\"width\":195,\"height\":46,\"caption\":\"Meydan TV\"},\"image\":{\"@id\":\"https:\\\/\\\/www.meydan.tv\\\/az\\\/#\\\/schema\\\/logo\\\/image\\\/\"}},{\"@type\":\"Person\",\"@id\":\"https:\\\/\\\/www.meydan.tv\\\/az\\\/#\\\/schema\\\/person\\\/8f23e01c4de63326c13c319fb65ee65d\",\"name\":\"roma\"}]}<\/script>\n<!-- \/ Yoast SEO plugin. -->","yoast_head_json":{"title":"C\u0259h\u0259nn\u0259m\u0259 ged\u0259n yolda\u015f axtarar - MEYDAN.TV","robots":{"index":"index","follow":"follow","max-snippet":"max-snippet:-1","max-image-preview":"max-image-preview:large","max-video-preview":"max-video-preview:-1"},"canonical":"https:\/\/www.meydan.tv\/az\/article\/cehenneme-geden-yoldas-axtarar\/","og_locale":"az_AZ","og_type":"article","og_title":"C\u0259h\u0259nn\u0259m\u0259 ged\u0259n yolda\u015f axtarar - MEYDAN.TV","og_description":"Rusiya bizi niy\u0259 \u015firnikl\u0259ndirir? Rusiya indi c\u0259h\u0259nn\u0259m yol\u00e7usudur. Ukraynaya t\u0259cav\u00fcz\u00fc ... Davam\u0131","og_url":"https:\/\/www.meydan.tv\/az\/article\/cehenneme-geden-yoldas-axtarar\/","og_site_name":"MEYDAN.TV","article_published_time":"2022-03-14T16:49:13+00:00","article_modified_time":"2022-03-14T16:49:15+00:00","og_image":[{"width":2560,"height":1292,"url":"https:\/\/www.meydan.tv\/wp-content\/uploads\/image_from_ios_2_p52ittc.original.original-scaled-e1645163166726.jpg","type":"image\/jpeg"}],"author":"roma","twitter_card":"summary_large_image","schema":{"@context":"https:\/\/schema.org","@graph":[{"@type":"Article","@id":"https:\/\/www.meydan.tv\/az\/article\/cehenneme-geden-yoldas-axtarar\/#article","isPartOf":{"@id":"https:\/\/www.meydan.tv\/az\/article\/cehenneme-geden-yoldas-axtarar\/"},"author":{"name":"roma","@id":"https:\/\/www.meydan.tv\/az\/#\/schema\/person\/8f23e01c4de63326c13c319fb65ee65d"},"headline":"C\u0259h\u0259nn\u0259m\u0259 ged\u0259n yolda\u015f axtarar","datePublished":"2022-03-14T16:49:13+00:00","dateModified":"2022-03-14T16:49:15+00:00","mainEntityOfPage":{"@id":"https:\/\/www.meydan.tv\/az\/article\/cehenneme-geden-yoldas-axtarar\/"},"wordCount":1517,"publisher":{"@id":"https:\/\/www.meydan.tv\/az\/#organization"},"image":{"@id":"https:\/\/www.meydan.tv\/az\/article\/cehenneme-geden-yoldas-axtarar\/#primaryimage"},"thumbnailUrl":"https:\/\/www.meydan.tv\/wp-content\/uploads\/image_from_ios_2_p52ittc.original.original-scaled-e1682070233838.jpg","articleSection":["M\u0259nim Fikrimc\u0259"],"inLanguage":"az"},{"@type":"WebPage","@id":"https:\/\/www.meydan.tv\/az\/article\/cehenneme-geden-yoldas-axtarar\/","url":"https:\/\/www.meydan.tv\/az\/article\/cehenneme-geden-yoldas-axtarar\/","name":"C\u0259h\u0259nn\u0259m\u0259 ged\u0259n yolda\u015f axtarar - MEYDAN.TV","isPartOf":{"@id":"https:\/\/www.meydan.tv\/az\/#website"},"primaryImageOfPage":{"@id":"https:\/\/www.meydan.tv\/az\/article\/cehenneme-geden-yoldas-axtarar\/#primaryimage"},"image":{"@id":"https:\/\/www.meydan.tv\/az\/article\/cehenneme-geden-yoldas-axtarar\/#primaryimage"},"thumbnailUrl":"https:\/\/www.meydan.tv\/wp-content\/uploads\/image_from_ios_2_p52ittc.original.original-scaled-e1682070233838.jpg","datePublished":"2022-03-14T16:49:13+00:00","dateModified":"2022-03-14T16:49:15+00:00","breadcrumb":{"@id":"https:\/\/www.meydan.tv\/az\/article\/cehenneme-geden-yoldas-axtarar\/#breadcrumb"},"inLanguage":"az","potentialAction":[{"@type":"ReadAction","target":["https:\/\/www.meydan.tv\/az\/article\/cehenneme-geden-yoldas-axtarar\/"]}]},{"@type":"ImageObject","inLanguage":"az","@id":"https:\/\/www.meydan.tv\/az\/article\/cehenneme-geden-yoldas-axtarar\/#primaryimage","url":"https:\/\/www.meydan.tv\/wp-content\/uploads\/image_from_ios_2_p52ittc.original.original-scaled-e1682070233838.jpg","contentUrl":"https:\/\/www.meydan.tv\/wp-content\/uploads\/image_from_ios_2_p52ittc.original.original-scaled-e1682070233838.jpg","width":2560,"height":1158,"caption":"Foto: Meydan TV"},{"@type":"BreadcrumbList","@id":"https:\/\/www.meydan.tv\/az\/article\/cehenneme-geden-yoldas-axtarar\/#breadcrumb","itemListElement":[{"@type":"ListItem","position":1,"name":"Ana s\u0259hif\u0259","item":"https:\/\/www.meydan.tv\/az\/"},{"@type":"ListItem","position":2,"name":"M\u0259nim Fikrimc\u0259","item":"https:\/\/www.meydan.tv\/az\/section\/menim-fikrimce\/"},{"@type":"ListItem","position":3,"name":"C\u0259h\u0259nn\u0259m\u0259 ged\u0259n yolda\u015f axtarar"}]},{"@type":"WebSite","@id":"https:\/\/www.meydan.tv\/az\/#website","url":"https:\/\/www.meydan.tv\/az\/","name":"MEYDAN.TV","description":"Meydan TV Az\u0259rbaycan\u0131n media m\u0259kan\u0131ndak\u0131 alternativ s\u0259sidir","publisher":{"@id":"https:\/\/www.meydan.tv\/az\/#organization"},"potentialAction":[{"@type":"SearchAction","target":{"@type":"EntryPoint","urlTemplate":"https:\/\/www.meydan.tv\/az\/?s={search_term_string}"},"query-input":{"@type":"PropertyValueSpecification","valueRequired":true,"valueName":"search_term_string"}}],"inLanguage":"az"},{"@type":"Organization","@id":"https:\/\/www.meydan.tv\/az\/#organization","name":"Meydan TV","url":"https:\/\/www.meydan.tv\/az\/","logo":{"@type":"ImageObject","inLanguage":"az","@id":"https:\/\/www.meydan.tv\/az\/#\/schema\/logo\/image\/","url":"https:\/\/www.meydan.tv\/wp-content\/uploads\/2021\/07\/meydan-logo.svg","contentUrl":"https:\/\/www.meydan.tv\/wp-content\/uploads\/2021\/07\/meydan-logo.svg","width":195,"height":46,"caption":"Meydan TV"},"image":{"@id":"https:\/\/www.meydan.tv\/az\/#\/schema\/logo\/image\/"}},{"@type":"Person","@id":"https:\/\/www.meydan.tv\/az\/#\/schema\/person\/8f23e01c4de63326c13c319fb65ee65d","name":"roma"}]}},"_links":{"self":[{"href":"https:\/\/www.meydan.tv\/az\/wp-json\/wp\/v2\/posts\/238302","targetHints":{"allow":["GET"]}}],"collection":[{"href":"https:\/\/www.meydan.tv\/az\/wp-json\/wp\/v2\/posts"}],"about":[{"href":"https:\/\/www.meydan.tv\/az\/wp-json\/wp\/v2\/types\/post"}],"author":[{"embeddable":true,"href":"https:\/\/www.meydan.tv\/az\/wp-json\/wp\/v2\/users\/14"}],"replies":[{"embeddable":true,"href":"https:\/\/www.meydan.tv\/az\/wp-json\/wp\/v2\/comments?post=238302"}],"version-history":[{"count":2,"href":"https:\/\/www.meydan.tv\/az\/wp-json\/wp\/v2\/posts\/238302\/revisions"}],"predecessor-version":[{"id":239809,"href":"https:\/\/www.meydan.tv\/az\/wp-json\/wp\/v2\/posts\/238302\/revisions\/239809"}],"wp:featuredmedia":[{"embeddable":true,"href":"https:\/\/www.meydan.tv\/az\/wp-json\/wp\/v2\/media\/126823"}],"wp:attachment":[{"href":"https:\/\/www.meydan.tv\/az\/wp-json\/wp\/v2\/media?parent=238302"}],"wp:term":[{"taxonomy":"category","embeddable":true,"href":"https:\/\/www.meydan.tv\/az\/wp-json\/wp\/v2\/categories?post=238302"},{"taxonomy":"post_tag","embeddable":true,"href":"https:\/\/www.meydan.tv\/az\/wp-json\/wp\/v2\/tags?post=238302"}],"curies":[{"name":"wp","href":"https:\/\/api.w.org\/{rel}","templated":true}]}}