{"id":238290,"date":"2022-03-14T17:06:05","date_gmt":"2022-03-14T13:06:05","guid":{"rendered":"https:\/\/www.meydan.tv\/?p=238290"},"modified":"2022-03-14T18:11:12","modified_gmt":"2022-03-14T14:11:12","slug":"evez-hafizlinin-qetli-nifret-cinayetidir","status":"publish","type":"post","link":"https:\/\/www.meydan.tv\/az\/article\/evez-hafizlinin-qetli-nifret-cinayetidir\/","title":{"rendered":"\u018fv\u0259z Hafizlinin q\u0259tli: &#8220;Nifr\u0259t cinay\u0259tidir&#8221;"},"content":{"rendered":"\n<p>Aktivist: \u201cSevinc H\u00fcseynova canl\u0131 yay\u0131m a\u00e7\u0131b \u018fv\u0259zi h\u0259d\u0259f g\u00f6st\u0259rirdi\u201d<\/p>\n\n\n\n<p>\u201c\u00d6ld\u00fcr\u00fclm\u0259d\u0259n bir m\u00fcdd\u0259t \u00f6nc\u0259 intihara c\u0259hd etmi\u015fdi. Deyirdi ki, valideynl\u0259ri onun \u00fc\u00e7\u00fcn \u201cka\u015f intihara c\u0259hd ed\u0259nd\u0259 \u00f6l\u0259rdi\u201d, &#8211; dey\u0259 arzulay\u0131rm\u0131\u015f. Qohumlar\u0131 onun oriyentasiyas\u0131na g\u00f6r\u0259 utan\u0131rm\u0131\u015f. Ona tez-tez \u201cs\u0259n\u0259 g\u00f6r\u0259 rayonda ba\u015f\u0131a\u015fa\u011f\u0131 g\u0259zirik, insanlar\u0131n \u00fcz\u00fcn\u0259 baxa bilmirik\u201d, &#8211; dey\u0259 \u015fikay\u0259tl\u0259nirmi\u015fl\u0259r\u201d.<\/p>\n\n\n\n<p>Gender aktivisti G\u00fclnara Mehdiyeva v\u0259t\u0259nda\u015f jurnalistikas\u0131 il\u0259 m\u0259\u015f\u011ful olan 24 ya\u015fl\u0131 \u018fv\u0259z Hafizlinin \u00f6l\u00fcm\u00fcnd\u0259n dan\u0131\u015f\u0131r.<\/p>\n\n\n\n<p>\u018fv\u0259z Hafizli fevral\u0131n sonu evind\u0259 q\u0259tl\u0259 yetirilib.<\/p>\n\n\n\n<p>Onun \u0259misi o\u011flu t\u0259r\u0259find\u0259n b\u0131\u00e7aqla \u00f6ld\u00fcr\u00fcld\u00fcy\u00fc bildirilir.<\/p>\n\n\n\n<p>Ba\u015f Prokurorluq v\u0259 Daxili \u0130\u015fl\u0259r Nazirliyinin ilkin yayd\u0131\u011f\u0131 m\u0259lumatlarda bel\u0259 deyilir.<\/p>\n\n\n\n<p>Hadis\u0259 Sabun\u00e7u rayonunun Balaxan\u0131 q\u0259s\u0259b\u0259sind\u0259 ba\u015f verib.<\/p>\n\n\n\n<p>D\u00f6vl\u0259t qurumlar\u0131 cinay\u0259ti t\u00f6r\u0259d\u0259n \u015f\u0259xsin s\u0259rxo\u015f v\u0259ziyy\u0259td\u0259 oldu\u011funu, ifad\u0259sind\u0259 \u018fv\u0259z Hafizlini \u015f\u0259xsi m\u00fcbahis\u0259 z\u0259minind\u0259 \u00f6ld\u00fcrd\u00fcy\u00fcn\u00fc bildirib.<\/p>\n\n\n\n<p>Faktla ba\u011fl\u0131 cinay\u0259t i\u015fi a\u00e7\u0131l\u0131b. \u018fv\u0259z Hafizli Kanal 13-\u00fcn \u0259m\u0259kda\u015f\u0131 olub.<\/p>\n\n\n\n<p>V\u0259t\u0259nda\u015f c\u0259miyy\u0259ti n\u00fcmay\u0259nd\u0259l\u0259ri r\u0259smi a\u00e7\u0131qlaman\u0131n m\u0259tl\u0259bd\u0259n uzaqla\u015fd\u0131rmaya xidm\u0259t etdiyini d\u00fc\u015f\u00fcn\u00fcrl\u0259r.<\/p>\n\n\n\n<p>Hesab edirl\u0259r ki, bu, nifr\u0259t cinay\u0259tidir v\u0259 \u015f\u0259xsi z\u0259mind\u0259 ba\u015f verdiyini dem\u0259kl\u0259 \u00f6rt-basd\u0131r edilm\u0259y\u0259 \u00e7al\u0131\u015f\u0131l\u0131r.<\/p>\n\n\n\n<p>G\u00fclnara Mehdiyeva: \u201cQohumlar\u0131ndan biri demi\u015fdi: 2 metr ip tapmad\u0131 ki, \u00f6z\u00fcn\u00fc ass\u0131n, can\u0131m\u0131z qurtars\u0131n\u201d<\/p>\n\n\n\n<p>G\u00fclnara Mehdiyeva da d\u00fc\u015f\u00fcn\u00fcr ki, ba\u015f ver\u0259n nifr\u0259t cinay\u0259tidir. Bu, \u018fv\u0259z Hafizlinin ail\u0259sinin ona yazd\u0131\u011f\u0131 mesajlardan da b\u0259llidir: \u201c\u018fv\u0259z h\u0259min mesajla\u015fmalar\u0131 dostlar\u0131 il\u0259 payla\u015fm\u0131\u015fd\u0131. Eyni zamanda, dan\u0131\u015fanda da deyirdi ki, qohumlar onun oriyentasiyas\u0131na g\u00f6r\u0259 utan\u0131rlar. Adic\u0259 bir \u015feyi dan\u0131\u015f\u0131m. Bac\u0131s\u0131n\u0131n do\u011fum g\u00fcn\u00fcnd\u0259 \u018fv\u0259z ona h\u0259diyy\u0259 yollam\u0131\u015fd\u0131. Bac\u0131s\u0131 h\u0259min h\u0259diyy\u0259ni geri g\u00f6nd\u0259rmi\u015fdi. \u018fv\u0259zin ail\u0259si ona \u00e7ox m\u0259nfi yana\u015f\u0131rd\u0131 v\u0259 bu da \u018fv\u0259z\u0259 olduqca pis t\u0259sir edirdi\u201d.<\/p>\n\n\n\n<figure class=\"wp-block-image size-large\"><img decoding=\"async\" width=\"1153\" height=\"821\" data-src=\"https:\/\/www.meydan.tv\/wp-content\/uploads\/gulnara-1153x821.jpg\" alt=\"\" class=\"wp-image-142295 lazyload\" src=\"data:image\/svg+xml;base64,PHN2ZyB3aWR0aD0iMSIgaGVpZ2h0PSIxIiB4bWxucz0iaHR0cDovL3d3dy53My5vcmcvMjAwMC9zdmciPjwvc3ZnPg==\" style=\"--smush-placeholder-width: 1153px; --smush-placeholder-aspect-ratio: 1153\/821;\" \/><figcaption>Gender aktivisti G\u00fclnara Mehdiyeva<\/figcaption><\/figure>\n\n\n\n<p>Gender aktivisti bildirir ki, \u00f6ld\u00fcr\u00fcld\u00fckd\u0259n sonra dostlar\u0131 c\u0259s\u0259din yuyulmas\u0131 zaman\u0131 i\u00e7\u0259ri daxil olublar. Onlar \u018fv\u0259zin cinsiyy\u0259t \u00fczv\u00fcn\u00fcn k\u0259sildiyini g\u00f6r\u00fcbl\u0259r.<\/p>\n\n\n\n<p>G\u00fclnara Mehdiyeva deyir ki, bu, olduqca simvolik m\u0259na da\u015f\u0131y\u0131r v\u0259 cinay\u0259tin hans\u0131sa \u015f\u0259xsi m\u00fcbahis\u0259 z\u0259minind\u0259 deyil, m\u0259hz \u018fv\u0259zin cinsi h\u0259yat\u0131, kimliyi il\u0259 ba\u011fl\u0131 oldu\u011funu g\u00f6st\u0259rir v\u0259 \u00fcst\u0259lik d\u0259 qohumu t\u0259r\u0259find\u0259n t\u00f6r\u0259dilib.<\/p>\n\n\n\n<p>V\u0259kil Zibeyd\u0259 Sad\u0131qova Meydan TV-y\u0259 deyib ki, c\u0259miyy\u0259td\u0259 homoseksuallara m\u00fcnasib\u0259t birm\u0259nal\u0131 deyil.<\/p>\n\n\n\n<p>Onun dediyin\u0259 g\u00f6r\u0259, x\u00fcsusil\u0259 d\u0259 Sevinc H\u00fcseynovan\u0131n nifr\u0259t nitqind\u0259n sonra \u018fv\u0259z Hafizliy\u0259 qar\u015f\u0131 qohumlar\u0131n\u0131n, ail\u0259sinin m\u00fcnasib\u0259ti s\u0259rtl\u0259\u015fib: \u201cH\u0259tta \u018fv\u0259z bu m\u00fcnasib\u0259t\u0259 g\u00f6r\u0259 intihara da c\u0259hd edib. Qarda\u015f\u0131 ona yazm\u0131\u015fd\u0131 ki, ka\u015f intihar ed\u0259nd\u0259 xilas olmayayd\u0131n. Yaxud qohumlar\u0131ndan biri demi\u015fdi: \u201c2 metr ip tapmad\u0131 ki, \u00f6z\u00fcn\u00fc ass\u0131n, can\u0131m\u0131z qurtars\u0131n\u201d. Guya b\u00fct\u00fcn n\u0259sl\u0259 utanc imi\u015f\u201c.<\/p>\n\n\n\n<p>V\u0259kil bildirir ki, \u018fv\u0259z Hafizli bu prosesl\u0259r zaman\u0131 n\u0259 q\u0259d\u0259r \u00fcz\u00fcld\u00fcy\u00fcn\u00fc d\u0259f\u0259l\u0259rl\u0259 dil\u0259 g\u0259tirib: \u201cBunlar\u0131n ham\u0131s\u0131 m\u0259nd\u0259 s\u00fcbutlarla var. Qarda\u015f\u0131n\u0131n mesaj\u0131, \u018fv\u0259zin ke\u00e7irdiyi hissl\u0259r. Tez-tez m\u0259n\u0259 probleml\u0259rind\u0259n yaz\u0131rd\u0131. M\u0259nc\u0259, bu hadis\u0259 d\u00f6vl\u0259t v\u0259 h\u00fcquq m\u00fchafiz\u0259 orqanlar\u0131 \u00fc\u00e7\u00fcn bir h\u0259y\u0259can t\u0259bili olmal\u0131d\u0131r. Sevinc H\u00fcseynova kimi insanlar c\u0259zaland\u0131rmal\u0131d\u0131r ki, nifr\u0259t nitqi yayanlar, insanlar\u0131 cinay\u0259t\u0259 \u00e7\u0259k\u0259nl\u0259r azals\u0131n\u201d.<\/p>\n\n\n\n<p>Sevinc H\u00fcseynova minl\u0259rl\u0259 izl\u0259yicisi olan blogerdir.<\/p>\n\n\n\n<p>O, LGBTQI v\u0259t\u0259nda\u015flara qar\u015f\u0131 tez-tez canl\u0131 yay\u0131mlar a\u00e7\u0131r v\u0259 onlar\u0131 a\u015fa\u011f\u0131layan fikirl\u0259r s\u0259sl\u0259ndirir.<\/p>\n\n\n\n<p>C\u0259miyy\u0259ti, insanlar\u0131 LGBTQI \u015f\u0259xsl\u0259r\u0259 qar\u015f\u0131 t\u0259\u015fkilatlanma\u011fa, onlara qar\u015f\u0131 \u015fidd\u0259t\u0259 s\u0259sl\u0259yir. H\u0259min \u015f\u0259xs bar\u0259sind\u0259 d\u0259f\u0259l\u0259rl\u0259 aidiyyat\u0131 qurumlara m\u00fcraci\u0259tl\u0259r d\u0259 edilib.<\/p>\n\n\n\n<p>Zibeyd\u0259 Sad\u0131qova: \u201cNifr\u0259t nitqi insanlar\u0131n \u00f6l\u00fcm f\u0259rman\u0131 kimi bir \u015feydir\u201d<\/p>\n\n\n\n<p>Zibeyd\u0259 Sad\u0131qovan\u0131n s\u00f6zl\u0259rin\u0259 g\u00f6r\u0259, Sevinc H\u00fcseynovan\u0131n minl\u0259rl\u0259 izl\u0259yicisi var. \u0130ki n\u0259f\u0259r qar\u015f\u0131 \u00e7\u0131xanda 10 n\u0259f\u0259r d\u0259 inan\u0131b, LGBTQI v\u0259t\u0259da\u015flara qar\u015f\u0131 c\u0259bh\u0259 ala bilir: \u201c\u00dcst\u0259lik, n\u0259z\u0259r\u0259 al\u0131nmal\u0131d\u0131r ki, Az\u0259rbaycan c\u0259miyy\u0259ti konservativdir. Homoseksuall\u0131\u011f\u0131 q\u0259bul etmir v\u0259 birm\u0259nal\u0131 yana\u015fm\u0131r. Nifr\u0259t nitqi insanlar\u0131n \u00f6l\u00fcm f\u0259rman\u0131n\u0131 verm\u0259k kimi bir \u015feydir\u201d.<\/p>\n\n\n\n<figure class=\"wp-block-image size-large\"><img decoding=\"async\" width=\"1200\" height=\"768\" data-src=\"https:\/\/www.meydan.tv\/wp-content\/uploads\/screenshot-at-mar-14-14-03-59-1200x768.png\" alt=\"\" class=\"wp-image-238294 lazyload\" src=\"data:image\/svg+xml;base64,PHN2ZyB3aWR0aD0iMSIgaGVpZ2h0PSIxIiB4bWxucz0iaHR0cDovL3d3dy53My5vcmcvMjAwMC9zdmciPjwvc3ZnPg==\" style=\"--smush-placeholder-width: 1200px; --smush-placeholder-aspect-ratio: 1200\/768;\" \/><figcaption>V\u0259kil Zibeyd\u0259 Sad\u0131qova &#8211; M\u0259nb\u0259: \u018fkin\u00e7i<\/figcaption><\/figure>\n\n\n\n<p>V\u0259kil \u0259lav\u0259 edir ki, Az\u0259rbaycan kimi c\u0259zas\u0131zl\u0131q sistemi m\u00f6vcud olan \u00f6lk\u0259l\u0259rd\u0259 bu i\u015fi t\u00f6r\u0259tmi\u015f insan da s\u0259hvini he\u00e7 vaxt anlamayacaq: \u201cH\u0259min cinay\u0259tkar ail\u0259d\u0259, n\u0259sild\u0259, c\u0259miyy\u0259td\u0259, h\u0259bsxanada bir q\u0259hr\u0259man kimi q\u0259bul edil\u0259c\u0259k. M\u0259hk\u0259m\u0259 h\u00f6km ver\u0259rk\u0259n \u00e7al\u0131\u015facaq ki, daha y\u00fcng\u00fcl q\u0259rar \u00e7\u0131xars\u0131n. \u00dcst\u0259lik, \u00e7ox g\u00fcman ki, ail\u0259 \u015fikay\u0259t\u00e7i olmayacaq. Bel\u0259likl\u0259, dig\u0259r insanlar homoseksuallar\u0131 rahatl\u0131qla \u00f6ld\u00fcr\u0259 bil\u0259rl\u0259r kimi fikir formala\u015facaq. A\u011f\u0131r c\u0259zan\u0131n olmamas\u0131 buna \u015f\u0259rait yaradacaq\u201d.<\/p>\n\n\n\n<p>Zibeyd\u0259 Sad\u0131qova deyir ki, m\u0259s\u0259l\u0259n, daha \u00f6nc\u0259 \u018fv\u0259z Hafizli intihara c\u0259hd etmi\u015fdi. Lakin prokurorluq bu m\u0259s\u0259l\u0259ni ara\u015fd\u0131rmad\u0131: \u201c\u018fslind\u0259 \u018fv\u0259z bununla bir mesaj verm\u0259k ist\u0259yirdi. Dem\u0259k ist\u0259yirdi ki, h\u0259yat\u0131 t\u0259hl\u00fck\u0259d\u0259dir. Amma bunu he\u00e7 kim ciddi qar\u015f\u0131lamad\u0131. Sonu da \u00f6l\u00fcml\u0259 n\u0259tic\u0259l\u0259ndi\u201d.<\/p>\n\n\n\n<figure class=\"wp-block-image size-full\"><img decoding=\"async\" width=\"1000\" height=\"555\" data-src=\"https:\/\/www.meydan.tv\/wp-content\/uploads\/untitled9_e9tyckl.png\" alt=\"\" class=\"wp-image-142809 lazyload\" src=\"data:image\/svg+xml;base64,PHN2ZyB3aWR0aD0iMSIgaGVpZ2h0PSIxIiB4bWxucz0iaHR0cDovL3d3dy53My5vcmcvMjAwMC9zdmciPjwvc3ZnPg==\" style=\"--smush-placeholder-width: 1000px; --smush-placeholder-aspect-ratio: 1000\/555;\" \/><figcaption>Source:  R\u0259biyy\u0259 M\u0259mm\u0259dovan\u0131n &#8220;Facebook&#8221; s\u0259hif\u0259sind\u0259n<\/figcaption><\/figure>\n\n\n\n<p>Aktivist R\u0259biyy\u0259 M\u0259mm\u0259dova da d\u00fc\u015f\u00fcn\u00fcr ki, \u018fv\u0259z Hafizlinin \u00f6l\u00fcm\u00fc s\u0131radan hans\u0131sa m\u00fcbahis\u0259 predimenti deyil, nifr\u0259t cinay\u0259tidir. G\u00fcnahkar is\u0259 c\u0259miyy\u0259td\u0259 LGBTQI \u015f\u0259xsl\u0259r\u0259 qar\u015f\u0131 nifr\u0259t nitqinin yay\u0131lmas\u0131 v\u0259 onlara qar\u015f\u0131 m\u00fcnasib\u0259tdir: \u201cBir ne\u00e7\u0259 ay \u00f6nc\u0259 Sevinc H\u00fcseynova adl\u0131 bloger nifr\u0259t nitqi yay\u0131rd\u0131, bununla ba\u011fl\u0131 h\u00fcquq-m\u00fchafiz\u0259 orqanlar\u0131na bir ne\u00e7\u0259 f\u0259al m\u00fcraci\u0259t etmi\u015fdi. H\u0259min bloger canl\u0131 yay\u0131m a\u00e7\u0131b dan\u0131\u015f\u0131rd\u0131 v\u0259 bu yay\u0131mlarda \u018fv\u0259zi h\u0259d\u0259f kimi g\u00f6st\u0259rirdi. \u018fv\u0259z bununla ba\u011fl\u0131 aksiyalar etdi, \u00f6z\u00fcn\u00fc prokurorlu\u011fun d\u0259mir barmaql\u0131qlar\u0131na ba\u011flad\u0131. O, \u201ch\u0259r \u015feyimi itirdim\u201d deyirdi, k\u00f6m\u0259k ist\u0259yirdi. Ancaq he\u00e7 kim onun \u015fikay\u0259tin\u0259 baxmad\u0131\u201c.<\/p>\n\n\n\n<p>R\u0259biyy\u0259 M\u0259mm\u0259dova deyir ki, d\u0259fn m\u0259rasimind\u0259n \u00f6nc\u0259 \u018fv\u0259z Hafizlinin c\u0259naz\u0259sini g\u00f6r\u0259n jurnalistl\u0259r onun cinsiyy\u0259t orqan\u0131n\u0131n k\u0259sildiyini deyibl\u0259r: \u201cProkurorluq v\u0259 D\u0130N ara\u015fd\u0131rman\u0131 ictimaiyy\u0259t\u0259 a\u00e7\u0131q aparm\u0131r ki, biz h\u0259qiq\u0259tl\u0259ri \u00f6yr\u0259n\u0259 bil\u0259k. Buna g\u00f6r\u0259 d\u0259 ancaq ehtimallar \u00fcz\u0259rind\u0259n dan\u0131\u015fa bilirik\u201d.<\/p>\n\n\n\n<p>Meydan TV \u018fv\u0259z Hafizlinin \u00f6l\u00fcm\u00fc il\u0259 ba\u011fl\u0131 ara\u015fd\u0131rman\u0131n n\u0259 yerd\u0259 olmas\u0131 il\u0259 ba\u011fl\u0131 Ba\u015f Prokurorluq v\u0259 Daxili \u0130\u015fl\u0259r Nazirliyind\u0259n (D\u0130N) m\u0259lumat ala bilm\u0259yib.<\/p>\n\n\n\n<p>\u0130lkin a\u00e7\u0131qlanan m\u0259lumatda is\u0259 cinay\u0259t i\u015fi a\u00e7\u0131ld\u0131\u011f\u0131 v\u0259 ara\u015fd\u0131rma apar\u0131ld\u0131\u011f\u0131 qeyd edilib.<\/p>\n\n\n\n<p>Material haz\u0131rland\u0131\u011f\u0131 m\u00fcdd\u0259td\u0259 \u018fv\u0259z Hafizlinin ail\u0259si il\u0259 d\u0259 dan\u0131\u015fmaq m\u00fcmk\u00fcn olmay\u0131b.<\/p>\n","protected":false},"excerpt":{"rendered":"<p>Aktivist: \u201cSevinc H\u00fcseynova canl\u0131 yay\u0131m a\u00e7\u0131b \u018fv\u0259zi h\u0259d\u0259f g\u00f6st\u0259rirdi\u201d \u201c\u00d6ld\u00fcr\u00fclm\u0259d\u0259n &#8230; <\/p>\n<p class=\"read-more-container\"><a title=\"\u018fv\u0259z Hafizlinin q\u0259tli: &#8220;Nifr\u0259t cinay\u0259tidir&#8221;\" class=\"read-more button\" href=\"https:\/\/www.meydan.tv\/az\/article\/evez-hafizlinin-qetli-nifret-cinayetidir\/#more-238290\" aria-label=\"Read more about \u018fv\u0259z Hafizlinin q\u0259tli: &#8220;Nifr\u0259t cinay\u0259tidir&#8221;\">Davam\u0131<\/a><\/p>\n","protected":false},"author":14,"featured_media":238298,"comment_status":"closed","ping_status":"closed","sticky":false,"template":"","format":"standard","meta":{"_acf_changed":false,"_sitemap_exclude":false,"_sitemap_priority":"","_sitemap_frequency":"","footnotes":""},"categories":[56],"tags":[],"class_list":["post-238290","post","type-post","status-publish","format-standard","has-post-thumbnail","hentry","category-xeberler","infinite-scroll-item","generate-columns","tablet-grid-50","mobile-grid-100","grid-parent","grid-33","no-featured-image-padding"],"acf":[],"yoast_head":"<!-- This site is optimized with the Yoast SEO plugin v27.4 - https:\/\/yoast.com\/product\/yoast-seo-wordpress\/ -->\n<title>\u018fv\u0259z Hafizlinin q\u0259tli: &quot;Nifr\u0259t cinay\u0259tidir&quot; - MEYDAN.TV<\/title>\n<meta name=\"robots\" content=\"index, follow, max-snippet:-1, max-image-preview:large, max-video-preview:-1\" \/>\n<link rel=\"canonical\" href=\"https:\/\/www.meydan.tv\/az\/article\/evez-hafizlinin-qetli-nifret-cinayetidir\/\" \/>\n<meta property=\"og:locale\" content=\"az_AZ\" \/>\n<meta property=\"og:type\" content=\"article\" \/>\n<meta property=\"og:title\" content=\"\u018fv\u0259z Hafizlinin q\u0259tli: &quot;Nifr\u0259t cinay\u0259tidir&quot; - MEYDAN.TV\" \/>\n<meta property=\"og:description\" content=\"Aktivist: \u201cSevinc H\u00fcseynova canl\u0131 yay\u0131m a\u00e7\u0131b \u018fv\u0259zi h\u0259d\u0259f g\u00f6st\u0259rirdi\u201d \u201c\u00d6ld\u00fcr\u00fclm\u0259d\u0259n ... Davam\u0131\" \/>\n<meta property=\"og:url\" content=\"https:\/\/www.meydan.tv\/az\/article\/evez-hafizlinin-qetli-nifret-cinayetidir\/\" \/>\n<meta property=\"og:site_name\" content=\"MEYDAN.TV\" \/>\n<meta property=\"article:published_time\" content=\"2022-03-14T13:06:05+00:00\" \/>\n<meta property=\"article:modified_time\" content=\"2022-03-14T14:11:12+00:00\" \/>\n<meta property=\"og:image\" content=\"https:\/\/www.meydan.tv\/wp-content\/uploads\/untitled-design-1-4.png\" \/>\n\t<meta property=\"og:image:width\" content=\"1200\" \/>\n\t<meta property=\"og:image:height\" content=\"940\" \/>\n\t<meta property=\"og:image:type\" content=\"image\/png\" \/>\n<meta name=\"author\" content=\"roma\" \/>\n<meta name=\"twitter:card\" content=\"summary_large_image\" \/>\n<script type=\"application\/ld+json\" class=\"yoast-schema-graph\">{\"@context\":\"https:\\\/\\\/schema.org\",\"@graph\":[{\"@type\":\"Article\",\"@id\":\"https:\\\/\\\/www.meydan.tv\\\/az\\\/article\\\/evez-hafizlinin-qetli-nifret-cinayetidir\\\/#article\",\"isPartOf\":{\"@id\":\"https:\\\/\\\/www.meydan.tv\\\/az\\\/article\\\/evez-hafizlinin-qetli-nifret-cinayetidir\\\/\"},\"author\":{\"name\":\"roma\",\"@id\":\"https:\\\/\\\/www.meydan.tv\\\/az\\\/#\\\/schema\\\/person\\\/8f23e01c4de63326c13c319fb65ee65d\"},\"headline\":\"\u018fv\u0259z Hafizlinin q\u0259tli: &#8220;Nifr\u0259t cinay\u0259tidir&#8221;\",\"datePublished\":\"2022-03-14T13:06:05+00:00\",\"dateModified\":\"2022-03-14T14:11:12+00:00\",\"mainEntityOfPage\":{\"@id\":\"https:\\\/\\\/www.meydan.tv\\\/az\\\/article\\\/evez-hafizlinin-qetli-nifret-cinayetidir\\\/\"},\"wordCount\":1337,\"publisher\":{\"@id\":\"https:\\\/\\\/www.meydan.tv\\\/az\\\/#organization\"},\"image\":{\"@id\":\"https:\\\/\\\/www.meydan.tv\\\/az\\\/article\\\/evez-hafizlinin-qetli-nifret-cinayetidir\\\/#primaryimage\"},\"thumbnailUrl\":\"https:\\\/\\\/www.meydan.tv\\\/wp-content\\\/uploads\\\/untitled-design-1-4.png\",\"articleSection\":[\"X\u0259b\u0259rl\u0259r\"],\"inLanguage\":\"az\"},{\"@type\":\"WebPage\",\"@id\":\"https:\\\/\\\/www.meydan.tv\\\/az\\\/article\\\/evez-hafizlinin-qetli-nifret-cinayetidir\\\/\",\"url\":\"https:\\\/\\\/www.meydan.tv\\\/az\\\/article\\\/evez-hafizlinin-qetli-nifret-cinayetidir\\\/\",\"name\":\"\u018fv\u0259z Hafizlinin q\u0259tli: \\\"Nifr\u0259t cinay\u0259tidir\\\" - MEYDAN.TV\",\"isPartOf\":{\"@id\":\"https:\\\/\\\/www.meydan.tv\\\/az\\\/#website\"},\"primaryImageOfPage\":{\"@id\":\"https:\\\/\\\/www.meydan.tv\\\/az\\\/article\\\/evez-hafizlinin-qetli-nifret-cinayetidir\\\/#primaryimage\"},\"image\":{\"@id\":\"https:\\\/\\\/www.meydan.tv\\\/az\\\/article\\\/evez-hafizlinin-qetli-nifret-cinayetidir\\\/#primaryimage\"},\"thumbnailUrl\":\"https:\\\/\\\/www.meydan.tv\\\/wp-content\\\/uploads\\\/untitled-design-1-4.png\",\"datePublished\":\"2022-03-14T13:06:05+00:00\",\"dateModified\":\"2022-03-14T14:11:12+00:00\",\"breadcrumb\":{\"@id\":\"https:\\\/\\\/www.meydan.tv\\\/az\\\/article\\\/evez-hafizlinin-qetli-nifret-cinayetidir\\\/#breadcrumb\"},\"inLanguage\":\"az\",\"potentialAction\":[{\"@type\":\"ReadAction\",\"target\":[\"https:\\\/\\\/www.meydan.tv\\\/az\\\/article\\\/evez-hafizlinin-qetli-nifret-cinayetidir\\\/\"]}]},{\"@type\":\"ImageObject\",\"inLanguage\":\"az\",\"@id\":\"https:\\\/\\\/www.meydan.tv\\\/az\\\/article\\\/evez-hafizlinin-qetli-nifret-cinayetidir\\\/#primaryimage\",\"url\":\"https:\\\/\\\/www.meydan.tv\\\/wp-content\\\/uploads\\\/untitled-design-1-4.png\",\"contentUrl\":\"https:\\\/\\\/www.meydan.tv\\\/wp-content\\\/uploads\\\/untitled-design-1-4.png\",\"width\":1200,\"height\":940},{\"@type\":\"BreadcrumbList\",\"@id\":\"https:\\\/\\\/www.meydan.tv\\\/az\\\/article\\\/evez-hafizlinin-qetli-nifret-cinayetidir\\\/#breadcrumb\",\"itemListElement\":[{\"@type\":\"ListItem\",\"position\":1,\"name\":\"Ana s\u0259hif\u0259\",\"item\":\"https:\\\/\\\/www.meydan.tv\\\/az\\\/\"},{\"@type\":\"ListItem\",\"position\":2,\"name\":\"X\u0259b\u0259rl\u0259r\",\"item\":\"https:\\\/\\\/www.meydan.tv\\\/az\\\/section\\\/xeberler\\\/\"},{\"@type\":\"ListItem\",\"position\":3,\"name\":\"\u018fv\u0259z Hafizlinin q\u0259tli: &#8220;Nifr\u0259t cinay\u0259tidir&#8221;\"}]},{\"@type\":\"WebSite\",\"@id\":\"https:\\\/\\\/www.meydan.tv\\\/az\\\/#website\",\"url\":\"https:\\\/\\\/www.meydan.tv\\\/az\\\/\",\"name\":\"MEYDAN.TV\",\"description\":\"Meydan TV Az\u0259rbaycan\u0131n media m\u0259kan\u0131ndak\u0131 alternativ s\u0259sidir\",\"publisher\":{\"@id\":\"https:\\\/\\\/www.meydan.tv\\\/az\\\/#organization\"},\"potentialAction\":[{\"@type\":\"SearchAction\",\"target\":{\"@type\":\"EntryPoint\",\"urlTemplate\":\"https:\\\/\\\/www.meydan.tv\\\/az\\\/?s={search_term_string}\"},\"query-input\":{\"@type\":\"PropertyValueSpecification\",\"valueRequired\":true,\"valueName\":\"search_term_string\"}}],\"inLanguage\":\"az\"},{\"@type\":\"Organization\",\"@id\":\"https:\\\/\\\/www.meydan.tv\\\/az\\\/#organization\",\"name\":\"Meydan TV\",\"url\":\"https:\\\/\\\/www.meydan.tv\\\/az\\\/\",\"logo\":{\"@type\":\"ImageObject\",\"inLanguage\":\"az\",\"@id\":\"https:\\\/\\\/www.meydan.tv\\\/az\\\/#\\\/schema\\\/logo\\\/image\\\/\",\"url\":\"https:\\\/\\\/www.meydan.tv\\\/wp-content\\\/uploads\\\/2021\\\/07\\\/meydan-logo.svg\",\"contentUrl\":\"https:\\\/\\\/www.meydan.tv\\\/wp-content\\\/uploads\\\/2021\\\/07\\\/meydan-logo.svg\",\"width\":195,\"height\":46,\"caption\":\"Meydan TV\"},\"image\":{\"@id\":\"https:\\\/\\\/www.meydan.tv\\\/az\\\/#\\\/schema\\\/logo\\\/image\\\/\"}},{\"@type\":\"Person\",\"@id\":\"https:\\\/\\\/www.meydan.tv\\\/az\\\/#\\\/schema\\\/person\\\/8f23e01c4de63326c13c319fb65ee65d\",\"name\":\"roma\"}]}<\/script>\n<!-- \/ Yoast SEO plugin. -->","yoast_head_json":{"title":"\u018fv\u0259z Hafizlinin q\u0259tli: \"Nifr\u0259t cinay\u0259tidir\" - MEYDAN.TV","robots":{"index":"index","follow":"follow","max-snippet":"max-snippet:-1","max-image-preview":"max-image-preview:large","max-video-preview":"max-video-preview:-1"},"canonical":"https:\/\/www.meydan.tv\/az\/article\/evez-hafizlinin-qetli-nifret-cinayetidir\/","og_locale":"az_AZ","og_type":"article","og_title":"\u018fv\u0259z Hafizlinin q\u0259tli: \"Nifr\u0259t cinay\u0259tidir\" - MEYDAN.TV","og_description":"Aktivist: \u201cSevinc H\u00fcseynova canl\u0131 yay\u0131m a\u00e7\u0131b \u018fv\u0259zi h\u0259d\u0259f g\u00f6st\u0259rirdi\u201d \u201c\u00d6ld\u00fcr\u00fclm\u0259d\u0259n ... Davam\u0131","og_url":"https:\/\/www.meydan.tv\/az\/article\/evez-hafizlinin-qetli-nifret-cinayetidir\/","og_site_name":"MEYDAN.TV","article_published_time":"2022-03-14T13:06:05+00:00","article_modified_time":"2022-03-14T14:11:12+00:00","og_image":[{"width":1200,"height":940,"url":"https:\/\/www.meydan.tv\/wp-content\/uploads\/untitled-design-1-4.png","type":"image\/png"}],"author":"roma","twitter_card":"summary_large_image","schema":{"@context":"https:\/\/schema.org","@graph":[{"@type":"Article","@id":"https:\/\/www.meydan.tv\/az\/article\/evez-hafizlinin-qetli-nifret-cinayetidir\/#article","isPartOf":{"@id":"https:\/\/www.meydan.tv\/az\/article\/evez-hafizlinin-qetli-nifret-cinayetidir\/"},"author":{"name":"roma","@id":"https:\/\/www.meydan.tv\/az\/#\/schema\/person\/8f23e01c4de63326c13c319fb65ee65d"},"headline":"\u018fv\u0259z Hafizlinin q\u0259tli: &#8220;Nifr\u0259t cinay\u0259tidir&#8221;","datePublished":"2022-03-14T13:06:05+00:00","dateModified":"2022-03-14T14:11:12+00:00","mainEntityOfPage":{"@id":"https:\/\/www.meydan.tv\/az\/article\/evez-hafizlinin-qetli-nifret-cinayetidir\/"},"wordCount":1337,"publisher":{"@id":"https:\/\/www.meydan.tv\/az\/#organization"},"image":{"@id":"https:\/\/www.meydan.tv\/az\/article\/evez-hafizlinin-qetli-nifret-cinayetidir\/#primaryimage"},"thumbnailUrl":"https:\/\/www.meydan.tv\/wp-content\/uploads\/untitled-design-1-4.png","articleSection":["X\u0259b\u0259rl\u0259r"],"inLanguage":"az"},{"@type":"WebPage","@id":"https:\/\/www.meydan.tv\/az\/article\/evez-hafizlinin-qetli-nifret-cinayetidir\/","url":"https:\/\/www.meydan.tv\/az\/article\/evez-hafizlinin-qetli-nifret-cinayetidir\/","name":"\u018fv\u0259z Hafizlinin q\u0259tli: \"Nifr\u0259t cinay\u0259tidir\" - MEYDAN.TV","isPartOf":{"@id":"https:\/\/www.meydan.tv\/az\/#website"},"primaryImageOfPage":{"@id":"https:\/\/www.meydan.tv\/az\/article\/evez-hafizlinin-qetli-nifret-cinayetidir\/#primaryimage"},"image":{"@id":"https:\/\/www.meydan.tv\/az\/article\/evez-hafizlinin-qetli-nifret-cinayetidir\/#primaryimage"},"thumbnailUrl":"https:\/\/www.meydan.tv\/wp-content\/uploads\/untitled-design-1-4.png","datePublished":"2022-03-14T13:06:05+00:00","dateModified":"2022-03-14T14:11:12+00:00","breadcrumb":{"@id":"https:\/\/www.meydan.tv\/az\/article\/evez-hafizlinin-qetli-nifret-cinayetidir\/#breadcrumb"},"inLanguage":"az","potentialAction":[{"@type":"ReadAction","target":["https:\/\/www.meydan.tv\/az\/article\/evez-hafizlinin-qetli-nifret-cinayetidir\/"]}]},{"@type":"ImageObject","inLanguage":"az","@id":"https:\/\/www.meydan.tv\/az\/article\/evez-hafizlinin-qetli-nifret-cinayetidir\/#primaryimage","url":"https:\/\/www.meydan.tv\/wp-content\/uploads\/untitled-design-1-4.png","contentUrl":"https:\/\/www.meydan.tv\/wp-content\/uploads\/untitled-design-1-4.png","width":1200,"height":940},{"@type":"BreadcrumbList","@id":"https:\/\/www.meydan.tv\/az\/article\/evez-hafizlinin-qetli-nifret-cinayetidir\/#breadcrumb","itemListElement":[{"@type":"ListItem","position":1,"name":"Ana s\u0259hif\u0259","item":"https:\/\/www.meydan.tv\/az\/"},{"@type":"ListItem","position":2,"name":"X\u0259b\u0259rl\u0259r","item":"https:\/\/www.meydan.tv\/az\/section\/xeberler\/"},{"@type":"ListItem","position":3,"name":"\u018fv\u0259z Hafizlinin q\u0259tli: &#8220;Nifr\u0259t cinay\u0259tidir&#8221;"}]},{"@type":"WebSite","@id":"https:\/\/www.meydan.tv\/az\/#website","url":"https:\/\/www.meydan.tv\/az\/","name":"MEYDAN.TV","description":"Meydan TV Az\u0259rbaycan\u0131n media m\u0259kan\u0131ndak\u0131 alternativ s\u0259sidir","publisher":{"@id":"https:\/\/www.meydan.tv\/az\/#organization"},"potentialAction":[{"@type":"SearchAction","target":{"@type":"EntryPoint","urlTemplate":"https:\/\/www.meydan.tv\/az\/?s={search_term_string}"},"query-input":{"@type":"PropertyValueSpecification","valueRequired":true,"valueName":"search_term_string"}}],"inLanguage":"az"},{"@type":"Organization","@id":"https:\/\/www.meydan.tv\/az\/#organization","name":"Meydan TV","url":"https:\/\/www.meydan.tv\/az\/","logo":{"@type":"ImageObject","inLanguage":"az","@id":"https:\/\/www.meydan.tv\/az\/#\/schema\/logo\/image\/","url":"https:\/\/www.meydan.tv\/wp-content\/uploads\/2021\/07\/meydan-logo.svg","contentUrl":"https:\/\/www.meydan.tv\/wp-content\/uploads\/2021\/07\/meydan-logo.svg","width":195,"height":46,"caption":"Meydan TV"},"image":{"@id":"https:\/\/www.meydan.tv\/az\/#\/schema\/logo\/image\/"}},{"@type":"Person","@id":"https:\/\/www.meydan.tv\/az\/#\/schema\/person\/8f23e01c4de63326c13c319fb65ee65d","name":"roma"}]}},"_links":{"self":[{"href":"https:\/\/www.meydan.tv\/az\/wp-json\/wp\/v2\/posts\/238290","targetHints":{"allow":["GET"]}}],"collection":[{"href":"https:\/\/www.meydan.tv\/az\/wp-json\/wp\/v2\/posts"}],"about":[{"href":"https:\/\/www.meydan.tv\/az\/wp-json\/wp\/v2\/types\/post"}],"author":[{"embeddable":true,"href":"https:\/\/www.meydan.tv\/az\/wp-json\/wp\/v2\/users\/14"}],"replies":[{"embeddable":true,"href":"https:\/\/www.meydan.tv\/az\/wp-json\/wp\/v2\/comments?post=238290"}],"version-history":[{"count":3,"href":"https:\/\/www.meydan.tv\/az\/wp-json\/wp\/v2\/posts\/238290\/revisions"}],"predecessor-version":[{"id":238312,"href":"https:\/\/www.meydan.tv\/az\/wp-json\/wp\/v2\/posts\/238290\/revisions\/238312"}],"wp:featuredmedia":[{"embeddable":true,"href":"https:\/\/www.meydan.tv\/az\/wp-json\/wp\/v2\/media\/238298"}],"wp:attachment":[{"href":"https:\/\/www.meydan.tv\/az\/wp-json\/wp\/v2\/media?parent=238290"}],"wp:term":[{"taxonomy":"category","embeddable":true,"href":"https:\/\/www.meydan.tv\/az\/wp-json\/wp\/v2\/categories?post=238290"},{"taxonomy":"post_tag","embeddable":true,"href":"https:\/\/www.meydan.tv\/az\/wp-json\/wp\/v2\/tags?post=238290"}],"curies":[{"name":"wp","href":"https:\/\/api.w.org\/{rel}","templated":true}]}}