{"id":238213,"date":"2022-03-13T18:32:48","date_gmt":"2022-03-13T14:32:48","guid":{"rendered":"https:\/\/www.meydan.tv\/?p=238213"},"modified":"2022-03-13T18:32:50","modified_gmt":"2022-03-13T14:32:50","slug":"futbol-siyasete-qarisdi","status":"publish","type":"post","link":"https:\/\/www.meydan.tv\/az\/article\/futbol-siyasete-qarisdi\/","title":{"rendered":"Futbol siyas\u0259t\u0259 qar\u0131\u015fd\u0131"},"content":{"rendered":"\n<p><\/p>\n\n\n\n<p><em>\u201cBu tendensiya davam ets\u0259, futbola ciddi z\u0259rb\u0259l\u0259r d\u0259y\u0259c\u0259k\u201d<\/em><\/p>\n\n\n\n<p>Rusiyan\u0131n Ukraynaya h\u00fccum etm\u0259si d\u00fcnyan\u0131n t\u0259kc\u0259 siyasi, iqtisadi simas\u0131na t\u0259sir etm\u0259yib. Ukraynada ged\u0259n d\u00f6y\u00fc\u015fl\u0259r idmandan, x\u00fcsus\u0259n d\u0259, futboldan da yan ke\u00e7m\u0259yib.<\/p>\n\n\n\n<p>Beyn\u0259lxalq futbol t\u0259\u015fkilatlar\u0131 olan F\u0130FA v\u0259 UEFA Rusiyan\u0131n milli komandalar\u0131n\u0131, klublar\u0131n\u0131 yar\u0131\u015flardan uzaqla\u015fd\u0131r\u0131b. Rusiya millisi D\u00c7-2022-nin pley-off m\u0259rh\u0259l\u0259sind\u0259n k\u0259narla\u015fd\u0131r\u0131l\u0131b, \u0259v\u0259zind\u0259 Pol\u015fa y\u0131\u011fmas\u0131 avtomatik olaraq pley-offun final\u0131na y\u00fcks\u0259lib.<\/p>\n\n\n\n<p>Rusiyan\u0131n \u201cSpartak\u201d (Moskva) klubunun UEFA Avropa Liqas\u0131n\u0131n 1\/8 final m\u0259rh\u0259l\u0259sinin \u201cLeyptsiq\u201dl\u0259 (Almaniya) oyunlar\u0131 l\u0259\u011fv edilib. Moskva klubuna texniki m\u0259\u011flubiyy\u0259t verilib, \u201cLeyptsiq\u201d birba\u015fa 1\/4 finala v\u0259siq\u0259 qazan\u0131b.<\/p>\n\n\n\n<p>\u0130ngilt\u0259r\u0259 h\u00f6kum\u0259ti is\u0259 mart ay\u0131n\u0131n 10-da rusiyal\u0131 milyarder Roman Abramovi\u00e7\u0259 v\u0259 onun sahibi oldu\u011fu \u201c\u00c7elsi\u201d klubuna sanksiyalar t\u0259tbiq edib. Klub futbol f\u0259aliyy\u0259tini davam etdirm\u0259k \u00fc\u00e7\u00fcn x\u00fcsusi lisenziya al\u0131b, amma oyunlara bilet satmaq, transfer etm\u0259k v\u0259 futbol\u00e7ularla m\u00fcqavil\u0259l\u0259ri yenil\u0259m\u0259k qada\u011fan edilib. \u201c\u00c7elsi\u201dnin bank hesab\u0131 da bloklan\u0131b.<\/p>\n\n\n\n<p><strong>T\u0259\u015fkilatlar\u0131n ikili standartlar\u0131<\/strong><\/p>\n\n\n\n<p>\u201cNeft\u00e7i\u201d futbol klubunun ke\u00e7mi\u015f vitse-prezidenti Tahir S\u00fcleymanov hesab edir ki, F\u0130FA v\u0259 UEFA-n\u0131n Rusiya il\u0259 ba\u011fl\u0131 q\u0259rarlar\u0131nda ikili standartlara \u00fcst\u00fcnl\u00fck verilir. Tahir S\u00fcleymanov Meydan TV-y\u0259 a\u00e7\u0131qlamas\u0131nda deyib:<\/p>\n\n\n\n<p>\u201cN\u0259 q\u0259d\u0259r deyils\u0259 d\u0259 idman siyas\u0259td\u0259n uzaqd\u0131r, t\u0259\u0259ss\u00fcfl\u0259 qeyd olunmal\u0131d\u0131r, siyasi amill\u0259r, d\u00fcnyada ba\u015f ver\u0259n qlobal prosesl\u0259r m\u00fctl\u0259q \u015f\u0259kild\u0259 futbola, \u00fcmumilikd\u0259 idmana \u00f6z t\u0259sirini g\u00f6st\u0259rib, g\u00f6st\u0259rm\u0259kd\u0259dir. H\u0259l\u0259 uzaq 1968-ci ild\u0259 Praqa hadis\u0259l\u0259ri zaman\u0131 UEFA q\u0259rar q\u0259bul etmi\u015fdi: avrokuboklarda sosialist d\u00fc\u015f\u0259rg\u0259si komandalar\u0131 kapitalistl\u0259rl\u0259 qar\u015f\u0131la\u015fa bilm\u0259z, ilkin m\u0259rh\u0259l\u0259l\u0259rd\u0259 \u00f6z aralar\u0131nda oynamal\u0131yd\u0131lar. Bu q\u0259rara etiraz olaraq SSR\u0130, Bolqar\u0131stan, Macar\u0131stan v\u0259 dig\u0259r bir-iki \u00f6lk\u0259nin klublar\u0131 beyn\u0259lxalq yar\u0131\u015flarda i\u015ftirak etm\u0259kd\u0259n imtina etmi\u015fdil\u0259r\u201d.<\/p>\n\n\n\n<p>M\u00fct\u0259x\u0259ssis hesab edir ki, futbol d\u00fcnyada b\u00f6y\u00fck t\u0259sir q\u00fcvv\u0259sin\u0259 malikdir. Maliyy\u0259 bax\u0131m\u0131ndan F\u0130FA, UEFA-n\u0131n \u0259sas donorlar\u0131 Avropan\u0131n \u201cb\u00f6y\u00fck 5-lik\u201d \u00f6lk\u0259l\u0259ri v\u0259 n\u0259h\u0259ng \u015firk\u0259tl\u0259rdir.<\/p>\n\n\n\n<p>\u201cM\u00fcst\u0259qil say\u0131lsalar da, qeyd olunan d\u00f6vl\u0259tl\u0259rin futbol qurumlar\u0131na t\u0259sir q\u00fcvv\u0259l\u0259ri \u00e7ox b\u00f6y\u00fckd\u00fcr. T\u0259kc\u0259 futbolda deyil, vaxtil\u0259 Moskva-80 olimpiadas\u0131n\u0131n q\u0259rb koalisiyas\u0131 \u00f6lk\u0259l\u0259ri t\u0259r\u0259find\u0259n boykot edilm\u0259si, n\u00f6vb\u0259ti turnirl\u0259rd\u0259 \u0259ks add\u0131mlar\u0131n at\u0131lmas\u0131 tarix\u0259n qar\u015f\u0131durma yarad\u0131b\u201d, &#8211; Tahir S\u00fcleymanov xat\u0131rlad\u0131r:<\/p>\n\n\n\n<p>\u201cG\u00fcn\u00fcm\u00fczd\u0259 Rusiya millisin\u0259 dopinq qalmaqallar\u0131 s\u0259b\u0259bi il\u0259 Olimpiya oyunlar\u0131 zaman\u0131 \u00f6z bayraqlar\u0131 alt\u0131nda \u00e7\u0131x\u0131\u015f etm\u0259, himnl\u0259rinin s\u0259sl\u0259ndirilm\u0259si qada\u011fas\u0131 qoyulur. Siyasi, iqtisadi, h\u0259rbi c\u0259r\u0259yanlar futbola h\u0259r zaman t\u0259sirini g\u00f6st\u0259rib. \u00c7\u0131xar\u0131lan q\u0259rarlarda \u0259sas\u0259n ikili standartlara \u00fcst\u00fcnl\u00fck verilir\u201d.<\/p>\n\n\n\n<p>Ke\u00e7mi\u015f vitse-prezident deyir ki, Az\u0259rbaycan futbolu da siyasi yana\u015fman\u0131n qurban\u0131 olub, m\u00fcxt\u0259lif qeyri-obyektiv qada\u011falarla \u00fczl\u0259\u015fib: \u201cVaxtil\u0259 millimiz m\u00fcharib\u0259 b\u0259han\u0259si q\u0259rar\u0131 il\u0259 oyunlar\u0131n\u0131 Trabzonda ke\u00e7irm\u0259k m\u0259cburiyy\u0259tind\u0259 qal\u0131b. Baxmayaraq ki, Bak\u0131da \u0259min-amanl\u0131q idi v\u0259 h\u0259rbi t\u0259cav\u00fcz\u0259 m\u0259ruz qalan \u00f6lk\u0259 kimi Az\u0259rbaycan \u00f6z torpaqlar\u0131n\u0131n 20 faizini itirmi\u015fdi. Aqressor qar\u015f\u0131 t\u0259r\u0259f \u00f6z meydan\u0131nda oynay\u0131rd\u0131, z\u0259r\u0259r\u00e7\u0259kmi\u015f biz is\u0259 do\u011fma divarlar aras\u0131nda \u00e7\u0131x\u0131\u015f etm\u0259kd\u0259n m\u0259hrum edilmi\u015fdik. Klub s\u0259viyy\u0259sind\u0259 &#8220;Neft\u00e7i&#8221;nin Kiprd\u0259 APOEL-l\u0259 tarixi oyununda ba\u015f ver\u0259nl\u0259r indi d\u0259 xatir\u0259l\u0259rd\u0259dir. Eyniyl\u0259, avrokuboklarda &#8220;Qaraba\u011f&#8221;la ba\u011fl\u0131 t\u0259xribatlar, emosional hissl\u0259r\u0259 g\u00f6r\u0259 Nurlan \u0130brahimova qar\u015f\u0131 \u00e7\u0131xar\u0131lan s\u0259rt q\u0259rar, Marseld\u0259ki son oyunda ba\u015f ver\u0259nl\u0259r v\u0259 UEFA-n\u0131n erm\u0259nil\u0259r\u0259 qar\u015f\u0131 loyal, f\u0259rqli m\u00f6vqeyi\u2026\u201d.<\/p>\n\n\n\n<p><strong>\u201cSiyas\u0259t futbolun iliyin\u0259 kimi siray\u0259t olunub\u2026\u201d<\/strong><\/p>\n\n\n\n<p>Tahir S\u00fcleymanov da d\u00fc\u015f\u00fcn\u00fcr ki, Rusiya-Ukrayna hadis\u0259l\u0259ri ki\u00e7ik m\u00fcnaqi\u015f\u0259 oca\u011f\u0131 deyil, h\u0259r iki t\u0259r\u0259fd\u0259n 400-500 min\u0259 yax\u0131n h\u0259rb\u00e7inin d\u00f6y\u00fc\u015fl\u0259r\u0259 c\u0259lb edildiyi m\u00fcharib\u0259dir. Donetsk, Luqansk m\u00fcdafi\u0259si ad\u0131 alt\u0131nda h\u00fccum ed\u0259n t\u0259r\u0259f Rusiyad\u0131r. 14-15 g\u00fcn futbol dili il\u0259 des\u0259k, iki ard\u0131c\u0131l tur dem\u0259kdir. \u0130ki &#8220;oyun\u201da \u0259razisi Fransadan b\u00f6y\u00fck olan Ukrayna viran qoyulub, \u015f\u0259h\u0259rl\u0259r da\u011f\u0131l\u0131b, milyonlarla insan m\u0259cburiyy\u0259td\u0259n \u00f6lk\u0259sini t\u0259rk edib:<\/p>\n\n\n\n<p>\u201cBel\u0259 v\u0259ziyy\u0259td\u0259 F\u0130FA, UEFA-n\u0131n \u00e7\u0131xard\u0131\u011f\u0131 q\u0259rar m\u0259n\u0259vi, psixoloji olaraq d\u0259st\u0259kl\u0259nm\u0259lidir. \u0130dman prinsipl\u0259rin\u0259 uy\u011fun neytral meydan q\u0259rar\u0131 \u00e7\u0131xar\u0131la bil\u0259rdimi? Ola bil\u0259rdi\u201d.<\/p>\n\n\n\n<p>Futbol m\u00fct\u0259x\u0259ssisinin fikrinc\u0259, faci\u0259nin mas\u015ftab\u0131 \u00e7ox b\u00f6y\u00fck oldu\u011fu \u00fc\u00e7\u00fcn planet \u00fc\u00e7\u00fcnc\u00fc d\u00fcnya m\u00fcharib\u0259si il\u0259 \u00fcz-\u00fcz\u0259 qal\u0131b. Q\u0259rbin Rusiyaya qar\u015f\u0131 g\u00f6r\u00fcnm\u0259mi\u015f iqtisadi sanksiyalar\u0131, logistik qada\u011falar fonunda beyn\u0259lxalq futbol t\u0259\u015fkilatlar\u0131 f\u0259rqli q\u0259rar \u00e7\u0131xara bilm\u0259zdil\u0259r. Ba\u015f sponsorlar\u0131n geri \u00e7\u0259kilm\u0259si, t\u0259\u015fkilatlardan imtina etm\u0259si F\u0130FA, UEFA-n\u0131n bir anda \u00e7\u00f6km\u0259si dem\u0259kdir. Planeti idar\u0259 ed\u0259nl\u0259r \u00fc\u00e7\u00fcn s\u00f6z\u0259 qulaq asmayanlar\u0131 c\u0259zaland\u0131rmaq \u00e7ox asand\u0131r:<\/p>\n\n\n\n<p>\u201cProblem veril\u0259n q\u0259rar\u0131n do\u011fru v\u0259 ya yanl\u0131\u015fl\u0131\u011f\u0131nda deyil, siyas\u0259tin futbolun iliyin\u0259 kimi siray\u0259t olunmas\u0131nda, ondan da \u0259caibi, ikili standartlar\u0131n birt\u0259r\u0259fli t\u0259tbiq edilm\u0259sind\u0259dir\u201d.<\/p>\n\n\n\n<figure class=\"wp-block-image size-full\"><img decoding=\"async\" width=\"1200\" height=\"800\" data-src=\"https:\/\/www.meydan.tv\/wp-content\/uploads\/shutterstock_2129012924.jpg\" alt=\"\" class=\"wp-image-238210 lazyload\" src=\"data:image\/svg+xml;base64,PHN2ZyB3aWR0aD0iMSIgaGVpZ2h0PSIxIiB4bWxucz0iaHR0cDovL3d3dy53My5vcmcvMjAwMC9zdmciPjwvc3ZnPg==\" style=\"--smush-placeholder-width: 1200px; --smush-placeholder-aspect-ratio: 1200\/800;\" \/><figcaption>Ukrayna. Foto: Drop of Light\/shutterstock<\/figcaption><\/figure>\n\n\n\n<p>\u201cRusiya bu g\u00fcn d\u00fcnya futbolundan tam olaraq t\u0259crid edilir, 25-30 il \u00f6nc\u0259 is\u0259 qeyd etdiyim kimi, Az\u0259rbaycana t\u0259cav\u00fcz ed\u0259nl\u0259r\u0259, Xocal\u0131 faci\u0259sini t\u00f6r\u0259d\u0259nl\u0259r\u0259 qar\u015f\u0131 t\u0259dbir g\u00f6r\u00fclm\u0259di. Baxmayaraq ki, F\u0130FA v\u0259 UEFA-n\u0131n \u0259lind\u0259 tutarl\u0131 \u0259sas\u0131 var idi, BMT qon\u015fular\u0131m\u0131z\u0131n t\u0259cav\u00fczkar \u00f6lk\u0259 olmas\u0131 il\u0259 ba\u011fl\u0131 q\u0259tnam\u0259l\u0259r q\u0259bul etmi\u015fdi. N\u0259tic\u0259d\u0259 is\u0259 bir milyon qa\u00e7q\u0131n-k\u00f6\u00e7k\u00fcn\u00fc il\u0259 Az\u0259rbaycan millisinin \u00f6z\u00fc xaricd\u0259 oynama\u011fa s\u00fcrg\u00fcn edildi. Bel\u0259 ayr\u0131-se\u00e7kilik onu g\u00f6st\u0259rir ki, F\u0130FA, UEFA tam m\u00fcst\u0259qil qurumlar deyil v\u0259 v\u0259ziyy\u0259t\u0259, d\u00fcnyada hegemonluq ed\u0259nl\u0259rin diqt\u0259sin\u0259 uy\u011fun bir-birini d\u00f6y\u0259n q\u0259rarlar q\u0259bul edirl\u0259r\u201d, &#8211; Tahir S\u00fcleymanov d\u00fc\u015f\u00fcn\u00fcr.<\/p>\n\n\n\n<p>Onun s\u00f6zl\u0259rin\u0259 g\u00f6r\u0259, \u00fcst\u00fcnl\u00fck idman prinsipl\u0259rin\u0259 yox, m\u0259qs\u0259dli, sifari\u015fli siyasi motivl\u0259r\u0259 uy\u011fun verilir. Bel\u0259d\u0259, h\u0259tta \u00e7\u0131xar\u0131lan do\u011fru q\u0259rarlar bel\u0259, inams\u0131zl\u0131q yarad\u0131r, \u015f\u00fcbh\u0259l\u0259r\u0259, m\u00fczakir\u0259l\u0259r\u0259, m\u00fcqayis\u0259l\u0259r\u0259 s\u0259b\u0259b olur:<\/p>\n\n\n\n<p>\u201c\u0130st\u0259nil\u0259n halda, son m\u0259qamda futbol bir oyundur v\u0259 he\u00e7 bir ali yar\u0131\u015f, turnir m\u00fcharib\u0259l\u0259rd\u0259 bir k\u00f6rp\u0259nin \u00f6l\u00fcm\u00fcn\u0259, valideynl\u0259rin g\u00f6z ya\u015flar\u0131na, evsiz-e\u015fiksiz qalm\u0131\u015f milyonlarla insan\u0131n f\u0259ryad\u0131na d\u0259ymir. T\u0259ki m\u00fcharib\u0259 tez bitsin, futbol da \u0259vv\u0259lki ritmin\u0259 qay\u0131ts\u0131n\u201d.<\/p>\n\n\n\n<p><strong>\u201c\u201c\u00c7elsi\u201dy\u0259 qar\u015f\u0131 edil\u0259nl\u0259rin fotbola d\u0259xli yoxdur\u201d<\/strong><\/p>\n\n\n\n<p>S\u00fcleymanov deyir ki, \u201c\u00c7elsi\u201d klubuna v\u0259 onun rusiyal\u0131 sahibi Roman Abramovi\u00e7\u0259 qar\u015f\u0131 t\u0259tbiq edil\u0259n qada\u011falar\u0131n futbola he\u00e7 bir aidiyyat\u0131 yoxdur:<\/p>\n\n\n\n<p>\u201cRusiyal\u0131 milyarderl\u0259r\u0259 qar\u015f\u0131 at\u0131lan add\u0131mlar Asiya, Yax\u0131n \u015e\u0259rqd\u0259n olan bir \u00e7ox milyarder-milyon\u00e7ular\u0131n da g\u00f6z\u00fcn\u00fc qorxudacaq. Sirr deyil ki, son d\u00f6vrl\u0259rd\u0259 Avropan\u0131n futbol klublar\u0131na dig\u0259r \u00f6lk\u0259l\u0259rd\u0259n b\u00f6y\u00fck s\u0259rmay\u0259l\u0259r qoyulub. Bunun da \u0259sas iki-\u00fc\u00e7 s\u0259b\u0259bi var, daha do\u011frusu, var idi. V\u0259saitl\u0259rinin qorunmas\u0131, Avropada sabitlik, qanunlar\u0131n i\u015fl\u0259m\u0259si, demokratik c\u0259miyy\u0259t, futbolun s\u0259viyy\u0259si v\u0259 industriyaya \u00e7evrilm\u0259si, prestij. T\u0259kc\u0259 futbola olan sevgid\u0259n milyardlar Avropaya da\u015f\u0131nm\u0131rd\u0131\u201d. Ekspert deyir ki, futboldan istifad\u0259 edib dig\u0259r biznes sah\u0259l\u0259rin\u0259 yat\u0131r\u0131mlar edilir, bir n\u00f6mr\u0259li idman n\u00f6v\u00fcn\u00fcn say\u0259sind\u0259 d\u00f6vl\u0259t strukturlar\u0131nda t\u0259msil olunan s\u0259lahiyy\u0259tli v\u0259zif\u0259 sahibl\u0259ri il\u0259 \u0259laq\u0259l\u0259r qurulurdu. Avropaya b\u00f6y\u00fck pullar g\u0259tir\u0259n i\u015f adamlar\u0131 varidatlar\u0131n\u0131n h\u0259rt\u0259r\u0259fli qorunaca\u011f\u0131na \u0259min idil\u0259r.<\/p>\n\n\n\n<p>\u201cRusiyal\u0131 oliqarxlar\u0131n bir anda milyardlar\u0131n\u0131n itirilm\u0259si, m\u0259nims\u0259nilm\u0259si \u201ck\u00f6hn\u0259 qit\u0259\u201dd\u0259 demokratik qanunlar\u0131n hans\u0131 s\u0259viyy\u0259d\u0259 olmas\u0131n\u0131 \u0259yani g\u00f6st\u0259rmi\u015f oldu v\u0259 siyas\u0259tin qurban\u0131na \u00e7evrildi. &#8220;\u00c7elsi&#8221;, Abramovi\u00e7l\u0259 ba\u011fl\u0131 veril\u0259n q\u0259rarlar\u0131n iqtisadiyyatla, futbolla, h\u0259tta korrupsiyayla he\u00e7 bir \u0259laq\u0259si yoxdur. Rusiyan\u0131n \u00e7\u00f6kd\u00fcr\u00fclm\u0259si \u00fc\u00e7\u00fcn at\u0131lm\u0131\u015f siyasi q\u0259rar, gedi\u015fl\u0259rdir. Abramovi\u00e7l\u0259rin, \u0259li\u015fir usmanovlar\u0131n yar\u0131m milyardl\u0131q yaxtalar\u0131 m\u00fcsadir\u0259 edilir. \u201c\u00c7irkli pullar\u201d idis\u0259, indi niy\u0259 bu add\u0131mlar at\u0131l\u0131r, vaxt\u0131nda edil\u0259 bilm\u0259zdi?\u201d, &#8211; Tahir S\u00fcleymanov soru\u015fur.<\/p>\n\n\n\n<p>Onun fikrinc\u0259, demokratik d\u00fcnya bel\u0259 b\u0259sit, kobud gedi\u015fl\u0259r etm\u0259m\u0259lidir. Bununla m\u0259d\u0259ni Avropa b\u00fct\u00fcn al\u0259m\u0259 g\u00f6st\u0259rir ki, milyardlarla v\u0259saitin \u201cyuyulmas\u0131na\u201d \u015f\u0259rait yarad\u0131blar:<\/p>\n\n\n\n<p>\u201cBumeranq effektidir, \u00f6zl\u0259ri-\u00f6zl\u0259rini vururlar, d\u00fcnyan\u0131n Avropaya olan inam\u0131n\u0131 itirirl\u0259r. &#8220;\u00c7elsi&#8221;, futbolla ba\u011fl\u0131 m\u0259s\u0259l\u0259 d\u0259 &#8220;yuxar\u0131\u201dn\u0131n tap\u015f\u0131r\u0131\u011f\u0131, birba\u015fa sifari\u015fidir. Rusiyadak\u0131 korrupsiyadan, m\u0259mur \u00f6zba\u015f\u0131nal\u0131\u011f\u0131ndan, b\u00fcrokratiyadan qa\u00e7\u0131b pullar\u0131n\u0131 Avropaya da\u015f\u0131yanlar ya\u011f\u0131\u015fdan \u00e7\u0131x\u0131b ya\u011fmurdan bet\u0259r ildr\u0131ml\u0131 leysana d\u00fc\u015fm\u00fc\u015f oldular. Son m\u0259qamda oliqarxlara b\u00f6y\u00fck \u00f6l\u00e7\u00fcd\u0259 he\u00e7 n\u0259 olmayacaq, milyardlar\u0131n\u0131n yar\u0131s\u0131n\u0131 itirib, \u00f6z h\u0259yatlar\u0131n\u0131 s\u00fcr\u0259c\u0259kl\u0259r. D\u0259y\u0259n yen\u0259 kas\u0131ba d\u0259y\u0259c\u0259k\u201d.<\/p>\n\n\n\n<p>\u201cD\u00fcnyan\u0131 b\u00f6l\u0259nl\u0259rin a\u011f\u0131ls\u0131zl\u0131\u011f\u0131, hikk\u0259si say\u0259sind\u0259 qar\u015f\u0131durma pik h\u0259dd\u0259 \u00e7at\u0131b. Qiym\u0259tl\u0259r qalx\u0131r, milyonlarla insan i\u015fsiz, evsiz-e\u015fiksiz qal\u0131r, sabaha olan c\u00fczi d\u0259 olsa inamlar\u0131, \u00fcmidl\u0259ri yox olur. Bu tendensiya davam ets\u0259, futbola da ciddi z\u0259rb\u0259l\u0259r d\u0259y\u0259c\u0259k, pullu adamlar Avropadan qa\u00e7acaq. Rusiya b\u0259lli idi, Avropa da prosesl\u0259rd\u0259 \u00f6z\u00fcn\u00fc normal aparmad\u0131. D\u00fcnyan\u0131 yenid\u0259n b\u00f6l\u00fcb qurtarsayd\u0131lar, g\u0259nc, g\u0259l\u0259c\u0259k n\u0259sill\u0259r he\u00e7 olmasa, 10-15 il rahat g\u00fcn g\u00f6r\u0259rdi. Bu x\u0259mir h\u0259l\u0259 \u00e7ox su aparacaq\u201d, &#8211; Tahir S\u00fcleymanov fikrini yekunla\u015fd\u0131r\u0131b.<\/p>\n","protected":false},"excerpt":{"rendered":"<p>\u201cBu tendensiya davam ets\u0259, futbola ciddi z\u0259rb\u0259l\u0259r d\u0259y\u0259c\u0259k\u201d Rusiyan\u0131n Ukraynaya &#8230; <\/p>\n<p class=\"read-more-container\"><a title=\"Futbol siyas\u0259t\u0259 qar\u0131\u015fd\u0131\" class=\"read-more button\" href=\"https:\/\/www.meydan.tv\/az\/article\/futbol-siyasete-qarisdi\/#more-238213\" aria-label=\"Read more about Futbol siyas\u0259t\u0259 qar\u0131\u015fd\u0131\">Davam\u0131<\/a><\/p>\n","protected":false},"author":8,"featured_media":238215,"comment_status":"closed","ping_status":"closed","sticky":false,"template":"","format":"standard","meta":{"_acf_changed":false,"_sitemap_exclude":false,"_sitemap_priority":"","_sitemap_frequency":"","footnotes":""},"categories":[57],"tags":[],"class_list":["post-238213","post","type-post","status-publish","format-standard","has-post-thumbnail","hentry","category-menim-fikrimce","infinite-scroll-item","generate-columns","tablet-grid-50","mobile-grid-100","grid-parent","grid-33","no-featured-image-padding"],"acf":[],"yoast_head":"<!-- This site is optimized with the Yoast SEO plugin v27.4 - https:\/\/yoast.com\/product\/yoast-seo-wordpress\/ -->\n<title>Futbol siyas\u0259t\u0259 qar\u0131\u015fd\u0131 - MEYDAN.TV<\/title>\n<meta name=\"robots\" content=\"index, follow, max-snippet:-1, max-image-preview:large, max-video-preview:-1\" \/>\n<link rel=\"canonical\" href=\"https:\/\/www.meydan.tv\/az\/article\/futbol-siyasete-qarisdi\/\" \/>\n<meta property=\"og:locale\" content=\"az_AZ\" \/>\n<meta property=\"og:type\" content=\"article\" \/>\n<meta property=\"og:title\" content=\"Futbol siyas\u0259t\u0259 qar\u0131\u015fd\u0131 - MEYDAN.TV\" \/>\n<meta property=\"og:description\" content=\"\u201cBu tendensiya davam ets\u0259, futbola ciddi z\u0259rb\u0259l\u0259r d\u0259y\u0259c\u0259k\u201d Rusiyan\u0131n Ukraynaya ... Davam\u0131\" \/>\n<meta property=\"og:url\" content=\"https:\/\/www.meydan.tv\/az\/article\/futbol-siyasete-qarisdi\/\" \/>\n<meta property=\"og:site_name\" content=\"MEYDAN.TV\" \/>\n<meta property=\"article:published_time\" content=\"2022-03-13T14:32:48+00:00\" \/>\n<meta property=\"article:modified_time\" content=\"2022-03-13T14:32:50+00:00\" \/>\n<meta property=\"og:image\" content=\"https:\/\/www.meydan.tv\/wp-content\/uploads\/1476094945_8522781-e1647181914276.jpg\" \/>\n\t<meta property=\"og:image:width\" content=\"1000\" \/>\n\t<meta property=\"og:image:height\" content=\"642\" \/>\n\t<meta property=\"og:image:type\" content=\"image\/jpeg\" \/>\n<meta name=\"author\" content=\"elli\" \/>\n<meta name=\"twitter:card\" content=\"summary_large_image\" \/>\n<meta name=\"twitter:creator\" content=\"@elli\" \/>\n<script type=\"application\/ld+json\" class=\"yoast-schema-graph\">{\"@context\":\"https:\\\/\\\/schema.org\",\"@graph\":[{\"@type\":\"Article\",\"@id\":\"https:\\\/\\\/www.meydan.tv\\\/az\\\/article\\\/futbol-siyasete-qarisdi\\\/#article\",\"isPartOf\":{\"@id\":\"https:\\\/\\\/www.meydan.tv\\\/az\\\/article\\\/futbol-siyasete-qarisdi\\\/\"},\"author\":{\"name\":\"elli\",\"@id\":\"https:\\\/\\\/www.meydan.tv\\\/az\\\/#\\\/schema\\\/person\\\/9cdbecf90d17180ce1dfbd95b08dcf47\"},\"headline\":\"Futbol siyas\u0259t\u0259 qar\u0131\u015fd\u0131\",\"datePublished\":\"2022-03-13T14:32:48+00:00\",\"dateModified\":\"2022-03-13T14:32:50+00:00\",\"mainEntityOfPage\":{\"@id\":\"https:\\\/\\\/www.meydan.tv\\\/az\\\/article\\\/futbol-siyasete-qarisdi\\\/\"},\"wordCount\":1836,\"publisher\":{\"@id\":\"https:\\\/\\\/www.meydan.tv\\\/az\\\/#organization\"},\"image\":{\"@id\":\"https:\\\/\\\/www.meydan.tv\\\/az\\\/article\\\/futbol-siyasete-qarisdi\\\/#primaryimage\"},\"thumbnailUrl\":\"https:\\\/\\\/www.meydan.tv\\\/wp-content\\\/uploads\\\/1476094945_8522781-e1647181914276.jpg\",\"articleSection\":[\"M\u0259nim Fikrimc\u0259\"],\"inLanguage\":\"az\"},{\"@type\":\"WebPage\",\"@id\":\"https:\\\/\\\/www.meydan.tv\\\/az\\\/article\\\/futbol-siyasete-qarisdi\\\/\",\"url\":\"https:\\\/\\\/www.meydan.tv\\\/az\\\/article\\\/futbol-siyasete-qarisdi\\\/\",\"name\":\"Futbol siyas\u0259t\u0259 qar\u0131\u015fd\u0131 - MEYDAN.TV\",\"isPartOf\":{\"@id\":\"https:\\\/\\\/www.meydan.tv\\\/az\\\/#website\"},\"primaryImageOfPage\":{\"@id\":\"https:\\\/\\\/www.meydan.tv\\\/az\\\/article\\\/futbol-siyasete-qarisdi\\\/#primaryimage\"},\"image\":{\"@id\":\"https:\\\/\\\/www.meydan.tv\\\/az\\\/article\\\/futbol-siyasete-qarisdi\\\/#primaryimage\"},\"thumbnailUrl\":\"https:\\\/\\\/www.meydan.tv\\\/wp-content\\\/uploads\\\/1476094945_8522781-e1647181914276.jpg\",\"datePublished\":\"2022-03-13T14:32:48+00:00\",\"dateModified\":\"2022-03-13T14:32:50+00:00\",\"breadcrumb\":{\"@id\":\"https:\\\/\\\/www.meydan.tv\\\/az\\\/article\\\/futbol-siyasete-qarisdi\\\/#breadcrumb\"},\"inLanguage\":\"az\",\"potentialAction\":[{\"@type\":\"ReadAction\",\"target\":[\"https:\\\/\\\/www.meydan.tv\\\/az\\\/article\\\/futbol-siyasete-qarisdi\\\/\"]}]},{\"@type\":\"ImageObject\",\"inLanguage\":\"az\",\"@id\":\"https:\\\/\\\/www.meydan.tv\\\/az\\\/article\\\/futbol-siyasete-qarisdi\\\/#primaryimage\",\"url\":\"https:\\\/\\\/www.meydan.tv\\\/wp-content\\\/uploads\\\/1476094945_8522781-e1647181914276.jpg\",\"contentUrl\":\"https:\\\/\\\/www.meydan.tv\\\/wp-content\\\/uploads\\\/1476094945_8522781-e1647181914276.jpg\",\"width\":1000,\"height\":642,\"caption\":\"Tahir S\u00fcleymanov. Foto: https:\\\/\\\/sportline.az\\\/\"},{\"@type\":\"BreadcrumbList\",\"@id\":\"https:\\\/\\\/www.meydan.tv\\\/az\\\/article\\\/futbol-siyasete-qarisdi\\\/#breadcrumb\",\"itemListElement\":[{\"@type\":\"ListItem\",\"position\":1,\"name\":\"Ana s\u0259hif\u0259\",\"item\":\"https:\\\/\\\/www.meydan.tv\\\/az\\\/\"},{\"@type\":\"ListItem\",\"position\":2,\"name\":\"M\u0259nim Fikrimc\u0259\",\"item\":\"https:\\\/\\\/www.meydan.tv\\\/az\\\/section\\\/menim-fikrimce\\\/\"},{\"@type\":\"ListItem\",\"position\":3,\"name\":\"Futbol siyas\u0259t\u0259 qar\u0131\u015fd\u0131\"}]},{\"@type\":\"WebSite\",\"@id\":\"https:\\\/\\\/www.meydan.tv\\\/az\\\/#website\",\"url\":\"https:\\\/\\\/www.meydan.tv\\\/az\\\/\",\"name\":\"MEYDAN.TV\",\"description\":\"Meydan TV Az\u0259rbaycan\u0131n media m\u0259kan\u0131ndak\u0131 alternativ s\u0259sidir\",\"publisher\":{\"@id\":\"https:\\\/\\\/www.meydan.tv\\\/az\\\/#organization\"},\"potentialAction\":[{\"@type\":\"SearchAction\",\"target\":{\"@type\":\"EntryPoint\",\"urlTemplate\":\"https:\\\/\\\/www.meydan.tv\\\/az\\\/?s={search_term_string}\"},\"query-input\":{\"@type\":\"PropertyValueSpecification\",\"valueRequired\":true,\"valueName\":\"search_term_string\"}}],\"inLanguage\":\"az\"},{\"@type\":\"Organization\",\"@id\":\"https:\\\/\\\/www.meydan.tv\\\/az\\\/#organization\",\"name\":\"Meydan TV\",\"url\":\"https:\\\/\\\/www.meydan.tv\\\/az\\\/\",\"logo\":{\"@type\":\"ImageObject\",\"inLanguage\":\"az\",\"@id\":\"https:\\\/\\\/www.meydan.tv\\\/az\\\/#\\\/schema\\\/logo\\\/image\\\/\",\"url\":\"https:\\\/\\\/www.meydan.tv\\\/wp-content\\\/uploads\\\/2021\\\/07\\\/meydan-logo.svg\",\"contentUrl\":\"https:\\\/\\\/www.meydan.tv\\\/wp-content\\\/uploads\\\/2021\\\/07\\\/meydan-logo.svg\",\"width\":195,\"height\":46,\"caption\":\"Meydan TV\"},\"image\":{\"@id\":\"https:\\\/\\\/www.meydan.tv\\\/az\\\/#\\\/schema\\\/logo\\\/image\\\/\"}},{\"@type\":\"Person\",\"@id\":\"https:\\\/\\\/www.meydan.tv\\\/az\\\/#\\\/schema\\\/person\\\/9cdbecf90d17180ce1dfbd95b08dcf47\",\"name\":\"elli\",\"sameAs\":[\"https:\\\/\\\/x.com\\\/elli\"]}]}<\/script>\n<!-- \/ Yoast SEO plugin. -->","yoast_head_json":{"title":"Futbol siyas\u0259t\u0259 qar\u0131\u015fd\u0131 - MEYDAN.TV","robots":{"index":"index","follow":"follow","max-snippet":"max-snippet:-1","max-image-preview":"max-image-preview:large","max-video-preview":"max-video-preview:-1"},"canonical":"https:\/\/www.meydan.tv\/az\/article\/futbol-siyasete-qarisdi\/","og_locale":"az_AZ","og_type":"article","og_title":"Futbol siyas\u0259t\u0259 qar\u0131\u015fd\u0131 - MEYDAN.TV","og_description":"\u201cBu tendensiya davam ets\u0259, futbola ciddi z\u0259rb\u0259l\u0259r d\u0259y\u0259c\u0259k\u201d Rusiyan\u0131n Ukraynaya ... Davam\u0131","og_url":"https:\/\/www.meydan.tv\/az\/article\/futbol-siyasete-qarisdi\/","og_site_name":"MEYDAN.TV","article_published_time":"2022-03-13T14:32:48+00:00","article_modified_time":"2022-03-13T14:32:50+00:00","og_image":[{"width":1000,"height":642,"url":"https:\/\/www.meydan.tv\/wp-content\/uploads\/1476094945_8522781-e1647181914276.jpg","type":"image\/jpeg"}],"author":"elli","twitter_card":"summary_large_image","twitter_creator":"@elli","schema":{"@context":"https:\/\/schema.org","@graph":[{"@type":"Article","@id":"https:\/\/www.meydan.tv\/az\/article\/futbol-siyasete-qarisdi\/#article","isPartOf":{"@id":"https:\/\/www.meydan.tv\/az\/article\/futbol-siyasete-qarisdi\/"},"author":{"name":"elli","@id":"https:\/\/www.meydan.tv\/az\/#\/schema\/person\/9cdbecf90d17180ce1dfbd95b08dcf47"},"headline":"Futbol siyas\u0259t\u0259 qar\u0131\u015fd\u0131","datePublished":"2022-03-13T14:32:48+00:00","dateModified":"2022-03-13T14:32:50+00:00","mainEntityOfPage":{"@id":"https:\/\/www.meydan.tv\/az\/article\/futbol-siyasete-qarisdi\/"},"wordCount":1836,"publisher":{"@id":"https:\/\/www.meydan.tv\/az\/#organization"},"image":{"@id":"https:\/\/www.meydan.tv\/az\/article\/futbol-siyasete-qarisdi\/#primaryimage"},"thumbnailUrl":"https:\/\/www.meydan.tv\/wp-content\/uploads\/1476094945_8522781-e1647181914276.jpg","articleSection":["M\u0259nim Fikrimc\u0259"],"inLanguage":"az"},{"@type":"WebPage","@id":"https:\/\/www.meydan.tv\/az\/article\/futbol-siyasete-qarisdi\/","url":"https:\/\/www.meydan.tv\/az\/article\/futbol-siyasete-qarisdi\/","name":"Futbol siyas\u0259t\u0259 qar\u0131\u015fd\u0131 - MEYDAN.TV","isPartOf":{"@id":"https:\/\/www.meydan.tv\/az\/#website"},"primaryImageOfPage":{"@id":"https:\/\/www.meydan.tv\/az\/article\/futbol-siyasete-qarisdi\/#primaryimage"},"image":{"@id":"https:\/\/www.meydan.tv\/az\/article\/futbol-siyasete-qarisdi\/#primaryimage"},"thumbnailUrl":"https:\/\/www.meydan.tv\/wp-content\/uploads\/1476094945_8522781-e1647181914276.jpg","datePublished":"2022-03-13T14:32:48+00:00","dateModified":"2022-03-13T14:32:50+00:00","breadcrumb":{"@id":"https:\/\/www.meydan.tv\/az\/article\/futbol-siyasete-qarisdi\/#breadcrumb"},"inLanguage":"az","potentialAction":[{"@type":"ReadAction","target":["https:\/\/www.meydan.tv\/az\/article\/futbol-siyasete-qarisdi\/"]}]},{"@type":"ImageObject","inLanguage":"az","@id":"https:\/\/www.meydan.tv\/az\/article\/futbol-siyasete-qarisdi\/#primaryimage","url":"https:\/\/www.meydan.tv\/wp-content\/uploads\/1476094945_8522781-e1647181914276.jpg","contentUrl":"https:\/\/www.meydan.tv\/wp-content\/uploads\/1476094945_8522781-e1647181914276.jpg","width":1000,"height":642,"caption":"Tahir S\u00fcleymanov. Foto: https:\/\/sportline.az\/"},{"@type":"BreadcrumbList","@id":"https:\/\/www.meydan.tv\/az\/article\/futbol-siyasete-qarisdi\/#breadcrumb","itemListElement":[{"@type":"ListItem","position":1,"name":"Ana s\u0259hif\u0259","item":"https:\/\/www.meydan.tv\/az\/"},{"@type":"ListItem","position":2,"name":"M\u0259nim Fikrimc\u0259","item":"https:\/\/www.meydan.tv\/az\/section\/menim-fikrimce\/"},{"@type":"ListItem","position":3,"name":"Futbol siyas\u0259t\u0259 qar\u0131\u015fd\u0131"}]},{"@type":"WebSite","@id":"https:\/\/www.meydan.tv\/az\/#website","url":"https:\/\/www.meydan.tv\/az\/","name":"MEYDAN.TV","description":"Meydan TV Az\u0259rbaycan\u0131n media m\u0259kan\u0131ndak\u0131 alternativ s\u0259sidir","publisher":{"@id":"https:\/\/www.meydan.tv\/az\/#organization"},"potentialAction":[{"@type":"SearchAction","target":{"@type":"EntryPoint","urlTemplate":"https:\/\/www.meydan.tv\/az\/?s={search_term_string}"},"query-input":{"@type":"PropertyValueSpecification","valueRequired":true,"valueName":"search_term_string"}}],"inLanguage":"az"},{"@type":"Organization","@id":"https:\/\/www.meydan.tv\/az\/#organization","name":"Meydan TV","url":"https:\/\/www.meydan.tv\/az\/","logo":{"@type":"ImageObject","inLanguage":"az","@id":"https:\/\/www.meydan.tv\/az\/#\/schema\/logo\/image\/","url":"https:\/\/www.meydan.tv\/wp-content\/uploads\/2021\/07\/meydan-logo.svg","contentUrl":"https:\/\/www.meydan.tv\/wp-content\/uploads\/2021\/07\/meydan-logo.svg","width":195,"height":46,"caption":"Meydan TV"},"image":{"@id":"https:\/\/www.meydan.tv\/az\/#\/schema\/logo\/image\/"}},{"@type":"Person","@id":"https:\/\/www.meydan.tv\/az\/#\/schema\/person\/9cdbecf90d17180ce1dfbd95b08dcf47","name":"elli","sameAs":["https:\/\/x.com\/elli"]}]}},"_links":{"self":[{"href":"https:\/\/www.meydan.tv\/az\/wp-json\/wp\/v2\/posts\/238213","targetHints":{"allow":["GET"]}}],"collection":[{"href":"https:\/\/www.meydan.tv\/az\/wp-json\/wp\/v2\/posts"}],"about":[{"href":"https:\/\/www.meydan.tv\/az\/wp-json\/wp\/v2\/types\/post"}],"author":[{"embeddable":true,"href":"https:\/\/www.meydan.tv\/az\/wp-json\/wp\/v2\/users\/8"}],"replies":[{"embeddable":true,"href":"https:\/\/www.meydan.tv\/az\/wp-json\/wp\/v2\/comments?post=238213"}],"version-history":[{"count":1,"href":"https:\/\/www.meydan.tv\/az\/wp-json\/wp\/v2\/posts\/238213\/revisions"}],"predecessor-version":[{"id":238218,"href":"https:\/\/www.meydan.tv\/az\/wp-json\/wp\/v2\/posts\/238213\/revisions\/238218"}],"wp:featuredmedia":[{"embeddable":true,"href":"https:\/\/www.meydan.tv\/az\/wp-json\/wp\/v2\/media\/238215"}],"wp:attachment":[{"href":"https:\/\/www.meydan.tv\/az\/wp-json\/wp\/v2\/media?parent=238213"}],"wp:term":[{"taxonomy":"category","embeddable":true,"href":"https:\/\/www.meydan.tv\/az\/wp-json\/wp\/v2\/categories?post=238213"},{"taxonomy":"post_tag","embeddable":true,"href":"https:\/\/www.meydan.tv\/az\/wp-json\/wp\/v2\/tags?post=238213"}],"curies":[{"name":"wp","href":"https:\/\/api.w.org\/{rel}","templated":true}]}}