{"id":238178,"date":"2022-03-12T21:18:41","date_gmt":"2022-03-12T17:18:41","guid":{"rendered":"https:\/\/www.meydan.tv\/?p=238178"},"modified":"2022-03-12T21:18:42","modified_gmt":"2022-03-12T17:18:42","slug":"almaniyani-deyisen-qetl","status":"publish","type":"post","link":"https:\/\/www.meydan.tv\/az\/article\/almaniyani-deyisen-qetl\/","title":{"rendered":"Almaniyan\u0131 d\u0259yi\u015f\u0259n q\u0259tl"},"content":{"rendered":"\n<p><em>Hadis\u0259l\u0259r Q\u0259rbi Berlinin burqomistrinin istefas\u0131 il\u0259 n\u0259tic\u0259l\u0259ndi<\/em><\/p>\n\n\n\n<p>Avropada sol\u00e7u g\u0259ncl\u0259r h\u0259r\u0259kat\u0131n\u0131n v\u00fcs\u0259t ald\u0131\u011f\u0131 bir zaman, 1967-ci ilin iyununda \u0130ran h\u00f6kmdar\u0131 M\u0259h\u0259mm\u0259d Rza \u015fah P\u0259hl\u0259vi v\u0259 arvad\u0131 F\u0259r\u0259h qit\u0259y\u0259 s\u0259f\u0259r\u0259 \u00e7\u0131xd\u0131lar. Tacdar c\u00fctl\u00fck \u00c7exoslovakiya v\u0259 Fransadan sonra Q\u0259rbi Almaniyaya g\u0259ldi, may\u0131n 28-d\u0259 kansler Kurt Kizinqer il\u0259 g\u00f6r\u00fc\u015fd\u00fc, siyasi v\u0259 iqtisadi m\u00fcnasib\u0259tl\u0259ri geni\u015fl\u0259ndirm\u0259k \u00fc\u00e7\u00fcn bir s\u0131ra \u015f\u0259xsl\u0259rl\u0259 dan\u0131\u015f\u0131qlar apard\u0131. Onlar iyunun 2-d\u0259 o zaman ayr\u0131ca siyasi vahid olan Q\u0259rbi Berlini ziyar\u0259t ed\u0259c\u0259kdil\u0259r.<\/p>\n\n\n\n<p>\u015eah\u0131 \u201cmaarif\u00e7i monarx\u201d kimi t\u0259qdim ed\u0259n sa\u011f m\u0259tbuat bu s\u0259f\u0259ri \u0259lam\u0259tdar hadis\u0259 kimi \u00f6y\u00fcrd\u00fc. \u0130nsaf\u0259n, \u015fah\u0131n ba\u015flad\u0131\u011f\u0131 v\u0259 \u201cA\u011f inqilab\u201d ad\u0131 veril\u0259n islahatlar proqram\u0131 bunun \u00fc\u00e7\u00fcn m\u00fc\u0259yy\u0259n \u0259saslar da verirdi. \u00dcst\u0259lik, \u201cNeue Revue\u201d jurnal\u0131nda \u015fahbanu F\u0259r\u0259hin \u0130randak\u0131 v\u0259ziyy\u0259ti, x\u00fcsus\u0259n d\u0259 h\u0259yat s\u0259viyy\u0259sini \u00e7\u0259hray\u0131 tonlarla t\u0259svir ed\u0259n m\u0259qal\u0259si \u00e7ap olunmu\u015fdu.<\/p>\n\n\n\n<p>O zaman tan\u0131nm\u0131\u015f jurnalist, sonralar is\u0259 m\u0259\u015fhur terror\u00e7uya \u00e7evril\u0259c\u0259k Ulrika Maynhoff buna cavab olaraq \u201cF\u0259r\u0259h Dibaya a\u00e7\u0131q m\u0259ktub\u201d adl\u0131 m\u0259qal\u0259 yazd\u0131. M\u0259qal\u0259d\u0259 \u0130randa M\u0259h\u0259mm\u0259d M\u00fcs\u0259ddiq h\u00f6kum\u0259tinin devrilm\u0259sind\u0259n, \u0259halinin a\u015fa\u011f\u0131 h\u0259yat s\u0259viyy\u0259sind\u0259n,siyasi h\u00fcquqlar\u0131n yoxlu\u011fundan, h\u0259bsxanalardak\u0131 i\u015fg\u0259nc\u0259l\u0259rd\u0259n, korrupsiyadan b\u0259hs edilirdi.<\/p>\n\n\n\n<p>\u00d6z\u00fcn\u00fcn sol g\u00f6r\u00fc\u015fl\u0259rin\u0259 g\u00f6r\u0259 m\u00fchacir\u0259td\u0259 ya\u015fama\u011fa m\u0259cbur olan iranl\u0131 jurnalist v\u0259 publisist, \u201cPersiya, inki\u015faf ed\u0259n \u00f6lk\u0259 modeli, yoxsa azad d\u00fcnyan\u0131n diktaturas\u0131\u201d adl\u0131 populyar kitab\u0131n m\u00fc\u0259llifi B\u0259hm\u0259n Nirum\u0259nd d\u0259 iyunun 1-d\u0259 Azad Berlin Universitetind\u0259 3-4 min t\u0259l\u0259b\u0259 qar\u015f\u0131s\u0131nda yaddaqalan \u00e7\u0131x\u0131\u015f etdi.<\/p>\n\n\n\n<p>N\u0259tic\u0259d\u0259 t\u0259l\u0259b\u0259l\u0259rin AStA t\u0259\u015fkilat\u0131 etiraz aksiyalar\u0131 il\u0259 qar\u015f\u0131lamaq bar\u0259d\u0259 q\u0259rar q\u0259bul etdi. \u018fsas aksiyalar iki yerd\u0259 olacaqd\u0131: saat 12.00-da \u015e\u00f6nenberq ratu\u015fas\u0131 qar\u015f\u0131s\u0131nda v\u0259 saat 19.00-da Alman operas\u0131 qar\u015f\u0131s\u0131nda. H\u0259r\u00e7\u0259nd, ilk aksiya h\u0259l\u0259 iyulun 1-d\u0259 ba\u015f tutdu. \u00c7exoslovakiyan\u0131n h\u0259rbi missiyas\u0131 qar\u015f\u0131s\u0131na topla\u015fanlar sosialist \u00f6lk\u0259sind\u0259 \u015fah\u0131n h\u00f6rm\u0259t-izz\u0259tl\u0259 qar\u015f\u0131lanmas\u0131na etiraz etdil\u0259r.<\/p>\n\n\n\n<hr class=\"wp-block-separator\"\/>\n\n\n\n<p>S\u0259f\u0259r g\u00fcn\u00fc Q\u0259rbi Berlind\u0259 f\u00f6vq\u0259lad\u0259 v\u0259ziyy\u0259t h\u00f6km s\u00fcr\u00fcrd\u00fc. B\u00fct\u00fcn polis q\u00fcvv\u0259l\u0259ri s\u0259f\u0259rb\u0259r olunmu\u015fdu. \u015eah\u0131n ged\u0259c\u0259yi yerl\u0259r, ke\u00e7\u0259c\u0259yi yollar ciddi m\u00fchafiz\u0259 olunurdu. G\u00f6zl\u0259nilm\u0259z bir hadis\u0259nin ba\u015f ver\u0259c\u0259yi t\u0259qdird\u0259 tacdar c\u00fctl\u00fcy\u00fcn t\u0259xliy\u0259si v\u0259 ya t\u0259cili x\u0259st\u0259xanaya \u00e7atr\u0131d\u0131lmas\u0131 \u00fc\u00e7\u00fcn t\u0259dbirl\u0259r g\u00f6r\u00fclm\u00fc\u015fd\u00fc.<\/p>\n\n\n\n<p>Saat 11-d\u0259 \u015fah \u015f\u0259h\u0259rin f\u0259xri qonaqlar\u0131 \u00fc\u00e7\u00fcn n\u0259z\u0259rd\u0259 tutulan kitabda bir \u015feyl\u0259r yazmaq \u00fc\u00e7\u00fcn \u015f\u0259h\u0259r ratu\u015fas\u0131n\u0131 ziyar\u0259t etdi. Binan\u0131n qar\u015f\u0131s\u0131nda h\u0259m \u015fah\u0131n \u0259leyhdarlar\u0131 (alman g\u0259ncl\u0259rl\u0259 yana\u015f\u0131 iranl\u0131 m\u00fcxalifl\u0259r), h\u0259m d\u0259 t\u0259r\u0259fdarlar\u0131 topla\u015fm\u0131\u015fd\u0131. Daha azsayl\u0131 ikincil\u0259rin \u0259slind\u0259 \u0130ran\u0131n gizli polisi olan SAVAK-\u0131n \u0259m\u0259kda\u015flar\u0131 v\u0259 idman\u00e7\u0131lar oldu\u011fu g\u00fcman olunur.<\/p>\n\n\n\n<p>\u015eah hadis\u0259 yerin\u0259 g\u0259l\u0259nd\u0259 ona daha yax\u0131n m\u0259saf\u0259d\u0259 olan t\u0259r\u0259fdarlar\u0131 ucadan q\u0131\u015fq\u0131r\u0131r, uzaqdak\u0131 \u0259leyhdarlar\u0131n\u0131n etiraz s\u0259sl\u0259rini bat\u0131rma\u011fa \u00e7al\u0131\u015f\u0131rd\u0131lar. \u015eah binaya daxil olandan sonra is\u0259 t\u0259r\u0259fdarlar \u0259leyhdarlar\u0131n \u00fcz\u0259rin\u0259 h\u00fccuma ke\u00e7dil\u0259r. Saylar\u0131 az olsa da onlar daha haz\u0131rl\u0131ql\u0131 idil\u0259r. Buna g\u00f6r\u0259 d\u0259 \u0259leyhdarlar\u0131 xeyli \u0259zi\u015fdirdil\u0259r. \u018fminlikl\u0259 s\u00f6yl\u0259m\u0259k olar ki, g\u0259r bu h\u00fccum olmasayd\u0131, h\u0259r \u015fey ba\u015fqa c\u00fcr, daha dinc yekunla\u015fa bil\u0259rdi.<\/p>\n\n\n\n<p>M\u0259h\u0259mm\u0259d Rza v\u0259 F\u0259r\u0259h P\u0259hl\u0259vil\u0259r h\u0259min g\u00fcn Q\u0259rbi Berlinin bir s\u0131ra g\u00f6rm\u0259li yerl\u0259rind\u0259 oldular. M\u0259s\u0259l\u0259n, Belvyu, \u015earlottenburq saraylar\u0131n\u0131 ziyar\u0259t etdil\u0259r v\u0259 h\u0259r yerd\u0259 ki\u00e7ik etiraz\u00e7\u0131 qruplarla qar\u015f\u0131la\u015fd\u0131lar. Amma \u0259sas hadis\u0259l\u0259r ax\u015fam, Alman operas\u0131n\u0131n qar\u015f\u0131s\u0131nda ba\u015f verdi.<\/p>\n\n\n\n<hr class=\"wp-block-separator\"\/>\n\n\n\n<p>Bismark\u015ftrasse d\u0259 yerl\u0259\u015f\u0259n operada h\u0259min g\u00fcn Motsart\u0131n \u201cSehrli fleyta\u201ds\u0131 oynan\u0131l\u0131rd\u0131. Art\u0131q saat 18.30-da etiraz\u00e7\u0131lar y\u0131\u011f\u0131\u015fma\u011fa ba\u015flad\u0131lar. G\u00fcnd\u00fcz ba\u015f ver\u0259n hadis\u0259 \u00fcz\u00fcnd\u0259n g\u0259l\u0259nl\u0259r daha \u00e7ox v\u0259 daha radikal idil\u0259r. Qeyd edim ki, onlar\u0131n he\u00e7 d\u0259 ham\u0131s\u0131 \u0259qid\u0259li imperializm v\u0259 monarxiya \u0259leyhdar\u0131, insan haqlar\u0131 t\u0259r\u0259fdar\u0131 deyildi. Sad\u0259c\u0259 g\u0259ncliy\u0259 xas olan mac\u0259ra\u00e7\u0131l\u0131q onlar\u0131 aksiyaya c\u0259lb etmi\u015fdi.<\/p>\n\n\n\n<p>Polis n\u00fcmayi\u015f\u00e7il\u0259ri \u0259vv\u0259ld\u0259n aqressiv qar\u015f\u0131lad\u0131. Ayr\u0131lm\u0131\u015f yerd\u0259n k\u0259narda qalma\u011fa \u00e7al\u0131\u015fanlara qar\u015f\u0131 g\u00fcc t\u0259tbiq olundu. N\u00fcmayi\u015f\u00e7il\u0259r d\u0259 \u201cgestapo, gestapo\u201d dey\u0259r\u0259k q\u0131\u015fq\u0131rma\u011fa ba\u015flad\u0131lar. \u201cBizi orta \u0259sr despotuna g\u00f6r\u0259mi d\u00f6y\u00fcrs\u00fcz\u00fcn\u00fcz?\u201d \u2013 polisl\u0259r\u0259 \u00fcnvanlanan suallardan biri d\u0259 bel\u0259 idi.<\/p>\n\n\n\n<p>\u015eah v\u0259 F\u0259r\u0259h saat 20.00-a az qalm\u0131\u015f avtomobill\u0259 opera qar\u015f\u0131s\u0131na g\u0259ldil\u0259r. N\u00fcmayi\u015f\u00e7il\u0259r \u015fah\u0131 \u201cqatil, qatil\u201d \u00e7\u0131\u011f\u0131rt\u0131lar\u0131 il\u0259 qar\u015f\u0131lad\u0131lar. C\u00fctl\u00fcy\u0259 t\u0259r\u0259f m\u00fcxt\u0259lif \u0259\u015fyalar at\u0131ld\u0131, amma m\u0259qaf\u0259 uzaq idi. M\u0259tbuat\u0131n \u201c\u015fadlanan farslar\u201d (Jubelpersern) adland\u0131raca\u011f\u0131 \u015fah t\u0259r\u0259fdarlar\u0131 da burada idil\u0259r v\u0259 g\u00fcnd\u00fcz oldu\u011fu kimi monarxist \u015f\u00fcarlar s\u0259sl\u0259ndirirdil\u0259r.<\/p>\n\n\n\n<p>Deyil\u0259nl\u0259r\u0259 g\u00f6r\u0259, qonaqlarla birlikd\u0259 operaya daxil olan Berlinin burqomistri Henrix Alberts (maraql\u0131d\u0131r ki, o, hans\u0131sa sa\u011f\u00e7\u0131 partiyan\u0131n deyil, sosial-demokrat partiyas\u0131n\u0131n \u00fczv\u00fc idi) polis r\u0259isi Erix D\u00fcnsinq\u0259 \u201cm\u0259n \u00e7\u0131xanda k\u00fc\u00e7\u0259 bo\u015f olsun\u201d tap\u015f\u0131r\u0131\u011f\u0131n\u0131 verir. D\u00fcnsinq d\u0259 tabeliyind\u0259ki i\u015f\u00e7il\u0259r\u0259 n\u00fcmayi\u015f\u00e7il\u0259ri da\u011f\u0131tma\u011fa tap\u015f\u0131r\u0131r. Polisl\u0259r anla\u015f\u0131lmaz \u015f\u00f6vql\u0259 etiraz\u00e7\u0131lar\u0131 d\u00f6ym\u0259y\u0259 ba\u015flay\u0131rlar (onlar\u0131n aras\u0131nda bir polisin n\u00fcmayi\u015f\u00e7il\u0259r t\u0259r\u0259find\u0259n b\u0131\u00e7aqlanmas\u0131 bar\u0259d\u0259 yalan \u015fayi\u0259 dola\u015f\u0131rd\u0131). Jubelpersern d\u0259 h\u0259v\u0259sl\u0259 onlara k\u00f6m\u0259k edirl\u0259r.<\/p>\n\n\n\n<p>Faci\u0259 is\u0259 yax\u0131nl\u0131qda, Krumme\u015ftrasse 66 \u00fcnvan\u0131nda yerl\u0259\u015f\u0259n binan\u0131n h\u0259y\u0259tind\u0259 ba\u015f verdi. Burada polis bir ne\u00e7\u0259 etiraz\u00e7\u0131n\u0131 yaxalayaraq d\u00f6yd\u00fc. Sonra da, saat t\u0259xmin\u0259n 20.30-da Karl-Haynts Kurras adl\u0131 polis he\u00e7 bir ehtiyac olmadan silah\u0131n\u0131 \u00e7\u0259kdi v\u0259 n\u00fcmayi\u015f\u00e7il\u0259rd\u0259n birinin ba\u015f\u0131n\u0131n arxas\u0131na at\u0259\u015f a\u00e7d\u0131. Bu zaman h\u0259tta polisl\u0259r d\u0259 \u015foka d\u00fc\u015fd\u00fcl\u0259r. Onlardan biri Kurrasa \u201cs\u0259n d\u0259li olmusan, at\u0259\u015f niy\u0259 a\u00e7\u0131rsan?\u201d dey\u0259 q\u0131\u015fq\u0131rd\u0131.<\/p>\n\n\n\n<p>Yaralanan 26 ya\u015fl\u0131 Benno Onezorq idi. O, Azad Berlin universitetinin t\u0259l\u0259b\u0259si idi v\u0259 bir g\u00fcn \u0259vv\u0259l B\u0259hm\u0259n Nirum\u0259ndin \u00e7\u0131x\u0131\u015f\u0131na qulaq asandan sonra aksiyaya qo\u015fulmaq q\u0259rar\u0131na g\u0259lmi\u015fdi. Bu, onun i\u015ftirak etdiyi ilk siyasi aksiya idi. Hamil\u0259 arvad\u0131 Kristi d\u0259 onu m\u00fc\u015fayi\u0259t edirdi. Amma b\u0259zi m\u0259nb\u0259l\u0259r\u0259 g\u00f6r\u0259, Kristi aksiyada atmosferin g\u0259rgin oldu\u011funu g\u00f6r\u00fcb ev\u0259 d\u00f6nm\u00fc\u015fd\u00fc, dig\u0259r m\u0259nb\u0259l\u0259rd\u0259 is\u0259 \u0259r v\u0259 arvad\u0131n polis h\u00fccumu \u00fcz\u00fcnd\u0259n ayr\u0131 d\u00fc\u015fd\u00fckl\u0259ri deyilir.<\/p>\n\n\n\n<p>Polisl\u0259r t\u0259cili yard\u0131m \u00e7a\u011f\u0131rma\u011fa da t\u0259l\u0259sm\u0259dil\u0259r. N\u0259hay\u0259t hadis\u0259 yerin\u0259 g\u0259l\u0259n h\u0259kiml\u0259r Onezorqu x\u0259st\u0259xanaya g\u00f6t\u00fcrd\u00fcl\u0259r, amma o, yolda ke\u00e7idi.<\/p>\n\n\n\n<hr class=\"wp-block-separator\"\/>\n\n\n\n<p>Onezorqun q\u0259tli Almaniyada geni\u015f rezonans do\u011furdu. Almaniyan\u0131n m\u00fcxt\u0259lif \u015f\u0259h\u0259rl\u0259rind\u0259 ke\u00e7iril\u0259n aksiyalarda 100 mind\u0259n \u00e7ox insan i\u015ftirak etdi. C\u0259naz\u0259si ail\u0259sinin ya\u015fad\u0131\u011f\u0131 Hannover \u015f\u0259h\u0259rin\u0259 g\u00f6nd\u0259ril\u0259rk\u0259n Q\u0259rbi Berlin 15 minlik n\u00fcmayi\u015f ke\u00e7irildi. Hannoverd\u0259ki d\u0259fnd\u0259 is\u0259 7 min n\u0259f\u0259r i\u015ftirak edirdi.<\/p>\n\n\n\n<p>Hadis\u0259l\u0259r Q\u0259rbi Berlinin burqomistrinin istefas\u0131 il\u0259 n\u0259tic\u0259l\u0259ndi. Henrix Alberts g\u00fcnah\u0131 n\u00fcmayi\u015f\u00e7il\u0259rin \u00fcz\u0259rin\u0259 atma\u011fa \u00e7al\u0131\u015fd\u0131, amma h\u0259tta m\u0259nsub oldu\u011fu sosial-demokrat partiyas\u0131 ondan \u00fcz d\u00f6nd\u0259rdi. Berlin senat\u0131nda d\u0259st\u0259yi itir\u0259n burqomistr istefa verm\u0259li oldu. Daxili i\u015fl\u0259r \u00fczr\u0259 senator v\u0259 polis r\u0259isi d\u0259 v\u0259zif\u0259l\u0259ri il\u0259 xudahafizl\u0259\u015fdil\u0259r.<\/p>\n\n\n\n<p>Qatil \u00f6z\u00fc is\u0259, t\u0259\u0259ss\u00fcf ki, c\u0259zas\u0131z qald\u0131. Kurras \u00f6z\u00fcn\u00fcm\u00fcdafi\u0259 m\u0259qs\u0259dil\u0259 at\u0259\u015f a\u00e7d\u0131\u011f\u0131n\u0131 iddia edirdi v\u0259 h\u0259m \u00f6z\u00fc, h\u0259m d\u0259 i\u015f yolda\u015flar\u0131 yalan ifad\u0259l\u0259r verdil\u0259r. \u018fks ifad\u0259l\u0259r ver\u0259n \u015fahidl\u0259rin fikri is\u0259 m\u0259hk\u0259m\u0259 t\u0259r\u0259find\u0259n inkar edildi. Kurrasa b\u0259ra\u0259t verildi. Federal m\u0259hk\u0259m\u0259nin i\u015fi geri qaytarmasndan sonra ikinci d\u0259f\u0259 b\u0259ra\u0259t ald\u0131. H\u00fcquqi prosedurlar bit\u0259nd\u0259n sonra Kurras 1971-ci ild\u0259 polisd\u0259ki i\u015fin\u0259 b\u0259rpa olundu v\u0259 1987-ci ild\u0259 t\u0259qa\u00fcd\u0259 \u00e7\u0131xd\u0131.<\/p>\n\n\n\n<p>2 iyun hadis\u0259si Almaniyan\u0131n tarixind\u0259 x\u00fcsusi yer tutur. O, sol\u00e7u g\u0259ncliyin radikalla\u015fmas\u0131na s\u0259b\u0259b oldu. H\u0259min g\u00fcnl\u0259r ke\u00e7iril\u0259n t\u0259dbirl\u0259rin birind\u0259 Qudrun Enslin adl\u0131 g\u0259nc qad\u0131n deyirdi: \u201cOnlar bizim ham\u0131m\u0131z\u0131 \u00f6ld\u00fcr\u0259c\u0259kl\u0259r. Bu, Osventsim n\u0259slidir. Siz Osventsimi in\u015fa ed\u0259n insanlarla m\u00fcbahis\u0259 apara bilm\u0259zsiniz. Biz silahlanmal\u0131y\u0131q\u201d. Onu da deyim, Enslin h\u0259qiq\u0259td\u0259n uzaq deyildi. H\u0259min d\u00f6vrd\u0259 Q\u0259rbi Almaniyan\u0131n kansleri olan Kurt Kizinqer 1933-1945-ci ill\u0259rd\u0259 nasist partiyas\u0131n\u0131n \u00fczv\u00fc olmu\u015fdu.<\/p>\n\n\n\n<p>Hadis\u0259l\u0259rd\u0259n bir ay sonra Almaniyada \u201cQ\u0131rm\u0131z\u0131 Ordu Fraksiyas\u0131\u201d (Rote Armee Fraktion, RAF) adl\u0131 sol\u00e7u terror t\u0259\u015fkilat\u0131 yarad\u0131ld\u0131. Onu qurucular\u0131 aras\u0131nda m\u0259qal\u0259d\u0259 ad\u0131 ke\u00e7\u0259n Ulrika Maynhoff, Qudrun Enslinl\u0259 yana\u015f\u0131 Andreas Baader, Horst Maler vard\u0131. Daha bir terror t\u0259\u015fkilat\u0131 is\u0259 1972-ci ild\u0259 yarand\u0131 v\u0259 ad\u0131 da \u201c2 iyun h\u0259r\u0259kat\u0131 idi\u201d. Onlar q\u0259tll\u0259r, adam o\u011furlu\u011fu, bank soy\u011funu, t\u0259yyar\u0259 qa\u00e7\u0131rmas\u0131, supermarketl\u0259rin yand\u0131r\u0131lmas\u0131 kimi terror aksiyalar\u0131 t\u00f6r\u0259tdil\u0259r.<\/p>\n\n\n\n<hr class=\"wp-block-separator\"\/>\n\n\n\n<p>\u0130ki Almaniyan\u0131n birl\u0259\u015fm\u0259sind\u0259n sonra kommunist \u015e\u0259rqi Almaniyan\u0131n gizli polisi olan \u015etazinin s\u0259n\u0259dl\u0259ri ara\u015fd\u0131r\u0131lma\u011fa ba\u015flan\u0131ld\u0131 v\u0259 2009-cu ild\u0259 heyr\u0259tamiz bir fakt ortaya \u00e7\u0131xd\u0131. Benno Onezorqu \u00f6ld\u00fcr\u0259n Kurras 1955-ci ild\u0259n \u015etazinin m\u0259xfi agenti, 1964-c ild\u0259n is\u0259 \u015e\u0259rqi Almaniyada hakim Almaniya Vahid Sosialist Partiyas\u0131n\u0131n \u00fczv\u00fc imi\u015f. Ba\u015fqa s\u00f6zl\u0259, Q\u0259rbi Almaniya sol\u00e7ular\u0131n\u0131n v\u0259 marksistl\u0259rinin b\u0259lk\u0259 \u0259n \u00e7ox nifr\u0259t etdikl\u0259ri adam \u00f6z\u00fc sol\u00e7u v\u0259 marksist idi.<\/p>\n\n\n\n<p>Do\u011frudur, q\u0259tlin \u015etazinin g\u00f6st\u0259ri\u015fi il\u0259 ba\u015f verm\u0259si bar\u0259d\u0259 he\u00e7 bir s\u0259n\u0259d m\u00f6vcud deyil. \u018fksin\u0259, hadis\u0259ni agentl\u0259rinin t\u00f6r\u0259tdiyini bil\u0259n qurum r\u0259hb\u0259rliyinin \u015foka d\u00fc\u015fd\u00fcy\u00fc m\u0259lumdur. Onlar Kurrasla b\u00fct\u00fcn \u0259laq\u0259l\u0259ri d\u0259rhal k\u0259sdil\u0259r v\u0259 daha \u0259m\u0259kda\u015fl\u0131\u011fa c\u0259lb etm\u0259dil\u0259r. Bununla bel\u0259, maraql\u0131d\u0131r ki, \u0130ran \u015fah\u0131na qar\u015f\u0131 etiraz ed\u0259n \u015f\u0259xsi \u00f6ld\u00fcr\u0259n Kurras partiyadan qovulmam\u0131\u015fd\u0131.<\/p>\n","protected":false},"excerpt":{"rendered":"<p>Hadis\u0259l\u0259r Q\u0259rbi Berlinin burqomistrinin istefas\u0131 il\u0259 n\u0259tic\u0259l\u0259ndi Avropada sol\u00e7u g\u0259ncl\u0259r &#8230; <\/p>\n<p class=\"read-more-container\"><a title=\"Almaniyan\u0131 d\u0259yi\u015f\u0259n q\u0259tl\" class=\"read-more button\" href=\"https:\/\/www.meydan.tv\/az\/article\/almaniyani-deyisen-qetl\/#more-238178\" aria-label=\"Read more about Almaniyan\u0131 d\u0259yi\u015f\u0259n q\u0259tl\">Davam\u0131<\/a><\/p>\n","protected":false},"author":8,"featured_media":119327,"comment_status":"closed","ping_status":"closed","sticky":false,"template":"","format":"standard","meta":{"_acf_changed":false,"_sitemap_exclude":false,"_sitemap_priority":"","_sitemap_frequency":"","footnotes":""},"categories":[57],"tags":[],"class_list":["post-238178","post","type-post","status-publish","format-standard","has-post-thumbnail","hentry","category-menim-fikrimce","infinite-scroll-item","generate-columns","tablet-grid-50","mobile-grid-100","grid-parent","grid-33","no-featured-image-padding"],"acf":[],"yoast_head":"<!-- This site is optimized with the Yoast SEO plugin v27.4 - https:\/\/yoast.com\/product\/yoast-seo-wordpress\/ -->\n<title>Almaniyan\u0131 d\u0259yi\u015f\u0259n q\u0259tl - MEYDAN.TV<\/title>\n<meta name=\"robots\" content=\"index, follow, max-snippet:-1, max-image-preview:large, max-video-preview:-1\" \/>\n<link rel=\"canonical\" href=\"https:\/\/www.meydan.tv\/az\/article\/almaniyani-deyisen-qetl\/\" \/>\n<meta property=\"og:locale\" content=\"az_AZ\" \/>\n<meta property=\"og:type\" content=\"article\" \/>\n<meta property=\"og:title\" content=\"Almaniyan\u0131 d\u0259yi\u015f\u0259n q\u0259tl - MEYDAN.TV\" \/>\n<meta property=\"og:description\" content=\"Hadis\u0259l\u0259r Q\u0259rbi Berlinin burqomistrinin istefas\u0131 il\u0259 n\u0259tic\u0259l\u0259ndi Avropada sol\u00e7u g\u0259ncl\u0259r ... Davam\u0131\" \/>\n<meta property=\"og:url\" content=\"https:\/\/www.meydan.tv\/az\/article\/almaniyani-deyisen-qetl\/\" \/>\n<meta property=\"og:site_name\" content=\"MEYDAN.TV\" \/>\n<meta property=\"article:published_time\" content=\"2022-03-12T17:18:41+00:00\" \/>\n<meta property=\"article:modified_time\" content=\"2022-03-12T17:18:42+00:00\" \/>\n<meta property=\"og:image\" content=\"https:\/\/www.meydan.tv\/wp-content\/uploads\/3cb67e7d-b10f-4c21-a950-7ff09b6b8f8f-scaled.jpeg\" \/>\n\t<meta property=\"og:image:width\" content=\"2560\" \/>\n\t<meta property=\"og:image:height\" content=\"1440\" \/>\n\t<meta property=\"og:image:type\" content=\"image\/jpeg\" \/>\n<meta name=\"author\" content=\"elli\" \/>\n<meta name=\"twitter:card\" content=\"summary_large_image\" \/>\n<meta name=\"twitter:creator\" content=\"@elli\" \/>\n<script type=\"application\/ld+json\" class=\"yoast-schema-graph\">{\"@context\":\"https:\\\/\\\/schema.org\",\"@graph\":[{\"@type\":\"Article\",\"@id\":\"https:\\\/\\\/www.meydan.tv\\\/az\\\/article\\\/almaniyani-deyisen-qetl\\\/#article\",\"isPartOf\":{\"@id\":\"https:\\\/\\\/www.meydan.tv\\\/az\\\/article\\\/almaniyani-deyisen-qetl\\\/\"},\"author\":{\"name\":\"elli\",\"@id\":\"https:\\\/\\\/www.meydan.tv\\\/az\\\/#\\\/schema\\\/person\\\/9cdbecf90d17180ce1dfbd95b08dcf47\"},\"headline\":\"Almaniyan\u0131 d\u0259yi\u015f\u0259n q\u0259tl\",\"datePublished\":\"2022-03-12T17:18:41+00:00\",\"dateModified\":\"2022-03-12T17:18:42+00:00\",\"mainEntityOfPage\":{\"@id\":\"https:\\\/\\\/www.meydan.tv\\\/az\\\/article\\\/almaniyani-deyisen-qetl\\\/\"},\"wordCount\":1946,\"publisher\":{\"@id\":\"https:\\\/\\\/www.meydan.tv\\\/az\\\/#organization\"},\"image\":{\"@id\":\"https:\\\/\\\/www.meydan.tv\\\/az\\\/article\\\/almaniyani-deyisen-qetl\\\/#primaryimage\"},\"thumbnailUrl\":\"https:\\\/\\\/www.meydan.tv\\\/wp-content\\\/uploads\\\/3cb67e7d-b10f-4c21-a950-7ff09b6b8f8f-scaled-e1684405162756.jpeg\",\"articleSection\":[\"M\u0259nim Fikrimc\u0259\"],\"inLanguage\":\"az\"},{\"@type\":\"WebPage\",\"@id\":\"https:\\\/\\\/www.meydan.tv\\\/az\\\/article\\\/almaniyani-deyisen-qetl\\\/\",\"url\":\"https:\\\/\\\/www.meydan.tv\\\/az\\\/article\\\/almaniyani-deyisen-qetl\\\/\",\"name\":\"Almaniyan\u0131 d\u0259yi\u015f\u0259n q\u0259tl - MEYDAN.TV\",\"isPartOf\":{\"@id\":\"https:\\\/\\\/www.meydan.tv\\\/az\\\/#website\"},\"primaryImageOfPage\":{\"@id\":\"https:\\\/\\\/www.meydan.tv\\\/az\\\/article\\\/almaniyani-deyisen-qetl\\\/#primaryimage\"},\"image\":{\"@id\":\"https:\\\/\\\/www.meydan.tv\\\/az\\\/article\\\/almaniyani-deyisen-qetl\\\/#primaryimage\"},\"thumbnailUrl\":\"https:\\\/\\\/www.meydan.tv\\\/wp-content\\\/uploads\\\/3cb67e7d-b10f-4c21-a950-7ff09b6b8f8f-scaled-e1684405162756.jpeg\",\"datePublished\":\"2022-03-12T17:18:41+00:00\",\"dateModified\":\"2022-03-12T17:18:42+00:00\",\"breadcrumb\":{\"@id\":\"https:\\\/\\\/www.meydan.tv\\\/az\\\/article\\\/almaniyani-deyisen-qetl\\\/#breadcrumb\"},\"inLanguage\":\"az\",\"potentialAction\":[{\"@type\":\"ReadAction\",\"target\":[\"https:\\\/\\\/www.meydan.tv\\\/az\\\/article\\\/almaniyani-deyisen-qetl\\\/\"]}]},{\"@type\":\"ImageObject\",\"inLanguage\":\"az\",\"@id\":\"https:\\\/\\\/www.meydan.tv\\\/az\\\/article\\\/almaniyani-deyisen-qetl\\\/#primaryimage\",\"url\":\"https:\\\/\\\/www.meydan.tv\\\/wp-content\\\/uploads\\\/3cb67e7d-b10f-4c21-a950-7ff09b6b8f8f-scaled-e1684405162756.jpeg\",\"contentUrl\":\"https:\\\/\\\/www.meydan.tv\\\/wp-content\\\/uploads\\\/3cb67e7d-b10f-4c21-a950-7ff09b6b8f8f-scaled-e1684405162756.jpeg\",\"width\":2560,\"height\":1203,\"caption\":\"Foto: Meydan Tv\"},{\"@type\":\"BreadcrumbList\",\"@id\":\"https:\\\/\\\/www.meydan.tv\\\/az\\\/article\\\/almaniyani-deyisen-qetl\\\/#breadcrumb\",\"itemListElement\":[{\"@type\":\"ListItem\",\"position\":1,\"name\":\"Ana s\u0259hif\u0259\",\"item\":\"https:\\\/\\\/www.meydan.tv\\\/az\\\/\"},{\"@type\":\"ListItem\",\"position\":2,\"name\":\"M\u0259nim Fikrimc\u0259\",\"item\":\"https:\\\/\\\/www.meydan.tv\\\/az\\\/section\\\/menim-fikrimce\\\/\"},{\"@type\":\"ListItem\",\"position\":3,\"name\":\"Almaniyan\u0131 d\u0259yi\u015f\u0259n q\u0259tl\"}]},{\"@type\":\"WebSite\",\"@id\":\"https:\\\/\\\/www.meydan.tv\\\/az\\\/#website\",\"url\":\"https:\\\/\\\/www.meydan.tv\\\/az\\\/\",\"name\":\"MEYDAN.TV\",\"description\":\"Meydan TV Az\u0259rbaycan\u0131n media m\u0259kan\u0131ndak\u0131 alternativ s\u0259sidir\",\"publisher\":{\"@id\":\"https:\\\/\\\/www.meydan.tv\\\/az\\\/#organization\"},\"potentialAction\":[{\"@type\":\"SearchAction\",\"target\":{\"@type\":\"EntryPoint\",\"urlTemplate\":\"https:\\\/\\\/www.meydan.tv\\\/az\\\/?s={search_term_string}\"},\"query-input\":{\"@type\":\"PropertyValueSpecification\",\"valueRequired\":true,\"valueName\":\"search_term_string\"}}],\"inLanguage\":\"az\"},{\"@type\":\"Organization\",\"@id\":\"https:\\\/\\\/www.meydan.tv\\\/az\\\/#organization\",\"name\":\"Meydan TV\",\"url\":\"https:\\\/\\\/www.meydan.tv\\\/az\\\/\",\"logo\":{\"@type\":\"ImageObject\",\"inLanguage\":\"az\",\"@id\":\"https:\\\/\\\/www.meydan.tv\\\/az\\\/#\\\/schema\\\/logo\\\/image\\\/\",\"url\":\"https:\\\/\\\/www.meydan.tv\\\/wp-content\\\/uploads\\\/2021\\\/07\\\/meydan-logo.svg\",\"contentUrl\":\"https:\\\/\\\/www.meydan.tv\\\/wp-content\\\/uploads\\\/2021\\\/07\\\/meydan-logo.svg\",\"width\":195,\"height\":46,\"caption\":\"Meydan TV\"},\"image\":{\"@id\":\"https:\\\/\\\/www.meydan.tv\\\/az\\\/#\\\/schema\\\/logo\\\/image\\\/\"}},{\"@type\":\"Person\",\"@id\":\"https:\\\/\\\/www.meydan.tv\\\/az\\\/#\\\/schema\\\/person\\\/9cdbecf90d17180ce1dfbd95b08dcf47\",\"name\":\"elli\",\"sameAs\":[\"https:\\\/\\\/x.com\\\/elli\"]}]}<\/script>\n<!-- \/ Yoast SEO plugin. -->","yoast_head_json":{"title":"Almaniyan\u0131 d\u0259yi\u015f\u0259n q\u0259tl - MEYDAN.TV","robots":{"index":"index","follow":"follow","max-snippet":"max-snippet:-1","max-image-preview":"max-image-preview:large","max-video-preview":"max-video-preview:-1"},"canonical":"https:\/\/www.meydan.tv\/az\/article\/almaniyani-deyisen-qetl\/","og_locale":"az_AZ","og_type":"article","og_title":"Almaniyan\u0131 d\u0259yi\u015f\u0259n q\u0259tl - MEYDAN.TV","og_description":"Hadis\u0259l\u0259r Q\u0259rbi Berlinin burqomistrinin istefas\u0131 il\u0259 n\u0259tic\u0259l\u0259ndi Avropada sol\u00e7u g\u0259ncl\u0259r ... Davam\u0131","og_url":"https:\/\/www.meydan.tv\/az\/article\/almaniyani-deyisen-qetl\/","og_site_name":"MEYDAN.TV","article_published_time":"2022-03-12T17:18:41+00:00","article_modified_time":"2022-03-12T17:18:42+00:00","og_image":[{"width":2560,"height":1440,"url":"https:\/\/www.meydan.tv\/wp-content\/uploads\/3cb67e7d-b10f-4c21-a950-7ff09b6b8f8f-scaled.jpeg","type":"image\/jpeg"}],"author":"elli","twitter_card":"summary_large_image","twitter_creator":"@elli","schema":{"@context":"https:\/\/schema.org","@graph":[{"@type":"Article","@id":"https:\/\/www.meydan.tv\/az\/article\/almaniyani-deyisen-qetl\/#article","isPartOf":{"@id":"https:\/\/www.meydan.tv\/az\/article\/almaniyani-deyisen-qetl\/"},"author":{"name":"elli","@id":"https:\/\/www.meydan.tv\/az\/#\/schema\/person\/9cdbecf90d17180ce1dfbd95b08dcf47"},"headline":"Almaniyan\u0131 d\u0259yi\u015f\u0259n q\u0259tl","datePublished":"2022-03-12T17:18:41+00:00","dateModified":"2022-03-12T17:18:42+00:00","mainEntityOfPage":{"@id":"https:\/\/www.meydan.tv\/az\/article\/almaniyani-deyisen-qetl\/"},"wordCount":1946,"publisher":{"@id":"https:\/\/www.meydan.tv\/az\/#organization"},"image":{"@id":"https:\/\/www.meydan.tv\/az\/article\/almaniyani-deyisen-qetl\/#primaryimage"},"thumbnailUrl":"https:\/\/www.meydan.tv\/wp-content\/uploads\/3cb67e7d-b10f-4c21-a950-7ff09b6b8f8f-scaled-e1684405162756.jpeg","articleSection":["M\u0259nim Fikrimc\u0259"],"inLanguage":"az"},{"@type":"WebPage","@id":"https:\/\/www.meydan.tv\/az\/article\/almaniyani-deyisen-qetl\/","url":"https:\/\/www.meydan.tv\/az\/article\/almaniyani-deyisen-qetl\/","name":"Almaniyan\u0131 d\u0259yi\u015f\u0259n q\u0259tl - MEYDAN.TV","isPartOf":{"@id":"https:\/\/www.meydan.tv\/az\/#website"},"primaryImageOfPage":{"@id":"https:\/\/www.meydan.tv\/az\/article\/almaniyani-deyisen-qetl\/#primaryimage"},"image":{"@id":"https:\/\/www.meydan.tv\/az\/article\/almaniyani-deyisen-qetl\/#primaryimage"},"thumbnailUrl":"https:\/\/www.meydan.tv\/wp-content\/uploads\/3cb67e7d-b10f-4c21-a950-7ff09b6b8f8f-scaled-e1684405162756.jpeg","datePublished":"2022-03-12T17:18:41+00:00","dateModified":"2022-03-12T17:18:42+00:00","breadcrumb":{"@id":"https:\/\/www.meydan.tv\/az\/article\/almaniyani-deyisen-qetl\/#breadcrumb"},"inLanguage":"az","potentialAction":[{"@type":"ReadAction","target":["https:\/\/www.meydan.tv\/az\/article\/almaniyani-deyisen-qetl\/"]}]},{"@type":"ImageObject","inLanguage":"az","@id":"https:\/\/www.meydan.tv\/az\/article\/almaniyani-deyisen-qetl\/#primaryimage","url":"https:\/\/www.meydan.tv\/wp-content\/uploads\/3cb67e7d-b10f-4c21-a950-7ff09b6b8f8f-scaled-e1684405162756.jpeg","contentUrl":"https:\/\/www.meydan.tv\/wp-content\/uploads\/3cb67e7d-b10f-4c21-a950-7ff09b6b8f8f-scaled-e1684405162756.jpeg","width":2560,"height":1203,"caption":"Foto: Meydan Tv"},{"@type":"BreadcrumbList","@id":"https:\/\/www.meydan.tv\/az\/article\/almaniyani-deyisen-qetl\/#breadcrumb","itemListElement":[{"@type":"ListItem","position":1,"name":"Ana s\u0259hif\u0259","item":"https:\/\/www.meydan.tv\/az\/"},{"@type":"ListItem","position":2,"name":"M\u0259nim Fikrimc\u0259","item":"https:\/\/www.meydan.tv\/az\/section\/menim-fikrimce\/"},{"@type":"ListItem","position":3,"name":"Almaniyan\u0131 d\u0259yi\u015f\u0259n q\u0259tl"}]},{"@type":"WebSite","@id":"https:\/\/www.meydan.tv\/az\/#website","url":"https:\/\/www.meydan.tv\/az\/","name":"MEYDAN.TV","description":"Meydan TV Az\u0259rbaycan\u0131n media m\u0259kan\u0131ndak\u0131 alternativ s\u0259sidir","publisher":{"@id":"https:\/\/www.meydan.tv\/az\/#organization"},"potentialAction":[{"@type":"SearchAction","target":{"@type":"EntryPoint","urlTemplate":"https:\/\/www.meydan.tv\/az\/?s={search_term_string}"},"query-input":{"@type":"PropertyValueSpecification","valueRequired":true,"valueName":"search_term_string"}}],"inLanguage":"az"},{"@type":"Organization","@id":"https:\/\/www.meydan.tv\/az\/#organization","name":"Meydan TV","url":"https:\/\/www.meydan.tv\/az\/","logo":{"@type":"ImageObject","inLanguage":"az","@id":"https:\/\/www.meydan.tv\/az\/#\/schema\/logo\/image\/","url":"https:\/\/www.meydan.tv\/wp-content\/uploads\/2021\/07\/meydan-logo.svg","contentUrl":"https:\/\/www.meydan.tv\/wp-content\/uploads\/2021\/07\/meydan-logo.svg","width":195,"height":46,"caption":"Meydan TV"},"image":{"@id":"https:\/\/www.meydan.tv\/az\/#\/schema\/logo\/image\/"}},{"@type":"Person","@id":"https:\/\/www.meydan.tv\/az\/#\/schema\/person\/9cdbecf90d17180ce1dfbd95b08dcf47","name":"elli","sameAs":["https:\/\/x.com\/elli"]}]}},"_links":{"self":[{"href":"https:\/\/www.meydan.tv\/az\/wp-json\/wp\/v2\/posts\/238178","targetHints":{"allow":["GET"]}}],"collection":[{"href":"https:\/\/www.meydan.tv\/az\/wp-json\/wp\/v2\/posts"}],"about":[{"href":"https:\/\/www.meydan.tv\/az\/wp-json\/wp\/v2\/types\/post"}],"author":[{"embeddable":true,"href":"https:\/\/www.meydan.tv\/az\/wp-json\/wp\/v2\/users\/8"}],"replies":[{"embeddable":true,"href":"https:\/\/www.meydan.tv\/az\/wp-json\/wp\/v2\/comments?post=238178"}],"version-history":[{"count":2,"href":"https:\/\/www.meydan.tv\/az\/wp-json\/wp\/v2\/posts\/238178\/revisions"}],"predecessor-version":[{"id":239789,"href":"https:\/\/www.meydan.tv\/az\/wp-json\/wp\/v2\/posts\/238178\/revisions\/239789"}],"wp:featuredmedia":[{"embeddable":true,"href":"https:\/\/www.meydan.tv\/az\/wp-json\/wp\/v2\/media\/119327"}],"wp:attachment":[{"href":"https:\/\/www.meydan.tv\/az\/wp-json\/wp\/v2\/media?parent=238178"}],"wp:term":[{"taxonomy":"category","embeddable":true,"href":"https:\/\/www.meydan.tv\/az\/wp-json\/wp\/v2\/categories?post=238178"},{"taxonomy":"post_tag","embeddable":true,"href":"https:\/\/www.meydan.tv\/az\/wp-json\/wp\/v2\/tags?post=238178"}],"curies":[{"name":"wp","href":"https:\/\/api.w.org\/{rel}","templated":true}]}}