{"id":238138,"date":"2022-03-11T17:05:47","date_gmt":"2022-03-11T13:05:47","guid":{"rendered":"https:\/\/www.meydan.tv\/?p=238138"},"modified":"2022-03-11T18:38:22","modified_gmt":"2022-03-11T14:38:22","slug":"rustem-ibrahimbeyov-vefat-edib","status":"publish","type":"post","link":"https:\/\/www.meydan.tv\/az\/article\/rustem-ibrahimbeyov-vefat-edib\/","title":{"rendered":"R\u00fcst\u0259m \u0130brahimb\u0259yov v\u0259fat edib"},"content":{"rendered":"\n<p><em>Xalq yaz\u0131\u00e7\u0131s\u0131n\u0131n uzun s\u00fcr\u0259n x\u0259st\u0259likd\u0259n \u00f6ld\u00fcy\u00fc bildirilir<\/em><\/p>\n\n\n\n<p>Xalq yaz\u0131\u00e7\u0131s\u0131, Az\u0259rbaycan Kinematoqraf\u00e7\u0131lar \u0130ttifaq\u0131n\u0131n (AK\u0130) s\u0259dri, kinodramaturq R\u00fcst\u0259m \u0130brahimb\u0259yov v\u0259fat edib.<\/p>\n\n\n\n<p>AK\u0130-d\u0259n Meydan TV-y\u0259 bildirilib ki, m\u0259rhumun n\u0259\u015fi mart\u0131n 12-d\u0259 Bak\u0131ya g\u0259tiril\u0259c\u0259k.<\/p>\n\n\n\n<p>Dramaturqun q\u0131z\u0131 Fatim\u0259 \u0130brahimb\u0259yova Rusiya medias\u0131na atas\u0131n\u0131n \u00f6l\u00fcm\u00fcn\u00fc <a href=\"https:\/\/tass.ru\/kultura\/14042069\" target=\"_blank\" rel=\"noreferrer noopener\">t\u0259sdiql\u0259yib<\/a>. O deyib ki, atas\u0131 uzun m\u00fcdd\u0259t &#8211; \u00fc\u00e7 ay x\u0259st\u0259likd\u0259n \u0259ziyy\u0259t \u00e7\u0259kib.<\/p>\n\n\n\n<p>R\u00fcst\u0259m \u0130brahimb\u0259yov uzun s\u00fcr\u0259n x\u0259st\u0259likd\u0259n sonra 83 ya\u015f\u0131nda v\u0259fat edib.<\/p>\n\n\n\n<p>R\u00fcst\u0259m \u0130brahimb\u0259yov 1939-cu ild\u0259 Bak\u0131da do\u011fulub.<\/p>\n\n\n\n<p>Az\u0259rbaycan Neft v\u0259 Kimya \u0130nsitutunu bitirib. H\u0259m\u00e7inin Moskvada \u00dcmumittifaq D\u00f6vl\u0259t Kinematoqrafiya \u0130nstitutunda ssenarist v\u0259 rejissor ixtisaslar\u0131na yiy\u0259l\u0259nib.<\/p>\n\n\n\n<p>Onun \u0259s\u0259rl\u0259ri \u0259sas\u0131nda q\u0131rxdan \u00e7ox b\u0259dii, televiziya filml\u0259ri v\u0259 tama\u015falar\u0131 \u00e7\u0259kilib. H\u0259m\u00e7inin pyesl\u0259ri s\u0259hn\u0259l\u0259\u015fdirilib.<\/p>\n\n\n\n<p>2005-ci ild\u0259 Qazax\u0131stan Prezidenti Nursultan Nazarbayevin sifari\u015fi il\u0259 R\u00fcst\u0259m \u0130brahimb\u0259yovun ssenarisi \u0259sas\u0131nda \u201cK\u00f6\u00e7\u0259ril\u0259r\u201d filmi \u00e7\u0259kilib.<\/p>\n\n\n\n<p>Film 2007-ci ild\u0259 \u201cOskar\u201d m\u00fckafat\u0131na t\u0259qdim olunmas\u0131 bar\u0259d\u0259 t\u0259klif al\u0131b.<\/p>\n\n\n\n<p>\u00c7\u0259kili\u015fl\u0259r\u0259 30 milyon dollar d\u00f6vl\u0259t v\u0259saiti x\u0259rcl\u0259nib.<\/p>\n\n\n\n<p>Filmin bir n\u00fcsx\u0259si Az\u0259rbaycan D\u00f6vl\u0259t Film Fonduna h\u0259diyy\u0259 edilib.<\/p>\n\n\n\n<p>R\u00fcst\u0259m \u0130brahimb\u0259yov Az\u0259rbaycan Kinematoqraf\u00e7\u0131lar \u0130ttifaq\u0131n\u0131n (1981) katibidir.<\/p>\n\n\n\n<p>O, 2001-ci ild\u0259 \u201c\u0130bRus\u201d teatr\u0131n\u0131 (\u0130B- \u0130brahimb\u0259yov, RUS-R\u00fcst\u0259m) yarad\u0131b.<\/p>\n\n\n\n<p>R\u00fcst\u0259m \u0130brahimb\u0259yovun \u0130\u00e7\u0259ri\u015f\u0259h\u0259rd\u0259ki \u015f\u0259xsi evind\u0259 yerl\u0259\u015f\u0259n \u201c\u0130bRus\u201dda tama\u015falar iki dild\u0259: Az\u0259rbaycan v\u0259 rus dill\u0259rind\u0259 oynan\u0131l\u0131b.<\/p>\n\n\n\n<p>Teatr\u0131n f\u0259aliyy\u0259ti Xalq yaz\u0131\u00e7\u0131s\u0131n\u0131n siyasi f\u0259aliyy\u0259tind\u0259n dolay\u0131 \u00f6lk\u0259ni t\u0259rk etm\u0259sind\u0259n bir m\u00fcdd\u0259t sonra dayand\u0131rl\u0131b.<\/p>\n\n\n\n<p>M\u00fcxalif siyasi q\u00fcvv\u0259l\u0259rin birl\u0259\u015fdiyi Milli \u015eura 2013-c\u00fc ilin prezident se\u00e7kisind\u0259 R\u00fcst\u0259m \u0130brahimb\u0259yovun namiz\u0259dliyini ir\u0259li s\u00fcrm\u00fc\u015fd\u00fc. Lakin \u0130brahimb\u0259yovun Rusiya v\u0259t\u0259nda\u015fl\u0131\u011f\u0131n\u0131 s\u0259b\u0259b g\u0259tir\u0259n M\u0259rk\u0259zi Se\u00e7ki Komissiyas\u0131 (MSK) onun namiz\u0259dliyini qeyd\u0259 almaqdan imtina etmi\u015fdi. H\u0259min vaxtdan \u0130brahimb\u0259yov Az\u0259rbaycandan k\u0259narda ya\u015fay\u0131rd\u0131.<\/p>\n\n\n\n<p>\u0130ll\u0259rl\u0259 m\u00fchacir\u0259td\u0259 ya\u015fayan R\u00fcst\u0259m \u0130brahimb\u0259yov qarda\u015f\u0131 Xalq yaz\u0131\u00e7\u0131s\u0131 Maqsud \u0130brahimb\u0259yovun v\u0259fat\u0131ndan sonra Az\u0259rbaycana g\u0259lib.<\/p>\n\n\n\n<p>Sonralar o, Az\u0259rbaycana tez-tez g\u0259lirdi, m\u00fcxt\u0259lif t\u0259dbirl\u0259rd\u0259 i\u015ftirak edirdi.<\/p>\n","protected":false},"excerpt":{"rendered":"<p>Xalq yaz\u0131\u00e7\u0131s\u0131n\u0131n uzun s\u00fcr\u0259n x\u0259st\u0259likd\u0259n \u00f6ld\u00fcy\u00fc bildirilir Xalq yaz\u0131\u00e7\u0131s\u0131, Az\u0259rbaycan &#8230; <\/p>\n<p class=\"read-more-container\"><a title=\"R\u00fcst\u0259m \u0130brahimb\u0259yov v\u0259fat edib\" class=\"read-more button\" href=\"https:\/\/www.meydan.tv\/az\/article\/rustem-ibrahimbeyov-vefat-edib\/#more-238138\" aria-label=\"Read more about R\u00fcst\u0259m \u0130brahimb\u0259yov v\u0259fat edib\">Davam\u0131<\/a><\/p>\n","protected":false},"author":8,"featured_media":128255,"comment_status":"closed","ping_status":"closed","sticky":false,"template":"","format":"standard","meta":{"_acf_changed":false,"_sitemap_exclude":false,"_sitemap_priority":"","_sitemap_frequency":"","footnotes":""},"categories":[52,79,56],"tags":[],"class_list":["post-238138","post","type-post","status-publish","format-standard","has-post-thumbnail","hentry","category-medeniyyet","category-featured","category-xeberler","infinite-scroll-item","generate-columns","tablet-grid-50","mobile-grid-100","grid-parent","grid-33","no-featured-image-padding"],"acf":[],"yoast_head":"<!-- This site is optimized with the Yoast SEO plugin v27.4 - https:\/\/yoast.com\/product\/yoast-seo-wordpress\/ -->\n<title>R\u00fcst\u0259m \u0130brahimb\u0259yov v\u0259fat edib - MEYDAN.TV<\/title>\n<meta name=\"robots\" content=\"index, follow, max-snippet:-1, max-image-preview:large, max-video-preview:-1\" \/>\n<link rel=\"canonical\" href=\"https:\/\/www.meydan.tv\/az\/article\/rustem-ibrahimbeyov-vefat-edib\/\" \/>\n<meta property=\"og:locale\" content=\"az_AZ\" \/>\n<meta property=\"og:type\" content=\"article\" \/>\n<meta property=\"og:title\" content=\"R\u00fcst\u0259m \u0130brahimb\u0259yov v\u0259fat edib - MEYDAN.TV\" \/>\n<meta property=\"og:description\" content=\"Xalq yaz\u0131\u00e7\u0131s\u0131n\u0131n uzun s\u00fcr\u0259n x\u0259st\u0259likd\u0259n \u00f6ld\u00fcy\u00fc bildirilir Xalq yaz\u0131\u00e7\u0131s\u0131, Az\u0259rbaycan ... Davam\u0131\" \/>\n<meta property=\"og:url\" content=\"https:\/\/www.meydan.tv\/az\/article\/rustem-ibrahimbeyov-vefat-edib\/\" \/>\n<meta property=\"og:site_name\" content=\"MEYDAN.TV\" \/>\n<meta property=\"article:published_time\" content=\"2022-03-11T13:05:47+00:00\" \/>\n<meta property=\"article:modified_time\" content=\"2022-03-11T14:38:22+00:00\" \/>\n<meta property=\"og:image\" content=\"https:\/\/www.meydan.tv\/wp-content\/uploads\/b93a8603-1874-4e49-ba33-2d61319ca54a_cx0_cy13_cw0_w1200_s.jpg\" \/>\n\t<meta property=\"og:image:width\" content=\"1200\" \/>\n\t<meta property=\"og:image:height\" content=\"826\" \/>\n\t<meta property=\"og:image:type\" content=\"image\/jpeg\" \/>\n<meta name=\"author\" content=\"elli\" \/>\n<meta name=\"twitter:card\" content=\"summary_large_image\" \/>\n<meta name=\"twitter:creator\" content=\"@elli\" \/>\n<script type=\"application\/ld+json\" class=\"yoast-schema-graph\">{\"@context\":\"https:\\\/\\\/schema.org\",\"@graph\":[{\"@type\":\"Article\",\"@id\":\"https:\\\/\\\/www.meydan.tv\\\/az\\\/article\\\/rustem-ibrahimbeyov-vefat-edib\\\/#article\",\"isPartOf\":{\"@id\":\"https:\\\/\\\/www.meydan.tv\\\/az\\\/article\\\/rustem-ibrahimbeyov-vefat-edib\\\/\"},\"author\":{\"name\":\"elli\",\"@id\":\"https:\\\/\\\/www.meydan.tv\\\/az\\\/#\\\/schema\\\/person\\\/9cdbecf90d17180ce1dfbd95b08dcf47\"},\"headline\":\"R\u00fcst\u0259m \u0130brahimb\u0259yov v\u0259fat edib\",\"datePublished\":\"2022-03-11T13:05:47+00:00\",\"dateModified\":\"2022-03-11T14:38:22+00:00\",\"mainEntityOfPage\":{\"@id\":\"https:\\\/\\\/www.meydan.tv\\\/az\\\/article\\\/rustem-ibrahimbeyov-vefat-edib\\\/\"},\"wordCount\":449,\"publisher\":{\"@id\":\"https:\\\/\\\/www.meydan.tv\\\/az\\\/#organization\"},\"image\":{\"@id\":\"https:\\\/\\\/www.meydan.tv\\\/az\\\/article\\\/rustem-ibrahimbeyov-vefat-edib\\\/#primaryimage\"},\"thumbnailUrl\":\"https:\\\/\\\/www.meydan.tv\\\/wp-content\\\/uploads\\\/b93a8603-1874-4e49-ba33-2d61319ca54a_cx0_cy13_cw0_w1200_s.jpg\",\"articleSection\":[\"M\u0259d\u0259niyy\u0259t\",\"T\u00f6vsiy\u0259\",\"X\u0259b\u0259rl\u0259r\"],\"inLanguage\":\"az\"},{\"@type\":\"WebPage\",\"@id\":\"https:\\\/\\\/www.meydan.tv\\\/az\\\/article\\\/rustem-ibrahimbeyov-vefat-edib\\\/\",\"url\":\"https:\\\/\\\/www.meydan.tv\\\/az\\\/article\\\/rustem-ibrahimbeyov-vefat-edib\\\/\",\"name\":\"R\u00fcst\u0259m \u0130brahimb\u0259yov v\u0259fat edib - MEYDAN.TV\",\"isPartOf\":{\"@id\":\"https:\\\/\\\/www.meydan.tv\\\/az\\\/#website\"},\"primaryImageOfPage\":{\"@id\":\"https:\\\/\\\/www.meydan.tv\\\/az\\\/article\\\/rustem-ibrahimbeyov-vefat-edib\\\/#primaryimage\"},\"image\":{\"@id\":\"https:\\\/\\\/www.meydan.tv\\\/az\\\/article\\\/rustem-ibrahimbeyov-vefat-edib\\\/#primaryimage\"},\"thumbnailUrl\":\"https:\\\/\\\/www.meydan.tv\\\/wp-content\\\/uploads\\\/b93a8603-1874-4e49-ba33-2d61319ca54a_cx0_cy13_cw0_w1200_s.jpg\",\"datePublished\":\"2022-03-11T13:05:47+00:00\",\"dateModified\":\"2022-03-11T14:38:22+00:00\",\"breadcrumb\":{\"@id\":\"https:\\\/\\\/www.meydan.tv\\\/az\\\/article\\\/rustem-ibrahimbeyov-vefat-edib\\\/#breadcrumb\"},\"inLanguage\":\"az\",\"potentialAction\":[{\"@type\":\"ReadAction\",\"target\":[\"https:\\\/\\\/www.meydan.tv\\\/az\\\/article\\\/rustem-ibrahimbeyov-vefat-edib\\\/\"]}]},{\"@type\":\"ImageObject\",\"inLanguage\":\"az\",\"@id\":\"https:\\\/\\\/www.meydan.tv\\\/az\\\/article\\\/rustem-ibrahimbeyov-vefat-edib\\\/#primaryimage\",\"url\":\"https:\\\/\\\/www.meydan.tv\\\/wp-content\\\/uploads\\\/b93a8603-1874-4e49-ba33-2d61319ca54a_cx0_cy13_cw0_w1200_s.jpg\",\"contentUrl\":\"https:\\\/\\\/www.meydan.tv\\\/wp-content\\\/uploads\\\/b93a8603-1874-4e49-ba33-2d61319ca54a_cx0_cy13_cw0_w1200_s.jpg\",\"width\":1200,\"height\":826,\"caption\":\"Foto: Meydan tv\"},{\"@type\":\"BreadcrumbList\",\"@id\":\"https:\\\/\\\/www.meydan.tv\\\/az\\\/article\\\/rustem-ibrahimbeyov-vefat-edib\\\/#breadcrumb\",\"itemListElement\":[{\"@type\":\"ListItem\",\"position\":1,\"name\":\"Ana s\u0259hif\u0259\",\"item\":\"https:\\\/\\\/www.meydan.tv\\\/az\\\/\"},{\"@type\":\"ListItem\",\"position\":2,\"name\":\"M\u0259d\u0259niyy\u0259t\",\"item\":\"https:\\\/\\\/www.meydan.tv\\\/az\\\/section\\\/medeniyyet\\\/\"},{\"@type\":\"ListItem\",\"position\":3,\"name\":\"R\u00fcst\u0259m \u0130brahimb\u0259yov v\u0259fat edib\"}]},{\"@type\":\"WebSite\",\"@id\":\"https:\\\/\\\/www.meydan.tv\\\/az\\\/#website\",\"url\":\"https:\\\/\\\/www.meydan.tv\\\/az\\\/\",\"name\":\"MEYDAN.TV\",\"description\":\"Meydan TV Az\u0259rbaycan\u0131n media m\u0259kan\u0131ndak\u0131 alternativ s\u0259sidir\",\"publisher\":{\"@id\":\"https:\\\/\\\/www.meydan.tv\\\/az\\\/#organization\"},\"potentialAction\":[{\"@type\":\"SearchAction\",\"target\":{\"@type\":\"EntryPoint\",\"urlTemplate\":\"https:\\\/\\\/www.meydan.tv\\\/az\\\/?s={search_term_string}\"},\"query-input\":{\"@type\":\"PropertyValueSpecification\",\"valueRequired\":true,\"valueName\":\"search_term_string\"}}],\"inLanguage\":\"az\"},{\"@type\":\"Organization\",\"@id\":\"https:\\\/\\\/www.meydan.tv\\\/az\\\/#organization\",\"name\":\"Meydan TV\",\"url\":\"https:\\\/\\\/www.meydan.tv\\\/az\\\/\",\"logo\":{\"@type\":\"ImageObject\",\"inLanguage\":\"az\",\"@id\":\"https:\\\/\\\/www.meydan.tv\\\/az\\\/#\\\/schema\\\/logo\\\/image\\\/\",\"url\":\"https:\\\/\\\/www.meydan.tv\\\/wp-content\\\/uploads\\\/2021\\\/07\\\/meydan-logo.svg\",\"contentUrl\":\"https:\\\/\\\/www.meydan.tv\\\/wp-content\\\/uploads\\\/2021\\\/07\\\/meydan-logo.svg\",\"width\":195,\"height\":46,\"caption\":\"Meydan TV\"},\"image\":{\"@id\":\"https:\\\/\\\/www.meydan.tv\\\/az\\\/#\\\/schema\\\/logo\\\/image\\\/\"}},{\"@type\":\"Person\",\"@id\":\"https:\\\/\\\/www.meydan.tv\\\/az\\\/#\\\/schema\\\/person\\\/9cdbecf90d17180ce1dfbd95b08dcf47\",\"name\":\"elli\",\"sameAs\":[\"https:\\\/\\\/x.com\\\/elli\"]}]}<\/script>\n<!-- \/ Yoast SEO plugin. -->","yoast_head_json":{"title":"R\u00fcst\u0259m \u0130brahimb\u0259yov v\u0259fat edib - MEYDAN.TV","robots":{"index":"index","follow":"follow","max-snippet":"max-snippet:-1","max-image-preview":"max-image-preview:large","max-video-preview":"max-video-preview:-1"},"canonical":"https:\/\/www.meydan.tv\/az\/article\/rustem-ibrahimbeyov-vefat-edib\/","og_locale":"az_AZ","og_type":"article","og_title":"R\u00fcst\u0259m \u0130brahimb\u0259yov v\u0259fat edib - MEYDAN.TV","og_description":"Xalq yaz\u0131\u00e7\u0131s\u0131n\u0131n uzun s\u00fcr\u0259n x\u0259st\u0259likd\u0259n \u00f6ld\u00fcy\u00fc bildirilir Xalq yaz\u0131\u00e7\u0131s\u0131, Az\u0259rbaycan ... Davam\u0131","og_url":"https:\/\/www.meydan.tv\/az\/article\/rustem-ibrahimbeyov-vefat-edib\/","og_site_name":"MEYDAN.TV","article_published_time":"2022-03-11T13:05:47+00:00","article_modified_time":"2022-03-11T14:38:22+00:00","og_image":[{"width":1200,"height":826,"url":"https:\/\/www.meydan.tv\/wp-content\/uploads\/b93a8603-1874-4e49-ba33-2d61319ca54a_cx0_cy13_cw0_w1200_s.jpg","type":"image\/jpeg"}],"author":"elli","twitter_card":"summary_large_image","twitter_creator":"@elli","schema":{"@context":"https:\/\/schema.org","@graph":[{"@type":"Article","@id":"https:\/\/www.meydan.tv\/az\/article\/rustem-ibrahimbeyov-vefat-edib\/#article","isPartOf":{"@id":"https:\/\/www.meydan.tv\/az\/article\/rustem-ibrahimbeyov-vefat-edib\/"},"author":{"name":"elli","@id":"https:\/\/www.meydan.tv\/az\/#\/schema\/person\/9cdbecf90d17180ce1dfbd95b08dcf47"},"headline":"R\u00fcst\u0259m \u0130brahimb\u0259yov v\u0259fat edib","datePublished":"2022-03-11T13:05:47+00:00","dateModified":"2022-03-11T14:38:22+00:00","mainEntityOfPage":{"@id":"https:\/\/www.meydan.tv\/az\/article\/rustem-ibrahimbeyov-vefat-edib\/"},"wordCount":449,"publisher":{"@id":"https:\/\/www.meydan.tv\/az\/#organization"},"image":{"@id":"https:\/\/www.meydan.tv\/az\/article\/rustem-ibrahimbeyov-vefat-edib\/#primaryimage"},"thumbnailUrl":"https:\/\/www.meydan.tv\/wp-content\/uploads\/b93a8603-1874-4e49-ba33-2d61319ca54a_cx0_cy13_cw0_w1200_s.jpg","articleSection":["M\u0259d\u0259niyy\u0259t","T\u00f6vsiy\u0259","X\u0259b\u0259rl\u0259r"],"inLanguage":"az"},{"@type":"WebPage","@id":"https:\/\/www.meydan.tv\/az\/article\/rustem-ibrahimbeyov-vefat-edib\/","url":"https:\/\/www.meydan.tv\/az\/article\/rustem-ibrahimbeyov-vefat-edib\/","name":"R\u00fcst\u0259m \u0130brahimb\u0259yov v\u0259fat edib - MEYDAN.TV","isPartOf":{"@id":"https:\/\/www.meydan.tv\/az\/#website"},"primaryImageOfPage":{"@id":"https:\/\/www.meydan.tv\/az\/article\/rustem-ibrahimbeyov-vefat-edib\/#primaryimage"},"image":{"@id":"https:\/\/www.meydan.tv\/az\/article\/rustem-ibrahimbeyov-vefat-edib\/#primaryimage"},"thumbnailUrl":"https:\/\/www.meydan.tv\/wp-content\/uploads\/b93a8603-1874-4e49-ba33-2d61319ca54a_cx0_cy13_cw0_w1200_s.jpg","datePublished":"2022-03-11T13:05:47+00:00","dateModified":"2022-03-11T14:38:22+00:00","breadcrumb":{"@id":"https:\/\/www.meydan.tv\/az\/article\/rustem-ibrahimbeyov-vefat-edib\/#breadcrumb"},"inLanguage":"az","potentialAction":[{"@type":"ReadAction","target":["https:\/\/www.meydan.tv\/az\/article\/rustem-ibrahimbeyov-vefat-edib\/"]}]},{"@type":"ImageObject","inLanguage":"az","@id":"https:\/\/www.meydan.tv\/az\/article\/rustem-ibrahimbeyov-vefat-edib\/#primaryimage","url":"https:\/\/www.meydan.tv\/wp-content\/uploads\/b93a8603-1874-4e49-ba33-2d61319ca54a_cx0_cy13_cw0_w1200_s.jpg","contentUrl":"https:\/\/www.meydan.tv\/wp-content\/uploads\/b93a8603-1874-4e49-ba33-2d61319ca54a_cx0_cy13_cw0_w1200_s.jpg","width":1200,"height":826,"caption":"Foto: Meydan tv"},{"@type":"BreadcrumbList","@id":"https:\/\/www.meydan.tv\/az\/article\/rustem-ibrahimbeyov-vefat-edib\/#breadcrumb","itemListElement":[{"@type":"ListItem","position":1,"name":"Ana s\u0259hif\u0259","item":"https:\/\/www.meydan.tv\/az\/"},{"@type":"ListItem","position":2,"name":"M\u0259d\u0259niyy\u0259t","item":"https:\/\/www.meydan.tv\/az\/section\/medeniyyet\/"},{"@type":"ListItem","position":3,"name":"R\u00fcst\u0259m \u0130brahimb\u0259yov v\u0259fat edib"}]},{"@type":"WebSite","@id":"https:\/\/www.meydan.tv\/az\/#website","url":"https:\/\/www.meydan.tv\/az\/","name":"MEYDAN.TV","description":"Meydan TV Az\u0259rbaycan\u0131n media m\u0259kan\u0131ndak\u0131 alternativ s\u0259sidir","publisher":{"@id":"https:\/\/www.meydan.tv\/az\/#organization"},"potentialAction":[{"@type":"SearchAction","target":{"@type":"EntryPoint","urlTemplate":"https:\/\/www.meydan.tv\/az\/?s={search_term_string}"},"query-input":{"@type":"PropertyValueSpecification","valueRequired":true,"valueName":"search_term_string"}}],"inLanguage":"az"},{"@type":"Organization","@id":"https:\/\/www.meydan.tv\/az\/#organization","name":"Meydan TV","url":"https:\/\/www.meydan.tv\/az\/","logo":{"@type":"ImageObject","inLanguage":"az","@id":"https:\/\/www.meydan.tv\/az\/#\/schema\/logo\/image\/","url":"https:\/\/www.meydan.tv\/wp-content\/uploads\/2021\/07\/meydan-logo.svg","contentUrl":"https:\/\/www.meydan.tv\/wp-content\/uploads\/2021\/07\/meydan-logo.svg","width":195,"height":46,"caption":"Meydan TV"},"image":{"@id":"https:\/\/www.meydan.tv\/az\/#\/schema\/logo\/image\/"}},{"@type":"Person","@id":"https:\/\/www.meydan.tv\/az\/#\/schema\/person\/9cdbecf90d17180ce1dfbd95b08dcf47","name":"elli","sameAs":["https:\/\/x.com\/elli"]}]}},"_links":{"self":[{"href":"https:\/\/www.meydan.tv\/az\/wp-json\/wp\/v2\/posts\/238138","targetHints":{"allow":["GET"]}}],"collection":[{"href":"https:\/\/www.meydan.tv\/az\/wp-json\/wp\/v2\/posts"}],"about":[{"href":"https:\/\/www.meydan.tv\/az\/wp-json\/wp\/v2\/types\/post"}],"author":[{"embeddable":true,"href":"https:\/\/www.meydan.tv\/az\/wp-json\/wp\/v2\/users\/8"}],"replies":[{"embeddable":true,"href":"https:\/\/www.meydan.tv\/az\/wp-json\/wp\/v2\/comments?post=238138"}],"version-history":[{"count":4,"href":"https:\/\/www.meydan.tv\/az\/wp-json\/wp\/v2\/posts\/238138\/revisions"}],"predecessor-version":[{"id":238158,"href":"https:\/\/www.meydan.tv\/az\/wp-json\/wp\/v2\/posts\/238138\/revisions\/238158"}],"wp:featuredmedia":[{"embeddable":true,"href":"https:\/\/www.meydan.tv\/az\/wp-json\/wp\/v2\/media\/128255"}],"wp:attachment":[{"href":"https:\/\/www.meydan.tv\/az\/wp-json\/wp\/v2\/media?parent=238138"}],"wp:term":[{"taxonomy":"category","embeddable":true,"href":"https:\/\/www.meydan.tv\/az\/wp-json\/wp\/v2\/categories?post=238138"},{"taxonomy":"post_tag","embeddable":true,"href":"https:\/\/www.meydan.tv\/az\/wp-json\/wp\/v2\/tags?post=238138"}],"curies":[{"name":"wp","href":"https:\/\/api.w.org\/{rel}","templated":true}]}}