{"id":238095,"date":"2022-03-11T13:39:19","date_gmt":"2022-03-11T09:39:19","guid":{"rendered":"https:\/\/www.meydan.tv\/?p=238095"},"modified":"2022-03-11T13:39:21","modified_gmt":"2022-03-11T09:39:21","slug":"zelenski-rusiyanin-humanitar-dehlize-hucumu-aciq-terrordur","status":"publish","type":"post","link":"https:\/\/www.meydan.tv\/az\/article\/zelenski-rusiyanin-humanitar-dehlize-hucumu-aciq-terrordur\/","title":{"rendered":"Zelenski: &#8220;Rusiyan\u0131n humanitar d\u0259hliz\u0259 h\u00fccumu &#8220;a\u00e7\u0131q terror&#8221;dur&#8221;"},"content":{"rendered":"\n<p><em>&#8220;Biz d\u00f6y\u00fc\u015f\u00fcr\u00fck v\u0259 m\u00fcbariz\u0259ni dayand\u0131rmayaca\u011f\u0131q&#8221;<\/em><br><\/p>\n\n\n\n<p>Ukrayna Prezidenti Volodimir Zelenski Rusiyan\u0131n h\u0259rbi m\u00fcdaxil\u0259sini \u201ct\u0259cr\u00fcb\u0259li terror\u00e7ular\u0131n a\u00e7\u0131q h\u00fccumu\u201d <a href=\"https:\/\/www.theguardian.com\/world\/2022\/mar\/11\/ukraines-zelenskiy-calls-russia-terrorist-state-over-aid-shelling-as-forces-close-in-on-kyiv\" target=\"_blank\" rel=\"noreferrer noopener\">adland\u0131r\u0131b<\/a>.<br><\/p>\n\n\n\n<p>O, son m\u00fcraci\u0259tind\u0259 iki g\u00fcn \u0259rzind\u0259 t\u0259xmin\u0259n 100 min insan\u0131n \u00f6lk\u0259 \u015f\u0259h\u0259rl\u0259rind\u0259n evakuasiya edildiyini bildirib.<br><\/p>\n\n\n\n<p>Prezident deyib ki, Rusiya q\u00fcvv\u0259l\u0259ri Mariupol \u015f\u0259h\u0259rind\u0259 humanitar d\u0259hlizi h\u0259d\u0259f\u0259 al\u0131b.<br><\/p>\n\n\n\n<p>Zelenski m\u00fchasir\u0259d\u0259 olan liman \u015f\u0259h\u0259rin\u0259 \u0259rzaq, su v\u0259 d\u0259rman y\u00fckl\u0259nmi\u015f avtomobil karvan\u0131 g\u00f6nd\u0259rildiyini deyib.<br><\/p>\n\n\n\n<p>O qeyd edib ki, yard\u0131m\u0131n qar\u015f\u0131s\u0131n\u0131 almaq \u00fc\u00e7\u00fcn Rusiya q\u00fcvv\u0259l\u0259ri humanitar d\u0259hliz\u0259 h\u00fccum edibl\u0259r: \u201cSon iki g\u00fcnd\u0259 biz humanitar d\u0259hlizl\u0259r vasit\u0259sil\u0259 art\u0131q 100 min\u0259 yax\u0131n insan\u0131 t\u0259xliy\u0259 etmi\u015fik. Bununla bel\u0259, Mariupol, Volnovakha tamamil\u0259 blokadada qal\u0131r. Biz humanitar d\u0259hliz t\u0259\u015fkil etm\u0259k \u00fc\u00e7\u00fcn h\u0259r \u015feyi ets\u0259k d\u0259, rus qo\u015funlar\u0131 at\u0259\u015fi dayand\u0131rmad\u0131. Amma buna baxmayaraq, Mariupola yem\u0259k, su v\u0259 d\u0259rman g\u00f6nd\u0259rdik\u201d.<br><\/p>\n\n\n\n<p>Prezident bu missiyan\u0131 yerin\u0259 yetirm\u0259y\u0259 haz\u0131r olan b\u00fct\u00fcn s\u00fcr\u00fcc\u00fcl\u0259r\u0259, c\u0259sur insanlara t\u0259\u015f\u0259kk\u00fcr edib v\u0259 bunu \u00e7ox \u0259h\u0259miyy\u0259tli i\u015f adland\u0131r\u0131b: \u201c\u0130\u015f\u011fal\u00e7\u0131lar h\u0259min d\u0259hliz olan yer\u0259 tankla h\u00fccum etdil\u0259r. Onlar bunu q\u0259sd\u0259n etdil\u0259r. \u015e\u0259h\u0259ri girov saxlamaq, sui-istifad\u0259 edib daim bombalamaq, m\u0259rmi atmaq \u0259mrl\u0259ri var&#8221;.<br><\/p>\n\n\n\n<p>&#8220;Onlar bu g\u00fcn Donetsk vilay\u0259tind\u0259 D\u00f6vl\u0259t F\u00f6vq\u0259lad\u0259 Hallar Xidm\u0259tinin Ba\u015f \u0130dar\u0259sinin binas\u0131n\u0131 da\u011f\u0131d\u0131blar. Evakuasiya g\u00f6zl\u0259y\u0259n insanlar\u0131n g\u00f6r\u00fc\u015f yeri h\u0259min binan\u0131n yan\u0131nda idi. Bu, &#8220;t\u0259cr\u00fcb\u0259li terror\u00e7ular\u0131n a\u00e7\u0131q terror&#8221; \u0259m\u0259liyyat\u0131d\u0131r&#8221;, &#8211; dey\u0259 o bildirib.<br><\/p>\n\n\n\n<p>Zelenski \u0259lav\u0259 edib: &#8220;D\u00fcnya bunu bilm\u0259lidir ki, biz ham\u0131m\u0131z terror d\u00f6vl\u0259ti il\u0259 m\u0259\u015f\u011fuluq. N\u0259 olursa-olsun, biz Mariupol \u0259halisin\u0259 humanitar yard\u0131m\u0131 \u00e7atd\u0131rma\u011fa \u00e7al\u0131\u015faca\u011f\u0131q\u201d.<br><\/p>\n\n\n\n<p>Volodimir Zelenski bildirib ki, Rusiya q\u00fcvv\u0259l\u0259ri \u015f\u0259h\u0259rl\u0259rd\u0259ki rabit\u0259ni bloklay\u0131blar dey\u0259 m\u0259lumat almaq da \u00e7\u0259tinl\u0259\u015fib.<br><\/p>\n\n\n\n<p>Onun s\u00f6zl\u0259rin\u0259 g\u00f6r\u0259, d\u00f6vl\u0259t Mariupol sakinl\u0259rin\u0259 k\u00f6m\u0259k etm\u0259k \u00fc\u00e7\u00fcn h\u0259r \u015feyi edir: \u201cBiz d\u00f6y\u00fc\u015f\u00fcr\u00fck, m\u00fcbariz\u0259ni dayand\u0131rmayaca\u011f\u0131q. \u018fg\u0259r Mariupolda insanlarla dan\u0131\u015fmaq, onlara yazmaq imkan\u0131n\u0131z varsa, onlara xat\u0131rlad\u0131n ki, Ukrayna \u00fcr\u0259kd\u0259n onlarlad\u0131r v\u0259 \u015f\u0259h\u0259rd\u0259ki i\u015fg\u0259nc\u0259l\u0259ri dayand\u0131rmaq \u00fc\u00e7\u00fcn h\u0259r \u015feyi edir\u201d.<br><\/p>\n\n\n\n<p>Rusiya t\u0259r\u0259f d\u0259f\u0259l\u0259rl\u0259 a\u00e7\u0131qlamalar\u0131nda sivil \u0259halinin oldu\u011fu \u0259razil\u0259r\u0259 at\u0259\u015f a\u00e7mad\u0131\u011f\u0131n\u0131 bildirir.<br><\/p>\n\n\n\n<p>Ukrayna is\u0259 x\u0259st\u0259xanalar\u0131n, do\u011fum evl\u0259rinin, ya\u015fay\u0131\u015f binalar\u0131n\u0131n h\u0259d\u0259f al\u0131nd\u0131\u011f\u0131n\u0131 s\u00f6yl\u0259yir.<br><\/p>\n\n\n\n<p>Rusiya fevral\u0131n 24-d\u0259 Ukraynaya geni\u015fmiqyasl\u0131 h\u00fccuma ba\u015flay\u0131b.<br><\/p>\n\n\n\n<p>Ondan 2 g\u00fcn \u00f6nc\u0259 is\u0259 Rusiya Prezidenti Vladimir Putin a\u00e7\u0131qlama ver\u0259r\u0259k Ukraynan\u0131n \u015f\u0259rqind\u0259ki separat\u00e7\u0131 qurumlar\u0131 tan\u0131d\u0131\u011f\u0131n\u0131 b\u0259yan edib.<br><\/p>\n\n\n\n<p>Ukrayna, Q\u0259rb liderl\u0259ri h\u00fccumu pisl\u0259yib, Putinin buna g\u00f6r\u0259 cavab ver\u0259c\u0259yini bildiribl\u0259r.<br><\/p>\n\n\n\n<p>Bundan sonra Avropa Birliyi \u00f6lk\u0259l\u0259rind\u0259n, el\u0259c\u0259 d\u0259 AB\u015e-dan Rusiyaya qar\u015f\u0131 sanksiyalar g\u0259lm\u0259y\u0259 ba\u015flay\u0131b.<br>Sanksiya t\u0259tbiq edil\u0259n 600-d\u0259n \u00e7ox \u015f\u0259xsin i\u00e7ind\u0259 oliqarxlar, y\u00fcks\u0259k r\u00fctb\u0259li h\u0259rb\u00e7il\u0259r, \u015firk\u0259t sahibl\u0259ri, biznesmenl\u0259rl\u0259 yana\u015f\u0131, Rusiya Prezidenti Vladimir Putin v\u0259 xarici i\u015fl\u0259r naziri Sergey Lavrov da var.<\/p>\n","protected":false},"excerpt":{"rendered":"<p>&#8220;Biz d\u00f6y\u00fc\u015f\u00fcr\u00fck v\u0259 m\u00fcbariz\u0259ni dayand\u0131rmayaca\u011f\u0131q&#8221; Ukrayna Prezidenti Volodimir Zelenski Rusiyan\u0131n &#8230; <\/p>\n<p class=\"read-more-container\"><a title=\"Zelenski: &#8220;Rusiyan\u0131n humanitar d\u0259hliz\u0259 h\u00fccumu &#8220;a\u00e7\u0131q terror&#8221;dur&#8221;\" class=\"read-more button\" href=\"https:\/\/www.meydan.tv\/az\/article\/zelenski-rusiyanin-humanitar-dehlize-hucumu-aciq-terrordur\/#more-238095\" aria-label=\"Read more about Zelenski: &#8220;Rusiyan\u0131n humanitar d\u0259hliz\u0259 h\u00fccumu &#8220;a\u00e7\u0131q terror&#8221;dur&#8221;\">Davam\u0131<\/a><\/p>\n","protected":false},"author":8,"featured_media":235244,"comment_status":"closed","ping_status":"closed","sticky":false,"template":"","format":"standard","meta":{"_acf_changed":false,"_sitemap_exclude":false,"_sitemap_priority":"","_sitemap_frequency":"","footnotes":""},"categories":[64,56],"tags":[],"class_list":["post-238095","post","type-post","status-publish","format-standard","has-post-thumbnail","hentry","category-dunya","category-xeberler","infinite-scroll-item","generate-columns","tablet-grid-50","mobile-grid-100","grid-parent","grid-33","no-featured-image-padding"],"acf":[],"yoast_head":"<!-- This site is optimized with the Yoast SEO plugin v27.5 - https:\/\/yoast.com\/product\/yoast-seo-wordpress\/ -->\n<title>Zelenski: &quot;Rusiyan\u0131n humanitar d\u0259hliz\u0259 h\u00fccumu &quot;a\u00e7\u0131q terror&quot;dur&quot; - MEYDAN.TV<\/title>\n<meta name=\"robots\" content=\"index, follow, max-snippet:-1, max-image-preview:large, max-video-preview:-1\" \/>\n<link rel=\"canonical\" href=\"https:\/\/www.meydan.tv\/az\/article\/zelenski-rusiyanin-humanitar-dehlize-hucumu-aciq-terrordur\/\" \/>\n<meta property=\"og:locale\" content=\"az_AZ\" \/>\n<meta property=\"og:type\" content=\"article\" \/>\n<meta property=\"og:title\" content=\"Zelenski: &quot;Rusiyan\u0131n humanitar d\u0259hliz\u0259 h\u00fccumu &quot;a\u00e7\u0131q terror&quot;dur&quot; - MEYDAN.TV\" \/>\n<meta property=\"og:description\" content=\"&#8220;Biz d\u00f6y\u00fc\u015f\u00fcr\u00fck v\u0259 m\u00fcbariz\u0259ni dayand\u0131rmayaca\u011f\u0131q&#8221; Ukrayna Prezidenti Volodimir Zelenski Rusiyan\u0131n ... Davam\u0131\" \/>\n<meta property=\"og:url\" content=\"https:\/\/www.meydan.tv\/az\/article\/zelenski-rusiyanin-humanitar-dehlize-hucumu-aciq-terrordur\/\" \/>\n<meta property=\"og:site_name\" content=\"MEYDAN.TV\" \/>\n<meta property=\"article:published_time\" content=\"2022-03-11T09:39:19+00:00\" \/>\n<meta property=\"article:modified_time\" content=\"2022-03-11T09:39:21+00:00\" \/>\n<meta property=\"og:image\" content=\"https:\/\/www.meydan.tv\/wp-content\/uploads\/shutterstock_1437297017.jpg\" \/>\n\t<meta property=\"og:image:width\" content=\"1200\" \/>\n\t<meta property=\"og:image:height\" content=\"800\" \/>\n\t<meta property=\"og:image:type\" content=\"image\/jpeg\" \/>\n<meta name=\"author\" content=\"elli\" \/>\n<meta name=\"twitter:card\" content=\"summary_large_image\" \/>\n<meta name=\"twitter:creator\" content=\"@elli\" \/>\n<script type=\"application\/ld+json\" class=\"yoast-schema-graph\">{\"@context\":\"https:\\\/\\\/schema.org\",\"@graph\":[{\"@type\":\"Article\",\"@id\":\"https:\\\/\\\/www.meydan.tv\\\/az\\\/article\\\/zelenski-rusiyanin-humanitar-dehlize-hucumu-aciq-terrordur\\\/#article\",\"isPartOf\":{\"@id\":\"https:\\\/\\\/www.meydan.tv\\\/az\\\/article\\\/zelenski-rusiyanin-humanitar-dehlize-hucumu-aciq-terrordur\\\/\"},\"author\":{\"name\":\"elli\",\"@id\":\"https:\\\/\\\/www.meydan.tv\\\/az\\\/#\\\/schema\\\/person\\\/9cdbecf90d17180ce1dfbd95b08dcf47\"},\"headline\":\"Zelenski: &#8220;Rusiyan\u0131n humanitar d\u0259hliz\u0259 h\u00fccumu &#8220;a\u00e7\u0131q terror&#8221;dur&#8221;\",\"datePublished\":\"2022-03-11T09:39:19+00:00\",\"dateModified\":\"2022-03-11T09:39:21+00:00\",\"mainEntityOfPage\":{\"@id\":\"https:\\\/\\\/www.meydan.tv\\\/az\\\/article\\\/zelenski-rusiyanin-humanitar-dehlize-hucumu-aciq-terrordur\\\/\"},\"wordCount\":627,\"publisher\":{\"@id\":\"https:\\\/\\\/www.meydan.tv\\\/az\\\/#organization\"},\"image\":{\"@id\":\"https:\\\/\\\/www.meydan.tv\\\/az\\\/article\\\/zelenski-rusiyanin-humanitar-dehlize-hucumu-aciq-terrordur\\\/#primaryimage\"},\"thumbnailUrl\":\"https:\\\/\\\/www.meydan.tv\\\/wp-content\\\/uploads\\\/shutterstock_1437297017.jpg\",\"articleSection\":[\"D\u00fcnya\",\"X\u0259b\u0259rl\u0259r\"],\"inLanguage\":\"az\"},{\"@type\":\"WebPage\",\"@id\":\"https:\\\/\\\/www.meydan.tv\\\/az\\\/article\\\/zelenski-rusiyanin-humanitar-dehlize-hucumu-aciq-terrordur\\\/\",\"url\":\"https:\\\/\\\/www.meydan.tv\\\/az\\\/article\\\/zelenski-rusiyanin-humanitar-dehlize-hucumu-aciq-terrordur\\\/\",\"name\":\"Zelenski: \\\"Rusiyan\u0131n humanitar d\u0259hliz\u0259 h\u00fccumu \\\"a\u00e7\u0131q terror\\\"dur\\\" - MEYDAN.TV\",\"isPartOf\":{\"@id\":\"https:\\\/\\\/www.meydan.tv\\\/az\\\/#website\"},\"primaryImageOfPage\":{\"@id\":\"https:\\\/\\\/www.meydan.tv\\\/az\\\/article\\\/zelenski-rusiyanin-humanitar-dehlize-hucumu-aciq-terrordur\\\/#primaryimage\"},\"image\":{\"@id\":\"https:\\\/\\\/www.meydan.tv\\\/az\\\/article\\\/zelenski-rusiyanin-humanitar-dehlize-hucumu-aciq-terrordur\\\/#primaryimage\"},\"thumbnailUrl\":\"https:\\\/\\\/www.meydan.tv\\\/wp-content\\\/uploads\\\/shutterstock_1437297017.jpg\",\"datePublished\":\"2022-03-11T09:39:19+00:00\",\"dateModified\":\"2022-03-11T09:39:21+00:00\",\"breadcrumb\":{\"@id\":\"https:\\\/\\\/www.meydan.tv\\\/az\\\/article\\\/zelenski-rusiyanin-humanitar-dehlize-hucumu-aciq-terrordur\\\/#breadcrumb\"},\"inLanguage\":\"az\",\"potentialAction\":[{\"@type\":\"ReadAction\",\"target\":[\"https:\\\/\\\/www.meydan.tv\\\/az\\\/article\\\/zelenski-rusiyanin-humanitar-dehlize-hucumu-aciq-terrordur\\\/\"]}]},{\"@type\":\"ImageObject\",\"inLanguage\":\"az\",\"@id\":\"https:\\\/\\\/www.meydan.tv\\\/az\\\/article\\\/zelenski-rusiyanin-humanitar-dehlize-hucumu-aciq-terrordur\\\/#primaryimage\",\"url\":\"https:\\\/\\\/www.meydan.tv\\\/wp-content\\\/uploads\\\/shutterstock_1437297017.jpg\",\"contentUrl\":\"https:\\\/\\\/www.meydan.tv\\\/wp-content\\\/uploads\\\/shutterstock_1437297017.jpg\",\"width\":1200,\"height\":800,\"caption\":\"Vladimir Zelenski. M\u0259nb\u0259: home for heroes\\\/shutterstock\"},{\"@type\":\"BreadcrumbList\",\"@id\":\"https:\\\/\\\/www.meydan.tv\\\/az\\\/article\\\/zelenski-rusiyanin-humanitar-dehlize-hucumu-aciq-terrordur\\\/#breadcrumb\",\"itemListElement\":[{\"@type\":\"ListItem\",\"position\":1,\"name\":\"Ana s\u0259hif\u0259\",\"item\":\"https:\\\/\\\/www.meydan.tv\\\/az\\\/\"},{\"@type\":\"ListItem\",\"position\":2,\"name\":\"D\u00fcnya\",\"item\":\"https:\\\/\\\/www.meydan.tv\\\/az\\\/section\\\/dunya\\\/\"},{\"@type\":\"ListItem\",\"position\":3,\"name\":\"Zelenski: &#8220;Rusiyan\u0131n humanitar d\u0259hliz\u0259 h\u00fccumu &#8220;a\u00e7\u0131q terror&#8221;dur&#8221;\"}]},{\"@type\":\"WebSite\",\"@id\":\"https:\\\/\\\/www.meydan.tv\\\/az\\\/#website\",\"url\":\"https:\\\/\\\/www.meydan.tv\\\/az\\\/\",\"name\":\"MEYDAN.TV\",\"description\":\"Meydan TV Az\u0259rbaycan\u0131n media m\u0259kan\u0131ndak\u0131 alternativ s\u0259sidir\",\"publisher\":{\"@id\":\"https:\\\/\\\/www.meydan.tv\\\/az\\\/#organization\"},\"potentialAction\":[{\"@type\":\"SearchAction\",\"target\":{\"@type\":\"EntryPoint\",\"urlTemplate\":\"https:\\\/\\\/www.meydan.tv\\\/az\\\/?s={search_term_string}\"},\"query-input\":{\"@type\":\"PropertyValueSpecification\",\"valueRequired\":true,\"valueName\":\"search_term_string\"}}],\"inLanguage\":\"az\"},{\"@type\":\"Organization\",\"@id\":\"https:\\\/\\\/www.meydan.tv\\\/az\\\/#organization\",\"name\":\"Meydan TV\",\"url\":\"https:\\\/\\\/www.meydan.tv\\\/az\\\/\",\"logo\":{\"@type\":\"ImageObject\",\"inLanguage\":\"az\",\"@id\":\"https:\\\/\\\/www.meydan.tv\\\/az\\\/#\\\/schema\\\/logo\\\/image\\\/\",\"url\":\"https:\\\/\\\/www.meydan.tv\\\/wp-content\\\/uploads\\\/2021\\\/07\\\/meydan-logo.svg\",\"contentUrl\":\"https:\\\/\\\/www.meydan.tv\\\/wp-content\\\/uploads\\\/2021\\\/07\\\/meydan-logo.svg\",\"width\":195,\"height\":46,\"caption\":\"Meydan TV\"},\"image\":{\"@id\":\"https:\\\/\\\/www.meydan.tv\\\/az\\\/#\\\/schema\\\/logo\\\/image\\\/\"}},{\"@type\":\"Person\",\"@id\":\"https:\\\/\\\/www.meydan.tv\\\/az\\\/#\\\/schema\\\/person\\\/9cdbecf90d17180ce1dfbd95b08dcf47\",\"name\":\"elli\",\"sameAs\":[\"https:\\\/\\\/x.com\\\/elli\"]}]}<\/script>\n<!-- \/ Yoast SEO plugin. -->","yoast_head_json":{"title":"Zelenski: \"Rusiyan\u0131n humanitar d\u0259hliz\u0259 h\u00fccumu \"a\u00e7\u0131q terror\"dur\" - MEYDAN.TV","robots":{"index":"index","follow":"follow","max-snippet":"max-snippet:-1","max-image-preview":"max-image-preview:large","max-video-preview":"max-video-preview:-1"},"canonical":"https:\/\/www.meydan.tv\/az\/article\/zelenski-rusiyanin-humanitar-dehlize-hucumu-aciq-terrordur\/","og_locale":"az_AZ","og_type":"article","og_title":"Zelenski: \"Rusiyan\u0131n humanitar d\u0259hliz\u0259 h\u00fccumu \"a\u00e7\u0131q terror\"dur\" - MEYDAN.TV","og_description":"&#8220;Biz d\u00f6y\u00fc\u015f\u00fcr\u00fck v\u0259 m\u00fcbariz\u0259ni dayand\u0131rmayaca\u011f\u0131q&#8221; Ukrayna Prezidenti Volodimir Zelenski Rusiyan\u0131n ... Davam\u0131","og_url":"https:\/\/www.meydan.tv\/az\/article\/zelenski-rusiyanin-humanitar-dehlize-hucumu-aciq-terrordur\/","og_site_name":"MEYDAN.TV","article_published_time":"2022-03-11T09:39:19+00:00","article_modified_time":"2022-03-11T09:39:21+00:00","og_image":[{"width":1200,"height":800,"url":"https:\/\/www.meydan.tv\/wp-content\/uploads\/shutterstock_1437297017.jpg","type":"image\/jpeg"}],"author":"elli","twitter_card":"summary_large_image","twitter_creator":"@elli","schema":{"@context":"https:\/\/schema.org","@graph":[{"@type":"Article","@id":"https:\/\/www.meydan.tv\/az\/article\/zelenski-rusiyanin-humanitar-dehlize-hucumu-aciq-terrordur\/#article","isPartOf":{"@id":"https:\/\/www.meydan.tv\/az\/article\/zelenski-rusiyanin-humanitar-dehlize-hucumu-aciq-terrordur\/"},"author":{"name":"elli","@id":"https:\/\/www.meydan.tv\/az\/#\/schema\/person\/9cdbecf90d17180ce1dfbd95b08dcf47"},"headline":"Zelenski: &#8220;Rusiyan\u0131n humanitar d\u0259hliz\u0259 h\u00fccumu &#8220;a\u00e7\u0131q terror&#8221;dur&#8221;","datePublished":"2022-03-11T09:39:19+00:00","dateModified":"2022-03-11T09:39:21+00:00","mainEntityOfPage":{"@id":"https:\/\/www.meydan.tv\/az\/article\/zelenski-rusiyanin-humanitar-dehlize-hucumu-aciq-terrordur\/"},"wordCount":627,"publisher":{"@id":"https:\/\/www.meydan.tv\/az\/#organization"},"image":{"@id":"https:\/\/www.meydan.tv\/az\/article\/zelenski-rusiyanin-humanitar-dehlize-hucumu-aciq-terrordur\/#primaryimage"},"thumbnailUrl":"https:\/\/www.meydan.tv\/wp-content\/uploads\/shutterstock_1437297017.jpg","articleSection":["D\u00fcnya","X\u0259b\u0259rl\u0259r"],"inLanguage":"az"},{"@type":"WebPage","@id":"https:\/\/www.meydan.tv\/az\/article\/zelenski-rusiyanin-humanitar-dehlize-hucumu-aciq-terrordur\/","url":"https:\/\/www.meydan.tv\/az\/article\/zelenski-rusiyanin-humanitar-dehlize-hucumu-aciq-terrordur\/","name":"Zelenski: \"Rusiyan\u0131n humanitar d\u0259hliz\u0259 h\u00fccumu \"a\u00e7\u0131q terror\"dur\" - MEYDAN.TV","isPartOf":{"@id":"https:\/\/www.meydan.tv\/az\/#website"},"primaryImageOfPage":{"@id":"https:\/\/www.meydan.tv\/az\/article\/zelenski-rusiyanin-humanitar-dehlize-hucumu-aciq-terrordur\/#primaryimage"},"image":{"@id":"https:\/\/www.meydan.tv\/az\/article\/zelenski-rusiyanin-humanitar-dehlize-hucumu-aciq-terrordur\/#primaryimage"},"thumbnailUrl":"https:\/\/www.meydan.tv\/wp-content\/uploads\/shutterstock_1437297017.jpg","datePublished":"2022-03-11T09:39:19+00:00","dateModified":"2022-03-11T09:39:21+00:00","breadcrumb":{"@id":"https:\/\/www.meydan.tv\/az\/article\/zelenski-rusiyanin-humanitar-dehlize-hucumu-aciq-terrordur\/#breadcrumb"},"inLanguage":"az","potentialAction":[{"@type":"ReadAction","target":["https:\/\/www.meydan.tv\/az\/article\/zelenski-rusiyanin-humanitar-dehlize-hucumu-aciq-terrordur\/"]}]},{"@type":"ImageObject","inLanguage":"az","@id":"https:\/\/www.meydan.tv\/az\/article\/zelenski-rusiyanin-humanitar-dehlize-hucumu-aciq-terrordur\/#primaryimage","url":"https:\/\/www.meydan.tv\/wp-content\/uploads\/shutterstock_1437297017.jpg","contentUrl":"https:\/\/www.meydan.tv\/wp-content\/uploads\/shutterstock_1437297017.jpg","width":1200,"height":800,"caption":"Vladimir Zelenski. M\u0259nb\u0259: home for heroes\/shutterstock"},{"@type":"BreadcrumbList","@id":"https:\/\/www.meydan.tv\/az\/article\/zelenski-rusiyanin-humanitar-dehlize-hucumu-aciq-terrordur\/#breadcrumb","itemListElement":[{"@type":"ListItem","position":1,"name":"Ana s\u0259hif\u0259","item":"https:\/\/www.meydan.tv\/az\/"},{"@type":"ListItem","position":2,"name":"D\u00fcnya","item":"https:\/\/www.meydan.tv\/az\/section\/dunya\/"},{"@type":"ListItem","position":3,"name":"Zelenski: &#8220;Rusiyan\u0131n humanitar d\u0259hliz\u0259 h\u00fccumu &#8220;a\u00e7\u0131q terror&#8221;dur&#8221;"}]},{"@type":"WebSite","@id":"https:\/\/www.meydan.tv\/az\/#website","url":"https:\/\/www.meydan.tv\/az\/","name":"MEYDAN.TV","description":"Meydan TV Az\u0259rbaycan\u0131n media m\u0259kan\u0131ndak\u0131 alternativ s\u0259sidir","publisher":{"@id":"https:\/\/www.meydan.tv\/az\/#organization"},"potentialAction":[{"@type":"SearchAction","target":{"@type":"EntryPoint","urlTemplate":"https:\/\/www.meydan.tv\/az\/?s={search_term_string}"},"query-input":{"@type":"PropertyValueSpecification","valueRequired":true,"valueName":"search_term_string"}}],"inLanguage":"az"},{"@type":"Organization","@id":"https:\/\/www.meydan.tv\/az\/#organization","name":"Meydan TV","url":"https:\/\/www.meydan.tv\/az\/","logo":{"@type":"ImageObject","inLanguage":"az","@id":"https:\/\/www.meydan.tv\/az\/#\/schema\/logo\/image\/","url":"https:\/\/www.meydan.tv\/wp-content\/uploads\/2021\/07\/meydan-logo.svg","contentUrl":"https:\/\/www.meydan.tv\/wp-content\/uploads\/2021\/07\/meydan-logo.svg","width":195,"height":46,"caption":"Meydan TV"},"image":{"@id":"https:\/\/www.meydan.tv\/az\/#\/schema\/logo\/image\/"}},{"@type":"Person","@id":"https:\/\/www.meydan.tv\/az\/#\/schema\/person\/9cdbecf90d17180ce1dfbd95b08dcf47","name":"elli","sameAs":["https:\/\/x.com\/elli"]}]}},"_links":{"self":[{"href":"https:\/\/www.meydan.tv\/az\/wp-json\/wp\/v2\/posts\/238095","targetHints":{"allow":["GET"]}}],"collection":[{"href":"https:\/\/www.meydan.tv\/az\/wp-json\/wp\/v2\/posts"}],"about":[{"href":"https:\/\/www.meydan.tv\/az\/wp-json\/wp\/v2\/types\/post"}],"author":[{"embeddable":true,"href":"https:\/\/www.meydan.tv\/az\/wp-json\/wp\/v2\/users\/8"}],"replies":[{"embeddable":true,"href":"https:\/\/www.meydan.tv\/az\/wp-json\/wp\/v2\/comments?post=238095"}],"version-history":[{"count":2,"href":"https:\/\/www.meydan.tv\/az\/wp-json\/wp\/v2\/posts\/238095\/revisions"}],"predecessor-version":[{"id":238102,"href":"https:\/\/www.meydan.tv\/az\/wp-json\/wp\/v2\/posts\/238095\/revisions\/238102"}],"wp:featuredmedia":[{"embeddable":true,"href":"https:\/\/www.meydan.tv\/az\/wp-json\/wp\/v2\/media\/235244"}],"wp:attachment":[{"href":"https:\/\/www.meydan.tv\/az\/wp-json\/wp\/v2\/media?parent=238095"}],"wp:term":[{"taxonomy":"category","embeddable":true,"href":"https:\/\/www.meydan.tv\/az\/wp-json\/wp\/v2\/categories?post=238095"},{"taxonomy":"post_tag","embeddable":true,"href":"https:\/\/www.meydan.tv\/az\/wp-json\/wp\/v2\/tags?post=238095"}],"curies":[{"name":"wp","href":"https:\/\/api.w.org\/{rel}","templated":true}]}}