{"id":238077,"date":"2022-03-11T12:47:43","date_gmt":"2022-03-11T08:47:43","guid":{"rendered":"https:\/\/www.meydan.tv\/?p=238077"},"modified":"2022-03-11T12:50:02","modified_gmt":"2022-03-11T08:50:02","slug":"facebook-ve-instagramda-rus-herbcilerine-qarsi-nifret-nitqine-icaze-verilib","status":"publish","type":"post","link":"https:\/\/www.meydan.tv\/az\/article\/facebook-ve-instagramda-rus-herbcilerine-qarsi-nifret-nitqine-icaze-verilib\/","title":{"rendered":"\u201cFacebook\u201d v\u0259 \u201cInstagram\u201dda rus h\u0259rb\u00e7il\u0259rin\u0259 qar\u015f\u0131 nifr\u0259t nitqin\u0259 icaz\u0259 verilib"},"content":{"rendered":"\n<p><em>Putin v\u0259 Luka\u015fenkoya \u00f6l\u00fcm \u00e7a\u011f\u0131r\u0131\u015fl\u0131 yaz\u0131lara da m\u0259hdudiyy\u0259t yoxdur<\/em><\/p>\n\n\n\n<p>Amerikan\u0131n \u201cMeta Platforms\u201d \u015firk\u0259ti \u201cFacebook\u201d v\u0259 \u201cInstagram\u201d sosial \u015f\u0259b\u0259k\u0259l\u0259rind\u0259 nifr\u0259t nitqinin qada\u011fan edilm\u0259si siyas\u0259tin\u0259 d\u0259yi\u015fiklik edib.<\/p>\n\n\n\n<p>M\u00fcv\u0259qq\u0259ti olaraq b\u0259zi \u00f6lk\u0259l\u0259rd\u0259ki \u201cFacebook\u201d v\u0259 \u201cInstagram\u201d istifad\u0259\u00e7il\u0259rin\u0259 Ukraynan\u0131n i\u015f\u011fal\u0131 kontekstind\u0259 rus h\u0259rbi\u00e7il\u0259rin\u0259 qar\u015f\u0131 zorak\u0131l\u0131q \u00e7a\u011f\u0131r\u0131\u015f\u0131 etm\u0259y\u0259 imkan veril\u0259c\u0259k.<\/p>\n\n\n\n<p>Bu icaz\u0259 Rusiya, Ukrayna, Litva, Latviya, Estoniya, Pol\u015fa, Macar\u0131stan, Rum\u0131niya v\u0259 Slovakiya kimi \u00f6lk\u0259l\u0259r\u0259, el\u0259c\u0259 d\u0259 Qafqaz d\u00f6vl\u0259tl\u0259rin\u0259 \u015famil <a href=\"https:\/\/www.reuters.com\/world\/europe\/exclusive-facebook-instagram-temporarily-allow-calls-violence-against-russians-2022-03-10\/\" target=\"_blank\" rel=\"noreferrer noopener\">edilir<\/a>.<\/p>\n\n\n\n<p>Sosial \u015f\u0259b\u0259k\u0259 h\u0259m\u00e7inin Rusiya Prezidenti Vladimir Putin v\u0259 Belarus Prezidenti Aleksandr Luka\u015fenkoya qar\u015f\u0131 \u00f6l\u00fcm \u00e7a\u011f\u0131r\u0131\u015fl\u0131 yaz\u0131lara da icaz\u0259 verib.<\/p>\n\n\n\n<p>\u015eirk\u0259tin m\u0259tbuat xidm\u0259ti Endi Stoun bildirib ki, bu, Rusiyan\u0131n Ukraynaya qar\u015f\u0131 apard\u0131\u011f\u0131 h\u0259rbi m\u00fcnaqi\u015f\u0259 z\u0259minind\u0259 at\u0131lan add\u0131md\u0131r.<\/p>\n\n\n\n<p>\u201cUkraynada x\u00fcsusi \u0259m\u0259liyyatda i\u015ftirak ed\u0259n Rusiya h\u0259rb\u00e7il\u0259rin\u0259 qar\u015f\u0131 zorak\u0131l\u0131q \u00e7a\u011f\u0131r\u0131\u015flar\u0131na icaz\u0259 veril\u0259c\u0259k. \u201cRus i\u015f\u011fal\u00e7\u0131lar\u0131na \u00f6l\u00fcm\u201d- kimi ritorikaya da icaz\u0259 var\u201d, &#8211; \u201cMeta Platforms\u201d \u015firk\u0259tinin s\u00f6z\u00e7\u00fcs\u00fc bildirib.<\/p>\n\n\n\n<p>M\u00fclki \u015f\u0259xsl\u0259rl\u0259 ba\u011fl\u0131 ox\u015far mesajlar is\u0259 bloklanacaq.<\/p>\n\n\n\n<p>Amerikan\u0131n Ron Paul ad\u0131na S\u00fclh v\u0259 Rifah \u0130nstitutunun direktoru Deniel Makadams \u015firk\u0259tin q\u0259rar\u0131n\u0131 irq\u00e7ilik kimi <a href=\"http:\/\/ronpaulinstitute.org\/archives\/peace-and-prosperity\/2022\/march\/10\/facebook-oks-calls-for-violence-against-russians\/\" target=\"_blank\" rel=\"noreferrer noopener\">qiym\u0259tl\u0259ndirib<\/a>.<\/p>\n\n\n\n<p>Rusiya Rabit\u0259, \u0130nformasiya Texnologiyalar\u0131 v\u0259 K\u00fctl\u0259vi Kommunikasiya Federal Xidm\u0259ti (\u0420\u043e\u0441\u043a\u043e\u043c\u043d\u0430\u0434\u0437\u043e\u0440) \u00f6lk\u0259 \u0259razisind\u0259 \u201cTwitter\u201d v\u0259 \u201cFacebook\u201da giri\u015fi m\u0259hdudla\u015fd\u0131r\u0131b.<\/p>\n\n\n\n<p>Bildirilib ki, \u201cFacebook\u201d 2020-ci ilin oktyabr ay\u0131ndan indiy\u0259 q\u0259d\u0259r sosial \u015f\u0259b\u0259k\u0259 t\u0259r\u0259find\u0259n Rusiya medias\u0131na qar\u015f\u0131 26 diskriminasiya fakt\u0131 qeyd\u0259 <a href=\"https:\/\/d9mc3ts4czbpr.cloudfront.net\/az\/article\/rusiya-facebookun-rusiyada-istifadesini-qismen-mehdudlasdirir\/\" target=\"_blank\" rel=\"noreferrer noopener\">al\u0131n\u0131b<\/a>.<\/p>\n\n\n\n<p>\u201cTwitter\u201d\u0259 giri\u015f \u201c\u0130nformasiya, informasiya texnologiyalar\u0131 v\u0259 informasiyan\u0131n m\u00fchafiz\u0259si haqq\u0131nda\u201d federal qanunun 15.3-c\u00fc madd\u0259si \u0259sas\u0131nda m\u0259hdudla\u015fd\u0131r\u0131l\u0131b.<\/p>\n\n\n\n<p>Rusiya fevral\u0131n 24-d\u0259 Ukraynaya geni\u015fmiqyasl\u0131 h\u00fccuma ba\u015flay\u0131b.<\/p>\n\n\n\n<p>Ondan 2 g\u00fcn \u00f6nc\u0259 is\u0259 Rusiya Prezidenti Vladimir Putin a\u00e7\u0131qlama ver\u0259r\u0259k Ukraynan\u0131n \u015f\u0259rqind\u0259ki separat\u00e7\u0131 qurumlar\u0131 tan\u0131d\u0131\u011f\u0131n\u0131 b\u0259yan edib.<\/p>\n\n\n\n<p>Ukrayna, Q\u0259rb liderl\u0259ri h\u00fccumu pisl\u0259yib, Putinin buna g\u00f6r\u0259 cavab ver\u0259c\u0259yini bildiribl\u0259r.<\/p>\n\n\n\n<p>Bundan sonra Avropa Birliyi \u00f6lk\u0259l\u0259rind\u0259n, el\u0259c\u0259 d\u0259 AB\u015e-dan Rusiyaya qar\u015f\u0131 sanksiyalar g\u0259lm\u0259y\u0259 ba\u015flay\u0131b.<\/p>\n\n\n\n<p>Sanksiya t\u0259tbiq edil\u0259n 600-d\u0259n \u00e7ox \u015f\u0259xsin i\u00e7ind\u0259 oliqarxlar, y\u00fcks\u0259k r\u00fctb\u0259li h\u0259rb\u00e7il\u0259r, \u015firk\u0259t sahibl\u0259ri, biznesmenl\u0259rl\u0259 yana\u015f\u0131, Rusiya Prezidenti Vladimir Putin v\u0259 xarici i\u015fl\u0259r naziri Sergey Lavrov da var.<\/p>\n","protected":false},"excerpt":{"rendered":"<p>Putin v\u0259 Luka\u015fenkoya \u00f6l\u00fcm \u00e7a\u011f\u0131r\u0131\u015fl\u0131 yaz\u0131lara da m\u0259hdudiyy\u0259t yoxdur Amerikan\u0131n &#8230; <\/p>\n<p class=\"read-more-container\"><a title=\"\u201cFacebook\u201d v\u0259 \u201cInstagram\u201dda rus h\u0259rb\u00e7il\u0259rin\u0259 qar\u015f\u0131 nifr\u0259t nitqin\u0259 icaz\u0259 verilib\" class=\"read-more button\" href=\"https:\/\/www.meydan.tv\/az\/article\/facebook-ve-instagramda-rus-herbcilerine-qarsi-nifret-nitqine-icaze-verilib\/#more-238077\" aria-label=\"Read more about \u201cFacebook\u201d v\u0259 \u201cInstagram\u201dda rus h\u0259rb\u00e7il\u0259rin\u0259 qar\u015f\u0131 nifr\u0259t nitqin\u0259 icaz\u0259 verilib\">Davam\u0131<\/a><\/p>\n","protected":false},"author":8,"featured_media":238073,"comment_status":"closed","ping_status":"closed","sticky":false,"template":"","format":"standard","meta":{"_acf_changed":false,"_sitemap_exclude":false,"_sitemap_priority":"","_sitemap_frequency":"","footnotes":""},"categories":[59,56],"tags":[],"class_list":["post-238077","post","type-post","status-publish","format-standard","has-post-thumbnail","hentry","category-siyaset","category-xeberler","infinite-scroll-item","generate-columns","tablet-grid-50","mobile-grid-100","grid-parent","grid-33","no-featured-image-padding"],"acf":[],"yoast_head":"<!-- This site is optimized with the Yoast SEO plugin v27.5 - https:\/\/yoast.com\/product\/yoast-seo-wordpress\/ -->\n<title>\u201cFacebook\u201d v\u0259 \u201cInstagram\u201dda rus h\u0259rb\u00e7il\u0259rin\u0259 qar\u015f\u0131 nifr\u0259t nitqin\u0259 icaz\u0259 verilib - MEYDAN.TV<\/title>\n<meta name=\"robots\" content=\"index, follow, max-snippet:-1, max-image-preview:large, max-video-preview:-1\" \/>\n<link rel=\"canonical\" href=\"https:\/\/www.meydan.tv\/az\/article\/facebook-ve-instagramda-rus-herbcilerine-qarsi-nifret-nitqine-icaze-verilib\/\" \/>\n<meta property=\"og:locale\" content=\"az_AZ\" \/>\n<meta property=\"og:type\" content=\"article\" \/>\n<meta property=\"og:title\" content=\"\u201cFacebook\u201d v\u0259 \u201cInstagram\u201dda rus h\u0259rb\u00e7il\u0259rin\u0259 qar\u015f\u0131 nifr\u0259t nitqin\u0259 icaz\u0259 verilib - MEYDAN.TV\" \/>\n<meta property=\"og:description\" content=\"Putin v\u0259 Luka\u015fenkoya \u00f6l\u00fcm \u00e7a\u011f\u0131r\u0131\u015fl\u0131 yaz\u0131lara da m\u0259hdudiyy\u0259t yoxdur Amerikan\u0131n ... Davam\u0131\" \/>\n<meta property=\"og:url\" content=\"https:\/\/www.meydan.tv\/az\/article\/facebook-ve-instagramda-rus-herbcilerine-qarsi-nifret-nitqine-icaze-verilib\/\" \/>\n<meta property=\"og:site_name\" content=\"MEYDAN.TV\" \/>\n<meta property=\"article:published_time\" content=\"2022-03-11T08:47:43+00:00\" \/>\n<meta property=\"article:modified_time\" content=\"2022-03-11T08:50:02+00:00\" \/>\n<meta property=\"og:image\" content=\"https:\/\/www.meydan.tv\/wp-content\/uploads\/shutterstock_1300829641.jpg\" \/>\n\t<meta property=\"og:image:width\" content=\"1200\" \/>\n\t<meta property=\"og:image:height\" content=\"800\" \/>\n\t<meta property=\"og:image:type\" content=\"image\/jpeg\" \/>\n<meta name=\"author\" content=\"elli\" \/>\n<meta name=\"twitter:card\" content=\"summary_large_image\" \/>\n<meta name=\"twitter:creator\" content=\"@elli\" \/>\n<script type=\"application\/ld+json\" class=\"yoast-schema-graph\">{\"@context\":\"https:\\\/\\\/schema.org\",\"@graph\":[{\"@type\":\"Article\",\"@id\":\"https:\\\/\\\/www.meydan.tv\\\/az\\\/article\\\/facebook-ve-instagramda-rus-herbcilerine-qarsi-nifret-nitqine-icaze-verilib\\\/#article\",\"isPartOf\":{\"@id\":\"https:\\\/\\\/www.meydan.tv\\\/az\\\/article\\\/facebook-ve-instagramda-rus-herbcilerine-qarsi-nifret-nitqine-icaze-verilib\\\/\"},\"author\":{\"name\":\"elli\",\"@id\":\"https:\\\/\\\/www.meydan.tv\\\/az\\\/#\\\/schema\\\/person\\\/9cdbecf90d17180ce1dfbd95b08dcf47\"},\"headline\":\"\u201cFacebook\u201d v\u0259 \u201cInstagram\u201dda rus h\u0259rb\u00e7il\u0259rin\u0259 qar\u015f\u0131 nifr\u0259t nitqin\u0259 icaz\u0259 verilib\",\"datePublished\":\"2022-03-11T08:47:43+00:00\",\"dateModified\":\"2022-03-11T08:50:02+00:00\",\"mainEntityOfPage\":{\"@id\":\"https:\\\/\\\/www.meydan.tv\\\/az\\\/article\\\/facebook-ve-instagramda-rus-herbcilerine-qarsi-nifret-nitqine-icaze-verilib\\\/\"},\"wordCount\":571,\"publisher\":{\"@id\":\"https:\\\/\\\/www.meydan.tv\\\/az\\\/#organization\"},\"image\":{\"@id\":\"https:\\\/\\\/www.meydan.tv\\\/az\\\/article\\\/facebook-ve-instagramda-rus-herbcilerine-qarsi-nifret-nitqine-icaze-verilib\\\/#primaryimage\"},\"thumbnailUrl\":\"https:\\\/\\\/www.meydan.tv\\\/wp-content\\\/uploads\\\/shutterstock_1300829641.jpg\",\"articleSection\":[\"Siyas\u0259t\",\"X\u0259b\u0259rl\u0259r\"],\"inLanguage\":\"az\"},{\"@type\":\"WebPage\",\"@id\":\"https:\\\/\\\/www.meydan.tv\\\/az\\\/article\\\/facebook-ve-instagramda-rus-herbcilerine-qarsi-nifret-nitqine-icaze-verilib\\\/\",\"url\":\"https:\\\/\\\/www.meydan.tv\\\/az\\\/article\\\/facebook-ve-instagramda-rus-herbcilerine-qarsi-nifret-nitqine-icaze-verilib\\\/\",\"name\":\"\u201cFacebook\u201d v\u0259 \u201cInstagram\u201dda rus h\u0259rb\u00e7il\u0259rin\u0259 qar\u015f\u0131 nifr\u0259t nitqin\u0259 icaz\u0259 verilib - MEYDAN.TV\",\"isPartOf\":{\"@id\":\"https:\\\/\\\/www.meydan.tv\\\/az\\\/#website\"},\"primaryImageOfPage\":{\"@id\":\"https:\\\/\\\/www.meydan.tv\\\/az\\\/article\\\/facebook-ve-instagramda-rus-herbcilerine-qarsi-nifret-nitqine-icaze-verilib\\\/#primaryimage\"},\"image\":{\"@id\":\"https:\\\/\\\/www.meydan.tv\\\/az\\\/article\\\/facebook-ve-instagramda-rus-herbcilerine-qarsi-nifret-nitqine-icaze-verilib\\\/#primaryimage\"},\"thumbnailUrl\":\"https:\\\/\\\/www.meydan.tv\\\/wp-content\\\/uploads\\\/shutterstock_1300829641.jpg\",\"datePublished\":\"2022-03-11T08:47:43+00:00\",\"dateModified\":\"2022-03-11T08:50:02+00:00\",\"breadcrumb\":{\"@id\":\"https:\\\/\\\/www.meydan.tv\\\/az\\\/article\\\/facebook-ve-instagramda-rus-herbcilerine-qarsi-nifret-nitqine-icaze-verilib\\\/#breadcrumb\"},\"inLanguage\":\"az\",\"potentialAction\":[{\"@type\":\"ReadAction\",\"target\":[\"https:\\\/\\\/www.meydan.tv\\\/az\\\/article\\\/facebook-ve-instagramda-rus-herbcilerine-qarsi-nifret-nitqine-icaze-verilib\\\/\"]}]},{\"@type\":\"ImageObject\",\"inLanguage\":\"az\",\"@id\":\"https:\\\/\\\/www.meydan.tv\\\/az\\\/article\\\/facebook-ve-instagramda-rus-herbcilerine-qarsi-nifret-nitqine-icaze-verilib\\\/#primaryimage\",\"url\":\"https:\\\/\\\/www.meydan.tv\\\/wp-content\\\/uploads\\\/shutterstock_1300829641.jpg\",\"contentUrl\":\"https:\\\/\\\/www.meydan.tv\\\/wp-content\\\/uploads\\\/shutterstock_1300829641.jpg\",\"width\":1200,\"height\":800,\"caption\":\"\u201cFacebook\u201d v\u0259 \u201cInstagram\u201d. Foto: Wachiwit\\\/shutterstock\"},{\"@type\":\"BreadcrumbList\",\"@id\":\"https:\\\/\\\/www.meydan.tv\\\/az\\\/article\\\/facebook-ve-instagramda-rus-herbcilerine-qarsi-nifret-nitqine-icaze-verilib\\\/#breadcrumb\",\"itemListElement\":[{\"@type\":\"ListItem\",\"position\":1,\"name\":\"Ana s\u0259hif\u0259\",\"item\":\"https:\\\/\\\/www.meydan.tv\\\/az\\\/\"},{\"@type\":\"ListItem\",\"position\":2,\"name\":\"Siyas\u0259t\",\"item\":\"https:\\\/\\\/www.meydan.tv\\\/az\\\/section\\\/siyaset\\\/\"},{\"@type\":\"ListItem\",\"position\":3,\"name\":\"\u201cFacebook\u201d v\u0259 \u201cInstagram\u201dda rus h\u0259rb\u00e7il\u0259rin\u0259 qar\u015f\u0131 nifr\u0259t nitqin\u0259 icaz\u0259 verilib\"}]},{\"@type\":\"WebSite\",\"@id\":\"https:\\\/\\\/www.meydan.tv\\\/az\\\/#website\",\"url\":\"https:\\\/\\\/www.meydan.tv\\\/az\\\/\",\"name\":\"MEYDAN.TV\",\"description\":\"Meydan TV Az\u0259rbaycan\u0131n media m\u0259kan\u0131ndak\u0131 alternativ s\u0259sidir\",\"publisher\":{\"@id\":\"https:\\\/\\\/www.meydan.tv\\\/az\\\/#organization\"},\"potentialAction\":[{\"@type\":\"SearchAction\",\"target\":{\"@type\":\"EntryPoint\",\"urlTemplate\":\"https:\\\/\\\/www.meydan.tv\\\/az\\\/?s={search_term_string}\"},\"query-input\":{\"@type\":\"PropertyValueSpecification\",\"valueRequired\":true,\"valueName\":\"search_term_string\"}}],\"inLanguage\":\"az\"},{\"@type\":\"Organization\",\"@id\":\"https:\\\/\\\/www.meydan.tv\\\/az\\\/#organization\",\"name\":\"Meydan TV\",\"url\":\"https:\\\/\\\/www.meydan.tv\\\/az\\\/\",\"logo\":{\"@type\":\"ImageObject\",\"inLanguage\":\"az\",\"@id\":\"https:\\\/\\\/www.meydan.tv\\\/az\\\/#\\\/schema\\\/logo\\\/image\\\/\",\"url\":\"https:\\\/\\\/www.meydan.tv\\\/wp-content\\\/uploads\\\/2021\\\/07\\\/meydan-logo.svg\",\"contentUrl\":\"https:\\\/\\\/www.meydan.tv\\\/wp-content\\\/uploads\\\/2021\\\/07\\\/meydan-logo.svg\",\"width\":195,\"height\":46,\"caption\":\"Meydan TV\"},\"image\":{\"@id\":\"https:\\\/\\\/www.meydan.tv\\\/az\\\/#\\\/schema\\\/logo\\\/image\\\/\"}},{\"@type\":\"Person\",\"@id\":\"https:\\\/\\\/www.meydan.tv\\\/az\\\/#\\\/schema\\\/person\\\/9cdbecf90d17180ce1dfbd95b08dcf47\",\"name\":\"elli\",\"sameAs\":[\"https:\\\/\\\/x.com\\\/elli\"]}]}<\/script>\n<!-- \/ Yoast SEO plugin. -->","yoast_head_json":{"title":"\u201cFacebook\u201d v\u0259 \u201cInstagram\u201dda rus h\u0259rb\u00e7il\u0259rin\u0259 qar\u015f\u0131 nifr\u0259t nitqin\u0259 icaz\u0259 verilib - MEYDAN.TV","robots":{"index":"index","follow":"follow","max-snippet":"max-snippet:-1","max-image-preview":"max-image-preview:large","max-video-preview":"max-video-preview:-1"},"canonical":"https:\/\/www.meydan.tv\/az\/article\/facebook-ve-instagramda-rus-herbcilerine-qarsi-nifret-nitqine-icaze-verilib\/","og_locale":"az_AZ","og_type":"article","og_title":"\u201cFacebook\u201d v\u0259 \u201cInstagram\u201dda rus h\u0259rb\u00e7il\u0259rin\u0259 qar\u015f\u0131 nifr\u0259t nitqin\u0259 icaz\u0259 verilib - MEYDAN.TV","og_description":"Putin v\u0259 Luka\u015fenkoya \u00f6l\u00fcm \u00e7a\u011f\u0131r\u0131\u015fl\u0131 yaz\u0131lara da m\u0259hdudiyy\u0259t yoxdur Amerikan\u0131n ... Davam\u0131","og_url":"https:\/\/www.meydan.tv\/az\/article\/facebook-ve-instagramda-rus-herbcilerine-qarsi-nifret-nitqine-icaze-verilib\/","og_site_name":"MEYDAN.TV","article_published_time":"2022-03-11T08:47:43+00:00","article_modified_time":"2022-03-11T08:50:02+00:00","og_image":[{"width":1200,"height":800,"url":"https:\/\/www.meydan.tv\/wp-content\/uploads\/shutterstock_1300829641.jpg","type":"image\/jpeg"}],"author":"elli","twitter_card":"summary_large_image","twitter_creator":"@elli","schema":{"@context":"https:\/\/schema.org","@graph":[{"@type":"Article","@id":"https:\/\/www.meydan.tv\/az\/article\/facebook-ve-instagramda-rus-herbcilerine-qarsi-nifret-nitqine-icaze-verilib\/#article","isPartOf":{"@id":"https:\/\/www.meydan.tv\/az\/article\/facebook-ve-instagramda-rus-herbcilerine-qarsi-nifret-nitqine-icaze-verilib\/"},"author":{"name":"elli","@id":"https:\/\/www.meydan.tv\/az\/#\/schema\/person\/9cdbecf90d17180ce1dfbd95b08dcf47"},"headline":"\u201cFacebook\u201d v\u0259 \u201cInstagram\u201dda rus h\u0259rb\u00e7il\u0259rin\u0259 qar\u015f\u0131 nifr\u0259t nitqin\u0259 icaz\u0259 verilib","datePublished":"2022-03-11T08:47:43+00:00","dateModified":"2022-03-11T08:50:02+00:00","mainEntityOfPage":{"@id":"https:\/\/www.meydan.tv\/az\/article\/facebook-ve-instagramda-rus-herbcilerine-qarsi-nifret-nitqine-icaze-verilib\/"},"wordCount":571,"publisher":{"@id":"https:\/\/www.meydan.tv\/az\/#organization"},"image":{"@id":"https:\/\/www.meydan.tv\/az\/article\/facebook-ve-instagramda-rus-herbcilerine-qarsi-nifret-nitqine-icaze-verilib\/#primaryimage"},"thumbnailUrl":"https:\/\/www.meydan.tv\/wp-content\/uploads\/shutterstock_1300829641.jpg","articleSection":["Siyas\u0259t","X\u0259b\u0259rl\u0259r"],"inLanguage":"az"},{"@type":"WebPage","@id":"https:\/\/www.meydan.tv\/az\/article\/facebook-ve-instagramda-rus-herbcilerine-qarsi-nifret-nitqine-icaze-verilib\/","url":"https:\/\/www.meydan.tv\/az\/article\/facebook-ve-instagramda-rus-herbcilerine-qarsi-nifret-nitqine-icaze-verilib\/","name":"\u201cFacebook\u201d v\u0259 \u201cInstagram\u201dda rus h\u0259rb\u00e7il\u0259rin\u0259 qar\u015f\u0131 nifr\u0259t nitqin\u0259 icaz\u0259 verilib - MEYDAN.TV","isPartOf":{"@id":"https:\/\/www.meydan.tv\/az\/#website"},"primaryImageOfPage":{"@id":"https:\/\/www.meydan.tv\/az\/article\/facebook-ve-instagramda-rus-herbcilerine-qarsi-nifret-nitqine-icaze-verilib\/#primaryimage"},"image":{"@id":"https:\/\/www.meydan.tv\/az\/article\/facebook-ve-instagramda-rus-herbcilerine-qarsi-nifret-nitqine-icaze-verilib\/#primaryimage"},"thumbnailUrl":"https:\/\/www.meydan.tv\/wp-content\/uploads\/shutterstock_1300829641.jpg","datePublished":"2022-03-11T08:47:43+00:00","dateModified":"2022-03-11T08:50:02+00:00","breadcrumb":{"@id":"https:\/\/www.meydan.tv\/az\/article\/facebook-ve-instagramda-rus-herbcilerine-qarsi-nifret-nitqine-icaze-verilib\/#breadcrumb"},"inLanguage":"az","potentialAction":[{"@type":"ReadAction","target":["https:\/\/www.meydan.tv\/az\/article\/facebook-ve-instagramda-rus-herbcilerine-qarsi-nifret-nitqine-icaze-verilib\/"]}]},{"@type":"ImageObject","inLanguage":"az","@id":"https:\/\/www.meydan.tv\/az\/article\/facebook-ve-instagramda-rus-herbcilerine-qarsi-nifret-nitqine-icaze-verilib\/#primaryimage","url":"https:\/\/www.meydan.tv\/wp-content\/uploads\/shutterstock_1300829641.jpg","contentUrl":"https:\/\/www.meydan.tv\/wp-content\/uploads\/shutterstock_1300829641.jpg","width":1200,"height":800,"caption":"\u201cFacebook\u201d v\u0259 \u201cInstagram\u201d. Foto: Wachiwit\/shutterstock"},{"@type":"BreadcrumbList","@id":"https:\/\/www.meydan.tv\/az\/article\/facebook-ve-instagramda-rus-herbcilerine-qarsi-nifret-nitqine-icaze-verilib\/#breadcrumb","itemListElement":[{"@type":"ListItem","position":1,"name":"Ana s\u0259hif\u0259","item":"https:\/\/www.meydan.tv\/az\/"},{"@type":"ListItem","position":2,"name":"Siyas\u0259t","item":"https:\/\/www.meydan.tv\/az\/section\/siyaset\/"},{"@type":"ListItem","position":3,"name":"\u201cFacebook\u201d v\u0259 \u201cInstagram\u201dda rus h\u0259rb\u00e7il\u0259rin\u0259 qar\u015f\u0131 nifr\u0259t nitqin\u0259 icaz\u0259 verilib"}]},{"@type":"WebSite","@id":"https:\/\/www.meydan.tv\/az\/#website","url":"https:\/\/www.meydan.tv\/az\/","name":"MEYDAN.TV","description":"Meydan TV Az\u0259rbaycan\u0131n media m\u0259kan\u0131ndak\u0131 alternativ s\u0259sidir","publisher":{"@id":"https:\/\/www.meydan.tv\/az\/#organization"},"potentialAction":[{"@type":"SearchAction","target":{"@type":"EntryPoint","urlTemplate":"https:\/\/www.meydan.tv\/az\/?s={search_term_string}"},"query-input":{"@type":"PropertyValueSpecification","valueRequired":true,"valueName":"search_term_string"}}],"inLanguage":"az"},{"@type":"Organization","@id":"https:\/\/www.meydan.tv\/az\/#organization","name":"Meydan TV","url":"https:\/\/www.meydan.tv\/az\/","logo":{"@type":"ImageObject","inLanguage":"az","@id":"https:\/\/www.meydan.tv\/az\/#\/schema\/logo\/image\/","url":"https:\/\/www.meydan.tv\/wp-content\/uploads\/2021\/07\/meydan-logo.svg","contentUrl":"https:\/\/www.meydan.tv\/wp-content\/uploads\/2021\/07\/meydan-logo.svg","width":195,"height":46,"caption":"Meydan TV"},"image":{"@id":"https:\/\/www.meydan.tv\/az\/#\/schema\/logo\/image\/"}},{"@type":"Person","@id":"https:\/\/www.meydan.tv\/az\/#\/schema\/person\/9cdbecf90d17180ce1dfbd95b08dcf47","name":"elli","sameAs":["https:\/\/x.com\/elli"]}]}},"_links":{"self":[{"href":"https:\/\/www.meydan.tv\/az\/wp-json\/wp\/v2\/posts\/238077","targetHints":{"allow":["GET"]}}],"collection":[{"href":"https:\/\/www.meydan.tv\/az\/wp-json\/wp\/v2\/posts"}],"about":[{"href":"https:\/\/www.meydan.tv\/az\/wp-json\/wp\/v2\/types\/post"}],"author":[{"embeddable":true,"href":"https:\/\/www.meydan.tv\/az\/wp-json\/wp\/v2\/users\/8"}],"replies":[{"embeddable":true,"href":"https:\/\/www.meydan.tv\/az\/wp-json\/wp\/v2\/comments?post=238077"}],"version-history":[{"count":3,"href":"https:\/\/www.meydan.tv\/az\/wp-json\/wp\/v2\/posts\/238077\/revisions"}],"predecessor-version":[{"id":238087,"href":"https:\/\/www.meydan.tv\/az\/wp-json\/wp\/v2\/posts\/238077\/revisions\/238087"}],"wp:featuredmedia":[{"embeddable":true,"href":"https:\/\/www.meydan.tv\/az\/wp-json\/wp\/v2\/media\/238073"}],"wp:attachment":[{"href":"https:\/\/www.meydan.tv\/az\/wp-json\/wp\/v2\/media?parent=238077"}],"wp:term":[{"taxonomy":"category","embeddable":true,"href":"https:\/\/www.meydan.tv\/az\/wp-json\/wp\/v2\/categories?post=238077"},{"taxonomy":"post_tag","embeddable":true,"href":"https:\/\/www.meydan.tv\/az\/wp-json\/wp\/v2\/tags?post=238077"}],"curies":[{"name":"wp","href":"https:\/\/api.w.org\/{rel}","templated":true}]}}