{"id":238066,"date":"2022-03-11T11:54:13","date_gmt":"2022-03-11T07:54:13","guid":{"rendered":"https:\/\/www.meydan.tv\/?p=238066"},"modified":"2022-03-11T11:54:15","modified_gmt":"2022-03-11T07:54:15","slug":"rusiya-qerb-sirketlerinin-aktivlerini-millilesdirmek-isteyir","status":"publish","type":"post","link":"https:\/\/www.meydan.tv\/az\/article\/rusiya-qerb-sirketlerinin-aktivlerini-millilesdirmek-isteyir\/","title":{"rendered":"Rusiya Q\u0259rb \u015firk\u0259tl\u0259rinin aktivl\u0259rini millil\u0259\u015fdirm\u0259k ist\u0259yir"},"content":{"rendered":"\n<p><em>M\u0259qs\u0259d \u015firk\u0259tl\u0259rin \u00f6lk\u0259d\u0259n k\u00fctl\u0259vi ax\u0131n\u0131n\u0131 \u00f6nl\u0259m\u0259kdir<\/em><br><\/p>\n\n\n\n<p>Rusiya Q\u0259rb \u015firk\u0259tl\u0259rinin aktivl\u0259rini millil\u0259\u015fdirm\u0259y\u0259 haz\u0131rla\u015f\u0131r.<br><\/p>\n\n\n\n<p>Xarici \u015firk\u0259tl\u0259rin \u0259mlak\u0131n\u0131n millil\u0259\u015fdirilm\u0259si t\u0259klifi Rusiya h\u00f6kum\u0259tinin qanunvericilik komissiyas\u0131 t\u0259r\u0259find\u0259n <a href=\"https:\/\/www.investmentmonitor.ai\/special-focus\/ukraine-crisis\/russia-nationalise-assets-foreign-companies\" target=\"_blank\" rel=\"noreferrer noopener\">b\u0259y\u0259nilib.<\/a><br><\/p>\n\n\n\n<p>Bildirilir ki, burada \u0259sas m\u0259qs\u0259d xarici \u015firk\u0259tl\u0259rin Rusiyadan k\u00fctl\u0259vi ax\u0131n\u0131n\u0131 \u00f6nl\u0259m\u0259kdir. Buna g\u00f6r\u0259 \u00f6lk\u0259nin \u0130qtisadiyyat Nazirliyi qanun layih\u0259si haz\u0131rlay\u0131b. Haz\u0131rda \u015firk\u0259tl\u0259rin millil\u0259\u015fdirilm\u0259si \u00fc\u00e7\u00fcn z\u0259min haz\u0131rland\u0131\u011f\u0131 g\u00f6r\u00fcn\u00fcr.<br><\/p>\n\n\n\n<p>Layih\u0259y\u0259 g\u00f6r\u0259, d\u00f6vl\u0259t\u0259 m\u0259xsus \u201cVne\u015fekonombank\u201d v\u0259 ixraca z\u0259man\u0259t agentliyi xarici \u015firk\u0259tl\u0259rin \u0259mlak\u0131n\u0131 n\u0259zar\u0259t h\u00fcququ \u0259ld\u0259 ed\u0259c\u0259k.<br><\/p>\n\n\n\n<p>Rusiya fevral\u0131n 22-d\u0259 Ukraynaya h\u00fccuma ba\u015flayandan xeyli sayda beyn\u0259lxalq \u015firk\u0259t Rusiyada f\u0259aliyy\u0259tini dayand\u0131r\u0131b.<br><\/p>\n\n\n\n<p>Rusiyan\u0131n hakim Vahid Rusiya Partiyas\u0131 mart\u0131n 9-da bildirib ki, h\u00f6kum\u0259t Rusiya parlamentinin a\u015fa\u011f\u0131 palatas\u0131 olan D\u00f6vl\u0259t Dumas\u0131na Q\u0259rb \u015firk\u0259tl\u0259rinin \u0259mlak\u0131n\u0131n millil\u0259\u015fdirilm\u0259si il\u0259 ba\u011fl\u0131 t\u0259klif verib.<br><\/p>\n\n\n\n<p>Partiya bildirib ki, yeni qanunvericilik Rusiyan\u0131 t\u0259rk ed\u0259n xarici t\u0259\u015fkilatlar\u0131n millil\u0259\u015fdirilm\u0259sin\u0259 do\u011fru ilk add\u0131md\u0131r.<br><\/p>\n\n\n\n<p>Hakim partiya parlamentd\u0259 \u00e7oxluqdad\u0131r v\u0259 h\u00f6kum\u0259tin, yaxud Kremlin t\u0259\u015f\u0259bb\u00fcsl\u0259rini d\u0259rhal t\u0259sdiql\u0259yir.<br>Qanunvericilikd\u0259 deyilir ki, xarici \u015firk\u0259tl\u0259rin r\u0259hb\u0259rl\u0259ri biznesin apar\u0131lmas\u0131n\u0131 \u201cde-fakto dayand\u0131rarsa\u201d, Rusiyan\u0131n \u00fc\u00e7 ay \u0259rzind\u0259 onlar\u0131 n\u0259zar\u0259t\u0259 almaq h\u00fcququ olacaq.<br><\/p>\n\n\n\n<p>Yaxud xarici \u015firk\u0259t ba\u015f\u00e7\u0131lar\u0131 \u015firk\u0259tl\u0259ri \u201c\u0259sass\u0131z\u201d likvidasiya, yaxud m\u00fcflis ed\u0259rs\u0259, h\u00f6kum\u0259t alt\u0131 ay \u0259rzind\u0259 onlara n\u0259zar\u0259ti \u0259l\u0259 ke\u00e7ir\u0259 bil\u0259r.<br><\/p>\n\n\n\n<p>Yeni \u015firk\u0259tl\u0259rin s\u0259hml\u0259ri sat\u0131\u015fa \u00e7\u0131xar\u0131lacaq, k\u00f6hn\u0259l\u0259r is\u0259 likvidasiya edil\u0259c\u0259k. \u018fg\u0259r yeni \u015firk\u0259tl\u0259rl\u0259 he\u00e7 k\u0259s maraqlanmasa, onlar millil\u0259\u015fdiril\u0259c\u0259k, qanun layih\u0259sind\u0259n bel\u0259 \u00e7\u0131x\u0131r.<br><\/p>\n\n\n\n<p>\u201c\u0130zvestiya\u201d q\u0259zeti yaz\u0131r ki, nazirlik h\u00f6kum\u0259t\u0259 v\u0259 Ba\u015f prokurorlu\u011fa Rusiya bazar\u0131n\u0131 t\u0259rk etmi\u015f v\u0259 millil\u0259\u015fdirilm\u0259si m\u00fcmk\u00fcn 60 xarici \u015firk\u0259tin siyah\u0131s\u0131n\u0131 g\u00f6nd\u0259rib.<br><\/p>\n\n\n\n<p>Siyah\u0131da Volkswagen, Apple, IKEA, Microsoft, IBM, Shell, McDonald&#8217;s, Porsche, H&amp;M v\u0259 dig\u0259r \u015firk\u0259tl\u0259r var. \u201cGoldman Sachs\u201d ilk b\u00f6y\u00fck Uol Strit bank\u0131 olaraq, Rusiyada \u0259m\u0259liyyatlar\u0131 tamamil\u0259 dayand\u0131rd\u0131\u011f\u0131n\u0131 a\u00e7\u0131qlay\u0131b.<br>\u201cJPMorgan Chase\u201d Rusiyada bank biznesini t\u0259dric\u0259n dayand\u0131raca\u011f\u0131n\u0131 b\u0259yan edib.<br><\/p>\n\n\n\n<p>Rusiya Prezidenti Vladimir Putin mart\u0131n 10-da \u00f6lk\u0259 iqtisadiyyat\u0131na z\u0259rb\u0259 vuran Q\u0259rb sanksiyalar\u0131ndan <a href=\"https:\/\/kremlin.ru\/events\/president\/news\/67958\" target=\"_blank\" rel=\"noreferrer noopener\">dan\u0131\u015f\u0131b<\/a>.<br><\/p>\n\n\n\n<p>O bildirib ki, sanksiyalar\u0131n t\u0259zyiqi h\u0259mi\u015f\u0259 olub. D\u00fczd\u00fcr, bu d\u0259f\u0259 kompleks haldad\u0131r v\u0259 m\u00fc\u0259yy\u0259n \u00e7\u0259tinlikl\u0259r, probleml\u0259r yarad\u0131r: \u201cAmma \u00f6nc\u0259ki ill\u0259r el\u0259diyimiz kimi, indi d\u0259 \u00f6hd\u0259sind\u0259n g\u0259l\u0259c\u0259yik. Bu periodu ke\u00e7m\u0259liyik. \u0130qtisadiyyat m\u00fctl\u0259q yeni v\u0259ziyy\u0259t\u0259 uy\u011funla\u015facaq\u201d, \u2013 Putin deyib.<br><\/p>\n\n\n\n<p>Fevral\u0131n 24-n\u0259 ke\u00e7\u0259n gec\u0259 Rusiya Prezidenti Vladimir Putin Ukrayna \u00fcz\u0259rin\u0259 \u201cx\u00fcsusi \u0259m\u0259liyyat\u201d \u0259mri verib.<br>S\u0259b\u0259b kimi is\u0259 qondarma Donetsk v\u0259 Luqansk \u201crespublikalar\u0131\u201d r\u0259hb\u0259rl\u0259rinin ona m\u00fcraci\u0259tini g\u00f6st\u0259rib.<br><\/p>\n\n\n\n<p>\u0130ddia edib ki, m\u0259qs\u0259d dinc sakinl\u0259ri qorumaq, Ukraynan\u0131n t\u0259hdidl\u0259rin\u0259 cavab verm\u0259kdir.<br><\/p>\n\n\n\n<p>Ukrayna, Q\u0259rb liderl\u0259ri h\u00fccumu pisl\u0259yib, Putinin buna g\u00f6r\u0259 cavab ver\u0259c\u0259yini bildiribl\u0259r. Bundan sonra Avropa Birliyi \u00f6lk\u0259l\u0259rind\u0259n, el\u0259c\u0259 d\u0259 AB\u015e-dan Rusiyaya qar\u015f\u0131 sanksiyalar g\u0259lm\u0259y\u0259 ba\u015flay\u0131b.<br><\/p>\n\n\n\n<p>Rusiyan\u0131n bir s\u0131ra banklar\u0131 SWIFT sistemind\u0259n (Transaksiyalar\u0131n, k\u00f6\u00e7\u00fcrm\u0259l\u0259rin tez v\u0259 t\u0259hl\u00fck\u0259siz h\u0259yata ke\u00e7m\u0259si \u00fc\u00e7\u00fcn bu sistem \u00f6n\u0259mli say\u0131l\u0131r) \u00e7\u0131xar\u0131l\u0131b. Almaniya kansleri Olaf \u015eolz \u201cNord Stream 2\u201d boru x\u0259ttini (red: boru x\u0259ttil\u0259 Rusiyadan Baltik D\u0259nizinin alt\u0131 il\u0259 Almaniyaya t\u0259bii qaz gedir) dayand\u0131r\u0131b.<br><\/p>\n\n\n\n<p>B\u00f6y\u00fck Britaniya Rusiyan\u0131n 5 bank\u0131na v\u0259 z\u0259ngin \u015f\u0259xsl\u0259rin\u0259 sanksiyalar t\u0259tbiq edib.<br>Avropa \u0130ttifaq\u0131 \u00f6lk\u0259l\u0259ri Rusiyan\u0131n \u00fcz\u00fcn\u0259 hava m\u0259kan\u0131n\u0131 ba\u011flay\u0131b.<br><\/p>\n\n\n\n<p>Eyni zamanda, Rusiyadan olan y\u00fczl\u0259rl\u0259 \u015f\u0259xs\u0259 sanksiyalar t\u0259tbiq edib.<br>Onlar\u0131n aras\u0131nda xarici i\u015fl\u0259r naziri Sergey Lavrov v\u0259 prezident Vladimir Putin d\u0259 var.<\/p>\n","protected":false},"excerpt":{"rendered":"<p>M\u0259qs\u0259d \u015firk\u0259tl\u0259rin \u00f6lk\u0259d\u0259n k\u00fctl\u0259vi ax\u0131n\u0131n\u0131 \u00f6nl\u0259m\u0259kdir Rusiya Q\u0259rb \u015firk\u0259tl\u0259rinin aktivl\u0259rini &#8230; <\/p>\n<p class=\"read-more-container\"><a title=\"Rusiya Q\u0259rb \u015firk\u0259tl\u0259rinin aktivl\u0259rini millil\u0259\u015fdirm\u0259k ist\u0259yir\" class=\"read-more button\" href=\"https:\/\/www.meydan.tv\/az\/article\/rusiya-qerb-sirketlerinin-aktivlerini-millilesdirmek-isteyir\/#more-238066\" aria-label=\"Read more about Rusiya Q\u0259rb \u015firk\u0259tl\u0259rinin aktivl\u0259rini millil\u0259\u015fdirm\u0259k ist\u0259yir\">Davam\u0131<\/a><\/p>\n","protected":false},"author":8,"featured_media":238067,"comment_status":"closed","ping_status":"closed","sticky":false,"template":"","format":"standard","meta":{"_acf_changed":false,"_sitemap_exclude":false,"_sitemap_priority":"","_sitemap_frequency":"","footnotes":""},"categories":[53,56],"tags":[],"class_list":["post-238066","post","type-post","status-publish","format-standard","has-post-thumbnail","hentry","category-iqtisadiyyat","category-xeberler","infinite-scroll-item","generate-columns","tablet-grid-50","mobile-grid-100","grid-parent","grid-33","no-featured-image-padding"],"acf":[],"yoast_head":"<!-- This site is optimized with the Yoast SEO plugin v27.5 - https:\/\/yoast.com\/product\/yoast-seo-wordpress\/ -->\n<title>Rusiya Q\u0259rb \u015firk\u0259tl\u0259rinin aktivl\u0259rini millil\u0259\u015fdirm\u0259k ist\u0259yir - MEYDAN.TV<\/title>\n<meta name=\"robots\" content=\"index, follow, max-snippet:-1, max-image-preview:large, max-video-preview:-1\" \/>\n<link rel=\"canonical\" href=\"https:\/\/www.meydan.tv\/az\/article\/rusiya-qerb-sirketlerinin-aktivlerini-millilesdirmek-isteyir\/\" \/>\n<meta property=\"og:locale\" content=\"az_AZ\" \/>\n<meta property=\"og:type\" content=\"article\" \/>\n<meta property=\"og:title\" content=\"Rusiya Q\u0259rb \u015firk\u0259tl\u0259rinin aktivl\u0259rini millil\u0259\u015fdirm\u0259k ist\u0259yir - MEYDAN.TV\" \/>\n<meta property=\"og:description\" content=\"M\u0259qs\u0259d \u015firk\u0259tl\u0259rin \u00f6lk\u0259d\u0259n k\u00fctl\u0259vi ax\u0131n\u0131n\u0131 \u00f6nl\u0259m\u0259kdir Rusiya Q\u0259rb \u015firk\u0259tl\u0259rinin aktivl\u0259rini ... Davam\u0131\" \/>\n<meta property=\"og:url\" content=\"https:\/\/www.meydan.tv\/az\/article\/rusiya-qerb-sirketlerinin-aktivlerini-millilesdirmek-isteyir\/\" \/>\n<meta property=\"og:site_name\" content=\"MEYDAN.TV\" \/>\n<meta property=\"article:published_time\" content=\"2022-03-11T07:54:13+00:00\" \/>\n<meta property=\"article:modified_time\" content=\"2022-03-11T07:54:15+00:00\" \/>\n<meta property=\"og:image\" content=\"https:\/\/www.meydan.tv\/wp-content\/uploads\/shutterstock_1892742541.jpg\" \/>\n\t<meta property=\"og:image:width\" content=\"1200\" \/>\n\t<meta property=\"og:image:height\" content=\"800\" \/>\n\t<meta property=\"og:image:type\" content=\"image\/jpeg\" \/>\n<meta name=\"author\" content=\"elli\" \/>\n<meta name=\"twitter:card\" content=\"summary_large_image\" \/>\n<meta name=\"twitter:creator\" content=\"@elli\" \/>\n<script type=\"application\/ld+json\" class=\"yoast-schema-graph\">{\"@context\":\"https:\\\/\\\/schema.org\",\"@graph\":[{\"@type\":\"Article\",\"@id\":\"https:\\\/\\\/www.meydan.tv\\\/az\\\/article\\\/rusiya-qerb-sirketlerinin-aktivlerini-millilesdirmek-isteyir\\\/#article\",\"isPartOf\":{\"@id\":\"https:\\\/\\\/www.meydan.tv\\\/az\\\/article\\\/rusiya-qerb-sirketlerinin-aktivlerini-millilesdirmek-isteyir\\\/\"},\"author\":{\"name\":\"elli\",\"@id\":\"https:\\\/\\\/www.meydan.tv\\\/az\\\/#\\\/schema\\\/person\\\/9cdbecf90d17180ce1dfbd95b08dcf47\"},\"headline\":\"Rusiya Q\u0259rb \u015firk\u0259tl\u0259rinin aktivl\u0259rini millil\u0259\u015fdirm\u0259k ist\u0259yir\",\"datePublished\":\"2022-03-11T07:54:13+00:00\",\"dateModified\":\"2022-03-11T07:54:15+00:00\",\"mainEntityOfPage\":{\"@id\":\"https:\\\/\\\/www.meydan.tv\\\/az\\\/article\\\/rusiya-qerb-sirketlerinin-aktivlerini-millilesdirmek-isteyir\\\/\"},\"wordCount\":763,\"publisher\":{\"@id\":\"https:\\\/\\\/www.meydan.tv\\\/az\\\/#organization\"},\"image\":{\"@id\":\"https:\\\/\\\/www.meydan.tv\\\/az\\\/article\\\/rusiya-qerb-sirketlerinin-aktivlerini-millilesdirmek-isteyir\\\/#primaryimage\"},\"thumbnailUrl\":\"https:\\\/\\\/www.meydan.tv\\\/wp-content\\\/uploads\\\/shutterstock_1892742541.jpg\",\"articleSection\":[\"\u0130qtisadiyyat\",\"X\u0259b\u0259rl\u0259r\"],\"inLanguage\":\"az\"},{\"@type\":\"WebPage\",\"@id\":\"https:\\\/\\\/www.meydan.tv\\\/az\\\/article\\\/rusiya-qerb-sirketlerinin-aktivlerini-millilesdirmek-isteyir\\\/\",\"url\":\"https:\\\/\\\/www.meydan.tv\\\/az\\\/article\\\/rusiya-qerb-sirketlerinin-aktivlerini-millilesdirmek-isteyir\\\/\",\"name\":\"Rusiya Q\u0259rb \u015firk\u0259tl\u0259rinin aktivl\u0259rini millil\u0259\u015fdirm\u0259k ist\u0259yir - MEYDAN.TV\",\"isPartOf\":{\"@id\":\"https:\\\/\\\/www.meydan.tv\\\/az\\\/#website\"},\"primaryImageOfPage\":{\"@id\":\"https:\\\/\\\/www.meydan.tv\\\/az\\\/article\\\/rusiya-qerb-sirketlerinin-aktivlerini-millilesdirmek-isteyir\\\/#primaryimage\"},\"image\":{\"@id\":\"https:\\\/\\\/www.meydan.tv\\\/az\\\/article\\\/rusiya-qerb-sirketlerinin-aktivlerini-millilesdirmek-isteyir\\\/#primaryimage\"},\"thumbnailUrl\":\"https:\\\/\\\/www.meydan.tv\\\/wp-content\\\/uploads\\\/shutterstock_1892742541.jpg\",\"datePublished\":\"2022-03-11T07:54:13+00:00\",\"dateModified\":\"2022-03-11T07:54:15+00:00\",\"breadcrumb\":{\"@id\":\"https:\\\/\\\/www.meydan.tv\\\/az\\\/article\\\/rusiya-qerb-sirketlerinin-aktivlerini-millilesdirmek-isteyir\\\/#breadcrumb\"},\"inLanguage\":\"az\",\"potentialAction\":[{\"@type\":\"ReadAction\",\"target\":[\"https:\\\/\\\/www.meydan.tv\\\/az\\\/article\\\/rusiya-qerb-sirketlerinin-aktivlerini-millilesdirmek-isteyir\\\/\"]}]},{\"@type\":\"ImageObject\",\"inLanguage\":\"az\",\"@id\":\"https:\\\/\\\/www.meydan.tv\\\/az\\\/article\\\/rusiya-qerb-sirketlerinin-aktivlerini-millilesdirmek-isteyir\\\/#primaryimage\",\"url\":\"https:\\\/\\\/www.meydan.tv\\\/wp-content\\\/uploads\\\/shutterstock_1892742541.jpg\",\"contentUrl\":\"https:\\\/\\\/www.meydan.tv\\\/wp-content\\\/uploads\\\/shutterstock_1892742541.jpg\",\"width\":1200,\"height\":800,\"caption\":\"Rusiya \u0130qtisadiyyat Nazirliyi. Foto: HANK50\\\/shutterstock\"},{\"@type\":\"BreadcrumbList\",\"@id\":\"https:\\\/\\\/www.meydan.tv\\\/az\\\/article\\\/rusiya-qerb-sirketlerinin-aktivlerini-millilesdirmek-isteyir\\\/#breadcrumb\",\"itemListElement\":[{\"@type\":\"ListItem\",\"position\":1,\"name\":\"Ana s\u0259hif\u0259\",\"item\":\"https:\\\/\\\/www.meydan.tv\\\/az\\\/\"},{\"@type\":\"ListItem\",\"position\":2,\"name\":\"\u0130qtisadiyyat\",\"item\":\"https:\\\/\\\/www.meydan.tv\\\/az\\\/section\\\/iqtisadiyyat\\\/\"},{\"@type\":\"ListItem\",\"position\":3,\"name\":\"Rusiya Q\u0259rb \u015firk\u0259tl\u0259rinin aktivl\u0259rini millil\u0259\u015fdirm\u0259k ist\u0259yir\"}]},{\"@type\":\"WebSite\",\"@id\":\"https:\\\/\\\/www.meydan.tv\\\/az\\\/#website\",\"url\":\"https:\\\/\\\/www.meydan.tv\\\/az\\\/\",\"name\":\"MEYDAN.TV\",\"description\":\"Meydan TV Az\u0259rbaycan\u0131n media m\u0259kan\u0131ndak\u0131 alternativ s\u0259sidir\",\"publisher\":{\"@id\":\"https:\\\/\\\/www.meydan.tv\\\/az\\\/#organization\"},\"potentialAction\":[{\"@type\":\"SearchAction\",\"target\":{\"@type\":\"EntryPoint\",\"urlTemplate\":\"https:\\\/\\\/www.meydan.tv\\\/az\\\/?s={search_term_string}\"},\"query-input\":{\"@type\":\"PropertyValueSpecification\",\"valueRequired\":true,\"valueName\":\"search_term_string\"}}],\"inLanguage\":\"az\"},{\"@type\":\"Organization\",\"@id\":\"https:\\\/\\\/www.meydan.tv\\\/az\\\/#organization\",\"name\":\"Meydan TV\",\"url\":\"https:\\\/\\\/www.meydan.tv\\\/az\\\/\",\"logo\":{\"@type\":\"ImageObject\",\"inLanguage\":\"az\",\"@id\":\"https:\\\/\\\/www.meydan.tv\\\/az\\\/#\\\/schema\\\/logo\\\/image\\\/\",\"url\":\"https:\\\/\\\/www.meydan.tv\\\/wp-content\\\/uploads\\\/2021\\\/07\\\/meydan-logo.svg\",\"contentUrl\":\"https:\\\/\\\/www.meydan.tv\\\/wp-content\\\/uploads\\\/2021\\\/07\\\/meydan-logo.svg\",\"width\":195,\"height\":46,\"caption\":\"Meydan TV\"},\"image\":{\"@id\":\"https:\\\/\\\/www.meydan.tv\\\/az\\\/#\\\/schema\\\/logo\\\/image\\\/\"}},{\"@type\":\"Person\",\"@id\":\"https:\\\/\\\/www.meydan.tv\\\/az\\\/#\\\/schema\\\/person\\\/9cdbecf90d17180ce1dfbd95b08dcf47\",\"name\":\"elli\",\"sameAs\":[\"https:\\\/\\\/x.com\\\/elli\"]}]}<\/script>\n<!-- \/ Yoast SEO plugin. -->","yoast_head_json":{"title":"Rusiya Q\u0259rb \u015firk\u0259tl\u0259rinin aktivl\u0259rini millil\u0259\u015fdirm\u0259k ist\u0259yir - MEYDAN.TV","robots":{"index":"index","follow":"follow","max-snippet":"max-snippet:-1","max-image-preview":"max-image-preview:large","max-video-preview":"max-video-preview:-1"},"canonical":"https:\/\/www.meydan.tv\/az\/article\/rusiya-qerb-sirketlerinin-aktivlerini-millilesdirmek-isteyir\/","og_locale":"az_AZ","og_type":"article","og_title":"Rusiya Q\u0259rb \u015firk\u0259tl\u0259rinin aktivl\u0259rini millil\u0259\u015fdirm\u0259k ist\u0259yir - MEYDAN.TV","og_description":"M\u0259qs\u0259d \u015firk\u0259tl\u0259rin \u00f6lk\u0259d\u0259n k\u00fctl\u0259vi ax\u0131n\u0131n\u0131 \u00f6nl\u0259m\u0259kdir Rusiya Q\u0259rb \u015firk\u0259tl\u0259rinin aktivl\u0259rini ... Davam\u0131","og_url":"https:\/\/www.meydan.tv\/az\/article\/rusiya-qerb-sirketlerinin-aktivlerini-millilesdirmek-isteyir\/","og_site_name":"MEYDAN.TV","article_published_time":"2022-03-11T07:54:13+00:00","article_modified_time":"2022-03-11T07:54:15+00:00","og_image":[{"width":1200,"height":800,"url":"https:\/\/www.meydan.tv\/wp-content\/uploads\/shutterstock_1892742541.jpg","type":"image\/jpeg"}],"author":"elli","twitter_card":"summary_large_image","twitter_creator":"@elli","schema":{"@context":"https:\/\/schema.org","@graph":[{"@type":"Article","@id":"https:\/\/www.meydan.tv\/az\/article\/rusiya-qerb-sirketlerinin-aktivlerini-millilesdirmek-isteyir\/#article","isPartOf":{"@id":"https:\/\/www.meydan.tv\/az\/article\/rusiya-qerb-sirketlerinin-aktivlerini-millilesdirmek-isteyir\/"},"author":{"name":"elli","@id":"https:\/\/www.meydan.tv\/az\/#\/schema\/person\/9cdbecf90d17180ce1dfbd95b08dcf47"},"headline":"Rusiya Q\u0259rb \u015firk\u0259tl\u0259rinin aktivl\u0259rini millil\u0259\u015fdirm\u0259k ist\u0259yir","datePublished":"2022-03-11T07:54:13+00:00","dateModified":"2022-03-11T07:54:15+00:00","mainEntityOfPage":{"@id":"https:\/\/www.meydan.tv\/az\/article\/rusiya-qerb-sirketlerinin-aktivlerini-millilesdirmek-isteyir\/"},"wordCount":763,"publisher":{"@id":"https:\/\/www.meydan.tv\/az\/#organization"},"image":{"@id":"https:\/\/www.meydan.tv\/az\/article\/rusiya-qerb-sirketlerinin-aktivlerini-millilesdirmek-isteyir\/#primaryimage"},"thumbnailUrl":"https:\/\/www.meydan.tv\/wp-content\/uploads\/shutterstock_1892742541.jpg","articleSection":["\u0130qtisadiyyat","X\u0259b\u0259rl\u0259r"],"inLanguage":"az"},{"@type":"WebPage","@id":"https:\/\/www.meydan.tv\/az\/article\/rusiya-qerb-sirketlerinin-aktivlerini-millilesdirmek-isteyir\/","url":"https:\/\/www.meydan.tv\/az\/article\/rusiya-qerb-sirketlerinin-aktivlerini-millilesdirmek-isteyir\/","name":"Rusiya Q\u0259rb \u015firk\u0259tl\u0259rinin aktivl\u0259rini millil\u0259\u015fdirm\u0259k ist\u0259yir - MEYDAN.TV","isPartOf":{"@id":"https:\/\/www.meydan.tv\/az\/#website"},"primaryImageOfPage":{"@id":"https:\/\/www.meydan.tv\/az\/article\/rusiya-qerb-sirketlerinin-aktivlerini-millilesdirmek-isteyir\/#primaryimage"},"image":{"@id":"https:\/\/www.meydan.tv\/az\/article\/rusiya-qerb-sirketlerinin-aktivlerini-millilesdirmek-isteyir\/#primaryimage"},"thumbnailUrl":"https:\/\/www.meydan.tv\/wp-content\/uploads\/shutterstock_1892742541.jpg","datePublished":"2022-03-11T07:54:13+00:00","dateModified":"2022-03-11T07:54:15+00:00","breadcrumb":{"@id":"https:\/\/www.meydan.tv\/az\/article\/rusiya-qerb-sirketlerinin-aktivlerini-millilesdirmek-isteyir\/#breadcrumb"},"inLanguage":"az","potentialAction":[{"@type":"ReadAction","target":["https:\/\/www.meydan.tv\/az\/article\/rusiya-qerb-sirketlerinin-aktivlerini-millilesdirmek-isteyir\/"]}]},{"@type":"ImageObject","inLanguage":"az","@id":"https:\/\/www.meydan.tv\/az\/article\/rusiya-qerb-sirketlerinin-aktivlerini-millilesdirmek-isteyir\/#primaryimage","url":"https:\/\/www.meydan.tv\/wp-content\/uploads\/shutterstock_1892742541.jpg","contentUrl":"https:\/\/www.meydan.tv\/wp-content\/uploads\/shutterstock_1892742541.jpg","width":1200,"height":800,"caption":"Rusiya \u0130qtisadiyyat Nazirliyi. Foto: HANK50\/shutterstock"},{"@type":"BreadcrumbList","@id":"https:\/\/www.meydan.tv\/az\/article\/rusiya-qerb-sirketlerinin-aktivlerini-millilesdirmek-isteyir\/#breadcrumb","itemListElement":[{"@type":"ListItem","position":1,"name":"Ana s\u0259hif\u0259","item":"https:\/\/www.meydan.tv\/az\/"},{"@type":"ListItem","position":2,"name":"\u0130qtisadiyyat","item":"https:\/\/www.meydan.tv\/az\/section\/iqtisadiyyat\/"},{"@type":"ListItem","position":3,"name":"Rusiya Q\u0259rb \u015firk\u0259tl\u0259rinin aktivl\u0259rini millil\u0259\u015fdirm\u0259k ist\u0259yir"}]},{"@type":"WebSite","@id":"https:\/\/www.meydan.tv\/az\/#website","url":"https:\/\/www.meydan.tv\/az\/","name":"MEYDAN.TV","description":"Meydan TV Az\u0259rbaycan\u0131n media m\u0259kan\u0131ndak\u0131 alternativ s\u0259sidir","publisher":{"@id":"https:\/\/www.meydan.tv\/az\/#organization"},"potentialAction":[{"@type":"SearchAction","target":{"@type":"EntryPoint","urlTemplate":"https:\/\/www.meydan.tv\/az\/?s={search_term_string}"},"query-input":{"@type":"PropertyValueSpecification","valueRequired":true,"valueName":"search_term_string"}}],"inLanguage":"az"},{"@type":"Organization","@id":"https:\/\/www.meydan.tv\/az\/#organization","name":"Meydan TV","url":"https:\/\/www.meydan.tv\/az\/","logo":{"@type":"ImageObject","inLanguage":"az","@id":"https:\/\/www.meydan.tv\/az\/#\/schema\/logo\/image\/","url":"https:\/\/www.meydan.tv\/wp-content\/uploads\/2021\/07\/meydan-logo.svg","contentUrl":"https:\/\/www.meydan.tv\/wp-content\/uploads\/2021\/07\/meydan-logo.svg","width":195,"height":46,"caption":"Meydan TV"},"image":{"@id":"https:\/\/www.meydan.tv\/az\/#\/schema\/logo\/image\/"}},{"@type":"Person","@id":"https:\/\/www.meydan.tv\/az\/#\/schema\/person\/9cdbecf90d17180ce1dfbd95b08dcf47","name":"elli","sameAs":["https:\/\/x.com\/elli"]}]}},"_links":{"self":[{"href":"https:\/\/www.meydan.tv\/az\/wp-json\/wp\/v2\/posts\/238066","targetHints":{"allow":["GET"]}}],"collection":[{"href":"https:\/\/www.meydan.tv\/az\/wp-json\/wp\/v2\/posts"}],"about":[{"href":"https:\/\/www.meydan.tv\/az\/wp-json\/wp\/v2\/types\/post"}],"author":[{"embeddable":true,"href":"https:\/\/www.meydan.tv\/az\/wp-json\/wp\/v2\/users\/8"}],"replies":[{"embeddable":true,"href":"https:\/\/www.meydan.tv\/az\/wp-json\/wp\/v2\/comments?post=238066"}],"version-history":[{"count":2,"href":"https:\/\/www.meydan.tv\/az\/wp-json\/wp\/v2\/posts\/238066\/revisions"}],"predecessor-version":[{"id":238072,"href":"https:\/\/www.meydan.tv\/az\/wp-json\/wp\/v2\/posts\/238066\/revisions\/238072"}],"wp:featuredmedia":[{"embeddable":true,"href":"https:\/\/www.meydan.tv\/az\/wp-json\/wp\/v2\/media\/238067"}],"wp:attachment":[{"href":"https:\/\/www.meydan.tv\/az\/wp-json\/wp\/v2\/media?parent=238066"}],"wp:term":[{"taxonomy":"category","embeddable":true,"href":"https:\/\/www.meydan.tv\/az\/wp-json\/wp\/v2\/categories?post=238066"},{"taxonomy":"post_tag","embeddable":true,"href":"https:\/\/www.meydan.tv\/az\/wp-json\/wp\/v2\/tags?post=238066"}],"curies":[{"name":"wp","href":"https:\/\/api.w.org\/{rel}","templated":true}]}}