{"id":238054,"date":"2022-03-11T11:38:27","date_gmt":"2022-03-11T07:38:27","guid":{"rendered":"https:\/\/www.meydan.tv\/?p=238054"},"modified":"2022-03-11T18:43:06","modified_gmt":"2022-03-11T14:43:06","slug":"rusiyanin-ukraynaya-herbi-mudaxilesinin-16-ci-gunu-yenilenen-xeberler","status":"publish","type":"post","link":"https:\/\/www.meydan.tv\/az\/article\/rusiyanin-ukraynaya-herbi-mudaxilesinin-16-ci-gunu-yenilenen-xeberler\/","title":{"rendered":"Rusiyan\u0131n Ukraynaya h\u0259rbi m\u00fcdaxil\u0259sinin 16-c\u0131 g\u00fcn\u00fc \u2013 yenil\u0259n\u0259n x\u0259b\u0259rl\u0259r"},"content":{"rendered":"\n<figure class=\"wp-block-embed is-type-video is-provider-youtube wp-block-embed-youtube wp-embed-aspect-16-9 wp-has-aspect-ratio\"><div class=\"wp-block-embed__wrapper\">\n<iframe title=\"Kiyev \u0259traf\u0131nda do\u0308yu\u0308s\u0327l\u0259r - Rusiya q\u00fcvv\u0259l\u0259ri \u015f\u0259h\u0259rin 9 kilometrliyind\u0259\" width=\"1200\" height=\"675\" data-src=\"https:\/\/www.youtube.com\/embed\/_JVkwd_B1fQ?feature=oembed\" frameborder=\"0\" allow=\"accelerometer; autoplay; clipboard-write; encrypted-media; gyroscope; picture-in-picture\" allowfullscreen src=\"data:image\/svg+xml;base64,PHN2ZyB3aWR0aD0iMSIgaGVpZ2h0PSIxIiB4bWxucz0iaHR0cDovL3d3dy53My5vcmcvMjAwMC9zdmciPjwvc3ZnPg==\" class=\"lazyload\" data-load-mode=\"1\"><\/iframe>\n<\/div><\/figure>\n\n\n\n<!--more-->\n\n\n\n<p><\/p>\n\n\n\n<p><strong>Putin: &#8220;Dan\u0131\u015f\u0131qlarda m\u00fcsb\u0259t ir\u0259lil\u0259yi\u015f var&#8221;<\/strong><\/p>\n\n\n\n<p><em>Ukrayna il\u0259 dan\u0131\u015f\u0131qlarda ir\u0259lil\u0259yi\u015fin \u0259ld\u0259 edildiyi deyilir.<\/em><\/p>\n\n\n\n<p>Bu bar\u0259d\u0259 Rusiya d\u00f6vl\u0259t ba\u015f\u00e7\u0131s\u0131 Vladimir Putin Belarus Prezidenti Aleksandr Luka\u015fenko il\u0259 g\u00f6r\u00fc\u015fd\u0259 bildirib.<\/p>\n\n\n\n<p>&#8220;<em>M\u0259n siz\u0259 Ukrayna istiqam\u0259tind\u0259 v\u0259ziyy\u0259t v\u0259 ilk n\u00f6vb\u0259d\u0259, indi dem\u0259k olar ki, h\u0259r g\u00fcn apar\u0131lan dan\u0131\u015f\u0131qlar\u0131n indi nec\u0259 getdiyi bar\u0259d\u0259 m\u00fctl\u0259q m\u0259lumat ver\u0259c\u0259y\u0259m. M\u00fc\u0259yy\u0259n m\u00fcsb\u0259t ir\u0259lil\u0259yi\u015fl\u0259r var, bizim t\u0259r\u0259fimizd\u0259n dan\u0131\u015f\u0131qlar aparan t\u0259r\u0259fl\u0259r kimi&#8221;, &#8211; dey\u0259 o bildirib.<\/em><\/p>\n\n\n\n<hr class=\"wp-block-separator\"\/>\n\n\n\n<p><strong>Putind\u0259n Q\u0259rb \u00f6lk\u0259l\u0259rin\u0259 mineral g\u00fcbr\u0259 h\u0259d\u0259si<\/strong><br><\/p>\n\n\n\n<p><em>Rusiya Prezidenti Vladimir Putin Q\u0259rb \u00f6lk\u0259l\u0259rini mineral g\u00fcbr\u0259l\u0259rl\u0259 h\u0259d\u0259l\u0259yib.<\/em><br><\/p>\n\n\n\n<p><em>Bu bar\u0259d\u0259 o, T\u0259hl\u00fck\u0259sizlik \u015euras\u0131n\u0131n 11 mart iclas\u0131nda <a href=\"https:\/\/www.meydan.tv\/az\/article\/putin-qerb-olkelerini-mineral-gubrelerle-hedeledi\/\" target=\"_blank\" rel=\"noreferrer noopener\">dan\u0131\u015f\u0131b.<\/a><\/em><br><\/p>\n\n\n\n<div class=\"wp-block-image\"><figure class=\"alignright size-large is-resized\"><img decoding=\"async\" data-src=\"https:\/\/www.meydan.tv\/wp-content\/uploads\/img_6923-e1646643512922-1200x546.jpg\" alt=\"\" class=\"wp-image-235666 lazyload\" width=\"424\" height=\"193\" src=\"data:image\/svg+xml;base64,PHN2ZyB3aWR0aD0iMSIgaGVpZ2h0PSIxIiB4bWxucz0iaHR0cDovL3d3dy53My5vcmcvMjAwMC9zdmciPjwvc3ZnPg==\" style=\"--smush-placeholder-width: 424px; --smush-placeholder-aspect-ratio: 424\/193;\" \/><figcaption>V.Putin. Foto: Meydan TV<\/figcaption><\/figure><\/div>\n\n\n\n<p><em>V.Putin deyib ki, Q\u0259rb Rusiyan\u0131n m\u0259hsul t\u0259dar\u00fck\u00fcnd\u0259 problem yaradaca\u011f\u0131 t\u0259qdird\u0259 mineral g\u00fcbr\u0259l\u0259rin qiym\u0259ti artacaq.<\/em><br><\/p>\n\n\n\n<p><em>O eyni zamanda, Ukraynaya k\u00f6n\u00fcll\u00fcl\u0259rin c\u0259lb edilm\u0259si ideyas\u0131 il\u0259 d\u0259 raz\u0131la\u015f\u0131b: \u201c\u018fg\u0259r g\u00f6rs\u0259niz ki, k\u00f6n\u00fcll\u00fc olaraq, x\u00fcsus\u0259n d\u0259 pul \u00fc\u00e7\u00fcn deyil, g\u0259lib Donbasda ya\u015fayan insanlara k\u00f6m\u0259k etm\u0259k ist\u0259y\u0259nl\u0259r var, onlar\u0131n d\u00f6y\u00fc\u015f b\u00f6lg\u0259sin\u0259 k\u00f6\u00e7m\u0259sin\u0259 k\u00f6m\u0259k etm\u0259k laz\u0131md\u0131r\u201d.<\/em><\/p>\n\n\n\n<p><\/p>\n\n\n\n<hr class=\"wp-block-separator\"\/>\n\n\n\n<p><strong>Zelenski: \u201cRusiyan\u0131n humanitar d\u0259hliz\u0259 h\u00fccumu \u201ca\u00e7\u0131q terror\u201ddur\u201d<\/strong><br><\/p>\n\n\n\n<p><em>Ukrayna Prezidenti Volodimir Zelenski Rusiyan\u0131n h\u0259rbi m\u00fcdaxil\u0259sini \u201ct\u0259cr\u00fcb\u0259li terror\u00e7ular\u0131n a\u00e7\u0131q h\u00fccumu\u201d <a href=\"https:\/\/www.meydan.tv\/az\/article\/zelenski-rusiyanin-humanitar-dehlize-hucumu-aciq-terrordur\/\" target=\"_blank\" rel=\"noreferrer noopener\">adland\u0131r\u0131b<\/a>.<br><\/em><\/p>\n\n\n\n<p><em>O, son m\u00fcraci\u0259tind\u0259 iki g\u00fcn \u0259rzind\u0259 t\u0259xmin\u0259n 100 min insan\u0131n \u00f6lk\u0259 \u015f\u0259h\u0259rl\u0259rind\u0259n evakuasiya edildiyini bildirib.<\/em><\/p>\n\n\n\n<hr class=\"wp-block-separator\"\/>\n\n\n\n<p><strong>\u201cFacebook\u201d v\u0259 \u201cInstagram\u201dda rus h\u0259rb\u00e7il\u0259rin\u0259 qar\u015f\u0131 nifr\u0259t nitqin\u0259 icaz\u0259 verilib<\/strong><br><\/p>\n\n\n\n<p><em>Amerikan\u0131n \u201cMeta Platforms\u201d \u015firk\u0259ti \u201cFacebook\u201d v\u0259 \u201cInstagram\u201d sosial \u015f\u0259b\u0259k\u0259l\u0259rind\u0259 nifr\u0259t nitqinin qada\u011fan edilm\u0259si siyas\u0259tin\u0259 d\u0259yi\u015fiklik <a href=\"https:\/\/d9mc3ts4czbpr.cloudfront.net\/az\/article\/facebook-ve-instagramda-rus-herbcilerine-qarsi-nifret-nitqine-icaze-verilib\/\" target=\"_blank\" rel=\"noreferrer noopener\">edib<\/a>.<br><\/em><br><em>M\u00fcv\u0259qq\u0259ti olaraq b\u0259zi \u00f6lk\u0259l\u0259rin \u201cFacebook\u201d v\u0259 \u201cInstagram\u201d istifad\u0259\u00e7il\u0259rin\u0259 Ukraynan\u0131n i\u015f\u011fal\u0131 kontekstind\u0259 rus h\u0259rbi\u00e7il\u0259rin\u0259 qar\u015f\u0131 zorak\u0131l\u0131q \u00e7a\u011f\u0131r\u0131\u015f\u0131 etm\u0259y\u0259 imkan veril\u0259c\u0259k.<br><\/em><\/p>\n\n\n\n<div class=\"wp-block-image\"><figure class=\"alignleft size-full is-resized\"><img decoding=\"async\" data-src=\"https:\/\/www.meydan.tv\/wp-content\/uploads\/shutterstock_1300829641.jpg\" alt=\"\" class=\"wp-image-238073 lazyload\" width=\"312\" height=\"208\" src=\"data:image\/svg+xml;base64,PHN2ZyB3aWR0aD0iMSIgaGVpZ2h0PSIxIiB4bWxucz0iaHR0cDovL3d3dy53My5vcmcvMjAwMC9zdmciPjwvc3ZnPg==\" style=\"--smush-placeholder-width: 312px; --smush-placeholder-aspect-ratio: 312\/208;\" \/><figcaption>\u201cFacebook\u201d v\u0259 \u201cInstagram\u201d. Foto: Wachiwit\/shutterstock<\/figcaption><\/figure><\/div>\n\n\n\n<p><em>Sosial \u015f\u0259b\u0259k\u0259 h\u0259m\u00e7inin Rusiya Prezidenti Vladimir Putin v\u0259 Belarus Prezidenti Aleksandr Luka\u015fenkoya qar\u015f\u0131 \u00f6l\u00fcm \u00e7a\u011f\u0131r\u0131\u015fl\u0131 yaz\u0131lara da icaz\u0259 verib.<\/em><\/p>\n\n\n\n<p><\/p>\n\n\n\n<hr class=\"wp-block-separator\"\/>\n\n\n\n<p><\/p>\n\n\n\n<p><\/p>\n\n\n\n<p><\/p>\n\n\n\n<p><strong>\u201cMarriott\u201d Rusiyada yeni obyektl\u0259rin a\u00e7\u0131l\u0131\u015f\u0131n\u0131 dayand\u0131r\u0131r<\/strong><br><\/p>\n\n\n\n<p><em>Amerikan\u0131n \u201cMarriot\u201d otel \u015f\u0259b\u0259k\u0259si Rusiyada investisiyalar, yeni obyektl\u0259rin a\u00e7\u0131l\u0131\u015f\u0131n\u0131 dayand\u0131r\u0131r.<br><\/em><\/p>\n\n\n\n<div class=\"wp-block-image\"><figure class=\"alignright size-full is-resized\"><img decoding=\"async\" data-src=\"https:\/\/www.meydan.tv\/wp-content\/uploads\/shutterstock_1467596258-e1646981299171.jpg\" alt=\"\" class=\"wp-image-238035 lazyload\" width=\"342\" height=\"185\" src=\"data:image\/svg+xml;base64,PHN2ZyB3aWR0aD0iMSIgaGVpZ2h0PSIxIiB4bWxucz0iaHR0cDovL3d3dy53My5vcmcvMjAwMC9zdmciPjwvc3ZnPg==\" style=\"--smush-placeholder-width: 342px; --smush-placeholder-aspect-ratio: 342\/185;\" \/><figcaption>\u201cMarriot\u201d otel. Foto: JHVEPhoto\/shutterstock<\/figcaption><\/figure><\/div>\n\n\n\n<p><em>\u015e\u0259b\u0259k\u0259 bunu Rusiyan\u0131n Ukraynaya h\u0259rbi m\u00fcdaxil\u0259sin\u0259 cavab olaraq <a href=\"https:\/\/d9mc3ts4czbpr.cloudfront.net\/az\/article\/marriot-otel-rusiyada-yeni-obyektlerin-acilisini-dayandirir\/\" target=\"_blank\" rel=\"noreferrer noopener\">edib<\/a>.<\/em><br><\/p>\n\n\n\n<p><em>Rusiyadak\u0131 28 mehmanxanan\u0131n is\u0259 f\u0259aliyy\u0259t g\u00f6st\u0259rm\u0259si \u00fc\u00e7\u00fcn b\u00fct\u00fcn imkanlar\u0131n n\u0259z\u0259rd\u0259n ke\u00e7irildiyi bildirilib.<\/em><\/p>\n\n\n\n<hr class=\"wp-block-separator\"\/>\n\n\n\n<p><\/p>\n\n\n\n<p><strong>BVF icra\u00e7\u0131 direktoru: &#8220;Rusiyada g\u00f6zl\u0259nil\u0259n t\u0259n\u0259zz\u00fcl d\u0259rin olacaq&#8221;<\/strong><br><\/p>\n\n\n\n<p><em>Beyn\u0259lxalq Valtuta Fondunun (BVF) icra\u00e7\u0131 direktoru Kristalina Georgiyeva t\u0259tbiq edil\u0259n sanksiyalara g\u00f6r\u0259 Rusiyada defoltunun m\u00fcmk\u00fcn oldu\u011funu <a href=\"https:\/\/tass.ru\/ekonomika\/14033863\" target=\"_blank\" rel=\"noreferrer noopener\">deyib<\/a>.<br><\/em><\/p>\n\n\n\n<p><em>O bildirib ki, Rusiyaya qar\u015f\u0131 t\u0259tbiq edil\u0259n g\u00f6r\u00fcnm\u0259mi\u015f sanksiyalar \u00f6lk\u0259ni t\u0259n\u0259zz\u00fcl\u0259 s\u00fcr\u00fckl\u0259yib.<br><\/em><\/p>\n\n\n\n<p><em>Georgiyeva deyib ki, Rusiyada g\u00f6zl\u0259nil\u0259n t\u0259n\u0259zz\u00fcl d\u0259rin olacaq: &#8220;Defolt bax\u0131m\u0131ndan bu ssenari art\u0131q inan\u0131lmaz g\u00f6r\u00fcnm\u00fcr&#8221;.<br><\/em><\/p>\n\n\n\n<div class=\"wp-block-image\"><figure class=\"alignleft size-full is-resized\"><img decoding=\"async\" data-src=\"https:\/\/www.meydan.tv\/wp-content\/uploads\/shutterstock_1307223715.jpg\" alt=\"\" class=\"wp-image-238089 lazyload\" width=\"302\" height=\"201\" src=\"data:image\/svg+xml;base64,PHN2ZyB3aWR0aD0iMSIgaGVpZ2h0PSIxIiB4bWxucz0iaHR0cDovL3d3dy53My5vcmcvMjAwMC9zdmciPjwvc3ZnPg==\" style=\"--smush-placeholder-width: 302px; --smush-placeholder-aspect-ratio: 302\/201;\" \/><figcaption>Beyn\u0259lxalq Valtuta Fondunun (BVF) icra\u00e7\u0131 direktoru Kristalina Georgiyeva. Foto: ID1974\/shutterstock<\/figcaption><\/figure><\/div>\n\n\n\n<p><em>Kristalina Georgiyeva ba\u015f ver\u0259nl\u0259rin qlobal iqtisadiyyata t\u0259sirinin d\u0259 artaca\u011f\u0131n\u0131 s\u00f6yl\u0259yib.<br><\/em><\/p>\n\n\n\n<p><em>&#8220;Bu gedi\u015fat\u0131n b\u00fct\u00fcn \u00f6lk\u0259l\u0259rin iqtisadiyyat\u0131na t\u0259sirin\u0259 g\u00f6r\u0259 Rusiyaya daha \u00e7ox t\u0259zyiq g\u00f6rs\u0259k, t\u0259\u0259cc\u00fcbl\u0259nm\u0259r\u0259m&#8221;, &#8211; dey\u0259 BVF r\u0259hb\u0259ri bildirib.<\/em><\/p>\n\n\n\n<p><\/p>\n\n\n\n<p><\/p>\n\n\n\n<p><\/p>\n\n\n\n<hr class=\"wp-block-separator\"\/>\n\n\n\n<p><strong>Rusiya Q\u0259rb \u015firk\u0259tl\u0259rinin aktivl\u0259rini millil\u0259\u015fdirm\u0259k ist\u0259yir<\/strong><\/p>\n\n\n\n<p><em>Rusiya Q\u0259rb \u015firk\u0259tl\u0259rinin aktivl\u0259rini millil\u0259\u015fdirm\u0259y\u0259 <a href=\"https:\/\/www.meydan.tv\/az\/article\/rusiya-qerb-sirketlerinin-aktivlerini-millilesdirmek-isteyir\/\" target=\"_blank\" rel=\"noreferrer noopener\">haz\u0131rla\u015f\u0131r<\/a>.<\/em><br><\/p>\n\n\n\n<div class=\"wp-block-image\"><figure class=\"alignright size-full is-resized\"><img decoding=\"async\" data-src=\"https:\/\/www.meydan.tv\/wp-content\/uploads\/shutterstock_1640422705.jpg\" alt=\"\" class=\"wp-image-237441 lazyload\" width=\"386\" height=\"257\" src=\"data:image\/svg+xml;base64,PHN2ZyB3aWR0aD0iMSIgaGVpZ2h0PSIxIiB4bWxucz0iaHR0cDovL3d3dy53My5vcmcvMjAwMC9zdmciPjwvc3ZnPg==\" style=\"--smush-placeholder-width: 386px; --smush-placeholder-aspect-ratio: 386\/257;\" \/><figcaption>Rusiya h\u00f6kum\u0259ti. Foto: AntonSAN\/shutterstock<\/figcaption><\/figure><\/div>\n\n\n\n<p><em>Xarici \u015firk\u0259tl\u0259rin \u0259mlak\u0131n\u0131n millil\u0259\u015fdirilm\u0259si t\u0259klifi Rusiya h\u00f6kum\u0259tinin qanunvericilik komissiyas\u0131 t\u0259r\u0259find\u0259n b\u0259y\u0259nilib.<\/em><\/p>\n\n\n\n<p><\/p>\n\n\n\n<p><\/p>\n\n\n\n<p><\/p>\n\n\n\n<p><\/p>\n\n\n\n<p><\/p>\n\n\n\n<hr class=\"wp-block-separator\"\/>\n\n\n\n<p><strong>Yaponiyadan Belarusa sanksiya<\/strong><br><\/p>\n\n\n\n<p><em>Yaponiya \u00fc\u00e7 Belarus bank\u0131n\u0131n aktivl\u0259rini donduracaq.<br><\/em><\/p>\n\n\n\n<p><em>Bildirilir ki, h\u00f6kum\u0259t h\u0259m\u00e7inin m\u00fcharib\u0259d\u0259n qa\u00e7an ukraynal\u0131lara k\u00f6m\u0259k etm\u0259k \u00fc\u00e7\u00fcn Ukraynaya v\u0259 onun qon\u015fu xalqlar\u0131na 100 milyon dollarl\u0131q humanitar ian\u0259 elan <a href=\"https:\/\/www.theguardian.com\/world\/live\/2022\/mar\/10\/ukraine-news-russia-war-kyiv-vladimir-putin-volodymyr-zelenskiy-russian-invasion-hospital-bombing-latest-live-updates\" target=\"_blank\" rel=\"noreferrer noopener\">ed\u0259c\u0259k<\/a>.<br><\/em><\/p>\n\n\n\n<p><em>Tokionun Belarusa qar\u015f\u0131 son sanksiyalar\u0131 aprelin 10-dan t\u0259tbiq olunacaq.<br><\/em><\/p>\n\n\n\n<p><em>Yaponiya daha \u0259vv\u0259l Belarus Prezidenti Aleksandr Luka\u015fenkoya qar\u015f\u0131 sanksiyalar t\u0259tbiq edib.<br><\/em><\/p>\n\n\n\n<div class=\"wp-block-image\"><figure class=\"alignleft size-full is-resized\"><img decoding=\"async\" data-src=\"https:\/\/www.meydan.tv\/wp-content\/uploads\/untitled-design-17.jpg\" alt=\"\" class=\"wp-image-238047 lazyload\" width=\"377\" height=\"251\" src=\"data:image\/svg+xml;base64,PHN2ZyB3aWR0aD0iMSIgaGVpZ2h0PSIxIiB4bWxucz0iaHR0cDovL3d3dy53My5vcmcvMjAwMC9zdmciPjwvc3ZnPg==\" style=\"--smush-placeholder-width: 377px; --smush-placeholder-aspect-ratio: 377\/251;\" \/><figcaption>\u201cBelagroprombank\u201d, \u201cBank Dabrabyt\u201d. Foto: ppl\/konstantinks\/shutterstock<\/figcaption><\/figure><\/div>\n\n\n\n<p><em>Bu h\u0259ft\u0259nin \u0259vv\u0259lind\u0259 Avropa \u0130ttifaq\u0131 \u00f6lk\u0259nin Kremlin h\u00fccumunda i\u015ftirak\u0131na g\u00f6r\u0259 \u00fc\u00e7 Belarus bank\u0131n\u0131n qlobal SWIFT mesajla\u015fma sistemind\u0259n \u00e7\u0131xar\u0131lmas\u0131na q\u0259rar verib.<\/em><br><\/p>\n\n\n\n<p><em>Yaponiyan\u0131n aktivl\u0259rini donduruca\u011f\u0131 banklar\u0131n is\u0259 \u201cBelagroprombank\u201d, \u201cBank Dabrabyt\u201d v\u0259 Belarus Respublikas\u0131n\u0131n \u0130nki\u015faf Bank\u0131 oldu\u011fu bildirilir.<br><\/em><\/p>\n\n\n\n<p><em>Yaponiya h\u00f6kum\u0259ti bildirib ki, onlar sa\u011flaml\u0131q, s\u0131\u011f\u0131nacaq v\u0259 u\u015faqlar\u0131n m\u00fcdafi\u0259si kimi \u201ct\u0259cili ehtiyaclara\u201d cavab verm\u0259k \u00fc\u00e7\u00fcn m\u00fcxt\u0259lif beyn\u0259lxalq t\u0259\u015fkilatlar vasit\u0259sil\u0259 Ukrayna, Pol\u015fa, Macar\u0131stan, Moldova, Slovakiya v\u0259 Rum\u0131niyaya 100 milyon dollar g\u00f6nd\u0259r\u0259c\u0259k.<\/em><\/p>\n\n\n\n<hr class=\"wp-block-separator\"\/>\n\n\n\n<p><strong>Rusiyadan Ukraynaya kimy\u0259vi silah ittiham\u0131 &#8211; Zelenskid\u0259n t\u0259kzib<\/strong><br><\/p>\n\n\n\n<p><em>Rusiya t\u0259r\u0259f iddia edir ki, Ukrayna m\u00fcharib\u0259d\u0259 kimy\u0259vi v\u0259 bioloji silahdan istifad\u0259y\u0259 haz\u0131rla\u015f\u0131r.<br>Ukrayna Prezidenti Volodimir Zelenski is\u0259 bunu pis v\u0259 saxta ittiham adland\u0131r\u0131b.<br><\/em><\/p>\n\n\n\n<div class=\"wp-block-image\"><figure class=\"alignright size-large is-resized\"><img decoding=\"async\" data-src=\"https:\/\/www.meydan.tv\/wp-content\/uploads\/image_from_ios-12-1200x675.jpg\" alt=\"\" class=\"wp-image-235804 lazyload\" width=\"348\" height=\"196\" src=\"data:image\/svg+xml;base64,PHN2ZyB3aWR0aD0iMSIgaGVpZ2h0PSIxIiB4bWxucz0iaHR0cDovL3d3dy53My5vcmcvMjAwMC9zdmciPjwvc3ZnPg==\" style=\"--smush-placeholder-width: 348px; --smush-placeholder-aspect-ratio: 348\/196;\" \/><figcaption>V.Zelenski. Foto: Meydan TV<\/figcaption><\/figure><\/div>\n\n\n\n<p><em>O bildirib ki, onlar he\u00e7 bir kimy\u0259vi h\u00fccum haz\u0131rlam\u0131r: \u201cBu, m\u0259ni \u00e7ox narahat edir. \u00c7\u00fcnki ad\u0259t\u0259n Rusiya qurdu\u011fu planlarda \u0259vv\u0259lc\u0259 ba\u015fqalar\u0131n\u0131 ittiham edir. Biz bunun d\u0259f\u0259l\u0259rl\u0259 \u015fahidi olmu\u015fuq\u201d.<br><\/em><\/p>\n\n\n\n<p><em>Prezident bildirib ki, Rusiyan\u0131n planlar\u0131n\u0131 bilm\u0259k ist\u0259y\u0259n onun ba\u015fqalar\u0131n\u0131 n\u0259d\u0259 ittiham etdiyin\u0259 baxmas\u0131 <a href=\"https:\/\/www.theguardian.com\/world\/live\/2022\/mar\/11\/russia-ukraine-war-latest-news-we-are-dealing-with-a-terrorist-state-says-zelenskiy-biden-plans-fresh-russian-trade-crackdown-live\" target=\"_blank\" rel=\"noreferrer noopener\">kifay\u0259tdir<\/a><\/em>.<br><\/p>\n\n\n\n<p><strong>Xat\u0131rlatma<\/strong><br><\/p>\n\n\n\n<p>Rusiya fevral\u0131n 24-d\u0259 Ukraynaya geni\u015fmiqyasl\u0131 h\u00fccuma ba\u015flay\u0131b.<br><\/p>\n\n\n\n<p>Ondan 2 g\u00fcn \u00f6nc\u0259 is\u0259 Rusiya Prezidenti Vladimir Putin a\u00e7\u0131qlama ver\u0259r\u0259k Ukraynan\u0131n \u015f\u0259rqind\u0259ki separat\u00e7\u0131 qurumlar\u0131 tan\u0131d\u0131\u011f\u0131n\u0131 b\u0259yan edib.<br><\/p>\n\n\n\n<p>Ukrayna, Q\u0259rb liderl\u0259ri h\u00fccumu pisl\u0259yib, Putinin buna g\u00f6r\u0259 cavab ver\u0259c\u0259yini bildiribl\u0259r.<br><\/p>\n\n\n\n<p>Bundan sonra Avropa Birliyi \u00f6lk\u0259l\u0259rind\u0259n, el\u0259c\u0259 d\u0259 AB\u015e-dan Rusiyaya qar\u015f\u0131 sanksiyalar g\u0259lm\u0259y\u0259 ba\u015flay\u0131b.<br><\/p>\n\n\n\n<p>Sanksiya t\u0259tbiq edil\u0259n 600-d\u0259n \u00e7ox \u015f\u0259xsin i\u00e7ind\u0259 oliqarxlar, y\u00fcks\u0259k r\u00fctb\u0259li h\u0259rb\u00e7il\u0259r, \u015firk\u0259t sahibl\u0259ri, biznesmenl\u0259rl\u0259 yana\u015f\u0131, Rusiya Prezidenti Vladimir Putin v\u0259 xarici i\u015fl\u0259r naziri Sergey Lavrov da var.<\/p>\n","protected":false},"excerpt":{"rendered":"","protected":false},"author":8,"featured_media":238062,"comment_status":"closed","ping_status":"closed","sticky":false,"template":"","format":"standard","meta":{"_acf_changed":false,"_sitemap_exclude":false,"_sitemap_priority":"","_sitemap_frequency":"","footnotes":""},"categories":[88,59,79,63,56],"tags":[],"class_list":["post-238054","post","type-post","status-publish","format-standard","has-post-thumbnail","hentry","category-redaktor-secimi","category-siyaset","category-featured","category-video-2","category-xeberler","infinite-scroll-item","generate-columns","tablet-grid-50","mobile-grid-100","grid-parent","grid-33","no-featured-image-padding"],"acf":[],"yoast_head":"<!-- This site is optimized with the Yoast SEO plugin v27.5 - https:\/\/yoast.com\/product\/yoast-seo-wordpress\/ -->\n<title>Rusiyan\u0131n Ukraynaya h\u0259rbi m\u00fcdaxil\u0259sinin 16-c\u0131 g\u00fcn\u00fc \u2013 yenil\u0259n\u0259n x\u0259b\u0259rl\u0259r - MEYDAN.TV<\/title>\n<meta name=\"robots\" content=\"index, follow, max-snippet:-1, max-image-preview:large, max-video-preview:-1\" \/>\n<link rel=\"canonical\" href=\"https:\/\/www.meydan.tv\/az\/article\/rusiyanin-ukraynaya-herbi-mudaxilesinin-16-ci-gunu-yenilenen-xeberler\/\" \/>\n<meta property=\"og:locale\" content=\"az_AZ\" \/>\n<meta property=\"og:type\" content=\"article\" \/>\n<meta property=\"og:title\" content=\"Rusiyan\u0131n Ukraynaya h\u0259rbi m\u00fcdaxil\u0259sinin 16-c\u0131 g\u00fcn\u00fc \u2013 yenil\u0259n\u0259n x\u0259b\u0259rl\u0259r - MEYDAN.TV\" \/>\n<meta property=\"og:url\" content=\"https:\/\/www.meydan.tv\/az\/article\/rusiyanin-ukraynaya-herbi-mudaxilesinin-16-ci-gunu-yenilenen-xeberler\/\" \/>\n<meta property=\"og:site_name\" content=\"MEYDAN.TV\" \/>\n<meta property=\"article:published_time\" content=\"2022-03-11T07:38:27+00:00\" \/>\n<meta property=\"article:modified_time\" content=\"2022-03-11T14:43:06+00:00\" \/>\n<meta property=\"og:image\" content=\"https:\/\/www.meydan.tv\/wp-content\/uploads\/download-1-1.jpg\" \/>\n\t<meta property=\"og:image:width\" content=\"780\" \/>\n\t<meta property=\"og:image:height\" content=\"547\" \/>\n\t<meta property=\"og:image:type\" content=\"image\/jpeg\" \/>\n<meta name=\"author\" content=\"elli\" \/>\n<meta name=\"twitter:card\" content=\"summary_large_image\" \/>\n<meta name=\"twitter:creator\" content=\"@elli\" \/>\n<script type=\"application\/ld+json\" class=\"yoast-schema-graph\">{\"@context\":\"https:\\\/\\\/schema.org\",\"@graph\":[{\"@type\":\"Article\",\"@id\":\"https:\\\/\\\/www.meydan.tv\\\/az\\\/article\\\/rusiyanin-ukraynaya-herbi-mudaxilesinin-16-ci-gunu-yenilenen-xeberler\\\/#article\",\"isPartOf\":{\"@id\":\"https:\\\/\\\/www.meydan.tv\\\/az\\\/article\\\/rusiyanin-ukraynaya-herbi-mudaxilesinin-16-ci-gunu-yenilenen-xeberler\\\/\"},\"author\":{\"name\":\"elli\",\"@id\":\"https:\\\/\\\/www.meydan.tv\\\/az\\\/#\\\/schema\\\/person\\\/9cdbecf90d17180ce1dfbd95b08dcf47\"},\"headline\":\"Rusiyan\u0131n Ukraynaya h\u0259rbi m\u00fcdaxil\u0259sinin 16-c\u0131 g\u00fcn\u00fc \u2013 yenil\u0259n\u0259n x\u0259b\u0259rl\u0259r\",\"datePublished\":\"2022-03-11T07:38:27+00:00\",\"dateModified\":\"2022-03-11T14:43:06+00:00\",\"mainEntityOfPage\":{\"@id\":\"https:\\\/\\\/www.meydan.tv\\\/az\\\/article\\\/rusiyanin-ukraynaya-herbi-mudaxilesinin-16-ci-gunu-yenilenen-xeberler\\\/\"},\"wordCount\":1175,\"publisher\":{\"@id\":\"https:\\\/\\\/www.meydan.tv\\\/az\\\/#organization\"},\"image\":{\"@id\":\"https:\\\/\\\/www.meydan.tv\\\/az\\\/article\\\/rusiyanin-ukraynaya-herbi-mudaxilesinin-16-ci-gunu-yenilenen-xeberler\\\/#primaryimage\"},\"thumbnailUrl\":\"https:\\\/\\\/www.meydan.tv\\\/wp-content\\\/uploads\\\/download-1-1.jpg\",\"articleSection\":[\"Redaktor se\u00e7imi\",\"Siyas\u0259t\",\"T\u00f6vsiy\u0259\",\"Video\",\"X\u0259b\u0259rl\u0259r\"],\"inLanguage\":\"az\"},{\"@type\":\"WebPage\",\"@id\":\"https:\\\/\\\/www.meydan.tv\\\/az\\\/article\\\/rusiyanin-ukraynaya-herbi-mudaxilesinin-16-ci-gunu-yenilenen-xeberler\\\/\",\"url\":\"https:\\\/\\\/www.meydan.tv\\\/az\\\/article\\\/rusiyanin-ukraynaya-herbi-mudaxilesinin-16-ci-gunu-yenilenen-xeberler\\\/\",\"name\":\"Rusiyan\u0131n Ukraynaya h\u0259rbi m\u00fcdaxil\u0259sinin 16-c\u0131 g\u00fcn\u00fc \u2013 yenil\u0259n\u0259n x\u0259b\u0259rl\u0259r - MEYDAN.TV\",\"isPartOf\":{\"@id\":\"https:\\\/\\\/www.meydan.tv\\\/az\\\/#website\"},\"primaryImageOfPage\":{\"@id\":\"https:\\\/\\\/www.meydan.tv\\\/az\\\/article\\\/rusiyanin-ukraynaya-herbi-mudaxilesinin-16-ci-gunu-yenilenen-xeberler\\\/#primaryimage\"},\"image\":{\"@id\":\"https:\\\/\\\/www.meydan.tv\\\/az\\\/article\\\/rusiyanin-ukraynaya-herbi-mudaxilesinin-16-ci-gunu-yenilenen-xeberler\\\/#primaryimage\"},\"thumbnailUrl\":\"https:\\\/\\\/www.meydan.tv\\\/wp-content\\\/uploads\\\/download-1-1.jpg\",\"datePublished\":\"2022-03-11T07:38:27+00:00\",\"dateModified\":\"2022-03-11T14:43:06+00:00\",\"breadcrumb\":{\"@id\":\"https:\\\/\\\/www.meydan.tv\\\/az\\\/article\\\/rusiyanin-ukraynaya-herbi-mudaxilesinin-16-ci-gunu-yenilenen-xeberler\\\/#breadcrumb\"},\"inLanguage\":\"az\",\"potentialAction\":[{\"@type\":\"ReadAction\",\"target\":[\"https:\\\/\\\/www.meydan.tv\\\/az\\\/article\\\/rusiyanin-ukraynaya-herbi-mudaxilesinin-16-ci-gunu-yenilenen-xeberler\\\/\"]}]},{\"@type\":\"ImageObject\",\"inLanguage\":\"az\",\"@id\":\"https:\\\/\\\/www.meydan.tv\\\/az\\\/article\\\/rusiyanin-ukraynaya-herbi-mudaxilesinin-16-ci-gunu-yenilenen-xeberler\\\/#primaryimage\",\"url\":\"https:\\\/\\\/www.meydan.tv\\\/wp-content\\\/uploads\\\/download-1-1.jpg\",\"contentUrl\":\"https:\\\/\\\/www.meydan.tv\\\/wp-content\\\/uploads\\\/download-1-1.jpg\",\"width\":780,\"height\":547,\"caption\":\"Ukrayna. Foto: Reuters\"},{\"@type\":\"BreadcrumbList\",\"@id\":\"https:\\\/\\\/www.meydan.tv\\\/az\\\/article\\\/rusiyanin-ukraynaya-herbi-mudaxilesinin-16-ci-gunu-yenilenen-xeberler\\\/#breadcrumb\",\"itemListElement\":[{\"@type\":\"ListItem\",\"position\":1,\"name\":\"Ana s\u0259hif\u0259\",\"item\":\"https:\\\/\\\/www.meydan.tv\\\/az\\\/\"},{\"@type\":\"ListItem\",\"position\":2,\"name\":\"Siyas\u0259t\",\"item\":\"https:\\\/\\\/www.meydan.tv\\\/az\\\/section\\\/siyaset\\\/\"},{\"@type\":\"ListItem\",\"position\":3,\"name\":\"Rusiyan\u0131n Ukraynaya h\u0259rbi m\u00fcdaxil\u0259sinin 16-c\u0131 g\u00fcn\u00fc \u2013 yenil\u0259n\u0259n x\u0259b\u0259rl\u0259r\"}]},{\"@type\":\"WebSite\",\"@id\":\"https:\\\/\\\/www.meydan.tv\\\/az\\\/#website\",\"url\":\"https:\\\/\\\/www.meydan.tv\\\/az\\\/\",\"name\":\"MEYDAN.TV\",\"description\":\"Meydan TV Az\u0259rbaycan\u0131n media m\u0259kan\u0131ndak\u0131 alternativ s\u0259sidir\",\"publisher\":{\"@id\":\"https:\\\/\\\/www.meydan.tv\\\/az\\\/#organization\"},\"potentialAction\":[{\"@type\":\"SearchAction\",\"target\":{\"@type\":\"EntryPoint\",\"urlTemplate\":\"https:\\\/\\\/www.meydan.tv\\\/az\\\/?s={search_term_string}\"},\"query-input\":{\"@type\":\"PropertyValueSpecification\",\"valueRequired\":true,\"valueName\":\"search_term_string\"}}],\"inLanguage\":\"az\"},{\"@type\":\"Organization\",\"@id\":\"https:\\\/\\\/www.meydan.tv\\\/az\\\/#organization\",\"name\":\"Meydan TV\",\"url\":\"https:\\\/\\\/www.meydan.tv\\\/az\\\/\",\"logo\":{\"@type\":\"ImageObject\",\"inLanguage\":\"az\",\"@id\":\"https:\\\/\\\/www.meydan.tv\\\/az\\\/#\\\/schema\\\/logo\\\/image\\\/\",\"url\":\"https:\\\/\\\/www.meydan.tv\\\/wp-content\\\/uploads\\\/2021\\\/07\\\/meydan-logo.svg\",\"contentUrl\":\"https:\\\/\\\/www.meydan.tv\\\/wp-content\\\/uploads\\\/2021\\\/07\\\/meydan-logo.svg\",\"width\":195,\"height\":46,\"caption\":\"Meydan TV\"},\"image\":{\"@id\":\"https:\\\/\\\/www.meydan.tv\\\/az\\\/#\\\/schema\\\/logo\\\/image\\\/\"}},{\"@type\":\"Person\",\"@id\":\"https:\\\/\\\/www.meydan.tv\\\/az\\\/#\\\/schema\\\/person\\\/9cdbecf90d17180ce1dfbd95b08dcf47\",\"name\":\"elli\",\"sameAs\":[\"https:\\\/\\\/x.com\\\/elli\"]}]}<\/script>\n<!-- \/ Yoast SEO plugin. -->","yoast_head_json":{"title":"Rusiyan\u0131n Ukraynaya h\u0259rbi m\u00fcdaxil\u0259sinin 16-c\u0131 g\u00fcn\u00fc \u2013 yenil\u0259n\u0259n x\u0259b\u0259rl\u0259r - MEYDAN.TV","robots":{"index":"index","follow":"follow","max-snippet":"max-snippet:-1","max-image-preview":"max-image-preview:large","max-video-preview":"max-video-preview:-1"},"canonical":"https:\/\/www.meydan.tv\/az\/article\/rusiyanin-ukraynaya-herbi-mudaxilesinin-16-ci-gunu-yenilenen-xeberler\/","og_locale":"az_AZ","og_type":"article","og_title":"Rusiyan\u0131n Ukraynaya h\u0259rbi m\u00fcdaxil\u0259sinin 16-c\u0131 g\u00fcn\u00fc \u2013 yenil\u0259n\u0259n x\u0259b\u0259rl\u0259r - MEYDAN.TV","og_url":"https:\/\/www.meydan.tv\/az\/article\/rusiyanin-ukraynaya-herbi-mudaxilesinin-16-ci-gunu-yenilenen-xeberler\/","og_site_name":"MEYDAN.TV","article_published_time":"2022-03-11T07:38:27+00:00","article_modified_time":"2022-03-11T14:43:06+00:00","og_image":[{"width":780,"height":547,"url":"https:\/\/www.meydan.tv\/wp-content\/uploads\/download-1-1.jpg","type":"image\/jpeg"}],"author":"elli","twitter_card":"summary_large_image","twitter_creator":"@elli","schema":{"@context":"https:\/\/schema.org","@graph":[{"@type":"Article","@id":"https:\/\/www.meydan.tv\/az\/article\/rusiyanin-ukraynaya-herbi-mudaxilesinin-16-ci-gunu-yenilenen-xeberler\/#article","isPartOf":{"@id":"https:\/\/www.meydan.tv\/az\/article\/rusiyanin-ukraynaya-herbi-mudaxilesinin-16-ci-gunu-yenilenen-xeberler\/"},"author":{"name":"elli","@id":"https:\/\/www.meydan.tv\/az\/#\/schema\/person\/9cdbecf90d17180ce1dfbd95b08dcf47"},"headline":"Rusiyan\u0131n Ukraynaya h\u0259rbi m\u00fcdaxil\u0259sinin 16-c\u0131 g\u00fcn\u00fc \u2013 yenil\u0259n\u0259n x\u0259b\u0259rl\u0259r","datePublished":"2022-03-11T07:38:27+00:00","dateModified":"2022-03-11T14:43:06+00:00","mainEntityOfPage":{"@id":"https:\/\/www.meydan.tv\/az\/article\/rusiyanin-ukraynaya-herbi-mudaxilesinin-16-ci-gunu-yenilenen-xeberler\/"},"wordCount":1175,"publisher":{"@id":"https:\/\/www.meydan.tv\/az\/#organization"},"image":{"@id":"https:\/\/www.meydan.tv\/az\/article\/rusiyanin-ukraynaya-herbi-mudaxilesinin-16-ci-gunu-yenilenen-xeberler\/#primaryimage"},"thumbnailUrl":"https:\/\/www.meydan.tv\/wp-content\/uploads\/download-1-1.jpg","articleSection":["Redaktor se\u00e7imi","Siyas\u0259t","T\u00f6vsiy\u0259","Video","X\u0259b\u0259rl\u0259r"],"inLanguage":"az"},{"@type":"WebPage","@id":"https:\/\/www.meydan.tv\/az\/article\/rusiyanin-ukraynaya-herbi-mudaxilesinin-16-ci-gunu-yenilenen-xeberler\/","url":"https:\/\/www.meydan.tv\/az\/article\/rusiyanin-ukraynaya-herbi-mudaxilesinin-16-ci-gunu-yenilenen-xeberler\/","name":"Rusiyan\u0131n Ukraynaya h\u0259rbi m\u00fcdaxil\u0259sinin 16-c\u0131 g\u00fcn\u00fc \u2013 yenil\u0259n\u0259n x\u0259b\u0259rl\u0259r - MEYDAN.TV","isPartOf":{"@id":"https:\/\/www.meydan.tv\/az\/#website"},"primaryImageOfPage":{"@id":"https:\/\/www.meydan.tv\/az\/article\/rusiyanin-ukraynaya-herbi-mudaxilesinin-16-ci-gunu-yenilenen-xeberler\/#primaryimage"},"image":{"@id":"https:\/\/www.meydan.tv\/az\/article\/rusiyanin-ukraynaya-herbi-mudaxilesinin-16-ci-gunu-yenilenen-xeberler\/#primaryimage"},"thumbnailUrl":"https:\/\/www.meydan.tv\/wp-content\/uploads\/download-1-1.jpg","datePublished":"2022-03-11T07:38:27+00:00","dateModified":"2022-03-11T14:43:06+00:00","breadcrumb":{"@id":"https:\/\/www.meydan.tv\/az\/article\/rusiyanin-ukraynaya-herbi-mudaxilesinin-16-ci-gunu-yenilenen-xeberler\/#breadcrumb"},"inLanguage":"az","potentialAction":[{"@type":"ReadAction","target":["https:\/\/www.meydan.tv\/az\/article\/rusiyanin-ukraynaya-herbi-mudaxilesinin-16-ci-gunu-yenilenen-xeberler\/"]}]},{"@type":"ImageObject","inLanguage":"az","@id":"https:\/\/www.meydan.tv\/az\/article\/rusiyanin-ukraynaya-herbi-mudaxilesinin-16-ci-gunu-yenilenen-xeberler\/#primaryimage","url":"https:\/\/www.meydan.tv\/wp-content\/uploads\/download-1-1.jpg","contentUrl":"https:\/\/www.meydan.tv\/wp-content\/uploads\/download-1-1.jpg","width":780,"height":547,"caption":"Ukrayna. Foto: Reuters"},{"@type":"BreadcrumbList","@id":"https:\/\/www.meydan.tv\/az\/article\/rusiyanin-ukraynaya-herbi-mudaxilesinin-16-ci-gunu-yenilenen-xeberler\/#breadcrumb","itemListElement":[{"@type":"ListItem","position":1,"name":"Ana s\u0259hif\u0259","item":"https:\/\/www.meydan.tv\/az\/"},{"@type":"ListItem","position":2,"name":"Siyas\u0259t","item":"https:\/\/www.meydan.tv\/az\/section\/siyaset\/"},{"@type":"ListItem","position":3,"name":"Rusiyan\u0131n Ukraynaya h\u0259rbi m\u00fcdaxil\u0259sinin 16-c\u0131 g\u00fcn\u00fc \u2013 yenil\u0259n\u0259n x\u0259b\u0259rl\u0259r"}]},{"@type":"WebSite","@id":"https:\/\/www.meydan.tv\/az\/#website","url":"https:\/\/www.meydan.tv\/az\/","name":"MEYDAN.TV","description":"Meydan TV Az\u0259rbaycan\u0131n media m\u0259kan\u0131ndak\u0131 alternativ s\u0259sidir","publisher":{"@id":"https:\/\/www.meydan.tv\/az\/#organization"},"potentialAction":[{"@type":"SearchAction","target":{"@type":"EntryPoint","urlTemplate":"https:\/\/www.meydan.tv\/az\/?s={search_term_string}"},"query-input":{"@type":"PropertyValueSpecification","valueRequired":true,"valueName":"search_term_string"}}],"inLanguage":"az"},{"@type":"Organization","@id":"https:\/\/www.meydan.tv\/az\/#organization","name":"Meydan TV","url":"https:\/\/www.meydan.tv\/az\/","logo":{"@type":"ImageObject","inLanguage":"az","@id":"https:\/\/www.meydan.tv\/az\/#\/schema\/logo\/image\/","url":"https:\/\/www.meydan.tv\/wp-content\/uploads\/2021\/07\/meydan-logo.svg","contentUrl":"https:\/\/www.meydan.tv\/wp-content\/uploads\/2021\/07\/meydan-logo.svg","width":195,"height":46,"caption":"Meydan TV"},"image":{"@id":"https:\/\/www.meydan.tv\/az\/#\/schema\/logo\/image\/"}},{"@type":"Person","@id":"https:\/\/www.meydan.tv\/az\/#\/schema\/person\/9cdbecf90d17180ce1dfbd95b08dcf47","name":"elli","sameAs":["https:\/\/x.com\/elli"]}]}},"_links":{"self":[{"href":"https:\/\/www.meydan.tv\/az\/wp-json\/wp\/v2\/posts\/238054","targetHints":{"allow":["GET"]}}],"collection":[{"href":"https:\/\/www.meydan.tv\/az\/wp-json\/wp\/v2\/posts"}],"about":[{"href":"https:\/\/www.meydan.tv\/az\/wp-json\/wp\/v2\/types\/post"}],"author":[{"embeddable":true,"href":"https:\/\/www.meydan.tv\/az\/wp-json\/wp\/v2\/users\/8"}],"replies":[{"embeddable":true,"href":"https:\/\/www.meydan.tv\/az\/wp-json\/wp\/v2\/comments?post=238054"}],"version-history":[{"count":10,"href":"https:\/\/www.meydan.tv\/az\/wp-json\/wp\/v2\/posts\/238054\/revisions"}],"predecessor-version":[{"id":238160,"href":"https:\/\/www.meydan.tv\/az\/wp-json\/wp\/v2\/posts\/238054\/revisions\/238160"}],"wp:featuredmedia":[{"embeddable":true,"href":"https:\/\/www.meydan.tv\/az\/wp-json\/wp\/v2\/media\/238062"}],"wp:attachment":[{"href":"https:\/\/www.meydan.tv\/az\/wp-json\/wp\/v2\/media?parent=238054"}],"wp:term":[{"taxonomy":"category","embeddable":true,"href":"https:\/\/www.meydan.tv\/az\/wp-json\/wp\/v2\/categories?post=238054"},{"taxonomy":"post_tag","embeddable":true,"href":"https:\/\/www.meydan.tv\/az\/wp-json\/wp\/v2\/tags?post=238054"}],"curies":[{"name":"wp","href":"https:\/\/api.w.org\/{rel}","templated":true}]}}