{"id":238033,"date":"2022-03-11T08:29:37","date_gmt":"2022-03-11T04:29:37","guid":{"rendered":"https:\/\/www.meydan.tv\/?p=238033"},"modified":"2022-03-11T08:29:39","modified_gmt":"2022-03-11T04:29:39","slug":"siyasetde-exlaqa-yer-yoxdur","status":"publish","type":"post","link":"https:\/\/www.meydan.tv\/az\/article\/siyasetde-exlaqa-yer-yoxdur\/","title":{"rendered":"Siyas\u0259td\u0259 \u0259xlaqa yer yoxdur"},"content":{"rendered":"\n<p><em>K\u00fctl\u0259 \u0259xlaqa d\u0259y\u0259r ver\u0259n siyas\u0259t\u00e7ini s\u0259feh, u\u011fursuz insan say\u0131r<\/em><\/p>\n\n\n\n<p>Binei-q\u0259dimd\u0259n b\u0259\u015f\u0259riyy\u0259tin siyasi h\u0259yat\u0131nda bir t\u0259m\u0259l qayda i\u015fl\u0259yir: siyas\u0259td\u0259 \u0259xlaqa yer yoxdur. \u018fxlaqa d\u0259y\u0259r ver\u0259n siyas\u0259t\u00e7i m\u0259\u011flubiyy\u0259t\u0259 m\u0259hkumdur.<\/p>\n\n\n\n<p>\u018fxlaqs\u0131z siyas\u0259t\u00e7i \u0259xlaql\u0131 siyas\u0259t\u00e7iy\u0259 qalib g\u0259l\u0259nd\u0259 k\u00fctl\u0259 qalibi sidqi-\u00fcr\u0259kd\u0259n alq\u0131\u015flay\u0131r. Zira k\u00fctl\u0259nin g\u00f6z\u00fcnd\u0259 \u0259xlaq\u0131n qara q\u0259piklik d\u0259y\u0259ri yoxdur. K\u00fctl\u0259 \u00fc\u00e7\u00fcn \u0259sas meyar u\u011furdur. \u0130st\u0259nil\u0259n \u0259xlaqs\u0131zl\u0131\u011f\u0131n hesab\u0131na \u0259ld\u0259 edil\u0259n u\u011fur, g\u0259lir, m\u0259nf\u0259\u0259t v\u0259 m\u00f6vqe \u0259xlaqdan daha vacibdir.<\/p>\n\n\n\n<p>Fikir verirsinizmi, xalq\u0131m\u0131z varlanm\u0131\u015f o\u011fru m\u0259mura, d\u0259l\u0259duz siyas\u0259t\u00e7iy\u0259, v\u0259t\u0259nda\u015fa i\u015fg\u0259nc\u0259 ver\u0259r\u0259k paqonlar\u0131ndak\u0131 ulduzlar\u0131n say\u0131n\u0131 art\u0131ran polis zabitin\u0259, kas\u0131b t\u0259l\u0259b\u0259ni soyan r\u00fc\u015fv\u0259txor m\u00fc\u0259llim\u0259, h\u0259yat\u0131 il\u0259 \u0259ll\u0259\u015f\u0259n aciz x\u0259st\u0259ni bo\u011fan h\u0259kim\u0259, hakimiyy\u0259t\u0259 yaltaql\u0131q v\u0259 mill\u0259t\u0259 yalan hesab\u0131na y\u00fcks\u0259lmi\u015f jurnalist v\u0259 yaz\u0131\u00e7\u0131ya nec\u0259 h\u00f6rm\u0259t edir?<\/p>\n\n\n\n<p>M\u0259hz buna g\u00f6r\u0259 k\u00fctl\u0259 \u0259xlaqa d\u0259y\u0259r ver\u0259n siyas\u0259t\u00e7ini s\u0259feh, u\u011fursuz insan say\u0131r. Bu qayda t\u0259kc\u0259 Az\u0259rbaycanda deyil, b\u00fct\u00fcn d\u00fcnyada, b\u00fct\u00fcn d\u00fcnya d\u00f6vl\u0259tl\u0259rind\u0259 i\u015fl\u0259yir. Y\u00fcz d\u00f6vl\u0259td\u0259n \u00fc\u00e7\u00fcnd\u0259 b\u0259z\u0259n istisnaya rast g\u0259lm\u0259k olar: \u0130sve\u00e7, Norve\u00e7, Danimarka, Uruqvay, Finlandiya, \u0130slandiya, \u0130sve\u00e7r\u0259\u2026 V\u0259ssalam.<\/p>\n\n\n\n<p>Allaha \u015f\u00fck\u00fcr ki, bunlar h\u0259l\u0259 var.<\/p>\n\n\n\n<p>Siyas\u0259td\u0259 q\u0131t olan t\u0259k \u0259xlaq deyil, h\u0259m d\u0259 a\u011f\u0131l v\u0259 m\u0259ntiqdir. M\u0259n indi Ukrayna f\u0259lak\u0259ti il\u0259 ba\u011fl\u0131 xeyli \u015f\u0259rh\u00e7inin r\u0259yini izl\u0259yir\u0259m. T\u0259bii ki, vicdan\u0131 olan k\u0259s Rusiyan\u0131, cani Putini q\u0131nay\u0131r. B\u0259li, m\u0259hz Putin beyn\u0259lxalq h\u00fcququ ayaqlayaraq m\u00fcst\u0259qil Ukraynaya t\u0259cav\u00fcz etmi\u015f, abad \u00f6lk\u0259ni viran\u0259 qoymu\u015f, milyonlarla insan\u0131n h\u0259yat\u0131na faci\u0259 g\u0259tirmi\u015fdir. Lakin bu \u015f\u0259rh\u00e7il\u0259rd\u0259n he\u00e7 biri bu f\u0259lak\u0259tin baiskarlar\u0131 s\u0131ras\u0131nda Maydanda meymun kimi hoppanan v\u0259 qon\u015fu q\u00fcdr\u0259tli v\u0259 t\u0259hl\u00fck\u0259li d\u00f6vl\u0259t\u0259 meydan oxuyan, rus dilini yasaqlama\u011f\u0131 t\u0259l\u0259b ed\u0259n cahil v\u0259 s\u0131rt\u0131q mill\u0259t\u00e7il\u0259rin ad\u0131n\u0131 \u00e7\u0259kmir.<\/p>\n\n\n\n<p>\u018fminlikl\u0259 dem\u0259k olar ki, rus v\u0259 Ukrayna xalqlar\u0131 aras\u0131nda \u0259b\u0259di \u0259dav\u0259t salmaq ist\u0259y\u0259n k\u0259nar b\u0259dxahlar bu cahil v\u0259 \u0259xlaqs\u0131z siyasi f\u0259allar q\u0259d\u0259r faydal\u0131 dig\u0259r al\u0259t tapa bilm\u0259zdil\u0259r.<\/p>\n\n\n\n<p>K\u00fctl\u0259y\u0259 tu\u015flanm\u0131\u015f siyas\u0259td\u0259 \u0259xlaqa, a\u011f\u0131la v\u0259 m\u0259ntiq\u0259 yer yoxdur. \u018fxlaqs\u0131z siyas\u0259t\u00e7i a\u011f\u0131l\u0131 v\u0259 m\u0259ntiqi xalq\u0131 xilas etm\u0259k \u00fc\u00e7\u00fcn deyil, v\u0259zif\u0259 v\u0259 hakimiyy\u0259t sava\u015f\u0131nda k\u00fctl\u0259ni tovlamaq \u00fc\u00e7\u00fcn i\u015f\u0259 sal\u0131r.<\/p>\n\n\n\n<p>D\u00fcnya d\u00f6vl\u0259tl\u0259rin\u0259 n\u0259z\u0259r sal\u0131n, oradak\u0131 siyasi m\u0259nz\u0259r\u0259ni seyr edin. \u0130st\u0259rs\u0259niz Az\u0259rbaycandak\u0131 \u201cse\u00e7ki\u201d tama\u015falar\u0131na a\u011f\u0131 deyin, ist\u0259s\u0259niz 2020 il AB\u015e-dak\u0131 prezident se\u00e7kil\u0259rini yada sal\u0131n. F\u0259rqi yoxdur, h\u0259r iki halda demokratiya m\u0259fhumu eynil\u0259 zorlan\u0131r.<\/p>\n\n\n\n<p>H\u0259qiqi u\u011furlu siyas\u0259t\u00e7i \u0259xlaqa tam yad olmal\u0131d\u0131r. U\u011furlu siyas\u0259t\u00e7i xalq\u0131 h\u0259r d\u0259f\u0259 aldadanda sevincd\u0259n g\u00f6zl\u0259ri ya\u015farmal\u0131d\u0131r, nec\u0259 ki, 2012-ci ilin f\u0131r\u0131ldaq se\u00e7kil\u0259rind\u0259n sonra Putinin g\u00f6zl\u0259ri Manej meydan\u0131ndak\u0131 q\u0259l\u0259b\u0259 mitinqind\u0259 ya\u015farm\u0131\u015fd\u0131.<\/p>\n\n\n\n<p>\u018fsl siyas\u0259t\u00e7i hans\u0131 keyfiyy\u0259tl\u0259rl\u0259 lax siyas\u0259t\u00e7id\u0259n f\u0259rql\u0259nir? Lax siyas\u0259t\u00e7i yalan dan\u0131\u015fanda duruxa bil\u0259r, g\u00f6z\u00fcn\u00fc qa\u00e7\u0131ra bil\u0259r, amma \u0259sl siyas\u0259t\u00e7i yalan dan\u0131\u015fanda adam\u0131n g\u00f6z\u00fcn\u00fcn i\u00e7in\u0259 \u015fax baxar, s\u0259si \u0259sla titr\u0259m\u0259z, \u0259ksin\u0259, dinl\u0259y\u0259nin beynin\u0259 v\u0259 q\u0259lbin\u0259 n\u00fcfuz ed\u0259r. Yad\u0131n\u0131za Putinin Ukraynaya qar\u015f\u0131 m\u00fcharib\u0259y\u0259 ba\u015flamas\u0131 x\u0259b\u0259rini televiziya ekranlar\u0131nda rus xalq\u0131na v\u0259 d\u00fcnyaya bildirm\u0259si an\u0131n\u0131 sal\u0131n. N\u0259 dedi? Dedi ki, m\u00fcharib\u0259y\u0259 deyil, \u201cx\u00fcsusi \u0259m\u0259liyyat\u201da ba\u015flay\u0131r, m\u0259qs\u0259di is\u0259 Ukrayna xalq\u0131n\u0131 nasizmd\u0259n xilas etm\u0259kdir.<\/p>\n\n\n\n<p>\u018fsl siyas\u0259t\u00e7i kimi Putin b\u00fct\u00fcn rus xalq\u0131na v\u0259 rus K\u0130V-in\u0259 m\u00fcharib\u0259 s\u00f6z\u00fcn\u00fc i\u015fl\u0259tm\u0259yi qada\u011fan etdi, bunun \u0259v\u0259zin\u0259 ham\u0131 yaln\u0131z \u201cx\u00fcsusi \u0259m\u0259liyyat\u201d dem\u0259lidir! Rus ordusu itkil\u0259r\u0259 m\u0259ruz qalanda b\u00fct\u00fcn rus xalq\u0131na bu h\u0259qiq\u0259ti dilin\u0259 g\u0259tirm\u0259yi x\u00fcsusi qanunla qada\u011fan etdi. Bu qanuna g\u00f6r\u0259 m\u0259\u011flubiyy\u0259t bar\u0259d\u0259 m\u0259lumat\u0131 yayan insana 5 il h\u0259bs c\u0259zas\u0131, \u0259g\u0259r bu m\u0259lumat rus ordusuna ciddi ziyan g\u0259tiribs\u0259, 15 il h\u0259bs c\u0259zas\u0131 k\u0259sil\u0259 bil\u0259r. 15 il h\u0259bs!<\/p>\n\n\n\n<p>Nec\u0259 d\u0259 insafl\u0131 prezidentdir! B\u0259\u015f\u0259r \u00f6vlad\u0131 tarixi boyu o q\u0259d\u0259r s\u0259rt c\u0259zalar icad edib ki! M\u0259s\u0259l\u0259n, insan\u0131n paza ke\u00e7irilm\u0259si. D\u00fczd\u00fcr, rus v\u0259 az\u0259ri polisl\u0259ri bu c\u0259zan\u0131n t\u0259kmill\u0259\u015fdirilmi\u015f n\u00f6vl\u0259rind\u0259n gen-bol istifad\u0259 edirl\u0259r, ruslar m\u0259hbuslar\u0131n mab\u0259din\u0259 \u201c\u015fvabra\u201d, az\u0259ri polis n\u0259f\u0259rl\u0259ri butulka soxurlar, lakin Putin bu c\u0259zan\u0131 yeni rus qanununa r\u0259sm\u0259n salmamaqla b\u00f6y\u00fck humanist oldu\u011funu s\u00fcbuta yetirdi.<\/p>\n\n\n\n<p>Putin rus m\u00fcxalifl\u0259rini \u015faqqalanma c\u0259zas\u0131na da m\u0259hkum ed\u0259 bil\u0259rdi, lakin etm\u0259di.<\/p>\n\n\n\n<p>Sad\u0259c\u0259 onun bu c\u0259zalar\u0131 n\u0259z\u0259rd\u0259 tutan qanunu imzalamas\u0131ndan sonra on minl\u0259rl\u0259 \u0259s\u0259bl\u0259ri z\u0259if rus v\u0259t\u0259nda\u015f\u0131 \u00f6lk\u0259nin hara y\u00f6n\u0259ldiyini anlayaraq ilk m\u00fcy\u0259ss\u0259r t\u0259yyar\u0259y\u0259 \u0259yl\u0259\u015fib sevimli v\u0259t\u0259nini t\u0259rk etdi. On minl\u0259rl\u0259 rus G\u00fcrc\u00fcstana, T\u00fcrkiy\u0259y\u0259, Erm\u0259nistana v\u0259 Qazax\u0131stana qa\u00e7d\u0131.<\/p>\n\n\n\n<p>Sual yarana bil\u0259r ki, ruslar niy\u0259 Az\u0259rbaycana qa\u00e7m\u0131rlar? G\u00f6r\u00fcn\u00fcr, ya\u011f\u0131\u015fdan \u00e7\u0131x\u0131b ya\u011fmura d\u00fc\u015fm\u0259k ist\u0259mirl\u0259r. G\u00f6z\u0259l anlay\u0131rlar ki, Vladimir Putin\u0259 \u0259n yax\u0131n siyas\u0259t\u00e7i \u0130lham \u018fliyevdir.<\/p>\n\n\n\n<p>H\u0259qiqi siyas\u0259t\u00e7i \u00fc\u00e7\u00fcn \u0259n ali meyar hakimiyy\u0259tdir. \u018fvv\u0259l hakimiyy\u0259t, sonra is\u0259 hakimiyy\u0259tin g\u0259tirdiyi b\u0259hr\u0259l\u0259r: s\u0259rv\u0259t, imtiyaz, a\u011fal\u0131q, c\u0259zas\u0131zl\u0131q\u2026<\/p>\n\n\n\n<p>Bu ali meyar\u0131 qorumaq \u00fc\u00e7\u00fcn \u0259sl siyas\u0259t\u00e7i hakim z\u00fcmr\u0259 yeti\u015fdirm\u0259lidir. Bu, \u0259sla asan i\u015f deyil. Hakim z\u00fcmr\u0259y\u0259 inan\u0131lm\u0131\u015f, yoxlanm\u0131\u015f, b\u0259rkd\u0259n-bo\u015fdan \u00e7\u0131xm\u0131\u015f adamlar sal\u0131n\u0131rlar. Putin d\u0259, \u018fliyev d\u0259 bu v\u0259zif\u0259nin \u00f6hd\u0259sind\u0259n bacar\u0131qla g\u0259libl\u0259r. Putinin bu f\u00f6vq\u0259lad\u0259 qabiliyy\u0259tini m\u00fc\u015fahid\u0259 etm\u0259k \u00fc\u00e7\u00fcn sad\u0259c\u0259 rus kanallar\u0131n\u0131n n\u00fcmayi\u015f etdirdiyi Rusiya Federasiyas\u0131n\u0131n T\u0259hl\u00fck\u0259sizlik \u015euras\u0131n\u0131n iclas\u0131na baxmaq kifay\u0259t idi. Bu \u015eurada \u00f6lk\u0259ni qorxunc aqib\u0259t\u0259 g\u0259tir\u0259 bil\u0259c\u0259k m\u00fcharib\u0259 q\u0259rar\u0131n\u0131n m\u00fczakir\u0259si apar\u0131l\u0131rd\u0131. Bu iclasa milyonlarla insan tama\u015fa etdi. Birc\u0259 n\u0259f\u0259r tap\u0131ld\u0131m\u0131 ki, desin: \u201cBu iclasda azad v\u0259 m\u00fcdrik insanlar v\u0259t\u0259nin v\u0259 xalq\u0131n taleyini m\u00fczakir\u0259 edirdi\u201d?<\/p>\n\n\n\n<p>Xeyr, ham\u0131 g\u00f6rd\u00fc ki, bu m\u00f6t\u0259b\u0259r qurumun \u00fczvl\u0259rinin ham\u0131s\u0131, istisnas\u0131z olaraq ham\u0131s\u0131(!), yaln\u0131z \u00f6z\u00fcn\u00fc, \u00f6z v\u0259zif\u0259 m\u00f6vqeyini d\u00fc\u015f\u00fcn\u0259n v\u0259 g\u00fcd\u0259n c\u0131l\u0131z m\u0259xluqlard\u0131r. O boyda qurumda birc\u0259 adam tap\u0131lmad\u0131 ki, desin: \u201cM\u00fcharib\u0259 Rusiya \u00fc\u00e7\u00fcn b\u00f6y\u00fck t\u0259hl\u00fck\u0259dir, \u00f6lk\u0259 da\u011f\u0131la bil\u0259r\u201d.<\/p>\n\n\n\n<p>\u0130ndi Putin \u0259sl siyas\u0259t\u00e7i kimi Ukraynan\u0131 da\u011f\u0131d\u0131r. U\u015faq ba\u011f\u00e7alar\u0131n\u0131, do\u011fum evl\u0259rini, x\u0259st\u0259xanalar\u0131, ya\u015fay\u0131\u015f evl\u0259rini, atom elektrik stansiyalar\u0131n\u0131 at\u0259\u015f\u0259 tutur, bombalay\u0131r. Rusiya prezidenti g\u00f6z\u00fcn\u00fc q\u0131rpmadan deyir ki, b\u00fct\u00fcn bu barbar h\u0259r\u0259k\u0259tl\u0259ri ukraynal\u0131lar \u00f6zl\u0259ri edir, \u00f6z-\u00f6zl\u0259rini bombalay\u0131r, \u00f6zl\u0259ri \u00f6zl\u0259rini \u00f6ld\u00fcr\u00fcr.<\/p>\n\n\n\n<p>Bax, buna dey\u0259rl\u0259r \u0259sl siyas\u0259t\u00e7i! Bu a\u011f yalan ax\u0131n\u0131nda kim \u0259xlaq z\u0259rr\u0259si tapa bil\u0259r? He\u00e7 kim!<\/p>\n\n\n\n<p>Lakin m\u00f6c\u00fcz\u0259 ondad\u0131r ki, rus xalq\u0131n\u0131n \u0259ks\u0259riyy\u0259ti bu yalanlara inan\u0131r v\u0259 Putinin ard\u0131nca t\u0259krar edir.<\/p>\n\n\n\n<p>H\u0259qiqi siyas\u0259t\u00e7i he\u00e7 vaxt \u0259xlaqi d\u0259y\u0259rl\u0259r bar\u0259d\u0259 d\u00fc\u015f\u00fcnm\u0259m\u0259lidir, \u0259ks halda k\u00fctl\u0259nin g\u00f6z\u00fcnd\u0259n d\u00fc\u015f\u0259r v\u0259 hakimiyy\u0259tini itir\u0259 bil\u0259r. M\u0259hz bu d\u0259y\u0259rl\u0259r\u0259 bigan\u0259lik ucbat\u0131ndan indi b\u00fct\u00fcn d\u00fcnyan\u0131n \u0259sl siyas\u0259t\u00e7il\u0259ri Rusiyan\u0131n Ukraynan\u0131 viran\u0259 qoymas\u0131na b\u00f6y\u00fck s\u0259br v\u0259 t\u0259mkinl\u0259 tama\u015fa edir v\u0259 \u00f6z siyasi v\u0259 maliyy\u0259 g\u0259lirl\u0259rini hesablay\u0131r. B\u0259li, Ukrayna vir\u0259n\u0259 qal\u0131r, lakin bax\u0131n, b\u0259h-b\u0259h, Rusiya nec\u0259 d\u0259 biab\u0131r olur, amans\u0131z c\u0259za t\u0259dbirl\u0259rin\u0259 tu\u015f g\u0259lir, iqtisadiyyat\u0131, c\u0259miyy\u0259ti a\u015f\u0131n\u0131b t\u0259n\u0259zz\u00fcl edir, \u00f6lk\u0259 girdaba yuvarlan\u0131r. Nec\u0259 d\u0259 g\u00f6z\u0259l m\u0259nz\u0259r\u0259! Rusiyan\u0131n r\u0259qibl\u0259rin\u0259 he\u00e7 n\u0259 etm\u0259k laz\u0131m deyil, sad\u0259c\u0259 k\u0259narda durub Ukraynaya \u201ccan-can\u201d dem\u0259k, pul v\u0259 silah verm\u0259k v\u0259 s\u0259brl\u0259 tama\u015fa etm\u0259k laz\u0131md\u0131r ki, sonda Rusiyan\u0131n sonunu g\u00f6r\u0259 bilsinl\u0259r.<\/p>\n\n\n\n<p>Bel\u0259 \u0259sl siyas\u0259t\u00e7il\u0259rin \u00f6z \u00f6lk\u0259l\u0259rin\u0259 etdikl\u0259rini y\u00fcz d\u00fc\u015fm\u0259n ed\u0259 bilm\u0259z, lakin g\u0259lin etiraf ed\u0259k ki, xalqa el\u0259 bu xo\u015fdur.<\/p>\n","protected":false},"excerpt":{"rendered":"<p>K\u00fctl\u0259 \u0259xlaqa d\u0259y\u0259r ver\u0259n siyas\u0259t\u00e7ini s\u0259feh, u\u011fursuz insan say\u0131r Binei-q\u0259dimd\u0259n &#8230; <\/p>\n<p class=\"read-more-container\"><a title=\"Siyas\u0259td\u0259 \u0259xlaqa yer yoxdur\" class=\"read-more button\" href=\"https:\/\/www.meydan.tv\/az\/article\/siyasetde-exlaqa-yer-yoxdur\/#more-238033\" aria-label=\"Read more about Siyas\u0259td\u0259 \u0259xlaqa yer yoxdur\">Davam\u0131<\/a><\/p>\n","protected":false},"author":8,"featured_media":126823,"comment_status":"closed","ping_status":"closed","sticky":false,"template":"","format":"standard","meta":{"_acf_changed":false,"_sitemap_exclude":false,"_sitemap_priority":"","_sitemap_frequency":"","footnotes":""},"categories":[57],"tags":[],"class_list":["post-238033","post","type-post","status-publish","format-standard","has-post-thumbnail","hentry","category-menim-fikrimce","infinite-scroll-item","generate-columns","tablet-grid-50","mobile-grid-100","grid-parent","grid-33","no-featured-image-padding"],"acf":[],"yoast_head":"<!-- This site is optimized with the Yoast SEO plugin v27.4 - https:\/\/yoast.com\/product\/yoast-seo-wordpress\/ -->\n<title>Siyas\u0259td\u0259 \u0259xlaqa yer yoxdur - MEYDAN.TV<\/title>\n<meta name=\"robots\" content=\"index, follow, max-snippet:-1, max-image-preview:large, max-video-preview:-1\" \/>\n<link rel=\"canonical\" href=\"https:\/\/www.meydan.tv\/az\/article\/siyasetde-exlaqa-yer-yoxdur\/\" \/>\n<meta property=\"og:locale\" content=\"az_AZ\" \/>\n<meta property=\"og:type\" content=\"article\" \/>\n<meta property=\"og:title\" content=\"Siyas\u0259td\u0259 \u0259xlaqa yer yoxdur - MEYDAN.TV\" \/>\n<meta property=\"og:description\" content=\"K\u00fctl\u0259 \u0259xlaqa d\u0259y\u0259r ver\u0259n siyas\u0259t\u00e7ini s\u0259feh, u\u011fursuz insan say\u0131r Binei-q\u0259dimd\u0259n ... Davam\u0131\" \/>\n<meta property=\"og:url\" content=\"https:\/\/www.meydan.tv\/az\/article\/siyasetde-exlaqa-yer-yoxdur\/\" \/>\n<meta property=\"og:site_name\" content=\"MEYDAN.TV\" \/>\n<meta property=\"article:published_time\" content=\"2022-03-11T04:29:37+00:00\" \/>\n<meta property=\"article:modified_time\" content=\"2022-03-11T04:29:39+00:00\" \/>\n<meta property=\"og:image\" content=\"https:\/\/www.meydan.tv\/wp-content\/uploads\/image_from_ios_2_p52ittc.original.original-scaled-e1645163166726.jpg\" \/>\n\t<meta property=\"og:image:width\" content=\"2560\" \/>\n\t<meta property=\"og:image:height\" content=\"1292\" \/>\n\t<meta property=\"og:image:type\" content=\"image\/jpeg\" \/>\n<meta name=\"author\" content=\"elli\" \/>\n<meta name=\"twitter:card\" content=\"summary_large_image\" \/>\n<meta name=\"twitter:creator\" content=\"@elli\" \/>\n<script type=\"application\/ld+json\" class=\"yoast-schema-graph\">{\"@context\":\"https:\\\/\\\/schema.org\",\"@graph\":[{\"@type\":\"Article\",\"@id\":\"https:\\\/\\\/www.meydan.tv\\\/az\\\/article\\\/siyasetde-exlaqa-yer-yoxdur\\\/#article\",\"isPartOf\":{\"@id\":\"https:\\\/\\\/www.meydan.tv\\\/az\\\/article\\\/siyasetde-exlaqa-yer-yoxdur\\\/\"},\"author\":{\"name\":\"elli\",\"@id\":\"https:\\\/\\\/www.meydan.tv\\\/az\\\/#\\\/schema\\\/person\\\/9cdbecf90d17180ce1dfbd95b08dcf47\"},\"headline\":\"Siyas\u0259td\u0259 \u0259xlaqa yer yoxdur\",\"datePublished\":\"2022-03-11T04:29:37+00:00\",\"dateModified\":\"2022-03-11T04:29:39+00:00\",\"mainEntityOfPage\":{\"@id\":\"https:\\\/\\\/www.meydan.tv\\\/az\\\/article\\\/siyasetde-exlaqa-yer-yoxdur\\\/\"},\"wordCount\":1676,\"publisher\":{\"@id\":\"https:\\\/\\\/www.meydan.tv\\\/az\\\/#organization\"},\"image\":{\"@id\":\"https:\\\/\\\/www.meydan.tv\\\/az\\\/article\\\/siyasetde-exlaqa-yer-yoxdur\\\/#primaryimage\"},\"thumbnailUrl\":\"https:\\\/\\\/www.meydan.tv\\\/wp-content\\\/uploads\\\/image_from_ios_2_p52ittc.original.original-scaled-e1682070233838.jpg\",\"articleSection\":[\"M\u0259nim Fikrimc\u0259\"],\"inLanguage\":\"az\"},{\"@type\":\"WebPage\",\"@id\":\"https:\\\/\\\/www.meydan.tv\\\/az\\\/article\\\/siyasetde-exlaqa-yer-yoxdur\\\/\",\"url\":\"https:\\\/\\\/www.meydan.tv\\\/az\\\/article\\\/siyasetde-exlaqa-yer-yoxdur\\\/\",\"name\":\"Siyas\u0259td\u0259 \u0259xlaqa yer yoxdur - MEYDAN.TV\",\"isPartOf\":{\"@id\":\"https:\\\/\\\/www.meydan.tv\\\/az\\\/#website\"},\"primaryImageOfPage\":{\"@id\":\"https:\\\/\\\/www.meydan.tv\\\/az\\\/article\\\/siyasetde-exlaqa-yer-yoxdur\\\/#primaryimage\"},\"image\":{\"@id\":\"https:\\\/\\\/www.meydan.tv\\\/az\\\/article\\\/siyasetde-exlaqa-yer-yoxdur\\\/#primaryimage\"},\"thumbnailUrl\":\"https:\\\/\\\/www.meydan.tv\\\/wp-content\\\/uploads\\\/image_from_ios_2_p52ittc.original.original-scaled-e1682070233838.jpg\",\"datePublished\":\"2022-03-11T04:29:37+00:00\",\"dateModified\":\"2022-03-11T04:29:39+00:00\",\"breadcrumb\":{\"@id\":\"https:\\\/\\\/www.meydan.tv\\\/az\\\/article\\\/siyasetde-exlaqa-yer-yoxdur\\\/#breadcrumb\"},\"inLanguage\":\"az\",\"potentialAction\":[{\"@type\":\"ReadAction\",\"target\":[\"https:\\\/\\\/www.meydan.tv\\\/az\\\/article\\\/siyasetde-exlaqa-yer-yoxdur\\\/\"]}]},{\"@type\":\"ImageObject\",\"inLanguage\":\"az\",\"@id\":\"https:\\\/\\\/www.meydan.tv\\\/az\\\/article\\\/siyasetde-exlaqa-yer-yoxdur\\\/#primaryimage\",\"url\":\"https:\\\/\\\/www.meydan.tv\\\/wp-content\\\/uploads\\\/image_from_ios_2_p52ittc.original.original-scaled-e1682070233838.jpg\",\"contentUrl\":\"https:\\\/\\\/www.meydan.tv\\\/wp-content\\\/uploads\\\/image_from_ios_2_p52ittc.original.original-scaled-e1682070233838.jpg\",\"width\":2560,\"height\":1158,\"caption\":\"Foto: Meydan TV\"},{\"@type\":\"BreadcrumbList\",\"@id\":\"https:\\\/\\\/www.meydan.tv\\\/az\\\/article\\\/siyasetde-exlaqa-yer-yoxdur\\\/#breadcrumb\",\"itemListElement\":[{\"@type\":\"ListItem\",\"position\":1,\"name\":\"Ana s\u0259hif\u0259\",\"item\":\"https:\\\/\\\/www.meydan.tv\\\/az\\\/\"},{\"@type\":\"ListItem\",\"position\":2,\"name\":\"M\u0259nim Fikrimc\u0259\",\"item\":\"https:\\\/\\\/www.meydan.tv\\\/az\\\/section\\\/menim-fikrimce\\\/\"},{\"@type\":\"ListItem\",\"position\":3,\"name\":\"Siyas\u0259td\u0259 \u0259xlaqa yer yoxdur\"}]},{\"@type\":\"WebSite\",\"@id\":\"https:\\\/\\\/www.meydan.tv\\\/az\\\/#website\",\"url\":\"https:\\\/\\\/www.meydan.tv\\\/az\\\/\",\"name\":\"MEYDAN.TV\",\"description\":\"Meydan TV Az\u0259rbaycan\u0131n media m\u0259kan\u0131ndak\u0131 alternativ s\u0259sidir\",\"publisher\":{\"@id\":\"https:\\\/\\\/www.meydan.tv\\\/az\\\/#organization\"},\"potentialAction\":[{\"@type\":\"SearchAction\",\"target\":{\"@type\":\"EntryPoint\",\"urlTemplate\":\"https:\\\/\\\/www.meydan.tv\\\/az\\\/?s={search_term_string}\"},\"query-input\":{\"@type\":\"PropertyValueSpecification\",\"valueRequired\":true,\"valueName\":\"search_term_string\"}}],\"inLanguage\":\"az\"},{\"@type\":\"Organization\",\"@id\":\"https:\\\/\\\/www.meydan.tv\\\/az\\\/#organization\",\"name\":\"Meydan TV\",\"url\":\"https:\\\/\\\/www.meydan.tv\\\/az\\\/\",\"logo\":{\"@type\":\"ImageObject\",\"inLanguage\":\"az\",\"@id\":\"https:\\\/\\\/www.meydan.tv\\\/az\\\/#\\\/schema\\\/logo\\\/image\\\/\",\"url\":\"https:\\\/\\\/www.meydan.tv\\\/wp-content\\\/uploads\\\/2021\\\/07\\\/meydan-logo.svg\",\"contentUrl\":\"https:\\\/\\\/www.meydan.tv\\\/wp-content\\\/uploads\\\/2021\\\/07\\\/meydan-logo.svg\",\"width\":195,\"height\":46,\"caption\":\"Meydan TV\"},\"image\":{\"@id\":\"https:\\\/\\\/www.meydan.tv\\\/az\\\/#\\\/schema\\\/logo\\\/image\\\/\"}},{\"@type\":\"Person\",\"@id\":\"https:\\\/\\\/www.meydan.tv\\\/az\\\/#\\\/schema\\\/person\\\/9cdbecf90d17180ce1dfbd95b08dcf47\",\"name\":\"elli\",\"sameAs\":[\"https:\\\/\\\/x.com\\\/elli\"]}]}<\/script>\n<!-- \/ Yoast SEO plugin. -->","yoast_head_json":{"title":"Siyas\u0259td\u0259 \u0259xlaqa yer yoxdur - MEYDAN.TV","robots":{"index":"index","follow":"follow","max-snippet":"max-snippet:-1","max-image-preview":"max-image-preview:large","max-video-preview":"max-video-preview:-1"},"canonical":"https:\/\/www.meydan.tv\/az\/article\/siyasetde-exlaqa-yer-yoxdur\/","og_locale":"az_AZ","og_type":"article","og_title":"Siyas\u0259td\u0259 \u0259xlaqa yer yoxdur - MEYDAN.TV","og_description":"K\u00fctl\u0259 \u0259xlaqa d\u0259y\u0259r ver\u0259n siyas\u0259t\u00e7ini s\u0259feh, u\u011fursuz insan say\u0131r Binei-q\u0259dimd\u0259n ... Davam\u0131","og_url":"https:\/\/www.meydan.tv\/az\/article\/siyasetde-exlaqa-yer-yoxdur\/","og_site_name":"MEYDAN.TV","article_published_time":"2022-03-11T04:29:37+00:00","article_modified_time":"2022-03-11T04:29:39+00:00","og_image":[{"width":2560,"height":1292,"url":"https:\/\/www.meydan.tv\/wp-content\/uploads\/image_from_ios_2_p52ittc.original.original-scaled-e1645163166726.jpg","type":"image\/jpeg"}],"author":"elli","twitter_card":"summary_large_image","twitter_creator":"@elli","schema":{"@context":"https:\/\/schema.org","@graph":[{"@type":"Article","@id":"https:\/\/www.meydan.tv\/az\/article\/siyasetde-exlaqa-yer-yoxdur\/#article","isPartOf":{"@id":"https:\/\/www.meydan.tv\/az\/article\/siyasetde-exlaqa-yer-yoxdur\/"},"author":{"name":"elli","@id":"https:\/\/www.meydan.tv\/az\/#\/schema\/person\/9cdbecf90d17180ce1dfbd95b08dcf47"},"headline":"Siyas\u0259td\u0259 \u0259xlaqa yer yoxdur","datePublished":"2022-03-11T04:29:37+00:00","dateModified":"2022-03-11T04:29:39+00:00","mainEntityOfPage":{"@id":"https:\/\/www.meydan.tv\/az\/article\/siyasetde-exlaqa-yer-yoxdur\/"},"wordCount":1676,"publisher":{"@id":"https:\/\/www.meydan.tv\/az\/#organization"},"image":{"@id":"https:\/\/www.meydan.tv\/az\/article\/siyasetde-exlaqa-yer-yoxdur\/#primaryimage"},"thumbnailUrl":"https:\/\/www.meydan.tv\/wp-content\/uploads\/image_from_ios_2_p52ittc.original.original-scaled-e1682070233838.jpg","articleSection":["M\u0259nim Fikrimc\u0259"],"inLanguage":"az"},{"@type":"WebPage","@id":"https:\/\/www.meydan.tv\/az\/article\/siyasetde-exlaqa-yer-yoxdur\/","url":"https:\/\/www.meydan.tv\/az\/article\/siyasetde-exlaqa-yer-yoxdur\/","name":"Siyas\u0259td\u0259 \u0259xlaqa yer yoxdur - MEYDAN.TV","isPartOf":{"@id":"https:\/\/www.meydan.tv\/az\/#website"},"primaryImageOfPage":{"@id":"https:\/\/www.meydan.tv\/az\/article\/siyasetde-exlaqa-yer-yoxdur\/#primaryimage"},"image":{"@id":"https:\/\/www.meydan.tv\/az\/article\/siyasetde-exlaqa-yer-yoxdur\/#primaryimage"},"thumbnailUrl":"https:\/\/www.meydan.tv\/wp-content\/uploads\/image_from_ios_2_p52ittc.original.original-scaled-e1682070233838.jpg","datePublished":"2022-03-11T04:29:37+00:00","dateModified":"2022-03-11T04:29:39+00:00","breadcrumb":{"@id":"https:\/\/www.meydan.tv\/az\/article\/siyasetde-exlaqa-yer-yoxdur\/#breadcrumb"},"inLanguage":"az","potentialAction":[{"@type":"ReadAction","target":["https:\/\/www.meydan.tv\/az\/article\/siyasetde-exlaqa-yer-yoxdur\/"]}]},{"@type":"ImageObject","inLanguage":"az","@id":"https:\/\/www.meydan.tv\/az\/article\/siyasetde-exlaqa-yer-yoxdur\/#primaryimage","url":"https:\/\/www.meydan.tv\/wp-content\/uploads\/image_from_ios_2_p52ittc.original.original-scaled-e1682070233838.jpg","contentUrl":"https:\/\/www.meydan.tv\/wp-content\/uploads\/image_from_ios_2_p52ittc.original.original-scaled-e1682070233838.jpg","width":2560,"height":1158,"caption":"Foto: Meydan TV"},{"@type":"BreadcrumbList","@id":"https:\/\/www.meydan.tv\/az\/article\/siyasetde-exlaqa-yer-yoxdur\/#breadcrumb","itemListElement":[{"@type":"ListItem","position":1,"name":"Ana s\u0259hif\u0259","item":"https:\/\/www.meydan.tv\/az\/"},{"@type":"ListItem","position":2,"name":"M\u0259nim Fikrimc\u0259","item":"https:\/\/www.meydan.tv\/az\/section\/menim-fikrimce\/"},{"@type":"ListItem","position":3,"name":"Siyas\u0259td\u0259 \u0259xlaqa yer yoxdur"}]},{"@type":"WebSite","@id":"https:\/\/www.meydan.tv\/az\/#website","url":"https:\/\/www.meydan.tv\/az\/","name":"MEYDAN.TV","description":"Meydan TV Az\u0259rbaycan\u0131n media m\u0259kan\u0131ndak\u0131 alternativ s\u0259sidir","publisher":{"@id":"https:\/\/www.meydan.tv\/az\/#organization"},"potentialAction":[{"@type":"SearchAction","target":{"@type":"EntryPoint","urlTemplate":"https:\/\/www.meydan.tv\/az\/?s={search_term_string}"},"query-input":{"@type":"PropertyValueSpecification","valueRequired":true,"valueName":"search_term_string"}}],"inLanguage":"az"},{"@type":"Organization","@id":"https:\/\/www.meydan.tv\/az\/#organization","name":"Meydan TV","url":"https:\/\/www.meydan.tv\/az\/","logo":{"@type":"ImageObject","inLanguage":"az","@id":"https:\/\/www.meydan.tv\/az\/#\/schema\/logo\/image\/","url":"https:\/\/www.meydan.tv\/wp-content\/uploads\/2021\/07\/meydan-logo.svg","contentUrl":"https:\/\/www.meydan.tv\/wp-content\/uploads\/2021\/07\/meydan-logo.svg","width":195,"height":46,"caption":"Meydan TV"},"image":{"@id":"https:\/\/www.meydan.tv\/az\/#\/schema\/logo\/image\/"}},{"@type":"Person","@id":"https:\/\/www.meydan.tv\/az\/#\/schema\/person\/9cdbecf90d17180ce1dfbd95b08dcf47","name":"elli","sameAs":["https:\/\/x.com\/elli"]}]}},"_links":{"self":[{"href":"https:\/\/www.meydan.tv\/az\/wp-json\/wp\/v2\/posts\/238033","targetHints":{"allow":["GET"]}}],"collection":[{"href":"https:\/\/www.meydan.tv\/az\/wp-json\/wp\/v2\/posts"}],"about":[{"href":"https:\/\/www.meydan.tv\/az\/wp-json\/wp\/v2\/types\/post"}],"author":[{"embeddable":true,"href":"https:\/\/www.meydan.tv\/az\/wp-json\/wp\/v2\/users\/8"}],"replies":[{"embeddable":true,"href":"https:\/\/www.meydan.tv\/az\/wp-json\/wp\/v2\/comments?post=238033"}],"version-history":[{"count":1,"href":"https:\/\/www.meydan.tv\/az\/wp-json\/wp\/v2\/posts\/238033\/revisions"}],"predecessor-version":[{"id":238034,"href":"https:\/\/www.meydan.tv\/az\/wp-json\/wp\/v2\/posts\/238033\/revisions\/238034"}],"wp:featuredmedia":[{"embeddable":true,"href":"https:\/\/www.meydan.tv\/az\/wp-json\/wp\/v2\/media\/126823"}],"wp:attachment":[{"href":"https:\/\/www.meydan.tv\/az\/wp-json\/wp\/v2\/media?parent=238033"}],"wp:term":[{"taxonomy":"category","embeddable":true,"href":"https:\/\/www.meydan.tv\/az\/wp-json\/wp\/v2\/categories?post=238033"},{"taxonomy":"post_tag","embeddable":true,"href":"https:\/\/www.meydan.tv\/az\/wp-json\/wp\/v2\/tags?post=238033"}],"curies":[{"name":"wp","href":"https:\/\/api.w.org\/{rel}","templated":true}]}}