{"id":237995,"date":"2022-03-10T21:51:18","date_gmt":"2022-03-10T17:51:18","guid":{"rendered":"https:\/\/www.meydan.tv\/?p=237995"},"modified":"2022-03-10T21:51:19","modified_gmt":"2022-03-10T17:51:19","slug":"bizim-kimi-vetendaslara-komek-etmeyenden-sonra-sen-niye-prezidentlik-edirsen","status":"publish","type":"post","link":"https:\/\/www.meydan.tv\/az\/article\/bizim-kimi-vetendaslara-komek-etmeyenden-sonra-sen-niye-prezidentlik-edirsen\/","title":{"rendered":"&#8220;Bizim kimi v\u0259t\u0259nda\u015flara k\u00f6m\u0259k etm\u0259y\u0259nd\u0259n sonra, s\u0259n niy\u0259 prezidentlik edirs\u0259n?&#8221;"},"content":{"rendered":"\n<figure class=\"wp-block-embed is-type-video is-provider-youtube wp-block-embed-youtube wp-embed-aspect-16-9 wp-has-aspect-ratio\"><div class=\"wp-block-embed__wrapper\">\n<iframe title=\"&quot;Bizim kimi v\u0259t\u0259nda\u015flara k\u00f6m\u0259k etm\u0259y\u0259nd\u0259n sonra, s\u0259n niy\u0259 prezidentlik edirs\u0259n?&quot;\" width=\"1200\" height=\"675\" data-src=\"https:\/\/www.youtube.com\/embed\/1_Zl9B-SCh8?feature=oembed\" frameborder=\"0\" allow=\"accelerometer; autoplay; clipboard-write; encrypted-media; gyroscope; picture-in-picture\" allowfullscreen src=\"data:image\/svg+xml;base64,PHN2ZyB3aWR0aD0iMSIgaGVpZ2h0PSIxIiB4bWxucz0iaHR0cDovL3d3dy53My5vcmcvMjAwMC9zdmciPjwvc3ZnPg==\" class=\"lazyload\" data-load-mode=\"1\"><\/iframe>\n<\/div><\/figure>\n\n\n\n<!--more-->\n\n\n\n<p>\u00d6t\u0259n h\u0259ft\u0259 Qubadan g\u0259l\u0259n bir ne\u00e7\u0259 sakin Prezident Administrasiyas\u0131n\u0131n qar\u015f\u0131s\u0131nda \u00f6z t\u0259l\u0259bl\u0259rin s\u0259sl\u0259ndirm\u0259y\u0259 \u00e7al\u0131\u015f\u0131blar.&nbsp; Onlar \u0259sas\u0259n sosial t\u0259l\u0259bl\u0259r s\u0259sl\u0259ndirm\u0259k ist\u0259yibl\u0259r. Quba sakinl\u0259rind\u0259n biri, be\u015f u\u015faq anas\u0131 Qahir\u0259 \u0130brahimova deyir ki, o, autizm sindromlu u\u015fa\u011f\u0131n\u0131n m\u00fcalic\u0259si \u00fc\u00e7\u00fcn 3 min manat borc g\u00f6t\u00fcrs\u0259 d\u0259, sonradan borcunu qaytarmaqda \u00e7\u0259tinlik \u00e7\u0259kib. Qahir\u0259 \u0130brahimova h\u0259m borclar\u0131n\u0131 qaytarmaq, h\u0259m d\u0259 x\u0259st\u0259likd\u0259n \u0259ziyy\u0259t \u00e7\u0259k\u0259n dig\u0259r \u00f6vlad\u0131n\u0131n m\u00fcalic\u0259sin\u0259 maddi d\u0259st\u0259k almaq \u00fc\u00e7\u00fcn rayon icra hakimiyy\u0259tin\u0259 m\u00fcraci\u0259t etdiyini, lakin ona sad\u0259c\u0259 150 manat yard\u0131m olundu\u011funu deyir. Quba sakini u\u015faqlar\u0131n\u0131n say \u00e7oxlu\u011funa g\u00f6r\u0259&nbsp; icra hakimiyy\u0259ti t\u0259r\u0259find\u0259n t\u0259hqir olundu\u011funu da iddia edir.&nbsp;<\/p>\n\n\n\n<p>Dig\u0259r Quba sakini El\u015f\u0259n M\u00fcsl\u00fcmovun da \u015fikay\u0259ti icra hakimiyy\u0259tind\u0259ndir. O, 2019-cu ild\u0259 evinin yand\u0131\u011f\u0131n\u0131, lakin maddi imkans\u0131zl\u0131qdan onu t\u0259mir etdir\u0259 bilm\u0259diyini vu\u011frulay\u0131r. Evinin haz\u0131rda yarars\u0131z halda oldu\u011fun qeyd ed\u0259n El\u015f\u0259n M\u00fcsl\u00fcmov, k\u00f6m\u0259k \u00fc\u00e7\u00fcn icra ba\u015f\u00e7\u0131s\u0131 Ziy\u0259ddin M\u0259mm\u0259dova m\u00fcraci\u0259t ets\u0259 d\u0259, ona k\u00f6m\u0259k edilm\u0259diyini deyir.&nbsp;<\/p>\n\n\n\n<p>Quba sakinl\u0259ri b\u0259nz\u0259r \u015fikay\u0259tl\u0259 bir ne\u00e7\u0259 d\u0259f\u0259 Bak\u0131ya, Prezident Administrasiyas\u0131na \u015fikay\u0259t\u0259 g\u0259ldikl\u0259rini, h\u0259r d\u0259f\u0259 buradan onlar\u0131 \u201cprobleminiz h\u0259ll olacaq\u201d deyib geriy\u0259, Qubaya yola sal\u0131nd\u0131qlar\u0131n\u0131 bildirirl\u0259r. Bu d\u0259f\u0259 d\u0259 S\u0259bail Rayon Polis \u0130dar\u0259sinin \u0259m\u0259kda\u015flar\u0131 \u015fikay\u0259t\u00e7il\u0259ri PA yax\u0131nl\u0131\u011f\u0131ndan uzaqla\u015fd\u0131r\u0131blar.&nbsp;<\/p>\n\n\n\n<p>M\u0259s\u0259l\u0259 il\u0259 ba\u011fl\u0131 Quba Rayon \u0130cra Hakimiyy\u0259tind\u0259n m\u00fcnasib\u0259t almaq m\u00fcmk\u00fcn olmad\u0131.<\/p>\n","protected":false},"excerpt":{"rendered":"","protected":false},"author":14,"featured_media":237996,"comment_status":"closed","ping_status":"closed","sticky":false,"template":"","format":"standard","meta":{"_acf_changed":false,"_sitemap_exclude":false,"_sitemap_priority":"","_sitemap_frequency":"","footnotes":""},"categories":[61,63],"tags":[],"class_list":["post-237995","post","type-post","status-publish","format-standard","has-post-thumbnail","hentry","category-reportaj","category-video-2","infinite-scroll-item","generate-columns","tablet-grid-50","mobile-grid-100","grid-parent","grid-33","no-featured-image-padding"],"acf":[],"yoast_head":"<!-- This site is optimized with the Yoast SEO plugin v27.4 - https:\/\/yoast.com\/product\/yoast-seo-wordpress\/ -->\n<title>&quot;Bizim kimi v\u0259t\u0259nda\u015flara k\u00f6m\u0259k etm\u0259y\u0259nd\u0259n sonra, s\u0259n niy\u0259 prezidentlik edirs\u0259n?&quot; - MEYDAN.TV<\/title>\n<meta name=\"robots\" content=\"index, follow, max-snippet:-1, max-image-preview:large, max-video-preview:-1\" \/>\n<link rel=\"canonical\" href=\"https:\/\/www.meydan.tv\/az\/article\/bizim-kimi-vetendaslara-komek-etmeyenden-sonra-sen-niye-prezidentlik-edirsen\/\" \/>\n<meta property=\"og:locale\" content=\"az_AZ\" \/>\n<meta property=\"og:type\" content=\"article\" \/>\n<meta property=\"og:title\" content=\"&quot;Bizim kimi v\u0259t\u0259nda\u015flara k\u00f6m\u0259k etm\u0259y\u0259nd\u0259n sonra, s\u0259n niy\u0259 prezidentlik edirs\u0259n?&quot; - MEYDAN.TV\" \/>\n<meta property=\"og:url\" content=\"https:\/\/www.meydan.tv\/az\/article\/bizim-kimi-vetendaslara-komek-etmeyenden-sonra-sen-niye-prezidentlik-edirsen\/\" \/>\n<meta property=\"og:site_name\" content=\"MEYDAN.TV\" \/>\n<meta property=\"article:published_time\" content=\"2022-03-10T17:51:18+00:00\" \/>\n<meta property=\"article:modified_time\" content=\"2022-03-10T17:51:19+00:00\" \/>\n<meta property=\"og:image\" content=\"https:\/\/www.meydan.tv\/wp-content\/uploads\/screenshot-at-mar-10-18-45-14-1200x666.png\" \/>\n\t<meta property=\"og:image:width\" content=\"1200\" \/>\n\t<meta property=\"og:image:height\" content=\"666\" \/>\n\t<meta property=\"og:image:type\" content=\"image\/png\" \/>\n<meta name=\"author\" content=\"roma\" \/>\n<meta name=\"twitter:card\" content=\"summary_large_image\" \/>\n<script type=\"application\/ld+json\" class=\"yoast-schema-graph\">{\"@context\":\"https:\\\/\\\/schema.org\",\"@graph\":[{\"@type\":\"Article\",\"@id\":\"https:\\\/\\\/www.meydan.tv\\\/az\\\/article\\\/bizim-kimi-vetendaslara-komek-etmeyenden-sonra-sen-niye-prezidentlik-edirsen\\\/#article\",\"isPartOf\":{\"@id\":\"https:\\\/\\\/www.meydan.tv\\\/az\\\/article\\\/bizim-kimi-vetendaslara-komek-etmeyenden-sonra-sen-niye-prezidentlik-edirsen\\\/\"},\"author\":{\"name\":\"roma\",\"@id\":\"https:\\\/\\\/www.meydan.tv\\\/az\\\/#\\\/schema\\\/person\\\/8f23e01c4de63326c13c319fb65ee65d\"},\"headline\":\"&#8220;Bizim kimi v\u0259t\u0259nda\u015flara k\u00f6m\u0259k etm\u0259y\u0259nd\u0259n sonra, s\u0259n niy\u0259 prezidentlik edirs\u0259n?&#8221;\",\"datePublished\":\"2022-03-10T17:51:18+00:00\",\"dateModified\":\"2022-03-10T17:51:19+00:00\",\"mainEntityOfPage\":{\"@id\":\"https:\\\/\\\/www.meydan.tv\\\/az\\\/article\\\/bizim-kimi-vetendaslara-komek-etmeyenden-sonra-sen-niye-prezidentlik-edirsen\\\/\"},\"wordCount\":348,\"publisher\":{\"@id\":\"https:\\\/\\\/www.meydan.tv\\\/az\\\/#organization\"},\"image\":{\"@id\":\"https:\\\/\\\/www.meydan.tv\\\/az\\\/article\\\/bizim-kimi-vetendaslara-komek-etmeyenden-sonra-sen-niye-prezidentlik-edirsen\\\/#primaryimage\"},\"thumbnailUrl\":\"https:\\\/\\\/www.meydan.tv\\\/wp-content\\\/uploads\\\/screenshot-at-mar-10-18-45-14.png\",\"articleSection\":[\"Reportaj\",\"Video\"],\"inLanguage\":\"az\"},{\"@type\":\"WebPage\",\"@id\":\"https:\\\/\\\/www.meydan.tv\\\/az\\\/article\\\/bizim-kimi-vetendaslara-komek-etmeyenden-sonra-sen-niye-prezidentlik-edirsen\\\/\",\"url\":\"https:\\\/\\\/www.meydan.tv\\\/az\\\/article\\\/bizim-kimi-vetendaslara-komek-etmeyenden-sonra-sen-niye-prezidentlik-edirsen\\\/\",\"name\":\"\\\"Bizim kimi v\u0259t\u0259nda\u015flara k\u00f6m\u0259k etm\u0259y\u0259nd\u0259n sonra, s\u0259n niy\u0259 prezidentlik edirs\u0259n?\\\" - MEYDAN.TV\",\"isPartOf\":{\"@id\":\"https:\\\/\\\/www.meydan.tv\\\/az\\\/#website\"},\"primaryImageOfPage\":{\"@id\":\"https:\\\/\\\/www.meydan.tv\\\/az\\\/article\\\/bizim-kimi-vetendaslara-komek-etmeyenden-sonra-sen-niye-prezidentlik-edirsen\\\/#primaryimage\"},\"image\":{\"@id\":\"https:\\\/\\\/www.meydan.tv\\\/az\\\/article\\\/bizim-kimi-vetendaslara-komek-etmeyenden-sonra-sen-niye-prezidentlik-edirsen\\\/#primaryimage\"},\"thumbnailUrl\":\"https:\\\/\\\/www.meydan.tv\\\/wp-content\\\/uploads\\\/screenshot-at-mar-10-18-45-14.png\",\"datePublished\":\"2022-03-10T17:51:18+00:00\",\"dateModified\":\"2022-03-10T17:51:19+00:00\",\"breadcrumb\":{\"@id\":\"https:\\\/\\\/www.meydan.tv\\\/az\\\/article\\\/bizim-kimi-vetendaslara-komek-etmeyenden-sonra-sen-niye-prezidentlik-edirsen\\\/#breadcrumb\"},\"inLanguage\":\"az\",\"potentialAction\":[{\"@type\":\"ReadAction\",\"target\":[\"https:\\\/\\\/www.meydan.tv\\\/az\\\/article\\\/bizim-kimi-vetendaslara-komek-etmeyenden-sonra-sen-niye-prezidentlik-edirsen\\\/\"]}]},{\"@type\":\"ImageObject\",\"inLanguage\":\"az\",\"@id\":\"https:\\\/\\\/www.meydan.tv\\\/az\\\/article\\\/bizim-kimi-vetendaslara-komek-etmeyenden-sonra-sen-niye-prezidentlik-edirsen\\\/#primaryimage\",\"url\":\"https:\\\/\\\/www.meydan.tv\\\/wp-content\\\/uploads\\\/screenshot-at-mar-10-18-45-14.png\",\"contentUrl\":\"https:\\\/\\\/www.meydan.tv\\\/wp-content\\\/uploads\\\/screenshot-at-mar-10-18-45-14.png\",\"width\":1366,\"height\":758},{\"@type\":\"BreadcrumbList\",\"@id\":\"https:\\\/\\\/www.meydan.tv\\\/az\\\/article\\\/bizim-kimi-vetendaslara-komek-etmeyenden-sonra-sen-niye-prezidentlik-edirsen\\\/#breadcrumb\",\"itemListElement\":[{\"@type\":\"ListItem\",\"position\":1,\"name\":\"Ana s\u0259hif\u0259\",\"item\":\"https:\\\/\\\/www.meydan.tv\\\/az\\\/\"},{\"@type\":\"ListItem\",\"position\":2,\"name\":\"Video\",\"item\":\"https:\\\/\\\/www.meydan.tv\\\/az\\\/section\\\/video-2\\\/\"},{\"@type\":\"ListItem\",\"position\":3,\"name\":\"&#8220;Bizim kimi v\u0259t\u0259nda\u015flara k\u00f6m\u0259k etm\u0259y\u0259nd\u0259n sonra, s\u0259n niy\u0259 prezidentlik edirs\u0259n?&#8221;\"}]},{\"@type\":\"WebSite\",\"@id\":\"https:\\\/\\\/www.meydan.tv\\\/az\\\/#website\",\"url\":\"https:\\\/\\\/www.meydan.tv\\\/az\\\/\",\"name\":\"MEYDAN.TV\",\"description\":\"Meydan TV Az\u0259rbaycan\u0131n media m\u0259kan\u0131ndak\u0131 alternativ s\u0259sidir\",\"publisher\":{\"@id\":\"https:\\\/\\\/www.meydan.tv\\\/az\\\/#organization\"},\"potentialAction\":[{\"@type\":\"SearchAction\",\"target\":{\"@type\":\"EntryPoint\",\"urlTemplate\":\"https:\\\/\\\/www.meydan.tv\\\/az\\\/?s={search_term_string}\"},\"query-input\":{\"@type\":\"PropertyValueSpecification\",\"valueRequired\":true,\"valueName\":\"search_term_string\"}}],\"inLanguage\":\"az\"},{\"@type\":\"Organization\",\"@id\":\"https:\\\/\\\/www.meydan.tv\\\/az\\\/#organization\",\"name\":\"Meydan TV\",\"url\":\"https:\\\/\\\/www.meydan.tv\\\/az\\\/\",\"logo\":{\"@type\":\"ImageObject\",\"inLanguage\":\"az\",\"@id\":\"https:\\\/\\\/www.meydan.tv\\\/az\\\/#\\\/schema\\\/logo\\\/image\\\/\",\"url\":\"https:\\\/\\\/www.meydan.tv\\\/wp-content\\\/uploads\\\/2021\\\/07\\\/meydan-logo.svg\",\"contentUrl\":\"https:\\\/\\\/www.meydan.tv\\\/wp-content\\\/uploads\\\/2021\\\/07\\\/meydan-logo.svg\",\"width\":195,\"height\":46,\"caption\":\"Meydan TV\"},\"image\":{\"@id\":\"https:\\\/\\\/www.meydan.tv\\\/az\\\/#\\\/schema\\\/logo\\\/image\\\/\"}},{\"@type\":\"Person\",\"@id\":\"https:\\\/\\\/www.meydan.tv\\\/az\\\/#\\\/schema\\\/person\\\/8f23e01c4de63326c13c319fb65ee65d\",\"name\":\"roma\"}]}<\/script>\n<!-- \/ Yoast SEO plugin. -->","yoast_head_json":{"title":"\"Bizim kimi v\u0259t\u0259nda\u015flara k\u00f6m\u0259k etm\u0259y\u0259nd\u0259n sonra, s\u0259n niy\u0259 prezidentlik edirs\u0259n?\" - MEYDAN.TV","robots":{"index":"index","follow":"follow","max-snippet":"max-snippet:-1","max-image-preview":"max-image-preview:large","max-video-preview":"max-video-preview:-1"},"canonical":"https:\/\/www.meydan.tv\/az\/article\/bizim-kimi-vetendaslara-komek-etmeyenden-sonra-sen-niye-prezidentlik-edirsen\/","og_locale":"az_AZ","og_type":"article","og_title":"\"Bizim kimi v\u0259t\u0259nda\u015flara k\u00f6m\u0259k etm\u0259y\u0259nd\u0259n sonra, s\u0259n niy\u0259 prezidentlik edirs\u0259n?\" - MEYDAN.TV","og_url":"https:\/\/www.meydan.tv\/az\/article\/bizim-kimi-vetendaslara-komek-etmeyenden-sonra-sen-niye-prezidentlik-edirsen\/","og_site_name":"MEYDAN.TV","article_published_time":"2022-03-10T17:51:18+00:00","article_modified_time":"2022-03-10T17:51:19+00:00","og_image":[{"width":1200,"height":666,"url":"https:\/\/www.meydan.tv\/wp-content\/uploads\/screenshot-at-mar-10-18-45-14-1200x666.png","type":"image\/png"}],"author":"roma","twitter_card":"summary_large_image","schema":{"@context":"https:\/\/schema.org","@graph":[{"@type":"Article","@id":"https:\/\/www.meydan.tv\/az\/article\/bizim-kimi-vetendaslara-komek-etmeyenden-sonra-sen-niye-prezidentlik-edirsen\/#article","isPartOf":{"@id":"https:\/\/www.meydan.tv\/az\/article\/bizim-kimi-vetendaslara-komek-etmeyenden-sonra-sen-niye-prezidentlik-edirsen\/"},"author":{"name":"roma","@id":"https:\/\/www.meydan.tv\/az\/#\/schema\/person\/8f23e01c4de63326c13c319fb65ee65d"},"headline":"&#8220;Bizim kimi v\u0259t\u0259nda\u015flara k\u00f6m\u0259k etm\u0259y\u0259nd\u0259n sonra, s\u0259n niy\u0259 prezidentlik edirs\u0259n?&#8221;","datePublished":"2022-03-10T17:51:18+00:00","dateModified":"2022-03-10T17:51:19+00:00","mainEntityOfPage":{"@id":"https:\/\/www.meydan.tv\/az\/article\/bizim-kimi-vetendaslara-komek-etmeyenden-sonra-sen-niye-prezidentlik-edirsen\/"},"wordCount":348,"publisher":{"@id":"https:\/\/www.meydan.tv\/az\/#organization"},"image":{"@id":"https:\/\/www.meydan.tv\/az\/article\/bizim-kimi-vetendaslara-komek-etmeyenden-sonra-sen-niye-prezidentlik-edirsen\/#primaryimage"},"thumbnailUrl":"https:\/\/www.meydan.tv\/wp-content\/uploads\/screenshot-at-mar-10-18-45-14.png","articleSection":["Reportaj","Video"],"inLanguage":"az"},{"@type":"WebPage","@id":"https:\/\/www.meydan.tv\/az\/article\/bizim-kimi-vetendaslara-komek-etmeyenden-sonra-sen-niye-prezidentlik-edirsen\/","url":"https:\/\/www.meydan.tv\/az\/article\/bizim-kimi-vetendaslara-komek-etmeyenden-sonra-sen-niye-prezidentlik-edirsen\/","name":"\"Bizim kimi v\u0259t\u0259nda\u015flara k\u00f6m\u0259k etm\u0259y\u0259nd\u0259n sonra, s\u0259n niy\u0259 prezidentlik edirs\u0259n?\" - MEYDAN.TV","isPartOf":{"@id":"https:\/\/www.meydan.tv\/az\/#website"},"primaryImageOfPage":{"@id":"https:\/\/www.meydan.tv\/az\/article\/bizim-kimi-vetendaslara-komek-etmeyenden-sonra-sen-niye-prezidentlik-edirsen\/#primaryimage"},"image":{"@id":"https:\/\/www.meydan.tv\/az\/article\/bizim-kimi-vetendaslara-komek-etmeyenden-sonra-sen-niye-prezidentlik-edirsen\/#primaryimage"},"thumbnailUrl":"https:\/\/www.meydan.tv\/wp-content\/uploads\/screenshot-at-mar-10-18-45-14.png","datePublished":"2022-03-10T17:51:18+00:00","dateModified":"2022-03-10T17:51:19+00:00","breadcrumb":{"@id":"https:\/\/www.meydan.tv\/az\/article\/bizim-kimi-vetendaslara-komek-etmeyenden-sonra-sen-niye-prezidentlik-edirsen\/#breadcrumb"},"inLanguage":"az","potentialAction":[{"@type":"ReadAction","target":["https:\/\/www.meydan.tv\/az\/article\/bizim-kimi-vetendaslara-komek-etmeyenden-sonra-sen-niye-prezidentlik-edirsen\/"]}]},{"@type":"ImageObject","inLanguage":"az","@id":"https:\/\/www.meydan.tv\/az\/article\/bizim-kimi-vetendaslara-komek-etmeyenden-sonra-sen-niye-prezidentlik-edirsen\/#primaryimage","url":"https:\/\/www.meydan.tv\/wp-content\/uploads\/screenshot-at-mar-10-18-45-14.png","contentUrl":"https:\/\/www.meydan.tv\/wp-content\/uploads\/screenshot-at-mar-10-18-45-14.png","width":1366,"height":758},{"@type":"BreadcrumbList","@id":"https:\/\/www.meydan.tv\/az\/article\/bizim-kimi-vetendaslara-komek-etmeyenden-sonra-sen-niye-prezidentlik-edirsen\/#breadcrumb","itemListElement":[{"@type":"ListItem","position":1,"name":"Ana s\u0259hif\u0259","item":"https:\/\/www.meydan.tv\/az\/"},{"@type":"ListItem","position":2,"name":"Video","item":"https:\/\/www.meydan.tv\/az\/section\/video-2\/"},{"@type":"ListItem","position":3,"name":"&#8220;Bizim kimi v\u0259t\u0259nda\u015flara k\u00f6m\u0259k etm\u0259y\u0259nd\u0259n sonra, s\u0259n niy\u0259 prezidentlik edirs\u0259n?&#8221;"}]},{"@type":"WebSite","@id":"https:\/\/www.meydan.tv\/az\/#website","url":"https:\/\/www.meydan.tv\/az\/","name":"MEYDAN.TV","description":"Meydan TV Az\u0259rbaycan\u0131n media m\u0259kan\u0131ndak\u0131 alternativ s\u0259sidir","publisher":{"@id":"https:\/\/www.meydan.tv\/az\/#organization"},"potentialAction":[{"@type":"SearchAction","target":{"@type":"EntryPoint","urlTemplate":"https:\/\/www.meydan.tv\/az\/?s={search_term_string}"},"query-input":{"@type":"PropertyValueSpecification","valueRequired":true,"valueName":"search_term_string"}}],"inLanguage":"az"},{"@type":"Organization","@id":"https:\/\/www.meydan.tv\/az\/#organization","name":"Meydan TV","url":"https:\/\/www.meydan.tv\/az\/","logo":{"@type":"ImageObject","inLanguage":"az","@id":"https:\/\/www.meydan.tv\/az\/#\/schema\/logo\/image\/","url":"https:\/\/www.meydan.tv\/wp-content\/uploads\/2021\/07\/meydan-logo.svg","contentUrl":"https:\/\/www.meydan.tv\/wp-content\/uploads\/2021\/07\/meydan-logo.svg","width":195,"height":46,"caption":"Meydan TV"},"image":{"@id":"https:\/\/www.meydan.tv\/az\/#\/schema\/logo\/image\/"}},{"@type":"Person","@id":"https:\/\/www.meydan.tv\/az\/#\/schema\/person\/8f23e01c4de63326c13c319fb65ee65d","name":"roma"}]}},"_links":{"self":[{"href":"https:\/\/www.meydan.tv\/az\/wp-json\/wp\/v2\/posts\/237995","targetHints":{"allow":["GET"]}}],"collection":[{"href":"https:\/\/www.meydan.tv\/az\/wp-json\/wp\/v2\/posts"}],"about":[{"href":"https:\/\/www.meydan.tv\/az\/wp-json\/wp\/v2\/types\/post"}],"author":[{"embeddable":true,"href":"https:\/\/www.meydan.tv\/az\/wp-json\/wp\/v2\/users\/14"}],"replies":[{"embeddable":true,"href":"https:\/\/www.meydan.tv\/az\/wp-json\/wp\/v2\/comments?post=237995"}],"version-history":[{"count":1,"href":"https:\/\/www.meydan.tv\/az\/wp-json\/wp\/v2\/posts\/237995\/revisions"}],"predecessor-version":[{"id":237999,"href":"https:\/\/www.meydan.tv\/az\/wp-json\/wp\/v2\/posts\/237995\/revisions\/237999"}],"wp:featuredmedia":[{"embeddable":true,"href":"https:\/\/www.meydan.tv\/az\/wp-json\/wp\/v2\/media\/237996"}],"wp:attachment":[{"href":"https:\/\/www.meydan.tv\/az\/wp-json\/wp\/v2\/media?parent=237995"}],"wp:term":[{"taxonomy":"category","embeddable":true,"href":"https:\/\/www.meydan.tv\/az\/wp-json\/wp\/v2\/categories?post=237995"},{"taxonomy":"post_tag","embeddable":true,"href":"https:\/\/www.meydan.tv\/az\/wp-json\/wp\/v2\/tags?post=237995"}],"curies":[{"name":"wp","href":"https:\/\/api.w.org\/{rel}","templated":true}]}}