{"id":237954,"date":"2022-03-10T16:09:01","date_gmt":"2022-03-10T12:09:01","guid":{"rendered":"https:\/\/www.meydan.tv\/?p=237954"},"modified":"2022-03-10T16:09:06","modified_gmt":"2022-03-10T12:09:06","slug":"amerikali-aktyor-polsa-qiricilari-ukraynaya-verilmelidir","status":"publish","type":"post","link":"https:\/\/www.meydan.tv\/az\/article\/amerikali-aktyor-polsa-qiricilari-ukraynaya-verilmelidir\/","title":{"rendered":"Amerikal\u0131 aktyor: &#8220;Pol\u015fa q\u0131r\u0131c\u0131lar\u0131 Ukraynaya verilm\u0259lidir&#8221;"},"content":{"rendered":"\n<p><em>&#8220;A\u011f Evl\u0259 Pol\u015fa aras\u0131ndak\u0131 b\u00fcrokratik mane\u0259 MiQ-29 t\u0259yyar\u0259l\u0259rinin verilm\u0259sini gecikdirir&#8221;<\/em><br><\/p>\n\n\n\n<p>Amerikal\u0131 aktyor v\u0259 rejissor \u015eon Penn Ukrayna Prezident Aparat\u0131n\u0131n r\u0259hb\u0259ri Andrey Yermakla MiQ-29 q\u0131r\u0131c\u0131lar\u0131n\u0131n t\u0259dar\u00fck\u00fc m\u0259s\u0259l\u0259sini m\u00fczakir\u0259 edib.<br><\/p>\n\n\n\n<p>Daha \u0259vv\u0259l Prezident Volodimir Zelenski il\u0259 g\u00f6r\u00fc\u015f\u0259n Penn \u00f6lk\u0259y\u0259 Pol\u015fa q\u0131r\u0131c\u0131lar\u0131n\u0131n g\u00f6nd\u0259rilm\u0259sinin t\u0259r\u0259fdar\u0131 oldu\u011funu <a href=\"https:\/\/d9mc3ts4czbpr.cloudfront.net\/az\/article\/son-penn-muharibe-seraitinde-ukraynaya-getdi-zelenski-ile-gorusdu\/\" target=\"_blank\" rel=\"noreferrer noopener\">bildirib<\/a>.<br><\/p>\n\n\n\n<p>Bu bar\u0259d\u0259 o, r\u0259smi \u201cTwitter\u201d hesab\u0131nda m\u0259lumat <a href=\"https:\/\/twitter.com\/SeanPenn\/status\/1501603494725259264?cxt=HHwWgMCsiYab4tYpAAAA\" target=\"_blank\" rel=\"noreferrer noopener\">verib<\/a>.<br><\/p>\n\n\n\n<p>O, Yermakla videoba\u011flant\u0131 vasit\u0259sil\u0259 dan\u0131\u015fd\u0131\u011f\u0131 fotonu n\u0259\u015fr\u0259 \u0259lav\u0259 edib.<br><\/p>\n\n\n\n<p>\u201cBizim A\u011f Evl\u0259 Pol\u015fa hakimiyy\u0259ti aras\u0131nda hans\u0131sa b\u00fcrokratik mane\u0259 s\u0259b\u0259bind\u0259n q\u0131r\u0131c\u0131lar h\u0259l\u0259 d\u0259 Ukraynaya \u00e7atd\u0131r\u0131lmay\u0131b\u201d, &#8211; aktyor yaz\u0131b.<br><\/p>\n\n\n\n<p>\u015eon Penn Rusiyan\u0131n Ukraynaya qar\u015f\u0131 apard\u0131\u011f\u0131 m\u00fcharib\u0259 il\u0259 ba\u011fl\u0131 s\u0259n\u0259dli film <a href=\"https:\/\/d9mc3ts4czbpr.cloudfront.net\/az\/article\/amerikali-aktyor-ukraynada-son-24-saatda-bas-verenler-urekparcalayandir\/\" target=\"_blank\" rel=\"noreferrer noopener\">\u00e7\u0259kir<\/a>.<br><\/p>\n\n\n\n<p>Prezident Volodimir Zelenski Q\u0259rbi Ukraynaya m\u00fcmk\u00fcn q\u0259d\u0259r tez d\u00f6y\u00fc\u015f t\u0259yyar\u0259l\u0259rinin verilm\u0259si m\u0259s\u0259l\u0259sini h\u0259ll etm\u0259y\u0259 <a href=\"https:\/\/d9mc3ts4czbpr.cloudfront.net\/az\/article\/zelenski-qerbi-polsanin-teklifini-deyerlendirmeye-cagirdi\/\" target=\"_blank\" rel=\"noreferrer noopener\">\u00e7a\u011f\u0131r\u0131b<\/a>.<br><\/p>\n\n\n\n<p>O qeyd edib ki, Rusiya m\u00fclki \u0259haliy\u0259, \u015f\u0259h\u0259rl\u0259r\u0259 v\u0259 infrastruktura qar\u015f\u0131 raketl\u0259r, t\u0259yyar\u0259l\u0259r v\u0259 helikopterl\u0259rd\u0259n istifad\u0259 edir.<br><\/p>\n\n\n\n<p>Daha \u0259vv\u0259l Ukrayna hakimiyy\u0259ti beyn\u0259lxalq t\u0259r\u0259fda\u015flardan \u00f6lk\u0259 \u00fcz\u0259rind\u0259 u\u00e7u\u015fa qada\u011fa qoyulmas\u0131n\u0131 v\u0259 Silahl\u0131 Q\u00fcvv\u0259l\u0259ri q\u0131r\u0131c\u0131 t\u0259yyar\u0259l\u0259rl\u0259 t\u0259min etm\u0259yi xahi\u015f edib.<br><\/p>\n\n\n\n<p>AB\u015e v\u0259 NATO Ukrayna hava m\u0259kan\u0131nda u\u00e7u\u015fa qada\u011fa zonas\u0131 t\u0259tbiq etm\u0259kd\u0259n imtina edir.<br><\/p>\n\n\n\n<p>Mart\u0131n 8-d\u0259 Pol\u015fa Xarici \u0130\u015fl\u0259r Nazirliyi Sovet istehsal\u0131 olan MiQ-29 q\u0131r\u0131c\u0131lar\u0131n\u0131 AB\u015e-\u0131n Almaniyadak\u0131 Ram\u015fteyn hava bazas\u0131 vasit\u0259sil\u0259 Ukraynaya g\u00f6nd\u0259r\u0259 bil\u0259c\u0259yini bildirib.<br><\/p>\n\n\n\n<p>Va\u015finqton bel\u0259 bir add\u0131m\u0131n m\u00fcnaqi\u015f\u0259ni d\u0259rinl\u0259\u015fdir\u0259 bil\u0259c\u0259yind\u0259n ehtiyatlan\u0131r.<br><\/p>\n\n\n\n<p>Rusiya fevral\u0131n 24-d\u0259 Ukraynaya geni\u015fmiqyasl\u0131 h\u00fccuma ba\u015flay\u0131b.<br><\/p>\n\n\n\n<p>Ondan 2 g\u00fcn \u00f6nc\u0259 is\u0259 Rusiya Prezidenti Vladimir Putin a\u00e7\u0131qlama ver\u0259r\u0259k Ukraynan\u0131n \u015f\u0259rqind\u0259ki separat\u00e7\u0131 qurumlar\u0131 tan\u0131d\u0131\u011f\u0131n\u0131 b\u0259yan edib.<br><\/p>\n\n\n\n<p>Ukrayna, Q\u0259rb liderl\u0259ri h\u00fccumu pisl\u0259yib, Putinin buna g\u00f6r\u0259 cavab ver\u0259c\u0259yini bildiribl\u0259r.<br><\/p>\n\n\n\n<p>Bundan sonra Avropa Birliyi \u00f6lk\u0259l\u0259rind\u0259n, el\u0259c\u0259 d\u0259 AB\u015e-dan Rusiyaya qar\u015f\u0131 sanksiyalar g\u0259lm\u0259y\u0259 ba\u015flay\u0131b.<br><\/p>\n\n\n\n<p>Sanksiya t\u0259tbiq edil\u0259n 600-d\u0259n \u00e7ox \u015f\u0259xsin i\u00e7ind\u0259 oliqarxlar, y\u00fcks\u0259k r\u00fctb\u0259li h\u0259rb\u00e7il\u0259r, \u015firk\u0259t sahibl\u0259ri, biznesmenl\u0259rl\u0259 yana\u015f\u0131, Rusiya Prezidenti Vladimir Putin v\u0259 xarici i\u015fl\u0259r naziri Sergey Lavrov da var.<\/p>\n","protected":false},"excerpt":{"rendered":"<p>&#8220;A\u011f Evl\u0259 Pol\u015fa aras\u0131ndak\u0131 b\u00fcrokratik mane\u0259 MiQ-29 t\u0259yyar\u0259l\u0259rinin verilm\u0259sini gecikdirir&#8221; &#8230; <\/p>\n<p class=\"read-more-container\"><a title=\"Amerikal\u0131 aktyor: &#8220;Pol\u015fa q\u0131r\u0131c\u0131lar\u0131 Ukraynaya verilm\u0259lidir&#8221;\" class=\"read-more button\" href=\"https:\/\/www.meydan.tv\/az\/article\/amerikali-aktyor-polsa-qiricilari-ukraynaya-verilmelidir\/#more-237954\" aria-label=\"Read more about Amerikal\u0131 aktyor: &#8220;Pol\u015fa q\u0131r\u0131c\u0131lar\u0131 Ukraynaya verilm\u0259lidir&#8221;\">Davam\u0131<\/a><\/p>\n","protected":false},"author":8,"featured_media":235966,"comment_status":"closed","ping_status":"closed","sticky":false,"template":"","format":"standard","meta":{"_acf_changed":false,"_sitemap_exclude":false,"_sitemap_priority":"","_sitemap_frequency":"","footnotes":""},"categories":[52,56],"tags":[],"class_list":["post-237954","post","type-post","status-publish","format-standard","has-post-thumbnail","hentry","category-medeniyyet","category-xeberler","infinite-scroll-item","generate-columns","tablet-grid-50","mobile-grid-100","grid-parent","grid-33","no-featured-image-padding"],"acf":[],"yoast_head":"<!-- This site is optimized with the Yoast SEO plugin v27.5 - https:\/\/yoast.com\/product\/yoast-seo-wordpress\/ -->\n<title>Amerikal\u0131 aktyor: &quot;Pol\u015fa q\u0131r\u0131c\u0131lar\u0131 Ukraynaya verilm\u0259lidir&quot; - MEYDAN.TV<\/title>\n<meta name=\"robots\" content=\"index, follow, max-snippet:-1, max-image-preview:large, max-video-preview:-1\" \/>\n<link rel=\"canonical\" href=\"https:\/\/www.meydan.tv\/az\/article\/amerikali-aktyor-polsa-qiricilari-ukraynaya-verilmelidir\/\" \/>\n<meta property=\"og:locale\" content=\"az_AZ\" \/>\n<meta property=\"og:type\" content=\"article\" \/>\n<meta property=\"og:title\" content=\"Amerikal\u0131 aktyor: &quot;Pol\u015fa q\u0131r\u0131c\u0131lar\u0131 Ukraynaya verilm\u0259lidir&quot; - MEYDAN.TV\" \/>\n<meta property=\"og:description\" content=\"&#8220;A\u011f Evl\u0259 Pol\u015fa aras\u0131ndak\u0131 b\u00fcrokratik mane\u0259 MiQ-29 t\u0259yyar\u0259l\u0259rinin verilm\u0259sini gecikdirir&#8221; ... Davam\u0131\" \/>\n<meta property=\"og:url\" content=\"https:\/\/www.meydan.tv\/az\/article\/amerikali-aktyor-polsa-qiricilari-ukraynaya-verilmelidir\/\" \/>\n<meta property=\"og:site_name\" content=\"MEYDAN.TV\" \/>\n<meta property=\"article:published_time\" content=\"2022-03-10T12:09:01+00:00\" \/>\n<meta property=\"article:modified_time\" content=\"2022-03-10T12:09:06+00:00\" \/>\n<meta property=\"og:image\" content=\"https:\/\/www.meydan.tv\/wp-content\/uploads\/shutterstock_361449011-e1645789448476.jpg\" \/>\n\t<meta property=\"og:image:width\" content=\"1200\" \/>\n\t<meta property=\"og:image:height\" content=\"636\" \/>\n\t<meta property=\"og:image:type\" content=\"image\/jpeg\" \/>\n<meta name=\"author\" content=\"elli\" \/>\n<meta name=\"twitter:card\" content=\"summary_large_image\" \/>\n<meta name=\"twitter:creator\" content=\"@elli\" \/>\n<script type=\"application\/ld+json\" class=\"yoast-schema-graph\">{\"@context\":\"https:\\\/\\\/schema.org\",\"@graph\":[{\"@type\":\"Article\",\"@id\":\"https:\\\/\\\/www.meydan.tv\\\/az\\\/article\\\/amerikali-aktyor-polsa-qiricilari-ukraynaya-verilmelidir\\\/#article\",\"isPartOf\":{\"@id\":\"https:\\\/\\\/www.meydan.tv\\\/az\\\/article\\\/amerikali-aktyor-polsa-qiricilari-ukraynaya-verilmelidir\\\/\"},\"author\":{\"name\":\"elli\",\"@id\":\"https:\\\/\\\/www.meydan.tv\\\/az\\\/#\\\/schema\\\/person\\\/9cdbecf90d17180ce1dfbd95b08dcf47\"},\"headline\":\"Amerikal\u0131 aktyor: &#8220;Pol\u015fa q\u0131r\u0131c\u0131lar\u0131 Ukraynaya verilm\u0259lidir&#8221;\",\"datePublished\":\"2022-03-10T12:09:01+00:00\",\"dateModified\":\"2022-03-10T12:09:06+00:00\",\"mainEntityOfPage\":{\"@id\":\"https:\\\/\\\/www.meydan.tv\\\/az\\\/article\\\/amerikali-aktyor-polsa-qiricilari-ukraynaya-verilmelidir\\\/\"},\"wordCount\":465,\"publisher\":{\"@id\":\"https:\\\/\\\/www.meydan.tv\\\/az\\\/#organization\"},\"image\":{\"@id\":\"https:\\\/\\\/www.meydan.tv\\\/az\\\/article\\\/amerikali-aktyor-polsa-qiricilari-ukraynaya-verilmelidir\\\/#primaryimage\"},\"thumbnailUrl\":\"https:\\\/\\\/www.meydan.tv\\\/wp-content\\\/uploads\\\/shutterstock_361449011-e1645789448476.jpg\",\"articleSection\":[\"M\u0259d\u0259niyy\u0259t\",\"X\u0259b\u0259rl\u0259r\"],\"inLanguage\":\"az\"},{\"@type\":\"WebPage\",\"@id\":\"https:\\\/\\\/www.meydan.tv\\\/az\\\/article\\\/amerikali-aktyor-polsa-qiricilari-ukraynaya-verilmelidir\\\/\",\"url\":\"https:\\\/\\\/www.meydan.tv\\\/az\\\/article\\\/amerikali-aktyor-polsa-qiricilari-ukraynaya-verilmelidir\\\/\",\"name\":\"Amerikal\u0131 aktyor: \\\"Pol\u015fa q\u0131r\u0131c\u0131lar\u0131 Ukraynaya verilm\u0259lidir\\\" - MEYDAN.TV\",\"isPartOf\":{\"@id\":\"https:\\\/\\\/www.meydan.tv\\\/az\\\/#website\"},\"primaryImageOfPage\":{\"@id\":\"https:\\\/\\\/www.meydan.tv\\\/az\\\/article\\\/amerikali-aktyor-polsa-qiricilari-ukraynaya-verilmelidir\\\/#primaryimage\"},\"image\":{\"@id\":\"https:\\\/\\\/www.meydan.tv\\\/az\\\/article\\\/amerikali-aktyor-polsa-qiricilari-ukraynaya-verilmelidir\\\/#primaryimage\"},\"thumbnailUrl\":\"https:\\\/\\\/www.meydan.tv\\\/wp-content\\\/uploads\\\/shutterstock_361449011-e1645789448476.jpg\",\"datePublished\":\"2022-03-10T12:09:01+00:00\",\"dateModified\":\"2022-03-10T12:09:06+00:00\",\"breadcrumb\":{\"@id\":\"https:\\\/\\\/www.meydan.tv\\\/az\\\/article\\\/amerikali-aktyor-polsa-qiricilari-ukraynaya-verilmelidir\\\/#breadcrumb\"},\"inLanguage\":\"az\",\"potentialAction\":[{\"@type\":\"ReadAction\",\"target\":[\"https:\\\/\\\/www.meydan.tv\\\/az\\\/article\\\/amerikali-aktyor-polsa-qiricilari-ukraynaya-verilmelidir\\\/\"]}]},{\"@type\":\"ImageObject\",\"inLanguage\":\"az\",\"@id\":\"https:\\\/\\\/www.meydan.tv\\\/az\\\/article\\\/amerikali-aktyor-polsa-qiricilari-ukraynaya-verilmelidir\\\/#primaryimage\",\"url\":\"https:\\\/\\\/www.meydan.tv\\\/wp-content\\\/uploads\\\/shutterstock_361449011-e1645789448476.jpg\",\"contentUrl\":\"https:\\\/\\\/www.meydan.tv\\\/wp-content\\\/uploads\\\/shutterstock_361449011-e1645789448476.jpg\",\"width\":1200,\"height\":636,\"caption\":\"\u015eon Penn. Frippitaun\\\/shutterstock\"},{\"@type\":\"BreadcrumbList\",\"@id\":\"https:\\\/\\\/www.meydan.tv\\\/az\\\/article\\\/amerikali-aktyor-polsa-qiricilari-ukraynaya-verilmelidir\\\/#breadcrumb\",\"itemListElement\":[{\"@type\":\"ListItem\",\"position\":1,\"name\":\"Ana s\u0259hif\u0259\",\"item\":\"https:\\\/\\\/www.meydan.tv\\\/az\\\/\"},{\"@type\":\"ListItem\",\"position\":2,\"name\":\"M\u0259d\u0259niyy\u0259t\",\"item\":\"https:\\\/\\\/www.meydan.tv\\\/az\\\/section\\\/medeniyyet\\\/\"},{\"@type\":\"ListItem\",\"position\":3,\"name\":\"Amerikal\u0131 aktyor: &#8220;Pol\u015fa q\u0131r\u0131c\u0131lar\u0131 Ukraynaya verilm\u0259lidir&#8221;\"}]},{\"@type\":\"WebSite\",\"@id\":\"https:\\\/\\\/www.meydan.tv\\\/az\\\/#website\",\"url\":\"https:\\\/\\\/www.meydan.tv\\\/az\\\/\",\"name\":\"MEYDAN.TV\",\"description\":\"Meydan TV Az\u0259rbaycan\u0131n media m\u0259kan\u0131ndak\u0131 alternativ s\u0259sidir\",\"publisher\":{\"@id\":\"https:\\\/\\\/www.meydan.tv\\\/az\\\/#organization\"},\"potentialAction\":[{\"@type\":\"SearchAction\",\"target\":{\"@type\":\"EntryPoint\",\"urlTemplate\":\"https:\\\/\\\/www.meydan.tv\\\/az\\\/?s={search_term_string}\"},\"query-input\":{\"@type\":\"PropertyValueSpecification\",\"valueRequired\":true,\"valueName\":\"search_term_string\"}}],\"inLanguage\":\"az\"},{\"@type\":\"Organization\",\"@id\":\"https:\\\/\\\/www.meydan.tv\\\/az\\\/#organization\",\"name\":\"Meydan TV\",\"url\":\"https:\\\/\\\/www.meydan.tv\\\/az\\\/\",\"logo\":{\"@type\":\"ImageObject\",\"inLanguage\":\"az\",\"@id\":\"https:\\\/\\\/www.meydan.tv\\\/az\\\/#\\\/schema\\\/logo\\\/image\\\/\",\"url\":\"https:\\\/\\\/www.meydan.tv\\\/wp-content\\\/uploads\\\/2021\\\/07\\\/meydan-logo.svg\",\"contentUrl\":\"https:\\\/\\\/www.meydan.tv\\\/wp-content\\\/uploads\\\/2021\\\/07\\\/meydan-logo.svg\",\"width\":195,\"height\":46,\"caption\":\"Meydan TV\"},\"image\":{\"@id\":\"https:\\\/\\\/www.meydan.tv\\\/az\\\/#\\\/schema\\\/logo\\\/image\\\/\"}},{\"@type\":\"Person\",\"@id\":\"https:\\\/\\\/www.meydan.tv\\\/az\\\/#\\\/schema\\\/person\\\/9cdbecf90d17180ce1dfbd95b08dcf47\",\"name\":\"elli\",\"sameAs\":[\"https:\\\/\\\/x.com\\\/elli\"]}]}<\/script>\n<!-- \/ Yoast SEO plugin. -->","yoast_head_json":{"title":"Amerikal\u0131 aktyor: \"Pol\u015fa q\u0131r\u0131c\u0131lar\u0131 Ukraynaya verilm\u0259lidir\" - MEYDAN.TV","robots":{"index":"index","follow":"follow","max-snippet":"max-snippet:-1","max-image-preview":"max-image-preview:large","max-video-preview":"max-video-preview:-1"},"canonical":"https:\/\/www.meydan.tv\/az\/article\/amerikali-aktyor-polsa-qiricilari-ukraynaya-verilmelidir\/","og_locale":"az_AZ","og_type":"article","og_title":"Amerikal\u0131 aktyor: \"Pol\u015fa q\u0131r\u0131c\u0131lar\u0131 Ukraynaya verilm\u0259lidir\" - MEYDAN.TV","og_description":"&#8220;A\u011f Evl\u0259 Pol\u015fa aras\u0131ndak\u0131 b\u00fcrokratik mane\u0259 MiQ-29 t\u0259yyar\u0259l\u0259rinin verilm\u0259sini gecikdirir&#8221; ... Davam\u0131","og_url":"https:\/\/www.meydan.tv\/az\/article\/amerikali-aktyor-polsa-qiricilari-ukraynaya-verilmelidir\/","og_site_name":"MEYDAN.TV","article_published_time":"2022-03-10T12:09:01+00:00","article_modified_time":"2022-03-10T12:09:06+00:00","og_image":[{"width":1200,"height":636,"url":"https:\/\/www.meydan.tv\/wp-content\/uploads\/shutterstock_361449011-e1645789448476.jpg","type":"image\/jpeg"}],"author":"elli","twitter_card":"summary_large_image","twitter_creator":"@elli","schema":{"@context":"https:\/\/schema.org","@graph":[{"@type":"Article","@id":"https:\/\/www.meydan.tv\/az\/article\/amerikali-aktyor-polsa-qiricilari-ukraynaya-verilmelidir\/#article","isPartOf":{"@id":"https:\/\/www.meydan.tv\/az\/article\/amerikali-aktyor-polsa-qiricilari-ukraynaya-verilmelidir\/"},"author":{"name":"elli","@id":"https:\/\/www.meydan.tv\/az\/#\/schema\/person\/9cdbecf90d17180ce1dfbd95b08dcf47"},"headline":"Amerikal\u0131 aktyor: &#8220;Pol\u015fa q\u0131r\u0131c\u0131lar\u0131 Ukraynaya verilm\u0259lidir&#8221;","datePublished":"2022-03-10T12:09:01+00:00","dateModified":"2022-03-10T12:09:06+00:00","mainEntityOfPage":{"@id":"https:\/\/www.meydan.tv\/az\/article\/amerikali-aktyor-polsa-qiricilari-ukraynaya-verilmelidir\/"},"wordCount":465,"publisher":{"@id":"https:\/\/www.meydan.tv\/az\/#organization"},"image":{"@id":"https:\/\/www.meydan.tv\/az\/article\/amerikali-aktyor-polsa-qiricilari-ukraynaya-verilmelidir\/#primaryimage"},"thumbnailUrl":"https:\/\/www.meydan.tv\/wp-content\/uploads\/shutterstock_361449011-e1645789448476.jpg","articleSection":["M\u0259d\u0259niyy\u0259t","X\u0259b\u0259rl\u0259r"],"inLanguage":"az"},{"@type":"WebPage","@id":"https:\/\/www.meydan.tv\/az\/article\/amerikali-aktyor-polsa-qiricilari-ukraynaya-verilmelidir\/","url":"https:\/\/www.meydan.tv\/az\/article\/amerikali-aktyor-polsa-qiricilari-ukraynaya-verilmelidir\/","name":"Amerikal\u0131 aktyor: \"Pol\u015fa q\u0131r\u0131c\u0131lar\u0131 Ukraynaya verilm\u0259lidir\" - MEYDAN.TV","isPartOf":{"@id":"https:\/\/www.meydan.tv\/az\/#website"},"primaryImageOfPage":{"@id":"https:\/\/www.meydan.tv\/az\/article\/amerikali-aktyor-polsa-qiricilari-ukraynaya-verilmelidir\/#primaryimage"},"image":{"@id":"https:\/\/www.meydan.tv\/az\/article\/amerikali-aktyor-polsa-qiricilari-ukraynaya-verilmelidir\/#primaryimage"},"thumbnailUrl":"https:\/\/www.meydan.tv\/wp-content\/uploads\/shutterstock_361449011-e1645789448476.jpg","datePublished":"2022-03-10T12:09:01+00:00","dateModified":"2022-03-10T12:09:06+00:00","breadcrumb":{"@id":"https:\/\/www.meydan.tv\/az\/article\/amerikali-aktyor-polsa-qiricilari-ukraynaya-verilmelidir\/#breadcrumb"},"inLanguage":"az","potentialAction":[{"@type":"ReadAction","target":["https:\/\/www.meydan.tv\/az\/article\/amerikali-aktyor-polsa-qiricilari-ukraynaya-verilmelidir\/"]}]},{"@type":"ImageObject","inLanguage":"az","@id":"https:\/\/www.meydan.tv\/az\/article\/amerikali-aktyor-polsa-qiricilari-ukraynaya-verilmelidir\/#primaryimage","url":"https:\/\/www.meydan.tv\/wp-content\/uploads\/shutterstock_361449011-e1645789448476.jpg","contentUrl":"https:\/\/www.meydan.tv\/wp-content\/uploads\/shutterstock_361449011-e1645789448476.jpg","width":1200,"height":636,"caption":"\u015eon Penn. Frippitaun\/shutterstock"},{"@type":"BreadcrumbList","@id":"https:\/\/www.meydan.tv\/az\/article\/amerikali-aktyor-polsa-qiricilari-ukraynaya-verilmelidir\/#breadcrumb","itemListElement":[{"@type":"ListItem","position":1,"name":"Ana s\u0259hif\u0259","item":"https:\/\/www.meydan.tv\/az\/"},{"@type":"ListItem","position":2,"name":"M\u0259d\u0259niyy\u0259t","item":"https:\/\/www.meydan.tv\/az\/section\/medeniyyet\/"},{"@type":"ListItem","position":3,"name":"Amerikal\u0131 aktyor: &#8220;Pol\u015fa q\u0131r\u0131c\u0131lar\u0131 Ukraynaya verilm\u0259lidir&#8221;"}]},{"@type":"WebSite","@id":"https:\/\/www.meydan.tv\/az\/#website","url":"https:\/\/www.meydan.tv\/az\/","name":"MEYDAN.TV","description":"Meydan TV Az\u0259rbaycan\u0131n media m\u0259kan\u0131ndak\u0131 alternativ s\u0259sidir","publisher":{"@id":"https:\/\/www.meydan.tv\/az\/#organization"},"potentialAction":[{"@type":"SearchAction","target":{"@type":"EntryPoint","urlTemplate":"https:\/\/www.meydan.tv\/az\/?s={search_term_string}"},"query-input":{"@type":"PropertyValueSpecification","valueRequired":true,"valueName":"search_term_string"}}],"inLanguage":"az"},{"@type":"Organization","@id":"https:\/\/www.meydan.tv\/az\/#organization","name":"Meydan TV","url":"https:\/\/www.meydan.tv\/az\/","logo":{"@type":"ImageObject","inLanguage":"az","@id":"https:\/\/www.meydan.tv\/az\/#\/schema\/logo\/image\/","url":"https:\/\/www.meydan.tv\/wp-content\/uploads\/2021\/07\/meydan-logo.svg","contentUrl":"https:\/\/www.meydan.tv\/wp-content\/uploads\/2021\/07\/meydan-logo.svg","width":195,"height":46,"caption":"Meydan TV"},"image":{"@id":"https:\/\/www.meydan.tv\/az\/#\/schema\/logo\/image\/"}},{"@type":"Person","@id":"https:\/\/www.meydan.tv\/az\/#\/schema\/person\/9cdbecf90d17180ce1dfbd95b08dcf47","name":"elli","sameAs":["https:\/\/x.com\/elli"]}]}},"_links":{"self":[{"href":"https:\/\/www.meydan.tv\/az\/wp-json\/wp\/v2\/posts\/237954","targetHints":{"allow":["GET"]}}],"collection":[{"href":"https:\/\/www.meydan.tv\/az\/wp-json\/wp\/v2\/posts"}],"about":[{"href":"https:\/\/www.meydan.tv\/az\/wp-json\/wp\/v2\/types\/post"}],"author":[{"embeddable":true,"href":"https:\/\/www.meydan.tv\/az\/wp-json\/wp\/v2\/users\/8"}],"replies":[{"embeddable":true,"href":"https:\/\/www.meydan.tv\/az\/wp-json\/wp\/v2\/comments?post=237954"}],"version-history":[{"count":2,"href":"https:\/\/www.meydan.tv\/az\/wp-json\/wp\/v2\/posts\/237954\/revisions"}],"predecessor-version":[{"id":237958,"href":"https:\/\/www.meydan.tv\/az\/wp-json\/wp\/v2\/posts\/237954\/revisions\/237958"}],"wp:featuredmedia":[{"embeddable":true,"href":"https:\/\/www.meydan.tv\/az\/wp-json\/wp\/v2\/media\/235966"}],"wp:attachment":[{"href":"https:\/\/www.meydan.tv\/az\/wp-json\/wp\/v2\/media?parent=237954"}],"wp:term":[{"taxonomy":"category","embeddable":true,"href":"https:\/\/www.meydan.tv\/az\/wp-json\/wp\/v2\/categories?post=237954"},{"taxonomy":"post_tag","embeddable":true,"href":"https:\/\/www.meydan.tv\/az\/wp-json\/wp\/v2\/tags?post=237954"}],"curies":[{"name":"wp","href":"https:\/\/api.w.org\/{rel}","templated":true}]}}