{"id":237844,"date":"2022-03-10T12:51:18","date_gmt":"2022-03-10T08:51:18","guid":{"rendered":"https:\/\/www.meydan.tv\/?p=237844"},"modified":"2022-03-10T12:51:20","modified_gmt":"2022-03-10T08:51:20","slug":"rusiya-avropa-surasindan-cixdigini-beyan-edib","status":"publish","type":"post","link":"https:\/\/www.meydan.tv\/az\/article\/rusiya-avropa-surasindan-cixdigini-beyan-edib\/","title":{"rendered":"Rusiya Avropa \u015euras\u0131ndan \u00e7\u0131xd\u0131\u011f\u0131n\u0131 b\u0259yan edib"},"content":{"rendered":"\n<p><em>&#8220;Avropa \u015euras\u0131n\u0131n da\u011f\u0131lmas\u0131 qa\u00e7\u0131lmaz idi&#8221;<\/em><\/p>\n\n\n\n<p>Rusiyan\u0131n Avropa \u015euras\u0131n\u0131 t\u0259rk etdiyi bildirilir.<\/p>\n\n\n\n<p>Bu bar\u0259d\u0259 Rusiyan\u0131n Xarici \u0130\u015fl\u0259r Nazirliyi (X\u0130N) mart\u0131n 10-da b\u0259yanat <a href=\"https:\/\/lenta.ru\/news\/2022\/03\/10\/europewithoutrussia\/\" target=\"_blank\" rel=\"noreferrer noopener\">yay\u0131b<\/a>.<\/p>\n\n\n\n<p>Rusiya Xarici \u0130\u015fl\u0259r Nazirliyi Avropa \u015euras\u0131n\u0131n da\u011f\u0131lmas\u0131n\u0131n qa\u00e7\u0131lmaz oldu\u011funu bildirib v\u0259 i\u015ftirak\u0131n\u0131 dayand\u0131rd\u0131\u011f\u0131n\u0131 a\u00e7\u0131qlay\u0131b.<\/p>\n\n\n\n<p>&#8220;Moskva Avropa \u015euras\u0131n\u0131 NATO v\u0259 Avropa \u0130ttifaq\u0131 t\u0259r\u0259find\u0259n Q\u0259rb narsizmi platformas\u0131na \u00e7evirm\u0259kd\u0259 i\u015ftirak etm\u0259y\u0259c\u0259k: bir-birinizl\u0259 h\u0259zz al\u0131n, amma Rusiyas\u0131z&#8221;, &#8211; nazirliyin yayd\u0131\u011f\u0131 b\u0259yanatda bel\u0259 deyilir.<\/p>\n\n\n\n<p>X\u0130N hesab edir ki, Rusiyaya qar\u015f\u0131 dost olmayan Avropa \u0130ttifaq\u0131 v\u0259 NATO d\u00f6vl\u0259tl\u0259ri Avropa \u015euras\u0131 Nazirl\u0259r Komit\u0259sind\u0259 m\u00fctl\u0259q \u00e7oxluqdan sui-istifad\u0259 ed\u0259r\u0259k Avropa \u015euras\u0131n\u0131 v\u0259 Avropada \u00fcmumi humanitar-h\u00fcquqi m\u0259kan\u0131 m\u0259hv etm\u0259k x\u0259ttini davam etdirirl\u0259r.<\/p>\n\n\n\n<p>&#8220;Hadis\u0259l\u0259rin gedi\u015fi gerid\u00f6nm\u0259z xarakter al\u0131r. Rusiya AB\u015e-\u0131n tapdalad\u0131\u011f\u0131 beyn\u0259lxalq h\u00fcququn yerin\u0259 &#8220;qaydalara \u0259saslanan nizam&#8221;\u0131n t\u0259tbiqi istiqam\u0259tind\u0259 kollektiv Q\u0259rbin h\u0259yata ke\u00e7irdiyi bu t\u0259xribat\u00e7\u0131 h\u0259r\u0259k\u0259tl\u0259r\u0259 d\u00f6zm\u0259k niyy\u0259tind\u0259 deyil&#8221;, &#8211; X\u0130N qeyd edib.<\/p>\n\n\n\n<p>Fevral\u0131n 25-d\u0259 Avropa \u015euras\u0131 Rusiyan\u0131n t\u0259\u015fkilatdak\u0131 \u00fczvl\u00fcy\u00fcn\u00fc m\u00fcv\u0259qq\u0259ti olaraq dayand\u0131rd\u0131\u011f\u0131n\u0131 elan edib.<\/p>\n\n\n\n<p>\u015euraya s\u0259drlik ed\u0259n \u0130taliyan\u0131n xarici i\u015fl\u0259r naziri Luici Di Mayo bu add\u0131m\u0131 Rusiyan\u0131n Ukraynaya qar\u015f\u0131 ba\u015flatd\u0131\u011f\u0131 m\u00fcharib\u0259yl\u0259 \u0259laq\u0259l\u0259ndirmi\u015fdi.<\/p>\n\n\n\n<p>Avropa \u015euras\u0131 1949-cu ild\u0259 yarad\u0131l\u0131b.<\/p>\n\n\n\n<p>Rusiya 1996-c\u0131 ild\u0259 &#8211; Boris Yeltsinin \u00f6lk\u0259nin demokratiyaya ke\u00e7idini t\u0259tbiq etm\u0259k c\u0259hdinin bir hiss\u0259si kimi m\u00fcraci\u0259tind\u0259n sonra Avropa \u015euras\u0131na \u00fczv olub.<\/p>\n\n\n\n<p>Rusiyan\u0131n n\u00fcmay\u0259nd\u0259lik h\u00fcquqlar\u0131 2001-ci ild\u0259 \u0130kinci \u00c7e\u00e7enistan m\u00fcharib\u0259si zaman\u0131 v\u0259 2014-c\u00fc ild\u0259 Putin Kr\u0131m\u0131 i\u015f\u011fal ed\u0259nd\u0259 d\u0259 dayand\u0131r\u0131lm\u0131\u015fd\u0131.<\/p>\n","protected":false},"excerpt":{"rendered":"<p>&#8220;Avropa \u015euras\u0131n\u0131n da\u011f\u0131lmas\u0131 qa\u00e7\u0131lmaz idi&#8221; Rusiyan\u0131n Avropa \u015euras\u0131n\u0131 t\u0259rk etdiyi &#8230; <\/p>\n<p class=\"read-more-container\"><a title=\"Rusiya Avropa \u015euras\u0131ndan \u00e7\u0131xd\u0131\u011f\u0131n\u0131 b\u0259yan edib\" class=\"read-more button\" href=\"https:\/\/www.meydan.tv\/az\/article\/rusiya-avropa-surasindan-cixdigini-beyan-edib\/#more-237844\" aria-label=\"Read more about Rusiya Avropa \u015euras\u0131ndan \u00e7\u0131xd\u0131\u011f\u0131n\u0131 b\u0259yan edib\">Davam\u0131<\/a><\/p>\n","protected":false},"author":8,"featured_media":237841,"comment_status":"closed","ping_status":"closed","sticky":false,"template":"","format":"standard","meta":{"_acf_changed":false,"_sitemap_exclude":false,"_sitemap_priority":"","_sitemap_frequency":"","footnotes":""},"categories":[64,56],"tags":[],"class_list":["post-237844","post","type-post","status-publish","format-standard","has-post-thumbnail","hentry","category-dunya","category-xeberler","infinite-scroll-item","generate-columns","tablet-grid-50","mobile-grid-100","grid-parent","grid-33","no-featured-image-padding"],"acf":[],"yoast_head":"<!-- This site is optimized with the Yoast SEO plugin v27.5 - https:\/\/yoast.com\/product\/yoast-seo-wordpress\/ -->\n<title>Rusiya Avropa \u015euras\u0131ndan \u00e7\u0131xd\u0131\u011f\u0131n\u0131 b\u0259yan edib - MEYDAN.TV<\/title>\n<meta name=\"robots\" content=\"index, follow, max-snippet:-1, max-image-preview:large, max-video-preview:-1\" \/>\n<link rel=\"canonical\" href=\"https:\/\/www.meydan.tv\/az\/article\/rusiya-avropa-surasindan-cixdigini-beyan-edib\/\" \/>\n<meta property=\"og:locale\" content=\"az_AZ\" \/>\n<meta property=\"og:type\" content=\"article\" \/>\n<meta property=\"og:title\" content=\"Rusiya Avropa \u015euras\u0131ndan \u00e7\u0131xd\u0131\u011f\u0131n\u0131 b\u0259yan edib - MEYDAN.TV\" \/>\n<meta property=\"og:description\" content=\"&#8220;Avropa \u015euras\u0131n\u0131n da\u011f\u0131lmas\u0131 qa\u00e7\u0131lmaz idi&#8221; Rusiyan\u0131n Avropa \u015euras\u0131n\u0131 t\u0259rk etdiyi ... Davam\u0131\" \/>\n<meta property=\"og:url\" content=\"https:\/\/www.meydan.tv\/az\/article\/rusiya-avropa-surasindan-cixdigini-beyan-edib\/\" \/>\n<meta property=\"og:site_name\" content=\"MEYDAN.TV\" \/>\n<meta property=\"article:published_time\" content=\"2022-03-10T08:51:18+00:00\" \/>\n<meta property=\"article:modified_time\" content=\"2022-03-10T08:51:20+00:00\" \/>\n<meta property=\"og:image\" content=\"https:\/\/www.meydan.tv\/wp-content\/uploads\/shutterstock_1837905172.jpg\" \/>\n\t<meta property=\"og:image:width\" content=\"1200\" \/>\n\t<meta property=\"og:image:height\" content=\"800\" \/>\n\t<meta property=\"og:image:type\" content=\"image\/jpeg\" \/>\n<meta name=\"author\" content=\"elli\" \/>\n<meta name=\"twitter:card\" content=\"summary_large_image\" \/>\n<meta name=\"twitter:creator\" content=\"@elli\" \/>\n<script type=\"application\/ld+json\" class=\"yoast-schema-graph\">{\"@context\":\"https:\\\/\\\/schema.org\",\"@graph\":[{\"@type\":\"Article\",\"@id\":\"https:\\\/\\\/www.meydan.tv\\\/az\\\/article\\\/rusiya-avropa-surasindan-cixdigini-beyan-edib\\\/#article\",\"isPartOf\":{\"@id\":\"https:\\\/\\\/www.meydan.tv\\\/az\\\/article\\\/rusiya-avropa-surasindan-cixdigini-beyan-edib\\\/\"},\"author\":{\"name\":\"elli\",\"@id\":\"https:\\\/\\\/www.meydan.tv\\\/az\\\/#\\\/schema\\\/person\\\/9cdbecf90d17180ce1dfbd95b08dcf47\"},\"headline\":\"Rusiya Avropa \u015euras\u0131ndan \u00e7\u0131xd\u0131\u011f\u0131n\u0131 b\u0259yan edib\",\"datePublished\":\"2022-03-10T08:51:18+00:00\",\"dateModified\":\"2022-03-10T08:51:20+00:00\",\"mainEntityOfPage\":{\"@id\":\"https:\\\/\\\/www.meydan.tv\\\/az\\\/article\\\/rusiya-avropa-surasindan-cixdigini-beyan-edib\\\/\"},\"wordCount\":341,\"publisher\":{\"@id\":\"https:\\\/\\\/www.meydan.tv\\\/az\\\/#organization\"},\"image\":{\"@id\":\"https:\\\/\\\/www.meydan.tv\\\/az\\\/article\\\/rusiya-avropa-surasindan-cixdigini-beyan-edib\\\/#primaryimage\"},\"thumbnailUrl\":\"https:\\\/\\\/www.meydan.tv\\\/wp-content\\\/uploads\\\/shutterstock_1837905172.jpg\",\"articleSection\":[\"D\u00fcnya\",\"X\u0259b\u0259rl\u0259r\"],\"inLanguage\":\"az\"},{\"@type\":\"WebPage\",\"@id\":\"https:\\\/\\\/www.meydan.tv\\\/az\\\/article\\\/rusiya-avropa-surasindan-cixdigini-beyan-edib\\\/\",\"url\":\"https:\\\/\\\/www.meydan.tv\\\/az\\\/article\\\/rusiya-avropa-surasindan-cixdigini-beyan-edib\\\/\",\"name\":\"Rusiya Avropa \u015euras\u0131ndan \u00e7\u0131xd\u0131\u011f\u0131n\u0131 b\u0259yan edib - MEYDAN.TV\",\"isPartOf\":{\"@id\":\"https:\\\/\\\/www.meydan.tv\\\/az\\\/#website\"},\"primaryImageOfPage\":{\"@id\":\"https:\\\/\\\/www.meydan.tv\\\/az\\\/article\\\/rusiya-avropa-surasindan-cixdigini-beyan-edib\\\/#primaryimage\"},\"image\":{\"@id\":\"https:\\\/\\\/www.meydan.tv\\\/az\\\/article\\\/rusiya-avropa-surasindan-cixdigini-beyan-edib\\\/#primaryimage\"},\"thumbnailUrl\":\"https:\\\/\\\/www.meydan.tv\\\/wp-content\\\/uploads\\\/shutterstock_1837905172.jpg\",\"datePublished\":\"2022-03-10T08:51:18+00:00\",\"dateModified\":\"2022-03-10T08:51:20+00:00\",\"breadcrumb\":{\"@id\":\"https:\\\/\\\/www.meydan.tv\\\/az\\\/article\\\/rusiya-avropa-surasindan-cixdigini-beyan-edib\\\/#breadcrumb\"},\"inLanguage\":\"az\",\"potentialAction\":[{\"@type\":\"ReadAction\",\"target\":[\"https:\\\/\\\/www.meydan.tv\\\/az\\\/article\\\/rusiya-avropa-surasindan-cixdigini-beyan-edib\\\/\"]}]},{\"@type\":\"ImageObject\",\"inLanguage\":\"az\",\"@id\":\"https:\\\/\\\/www.meydan.tv\\\/az\\\/article\\\/rusiya-avropa-surasindan-cixdigini-beyan-edib\\\/#primaryimage\",\"url\":\"https:\\\/\\\/www.meydan.tv\\\/wp-content\\\/uploads\\\/shutterstock_1837905172.jpg\",\"contentUrl\":\"https:\\\/\\\/www.meydan.tv\\\/wp-content\\\/uploads\\\/shutterstock_1837905172.jpg\",\"width\":1200,\"height\":800,\"caption\":\"Avropa \u015euras\u0131 v\u0259 Rusiya. Foto: maradon 333\\\/shutterstock\"},{\"@type\":\"BreadcrumbList\",\"@id\":\"https:\\\/\\\/www.meydan.tv\\\/az\\\/article\\\/rusiya-avropa-surasindan-cixdigini-beyan-edib\\\/#breadcrumb\",\"itemListElement\":[{\"@type\":\"ListItem\",\"position\":1,\"name\":\"Ana s\u0259hif\u0259\",\"item\":\"https:\\\/\\\/www.meydan.tv\\\/az\\\/\"},{\"@type\":\"ListItem\",\"position\":2,\"name\":\"D\u00fcnya\",\"item\":\"https:\\\/\\\/www.meydan.tv\\\/az\\\/section\\\/dunya\\\/\"},{\"@type\":\"ListItem\",\"position\":3,\"name\":\"Rusiya Avropa \u015euras\u0131ndan \u00e7\u0131xd\u0131\u011f\u0131n\u0131 b\u0259yan edib\"}]},{\"@type\":\"WebSite\",\"@id\":\"https:\\\/\\\/www.meydan.tv\\\/az\\\/#website\",\"url\":\"https:\\\/\\\/www.meydan.tv\\\/az\\\/\",\"name\":\"MEYDAN.TV\",\"description\":\"Meydan TV Az\u0259rbaycan\u0131n media m\u0259kan\u0131ndak\u0131 alternativ s\u0259sidir\",\"publisher\":{\"@id\":\"https:\\\/\\\/www.meydan.tv\\\/az\\\/#organization\"},\"potentialAction\":[{\"@type\":\"SearchAction\",\"target\":{\"@type\":\"EntryPoint\",\"urlTemplate\":\"https:\\\/\\\/www.meydan.tv\\\/az\\\/?s={search_term_string}\"},\"query-input\":{\"@type\":\"PropertyValueSpecification\",\"valueRequired\":true,\"valueName\":\"search_term_string\"}}],\"inLanguage\":\"az\"},{\"@type\":\"Organization\",\"@id\":\"https:\\\/\\\/www.meydan.tv\\\/az\\\/#organization\",\"name\":\"Meydan TV\",\"url\":\"https:\\\/\\\/www.meydan.tv\\\/az\\\/\",\"logo\":{\"@type\":\"ImageObject\",\"inLanguage\":\"az\",\"@id\":\"https:\\\/\\\/www.meydan.tv\\\/az\\\/#\\\/schema\\\/logo\\\/image\\\/\",\"url\":\"https:\\\/\\\/www.meydan.tv\\\/wp-content\\\/uploads\\\/2021\\\/07\\\/meydan-logo.svg\",\"contentUrl\":\"https:\\\/\\\/www.meydan.tv\\\/wp-content\\\/uploads\\\/2021\\\/07\\\/meydan-logo.svg\",\"width\":195,\"height\":46,\"caption\":\"Meydan TV\"},\"image\":{\"@id\":\"https:\\\/\\\/www.meydan.tv\\\/az\\\/#\\\/schema\\\/logo\\\/image\\\/\"}},{\"@type\":\"Person\",\"@id\":\"https:\\\/\\\/www.meydan.tv\\\/az\\\/#\\\/schema\\\/person\\\/9cdbecf90d17180ce1dfbd95b08dcf47\",\"name\":\"elli\",\"sameAs\":[\"https:\\\/\\\/x.com\\\/elli\"]}]}<\/script>\n<!-- \/ Yoast SEO plugin. -->","yoast_head_json":{"title":"Rusiya Avropa \u015euras\u0131ndan \u00e7\u0131xd\u0131\u011f\u0131n\u0131 b\u0259yan edib - MEYDAN.TV","robots":{"index":"index","follow":"follow","max-snippet":"max-snippet:-1","max-image-preview":"max-image-preview:large","max-video-preview":"max-video-preview:-1"},"canonical":"https:\/\/www.meydan.tv\/az\/article\/rusiya-avropa-surasindan-cixdigini-beyan-edib\/","og_locale":"az_AZ","og_type":"article","og_title":"Rusiya Avropa \u015euras\u0131ndan \u00e7\u0131xd\u0131\u011f\u0131n\u0131 b\u0259yan edib - MEYDAN.TV","og_description":"&#8220;Avropa \u015euras\u0131n\u0131n da\u011f\u0131lmas\u0131 qa\u00e7\u0131lmaz idi&#8221; Rusiyan\u0131n Avropa \u015euras\u0131n\u0131 t\u0259rk etdiyi ... Davam\u0131","og_url":"https:\/\/www.meydan.tv\/az\/article\/rusiya-avropa-surasindan-cixdigini-beyan-edib\/","og_site_name":"MEYDAN.TV","article_published_time":"2022-03-10T08:51:18+00:00","article_modified_time":"2022-03-10T08:51:20+00:00","og_image":[{"width":1200,"height":800,"url":"https:\/\/www.meydan.tv\/wp-content\/uploads\/shutterstock_1837905172.jpg","type":"image\/jpeg"}],"author":"elli","twitter_card":"summary_large_image","twitter_creator":"@elli","schema":{"@context":"https:\/\/schema.org","@graph":[{"@type":"Article","@id":"https:\/\/www.meydan.tv\/az\/article\/rusiya-avropa-surasindan-cixdigini-beyan-edib\/#article","isPartOf":{"@id":"https:\/\/www.meydan.tv\/az\/article\/rusiya-avropa-surasindan-cixdigini-beyan-edib\/"},"author":{"name":"elli","@id":"https:\/\/www.meydan.tv\/az\/#\/schema\/person\/9cdbecf90d17180ce1dfbd95b08dcf47"},"headline":"Rusiya Avropa \u015euras\u0131ndan \u00e7\u0131xd\u0131\u011f\u0131n\u0131 b\u0259yan edib","datePublished":"2022-03-10T08:51:18+00:00","dateModified":"2022-03-10T08:51:20+00:00","mainEntityOfPage":{"@id":"https:\/\/www.meydan.tv\/az\/article\/rusiya-avropa-surasindan-cixdigini-beyan-edib\/"},"wordCount":341,"publisher":{"@id":"https:\/\/www.meydan.tv\/az\/#organization"},"image":{"@id":"https:\/\/www.meydan.tv\/az\/article\/rusiya-avropa-surasindan-cixdigini-beyan-edib\/#primaryimage"},"thumbnailUrl":"https:\/\/www.meydan.tv\/wp-content\/uploads\/shutterstock_1837905172.jpg","articleSection":["D\u00fcnya","X\u0259b\u0259rl\u0259r"],"inLanguage":"az"},{"@type":"WebPage","@id":"https:\/\/www.meydan.tv\/az\/article\/rusiya-avropa-surasindan-cixdigini-beyan-edib\/","url":"https:\/\/www.meydan.tv\/az\/article\/rusiya-avropa-surasindan-cixdigini-beyan-edib\/","name":"Rusiya Avropa \u015euras\u0131ndan \u00e7\u0131xd\u0131\u011f\u0131n\u0131 b\u0259yan edib - MEYDAN.TV","isPartOf":{"@id":"https:\/\/www.meydan.tv\/az\/#website"},"primaryImageOfPage":{"@id":"https:\/\/www.meydan.tv\/az\/article\/rusiya-avropa-surasindan-cixdigini-beyan-edib\/#primaryimage"},"image":{"@id":"https:\/\/www.meydan.tv\/az\/article\/rusiya-avropa-surasindan-cixdigini-beyan-edib\/#primaryimage"},"thumbnailUrl":"https:\/\/www.meydan.tv\/wp-content\/uploads\/shutterstock_1837905172.jpg","datePublished":"2022-03-10T08:51:18+00:00","dateModified":"2022-03-10T08:51:20+00:00","breadcrumb":{"@id":"https:\/\/www.meydan.tv\/az\/article\/rusiya-avropa-surasindan-cixdigini-beyan-edib\/#breadcrumb"},"inLanguage":"az","potentialAction":[{"@type":"ReadAction","target":["https:\/\/www.meydan.tv\/az\/article\/rusiya-avropa-surasindan-cixdigini-beyan-edib\/"]}]},{"@type":"ImageObject","inLanguage":"az","@id":"https:\/\/www.meydan.tv\/az\/article\/rusiya-avropa-surasindan-cixdigini-beyan-edib\/#primaryimage","url":"https:\/\/www.meydan.tv\/wp-content\/uploads\/shutterstock_1837905172.jpg","contentUrl":"https:\/\/www.meydan.tv\/wp-content\/uploads\/shutterstock_1837905172.jpg","width":1200,"height":800,"caption":"Avropa \u015euras\u0131 v\u0259 Rusiya. Foto: maradon 333\/shutterstock"},{"@type":"BreadcrumbList","@id":"https:\/\/www.meydan.tv\/az\/article\/rusiya-avropa-surasindan-cixdigini-beyan-edib\/#breadcrumb","itemListElement":[{"@type":"ListItem","position":1,"name":"Ana s\u0259hif\u0259","item":"https:\/\/www.meydan.tv\/az\/"},{"@type":"ListItem","position":2,"name":"D\u00fcnya","item":"https:\/\/www.meydan.tv\/az\/section\/dunya\/"},{"@type":"ListItem","position":3,"name":"Rusiya Avropa \u015euras\u0131ndan \u00e7\u0131xd\u0131\u011f\u0131n\u0131 b\u0259yan edib"}]},{"@type":"WebSite","@id":"https:\/\/www.meydan.tv\/az\/#website","url":"https:\/\/www.meydan.tv\/az\/","name":"MEYDAN.TV","description":"Meydan TV Az\u0259rbaycan\u0131n media m\u0259kan\u0131ndak\u0131 alternativ s\u0259sidir","publisher":{"@id":"https:\/\/www.meydan.tv\/az\/#organization"},"potentialAction":[{"@type":"SearchAction","target":{"@type":"EntryPoint","urlTemplate":"https:\/\/www.meydan.tv\/az\/?s={search_term_string}"},"query-input":{"@type":"PropertyValueSpecification","valueRequired":true,"valueName":"search_term_string"}}],"inLanguage":"az"},{"@type":"Organization","@id":"https:\/\/www.meydan.tv\/az\/#organization","name":"Meydan TV","url":"https:\/\/www.meydan.tv\/az\/","logo":{"@type":"ImageObject","inLanguage":"az","@id":"https:\/\/www.meydan.tv\/az\/#\/schema\/logo\/image\/","url":"https:\/\/www.meydan.tv\/wp-content\/uploads\/2021\/07\/meydan-logo.svg","contentUrl":"https:\/\/www.meydan.tv\/wp-content\/uploads\/2021\/07\/meydan-logo.svg","width":195,"height":46,"caption":"Meydan TV"},"image":{"@id":"https:\/\/www.meydan.tv\/az\/#\/schema\/logo\/image\/"}},{"@type":"Person","@id":"https:\/\/www.meydan.tv\/az\/#\/schema\/person\/9cdbecf90d17180ce1dfbd95b08dcf47","name":"elli","sameAs":["https:\/\/x.com\/elli"]}]}},"_links":{"self":[{"href":"https:\/\/www.meydan.tv\/az\/wp-json\/wp\/v2\/posts\/237844","targetHints":{"allow":["GET"]}}],"collection":[{"href":"https:\/\/www.meydan.tv\/az\/wp-json\/wp\/v2\/posts"}],"about":[{"href":"https:\/\/www.meydan.tv\/az\/wp-json\/wp\/v2\/types\/post"}],"author":[{"embeddable":true,"href":"https:\/\/www.meydan.tv\/az\/wp-json\/wp\/v2\/users\/8"}],"replies":[{"embeddable":true,"href":"https:\/\/www.meydan.tv\/az\/wp-json\/wp\/v2\/comments?post=237844"}],"version-history":[{"count":3,"href":"https:\/\/www.meydan.tv\/az\/wp-json\/wp\/v2\/posts\/237844\/revisions"}],"predecessor-version":[{"id":237862,"href":"https:\/\/www.meydan.tv\/az\/wp-json\/wp\/v2\/posts\/237844\/revisions\/237862"}],"wp:featuredmedia":[{"embeddable":true,"href":"https:\/\/www.meydan.tv\/az\/wp-json\/wp\/v2\/media\/237841"}],"wp:attachment":[{"href":"https:\/\/www.meydan.tv\/az\/wp-json\/wp\/v2\/media?parent=237844"}],"wp:term":[{"taxonomy":"category","embeddable":true,"href":"https:\/\/www.meydan.tv\/az\/wp-json\/wp\/v2\/categories?post=237844"},{"taxonomy":"post_tag","embeddable":true,"href":"https:\/\/www.meydan.tv\/az\/wp-json\/wp\/v2\/tags?post=237844"}],"curies":[{"name":"wp","href":"https:\/\/api.w.org\/{rel}","templated":true}]}}