{"id":237832,"date":"2022-03-09T22:59:32","date_gmt":"2022-03-09T18:59:32","guid":{"rendered":"https:\/\/www.meydan.tv\/?p=237832"},"modified":"2022-03-09T22:59:33","modified_gmt":"2022-03-09T18:59:33","slug":"bextiyar-haciyev-polis-idaresinde-meni-saatlarla-dizlerimin-ustunde-saxladilar-tehqir-etdiler","status":"publish","type":"post","link":"https:\/\/www.meydan.tv\/az\/article\/bextiyar-haciyev-polis-idaresinde-meni-saatlarla-dizlerimin-ustunde-saxladilar-tehqir-etdiler\/","title":{"rendered":"B\u0259xtiyar Hac\u0131yev: \u201cPolis idar\u0259sind\u0259 m\u0259ni saatlarla dizl\u0259rimin \u00fcst\u00fcnd\u0259 saxlad\u0131lar, t\u0259hqir etdil\u0259r\u201d"},"content":{"rendered":"\n<p>\u201c<em>R\u0259is m\u0259n\u0259 dedi ki, \u015falvar\u0131n\u0131 \u00e7\u0131xard\u0131b, butulka<\/em> <em>\u00fcst\u00fcnd\u0259 oturdar\u0131q\u201d<\/em><br><\/p>\n\n\n\n<p>Mart\u0131n 9-da g\u00fcnorta saatlar\u0131nda Daxili \u0130\u015fl\u0259r Nazirliyinin qar\u015f\u0131s\u0131nda aksiya ke\u00e7irm\u0259y\u0259 c\u0259hd ed\u0259n ictimai f\u0259al B\u0259xtiyar Hac\u0131yev saxlan\u0131l\u0131b.<\/p>\n\n\n\n<p>Polis \u0259m\u0259kda\u015flar\u0131 f\u0259al\u0131n \u015f\u0259xsi avtomobilin\u0259 h\u00fccum edib, ma\u015f\u0131n\u0131n p\u0259nc\u0259r\u0259sini s\u0131nd\u0131raraq onu \u00f6zl\u0259ri il\u0259 apar\u0131blar.<\/p>\n\n\n\n<p>Ba\u015f ver\u0259nl\u0259r B\u0259xtiyar Hac\u0131yevin \u201cFacebook\u201d hesab\u0131ndan canl\u0131 yay\u0131mlan\u0131b.<\/p>\n\n\n\n<p>Yay\u0131m zaman\u0131 ictimai f\u0259al\u0131n avtomobilinin arxa \u015f\u00fc\u015f\u0259sind\u0259n \u201cVilay\u0259t Eyvazov, cinay\u0259tkarlar\u0131 himay\u0259 etm\u0259!\u201d s\u00f6zl\u0259rinin yaz\u0131ld\u0131\u011f\u0131 v\u0259r\u0259qin as\u0131ld\u0131\u011f\u0131 g\u00f6r\u00fcn\u00fcr. Daha sonra polisl\u0259r ma\u015f\u0131n\u0131n arxa \u015f\u00fc\u015f\u0259sini s\u0131nd\u0131raraq qap\u0131n\u0131 a\u00e7\u0131rlar v\u0259 B\u0259xtiyar Hac\u0131yevi zorla ma\u015f\u0131ndan \u00e7\u0131xar\u0131rlar.<\/p>\n\n\n\n<p>Bu zaman canl\u0131 yay\u0131m dayand\u0131r\u0131l\u0131b.<\/p>\n\n\n\n<div class=\"wp-block-image\"><figure class=\"alignleft size-large is-resized\"><img decoding=\"async\" data-src=\"https:\/\/www.meydan.tv\/wp-content\/uploads\/img-20220309-wa0026-1095x821.jpg\" alt=\"\" class=\"wp-image-237824 lazyload\" width=\"364\" height=\"272\" src=\"data:image\/svg+xml;base64,PHN2ZyB3aWR0aD0iMSIgaGVpZ2h0PSIxIiB4bWxucz0iaHR0cDovL3d3dy53My5vcmcvMjAwMC9zdmciPjwvc3ZnPg==\" style=\"--smush-placeholder-width: 364px; --smush-placeholder-aspect-ratio: 364\/272;\" \/><figcaption>B.Hac\u0131yevin ma\u015f\u0131n\u0131. Foto: Meydan TV<\/figcaption><\/figure><\/div>\n\n\n\n<p>Gec\u0259 saatlar\u0131nad\u0259k B\u0259xtiyar Hac\u0131yev Bak\u0131 \u015e\u0259h\u0259r Ba\u015f Polis \u0130dar\u0259sind\u0259 saxlan\u0131l\u0131b. H\u0259min m\u00fcdd\u0259td\u0259 h\u00fcquq m\u00fcdafi\u0259\u00e7isi R\u00fcf\u0259t S\u0259f\u0259rov, v\u0259kil Aqil Lay\u0131\u00e7 v\u0259 dig\u0259rl\u0259ri onu idar\u0259nin \u00f6n\u00fcnd\u0259 g\u00f6zl\u0259yibl\u0259r.<\/p>\n\n\n\n<p>5 saatdan sonra s\u0259rb\u0259st burax\u0131lan B\u0259xtiyar Hac\u0131yev Meydan TV-y\u0259 bildirib ki, o, Bak\u0131 \u015e\u0259h\u0259r Ba\u015f Polis \u0130dar\u0259sind\u0259 t\u0259hqir, t\u0259hdid v\u0259 i\u015fg\u0259nc\u0259y\u0259 m\u0259ruz qal\u0131b. O, b\u0259d\u0259nind\u0259ki x\u0259sar\u0259tl\u0259ri d\u0259 g\u00f6st\u0259rib:<\/p>\n\n\n\n<p>\u201cNazirliyin qar\u015f\u0131s\u0131nda qolumu buraraq, vura-vura m\u0259ni Bak\u0131 \u015e\u0259h\u0259r Ba\u015f Polis \u0130dar\u0259sin\u0259 g\u0259tiribl\u0259r. Saatlarla dizl\u0259rimin \u00fcst\u00fcnd\u0259 saxlay\u0131blar, ratsiya il\u0259 nec\u0259 davran\u0131lmas\u0131 haqda g\u00f6st\u0259ri\u015f veribl\u0259r. Bu q\u0259d\u0259r t\u0259rbiy\u0259sizlik, \u015f\u0259r\u0259fsizlik olarm\u0131? Ma\u015f\u0131ndan d\u00fc\u015f\u00fcrd\u0259nd\u0259 ba\u015f\u0131m\u0131 a\u015fa\u011f\u0131 endirib, vura-vura idar\u0259y\u0259 apar\u0131blar v\u0259 bunlar\u0131n ham\u0131s\u0131 telefonla \u00e7\u0259kilib. R\u0259isin ota\u011f\u0131na gir\u0259nd\u0259 arxadan qandall\u0131 olan qolumu varg\u00fccl\u0259ri il\u0259 yuxar\u0131 qald\u0131r\u0131rd\u0131lar ki, qolum s\u0131ns\u0131n. Bel\u0259 bir cinay\u0259tkar rejimd\u0259 ya\u015fay\u0131r\u0131q\u201d.<\/p>\n\n\n\n<p>B\u0259xtiyar Hac\u0131yev idar\u0259nin r\u0259isi \u018fkb\u0259r \u0130smay\u0131lov t\u0259r\u0259find\u0259n t\u0259hqir edildiyini s\u00f6yl\u0259yib:<\/p>\n\n\n\n<p>\u201cM\u0259n\u0259 el\u0259 s\u00f6zl\u0259r dedi ki, onu dil\u0259 g\u0259tirm\u0259yi ay\u0131b say\u0131ram v\u0259 \u00f6z\u00fcn\u0259 layiq olan b\u00fct\u00fcn o s\u00f6zl\u0259ri r\u0259isin \u00f6z\u00fcn\u0259 qaytar\u0131ram. M\u0259n\u0259 dedi ki, \u015falvar\u0131n\u0131 \u00e7\u0131xard\u0131b, butulka \u00fcst\u00fcnd\u0259 oturdar\u0131q. \u0130dar\u0259d\u0259 gizl\u0259tm\u0259d\u0259n dedil\u0259r ki, s\u0259n\u0259 qar\u015f\u0131 r\u0259hb\u0259rlik n\u0259 tap\u015f\u0131r\u0131b, onu edirik. Ard\u0131nca \u201ccinay\u0259tkar\u0131 himay\u0259 edirik, b\u0259s sonra?!\u201d s\u00f6yl\u0259dil\u0259r. R\u0259is soru\u015fur: \u201cS\u0259n kims\u0259n?\u201d Cavab verir\u0259m: \u201cV\u0259t\u0259nda\u015f\u201d. Deyir: \u201cQ\u0259l\u0259t edir v\u0259t\u0259nda\u015f\u201d. M\u0259niml\u0259 bu g\u00fcn terror\u00e7u kimi davran\u0131blar, ma\u015f\u0131n\u0131m\u0131n \u015f\u00fc\u015f\u0259sini s\u0131nd\u0131r\u0131blar, pul qab\u0131mda m\u00fc\u0259yy\u0259n m\u0259bl\u0259\u011f var idi, indi yoxdur\u201d.<\/p>\n\n\n\n<p>\u0130ctimai f\u0259al deyib ki, aksiya ke\u00e7irm\u0259kd\u0259 m\u0259qs\u0259di polisin f\u0259aliyy\u0259tsizliyin\u0259 etiraz etm\u0259k olub.<\/p>\n\n\n\n<div class=\"wp-block-image\"><figure class=\"alignright size-large is-resized\"><img decoding=\"async\" data-src=\"https:\/\/www.meydan.tv\/wp-content\/uploads\/image_from_ios-1-9-1095x821.jpg\" alt=\"\" class=\"wp-image-237821 lazyload\" width=\"381\" height=\"285\" src=\"data:image\/svg+xml;base64,PHN2ZyB3aWR0aD0iMSIgaGVpZ2h0PSIxIiB4bWxucz0iaHR0cDovL3d3dy53My5vcmcvMjAwMC9zdmciPjwvc3ZnPg==\" style=\"--smush-placeholder-width: 381px; --smush-placeholder-aspect-ratio: 381\/285;\" \/><\/figure><\/div>\n\n\n\n<p>\u201cSon bir il \u0259rzind\u0259 verdiyim he\u00e7 bir \u015fikay\u0259t ara\u015fd\u0131r\u0131lm\u0131r. Verdiyim v\u0259sat\u0259tl\u0259r r\u0259dd olunur. He\u00e7 kim m\u0259suliyy\u0259t\u0259 c\u0259lb olunmur. M\u0259n\u0259 d\u0259 a\u00e7\u0131q \u015f\u0259kild\u0259 d\u0259 deyirl\u0259r ki, c\u0259nab nazirin, r\u0259hb\u0259rliyin tap\u015f\u0131r\u0131\u011f\u0131 var ki, siz B\u0259xtiyar Hac\u0131yev oldu\u011funuz \u00fc\u00e7\u00fcn he\u00e7 bir \u015fikay\u0259tiniz ara\u015fd\u0131r\u0131lmayacaq. Kim d\u0259 sizd\u0259n \u015fikay\u0259t ets\u0259, onun \u015fikay\u0259tini t\u0259min ed\u0259c\u0259yik. Bax bu Ba\u015f Polis \u0130dar\u0259si deyir. M\u0259n d\u0259 bundan bo\u011faza y\u0131\u011f\u0131lm\u0131\u015fam v\u0259 etiraz olaraq ma\u015f\u0131n\u0131ma yaz\u0131b yap\u0131\u015fd\u0131rm\u0131\u015fam ki, cinay\u0259tkarlar\u0131 himay\u0259 etm\u0259yin. Daxili \u0130\u015fl\u0259r Nazirliyinin qar\u015f\u0131s\u0131nda dayanan kimi ma\u015f\u0131n\u0131m\u0131 yumruqlay\u0131b s\u0131nd\u0131r\u0131blar. \u00d6z\u00fcm\u00fc y\u0131x\u0131blar yer\u0259, qolumu qandallay\u0131blar, \u00f6z l\u0259yaq\u0259tl\u0259rin\u0259 layiq \u015f\u0259kild\u0259 g\u0259tiribl\u0259r bura\u201d. B\u0259xtiyar Hac\u0131yev hesab edir ki, bil\u0259r\u0259kd\u0259n v\u0259t\u0259nda\u015flar aras\u0131nda naraz\u0131l\u0131q yarad\u0131rlar:<\/p>\n\n\n\n<p>\u201cB\u0259lk\u0259 r\u0259isin nazirin yerind\u0259 g\u00f6z\u00fc var dey\u0259 v\u0259t\u0259nda\u015f\u0131 bu h\u0259dd\u0259 \u00e7atd\u0131r\u0131rlar, yaxud nazirin prezidentin yerind\u0259 g\u00f6z\u00fc var, bilmir\u0259m\u201d.<br><\/p>\n\n\n\n<p>B\u0259xtiyar Hac\u0131yev nazirliyin onun bar\u0259sind\u0259 yayd\u0131\u011f\u0131 m\u0259lumat\u0131 r\u0259dd edib. <\/p>\n\n\n\n<p>M\u0259lumatda bildirilir ki, B\u0259xtiyar Hac\u0131yev \u015fikay\u0259t \u0259sas\u0131nda apar\u0131lan ara\u015fd\u0131rmaya etiraz ed\u0259r\u0259k bu g\u00fcn saat 14:30 rad\u0259l\u0259rind\u0259 \u00f6z\u00fcn\u0259 m\u0259xsus avtomobill\u0259 nazirliyin inzibati binas\u0131n\u0131n qar\u015f\u0131s\u0131na g\u0259lib:<\/p>\n\n\n\n<p>\u201cPolis \u0259m\u0259kda\u015flar\u0131 ona yax\u0131nla\u015faraq h\u0259min yerd\u0259 dayanma-durman\u0131n qada\u011fan oldu\u011funu bildiribl\u0259r. B\u0259xtiyar Hac\u0131yev is\u0259 ma\u015f\u0131ndak\u0131 yanar mayeni g\u00f6st\u0259r\u0259r\u0259k \u00f6z\u00fcn\u00fc d\u0259, avtomobili d\u0259 yand\u0131raca\u011f\u0131n\u0131 deyib. Buna g\u00f6r\u0259 d\u0259 polis \u0259m\u0259kda\u015flar\u0131 m\u00fcdaxil\u0259 etm\u0259k m\u0259cburiyy\u0259tind\u0259 qal\u0131b v\u0259 qap\u0131n\u0131 a\u00e7araq h\u0259min yanaca\u011f\u0131 ma\u015f\u0131ndan g\u00f6t\u00fcr\u00fcbl\u0259r. Bununla da polisl\u0259r ba\u015f ver\u0259 bil\u0259c\u0259k hadis\u0259nin qar\u015f\u0131s\u0131n\u0131 al\u0131blar&#8221;.<\/p>\n\n\n\n<div class=\"wp-block-image\"><figure class=\"alignleft size-large is-resized\"><img decoding=\"async\" data-src=\"https:\/\/www.meydan.tv\/wp-content\/uploads\/image_from_ios-2-7-1095x821.jpg\" alt=\"\" class=\"wp-image-237815 lazyload\" width=\"373\" height=\"279\" src=\"data:image\/svg+xml;base64,PHN2ZyB3aWR0aD0iMSIgaGVpZ2h0PSIxIiB4bWxucz0iaHR0cDovL3d3dy53My5vcmcvMjAwMC9zdmciPjwvc3ZnPg==\" style=\"--smush-placeholder-width: 373px; --smush-placeholder-aspect-ratio: 373\/279;\" \/><figcaption>B\u0259xtiyar Hacyev. Foto: Meydan TV<\/figcaption><\/figure><\/div>\n\n\n\n<p>\u0130ctimai f\u0259al is\u0259 polisl\u0259rl\u0259 aras\u0131nda bel\u0259 bir dialoqun olmad\u0131\u011f\u0131n\u0131 deyir:<\/p>\n\n\n\n<p>\u201cM\u0259n \u00f6nc\u0259d\u0259n d\u0259 m\u0259lumat vermi\u015fdim ki, D\u0130N-in qar\u0131s\u0131nda etiraz ed\u0259c\u0259m. Ora yax\u0131nla\u015fanda art\u0131q post-patrul ma\u015f\u0131n\u0131 dayanm\u0131\u015fd\u0131. Yax\u0131nla\u015fan kimi qap\u0131n\u0131 a\u00e7maq ist\u0259dil\u0259r, g\u00f6rd\u00fcl\u0259r a\u00e7\u0131lm\u0131r, ma\u015f\u0131n\u0131 t\u0259pikl\u0259m\u0259y\u0259, yumruqlama\u011fa ba\u015flad\u0131lar. \u0130ndi raport t\u0259rtib edibl\u0259r, guya m\u0259n demi\u015f\u0259m ki, M\u0259rk\u0259zi Univerma\u011f\u0131, Daxili \u0130\u015fl\u0259r Nazirliyini, \u00f6z\u00fcm\u00fc yand\u0131racam. Tofiq Yaqublu haqq\u0131nda \u201c\u00f6z-\u00f6z\u00fcn\u00fc d\u00f6y\u00fcb\u201d dey\u0259n qurum h\u0259r c\u00fcr l\u0259yaq\u0259tsizlik ed\u0259r\u201d.<\/p>\n\n\n\n<p>B\u0259xtiyar Hac\u0131yev i\u015fg\u0259nc\u0259y\u0259 m\u0259ruz qalmas\u0131yla ba\u011fl\u0131 ekspertiziya ged\u0259c\u0259yini deyib.<\/p>\n\n\n\n<p>O, n\u00f6vb\u0259ti add\u0131n\u0131n n\u0259 olaca\u011f\u0131 haqda suala bel\u0259 cavab verib:<\/p>\n\n\n\n<p>\u201cBilmir\u0259m, \u00e7\u00fcnki m\u0259nim etirazlardan ba\u015fqa yolum yoxdur. V\u0259t\u0259nda\u015f kimi h\u00fcquqi yollarla 1 ildir m\u00fcraci\u0259t edir\u0259m, amma geri qaytar\u0131rlar\u201d.<\/p>\n","protected":false},"excerpt":{"rendered":"<p>\u201cR\u0259is m\u0259n\u0259 dedi ki, \u015falvar\u0131n\u0131 \u00e7\u0131xard\u0131b, butulka \u00fcst\u00fcnd\u0259 oturdar\u0131q\u201d Mart\u0131n &#8230; <\/p>\n<p class=\"read-more-container\"><a title=\"B\u0259xtiyar Hac\u0131yev: \u201cPolis idar\u0259sind\u0259 m\u0259ni saatlarla dizl\u0259rimin \u00fcst\u00fcnd\u0259 saxlad\u0131lar, t\u0259hqir etdil\u0259r\u201d\" class=\"read-more button\" href=\"https:\/\/www.meydan.tv\/az\/article\/bextiyar-haciyev-polis-idaresinde-meni-saatlarla-dizlerimin-ustunde-saxladilar-tehqir-etdiler\/#more-237832\" aria-label=\"Read more about B\u0259xtiyar Hac\u0131yev: \u201cPolis idar\u0259sind\u0259 m\u0259ni saatlarla dizl\u0259rimin \u00fcst\u00fcnd\u0259 saxlad\u0131lar, t\u0259hqir etdil\u0259r\u201d\">Davam\u0131<\/a><\/p>\n","protected":false},"author":8,"featured_media":237829,"comment_status":"closed","ping_status":"closed","sticky":false,"template":"","format":"standard","meta":{"_acf_changed":false,"_sitemap_exclude":false,"_sitemap_priority":"","_sitemap_frequency":"","footnotes":""},"categories":[59,56],"tags":[],"class_list":["post-237832","post","type-post","status-publish","format-standard","has-post-thumbnail","hentry","category-siyaset","category-xeberler","infinite-scroll-item","generate-columns","tablet-grid-50","mobile-grid-100","grid-parent","grid-33","no-featured-image-padding"],"acf":[],"yoast_head":"<!-- This site is optimized with the Yoast SEO plugin v27.4 - https:\/\/yoast.com\/product\/yoast-seo-wordpress\/ -->\n<title>B\u0259xtiyar Hac\u0131yev: \u201cPolis idar\u0259sind\u0259 m\u0259ni saatlarla dizl\u0259rimin \u00fcst\u00fcnd\u0259 saxlad\u0131lar, t\u0259hqir etdil\u0259r\u201d - MEYDAN.TV<\/title>\n<meta name=\"robots\" content=\"index, follow, max-snippet:-1, max-image-preview:large, max-video-preview:-1\" \/>\n<link rel=\"canonical\" href=\"https:\/\/www.meydan.tv\/az\/article\/bextiyar-haciyev-polis-idaresinde-meni-saatlarla-dizlerimin-ustunde-saxladilar-tehqir-etdiler\/\" \/>\n<meta property=\"og:locale\" content=\"az_AZ\" \/>\n<meta property=\"og:type\" content=\"article\" \/>\n<meta property=\"og:title\" content=\"B\u0259xtiyar Hac\u0131yev: \u201cPolis idar\u0259sind\u0259 m\u0259ni saatlarla dizl\u0259rimin \u00fcst\u00fcnd\u0259 saxlad\u0131lar, t\u0259hqir etdil\u0259r\u201d - MEYDAN.TV\" \/>\n<meta property=\"og:description\" content=\"\u201cR\u0259is m\u0259n\u0259 dedi ki, \u015falvar\u0131n\u0131 \u00e7\u0131xard\u0131b, butulka \u00fcst\u00fcnd\u0259 oturdar\u0131q\u201d Mart\u0131n ... Davam\u0131\" \/>\n<meta property=\"og:url\" content=\"https:\/\/www.meydan.tv\/az\/article\/bextiyar-haciyev-polis-idaresinde-meni-saatlarla-dizlerimin-ustunde-saxladilar-tehqir-etdiler\/\" \/>\n<meta property=\"og:site_name\" content=\"MEYDAN.TV\" \/>\n<meta property=\"article:published_time\" content=\"2022-03-09T18:59:32+00:00\" \/>\n<meta property=\"article:modified_time\" content=\"2022-03-09T18:59:33+00:00\" \/>\n<meta property=\"og:image\" content=\"https:\/\/www.meydan.tv\/wp-content\/uploads\/image_from_ios-19-scaled-e1646852208928.jpg\" \/>\n\t<meta property=\"og:image:width\" content=\"2560\" \/>\n\t<meta property=\"og:image:height\" content=\"1184\" \/>\n\t<meta property=\"og:image:type\" content=\"image\/jpeg\" \/>\n<meta name=\"author\" content=\"elli\" \/>\n<meta name=\"twitter:card\" content=\"summary_large_image\" \/>\n<meta name=\"twitter:creator\" content=\"@elli\" \/>\n<script type=\"application\/ld+json\" class=\"yoast-schema-graph\">{\"@context\":\"https:\\\/\\\/schema.org\",\"@graph\":[{\"@type\":\"Article\",\"@id\":\"https:\\\/\\\/www.meydan.tv\\\/az\\\/article\\\/bextiyar-haciyev-polis-idaresinde-meni-saatlarla-dizlerimin-ustunde-saxladilar-tehqir-etdiler\\\/#article\",\"isPartOf\":{\"@id\":\"https:\\\/\\\/www.meydan.tv\\\/az\\\/article\\\/bextiyar-haciyev-polis-idaresinde-meni-saatlarla-dizlerimin-ustunde-saxladilar-tehqir-etdiler\\\/\"},\"author\":{\"name\":\"elli\",\"@id\":\"https:\\\/\\\/www.meydan.tv\\\/az\\\/#\\\/schema\\\/person\\\/9cdbecf90d17180ce1dfbd95b08dcf47\"},\"headline\":\"B\u0259xtiyar Hac\u0131yev: \u201cPolis idar\u0259sind\u0259 m\u0259ni saatlarla dizl\u0259rimin \u00fcst\u00fcnd\u0259 saxlad\u0131lar, t\u0259hqir etdil\u0259r\u201d\",\"datePublished\":\"2022-03-09T18:59:32+00:00\",\"dateModified\":\"2022-03-09T18:59:33+00:00\",\"mainEntityOfPage\":{\"@id\":\"https:\\\/\\\/www.meydan.tv\\\/az\\\/article\\\/bextiyar-haciyev-polis-idaresinde-meni-saatlarla-dizlerimin-ustunde-saxladilar-tehqir-etdiler\\\/\"},\"wordCount\":1100,\"publisher\":{\"@id\":\"https:\\\/\\\/www.meydan.tv\\\/az\\\/#organization\"},\"image\":{\"@id\":\"https:\\\/\\\/www.meydan.tv\\\/az\\\/article\\\/bextiyar-haciyev-polis-idaresinde-meni-saatlarla-dizlerimin-ustunde-saxladilar-tehqir-etdiler\\\/#primaryimage\"},\"thumbnailUrl\":\"https:\\\/\\\/www.meydan.tv\\\/wp-content\\\/uploads\\\/image_from_ios-19-scaled-e1646852208928.jpg\",\"articleSection\":[\"Siyas\u0259t\",\"X\u0259b\u0259rl\u0259r\"],\"inLanguage\":\"az\"},{\"@type\":\"WebPage\",\"@id\":\"https:\\\/\\\/www.meydan.tv\\\/az\\\/article\\\/bextiyar-haciyev-polis-idaresinde-meni-saatlarla-dizlerimin-ustunde-saxladilar-tehqir-etdiler\\\/\",\"url\":\"https:\\\/\\\/www.meydan.tv\\\/az\\\/article\\\/bextiyar-haciyev-polis-idaresinde-meni-saatlarla-dizlerimin-ustunde-saxladilar-tehqir-etdiler\\\/\",\"name\":\"B\u0259xtiyar Hac\u0131yev: \u201cPolis idar\u0259sind\u0259 m\u0259ni saatlarla dizl\u0259rimin \u00fcst\u00fcnd\u0259 saxlad\u0131lar, t\u0259hqir etdil\u0259r\u201d - MEYDAN.TV\",\"isPartOf\":{\"@id\":\"https:\\\/\\\/www.meydan.tv\\\/az\\\/#website\"},\"primaryImageOfPage\":{\"@id\":\"https:\\\/\\\/www.meydan.tv\\\/az\\\/article\\\/bextiyar-haciyev-polis-idaresinde-meni-saatlarla-dizlerimin-ustunde-saxladilar-tehqir-etdiler\\\/#primaryimage\"},\"image\":{\"@id\":\"https:\\\/\\\/www.meydan.tv\\\/az\\\/article\\\/bextiyar-haciyev-polis-idaresinde-meni-saatlarla-dizlerimin-ustunde-saxladilar-tehqir-etdiler\\\/#primaryimage\"},\"thumbnailUrl\":\"https:\\\/\\\/www.meydan.tv\\\/wp-content\\\/uploads\\\/image_from_ios-19-scaled-e1646852208928.jpg\",\"datePublished\":\"2022-03-09T18:59:32+00:00\",\"dateModified\":\"2022-03-09T18:59:33+00:00\",\"breadcrumb\":{\"@id\":\"https:\\\/\\\/www.meydan.tv\\\/az\\\/article\\\/bextiyar-haciyev-polis-idaresinde-meni-saatlarla-dizlerimin-ustunde-saxladilar-tehqir-etdiler\\\/#breadcrumb\"},\"inLanguage\":\"az\",\"potentialAction\":[{\"@type\":\"ReadAction\",\"target\":[\"https:\\\/\\\/www.meydan.tv\\\/az\\\/article\\\/bextiyar-haciyev-polis-idaresinde-meni-saatlarla-dizlerimin-ustunde-saxladilar-tehqir-etdiler\\\/\"]}]},{\"@type\":\"ImageObject\",\"inLanguage\":\"az\",\"@id\":\"https:\\\/\\\/www.meydan.tv\\\/az\\\/article\\\/bextiyar-haciyev-polis-idaresinde-meni-saatlarla-dizlerimin-ustunde-saxladilar-tehqir-etdiler\\\/#primaryimage\",\"url\":\"https:\\\/\\\/www.meydan.tv\\\/wp-content\\\/uploads\\\/image_from_ios-19-scaled-e1646852208928.jpg\",\"contentUrl\":\"https:\\\/\\\/www.meydan.tv\\\/wp-content\\\/uploads\\\/image_from_ios-19-scaled-e1646852208928.jpg\",\"width\":2560,\"height\":1184,\"caption\":\"Foto: Meydan TV\"},{\"@type\":\"BreadcrumbList\",\"@id\":\"https:\\\/\\\/www.meydan.tv\\\/az\\\/article\\\/bextiyar-haciyev-polis-idaresinde-meni-saatlarla-dizlerimin-ustunde-saxladilar-tehqir-etdiler\\\/#breadcrumb\",\"itemListElement\":[{\"@type\":\"ListItem\",\"position\":1,\"name\":\"Ana s\u0259hif\u0259\",\"item\":\"https:\\\/\\\/www.meydan.tv\\\/az\\\/\"},{\"@type\":\"ListItem\",\"position\":2,\"name\":\"Siyas\u0259t\",\"item\":\"https:\\\/\\\/www.meydan.tv\\\/az\\\/section\\\/siyaset\\\/\"},{\"@type\":\"ListItem\",\"position\":3,\"name\":\"B\u0259xtiyar Hac\u0131yev: \u201cPolis idar\u0259sind\u0259 m\u0259ni saatlarla dizl\u0259rimin \u00fcst\u00fcnd\u0259 saxlad\u0131lar, t\u0259hqir etdil\u0259r\u201d\"}]},{\"@type\":\"WebSite\",\"@id\":\"https:\\\/\\\/www.meydan.tv\\\/az\\\/#website\",\"url\":\"https:\\\/\\\/www.meydan.tv\\\/az\\\/\",\"name\":\"MEYDAN.TV\",\"description\":\"Meydan TV Az\u0259rbaycan\u0131n media m\u0259kan\u0131ndak\u0131 alternativ s\u0259sidir\",\"publisher\":{\"@id\":\"https:\\\/\\\/www.meydan.tv\\\/az\\\/#organization\"},\"potentialAction\":[{\"@type\":\"SearchAction\",\"target\":{\"@type\":\"EntryPoint\",\"urlTemplate\":\"https:\\\/\\\/www.meydan.tv\\\/az\\\/?s={search_term_string}\"},\"query-input\":{\"@type\":\"PropertyValueSpecification\",\"valueRequired\":true,\"valueName\":\"search_term_string\"}}],\"inLanguage\":\"az\"},{\"@type\":\"Organization\",\"@id\":\"https:\\\/\\\/www.meydan.tv\\\/az\\\/#organization\",\"name\":\"Meydan TV\",\"url\":\"https:\\\/\\\/www.meydan.tv\\\/az\\\/\",\"logo\":{\"@type\":\"ImageObject\",\"inLanguage\":\"az\",\"@id\":\"https:\\\/\\\/www.meydan.tv\\\/az\\\/#\\\/schema\\\/logo\\\/image\\\/\",\"url\":\"https:\\\/\\\/www.meydan.tv\\\/wp-content\\\/uploads\\\/2021\\\/07\\\/meydan-logo.svg\",\"contentUrl\":\"https:\\\/\\\/www.meydan.tv\\\/wp-content\\\/uploads\\\/2021\\\/07\\\/meydan-logo.svg\",\"width\":195,\"height\":46,\"caption\":\"Meydan TV\"},\"image\":{\"@id\":\"https:\\\/\\\/www.meydan.tv\\\/az\\\/#\\\/schema\\\/logo\\\/image\\\/\"}},{\"@type\":\"Person\",\"@id\":\"https:\\\/\\\/www.meydan.tv\\\/az\\\/#\\\/schema\\\/person\\\/9cdbecf90d17180ce1dfbd95b08dcf47\",\"name\":\"elli\",\"sameAs\":[\"https:\\\/\\\/x.com\\\/elli\"]}]}<\/script>\n<!-- \/ Yoast SEO plugin. -->","yoast_head_json":{"title":"B\u0259xtiyar Hac\u0131yev: \u201cPolis idar\u0259sind\u0259 m\u0259ni saatlarla dizl\u0259rimin \u00fcst\u00fcnd\u0259 saxlad\u0131lar, t\u0259hqir etdil\u0259r\u201d - MEYDAN.TV","robots":{"index":"index","follow":"follow","max-snippet":"max-snippet:-1","max-image-preview":"max-image-preview:large","max-video-preview":"max-video-preview:-1"},"canonical":"https:\/\/www.meydan.tv\/az\/article\/bextiyar-haciyev-polis-idaresinde-meni-saatlarla-dizlerimin-ustunde-saxladilar-tehqir-etdiler\/","og_locale":"az_AZ","og_type":"article","og_title":"B\u0259xtiyar Hac\u0131yev: \u201cPolis idar\u0259sind\u0259 m\u0259ni saatlarla dizl\u0259rimin \u00fcst\u00fcnd\u0259 saxlad\u0131lar, t\u0259hqir etdil\u0259r\u201d - MEYDAN.TV","og_description":"\u201cR\u0259is m\u0259n\u0259 dedi ki, \u015falvar\u0131n\u0131 \u00e7\u0131xard\u0131b, butulka \u00fcst\u00fcnd\u0259 oturdar\u0131q\u201d Mart\u0131n ... Davam\u0131","og_url":"https:\/\/www.meydan.tv\/az\/article\/bextiyar-haciyev-polis-idaresinde-meni-saatlarla-dizlerimin-ustunde-saxladilar-tehqir-etdiler\/","og_site_name":"MEYDAN.TV","article_published_time":"2022-03-09T18:59:32+00:00","article_modified_time":"2022-03-09T18:59:33+00:00","og_image":[{"width":2560,"height":1184,"url":"https:\/\/www.meydan.tv\/wp-content\/uploads\/image_from_ios-19-scaled-e1646852208928.jpg","type":"image\/jpeg"}],"author":"elli","twitter_card":"summary_large_image","twitter_creator":"@elli","schema":{"@context":"https:\/\/schema.org","@graph":[{"@type":"Article","@id":"https:\/\/www.meydan.tv\/az\/article\/bextiyar-haciyev-polis-idaresinde-meni-saatlarla-dizlerimin-ustunde-saxladilar-tehqir-etdiler\/#article","isPartOf":{"@id":"https:\/\/www.meydan.tv\/az\/article\/bextiyar-haciyev-polis-idaresinde-meni-saatlarla-dizlerimin-ustunde-saxladilar-tehqir-etdiler\/"},"author":{"name":"elli","@id":"https:\/\/www.meydan.tv\/az\/#\/schema\/person\/9cdbecf90d17180ce1dfbd95b08dcf47"},"headline":"B\u0259xtiyar Hac\u0131yev: \u201cPolis idar\u0259sind\u0259 m\u0259ni saatlarla dizl\u0259rimin \u00fcst\u00fcnd\u0259 saxlad\u0131lar, t\u0259hqir etdil\u0259r\u201d","datePublished":"2022-03-09T18:59:32+00:00","dateModified":"2022-03-09T18:59:33+00:00","mainEntityOfPage":{"@id":"https:\/\/www.meydan.tv\/az\/article\/bextiyar-haciyev-polis-idaresinde-meni-saatlarla-dizlerimin-ustunde-saxladilar-tehqir-etdiler\/"},"wordCount":1100,"publisher":{"@id":"https:\/\/www.meydan.tv\/az\/#organization"},"image":{"@id":"https:\/\/www.meydan.tv\/az\/article\/bextiyar-haciyev-polis-idaresinde-meni-saatlarla-dizlerimin-ustunde-saxladilar-tehqir-etdiler\/#primaryimage"},"thumbnailUrl":"https:\/\/www.meydan.tv\/wp-content\/uploads\/image_from_ios-19-scaled-e1646852208928.jpg","articleSection":["Siyas\u0259t","X\u0259b\u0259rl\u0259r"],"inLanguage":"az"},{"@type":"WebPage","@id":"https:\/\/www.meydan.tv\/az\/article\/bextiyar-haciyev-polis-idaresinde-meni-saatlarla-dizlerimin-ustunde-saxladilar-tehqir-etdiler\/","url":"https:\/\/www.meydan.tv\/az\/article\/bextiyar-haciyev-polis-idaresinde-meni-saatlarla-dizlerimin-ustunde-saxladilar-tehqir-etdiler\/","name":"B\u0259xtiyar Hac\u0131yev: \u201cPolis idar\u0259sind\u0259 m\u0259ni saatlarla dizl\u0259rimin \u00fcst\u00fcnd\u0259 saxlad\u0131lar, t\u0259hqir etdil\u0259r\u201d - MEYDAN.TV","isPartOf":{"@id":"https:\/\/www.meydan.tv\/az\/#website"},"primaryImageOfPage":{"@id":"https:\/\/www.meydan.tv\/az\/article\/bextiyar-haciyev-polis-idaresinde-meni-saatlarla-dizlerimin-ustunde-saxladilar-tehqir-etdiler\/#primaryimage"},"image":{"@id":"https:\/\/www.meydan.tv\/az\/article\/bextiyar-haciyev-polis-idaresinde-meni-saatlarla-dizlerimin-ustunde-saxladilar-tehqir-etdiler\/#primaryimage"},"thumbnailUrl":"https:\/\/www.meydan.tv\/wp-content\/uploads\/image_from_ios-19-scaled-e1646852208928.jpg","datePublished":"2022-03-09T18:59:32+00:00","dateModified":"2022-03-09T18:59:33+00:00","breadcrumb":{"@id":"https:\/\/www.meydan.tv\/az\/article\/bextiyar-haciyev-polis-idaresinde-meni-saatlarla-dizlerimin-ustunde-saxladilar-tehqir-etdiler\/#breadcrumb"},"inLanguage":"az","potentialAction":[{"@type":"ReadAction","target":["https:\/\/www.meydan.tv\/az\/article\/bextiyar-haciyev-polis-idaresinde-meni-saatlarla-dizlerimin-ustunde-saxladilar-tehqir-etdiler\/"]}]},{"@type":"ImageObject","inLanguage":"az","@id":"https:\/\/www.meydan.tv\/az\/article\/bextiyar-haciyev-polis-idaresinde-meni-saatlarla-dizlerimin-ustunde-saxladilar-tehqir-etdiler\/#primaryimage","url":"https:\/\/www.meydan.tv\/wp-content\/uploads\/image_from_ios-19-scaled-e1646852208928.jpg","contentUrl":"https:\/\/www.meydan.tv\/wp-content\/uploads\/image_from_ios-19-scaled-e1646852208928.jpg","width":2560,"height":1184,"caption":"Foto: Meydan TV"},{"@type":"BreadcrumbList","@id":"https:\/\/www.meydan.tv\/az\/article\/bextiyar-haciyev-polis-idaresinde-meni-saatlarla-dizlerimin-ustunde-saxladilar-tehqir-etdiler\/#breadcrumb","itemListElement":[{"@type":"ListItem","position":1,"name":"Ana s\u0259hif\u0259","item":"https:\/\/www.meydan.tv\/az\/"},{"@type":"ListItem","position":2,"name":"Siyas\u0259t","item":"https:\/\/www.meydan.tv\/az\/section\/siyaset\/"},{"@type":"ListItem","position":3,"name":"B\u0259xtiyar Hac\u0131yev: \u201cPolis idar\u0259sind\u0259 m\u0259ni saatlarla dizl\u0259rimin \u00fcst\u00fcnd\u0259 saxlad\u0131lar, t\u0259hqir etdil\u0259r\u201d"}]},{"@type":"WebSite","@id":"https:\/\/www.meydan.tv\/az\/#website","url":"https:\/\/www.meydan.tv\/az\/","name":"MEYDAN.TV","description":"Meydan TV Az\u0259rbaycan\u0131n media m\u0259kan\u0131ndak\u0131 alternativ s\u0259sidir","publisher":{"@id":"https:\/\/www.meydan.tv\/az\/#organization"},"potentialAction":[{"@type":"SearchAction","target":{"@type":"EntryPoint","urlTemplate":"https:\/\/www.meydan.tv\/az\/?s={search_term_string}"},"query-input":{"@type":"PropertyValueSpecification","valueRequired":true,"valueName":"search_term_string"}}],"inLanguage":"az"},{"@type":"Organization","@id":"https:\/\/www.meydan.tv\/az\/#organization","name":"Meydan TV","url":"https:\/\/www.meydan.tv\/az\/","logo":{"@type":"ImageObject","inLanguage":"az","@id":"https:\/\/www.meydan.tv\/az\/#\/schema\/logo\/image\/","url":"https:\/\/www.meydan.tv\/wp-content\/uploads\/2021\/07\/meydan-logo.svg","contentUrl":"https:\/\/www.meydan.tv\/wp-content\/uploads\/2021\/07\/meydan-logo.svg","width":195,"height":46,"caption":"Meydan TV"},"image":{"@id":"https:\/\/www.meydan.tv\/az\/#\/schema\/logo\/image\/"}},{"@type":"Person","@id":"https:\/\/www.meydan.tv\/az\/#\/schema\/person\/9cdbecf90d17180ce1dfbd95b08dcf47","name":"elli","sameAs":["https:\/\/x.com\/elli"]}]}},"_links":{"self":[{"href":"https:\/\/www.meydan.tv\/az\/wp-json\/wp\/v2\/posts\/237832","targetHints":{"allow":["GET"]}}],"collection":[{"href":"https:\/\/www.meydan.tv\/az\/wp-json\/wp\/v2\/posts"}],"about":[{"href":"https:\/\/www.meydan.tv\/az\/wp-json\/wp\/v2\/types\/post"}],"author":[{"embeddable":true,"href":"https:\/\/www.meydan.tv\/az\/wp-json\/wp\/v2\/users\/8"}],"replies":[{"embeddable":true,"href":"https:\/\/www.meydan.tv\/az\/wp-json\/wp\/v2\/comments?post=237832"}],"version-history":[{"count":1,"href":"https:\/\/www.meydan.tv\/az\/wp-json\/wp\/v2\/posts\/237832\/revisions"}],"predecessor-version":[{"id":237833,"href":"https:\/\/www.meydan.tv\/az\/wp-json\/wp\/v2\/posts\/237832\/revisions\/237833"}],"wp:featuredmedia":[{"embeddable":true,"href":"https:\/\/www.meydan.tv\/az\/wp-json\/wp\/v2\/media\/237829"}],"wp:attachment":[{"href":"https:\/\/www.meydan.tv\/az\/wp-json\/wp\/v2\/media?parent=237832"}],"wp:term":[{"taxonomy":"category","embeddable":true,"href":"https:\/\/www.meydan.tv\/az\/wp-json\/wp\/v2\/categories?post=237832"},{"taxonomy":"post_tag","embeddable":true,"href":"https:\/\/www.meydan.tv\/az\/wp-json\/wp\/v2\/tags?post=237832"}],"curies":[{"name":"wp","href":"https:\/\/api.w.org\/{rel}","templated":true}]}}