{"id":237805,"date":"2022-03-09T18:01:04","date_gmt":"2022-03-09T14:01:04","guid":{"rendered":"https:\/\/www.meydan.tv\/?p=237805"},"modified":"2022-03-09T18:01:07","modified_gmt":"2022-03-09T14:01:07","slug":"zelenski-qerbi-polsanin-teklifini-deyerlendirmeye-cagirdi","status":"publish","type":"post","link":"https:\/\/www.meydan.tv\/az\/article\/zelenski-qerbi-polsanin-teklifini-deyerlendirmeye-cagirdi\/","title":{"rendered":"Zelenski Q\u0259rbi Pol\u015fan\u0131n t\u0259klifini d\u0259y\u0259rl\u0259ndirm\u0259y\u0259 \u00e7a\u011f\u0131rd\u0131"},"content":{"rendered":"\n<p><em>\u201cRusiya 14 g\u00fcn \u00f6nc\u0259 ba\u015flatd\u0131\u011f\u0131 h\u0259rbi m\u00fcdaxil\u0259ni s\u00fcr\u0259tl\u0259ndirib\u201d<\/em><\/p>\n\n\n\n<p>Ukrayna Prezidenti Volodimir Zelenski Q\u0259rb \u00f6lk\u0259l\u0259rini Pol\u015fan\u0131n t\u0259klifini t\u0259cili d\u0259y\u0259rl\u0259ndirm\u0259y\u0259 <a href=\"https:\/\/www.radiosvoboda.org\/a\/news-litaky-zelenskyi\/31744517.html\" target=\"_blank\" rel=\"noreferrer noopener\">\u00e7a\u011f\u0131r\u0131b<\/a>.<br>\u201cTezlikl\u0259 Ukraynan\u0131 m\u00fcdafi\u0259 etm\u0259k \u00fc\u00e7\u00fcn qeyri-u\u00e7u\u015f zonas\u0131 elan edilm\u0259s\u0259, beyn\u0259lxalq ictimaiyy\u0259t k\u00fctl\u0259vi humanitar f\u0259lak\u0259t\u0259 g\u00f6r\u0259 m\u0259suliyy\u0259t da\u015f\u0131yacaq\u201d.<br><\/p>\n\n\n\n<p>Zelenski mart\u0131n 9-da televiziyada etdiyi <a href=\"https:\/\/www.president.gov.ua\/en\/news\/ukrayinci-vistoyali-j-nadihnuli-ves-svit-svoyeyu-rishuchisty-73457\" target=\"_blank\" rel=\"noreferrer noopener\">\u00e7\u0131x\u0131\u015f<\/a>\u0131nda bel\u0259 deyib. Bildirib ki, Rusiya 14 g\u00fcn \u00f6nc\u0259 ba\u015flatd\u0131\u011f\u0131 h\u0259rbi m\u00fcdaxil\u0259ni s\u00fcr\u0259tl\u0259ndirib:<br><\/p>\n\n\n\n<p>\u201c\u0130nsanlar \u00f6l\u00fcr, \u015f\u0259h\u0259rl\u0259r da\u011f\u0131l\u0131r. D\u00fcnya bunu yaln\u0131z izl\u0259m\u0259kl\u0259 m\u0259\u015f\u011ful olmamal\u0131d\u0131r\u201d.<br><\/p>\n\n\n\n<p>Prezident \u0259lav\u0259 edib ki, Rusiya bu g\u00fcn Ukraynan\u0131n dinc sakinl\u0259rini h\u0259d\u0259f al\u0131b:<br><\/p>\n\n\n\n<p>\u201c\u015e\u0259h\u0259rl\u0259rimiz\u0259, infrastrukturumuza qar\u015f\u0131 raketl\u0259rd\u0259n, t\u0259yyar\u0259l\u0259rd\u0259n, vertolyotlardan istifad\u0259 edir. Buna cavab verm\u0259k d\u00fcnyan\u0131n humanitar borcudur\u201d, \u2013 Zelenski bildirib.<br><\/p>\n\n\n\n<p>NATO Rusiya il\u0259 m\u00fcharib\u0259nin geni\u015fl\u0259n\u0259 bil\u0259c\u0259yini \u0259sas g\u0259tir\u0259r\u0259k s\u0259man\u0131 ba\u011flamaqdan imtina edib.<br><\/p>\n\n\n\n<p>Pol\u015fa Ukraynan\u0131 MiQ-29 q\u0131r\u0131c\u0131lar\u0131 il\u0259 t\u0259dar\u00fck etm\u0259y\u0259 haz\u0131r oldu\u011funu a\u00e7\u0131qlay\u0131b. Lakin bunu NATO \u00e7\u0259r\u00e7iv\u0259sind\u0259 ed\u0259 bil\u0259c\u0259yini bildirib.<br><\/p>\n\n\n\n<p>Pol\u015fa t\u0259klifind\u0259 bildirib ki, \u00f6z\u00fcn\u00fcn sovet istehsal\u0131 MiQ-29 q\u0131r\u0131c\u0131lar\u0131n\u0131 AB\u015e-\u0131n Almaniyadak\u0131 Ram\u015fteyn hava bazas\u0131 vasit\u0259sil\u0259 Ukraynaya g\u00f6nd\u0259r\u0259 bil\u0259r. Lakin Va\u015finqton bel\u0259 bir add\u0131m\u0131n m\u00fcnaqi\u015f\u0259ni d\u0259rinl\u0259\u015fdir\u0259 bil\u0259c\u0259yind\u0259n ehtiyatlan\u0131r.<br><\/p>\n\n\n\n<p>MiQ-29 q\u0131r\u0131c\u0131lar\u0131 Rusiya istehsal\u0131d\u0131r. Ukrayna pilotlar\u0131 bu t\u0259yyar\u0259l\u0259ri s\u00fcrm\u0259k \u00fczr\u0259 t\u0259lim ke\u00e7ibl\u0259r.<\/p>\n","protected":false},"excerpt":{"rendered":"<p>\u201cRusiya 14 g\u00fcn \u00f6nc\u0259 ba\u015flatd\u0131\u011f\u0131 h\u0259rbi m\u00fcdaxil\u0259ni s\u00fcr\u0259tl\u0259ndirib\u201d Ukrayna Prezidenti &#8230; <\/p>\n<p class=\"read-more-container\"><a title=\"Zelenski Q\u0259rbi Pol\u015fan\u0131n t\u0259klifini d\u0259y\u0259rl\u0259ndirm\u0259y\u0259 \u00e7a\u011f\u0131rd\u0131\" class=\"read-more button\" href=\"https:\/\/www.meydan.tv\/az\/article\/zelenski-qerbi-polsanin-teklifini-deyerlendirmeye-cagirdi\/#more-237805\" aria-label=\"Read more about Zelenski Q\u0259rbi Pol\u015fan\u0131n t\u0259klifini d\u0259y\u0259rl\u0259ndirm\u0259y\u0259 \u00e7a\u011f\u0131rd\u0131\">Davam\u0131<\/a><\/p>\n","protected":false},"author":8,"featured_media":235804,"comment_status":"closed","ping_status":"closed","sticky":false,"template":"","format":"standard","meta":{"_acf_changed":false,"_sitemap_exclude":false,"_sitemap_priority":"","_sitemap_frequency":"","footnotes":""},"categories":[64,56],"tags":[],"class_list":["post-237805","post","type-post","status-publish","format-standard","has-post-thumbnail","hentry","category-dunya","category-xeberler","infinite-scroll-item","generate-columns","tablet-grid-50","mobile-grid-100","grid-parent","grid-33","no-featured-image-padding"],"acf":[],"yoast_head":"<!-- This site is optimized with the Yoast SEO plugin v27.5 - https:\/\/yoast.com\/product\/yoast-seo-wordpress\/ -->\n<title>Zelenski Q\u0259rbi Pol\u015fan\u0131n t\u0259klifini d\u0259y\u0259rl\u0259ndirm\u0259y\u0259 \u00e7a\u011f\u0131rd\u0131 - MEYDAN.TV<\/title>\n<meta name=\"robots\" content=\"index, follow, max-snippet:-1, max-image-preview:large, max-video-preview:-1\" \/>\n<link rel=\"canonical\" href=\"https:\/\/www.meydan.tv\/az\/article\/zelenski-qerbi-polsanin-teklifini-deyerlendirmeye-cagirdi\/\" \/>\n<meta property=\"og:locale\" content=\"az_AZ\" \/>\n<meta property=\"og:type\" content=\"article\" \/>\n<meta property=\"og:title\" content=\"Zelenski Q\u0259rbi Pol\u015fan\u0131n t\u0259klifini d\u0259y\u0259rl\u0259ndirm\u0259y\u0259 \u00e7a\u011f\u0131rd\u0131 - MEYDAN.TV\" \/>\n<meta property=\"og:description\" content=\"\u201cRusiya 14 g\u00fcn \u00f6nc\u0259 ba\u015flatd\u0131\u011f\u0131 h\u0259rbi m\u00fcdaxil\u0259ni s\u00fcr\u0259tl\u0259ndirib\u201d Ukrayna Prezidenti ... Davam\u0131\" \/>\n<meta property=\"og:url\" content=\"https:\/\/www.meydan.tv\/az\/article\/zelenski-qerbi-polsanin-teklifini-deyerlendirmeye-cagirdi\/\" \/>\n<meta property=\"og:site_name\" content=\"MEYDAN.TV\" \/>\n<meta property=\"article:published_time\" content=\"2022-03-09T14:01:04+00:00\" \/>\n<meta property=\"article:modified_time\" content=\"2022-03-09T14:01:07+00:00\" \/>\n<meta property=\"og:image\" content=\"https:\/\/www.meydan.tv\/wp-content\/uploads\/image_from_ios-12-scaled.jpg\" \/>\n\t<meta property=\"og:image:width\" content=\"2560\" \/>\n\t<meta property=\"og:image:height\" content=\"1440\" \/>\n\t<meta property=\"og:image:type\" content=\"image\/jpeg\" \/>\n<meta name=\"author\" content=\"elli\" \/>\n<meta name=\"twitter:card\" content=\"summary_large_image\" \/>\n<meta name=\"twitter:creator\" content=\"@elli\" \/>\n<script type=\"application\/ld+json\" class=\"yoast-schema-graph\">{\"@context\":\"https:\\\/\\\/schema.org\",\"@graph\":[{\"@type\":\"Article\",\"@id\":\"https:\\\/\\\/www.meydan.tv\\\/az\\\/article\\\/zelenski-qerbi-polsanin-teklifini-deyerlendirmeye-cagirdi\\\/#article\",\"isPartOf\":{\"@id\":\"https:\\\/\\\/www.meydan.tv\\\/az\\\/article\\\/zelenski-qerbi-polsanin-teklifini-deyerlendirmeye-cagirdi\\\/\"},\"author\":{\"name\":\"elli\",\"@id\":\"https:\\\/\\\/www.meydan.tv\\\/az\\\/#\\\/schema\\\/person\\\/9cdbecf90d17180ce1dfbd95b08dcf47\"},\"headline\":\"Zelenski Q\u0259rbi Pol\u015fan\u0131n t\u0259klifini d\u0259y\u0259rl\u0259ndirm\u0259y\u0259 \u00e7a\u011f\u0131rd\u0131\",\"datePublished\":\"2022-03-09T14:01:04+00:00\",\"dateModified\":\"2022-03-09T14:01:07+00:00\",\"mainEntityOfPage\":{\"@id\":\"https:\\\/\\\/www.meydan.tv\\\/az\\\/article\\\/zelenski-qerbi-polsanin-teklifini-deyerlendirmeye-cagirdi\\\/\"},\"wordCount\":312,\"publisher\":{\"@id\":\"https:\\\/\\\/www.meydan.tv\\\/az\\\/#organization\"},\"image\":{\"@id\":\"https:\\\/\\\/www.meydan.tv\\\/az\\\/article\\\/zelenski-qerbi-polsanin-teklifini-deyerlendirmeye-cagirdi\\\/#primaryimage\"},\"thumbnailUrl\":\"https:\\\/\\\/www.meydan.tv\\\/wp-content\\\/uploads\\\/image_from_ios-12-scaled-e1714830298213.jpg\",\"articleSection\":[\"D\u00fcnya\",\"X\u0259b\u0259rl\u0259r\"],\"inLanguage\":\"az\"},{\"@type\":\"WebPage\",\"@id\":\"https:\\\/\\\/www.meydan.tv\\\/az\\\/article\\\/zelenski-qerbi-polsanin-teklifini-deyerlendirmeye-cagirdi\\\/\",\"url\":\"https:\\\/\\\/www.meydan.tv\\\/az\\\/article\\\/zelenski-qerbi-polsanin-teklifini-deyerlendirmeye-cagirdi\\\/\",\"name\":\"Zelenski Q\u0259rbi Pol\u015fan\u0131n t\u0259klifini d\u0259y\u0259rl\u0259ndirm\u0259y\u0259 \u00e7a\u011f\u0131rd\u0131 - MEYDAN.TV\",\"isPartOf\":{\"@id\":\"https:\\\/\\\/www.meydan.tv\\\/az\\\/#website\"},\"primaryImageOfPage\":{\"@id\":\"https:\\\/\\\/www.meydan.tv\\\/az\\\/article\\\/zelenski-qerbi-polsanin-teklifini-deyerlendirmeye-cagirdi\\\/#primaryimage\"},\"image\":{\"@id\":\"https:\\\/\\\/www.meydan.tv\\\/az\\\/article\\\/zelenski-qerbi-polsanin-teklifini-deyerlendirmeye-cagirdi\\\/#primaryimage\"},\"thumbnailUrl\":\"https:\\\/\\\/www.meydan.tv\\\/wp-content\\\/uploads\\\/image_from_ios-12-scaled-e1714830298213.jpg\",\"datePublished\":\"2022-03-09T14:01:04+00:00\",\"dateModified\":\"2022-03-09T14:01:07+00:00\",\"breadcrumb\":{\"@id\":\"https:\\\/\\\/www.meydan.tv\\\/az\\\/article\\\/zelenski-qerbi-polsanin-teklifini-deyerlendirmeye-cagirdi\\\/#breadcrumb\"},\"inLanguage\":\"az\",\"potentialAction\":[{\"@type\":\"ReadAction\",\"target\":[\"https:\\\/\\\/www.meydan.tv\\\/az\\\/article\\\/zelenski-qerbi-polsanin-teklifini-deyerlendirmeye-cagirdi\\\/\"]}]},{\"@type\":\"ImageObject\",\"inLanguage\":\"az\",\"@id\":\"https:\\\/\\\/www.meydan.tv\\\/az\\\/article\\\/zelenski-qerbi-polsanin-teklifini-deyerlendirmeye-cagirdi\\\/#primaryimage\",\"url\":\"https:\\\/\\\/www.meydan.tv\\\/wp-content\\\/uploads\\\/image_from_ios-12-scaled-e1714830298213.jpg\",\"contentUrl\":\"https:\\\/\\\/www.meydan.tv\\\/wp-content\\\/uploads\\\/image_from_ios-12-scaled-e1714830298213.jpg\",\"width\":2560,\"height\":1228,\"caption\":\"V.Zelenski. Foto: Meydan TV\"},{\"@type\":\"BreadcrumbList\",\"@id\":\"https:\\\/\\\/www.meydan.tv\\\/az\\\/article\\\/zelenski-qerbi-polsanin-teklifini-deyerlendirmeye-cagirdi\\\/#breadcrumb\",\"itemListElement\":[{\"@type\":\"ListItem\",\"position\":1,\"name\":\"Ana s\u0259hif\u0259\",\"item\":\"https:\\\/\\\/www.meydan.tv\\\/az\\\/\"},{\"@type\":\"ListItem\",\"position\":2,\"name\":\"D\u00fcnya\",\"item\":\"https:\\\/\\\/www.meydan.tv\\\/az\\\/section\\\/dunya\\\/\"},{\"@type\":\"ListItem\",\"position\":3,\"name\":\"Zelenski Q\u0259rbi Pol\u015fan\u0131n t\u0259klifini d\u0259y\u0259rl\u0259ndirm\u0259y\u0259 \u00e7a\u011f\u0131rd\u0131\"}]},{\"@type\":\"WebSite\",\"@id\":\"https:\\\/\\\/www.meydan.tv\\\/az\\\/#website\",\"url\":\"https:\\\/\\\/www.meydan.tv\\\/az\\\/\",\"name\":\"MEYDAN.TV\",\"description\":\"Meydan TV Az\u0259rbaycan\u0131n media m\u0259kan\u0131ndak\u0131 alternativ s\u0259sidir\",\"publisher\":{\"@id\":\"https:\\\/\\\/www.meydan.tv\\\/az\\\/#organization\"},\"potentialAction\":[{\"@type\":\"SearchAction\",\"target\":{\"@type\":\"EntryPoint\",\"urlTemplate\":\"https:\\\/\\\/www.meydan.tv\\\/az\\\/?s={search_term_string}\"},\"query-input\":{\"@type\":\"PropertyValueSpecification\",\"valueRequired\":true,\"valueName\":\"search_term_string\"}}],\"inLanguage\":\"az\"},{\"@type\":\"Organization\",\"@id\":\"https:\\\/\\\/www.meydan.tv\\\/az\\\/#organization\",\"name\":\"Meydan TV\",\"url\":\"https:\\\/\\\/www.meydan.tv\\\/az\\\/\",\"logo\":{\"@type\":\"ImageObject\",\"inLanguage\":\"az\",\"@id\":\"https:\\\/\\\/www.meydan.tv\\\/az\\\/#\\\/schema\\\/logo\\\/image\\\/\",\"url\":\"https:\\\/\\\/www.meydan.tv\\\/wp-content\\\/uploads\\\/2021\\\/07\\\/meydan-logo.svg\",\"contentUrl\":\"https:\\\/\\\/www.meydan.tv\\\/wp-content\\\/uploads\\\/2021\\\/07\\\/meydan-logo.svg\",\"width\":195,\"height\":46,\"caption\":\"Meydan TV\"},\"image\":{\"@id\":\"https:\\\/\\\/www.meydan.tv\\\/az\\\/#\\\/schema\\\/logo\\\/image\\\/\"}},{\"@type\":\"Person\",\"@id\":\"https:\\\/\\\/www.meydan.tv\\\/az\\\/#\\\/schema\\\/person\\\/9cdbecf90d17180ce1dfbd95b08dcf47\",\"name\":\"elli\",\"sameAs\":[\"https:\\\/\\\/x.com\\\/elli\"]}]}<\/script>\n<!-- \/ Yoast SEO plugin. -->","yoast_head_json":{"title":"Zelenski Q\u0259rbi Pol\u015fan\u0131n t\u0259klifini d\u0259y\u0259rl\u0259ndirm\u0259y\u0259 \u00e7a\u011f\u0131rd\u0131 - MEYDAN.TV","robots":{"index":"index","follow":"follow","max-snippet":"max-snippet:-1","max-image-preview":"max-image-preview:large","max-video-preview":"max-video-preview:-1"},"canonical":"https:\/\/www.meydan.tv\/az\/article\/zelenski-qerbi-polsanin-teklifini-deyerlendirmeye-cagirdi\/","og_locale":"az_AZ","og_type":"article","og_title":"Zelenski Q\u0259rbi Pol\u015fan\u0131n t\u0259klifini d\u0259y\u0259rl\u0259ndirm\u0259y\u0259 \u00e7a\u011f\u0131rd\u0131 - MEYDAN.TV","og_description":"\u201cRusiya 14 g\u00fcn \u00f6nc\u0259 ba\u015flatd\u0131\u011f\u0131 h\u0259rbi m\u00fcdaxil\u0259ni s\u00fcr\u0259tl\u0259ndirib\u201d Ukrayna Prezidenti ... Davam\u0131","og_url":"https:\/\/www.meydan.tv\/az\/article\/zelenski-qerbi-polsanin-teklifini-deyerlendirmeye-cagirdi\/","og_site_name":"MEYDAN.TV","article_published_time":"2022-03-09T14:01:04+00:00","article_modified_time":"2022-03-09T14:01:07+00:00","og_image":[{"width":2560,"height":1440,"url":"https:\/\/www.meydan.tv\/wp-content\/uploads\/image_from_ios-12-scaled.jpg","type":"image\/jpeg"}],"author":"elli","twitter_card":"summary_large_image","twitter_creator":"@elli","schema":{"@context":"https:\/\/schema.org","@graph":[{"@type":"Article","@id":"https:\/\/www.meydan.tv\/az\/article\/zelenski-qerbi-polsanin-teklifini-deyerlendirmeye-cagirdi\/#article","isPartOf":{"@id":"https:\/\/www.meydan.tv\/az\/article\/zelenski-qerbi-polsanin-teklifini-deyerlendirmeye-cagirdi\/"},"author":{"name":"elli","@id":"https:\/\/www.meydan.tv\/az\/#\/schema\/person\/9cdbecf90d17180ce1dfbd95b08dcf47"},"headline":"Zelenski Q\u0259rbi Pol\u015fan\u0131n t\u0259klifini d\u0259y\u0259rl\u0259ndirm\u0259y\u0259 \u00e7a\u011f\u0131rd\u0131","datePublished":"2022-03-09T14:01:04+00:00","dateModified":"2022-03-09T14:01:07+00:00","mainEntityOfPage":{"@id":"https:\/\/www.meydan.tv\/az\/article\/zelenski-qerbi-polsanin-teklifini-deyerlendirmeye-cagirdi\/"},"wordCount":312,"publisher":{"@id":"https:\/\/www.meydan.tv\/az\/#organization"},"image":{"@id":"https:\/\/www.meydan.tv\/az\/article\/zelenski-qerbi-polsanin-teklifini-deyerlendirmeye-cagirdi\/#primaryimage"},"thumbnailUrl":"https:\/\/www.meydan.tv\/wp-content\/uploads\/image_from_ios-12-scaled-e1714830298213.jpg","articleSection":["D\u00fcnya","X\u0259b\u0259rl\u0259r"],"inLanguage":"az"},{"@type":"WebPage","@id":"https:\/\/www.meydan.tv\/az\/article\/zelenski-qerbi-polsanin-teklifini-deyerlendirmeye-cagirdi\/","url":"https:\/\/www.meydan.tv\/az\/article\/zelenski-qerbi-polsanin-teklifini-deyerlendirmeye-cagirdi\/","name":"Zelenski Q\u0259rbi Pol\u015fan\u0131n t\u0259klifini d\u0259y\u0259rl\u0259ndirm\u0259y\u0259 \u00e7a\u011f\u0131rd\u0131 - MEYDAN.TV","isPartOf":{"@id":"https:\/\/www.meydan.tv\/az\/#website"},"primaryImageOfPage":{"@id":"https:\/\/www.meydan.tv\/az\/article\/zelenski-qerbi-polsanin-teklifini-deyerlendirmeye-cagirdi\/#primaryimage"},"image":{"@id":"https:\/\/www.meydan.tv\/az\/article\/zelenski-qerbi-polsanin-teklifini-deyerlendirmeye-cagirdi\/#primaryimage"},"thumbnailUrl":"https:\/\/www.meydan.tv\/wp-content\/uploads\/image_from_ios-12-scaled-e1714830298213.jpg","datePublished":"2022-03-09T14:01:04+00:00","dateModified":"2022-03-09T14:01:07+00:00","breadcrumb":{"@id":"https:\/\/www.meydan.tv\/az\/article\/zelenski-qerbi-polsanin-teklifini-deyerlendirmeye-cagirdi\/#breadcrumb"},"inLanguage":"az","potentialAction":[{"@type":"ReadAction","target":["https:\/\/www.meydan.tv\/az\/article\/zelenski-qerbi-polsanin-teklifini-deyerlendirmeye-cagirdi\/"]}]},{"@type":"ImageObject","inLanguage":"az","@id":"https:\/\/www.meydan.tv\/az\/article\/zelenski-qerbi-polsanin-teklifini-deyerlendirmeye-cagirdi\/#primaryimage","url":"https:\/\/www.meydan.tv\/wp-content\/uploads\/image_from_ios-12-scaled-e1714830298213.jpg","contentUrl":"https:\/\/www.meydan.tv\/wp-content\/uploads\/image_from_ios-12-scaled-e1714830298213.jpg","width":2560,"height":1228,"caption":"V.Zelenski. Foto: Meydan TV"},{"@type":"BreadcrumbList","@id":"https:\/\/www.meydan.tv\/az\/article\/zelenski-qerbi-polsanin-teklifini-deyerlendirmeye-cagirdi\/#breadcrumb","itemListElement":[{"@type":"ListItem","position":1,"name":"Ana s\u0259hif\u0259","item":"https:\/\/www.meydan.tv\/az\/"},{"@type":"ListItem","position":2,"name":"D\u00fcnya","item":"https:\/\/www.meydan.tv\/az\/section\/dunya\/"},{"@type":"ListItem","position":3,"name":"Zelenski Q\u0259rbi Pol\u015fan\u0131n t\u0259klifini d\u0259y\u0259rl\u0259ndirm\u0259y\u0259 \u00e7a\u011f\u0131rd\u0131"}]},{"@type":"WebSite","@id":"https:\/\/www.meydan.tv\/az\/#website","url":"https:\/\/www.meydan.tv\/az\/","name":"MEYDAN.TV","description":"Meydan TV Az\u0259rbaycan\u0131n media m\u0259kan\u0131ndak\u0131 alternativ s\u0259sidir","publisher":{"@id":"https:\/\/www.meydan.tv\/az\/#organization"},"potentialAction":[{"@type":"SearchAction","target":{"@type":"EntryPoint","urlTemplate":"https:\/\/www.meydan.tv\/az\/?s={search_term_string}"},"query-input":{"@type":"PropertyValueSpecification","valueRequired":true,"valueName":"search_term_string"}}],"inLanguage":"az"},{"@type":"Organization","@id":"https:\/\/www.meydan.tv\/az\/#organization","name":"Meydan TV","url":"https:\/\/www.meydan.tv\/az\/","logo":{"@type":"ImageObject","inLanguage":"az","@id":"https:\/\/www.meydan.tv\/az\/#\/schema\/logo\/image\/","url":"https:\/\/www.meydan.tv\/wp-content\/uploads\/2021\/07\/meydan-logo.svg","contentUrl":"https:\/\/www.meydan.tv\/wp-content\/uploads\/2021\/07\/meydan-logo.svg","width":195,"height":46,"caption":"Meydan TV"},"image":{"@id":"https:\/\/www.meydan.tv\/az\/#\/schema\/logo\/image\/"}},{"@type":"Person","@id":"https:\/\/www.meydan.tv\/az\/#\/schema\/person\/9cdbecf90d17180ce1dfbd95b08dcf47","name":"elli","sameAs":["https:\/\/x.com\/elli"]}]}},"_links":{"self":[{"href":"https:\/\/www.meydan.tv\/az\/wp-json\/wp\/v2\/posts\/237805","targetHints":{"allow":["GET"]}}],"collection":[{"href":"https:\/\/www.meydan.tv\/az\/wp-json\/wp\/v2\/posts"}],"about":[{"href":"https:\/\/www.meydan.tv\/az\/wp-json\/wp\/v2\/types\/post"}],"author":[{"embeddable":true,"href":"https:\/\/www.meydan.tv\/az\/wp-json\/wp\/v2\/users\/8"}],"replies":[{"embeddable":true,"href":"https:\/\/www.meydan.tv\/az\/wp-json\/wp\/v2\/comments?post=237805"}],"version-history":[{"count":1,"href":"https:\/\/www.meydan.tv\/az\/wp-json\/wp\/v2\/posts\/237805\/revisions"}],"predecessor-version":[{"id":237806,"href":"https:\/\/www.meydan.tv\/az\/wp-json\/wp\/v2\/posts\/237805\/revisions\/237806"}],"wp:featuredmedia":[{"embeddable":true,"href":"https:\/\/www.meydan.tv\/az\/wp-json\/wp\/v2\/media\/235804"}],"wp:attachment":[{"href":"https:\/\/www.meydan.tv\/az\/wp-json\/wp\/v2\/media?parent=237805"}],"wp:term":[{"taxonomy":"category","embeddable":true,"href":"https:\/\/www.meydan.tv\/az\/wp-json\/wp\/v2\/categories?post=237805"},{"taxonomy":"post_tag","embeddable":true,"href":"https:\/\/www.meydan.tv\/az\/wp-json\/wp\/v2\/tags?post=237805"}],"curies":[{"name":"wp","href":"https:\/\/api.w.org\/{rel}","templated":true}]}}