{"id":237773,"date":"2022-03-09T16:21:05","date_gmt":"2022-03-09T12:21:05","guid":{"rendered":"https:\/\/www.meydan.tv\/?p=237773"},"modified":"2022-03-09T16:21:07","modified_gmt":"2022-03-09T12:21:07","slug":"ukrayna-bas-prokurorlugu-rusiyali-jurnalisti-axtarisa-verib","status":"publish","type":"post","link":"https:\/\/www.meydan.tv\/az\/article\/ukrayna-bas-prokurorlugu-rusiyali-jurnalisti-axtarisa-verib\/","title":{"rendered":"Ukrayna Ba\u015f Prokurorlu\u011fu rusiyal\u0131 jurnalisti axtar\u0131\u015fa verib"},"content":{"rendered":"\n<p><em>Tina Kandelakiy\u0259 \u201c\u00f6lk\u0259nin \u0259razi b\u00fct\u00f6vl\u00fcy\u00fcn\u00fc pozma\u011fa \u00e7a\u011f\u0131r\u0131\u015flar\u201d ittiham\u0131 ir\u0259li s\u00fcr\u00fcl\u00fcb<\/em><br><\/p>\n\n\n\n<p>Ukrayna Ba\u015f Prokurorlu\u011fu \u0259sl\u0259n g\u00fcrc\u00fc olan rusiyal\u0131 jurnalist Tina Kandelakini beyn\u0259lxalq axtar\u0131\u015fa verib.<br><\/p>\n\n\n\n<p>Bu bar\u0259d\u0259 Ukraynan\u0131n Ba\u015f prokuroru \u0130rina Venediktova \u201cFacebook\u201dda yaz\u0131b.<br><\/p>\n\n\n\n<p>O, Tina Kandelakini Kreml h\u0259rbi ma\u015f\u0131n\u0131n\u0131n ideya v\u0259 \u015f\u00fcarlar\u0131n\u0131n \u0259sas paylay\u0131c\u0131s\u0131 adland\u0131r\u0131b.<br>Onun s\u00f6zl\u0259rin\u0259 g\u00f6r\u0259, prokurorlar jurnalistin \u201cTelegram\u201d kanal\u0131n\u0131 t\u0259hlil ed\u0259rk\u0259n bel\u0259 q\u0259na\u0259t\u0259 <a href=\"https:\/\/www.facebook.com\/irina.venediktova.31\/posts\/5279505148729044\" target=\"_blank\" rel=\"noreferrer noopener\">g\u0259libl\u0259r<\/a>.<br><\/p>\n\n\n\n<p>Ba\u015f prokuror jurnalist\u0259 qar\u015f\u0131 \u201c\u00f6lk\u0259nin \u0259razi b\u00fct\u00f6vl\u00fcy\u00fcn\u00fc pozma\u011fa \u00e7a\u011f\u0131r\u0131\u015flar\u201d ittiham\u0131n\u0131 ir\u0259li s\u00fcr\u00fcb.<br><\/p>\n\n\n\n<p>Bildirib ki, yax\u0131n vaxtlarda Ukrayna hakimiyy\u0259ti Kandelakini beyn\u0259lxalq axtar\u0131\u015fa ver\u0259c\u0259k.<br><\/p>\n\n\n\n<p>Tina Kandelaki \u201cTelagram\u201d kanal\u0131nda Ukrayna Ba\u015f Prokurorlu\u011funun ona qar\u015f\u0131 ir\u0259li s\u00fcrd\u00fcy\u00fc ittihamlar\u0131n yalan oldu\u011funu <a href=\"https:\/\/t.me\/tikandelaki\/11571\" target=\"_blank\" rel=\"noreferrer noopener\">yaz\u0131b<\/a>.<br><\/p>\n\n\n\n<div class=\"wp-block-image\"><figure class=\"alignright size-full is-resized\"><img decoding=\"async\" data-src=\"https:\/\/www.meydan.tv\/wp-content\/uploads\/shutterstock_24802183.jpg\" alt=\"\" class=\"wp-image-237770 lazyload\" width=\"444\" height=\"296\" src=\"data:image\/svg+xml;base64,PHN2ZyB3aWR0aD0iMSIgaGVpZ2h0PSIxIiB4bWxucz0iaHR0cDovL3d3dy53My5vcmcvMjAwMC9zdmciPjwvc3ZnPg==\" style=\"--smush-placeholder-width: 444px; --smush-placeholder-aspect-ratio: 444\/296;\" \/><figcaption> Tina Kandelaki. Foto: magicinfoto\/shutterstock<\/figcaption><\/figure><\/div>\n\n\n\n<p>O, konfliktl\u0259r fonunda yalan m\u0259lumatlar\u0131n \u00e7ox oldu\u011funu qeyd edib.<br><\/p>\n\n\n\n<p>\u201cBar\u0259md\u0259 yalan dosye haz\u0131rlayan prokurorlar s\u0259ri\u015ft\u0259sizliy\u0259 g\u00f6r\u0259 d\u0259rhal i\u015fd\u0259n qovulmal\u0131d\u0131r\u201d, &#8211; Tina yaz\u0131b.<br>Daha \u00f6nc\u0259 Ukrayna m\u0259hk\u0259m\u0259si rusiyal\u0131 s\u0259n\u0259t\u00e7il\u0259r \u2013 rejissor Nikita Mixalkov v\u0259 m\u00fc\u011f\u0259nni Oleq Qazmanovla ba\u011fl\u0131 h\u0259bs q\u0259rar\u0131 <a href=\"https:\/\/d9mc3ts4czbpr.cloudfront.net\/az\/article\/ukrayna-mehkemesi-iki-rusiyali-senetciye-hebs-qerari-cixarib\/\" target=\"_blank\" rel=\"noreferrer noopener\">verib<\/a>.<br><\/p>\n\n\n\n<p>Buna s\u0259b\u0259b s\u0259n\u0259t\u00e7il\u0259rin Kr\u0131m\u0131n ilhaq\u0131n\u0131 d\u0259st\u0259kl\u0259m\u0259si v\u0259 \u00f6lk\u0259nin \u015f\u0259rqind\u0259ki tan\u0131nmam\u0131\u015f respublikalar\u0131 qoruyan silahl\u0131 \u00fcsyan\u00e7\u0131lar\u0131 m\u00fcdafi\u0259 etm\u0259si olub.<br><\/p>\n\n\n\n<p>Fevral\u0131n 21-d\u0259 ax\u015fam saatlar\u0131nda Rusiya Prezidenti Vladimir Putin separat\u00e7\u0131lar\u0131n n\u0259zar\u0259tind\u0259 olan \u201cDonetsk Xalq Respublikas\u0131\u201d (\u201cDXR\u201d) v\u0259 \u201cLuqansk Xalq Respublikas\u0131\u201d (\u201cLXR\u201d) adl\u0131 qurumlar\u0131 tan\u0131y\u0131b, h\u0259min \u0259razil\u0259r\u0259 ordu yeridib.<br><\/p>\n\n\n\n<p>Fevral\u0131n 24-d\u0259 Prezident Vladimir Putin Ukraynada x\u00fcsusi h\u0259rbi \u0259m\u0259liyyata g\u00f6st\u0259ri\u015f verib.<br>O vur\u011fulay\u0131b ki, Moskvan\u0131n planlar\u0131na Ukrayna \u0259razil\u0259rinin i\u015f\u011fal\u0131 daxil deyil, m\u0259qs\u0259d \u00f6lk\u0259nin demilitarizasiyas\u0131d\u0131r.<br><\/p>\n\n\n\n<p>Daha sonra AB\u015e, Avropa \u0130ttifaq\u0131, B\u00f6y\u00fck Britaniya, el\u0259c\u0259 d\u0259 bir s\u0131ra dig\u0259r d\u00f6vl\u0259tl\u0259r Rusiyaya qar\u015f\u0131 sanksiyalar t\u0259tbiq edib<\/p>\n\n\n\n<p><\/p>\n","protected":false},"excerpt":{"rendered":"<p>Tina Kandelakiy\u0259 \u201c\u00f6lk\u0259nin \u0259razi b\u00fct\u00f6vl\u00fcy\u00fcn\u00fc pozma\u011fa \u00e7a\u011f\u0131r\u0131\u015flar\u201d ittiham\u0131 ir\u0259li s\u00fcr\u00fcl\u00fcb &#8230; <\/p>\n<p class=\"read-more-container\"><a title=\"Ukrayna Ba\u015f Prokurorlu\u011fu rusiyal\u0131 jurnalisti axtar\u0131\u015fa verib\" class=\"read-more button\" href=\"https:\/\/www.meydan.tv\/az\/article\/ukrayna-bas-prokurorlugu-rusiyali-jurnalisti-axtarisa-verib\/#more-237773\" aria-label=\"Read more about Ukrayna Ba\u015f Prokurorlu\u011fu rusiyal\u0131 jurnalisti axtar\u0131\u015fa verib\">Davam\u0131<\/a><\/p>\n","protected":false},"author":8,"featured_media":237774,"comment_status":"closed","ping_status":"closed","sticky":false,"template":"","format":"standard","meta":{"_acf_changed":false,"_sitemap_exclude":false,"_sitemap_priority":"","_sitemap_frequency":"","footnotes":""},"categories":[52,56],"tags":[],"class_list":["post-237773","post","type-post","status-publish","format-standard","has-post-thumbnail","hentry","category-medeniyyet","category-xeberler","infinite-scroll-item","generate-columns","tablet-grid-50","mobile-grid-100","grid-parent","grid-33","no-featured-image-padding"],"acf":[],"yoast_head":"<!-- This site is optimized with the Yoast SEO plugin v27.4 - https:\/\/yoast.com\/product\/yoast-seo-wordpress\/ -->\n<title>Ukrayna Ba\u015f Prokurorlu\u011fu rusiyal\u0131 jurnalisti axtar\u0131\u015fa verib - MEYDAN.TV<\/title>\n<meta name=\"robots\" content=\"index, follow, max-snippet:-1, max-image-preview:large, max-video-preview:-1\" \/>\n<link rel=\"canonical\" href=\"https:\/\/www.meydan.tv\/az\/article\/ukrayna-bas-prokurorlugu-rusiyali-jurnalisti-axtarisa-verib\/\" \/>\n<meta property=\"og:locale\" content=\"az_AZ\" \/>\n<meta property=\"og:type\" content=\"article\" \/>\n<meta property=\"og:title\" content=\"Ukrayna Ba\u015f Prokurorlu\u011fu rusiyal\u0131 jurnalisti axtar\u0131\u015fa verib - MEYDAN.TV\" \/>\n<meta property=\"og:description\" content=\"Tina Kandelakiy\u0259 \u201c\u00f6lk\u0259nin \u0259razi b\u00fct\u00f6vl\u00fcy\u00fcn\u00fc pozma\u011fa \u00e7a\u011f\u0131r\u0131\u015flar\u201d ittiham\u0131 ir\u0259li s\u00fcr\u00fcl\u00fcb ... Davam\u0131\" \/>\n<meta property=\"og:url\" content=\"https:\/\/www.meydan.tv\/az\/article\/ukrayna-bas-prokurorlugu-rusiyali-jurnalisti-axtarisa-verib\/\" \/>\n<meta property=\"og:site_name\" content=\"MEYDAN.TV\" \/>\n<meta property=\"article:published_time\" content=\"2022-03-09T12:21:05+00:00\" \/>\n<meta property=\"article:modified_time\" content=\"2022-03-09T12:21:07+00:00\" \/>\n<meta property=\"og:image\" content=\"https:\/\/www.meydan.tv\/wp-content\/uploads\/shutterstock_1181691934.jpg\" \/>\n\t<meta property=\"og:image:width\" content=\"1200\" \/>\n\t<meta property=\"og:image:height\" content=\"800\" \/>\n\t<meta property=\"og:image:type\" content=\"image\/jpeg\" \/>\n<meta name=\"author\" content=\"elli\" \/>\n<meta name=\"twitter:card\" content=\"summary_large_image\" \/>\n<meta name=\"twitter:creator\" content=\"@elli\" \/>\n<script type=\"application\/ld+json\" class=\"yoast-schema-graph\">{\"@context\":\"https:\\\/\\\/schema.org\",\"@graph\":[{\"@type\":\"Article\",\"@id\":\"https:\\\/\\\/www.meydan.tv\\\/az\\\/article\\\/ukrayna-bas-prokurorlugu-rusiyali-jurnalisti-axtarisa-verib\\\/#article\",\"isPartOf\":{\"@id\":\"https:\\\/\\\/www.meydan.tv\\\/az\\\/article\\\/ukrayna-bas-prokurorlugu-rusiyali-jurnalisti-axtarisa-verib\\\/\"},\"author\":{\"name\":\"elli\",\"@id\":\"https:\\\/\\\/www.meydan.tv\\\/az\\\/#\\\/schema\\\/person\\\/9cdbecf90d17180ce1dfbd95b08dcf47\"},\"headline\":\"Ukrayna Ba\u015f Prokurorlu\u011fu rusiyal\u0131 jurnalisti axtar\u0131\u015fa verib\",\"datePublished\":\"2022-03-09T12:21:05+00:00\",\"dateModified\":\"2022-03-09T12:21:07+00:00\",\"mainEntityOfPage\":{\"@id\":\"https:\\\/\\\/www.meydan.tv\\\/az\\\/article\\\/ukrayna-bas-prokurorlugu-rusiyali-jurnalisti-axtarisa-verib\\\/\"},\"wordCount\":383,\"publisher\":{\"@id\":\"https:\\\/\\\/www.meydan.tv\\\/az\\\/#organization\"},\"image\":{\"@id\":\"https:\\\/\\\/www.meydan.tv\\\/az\\\/article\\\/ukrayna-bas-prokurorlugu-rusiyali-jurnalisti-axtarisa-verib\\\/#primaryimage\"},\"thumbnailUrl\":\"https:\\\/\\\/www.meydan.tv\\\/wp-content\\\/uploads\\\/shutterstock_1181691934.jpg\",\"articleSection\":[\"M\u0259d\u0259niyy\u0259t\",\"X\u0259b\u0259rl\u0259r\"],\"inLanguage\":\"az\"},{\"@type\":\"WebPage\",\"@id\":\"https:\\\/\\\/www.meydan.tv\\\/az\\\/article\\\/ukrayna-bas-prokurorlugu-rusiyali-jurnalisti-axtarisa-verib\\\/\",\"url\":\"https:\\\/\\\/www.meydan.tv\\\/az\\\/article\\\/ukrayna-bas-prokurorlugu-rusiyali-jurnalisti-axtarisa-verib\\\/\",\"name\":\"Ukrayna Ba\u015f Prokurorlu\u011fu rusiyal\u0131 jurnalisti axtar\u0131\u015fa verib - MEYDAN.TV\",\"isPartOf\":{\"@id\":\"https:\\\/\\\/www.meydan.tv\\\/az\\\/#website\"},\"primaryImageOfPage\":{\"@id\":\"https:\\\/\\\/www.meydan.tv\\\/az\\\/article\\\/ukrayna-bas-prokurorlugu-rusiyali-jurnalisti-axtarisa-verib\\\/#primaryimage\"},\"image\":{\"@id\":\"https:\\\/\\\/www.meydan.tv\\\/az\\\/article\\\/ukrayna-bas-prokurorlugu-rusiyali-jurnalisti-axtarisa-verib\\\/#primaryimage\"},\"thumbnailUrl\":\"https:\\\/\\\/www.meydan.tv\\\/wp-content\\\/uploads\\\/shutterstock_1181691934.jpg\",\"datePublished\":\"2022-03-09T12:21:05+00:00\",\"dateModified\":\"2022-03-09T12:21:07+00:00\",\"breadcrumb\":{\"@id\":\"https:\\\/\\\/www.meydan.tv\\\/az\\\/article\\\/ukrayna-bas-prokurorlugu-rusiyali-jurnalisti-axtarisa-verib\\\/#breadcrumb\"},\"inLanguage\":\"az\",\"potentialAction\":[{\"@type\":\"ReadAction\",\"target\":[\"https:\\\/\\\/www.meydan.tv\\\/az\\\/article\\\/ukrayna-bas-prokurorlugu-rusiyali-jurnalisti-axtarisa-verib\\\/\"]}]},{\"@type\":\"ImageObject\",\"inLanguage\":\"az\",\"@id\":\"https:\\\/\\\/www.meydan.tv\\\/az\\\/article\\\/ukrayna-bas-prokurorlugu-rusiyali-jurnalisti-axtarisa-verib\\\/#primaryimage\",\"url\":\"https:\\\/\\\/www.meydan.tv\\\/wp-content\\\/uploads\\\/shutterstock_1181691934.jpg\",\"contentUrl\":\"https:\\\/\\\/www.meydan.tv\\\/wp-content\\\/uploads\\\/shutterstock_1181691934.jpg\",\"width\":1200,\"height\":800,\"caption\":\"Ukrayna Ba\u015f Prokurorlu\u011fu. Foto: shad0ff\\\/shutterstock\"},{\"@type\":\"BreadcrumbList\",\"@id\":\"https:\\\/\\\/www.meydan.tv\\\/az\\\/article\\\/ukrayna-bas-prokurorlugu-rusiyali-jurnalisti-axtarisa-verib\\\/#breadcrumb\",\"itemListElement\":[{\"@type\":\"ListItem\",\"position\":1,\"name\":\"Ana s\u0259hif\u0259\",\"item\":\"https:\\\/\\\/www.meydan.tv\\\/az\\\/\"},{\"@type\":\"ListItem\",\"position\":2,\"name\":\"M\u0259d\u0259niyy\u0259t\",\"item\":\"https:\\\/\\\/www.meydan.tv\\\/az\\\/section\\\/medeniyyet\\\/\"},{\"@type\":\"ListItem\",\"position\":3,\"name\":\"Ukrayna Ba\u015f Prokurorlu\u011fu rusiyal\u0131 jurnalisti axtar\u0131\u015fa verib\"}]},{\"@type\":\"WebSite\",\"@id\":\"https:\\\/\\\/www.meydan.tv\\\/az\\\/#website\",\"url\":\"https:\\\/\\\/www.meydan.tv\\\/az\\\/\",\"name\":\"MEYDAN.TV\",\"description\":\"Meydan TV Az\u0259rbaycan\u0131n media m\u0259kan\u0131ndak\u0131 alternativ s\u0259sidir\",\"publisher\":{\"@id\":\"https:\\\/\\\/www.meydan.tv\\\/az\\\/#organization\"},\"potentialAction\":[{\"@type\":\"SearchAction\",\"target\":{\"@type\":\"EntryPoint\",\"urlTemplate\":\"https:\\\/\\\/www.meydan.tv\\\/az\\\/?s={search_term_string}\"},\"query-input\":{\"@type\":\"PropertyValueSpecification\",\"valueRequired\":true,\"valueName\":\"search_term_string\"}}],\"inLanguage\":\"az\"},{\"@type\":\"Organization\",\"@id\":\"https:\\\/\\\/www.meydan.tv\\\/az\\\/#organization\",\"name\":\"Meydan TV\",\"url\":\"https:\\\/\\\/www.meydan.tv\\\/az\\\/\",\"logo\":{\"@type\":\"ImageObject\",\"inLanguage\":\"az\",\"@id\":\"https:\\\/\\\/www.meydan.tv\\\/az\\\/#\\\/schema\\\/logo\\\/image\\\/\",\"url\":\"https:\\\/\\\/www.meydan.tv\\\/wp-content\\\/uploads\\\/2021\\\/07\\\/meydan-logo.svg\",\"contentUrl\":\"https:\\\/\\\/www.meydan.tv\\\/wp-content\\\/uploads\\\/2021\\\/07\\\/meydan-logo.svg\",\"width\":195,\"height\":46,\"caption\":\"Meydan TV\"},\"image\":{\"@id\":\"https:\\\/\\\/www.meydan.tv\\\/az\\\/#\\\/schema\\\/logo\\\/image\\\/\"}},{\"@type\":\"Person\",\"@id\":\"https:\\\/\\\/www.meydan.tv\\\/az\\\/#\\\/schema\\\/person\\\/9cdbecf90d17180ce1dfbd95b08dcf47\",\"name\":\"elli\",\"sameAs\":[\"https:\\\/\\\/x.com\\\/elli\"]}]}<\/script>\n<!-- \/ Yoast SEO plugin. -->","yoast_head_json":{"title":"Ukrayna Ba\u015f Prokurorlu\u011fu rusiyal\u0131 jurnalisti axtar\u0131\u015fa verib - MEYDAN.TV","robots":{"index":"index","follow":"follow","max-snippet":"max-snippet:-1","max-image-preview":"max-image-preview:large","max-video-preview":"max-video-preview:-1"},"canonical":"https:\/\/www.meydan.tv\/az\/article\/ukrayna-bas-prokurorlugu-rusiyali-jurnalisti-axtarisa-verib\/","og_locale":"az_AZ","og_type":"article","og_title":"Ukrayna Ba\u015f Prokurorlu\u011fu rusiyal\u0131 jurnalisti axtar\u0131\u015fa verib - MEYDAN.TV","og_description":"Tina Kandelakiy\u0259 \u201c\u00f6lk\u0259nin \u0259razi b\u00fct\u00f6vl\u00fcy\u00fcn\u00fc pozma\u011fa \u00e7a\u011f\u0131r\u0131\u015flar\u201d ittiham\u0131 ir\u0259li s\u00fcr\u00fcl\u00fcb ... Davam\u0131","og_url":"https:\/\/www.meydan.tv\/az\/article\/ukrayna-bas-prokurorlugu-rusiyali-jurnalisti-axtarisa-verib\/","og_site_name":"MEYDAN.TV","article_published_time":"2022-03-09T12:21:05+00:00","article_modified_time":"2022-03-09T12:21:07+00:00","og_image":[{"width":1200,"height":800,"url":"https:\/\/www.meydan.tv\/wp-content\/uploads\/shutterstock_1181691934.jpg","type":"image\/jpeg"}],"author":"elli","twitter_card":"summary_large_image","twitter_creator":"@elli","schema":{"@context":"https:\/\/schema.org","@graph":[{"@type":"Article","@id":"https:\/\/www.meydan.tv\/az\/article\/ukrayna-bas-prokurorlugu-rusiyali-jurnalisti-axtarisa-verib\/#article","isPartOf":{"@id":"https:\/\/www.meydan.tv\/az\/article\/ukrayna-bas-prokurorlugu-rusiyali-jurnalisti-axtarisa-verib\/"},"author":{"name":"elli","@id":"https:\/\/www.meydan.tv\/az\/#\/schema\/person\/9cdbecf90d17180ce1dfbd95b08dcf47"},"headline":"Ukrayna Ba\u015f Prokurorlu\u011fu rusiyal\u0131 jurnalisti axtar\u0131\u015fa verib","datePublished":"2022-03-09T12:21:05+00:00","dateModified":"2022-03-09T12:21:07+00:00","mainEntityOfPage":{"@id":"https:\/\/www.meydan.tv\/az\/article\/ukrayna-bas-prokurorlugu-rusiyali-jurnalisti-axtarisa-verib\/"},"wordCount":383,"publisher":{"@id":"https:\/\/www.meydan.tv\/az\/#organization"},"image":{"@id":"https:\/\/www.meydan.tv\/az\/article\/ukrayna-bas-prokurorlugu-rusiyali-jurnalisti-axtarisa-verib\/#primaryimage"},"thumbnailUrl":"https:\/\/www.meydan.tv\/wp-content\/uploads\/shutterstock_1181691934.jpg","articleSection":["M\u0259d\u0259niyy\u0259t","X\u0259b\u0259rl\u0259r"],"inLanguage":"az"},{"@type":"WebPage","@id":"https:\/\/www.meydan.tv\/az\/article\/ukrayna-bas-prokurorlugu-rusiyali-jurnalisti-axtarisa-verib\/","url":"https:\/\/www.meydan.tv\/az\/article\/ukrayna-bas-prokurorlugu-rusiyali-jurnalisti-axtarisa-verib\/","name":"Ukrayna Ba\u015f Prokurorlu\u011fu rusiyal\u0131 jurnalisti axtar\u0131\u015fa verib - MEYDAN.TV","isPartOf":{"@id":"https:\/\/www.meydan.tv\/az\/#website"},"primaryImageOfPage":{"@id":"https:\/\/www.meydan.tv\/az\/article\/ukrayna-bas-prokurorlugu-rusiyali-jurnalisti-axtarisa-verib\/#primaryimage"},"image":{"@id":"https:\/\/www.meydan.tv\/az\/article\/ukrayna-bas-prokurorlugu-rusiyali-jurnalisti-axtarisa-verib\/#primaryimage"},"thumbnailUrl":"https:\/\/www.meydan.tv\/wp-content\/uploads\/shutterstock_1181691934.jpg","datePublished":"2022-03-09T12:21:05+00:00","dateModified":"2022-03-09T12:21:07+00:00","breadcrumb":{"@id":"https:\/\/www.meydan.tv\/az\/article\/ukrayna-bas-prokurorlugu-rusiyali-jurnalisti-axtarisa-verib\/#breadcrumb"},"inLanguage":"az","potentialAction":[{"@type":"ReadAction","target":["https:\/\/www.meydan.tv\/az\/article\/ukrayna-bas-prokurorlugu-rusiyali-jurnalisti-axtarisa-verib\/"]}]},{"@type":"ImageObject","inLanguage":"az","@id":"https:\/\/www.meydan.tv\/az\/article\/ukrayna-bas-prokurorlugu-rusiyali-jurnalisti-axtarisa-verib\/#primaryimage","url":"https:\/\/www.meydan.tv\/wp-content\/uploads\/shutterstock_1181691934.jpg","contentUrl":"https:\/\/www.meydan.tv\/wp-content\/uploads\/shutterstock_1181691934.jpg","width":1200,"height":800,"caption":"Ukrayna Ba\u015f Prokurorlu\u011fu. Foto: shad0ff\/shutterstock"},{"@type":"BreadcrumbList","@id":"https:\/\/www.meydan.tv\/az\/article\/ukrayna-bas-prokurorlugu-rusiyali-jurnalisti-axtarisa-verib\/#breadcrumb","itemListElement":[{"@type":"ListItem","position":1,"name":"Ana s\u0259hif\u0259","item":"https:\/\/www.meydan.tv\/az\/"},{"@type":"ListItem","position":2,"name":"M\u0259d\u0259niyy\u0259t","item":"https:\/\/www.meydan.tv\/az\/section\/medeniyyet\/"},{"@type":"ListItem","position":3,"name":"Ukrayna Ba\u015f Prokurorlu\u011fu rusiyal\u0131 jurnalisti axtar\u0131\u015fa verib"}]},{"@type":"WebSite","@id":"https:\/\/www.meydan.tv\/az\/#website","url":"https:\/\/www.meydan.tv\/az\/","name":"MEYDAN.TV","description":"Meydan TV Az\u0259rbaycan\u0131n media m\u0259kan\u0131ndak\u0131 alternativ s\u0259sidir","publisher":{"@id":"https:\/\/www.meydan.tv\/az\/#organization"},"potentialAction":[{"@type":"SearchAction","target":{"@type":"EntryPoint","urlTemplate":"https:\/\/www.meydan.tv\/az\/?s={search_term_string}"},"query-input":{"@type":"PropertyValueSpecification","valueRequired":true,"valueName":"search_term_string"}}],"inLanguage":"az"},{"@type":"Organization","@id":"https:\/\/www.meydan.tv\/az\/#organization","name":"Meydan TV","url":"https:\/\/www.meydan.tv\/az\/","logo":{"@type":"ImageObject","inLanguage":"az","@id":"https:\/\/www.meydan.tv\/az\/#\/schema\/logo\/image\/","url":"https:\/\/www.meydan.tv\/wp-content\/uploads\/2021\/07\/meydan-logo.svg","contentUrl":"https:\/\/www.meydan.tv\/wp-content\/uploads\/2021\/07\/meydan-logo.svg","width":195,"height":46,"caption":"Meydan TV"},"image":{"@id":"https:\/\/www.meydan.tv\/az\/#\/schema\/logo\/image\/"}},{"@type":"Person","@id":"https:\/\/www.meydan.tv\/az\/#\/schema\/person\/9cdbecf90d17180ce1dfbd95b08dcf47","name":"elli","sameAs":["https:\/\/x.com\/elli"]}]}},"_links":{"self":[{"href":"https:\/\/www.meydan.tv\/az\/wp-json\/wp\/v2\/posts\/237773","targetHints":{"allow":["GET"]}}],"collection":[{"href":"https:\/\/www.meydan.tv\/az\/wp-json\/wp\/v2\/posts"}],"about":[{"href":"https:\/\/www.meydan.tv\/az\/wp-json\/wp\/v2\/types\/post"}],"author":[{"embeddable":true,"href":"https:\/\/www.meydan.tv\/az\/wp-json\/wp\/v2\/users\/8"}],"replies":[{"embeddable":true,"href":"https:\/\/www.meydan.tv\/az\/wp-json\/wp\/v2\/comments?post=237773"}],"version-history":[{"count":2,"href":"https:\/\/www.meydan.tv\/az\/wp-json\/wp\/v2\/posts\/237773\/revisions"}],"predecessor-version":[{"id":237785,"href":"https:\/\/www.meydan.tv\/az\/wp-json\/wp\/v2\/posts\/237773\/revisions\/237785"}],"wp:featuredmedia":[{"embeddable":true,"href":"https:\/\/www.meydan.tv\/az\/wp-json\/wp\/v2\/media\/237774"}],"wp:attachment":[{"href":"https:\/\/www.meydan.tv\/az\/wp-json\/wp\/v2\/media?parent=237773"}],"wp:term":[{"taxonomy":"category","embeddable":true,"href":"https:\/\/www.meydan.tv\/az\/wp-json\/wp\/v2\/categories?post=237773"},{"taxonomy":"post_tag","embeddable":true,"href":"https:\/\/www.meydan.tv\/az\/wp-json\/wp\/v2\/tags?post=237773"}],"curies":[{"name":"wp","href":"https:\/\/api.w.org\/{rel}","templated":true}]}}