{"id":237754,"date":"2022-03-09T15:02:53","date_gmt":"2022-03-09T11:02:53","guid":{"rendered":"https:\/\/www.meydan.tv\/?p=237754"},"modified":"2022-03-09T15:02:55","modified_gmt":"2022-03-09T11:02:55","slug":"ruslar-savas-isteyirmi","status":"publish","type":"post","link":"https:\/\/www.meydan.tv\/az\/article\/ruslar-savas-isteyirmi\/","title":{"rendered":"Ruslar sava\u015f ist\u0259yirmi?"},"content":{"rendered":"\n<p><em>B\u00fct\u00fcn bunlar\u0131 Xarkov v\u0259 Kiyevin da\u011f\u0131nt\u0131 fotolar\u0131ndan t\u0259sirl\u0259nib yaz\u0131ram<\/em><\/p>\n\n\n\n<p><br>Tarixi m\u0259hz qalibl\u0259rin yazd\u0131\u011f\u0131n\u0131 kim bilm\u0259z ki?! SSR\u0130, \u0130kinci D\u00fcnya Sava\u015f\u0131n\u0131n qalibi kimi, bu sava\u015fa \u00f6z bax\u0131\u015f\u0131n\u0131 yazd\u0131 v\u0259 bu bax\u0131\u015f\u0131, \u0259n az\u0131, sovet adamlar\u0131n\u0131n beynin\u0259 yeritdi.<br><\/p>\n\n\n\n<p>M\u0259n \u00f6mr\u00fcm\u00fcn 45 ilini sovet adam\u0131 olmu\u015fam v\u0259 t\u0259bii ki, tarix\u0259 sovet bax\u0131\u015f\u0131n\u0131n t\u0259siri alt\u0131nda formala\u015fm\u0131\u015fam. H\u0259min bax\u0131\u015fa g\u00f6r\u0259, ruslar n\u0259 ke\u00e7mi\u015fd\u0259 sava\u015f ist\u0259yib, n\u0259 d\u0259 indi ist\u0259yir, olsa-olsa, ba\u015fqa xalqlar ruslar\u0131 buna vadar edibl\u0259r. Yevgeni Yevtu\u015fenko bunu \u00f6z \u015feirind\u0259 istedadla dil\u0259 g\u0259tirib. Eduard Kalmanovski h\u0259min \u015feir\u0259 musiqi b\u0259st\u0259l\u0259yib v\u0259 Mark Bernes o mahn\u0131n\u0131 1961-ci ild\u0259 \u00e7ox g\u00f6z\u0259l ifa edib.<br><\/p>\n\n\n\n<p>O vaxtdan b\u0259ri \u201cRuslar sava\u015f ist\u0259yirmi?\u201d mahn\u0131s\u0131 rus s\u00fclhsev\u0259rliyinin vizit kart\u0131na \u00e7evrilib.<br><\/p>\n\n\n\n<p>\u0130stedadl\u0131 \u015fair bu suala ta kiml\u0259rd\u0259n v\u0259 n\u0259l\u0259rd\u0259n cavab almaq ist\u0259mir \u2013 \u201clal s\u0259ssizlikd\u0259n, a\u011fcaqay\u0131n v\u0259 qovaq a\u011fa\u00e7lar\u0131ndan, a\u011fcaqay\u0131n a\u011fa\u00e7lar\u0131 alt\u0131nda \u0259b\u0259di uyuyan \u0259sg\u0259rl\u0259rd\u0259n, analardan, m\u0259nim xan\u0131m\u0131mdan\u2026\u201d. Cavab\u0131 soru\u015fulanlar\u0131n say\u0131 bitib-t\u00fck\u0259nm\u0259s\u0259 d\u0259, \u015fair \u0259mindir ki, onlar\u0131n ham\u0131s\u0131 \u201cyox\u201d dey\u0259r\u0259k, \u201cruslar sava\u015f ist\u0259mir\u201d s\u00f6zl\u0259rini dil\u0259 g\u0259tir\u0259c\u0259k.<br><\/p>\n\n\n\n<p>O sual daim m\u0259ni h\u0259y\u0259canland\u0131raraq i\u00e7imi s\u0131zlad\u0131b. Do\u011frudan da, ruslar sava\u015f ist\u0259yirmi? Amerikal\u0131lar ist\u0259yirmi? Avropal\u0131lar ist\u0259yirmi? Erm\u0259nil\u0259r ist\u0259yirmi? Az\u0259rbaycanl\u0131lar ist\u0259yirmi? \u018fr\u0259bl\u0259r ist\u0259yirmi? Y\u0259hudil\u0259r ist\u0259yirmi? Vyetnaml\u0131lar ist\u0259yirmi? \u00c7inlil\u0259r ist\u0259yirmi? Almanlar ist\u0259yirmi?<br><\/p>\n\n\n\n<p>V\u0259 b\u00fct\u00f6vl\u00fckd\u0259 nec\u0259 ola bil\u0259r ki, h\u0259r hans\u0131 xalq \u201csava\u015f ist\u0259sin, ya ist\u0259m\u0259sin?\u201d<br><\/p>\n\n\n\n<p>\u00d6z h\u0259yat t\u0259cr\u00fcb\u0259m\u0259 s\u00f6yk\u0259nib m\u0259n d\u0259 cavab verim ki, rus da, ba\u015fqa bir xalq da n\u0259 vaxt v\u0259 kim\u0259 sava\u015f a\u00e7aca\u011f\u0131n\u0131 soru\u015fmaz. Sava\u015f\u0131 siyas\u0259t\u00e7il\u0259r ba\u015flar, ax\u0131 \u201csava\u015f siyas\u0259tin ba\u015fqa vasit\u0259l\u0259rl\u0259 davam\u0131d\u0131r\u201d. Ba\u015fqa deyiml\u0259, bir t\u0259r\u0259fin siyas\u0259t\u00e7isi o biri t\u0259r\u0259f siyas\u0259t\u00e7isinin t\u0259l\u0259bini qeyd-\u015f\u0259rtsiz yerin\u0259 yetirm\u0259kd\u0259n boyun qa\u00e7\u0131rarsa, o zaman \u00f6z\u00fcn\u00fc g\u00fccl\u00fc sayan siyas\u0259t\u00e7i sava\u015f ba\u015fladar.<br><\/p>\n\n\n\n<p>\u015e\u0259rti g\u00f6t\u00fcrd\u00fcy\u00fcm\u00fcz rus, ya da alman\u0131n, erm\u0259ni, ya da az\u0259rbaycanl\u0131n\u0131n, \u0259r\u0259b, ya da y\u0259hudinin sava\u015fa d\u0259st\u0259yin\u0259 nec\u0259 nail olma\u011fa g\u0259linc\u0259, bunun haz\u0131r texnologiyalar\u0131 var. \u201cUra-patriotluq\u201d texnologiyas\u0131n\u0131n t\u0259siriyl\u0259 ist\u0259nil\u0259n xalq\u0131 bir m\u00fcdd\u0259t sava\u015f t\u0259r\u0259fdar\u0131na, \u201csava\u015f ist\u0259y\u0259n\u0259\u201d \u00e7evirm\u0259k olar. Yaln\u0131z sonra \u2013 sava\u015f uzand\u0131qca uzanar v\u0259 itkil\u0259r \u00e7oxalarsa, xalq\u0131n \u00f6z\u00fcn\u00fcqoruma duy\u011fusu geri d\u00f6n\u0259r v\u0259 bu xalq sava\u015f \u0259leyhdar\u0131na \u00e7evril\u0259r.<br><\/p>\n\n\n\n<p>1965-ci ild\u0259n ta 1970-ci il\u0259d\u0259k Amerika xalq\u0131n\u0131n m\u00fctl\u0259q \u0259ks\u0259riyy\u0259ti Hind\u00e7ini ba\u015fdan-ba\u015fa tutmaq ist\u0259y\u0259n q\u0131y\u0131qg\u00f6z Vyetnam \u201ckommi\u201dl\u0259rinin yolunu k\u0259s\u0259n AB\u015e \u0259sg\u0259rl\u0259rini b\u00fct\u00fcn q\u0259lbiyl\u0259 d\u0259st\u0259kl\u0259yirdi. \u00d6ld\u00fcr\u00fcl\u0259n amerikal\u0131lar\u0131n say\u0131 50 min n\u0259f\u0259ri a\u015f\u0131nca, xalq k\u00fc\u00e7\u0259 v\u0259 meydanlara ax\u0131\u015fd\u0131. D\u00fcnya sava\u015f \u0259leyhin\u0259 Amerika h\u0259r\u0259kat\u0131n\u0131n q\u0259hr\u0259manl\u0131q v\u0259 u\u011fur dolu s\u0259hn\u0259l\u0259rin\u0259 \u015fahid oldu. Prezident Ri\u00e7ard Nikson AB\u015e-\u0131n yenildiyini etiraf etm\u0259y\u0259 m\u0259cbur qald\u0131.<br><\/p>\n\n\n\n<p>Yar\u0131mr\u0259smi sosiologiyaya inansaq, indiki m\u0259rh\u0259l\u0259d\u0259 rus xalq\u0131n\u0131n \u0259ks\u0259riyy\u0259ti (70 faizind\u0259n \u00e7oxu) \u201csava\u015f ist\u0259yir\u201d. Rus xalq\u0131, h\u0259l\u0259 ki, 1965-ci ilin amerikal\u0131lar\u0131 kimidir. \u0130nan\u0131ram ki, amerikal\u0131lar\u0131n patriotik be\u015filliyni ruslar bir ne\u00e7\u0259 aya becid-becid ba\u015fa vuracaq. H\u0259l\u0259 ki, k\u00fct v\u0259 o\u011fru hakim siyas\u0259tin d\u00fcn\u0259nki qat\u0131 t\u0259nqid\u00e7il\u0259ri, rus YUTUB-unun ulduzlar\u0131 bir g\u00f6z q\u0131rp\u0131m\u0131nda Putin avant\u00fcras\u0131n\u0131n m\u0259ddahlar\u0131na \u00e7evril\u0259r\u0259k, aldan\u0131\u015fl\u0131 \u201crus d\u00fcnyas\u0131\u201dna iyr\u0259nc m\u0259dhiyy\u0259l\u0259r oxuyurlar.<br><\/p>\n\n\n\n<p>Bir ovuc liberal ovqatl\u0131 v\u0259t\u0259nda\u015f rus xalq\u0131n\u0131n \u015f\u0259r\u0259fini qurtarma\u011fa \u00e7al\u0131\u015f\u0131r. Rusiya hakimiyy\u0259ti onlara qara yaxaraq h\u0259bsxanalara at\u0131r. 1968-ci ild\u0259 \u00c7exoslovakiyan\u0131n i\u015f\u011fal\u0131yla ba\u011fl\u0131 Q\u0131z\u0131l Meydana 8 adam \u00e7\u0131xm\u0131\u015fd\u0131sa, indi b\u00fct\u00fcn Rusiyada minl\u0259rl\u0259 adam \u00e7\u0131x\u0131r v\u0259\u2026 h\u0259bsxanalara at\u0131l\u0131r. Dem\u0259li, he\u00e7 d\u0259 b\u00fct\u00fcn ruslar \u201csava\u015f ist\u0259mir\u201d.<br>Amma rus solcular\u0131, o solcular\u0131n ham\u0131s\u0131 (!) bir daha, h\u0259m d\u0259 parlaq \u015f\u0259kild\u0259 tam iflasa u\u011frad\u0131qlar\u0131n\u0131 s\u00fcbuta yetirdil\u0259r. Yaln\u0131z siyasi bax\u0131mdan deyil a, ilk n\u00f6vb\u0259d\u0259 m\u0259n\u0259vi v\u0259 ideoloji bax\u0131mdan s\u00fcbuta yetirdil\u0259r. M\u0259n\u0259 el\u0259 g\u0259lir, ind\u0259n bel\u0259 rus tarixinin solcu s\u0259hif\u0259l\u0259rini \u00e7\u0259kinm\u0259d\u0259n, h\u0259m d\u0259 bird\u0259f\u0259lik qapatma\u011fa d\u0259y\u0259r. Sol\u00e7u ideyas\u0131 indi Rusiyadak\u0131 \u015f\u0259kild\u0259 var olacaqsa, yiy\u0259siz \u00f6l\u00fc kimi ortada qalacaq. D\u0259b\u0259rir, D\u00f6vl\u0259t Dumas\u0131nda s\u00f6z al\u0131b, iclaslara qat\u0131l\u0131r, ancaq \u00f6ld\u00fcy\u00fcn\u00fcn f\u0259rqin\u0259 varm\u0131r. Ax\u0131 ger\u00e7\u0259k solcu ideyas\u0131 imperialist v\u0259 \u201cpatriotik\u201d ola bilm\u0259z. Varsa, beyn\u0259lmil\u0259l\u00e7i v\u0259 sava\u015f \u0259leyhdar\u0131d\u0131r, \u0259ks halda, dem\u0259k ki, solcu deyil.<br><\/p>\n\n\n\n<p>N\u0259 vaxt rus xalq\u0131 ay\u0131lacaq? Bu xalq \u201cjid-banderov\u00e7u Ukraynaya qar\u015f\u0131 q\u0259l\u0259b\u0259yl\u0259 bit\u0259n antifa\u015fist v\u0259 antinarkoman sava\u015f\u0131n\u0131n\u201d qapqara duman\u0131 \u00e7\u0259kil\u0259nd\u0259n sonra ger\u00e7\u0259kliyi adekvat qavrama\u011fa ba\u015flayacaqm\u0131?<br><\/p>\n\n\n\n<p>Putin v\u0259 qul-be\u00e7\u0259l\u0259ri qarda\u015f xalqa qar\u015f\u0131 \u00f6z cinay\u0259tkar t\u0259cav\u00fcz\u00fcn\u0259 haqq qazand\u0131rmaq \u00fc\u00e7\u00fcn nec\u0259 iyr\u0259nc s\u00f6zl\u0259r se\u00e7ib-toplay\u0131b!<br><\/p>\n\n\n\n<p>Rus xalq\u0131n\u0131n ay\u0131lmas\u0131 \u0259linin d\u00fcr\u00fcst bilgi qaynaqlar\u0131na \u00e7atmas\u0131ndan as\u0131l\u0131d\u0131r. Putin bunu anlay\u0131r v\u0259 rus xalq\u0131n\u0131n alternativ bilgi qaynaqlar\u0131yla b\u00fct\u00fcn ba\u011flant\u0131lar\u0131n\u0131 q\u0259tiyy\u0259tl\u0259 k\u0259sir. Bu, \u00e7a\u011fda\u015f d\u00fcnyada bo\u015f v\u0259 faydas\u0131z \u0259m\u0259l kimi g\u00f6r\u00fcns\u0259 d\u0259, rus ger\u00e7\u0259kliyini tan\u0131mayan adam bel\u0259 d\u00fc\u015f\u00fcn\u0259 bil\u0259r. Ortalama rus insan\u0131n\u0131n cahillik s\u0259viyy\u0259sin\u0259, onun \u00e7ox s\u0131x\u0131nt\u0131l\u0131 maddi varl\u0131\u011f\u0131na, hakimiyy\u0259t piramidas\u0131ndan as\u0131l\u0131l\u0131\u011f\u0131na, dola\u015f\u0131b qalmas\u0131na, rus al\u0259mind\u0259ki \u0259satirl\u0259rin dir\u0259ni\u015fsiz \u0259sirin\u0259 \u00e7evrilm\u0259 d\u0259r\u0259c\u0259sin\u0259 nab\u0259l\u0259d adam\u0131 deyir\u0259m. Sovet \u201csovok\u201du &#8211; b\u00fct\u00fcn d\u00fc\u015f\u00fcn\u0259 bil\u0259n insanlar\u0131n nifr\u0259t h\u0259d\u0259fi cildini d\u0259yi\u015f\u0259r\u0259k, ayfonlu v\u0259 smartfonlu klassik yehuya \u2013 \u201cQulliverin s\u0259yah\u0259ti\u201dnd\u0259ki insanab\u0259nz\u0259r c\u0131rtdan varl\u0131qlara d\u00f6n\u00fcb. Qoy ortalama rus v\u0259t\u0259nda\u015f\u0131n\u0131n ya\u015fam\u0131 asanla\u015fd\u0131ran elektron qadcetl\u0259ri sizi \u00e7a\u015fd\u0131rmas\u0131n. Onun, ucuz, ya bahal\u0131, o \u0259cn\u0259bi pal-paltar\u0131n\u0131n alt\u0131ndak\u0131 sin\u0259sind\u0259 \u015earikovun ap-adic\u0259 it \u00fcr\u0259yi d\u00f6y\u00fcn\u00fcr. \u018fks\u0259r rusiyal\u0131n\u0131n ac\u0131 taleyi bel\u0259 formala\u015f\u0131b.<br><\/p>\n\n\n\n<p>Rus xalq\u0131n\u0131n oyan\u0131\u015f\u0131 rus ordusundak\u0131 itki say\u0131ndan da as\u0131l\u0131d\u0131r. Bu say \u00f6n\u0259mli r\u0259q\u0259m\u0259 \u00e7atsa v\u0259 Rusiya hakimiyy\u0259ti h\u0259min itki bar\u0259d\u0259 h\u0259qiq\u0259ti gizli saxlaya bilm\u0259s\u0259, xalq daha tez oyanacaq.<br><\/p>\n\n\n\n<p>Parlaq intellektual n\u0259sli olsa da, rus xalq\u0131 onlar\u0131n \u0259s\u0259rl\u0259rin\u0259 tam yad-yaban\u00e7\u0131 qal\u0131b. Hakimiyy\u0259t hiyl\u0259g\u0259r a\u011fl\u0131yla nec\u0259 qurub-qura\u015fd\u0131r\u0131bsa, rus intellektuallar\u0131yla rus xalq\u0131n\u0131n \u0259ks\u0259riyy\u0259tinin yollar\u0131 ha\u00e7alan\u0131b. Sovet m\u0259kt\u0259binin b\u0259zi m\u0259zunlar\u0131 rus intellektuallar\u0131n\u0131n dilini anlasa da, \u00ab\u0415\u0413\u0415\u00bbnin, rusca q\u0131saltman\u0131 \u00e7evirib a\u00e7saq, \u201cVahid D\u00f6vl\u0259t \u0130mtahan\u0131n\u0131n\u201d \u00f6vladlar\u0131 bu dili, sad\u0259c\u0259, anlamaq iqtidar\u0131nda deyil. Eyn\u0259n almanlar\u0131n sava\u015f boyunca navaho q\u0259bil\u0259sinin dilind\u0259n agah olub, \u015fifr\u0259sini a\u00e7a bilm\u0259diyi kimi. AB\u015e ordusu d\u00fc\u015fm\u0259nin x\u0259b\u0259r tutmamas\u0131 \u00fc\u00e7\u00fcn h\u0259min dild\u0259n faydalan\u0131rd\u0131.<br><\/p>\n\n\n\n<p>Rus xalq\u0131 h\u0259v\u0259sl\u0259 korazehin rus popunu dinl\u0259yib-oxuyur, Petrostyanla TNT-nin \u015fit zarafatlar\u0131na g\u00fcl\u00fcr, zombil\u0259\u015fdir\u0259n \u201cye\u015fik\u201dd\u0259 b\u0259sit teleserillara bay\u0131l\u0131r, n\u0259 kitab, n\u0259 d\u0259 ciddi m\u0259qal\u0259 oxuyur, h\u0259m d\u0259 \u00fcmumiyy\u0259tl\u0259 oxumur, \u0130nternetd\u0259s\u0259 pornoya v\u0259 g\u00fcl\u00fcn\u00e7 pi\u015fik video\u00e7arxlar\u0131na bax\u0131r. \u00d6n\u0259 \u00e7\u0131xan u\u011furlu ruslar i\u00e7ib q\u0131zlarla \u0259yl\u0259nir, Rusiyan\u0131 da\u011f\u0131tmaqdan, v\u0259t\u0259nin t\u0259bii s\u0259rv\u0259tl\u0259rini talay\u0131b-satmaqdan b\u00f6y\u00fck pullar qazan\u0131r.<br><\/p>\n\n\n\n<p>M\u0259n b\u00f6y\u00fck v\u0259 klassik rus \u0259d\u0259biyyat\u0131 ortam\u0131nda b\u00f6y\u00fcm\u00fc\u015f\u0259m. Pu\u015fkin, Qoqol, Turgenev, Dostoyevski, Tolstoy, \u00c7exov, Qorki, \u015eoloxov, \u015euk\u015fin, \u015ealamov, onlarca ba\u015fqa vicdanl\u0131 v\u0259 yet\u0259n\u0259kli \u015f\u0259xsiyy\u0259tl\u0259rin \u0259s\u0259rl\u0259rini oxumu\u015fam\u2026 T\u0259k-t\u00fck hallar\u0131 \u00e7\u0131xsaq, \u00e7a\u011fda\u015f rus v\u0259t\u0259nda\u015f\u0131 onlardan x\u0259b\u0259rsizdir. Alman kriptoqraflar\u0131 navaho dilind\u0259ki s\u00f6zl\u0259ri anlaya bilm\u0259diyi kimi, o da doktor D\u0131movun \u0259zablar\u0131n\u0131, davran\u0131\u015f m\u0259ntiqini anlamaq g\u00fcc\u00fcnd\u0259 deyil.<br><\/p>\n\n\n\n<p>B\u00fct\u00fcn bunlar\u0131 Xarkov v\u0259 Kiyevin da\u011f\u0131nt\u0131 fotolar\u0131ndan t\u0259sirl\u0259nib yaz\u0131ram. \u0130st\u0259r Xarkovda, ist\u0259rs\u0259 Kiyevd\u0259 sovet d\u00f6n\u0259mind\u0259 olmu\u015fam v\u0259 h\u0259min \u015f\u0259h\u0259rl\u0259rin g\u00f6z\u0259lliyin\u0259 v\u0259 \u0259z\u0259m\u0259tin\u0259 vurulmu\u015fam. M\u0259n\u0259 do\u011fmala\u015fd\u0131\u011f\u0131ndan o \u015f\u0259h\u0259rl\u0259rl\u0259 f\u0259xr edirdim. Onlar indi d\u0259 m\u0259n\u0259 \u0259zizdir. Rus ordusunun h\u0259min \u015f\u0259h\u0259rl\u0259ri add\u0131m-add\u0131m v\u0259 q\u0259ddarca m\u0259hv etdiyini g\u00f6r\u00fcnc\u0259 \u00fcr\u0259yim s\u0131z\u0131lday\u0131r. Rusiya ordusu \u00f6z raket v\u0259 m\u0259rmil\u0259riyl\u0259 m\u0259nim d\u0259 ke\u00e7mi\u015fimi, \u201cm\u0259n\u201dimin z\u0259rr\u0259l\u0259rini m\u0259hv edir.<br><\/p>\n\n\n\n<p>N\u0259 dem\u0259k olar? Qar\u011f\u0131\u015f\u0131n n\u0259 xeyri? Ax\u0131 qar\u011f\u0131\u015f onu dil\u0259 g\u0259tir\u0259nin \u00f6z\u00fcn\u0259 qay\u0131d\u0131r. Uzun bir \u00f6mr\u00fcn m\u00fcdrikl\u0259\u015fdirdiyi bir insan olaraq, d\u00fcnyada he\u00e7 bir cinay\u0259tin \u00f6cs\u00fcz qalmad\u0131\u011f\u0131n\u0131 bilir\u0259m. Bu v\u0259 ya ba\u015fqa \u015f\u0259kild\u0259 Rusiya cinay\u0259tl\u0259rinin \u0259v\u0259zini \u00f6d\u0259y\u0259c\u0259k. Bel\u0259 s\u00f6zl\u0259ri dil\u0259 g\u0259tirm\u0259k m\u0259ni \u00fcz\u00fcr, ax\u0131 Rusiyan\u0131 da sevir\u0259m. Bu \u00f6lk\u0259 d\u0259 ke\u00e7mi\u015fimin, m\u0259nim varl\u0131\u011f\u0131m\u0131n \u00f6n\u0259mli dilimidir.<br><\/p>\n\n\n\n<p>Di g\u0259l, indi ap-ayd\u0131n g\u00f6r\u00fcr\u0259m ki, Rusiya m\u00fctl\u0259q \u015e\u0259rin r\u0259mzin\u0259 \u00e7evrilir. Ukraynadak\u0131 durum m\u0259n\u0259 1930-cu ill\u0259rin ortas\u0131n\u0131n \u0130spaniyas\u0131n\u0131 xat\u0131rlad\u0131r. O vaxt fa\u015fist general Franko qiyam qald\u0131raraq Madridin \u00fcz\u0259rin\u0259 getmi\u015fdi. O d\u00f6n\u0259ml\u0259r kollektiv Q\u0259rb bit\u0259r\u0259f qald\u0131\u011f\u0131ndan, namuslu v\u0259 vicdanl\u0131 insanlar d\u00fcnyan\u0131n h\u0259r yerind\u0259n respublika h\u00f6kum\u0259tinin t\u0259r\u0259find\u0259 vuru\u015fma\u011fa yollanm\u0131\u015fd\u0131lar. T\u0259\u015fkil olunan beyn\u0259lxalq briqadalarda d\u00fcnyan\u0131n h\u0259r buca\u011f\u0131ndan g\u0259lmi\u015f d\u00f6y\u00fc\u015f\u00e7\u00fcl\u0259r \u00e7iyin-\u00e7iyin\u0259 sava\u015f\u0131rd\u0131lar. G\u0259nc Ernest Heminquey \u0130spaniyadak\u0131 v\u0259t\u0259nda\u015f sava\u015f\u0131nda toplad\u0131\u011f\u0131 h\u0259rbi t\u0259cr\u00fcb\u0259ni istedadla q\u0259l\u0259m\u0259 al\u0131b.<br><\/p>\n\n\n\n<p>O zaman SSR\u0130 h\u0259rbi m\u00fct\u0259x\u0259ssis v\u0259 silahlarla respublika hakimiyy\u0259tin\u0259 d\u0259st\u0259k vermi\u015fdi. Fa\u015fist Frankonu Benito Mussolininin \u0130taliyas\u0131 v\u0259 Adolf Hitlerin Almaniyas\u0131 d\u0259st\u0259kl\u0259mi\u015fdi.<br><\/p>\n\n\n\n<p>\u0130ndi Vladimir Putinin ba\u015f\u00e7\u0131l\u0131q etdiyi Rusiya Federasiyas\u0131 \u00f6z o\u011fru qul-be\u00e7\u0259l\u0259riyl\u0259 \u00f6t\u0259n \u0259srin 30-40-c\u0131 ill\u0259rinin fa\u015fist Almaniyas\u0131na \u00e7evrilib. \u0130ndi Rusiya Federasiyas\u0131n\u0131n d\u00f6vl\u0259t hakimiyy\u0259ti mahiyy\u0259t bax\u0131m\u0131ndan Kominternin o d\u00f6n\u0259ml\u0259r fa\u015fizm\u0259 verdiyi t\u0259rif\u0259 tam uy\u011fun g\u0259lir: \u201cS\u0259naye-maliyy\u0259 oliqarxiyas\u0131n\u0131n \u0259n q\u0259ddar \u00fcsullarla ger\u00e7\u0259kl\u0259\u015fdiril\u0259n diktaturas\u0131\u201d. Putin 20 il t\u0259l\u0259sm\u0259d\u0259n, m\u0259qs\u0259dy\u00f6nl\u00fc \u015f\u0259kild\u0259 can atd\u0131\u011f\u0131 sonuca \u2013 fa\u015fizm\u0259 vard\u0131.<br><\/p>\n\n\n\n<p>Bir d\u0259f\u0259 \u0259caib varl\u0131q do\u011furan ana b\u0259tninin bir daha hamil\u0259 qalmamas\u0131 namin\u0259 Rusiyadak\u0131 hakim siyasi sinfin denasifikasiyas\u0131, onun ziyal\u0131lar\u0131n\u0131n \u201cpatriotik\u201d b\u00f6l\u00fcm\u00fc \u00fcz\u0259rind\u0259 a\u00e7\u0131q m\u0259hk\u0259m\u0259 olmal\u0131d\u0131r.<\/p>\n","protected":false},"excerpt":{"rendered":"<p>B\u00fct\u00fcn bunlar\u0131 Xarkov v\u0259 Kiyevin da\u011f\u0131nt\u0131 fotolar\u0131ndan t\u0259sirl\u0259nib yaz\u0131ram Tarixi &#8230; <\/p>\n<p class=\"read-more-container\"><a title=\"Ruslar sava\u015f ist\u0259yirmi?\" class=\"read-more button\" href=\"https:\/\/www.meydan.tv\/az\/article\/ruslar-savas-isteyirmi\/#more-237754\" aria-label=\"Read more about Ruslar sava\u015f ist\u0259yirmi?\">Davam\u0131<\/a><\/p>\n","protected":false},"author":8,"featured_media":126053,"comment_status":"closed","ping_status":"closed","sticky":false,"template":"","format":"standard","meta":{"_acf_changed":false,"_sitemap_exclude":false,"_sitemap_priority":"","_sitemap_frequency":"","footnotes":""},"categories":[57],"tags":[],"class_list":["post-237754","post","type-post","status-publish","format-standard","has-post-thumbnail","hentry","category-menim-fikrimce","infinite-scroll-item","generate-columns","tablet-grid-50","mobile-grid-100","grid-parent","grid-33","no-featured-image-padding"],"acf":[],"yoast_head":"<!-- This site is optimized with the Yoast SEO plugin v27.4 - https:\/\/yoast.com\/product\/yoast-seo-wordpress\/ -->\n<title>Ruslar sava\u015f ist\u0259yirmi? - MEYDAN.TV<\/title>\n<meta name=\"robots\" content=\"index, follow, max-snippet:-1, max-image-preview:large, max-video-preview:-1\" \/>\n<link rel=\"canonical\" href=\"https:\/\/www.meydan.tv\/az\/article\/ruslar-savas-isteyirmi\/\" \/>\n<meta property=\"og:locale\" content=\"az_AZ\" \/>\n<meta property=\"og:type\" content=\"article\" \/>\n<meta property=\"og:title\" content=\"Ruslar sava\u015f ist\u0259yirmi? - MEYDAN.TV\" \/>\n<meta property=\"og:description\" content=\"B\u00fct\u00fcn bunlar\u0131 Xarkov v\u0259 Kiyevin da\u011f\u0131nt\u0131 fotolar\u0131ndan t\u0259sirl\u0259nib yaz\u0131ram Tarixi ... Davam\u0131\" \/>\n<meta property=\"og:url\" content=\"https:\/\/www.meydan.tv\/az\/article\/ruslar-savas-isteyirmi\/\" \/>\n<meta property=\"og:site_name\" content=\"MEYDAN.TV\" \/>\n<meta property=\"article:published_time\" content=\"2022-03-09T11:02:53+00:00\" \/>\n<meta property=\"article:modified_time\" content=\"2022-03-09T11:02:55+00:00\" \/>\n<meta property=\"og:image\" content=\"https:\/\/www.meydan.tv\/wp-content\/uploads\/image_from_ios_2_p52ittc.original-scaled.jpg\" \/>\n\t<meta property=\"og:image:width\" content=\"2560\" \/>\n\t<meta property=\"og:image:height\" content=\"1440\" \/>\n\t<meta property=\"og:image:type\" content=\"image\/jpeg\" \/>\n<meta name=\"author\" content=\"elli\" \/>\n<meta name=\"twitter:card\" content=\"summary_large_image\" \/>\n<meta name=\"twitter:creator\" content=\"@elli\" \/>\n<script type=\"application\/ld+json\" class=\"yoast-schema-graph\">{\"@context\":\"https:\\\/\\\/schema.org\",\"@graph\":[{\"@type\":\"Article\",\"@id\":\"https:\\\/\\\/www.meydan.tv\\\/az\\\/article\\\/ruslar-savas-isteyirmi\\\/#article\",\"isPartOf\":{\"@id\":\"https:\\\/\\\/www.meydan.tv\\\/az\\\/article\\\/ruslar-savas-isteyirmi\\\/\"},\"author\":{\"name\":\"elli\",\"@id\":\"https:\\\/\\\/www.meydan.tv\\\/az\\\/#\\\/schema\\\/person\\\/9cdbecf90d17180ce1dfbd95b08dcf47\"},\"headline\":\"Ruslar sava\u015f ist\u0259yirmi?\",\"datePublished\":\"2022-03-09T11:02:53+00:00\",\"dateModified\":\"2022-03-09T11:02:55+00:00\",\"mainEntityOfPage\":{\"@id\":\"https:\\\/\\\/www.meydan.tv\\\/az\\\/article\\\/ruslar-savas-isteyirmi\\\/\"},\"wordCount\":2429,\"publisher\":{\"@id\":\"https:\\\/\\\/www.meydan.tv\\\/az\\\/#organization\"},\"image\":{\"@id\":\"https:\\\/\\\/www.meydan.tv\\\/az\\\/article\\\/ruslar-savas-isteyirmi\\\/#primaryimage\"},\"thumbnailUrl\":\"https:\\\/\\\/www.meydan.tv\\\/wp-content\\\/uploads\\\/image_from_ios_2_p52ittc.original-scaled-e1657365012673.jpg\",\"articleSection\":[\"M\u0259nim Fikrimc\u0259\"],\"inLanguage\":\"az\"},{\"@type\":\"WebPage\",\"@id\":\"https:\\\/\\\/www.meydan.tv\\\/az\\\/article\\\/ruslar-savas-isteyirmi\\\/\",\"url\":\"https:\\\/\\\/www.meydan.tv\\\/az\\\/article\\\/ruslar-savas-isteyirmi\\\/\",\"name\":\"Ruslar sava\u015f ist\u0259yirmi? - MEYDAN.TV\",\"isPartOf\":{\"@id\":\"https:\\\/\\\/www.meydan.tv\\\/az\\\/#website\"},\"primaryImageOfPage\":{\"@id\":\"https:\\\/\\\/www.meydan.tv\\\/az\\\/article\\\/ruslar-savas-isteyirmi\\\/#primaryimage\"},\"image\":{\"@id\":\"https:\\\/\\\/www.meydan.tv\\\/az\\\/article\\\/ruslar-savas-isteyirmi\\\/#primaryimage\"},\"thumbnailUrl\":\"https:\\\/\\\/www.meydan.tv\\\/wp-content\\\/uploads\\\/image_from_ios_2_p52ittc.original-scaled-e1657365012673.jpg\",\"datePublished\":\"2022-03-09T11:02:53+00:00\",\"dateModified\":\"2022-03-09T11:02:55+00:00\",\"breadcrumb\":{\"@id\":\"https:\\\/\\\/www.meydan.tv\\\/az\\\/article\\\/ruslar-savas-isteyirmi\\\/#breadcrumb\"},\"inLanguage\":\"az\",\"potentialAction\":[{\"@type\":\"ReadAction\",\"target\":[\"https:\\\/\\\/www.meydan.tv\\\/az\\\/article\\\/ruslar-savas-isteyirmi\\\/\"]}]},{\"@type\":\"ImageObject\",\"inLanguage\":\"az\",\"@id\":\"https:\\\/\\\/www.meydan.tv\\\/az\\\/article\\\/ruslar-savas-isteyirmi\\\/#primaryimage\",\"url\":\"https:\\\/\\\/www.meydan.tv\\\/wp-content\\\/uploads\\\/image_from_ios_2_p52ittc.original-scaled-e1657365012673.jpg\",\"contentUrl\":\"https:\\\/\\\/www.meydan.tv\\\/wp-content\\\/uploads\\\/image_from_ios_2_p52ittc.original-scaled-e1657365012673.jpg\",\"width\":2560,\"height\":1286,\"caption\":\"Foto: Meydan.tv\"},{\"@type\":\"BreadcrumbList\",\"@id\":\"https:\\\/\\\/www.meydan.tv\\\/az\\\/article\\\/ruslar-savas-isteyirmi\\\/#breadcrumb\",\"itemListElement\":[{\"@type\":\"ListItem\",\"position\":1,\"name\":\"Ana s\u0259hif\u0259\",\"item\":\"https:\\\/\\\/www.meydan.tv\\\/az\\\/\"},{\"@type\":\"ListItem\",\"position\":2,\"name\":\"M\u0259nim Fikrimc\u0259\",\"item\":\"https:\\\/\\\/www.meydan.tv\\\/az\\\/section\\\/menim-fikrimce\\\/\"},{\"@type\":\"ListItem\",\"position\":3,\"name\":\"Ruslar sava\u015f ist\u0259yirmi?\"}]},{\"@type\":\"WebSite\",\"@id\":\"https:\\\/\\\/www.meydan.tv\\\/az\\\/#website\",\"url\":\"https:\\\/\\\/www.meydan.tv\\\/az\\\/\",\"name\":\"MEYDAN.TV\",\"description\":\"Meydan TV Az\u0259rbaycan\u0131n media m\u0259kan\u0131ndak\u0131 alternativ s\u0259sidir\",\"publisher\":{\"@id\":\"https:\\\/\\\/www.meydan.tv\\\/az\\\/#organization\"},\"potentialAction\":[{\"@type\":\"SearchAction\",\"target\":{\"@type\":\"EntryPoint\",\"urlTemplate\":\"https:\\\/\\\/www.meydan.tv\\\/az\\\/?s={search_term_string}\"},\"query-input\":{\"@type\":\"PropertyValueSpecification\",\"valueRequired\":true,\"valueName\":\"search_term_string\"}}],\"inLanguage\":\"az\"},{\"@type\":\"Organization\",\"@id\":\"https:\\\/\\\/www.meydan.tv\\\/az\\\/#organization\",\"name\":\"Meydan TV\",\"url\":\"https:\\\/\\\/www.meydan.tv\\\/az\\\/\",\"logo\":{\"@type\":\"ImageObject\",\"inLanguage\":\"az\",\"@id\":\"https:\\\/\\\/www.meydan.tv\\\/az\\\/#\\\/schema\\\/logo\\\/image\\\/\",\"url\":\"https:\\\/\\\/www.meydan.tv\\\/wp-content\\\/uploads\\\/2021\\\/07\\\/meydan-logo.svg\",\"contentUrl\":\"https:\\\/\\\/www.meydan.tv\\\/wp-content\\\/uploads\\\/2021\\\/07\\\/meydan-logo.svg\",\"width\":195,\"height\":46,\"caption\":\"Meydan TV\"},\"image\":{\"@id\":\"https:\\\/\\\/www.meydan.tv\\\/az\\\/#\\\/schema\\\/logo\\\/image\\\/\"}},{\"@type\":\"Person\",\"@id\":\"https:\\\/\\\/www.meydan.tv\\\/az\\\/#\\\/schema\\\/person\\\/9cdbecf90d17180ce1dfbd95b08dcf47\",\"name\":\"elli\",\"sameAs\":[\"https:\\\/\\\/x.com\\\/elli\"]}]}<\/script>\n<!-- \/ Yoast SEO plugin. -->","yoast_head_json":{"title":"Ruslar sava\u015f ist\u0259yirmi? - MEYDAN.TV","robots":{"index":"index","follow":"follow","max-snippet":"max-snippet:-1","max-image-preview":"max-image-preview:large","max-video-preview":"max-video-preview:-1"},"canonical":"https:\/\/www.meydan.tv\/az\/article\/ruslar-savas-isteyirmi\/","og_locale":"az_AZ","og_type":"article","og_title":"Ruslar sava\u015f ist\u0259yirmi? - MEYDAN.TV","og_description":"B\u00fct\u00fcn bunlar\u0131 Xarkov v\u0259 Kiyevin da\u011f\u0131nt\u0131 fotolar\u0131ndan t\u0259sirl\u0259nib yaz\u0131ram Tarixi ... Davam\u0131","og_url":"https:\/\/www.meydan.tv\/az\/article\/ruslar-savas-isteyirmi\/","og_site_name":"MEYDAN.TV","article_published_time":"2022-03-09T11:02:53+00:00","article_modified_time":"2022-03-09T11:02:55+00:00","og_image":[{"width":2560,"height":1440,"url":"https:\/\/www.meydan.tv\/wp-content\/uploads\/image_from_ios_2_p52ittc.original-scaled.jpg","type":"image\/jpeg"}],"author":"elli","twitter_card":"summary_large_image","twitter_creator":"@elli","schema":{"@context":"https:\/\/schema.org","@graph":[{"@type":"Article","@id":"https:\/\/www.meydan.tv\/az\/article\/ruslar-savas-isteyirmi\/#article","isPartOf":{"@id":"https:\/\/www.meydan.tv\/az\/article\/ruslar-savas-isteyirmi\/"},"author":{"name":"elli","@id":"https:\/\/www.meydan.tv\/az\/#\/schema\/person\/9cdbecf90d17180ce1dfbd95b08dcf47"},"headline":"Ruslar sava\u015f ist\u0259yirmi?","datePublished":"2022-03-09T11:02:53+00:00","dateModified":"2022-03-09T11:02:55+00:00","mainEntityOfPage":{"@id":"https:\/\/www.meydan.tv\/az\/article\/ruslar-savas-isteyirmi\/"},"wordCount":2429,"publisher":{"@id":"https:\/\/www.meydan.tv\/az\/#organization"},"image":{"@id":"https:\/\/www.meydan.tv\/az\/article\/ruslar-savas-isteyirmi\/#primaryimage"},"thumbnailUrl":"https:\/\/www.meydan.tv\/wp-content\/uploads\/image_from_ios_2_p52ittc.original-scaled-e1657365012673.jpg","articleSection":["M\u0259nim Fikrimc\u0259"],"inLanguage":"az"},{"@type":"WebPage","@id":"https:\/\/www.meydan.tv\/az\/article\/ruslar-savas-isteyirmi\/","url":"https:\/\/www.meydan.tv\/az\/article\/ruslar-savas-isteyirmi\/","name":"Ruslar sava\u015f ist\u0259yirmi? - MEYDAN.TV","isPartOf":{"@id":"https:\/\/www.meydan.tv\/az\/#website"},"primaryImageOfPage":{"@id":"https:\/\/www.meydan.tv\/az\/article\/ruslar-savas-isteyirmi\/#primaryimage"},"image":{"@id":"https:\/\/www.meydan.tv\/az\/article\/ruslar-savas-isteyirmi\/#primaryimage"},"thumbnailUrl":"https:\/\/www.meydan.tv\/wp-content\/uploads\/image_from_ios_2_p52ittc.original-scaled-e1657365012673.jpg","datePublished":"2022-03-09T11:02:53+00:00","dateModified":"2022-03-09T11:02:55+00:00","breadcrumb":{"@id":"https:\/\/www.meydan.tv\/az\/article\/ruslar-savas-isteyirmi\/#breadcrumb"},"inLanguage":"az","potentialAction":[{"@type":"ReadAction","target":["https:\/\/www.meydan.tv\/az\/article\/ruslar-savas-isteyirmi\/"]}]},{"@type":"ImageObject","inLanguage":"az","@id":"https:\/\/www.meydan.tv\/az\/article\/ruslar-savas-isteyirmi\/#primaryimage","url":"https:\/\/www.meydan.tv\/wp-content\/uploads\/image_from_ios_2_p52ittc.original-scaled-e1657365012673.jpg","contentUrl":"https:\/\/www.meydan.tv\/wp-content\/uploads\/image_from_ios_2_p52ittc.original-scaled-e1657365012673.jpg","width":2560,"height":1286,"caption":"Foto: Meydan.tv"},{"@type":"BreadcrumbList","@id":"https:\/\/www.meydan.tv\/az\/article\/ruslar-savas-isteyirmi\/#breadcrumb","itemListElement":[{"@type":"ListItem","position":1,"name":"Ana s\u0259hif\u0259","item":"https:\/\/www.meydan.tv\/az\/"},{"@type":"ListItem","position":2,"name":"M\u0259nim Fikrimc\u0259","item":"https:\/\/www.meydan.tv\/az\/section\/menim-fikrimce\/"},{"@type":"ListItem","position":3,"name":"Ruslar sava\u015f ist\u0259yirmi?"}]},{"@type":"WebSite","@id":"https:\/\/www.meydan.tv\/az\/#website","url":"https:\/\/www.meydan.tv\/az\/","name":"MEYDAN.TV","description":"Meydan TV Az\u0259rbaycan\u0131n media m\u0259kan\u0131ndak\u0131 alternativ s\u0259sidir","publisher":{"@id":"https:\/\/www.meydan.tv\/az\/#organization"},"potentialAction":[{"@type":"SearchAction","target":{"@type":"EntryPoint","urlTemplate":"https:\/\/www.meydan.tv\/az\/?s={search_term_string}"},"query-input":{"@type":"PropertyValueSpecification","valueRequired":true,"valueName":"search_term_string"}}],"inLanguage":"az"},{"@type":"Organization","@id":"https:\/\/www.meydan.tv\/az\/#organization","name":"Meydan TV","url":"https:\/\/www.meydan.tv\/az\/","logo":{"@type":"ImageObject","inLanguage":"az","@id":"https:\/\/www.meydan.tv\/az\/#\/schema\/logo\/image\/","url":"https:\/\/www.meydan.tv\/wp-content\/uploads\/2021\/07\/meydan-logo.svg","contentUrl":"https:\/\/www.meydan.tv\/wp-content\/uploads\/2021\/07\/meydan-logo.svg","width":195,"height":46,"caption":"Meydan TV"},"image":{"@id":"https:\/\/www.meydan.tv\/az\/#\/schema\/logo\/image\/"}},{"@type":"Person","@id":"https:\/\/www.meydan.tv\/az\/#\/schema\/person\/9cdbecf90d17180ce1dfbd95b08dcf47","name":"elli","sameAs":["https:\/\/x.com\/elli"]}]}},"_links":{"self":[{"href":"https:\/\/www.meydan.tv\/az\/wp-json\/wp\/v2\/posts\/237754","targetHints":{"allow":["GET"]}}],"collection":[{"href":"https:\/\/www.meydan.tv\/az\/wp-json\/wp\/v2\/posts"}],"about":[{"href":"https:\/\/www.meydan.tv\/az\/wp-json\/wp\/v2\/types\/post"}],"author":[{"embeddable":true,"href":"https:\/\/www.meydan.tv\/az\/wp-json\/wp\/v2\/users\/8"}],"replies":[{"embeddable":true,"href":"https:\/\/www.meydan.tv\/az\/wp-json\/wp\/v2\/comments?post=237754"}],"version-history":[{"count":1,"href":"https:\/\/www.meydan.tv\/az\/wp-json\/wp\/v2\/posts\/237754\/revisions"}],"predecessor-version":[{"id":237755,"href":"https:\/\/www.meydan.tv\/az\/wp-json\/wp\/v2\/posts\/237754\/revisions\/237755"}],"wp:featuredmedia":[{"embeddable":true,"href":"https:\/\/www.meydan.tv\/az\/wp-json\/wp\/v2\/media\/126053"}],"wp:attachment":[{"href":"https:\/\/www.meydan.tv\/az\/wp-json\/wp\/v2\/media?parent=237754"}],"wp:term":[{"taxonomy":"category","embeddable":true,"href":"https:\/\/www.meydan.tv\/az\/wp-json\/wp\/v2\/categories?post=237754"},{"taxonomy":"post_tag","embeddable":true,"href":"https:\/\/www.meydan.tv\/az\/wp-json\/wp\/v2\/tags?post=237754"}],"curies":[{"name":"wp","href":"https:\/\/api.w.org\/{rel}","templated":true}]}}