{"id":237743,"date":"2022-03-09T14:46:01","date_gmt":"2022-03-09T10:46:01","guid":{"rendered":"https:\/\/www.meydan.tv\/?p=237743"},"modified":"2022-03-09T14:46:06","modified_gmt":"2022-03-09T10:46:06","slug":"imperiyanin-arxa-bagcasinda-tarixin-geri-qayidisi","status":"publish","type":"post","link":"https:\/\/www.meydan.tv\/az\/article\/imperiyanin-arxa-bagcasinda-tarixin-geri-qayidisi\/","title":{"rendered":"\u0130mperiyan\u0131n \u201carxa ba\u011f\u00e7as\u0131&#8221;nda tarixin geri qay\u0131d\u0131\u015f\u0131"},"content":{"rendered":"\n<p><em>\u0130mperiya \u00fcmumiyy\u0259tl\u0259 Ukrayna olmadan m\u00f6vcud ola bilm\u0259z v\u0259 h\u0259qiqi m\u0259nada imperial bir hegemon say\u0131lmaz<\/em><br><br>2022-ci ilin fevral\u0131nda \u201ctarixin geri qay\u0131d\u0131\u015f\u0131\u201d tam t\u0259sdiq olundu. XXI \u0259srin 3-c\u00fc onilliyinin ba\u015flan\u011f\u0131c\u0131nda tam ayd\u0131n oldu ki, tarix he\u00e7 d\u0259 \u201csoyuq m\u00fcharib\u0259\u201dnin v\u0259 SSR\u0130-nin tarix\u0259 qovu\u015fmas\u0131yla bitm\u0259yibmi\u015f.<br><\/p>\n\n\n\n<p>\u018fslind\u0259 Fukuyaman\u0131n m\u0259\u015fhur \u201cTarixin sonu v\u0259 sonuncu insan\u201d kitab\u0131ndak\u0131 fikirl\u0259r, b\u0259lk\u0259 d\u0259, \u0259n geci 10 il \u0259vv\u0259l alt-\u00fcst olmu\u015fdu. Amma bunu m\u0259hz indi &#8211; \u015e\u0259rqi Avropadak\u0131 Ukraynan\u0131n birba\u015fa imperial i\u015f\u011falla \u00fczl\u0259\u015fdiyi bir \u015f\u0259raitd\u0259 daha ayd\u0131n g\u00f6r\u0259 bil\u0259rik.<br><\/p>\n\n\n\n<p>Y\u0259qin, Fukuyama \u00f6z\u00fc d\u0259 kitab\u0131n\u0131 art\u0131q tarixi ikonik \u00fcz qab\u0131qlar\u0131 il\u0259 m\u0259\u015fhur \u201cTime\u201d jurnal\u0131n\u0131n sonuncu n\u00f6mr\u0259sinin (\u00fcz qab\u0131\u011f\u0131nda rus tank\u0131n\u0131n t\u0259sviriyl\u0259 birg\u0259 \u201ctarixin qay\u0131d\u0131\u015f\u0131\u201d yaz\u0131lan) aras\u0131nda saxlayacaq.<br><\/p>\n\n\n\n<p>Avropan\u0131n \u015f\u0259rqind\u0259 i\u015f\u011fala m\u0259ruz qalan bir \u00f6lk\u0259 m\u00fcharib\u0259 f\u0259lak\u0259ti il\u0259 \u00fcz-\u00fcz\u0259dir. Biz is\u0259 onu i\u015f\u011fal etm\u0259y\u0259 \u00e7al\u0131\u015fan, \u00f6z dili il\u0259 des\u0259k, \u201cdenazifikasiya \u0259m\u0259liyyat\u0131 ke\u00e7ir\u0259n\u201d yeni bir &#8220;f\u00fcrrer&#8221;in simas\u0131nda &#8220;tarixin geri qay\u0131d\u0131\u015f\u0131&#8221;na \u015fahid olmaqday\u0131q.<br><\/p>\n\n\n\n<p>Bu arada Ukraynaya h\u0259rbi m\u00fcdaxil\u0259sind\u0259n az \u00f6nc\u0259 Az\u0259rbaycan Rusiyan\u0131 \u00f6z\u00fcn\u00fcn m\u00fctt\u0259fiqi elan etdi. Bu, \u0259slind\u0259, vassall\u0131\u011f\u0131n r\u0259smil\u0259\u015fdirilm\u0259si idi. A\u00e7\u0131\u011f\u0131, b\u0259lk\u0259 d\u0259, vassall\u0131\u011f\u0131n bu \u015f\u0259kild\u0259 r\u0259smil\u0259\u015fdirilib-r\u0259smil\u0259\u015fdirilm\u0259m\u0259sinin d\u0259 el\u0259 b\u00f6y\u00fck bir f\u0259rqi yoxdur.<br><\/p>\n\n\n\n<p>Amma bu, \u00e7ox g\u00fcman, Ukraynaya m\u00fcdaxil\u0259sinin gedi\u015fat\u0131nda Rusiyan\u0131n \u00f6z periferiyalar\u0131ndan birind\u0259 yarana bil\u0259c\u0259k hans\u0131sa bo\u015flu\u011fu v\u0259 t\u0259hl\u00fck\u0259sizliyi r\u0259smi qarantiyaya almas\u0131 idi. \u00c7\u00fcnki Az\u0259rbaycan Rusiyan\u0131n dig\u0259r periferiyalar\u0131n\u0131 vassall\u0131\u011fa ald\u0131\u011f\u0131 Kollektiv T\u0259hl\u00fck\u0259sizlik M\u00fcqavil\u0259si T\u0259\u015fkilat\u0131na daxil olmad\u0131\u011f\u0131ndan onun kompensasiyas\u0131 \u201cekskl\u00fcziv\u201d m\u00fctt\u0259fiqlik sazi\u015fi oldu.<br><\/p>\n\n\n\n<p>Onsuz da faktiki Rusiya vassall\u0131\u011f\u0131 2020-ci il Qaraba\u011f m\u00fcharib\u0259sind\u0259n sonra qanunauy\u011fun \u015f\u0259kild\u0259 h\u0259m Erm\u0259nistan, h\u0259m d\u0259 Az\u0259rbaycan \u00fc\u00e7\u00fcn pik n\u00f6qt\u0259y\u0259 \u00e7atm\u0131\u015fd\u0131. B\u00fct\u00fcn bunlar\u0131n ham\u0131s\u0131 tarixi v\u0259 regional geosiyasi qanunauy\u011funluqlar \u00e7\u0259r\u00e7iv\u0259sind\u0259 ba\u015f verdi.<br><\/p>\n\n\n\n<p>20-ci \u0259srin \u0259vv\u0259lind\u0259ki inqilab zaman\u0131 N\u0259riman N\u0259rimanovun m\u0259\u015fhur &#8220;Az\u0259rbaycan\u0131n xo\u015fb\u0259xtliyi Rusiya il\u0259 s\u0131x ba\u011fl\u0131d\u0131r&#8221; s\u00f6zl\u0259ri d\u0259 t\u0259sad\u00fcf\u0259n g\u00fcnd\u0259m\u0259 g\u0259lm\u0259di. D\u00f6vr\u00fcm\u00fczd\u0259 rusiyameylli b\u0259zi marginal qruplar bunu sol ideoloji \u015f\u00fcar\u00e7\u0131l\u0131\u011f\u0131n bir hiss\u0259si hesab etdil\u0259r. Bu ifad\u0259 SSR\u0130-d\u0259n sonra m\u0259qs\u0259dli olaraq sol d\u00fc\u015f\u00fcnc\u0259nin assosasiyas\u0131 kimi xarakteriz\u0259 edilirdi. Ona g\u00f6r\u0259 d\u0259 solun \u0259lehidar\u0131 olan milliyy\u0259t\u00e7i g\u00fcruh h\u0259r zaman bu fikirl\u0259ri tarixi satq\u0131nl\u0131\u011f\u0131n lozunqu kimi t\u0259qdim edirdi.<br><\/p>\n\n\n\n<p>Biz is\u0259 bu s\u00f6zl\u0259r\u0259 h\u0259l\u0259 d\u0259 \u00f6z k\u00f6hn\u0259lm\u0259y\u0259n tarixi-siyasi ba\u011f\u0131ndan k\u0259nar, \u015f\u00fcar\u00e7\u0131l\u0131qla \u00e7\u0259r\u00e7iv\u0259l\u0259nmi\u015f halda baxmamal\u0131y\u0131q. Bu ifad\u0259 ger\u00e7\u0259kd\u0259 n\u0259 \u015f\u00fcar\u00e7\u0131 rusiyameylli psevdosol\u00e7ulu\u011fun m\u0259dhiyy\u0259si kimi g\u00f6r\u00fcnm\u0259li, n\u0259 d\u0259 h\u0259r \u015feyi il\u0259 bo\u015f milliyy\u0259t\u00e7i qarag\u00fcruh\u00e7ulu\u011fun \u0259sass\u0131z satq\u0131nl\u0131q dam\u011fas\u0131n\u0131n lozunqu kimi q\u0259bul edilm\u0259lidir. \u00c7\u00fcnki Az\u0259rbaycan\u0131n, el\u0259c\u0259 d\u0259 C\u0259nubi Qafqaz\u0131n sosial-siyasi xo\u015fb\u0259xtliyi, h\u0259qiq\u0259t\u0259n d\u0259, Rusiya il\u0259 s\u0131x ba\u011fl\u0131d\u0131r. S\u0259b\u0259bi is\u0259 \u00e7ox sad\u0259dir: region bu imperial g\u00fcc\u00fcn &#8220;arxa ba\u011f\u00e7as\u0131d\u0131r&#8221;.<br><\/p>\n\n\n\n<p>\u018fn k\u0259d\u0259rlisi is\u0259 odur ki, bu b\u0259sit imperial ger\u00e7\u0259kliyi geni\u015f k\u00fctl\u0259l\u0259r\u0259 tam v\u0259 milliyy\u0259t\u00e7i q\u0259r\u0259z olmadan \u00e7atd\u0131rmaq m\u00fcmk\u00fcn olmay\u0131b. Bununsa \u0259n b\u00f6y\u00fck s\u0259b\u0259bi h\u0259r bir imperial g\u00fcc\u00fcn, birba\u015fa \u00f6z imperial hegemoniyas\u0131n\u0131 maskalamaqdan \u00f6tr\u00fc h\u0259r zaman t\u0259zyiq etdiyi periferiyalar\u0131na &#8211; \u00f6z &#8220;arxa ba\u011f\u00e7alar\u0131na&#8221; alternativ d\u00fc\u015fm\u0259nl\u0259r t\u0259qdim etm\u0259si olub. Bu, ad\u0259t\u0259n, etnik milli konfliktl\u0259rin alovland\u0131r\u0131lmas\u0131 \u015f\u0259klind\u0259 ba\u015f tutub.<br><\/p>\n\n\n\n<p>Biz\u0259, bir imperiyan\u0131n siyasi-co\u011frafi periferiyas\u0131 olaraq t\u0259qdim edil\u0259n \u201calternativ d\u00fc\u015fm\u0259n\u00e7ilik\u201d is\u0259 erm\u0259nil\u0259rl\u0259 tarixi milli konflikt oldu. Eynil\u0259 erm\u0259nil\u0259r\u0259 biziml\u0259 d\u00fc\u015fm\u0259n\u00e7ilik bu \u015f\u0259kild\u0259 t\u0259bli\u011f olundu. Bu is\u0259 sad\u0259c\u0259, funksional olaraq imperial hegemoniyan\u0131n dir\u00e7\u0259lm\u0259sin\u0259, g\u00fccl\u0259nm\u0259sin\u0259 v\u0259 ayaqda qalmas\u0131na yard\u0131m ed\u0259n s\u00fctunlardan biri idi.<br><\/p>\n\n\n\n<p>Haz\u0131rda \u201ctarixin geri qay\u0131d\u0131\u015f\u0131\u201d fonunda imperiya sonuncu s\u0259rt v\u0259 riskli gedi\u015fini etm\u0259kd\u0259dir. \u00d6z &#8220;arxa ba\u011f\u00e7alar\u0131ndan&#8221; biri, daha do\u011frusu, onun \u00fc\u00e7\u00fcn bundan da art\u0131q olan Ukrayna \u00fcz\u0259rin\u0259 a\u00e7\u0131q v\u0259 qanl\u0131 h\u00fccumdad\u0131r. \u00c7\u00fcnki imperiya \u00fcmumiyy\u0259tl\u0259 Ukrayna olmadan m\u00f6vcud ola bilm\u0259z v\u0259 h\u0259qiqi m\u0259nada imperial bir hegemon say\u0131lmaz.<br><\/p>\n\n\n\n<p>Rusiya \u00fc\u00e7\u00fcn Az\u0259rbaycan, G\u00fcrc\u00fcstan v\u0259 Erm\u0259nistan b\u0259lk\u0259 d\u0259, ondan qopduqlar\u0131 halda bel\u0259 b\u00f6y\u00fck itki say\u0131lmaz. Onlar h\u0259tta tam qopduqlar\u0131 v\u0259 daha yax\u015f\u0131 inki\u015faf etdikl\u0259ri halda bel\u0259, rus xalq\u0131 \u00fc\u00e7\u00fcn model say\u0131la bilm\u0259zl\u0259r. Amma Ukrayna tamam ba\u015fqad\u0131r. Onun qopmas\u0131, yax\u015f\u0131 inki\u015faf etm\u0259si imperiyan\u0131n v\u0259 \u00e7arl\u0131q arzusunun yox olmas\u0131 dem\u0259kdir.<br><\/p>\n\n\n\n<p>El\u0259 buna g\u00f6r\u0259 Rusiya dig\u0259r periferiyalar\u0131n\u0131 n\u0259zar\u0259td\u0259 saxlamaq \u00fc\u00e7\u00fcn yaratd\u0131\u011f\u0131 regional konfliktl\u0259ri Ukraynada yaratmaqla kifay\u0259tl\u0259n\u0259 bilm\u0259zdi. Ona g\u00f6r\u0259 d\u0259 b\u00fct\u00fcn optimist g\u00f6zl\u0259ntil\u0259ri darmada\u011f\u0131n ed\u0259r\u0259k \u201cx\u00fcsusi \u0259m\u0259liyyat\u201da, \u0259slind\u0259 is\u0259 \u201cblitzkrieg\u201d, y\u0259ni faktiki ild\u0131r\u0131ms\u00fcr\u0259tli m\u00fcharib\u0259y\u0259 ba\u015flad\u0131.<br><\/p>\n\n\n\n<p>Bundan sonrak\u0131 optimist g\u00f6zl\u0259ntil\u0259r is\u0259 bunun n\u00f6vb\u0259ti d\u00fcnya v\u0259 n\u00fcv\u0259 m\u00fcharib\u0259sin\u0259 \u00e7evrilm\u0259m\u0259sind\u0259n ibar\u0259tdir.<br><\/p>\n\n\n\n<p>Ola bilsin, bura q\u0259d\u0259r yazd\u0131qlar\u0131m bir q\u0259d\u0259r uzun al\u0131nd\u0131, amma \u0259slind\u0259, dem\u0259k ist\u0259diyim \u0259sas \u015feyl\u0259r bu hiss\u0259d\u0259n sonrada yer al\u0131b.<br><\/p>\n\n\n\n<p>\u0130mperial hegemoniya dikt\u0259sinin \u0259n pik h\u0259dd\u0259 \u00e7atd\u0131\u011f\u0131 v\u0259 imperiyan\u0131n &#8220;var olmaq v\u0259 ya olmamaq&#8221; sual\u0131yla qar\u015f\u0131-qar\u015f\u0131ya durdu\u011fu bir vaxtda dig\u0259r &#8220;arxa ba\u011f\u00e7alarda&#8221; da ist\u0259r-ist\u0259m\u0259z h\u0259r\u0259k\u0259tl\u0259nm\u0259l\u0259r yaranmaqdad\u0131r, \u00e7\u00fcnki bundan sonra ba\u015f ver\u0259nl\u0259r &#8220;ild\u0131r\u0131ms\u00fcr\u0259tli m\u00fcharib\u0259nin&#8221; \u00f6z\u00fcnd\u0259n az s\u00fcr\u0259tli olmaya bil\u0259r.<br><\/p>\n\n\n\n<p>Ukrayna i\u015f\u011fal edildiyi bir vaxtda Avropa Birliyin\u0259 (AB) \u00fczvl\u00fck \u00fc\u00e7\u00fcn x\u00fcsusi m\u00fcraci\u0259t etdi, \u00e7ox \u00e7\u0259km\u0259di ki, G\u00fcrc\u00fcstan v\u0259 Moldova da Avropa Birliyin\u0259 m\u00fcraci\u0259t \u00fcnvanlad\u0131. H\u0259r ikisi Rusiyaya qar\u015f\u0131 birba\u015fa sanksiyalara qo\u015fulmayacaqlar\u0131n\u0131 des\u0259l\u0259r d\u0259, AB \u00fczvl\u00fcy\u00fcn\u0259 m\u00fcraci\u0259t indiki halda maksimum c\u0259sar\u0259t ed\u0259c\u0259kl\u0259ri \u015fey idi.<br><br>Bundan sonra biz Erm\u0259nistan\u0131n Ba\u015f naziri Nikol Pa\u015finyan\u0131n Az\u0259rbaycanla s\u00fclh dan\u0131\u015f\u0131\u011f\u0131na haz\u0131r oldu\u011funu g\u00f6r\u00fcr\u00fck. Pa\u015finyan Erm\u0259nistan parlamentind\u0259ki \u00e7\u0131x\u0131\u015f\u0131nda da bunu a\u00e7\u0131q ifad\u0259 etdi. H\u0259tta ona m\u00fcxalif olan da\u015fnak t\u00f6k\u00fcnt\u00fcl\u0259riyl\u0259 \u00e7ox s\u0259rt dan\u0131\u015fd\u0131, h\u0259m\u00e7inin Qubadl\u0131n\u0131n ad\u0131n\u0131n yer ald\u0131\u011f\u0131 m\u00fcbahis\u0259d\u0259 onlar\u0131 &#8220;talan\u00e7\u0131lar&#8221; adland\u0131raraq a\u015fa\u011f\u0131lad\u0131.<br><\/p>\n\n\n\n<p>44 g\u00fcnl\u00fck m\u00fcharib\u0259d\u0259 tutduqlar\u0131 \u0259razil\u0259ri itirm\u0259k da\u015fnaklar v\u0259 onlar\u0131n \u0259traf\u0131ndak\u0131 milliyy\u0259t\u00e7i q\u00fcvv\u0259l\u0259ri daha \u00e7ox z\u0259ifl\u0259tdi, n\u0259inki h\u00f6kum\u0259t ba\u015f\u00e7\u0131s\u0131 Pa\u015finyan\u0131. Ukraynaya h\u0259rbi m\u00fcdaxil\u0259ni v\u0259 i\u015f\u011falla \u00fcz-\u00fcz\u0259 qald\u0131\u011f\u0131n\u0131 \u00e7\u0131xsaq, indiki halda Rusiya periferiyalar\u0131 aras\u0131nda \u0259n \u00e7\u0131x\u0131lmaz siyasi hal (Belarus v\u0259 M\u0259rk\u0259zi Asiyan\u0131 da saymasaq) Erm\u0259nistan v\u0259 Az\u0259rbaycanla ba\u011fl\u0131d\u0131r.<br><\/p>\n\n\n\n<p>Dediyimiz kimi, G\u00fcrc\u00fcstan v\u0259 Moldovan\u0131n indiki halda maksimum ed\u0259c\u0259yi \u015fey m\u0259hz Avropa Birliyi m\u00fcraci\u0259ti idi ki, bunu etdil\u0259r. \u0130ndi biz Pa\u015finyan\u0131n bel\u0259 intensiv s\u00fclh ist\u0259m\u0259 m\u00f6vqeyini bu c\u00fcr ba\u015fa d\u00fc\u015f\u00fcr\u00fck; o anlay\u0131r ki, ed\u0259c\u0259yi maksimum \u015fey G\u00fcrc\u00fcstan v\u0259 Moldova kimi indiki halda AB m\u00fcraci\u0259ti ola bilm\u0259z, \u00e7\u00fcnki bu dig\u0259r iki \u00f6lk\u0259 \u00fc\u00e7\u00fcn imperiyadan qopmaqdan \u00f6tr\u00fc indiki \u015f\u0259raitd\u0259 ed\u0259 bil\u0259c\u0259kl\u0259ri maksimum h\u0259r\u0259k\u0259t olsa da, Erm\u0259nistan \u00fc\u00e7\u00fcn h\u0259l\u0259 d\u0259 riskli say\u0131l\u0131r.<br><\/p>\n\n\n\n<p>Ona g\u00f6r\u0259 d\u0259 Pa\u015finyan h\u0259l\u0259lik maksimumunu dil\u0259 g\u0259tirir: Az\u0259rbaycanla s\u00fclh. Yaln\u0131z bu halda Rusiya \u0259sar\u0259tind\u0259n \u00e7\u0131xmaq \u00fc\u00e7\u00fcn dig\u0259r c\u0259hdl\u0259ri etm\u0259k olar. M\u0259hz Rusiyan\u0131n b\u00fct\u00fcn g\u00fcc\u00fcyl\u0259 Ukrayna i\u015f\u011fal\u0131na fokusland\u0131\u011f\u0131 bir fonda. A\u00e7\u0131\u011f\u0131, t\u0259\u0259ss\u00fcf hissi il\u0259 (b\u0259li, t\u0259\u0259ss\u00fcf ki!) d\u00fc\u015f\u00fcn\u00fcr\u0259m ki, Pa\u015finyan\u0131n b\u0259xti g\u0259tirm\u0259y\u0259c\u0259k.<br><\/p>\n\n\n\n<p><strong><em>Birincisi <\/em><\/strong>ona g\u00f6r\u0259 ki Az\u0259rbaycanda da insanlar\u0131n az-\u00e7ox siyasi aktiv hiss\u0259si G\u00fcrc\u00fcstanda oldu\u011fu kimi anti-Rusiya m\u00f6vqeyind\u0259 olsalar da, Erm\u0259nistana qar\u015f\u0131 nifr\u0259ti d\u0259 ondan geri qalm\u0131r. X\u00fcsusil\u0259 d\u0259 \u00fczd\u0259 olan m\u00fcxalif\u0259t v\u0259 siyasi-ictimai m\u00fcxalif fikir m\u00fcharib\u0259 sonras\u0131 a\u015f\u0131r\u0131 z\u0259ifl\u0259dilmi\u015f olsa da, anti-Rusiya olmaqla birg\u0259 h\u0259m d\u0259 az qala hakimiyy\u0259td\u0259n d\u0259 art\u0131q anti-Erm\u0259nistan m\u00f6vqed\u0259dir. Onlar Erm\u0259nistanla h\u0259l\u0259 h\u0259ll olunmam\u0131\u015f konfliktd\u0259 maksimal t\u0259l\u0259bl\u0259r dil\u0259 g\u0259tirm\u0259y\u0259 meyllidir. Bu da Pa\u015finyan\u0131n \u00fcmidl\u0259rini pu\u00e7a \u00e7\u0131xaracaq \u0259n pis hald\u0131r.<br><\/p>\n\n\n\n<p><em><strong>Dig\u0259r yandan<\/strong>,<\/em> Az\u0259rbaycandak\u0131 siyasi iqtidardan \u00f6tr\u00fc \u0259sas m\u0259s\u0259l\u0259 taxt-tac\u0131 v\u0259 monarxik hegemoniyan\u0131 qorumaqd\u0131r. Ona g\u00f6r\u0259 d\u0259 h\u0259l\u0259 &#8220;havadan as\u0131l\u0131 qalmaq&#8221; oyunu oynamaqdad\u0131r. Y\u0259ni Rusiya \u0259lehin\u0259 ke\u00e7iril\u0259n beyn\u0259lxalq s\u0259sverm\u0259l\u0259rd\u0259 \u00fcmumiyy\u0259tl\u0259 i\u015ftirak etmir, m\u00fcxalifl\u0259rin Ukraynaya d\u0259st\u0259yin\u0259 qism\u0259n d\u0259 olsa, imkan verm\u0259kl\u0259 h\u0259r iki t\u0259r\u0259fin k\u00f6nl\u00fcn\u00fc xo\u015f tutma\u011fa \u00e7al\u0131\u015f\u0131r. Bir s\u00f6zl\u0259, \u201ctarixin geri qay\u0131d\u0131\u015f\u0131\u201d \u015f\u0259raitind\u0259 h\u0259l\u0259 d\u0259 \u201cbalansl\u0131 siyas\u0259t\u201d e\u015fqind\u0259dir.<br><\/p>\n\n\n\n<p>Pa\u015finyan\u0131n is\u0259 \u0259l-qolu sad\u0259c\u0259 ona g\u00f6r\u0259 ba\u011fl\u0131d\u0131r ki, \u00f6z s\u0259lt\u0259n\u0259tini qorumaq \u00fc\u00e7\u00fcn h\u0259r c\u00fcr &#8220;\u0259mr\u0259 m\u00fcnt\u0259zir&#8221; Az\u0259rbaycan hakimiyy\u0259ti yenid\u0259n m\u0259hz Kremlin diqt\u0259sil\u0259 onun \u00fcz\u0259rin\u0259 sal\u0131na bil\u0259r. Y\u0259ni bel\u0259 bir ehtimal h\u0259r zaman m\u00fcmk\u00fcnd\u00fcr.<br><\/p>\n\n\n\n<p>Q\u0131sa des\u0259m, Pa\u015finyan\u0131n Rusiya vassall\u0131\u011f\u0131 Az\u0259rbaycan\u0131nk\u0131ndan daha art\u0131q m\u0259cburiyy\u0259td\u0259ndir. Az\u0259rbaycanla s\u00fclh s\u00f6hb\u0259tini indiki halda intensivl\u0259\u015fdirm\u0259si d\u0259 bu boyunduruqdan xilas\u0131na i\u015far\u0259dir. Lakin Az\u0259rbaycan iqtidar\u0131n\u0131n vassall\u0131\u011f\u0131 Pa\u015finyandan f\u0259rqli olaraq daha \u00e7ox taxt-tac\u0131 qoruma\u011fa hesablan\u0131b. Buna maksimum t\u0259minat ancaq imperia t\u0259r\u0259find\u0259n verilirs\u0259, bu as\u0131l\u0131l\u0131qdan imtina etm\u0259yi d\u00fc\u015f\u00fcn\u0259 bil\u0259r.<br><\/p>\n\n\n\n<p>Dem\u0259k, Rusiyan\u0131n imperial hegemoniyan\u0131 b\u0259rq\u0259rar etm\u0259k \u00fc\u00e7\u00fcn maksimum h\u0259r\u0259k\u0259t\u0259 ke\u00e7diyi bir vaxtda v\u0259 bir ne\u00e7\u0259 periferiyan\u0131n z\u0259if c\u0259hdl\u0259rl\u0259 d\u0259 olsa, ondan uzaqla\u015fma\u011fa \u00e7al\u0131\u015fd\u0131\u011f\u0131n\u0131 ayd\u0131n g\u00f6r\u00fcr\u00fck. Ona g\u00f6r\u0259 d\u0259 bel\u0259 bir vaxtda Pa\u015finyan\u0131n Az\u0259rbaycanla s\u00fclh ist\u0259yi mesaj\u0131 da t\u0259sad\u00fcfi deyil.<br><\/p>\n\n\n\n<p>Dem\u0259li, o, prosesi intensivl\u0259\u015fdirm\u0259kl\u0259 imperiyadan daha tez qopmaq arzusunu n\u00fcmayi\u015f etdirir. Amma h\u0259l\u0259 ki Az\u0259rbaycandan bu mesaja diqq\u0259t\u0259layiq bir qar\u015f\u0131l\u0131q g\u00f6rm\u00fcr\u00fck v\u0259 tezlikl\u0259 ba\u015f ver\u0259c\u0259yini g\u00f6zl\u0259mirik.<br><\/p>\n\n\n\n<p>Fikirl\u0259\u015firik ki, Az\u0259rbaycan hakimiyy\u0259ti imperiyan\u0131n taleyi tam m\u0259lum olmadan \u00f6z s\u0259lt\u0259n\u0259tini risk\u0259 atmaqdan qorxur. Erm\u0259nistanla tezlikl\u0259 ba\u015f ver\u0259c\u0259k s\u00fclh raz\u0131l\u0131\u011f\u0131 h\u0259m d\u0259 onunla birg\u0259 imperiyadan qopma\u011f\u0131n tezl\u0259\u015fm\u0259si dem\u0259k olar. \u0130ndiki haldasa Az\u0259rbaycan iqtidar\u0131n\u0131n t\u0259minat\u00e7\u0131s\u0131 birba\u015fa olaraq h\u0259l\u0259 ki ancaq imperiyad\u0131r. \u0130qtidar \u00f6z s\u0259lt\u0259n\u0259tin\u0259 yeni t\u0259minat\u00e7\u0131 tapmadan vassal\u0131 oldu\u011fu m\u00f6vcud qarant\u00e7\u0131s\u0131yla risk etm\u0259k ist\u0259mir.<br><\/p>\n\n\n\n<p>M\u00fcxalif say\u0131lan siyasi-ictimai fikir daxilind\u0259ki m\u00f6vqe, y\u0259ni Erm\u0259nistan\u0131 Rusiyadan f\u0259rql\u0259ndirm\u0259y\u0259r\u0259k konfliktl\u0259 ba\u011fl\u0131 s\u00fclh yolunu t\u0131xayan maksimalist t\u0259l\u0259bl\u0259r diskursu da siyasi iqtidara mane\u0259 yaranmamas\u0131na s\u0259b\u0259b olur. Hesab edir\u0259m ki, ya\u015famaqda oldu\u011fumuz tarixi gedi\u015fat fonunda ortaya bel\u0259 bir m\u00f6vqe qoyulmal\u0131d\u0131r:<\/p>\n\n\n\n<ul class=\"wp-block-list\"><li><em>Siyasi-ictimai aktiv v\u0259 m\u00fcxalif fikir maksimal olmayan \u015f\u0259rtl\u0259r daxilind\u0259 Erm\u0259nistanla tezlikl\u0259 s\u00fclh ba\u011flanmas\u0131n\u0131 t\u0259l\u0259b etm\u0259lidir. Nec\u0259 ki Rusiyan\u0131n Ukrayna \u00fcz\u0259rind\u0259 imperial basq\u0131s\u0131n\u0131 g\u00f6r\u00fcb siyasi hakimiyy\u0259tin r\u0259smi m\u00f6vqeyind\u0259n f\u0259rqli v\u0259 daha kardinal \u015f\u0259kild\u0259 etiraz ed\u0259 bilirs\u0259, ba\u015fa d\u00fc\u015fm\u0259lidir ki, eyni basq\u0131 Erm\u0259nistan\u0131n da \u00fcz\u0259rind\u0259dir.<\/em><\/li><li><em>\u201cMaksimal olmayan \u015f\u0259rtl\u0259r\u201din bu tarixi gedi\u015fatda el\u0259 Erm\u0259nistan t\u0259r\u0259find\u0259n d\u0259 maksimal t\u0259l\u0259bl\u0259r \u015f\u0259klind\u0259 olmayaca\u011f\u0131n\u0131 d\u00fc\u015f\u00fcn\u00fcr\u00fck. Bu halda Pa\u015finyan\u0131n tezlikl\u0259 s\u00fclh raz\u0131la\u015fmas\u0131 \u00e7a\u011fr\u0131\u015f\u0131 etm\u0259si v\u0259 imperiyadan qopmaq ist\u0259yi d\u0259 \u00e7ox inand\u0131r\u0131c\u0131 g\u00f6r\u00fcn\u00fcr.  <\/em><\/li><\/ul>\n\n\n\n<p><\/p>\n\n\n\n<p>Hakimiyy\u0259tin m\u0259sl\u0259h\u0259t\u00e7isi rolunu oynama\u011f\u0131 h\u0259r zaman absurd sayd\u0131\u011f\u0131m\u0131z \u00fc\u00e7\u00fcn \u201cAz\u0259rbaycan iqtidar\u0131 bunu el\u0259m\u0259lidir\u201d yazm\u0131r\u0131q. Ona g\u00f6r\u0259 d\u0259 pis-yax\u015f\u0131, aktiv m\u00fcxalif say\u0131lan fikir da\u015f\u0131y\u0131c\u0131lar\u0131n\u0131n formala\u015fd\u0131rmal\u0131 olduqlar\u0131 qabaqlay\u0131c\u0131 fikird\u0259n v\u0259 ictimai r\u0259yd\u0259n dan\u0131\u015f\u0131r\u0131q. \u00c7\u00fcnki \u201ciqtidar bunu etsin\u201d dem\u0259k, sad\u0259c\u0259, g\u00fclm\u0259lidir, iqtidar bizim arzu-ist\u0259k v\u0259 maraqlar\u0131m\u0131z yox, \u00f6z s\u0259lt\u0259n\u0259t maraqlar\u0131 il\u0259 hesabla\u015f\u0131r.<br>\ufeff<br>Yaranm\u0131\u015f qlobal siyasi \u00e7axna\u015fma v\u0259 \u201ctarixin geri qay\u0131d\u0131\u015f\u0131\u201d \u015f\u0259raitind\u0259 hakimiyy\u0259t yaln\u0131z v\u0259 yaln\u0131z onun iqtidar\u0131n\u0131 maksimum t\u0259min ed\u0259c\u0259k k\u00f6hn\u0259, yaxud yeni \u015f\u0259rait\u0259 g\u00f6r\u0259 davranmaq ist\u0259yir. Bel\u0259 bir zamanda sa\u011flam m\u00f6vqe formala\u015fd\u0131rmayaca\u011f\u0131m\u0131z halda, itir\u0259n yen\u0259 d\u0259 m\u0259hz m\u00f6vcud hakimiyy\u0259t\u0259 qar\u015f\u0131 oldu\u011funu iddia ed\u0259nl\u0259r olacaq. Bu, \u0259vv\u0259lki ill\u0259rd\u0259 d\u0259 bel\u0259 idi.<br>\ufeff<br>Az\u0259rbaycanda m\u00fcxalif siyasi-ictimai fikir kritik m\u0259s\u0259l\u0259l\u0259rd\u0259 dem\u0259k olar ki, h\u0259r zaman monarxik siyasi iqtidar\u0131n \u0259n az\u0131 bir add\u0131m gerid\u0259 olub, \u00e7\u00fcnki ir\u0259li add\u0131m atmaqdan h\u0259r zaman faktiki qorxub. T\u0259\u0259ss\u00fcf ki, qorxaq v\u0259 riski sevm\u0259y\u0259n m\u00fcxalif ictimai fikir da\u015f\u0131y\u0131c\u0131lar\u0131 \u00fc\u00e7\u00fcn &#8220;Erm\u0259nistanla maksimal olmayan \u015f\u0259rtl\u0259rl\u0259 tezlikl\u0259 s\u00fclh&#8221; t\u0259l\u0259bi bir q\u0259d\u0259r a\u011f\u0131r m\u0259s\u0259l\u0259dir. He\u00e7 bizim d\u0259 onlardan ciddi bir g\u00f6zl\u0259ntimiz yoxdur ki, alternativ diskurs formala\u015fd\u0131rma\u011f\u0131 c\u0259sar\u0259t etsinl\u0259r, amma ba\u015fqa yol da yoxdur.<\/p>\n\n\n\n<p>\u00c7\u00fcnki onlar\u0131n \u0259ks\u0259riyy\u0259ti 44 g\u00fcnl\u00fck m\u00fcharib\u0259d\u0259n sonra bel\u0259, konfliktin tam h\u0259llini daha bir silahl\u0131 m\u00fcdaxil\u0259d\u0259n k\u0259nar g\u00f6r\u0259 bilmirl\u0259r. Q\u0131sas\u0131, m\u0259nas\u0131z demaqogiyadan \u0259l \u00e7\u0259kmirl\u0259r. H\u0259tta onlar\u0131n bu yar\u0131tmaz diskursunun ancaq monarxiyan\u0131 ayaqda saxlad\u0131\u011f\u0131n\u0131 da ba\u015fa d\u00fc\u015fm\u00fcrl\u0259r.<\/p>\n\n\n\n<p>Az\u0259rbaycan\u0131n sosial-siyasi xo\u015fb\u0259xliyi Rusiya il\u0259 ba\u011fl\u0131d\u0131r, amma bundan da \u0259vv\u0259l Erm\u0259nistan\u0131n sosial-siyasi xo\u015fb\u0259xliyi il\u0259 ba\u011fl\u0131d\u0131r. \u018fg\u0259r bu ba\u011f\u0131 h\u0259qiqi m\u0259nada yaratmaq ist\u0259y\u0259nl\u0259r m\u00f6vcud olsayd\u0131, o zaman imperiya il\u0259 z\u0259nciri qopar\u0131b atmaq da m\u00fcmk\u00fcn olard\u0131.<\/p>\n\n\n\n<p>Z\u0259ncirl\u0259nmi\u015fl\u0259r, z\u0259nciri q\u0131rmaq \u00fc\u00e7\u00fcn ba\u011f qurmal\u0131d\u0131rlar. \u00c7\u00fcnki imperiyan\u0131n itiril\u0259si bir hegemoniyas\u0131, monarxiyan\u0131n itir\u0259c\u0259k bir s\u0259lt\u0259n\u0259ti, onlar\u0131n qar\u015f\u0131s\u0131nda olanlar\u0131n is\u0259 z\u0259ncird\u0259n ba\u015fqa itiril\u0259si he\u00e7 n\u0259yi yoxdur.<\/p>\n","protected":false},"excerpt":{"rendered":"<p>\u0130mperiya \u00fcmumiyy\u0259tl\u0259 Ukrayna olmadan m\u00f6vcud ola bilm\u0259z v\u0259 h\u0259qiqi m\u0259nada &#8230; <\/p>\n<p class=\"read-more-container\"><a title=\"\u0130mperiyan\u0131n \u201carxa ba\u011f\u00e7as\u0131&#8221;nda tarixin geri qay\u0131d\u0131\u015f\u0131\" class=\"read-more button\" href=\"https:\/\/www.meydan.tv\/az\/article\/imperiyanin-arxa-bagcasinda-tarixin-geri-qayidisi\/#more-237743\" aria-label=\"Read more about \u0130mperiyan\u0131n \u201carxa ba\u011f\u00e7as\u0131&#8221;nda tarixin geri qay\u0131d\u0131\u015f\u0131\">Davam\u0131<\/a><\/p>\n","protected":false},"author":8,"featured_media":155077,"comment_status":"closed","ping_status":"closed","sticky":false,"template":"","format":"standard","meta":{"_acf_changed":false,"_sitemap_exclude":false,"_sitemap_priority":"","_sitemap_frequency":"","footnotes":""},"categories":[57],"tags":[],"class_list":["post-237743","post","type-post","status-publish","format-standard","has-post-thumbnail","hentry","category-menim-fikrimce","infinite-scroll-item","generate-columns","tablet-grid-50","mobile-grid-100","grid-parent","grid-33","no-featured-image-padding"],"acf":[],"yoast_head":"<!-- This site is optimized with the Yoast SEO plugin v27.4 - https:\/\/yoast.com\/product\/yoast-seo-wordpress\/ -->\n<title>\u0130mperiyan\u0131n \u201carxa ba\u011f\u00e7as\u0131&quot;nda tarixin geri qay\u0131d\u0131\u015f\u0131 - MEYDAN.TV<\/title>\n<meta name=\"robots\" content=\"index, follow, max-snippet:-1, max-image-preview:large, max-video-preview:-1\" \/>\n<link rel=\"canonical\" href=\"https:\/\/www.meydan.tv\/az\/article\/imperiyanin-arxa-bagcasinda-tarixin-geri-qayidisi\/\" \/>\n<meta property=\"og:locale\" content=\"az_AZ\" \/>\n<meta property=\"og:type\" content=\"article\" \/>\n<meta property=\"og:title\" content=\"\u0130mperiyan\u0131n \u201carxa ba\u011f\u00e7as\u0131&quot;nda tarixin geri qay\u0131d\u0131\u015f\u0131 - MEYDAN.TV\" \/>\n<meta property=\"og:description\" content=\"\u0130mperiya \u00fcmumiyy\u0259tl\u0259 Ukrayna olmadan m\u00f6vcud ola bilm\u0259z v\u0259 h\u0259qiqi m\u0259nada ... Davam\u0131\" \/>\n<meta property=\"og:url\" content=\"https:\/\/www.meydan.tv\/az\/article\/imperiyanin-arxa-bagcasinda-tarixin-geri-qayidisi\/\" \/>\n<meta property=\"og:site_name\" content=\"MEYDAN.TV\" \/>\n<meta property=\"article:published_time\" content=\"2022-03-09T10:46:01+00:00\" \/>\n<meta property=\"article:modified_time\" content=\"2022-03-09T10:46:06+00:00\" \/>\n<meta property=\"og:image\" content=\"https:\/\/www.meydan.tv\/wp-content\/uploads\/p.p.a.-scaled.jpg\" \/>\n\t<meta property=\"og:image:width\" content=\"2560\" \/>\n\t<meta property=\"og:image:height\" content=\"1440\" \/>\n\t<meta property=\"og:image:type\" content=\"image\/jpeg\" \/>\n<meta name=\"author\" content=\"elli\" \/>\n<meta name=\"twitter:card\" content=\"summary_large_image\" \/>\n<meta name=\"twitter:creator\" content=\"@elli\" \/>\n<script type=\"application\/ld+json\" class=\"yoast-schema-graph\">{\"@context\":\"https:\\\/\\\/schema.org\",\"@graph\":[{\"@type\":\"Article\",\"@id\":\"https:\\\/\\\/www.meydan.tv\\\/az\\\/article\\\/imperiyanin-arxa-bagcasinda-tarixin-geri-qayidisi\\\/#article\",\"isPartOf\":{\"@id\":\"https:\\\/\\\/www.meydan.tv\\\/az\\\/article\\\/imperiyanin-arxa-bagcasinda-tarixin-geri-qayidisi\\\/\"},\"author\":{\"name\":\"elli\",\"@id\":\"https:\\\/\\\/www.meydan.tv\\\/az\\\/#\\\/schema\\\/person\\\/9cdbecf90d17180ce1dfbd95b08dcf47\"},\"headline\":\"\u0130mperiyan\u0131n \u201carxa ba\u011f\u00e7as\u0131&#8221;nda tarixin geri qay\u0131d\u0131\u015f\u0131\",\"datePublished\":\"2022-03-09T10:46:01+00:00\",\"dateModified\":\"2022-03-09T10:46:06+00:00\",\"mainEntityOfPage\":{\"@id\":\"https:\\\/\\\/www.meydan.tv\\\/az\\\/article\\\/imperiyanin-arxa-bagcasinda-tarixin-geri-qayidisi\\\/\"},\"wordCount\":2717,\"publisher\":{\"@id\":\"https:\\\/\\\/www.meydan.tv\\\/az\\\/#organization\"},\"image\":{\"@id\":\"https:\\\/\\\/www.meydan.tv\\\/az\\\/article\\\/imperiyanin-arxa-bagcasinda-tarixin-geri-qayidisi\\\/#primaryimage\"},\"thumbnailUrl\":\"https:\\\/\\\/www.meydan.tv\\\/wp-content\\\/uploads\\\/p.p.a.-scaled-e1649515886694.jpg\",\"articleSection\":[\"M\u0259nim Fikrimc\u0259\"],\"inLanguage\":\"az\"},{\"@type\":\"WebPage\",\"@id\":\"https:\\\/\\\/www.meydan.tv\\\/az\\\/article\\\/imperiyanin-arxa-bagcasinda-tarixin-geri-qayidisi\\\/\",\"url\":\"https:\\\/\\\/www.meydan.tv\\\/az\\\/article\\\/imperiyanin-arxa-bagcasinda-tarixin-geri-qayidisi\\\/\",\"name\":\"\u0130mperiyan\u0131n \u201carxa ba\u011f\u00e7as\u0131\\\"nda tarixin geri qay\u0131d\u0131\u015f\u0131 - MEYDAN.TV\",\"isPartOf\":{\"@id\":\"https:\\\/\\\/www.meydan.tv\\\/az\\\/#website\"},\"primaryImageOfPage\":{\"@id\":\"https:\\\/\\\/www.meydan.tv\\\/az\\\/article\\\/imperiyanin-arxa-bagcasinda-tarixin-geri-qayidisi\\\/#primaryimage\"},\"image\":{\"@id\":\"https:\\\/\\\/www.meydan.tv\\\/az\\\/article\\\/imperiyanin-arxa-bagcasinda-tarixin-geri-qayidisi\\\/#primaryimage\"},\"thumbnailUrl\":\"https:\\\/\\\/www.meydan.tv\\\/wp-content\\\/uploads\\\/p.p.a.-scaled-e1649515886694.jpg\",\"datePublished\":\"2022-03-09T10:46:01+00:00\",\"dateModified\":\"2022-03-09T10:46:06+00:00\",\"breadcrumb\":{\"@id\":\"https:\\\/\\\/www.meydan.tv\\\/az\\\/article\\\/imperiyanin-arxa-bagcasinda-tarixin-geri-qayidisi\\\/#breadcrumb\"},\"inLanguage\":\"az\",\"potentialAction\":[{\"@type\":\"ReadAction\",\"target\":[\"https:\\\/\\\/www.meydan.tv\\\/az\\\/article\\\/imperiyanin-arxa-bagcasinda-tarixin-geri-qayidisi\\\/\"]}]},{\"@type\":\"ImageObject\",\"inLanguage\":\"az\",\"@id\":\"https:\\\/\\\/www.meydan.tv\\\/az\\\/article\\\/imperiyanin-arxa-bagcasinda-tarixin-geri-qayidisi\\\/#primaryimage\",\"url\":\"https:\\\/\\\/www.meydan.tv\\\/wp-content\\\/uploads\\\/p.p.a.-scaled-e1649515886694.jpg\",\"contentUrl\":\"https:\\\/\\\/www.meydan.tv\\\/wp-content\\\/uploads\\\/p.p.a.-scaled-e1649515886694.jpg\",\"width\":2560,\"height\":1139,\"caption\":\"Foto: Meydan TV\"},{\"@type\":\"BreadcrumbList\",\"@id\":\"https:\\\/\\\/www.meydan.tv\\\/az\\\/article\\\/imperiyanin-arxa-bagcasinda-tarixin-geri-qayidisi\\\/#breadcrumb\",\"itemListElement\":[{\"@type\":\"ListItem\",\"position\":1,\"name\":\"Ana s\u0259hif\u0259\",\"item\":\"https:\\\/\\\/www.meydan.tv\\\/az\\\/\"},{\"@type\":\"ListItem\",\"position\":2,\"name\":\"M\u0259nim Fikrimc\u0259\",\"item\":\"https:\\\/\\\/www.meydan.tv\\\/az\\\/section\\\/menim-fikrimce\\\/\"},{\"@type\":\"ListItem\",\"position\":3,\"name\":\"\u0130mperiyan\u0131n \u201carxa ba\u011f\u00e7as\u0131&#8221;nda tarixin geri qay\u0131d\u0131\u015f\u0131\"}]},{\"@type\":\"WebSite\",\"@id\":\"https:\\\/\\\/www.meydan.tv\\\/az\\\/#website\",\"url\":\"https:\\\/\\\/www.meydan.tv\\\/az\\\/\",\"name\":\"MEYDAN.TV\",\"description\":\"Meydan TV Az\u0259rbaycan\u0131n media m\u0259kan\u0131ndak\u0131 alternativ s\u0259sidir\",\"publisher\":{\"@id\":\"https:\\\/\\\/www.meydan.tv\\\/az\\\/#organization\"},\"potentialAction\":[{\"@type\":\"SearchAction\",\"target\":{\"@type\":\"EntryPoint\",\"urlTemplate\":\"https:\\\/\\\/www.meydan.tv\\\/az\\\/?s={search_term_string}\"},\"query-input\":{\"@type\":\"PropertyValueSpecification\",\"valueRequired\":true,\"valueName\":\"search_term_string\"}}],\"inLanguage\":\"az\"},{\"@type\":\"Organization\",\"@id\":\"https:\\\/\\\/www.meydan.tv\\\/az\\\/#organization\",\"name\":\"Meydan TV\",\"url\":\"https:\\\/\\\/www.meydan.tv\\\/az\\\/\",\"logo\":{\"@type\":\"ImageObject\",\"inLanguage\":\"az\",\"@id\":\"https:\\\/\\\/www.meydan.tv\\\/az\\\/#\\\/schema\\\/logo\\\/image\\\/\",\"url\":\"https:\\\/\\\/www.meydan.tv\\\/wp-content\\\/uploads\\\/2021\\\/07\\\/meydan-logo.svg\",\"contentUrl\":\"https:\\\/\\\/www.meydan.tv\\\/wp-content\\\/uploads\\\/2021\\\/07\\\/meydan-logo.svg\",\"width\":195,\"height\":46,\"caption\":\"Meydan TV\"},\"image\":{\"@id\":\"https:\\\/\\\/www.meydan.tv\\\/az\\\/#\\\/schema\\\/logo\\\/image\\\/\"}},{\"@type\":\"Person\",\"@id\":\"https:\\\/\\\/www.meydan.tv\\\/az\\\/#\\\/schema\\\/person\\\/9cdbecf90d17180ce1dfbd95b08dcf47\",\"name\":\"elli\",\"sameAs\":[\"https:\\\/\\\/x.com\\\/elli\"]}]}<\/script>\n<!-- \/ Yoast SEO plugin. -->","yoast_head_json":{"title":"\u0130mperiyan\u0131n \u201carxa ba\u011f\u00e7as\u0131\"nda tarixin geri qay\u0131d\u0131\u015f\u0131 - MEYDAN.TV","robots":{"index":"index","follow":"follow","max-snippet":"max-snippet:-1","max-image-preview":"max-image-preview:large","max-video-preview":"max-video-preview:-1"},"canonical":"https:\/\/www.meydan.tv\/az\/article\/imperiyanin-arxa-bagcasinda-tarixin-geri-qayidisi\/","og_locale":"az_AZ","og_type":"article","og_title":"\u0130mperiyan\u0131n \u201carxa ba\u011f\u00e7as\u0131\"nda tarixin geri qay\u0131d\u0131\u015f\u0131 - MEYDAN.TV","og_description":"\u0130mperiya \u00fcmumiyy\u0259tl\u0259 Ukrayna olmadan m\u00f6vcud ola bilm\u0259z v\u0259 h\u0259qiqi m\u0259nada ... Davam\u0131","og_url":"https:\/\/www.meydan.tv\/az\/article\/imperiyanin-arxa-bagcasinda-tarixin-geri-qayidisi\/","og_site_name":"MEYDAN.TV","article_published_time":"2022-03-09T10:46:01+00:00","article_modified_time":"2022-03-09T10:46:06+00:00","og_image":[{"width":2560,"height":1440,"url":"https:\/\/www.meydan.tv\/wp-content\/uploads\/p.p.a.-scaled.jpg","type":"image\/jpeg"}],"author":"elli","twitter_card":"summary_large_image","twitter_creator":"@elli","schema":{"@context":"https:\/\/schema.org","@graph":[{"@type":"Article","@id":"https:\/\/www.meydan.tv\/az\/article\/imperiyanin-arxa-bagcasinda-tarixin-geri-qayidisi\/#article","isPartOf":{"@id":"https:\/\/www.meydan.tv\/az\/article\/imperiyanin-arxa-bagcasinda-tarixin-geri-qayidisi\/"},"author":{"name":"elli","@id":"https:\/\/www.meydan.tv\/az\/#\/schema\/person\/9cdbecf90d17180ce1dfbd95b08dcf47"},"headline":"\u0130mperiyan\u0131n \u201carxa ba\u011f\u00e7as\u0131&#8221;nda tarixin geri qay\u0131d\u0131\u015f\u0131","datePublished":"2022-03-09T10:46:01+00:00","dateModified":"2022-03-09T10:46:06+00:00","mainEntityOfPage":{"@id":"https:\/\/www.meydan.tv\/az\/article\/imperiyanin-arxa-bagcasinda-tarixin-geri-qayidisi\/"},"wordCount":2717,"publisher":{"@id":"https:\/\/www.meydan.tv\/az\/#organization"},"image":{"@id":"https:\/\/www.meydan.tv\/az\/article\/imperiyanin-arxa-bagcasinda-tarixin-geri-qayidisi\/#primaryimage"},"thumbnailUrl":"https:\/\/www.meydan.tv\/wp-content\/uploads\/p.p.a.-scaled-e1649515886694.jpg","articleSection":["M\u0259nim Fikrimc\u0259"],"inLanguage":"az"},{"@type":"WebPage","@id":"https:\/\/www.meydan.tv\/az\/article\/imperiyanin-arxa-bagcasinda-tarixin-geri-qayidisi\/","url":"https:\/\/www.meydan.tv\/az\/article\/imperiyanin-arxa-bagcasinda-tarixin-geri-qayidisi\/","name":"\u0130mperiyan\u0131n \u201carxa ba\u011f\u00e7as\u0131\"nda tarixin geri qay\u0131d\u0131\u015f\u0131 - MEYDAN.TV","isPartOf":{"@id":"https:\/\/www.meydan.tv\/az\/#website"},"primaryImageOfPage":{"@id":"https:\/\/www.meydan.tv\/az\/article\/imperiyanin-arxa-bagcasinda-tarixin-geri-qayidisi\/#primaryimage"},"image":{"@id":"https:\/\/www.meydan.tv\/az\/article\/imperiyanin-arxa-bagcasinda-tarixin-geri-qayidisi\/#primaryimage"},"thumbnailUrl":"https:\/\/www.meydan.tv\/wp-content\/uploads\/p.p.a.-scaled-e1649515886694.jpg","datePublished":"2022-03-09T10:46:01+00:00","dateModified":"2022-03-09T10:46:06+00:00","breadcrumb":{"@id":"https:\/\/www.meydan.tv\/az\/article\/imperiyanin-arxa-bagcasinda-tarixin-geri-qayidisi\/#breadcrumb"},"inLanguage":"az","potentialAction":[{"@type":"ReadAction","target":["https:\/\/www.meydan.tv\/az\/article\/imperiyanin-arxa-bagcasinda-tarixin-geri-qayidisi\/"]}]},{"@type":"ImageObject","inLanguage":"az","@id":"https:\/\/www.meydan.tv\/az\/article\/imperiyanin-arxa-bagcasinda-tarixin-geri-qayidisi\/#primaryimage","url":"https:\/\/www.meydan.tv\/wp-content\/uploads\/p.p.a.-scaled-e1649515886694.jpg","contentUrl":"https:\/\/www.meydan.tv\/wp-content\/uploads\/p.p.a.-scaled-e1649515886694.jpg","width":2560,"height":1139,"caption":"Foto: Meydan TV"},{"@type":"BreadcrumbList","@id":"https:\/\/www.meydan.tv\/az\/article\/imperiyanin-arxa-bagcasinda-tarixin-geri-qayidisi\/#breadcrumb","itemListElement":[{"@type":"ListItem","position":1,"name":"Ana s\u0259hif\u0259","item":"https:\/\/www.meydan.tv\/az\/"},{"@type":"ListItem","position":2,"name":"M\u0259nim Fikrimc\u0259","item":"https:\/\/www.meydan.tv\/az\/section\/menim-fikrimce\/"},{"@type":"ListItem","position":3,"name":"\u0130mperiyan\u0131n \u201carxa ba\u011f\u00e7as\u0131&#8221;nda tarixin geri qay\u0131d\u0131\u015f\u0131"}]},{"@type":"WebSite","@id":"https:\/\/www.meydan.tv\/az\/#website","url":"https:\/\/www.meydan.tv\/az\/","name":"MEYDAN.TV","description":"Meydan TV Az\u0259rbaycan\u0131n media m\u0259kan\u0131ndak\u0131 alternativ s\u0259sidir","publisher":{"@id":"https:\/\/www.meydan.tv\/az\/#organization"},"potentialAction":[{"@type":"SearchAction","target":{"@type":"EntryPoint","urlTemplate":"https:\/\/www.meydan.tv\/az\/?s={search_term_string}"},"query-input":{"@type":"PropertyValueSpecification","valueRequired":true,"valueName":"search_term_string"}}],"inLanguage":"az"},{"@type":"Organization","@id":"https:\/\/www.meydan.tv\/az\/#organization","name":"Meydan TV","url":"https:\/\/www.meydan.tv\/az\/","logo":{"@type":"ImageObject","inLanguage":"az","@id":"https:\/\/www.meydan.tv\/az\/#\/schema\/logo\/image\/","url":"https:\/\/www.meydan.tv\/wp-content\/uploads\/2021\/07\/meydan-logo.svg","contentUrl":"https:\/\/www.meydan.tv\/wp-content\/uploads\/2021\/07\/meydan-logo.svg","width":195,"height":46,"caption":"Meydan TV"},"image":{"@id":"https:\/\/www.meydan.tv\/az\/#\/schema\/logo\/image\/"}},{"@type":"Person","@id":"https:\/\/www.meydan.tv\/az\/#\/schema\/person\/9cdbecf90d17180ce1dfbd95b08dcf47","name":"elli","sameAs":["https:\/\/x.com\/elli"]}]}},"_links":{"self":[{"href":"https:\/\/www.meydan.tv\/az\/wp-json\/wp\/v2\/posts\/237743","targetHints":{"allow":["GET"]}}],"collection":[{"href":"https:\/\/www.meydan.tv\/az\/wp-json\/wp\/v2\/posts"}],"about":[{"href":"https:\/\/www.meydan.tv\/az\/wp-json\/wp\/v2\/types\/post"}],"author":[{"embeddable":true,"href":"https:\/\/www.meydan.tv\/az\/wp-json\/wp\/v2\/users\/8"}],"replies":[{"embeddable":true,"href":"https:\/\/www.meydan.tv\/az\/wp-json\/wp\/v2\/comments?post=237743"}],"version-history":[{"count":2,"href":"https:\/\/www.meydan.tv\/az\/wp-json\/wp\/v2\/posts\/237743\/revisions"}],"predecessor-version":[{"id":239784,"href":"https:\/\/www.meydan.tv\/az\/wp-json\/wp\/v2\/posts\/237743\/revisions\/239784"}],"wp:featuredmedia":[{"embeddable":true,"href":"https:\/\/www.meydan.tv\/az\/wp-json\/wp\/v2\/media\/155077"}],"wp:attachment":[{"href":"https:\/\/www.meydan.tv\/az\/wp-json\/wp\/v2\/media?parent=237743"}],"wp:term":[{"taxonomy":"category","embeddable":true,"href":"https:\/\/www.meydan.tv\/az\/wp-json\/wp\/v2\/categories?post=237743"},{"taxonomy":"post_tag","embeddable":true,"href":"https:\/\/www.meydan.tv\/az\/wp-json\/wp\/v2\/tags?post=237743"}],"curies":[{"name":"wp","href":"https:\/\/api.w.org\/{rel}","templated":true}]}}