{"id":237706,"date":"2022-03-09T12:48:49","date_gmt":"2022-03-09T08:48:49","guid":{"rendered":"https:\/\/www.meydan.tv\/?p=237706"},"modified":"2022-03-09T15:53:50","modified_gmt":"2022-03-09T11:53:50","slug":"yunesko-ukraynada-peykle-monitorinq-kecirecek","status":"publish","type":"post","link":"https:\/\/www.meydan.tv\/az\/article\/yunesko-ukraynada-peykle-monitorinq-kecirecek\/","title":{"rendered":"UNESCO Ukraynada peykl\u0259 monitorinq ke\u00e7ir\u0259c\u0259k"},"content":{"rendered":"\n<p><em>T\u0259\u015fkilat tarixi v\u0259 m\u0259d\u0259ni abid\u0259l\u0259rin m\u0259hvind\u0259n narahat oldu\u011funu deyir<\/em><\/p>\n\n\n\n<p>YUNESKO (UNESCO) Rusiyan\u0131n Ukraynada ke\u00e7irdiyi h\u0259rbi m\u00fcnaqi\u015f\u0259 fonunda h\u0259min \u0259razil\u0259rd\u0259 m\u0259d\u0259ni irs obyektl\u0259rinin m\u0259hvind\u0259n narahatd\u0131r.<\/p>\n\n\n\n<p>T\u0259\u015fkilat\u0131n ba\u015f direktoru Odre Azule haz\u0131rda q\u0259sd\u0259n v\u0259 ya t\u0259sad\u00fcfi z\u0259d\u0259l\u0259nm\u0259nin qar\u015f\u0131s\u0131n\u0131 almaq m\u0259qs\u0259dil\u0259 Ukrayna n\u00fcmay\u0259nd\u0259l\u0259ri il\u0259 dan\u0131\u015f\u0131qlar apar\u0131ld\u0131\u011f\u0131n\u0131 <a href=\"https:\/\/www.unesco.org\/en\/articles\/endangered-heritage-ukraine-unesco-reinforces-protective-measures?hub=701\" target=\"_blank\" rel=\"noreferrer noopener\">bildirib<\/a>.<\/p>\n\n\n\n<p>M\u0259qs\u0259d h\u0259min abid\u0259l\u0259rin m\u00fc\u0259yy\u0259nl\u0259\u015fm\u0259si, daha sonra is\u0259 &#8220;Silahl\u0131 qar\u015f\u0131durma zaman\u0131 m\u0259d\u0259ni s\u0259rv\u0259tl\u0259rin qorunmas\u0131 haqq\u0131nda&#8221; Haaqa Konvensiyas\u0131n\u0131n \u201cMavi Qalxan\u201d emblemi il\u0259 i\u015far\u0259l\u0259nm\u0259sidir. Bel\u0259 olan t\u0259qdird\u0259 h\u0259min abid\u0259l\u0259r beyn\u0259lxalq qanunlarla m\u00fchafiz\u0259 olunacaq.<\/p>\n\n\n\n<p>Prioritet yerl\u0259r aras\u0131nda 1018-ci ild\u0259 knyaz Yaroslav Mudr\u0131n\u0131n hakimiyy\u0259ti d\u00f6vr\u00fcnd\u0259 Kiyevd\u0259 in\u015fa edilmi\u015f Sofiya kils\u0259si v\u0259 Ukraynan\u0131n yeddi tarixi-m\u0259d\u0259ni abid\u0259l\u0259ri s\u0131ras\u0131nda olan Kiyev-Pe\u00e7ora lavras\u0131 var.<\/p>\n\n\n\n<p>Kiyev-Pe\u00e7ora lavras\u0131 pravoslavlar\u0131n \u00e7ox \u0259h\u0259miyy\u0259t verdiyi dini obyektl\u0259rd\u0259ndir.<\/p>\n\n\n\n<p>Monastr Kiyevin c\u0259nub hiss\u0259sind\u0259, Dnepr \u00e7ay\u0131n\u0131n sa\u011f sahilind\u0259 olan iki t\u0259p\u0259nin \u00fcz\u0259rind\u0259 yerl\u0259\u015fir.<\/p>\n\n\n\n<p>\u018fsas\u0131 1051-ci ild\u0259 knyaz Yaroslav Mudr\u0131n\u0131n hakimiyy\u0259ti d\u00f6vr\u00fcnd\u0259 Antoni adl\u0131 rahib t\u0259r\u0259find\u0259n qoyulub.<\/p>\n\n\n\n<p>YUNESKO h\u0259m d\u0259 m\u00fcnaqi\u015f\u0259 ba\u015f ver\u0259n \u0259razil\u0259rd\u0259 tarixi abid\u0259l\u0259r\u0259 d\u0259y\u0259n ziyan\u0131 m\u00fc\u0259yy\u0259n etm\u0259k m\u0259qs\u0259dil\u0259 peykl\u0259 monitorinq ke\u00e7ir\u0259c\u0259k.<\/p>\n\n\n\n<p>Mart\u0131n 9 v\u0259 10-da YUNESKO n\u00fcmay\u0259nd\u0259l\u0259ri ukraynal\u0131 m\u00fct\u0259x\u0259ssisl\u0259r, o c\u00fcml\u0259d\u0259n, \u00fcmumd\u00fcnya irsi siyah\u0131s\u0131na daxil edilmi\u015f tarixi-m\u0259d\u0259ni obyektl\u0259rin r\u0259hb\u0259rl\u0259ri il\u0259 dan\u0131\u015f\u0131qlar apar\u0131lacaq.<\/p>\n\n\n\n<p>Fevral\u0131n 21-d\u0259 ax\u015fam saatlar\u0131nda Rusiya Prezidenti Vladimir Putin separat\u00e7\u0131lar\u0131n n\u0259zar\u0259tind\u0259 olan \u201cDonetsk Xalq Respublikas\u0131\u201d (\u201cDXR\u201d) v\u0259 \u201cLuqansk Xalq Respublikas\u0131\u201d (\u201cLXR\u201d) adl\u0131 qurumlar\u0131 tan\u0131y\u0131b, h\u0259min \u0259razil\u0259r\u0259 ordu yeridib.<\/p>\n\n\n\n<p>Fevral\u0131n 24-d\u0259 Prezident Vladimir Putin Ukraynada x\u00fcsusi h\u0259rbi \u0259m\u0259liyyatlara g\u00f6st\u0259ri\u015f verib.<\/p>\n\n\n\n<p>O vur\u011fulay\u0131b ki, Moskvan\u0131n planlar\u0131na Ukrayna \u0259razil\u0259rinin i\u015f\u011fal\u0131 daxil deyil, m\u0259qs\u0259d \u00f6lk\u0259nin demilitarizasiyas\u0131d\u0131r.<\/p>\n\n\n\n<p>Daha sonra AB\u015e, Avropa \u0130ttifaq\u0131, B\u00f6y\u00fck Britaniya, el\u0259c\u0259 d\u0259 bir s\u0131ra dig\u0259r d\u00f6vl\u0259tl\u0259r Rusiyaya qar\u015f\u0131 sanksiyalar t\u0259tbiq edib.<\/p>\n","protected":false},"excerpt":{"rendered":"<p>T\u0259\u015fkilat tarixi v\u0259 m\u0259d\u0259ni abid\u0259l\u0259rin m\u0259hvind\u0259n narahat oldu\u011funu deyir YUNESKO &#8230; <\/p>\n<p class=\"read-more-container\"><a title=\"UNESCO Ukraynada peykl\u0259 monitorinq ke\u00e7ir\u0259c\u0259k\" class=\"read-more button\" href=\"https:\/\/www.meydan.tv\/az\/article\/yunesko-ukraynada-peykle-monitorinq-kecirecek\/#more-237706\" aria-label=\"Read more about UNESCO Ukraynada peykl\u0259 monitorinq ke\u00e7ir\u0259c\u0259k\">Davam\u0131<\/a><\/p>\n","protected":false},"author":8,"featured_media":231133,"comment_status":"closed","ping_status":"closed","sticky":false,"template":"","format":"standard","meta":{"_acf_changed":false,"_sitemap_exclude":false,"_sitemap_priority":"","_sitemap_frequency":"","footnotes":""},"categories":[52,56],"tags":[],"class_list":["post-237706","post","type-post","status-publish","format-standard","has-post-thumbnail","hentry","category-medeniyyet","category-xeberler","infinite-scroll-item","generate-columns","tablet-grid-50","mobile-grid-100","grid-parent","grid-33","no-featured-image-padding"],"acf":[],"yoast_head":"<!-- This site is optimized with the Yoast SEO plugin v27.4 - https:\/\/yoast.com\/product\/yoast-seo-wordpress\/ -->\n<title>UNESCO Ukraynada peykl\u0259 monitorinq ke\u00e7ir\u0259c\u0259k - MEYDAN.TV<\/title>\n<meta name=\"robots\" content=\"index, follow, max-snippet:-1, max-image-preview:large, max-video-preview:-1\" \/>\n<link rel=\"canonical\" href=\"https:\/\/www.meydan.tv\/az\/article\/yunesko-ukraynada-peykle-monitorinq-kecirecek\/\" \/>\n<meta property=\"og:locale\" content=\"az_AZ\" \/>\n<meta property=\"og:type\" content=\"article\" \/>\n<meta property=\"og:title\" content=\"UNESCO Ukraynada peykl\u0259 monitorinq ke\u00e7ir\u0259c\u0259k - MEYDAN.TV\" \/>\n<meta property=\"og:description\" content=\"T\u0259\u015fkilat tarixi v\u0259 m\u0259d\u0259ni abid\u0259l\u0259rin m\u0259hvind\u0259n narahat oldu\u011funu deyir YUNESKO ... Davam\u0131\" \/>\n<meta property=\"og:url\" content=\"https:\/\/www.meydan.tv\/az\/article\/yunesko-ukraynada-peykle-monitorinq-kecirecek\/\" \/>\n<meta property=\"og:site_name\" content=\"MEYDAN.TV\" \/>\n<meta property=\"article:published_time\" content=\"2022-03-09T08:48:49+00:00\" \/>\n<meta property=\"article:modified_time\" content=\"2022-03-09T11:53:50+00:00\" \/>\n<meta property=\"og:image\" content=\"https:\/\/www.meydan.tv\/wp-content\/uploads\/shutterstock_1499066612.jpg\" \/>\n\t<meta property=\"og:image:width\" content=\"1200\" \/>\n\t<meta property=\"og:image:height\" content=\"800\" \/>\n\t<meta property=\"og:image:type\" content=\"image\/jpeg\" \/>\n<meta name=\"author\" content=\"elli\" \/>\n<meta name=\"twitter:card\" content=\"summary_large_image\" \/>\n<meta name=\"twitter:creator\" content=\"@elli\" \/>\n<script type=\"application\/ld+json\" class=\"yoast-schema-graph\">{\"@context\":\"https:\\\/\\\/schema.org\",\"@graph\":[{\"@type\":\"Article\",\"@id\":\"https:\\\/\\\/www.meydan.tv\\\/az\\\/article\\\/yunesko-ukraynada-peykle-monitorinq-kecirecek\\\/#article\",\"isPartOf\":{\"@id\":\"https:\\\/\\\/www.meydan.tv\\\/az\\\/article\\\/yunesko-ukraynada-peykle-monitorinq-kecirecek\\\/\"},\"author\":{\"name\":\"elli\",\"@id\":\"https:\\\/\\\/www.meydan.tv\\\/az\\\/#\\\/schema\\\/person\\\/9cdbecf90d17180ce1dfbd95b08dcf47\"},\"headline\":\"UNESCO Ukraynada peykl\u0259 monitorinq ke\u00e7ir\u0259c\u0259k\",\"datePublished\":\"2022-03-09T08:48:49+00:00\",\"dateModified\":\"2022-03-09T11:53:50+00:00\",\"mainEntityOfPage\":{\"@id\":\"https:\\\/\\\/www.meydan.tv\\\/az\\\/article\\\/yunesko-ukraynada-peykle-monitorinq-kecirecek\\\/\"},\"wordCount\":432,\"publisher\":{\"@id\":\"https:\\\/\\\/www.meydan.tv\\\/az\\\/#organization\"},\"image\":{\"@id\":\"https:\\\/\\\/www.meydan.tv\\\/az\\\/article\\\/yunesko-ukraynada-peykle-monitorinq-kecirecek\\\/#primaryimage\"},\"thumbnailUrl\":\"https:\\\/\\\/www.meydan.tv\\\/wp-content\\\/uploads\\\/shutterstock_1499066612.jpg\",\"articleSection\":[\"M\u0259d\u0259niyy\u0259t\",\"X\u0259b\u0259rl\u0259r\"],\"inLanguage\":\"az\"},{\"@type\":\"WebPage\",\"@id\":\"https:\\\/\\\/www.meydan.tv\\\/az\\\/article\\\/yunesko-ukraynada-peykle-monitorinq-kecirecek\\\/\",\"url\":\"https:\\\/\\\/www.meydan.tv\\\/az\\\/article\\\/yunesko-ukraynada-peykle-monitorinq-kecirecek\\\/\",\"name\":\"UNESCO Ukraynada peykl\u0259 monitorinq ke\u00e7ir\u0259c\u0259k - MEYDAN.TV\",\"isPartOf\":{\"@id\":\"https:\\\/\\\/www.meydan.tv\\\/az\\\/#website\"},\"primaryImageOfPage\":{\"@id\":\"https:\\\/\\\/www.meydan.tv\\\/az\\\/article\\\/yunesko-ukraynada-peykle-monitorinq-kecirecek\\\/#primaryimage\"},\"image\":{\"@id\":\"https:\\\/\\\/www.meydan.tv\\\/az\\\/article\\\/yunesko-ukraynada-peykle-monitorinq-kecirecek\\\/#primaryimage\"},\"thumbnailUrl\":\"https:\\\/\\\/www.meydan.tv\\\/wp-content\\\/uploads\\\/shutterstock_1499066612.jpg\",\"datePublished\":\"2022-03-09T08:48:49+00:00\",\"dateModified\":\"2022-03-09T11:53:50+00:00\",\"breadcrumb\":{\"@id\":\"https:\\\/\\\/www.meydan.tv\\\/az\\\/article\\\/yunesko-ukraynada-peykle-monitorinq-kecirecek\\\/#breadcrumb\"},\"inLanguage\":\"az\",\"potentialAction\":[{\"@type\":\"ReadAction\",\"target\":[\"https:\\\/\\\/www.meydan.tv\\\/az\\\/article\\\/yunesko-ukraynada-peykle-monitorinq-kecirecek\\\/\"]}]},{\"@type\":\"ImageObject\",\"inLanguage\":\"az\",\"@id\":\"https:\\\/\\\/www.meydan.tv\\\/az\\\/article\\\/yunesko-ukraynada-peykle-monitorinq-kecirecek\\\/#primaryimage\",\"url\":\"https:\\\/\\\/www.meydan.tv\\\/wp-content\\\/uploads\\\/shutterstock_1499066612.jpg\",\"contentUrl\":\"https:\\\/\\\/www.meydan.tv\\\/wp-content\\\/uploads\\\/shutterstock_1499066612.jpg\",\"width\":1200,\"height\":800,\"caption\":\"YUNESKO, Bumble Dee\\\/Shutterstock\"},{\"@type\":\"BreadcrumbList\",\"@id\":\"https:\\\/\\\/www.meydan.tv\\\/az\\\/article\\\/yunesko-ukraynada-peykle-monitorinq-kecirecek\\\/#breadcrumb\",\"itemListElement\":[{\"@type\":\"ListItem\",\"position\":1,\"name\":\"Ana s\u0259hif\u0259\",\"item\":\"https:\\\/\\\/www.meydan.tv\\\/az\\\/\"},{\"@type\":\"ListItem\",\"position\":2,\"name\":\"M\u0259d\u0259niyy\u0259t\",\"item\":\"https:\\\/\\\/www.meydan.tv\\\/az\\\/section\\\/medeniyyet\\\/\"},{\"@type\":\"ListItem\",\"position\":3,\"name\":\"UNESCO Ukraynada peykl\u0259 monitorinq ke\u00e7ir\u0259c\u0259k\"}]},{\"@type\":\"WebSite\",\"@id\":\"https:\\\/\\\/www.meydan.tv\\\/az\\\/#website\",\"url\":\"https:\\\/\\\/www.meydan.tv\\\/az\\\/\",\"name\":\"MEYDAN.TV\",\"description\":\"Meydan TV Az\u0259rbaycan\u0131n media m\u0259kan\u0131ndak\u0131 alternativ s\u0259sidir\",\"publisher\":{\"@id\":\"https:\\\/\\\/www.meydan.tv\\\/az\\\/#organization\"},\"potentialAction\":[{\"@type\":\"SearchAction\",\"target\":{\"@type\":\"EntryPoint\",\"urlTemplate\":\"https:\\\/\\\/www.meydan.tv\\\/az\\\/?s={search_term_string}\"},\"query-input\":{\"@type\":\"PropertyValueSpecification\",\"valueRequired\":true,\"valueName\":\"search_term_string\"}}],\"inLanguage\":\"az\"},{\"@type\":\"Organization\",\"@id\":\"https:\\\/\\\/www.meydan.tv\\\/az\\\/#organization\",\"name\":\"Meydan TV\",\"url\":\"https:\\\/\\\/www.meydan.tv\\\/az\\\/\",\"logo\":{\"@type\":\"ImageObject\",\"inLanguage\":\"az\",\"@id\":\"https:\\\/\\\/www.meydan.tv\\\/az\\\/#\\\/schema\\\/logo\\\/image\\\/\",\"url\":\"https:\\\/\\\/www.meydan.tv\\\/wp-content\\\/uploads\\\/2021\\\/07\\\/meydan-logo.svg\",\"contentUrl\":\"https:\\\/\\\/www.meydan.tv\\\/wp-content\\\/uploads\\\/2021\\\/07\\\/meydan-logo.svg\",\"width\":195,\"height\":46,\"caption\":\"Meydan TV\"},\"image\":{\"@id\":\"https:\\\/\\\/www.meydan.tv\\\/az\\\/#\\\/schema\\\/logo\\\/image\\\/\"}},{\"@type\":\"Person\",\"@id\":\"https:\\\/\\\/www.meydan.tv\\\/az\\\/#\\\/schema\\\/person\\\/9cdbecf90d17180ce1dfbd95b08dcf47\",\"name\":\"elli\",\"sameAs\":[\"https:\\\/\\\/x.com\\\/elli\"]}]}<\/script>\n<!-- \/ Yoast SEO plugin. -->","yoast_head_json":{"title":"UNESCO Ukraynada peykl\u0259 monitorinq ke\u00e7ir\u0259c\u0259k - MEYDAN.TV","robots":{"index":"index","follow":"follow","max-snippet":"max-snippet:-1","max-image-preview":"max-image-preview:large","max-video-preview":"max-video-preview:-1"},"canonical":"https:\/\/www.meydan.tv\/az\/article\/yunesko-ukraynada-peykle-monitorinq-kecirecek\/","og_locale":"az_AZ","og_type":"article","og_title":"UNESCO Ukraynada peykl\u0259 monitorinq ke\u00e7ir\u0259c\u0259k - MEYDAN.TV","og_description":"T\u0259\u015fkilat tarixi v\u0259 m\u0259d\u0259ni abid\u0259l\u0259rin m\u0259hvind\u0259n narahat oldu\u011funu deyir YUNESKO ... Davam\u0131","og_url":"https:\/\/www.meydan.tv\/az\/article\/yunesko-ukraynada-peykle-monitorinq-kecirecek\/","og_site_name":"MEYDAN.TV","article_published_time":"2022-03-09T08:48:49+00:00","article_modified_time":"2022-03-09T11:53:50+00:00","og_image":[{"width":1200,"height":800,"url":"https:\/\/www.meydan.tv\/wp-content\/uploads\/shutterstock_1499066612.jpg","type":"image\/jpeg"}],"author":"elli","twitter_card":"summary_large_image","twitter_creator":"@elli","schema":{"@context":"https:\/\/schema.org","@graph":[{"@type":"Article","@id":"https:\/\/www.meydan.tv\/az\/article\/yunesko-ukraynada-peykle-monitorinq-kecirecek\/#article","isPartOf":{"@id":"https:\/\/www.meydan.tv\/az\/article\/yunesko-ukraynada-peykle-monitorinq-kecirecek\/"},"author":{"name":"elli","@id":"https:\/\/www.meydan.tv\/az\/#\/schema\/person\/9cdbecf90d17180ce1dfbd95b08dcf47"},"headline":"UNESCO Ukraynada peykl\u0259 monitorinq ke\u00e7ir\u0259c\u0259k","datePublished":"2022-03-09T08:48:49+00:00","dateModified":"2022-03-09T11:53:50+00:00","mainEntityOfPage":{"@id":"https:\/\/www.meydan.tv\/az\/article\/yunesko-ukraynada-peykle-monitorinq-kecirecek\/"},"wordCount":432,"publisher":{"@id":"https:\/\/www.meydan.tv\/az\/#organization"},"image":{"@id":"https:\/\/www.meydan.tv\/az\/article\/yunesko-ukraynada-peykle-monitorinq-kecirecek\/#primaryimage"},"thumbnailUrl":"https:\/\/www.meydan.tv\/wp-content\/uploads\/shutterstock_1499066612.jpg","articleSection":["M\u0259d\u0259niyy\u0259t","X\u0259b\u0259rl\u0259r"],"inLanguage":"az"},{"@type":"WebPage","@id":"https:\/\/www.meydan.tv\/az\/article\/yunesko-ukraynada-peykle-monitorinq-kecirecek\/","url":"https:\/\/www.meydan.tv\/az\/article\/yunesko-ukraynada-peykle-monitorinq-kecirecek\/","name":"UNESCO Ukraynada peykl\u0259 monitorinq ke\u00e7ir\u0259c\u0259k - MEYDAN.TV","isPartOf":{"@id":"https:\/\/www.meydan.tv\/az\/#website"},"primaryImageOfPage":{"@id":"https:\/\/www.meydan.tv\/az\/article\/yunesko-ukraynada-peykle-monitorinq-kecirecek\/#primaryimage"},"image":{"@id":"https:\/\/www.meydan.tv\/az\/article\/yunesko-ukraynada-peykle-monitorinq-kecirecek\/#primaryimage"},"thumbnailUrl":"https:\/\/www.meydan.tv\/wp-content\/uploads\/shutterstock_1499066612.jpg","datePublished":"2022-03-09T08:48:49+00:00","dateModified":"2022-03-09T11:53:50+00:00","breadcrumb":{"@id":"https:\/\/www.meydan.tv\/az\/article\/yunesko-ukraynada-peykle-monitorinq-kecirecek\/#breadcrumb"},"inLanguage":"az","potentialAction":[{"@type":"ReadAction","target":["https:\/\/www.meydan.tv\/az\/article\/yunesko-ukraynada-peykle-monitorinq-kecirecek\/"]}]},{"@type":"ImageObject","inLanguage":"az","@id":"https:\/\/www.meydan.tv\/az\/article\/yunesko-ukraynada-peykle-monitorinq-kecirecek\/#primaryimage","url":"https:\/\/www.meydan.tv\/wp-content\/uploads\/shutterstock_1499066612.jpg","contentUrl":"https:\/\/www.meydan.tv\/wp-content\/uploads\/shutterstock_1499066612.jpg","width":1200,"height":800,"caption":"YUNESKO, Bumble Dee\/Shutterstock"},{"@type":"BreadcrumbList","@id":"https:\/\/www.meydan.tv\/az\/article\/yunesko-ukraynada-peykle-monitorinq-kecirecek\/#breadcrumb","itemListElement":[{"@type":"ListItem","position":1,"name":"Ana s\u0259hif\u0259","item":"https:\/\/www.meydan.tv\/az\/"},{"@type":"ListItem","position":2,"name":"M\u0259d\u0259niyy\u0259t","item":"https:\/\/www.meydan.tv\/az\/section\/medeniyyet\/"},{"@type":"ListItem","position":3,"name":"UNESCO Ukraynada peykl\u0259 monitorinq ke\u00e7ir\u0259c\u0259k"}]},{"@type":"WebSite","@id":"https:\/\/www.meydan.tv\/az\/#website","url":"https:\/\/www.meydan.tv\/az\/","name":"MEYDAN.TV","description":"Meydan TV Az\u0259rbaycan\u0131n media m\u0259kan\u0131ndak\u0131 alternativ s\u0259sidir","publisher":{"@id":"https:\/\/www.meydan.tv\/az\/#organization"},"potentialAction":[{"@type":"SearchAction","target":{"@type":"EntryPoint","urlTemplate":"https:\/\/www.meydan.tv\/az\/?s={search_term_string}"},"query-input":{"@type":"PropertyValueSpecification","valueRequired":true,"valueName":"search_term_string"}}],"inLanguage":"az"},{"@type":"Organization","@id":"https:\/\/www.meydan.tv\/az\/#organization","name":"Meydan TV","url":"https:\/\/www.meydan.tv\/az\/","logo":{"@type":"ImageObject","inLanguage":"az","@id":"https:\/\/www.meydan.tv\/az\/#\/schema\/logo\/image\/","url":"https:\/\/www.meydan.tv\/wp-content\/uploads\/2021\/07\/meydan-logo.svg","contentUrl":"https:\/\/www.meydan.tv\/wp-content\/uploads\/2021\/07\/meydan-logo.svg","width":195,"height":46,"caption":"Meydan TV"},"image":{"@id":"https:\/\/www.meydan.tv\/az\/#\/schema\/logo\/image\/"}},{"@type":"Person","@id":"https:\/\/www.meydan.tv\/az\/#\/schema\/person\/9cdbecf90d17180ce1dfbd95b08dcf47","name":"elli","sameAs":["https:\/\/x.com\/elli"]}]}},"_links":{"self":[{"href":"https:\/\/www.meydan.tv\/az\/wp-json\/wp\/v2\/posts\/237706","targetHints":{"allow":["GET"]}}],"collection":[{"href":"https:\/\/www.meydan.tv\/az\/wp-json\/wp\/v2\/posts"}],"about":[{"href":"https:\/\/www.meydan.tv\/az\/wp-json\/wp\/v2\/types\/post"}],"author":[{"embeddable":true,"href":"https:\/\/www.meydan.tv\/az\/wp-json\/wp\/v2\/users\/8"}],"replies":[{"embeddable":true,"href":"https:\/\/www.meydan.tv\/az\/wp-json\/wp\/v2\/comments?post=237706"}],"version-history":[{"count":4,"href":"https:\/\/www.meydan.tv\/az\/wp-json\/wp\/v2\/posts\/237706\/revisions"}],"predecessor-version":[{"id":237784,"href":"https:\/\/www.meydan.tv\/az\/wp-json\/wp\/v2\/posts\/237706\/revisions\/237784"}],"wp:featuredmedia":[{"embeddable":true,"href":"https:\/\/www.meydan.tv\/az\/wp-json\/wp\/v2\/media\/231133"}],"wp:attachment":[{"href":"https:\/\/www.meydan.tv\/az\/wp-json\/wp\/v2\/media?parent=237706"}],"wp:term":[{"taxonomy":"category","embeddable":true,"href":"https:\/\/www.meydan.tv\/az\/wp-json\/wp\/v2\/categories?post=237706"},{"taxonomy":"post_tag","embeddable":true,"href":"https:\/\/www.meydan.tv\/az\/wp-json\/wp\/v2\/tags?post=237706"}],"curies":[{"name":"wp","href":"https:\/\/api.w.org\/{rel}","templated":true}]}}