{"id":237535,"date":"2022-03-08T15:52:27","date_gmt":"2022-03-08T11:52:27","guid":{"rendered":"https:\/\/www.meydan.tv\/?p=237535"},"modified":"2022-03-09T08:35:07","modified_gmt":"2022-03-09T04:35:07","slug":"8-mars-susa-bilmirik-aksiyasi-bas-tutdu","status":"publish","type":"post","link":"https:\/\/www.meydan.tv\/az\/article\/8-mars-susa-bilmirik-aksiyasi-bas-tutdu\/","title":{"rendered":"\u201c8 Mar\u015f \u2013 susa bilmirik\u201d aksiyas\u0131 ba\u015f tutdu"},"content":{"rendered":"\n<figure class=\"wp-block-embed is-type-video is-provider-youtube wp-block-embed-youtube wp-embed-aspect-16-9 wp-has-aspect-ratio\"><div class=\"wp-block-embed__wrapper\">\n<iframe title=\"Bak\u0131n\u0131n m\u0259rk\u0259zind\u0259 &quot;8 Mar\u015f&quot; y\u00fcr\u00fc\u015f\u00fc - CANLI YAYIM\" width=\"1200\" height=\"675\" data-src=\"https:\/\/www.youtube.com\/embed\/czQtpAmjpRE?feature=oembed\" frameborder=\"0\" allow=\"accelerometer; autoplay; clipboard-write; encrypted-media; gyroscope; picture-in-picture\" allowfullscreen src=\"data:image\/svg+xml;base64,PHN2ZyB3aWR0aD0iMSIgaGVpZ2h0PSIxIiB4bWxucz0iaHR0cDovL3d3dy53My5vcmcvMjAwMC9zdmciPjwvc3ZnPg==\" class=\"lazyload\" data-load-mode=\"1\"><\/iframe>\n<\/div><\/figure>\n\n\n\n<!--more-->\n\n\n\n<p><em>Feministl\u0259r qad\u0131n q\u0259tll\u0259rin\u0259, \u015fidd\u0259t\u0259 qar\u015f\u0131 \u00e7a\u011f\u0131r\u0131\u015f etdil\u0259r<\/em><\/p>\n\n\n\n<p>Mart\u0131n 8-d\u0259 Az\u0259rbaycan Feminist H\u0259r\u0259kat\u0131n\u0131n t\u0259\u015fkilat\u00e7\u0131l\u0131\u011f\u0131 il\u0259 Bak\u0131n\u0131n m\u0259rk\u0259zind\u0259, F\u0259vvar\u0259l\u0259r Meydan\u0131nda aksiya ke\u00e7irilib.<\/p>\n\n\n\n<p>\u201c8 Mar\u015f \u2013 susa bilmirik\u201d aksiyas\u0131 i\u015ftirak\u00e7\u0131lar\u0131 bildiribl\u0259r ki, Az\u0259rbaycanda qad\u0131na qar\u015f\u0131 \u015fidd\u0259t \u015fikay\u0259tl\u0259ri laz\u0131mi \u015f\u0259kild\u0259 ara\u015fd\u0131r\u0131lm\u0131r, polis \u015fikay\u0259t ed\u0259n qad\u0131n\u0131 h\u0259yat yolda\u015f\u0131 il\u0259 bar\u0131\u015fd\u0131r\u0131b, evin\u0259 d\u00f6nm\u0259yi m\u0259sl\u0259h\u0259t bilir.<\/p>\n\n\n\n<p>\u201cBar\u0131\u015fd\u0131rma, ara\u015fd\u0131r\u201d, &#8211; \u015f\u00fcar\u0131 s\u0259sl\u0259ndir\u0259n aksiya i\u015ftirak\u00e7\u0131lar\u0131 bu hala etiraz edibl\u0259r. Eyni zamanda, bildiribl\u0259r ki, he\u00e7 bir zorak\u0131l\u0131q hal\u0131, \u00f6l\u00fcm hadis\u0259sinin haql\u0131 t\u0259r\u0259fi olmur. Odur ki, bu kimi hallar\u0131n sor\u011fulanmas\u0131 c\u0259miyy\u0259t \u00fc\u00e7\u00fcn t\u0259hl\u00fck\u0259lidir.<\/p>\n\n\n\n<p>\u201c\u015eidd\u0259tin haql\u0131s\u0131 yoxdur!\u201d, \u201cBirl\u0259\u015fsin qad\u0131nlar, susmaq yoxdur, \u00fcsyan var!\u201d, &#8211; dey\u0259r\u0259k bu hallara da etiraz edibl\u0259r.<\/p>\n\n\n\n<figure class=\"wp-block-image size-full\"><img decoding=\"async\" width=\"1200\" height=\"799\" data-src=\"https:\/\/www.meydan.tv\/wp-content\/uploads\/s20lh1iuydbh29k1z20220308122439.jpg\" alt=\"\" class=\"wp-image-237542 lazyload\" src=\"data:image\/svg+xml;base64,PHN2ZyB3aWR0aD0iMSIgaGVpZ2h0PSIxIiB4bWxucz0iaHR0cDovL3d3dy53My5vcmcvMjAwMC9zdmciPjwvc3ZnPg==\" style=\"--smush-placeholder-width: 1200px; --smush-placeholder-aspect-ratio: 1200\/799;\" \/><figcaption>Foto: Meydan TV<\/figcaption><\/figure>\n\n\n\n<p>Aksiya ke\u00e7iril\u0259n \u0259raziy\u0259 \u00e7oxsayl\u0131 polis q\u00fcvv\u0259l\u0259ri c\u0259lb edils\u0259 d\u0259, onlar \u0259vv\u0259lki ill\u0259rd\u0259 oldu\u011fu kimi aksiyaya m\u00fcdaxil\u0259 etm\u0259yibl\u0259r. \u0130\u015ftirak\u00e7\u0131lar m\u0259rk\u0259zi k\u00fc\u00e7\u0259l\u0259ri g\u0259z\u0259-g\u0259z\u0259 Feminist H\u0259r\u0259kat\u0131n\u0131n himnini v\u0259 \u015f\u00fcarlar s\u0259sl\u0259ndiribl\u0259r.<\/p>\n\n\n\n<p>Sonda is\u0259 aksiyan\u0131n b\u0259yanat\u0131n\u0131 oxuyublar.<\/p>\n\n\n\n<p>H\u0259min b\u0259yanatda bildirilir ki, qad\u0131nlara qar\u015f\u0131 zorak\u0131l\u0131q v\u0259 q\u0259tll\u0259rin qar\u015f\u0131s\u0131n\u0131 almaq \u00fc\u00e7\u00fcn effektiv t\u0259dbirl\u0259r h\u0259yata ke\u00e7irilm\u0259lidir. Qad\u0131nlara qar\u015f\u0131 ba\u015f ver\u0259n cinay\u0259tl\u0259r qanunauy\u011fun v\u0259 \u0259dal\u0259tli \u015f\u0259kild\u0259 ara\u015fd\u0131r\u0131lmal\u0131 v\u0259 cinay\u0259tkarlar m\u0259suliyy\u0259t\u0259 c\u0259lb olunmal\u0131d\u0131r:<\/p>\n\n\n\n<p>\u201c\u0130stanbul Konvensiyas\u0131 q\u0259bul edilm\u0259lidir. Qad\u0131nlar\u0131n \u015f\u0259b\u0259k\u0259l\u0259\u015fm\u0259si, birl\u0259\u015fm\u0259si v\u0259 m\u00fcbariz\u0259si \u00fc\u00e7\u00fcn b\u00fct\u00fcn mane\u0259l\u0259r aradan qald\u0131r\u0131lmal\u0131d\u0131r. Gender v\u0259 cinsi oriyentasiyas\u0131ndan as\u0131l\u0131 olmayaraq, h\u0259r k\u0259sin b\u0259rab\u0259r h\u00fcquqlar\u0131 t\u0259min edilm\u0259lidir\u201d.<\/p>\n\n\n\n<div class=\"wp-block-columns alignwide is-layout-flex wp-container-core-columns-is-layout-9d6595d7 wp-block-columns-is-layout-flex\">\n<div class=\"wp-block-column is-layout-flow wp-block-column-is-layout-flow\" style=\"flex-basis:100%\">\n<div class=\"wp-block-columns is-layout-flex wp-container-core-columns-is-layout-9d6595d7 wp-block-columns-is-layout-flex\">\n<div class=\"wp-block-column is-layout-flow wp-block-column-is-layout-flow\" style=\"flex-basis:100%\">\n<figure class=\"wp-block-gallery has-nested-images columns-default is-cropped wp-block-gallery-1 is-layout-flex wp-block-gallery-is-layout-flex\">\n<figure class=\"wp-block-image size-large\"><a href=\"https:\/\/www.meydan.tv\/wp-content\/uploads\/s7wsxfk9lxaufieux20220308122439.jpg\"><img decoding=\"async\" width=\"1200\" height=\"799\" data-id=\"237539\" data-src=\"https:\/\/www.meydan.tv\/wp-content\/uploads\/s7wsxfk9lxaufieux20220308122439.jpg\" alt=\"\" class=\"wp-image-237539 lazyload\" src=\"data:image\/svg+xml;base64,PHN2ZyB3aWR0aD0iMSIgaGVpZ2h0PSIxIiB4bWxucz0iaHR0cDovL3d3dy53My5vcmcvMjAwMC9zdmciPjwvc3ZnPg==\" style=\"--smush-placeholder-width: 1200px; --smush-placeholder-aspect-ratio: 1200\/799;\" \/><\/a><figcaption>Foto: Meydan TV<\/figcaption><\/figure>\n\n\n\n<figure class=\"wp-block-image size-large\"><a href=\"https:\/\/www.meydan.tv\/wp-content\/uploads\/s20lh1iuydbh29k1z20220308122439.jpg\"><img decoding=\"async\" width=\"1200\" height=\"799\" data-id=\"237542\" data-src=\"https:\/\/www.meydan.tv\/wp-content\/uploads\/s20lh1iuydbh29k1z20220308122439.jpg\" alt=\"\" class=\"wp-image-237542 lazyload\" src=\"data:image\/svg+xml;base64,PHN2ZyB3aWR0aD0iMSIgaGVpZ2h0PSIxIiB4bWxucz0iaHR0cDovL3d3dy53My5vcmcvMjAwMC9zdmciPjwvc3ZnPg==\" style=\"--smush-placeholder-width: 1200px; --smush-placeholder-aspect-ratio: 1200\/799;\" \/><\/a><figcaption>Foto: Meydan TV<\/figcaption><\/figure>\n\n\n\n<figure class=\"wp-block-image size-large\"><a href=\"https:\/\/www.meydan.tv\/wp-content\/uploads\/img_4672.jpg\"><img decoding=\"async\" width=\"2048\" height=\"1365\" data-id=\"237566\" data-src=\"https:\/\/www.meydan.tv\/wp-content\/uploads\/img_4672.jpg\" alt=\"\" class=\"wp-image-237566 lazyload\" src=\"data:image\/svg+xml;base64,PHN2ZyB3aWR0aD0iMSIgaGVpZ2h0PSIxIiB4bWxucz0iaHR0cDovL3d3dy53My5vcmcvMjAwMC9zdmciPjwvc3ZnPg==\" style=\"--smush-placeholder-width: 2048px; --smush-placeholder-aspect-ratio: 2048\/1365;\" \/><\/a><figcaption>Foto: Meydan TV<\/figcaption><\/figure>\n\n\n\n<figure class=\"wp-block-image size-large\"><a href=\"https:\/\/www.meydan.tv\/wp-content\/uploads\/img_4676.jpg\"><img decoding=\"async\" width=\"2048\" height=\"1365\" data-id=\"237569\" data-src=\"https:\/\/www.meydan.tv\/wp-content\/uploads\/img_4676.jpg\" alt=\"\" class=\"wp-image-237569 lazyload\" src=\"data:image\/svg+xml;base64,PHN2ZyB3aWR0aD0iMSIgaGVpZ2h0PSIxIiB4bWxucz0iaHR0cDovL3d3dy53My5vcmcvMjAwMC9zdmciPjwvc3ZnPg==\" style=\"--smush-placeholder-width: 2048px; --smush-placeholder-aspect-ratio: 2048\/1365;\" \/><\/a><figcaption>Foto: Meydan TV<\/figcaption><\/figure>\n\n\n\n<figure class=\"wp-block-image size-large\"><a href=\"https:\/\/www.meydan.tv\/wp-content\/uploads\/img_4679.jpg\"><img decoding=\"async\" width=\"2048\" height=\"1365\" data-id=\"237572\" data-src=\"https:\/\/www.meydan.tv\/wp-content\/uploads\/img_4679.jpg\" alt=\"\" class=\"wp-image-237572 lazyload\" src=\"data:image\/svg+xml;base64,PHN2ZyB3aWR0aD0iMSIgaGVpZ2h0PSIxIiB4bWxucz0iaHR0cDovL3d3dy53My5vcmcvMjAwMC9zdmciPjwvc3ZnPg==\" style=\"--smush-placeholder-width: 2048px; --smush-placeholder-aspect-ratio: 2048\/1365;\" \/><\/a><figcaption>Foto: Meydan TV<\/figcaption><\/figure>\n\n\n\n<figure class=\"wp-block-image size-large\"><a href=\"https:\/\/www.meydan.tv\/wp-content\/uploads\/img_4680.jpg\"><img decoding=\"async\" width=\"2048\" height=\"1365\" data-id=\"237575\" data-src=\"https:\/\/www.meydan.tv\/wp-content\/uploads\/img_4680.jpg\" alt=\"\" class=\"wp-image-237575 lazyload\" src=\"data:image\/svg+xml;base64,PHN2ZyB3aWR0aD0iMSIgaGVpZ2h0PSIxIiB4bWxucz0iaHR0cDovL3d3dy53My5vcmcvMjAwMC9zdmciPjwvc3ZnPg==\" style=\"--smush-placeholder-width: 2048px; --smush-placeholder-aspect-ratio: 2048\/1365;\" \/><\/a><figcaption>Foto: Meydan TV<\/figcaption><\/figure>\n\n\n\n<figure class=\"wp-block-image size-large\"><a href=\"https:\/\/www.meydan.tv\/wp-content\/uploads\/img_4684.jpg\"><img decoding=\"async\" width=\"2048\" height=\"1365\" data-id=\"237578\" data-src=\"https:\/\/www.meydan.tv\/wp-content\/uploads\/img_4684.jpg\" alt=\"\" class=\"wp-image-237578 lazyload\" src=\"data:image\/svg+xml;base64,PHN2ZyB3aWR0aD0iMSIgaGVpZ2h0PSIxIiB4bWxucz0iaHR0cDovL3d3dy53My5vcmcvMjAwMC9zdmciPjwvc3ZnPg==\" style=\"--smush-placeholder-width: 2048px; --smush-placeholder-aspect-ratio: 2048\/1365;\" \/><\/a><figcaption>Foto: Meydan TV<\/figcaption><\/figure>\n\n\n\n<figure class=\"wp-block-image size-large\"><a href=\"https:\/\/www.meydan.tv\/wp-content\/uploads\/img_4691.jpg\"><img decoding=\"async\" width=\"2048\" height=\"1365\" data-id=\"237581\" data-src=\"https:\/\/www.meydan.tv\/wp-content\/uploads\/img_4691.jpg\" alt=\"\" class=\"wp-image-237581 lazyload\" src=\"data:image\/svg+xml;base64,PHN2ZyB3aWR0aD0iMSIgaGVpZ2h0PSIxIiB4bWxucz0iaHR0cDovL3d3dy53My5vcmcvMjAwMC9zdmciPjwvc3ZnPg==\" style=\"--smush-placeholder-width: 2048px; --smush-placeholder-aspect-ratio: 2048\/1365;\" \/><\/a><figcaption>Foto: Meydan TV<\/figcaption><\/figure>\n\n\n\n<figure class=\"wp-block-image size-large\"><a href=\"https:\/\/www.meydan.tv\/wp-content\/uploads\/img_4708.jpg\"><img decoding=\"async\" width=\"2048\" height=\"1365\" data-id=\"237584\" data-src=\"https:\/\/www.meydan.tv\/wp-content\/uploads\/img_4708.jpg\" alt=\"\" class=\"wp-image-237584 lazyload\" src=\"data:image\/svg+xml;base64,PHN2ZyB3aWR0aD0iMSIgaGVpZ2h0PSIxIiB4bWxucz0iaHR0cDovL3d3dy53My5vcmcvMjAwMC9zdmciPjwvc3ZnPg==\" style=\"--smush-placeholder-width: 2048px; --smush-placeholder-aspect-ratio: 2048\/1365;\" \/><\/a><figcaption>Foto: Meydan TV<\/figcaption><\/figure>\n\n\n\n<figure class=\"wp-block-image size-large\"><a href=\"https:\/\/www.meydan.tv\/wp-content\/uploads\/img_4710.jpg\"><img decoding=\"async\" width=\"2048\" height=\"1365\" data-id=\"237590\" data-src=\"https:\/\/www.meydan.tv\/wp-content\/uploads\/img_4710.jpg\" alt=\"\" class=\"wp-image-237590 lazyload\" src=\"data:image\/svg+xml;base64,PHN2ZyB3aWR0aD0iMSIgaGVpZ2h0PSIxIiB4bWxucz0iaHR0cDovL3d3dy53My5vcmcvMjAwMC9zdmciPjwvc3ZnPg==\" style=\"--smush-placeholder-width: 2048px; --smush-placeholder-aspect-ratio: 2048\/1365;\" \/><\/a><figcaption>Foto: Meydan TV<\/figcaption><\/figure>\n\n\n\n<figure class=\"wp-block-image size-large\"><a href=\"https:\/\/www.meydan.tv\/wp-content\/uploads\/img_4711.jpg\"><img decoding=\"async\" width=\"2048\" height=\"1365\" data-id=\"237593\" data-src=\"https:\/\/www.meydan.tv\/wp-content\/uploads\/img_4711.jpg\" alt=\"\" class=\"wp-image-237593 lazyload\" src=\"data:image\/svg+xml;base64,PHN2ZyB3aWR0aD0iMSIgaGVpZ2h0PSIxIiB4bWxucz0iaHR0cDovL3d3dy53My5vcmcvMjAwMC9zdmciPjwvc3ZnPg==\" style=\"--smush-placeholder-width: 2048px; --smush-placeholder-aspect-ratio: 2048\/1365;\" \/><\/a><figcaption>Foto: Meydan TV<\/figcaption><\/figure>\n\n\n\n<figure class=\"wp-block-image size-large\"><a href=\"https:\/\/www.meydan.tv\/wp-content\/uploads\/img_4718.jpg\"><img decoding=\"async\" width=\"2048\" height=\"1365\" data-id=\"237602\" data-src=\"https:\/\/www.meydan.tv\/wp-content\/uploads\/img_4718.jpg\" alt=\"\" class=\"wp-image-237602 lazyload\" src=\"data:image\/svg+xml;base64,PHN2ZyB3aWR0aD0iMSIgaGVpZ2h0PSIxIiB4bWxucz0iaHR0cDovL3d3dy53My5vcmcvMjAwMC9zdmciPjwvc3ZnPg==\" style=\"--smush-placeholder-width: 2048px; --smush-placeholder-aspect-ratio: 2048\/1365;\" \/><\/a><figcaption>Foto: Meydan TV<\/figcaption><\/figure>\n\n\n\n<figure class=\"wp-block-image size-large\"><a href=\"https:\/\/www.meydan.tv\/wp-content\/uploads\/img_4720.jpg\"><img decoding=\"async\" width=\"2048\" height=\"1365\" data-id=\"237605\" data-src=\"https:\/\/www.meydan.tv\/wp-content\/uploads\/img_4720.jpg\" alt=\"\" class=\"wp-image-237605 lazyload\" src=\"data:image\/svg+xml;base64,PHN2ZyB3aWR0aD0iMSIgaGVpZ2h0PSIxIiB4bWxucz0iaHR0cDovL3d3dy53My5vcmcvMjAwMC9zdmciPjwvc3ZnPg==\" style=\"--smush-placeholder-width: 2048px; --smush-placeholder-aspect-ratio: 2048\/1365;\" \/><\/a><figcaption>Foto: Meydan TV<\/figcaption><\/figure>\n\n\n\n<figure class=\"wp-block-image size-large\"><a href=\"https:\/\/www.meydan.tv\/wp-content\/uploads\/20220308155621_img_9869.jpg\"><img decoding=\"async\" width=\"2000\" height=\"1333\" data-id=\"237608\" data-src=\"https:\/\/www.meydan.tv\/wp-content\/uploads\/20220308155621_img_9869.jpg\" alt=\"\" class=\"wp-image-237608 lazyload\" src=\"data:image\/svg+xml;base64,PHN2ZyB3aWR0aD0iMSIgaGVpZ2h0PSIxIiB4bWxucz0iaHR0cDovL3d3dy53My5vcmcvMjAwMC9zdmciPjwvc3ZnPg==\" style=\"--smush-placeholder-width: 2000px; --smush-placeholder-aspect-ratio: 2000\/1333;\" \/><\/a><figcaption>Foto: Meydan TV<\/figcaption><\/figure>\n<\/figure>\n<\/div>\n<\/div>\n<\/div>\n<\/div>\n","protected":false},"excerpt":{"rendered":"","protected":false},"author":8,"featured_media":237539,"comment_status":"closed","ping_status":"closed","sticky":false,"template":"","format":"standard","meta":{"_acf_changed":false,"_sitemap_exclude":false,"_sitemap_priority":"","_sitemap_frequency":"","footnotes":""},"categories":[59,63,56],"tags":[],"class_list":["post-237535","post","type-post","status-publish","format-standard","has-post-thumbnail","hentry","category-siyaset","category-video-2","category-xeberler","infinite-scroll-item","generate-columns","tablet-grid-50","mobile-grid-100","grid-parent","grid-33","no-featured-image-padding"],"acf":[],"yoast_head":"<!-- This site is optimized with the Yoast SEO plugin v27.4 - https:\/\/yoast.com\/product\/yoast-seo-wordpress\/ -->\n<title>\u201c8 Mar\u015f \u2013 susa bilmirik\u201d aksiyas\u0131 ba\u015f tutdu - MEYDAN.TV<\/title>\n<meta name=\"robots\" content=\"index, follow, max-snippet:-1, max-image-preview:large, max-video-preview:-1\" \/>\n<link rel=\"canonical\" href=\"https:\/\/www.meydan.tv\/az\/article\/8-mars-susa-bilmirik-aksiyasi-bas-tutdu\/\" \/>\n<meta property=\"og:locale\" content=\"az_AZ\" \/>\n<meta property=\"og:type\" content=\"article\" \/>\n<meta property=\"og:title\" content=\"\u201c8 Mar\u015f \u2013 susa bilmirik\u201d aksiyas\u0131 ba\u015f tutdu - MEYDAN.TV\" \/>\n<meta property=\"og:url\" content=\"https:\/\/www.meydan.tv\/az\/article\/8-mars-susa-bilmirik-aksiyasi-bas-tutdu\/\" \/>\n<meta property=\"og:site_name\" content=\"MEYDAN.TV\" \/>\n<meta property=\"article:published_time\" content=\"2022-03-08T11:52:27+00:00\" \/>\n<meta property=\"article:modified_time\" content=\"2022-03-09T04:35:07+00:00\" \/>\n<meta property=\"og:image\" content=\"https:\/\/www.meydan.tv\/wp-content\/uploads\/s7wsxfk9lxaufieux20220308122439.jpg\" \/>\n\t<meta property=\"og:image:width\" content=\"1200\" \/>\n\t<meta property=\"og:image:height\" content=\"799\" \/>\n\t<meta property=\"og:image:type\" content=\"image\/jpeg\" \/>\n<meta name=\"author\" content=\"elli\" \/>\n<meta name=\"twitter:card\" content=\"summary_large_image\" \/>\n<meta name=\"twitter:creator\" content=\"@elli\" \/>\n<script type=\"application\/ld+json\" class=\"yoast-schema-graph\">{\"@context\":\"https:\\\/\\\/schema.org\",\"@graph\":[{\"@type\":\"Article\",\"@id\":\"https:\\\/\\\/www.meydan.tv\\\/az\\\/article\\\/8-mars-susa-bilmirik-aksiyasi-bas-tutdu\\\/#article\",\"isPartOf\":{\"@id\":\"https:\\\/\\\/www.meydan.tv\\\/az\\\/article\\\/8-mars-susa-bilmirik-aksiyasi-bas-tutdu\\\/\"},\"author\":{\"name\":\"elli\",\"@id\":\"https:\\\/\\\/www.meydan.tv\\\/az\\\/#\\\/schema\\\/person\\\/9cdbecf90d17180ce1dfbd95b08dcf47\"},\"headline\":\"\u201c8 Mar\u015f \u2013 susa bilmirik\u201d aksiyas\u0131 ba\u015f tutdu\",\"datePublished\":\"2022-03-08T11:52:27+00:00\",\"dateModified\":\"2022-03-09T04:35:07+00:00\",\"mainEntityOfPage\":{\"@id\":\"https:\\\/\\\/www.meydan.tv\\\/az\\\/article\\\/8-mars-susa-bilmirik-aksiyasi-bas-tutdu\\\/\"},\"wordCount\":408,\"publisher\":{\"@id\":\"https:\\\/\\\/www.meydan.tv\\\/az\\\/#organization\"},\"image\":{\"@id\":\"https:\\\/\\\/www.meydan.tv\\\/az\\\/article\\\/8-mars-susa-bilmirik-aksiyasi-bas-tutdu\\\/#primaryimage\"},\"thumbnailUrl\":\"https:\\\/\\\/www.meydan.tv\\\/wp-content\\\/uploads\\\/s7wsxfk9lxaufieux20220308122439.jpg\",\"articleSection\":[\"Siyas\u0259t\",\"Video\",\"X\u0259b\u0259rl\u0259r\"],\"inLanguage\":\"az\"},{\"@type\":\"WebPage\",\"@id\":\"https:\\\/\\\/www.meydan.tv\\\/az\\\/article\\\/8-mars-susa-bilmirik-aksiyasi-bas-tutdu\\\/\",\"url\":\"https:\\\/\\\/www.meydan.tv\\\/az\\\/article\\\/8-mars-susa-bilmirik-aksiyasi-bas-tutdu\\\/\",\"name\":\"\u201c8 Mar\u015f \u2013 susa bilmirik\u201d aksiyas\u0131 ba\u015f tutdu - MEYDAN.TV\",\"isPartOf\":{\"@id\":\"https:\\\/\\\/www.meydan.tv\\\/az\\\/#website\"},\"primaryImageOfPage\":{\"@id\":\"https:\\\/\\\/www.meydan.tv\\\/az\\\/article\\\/8-mars-susa-bilmirik-aksiyasi-bas-tutdu\\\/#primaryimage\"},\"image\":{\"@id\":\"https:\\\/\\\/www.meydan.tv\\\/az\\\/article\\\/8-mars-susa-bilmirik-aksiyasi-bas-tutdu\\\/#primaryimage\"},\"thumbnailUrl\":\"https:\\\/\\\/www.meydan.tv\\\/wp-content\\\/uploads\\\/s7wsxfk9lxaufieux20220308122439.jpg\",\"datePublished\":\"2022-03-08T11:52:27+00:00\",\"dateModified\":\"2022-03-09T04:35:07+00:00\",\"breadcrumb\":{\"@id\":\"https:\\\/\\\/www.meydan.tv\\\/az\\\/article\\\/8-mars-susa-bilmirik-aksiyasi-bas-tutdu\\\/#breadcrumb\"},\"inLanguage\":\"az\",\"potentialAction\":[{\"@type\":\"ReadAction\",\"target\":[\"https:\\\/\\\/www.meydan.tv\\\/az\\\/article\\\/8-mars-susa-bilmirik-aksiyasi-bas-tutdu\\\/\"]}]},{\"@type\":\"ImageObject\",\"inLanguage\":\"az\",\"@id\":\"https:\\\/\\\/www.meydan.tv\\\/az\\\/article\\\/8-mars-susa-bilmirik-aksiyasi-bas-tutdu\\\/#primaryimage\",\"url\":\"https:\\\/\\\/www.meydan.tv\\\/wp-content\\\/uploads\\\/s7wsxfk9lxaufieux20220308122439.jpg\",\"contentUrl\":\"https:\\\/\\\/www.meydan.tv\\\/wp-content\\\/uploads\\\/s7wsxfk9lxaufieux20220308122439.jpg\",\"width\":1200,\"height\":799,\"caption\":\"Foto: Meydan TV\"},{\"@type\":\"BreadcrumbList\",\"@id\":\"https:\\\/\\\/www.meydan.tv\\\/az\\\/article\\\/8-mars-susa-bilmirik-aksiyasi-bas-tutdu\\\/#breadcrumb\",\"itemListElement\":[{\"@type\":\"ListItem\",\"position\":1,\"name\":\"Ana s\u0259hif\u0259\",\"item\":\"https:\\\/\\\/www.meydan.tv\\\/az\\\/\"},{\"@type\":\"ListItem\",\"position\":2,\"name\":\"Siyas\u0259t\",\"item\":\"https:\\\/\\\/www.meydan.tv\\\/az\\\/section\\\/siyaset\\\/\"},{\"@type\":\"ListItem\",\"position\":3,\"name\":\"\u201c8 Mar\u015f \u2013 susa bilmirik\u201d aksiyas\u0131 ba\u015f tutdu\"}]},{\"@type\":\"WebSite\",\"@id\":\"https:\\\/\\\/www.meydan.tv\\\/az\\\/#website\",\"url\":\"https:\\\/\\\/www.meydan.tv\\\/az\\\/\",\"name\":\"MEYDAN.TV\",\"description\":\"Meydan TV Az\u0259rbaycan\u0131n media m\u0259kan\u0131ndak\u0131 alternativ s\u0259sidir\",\"publisher\":{\"@id\":\"https:\\\/\\\/www.meydan.tv\\\/az\\\/#organization\"},\"potentialAction\":[{\"@type\":\"SearchAction\",\"target\":{\"@type\":\"EntryPoint\",\"urlTemplate\":\"https:\\\/\\\/www.meydan.tv\\\/az\\\/?s={search_term_string}\"},\"query-input\":{\"@type\":\"PropertyValueSpecification\",\"valueRequired\":true,\"valueName\":\"search_term_string\"}}],\"inLanguage\":\"az\"},{\"@type\":\"Organization\",\"@id\":\"https:\\\/\\\/www.meydan.tv\\\/az\\\/#organization\",\"name\":\"Meydan TV\",\"url\":\"https:\\\/\\\/www.meydan.tv\\\/az\\\/\",\"logo\":{\"@type\":\"ImageObject\",\"inLanguage\":\"az\",\"@id\":\"https:\\\/\\\/www.meydan.tv\\\/az\\\/#\\\/schema\\\/logo\\\/image\\\/\",\"url\":\"https:\\\/\\\/www.meydan.tv\\\/wp-content\\\/uploads\\\/2021\\\/07\\\/meydan-logo.svg\",\"contentUrl\":\"https:\\\/\\\/www.meydan.tv\\\/wp-content\\\/uploads\\\/2021\\\/07\\\/meydan-logo.svg\",\"width\":195,\"height\":46,\"caption\":\"Meydan TV\"},\"image\":{\"@id\":\"https:\\\/\\\/www.meydan.tv\\\/az\\\/#\\\/schema\\\/logo\\\/image\\\/\"}},{\"@type\":\"Person\",\"@id\":\"https:\\\/\\\/www.meydan.tv\\\/az\\\/#\\\/schema\\\/person\\\/9cdbecf90d17180ce1dfbd95b08dcf47\",\"name\":\"elli\",\"sameAs\":[\"https:\\\/\\\/x.com\\\/elli\"]}]}<\/script>\n<!-- \/ Yoast SEO plugin. -->","yoast_head_json":{"title":"\u201c8 Mar\u015f \u2013 susa bilmirik\u201d aksiyas\u0131 ba\u015f tutdu - MEYDAN.TV","robots":{"index":"index","follow":"follow","max-snippet":"max-snippet:-1","max-image-preview":"max-image-preview:large","max-video-preview":"max-video-preview:-1"},"canonical":"https:\/\/www.meydan.tv\/az\/article\/8-mars-susa-bilmirik-aksiyasi-bas-tutdu\/","og_locale":"az_AZ","og_type":"article","og_title":"\u201c8 Mar\u015f \u2013 susa bilmirik\u201d aksiyas\u0131 ba\u015f tutdu - MEYDAN.TV","og_url":"https:\/\/www.meydan.tv\/az\/article\/8-mars-susa-bilmirik-aksiyasi-bas-tutdu\/","og_site_name":"MEYDAN.TV","article_published_time":"2022-03-08T11:52:27+00:00","article_modified_time":"2022-03-09T04:35:07+00:00","og_image":[{"width":1200,"height":799,"url":"https:\/\/www.meydan.tv\/wp-content\/uploads\/s7wsxfk9lxaufieux20220308122439.jpg","type":"image\/jpeg"}],"author":"elli","twitter_card":"summary_large_image","twitter_creator":"@elli","schema":{"@context":"https:\/\/schema.org","@graph":[{"@type":"Article","@id":"https:\/\/www.meydan.tv\/az\/article\/8-mars-susa-bilmirik-aksiyasi-bas-tutdu\/#article","isPartOf":{"@id":"https:\/\/www.meydan.tv\/az\/article\/8-mars-susa-bilmirik-aksiyasi-bas-tutdu\/"},"author":{"name":"elli","@id":"https:\/\/www.meydan.tv\/az\/#\/schema\/person\/9cdbecf90d17180ce1dfbd95b08dcf47"},"headline":"\u201c8 Mar\u015f \u2013 susa bilmirik\u201d aksiyas\u0131 ba\u015f tutdu","datePublished":"2022-03-08T11:52:27+00:00","dateModified":"2022-03-09T04:35:07+00:00","mainEntityOfPage":{"@id":"https:\/\/www.meydan.tv\/az\/article\/8-mars-susa-bilmirik-aksiyasi-bas-tutdu\/"},"wordCount":408,"publisher":{"@id":"https:\/\/www.meydan.tv\/az\/#organization"},"image":{"@id":"https:\/\/www.meydan.tv\/az\/article\/8-mars-susa-bilmirik-aksiyasi-bas-tutdu\/#primaryimage"},"thumbnailUrl":"https:\/\/www.meydan.tv\/wp-content\/uploads\/s7wsxfk9lxaufieux20220308122439.jpg","articleSection":["Siyas\u0259t","Video","X\u0259b\u0259rl\u0259r"],"inLanguage":"az"},{"@type":"WebPage","@id":"https:\/\/www.meydan.tv\/az\/article\/8-mars-susa-bilmirik-aksiyasi-bas-tutdu\/","url":"https:\/\/www.meydan.tv\/az\/article\/8-mars-susa-bilmirik-aksiyasi-bas-tutdu\/","name":"\u201c8 Mar\u015f \u2013 susa bilmirik\u201d aksiyas\u0131 ba\u015f tutdu - MEYDAN.TV","isPartOf":{"@id":"https:\/\/www.meydan.tv\/az\/#website"},"primaryImageOfPage":{"@id":"https:\/\/www.meydan.tv\/az\/article\/8-mars-susa-bilmirik-aksiyasi-bas-tutdu\/#primaryimage"},"image":{"@id":"https:\/\/www.meydan.tv\/az\/article\/8-mars-susa-bilmirik-aksiyasi-bas-tutdu\/#primaryimage"},"thumbnailUrl":"https:\/\/www.meydan.tv\/wp-content\/uploads\/s7wsxfk9lxaufieux20220308122439.jpg","datePublished":"2022-03-08T11:52:27+00:00","dateModified":"2022-03-09T04:35:07+00:00","breadcrumb":{"@id":"https:\/\/www.meydan.tv\/az\/article\/8-mars-susa-bilmirik-aksiyasi-bas-tutdu\/#breadcrumb"},"inLanguage":"az","potentialAction":[{"@type":"ReadAction","target":["https:\/\/www.meydan.tv\/az\/article\/8-mars-susa-bilmirik-aksiyasi-bas-tutdu\/"]}]},{"@type":"ImageObject","inLanguage":"az","@id":"https:\/\/www.meydan.tv\/az\/article\/8-mars-susa-bilmirik-aksiyasi-bas-tutdu\/#primaryimage","url":"https:\/\/www.meydan.tv\/wp-content\/uploads\/s7wsxfk9lxaufieux20220308122439.jpg","contentUrl":"https:\/\/www.meydan.tv\/wp-content\/uploads\/s7wsxfk9lxaufieux20220308122439.jpg","width":1200,"height":799,"caption":"Foto: Meydan TV"},{"@type":"BreadcrumbList","@id":"https:\/\/www.meydan.tv\/az\/article\/8-mars-susa-bilmirik-aksiyasi-bas-tutdu\/#breadcrumb","itemListElement":[{"@type":"ListItem","position":1,"name":"Ana s\u0259hif\u0259","item":"https:\/\/www.meydan.tv\/az\/"},{"@type":"ListItem","position":2,"name":"Siyas\u0259t","item":"https:\/\/www.meydan.tv\/az\/section\/siyaset\/"},{"@type":"ListItem","position":3,"name":"\u201c8 Mar\u015f \u2013 susa bilmirik\u201d aksiyas\u0131 ba\u015f tutdu"}]},{"@type":"WebSite","@id":"https:\/\/www.meydan.tv\/az\/#website","url":"https:\/\/www.meydan.tv\/az\/","name":"MEYDAN.TV","description":"Meydan TV Az\u0259rbaycan\u0131n media m\u0259kan\u0131ndak\u0131 alternativ s\u0259sidir","publisher":{"@id":"https:\/\/www.meydan.tv\/az\/#organization"},"potentialAction":[{"@type":"SearchAction","target":{"@type":"EntryPoint","urlTemplate":"https:\/\/www.meydan.tv\/az\/?s={search_term_string}"},"query-input":{"@type":"PropertyValueSpecification","valueRequired":true,"valueName":"search_term_string"}}],"inLanguage":"az"},{"@type":"Organization","@id":"https:\/\/www.meydan.tv\/az\/#organization","name":"Meydan TV","url":"https:\/\/www.meydan.tv\/az\/","logo":{"@type":"ImageObject","inLanguage":"az","@id":"https:\/\/www.meydan.tv\/az\/#\/schema\/logo\/image\/","url":"https:\/\/www.meydan.tv\/wp-content\/uploads\/2021\/07\/meydan-logo.svg","contentUrl":"https:\/\/www.meydan.tv\/wp-content\/uploads\/2021\/07\/meydan-logo.svg","width":195,"height":46,"caption":"Meydan TV"},"image":{"@id":"https:\/\/www.meydan.tv\/az\/#\/schema\/logo\/image\/"}},{"@type":"Person","@id":"https:\/\/www.meydan.tv\/az\/#\/schema\/person\/9cdbecf90d17180ce1dfbd95b08dcf47","name":"elli","sameAs":["https:\/\/x.com\/elli"]}]}},"_links":{"self":[{"href":"https:\/\/www.meydan.tv\/az\/wp-json\/wp\/v2\/posts\/237535","targetHints":{"allow":["GET"]}}],"collection":[{"href":"https:\/\/www.meydan.tv\/az\/wp-json\/wp\/v2\/posts"}],"about":[{"href":"https:\/\/www.meydan.tv\/az\/wp-json\/wp\/v2\/types\/post"}],"author":[{"embeddable":true,"href":"https:\/\/www.meydan.tv\/az\/wp-json\/wp\/v2\/users\/8"}],"replies":[{"embeddable":true,"href":"https:\/\/www.meydan.tv\/az\/wp-json\/wp\/v2\/comments?post=237535"}],"version-history":[{"count":6,"href":"https:\/\/www.meydan.tv\/az\/wp-json\/wp\/v2\/posts\/237535\/revisions"}],"predecessor-version":[{"id":237693,"href":"https:\/\/www.meydan.tv\/az\/wp-json\/wp\/v2\/posts\/237535\/revisions\/237693"}],"wp:featuredmedia":[{"embeddable":true,"href":"https:\/\/www.meydan.tv\/az\/wp-json\/wp\/v2\/media\/237539"}],"wp:attachment":[{"href":"https:\/\/www.meydan.tv\/az\/wp-json\/wp\/v2\/media?parent=237535"}],"wp:term":[{"taxonomy":"category","embeddable":true,"href":"https:\/\/www.meydan.tv\/az\/wp-json\/wp\/v2\/categories?post=237535"},{"taxonomy":"post_tag","embeddable":true,"href":"https:\/\/www.meydan.tv\/az\/wp-json\/wp\/v2\/tags?post=237535"}],"curies":[{"name":"wp","href":"https:\/\/api.w.org\/{rel}","templated":true}]}}