{"id":237319,"date":"2022-03-05T19:22:13","date_gmt":"2022-03-05T15:22:13","guid":{"rendered":"https:\/\/www.meydan.tv\/?p=237319"},"modified":"2022-03-05T19:22:15","modified_gmt":"2022-03-05T15:22:15","slug":"ukrayna-mehkemesi-iki-rusiyali-senetciye-hebs-qerari-cixarib","status":"publish","type":"post","link":"https:\/\/www.meydan.tv\/az\/article\/ukrayna-mehkemesi-iki-rusiyali-senetciye-hebs-qerari-cixarib\/","title":{"rendered":"Ukrayna m\u0259hk\u0259m\u0259si iki rusiyal\u0131\u00a0 s\u0259n\u0259t\u00e7iy\u0259 h\u0259bs q\u0259rar\u0131 \u00e7\u0131xar\u0131b"},"content":{"rendered":"\n<p><em>Mixalkov qiyabi h\u0259bs edilib, Qazmanov beyn\u0259lxalq axtar\u0131\u015fa verilib<\/em><\/p>\n\n\n\n<p>Ukrayna m\u0259hk\u0259m\u0259si rusiyal\u0131 s\u0259n\u0259t\u00e7il\u0259r &#8211; rejissor Nikita Mixalkov v\u0259 m\u00fc\u011f\u0259nni Oleq Qazmanovla ba\u011fl\u0131 h\u0259bs q\u0259rar\u0131 verib.<\/p>\n\n\n\n<p>Ba\u015f prokuror \u0130rina Venediktova \u201cFacebook\u201d s\u0259hif\u0259sind\u0259 rejissorun qiyabi h\u0259bs edildiyini <a href=\"https:\/\/www.facebook.com\/irina.venediktova.31\/posts\/5274457635900462\" target=\"_blank\" rel=\"noreferrer noopener\">yaz\u0131b<\/a>.<br><\/p>\n\n\n\n<p>Oleq Qazmanovun is\u0259 beyn\u0259lxalq axtar\u0131\u015fa verildiyini <a href=\"https:\/\/www.facebook.com\/irina.venediktova.31\/posts\/5276196622393230\" target=\"_blank\" rel=\"noreferrer noopener\">bildirib<\/a>.<br><\/p>\n\n\n\n<p>Qeyd edib ki, Nikita Mixalkov Ukraynan\u0131n \u0259razi b\u00fct\u00f6vl\u00fcy\u00fcn\u00fc, suverenliyini bil\u0259r\u0259kd\u0259n inkar etdiyi \u00fc\u00e7\u00fcn haqq\u0131nda h\u0259bs q\u0259rar\u0131 verilib.<\/p>\n\n\n\n<p>\u201cSiz Rusiya Federasiyas\u0131n\u0131n birinci \u015f\u0259xsl\u0259ri il\u0259 yax\u0131n m\u00fcnasib\u0259td\u0259siniz v\u0259 m\u00fcharib\u0259ni bu q\u0259d\u0259r canf\u0259\u015fanl\u0131qla d\u0259st\u0259kl\u0259diyiniz, t\u0259bli\u011f etm\u0259yiniz d\u0259 m\u0259hz buna g\u00f6r\u0259dir. H\u0259r halda, biz Ukraynada bunu bel\u0259 g\u00f6r\u00fcr\u00fck\u201d, &#8211; Ba\u015f prokuror bildirib.<\/p>\n\n\n\n<p>O \u0259lav\u0259 edib ki, haz\u0131rda axtar\u0131\u015fa veril\u0259n Nikita Mixalkov ist\u0259nil\u0259n d\u00f6vl\u0259tin s\u0259rh\u0259dini ke\u00e7\u0259rk\u0259n saxlan\u0131lacaq.<\/p>\n\n\n\n<p>\u0130rina Venediktova Oleq Qazmanova xitab\u0259n yaz\u0131b ki, Ukrayna m\u0259hk\u0259m\u0259si Ba\u015f prokurorlu\u011fun v\u0259sat\u0259tini t\u0259min edib, m\u00fc\u011f\u0259nni haqq\u0131nda da h\u0259bs-q\u0259timkan q\u0259rar\u0131 verib.<\/p>\n\n\n\n<p>\u201cBilirik ki, siz Ukrayna m\u0259hk\u0259m\u0259sin\u0259 k\u00f6n\u00fcll\u00fc g\u0259lm\u0259y\u0259c\u0259ksiniz, qastrol s\u0259f\u0259rl\u0259riniz d\u0259 \u00e7\u0259tin ba\u015f tutsun. Bu s\u0259b\u0259bd\u0259n sizin beyn\u0259lxalq axtar\u0131\u015fa verilm\u0259yinizl\u0259 ba\u011fl\u0131 prosedura ba\u015flama\u011fa m\u0259cburuq. T\u0259bii ki, xarici qastrol s\u0259f\u0259rl\u0259ri yarad\u0131c\u0131l\u0131q h\u0259yat\u0131n\u0131n bir hiss\u0259sidir, amma t\u0259\u0259ss\u00fcf ki, bunu n\u0259z\u0259r\u0259 ala bilm\u0259rik\u201d, &#8211; Ba\u015f prokuror yaz\u0131b.<\/p>\n\n\n\n<p>Rusiyal\u0131 rejissor Nikita Mixalkov Ukrayna m\u0259hk\u0259m\u0259si t\u0259r\u0259find\u0259n qiyabi h\u0259bs olunmas\u0131 il\u0259 ba\u011fl\u0131 q\u0259rar\u0131 absurd hesab edib.<\/p>\n\n\n\n<p>\u201cBel\u0259 bir q\u0259rar\u0131 1939-cu ild\u0259 nasist Almaniyas\u0131n\u0131n Ba\u015f prokuroru Ernst Lautz imzalaya bil\u0259rdi\u201d, &#8211; 76 ya\u015fl\u0131 rejissor deyib.<\/p>\n\n\n\n<p>Nikita Mixalkov 2018-ci ilin \u0259vv\u0259lind\u0259n Ukrayna M\u0259d\u0259niyy\u0259t Nazirliyinin qara siyah\u0131s\u0131ndad\u0131r.<\/p>\n\n\n\n<p>Siyah\u0131da Oleq Qazmanov, Nikolay Rastorquev, Stas Pyexa, Qriqoriy Leps, Valeriya v\u0259 onun h\u0259yat yolda\u015f\u0131, prod\u00fcser \u0130osif Priqojin, aktyorlar Sergey Bezrukov, Mixail Boyarski, \u0130van Oxlob\u0131stin, Mixail Pore\u00e7enkov, Jerar Depardye d\u0259 var.<br>Rusiyal\u0131 s\u0259n\u0259t\u00e7il\u0259rin qara siyah\u0131ya d\u00fc\u015fm\u0259yinin \u0259sas s\u0259b\u0259bi is\u0259 Kr\u0131m\u0131n ilhaq\u0131n\u0131 d\u0259st\u0259kl\u0259m\u0259si v\u0259 \u00f6lk\u0259nin \u015f\u0259rqind\u0259ki tan\u0131nmam\u0131\u015f respublikalar\u0131 qoruyan silahl\u0131 \u00fcsyan\u00e7\u0131lar\u0131 m\u00fcdafi\u0259 etm\u0259si olub.<\/p>\n\n\n\n<p>Fevral\u0131n 21-d\u0259 ax\u015fam saatlar\u0131nda Rusiya Prezidenti Vladimir Putin separat\u00e7\u0131lar\u0131n n\u0259zar\u0259tind\u0259 olan \u201cDonetsk Xalq Respublikas\u0131\u201d (\u201cDXR\u201d) v\u0259 \u201cLuqansk Xalq Respublikas\u0131\u201d (\u201cLXR\u201d) adl\u0131 qurumlar\u0131 tan\u0131y\u0131b, h\u0259min \u0259razil\u0259r\u0259 ordu yeridib.<\/p>\n\n\n\n<p>Fevral\u0131n 24-d\u0259 Prezident Vladimir Putin Ukraynada x\u00fcsusi h\u0259rbi \u0259m\u0259liyyata g\u00f6rst\u0259ri\u015f verib.<\/p>\n\n\n\n<p>O vur\u011fulay\u0131b ki, Moskvan\u0131n planlar\u0131na Ukrayna \u0259razil\u0259rinin i\u015f\u011fal\u0131 daxil deyil.<\/p>\n\n\n\n<p>M\u0259qs\u0259d \u00f6lk\u0259nin demilitarizasiyas\u0131d\u0131r.<\/p>\n\n\n\n<p>Daha sonra AB\u015e, Avropa \u0130ttifaq\u0131, B\u00f6y\u00fck Britaniya, el\u0259c\u0259 d\u0259 bir s\u0131ra dig\u0259r d\u00f6vl\u0259tl\u0259r Rusiyaya qar\u015f\u0131 sanksiyalar t\u0259tbiq edib.<\/p>\n","protected":false},"excerpt":{"rendered":"<p>Mixalkov qiyabi h\u0259bs edilib, Qazmanov beyn\u0259lxalq axtar\u0131\u015fa verilib Ukrayna m\u0259hk\u0259m\u0259si &#8230; <\/p>\n<p class=\"read-more-container\"><a title=\"Ukrayna m\u0259hk\u0259m\u0259si iki rusiyal\u0131\u00a0 s\u0259n\u0259t\u00e7iy\u0259 h\u0259bs q\u0259rar\u0131 \u00e7\u0131xar\u0131b\" class=\"read-more button\" href=\"https:\/\/www.meydan.tv\/az\/article\/ukrayna-mehkemesi-iki-rusiyali-senetciye-hebs-qerari-cixarib\/#more-237319\" aria-label=\"Read more about Ukrayna m\u0259hk\u0259m\u0259si iki rusiyal\u0131\u00a0 s\u0259n\u0259t\u00e7iy\u0259 h\u0259bs q\u0259rar\u0131 \u00e7\u0131xar\u0131b\">Davam\u0131<\/a><\/p>\n","protected":false},"author":8,"featured_media":237316,"comment_status":"closed","ping_status":"closed","sticky":false,"template":"","format":"standard","meta":{"_acf_changed":false,"_sitemap_exclude":false,"_sitemap_priority":"","_sitemap_frequency":"","footnotes":""},"categories":[52,56],"tags":[],"class_list":["post-237319","post","type-post","status-publish","format-standard","has-post-thumbnail","hentry","category-medeniyyet","category-xeberler","infinite-scroll-item","generate-columns","tablet-grid-50","mobile-grid-100","grid-parent","grid-33","no-featured-image-padding"],"acf":[],"yoast_head":"<!-- This site is optimized with the Yoast SEO plugin v27.4 - https:\/\/yoast.com\/product\/yoast-seo-wordpress\/ -->\n<title>Ukrayna m\u0259hk\u0259m\u0259si iki rusiyal\u0131\u00a0 s\u0259n\u0259t\u00e7iy\u0259 h\u0259bs q\u0259rar\u0131 \u00e7\u0131xar\u0131b - MEYDAN.TV<\/title>\n<meta name=\"robots\" content=\"index, follow, max-snippet:-1, max-image-preview:large, max-video-preview:-1\" \/>\n<link rel=\"canonical\" href=\"https:\/\/www.meydan.tv\/az\/article\/ukrayna-mehkemesi-iki-rusiyali-senetciye-hebs-qerari-cixarib\/\" \/>\n<meta property=\"og:locale\" content=\"az_AZ\" \/>\n<meta property=\"og:type\" content=\"article\" \/>\n<meta property=\"og:title\" content=\"Ukrayna m\u0259hk\u0259m\u0259si iki rusiyal\u0131\u00a0 s\u0259n\u0259t\u00e7iy\u0259 h\u0259bs q\u0259rar\u0131 \u00e7\u0131xar\u0131b - MEYDAN.TV\" \/>\n<meta property=\"og:description\" content=\"Mixalkov qiyabi h\u0259bs edilib, Qazmanov beyn\u0259lxalq axtar\u0131\u015fa verilib Ukrayna m\u0259hk\u0259m\u0259si ... Davam\u0131\" \/>\n<meta property=\"og:url\" content=\"https:\/\/www.meydan.tv\/az\/article\/ukrayna-mehkemesi-iki-rusiyali-senetciye-hebs-qerari-cixarib\/\" \/>\n<meta property=\"og:site_name\" content=\"MEYDAN.TV\" \/>\n<meta property=\"article:published_time\" content=\"2022-03-05T15:22:13+00:00\" \/>\n<meta property=\"article:modified_time\" content=\"2022-03-05T15:22:15+00:00\" \/>\n<meta property=\"og:image\" content=\"https:\/\/www.meydan.tv\/wp-content\/uploads\/shutterstock_1398634367.jpg\" \/>\n\t<meta property=\"og:image:width\" content=\"1200\" \/>\n\t<meta property=\"og:image:height\" content=\"675\" \/>\n\t<meta property=\"og:image:type\" content=\"image\/jpeg\" \/>\n<meta name=\"author\" content=\"elli\" \/>\n<meta name=\"twitter:card\" content=\"summary_large_image\" \/>\n<meta name=\"twitter:creator\" content=\"@elli\" \/>\n<script type=\"application\/ld+json\" class=\"yoast-schema-graph\">{\"@context\":\"https:\\\/\\\/schema.org\",\"@graph\":[{\"@type\":\"Article\",\"@id\":\"https:\\\/\\\/www.meydan.tv\\\/az\\\/article\\\/ukrayna-mehkemesi-iki-rusiyali-senetciye-hebs-qerari-cixarib\\\/#article\",\"isPartOf\":{\"@id\":\"https:\\\/\\\/www.meydan.tv\\\/az\\\/article\\\/ukrayna-mehkemesi-iki-rusiyali-senetciye-hebs-qerari-cixarib\\\/\"},\"author\":{\"name\":\"elli\",\"@id\":\"https:\\\/\\\/www.meydan.tv\\\/az\\\/#\\\/schema\\\/person\\\/9cdbecf90d17180ce1dfbd95b08dcf47\"},\"headline\":\"Ukrayna m\u0259hk\u0259m\u0259si iki rusiyal\u0131\u00a0 s\u0259n\u0259t\u00e7iy\u0259 h\u0259bs q\u0259rar\u0131 \u00e7\u0131xar\u0131b\",\"datePublished\":\"2022-03-05T15:22:13+00:00\",\"dateModified\":\"2022-03-05T15:22:15+00:00\",\"mainEntityOfPage\":{\"@id\":\"https:\\\/\\\/www.meydan.tv\\\/az\\\/article\\\/ukrayna-mehkemesi-iki-rusiyali-senetciye-hebs-qerari-cixarib\\\/\"},\"wordCount\":555,\"publisher\":{\"@id\":\"https:\\\/\\\/www.meydan.tv\\\/az\\\/#organization\"},\"image\":{\"@id\":\"https:\\\/\\\/www.meydan.tv\\\/az\\\/article\\\/ukrayna-mehkemesi-iki-rusiyali-senetciye-hebs-qerari-cixarib\\\/#primaryimage\"},\"thumbnailUrl\":\"https:\\\/\\\/www.meydan.tv\\\/wp-content\\\/uploads\\\/shutterstock_1398634367.jpg\",\"articleSection\":[\"M\u0259d\u0259niyy\u0259t\",\"X\u0259b\u0259rl\u0259r\"],\"inLanguage\":\"az\"},{\"@type\":\"WebPage\",\"@id\":\"https:\\\/\\\/www.meydan.tv\\\/az\\\/article\\\/ukrayna-mehkemesi-iki-rusiyali-senetciye-hebs-qerari-cixarib\\\/\",\"url\":\"https:\\\/\\\/www.meydan.tv\\\/az\\\/article\\\/ukrayna-mehkemesi-iki-rusiyali-senetciye-hebs-qerari-cixarib\\\/\",\"name\":\"Ukrayna m\u0259hk\u0259m\u0259si iki rusiyal\u0131\u00a0 s\u0259n\u0259t\u00e7iy\u0259 h\u0259bs q\u0259rar\u0131 \u00e7\u0131xar\u0131b - MEYDAN.TV\",\"isPartOf\":{\"@id\":\"https:\\\/\\\/www.meydan.tv\\\/az\\\/#website\"},\"primaryImageOfPage\":{\"@id\":\"https:\\\/\\\/www.meydan.tv\\\/az\\\/article\\\/ukrayna-mehkemesi-iki-rusiyali-senetciye-hebs-qerari-cixarib\\\/#primaryimage\"},\"image\":{\"@id\":\"https:\\\/\\\/www.meydan.tv\\\/az\\\/article\\\/ukrayna-mehkemesi-iki-rusiyali-senetciye-hebs-qerari-cixarib\\\/#primaryimage\"},\"thumbnailUrl\":\"https:\\\/\\\/www.meydan.tv\\\/wp-content\\\/uploads\\\/shutterstock_1398634367.jpg\",\"datePublished\":\"2022-03-05T15:22:13+00:00\",\"dateModified\":\"2022-03-05T15:22:15+00:00\",\"breadcrumb\":{\"@id\":\"https:\\\/\\\/www.meydan.tv\\\/az\\\/article\\\/ukrayna-mehkemesi-iki-rusiyali-senetciye-hebs-qerari-cixarib\\\/#breadcrumb\"},\"inLanguage\":\"az\",\"potentialAction\":[{\"@type\":\"ReadAction\",\"target\":[\"https:\\\/\\\/www.meydan.tv\\\/az\\\/article\\\/ukrayna-mehkemesi-iki-rusiyali-senetciye-hebs-qerari-cixarib\\\/\"]}]},{\"@type\":\"ImageObject\",\"inLanguage\":\"az\",\"@id\":\"https:\\\/\\\/www.meydan.tv\\\/az\\\/article\\\/ukrayna-mehkemesi-iki-rusiyali-senetciye-hebs-qerari-cixarib\\\/#primaryimage\",\"url\":\"https:\\\/\\\/www.meydan.tv\\\/wp-content\\\/uploads\\\/shutterstock_1398634367.jpg\",\"contentUrl\":\"https:\\\/\\\/www.meydan.tv\\\/wp-content\\\/uploads\\\/shutterstock_1398634367.jpg\",\"width\":1200,\"height\":675,\"caption\":\"Ukrayna m\u0259hk\u0259m\u0259si. Foto: Novikov Aleksey\\\/shutterstock\"},{\"@type\":\"BreadcrumbList\",\"@id\":\"https:\\\/\\\/www.meydan.tv\\\/az\\\/article\\\/ukrayna-mehkemesi-iki-rusiyali-senetciye-hebs-qerari-cixarib\\\/#breadcrumb\",\"itemListElement\":[{\"@type\":\"ListItem\",\"position\":1,\"name\":\"Ana s\u0259hif\u0259\",\"item\":\"https:\\\/\\\/www.meydan.tv\\\/az\\\/\"},{\"@type\":\"ListItem\",\"position\":2,\"name\":\"M\u0259d\u0259niyy\u0259t\",\"item\":\"https:\\\/\\\/www.meydan.tv\\\/az\\\/section\\\/medeniyyet\\\/\"},{\"@type\":\"ListItem\",\"position\":3,\"name\":\"Ukrayna m\u0259hk\u0259m\u0259si iki rusiyal\u0131\u00a0 s\u0259n\u0259t\u00e7iy\u0259 h\u0259bs q\u0259rar\u0131 \u00e7\u0131xar\u0131b\"}]},{\"@type\":\"WebSite\",\"@id\":\"https:\\\/\\\/www.meydan.tv\\\/az\\\/#website\",\"url\":\"https:\\\/\\\/www.meydan.tv\\\/az\\\/\",\"name\":\"MEYDAN.TV\",\"description\":\"Meydan TV Az\u0259rbaycan\u0131n media m\u0259kan\u0131ndak\u0131 alternativ s\u0259sidir\",\"publisher\":{\"@id\":\"https:\\\/\\\/www.meydan.tv\\\/az\\\/#organization\"},\"potentialAction\":[{\"@type\":\"SearchAction\",\"target\":{\"@type\":\"EntryPoint\",\"urlTemplate\":\"https:\\\/\\\/www.meydan.tv\\\/az\\\/?s={search_term_string}\"},\"query-input\":{\"@type\":\"PropertyValueSpecification\",\"valueRequired\":true,\"valueName\":\"search_term_string\"}}],\"inLanguage\":\"az\"},{\"@type\":\"Organization\",\"@id\":\"https:\\\/\\\/www.meydan.tv\\\/az\\\/#organization\",\"name\":\"Meydan TV\",\"url\":\"https:\\\/\\\/www.meydan.tv\\\/az\\\/\",\"logo\":{\"@type\":\"ImageObject\",\"inLanguage\":\"az\",\"@id\":\"https:\\\/\\\/www.meydan.tv\\\/az\\\/#\\\/schema\\\/logo\\\/image\\\/\",\"url\":\"https:\\\/\\\/www.meydan.tv\\\/wp-content\\\/uploads\\\/2021\\\/07\\\/meydan-logo.svg\",\"contentUrl\":\"https:\\\/\\\/www.meydan.tv\\\/wp-content\\\/uploads\\\/2021\\\/07\\\/meydan-logo.svg\",\"width\":195,\"height\":46,\"caption\":\"Meydan TV\"},\"image\":{\"@id\":\"https:\\\/\\\/www.meydan.tv\\\/az\\\/#\\\/schema\\\/logo\\\/image\\\/\"}},{\"@type\":\"Person\",\"@id\":\"https:\\\/\\\/www.meydan.tv\\\/az\\\/#\\\/schema\\\/person\\\/9cdbecf90d17180ce1dfbd95b08dcf47\",\"name\":\"elli\",\"sameAs\":[\"https:\\\/\\\/x.com\\\/elli\"]}]}<\/script>\n<!-- \/ Yoast SEO plugin. -->","yoast_head_json":{"title":"Ukrayna m\u0259hk\u0259m\u0259si iki rusiyal\u0131\u00a0 s\u0259n\u0259t\u00e7iy\u0259 h\u0259bs q\u0259rar\u0131 \u00e7\u0131xar\u0131b - MEYDAN.TV","robots":{"index":"index","follow":"follow","max-snippet":"max-snippet:-1","max-image-preview":"max-image-preview:large","max-video-preview":"max-video-preview:-1"},"canonical":"https:\/\/www.meydan.tv\/az\/article\/ukrayna-mehkemesi-iki-rusiyali-senetciye-hebs-qerari-cixarib\/","og_locale":"az_AZ","og_type":"article","og_title":"Ukrayna m\u0259hk\u0259m\u0259si iki rusiyal\u0131\u00a0 s\u0259n\u0259t\u00e7iy\u0259 h\u0259bs q\u0259rar\u0131 \u00e7\u0131xar\u0131b - MEYDAN.TV","og_description":"Mixalkov qiyabi h\u0259bs edilib, Qazmanov beyn\u0259lxalq axtar\u0131\u015fa verilib Ukrayna m\u0259hk\u0259m\u0259si ... Davam\u0131","og_url":"https:\/\/www.meydan.tv\/az\/article\/ukrayna-mehkemesi-iki-rusiyali-senetciye-hebs-qerari-cixarib\/","og_site_name":"MEYDAN.TV","article_published_time":"2022-03-05T15:22:13+00:00","article_modified_time":"2022-03-05T15:22:15+00:00","og_image":[{"width":1200,"height":675,"url":"https:\/\/www.meydan.tv\/wp-content\/uploads\/shutterstock_1398634367.jpg","type":"image\/jpeg"}],"author":"elli","twitter_card":"summary_large_image","twitter_creator":"@elli","schema":{"@context":"https:\/\/schema.org","@graph":[{"@type":"Article","@id":"https:\/\/www.meydan.tv\/az\/article\/ukrayna-mehkemesi-iki-rusiyali-senetciye-hebs-qerari-cixarib\/#article","isPartOf":{"@id":"https:\/\/www.meydan.tv\/az\/article\/ukrayna-mehkemesi-iki-rusiyali-senetciye-hebs-qerari-cixarib\/"},"author":{"name":"elli","@id":"https:\/\/www.meydan.tv\/az\/#\/schema\/person\/9cdbecf90d17180ce1dfbd95b08dcf47"},"headline":"Ukrayna m\u0259hk\u0259m\u0259si iki rusiyal\u0131\u00a0 s\u0259n\u0259t\u00e7iy\u0259 h\u0259bs q\u0259rar\u0131 \u00e7\u0131xar\u0131b","datePublished":"2022-03-05T15:22:13+00:00","dateModified":"2022-03-05T15:22:15+00:00","mainEntityOfPage":{"@id":"https:\/\/www.meydan.tv\/az\/article\/ukrayna-mehkemesi-iki-rusiyali-senetciye-hebs-qerari-cixarib\/"},"wordCount":555,"publisher":{"@id":"https:\/\/www.meydan.tv\/az\/#organization"},"image":{"@id":"https:\/\/www.meydan.tv\/az\/article\/ukrayna-mehkemesi-iki-rusiyali-senetciye-hebs-qerari-cixarib\/#primaryimage"},"thumbnailUrl":"https:\/\/www.meydan.tv\/wp-content\/uploads\/shutterstock_1398634367.jpg","articleSection":["M\u0259d\u0259niyy\u0259t","X\u0259b\u0259rl\u0259r"],"inLanguage":"az"},{"@type":"WebPage","@id":"https:\/\/www.meydan.tv\/az\/article\/ukrayna-mehkemesi-iki-rusiyali-senetciye-hebs-qerari-cixarib\/","url":"https:\/\/www.meydan.tv\/az\/article\/ukrayna-mehkemesi-iki-rusiyali-senetciye-hebs-qerari-cixarib\/","name":"Ukrayna m\u0259hk\u0259m\u0259si iki rusiyal\u0131\u00a0 s\u0259n\u0259t\u00e7iy\u0259 h\u0259bs q\u0259rar\u0131 \u00e7\u0131xar\u0131b - MEYDAN.TV","isPartOf":{"@id":"https:\/\/www.meydan.tv\/az\/#website"},"primaryImageOfPage":{"@id":"https:\/\/www.meydan.tv\/az\/article\/ukrayna-mehkemesi-iki-rusiyali-senetciye-hebs-qerari-cixarib\/#primaryimage"},"image":{"@id":"https:\/\/www.meydan.tv\/az\/article\/ukrayna-mehkemesi-iki-rusiyali-senetciye-hebs-qerari-cixarib\/#primaryimage"},"thumbnailUrl":"https:\/\/www.meydan.tv\/wp-content\/uploads\/shutterstock_1398634367.jpg","datePublished":"2022-03-05T15:22:13+00:00","dateModified":"2022-03-05T15:22:15+00:00","breadcrumb":{"@id":"https:\/\/www.meydan.tv\/az\/article\/ukrayna-mehkemesi-iki-rusiyali-senetciye-hebs-qerari-cixarib\/#breadcrumb"},"inLanguage":"az","potentialAction":[{"@type":"ReadAction","target":["https:\/\/www.meydan.tv\/az\/article\/ukrayna-mehkemesi-iki-rusiyali-senetciye-hebs-qerari-cixarib\/"]}]},{"@type":"ImageObject","inLanguage":"az","@id":"https:\/\/www.meydan.tv\/az\/article\/ukrayna-mehkemesi-iki-rusiyali-senetciye-hebs-qerari-cixarib\/#primaryimage","url":"https:\/\/www.meydan.tv\/wp-content\/uploads\/shutterstock_1398634367.jpg","contentUrl":"https:\/\/www.meydan.tv\/wp-content\/uploads\/shutterstock_1398634367.jpg","width":1200,"height":675,"caption":"Ukrayna m\u0259hk\u0259m\u0259si. Foto: Novikov Aleksey\/shutterstock"},{"@type":"BreadcrumbList","@id":"https:\/\/www.meydan.tv\/az\/article\/ukrayna-mehkemesi-iki-rusiyali-senetciye-hebs-qerari-cixarib\/#breadcrumb","itemListElement":[{"@type":"ListItem","position":1,"name":"Ana s\u0259hif\u0259","item":"https:\/\/www.meydan.tv\/az\/"},{"@type":"ListItem","position":2,"name":"M\u0259d\u0259niyy\u0259t","item":"https:\/\/www.meydan.tv\/az\/section\/medeniyyet\/"},{"@type":"ListItem","position":3,"name":"Ukrayna m\u0259hk\u0259m\u0259si iki rusiyal\u0131\u00a0 s\u0259n\u0259t\u00e7iy\u0259 h\u0259bs q\u0259rar\u0131 \u00e7\u0131xar\u0131b"}]},{"@type":"WebSite","@id":"https:\/\/www.meydan.tv\/az\/#website","url":"https:\/\/www.meydan.tv\/az\/","name":"MEYDAN.TV","description":"Meydan TV Az\u0259rbaycan\u0131n media m\u0259kan\u0131ndak\u0131 alternativ s\u0259sidir","publisher":{"@id":"https:\/\/www.meydan.tv\/az\/#organization"},"potentialAction":[{"@type":"SearchAction","target":{"@type":"EntryPoint","urlTemplate":"https:\/\/www.meydan.tv\/az\/?s={search_term_string}"},"query-input":{"@type":"PropertyValueSpecification","valueRequired":true,"valueName":"search_term_string"}}],"inLanguage":"az"},{"@type":"Organization","@id":"https:\/\/www.meydan.tv\/az\/#organization","name":"Meydan TV","url":"https:\/\/www.meydan.tv\/az\/","logo":{"@type":"ImageObject","inLanguage":"az","@id":"https:\/\/www.meydan.tv\/az\/#\/schema\/logo\/image\/","url":"https:\/\/www.meydan.tv\/wp-content\/uploads\/2021\/07\/meydan-logo.svg","contentUrl":"https:\/\/www.meydan.tv\/wp-content\/uploads\/2021\/07\/meydan-logo.svg","width":195,"height":46,"caption":"Meydan TV"},"image":{"@id":"https:\/\/www.meydan.tv\/az\/#\/schema\/logo\/image\/"}},{"@type":"Person","@id":"https:\/\/www.meydan.tv\/az\/#\/schema\/person\/9cdbecf90d17180ce1dfbd95b08dcf47","name":"elli","sameAs":["https:\/\/x.com\/elli"]}]}},"_links":{"self":[{"href":"https:\/\/www.meydan.tv\/az\/wp-json\/wp\/v2\/posts\/237319","targetHints":{"allow":["GET"]}}],"collection":[{"href":"https:\/\/www.meydan.tv\/az\/wp-json\/wp\/v2\/posts"}],"about":[{"href":"https:\/\/www.meydan.tv\/az\/wp-json\/wp\/v2\/types\/post"}],"author":[{"embeddable":true,"href":"https:\/\/www.meydan.tv\/az\/wp-json\/wp\/v2\/users\/8"}],"replies":[{"embeddable":true,"href":"https:\/\/www.meydan.tv\/az\/wp-json\/wp\/v2\/comments?post=237319"}],"version-history":[{"count":3,"href":"https:\/\/www.meydan.tv\/az\/wp-json\/wp\/v2\/posts\/237319\/revisions"}],"predecessor-version":[{"id":237351,"href":"https:\/\/www.meydan.tv\/az\/wp-json\/wp\/v2\/posts\/237319\/revisions\/237351"}],"wp:featuredmedia":[{"embeddable":true,"href":"https:\/\/www.meydan.tv\/az\/wp-json\/wp\/v2\/media\/237316"}],"wp:attachment":[{"href":"https:\/\/www.meydan.tv\/az\/wp-json\/wp\/v2\/media?parent=237319"}],"wp:term":[{"taxonomy":"category","embeddable":true,"href":"https:\/\/www.meydan.tv\/az\/wp-json\/wp\/v2\/categories?post=237319"},{"taxonomy":"post_tag","embeddable":true,"href":"https:\/\/www.meydan.tv\/az\/wp-json\/wp\/v2\/tags?post=237319"}],"curies":[{"name":"wp","href":"https:\/\/api.w.org\/{rel}","templated":true}]}}