{"id":237191,"date":"2022-03-04T18:42:37","date_gmt":"2022-03-04T14:42:37","guid":{"rendered":"https:\/\/www.meydan.tv\/?p=237191"},"modified":"2022-03-04T19:54:13","modified_gmt":"2022-03-04T15:54:13","slug":"azerkitabin-unvani-deyisir","status":"publish","type":"post","link":"https:\/\/www.meydan.tv\/az\/article\/azerkitabin-unvani-deyisir\/","title":{"rendered":"\u201cAz\u0259rkitab\u201d\u0131n \u00fcnvan\u0131 d\u0259yi\u015fir"},"content":{"rendered":"\n<p><em>M\u0259rk\u0259zi yeni binaya k\u00f6\u00e7\u00fcr\u00fcl\u00fcr<\/em><\/p>\n\n\n\n<p>Bak\u0131n\u0131n Yasamal rayonu \u0259razisind\u0259 yerl\u0259\u015f\u0259n \u201cAz\u0259rkitab\u201d kitab m\u0259rk\u0259zinin \u00fcnvan\u0131 d\u0259yi\u015fdirilir.<\/p>\n\n\n\n<p>Bu haqda Meydan TV-y\u0259 \u201cAz\u0259rkitab\u201d\u0131n r\u0259hb\u0259ri Sabir H\u0259s\u0259nov m\u0259lumat verib.<\/p>\n\n\n\n<p>Bildirib ki, kitabxanan\u0131n yerl\u0259\u015fdiyi haz\u0131rk\u0131 \u00fcnvan sat\u0131\u015f \u00fc\u00e7\u00fcn \u0259lveri\u015fli deyil.<\/p>\n\n\n\n<p>\u201cBundan \u0259vv\u0259l ma\u011fazam\u0131z D\u00f6vl\u0259t Statistika Komit\u0259sinin yan\u0131nda idi. Baxd\u0131q ki, kitabxanaya g\u0259lib-ged\u0259n azd\u0131r. Eyni s\u0259b\u0259b\u0259 g\u00f6r\u0259 binan\u0131 d\u0259yi\u015firik. H\u0259m d\u0259 buran\u0131n icar\u0259haqq\u0131 \u00e7oxdur. Burada m\u0259rt\u0259b\u0259 art\u0131qd\u0131r, \u0259lav\u0259 x\u0259rcdir. Bizim x\u0259rcimiz-borcumuzu \u00f6d\u0259m\u0259diyin\u0259, yer \u0259lveri\u015fli olmad\u0131\u011f\u0131na g\u00f6r\u0259 \u00fcnvan\u0131 d\u0259yi\u015fm\u0259li olduq. \u00dcnvan d\u0259qiql\u0259\u015f\u0259nd\u0259n sonra a\u00e7\u0131l\u0131\u015f\u0131n\u0131 ed\u0259c\u0259yik\u201d, &#8211; Sabir H\u0259s\u0259nov deyib.<\/p>\n\n\n\n<p>Yasamal rayonu \u0259razisind\u0259 yerl\u0259\u015f\u0259n \u201cAz\u0259rkitab\u201d \u00fc\u00e7 m\u0259rt\u0259b\u0259d\u0259n ibar\u0259tdir.<\/p>\n\n\n\n<p>Ma\u011fazada kitab sat\u0131\u015f\u0131 il\u0259 yana\u015f\u0131, azya\u015fl\u0131lar\u0131n \u0259yl\u0259nc\u0259si, el\u0259c\u0259 d\u0259 kafe f\u0259aliyy\u0259t g\u00f6st\u0259rirdi.<\/p>\n\n\n\n<p>Kitab m\u0259rk\u0259zinin \u00fc\u00e7\u00fcnc\u00fc m\u0259rt\u0259b\u0259si r\u0259sm s\u0259rgil\u0259ri, m\u0259tbuat konfrans\u0131 v\u0259 sair m\u00fcxt\u0259lif t\u0259dbirl\u0259rin ke\u00e7irilm\u0259si \u00fc\u00e7\u00fcn n\u0259z\u0259rd\u0259 tutulub.<\/p>\n\n\n\n<p>Bu \u00fcnvanda ma\u011faza 2019-cu ild\u0259 istifad\u0259y\u0259 verilmi\u015fdi.<\/p>\n","protected":false},"excerpt":{"rendered":"<p>M\u0259rk\u0259zi yeni binaya k\u00f6\u00e7\u00fcr\u00fcl\u00fcr Bak\u0131n\u0131n Yasamal rayonu \u0259razisind\u0259 yerl\u0259\u015f\u0259n \u201cAz\u0259rkitab\u201d &#8230; <\/p>\n<p class=\"read-more-container\"><a title=\"\u201cAz\u0259rkitab\u201d\u0131n \u00fcnvan\u0131 d\u0259yi\u015fir\" class=\"read-more button\" href=\"https:\/\/www.meydan.tv\/az\/article\/azerkitabin-unvani-deyisir\/#more-237191\" aria-label=\"Read more about \u201cAz\u0259rkitab\u201d\u0131n \u00fcnvan\u0131 d\u0259yi\u015fir\">Davam\u0131<\/a><\/p>\n","protected":false},"author":8,"featured_media":237188,"comment_status":"closed","ping_status":"closed","sticky":false,"template":"","format":"standard","meta":{"_acf_changed":false,"_sitemap_exclude":false,"_sitemap_priority":"","_sitemap_frequency":"","footnotes":""},"categories":[52,56],"tags":[],"class_list":["post-237191","post","type-post","status-publish","format-standard","has-post-thumbnail","hentry","category-medeniyyet","category-xeberler","infinite-scroll-item","generate-columns","tablet-grid-50","mobile-grid-100","grid-parent","grid-33","no-featured-image-padding"],"acf":[],"yoast_head":"<!-- This site is optimized with the Yoast SEO plugin v27.4 - https:\/\/yoast.com\/product\/yoast-seo-wordpress\/ -->\n<title>\u201cAz\u0259rkitab\u201d\u0131n \u00fcnvan\u0131 d\u0259yi\u015fir - MEYDAN.TV<\/title>\n<meta name=\"robots\" content=\"index, follow, max-snippet:-1, max-image-preview:large, max-video-preview:-1\" \/>\n<link rel=\"canonical\" href=\"https:\/\/www.meydan.tv\/az\/article\/azerkitabin-unvani-deyisir\/\" \/>\n<meta property=\"og:locale\" content=\"az_AZ\" \/>\n<meta property=\"og:type\" content=\"article\" \/>\n<meta property=\"og:title\" content=\"\u201cAz\u0259rkitab\u201d\u0131n \u00fcnvan\u0131 d\u0259yi\u015fir - MEYDAN.TV\" \/>\n<meta property=\"og:description\" content=\"M\u0259rk\u0259zi yeni binaya k\u00f6\u00e7\u00fcr\u00fcl\u00fcr Bak\u0131n\u0131n Yasamal rayonu \u0259razisind\u0259 yerl\u0259\u015f\u0259n \u201cAz\u0259rkitab\u201d ... Davam\u0131\" \/>\n<meta property=\"og:url\" content=\"https:\/\/www.meydan.tv\/az\/article\/azerkitabin-unvani-deyisir\/\" \/>\n<meta property=\"og:site_name\" content=\"MEYDAN.TV\" \/>\n<meta property=\"article:published_time\" content=\"2022-03-04T14:42:37+00:00\" \/>\n<meta property=\"article:modified_time\" content=\"2022-03-04T15:54:13+00:00\" \/>\n<meta property=\"og:image\" content=\"https:\/\/www.meydan.tv\/wp-content\/uploads\/azerkitab.jpg\" \/>\n\t<meta property=\"og:image:width\" content=\"1254\" \/>\n\t<meta property=\"og:image:height\" content=\"552\" \/>\n\t<meta property=\"og:image:type\" content=\"image\/jpeg\" \/>\n<meta name=\"author\" content=\"elli\" \/>\n<meta name=\"twitter:card\" content=\"summary_large_image\" \/>\n<meta name=\"twitter:creator\" content=\"@elli\" \/>\n<script type=\"application\/ld+json\" class=\"yoast-schema-graph\">{\"@context\":\"https:\\\/\\\/schema.org\",\"@graph\":[{\"@type\":\"Article\",\"@id\":\"https:\\\/\\\/www.meydan.tv\\\/az\\\/article\\\/azerkitabin-unvani-deyisir\\\/#article\",\"isPartOf\":{\"@id\":\"https:\\\/\\\/www.meydan.tv\\\/az\\\/article\\\/azerkitabin-unvani-deyisir\\\/\"},\"author\":{\"name\":\"elli\",\"@id\":\"https:\\\/\\\/www.meydan.tv\\\/az\\\/#\\\/schema\\\/person\\\/9cdbecf90d17180ce1dfbd95b08dcf47\"},\"headline\":\"\u201cAz\u0259rkitab\u201d\u0131n \u00fcnvan\u0131 d\u0259yi\u015fir\",\"datePublished\":\"2022-03-04T14:42:37+00:00\",\"dateModified\":\"2022-03-04T15:54:13+00:00\",\"mainEntityOfPage\":{\"@id\":\"https:\\\/\\\/www.meydan.tv\\\/az\\\/article\\\/azerkitabin-unvani-deyisir\\\/\"},\"wordCount\":234,\"publisher\":{\"@id\":\"https:\\\/\\\/www.meydan.tv\\\/az\\\/#organization\"},\"image\":{\"@id\":\"https:\\\/\\\/www.meydan.tv\\\/az\\\/article\\\/azerkitabin-unvani-deyisir\\\/#primaryimage\"},\"thumbnailUrl\":\"https:\\\/\\\/www.meydan.tv\\\/wp-content\\\/uploads\\\/azerkitab.jpg\",\"articleSection\":[\"M\u0259d\u0259niyy\u0259t\",\"X\u0259b\u0259rl\u0259r\"],\"inLanguage\":\"az\"},{\"@type\":\"WebPage\",\"@id\":\"https:\\\/\\\/www.meydan.tv\\\/az\\\/article\\\/azerkitabin-unvani-deyisir\\\/\",\"url\":\"https:\\\/\\\/www.meydan.tv\\\/az\\\/article\\\/azerkitabin-unvani-deyisir\\\/\",\"name\":\"\u201cAz\u0259rkitab\u201d\u0131n \u00fcnvan\u0131 d\u0259yi\u015fir - MEYDAN.TV\",\"isPartOf\":{\"@id\":\"https:\\\/\\\/www.meydan.tv\\\/az\\\/#website\"},\"primaryImageOfPage\":{\"@id\":\"https:\\\/\\\/www.meydan.tv\\\/az\\\/article\\\/azerkitabin-unvani-deyisir\\\/#primaryimage\"},\"image\":{\"@id\":\"https:\\\/\\\/www.meydan.tv\\\/az\\\/article\\\/azerkitabin-unvani-deyisir\\\/#primaryimage\"},\"thumbnailUrl\":\"https:\\\/\\\/www.meydan.tv\\\/wp-content\\\/uploads\\\/azerkitab.jpg\",\"datePublished\":\"2022-03-04T14:42:37+00:00\",\"dateModified\":\"2022-03-04T15:54:13+00:00\",\"breadcrumb\":{\"@id\":\"https:\\\/\\\/www.meydan.tv\\\/az\\\/article\\\/azerkitabin-unvani-deyisir\\\/#breadcrumb\"},\"inLanguage\":\"az\",\"potentialAction\":[{\"@type\":\"ReadAction\",\"target\":[\"https:\\\/\\\/www.meydan.tv\\\/az\\\/article\\\/azerkitabin-unvani-deyisir\\\/\"]}]},{\"@type\":\"ImageObject\",\"inLanguage\":\"az\",\"@id\":\"https:\\\/\\\/www.meydan.tv\\\/az\\\/article\\\/azerkitabin-unvani-deyisir\\\/#primaryimage\",\"url\":\"https:\\\/\\\/www.meydan.tv\\\/wp-content\\\/uploads\\\/azerkitab.jpg\",\"contentUrl\":\"https:\\\/\\\/www.meydan.tv\\\/wp-content\\\/uploads\\\/azerkitab.jpg\",\"width\":1254,\"height\":552,\"caption\":\"Foto: Real tv\"},{\"@type\":\"BreadcrumbList\",\"@id\":\"https:\\\/\\\/www.meydan.tv\\\/az\\\/article\\\/azerkitabin-unvani-deyisir\\\/#breadcrumb\",\"itemListElement\":[{\"@type\":\"ListItem\",\"position\":1,\"name\":\"Ana s\u0259hif\u0259\",\"item\":\"https:\\\/\\\/www.meydan.tv\\\/az\\\/\"},{\"@type\":\"ListItem\",\"position\":2,\"name\":\"M\u0259d\u0259niyy\u0259t\",\"item\":\"https:\\\/\\\/www.meydan.tv\\\/az\\\/section\\\/medeniyyet\\\/\"},{\"@type\":\"ListItem\",\"position\":3,\"name\":\"\u201cAz\u0259rkitab\u201d\u0131n \u00fcnvan\u0131 d\u0259yi\u015fir\"}]},{\"@type\":\"WebSite\",\"@id\":\"https:\\\/\\\/www.meydan.tv\\\/az\\\/#website\",\"url\":\"https:\\\/\\\/www.meydan.tv\\\/az\\\/\",\"name\":\"MEYDAN.TV\",\"description\":\"Meydan TV Az\u0259rbaycan\u0131n media m\u0259kan\u0131ndak\u0131 alternativ s\u0259sidir\",\"publisher\":{\"@id\":\"https:\\\/\\\/www.meydan.tv\\\/az\\\/#organization\"},\"potentialAction\":[{\"@type\":\"SearchAction\",\"target\":{\"@type\":\"EntryPoint\",\"urlTemplate\":\"https:\\\/\\\/www.meydan.tv\\\/az\\\/?s={search_term_string}\"},\"query-input\":{\"@type\":\"PropertyValueSpecification\",\"valueRequired\":true,\"valueName\":\"search_term_string\"}}],\"inLanguage\":\"az\"},{\"@type\":\"Organization\",\"@id\":\"https:\\\/\\\/www.meydan.tv\\\/az\\\/#organization\",\"name\":\"Meydan TV\",\"url\":\"https:\\\/\\\/www.meydan.tv\\\/az\\\/\",\"logo\":{\"@type\":\"ImageObject\",\"inLanguage\":\"az\",\"@id\":\"https:\\\/\\\/www.meydan.tv\\\/az\\\/#\\\/schema\\\/logo\\\/image\\\/\",\"url\":\"https:\\\/\\\/www.meydan.tv\\\/wp-content\\\/uploads\\\/2021\\\/07\\\/meydan-logo.svg\",\"contentUrl\":\"https:\\\/\\\/www.meydan.tv\\\/wp-content\\\/uploads\\\/2021\\\/07\\\/meydan-logo.svg\",\"width\":195,\"height\":46,\"caption\":\"Meydan TV\"},\"image\":{\"@id\":\"https:\\\/\\\/www.meydan.tv\\\/az\\\/#\\\/schema\\\/logo\\\/image\\\/\"}},{\"@type\":\"Person\",\"@id\":\"https:\\\/\\\/www.meydan.tv\\\/az\\\/#\\\/schema\\\/person\\\/9cdbecf90d17180ce1dfbd95b08dcf47\",\"name\":\"elli\",\"sameAs\":[\"https:\\\/\\\/x.com\\\/elli\"]}]}<\/script>\n<!-- \/ Yoast SEO plugin. -->","yoast_head_json":{"title":"\u201cAz\u0259rkitab\u201d\u0131n \u00fcnvan\u0131 d\u0259yi\u015fir - MEYDAN.TV","robots":{"index":"index","follow":"follow","max-snippet":"max-snippet:-1","max-image-preview":"max-image-preview:large","max-video-preview":"max-video-preview:-1"},"canonical":"https:\/\/www.meydan.tv\/az\/article\/azerkitabin-unvani-deyisir\/","og_locale":"az_AZ","og_type":"article","og_title":"\u201cAz\u0259rkitab\u201d\u0131n \u00fcnvan\u0131 d\u0259yi\u015fir - MEYDAN.TV","og_description":"M\u0259rk\u0259zi yeni binaya k\u00f6\u00e7\u00fcr\u00fcl\u00fcr Bak\u0131n\u0131n Yasamal rayonu \u0259razisind\u0259 yerl\u0259\u015f\u0259n \u201cAz\u0259rkitab\u201d ... Davam\u0131","og_url":"https:\/\/www.meydan.tv\/az\/article\/azerkitabin-unvani-deyisir\/","og_site_name":"MEYDAN.TV","article_published_time":"2022-03-04T14:42:37+00:00","article_modified_time":"2022-03-04T15:54:13+00:00","og_image":[{"width":1254,"height":552,"url":"https:\/\/www.meydan.tv\/wp-content\/uploads\/azerkitab.jpg","type":"image\/jpeg"}],"author":"elli","twitter_card":"summary_large_image","twitter_creator":"@elli","schema":{"@context":"https:\/\/schema.org","@graph":[{"@type":"Article","@id":"https:\/\/www.meydan.tv\/az\/article\/azerkitabin-unvani-deyisir\/#article","isPartOf":{"@id":"https:\/\/www.meydan.tv\/az\/article\/azerkitabin-unvani-deyisir\/"},"author":{"name":"elli","@id":"https:\/\/www.meydan.tv\/az\/#\/schema\/person\/9cdbecf90d17180ce1dfbd95b08dcf47"},"headline":"\u201cAz\u0259rkitab\u201d\u0131n \u00fcnvan\u0131 d\u0259yi\u015fir","datePublished":"2022-03-04T14:42:37+00:00","dateModified":"2022-03-04T15:54:13+00:00","mainEntityOfPage":{"@id":"https:\/\/www.meydan.tv\/az\/article\/azerkitabin-unvani-deyisir\/"},"wordCount":234,"publisher":{"@id":"https:\/\/www.meydan.tv\/az\/#organization"},"image":{"@id":"https:\/\/www.meydan.tv\/az\/article\/azerkitabin-unvani-deyisir\/#primaryimage"},"thumbnailUrl":"https:\/\/www.meydan.tv\/wp-content\/uploads\/azerkitab.jpg","articleSection":["M\u0259d\u0259niyy\u0259t","X\u0259b\u0259rl\u0259r"],"inLanguage":"az"},{"@type":"WebPage","@id":"https:\/\/www.meydan.tv\/az\/article\/azerkitabin-unvani-deyisir\/","url":"https:\/\/www.meydan.tv\/az\/article\/azerkitabin-unvani-deyisir\/","name":"\u201cAz\u0259rkitab\u201d\u0131n \u00fcnvan\u0131 d\u0259yi\u015fir - MEYDAN.TV","isPartOf":{"@id":"https:\/\/www.meydan.tv\/az\/#website"},"primaryImageOfPage":{"@id":"https:\/\/www.meydan.tv\/az\/article\/azerkitabin-unvani-deyisir\/#primaryimage"},"image":{"@id":"https:\/\/www.meydan.tv\/az\/article\/azerkitabin-unvani-deyisir\/#primaryimage"},"thumbnailUrl":"https:\/\/www.meydan.tv\/wp-content\/uploads\/azerkitab.jpg","datePublished":"2022-03-04T14:42:37+00:00","dateModified":"2022-03-04T15:54:13+00:00","breadcrumb":{"@id":"https:\/\/www.meydan.tv\/az\/article\/azerkitabin-unvani-deyisir\/#breadcrumb"},"inLanguage":"az","potentialAction":[{"@type":"ReadAction","target":["https:\/\/www.meydan.tv\/az\/article\/azerkitabin-unvani-deyisir\/"]}]},{"@type":"ImageObject","inLanguage":"az","@id":"https:\/\/www.meydan.tv\/az\/article\/azerkitabin-unvani-deyisir\/#primaryimage","url":"https:\/\/www.meydan.tv\/wp-content\/uploads\/azerkitab.jpg","contentUrl":"https:\/\/www.meydan.tv\/wp-content\/uploads\/azerkitab.jpg","width":1254,"height":552,"caption":"Foto: Real tv"},{"@type":"BreadcrumbList","@id":"https:\/\/www.meydan.tv\/az\/article\/azerkitabin-unvani-deyisir\/#breadcrumb","itemListElement":[{"@type":"ListItem","position":1,"name":"Ana s\u0259hif\u0259","item":"https:\/\/www.meydan.tv\/az\/"},{"@type":"ListItem","position":2,"name":"M\u0259d\u0259niyy\u0259t","item":"https:\/\/www.meydan.tv\/az\/section\/medeniyyet\/"},{"@type":"ListItem","position":3,"name":"\u201cAz\u0259rkitab\u201d\u0131n \u00fcnvan\u0131 d\u0259yi\u015fir"}]},{"@type":"WebSite","@id":"https:\/\/www.meydan.tv\/az\/#website","url":"https:\/\/www.meydan.tv\/az\/","name":"MEYDAN.TV","description":"Meydan TV Az\u0259rbaycan\u0131n media m\u0259kan\u0131ndak\u0131 alternativ s\u0259sidir","publisher":{"@id":"https:\/\/www.meydan.tv\/az\/#organization"},"potentialAction":[{"@type":"SearchAction","target":{"@type":"EntryPoint","urlTemplate":"https:\/\/www.meydan.tv\/az\/?s={search_term_string}"},"query-input":{"@type":"PropertyValueSpecification","valueRequired":true,"valueName":"search_term_string"}}],"inLanguage":"az"},{"@type":"Organization","@id":"https:\/\/www.meydan.tv\/az\/#organization","name":"Meydan TV","url":"https:\/\/www.meydan.tv\/az\/","logo":{"@type":"ImageObject","inLanguage":"az","@id":"https:\/\/www.meydan.tv\/az\/#\/schema\/logo\/image\/","url":"https:\/\/www.meydan.tv\/wp-content\/uploads\/2021\/07\/meydan-logo.svg","contentUrl":"https:\/\/www.meydan.tv\/wp-content\/uploads\/2021\/07\/meydan-logo.svg","width":195,"height":46,"caption":"Meydan TV"},"image":{"@id":"https:\/\/www.meydan.tv\/az\/#\/schema\/logo\/image\/"}},{"@type":"Person","@id":"https:\/\/www.meydan.tv\/az\/#\/schema\/person\/9cdbecf90d17180ce1dfbd95b08dcf47","name":"elli","sameAs":["https:\/\/x.com\/elli"]}]}},"_links":{"self":[{"href":"https:\/\/www.meydan.tv\/az\/wp-json\/wp\/v2\/posts\/237191","targetHints":{"allow":["GET"]}}],"collection":[{"href":"https:\/\/www.meydan.tv\/az\/wp-json\/wp\/v2\/posts"}],"about":[{"href":"https:\/\/www.meydan.tv\/az\/wp-json\/wp\/v2\/types\/post"}],"author":[{"embeddable":true,"href":"https:\/\/www.meydan.tv\/az\/wp-json\/wp\/v2\/users\/8"}],"replies":[{"embeddable":true,"href":"https:\/\/www.meydan.tv\/az\/wp-json\/wp\/v2\/comments?post=237191"}],"version-history":[{"count":2,"href":"https:\/\/www.meydan.tv\/az\/wp-json\/wp\/v2\/posts\/237191\/revisions"}],"predecessor-version":[{"id":237205,"href":"https:\/\/www.meydan.tv\/az\/wp-json\/wp\/v2\/posts\/237191\/revisions\/237205"}],"wp:featuredmedia":[{"embeddable":true,"href":"https:\/\/www.meydan.tv\/az\/wp-json\/wp\/v2\/media\/237188"}],"wp:attachment":[{"href":"https:\/\/www.meydan.tv\/az\/wp-json\/wp\/v2\/media?parent=237191"}],"wp:term":[{"taxonomy":"category","embeddable":true,"href":"https:\/\/www.meydan.tv\/az\/wp-json\/wp\/v2\/categories?post=237191"},{"taxonomy":"post_tag","embeddable":true,"href":"https:\/\/www.meydan.tv\/az\/wp-json\/wp\/v2\/tags?post=237191"}],"curies":[{"name":"wp","href":"https:\/\/api.w.org\/{rel}","templated":true}]}}