{"id":237157,"date":"2022-03-04T17:11:12","date_gmt":"2022-03-04T13:11:12","guid":{"rendered":"https:\/\/www.meydan.tv\/?p=237157"},"modified":"2022-03-04T17:11:13","modified_gmt":"2022-03-04T13:11:13","slug":"azerbaycanfilme-yeni-direktor-teyin-olunub","status":"publish","type":"post","link":"https:\/\/www.meydan.tv\/az\/article\/azerbaycanfilme-yeni-direktor-teyin-olunub\/","title":{"rendered":"\u201cAz\u0259rbaycanfilm\u201d\u0259 yeni direktor t\u0259yin olunub"},"content":{"rendered":"\n<p><em>Kinostudiyaya rejissor Nazim H\u00fcseynov r\u0259hb\u0259rlik ed\u0259c\u0259k<\/em><\/p>\n\n\n\n<p>C\u0259f\u0259r Cabbarl\u0131 ad\u0131na \u201cAz\u0259rbaycanfilm\u201d kinostudiyas\u0131na yeni direktor t\u0259yin olunub.<\/p>\n\n\n\n<p>M\u0259d\u0259niyy\u0259t naziri Anar K\u0259rimovun \u0259mri il\u0259 v\u0259zif\u0259y\u0259 Nazim H\u00fcseynov g\u0259tirilib.<\/p>\n\n\n\n<p>Bundan \u00f6nc\u0259 kinostudiyaya rejissor Fariz \u018fhm\u0259dov r\u0259hb\u0259rlik edib.<\/p>\n\n\n\n<p>O, \u201cFacebook\u201d s\u0259hif\u0259sind\u0259 \u00f6z \u0259riz\u0259si il\u0259 i\u015fd\u0259n ayr\u0131ld\u0131\u011f\u0131n\u0131 <a href=\"https:\/\/www.facebook.com\/story.php?story_fbid=10222385890821537&amp;id=1395950867\" target=\"_blank\" rel=\"noreferrer noopener\">yaz\u0131b<\/a>.<\/p>\n\n\n\n<p>\u201cBu v\u0259zif\u0259d\u0259 \u00e7al\u0131\u015fd\u0131\u011f\u0131m 17 ay \u0259rzind\u0259 m\u00fcxt\u0259lif layih\u0259l\u0259r h\u0259yata ke\u00e7irdik, q\u0131sametrajl\u0131 b\u0259dii, s\u0259n\u0259dli, tammetrajl\u0131 filml\u0259r, b\u0259dii v\u0259 s\u0259n\u0259dli seriallar \u0259rs\u0259y\u0259 g\u0259tirdik. Bir \u00e7ox kino m\u00fct\u0259x\u0259ssisi il\u0259 birlikd\u0259 i\u015fl\u0259dik. M\u0259n yen\u0259 d\u0259 audiovizual layih\u0259l\u0259rin istehsal\u0131 sah\u0259sind\u0259 olan f\u0259aliyy\u0259timi davam etdir\u0259c\u0259y\u0259m. Yeni i\u015fl\u0259rd\u0259, yeni layih\u0259l\u0259rd\u0259 yen\u0259 d\u0259 birlikd\u0259 olaca\u011f\u0131q. Yen\u0259 d\u0259 Az\u0259rbaycan kinosuna xidm\u0259t etm\u0259y\u0259 davam ed\u0259c\u0259yik\u201d, &#8211; Fariz \u018fhm\u0259dov qeyd edib.<\/p>\n\n\n\n<div class=\"wp-block-image\"><figure class=\"alignright size-full is-resized\"><img decoding=\"async\" data-src=\"https:\/\/www.meydan.tv\/wp-content\/uploads\/untitled-design-8-1.jpg\" alt=\"\" class=\"wp-image-237154 lazyload\" width=\"391\" height=\"261\" src=\"data:image\/svg+xml;base64,PHN2ZyB3aWR0aD0iMSIgaGVpZ2h0PSIxIiB4bWxucz0iaHR0cDovL3d3dy53My5vcmcvMjAwMC9zdmciPjwvc3ZnPg==\" style=\"--smush-placeholder-width: 391px; --smush-placeholder-aspect-ratio: 391\/261;\" \/><figcaption>Nazim H\u00fcseynov. Foto: https:\/\/news24.az\/<\/figcaption><\/figure><\/div>\n\n\n\n<p>Fariz \u018fhm\u0259dov 2020-ci ild\u0259 kinostudiyaya direktor t\u0259yin olunmu\u015fdu.<\/p>\n\n\n\n<p>Yeni direktor Nazim H\u00fcseynov daha \u00f6nc\u0259, 2020-ci ild\u0259 \u201cAz\u0259rbaycanfilm\u201d kinostudiyas\u0131nda direktor v\u0259zif\u0259sini icra edib.<\/p>\n\n\n\n<p>O, \u201c215 KL\u201d M\u00fcst\u0259qil televiziya \u015firk\u0259tind\u0259 maliyy\u0259 direktoru (1992-1997, 1999-2010), \u201cSpace\u201d Teleradio \u015eirk\u0259tind\u0259 reklam v\u0259 kommersiya departamentinin direktoru (1997-1999), \u201cSalnam\u0259\u201d S\u0259n\u0259dli Filml\u0259r studiyas\u0131n\u0131n direktor m\u00fcavini olaraq \u00e7al\u0131\u015f\u0131b.<\/p>\n\n\n\n<p>II Bak\u0131 Beyn\u0259lxalq \u0130dman Filml\u0259ri Festival\u0131n\u0131n, Bak\u0131 Beyn\u0259lxalq Turizm Filml\u0259ri Festival\u0131n\u0131n icra\u00e7\u0131 direktoru olub.<\/p>\n\n\n\n<p>2013-c\u00fc ild\u0259n \u201cSalnam\u0259film\u201d studiyas\u0131n\u0131n direktorudur. Bir ne\u00e7\u0259 b\u0259dii, 60-dan \u00e7ox s\u0259n\u0259dli filmin prod\u00fcseridir.<\/p>\n","protected":false},"excerpt":{"rendered":"<p>Kinostudiyaya rejissor Nazim H\u00fcseynov r\u0259hb\u0259rlik ed\u0259c\u0259k C\u0259f\u0259r Cabbarl\u0131 ad\u0131na \u201cAz\u0259rbaycanfilm\u201d &#8230; <\/p>\n<p class=\"read-more-container\"><a title=\"\u201cAz\u0259rbaycanfilm\u201d\u0259 yeni direktor t\u0259yin olunub\" class=\"read-more button\" href=\"https:\/\/www.meydan.tv\/az\/article\/azerbaycanfilme-yeni-direktor-teyin-olunub\/#more-237157\" aria-label=\"Read more about \u201cAz\u0259rbaycanfilm\u201d\u0259 yeni direktor t\u0259yin olunub\">Davam\u0131<\/a><\/p>\n","protected":false},"author":8,"featured_media":237160,"comment_status":"closed","ping_status":"closed","sticky":false,"template":"","format":"standard","meta":{"_acf_changed":false,"_sitemap_exclude":false,"_sitemap_priority":"","_sitemap_frequency":"","footnotes":""},"categories":[52,56],"tags":[],"class_list":["post-237157","post","type-post","status-publish","format-standard","has-post-thumbnail","hentry","category-medeniyyet","category-xeberler","infinite-scroll-item","generate-columns","tablet-grid-50","mobile-grid-100","grid-parent","grid-33","no-featured-image-padding"],"acf":[],"yoast_head":"<!-- This site is optimized with the Yoast SEO plugin v27.4 - https:\/\/yoast.com\/product\/yoast-seo-wordpress\/ -->\n<title>\u201cAz\u0259rbaycanfilm\u201d\u0259 yeni direktor t\u0259yin olunub - MEYDAN.TV<\/title>\n<meta name=\"robots\" content=\"index, follow, max-snippet:-1, max-image-preview:large, max-video-preview:-1\" \/>\n<link rel=\"canonical\" href=\"https:\/\/www.meydan.tv\/az\/article\/azerbaycanfilme-yeni-direktor-teyin-olunub\/\" \/>\n<meta property=\"og:locale\" content=\"az_AZ\" \/>\n<meta property=\"og:type\" content=\"article\" \/>\n<meta property=\"og:title\" content=\"\u201cAz\u0259rbaycanfilm\u201d\u0259 yeni direktor t\u0259yin olunub - MEYDAN.TV\" \/>\n<meta property=\"og:description\" content=\"Kinostudiyaya rejissor Nazim H\u00fcseynov r\u0259hb\u0259rlik ed\u0259c\u0259k C\u0259f\u0259r Cabbarl\u0131 ad\u0131na \u201cAz\u0259rbaycanfilm\u201d ... Davam\u0131\" \/>\n<meta property=\"og:url\" content=\"https:\/\/www.meydan.tv\/az\/article\/azerbaycanfilme-yeni-direktor-teyin-olunub\/\" \/>\n<meta property=\"og:site_name\" content=\"MEYDAN.TV\" \/>\n<meta property=\"article:published_time\" content=\"2022-03-04T13:11:12+00:00\" \/>\n<meta property=\"article:modified_time\" content=\"2022-03-04T13:11:13+00:00\" \/>\n<meta property=\"og:image\" content=\"https:\/\/www.meydan.tv\/wp-content\/uploads\/8777-720x540-1.jpg\" \/>\n\t<meta property=\"og:image:width\" content=\"1200\" \/>\n\t<meta property=\"og:image:height\" content=\"900\" \/>\n\t<meta property=\"og:image:type\" content=\"image\/jpeg\" \/>\n<meta name=\"author\" content=\"elli\" \/>\n<meta name=\"twitter:card\" content=\"summary_large_image\" \/>\n<meta name=\"twitter:creator\" content=\"@elli\" \/>\n<script type=\"application\/ld+json\" class=\"yoast-schema-graph\">{\"@context\":\"https:\\\/\\\/schema.org\",\"@graph\":[{\"@type\":\"Article\",\"@id\":\"https:\\\/\\\/www.meydan.tv\\\/az\\\/article\\\/azerbaycanfilme-yeni-direktor-teyin-olunub\\\/#article\",\"isPartOf\":{\"@id\":\"https:\\\/\\\/www.meydan.tv\\\/az\\\/article\\\/azerbaycanfilme-yeni-direktor-teyin-olunub\\\/\"},\"author\":{\"name\":\"elli\",\"@id\":\"https:\\\/\\\/www.meydan.tv\\\/az\\\/#\\\/schema\\\/person\\\/9cdbecf90d17180ce1dfbd95b08dcf47\"},\"headline\":\"\u201cAz\u0259rbaycanfilm\u201d\u0259 yeni direktor t\u0259yin olunub\",\"datePublished\":\"2022-03-04T13:11:12+00:00\",\"dateModified\":\"2022-03-04T13:11:13+00:00\",\"mainEntityOfPage\":{\"@id\":\"https:\\\/\\\/www.meydan.tv\\\/az\\\/article\\\/azerbaycanfilme-yeni-direktor-teyin-olunub\\\/\"},\"wordCount\":300,\"publisher\":{\"@id\":\"https:\\\/\\\/www.meydan.tv\\\/az\\\/#organization\"},\"image\":{\"@id\":\"https:\\\/\\\/www.meydan.tv\\\/az\\\/article\\\/azerbaycanfilme-yeni-direktor-teyin-olunub\\\/#primaryimage\"},\"thumbnailUrl\":\"https:\\\/\\\/www.meydan.tv\\\/wp-content\\\/uploads\\\/8777-720x540-1.jpg\",\"articleSection\":[\"M\u0259d\u0259niyy\u0259t\",\"X\u0259b\u0259rl\u0259r\"],\"inLanguage\":\"az\"},{\"@type\":\"WebPage\",\"@id\":\"https:\\\/\\\/www.meydan.tv\\\/az\\\/article\\\/azerbaycanfilme-yeni-direktor-teyin-olunub\\\/\",\"url\":\"https:\\\/\\\/www.meydan.tv\\\/az\\\/article\\\/azerbaycanfilme-yeni-direktor-teyin-olunub\\\/\",\"name\":\"\u201cAz\u0259rbaycanfilm\u201d\u0259 yeni direktor t\u0259yin olunub - MEYDAN.TV\",\"isPartOf\":{\"@id\":\"https:\\\/\\\/www.meydan.tv\\\/az\\\/#website\"},\"primaryImageOfPage\":{\"@id\":\"https:\\\/\\\/www.meydan.tv\\\/az\\\/article\\\/azerbaycanfilme-yeni-direktor-teyin-olunub\\\/#primaryimage\"},\"image\":{\"@id\":\"https:\\\/\\\/www.meydan.tv\\\/az\\\/article\\\/azerbaycanfilme-yeni-direktor-teyin-olunub\\\/#primaryimage\"},\"thumbnailUrl\":\"https:\\\/\\\/www.meydan.tv\\\/wp-content\\\/uploads\\\/8777-720x540-1.jpg\",\"datePublished\":\"2022-03-04T13:11:12+00:00\",\"dateModified\":\"2022-03-04T13:11:13+00:00\",\"breadcrumb\":{\"@id\":\"https:\\\/\\\/www.meydan.tv\\\/az\\\/article\\\/azerbaycanfilme-yeni-direktor-teyin-olunub\\\/#breadcrumb\"},\"inLanguage\":\"az\",\"potentialAction\":[{\"@type\":\"ReadAction\",\"target\":[\"https:\\\/\\\/www.meydan.tv\\\/az\\\/article\\\/azerbaycanfilme-yeni-direktor-teyin-olunub\\\/\"]}]},{\"@type\":\"ImageObject\",\"inLanguage\":\"az\",\"@id\":\"https:\\\/\\\/www.meydan.tv\\\/az\\\/article\\\/azerbaycanfilme-yeni-direktor-teyin-olunub\\\/#primaryimage\",\"url\":\"https:\\\/\\\/www.meydan.tv\\\/wp-content\\\/uploads\\\/8777-720x540-1.jpg\",\"contentUrl\":\"https:\\\/\\\/www.meydan.tv\\\/wp-content\\\/uploads\\\/8777-720x540-1.jpg\",\"width\":1200,\"height\":900,\"caption\":\"C\u0259f\u0259r Cabbarl\u0131 ad\u0131na \u201cAz\u0259rbaycanfilm\u201d kinostudiyas\u0131. Foto: https:\\\/\\\/aki.az\\\/\"},{\"@type\":\"BreadcrumbList\",\"@id\":\"https:\\\/\\\/www.meydan.tv\\\/az\\\/article\\\/azerbaycanfilme-yeni-direktor-teyin-olunub\\\/#breadcrumb\",\"itemListElement\":[{\"@type\":\"ListItem\",\"position\":1,\"name\":\"Ana s\u0259hif\u0259\",\"item\":\"https:\\\/\\\/www.meydan.tv\\\/az\\\/\"},{\"@type\":\"ListItem\",\"position\":2,\"name\":\"M\u0259d\u0259niyy\u0259t\",\"item\":\"https:\\\/\\\/www.meydan.tv\\\/az\\\/section\\\/medeniyyet\\\/\"},{\"@type\":\"ListItem\",\"position\":3,\"name\":\"\u201cAz\u0259rbaycanfilm\u201d\u0259 yeni direktor t\u0259yin olunub\"}]},{\"@type\":\"WebSite\",\"@id\":\"https:\\\/\\\/www.meydan.tv\\\/az\\\/#website\",\"url\":\"https:\\\/\\\/www.meydan.tv\\\/az\\\/\",\"name\":\"MEYDAN.TV\",\"description\":\"Meydan TV Az\u0259rbaycan\u0131n media m\u0259kan\u0131ndak\u0131 alternativ s\u0259sidir\",\"publisher\":{\"@id\":\"https:\\\/\\\/www.meydan.tv\\\/az\\\/#organization\"},\"potentialAction\":[{\"@type\":\"SearchAction\",\"target\":{\"@type\":\"EntryPoint\",\"urlTemplate\":\"https:\\\/\\\/www.meydan.tv\\\/az\\\/?s={search_term_string}\"},\"query-input\":{\"@type\":\"PropertyValueSpecification\",\"valueRequired\":true,\"valueName\":\"search_term_string\"}}],\"inLanguage\":\"az\"},{\"@type\":\"Organization\",\"@id\":\"https:\\\/\\\/www.meydan.tv\\\/az\\\/#organization\",\"name\":\"Meydan TV\",\"url\":\"https:\\\/\\\/www.meydan.tv\\\/az\\\/\",\"logo\":{\"@type\":\"ImageObject\",\"inLanguage\":\"az\",\"@id\":\"https:\\\/\\\/www.meydan.tv\\\/az\\\/#\\\/schema\\\/logo\\\/image\\\/\",\"url\":\"https:\\\/\\\/www.meydan.tv\\\/wp-content\\\/uploads\\\/2021\\\/07\\\/meydan-logo.svg\",\"contentUrl\":\"https:\\\/\\\/www.meydan.tv\\\/wp-content\\\/uploads\\\/2021\\\/07\\\/meydan-logo.svg\",\"width\":195,\"height\":46,\"caption\":\"Meydan TV\"},\"image\":{\"@id\":\"https:\\\/\\\/www.meydan.tv\\\/az\\\/#\\\/schema\\\/logo\\\/image\\\/\"}},{\"@type\":\"Person\",\"@id\":\"https:\\\/\\\/www.meydan.tv\\\/az\\\/#\\\/schema\\\/person\\\/9cdbecf90d17180ce1dfbd95b08dcf47\",\"name\":\"elli\",\"sameAs\":[\"https:\\\/\\\/x.com\\\/elli\"]}]}<\/script>\n<!-- \/ Yoast SEO plugin. -->","yoast_head_json":{"title":"\u201cAz\u0259rbaycanfilm\u201d\u0259 yeni direktor t\u0259yin olunub - MEYDAN.TV","robots":{"index":"index","follow":"follow","max-snippet":"max-snippet:-1","max-image-preview":"max-image-preview:large","max-video-preview":"max-video-preview:-1"},"canonical":"https:\/\/www.meydan.tv\/az\/article\/azerbaycanfilme-yeni-direktor-teyin-olunub\/","og_locale":"az_AZ","og_type":"article","og_title":"\u201cAz\u0259rbaycanfilm\u201d\u0259 yeni direktor t\u0259yin olunub - MEYDAN.TV","og_description":"Kinostudiyaya rejissor Nazim H\u00fcseynov r\u0259hb\u0259rlik ed\u0259c\u0259k C\u0259f\u0259r Cabbarl\u0131 ad\u0131na \u201cAz\u0259rbaycanfilm\u201d ... Davam\u0131","og_url":"https:\/\/www.meydan.tv\/az\/article\/azerbaycanfilme-yeni-direktor-teyin-olunub\/","og_site_name":"MEYDAN.TV","article_published_time":"2022-03-04T13:11:12+00:00","article_modified_time":"2022-03-04T13:11:13+00:00","og_image":[{"width":1200,"height":900,"url":"https:\/\/www.meydan.tv\/wp-content\/uploads\/8777-720x540-1.jpg","type":"image\/jpeg"}],"author":"elli","twitter_card":"summary_large_image","twitter_creator":"@elli","schema":{"@context":"https:\/\/schema.org","@graph":[{"@type":"Article","@id":"https:\/\/www.meydan.tv\/az\/article\/azerbaycanfilme-yeni-direktor-teyin-olunub\/#article","isPartOf":{"@id":"https:\/\/www.meydan.tv\/az\/article\/azerbaycanfilme-yeni-direktor-teyin-olunub\/"},"author":{"name":"elli","@id":"https:\/\/www.meydan.tv\/az\/#\/schema\/person\/9cdbecf90d17180ce1dfbd95b08dcf47"},"headline":"\u201cAz\u0259rbaycanfilm\u201d\u0259 yeni direktor t\u0259yin olunub","datePublished":"2022-03-04T13:11:12+00:00","dateModified":"2022-03-04T13:11:13+00:00","mainEntityOfPage":{"@id":"https:\/\/www.meydan.tv\/az\/article\/azerbaycanfilme-yeni-direktor-teyin-olunub\/"},"wordCount":300,"publisher":{"@id":"https:\/\/www.meydan.tv\/az\/#organization"},"image":{"@id":"https:\/\/www.meydan.tv\/az\/article\/azerbaycanfilme-yeni-direktor-teyin-olunub\/#primaryimage"},"thumbnailUrl":"https:\/\/www.meydan.tv\/wp-content\/uploads\/8777-720x540-1.jpg","articleSection":["M\u0259d\u0259niyy\u0259t","X\u0259b\u0259rl\u0259r"],"inLanguage":"az"},{"@type":"WebPage","@id":"https:\/\/www.meydan.tv\/az\/article\/azerbaycanfilme-yeni-direktor-teyin-olunub\/","url":"https:\/\/www.meydan.tv\/az\/article\/azerbaycanfilme-yeni-direktor-teyin-olunub\/","name":"\u201cAz\u0259rbaycanfilm\u201d\u0259 yeni direktor t\u0259yin olunub - MEYDAN.TV","isPartOf":{"@id":"https:\/\/www.meydan.tv\/az\/#website"},"primaryImageOfPage":{"@id":"https:\/\/www.meydan.tv\/az\/article\/azerbaycanfilme-yeni-direktor-teyin-olunub\/#primaryimage"},"image":{"@id":"https:\/\/www.meydan.tv\/az\/article\/azerbaycanfilme-yeni-direktor-teyin-olunub\/#primaryimage"},"thumbnailUrl":"https:\/\/www.meydan.tv\/wp-content\/uploads\/8777-720x540-1.jpg","datePublished":"2022-03-04T13:11:12+00:00","dateModified":"2022-03-04T13:11:13+00:00","breadcrumb":{"@id":"https:\/\/www.meydan.tv\/az\/article\/azerbaycanfilme-yeni-direktor-teyin-olunub\/#breadcrumb"},"inLanguage":"az","potentialAction":[{"@type":"ReadAction","target":["https:\/\/www.meydan.tv\/az\/article\/azerbaycanfilme-yeni-direktor-teyin-olunub\/"]}]},{"@type":"ImageObject","inLanguage":"az","@id":"https:\/\/www.meydan.tv\/az\/article\/azerbaycanfilme-yeni-direktor-teyin-olunub\/#primaryimage","url":"https:\/\/www.meydan.tv\/wp-content\/uploads\/8777-720x540-1.jpg","contentUrl":"https:\/\/www.meydan.tv\/wp-content\/uploads\/8777-720x540-1.jpg","width":1200,"height":900,"caption":"C\u0259f\u0259r Cabbarl\u0131 ad\u0131na \u201cAz\u0259rbaycanfilm\u201d kinostudiyas\u0131. Foto: https:\/\/aki.az\/"},{"@type":"BreadcrumbList","@id":"https:\/\/www.meydan.tv\/az\/article\/azerbaycanfilme-yeni-direktor-teyin-olunub\/#breadcrumb","itemListElement":[{"@type":"ListItem","position":1,"name":"Ana s\u0259hif\u0259","item":"https:\/\/www.meydan.tv\/az\/"},{"@type":"ListItem","position":2,"name":"M\u0259d\u0259niyy\u0259t","item":"https:\/\/www.meydan.tv\/az\/section\/medeniyyet\/"},{"@type":"ListItem","position":3,"name":"\u201cAz\u0259rbaycanfilm\u201d\u0259 yeni direktor t\u0259yin olunub"}]},{"@type":"WebSite","@id":"https:\/\/www.meydan.tv\/az\/#website","url":"https:\/\/www.meydan.tv\/az\/","name":"MEYDAN.TV","description":"Meydan TV Az\u0259rbaycan\u0131n media m\u0259kan\u0131ndak\u0131 alternativ s\u0259sidir","publisher":{"@id":"https:\/\/www.meydan.tv\/az\/#organization"},"potentialAction":[{"@type":"SearchAction","target":{"@type":"EntryPoint","urlTemplate":"https:\/\/www.meydan.tv\/az\/?s={search_term_string}"},"query-input":{"@type":"PropertyValueSpecification","valueRequired":true,"valueName":"search_term_string"}}],"inLanguage":"az"},{"@type":"Organization","@id":"https:\/\/www.meydan.tv\/az\/#organization","name":"Meydan TV","url":"https:\/\/www.meydan.tv\/az\/","logo":{"@type":"ImageObject","inLanguage":"az","@id":"https:\/\/www.meydan.tv\/az\/#\/schema\/logo\/image\/","url":"https:\/\/www.meydan.tv\/wp-content\/uploads\/2021\/07\/meydan-logo.svg","contentUrl":"https:\/\/www.meydan.tv\/wp-content\/uploads\/2021\/07\/meydan-logo.svg","width":195,"height":46,"caption":"Meydan TV"},"image":{"@id":"https:\/\/www.meydan.tv\/az\/#\/schema\/logo\/image\/"}},{"@type":"Person","@id":"https:\/\/www.meydan.tv\/az\/#\/schema\/person\/9cdbecf90d17180ce1dfbd95b08dcf47","name":"elli","sameAs":["https:\/\/x.com\/elli"]}]}},"_links":{"self":[{"href":"https:\/\/www.meydan.tv\/az\/wp-json\/wp\/v2\/posts\/237157","targetHints":{"allow":["GET"]}}],"collection":[{"href":"https:\/\/www.meydan.tv\/az\/wp-json\/wp\/v2\/posts"}],"about":[{"href":"https:\/\/www.meydan.tv\/az\/wp-json\/wp\/v2\/types\/post"}],"author":[{"embeddable":true,"href":"https:\/\/www.meydan.tv\/az\/wp-json\/wp\/v2\/users\/8"}],"replies":[{"embeddable":true,"href":"https:\/\/www.meydan.tv\/az\/wp-json\/wp\/v2\/comments?post=237157"}],"version-history":[{"count":5,"href":"https:\/\/www.meydan.tv\/az\/wp-json\/wp\/v2\/posts\/237157\/revisions"}],"predecessor-version":[{"id":237170,"href":"https:\/\/www.meydan.tv\/az\/wp-json\/wp\/v2\/posts\/237157\/revisions\/237170"}],"wp:featuredmedia":[{"embeddable":true,"href":"https:\/\/www.meydan.tv\/az\/wp-json\/wp\/v2\/media\/237160"}],"wp:attachment":[{"href":"https:\/\/www.meydan.tv\/az\/wp-json\/wp\/v2\/media?parent=237157"}],"wp:term":[{"taxonomy":"category","embeddable":true,"href":"https:\/\/www.meydan.tv\/az\/wp-json\/wp\/v2\/categories?post=237157"},{"taxonomy":"post_tag","embeddable":true,"href":"https:\/\/www.meydan.tv\/az\/wp-json\/wp\/v2\/tags?post=237157"}],"curies":[{"name":"wp","href":"https:\/\/api.w.org\/{rel}","templated":true}]}}