{"id":237079,"date":"2022-03-04T13:47:02","date_gmt":"2022-03-04T09:47:02","guid":{"rendered":"https:\/\/www.meydan.tv\/?p=237079"},"modified":"2022-03-04T17:34:45","modified_gmt":"2022-03-04T13:34:45","slug":"ukraynada-nuve-felaketi-gozlenilirmi-maqate-den-aciqlama","status":"publish","type":"post","link":"https:\/\/www.meydan.tv\/az\/article\/ukraynada-nuve-felaketi-gozlenilirmi-maqate-den-aciqlama\/","title":{"rendered":"Ukraynada &#8220;n\u00fcv\u0259 f\u0259lak\u0259ti&#8221; g\u00f6zl\u0259nilirmi? &#8211; MAQATE-d\u0259n a\u00e7\u0131qlama"},"content":{"rendered":"\n<figure class=\"wp-block-embed is-type-video is-provider-youtube wp-block-embed-youtube wp-embed-aspect-16-9 wp-has-aspect-ratio\"><div class=\"wp-block-embed__wrapper\">\n<iframe title=\"Rusiya ordusu Zoporojye AES-i z\u0259bt etdi\" width=\"1200\" height=\"675\" data-src=\"https:\/\/www.youtube.com\/embed\/SGfqs1VqcXk?feature=oembed\" frameborder=\"0\" allow=\"accelerometer; autoplay; clipboard-write; encrypted-media; gyroscope; picture-in-picture\" allowfullscreen src=\"data:image\/svg+xml;base64,PHN2ZyB3aWR0aD0iMSIgaGVpZ2h0PSIxIiB4bWxucz0iaHR0cDovL3d3dy53My5vcmcvMjAwMC9zdmciPjwvc3ZnPg==\" class=\"lazyload\" data-load-mode=\"1\"><\/iframe>\n<\/div><\/figure>\n\n\n\n<!--more-->\n\n\n\n<p><em>&#8220;Yan\u011f\u0131nlar AES-d\u0259 radiasiya s\u0259viyy\u0259sin\u0259 t\u0259sir etm\u0259yib&#8221;<\/em><\/p>\n\n\n\n<p>Ukraynan\u0131n Zaparojya \u015f\u0259h\u0259rind\u0259ki n\u00fcv\u0259 stansiyas\u0131n\u0131n bir ne\u00e7\u0259 kilometrliyind\u0259 yerl\u0259\u015f\u0259n n\u0259zar\u0259t m\u0259nt\u0259q\u0259sinin at\u0259\u015f\u0259 tutulmas\u0131 Atom Elektrik Stansiyas\u0131nda (AES) radiasiya s\u0259viyy\u0259sin\u0259 t\u0259sir etm\u0259yib.<\/p>\n\n\n\n<p>Beyn\u0259lxalq Atom Enerjisi Agentliyi (MAQATE) a\u00e7\u0131qlamas\u0131nda bel\u0259 <a href=\"http:\/\/Beyn\u0259lxalq Atom Enerjisi Agentliyi (MAQATE) a\u00e7\u0131qlamas\u0131nda bel\u0259 deyir. (https:\/\/www.theguardian.com\/world\/live\/2022\/mar\/04\/ukraine-news-russia-war-vladimir-putin-zelenskiy-kyiv-latest-live-updates-russian-invasion-nuclear-power-plant)\" target=\"_blank\" rel=\"noreferrer noopener\">deyir<\/a>. <\/p>\n\n\n\n<p>Bildirilir ki, Zaporojya AES-in \u0259sas avadanl\u0131qlar\u0131 \u0259vv\u0259lki yan\u011f\u0131ndan t\u0259sirl\u0259nm\u0259yib, radiasiya s\u0259viyy\u0259sind\u0259 he\u00e7 bir d\u0259yi\u015fiklik olmay\u0131b: \u201c\u018frazid\u0259 ba\u015f ver\u0259n yan\u011f\u0131n \u201cvacib\u201d avadanl\u0131qlara t\u0259sir g\u00f6st\u0259rm\u0259yib v\u0259 zavodun i\u015f\u00e7i hey\u0259ti yum\u015fald\u0131c\u0131 t\u0259dbirl\u0259r g\u00f6r\u00fcr. Zavodda radiasiya s\u0259viyy\u0259sind\u0259 he\u00e7 bir d\u0259yi\u015fiklik qeyd\u0259 al\u0131nmay\u0131b\u201d.<\/p>\n\n\n\n<p>AB\u015e-\u0131n energetika naziri Cennifer Qranholm daha \u0259vv\u0259l Ukraynan\u0131n energetika naziri Herman Qalu\u015fenko il\u0259 dan\u0131\u015fd\u0131\u011f\u0131n\u0131 a\u00e7\u0131qlam\u0131\u015fd\u0131.<\/p>\n\n\n\n<p>Elektrik stansiyas\u0131ndak\u0131 reaktorlarla ba\u011fl\u0131 h\u0259l\u0259lik h\u0259r hans\u0131 ciddi problemin olmad\u0131\u011f\u0131n\u0131 bildirmi\u015fdi.<\/p>\n\n\n\n<p>Qranholm \u201cTwitter\u201d <a href=\"https:\/\/twitter.com\/SecGranholm\/status\/1499577621163626496?ref_src=twsrc%5Etfw%7Ctwcamp%5Etweetembed%7Ctwterm%5E1499577621163626496%7Ctwgr%5E%7Ctwcon%5Es1_&amp;ref_url=https%3A%2F%2Fwww.theguardian.com%2Fworld%2Flive%2F2022%2Fmar%2F04%2Fukraine-news-russia-war-vladimir-putin-zelenskiy-kyiv-latest-live-updates-russian-invasion-nuclear-power-plant\" target=\"_blank\" rel=\"noreferrer noopener\">payla\u015f\u0131m<\/a>\u0131nda bildirib ki, obyektin yax\u0131nl\u0131\u011f\u0131nda he\u00e7 bir y\u00fcks\u0259k radiasiya g\u00f6st\u0259ricisi g\u00f6rm\u0259yibl\u0259r:<br>\u201cStansiyan\u0131n reaktorlar\u0131 m\u00f6hk\u0259m m\u00fchafiz\u0259 konstruksiyalar\u0131 il\u0259 qorunur v\u0259 reaktorlar t\u0259hl\u00fck\u0259siz \u015f\u0259kild\u0259 ba\u011flan\u0131r\u201d.<\/p>\n\n\n\n<figure class=\"wp-block-image size-full is-resized\"><img decoding=\"async\" data-src=\"https:\/\/www.meydan.tv\/wp-content\/uploads\/shutterstock_5800303.jpg\" alt=\"\" class=\"wp-image-237080 lazyload\" width=\"802\" height=\"534\" src=\"data:image\/svg+xml;base64,PHN2ZyB3aWR0aD0iMSIgaGVpZ2h0PSIxIiB4bWxucz0iaHR0cDovL3d3dy53My5vcmcvMjAwMC9zdmciPjwvc3ZnPg==\" style=\"--smush-placeholder-width: 802px; --smush-placeholder-aspect-ratio: 802\/534;\" \/><figcaption>Beyn\u0259lxalq Atom Enerjisi Agentliyi (MAQATE). Foto: Tupungato\/shutterstock<\/figcaption><\/figure>\n\n\n\n<p>Ukraynan\u0131n n\u00fcv\u0259 agentliyi d\u0259 Zaporojya AES-d\u0259 yan\u011f\u0131ndan sonra s\u0131zma olmad\u0131\u011f\u0131n\u0131 bildirib, lakin r\u0259smil\u0259r Rusiya q\u00fcvv\u0259l\u0259rinin stansiyan\u0131 \u0259l\u0259 ke\u00e7irdiyini d\u0259 a\u00e7\u0131qlay\u0131b.<\/p>\n\n\n\n<p>Bu da BMT v\u0259 beyn\u0259lxalq atom enerji orqanlar\u0131n\u0131 t\u0259cili t\u0259dbirl\u0259r g\u00f6rm\u0259y\u0259 vadar edib.<\/p>\n\n\n\n<p>Britaniyan\u0131n Ba\u015f naziri Boris Consonun ofisi bildirib ki, o, v\u0259ziyy\u0259tin m\u00fczakir\u0259si \u00fc\u00e7\u00fcn BMT-nin T\u0259hl\u00fck\u0259sizlik \u015euras\u0131n\u0131n t\u0259cili iclas\u0131n\u0131n \u00e7a\u011fr\u0131lmas\u0131n\u0131 ist\u0259y\u0259c\u0259k.<\/p>\n\n\n\n<p>Zaporojyan\u0131n meri Dmitro Orlov Rusiya q\u00fcvv\u0259l\u0259rinin n\u00fcv\u0259 stansiyas\u0131n\u0131n bir ne\u00e7\u0259 kilometrliyind\u0259 yerl\u0259\u015f\u0259n n\u0259zar\u0259t m\u0259nt\u0259q\u0259sin\u0259 at\u0259\u015f a\u00e7d\u0131\u011f\u0131n\u0131, \u0259razinin az\u0131 bir saat at\u0259\u015f\u0259 tutuldu\u011funu bildirib.<\/p>\n\n\n\n<p>O, haz\u0131rda \u015f\u0259h\u0259rd\u0259 su v\u0259 elektrikin olmad\u0131\u011f\u0131n\u0131 s\u00f6yl\u0259yib.<\/p>\n\n\n\n<p>Zaporojyadak\u0131 Ukrayna administrasiyas\u0131 v\u0259 Kiyev Rusiya q\u00fcvv\u0259l\u0259rinin kompleks\u0259 girdiyini t\u0259sdiql\u0259yib.<\/p>\n\n\n\n<p>Cenevr\u0259 Konvensiyas\u0131 protokolu n\u00fcv\u0259 obyektl\u0259rin\u0259 h\u0259rbi h\u00fccumlar\u0131 m\u0259hdudla\u015fd\u0131r\u0131r.<\/p>\n\n\n\n<p>Bir ne\u00e7\u0259 g\u00fcn \u00f6nc\u0259 Ukraynan\u0131n daxili i\u015fl\u0259r nazirinin m\u00fcavini Anton Qera\u015fenko <a href=\"https:\/\/www.meydan.tv\/az\/article\/rusiya-ukrayna-muharibesi-yenilenir\/\" target=\"_blank\" rel=\"noreferrer noopener\">bildirmi\u015fdi<\/a> ki, Avropa \u201cn\u00fcv\u0259 f\u0259lak\u0259ti\u201dnin bir add\u0131ml\u0131\u011f\u0131ndad\u0131r.<\/p>\n\n\n\n<p>Nazir m\u00fcavini deyirdi ki, Avropan\u0131n \u0259n b\u00f6y\u00fck Atom Elektrik Stansiyas\u0131n\u0131n (AES) yerl\u0259\u015fdiyi \u015f\u0259h\u0259r t\u0259slim olmayacaq, d\u00f6y\u00fc\u015f\u0259c\u0259k: \u201cHaz\u0131rda Atom Elektrik Stansiyas\u0131n\u0131 Ukrayna Milli Qvardiyas\u0131n\u0131n \u0259sg\u0259rl\u0259ri qoruyur. Onlar t\u0259slim olmayacaqlar, d\u00f6y\u00fc\u015f olacaq. M\u0259rmil\u0259r AES-in yax\u0131nl\u0131\u011f\u0131na d\u00fc\u015f\u0259 bil\u0259r\u201d.<\/p>\n\n\n\n<p>Anton Qera\u015fenko bildirib ki, d\u00fczd\u00fcr, m\u0259rmil\u0259r reaktorun beton qab\u0131\u011f\u0131n\u0131 yar\u0131b ke\u00e7\u0259 bilm\u0259z, lakin AES-in t\u0259hl\u00fck\u0259sizliyi \u00fc\u00e7\u00fcn z\u0259ruri olan transformatorlar\u0131, turbinl\u0259ri v\u0259 dig\u0259r avadanl\u0131qlar\u0131 z\u0259d\u0259l\u0259m\u0259si m\u00fcmk\u00fcnd\u00fcr: \u201cBu da q\u0259za ba\u015f verm\u0259k ehtimal\u0131 yarad\u0131r. N\u0259tic\u0259d\u0259, \u00c7ernob\u0131l Atom Elektrik Stansiyas\u0131 v\u0259 ya Fukusima AES-d\u0259 ba\u015f ver\u0259n f\u0259lak\u0259t t\u0259krarlana bil\u0259r\u201d.<\/p>\n\n\n\n<p>Nazir m\u00fcavini Rusiyan\u0131n generallar\u0131na s\u0259sl\u0259nib, bu \u015f\u0259h\u0259r\u0259 h\u00fccum etm\u0259k fikirl\u0259rini d\u0259yi\u015fm\u0259l\u0259rini s\u00f6yl\u0259yib: \u201cYeni \u00c7ernob\u0131l \u00fc\u00e7\u00fcn \u015f\u0259rait yaratmay\u0131n. Radiasiya mill\u0259t tan\u0131maz, ham\u0131ya t\u0259sirl\u0259ri olacaq. \u018fn yax\u015f\u0131s\u0131, Enerqodar v\u0259 Zaporojye AES t\u0259r\u0259fd\u0259n yan ke\u00e7in\u201d.<\/p>\n\n\n\n<p>Rusiya fevral\u0131n 24-d\u0259 Ukraynaya geni\u015fmiqyasl\u0131 h\u00fccuma ba\u015flay\u0131b.<\/p>\n\n\n\n<p>Ondan 2 g\u00fcn \u00f6nc\u0259 is\u0259 Rusiya Prezidenti Vladimir Putin a\u00e7\u0131qlama ver\u0259r\u0259k Ukraynan\u0131n \u015f\u0259rqind\u0259ki separat\u00e7\u0131 qurumlar\u0131 tan\u0131d\u0131\u011f\u0131n\u0131 b\u0259yan edib.<\/p>\n\n\n\n<p>Ukrayna, Q\u0259rb liderl\u0259ri h\u00fccumu pisl\u0259yib, Putinin buna g\u00f6r\u0259 cavab ver\u0259c\u0259yini bildiribl\u0259r.<\/p>\n\n\n\n<p>Bundan sonra Avropa Birliyi \u00f6lk\u0259l\u0259rind\u0259n, el\u0259c\u0259 d\u0259 AB\u015e-dan Rusiyaya qar\u015f\u0131 sanksiyalar g\u0259lm\u0259y\u0259 ba\u015flay\u0131b.<\/p>\n\n\n\n<p>Sanksiya t\u0259tbiq edil\u0259n 600-d\u0259n \u00e7ox \u015f\u0259xsin i\u00e7ind\u0259 oliqarxlar, y\u00fcks\u0259k r\u00fctb\u0259li h\u0259rb\u00e7il\u0259r, \u015firk\u0259t sahibl\u0259ri, biznesmenl\u0259rl\u0259 yana\u015f\u0131, Rusiya Prezidenti Vladimir Putin v\u0259 xarici i\u015fl\u0259r naziri Sergey Lavrov da var.<\/p>\n","protected":false},"excerpt":{"rendered":"","protected":false},"author":8,"featured_media":237069,"comment_status":"closed","ping_status":"closed","sticky":false,"template":"","format":"standard","meta":{"_acf_changed":false,"_sitemap_exclude":false,"_sitemap_priority":"","_sitemap_frequency":"","footnotes":""},"categories":[64,63,56],"tags":[],"class_list":["post-237079","post","type-post","status-publish","format-standard","has-post-thumbnail","hentry","category-dunya","category-video-2","category-xeberler","infinite-scroll-item","generate-columns","tablet-grid-50","mobile-grid-100","grid-parent","grid-33","no-featured-image-padding"],"acf":[],"yoast_head":"<!-- This site is optimized with the Yoast SEO plugin v27.5 - https:\/\/yoast.com\/product\/yoast-seo-wordpress\/ -->\n<title>Ukraynada &quot;n\u00fcv\u0259 f\u0259lak\u0259ti&quot; g\u00f6zl\u0259nilirmi? - MAQATE-d\u0259n a\u00e7\u0131qlama - MEYDAN.TV<\/title>\n<meta name=\"robots\" content=\"index, follow, max-snippet:-1, max-image-preview:large, max-video-preview:-1\" \/>\n<link rel=\"canonical\" href=\"https:\/\/www.meydan.tv\/az\/article\/ukraynada-nuve-felaketi-gozlenilirmi-maqate-den-aciqlama\/\" \/>\n<meta property=\"og:locale\" content=\"az_AZ\" \/>\n<meta property=\"og:type\" content=\"article\" \/>\n<meta property=\"og:title\" content=\"Ukraynada &quot;n\u00fcv\u0259 f\u0259lak\u0259ti&quot; g\u00f6zl\u0259nilirmi? - MAQATE-d\u0259n a\u00e7\u0131qlama - MEYDAN.TV\" \/>\n<meta property=\"og:url\" content=\"https:\/\/www.meydan.tv\/az\/article\/ukraynada-nuve-felaketi-gozlenilirmi-maqate-den-aciqlama\/\" \/>\n<meta property=\"og:site_name\" content=\"MEYDAN.TV\" \/>\n<meta property=\"article:published_time\" content=\"2022-03-04T09:47:02+00:00\" \/>\n<meta property=\"article:modified_time\" content=\"2022-03-04T13:34:45+00:00\" \/>\n<meta property=\"og:image\" content=\"https:\/\/www.meydan.tv\/wp-content\/uploads\/untitled-design-7-3.jpg\" \/>\n\t<meta property=\"og:image:width\" content=\"1200\" \/>\n\t<meta property=\"og:image:height\" content=\"800\" \/>\n\t<meta property=\"og:image:type\" content=\"image\/jpeg\" \/>\n<meta name=\"author\" content=\"elli\" \/>\n<meta name=\"twitter:card\" content=\"summary_large_image\" \/>\n<meta name=\"twitter:creator\" content=\"@elli\" \/>\n<script type=\"application\/ld+json\" class=\"yoast-schema-graph\">{\"@context\":\"https:\\\/\\\/schema.org\",\"@graph\":[{\"@type\":\"Article\",\"@id\":\"https:\\\/\\\/www.meydan.tv\\\/az\\\/article\\\/ukraynada-nuve-felaketi-gozlenilirmi-maqate-den-aciqlama\\\/#article\",\"isPartOf\":{\"@id\":\"https:\\\/\\\/www.meydan.tv\\\/az\\\/article\\\/ukraynada-nuve-felaketi-gozlenilirmi-maqate-den-aciqlama\\\/\"},\"author\":{\"name\":\"elli\",\"@id\":\"https:\\\/\\\/www.meydan.tv\\\/az\\\/#\\\/schema\\\/person\\\/9cdbecf90d17180ce1dfbd95b08dcf47\"},\"headline\":\"Ukraynada &#8220;n\u00fcv\u0259 f\u0259lak\u0259ti&#8221; g\u00f6zl\u0259nilirmi? &#8211; MAQATE-d\u0259n a\u00e7\u0131qlama\",\"datePublished\":\"2022-03-04T09:47:02+00:00\",\"dateModified\":\"2022-03-04T13:34:45+00:00\",\"mainEntityOfPage\":{\"@id\":\"https:\\\/\\\/www.meydan.tv\\\/az\\\/article\\\/ukraynada-nuve-felaketi-gozlenilirmi-maqate-den-aciqlama\\\/\"},\"wordCount\":771,\"publisher\":{\"@id\":\"https:\\\/\\\/www.meydan.tv\\\/az\\\/#organization\"},\"image\":{\"@id\":\"https:\\\/\\\/www.meydan.tv\\\/az\\\/article\\\/ukraynada-nuve-felaketi-gozlenilirmi-maqate-den-aciqlama\\\/#primaryimage\"},\"thumbnailUrl\":\"https:\\\/\\\/www.meydan.tv\\\/wp-content\\\/uploads\\\/untitled-design-7-3.jpg\",\"articleSection\":[\"D\u00fcnya\",\"Video\",\"X\u0259b\u0259rl\u0259r\"],\"inLanguage\":\"az\"},{\"@type\":\"WebPage\",\"@id\":\"https:\\\/\\\/www.meydan.tv\\\/az\\\/article\\\/ukraynada-nuve-felaketi-gozlenilirmi-maqate-den-aciqlama\\\/\",\"url\":\"https:\\\/\\\/www.meydan.tv\\\/az\\\/article\\\/ukraynada-nuve-felaketi-gozlenilirmi-maqate-den-aciqlama\\\/\",\"name\":\"Ukraynada \\\"n\u00fcv\u0259 f\u0259lak\u0259ti\\\" g\u00f6zl\u0259nilirmi? - MAQATE-d\u0259n a\u00e7\u0131qlama - MEYDAN.TV\",\"isPartOf\":{\"@id\":\"https:\\\/\\\/www.meydan.tv\\\/az\\\/#website\"},\"primaryImageOfPage\":{\"@id\":\"https:\\\/\\\/www.meydan.tv\\\/az\\\/article\\\/ukraynada-nuve-felaketi-gozlenilirmi-maqate-den-aciqlama\\\/#primaryimage\"},\"image\":{\"@id\":\"https:\\\/\\\/www.meydan.tv\\\/az\\\/article\\\/ukraynada-nuve-felaketi-gozlenilirmi-maqate-den-aciqlama\\\/#primaryimage\"},\"thumbnailUrl\":\"https:\\\/\\\/www.meydan.tv\\\/wp-content\\\/uploads\\\/untitled-design-7-3.jpg\",\"datePublished\":\"2022-03-04T09:47:02+00:00\",\"dateModified\":\"2022-03-04T13:34:45+00:00\",\"breadcrumb\":{\"@id\":\"https:\\\/\\\/www.meydan.tv\\\/az\\\/article\\\/ukraynada-nuve-felaketi-gozlenilirmi-maqate-den-aciqlama\\\/#breadcrumb\"},\"inLanguage\":\"az\",\"potentialAction\":[{\"@type\":\"ReadAction\",\"target\":[\"https:\\\/\\\/www.meydan.tv\\\/az\\\/article\\\/ukraynada-nuve-felaketi-gozlenilirmi-maqate-den-aciqlama\\\/\"]}]},{\"@type\":\"ImageObject\",\"inLanguage\":\"az\",\"@id\":\"https:\\\/\\\/www.meydan.tv\\\/az\\\/article\\\/ukraynada-nuve-felaketi-gozlenilirmi-maqate-den-aciqlama\\\/#primaryimage\",\"url\":\"https:\\\/\\\/www.meydan.tv\\\/wp-content\\\/uploads\\\/untitled-design-7-3.jpg\",\"contentUrl\":\"https:\\\/\\\/www.meydan.tv\\\/wp-content\\\/uploads\\\/untitled-design-7-3.jpg\",\"width\":1200,\"height\":800,\"caption\":\"Foto: Reuters\"},{\"@type\":\"BreadcrumbList\",\"@id\":\"https:\\\/\\\/www.meydan.tv\\\/az\\\/article\\\/ukraynada-nuve-felaketi-gozlenilirmi-maqate-den-aciqlama\\\/#breadcrumb\",\"itemListElement\":[{\"@type\":\"ListItem\",\"position\":1,\"name\":\"Ana s\u0259hif\u0259\",\"item\":\"https:\\\/\\\/www.meydan.tv\\\/az\\\/\"},{\"@type\":\"ListItem\",\"position\":2,\"name\":\"D\u00fcnya\",\"item\":\"https:\\\/\\\/www.meydan.tv\\\/az\\\/section\\\/dunya\\\/\"},{\"@type\":\"ListItem\",\"position\":3,\"name\":\"Ukraynada &#8220;n\u00fcv\u0259 f\u0259lak\u0259ti&#8221; g\u00f6zl\u0259nilirmi? &#8211; MAQATE-d\u0259n a\u00e7\u0131qlama\"}]},{\"@type\":\"WebSite\",\"@id\":\"https:\\\/\\\/www.meydan.tv\\\/az\\\/#website\",\"url\":\"https:\\\/\\\/www.meydan.tv\\\/az\\\/\",\"name\":\"MEYDAN.TV\",\"description\":\"Meydan TV Az\u0259rbaycan\u0131n media m\u0259kan\u0131ndak\u0131 alternativ s\u0259sidir\",\"publisher\":{\"@id\":\"https:\\\/\\\/www.meydan.tv\\\/az\\\/#organization\"},\"potentialAction\":[{\"@type\":\"SearchAction\",\"target\":{\"@type\":\"EntryPoint\",\"urlTemplate\":\"https:\\\/\\\/www.meydan.tv\\\/az\\\/?s={search_term_string}\"},\"query-input\":{\"@type\":\"PropertyValueSpecification\",\"valueRequired\":true,\"valueName\":\"search_term_string\"}}],\"inLanguage\":\"az\"},{\"@type\":\"Organization\",\"@id\":\"https:\\\/\\\/www.meydan.tv\\\/az\\\/#organization\",\"name\":\"Meydan TV\",\"url\":\"https:\\\/\\\/www.meydan.tv\\\/az\\\/\",\"logo\":{\"@type\":\"ImageObject\",\"inLanguage\":\"az\",\"@id\":\"https:\\\/\\\/www.meydan.tv\\\/az\\\/#\\\/schema\\\/logo\\\/image\\\/\",\"url\":\"https:\\\/\\\/www.meydan.tv\\\/wp-content\\\/uploads\\\/2021\\\/07\\\/meydan-logo.svg\",\"contentUrl\":\"https:\\\/\\\/www.meydan.tv\\\/wp-content\\\/uploads\\\/2021\\\/07\\\/meydan-logo.svg\",\"width\":195,\"height\":46,\"caption\":\"Meydan TV\"},\"image\":{\"@id\":\"https:\\\/\\\/www.meydan.tv\\\/az\\\/#\\\/schema\\\/logo\\\/image\\\/\"}},{\"@type\":\"Person\",\"@id\":\"https:\\\/\\\/www.meydan.tv\\\/az\\\/#\\\/schema\\\/person\\\/9cdbecf90d17180ce1dfbd95b08dcf47\",\"name\":\"elli\",\"sameAs\":[\"https:\\\/\\\/x.com\\\/elli\"]}]}<\/script>\n<!-- \/ Yoast SEO plugin. -->","yoast_head_json":{"title":"Ukraynada \"n\u00fcv\u0259 f\u0259lak\u0259ti\" g\u00f6zl\u0259nilirmi? - MAQATE-d\u0259n a\u00e7\u0131qlama - MEYDAN.TV","robots":{"index":"index","follow":"follow","max-snippet":"max-snippet:-1","max-image-preview":"max-image-preview:large","max-video-preview":"max-video-preview:-1"},"canonical":"https:\/\/www.meydan.tv\/az\/article\/ukraynada-nuve-felaketi-gozlenilirmi-maqate-den-aciqlama\/","og_locale":"az_AZ","og_type":"article","og_title":"Ukraynada \"n\u00fcv\u0259 f\u0259lak\u0259ti\" g\u00f6zl\u0259nilirmi? - MAQATE-d\u0259n a\u00e7\u0131qlama - MEYDAN.TV","og_url":"https:\/\/www.meydan.tv\/az\/article\/ukraynada-nuve-felaketi-gozlenilirmi-maqate-den-aciqlama\/","og_site_name":"MEYDAN.TV","article_published_time":"2022-03-04T09:47:02+00:00","article_modified_time":"2022-03-04T13:34:45+00:00","og_image":[{"width":1200,"height":800,"url":"https:\/\/www.meydan.tv\/wp-content\/uploads\/untitled-design-7-3.jpg","type":"image\/jpeg"}],"author":"elli","twitter_card":"summary_large_image","twitter_creator":"@elli","schema":{"@context":"https:\/\/schema.org","@graph":[{"@type":"Article","@id":"https:\/\/www.meydan.tv\/az\/article\/ukraynada-nuve-felaketi-gozlenilirmi-maqate-den-aciqlama\/#article","isPartOf":{"@id":"https:\/\/www.meydan.tv\/az\/article\/ukraynada-nuve-felaketi-gozlenilirmi-maqate-den-aciqlama\/"},"author":{"name":"elli","@id":"https:\/\/www.meydan.tv\/az\/#\/schema\/person\/9cdbecf90d17180ce1dfbd95b08dcf47"},"headline":"Ukraynada &#8220;n\u00fcv\u0259 f\u0259lak\u0259ti&#8221; g\u00f6zl\u0259nilirmi? &#8211; MAQATE-d\u0259n a\u00e7\u0131qlama","datePublished":"2022-03-04T09:47:02+00:00","dateModified":"2022-03-04T13:34:45+00:00","mainEntityOfPage":{"@id":"https:\/\/www.meydan.tv\/az\/article\/ukraynada-nuve-felaketi-gozlenilirmi-maqate-den-aciqlama\/"},"wordCount":771,"publisher":{"@id":"https:\/\/www.meydan.tv\/az\/#organization"},"image":{"@id":"https:\/\/www.meydan.tv\/az\/article\/ukraynada-nuve-felaketi-gozlenilirmi-maqate-den-aciqlama\/#primaryimage"},"thumbnailUrl":"https:\/\/www.meydan.tv\/wp-content\/uploads\/untitled-design-7-3.jpg","articleSection":["D\u00fcnya","Video","X\u0259b\u0259rl\u0259r"],"inLanguage":"az"},{"@type":"WebPage","@id":"https:\/\/www.meydan.tv\/az\/article\/ukraynada-nuve-felaketi-gozlenilirmi-maqate-den-aciqlama\/","url":"https:\/\/www.meydan.tv\/az\/article\/ukraynada-nuve-felaketi-gozlenilirmi-maqate-den-aciqlama\/","name":"Ukraynada \"n\u00fcv\u0259 f\u0259lak\u0259ti\" g\u00f6zl\u0259nilirmi? - MAQATE-d\u0259n a\u00e7\u0131qlama - MEYDAN.TV","isPartOf":{"@id":"https:\/\/www.meydan.tv\/az\/#website"},"primaryImageOfPage":{"@id":"https:\/\/www.meydan.tv\/az\/article\/ukraynada-nuve-felaketi-gozlenilirmi-maqate-den-aciqlama\/#primaryimage"},"image":{"@id":"https:\/\/www.meydan.tv\/az\/article\/ukraynada-nuve-felaketi-gozlenilirmi-maqate-den-aciqlama\/#primaryimage"},"thumbnailUrl":"https:\/\/www.meydan.tv\/wp-content\/uploads\/untitled-design-7-3.jpg","datePublished":"2022-03-04T09:47:02+00:00","dateModified":"2022-03-04T13:34:45+00:00","breadcrumb":{"@id":"https:\/\/www.meydan.tv\/az\/article\/ukraynada-nuve-felaketi-gozlenilirmi-maqate-den-aciqlama\/#breadcrumb"},"inLanguage":"az","potentialAction":[{"@type":"ReadAction","target":["https:\/\/www.meydan.tv\/az\/article\/ukraynada-nuve-felaketi-gozlenilirmi-maqate-den-aciqlama\/"]}]},{"@type":"ImageObject","inLanguage":"az","@id":"https:\/\/www.meydan.tv\/az\/article\/ukraynada-nuve-felaketi-gozlenilirmi-maqate-den-aciqlama\/#primaryimage","url":"https:\/\/www.meydan.tv\/wp-content\/uploads\/untitled-design-7-3.jpg","contentUrl":"https:\/\/www.meydan.tv\/wp-content\/uploads\/untitled-design-7-3.jpg","width":1200,"height":800,"caption":"Foto: Reuters"},{"@type":"BreadcrumbList","@id":"https:\/\/www.meydan.tv\/az\/article\/ukraynada-nuve-felaketi-gozlenilirmi-maqate-den-aciqlama\/#breadcrumb","itemListElement":[{"@type":"ListItem","position":1,"name":"Ana s\u0259hif\u0259","item":"https:\/\/www.meydan.tv\/az\/"},{"@type":"ListItem","position":2,"name":"D\u00fcnya","item":"https:\/\/www.meydan.tv\/az\/section\/dunya\/"},{"@type":"ListItem","position":3,"name":"Ukraynada &#8220;n\u00fcv\u0259 f\u0259lak\u0259ti&#8221; g\u00f6zl\u0259nilirmi? &#8211; MAQATE-d\u0259n a\u00e7\u0131qlama"}]},{"@type":"WebSite","@id":"https:\/\/www.meydan.tv\/az\/#website","url":"https:\/\/www.meydan.tv\/az\/","name":"MEYDAN.TV","description":"Meydan TV Az\u0259rbaycan\u0131n media m\u0259kan\u0131ndak\u0131 alternativ s\u0259sidir","publisher":{"@id":"https:\/\/www.meydan.tv\/az\/#organization"},"potentialAction":[{"@type":"SearchAction","target":{"@type":"EntryPoint","urlTemplate":"https:\/\/www.meydan.tv\/az\/?s={search_term_string}"},"query-input":{"@type":"PropertyValueSpecification","valueRequired":true,"valueName":"search_term_string"}}],"inLanguage":"az"},{"@type":"Organization","@id":"https:\/\/www.meydan.tv\/az\/#organization","name":"Meydan TV","url":"https:\/\/www.meydan.tv\/az\/","logo":{"@type":"ImageObject","inLanguage":"az","@id":"https:\/\/www.meydan.tv\/az\/#\/schema\/logo\/image\/","url":"https:\/\/www.meydan.tv\/wp-content\/uploads\/2021\/07\/meydan-logo.svg","contentUrl":"https:\/\/www.meydan.tv\/wp-content\/uploads\/2021\/07\/meydan-logo.svg","width":195,"height":46,"caption":"Meydan TV"},"image":{"@id":"https:\/\/www.meydan.tv\/az\/#\/schema\/logo\/image\/"}},{"@type":"Person","@id":"https:\/\/www.meydan.tv\/az\/#\/schema\/person\/9cdbecf90d17180ce1dfbd95b08dcf47","name":"elli","sameAs":["https:\/\/x.com\/elli"]}]}},"_links":{"self":[{"href":"https:\/\/www.meydan.tv\/az\/wp-json\/wp\/v2\/posts\/237079","targetHints":{"allow":["GET"]}}],"collection":[{"href":"https:\/\/www.meydan.tv\/az\/wp-json\/wp\/v2\/posts"}],"about":[{"href":"https:\/\/www.meydan.tv\/az\/wp-json\/wp\/v2\/types\/post"}],"author":[{"embeddable":true,"href":"https:\/\/www.meydan.tv\/az\/wp-json\/wp\/v2\/users\/8"}],"replies":[{"embeddable":true,"href":"https:\/\/www.meydan.tv\/az\/wp-json\/wp\/v2\/comments?post=237079"}],"version-history":[{"count":3,"href":"https:\/\/www.meydan.tv\/az\/wp-json\/wp\/v2\/posts\/237079\/revisions"}],"predecessor-version":[{"id":237183,"href":"https:\/\/www.meydan.tv\/az\/wp-json\/wp\/v2\/posts\/237079\/revisions\/237183"}],"wp:featuredmedia":[{"embeddable":true,"href":"https:\/\/www.meydan.tv\/az\/wp-json\/wp\/v2\/media\/237069"}],"wp:attachment":[{"href":"https:\/\/www.meydan.tv\/az\/wp-json\/wp\/v2\/media?parent=237079"}],"wp:term":[{"taxonomy":"category","embeddable":true,"href":"https:\/\/www.meydan.tv\/az\/wp-json\/wp\/v2\/categories?post=237079"},{"taxonomy":"post_tag","embeddable":true,"href":"https:\/\/www.meydan.tv\/az\/wp-json\/wp\/v2\/tags?post=237079"}],"curies":[{"name":"wp","href":"https:\/\/api.w.org\/{rel}","templated":true}]}}