{"id":237051,"date":"2022-03-04T00:03:31","date_gmt":"2022-03-03T20:03:31","guid":{"rendered":"https:\/\/www.meydan.tv\/?p=237051"},"modified":"2022-03-04T00:03:33","modified_gmt":"2022-03-03T20:03:33","slug":"zelenski-getmek-istemirsen-otur-danisaq","status":"publish","type":"post","link":"https:\/\/www.meydan.tv\/az\/article\/zelenski-getmek-istemirsen-otur-danisaq\/","title":{"rendered":"Zelenski: \u201cGetm\u0259k ist\u0259mirs\u0259n, otur, dan\u0131\u015faq\u201d"},"content":{"rendered":"\n<p><em>\u201cD\u00fcnya Ukraynaya k\u00f6m\u0259k etm\u0259k \u00fc\u00e7\u00fcn \u00e7ox gecikdi\u201d<\/em><\/p>\n\n\n\n<p>&#8220;Biz \u00f6z\u00fcm\u00fcz\u00fc m\u00fcdafi\u0259 etm\u0259k ist\u0259yirik, onlar is\u0259 bizi darmada\u011f\u0131n etm\u0259k ist\u0259yir. T\u0259minat ver\u0259k? N\u0259y\u0259? Biz Rusiyaya h\u00fccum etmirik, etm\u0259y\u0259 d\u0259 haz\u0131rla\u015fm\u0131r\u0131q. N\u0259y\u0259 t\u0259minat ver\u0259k? Biz NATO-day\u0131q? Yox! Bizim n\u00fcv\u0259 silah\u0131m\u0131z var? Yox! Onda n\u0259y\u0259 t\u0259minat?&#8221;<\/p>\n\n\n\n<p>Bu a\u00e7\u0131qlaman\u0131 Ukrayna Prezidenti Vladimir Zelenski mart\u0131n 3-d\u0259 m\u0259tbuat konfrans\u0131nda s\u0259sl\u0259ndirib.<\/p>\n\n\n\n<p>D\u00f6vl\u0259t ba\u015f\u00e7\u0131s\u0131 daha sonra deyib:<\/p>\n\n\n\n<p>&#8220;\u00dcmumiyy\u0259tl\u0259, m\u0259n niy\u0259 kim\u0259s\u0259 n\u0259s\u0259 verm\u0259liy\u0259m? \u0130lahi, n\u0259 ist\u0259yirs\u0259n bizd\u0259n, n\u0259 verm\u0259liy\u0259m s\u0259n\u0259? \u00c7\u0131x, get torpaqlar\u0131m\u0131zdan. Getm\u0259k ist\u0259mirs\u0259n, otur, dan\u0131\u015faq. M\u0259n haz\u0131ram. Makron kimi, \u015eolts kimi 30 metr aral\u0131dan yox. M\u0259n qon\u015fuyam. Di\u015fl\u0259mir\u0259m. Normal insanam. Otur, dan\u0131\u015faq. N\u0259d\u0259n qorxursan? Biz he\u00e7 kim\u0259 t\u0259hl\u00fck\u0259 yaratm\u0131r\u0131q. Biz terror\u00e7u deyilik, bank yarm\u0131r\u0131q, ba\u015fqas\u0131n\u0131n torpa\u011f\u0131n\u0131 i\u015f\u011fal etmirik&#8221;.<\/p>\n\n\n\n<p>V.Zelenskinin s\u00f6zl\u0259rin\u0259 g\u00f6r\u0259, Rusiyan\u0131n h\u0259d\u0259fi bir mill\u0259ti dizl\u0259rinin \u00fcst\u00fcn\u0259 \u00e7\u00f6kd\u00fcrm\u0259kdir:<\/p>\n\n\n\n<p>&#8220;Burada insanlar\u0131n k\u00f6kl\u0259ri, ya da dili f\u0259rq etm\u0259d\u0259n, insanlar\u0131n \u00f6zl\u0259rini b\u0259rab\u0259r hiss ed\u0259c\u0259yi bir c\u0259miyy\u0259t yarad\u0131rlar. Xarkovda kils\u0259ni vurdular. Rusiya prezidenti \u00e7\u0131x\u0131b dedi ki, \u00e7ox \u00e7\u0259tinlikl\u0259rl\u0259 \u00fcz-\u00fcz\u0259yik, milliyy\u0259t\u00e7il\u0259r var, bir kils\u0259 ba\u015fqa kils\u0259nin azadl\u0131\u011f\u0131na \u0259l uzad\u0131r. Gedib kils\u0259nin yan\u0131na bomba atd\u0131lar Xarkovda. Bir rus bombas\u0131 Moskva Patriarxl\u0131\u011f\u0131n\u0131n tabeliyind\u0259ki bir kils\u0259ni vurdu. Orada abid\u0259ni bel\u0259 bombalay\u0131rlar. Be\u015f n\u0259f\u0259r, b\u00f6y\u00fck bir ail\u0259 \u00f6ld\u00fc orada. \u201cBiz h\u0259rbi infrastrukturu h\u0259d\u0259f al\u0131r\u0131q\u201d dedil\u0259r, buna n\u0259 cavab ver\u0259 bil\u0259rsiniz ki?&#8221;<\/p>\n\n\n\n<p>Ukrayna ba\u015f\u00e7\u0131s\u0131 q\u0259rb \u00f6lk\u0259l\u0259rinin liderl\u0259ri il\u0259 dan\u0131\u015f\u0131qlar\u0131na da toxunub:<\/p>\n\n\n\n<p>&#8220;Hava m\u0259kan\u0131 qapad\u0131ls\u0131n dey\u0259 \u00e7a\u011f\u0131r\u0131\u015f etdim. Bayden\u0259 dedim, \u015eoltsa, Makrona dedim. \u00c7ox xat\u0131rlam\u0131ram, h\u0259r g\u00fcn 20-23 g\u00f6r\u00fc\u015f ke\u00e7irir\u0259m beyn\u0259lxalq liderl\u0259rl\u0259.<br>&#8220;\u018fg\u0259r indi hava m\u0259kan\u0131n\u0131 ba\u011flaya bilmirsinizs\u0259, n\u0259 vaxt qapada bil\u0259c\u0259yinizi deyin\u201d s\u00f6yl\u0259dim. Daha ne\u00e7\u0259 insan \u00f6l\u0259c\u0259k? Ne\u00e7\u0259 insan \u0259zalar\u0131n\u0131 itir\u0259nd\u0259 anlayacaqs\u0131n\u0131z? Biz d\u0259 o say d\u00fcz\u0259l\u0259n\u0259 q\u0259d\u0259r g\u00f6zl\u0259y\u0259k! \u0130ndi yen\u0259 hava m\u0259kan\u0131n\u0131n ba\u011flanmas\u0131n\u0131 ist\u0259yir\u0259m. Bunu ed\u0259c\u0259k g\u00fcc\u00fcn\u00fcz yoxdursa, m\u0259n\u0259 t\u0259yyar\u0259l\u0259r verin. Bu, \u0259dal\u0259tli deyilmi?&#8221;<\/p>\n\n\n\n<p>&#8220;D\u00fcnya Ukraynaya k\u00f6m\u0259k etm\u0259k \u00fc\u00e7\u00fcn \u00e7ox gecikdi. M\u0259ni ba\u011f\u0131\u015flay\u0131n, \u00f6z xalqlar\u0131 da dedi. D\u00fcnyadak\u0131 h\u0259r meydanda insanlar biz\u0259 d\u0259st\u0259k verdi. \u00c7\u00fcnki onlar insand\u0131rlar. Bir \u00e7oxu Ukraynan\u0131 sevir. Bu liderl\u0259r bu g\u00fcn\u00fcn d\u00fcnyas\u0131nda bir insan \u00f6vlad\u0131n\u0131n heyvan kimi davranmas\u0131n\u0131 g\u00f6zl\u0259mirdi\u201d, -dey\u0259 Zelenski fikrini yekunla\u015fd\u0131r\u0131b.<\/p>\n","protected":false},"excerpt":{"rendered":"<p>\u201cD\u00fcnya Ukraynaya k\u00f6m\u0259k etm\u0259k \u00fc\u00e7\u00fcn \u00e7ox gecikdi\u201d &#8220;Biz \u00f6z\u00fcm\u00fcz\u00fc m\u00fcdafi\u0259 &#8230; <\/p>\n<p class=\"read-more-container\"><a title=\"Zelenski: \u201cGetm\u0259k ist\u0259mirs\u0259n, otur, dan\u0131\u015faq\u201d\" class=\"read-more button\" href=\"https:\/\/www.meydan.tv\/az\/article\/zelenski-getmek-istemirsen-otur-danisaq\/#more-237051\" aria-label=\"Read more about Zelenski: \u201cGetm\u0259k ist\u0259mirs\u0259n, otur, dan\u0131\u015faq\u201d\">Davam\u0131<\/a><\/p>\n","protected":false},"author":8,"featured_media":235804,"comment_status":"closed","ping_status":"closed","sticky":false,"template":"","format":"standard","meta":{"_acf_changed":false,"_sitemap_exclude":false,"_sitemap_priority":"","_sitemap_frequency":"","footnotes":""},"categories":[59,56],"tags":[],"class_list":["post-237051","post","type-post","status-publish","format-standard","has-post-thumbnail","hentry","category-siyaset","category-xeberler","infinite-scroll-item","generate-columns","tablet-grid-50","mobile-grid-100","grid-parent","grid-33","no-featured-image-padding"],"acf":[],"yoast_head":"<!-- This site is optimized with the Yoast SEO plugin v27.5 - https:\/\/yoast.com\/product\/yoast-seo-wordpress\/ -->\n<title>Zelenski: \u201cGetm\u0259k ist\u0259mirs\u0259n, otur, dan\u0131\u015faq\u201d - MEYDAN.TV<\/title>\n<meta name=\"robots\" content=\"index, follow, max-snippet:-1, max-image-preview:large, max-video-preview:-1\" \/>\n<link rel=\"canonical\" href=\"https:\/\/www.meydan.tv\/az\/article\/zelenski-getmek-istemirsen-otur-danisaq\/\" \/>\n<meta property=\"og:locale\" content=\"az_AZ\" \/>\n<meta property=\"og:type\" content=\"article\" \/>\n<meta property=\"og:title\" content=\"Zelenski: \u201cGetm\u0259k ist\u0259mirs\u0259n, otur, dan\u0131\u015faq\u201d - MEYDAN.TV\" \/>\n<meta property=\"og:description\" content=\"\u201cD\u00fcnya Ukraynaya k\u00f6m\u0259k etm\u0259k \u00fc\u00e7\u00fcn \u00e7ox gecikdi\u201d &#8220;Biz \u00f6z\u00fcm\u00fcz\u00fc m\u00fcdafi\u0259 ... Davam\u0131\" \/>\n<meta property=\"og:url\" content=\"https:\/\/www.meydan.tv\/az\/article\/zelenski-getmek-istemirsen-otur-danisaq\/\" \/>\n<meta property=\"og:site_name\" content=\"MEYDAN.TV\" \/>\n<meta property=\"article:published_time\" content=\"2022-03-03T20:03:31+00:00\" \/>\n<meta property=\"article:modified_time\" content=\"2022-03-03T20:03:33+00:00\" \/>\n<meta property=\"og:image\" content=\"https:\/\/www.meydan.tv\/wp-content\/uploads\/image_from_ios-12-scaled.jpg\" \/>\n\t<meta property=\"og:image:width\" content=\"2560\" \/>\n\t<meta property=\"og:image:height\" content=\"1440\" \/>\n\t<meta property=\"og:image:type\" content=\"image\/jpeg\" \/>\n<meta name=\"author\" content=\"elli\" \/>\n<meta name=\"twitter:card\" content=\"summary_large_image\" \/>\n<meta name=\"twitter:creator\" content=\"@elli\" \/>\n<script type=\"application\/ld+json\" class=\"yoast-schema-graph\">{\"@context\":\"https:\\\/\\\/schema.org\",\"@graph\":[{\"@type\":\"Article\",\"@id\":\"https:\\\/\\\/www.meydan.tv\\\/az\\\/article\\\/zelenski-getmek-istemirsen-otur-danisaq\\\/#article\",\"isPartOf\":{\"@id\":\"https:\\\/\\\/www.meydan.tv\\\/az\\\/article\\\/zelenski-getmek-istemirsen-otur-danisaq\\\/\"},\"author\":{\"name\":\"elli\",\"@id\":\"https:\\\/\\\/www.meydan.tv\\\/az\\\/#\\\/schema\\\/person\\\/9cdbecf90d17180ce1dfbd95b08dcf47\"},\"headline\":\"Zelenski: \u201cGetm\u0259k ist\u0259mirs\u0259n, otur, dan\u0131\u015faq\u201d\",\"datePublished\":\"2022-03-03T20:03:31+00:00\",\"dateModified\":\"2022-03-03T20:03:33+00:00\",\"mainEntityOfPage\":{\"@id\":\"https:\\\/\\\/www.meydan.tv\\\/az\\\/article\\\/zelenski-getmek-istemirsen-otur-danisaq\\\/\"},\"wordCount\":542,\"publisher\":{\"@id\":\"https:\\\/\\\/www.meydan.tv\\\/az\\\/#organization\"},\"image\":{\"@id\":\"https:\\\/\\\/www.meydan.tv\\\/az\\\/article\\\/zelenski-getmek-istemirsen-otur-danisaq\\\/#primaryimage\"},\"thumbnailUrl\":\"https:\\\/\\\/www.meydan.tv\\\/wp-content\\\/uploads\\\/image_from_ios-12-scaled-e1714830298213.jpg\",\"articleSection\":[\"Siyas\u0259t\",\"X\u0259b\u0259rl\u0259r\"],\"inLanguage\":\"az\"},{\"@type\":\"WebPage\",\"@id\":\"https:\\\/\\\/www.meydan.tv\\\/az\\\/article\\\/zelenski-getmek-istemirsen-otur-danisaq\\\/\",\"url\":\"https:\\\/\\\/www.meydan.tv\\\/az\\\/article\\\/zelenski-getmek-istemirsen-otur-danisaq\\\/\",\"name\":\"Zelenski: \u201cGetm\u0259k ist\u0259mirs\u0259n, otur, dan\u0131\u015faq\u201d - MEYDAN.TV\",\"isPartOf\":{\"@id\":\"https:\\\/\\\/www.meydan.tv\\\/az\\\/#website\"},\"primaryImageOfPage\":{\"@id\":\"https:\\\/\\\/www.meydan.tv\\\/az\\\/article\\\/zelenski-getmek-istemirsen-otur-danisaq\\\/#primaryimage\"},\"image\":{\"@id\":\"https:\\\/\\\/www.meydan.tv\\\/az\\\/article\\\/zelenski-getmek-istemirsen-otur-danisaq\\\/#primaryimage\"},\"thumbnailUrl\":\"https:\\\/\\\/www.meydan.tv\\\/wp-content\\\/uploads\\\/image_from_ios-12-scaled-e1714830298213.jpg\",\"datePublished\":\"2022-03-03T20:03:31+00:00\",\"dateModified\":\"2022-03-03T20:03:33+00:00\",\"breadcrumb\":{\"@id\":\"https:\\\/\\\/www.meydan.tv\\\/az\\\/article\\\/zelenski-getmek-istemirsen-otur-danisaq\\\/#breadcrumb\"},\"inLanguage\":\"az\",\"potentialAction\":[{\"@type\":\"ReadAction\",\"target\":[\"https:\\\/\\\/www.meydan.tv\\\/az\\\/article\\\/zelenski-getmek-istemirsen-otur-danisaq\\\/\"]}]},{\"@type\":\"ImageObject\",\"inLanguage\":\"az\",\"@id\":\"https:\\\/\\\/www.meydan.tv\\\/az\\\/article\\\/zelenski-getmek-istemirsen-otur-danisaq\\\/#primaryimage\",\"url\":\"https:\\\/\\\/www.meydan.tv\\\/wp-content\\\/uploads\\\/image_from_ios-12-scaled-e1714830298213.jpg\",\"contentUrl\":\"https:\\\/\\\/www.meydan.tv\\\/wp-content\\\/uploads\\\/image_from_ios-12-scaled-e1714830298213.jpg\",\"width\":2560,\"height\":1228,\"caption\":\"V.Zelenski. Foto: Meydan TV\"},{\"@type\":\"BreadcrumbList\",\"@id\":\"https:\\\/\\\/www.meydan.tv\\\/az\\\/article\\\/zelenski-getmek-istemirsen-otur-danisaq\\\/#breadcrumb\",\"itemListElement\":[{\"@type\":\"ListItem\",\"position\":1,\"name\":\"Ana s\u0259hif\u0259\",\"item\":\"https:\\\/\\\/www.meydan.tv\\\/az\\\/\"},{\"@type\":\"ListItem\",\"position\":2,\"name\":\"Siyas\u0259t\",\"item\":\"https:\\\/\\\/www.meydan.tv\\\/az\\\/section\\\/siyaset\\\/\"},{\"@type\":\"ListItem\",\"position\":3,\"name\":\"Zelenski: \u201cGetm\u0259k ist\u0259mirs\u0259n, otur, dan\u0131\u015faq\u201d\"}]},{\"@type\":\"WebSite\",\"@id\":\"https:\\\/\\\/www.meydan.tv\\\/az\\\/#website\",\"url\":\"https:\\\/\\\/www.meydan.tv\\\/az\\\/\",\"name\":\"MEYDAN.TV\",\"description\":\"Meydan TV Az\u0259rbaycan\u0131n media m\u0259kan\u0131ndak\u0131 alternativ s\u0259sidir\",\"publisher\":{\"@id\":\"https:\\\/\\\/www.meydan.tv\\\/az\\\/#organization\"},\"potentialAction\":[{\"@type\":\"SearchAction\",\"target\":{\"@type\":\"EntryPoint\",\"urlTemplate\":\"https:\\\/\\\/www.meydan.tv\\\/az\\\/?s={search_term_string}\"},\"query-input\":{\"@type\":\"PropertyValueSpecification\",\"valueRequired\":true,\"valueName\":\"search_term_string\"}}],\"inLanguage\":\"az\"},{\"@type\":\"Organization\",\"@id\":\"https:\\\/\\\/www.meydan.tv\\\/az\\\/#organization\",\"name\":\"Meydan TV\",\"url\":\"https:\\\/\\\/www.meydan.tv\\\/az\\\/\",\"logo\":{\"@type\":\"ImageObject\",\"inLanguage\":\"az\",\"@id\":\"https:\\\/\\\/www.meydan.tv\\\/az\\\/#\\\/schema\\\/logo\\\/image\\\/\",\"url\":\"https:\\\/\\\/www.meydan.tv\\\/wp-content\\\/uploads\\\/2021\\\/07\\\/meydan-logo.svg\",\"contentUrl\":\"https:\\\/\\\/www.meydan.tv\\\/wp-content\\\/uploads\\\/2021\\\/07\\\/meydan-logo.svg\",\"width\":195,\"height\":46,\"caption\":\"Meydan TV\"},\"image\":{\"@id\":\"https:\\\/\\\/www.meydan.tv\\\/az\\\/#\\\/schema\\\/logo\\\/image\\\/\"}},{\"@type\":\"Person\",\"@id\":\"https:\\\/\\\/www.meydan.tv\\\/az\\\/#\\\/schema\\\/person\\\/9cdbecf90d17180ce1dfbd95b08dcf47\",\"name\":\"elli\",\"sameAs\":[\"https:\\\/\\\/x.com\\\/elli\"]}]}<\/script>\n<!-- \/ Yoast SEO plugin. -->","yoast_head_json":{"title":"Zelenski: \u201cGetm\u0259k ist\u0259mirs\u0259n, otur, dan\u0131\u015faq\u201d - MEYDAN.TV","robots":{"index":"index","follow":"follow","max-snippet":"max-snippet:-1","max-image-preview":"max-image-preview:large","max-video-preview":"max-video-preview:-1"},"canonical":"https:\/\/www.meydan.tv\/az\/article\/zelenski-getmek-istemirsen-otur-danisaq\/","og_locale":"az_AZ","og_type":"article","og_title":"Zelenski: \u201cGetm\u0259k ist\u0259mirs\u0259n, otur, dan\u0131\u015faq\u201d - MEYDAN.TV","og_description":"\u201cD\u00fcnya Ukraynaya k\u00f6m\u0259k etm\u0259k \u00fc\u00e7\u00fcn \u00e7ox gecikdi\u201d &#8220;Biz \u00f6z\u00fcm\u00fcz\u00fc m\u00fcdafi\u0259 ... Davam\u0131","og_url":"https:\/\/www.meydan.tv\/az\/article\/zelenski-getmek-istemirsen-otur-danisaq\/","og_site_name":"MEYDAN.TV","article_published_time":"2022-03-03T20:03:31+00:00","article_modified_time":"2022-03-03T20:03:33+00:00","og_image":[{"width":2560,"height":1440,"url":"https:\/\/www.meydan.tv\/wp-content\/uploads\/image_from_ios-12-scaled.jpg","type":"image\/jpeg"}],"author":"elli","twitter_card":"summary_large_image","twitter_creator":"@elli","schema":{"@context":"https:\/\/schema.org","@graph":[{"@type":"Article","@id":"https:\/\/www.meydan.tv\/az\/article\/zelenski-getmek-istemirsen-otur-danisaq\/#article","isPartOf":{"@id":"https:\/\/www.meydan.tv\/az\/article\/zelenski-getmek-istemirsen-otur-danisaq\/"},"author":{"name":"elli","@id":"https:\/\/www.meydan.tv\/az\/#\/schema\/person\/9cdbecf90d17180ce1dfbd95b08dcf47"},"headline":"Zelenski: \u201cGetm\u0259k ist\u0259mirs\u0259n, otur, dan\u0131\u015faq\u201d","datePublished":"2022-03-03T20:03:31+00:00","dateModified":"2022-03-03T20:03:33+00:00","mainEntityOfPage":{"@id":"https:\/\/www.meydan.tv\/az\/article\/zelenski-getmek-istemirsen-otur-danisaq\/"},"wordCount":542,"publisher":{"@id":"https:\/\/www.meydan.tv\/az\/#organization"},"image":{"@id":"https:\/\/www.meydan.tv\/az\/article\/zelenski-getmek-istemirsen-otur-danisaq\/#primaryimage"},"thumbnailUrl":"https:\/\/www.meydan.tv\/wp-content\/uploads\/image_from_ios-12-scaled-e1714830298213.jpg","articleSection":["Siyas\u0259t","X\u0259b\u0259rl\u0259r"],"inLanguage":"az"},{"@type":"WebPage","@id":"https:\/\/www.meydan.tv\/az\/article\/zelenski-getmek-istemirsen-otur-danisaq\/","url":"https:\/\/www.meydan.tv\/az\/article\/zelenski-getmek-istemirsen-otur-danisaq\/","name":"Zelenski: \u201cGetm\u0259k ist\u0259mirs\u0259n, otur, dan\u0131\u015faq\u201d - MEYDAN.TV","isPartOf":{"@id":"https:\/\/www.meydan.tv\/az\/#website"},"primaryImageOfPage":{"@id":"https:\/\/www.meydan.tv\/az\/article\/zelenski-getmek-istemirsen-otur-danisaq\/#primaryimage"},"image":{"@id":"https:\/\/www.meydan.tv\/az\/article\/zelenski-getmek-istemirsen-otur-danisaq\/#primaryimage"},"thumbnailUrl":"https:\/\/www.meydan.tv\/wp-content\/uploads\/image_from_ios-12-scaled-e1714830298213.jpg","datePublished":"2022-03-03T20:03:31+00:00","dateModified":"2022-03-03T20:03:33+00:00","breadcrumb":{"@id":"https:\/\/www.meydan.tv\/az\/article\/zelenski-getmek-istemirsen-otur-danisaq\/#breadcrumb"},"inLanguage":"az","potentialAction":[{"@type":"ReadAction","target":["https:\/\/www.meydan.tv\/az\/article\/zelenski-getmek-istemirsen-otur-danisaq\/"]}]},{"@type":"ImageObject","inLanguage":"az","@id":"https:\/\/www.meydan.tv\/az\/article\/zelenski-getmek-istemirsen-otur-danisaq\/#primaryimage","url":"https:\/\/www.meydan.tv\/wp-content\/uploads\/image_from_ios-12-scaled-e1714830298213.jpg","contentUrl":"https:\/\/www.meydan.tv\/wp-content\/uploads\/image_from_ios-12-scaled-e1714830298213.jpg","width":2560,"height":1228,"caption":"V.Zelenski. Foto: Meydan TV"},{"@type":"BreadcrumbList","@id":"https:\/\/www.meydan.tv\/az\/article\/zelenski-getmek-istemirsen-otur-danisaq\/#breadcrumb","itemListElement":[{"@type":"ListItem","position":1,"name":"Ana s\u0259hif\u0259","item":"https:\/\/www.meydan.tv\/az\/"},{"@type":"ListItem","position":2,"name":"Siyas\u0259t","item":"https:\/\/www.meydan.tv\/az\/section\/siyaset\/"},{"@type":"ListItem","position":3,"name":"Zelenski: \u201cGetm\u0259k ist\u0259mirs\u0259n, otur, dan\u0131\u015faq\u201d"}]},{"@type":"WebSite","@id":"https:\/\/www.meydan.tv\/az\/#website","url":"https:\/\/www.meydan.tv\/az\/","name":"MEYDAN.TV","description":"Meydan TV Az\u0259rbaycan\u0131n media m\u0259kan\u0131ndak\u0131 alternativ s\u0259sidir","publisher":{"@id":"https:\/\/www.meydan.tv\/az\/#organization"},"potentialAction":[{"@type":"SearchAction","target":{"@type":"EntryPoint","urlTemplate":"https:\/\/www.meydan.tv\/az\/?s={search_term_string}"},"query-input":{"@type":"PropertyValueSpecification","valueRequired":true,"valueName":"search_term_string"}}],"inLanguage":"az"},{"@type":"Organization","@id":"https:\/\/www.meydan.tv\/az\/#organization","name":"Meydan TV","url":"https:\/\/www.meydan.tv\/az\/","logo":{"@type":"ImageObject","inLanguage":"az","@id":"https:\/\/www.meydan.tv\/az\/#\/schema\/logo\/image\/","url":"https:\/\/www.meydan.tv\/wp-content\/uploads\/2021\/07\/meydan-logo.svg","contentUrl":"https:\/\/www.meydan.tv\/wp-content\/uploads\/2021\/07\/meydan-logo.svg","width":195,"height":46,"caption":"Meydan TV"},"image":{"@id":"https:\/\/www.meydan.tv\/az\/#\/schema\/logo\/image\/"}},{"@type":"Person","@id":"https:\/\/www.meydan.tv\/az\/#\/schema\/person\/9cdbecf90d17180ce1dfbd95b08dcf47","name":"elli","sameAs":["https:\/\/x.com\/elli"]}]}},"_links":{"self":[{"href":"https:\/\/www.meydan.tv\/az\/wp-json\/wp\/v2\/posts\/237051","targetHints":{"allow":["GET"]}}],"collection":[{"href":"https:\/\/www.meydan.tv\/az\/wp-json\/wp\/v2\/posts"}],"about":[{"href":"https:\/\/www.meydan.tv\/az\/wp-json\/wp\/v2\/types\/post"}],"author":[{"embeddable":true,"href":"https:\/\/www.meydan.tv\/az\/wp-json\/wp\/v2\/users\/8"}],"replies":[{"embeddable":true,"href":"https:\/\/www.meydan.tv\/az\/wp-json\/wp\/v2\/comments?post=237051"}],"version-history":[{"count":1,"href":"https:\/\/www.meydan.tv\/az\/wp-json\/wp\/v2\/posts\/237051\/revisions"}],"predecessor-version":[{"id":237052,"href":"https:\/\/www.meydan.tv\/az\/wp-json\/wp\/v2\/posts\/237051\/revisions\/237052"}],"wp:featuredmedia":[{"embeddable":true,"href":"https:\/\/www.meydan.tv\/az\/wp-json\/wp\/v2\/media\/235804"}],"wp:attachment":[{"href":"https:\/\/www.meydan.tv\/az\/wp-json\/wp\/v2\/media?parent=237051"}],"wp:term":[{"taxonomy":"category","embeddable":true,"href":"https:\/\/www.meydan.tv\/az\/wp-json\/wp\/v2\/categories?post=237051"},{"taxonomy":"post_tag","embeddable":true,"href":"https:\/\/www.meydan.tv\/az\/wp-json\/wp\/v2\/tags?post=237051"}],"curies":[{"name":"wp","href":"https:\/\/api.w.org\/{rel}","templated":true}]}}