{"id":237023,"date":"2022-03-03T19:58:31","date_gmt":"2022-03-03T15:58:31","guid":{"rendered":"https:\/\/www.meydan.tv\/?p=237023"},"modified":"2022-03-03T19:58:33","modified_gmt":"2022-03-03T15:58:33","slug":"1deqiqe-ermenistanin-yeni-prezidenti-secilib","status":"publish","type":"post","link":"https:\/\/www.meydan.tv\/az\/article\/1deqiqe-ermenistanin-yeni-prezidenti-secilib\/","title":{"rendered":"1D\u018fQ\u0130Q\u018f: Erm\u0259nistan\u0131n yeni prezidenti se\u00e7ilib"},"content":{"rendered":"\n<figure class=\"wp-block-embed is-type-video is-provider-youtube wp-block-embed-youtube wp-embed-aspect-4-3 wp-has-aspect-ratio\"><div class=\"wp-block-embed__wrapper\">\n<iframe title=\"1D\u018fQ\u0130Q\u018f: Erm\u0259nistan\u0131n yeni prezidenti se\u00e7ilib\" width=\"1200\" height=\"900\" data-src=\"https:\/\/www.youtube.com\/embed\/x1s3GQbtBew?feature=oembed\" frameborder=\"0\" allow=\"accelerometer; autoplay; clipboard-write; encrypted-media; gyroscope; picture-in-picture\" allowfullscreen src=\"data:image\/svg+xml;base64,PHN2ZyB3aWR0aD0iMSIgaGVpZ2h0PSIxIiB4bWxucz0iaHR0cDovL3d3dy53My5vcmcvMjAwMC9zdmciPjwvc3ZnPg==\" class=\"lazyload\" data-load-mode=\"1\"><\/iframe>\n<\/div><\/figure>\n\n\n\n<!--more-->\n\n\n\n<p>1D\u018fQ\u0130Q\u018f &#8211; G\u00fcn\u00fcn \u0259sas x\u0259b\u0259rl\u0259ri: &#8211; Erm\u0259nistan\u0131n yeni prezidenti se\u00e7ilib &#8211; \u0130lham \u018fliyev deputat\u0131 qoruq r\u0259hb\u0259ri t\u0259yin etdi &#8211; K\u0259\u015ffiyyat bu \u015f\u0259h\u0259rl\u0259rin Ukraynan\u0131n n\u0259zar\u0259tind\u0259 qald\u0131\u011f\u0131n\u0131 deyir<\/p>\n","protected":false},"excerpt":{"rendered":"","protected":false},"author":12,"featured_media":237024,"comment_status":"closed","ping_status":"closed","sticky":false,"template":"","format":"standard","meta":{"_acf_changed":false,"_sitemap_exclude":false,"_sitemap_priority":"","_sitemap_frequency":"","footnotes":""},"categories":[63],"tags":[],"class_list":["post-237023","post","type-post","status-publish","format-standard","has-post-thumbnail","hentry","category-video-2","infinite-scroll-item","generate-columns","tablet-grid-50","mobile-grid-100","grid-parent","grid-33","no-featured-image-padding"],"acf":[],"yoast_head":"<!-- This site is optimized with the Yoast SEO plugin v27.5 - https:\/\/yoast.com\/product\/yoast-seo-wordpress\/ -->\n<title>1D\u018fQ\u0130Q\u018f: Erm\u0259nistan\u0131n yeni prezidenti se\u00e7ilib - MEYDAN.TV<\/title>\n<meta name=\"robots\" content=\"index, follow, max-snippet:-1, max-image-preview:large, max-video-preview:-1\" \/>\n<link rel=\"canonical\" href=\"https:\/\/www.meydan.tv\/az\/article\/1deqiqe-ermenistanin-yeni-prezidenti-secilib\/\" \/>\n<meta property=\"og:locale\" content=\"az_AZ\" \/>\n<meta property=\"og:type\" content=\"article\" \/>\n<meta property=\"og:title\" content=\"1D\u018fQ\u0130Q\u018f: Erm\u0259nistan\u0131n yeni prezidenti se\u00e7ilib - MEYDAN.TV\" \/>\n<meta property=\"og:url\" content=\"https:\/\/www.meydan.tv\/az\/article\/1deqiqe-ermenistanin-yeni-prezidenti-secilib\/\" \/>\n<meta property=\"og:site_name\" content=\"MEYDAN.TV\" \/>\n<meta property=\"article:published_time\" content=\"2022-03-03T15:58:31+00:00\" \/>\n<meta property=\"article:modified_time\" content=\"2022-03-03T15:58:33+00:00\" \/>\n<meta property=\"og:image\" content=\"https:\/\/www.meydan.tv\/wp-content\/uploads\/reportaj-cover-5.png\" \/>\n\t<meta property=\"og:image:width\" content=\"1280\" \/>\n\t<meta property=\"og:image:height\" content=\"720\" \/>\n\t<meta property=\"og:image:type\" content=\"image\/png\" \/>\n<meta name=\"author\" content=\"aleks\" \/>\n<meta name=\"twitter:card\" content=\"summary_large_image\" \/>\n<script type=\"application\/ld+json\" class=\"yoast-schema-graph\">{\"@context\":\"https:\\\/\\\/schema.org\",\"@graph\":[{\"@type\":\"Article\",\"@id\":\"https:\\\/\\\/www.meydan.tv\\\/az\\\/article\\\/1deqiqe-ermenistanin-yeni-prezidenti-secilib\\\/#article\",\"isPartOf\":{\"@id\":\"https:\\\/\\\/www.meydan.tv\\\/az\\\/article\\\/1deqiqe-ermenistanin-yeni-prezidenti-secilib\\\/\"},\"author\":{\"name\":\"aleks\",\"@id\":\"https:\\\/\\\/www.meydan.tv\\\/az\\\/#\\\/schema\\\/person\\\/476e9360e593fa131d5d71d51866f8da\"},\"headline\":\"1D\u018fQ\u0130Q\u018f: Erm\u0259nistan\u0131n yeni prezidenti se\u00e7ilib\",\"datePublished\":\"2022-03-03T15:58:31+00:00\",\"dateModified\":\"2022-03-03T15:58:33+00:00\",\"mainEntityOfPage\":{\"@id\":\"https:\\\/\\\/www.meydan.tv\\\/az\\\/article\\\/1deqiqe-ermenistanin-yeni-prezidenti-secilib\\\/\"},\"wordCount\":62,\"publisher\":{\"@id\":\"https:\\\/\\\/www.meydan.tv\\\/az\\\/#organization\"},\"image\":{\"@id\":\"https:\\\/\\\/www.meydan.tv\\\/az\\\/article\\\/1deqiqe-ermenistanin-yeni-prezidenti-secilib\\\/#primaryimage\"},\"thumbnailUrl\":\"https:\\\/\\\/www.meydan.tv\\\/wp-content\\\/uploads\\\/reportaj-cover-5.png\",\"articleSection\":[\"Video\"],\"inLanguage\":\"az\"},{\"@type\":\"WebPage\",\"@id\":\"https:\\\/\\\/www.meydan.tv\\\/az\\\/article\\\/1deqiqe-ermenistanin-yeni-prezidenti-secilib\\\/\",\"url\":\"https:\\\/\\\/www.meydan.tv\\\/az\\\/article\\\/1deqiqe-ermenistanin-yeni-prezidenti-secilib\\\/\",\"name\":\"1D\u018fQ\u0130Q\u018f: Erm\u0259nistan\u0131n yeni prezidenti se\u00e7ilib - MEYDAN.TV\",\"isPartOf\":{\"@id\":\"https:\\\/\\\/www.meydan.tv\\\/az\\\/#website\"},\"primaryImageOfPage\":{\"@id\":\"https:\\\/\\\/www.meydan.tv\\\/az\\\/article\\\/1deqiqe-ermenistanin-yeni-prezidenti-secilib\\\/#primaryimage\"},\"image\":{\"@id\":\"https:\\\/\\\/www.meydan.tv\\\/az\\\/article\\\/1deqiqe-ermenistanin-yeni-prezidenti-secilib\\\/#primaryimage\"},\"thumbnailUrl\":\"https:\\\/\\\/www.meydan.tv\\\/wp-content\\\/uploads\\\/reportaj-cover-5.png\",\"datePublished\":\"2022-03-03T15:58:31+00:00\",\"dateModified\":\"2022-03-03T15:58:33+00:00\",\"breadcrumb\":{\"@id\":\"https:\\\/\\\/www.meydan.tv\\\/az\\\/article\\\/1deqiqe-ermenistanin-yeni-prezidenti-secilib\\\/#breadcrumb\"},\"inLanguage\":\"az\",\"potentialAction\":[{\"@type\":\"ReadAction\",\"target\":[\"https:\\\/\\\/www.meydan.tv\\\/az\\\/article\\\/1deqiqe-ermenistanin-yeni-prezidenti-secilib\\\/\"]}]},{\"@type\":\"ImageObject\",\"inLanguage\":\"az\",\"@id\":\"https:\\\/\\\/www.meydan.tv\\\/az\\\/article\\\/1deqiqe-ermenistanin-yeni-prezidenti-secilib\\\/#primaryimage\",\"url\":\"https:\\\/\\\/www.meydan.tv\\\/wp-content\\\/uploads\\\/reportaj-cover-5.png\",\"contentUrl\":\"https:\\\/\\\/www.meydan.tv\\\/wp-content\\\/uploads\\\/reportaj-cover-5.png\",\"width\":1280,\"height\":720},{\"@type\":\"BreadcrumbList\",\"@id\":\"https:\\\/\\\/www.meydan.tv\\\/az\\\/article\\\/1deqiqe-ermenistanin-yeni-prezidenti-secilib\\\/#breadcrumb\",\"itemListElement\":[{\"@type\":\"ListItem\",\"position\":1,\"name\":\"Ana s\u0259hif\u0259\",\"item\":\"https:\\\/\\\/www.meydan.tv\\\/az\\\/\"},{\"@type\":\"ListItem\",\"position\":2,\"name\":\"Video\",\"item\":\"https:\\\/\\\/www.meydan.tv\\\/az\\\/section\\\/video-2\\\/\"},{\"@type\":\"ListItem\",\"position\":3,\"name\":\"1D\u018fQ\u0130Q\u018f: Erm\u0259nistan\u0131n yeni prezidenti se\u00e7ilib\"}]},{\"@type\":\"WebSite\",\"@id\":\"https:\\\/\\\/www.meydan.tv\\\/az\\\/#website\",\"url\":\"https:\\\/\\\/www.meydan.tv\\\/az\\\/\",\"name\":\"MEYDAN.TV\",\"description\":\"Meydan TV Az\u0259rbaycan\u0131n media m\u0259kan\u0131ndak\u0131 alternativ s\u0259sidir\",\"publisher\":{\"@id\":\"https:\\\/\\\/www.meydan.tv\\\/az\\\/#organization\"},\"potentialAction\":[{\"@type\":\"SearchAction\",\"target\":{\"@type\":\"EntryPoint\",\"urlTemplate\":\"https:\\\/\\\/www.meydan.tv\\\/az\\\/?s={search_term_string}\"},\"query-input\":{\"@type\":\"PropertyValueSpecification\",\"valueRequired\":true,\"valueName\":\"search_term_string\"}}],\"inLanguage\":\"az\"},{\"@type\":\"Organization\",\"@id\":\"https:\\\/\\\/www.meydan.tv\\\/az\\\/#organization\",\"name\":\"Meydan TV\",\"url\":\"https:\\\/\\\/www.meydan.tv\\\/az\\\/\",\"logo\":{\"@type\":\"ImageObject\",\"inLanguage\":\"az\",\"@id\":\"https:\\\/\\\/www.meydan.tv\\\/az\\\/#\\\/schema\\\/logo\\\/image\\\/\",\"url\":\"https:\\\/\\\/www.meydan.tv\\\/wp-content\\\/uploads\\\/2021\\\/07\\\/meydan-logo.svg\",\"contentUrl\":\"https:\\\/\\\/www.meydan.tv\\\/wp-content\\\/uploads\\\/2021\\\/07\\\/meydan-logo.svg\",\"width\":195,\"height\":46,\"caption\":\"Meydan TV\"},\"image\":{\"@id\":\"https:\\\/\\\/www.meydan.tv\\\/az\\\/#\\\/schema\\\/logo\\\/image\\\/\"}},{\"@type\":\"Person\",\"@id\":\"https:\\\/\\\/www.meydan.tv\\\/az\\\/#\\\/schema\\\/person\\\/476e9360e593fa131d5d71d51866f8da\",\"name\":\"aleks\"}]}<\/script>\n<!-- \/ Yoast SEO plugin. -->","yoast_head_json":{"title":"1D\u018fQ\u0130Q\u018f: Erm\u0259nistan\u0131n yeni prezidenti se\u00e7ilib - MEYDAN.TV","robots":{"index":"index","follow":"follow","max-snippet":"max-snippet:-1","max-image-preview":"max-image-preview:large","max-video-preview":"max-video-preview:-1"},"canonical":"https:\/\/www.meydan.tv\/az\/article\/1deqiqe-ermenistanin-yeni-prezidenti-secilib\/","og_locale":"az_AZ","og_type":"article","og_title":"1D\u018fQ\u0130Q\u018f: Erm\u0259nistan\u0131n yeni prezidenti se\u00e7ilib - MEYDAN.TV","og_url":"https:\/\/www.meydan.tv\/az\/article\/1deqiqe-ermenistanin-yeni-prezidenti-secilib\/","og_site_name":"MEYDAN.TV","article_published_time":"2022-03-03T15:58:31+00:00","article_modified_time":"2022-03-03T15:58:33+00:00","og_image":[{"width":1280,"height":720,"url":"https:\/\/www.meydan.tv\/wp-content\/uploads\/reportaj-cover-5.png","type":"image\/png"}],"author":"aleks","twitter_card":"summary_large_image","schema":{"@context":"https:\/\/schema.org","@graph":[{"@type":"Article","@id":"https:\/\/www.meydan.tv\/az\/article\/1deqiqe-ermenistanin-yeni-prezidenti-secilib\/#article","isPartOf":{"@id":"https:\/\/www.meydan.tv\/az\/article\/1deqiqe-ermenistanin-yeni-prezidenti-secilib\/"},"author":{"name":"aleks","@id":"https:\/\/www.meydan.tv\/az\/#\/schema\/person\/476e9360e593fa131d5d71d51866f8da"},"headline":"1D\u018fQ\u0130Q\u018f: Erm\u0259nistan\u0131n yeni prezidenti se\u00e7ilib","datePublished":"2022-03-03T15:58:31+00:00","dateModified":"2022-03-03T15:58:33+00:00","mainEntityOfPage":{"@id":"https:\/\/www.meydan.tv\/az\/article\/1deqiqe-ermenistanin-yeni-prezidenti-secilib\/"},"wordCount":62,"publisher":{"@id":"https:\/\/www.meydan.tv\/az\/#organization"},"image":{"@id":"https:\/\/www.meydan.tv\/az\/article\/1deqiqe-ermenistanin-yeni-prezidenti-secilib\/#primaryimage"},"thumbnailUrl":"https:\/\/www.meydan.tv\/wp-content\/uploads\/reportaj-cover-5.png","articleSection":["Video"],"inLanguage":"az"},{"@type":"WebPage","@id":"https:\/\/www.meydan.tv\/az\/article\/1deqiqe-ermenistanin-yeni-prezidenti-secilib\/","url":"https:\/\/www.meydan.tv\/az\/article\/1deqiqe-ermenistanin-yeni-prezidenti-secilib\/","name":"1D\u018fQ\u0130Q\u018f: Erm\u0259nistan\u0131n yeni prezidenti se\u00e7ilib - MEYDAN.TV","isPartOf":{"@id":"https:\/\/www.meydan.tv\/az\/#website"},"primaryImageOfPage":{"@id":"https:\/\/www.meydan.tv\/az\/article\/1deqiqe-ermenistanin-yeni-prezidenti-secilib\/#primaryimage"},"image":{"@id":"https:\/\/www.meydan.tv\/az\/article\/1deqiqe-ermenistanin-yeni-prezidenti-secilib\/#primaryimage"},"thumbnailUrl":"https:\/\/www.meydan.tv\/wp-content\/uploads\/reportaj-cover-5.png","datePublished":"2022-03-03T15:58:31+00:00","dateModified":"2022-03-03T15:58:33+00:00","breadcrumb":{"@id":"https:\/\/www.meydan.tv\/az\/article\/1deqiqe-ermenistanin-yeni-prezidenti-secilib\/#breadcrumb"},"inLanguage":"az","potentialAction":[{"@type":"ReadAction","target":["https:\/\/www.meydan.tv\/az\/article\/1deqiqe-ermenistanin-yeni-prezidenti-secilib\/"]}]},{"@type":"ImageObject","inLanguage":"az","@id":"https:\/\/www.meydan.tv\/az\/article\/1deqiqe-ermenistanin-yeni-prezidenti-secilib\/#primaryimage","url":"https:\/\/www.meydan.tv\/wp-content\/uploads\/reportaj-cover-5.png","contentUrl":"https:\/\/www.meydan.tv\/wp-content\/uploads\/reportaj-cover-5.png","width":1280,"height":720},{"@type":"BreadcrumbList","@id":"https:\/\/www.meydan.tv\/az\/article\/1deqiqe-ermenistanin-yeni-prezidenti-secilib\/#breadcrumb","itemListElement":[{"@type":"ListItem","position":1,"name":"Ana s\u0259hif\u0259","item":"https:\/\/www.meydan.tv\/az\/"},{"@type":"ListItem","position":2,"name":"Video","item":"https:\/\/www.meydan.tv\/az\/section\/video-2\/"},{"@type":"ListItem","position":3,"name":"1D\u018fQ\u0130Q\u018f: Erm\u0259nistan\u0131n yeni prezidenti se\u00e7ilib"}]},{"@type":"WebSite","@id":"https:\/\/www.meydan.tv\/az\/#website","url":"https:\/\/www.meydan.tv\/az\/","name":"MEYDAN.TV","description":"Meydan TV Az\u0259rbaycan\u0131n media m\u0259kan\u0131ndak\u0131 alternativ s\u0259sidir","publisher":{"@id":"https:\/\/www.meydan.tv\/az\/#organization"},"potentialAction":[{"@type":"SearchAction","target":{"@type":"EntryPoint","urlTemplate":"https:\/\/www.meydan.tv\/az\/?s={search_term_string}"},"query-input":{"@type":"PropertyValueSpecification","valueRequired":true,"valueName":"search_term_string"}}],"inLanguage":"az"},{"@type":"Organization","@id":"https:\/\/www.meydan.tv\/az\/#organization","name":"Meydan TV","url":"https:\/\/www.meydan.tv\/az\/","logo":{"@type":"ImageObject","inLanguage":"az","@id":"https:\/\/www.meydan.tv\/az\/#\/schema\/logo\/image\/","url":"https:\/\/www.meydan.tv\/wp-content\/uploads\/2021\/07\/meydan-logo.svg","contentUrl":"https:\/\/www.meydan.tv\/wp-content\/uploads\/2021\/07\/meydan-logo.svg","width":195,"height":46,"caption":"Meydan TV"},"image":{"@id":"https:\/\/www.meydan.tv\/az\/#\/schema\/logo\/image\/"}},{"@type":"Person","@id":"https:\/\/www.meydan.tv\/az\/#\/schema\/person\/476e9360e593fa131d5d71d51866f8da","name":"aleks"}]}},"_links":{"self":[{"href":"https:\/\/www.meydan.tv\/az\/wp-json\/wp\/v2\/posts\/237023","targetHints":{"allow":["GET"]}}],"collection":[{"href":"https:\/\/www.meydan.tv\/az\/wp-json\/wp\/v2\/posts"}],"about":[{"href":"https:\/\/www.meydan.tv\/az\/wp-json\/wp\/v2\/types\/post"}],"author":[{"embeddable":true,"href":"https:\/\/www.meydan.tv\/az\/wp-json\/wp\/v2\/users\/12"}],"replies":[{"embeddable":true,"href":"https:\/\/www.meydan.tv\/az\/wp-json\/wp\/v2\/comments?post=237023"}],"version-history":[{"count":1,"href":"https:\/\/www.meydan.tv\/az\/wp-json\/wp\/v2\/posts\/237023\/revisions"}],"predecessor-version":[{"id":237027,"href":"https:\/\/www.meydan.tv\/az\/wp-json\/wp\/v2\/posts\/237023\/revisions\/237027"}],"wp:featuredmedia":[{"embeddable":true,"href":"https:\/\/www.meydan.tv\/az\/wp-json\/wp\/v2\/media\/237024"}],"wp:attachment":[{"href":"https:\/\/www.meydan.tv\/az\/wp-json\/wp\/v2\/media?parent=237023"}],"wp:term":[{"taxonomy":"category","embeddable":true,"href":"https:\/\/www.meydan.tv\/az\/wp-json\/wp\/v2\/categories?post=237023"},{"taxonomy":"post_tag","embeddable":true,"href":"https:\/\/www.meydan.tv\/az\/wp-json\/wp\/v2\/tags?post=237023"}],"curies":[{"name":"wp","href":"https:\/\/api.w.org\/{rel}","templated":true}]}}