{"id":237019,"date":"2022-03-03T19:45:55","date_gmt":"2022-03-03T15:45:55","guid":{"rendered":"https:\/\/www.meydan.tv\/?p=237019"},"modified":"2022-03-03T19:45:57","modified_gmt":"2022-03-03T15:45:57","slug":"serhed-xidmeti-iki-mine-yaxin-ukraynali-geri-donub","status":"publish","type":"post","link":"https:\/\/www.meydan.tv\/az\/article\/serhed-xidmeti-iki-mine-yaxin-ukraynali-geri-donub\/","title":{"rendered":"S\u0259rh\u0259d Xidm\u0259ti: \u0130ki min\u0259 yax\u0131n ukraynal\u0131 geri d\u00f6n\u00fcb"},"content":{"rendered":"\n<p><em>Qay\u0131danlar\u0131n \u0259ks\u0259riyy\u0259ti ki\u015fil\u0259rdir<\/em><\/p>\n\n\n\n<p>Ukrayna S\u0259rh\u0259d Xidm\u0259ti son bir g\u00fcn \u0259rzind\u0259 \u00f6lk\u0259y\u0259 14 min\u0259 yax\u0131n ukraynal\u0131n\u0131n qay\u0131td\u0131\u011f\u0131n\u0131 <a href=\"https:\/\/dpsu.gov.ua\/ua\/news\/Obstanovka-na-zahidnomu-kordoni\/\">a\u00e7\u0131qlay\u0131b<\/a>.<\/p>\n\n\n\n<p>M\u0259lumatda bildirilir ki, d\u00f6n\u0259nl\u0259rin \u0259ks\u0259riyy\u0259ti ki\u015fil\u0259rdir. Mart\u0131n 1-d\u0259 is\u0259 d\u00f6n\u0259nl\u0259rin say\u0131 t\u0259xmin\u0259n 2 min\u0259 yax\u0131n olub.<\/p>\n\n\n\n<p>BMT-nin qa\u00e7q\u0131nlar \u00fczr\u0259 agentliyinin mart\u0131n 3-d\u0259 a\u00e7\u0131qlad\u0131\u011f\u0131 m\u0259lumata g\u00f6r\u0259, m\u00fcharib\u0259 ba\u015flayandan bu yana Ukraynadan qon\u015fu \u00f6lk\u0259l\u0259r\u0259 ged\u0259nl\u0259rin say\u0131n\u0131n 1 milyona \u00e7at\u0131\u011f\u0131n\u0131<a href=\"https:\/\/www.meydan.tv\/az\/article\/rusiya-ukrayna-muharibesi-yenilenen-xeberler\/\"> bildirib<\/a>.<\/p>\n\n\n\n<p>M\u0259lumatda qeyd edilir ki, d\u0259miryolu va\u011fzallar\u0131, Pol\u015fa, Slovakiya, Rum\u0131niya v\u0259 Macar\u0131stanla s\u0259rh\u0259d ke\u00e7id m\u0259nt\u0259q\u0259l\u0259ri qad\u0131nlar, u\u015faqlarla doludur.<\/p>\n\n\n\n<p>Ukrayna S\u0259rh\u0259d Xidm\u0259ti is\u0259 deyir ki, \u00f6lk\u0259nin q\u0259rb s\u0259rh\u0259dind\u0259ki b\u00fct\u00fcn ke\u00e7id m\u0259nt\u0259q\u0259l\u0259ri 24 saat i\u015fl\u0259yir v\u0259 \u00e7al\u0131\u015f\u0131rlar ki, uzun n\u00f6vb\u0259l\u0259r yaranmas\u0131n.<\/p>\n\n\n\n<p>Ukrayna hakimiyy\u0259ti 18-60 ya\u015fl\u0131 ki\u015fil\u0259rin \u00f6lk\u0259d\u0259n \u00e7\u0131xmas\u0131n\u0131 qada\u011fan edib. Haz\u0131rda ordu, ehtiyat q\u00fcvv\u0259l\u0259ri v\u0259 m\u00fclki m\u00fcdafi\u0259 qruplar\u0131 onminl\u0259rl\u0259 Rusiya \u0259sg\u0259ri v\u0259 desant\u00e7\u0131s\u0131, bombardman, tank v\u0259 zirehli texnika il\u0259 m\u00fcbariz\u0259 apar\u0131r.<\/p>\n\n\n\n<p>Britaniya k\u0259\u015ffiyyat\u0131n\u0131n a\u00e7\u0131qlad\u0131\u011f\u0131 m\u0259lumata g\u00f6r\u0259, Mariupol \u015f\u0259h\u0259ri Rusiya q\u00fcvv\u0259l\u0259rinin m\u00fchasir\u0259sind\u0259dir. \u015e\u0259h\u0259rin meri Vadim Boy\u00e7enko mart\u0131n 3-d\u0259 deyib ki, Rusiya q\u00fcvv\u0259l\u0259ri evakuasiyalar\u0131n qar\u015f\u0131s\u0131n\u0131 almaq \u00fc\u00e7\u00fcn d\u0259miryolu \u0259laq\u0259l\u0259rin\u0259 h\u00fccum edir, \u015f\u0259h\u0259ri \u201csistematik v\u0259 metodik\u201d blokadaya al\u0131r.<\/p>\n\n\n\n<p>Mer m\u00fchasir\u0259d\u0259 olan \u015f\u0259h\u0259rd\u0259 elektrikin b\u0259rpas\u0131 \u00fc\u00e7\u00fcn at\u0259\u015fk\u0259sin g\u0259r\u0259kdiyini vur\u011fulay\u0131b.<\/p>\n\n\n\n<p>Kiyevin meri Vitali Kli\u00e7ko is\u0259 mart\u0131n 3-d\u0259 b\u0259yan edib ki, \u00f6t\u0259n gec\u0259ki partlay\u0131\u015flar\u0131n bir qismi Ukrayna havadan m\u00fcdafi\u0259 sisteml\u0259rinin Rusiya raketl\u0259rini h\u0259d\u0259f\u0259 almas\u0131 n\u0259tic\u0259sind\u0259 ba\u015f verib. O, bir g\u00fcn \u00f6nc\u0259 Kiyevin \u0259sas d\u0259miryolu stansiyas\u0131 yax\u0131nl\u0131\u011f\u0131nda da\u011f\u0131d\u0131lm\u0131\u015f istilik x\u0259tl\u0259rinin mart\u0131n 3-d\u0259 t\u0259mir edil\u0259c\u0259yini deyib.<\/p>\n\n\n\n<p>Mer paytaxt sakinl\u0259rini \u015f\u0259h\u0259rd\u0259 g\u0259r\u0259ksiz g\u0259zintid\u0259n \u00e7\u0259kinm\u0259y\u0259 \u00e7a\u011f\u0131r\u0131b, gec\u0259 vaxt\u0131 komendant saat\u0131n\u0131n q\u00fcvv\u0259d\u0259 oldu\u011funu vur\u011fulay\u0131b.<\/p>\n\n\n\n<p>Rusiya fevral\u0131n 24-d\u0259 Ukraynaya geni\u015fmiqyasl\u0131 h\u00fccuma ba\u015flay\u0131b. Ondan 2 g\u00fcn \u00f6nc\u0259 is\u0259 Rusiya Prezidenti Vladimir Putin a\u00e7\u0131qlama ver\u0259r\u0259k Ukraynan\u0131n \u015f\u0259rqind\u0259ki separat\u00e7\u0131 qurumlar\u0131 tan\u0131d\u0131\u011f\u0131n\u0131 b\u0259yan edib.<\/p>\n\n\n\n<p>Ukrayna, Q\u0259rb liderl\u0259ri h\u00fccumu pisl\u0259yib, Putinin buna g\u00f6r\u0259 cavab ver\u0259c\u0259yini bildiribl\u0259r.<\/p>\n\n\n\n<p>Bundan sonra Avropa Birliyi \u00f6lk\u0259l\u0259rind\u0259n, el\u0259c\u0259 d\u0259 AB\u015e-dan Rusiyaya qar\u015f\u0131 sanksiyalar g\u0259lm\u0259y\u0259 ba\u015flay\u0131b.<\/p>\n\n\n\n<p>Sanksiya t\u0259tbiq edil\u0259n 600-d\u0259n \u00e7ox \u015f\u0259xsin i\u00e7ind\u0259 oliqarxlar, y\u00fcks\u0259k r\u00fctb\u0259li h\u0259rb\u00e7il\u0259r, \u015firk\u0259t sahibl\u0259ri, biznesmenl\u0259rl\u0259 yana\u015f\u0131, Rusiya Prezidenti Vladimir Putin v\u0259 xarici i\u015fl\u0259r naziri Sergey Lavrov da var.<\/p>\n","protected":false},"excerpt":{"rendered":"<p>Qay\u0131danlar\u0131n \u0259ks\u0259riyy\u0259ti ki\u015fil\u0259rdir Ukrayna S\u0259rh\u0259d Xidm\u0259ti son bir g\u00fcn \u0259rzind\u0259 &#8230; <\/p>\n<p class=\"read-more-container\"><a title=\"S\u0259rh\u0259d Xidm\u0259ti: \u0130ki min\u0259 yax\u0131n ukraynal\u0131 geri d\u00f6n\u00fcb\" class=\"read-more button\" href=\"https:\/\/www.meydan.tv\/az\/article\/serhed-xidmeti-iki-mine-yaxin-ukraynali-geri-donub\/#more-237019\" aria-label=\"Read more about S\u0259rh\u0259d Xidm\u0259ti: \u0130ki min\u0259 yax\u0131n ukraynal\u0131 geri d\u00f6n\u00fcb\">Davam\u0131<\/a><\/p>\n","protected":false},"author":12,"featured_media":236767,"comment_status":"closed","ping_status":"closed","sticky":false,"template":"","format":"standard","meta":{"_acf_changed":false,"_sitemap_exclude":false,"_sitemap_priority":"","_sitemap_frequency":"","footnotes":""},"categories":[64,59,56],"tags":[],"class_list":["post-237019","post","type-post","status-publish","format-standard","has-post-thumbnail","hentry","category-dunya","category-siyaset","category-xeberler","infinite-scroll-item","generate-columns","tablet-grid-50","mobile-grid-100","grid-parent","grid-33","no-featured-image-padding"],"acf":[],"yoast_head":"<!-- This site is optimized with the Yoast SEO plugin v27.5 - https:\/\/yoast.com\/product\/yoast-seo-wordpress\/ -->\n<title>S\u0259rh\u0259d Xidm\u0259ti: \u0130ki min\u0259 yax\u0131n ukraynal\u0131 geri d\u00f6n\u00fcb - MEYDAN.TV<\/title>\n<meta name=\"robots\" content=\"index, follow, max-snippet:-1, max-image-preview:large, max-video-preview:-1\" \/>\n<link rel=\"canonical\" href=\"https:\/\/www.meydan.tv\/az\/article\/serhed-xidmeti-iki-mine-yaxin-ukraynali-geri-donub\/\" \/>\n<meta property=\"og:locale\" content=\"az_AZ\" \/>\n<meta property=\"og:type\" content=\"article\" \/>\n<meta property=\"og:title\" content=\"S\u0259rh\u0259d Xidm\u0259ti: \u0130ki min\u0259 yax\u0131n ukraynal\u0131 geri d\u00f6n\u00fcb - MEYDAN.TV\" \/>\n<meta property=\"og:description\" content=\"Qay\u0131danlar\u0131n \u0259ks\u0259riyy\u0259ti ki\u015fil\u0259rdir Ukrayna S\u0259rh\u0259d Xidm\u0259ti son bir g\u00fcn \u0259rzind\u0259 ... Davam\u0131\" \/>\n<meta property=\"og:url\" content=\"https:\/\/www.meydan.tv\/az\/article\/serhed-xidmeti-iki-mine-yaxin-ukraynali-geri-donub\/\" \/>\n<meta property=\"og:site_name\" content=\"MEYDAN.TV\" \/>\n<meta property=\"article:published_time\" content=\"2022-03-03T15:45:55+00:00\" \/>\n<meta property=\"article:modified_time\" content=\"2022-03-03T15:45:57+00:00\" \/>\n<meta property=\"og:image\" content=\"https:\/\/www.meydan.tv\/wp-content\/uploads\/shutterstock_2129592647.jpg\" \/>\n\t<meta property=\"og:image:width\" content=\"1200\" \/>\n\t<meta property=\"og:image:height\" content=\"800\" \/>\n\t<meta property=\"og:image:type\" content=\"image\/jpeg\" \/>\n<meta name=\"author\" content=\"aleks\" \/>\n<meta name=\"twitter:card\" content=\"summary_large_image\" \/>\n<script type=\"application\/ld+json\" class=\"yoast-schema-graph\">{\"@context\":\"https:\\\/\\\/schema.org\",\"@graph\":[{\"@type\":\"Article\",\"@id\":\"https:\\\/\\\/www.meydan.tv\\\/az\\\/article\\\/serhed-xidmeti-iki-mine-yaxin-ukraynali-geri-donub\\\/#article\",\"isPartOf\":{\"@id\":\"https:\\\/\\\/www.meydan.tv\\\/az\\\/article\\\/serhed-xidmeti-iki-mine-yaxin-ukraynali-geri-donub\\\/\"},\"author\":{\"name\":\"aleks\",\"@id\":\"https:\\\/\\\/www.meydan.tv\\\/az\\\/#\\\/schema\\\/person\\\/476e9360e593fa131d5d71d51866f8da\"},\"headline\":\"S\u0259rh\u0259d Xidm\u0259ti: \u0130ki min\u0259 yax\u0131n ukraynal\u0131 geri d\u00f6n\u00fcb\",\"datePublished\":\"2022-03-03T15:45:55+00:00\",\"dateModified\":\"2022-03-03T15:45:57+00:00\",\"mainEntityOfPage\":{\"@id\":\"https:\\\/\\\/www.meydan.tv\\\/az\\\/article\\\/serhed-xidmeti-iki-mine-yaxin-ukraynali-geri-donub\\\/\"},\"wordCount\":542,\"publisher\":{\"@id\":\"https:\\\/\\\/www.meydan.tv\\\/az\\\/#organization\"},\"image\":{\"@id\":\"https:\\\/\\\/www.meydan.tv\\\/az\\\/article\\\/serhed-xidmeti-iki-mine-yaxin-ukraynali-geri-donub\\\/#primaryimage\"},\"thumbnailUrl\":\"https:\\\/\\\/www.meydan.tv\\\/wp-content\\\/uploads\\\/shutterstock_2129592647.jpg\",\"articleSection\":[\"D\u00fcnya\",\"Siyas\u0259t\",\"X\u0259b\u0259rl\u0259r\"],\"inLanguage\":\"az\"},{\"@type\":\"WebPage\",\"@id\":\"https:\\\/\\\/www.meydan.tv\\\/az\\\/article\\\/serhed-xidmeti-iki-mine-yaxin-ukraynali-geri-donub\\\/\",\"url\":\"https:\\\/\\\/www.meydan.tv\\\/az\\\/article\\\/serhed-xidmeti-iki-mine-yaxin-ukraynali-geri-donub\\\/\",\"name\":\"S\u0259rh\u0259d Xidm\u0259ti: \u0130ki min\u0259 yax\u0131n ukraynal\u0131 geri d\u00f6n\u00fcb - MEYDAN.TV\",\"isPartOf\":{\"@id\":\"https:\\\/\\\/www.meydan.tv\\\/az\\\/#website\"},\"primaryImageOfPage\":{\"@id\":\"https:\\\/\\\/www.meydan.tv\\\/az\\\/article\\\/serhed-xidmeti-iki-mine-yaxin-ukraynali-geri-donub\\\/#primaryimage\"},\"image\":{\"@id\":\"https:\\\/\\\/www.meydan.tv\\\/az\\\/article\\\/serhed-xidmeti-iki-mine-yaxin-ukraynali-geri-donub\\\/#primaryimage\"},\"thumbnailUrl\":\"https:\\\/\\\/www.meydan.tv\\\/wp-content\\\/uploads\\\/shutterstock_2129592647.jpg\",\"datePublished\":\"2022-03-03T15:45:55+00:00\",\"dateModified\":\"2022-03-03T15:45:57+00:00\",\"breadcrumb\":{\"@id\":\"https:\\\/\\\/www.meydan.tv\\\/az\\\/article\\\/serhed-xidmeti-iki-mine-yaxin-ukraynali-geri-donub\\\/#breadcrumb\"},\"inLanguage\":\"az\",\"potentialAction\":[{\"@type\":\"ReadAction\",\"target\":[\"https:\\\/\\\/www.meydan.tv\\\/az\\\/article\\\/serhed-xidmeti-iki-mine-yaxin-ukraynali-geri-donub\\\/\"]}]},{\"@type\":\"ImageObject\",\"inLanguage\":\"az\",\"@id\":\"https:\\\/\\\/www.meydan.tv\\\/az\\\/article\\\/serhed-xidmeti-iki-mine-yaxin-ukraynali-geri-donub\\\/#primaryimage\",\"url\":\"https:\\\/\\\/www.meydan.tv\\\/wp-content\\\/uploads\\\/shutterstock_2129592647.jpg\",\"contentUrl\":\"https:\\\/\\\/www.meydan.tv\\\/wp-content\\\/uploads\\\/shutterstock_2129592647.jpg\",\"width\":1200,\"height\":800,\"caption\":\"Ukraynan\u0131 t\u0259rk ed\u0259nl\u0259r. Foto: Janossy Gergely\\\/shutterstock\"},{\"@type\":\"BreadcrumbList\",\"@id\":\"https:\\\/\\\/www.meydan.tv\\\/az\\\/article\\\/serhed-xidmeti-iki-mine-yaxin-ukraynali-geri-donub\\\/#breadcrumb\",\"itemListElement\":[{\"@type\":\"ListItem\",\"position\":1,\"name\":\"Ana s\u0259hif\u0259\",\"item\":\"https:\\\/\\\/www.meydan.tv\\\/az\\\/\"},{\"@type\":\"ListItem\",\"position\":2,\"name\":\"D\u00fcnya\",\"item\":\"https:\\\/\\\/www.meydan.tv\\\/az\\\/section\\\/dunya\\\/\"},{\"@type\":\"ListItem\",\"position\":3,\"name\":\"S\u0259rh\u0259d Xidm\u0259ti: \u0130ki min\u0259 yax\u0131n ukraynal\u0131 geri d\u00f6n\u00fcb\"}]},{\"@type\":\"WebSite\",\"@id\":\"https:\\\/\\\/www.meydan.tv\\\/az\\\/#website\",\"url\":\"https:\\\/\\\/www.meydan.tv\\\/az\\\/\",\"name\":\"MEYDAN.TV\",\"description\":\"Meydan TV Az\u0259rbaycan\u0131n media m\u0259kan\u0131ndak\u0131 alternativ s\u0259sidir\",\"publisher\":{\"@id\":\"https:\\\/\\\/www.meydan.tv\\\/az\\\/#organization\"},\"potentialAction\":[{\"@type\":\"SearchAction\",\"target\":{\"@type\":\"EntryPoint\",\"urlTemplate\":\"https:\\\/\\\/www.meydan.tv\\\/az\\\/?s={search_term_string}\"},\"query-input\":{\"@type\":\"PropertyValueSpecification\",\"valueRequired\":true,\"valueName\":\"search_term_string\"}}],\"inLanguage\":\"az\"},{\"@type\":\"Organization\",\"@id\":\"https:\\\/\\\/www.meydan.tv\\\/az\\\/#organization\",\"name\":\"Meydan TV\",\"url\":\"https:\\\/\\\/www.meydan.tv\\\/az\\\/\",\"logo\":{\"@type\":\"ImageObject\",\"inLanguage\":\"az\",\"@id\":\"https:\\\/\\\/www.meydan.tv\\\/az\\\/#\\\/schema\\\/logo\\\/image\\\/\",\"url\":\"https:\\\/\\\/www.meydan.tv\\\/wp-content\\\/uploads\\\/2021\\\/07\\\/meydan-logo.svg\",\"contentUrl\":\"https:\\\/\\\/www.meydan.tv\\\/wp-content\\\/uploads\\\/2021\\\/07\\\/meydan-logo.svg\",\"width\":195,\"height\":46,\"caption\":\"Meydan TV\"},\"image\":{\"@id\":\"https:\\\/\\\/www.meydan.tv\\\/az\\\/#\\\/schema\\\/logo\\\/image\\\/\"}},{\"@type\":\"Person\",\"@id\":\"https:\\\/\\\/www.meydan.tv\\\/az\\\/#\\\/schema\\\/person\\\/476e9360e593fa131d5d71d51866f8da\",\"name\":\"aleks\"}]}<\/script>\n<!-- \/ Yoast SEO plugin. -->","yoast_head_json":{"title":"S\u0259rh\u0259d Xidm\u0259ti: \u0130ki min\u0259 yax\u0131n ukraynal\u0131 geri d\u00f6n\u00fcb - MEYDAN.TV","robots":{"index":"index","follow":"follow","max-snippet":"max-snippet:-1","max-image-preview":"max-image-preview:large","max-video-preview":"max-video-preview:-1"},"canonical":"https:\/\/www.meydan.tv\/az\/article\/serhed-xidmeti-iki-mine-yaxin-ukraynali-geri-donub\/","og_locale":"az_AZ","og_type":"article","og_title":"S\u0259rh\u0259d Xidm\u0259ti: \u0130ki min\u0259 yax\u0131n ukraynal\u0131 geri d\u00f6n\u00fcb - MEYDAN.TV","og_description":"Qay\u0131danlar\u0131n \u0259ks\u0259riyy\u0259ti ki\u015fil\u0259rdir Ukrayna S\u0259rh\u0259d Xidm\u0259ti son bir g\u00fcn \u0259rzind\u0259 ... Davam\u0131","og_url":"https:\/\/www.meydan.tv\/az\/article\/serhed-xidmeti-iki-mine-yaxin-ukraynali-geri-donub\/","og_site_name":"MEYDAN.TV","article_published_time":"2022-03-03T15:45:55+00:00","article_modified_time":"2022-03-03T15:45:57+00:00","og_image":[{"width":1200,"height":800,"url":"https:\/\/www.meydan.tv\/wp-content\/uploads\/shutterstock_2129592647.jpg","type":"image\/jpeg"}],"author":"aleks","twitter_card":"summary_large_image","schema":{"@context":"https:\/\/schema.org","@graph":[{"@type":"Article","@id":"https:\/\/www.meydan.tv\/az\/article\/serhed-xidmeti-iki-mine-yaxin-ukraynali-geri-donub\/#article","isPartOf":{"@id":"https:\/\/www.meydan.tv\/az\/article\/serhed-xidmeti-iki-mine-yaxin-ukraynali-geri-donub\/"},"author":{"name":"aleks","@id":"https:\/\/www.meydan.tv\/az\/#\/schema\/person\/476e9360e593fa131d5d71d51866f8da"},"headline":"S\u0259rh\u0259d Xidm\u0259ti: \u0130ki min\u0259 yax\u0131n ukraynal\u0131 geri d\u00f6n\u00fcb","datePublished":"2022-03-03T15:45:55+00:00","dateModified":"2022-03-03T15:45:57+00:00","mainEntityOfPage":{"@id":"https:\/\/www.meydan.tv\/az\/article\/serhed-xidmeti-iki-mine-yaxin-ukraynali-geri-donub\/"},"wordCount":542,"publisher":{"@id":"https:\/\/www.meydan.tv\/az\/#organization"},"image":{"@id":"https:\/\/www.meydan.tv\/az\/article\/serhed-xidmeti-iki-mine-yaxin-ukraynali-geri-donub\/#primaryimage"},"thumbnailUrl":"https:\/\/www.meydan.tv\/wp-content\/uploads\/shutterstock_2129592647.jpg","articleSection":["D\u00fcnya","Siyas\u0259t","X\u0259b\u0259rl\u0259r"],"inLanguage":"az"},{"@type":"WebPage","@id":"https:\/\/www.meydan.tv\/az\/article\/serhed-xidmeti-iki-mine-yaxin-ukraynali-geri-donub\/","url":"https:\/\/www.meydan.tv\/az\/article\/serhed-xidmeti-iki-mine-yaxin-ukraynali-geri-donub\/","name":"S\u0259rh\u0259d Xidm\u0259ti: \u0130ki min\u0259 yax\u0131n ukraynal\u0131 geri d\u00f6n\u00fcb - MEYDAN.TV","isPartOf":{"@id":"https:\/\/www.meydan.tv\/az\/#website"},"primaryImageOfPage":{"@id":"https:\/\/www.meydan.tv\/az\/article\/serhed-xidmeti-iki-mine-yaxin-ukraynali-geri-donub\/#primaryimage"},"image":{"@id":"https:\/\/www.meydan.tv\/az\/article\/serhed-xidmeti-iki-mine-yaxin-ukraynali-geri-donub\/#primaryimage"},"thumbnailUrl":"https:\/\/www.meydan.tv\/wp-content\/uploads\/shutterstock_2129592647.jpg","datePublished":"2022-03-03T15:45:55+00:00","dateModified":"2022-03-03T15:45:57+00:00","breadcrumb":{"@id":"https:\/\/www.meydan.tv\/az\/article\/serhed-xidmeti-iki-mine-yaxin-ukraynali-geri-donub\/#breadcrumb"},"inLanguage":"az","potentialAction":[{"@type":"ReadAction","target":["https:\/\/www.meydan.tv\/az\/article\/serhed-xidmeti-iki-mine-yaxin-ukraynali-geri-donub\/"]}]},{"@type":"ImageObject","inLanguage":"az","@id":"https:\/\/www.meydan.tv\/az\/article\/serhed-xidmeti-iki-mine-yaxin-ukraynali-geri-donub\/#primaryimage","url":"https:\/\/www.meydan.tv\/wp-content\/uploads\/shutterstock_2129592647.jpg","contentUrl":"https:\/\/www.meydan.tv\/wp-content\/uploads\/shutterstock_2129592647.jpg","width":1200,"height":800,"caption":"Ukraynan\u0131 t\u0259rk ed\u0259nl\u0259r. Foto: Janossy Gergely\/shutterstock"},{"@type":"BreadcrumbList","@id":"https:\/\/www.meydan.tv\/az\/article\/serhed-xidmeti-iki-mine-yaxin-ukraynali-geri-donub\/#breadcrumb","itemListElement":[{"@type":"ListItem","position":1,"name":"Ana s\u0259hif\u0259","item":"https:\/\/www.meydan.tv\/az\/"},{"@type":"ListItem","position":2,"name":"D\u00fcnya","item":"https:\/\/www.meydan.tv\/az\/section\/dunya\/"},{"@type":"ListItem","position":3,"name":"S\u0259rh\u0259d Xidm\u0259ti: \u0130ki min\u0259 yax\u0131n ukraynal\u0131 geri d\u00f6n\u00fcb"}]},{"@type":"WebSite","@id":"https:\/\/www.meydan.tv\/az\/#website","url":"https:\/\/www.meydan.tv\/az\/","name":"MEYDAN.TV","description":"Meydan TV Az\u0259rbaycan\u0131n media m\u0259kan\u0131ndak\u0131 alternativ s\u0259sidir","publisher":{"@id":"https:\/\/www.meydan.tv\/az\/#organization"},"potentialAction":[{"@type":"SearchAction","target":{"@type":"EntryPoint","urlTemplate":"https:\/\/www.meydan.tv\/az\/?s={search_term_string}"},"query-input":{"@type":"PropertyValueSpecification","valueRequired":true,"valueName":"search_term_string"}}],"inLanguage":"az"},{"@type":"Organization","@id":"https:\/\/www.meydan.tv\/az\/#organization","name":"Meydan TV","url":"https:\/\/www.meydan.tv\/az\/","logo":{"@type":"ImageObject","inLanguage":"az","@id":"https:\/\/www.meydan.tv\/az\/#\/schema\/logo\/image\/","url":"https:\/\/www.meydan.tv\/wp-content\/uploads\/2021\/07\/meydan-logo.svg","contentUrl":"https:\/\/www.meydan.tv\/wp-content\/uploads\/2021\/07\/meydan-logo.svg","width":195,"height":46,"caption":"Meydan TV"},"image":{"@id":"https:\/\/www.meydan.tv\/az\/#\/schema\/logo\/image\/"}},{"@type":"Person","@id":"https:\/\/www.meydan.tv\/az\/#\/schema\/person\/476e9360e593fa131d5d71d51866f8da","name":"aleks"}]}},"_links":{"self":[{"href":"https:\/\/www.meydan.tv\/az\/wp-json\/wp\/v2\/posts\/237019","targetHints":{"allow":["GET"]}}],"collection":[{"href":"https:\/\/www.meydan.tv\/az\/wp-json\/wp\/v2\/posts"}],"about":[{"href":"https:\/\/www.meydan.tv\/az\/wp-json\/wp\/v2\/types\/post"}],"author":[{"embeddable":true,"href":"https:\/\/www.meydan.tv\/az\/wp-json\/wp\/v2\/users\/12"}],"replies":[{"embeddable":true,"href":"https:\/\/www.meydan.tv\/az\/wp-json\/wp\/v2\/comments?post=237019"}],"version-history":[{"count":1,"href":"https:\/\/www.meydan.tv\/az\/wp-json\/wp\/v2\/posts\/237019\/revisions"}],"predecessor-version":[{"id":237020,"href":"https:\/\/www.meydan.tv\/az\/wp-json\/wp\/v2\/posts\/237019\/revisions\/237020"}],"wp:featuredmedia":[{"embeddable":true,"href":"https:\/\/www.meydan.tv\/az\/wp-json\/wp\/v2\/media\/236767"}],"wp:attachment":[{"href":"https:\/\/www.meydan.tv\/az\/wp-json\/wp\/v2\/media?parent=237019"}],"wp:term":[{"taxonomy":"category","embeddable":true,"href":"https:\/\/www.meydan.tv\/az\/wp-json\/wp\/v2\/categories?post=237019"},{"taxonomy":"post_tag","embeddable":true,"href":"https:\/\/www.meydan.tv\/az\/wp-json\/wp\/v2\/tags?post=237019"}],"curies":[{"name":"wp","href":"https:\/\/api.w.org\/{rel}","templated":true}]}}