{"id":236983,"date":"2022-03-03T17:35:50","date_gmt":"2022-03-03T13:35:50","guid":{"rendered":"https:\/\/www.meydan.tv\/?p=236983"},"modified":"2022-03-03T17:35:52","modified_gmt":"2022-03-03T13:35:52","slug":"amnesty-international-ukraynda-muharibe-cinayetlerini-senedlesdirib","status":"publish","type":"post","link":"https:\/\/www.meydan.tv\/az\/article\/amnesty-international-ukraynda-muharibe-cinayetlerini-senedlesdirib\/","title":{"rendered":"\u201cAmnesty \u0130nternational\u201d Ukraynda m\u00fcharib\u0259 cinay\u0259tl\u0259rini s\u0259n\u0259dl\u0259\u015fdirib"},"content":{"rendered":"\n<p>&#8220;Dan\u0131\u015f\u0131qlar\u0131n ke\u00e7irildiyi vaxt Xarkovun h\u00fccuma m\u0259ruz qalmas\u0131 m\u00fch<em>arib\u0259 cinay\u0259tidir&#8221;<\/em><\/p>\n\n\n\n<p>\u201cAmnesty \u0130nternational\u201d insan h\u00fcquqlar\u0131 t\u0259\u015fkilat\u0131 fevral\u0131n 28-d\u0259 Xarkov \u015f\u0259h\u0259rind\u0259 u\u015faqlar da daxil olmaqla \u0259n az\u0131 9 m\u00fclki \u015f\u0259xsin \u00f6l\u00fcm\u00fc il\u0259 n\u0259tic\u0259l\u0259n\u0259n \u00fc\u00e7 h\u00fccumu <a href=\"https:\/\/twitter.com\/i\/status\/1499357512193220610\" target=\"_blank\" rel=\"noreferrer noopener\">s\u0259n\u0259dl\u0259\u015fdirib<\/a>.<\/p>\n\n\n\n<p>T\u0259\u015fkilat Minskd\u0259 Ukrayna il\u0259 Rusiya aras\u0131nda dan\u0131\u015f\u0131qlar\u0131n ke\u00e7irildiyi vaxt Ukraynan\u0131n ikinci \u0259n b\u00f6y\u00fck \u015f\u0259h\u0259rin\u0259 edil\u0259n h\u00fccumlar\u0131 \u201cm\u00fcmk\u00fcn m\u00fcharib\u0259 cinay\u0259tl\u0259ri\u201d kimi qiym\u0259tl\u0259ndirib.<\/p>\n\n\n\n<p>\u201c\u015eimali Xarkova yerli vaxtla saat 12.30-da h\u00fccum h\u0259yata ke\u00e7irilib. H\u0259min h\u00fccumlardan birind\u0259 9N235 kaset sursatlar\u0131 il\u0259 birlikd\u0259 Rusiya istehsal\u0131 olan 300 mm-lik &#8220;Smer\u00e7&#8221; raketl\u0259rind\u0259n istifad\u0259 edilib. Bu, h\u00fccumun Rusiya t\u0259r\u0259find\u0259n h\u0259yata ke\u00e7irildiyini g\u00f6st\u0259rir\u201d, &#8211; \u201cAmnesty International\u201d bildirib.<\/p>\n\n\n\n<p>T\u0259\u015fkilat \u0259lav\u0259 edib ki, h\u00fccum n\u0259tic\u0259sind\u0259 bir u\u015faq \u00f6l\u00fcb.<\/p>\n\n\n\n<p>\u018frazid\u0259 i\u00e7m\u0259li su toplayan \u00fc\u00e7 n\u0259f\u0259r d\u0259 daxil olmaqla \u0259n az\u0131 d\u00f6rd m\u00fclki \u015f\u0259xs h\u0259lak olub.<\/p>\n\n\n\n<p>Bildirilir ki, eyni g\u00fcn ba\u015fqa bir h\u00fccum da \u015f\u0259h\u0259rin m\u0259rk\u0259zi Klochkivska k\u00fc\u00e7\u0259sind\u0259 300 mm-lik &#8220;Smer\u00e7&#8221; raketi il\u0259 ba\u015f <a href=\"https:\/\/twitter.com\/amnesty\/status\/1499357519327731716?ref_src=twsrc%5Etfw%7Ctwcamp%5Etweetembed%7Ctwterm%5E1499357519327731716%7Ctwgr%5E%7Ctwcon%5Es1_&amp;ref_url=https%3A%2F%2Fwww.theguardian.com%2Fworld%2Flive%2F2022%2Fmar%2F03%2Fukraine-news-russia-war-vladimir-putin-biden-latest-live-updates-kherson-kyiv-kharkiv-refugees-russian-invasion\" target=\"_blank\" rel=\"noreferrer noopener\">verib<\/a>.<\/p>\n\n\n\n<p>M\u0259rmi z\u0259rb\u0259si al\u0131\u015f-veri\u015f\u0259 \u00e7\u0131xan qad\u0131n\u0131n aya\u011f\u0131na d\u0259yib v\u0259 o, tez bir zamanda h\u0259yat\u0131n\u0131 itirib.<\/p>\n\n\n\n<p>Fevral\u0131n 24-n\u0259 ke\u00e7\u0259n gec\u0259 Rusiya Prezidenti Vladimir Putin Ukrayna \u00fcz\u0259rin\u0259 \u201cx\u00fcsusi \u0259m\u0259liyyat\u201d \u0259mri verib.<\/p>\n\n\n\n<p>S\u0259b\u0259b kimi is\u0259 qondarma Donetsk v\u0259 Luqansk \u201crespublikalar\u0131\u201d r\u0259hb\u0259rl\u0259rinin ona m\u00fcraci\u0259tini g\u00f6st\u0259rib.<\/p>\n\n\n\n<p>O iddia edib ki, m\u0259qs\u0259d dinc sakinl\u0259ri qorumaq, Ukraynan\u0131n t\u0259hdidl\u0259rin\u0259 cavab verm\u0259kdir.<\/p>\n\n\n\n<p>Ukrayna, Q\u0259rb liderl\u0259ri h\u00fccumu pisl\u0259yib, Putinin buna g\u00f6r\u0259 cavab ver\u0259c\u0259yini bildiribl\u0259r.<\/p>\n\n\n\n<p>Bundan sonra Avropa Birliyi \u00f6lk\u0259l\u0259rind\u0259n, el\u0259c\u0259 d\u0259 AB\u015e-dan Rusiyaya qar\u015f\u0131 sanksiyalar g\u0259lm\u0259y\u0259 ba\u015flay\u0131b.<\/p>\n\n\n\n<p>Sanksiya t\u0259tbiq edil\u0259n 600-d\u0259n \u00e7ox \u015f\u0259xsin i\u00e7ind\u0259 oliqarxlar, y\u00fcks\u0259k r\u00fctb\u0259li h\u0259rb\u00e7il\u0259r, \u015firk\u0259t sahibl\u0259ri, biznesmenl\u0259rl\u0259 yana\u015f\u0131, Rusiya Prezidenti Vladimir Putin v\u0259 xarici i\u015fl\u0259r naziri Sergey Lavrov da var.<\/p>\n","protected":false},"excerpt":{"rendered":"<p>&#8220;Dan\u0131\u015f\u0131qlar\u0131n ke\u00e7irildiyi vaxt Xarkovun h\u00fccuma m\u0259ruz qalmas\u0131 m\u00fcharib\u0259 cinay\u0259tidir&#8221; \u201cAmnesty &#8230; <\/p>\n<p class=\"read-more-container\"><a title=\"\u201cAmnesty \u0130nternational\u201d Ukraynda m\u00fcharib\u0259 cinay\u0259tl\u0259rini s\u0259n\u0259dl\u0259\u015fdirib\" class=\"read-more button\" href=\"https:\/\/www.meydan.tv\/az\/article\/amnesty-international-ukraynda-muharibe-cinayetlerini-senedlesdirib\/#more-236983\" aria-label=\"Read more about \u201cAmnesty \u0130nternational\u201d Ukraynda m\u00fcharib\u0259 cinay\u0259tl\u0259rini s\u0259n\u0259dl\u0259\u015fdirib\">Davam\u0131<\/a><\/p>\n","protected":false},"author":8,"featured_media":229428,"comment_status":"closed","ping_status":"closed","sticky":false,"template":"","format":"standard","meta":{"_acf_changed":false,"_sitemap_exclude":false,"_sitemap_priority":"","_sitemap_frequency":"","footnotes":""},"categories":[64,56],"tags":[],"class_list":["post-236983","post","type-post","status-publish","format-standard","has-post-thumbnail","hentry","category-dunya","category-xeberler","infinite-scroll-item","generate-columns","tablet-grid-50","mobile-grid-100","grid-parent","grid-33","no-featured-image-padding"],"acf":[],"yoast_head":"<!-- This site is optimized with the Yoast SEO plugin v27.5 - https:\/\/yoast.com\/product\/yoast-seo-wordpress\/ -->\n<title>\u201cAmnesty \u0130nternational\u201d Ukraynda m\u00fcharib\u0259 cinay\u0259tl\u0259rini s\u0259n\u0259dl\u0259\u015fdirib - MEYDAN.TV<\/title>\n<meta name=\"robots\" content=\"index, follow, max-snippet:-1, max-image-preview:large, max-video-preview:-1\" \/>\n<link rel=\"canonical\" href=\"https:\/\/www.meydan.tv\/az\/article\/amnesty-international-ukraynda-muharibe-cinayetlerini-senedlesdirib\/\" \/>\n<meta property=\"og:locale\" content=\"az_AZ\" \/>\n<meta property=\"og:type\" content=\"article\" \/>\n<meta property=\"og:title\" content=\"\u201cAmnesty \u0130nternational\u201d Ukraynda m\u00fcharib\u0259 cinay\u0259tl\u0259rini s\u0259n\u0259dl\u0259\u015fdirib - MEYDAN.TV\" \/>\n<meta property=\"og:description\" content=\"&#8220;Dan\u0131\u015f\u0131qlar\u0131n ke\u00e7irildiyi vaxt Xarkovun h\u00fccuma m\u0259ruz qalmas\u0131 m\u00fcharib\u0259 cinay\u0259tidir&#8221; \u201cAmnesty ... Davam\u0131\" \/>\n<meta property=\"og:url\" content=\"https:\/\/www.meydan.tv\/az\/article\/amnesty-international-ukraynda-muharibe-cinayetlerini-senedlesdirib\/\" \/>\n<meta property=\"og:site_name\" content=\"MEYDAN.TV\" \/>\n<meta property=\"article:published_time\" content=\"2022-03-03T13:35:50+00:00\" \/>\n<meta property=\"article:modified_time\" content=\"2022-03-03T13:35:52+00:00\" \/>\n<meta property=\"og:image\" content=\"https:\/\/www.meydan.tv\/wp-content\/uploads\/shutterstock_1170052747.jpg\" \/>\n\t<meta property=\"og:image:width\" content=\"1200\" \/>\n\t<meta property=\"og:image:height\" content=\"960\" \/>\n\t<meta property=\"og:image:type\" content=\"image\/jpeg\" \/>\n<meta name=\"author\" content=\"elli\" \/>\n<meta name=\"twitter:card\" content=\"summary_large_image\" \/>\n<meta name=\"twitter:creator\" content=\"@elli\" \/>\n<script type=\"application\/ld+json\" class=\"yoast-schema-graph\">{\"@context\":\"https:\\\/\\\/schema.org\",\"@graph\":[{\"@type\":\"Article\",\"@id\":\"https:\\\/\\\/www.meydan.tv\\\/az\\\/article\\\/amnesty-international-ukraynda-muharibe-cinayetlerini-senedlesdirib\\\/#article\",\"isPartOf\":{\"@id\":\"https:\\\/\\\/www.meydan.tv\\\/az\\\/article\\\/amnesty-international-ukraynda-muharibe-cinayetlerini-senedlesdirib\\\/\"},\"author\":{\"name\":\"elli\",\"@id\":\"https:\\\/\\\/www.meydan.tv\\\/az\\\/#\\\/schema\\\/person\\\/9cdbecf90d17180ce1dfbd95b08dcf47\"},\"headline\":\"\u201cAmnesty \u0130nternational\u201d Ukraynda m\u00fcharib\u0259 cinay\u0259tl\u0259rini s\u0259n\u0259dl\u0259\u015fdirib\",\"datePublished\":\"2022-03-03T13:35:50+00:00\",\"dateModified\":\"2022-03-03T13:35:52+00:00\",\"mainEntityOfPage\":{\"@id\":\"https:\\\/\\\/www.meydan.tv\\\/az\\\/article\\\/amnesty-international-ukraynda-muharibe-cinayetlerini-senedlesdirib\\\/\"},\"wordCount\":384,\"publisher\":{\"@id\":\"https:\\\/\\\/www.meydan.tv\\\/az\\\/#organization\"},\"image\":{\"@id\":\"https:\\\/\\\/www.meydan.tv\\\/az\\\/article\\\/amnesty-international-ukraynda-muharibe-cinayetlerini-senedlesdirib\\\/#primaryimage\"},\"thumbnailUrl\":\"https:\\\/\\\/www.meydan.tv\\\/wp-content\\\/uploads\\\/shutterstock_1170052747.jpg\",\"articleSection\":[\"D\u00fcnya\",\"X\u0259b\u0259rl\u0259r\"],\"inLanguage\":\"az\"},{\"@type\":\"WebPage\",\"@id\":\"https:\\\/\\\/www.meydan.tv\\\/az\\\/article\\\/amnesty-international-ukraynda-muharibe-cinayetlerini-senedlesdirib\\\/\",\"url\":\"https:\\\/\\\/www.meydan.tv\\\/az\\\/article\\\/amnesty-international-ukraynda-muharibe-cinayetlerini-senedlesdirib\\\/\",\"name\":\"\u201cAmnesty \u0130nternational\u201d Ukraynda m\u00fcharib\u0259 cinay\u0259tl\u0259rini s\u0259n\u0259dl\u0259\u015fdirib - MEYDAN.TV\",\"isPartOf\":{\"@id\":\"https:\\\/\\\/www.meydan.tv\\\/az\\\/#website\"},\"primaryImageOfPage\":{\"@id\":\"https:\\\/\\\/www.meydan.tv\\\/az\\\/article\\\/amnesty-international-ukraynda-muharibe-cinayetlerini-senedlesdirib\\\/#primaryimage\"},\"image\":{\"@id\":\"https:\\\/\\\/www.meydan.tv\\\/az\\\/article\\\/amnesty-international-ukraynda-muharibe-cinayetlerini-senedlesdirib\\\/#primaryimage\"},\"thumbnailUrl\":\"https:\\\/\\\/www.meydan.tv\\\/wp-content\\\/uploads\\\/shutterstock_1170052747.jpg\",\"datePublished\":\"2022-03-03T13:35:50+00:00\",\"dateModified\":\"2022-03-03T13:35:52+00:00\",\"breadcrumb\":{\"@id\":\"https:\\\/\\\/www.meydan.tv\\\/az\\\/article\\\/amnesty-international-ukraynda-muharibe-cinayetlerini-senedlesdirib\\\/#breadcrumb\"},\"inLanguage\":\"az\",\"potentialAction\":[{\"@type\":\"ReadAction\",\"target\":[\"https:\\\/\\\/www.meydan.tv\\\/az\\\/article\\\/amnesty-international-ukraynda-muharibe-cinayetlerini-senedlesdirib\\\/\"]}]},{\"@type\":\"ImageObject\",\"inLanguage\":\"az\",\"@id\":\"https:\\\/\\\/www.meydan.tv\\\/az\\\/article\\\/amnesty-international-ukraynda-muharibe-cinayetlerini-senedlesdirib\\\/#primaryimage\",\"url\":\"https:\\\/\\\/www.meydan.tv\\\/wp-content\\\/uploads\\\/shutterstock_1170052747.jpg\",\"contentUrl\":\"https:\\\/\\\/www.meydan.tv\\\/wp-content\\\/uploads\\\/shutterstock_1170052747.jpg\",\"width\":1200,\"height\":960,\"caption\":\"Foto: By Casimiro PT\\\/Shutterstock\"},{\"@type\":\"BreadcrumbList\",\"@id\":\"https:\\\/\\\/www.meydan.tv\\\/az\\\/article\\\/amnesty-international-ukraynda-muharibe-cinayetlerini-senedlesdirib\\\/#breadcrumb\",\"itemListElement\":[{\"@type\":\"ListItem\",\"position\":1,\"name\":\"Ana s\u0259hif\u0259\",\"item\":\"https:\\\/\\\/www.meydan.tv\\\/az\\\/\"},{\"@type\":\"ListItem\",\"position\":2,\"name\":\"D\u00fcnya\",\"item\":\"https:\\\/\\\/www.meydan.tv\\\/az\\\/section\\\/dunya\\\/\"},{\"@type\":\"ListItem\",\"position\":3,\"name\":\"\u201cAmnesty \u0130nternational\u201d Ukraynda m\u00fcharib\u0259 cinay\u0259tl\u0259rini s\u0259n\u0259dl\u0259\u015fdirib\"}]},{\"@type\":\"WebSite\",\"@id\":\"https:\\\/\\\/www.meydan.tv\\\/az\\\/#website\",\"url\":\"https:\\\/\\\/www.meydan.tv\\\/az\\\/\",\"name\":\"MEYDAN.TV\",\"description\":\"Meydan TV Az\u0259rbaycan\u0131n media m\u0259kan\u0131ndak\u0131 alternativ s\u0259sidir\",\"publisher\":{\"@id\":\"https:\\\/\\\/www.meydan.tv\\\/az\\\/#organization\"},\"potentialAction\":[{\"@type\":\"SearchAction\",\"target\":{\"@type\":\"EntryPoint\",\"urlTemplate\":\"https:\\\/\\\/www.meydan.tv\\\/az\\\/?s={search_term_string}\"},\"query-input\":{\"@type\":\"PropertyValueSpecification\",\"valueRequired\":true,\"valueName\":\"search_term_string\"}}],\"inLanguage\":\"az\"},{\"@type\":\"Organization\",\"@id\":\"https:\\\/\\\/www.meydan.tv\\\/az\\\/#organization\",\"name\":\"Meydan TV\",\"url\":\"https:\\\/\\\/www.meydan.tv\\\/az\\\/\",\"logo\":{\"@type\":\"ImageObject\",\"inLanguage\":\"az\",\"@id\":\"https:\\\/\\\/www.meydan.tv\\\/az\\\/#\\\/schema\\\/logo\\\/image\\\/\",\"url\":\"https:\\\/\\\/www.meydan.tv\\\/wp-content\\\/uploads\\\/2021\\\/07\\\/meydan-logo.svg\",\"contentUrl\":\"https:\\\/\\\/www.meydan.tv\\\/wp-content\\\/uploads\\\/2021\\\/07\\\/meydan-logo.svg\",\"width\":195,\"height\":46,\"caption\":\"Meydan TV\"},\"image\":{\"@id\":\"https:\\\/\\\/www.meydan.tv\\\/az\\\/#\\\/schema\\\/logo\\\/image\\\/\"}},{\"@type\":\"Person\",\"@id\":\"https:\\\/\\\/www.meydan.tv\\\/az\\\/#\\\/schema\\\/person\\\/9cdbecf90d17180ce1dfbd95b08dcf47\",\"name\":\"elli\",\"sameAs\":[\"https:\\\/\\\/x.com\\\/elli\"]}]}<\/script>\n<!-- \/ Yoast SEO plugin. -->","yoast_head_json":{"title":"\u201cAmnesty \u0130nternational\u201d Ukraynda m\u00fcharib\u0259 cinay\u0259tl\u0259rini s\u0259n\u0259dl\u0259\u015fdirib - MEYDAN.TV","robots":{"index":"index","follow":"follow","max-snippet":"max-snippet:-1","max-image-preview":"max-image-preview:large","max-video-preview":"max-video-preview:-1"},"canonical":"https:\/\/www.meydan.tv\/az\/article\/amnesty-international-ukraynda-muharibe-cinayetlerini-senedlesdirib\/","og_locale":"az_AZ","og_type":"article","og_title":"\u201cAmnesty \u0130nternational\u201d Ukraynda m\u00fcharib\u0259 cinay\u0259tl\u0259rini s\u0259n\u0259dl\u0259\u015fdirib - MEYDAN.TV","og_description":"&#8220;Dan\u0131\u015f\u0131qlar\u0131n ke\u00e7irildiyi vaxt Xarkovun h\u00fccuma m\u0259ruz qalmas\u0131 m\u00fcharib\u0259 cinay\u0259tidir&#8221; \u201cAmnesty ... Davam\u0131","og_url":"https:\/\/www.meydan.tv\/az\/article\/amnesty-international-ukraynda-muharibe-cinayetlerini-senedlesdirib\/","og_site_name":"MEYDAN.TV","article_published_time":"2022-03-03T13:35:50+00:00","article_modified_time":"2022-03-03T13:35:52+00:00","og_image":[{"width":1200,"height":960,"url":"https:\/\/www.meydan.tv\/wp-content\/uploads\/shutterstock_1170052747.jpg","type":"image\/jpeg"}],"author":"elli","twitter_card":"summary_large_image","twitter_creator":"@elli","schema":{"@context":"https:\/\/schema.org","@graph":[{"@type":"Article","@id":"https:\/\/www.meydan.tv\/az\/article\/amnesty-international-ukraynda-muharibe-cinayetlerini-senedlesdirib\/#article","isPartOf":{"@id":"https:\/\/www.meydan.tv\/az\/article\/amnesty-international-ukraynda-muharibe-cinayetlerini-senedlesdirib\/"},"author":{"name":"elli","@id":"https:\/\/www.meydan.tv\/az\/#\/schema\/person\/9cdbecf90d17180ce1dfbd95b08dcf47"},"headline":"\u201cAmnesty \u0130nternational\u201d Ukraynda m\u00fcharib\u0259 cinay\u0259tl\u0259rini s\u0259n\u0259dl\u0259\u015fdirib","datePublished":"2022-03-03T13:35:50+00:00","dateModified":"2022-03-03T13:35:52+00:00","mainEntityOfPage":{"@id":"https:\/\/www.meydan.tv\/az\/article\/amnesty-international-ukraynda-muharibe-cinayetlerini-senedlesdirib\/"},"wordCount":384,"publisher":{"@id":"https:\/\/www.meydan.tv\/az\/#organization"},"image":{"@id":"https:\/\/www.meydan.tv\/az\/article\/amnesty-international-ukraynda-muharibe-cinayetlerini-senedlesdirib\/#primaryimage"},"thumbnailUrl":"https:\/\/www.meydan.tv\/wp-content\/uploads\/shutterstock_1170052747.jpg","articleSection":["D\u00fcnya","X\u0259b\u0259rl\u0259r"],"inLanguage":"az"},{"@type":"WebPage","@id":"https:\/\/www.meydan.tv\/az\/article\/amnesty-international-ukraynda-muharibe-cinayetlerini-senedlesdirib\/","url":"https:\/\/www.meydan.tv\/az\/article\/amnesty-international-ukraynda-muharibe-cinayetlerini-senedlesdirib\/","name":"\u201cAmnesty \u0130nternational\u201d Ukraynda m\u00fcharib\u0259 cinay\u0259tl\u0259rini s\u0259n\u0259dl\u0259\u015fdirib - MEYDAN.TV","isPartOf":{"@id":"https:\/\/www.meydan.tv\/az\/#website"},"primaryImageOfPage":{"@id":"https:\/\/www.meydan.tv\/az\/article\/amnesty-international-ukraynda-muharibe-cinayetlerini-senedlesdirib\/#primaryimage"},"image":{"@id":"https:\/\/www.meydan.tv\/az\/article\/amnesty-international-ukraynda-muharibe-cinayetlerini-senedlesdirib\/#primaryimage"},"thumbnailUrl":"https:\/\/www.meydan.tv\/wp-content\/uploads\/shutterstock_1170052747.jpg","datePublished":"2022-03-03T13:35:50+00:00","dateModified":"2022-03-03T13:35:52+00:00","breadcrumb":{"@id":"https:\/\/www.meydan.tv\/az\/article\/amnesty-international-ukraynda-muharibe-cinayetlerini-senedlesdirib\/#breadcrumb"},"inLanguage":"az","potentialAction":[{"@type":"ReadAction","target":["https:\/\/www.meydan.tv\/az\/article\/amnesty-international-ukraynda-muharibe-cinayetlerini-senedlesdirib\/"]}]},{"@type":"ImageObject","inLanguage":"az","@id":"https:\/\/www.meydan.tv\/az\/article\/amnesty-international-ukraynda-muharibe-cinayetlerini-senedlesdirib\/#primaryimage","url":"https:\/\/www.meydan.tv\/wp-content\/uploads\/shutterstock_1170052747.jpg","contentUrl":"https:\/\/www.meydan.tv\/wp-content\/uploads\/shutterstock_1170052747.jpg","width":1200,"height":960,"caption":"Foto: By Casimiro PT\/Shutterstock"},{"@type":"BreadcrumbList","@id":"https:\/\/www.meydan.tv\/az\/article\/amnesty-international-ukraynda-muharibe-cinayetlerini-senedlesdirib\/#breadcrumb","itemListElement":[{"@type":"ListItem","position":1,"name":"Ana s\u0259hif\u0259","item":"https:\/\/www.meydan.tv\/az\/"},{"@type":"ListItem","position":2,"name":"D\u00fcnya","item":"https:\/\/www.meydan.tv\/az\/section\/dunya\/"},{"@type":"ListItem","position":3,"name":"\u201cAmnesty \u0130nternational\u201d Ukraynda m\u00fcharib\u0259 cinay\u0259tl\u0259rini s\u0259n\u0259dl\u0259\u015fdirib"}]},{"@type":"WebSite","@id":"https:\/\/www.meydan.tv\/az\/#website","url":"https:\/\/www.meydan.tv\/az\/","name":"MEYDAN.TV","description":"Meydan TV Az\u0259rbaycan\u0131n media m\u0259kan\u0131ndak\u0131 alternativ s\u0259sidir","publisher":{"@id":"https:\/\/www.meydan.tv\/az\/#organization"},"potentialAction":[{"@type":"SearchAction","target":{"@type":"EntryPoint","urlTemplate":"https:\/\/www.meydan.tv\/az\/?s={search_term_string}"},"query-input":{"@type":"PropertyValueSpecification","valueRequired":true,"valueName":"search_term_string"}}],"inLanguage":"az"},{"@type":"Organization","@id":"https:\/\/www.meydan.tv\/az\/#organization","name":"Meydan TV","url":"https:\/\/www.meydan.tv\/az\/","logo":{"@type":"ImageObject","inLanguage":"az","@id":"https:\/\/www.meydan.tv\/az\/#\/schema\/logo\/image\/","url":"https:\/\/www.meydan.tv\/wp-content\/uploads\/2021\/07\/meydan-logo.svg","contentUrl":"https:\/\/www.meydan.tv\/wp-content\/uploads\/2021\/07\/meydan-logo.svg","width":195,"height":46,"caption":"Meydan TV"},"image":{"@id":"https:\/\/www.meydan.tv\/az\/#\/schema\/logo\/image\/"}},{"@type":"Person","@id":"https:\/\/www.meydan.tv\/az\/#\/schema\/person\/9cdbecf90d17180ce1dfbd95b08dcf47","name":"elli","sameAs":["https:\/\/x.com\/elli"]}]}},"_links":{"self":[{"href":"https:\/\/www.meydan.tv\/az\/wp-json\/wp\/v2\/posts\/236983","targetHints":{"allow":["GET"]}}],"collection":[{"href":"https:\/\/www.meydan.tv\/az\/wp-json\/wp\/v2\/posts"}],"about":[{"href":"https:\/\/www.meydan.tv\/az\/wp-json\/wp\/v2\/types\/post"}],"author":[{"embeddable":true,"href":"https:\/\/www.meydan.tv\/az\/wp-json\/wp\/v2\/users\/8"}],"replies":[{"embeddable":true,"href":"https:\/\/www.meydan.tv\/az\/wp-json\/wp\/v2\/comments?post=236983"}],"version-history":[{"count":1,"href":"https:\/\/www.meydan.tv\/az\/wp-json\/wp\/v2\/posts\/236983\/revisions"}],"predecessor-version":[{"id":236984,"href":"https:\/\/www.meydan.tv\/az\/wp-json\/wp\/v2\/posts\/236983\/revisions\/236984"}],"wp:featuredmedia":[{"embeddable":true,"href":"https:\/\/www.meydan.tv\/az\/wp-json\/wp\/v2\/media\/229428"}],"wp:attachment":[{"href":"https:\/\/www.meydan.tv\/az\/wp-json\/wp\/v2\/media?parent=236983"}],"wp:term":[{"taxonomy":"category","embeddable":true,"href":"https:\/\/www.meydan.tv\/az\/wp-json\/wp\/v2\/categories?post=236983"},{"taxonomy":"post_tag","embeddable":true,"href":"https:\/\/www.meydan.tv\/az\/wp-json\/wp\/v2\/tags?post=236983"}],"curies":[{"name":"wp","href":"https:\/\/api.w.org\/{rel}","templated":true}]}}