{"id":236939,"date":"2022-03-03T16:09:57","date_gmt":"2022-03-03T12:09:57","guid":{"rendered":"https:\/\/www.meydan.tv\/?p=236939"},"modified":"2022-03-03T16:10:34","modified_gmt":"2022-03-03T12:10:34","slug":"azerbaycan-ural-diaspora-cemiyyeti-donetsk-ve-luqanski-ucun-yardim-toplayir","status":"publish","type":"post","link":"https:\/\/www.meydan.tv\/az\/article\/azerbaycan-ural-diaspora-cemiyyeti-donetsk-ve-luqanski-ucun-yardim-toplayir\/","title":{"rendered":"&#8220;Az\u0259rbaycan-Ural&#8221; diaspora c\u0259miyy\u0259ti Donetsk v\u0259 Luqanski \u00fc\u00e7\u00fcn yard\u0131m toplay\u0131r?"},"content":{"rendered":"\n<p><em>S\u0259dr Rusiya medias\u0131n\u0131n yazd\u0131qlar\u0131n\u0131 yalanlay\u0131r<\/em><br><\/p>\n\n\n\n<p>Rusiyan\u0131n Sverdlovsk vilay\u0259tind\u0259 f\u0259aliyy\u0259t g\u00f6st\u0259r\u0259n \u00abAz\u0259rbaycan-Ural\u00bb diaspora c\u0259miyy\u0259ti Rusiyan\u0131n n\u0259zar\u0259tind\u0259ki Donetsk v\u0259 Luqansk \u201crespublika\u201dlar\u0131 \u00fc\u00e7\u00fcn yard\u0131m kampaniyas\u0131na <a href=\"https:\/\/zen.yandex.ru\/media\/id\/6006d5b6772ea372edc63e37\/azerbaidjanskaia-diaspora-sverdlovskoi-oblasti-otkryla-punkt-sbora-gumanitarnoi-pomosci-bejencam-iz-dnr-i-lnr-621f6f3357c157196268cb9c?&amp;\" target=\"_blank\" rel=\"noreferrer noopener\">ba\u015flay\u0131b<\/a>.<br><\/p>\n\n\n\n<p>Kampaniya \u00e7\u0259r\u00e7iv\u0259sind\u0259 geyim, \u0259rzaq, m\u0259i\u015f\u0259t texnikas\u0131, gigiyenik vasit\u0259l\u0259r, yataq d\u0259stl\u0259ri toplan\u0131r.<br><\/p>\n\n\n\n<p>Meydan TV-nin \u0259ld\u0259 etdiyi m\u0259lumata g\u00f6r\u0259, xeyli insan Rusiya banklar\u0131na etibar etm\u0259dikl\u0259rind\u0259n c\u0259miyy\u0259t\u0259 n\u0259\u011fd v\u0259sait ian\u0259 edir.<br><\/p>\n\n\n\n<p>Kampaniyan\u0131 \u201cAz\u0259rbaycan-Ural\u201d c\u0259miyy\u0259tinin s\u0259dri \u015eahin \u015e\u0131xlinskinin t\u0259\u015fkil etdiyi bildirilir.<br>Yard\u0131m is\u0259 el\u0259 ona m\u0259xsus, Yekaterinburq \u015f\u0259h\u0259rinin Sulimov k\u00fc\u00e7\u0259sind\u0259 yerl\u0259\u015f\u0259n \u201cBaku Plaza\u201d ticar\u0259t m\u0259rk\u0259zind\u0259 toplan\u0131r.<br><\/p>\n\n\n\n<p>\u015eahin \u015e\u0131xlinski Avropa Az\u0259rbaycanl\u0131lar\u0131 Konqresinin, \u00dcmumrusiya Az\u0259rbaycan Konqresinin (\u00dcAK) vitse-prezidenti, \u00dcAK-\u0131n Ural Dair\u0259 \u015euras\u0131n\u0131n s\u0259dri, \u00dcmumd\u00fcnya Az\u0259rbaycan v\u0259 T\u00fcrkiy\u0259 diaspor t\u0259\u015fkilatlar\u0131n\u0131n Koordinasiya \u015euras\u0131n\u0131n \u00fczv\u00fc, Sverdlovsk vilay\u0259tinin Qubernatoru yan\u0131nda Milli m\u0259s\u0259l\u0259l\u0259r \u00fczr\u0259 M\u0259sl\u0259h\u0259t \u015euras\u0131n\u0131n \u00fczv\u00fcd\u00fcr.<br><\/p>\n\n\n\n<p>\u015eahin M\u00fcrv\u0259t o\u011flu \u015e\u0131xlinski D\u00fcnya az\u0259rbaycanl\u0131lar\u0131n\u0131n h\u0259mr\u0259yliyi sah\u0259sind\u0259 f\u0259aliyy\u0259tin\u0259 g\u00f6r\u0259 Az\u0259rbaycan Prezidenti \u0130lham \u018fliyev t\u0259r\u0259find\u0259n \u201cT\u0259r\u0259qqi\u201d medal\u0131 il\u0259 d\u0259 t\u0259ltif <a href=\"http:\/\/www.e-qanun.az\/framework\/11573\" target=\"_blank\" rel=\"noreferrer noopener\">olunub<\/a>.<br><\/p>\n\n\n\n<p>\u015eahin \u015e\u0131xlinski Meydan TV-y\u0259 m\u0259lumat\u0131 yalanlay\u0131b. S\u00f6z\u00fcged\u0259n kampaniya il\u0259 he\u00e7 bir \u0259laq\u0259si olmad\u0131\u011f\u0131n\u0131 deyib. Sonra is\u0259 telefonu s\u00f6nd\u00fcr\u00fcb.<br><\/p>\n\n\n\n<p>Rusiyada ya\u015fayan az\u0259rbaycanl\u0131lar 44 g\u00fcnl\u00fck \u0130kinci Qaraba\u011f M\u00fcharib\u0259si d\u00f6n\u0259mind\u0259 \u015eahin \u015e\u0131xlinskinin Az\u0259rbaycana yard\u0131m etm\u0259diyini deyirl\u0259r. Lakin yerli m\u0259tbuat m\u00fcharib\u0259d\u0259n sonra Ural Federal Dair\u0259sinin Az\u0259rbaycan diasporunun yan\u0131qlar\u0131n m\u00fcalic\u0259sind\u0259 istifad\u0259 olunan iki \u0259d\u0259d \u201cDermatom\u201d tibbi cihaz\u0131 v\u0259 onlara \u0259lav\u0259 materiallar\u0131 alaraq Bak\u0131ya g\u00f6nd\u0259rdiyini <a href=\"https:\/\/az.trend.az\/azerbaijan\/gundem\/3330948.html\" target=\"_blank\" rel=\"noreferrer noopener\">yaz\u0131r<\/a>.<br><\/p>\n\n\n\n<p>Bundan ba\u015fqa, yerli m\u0259tbuatda \u015eahin \u015e\u0131xlinskinin ad\u0131 D\u00f6vl\u0259t T\u0259hl\u00fck\u0259sizlik Xidm\u0259tinin valyuta qa\u00e7aqmal\u00e7\u0131l\u0131\u011f\u0131 il\u0259 ba\u011fl\u0131 ke\u00e7irdiyi \u0259m\u0259liyyatda hallan\u0131r. Hakimiyy\u0259ty\u00f6n\u00fcml\u00fc \u201cPublika\u201d sayt\u0131n\u0131n <a href=\"https:\/\/rublika.az\/index.php?newsid=30949\" target=\"_blank\" rel=\"noreferrer noopener\">yazd\u0131\u011f\u0131n<\/a>a\u00a0g\u00f6r\u0259,<br>\u0259m\u0259liyyat zaman\u0131 \u0259l\u0259 ke\u00e7\u0259n d\u0259st\u0259y\u0259 Aqil Kamandar o\u011flu M\u0259mm\u0259dovun r\u0259hb\u0259rlik etdiyi m\u00fc\u0259yy\u0259nl\u0259\u015fib. <\/p>\n\n\n\n<p>Qazax\u0131n II \u015e\u0131xl\u0131 k\u0259nd sakini olan Aqil M\u0259mm\u0259dovun rayonda tan\u0131nan v\u0259 Rusiyada ya\u015fayan diaspor lideri \u015eahin \u015e\u0131xlinski il\u0259 daimi \u0259laq\u0259 saxlad\u0131\u011f\u0131 m\u00fc\u0259yy\u0259n olunub. \u00dcz\u0259 \u00e7\u0131x\u0131b ki, Aqil M\u0259mm\u0259dovla \u015eahin \u015e\u0131xlinskin \u201cS\u0131n\u0131q k\u00f6rp\u00fc\u201d s\u0259rh\u0259d ke\u00e7id m\u0259nt\u0259q\u0259sind\u0259ki avtova\u011fzala \u015f\u0259rikdirl\u0259r.<br><\/p>\n\n\n\n<p>\u201cBel\u0259 iddialar da var ki, \u00f6lk\u0259 \u0259razisind\u0259n k\u00fclli miqdarda valyuta \u00e7\u0131xar\u0131lmas\u0131na \u015eahin \u015e\u0131xlinskinin d\u0259 aidiyyat\u0131 var. H\u0259tta b\u0259zi iddialara g\u00f6r\u0259, b\u00fct\u00fcn proses\u0259 onun \u00f6z\u00fc r\u0259hb\u0259rlik edib\u201d, &#8211; hakimiyy\u0259ty\u00f6n\u00fcml\u00fc media yaz\u0131b.<\/p>\n\n\n\n<p><\/p>\n","protected":false},"excerpt":{"rendered":"<p>S\u0259dr Rusiya medias\u0131n\u0131n yazd\u0131qlar\u0131n\u0131 yalanlay\u0131r Rusiyan\u0131n Sverdlovsk vilay\u0259tind\u0259 f\u0259aliyy\u0259t g\u00f6st\u0259r\u0259n &#8230; <\/p>\n<p class=\"read-more-container\"><a title=\"&#8220;Az\u0259rbaycan-Ural&#8221; diaspora c\u0259miyy\u0259ti Donetsk v\u0259 Luqanski \u00fc\u00e7\u00fcn yard\u0131m toplay\u0131r?\" class=\"read-more button\" href=\"https:\/\/www.meydan.tv\/az\/article\/azerbaycan-ural-diaspora-cemiyyeti-donetsk-ve-luqanski-ucun-yardim-toplayir\/#more-236939\" aria-label=\"Read more about &#8220;Az\u0259rbaycan-Ural&#8221; diaspora c\u0259miyy\u0259ti Donetsk v\u0259 Luqanski \u00fc\u00e7\u00fcn yard\u0131m toplay\u0131r?\">Davam\u0131<\/a><\/p>\n","protected":false},"author":8,"featured_media":236940,"comment_status":"closed","ping_status":"closed","sticky":false,"template":"","format":"standard","meta":{"_acf_changed":false,"_sitemap_exclude":false,"_sitemap_priority":"","_sitemap_frequency":"","footnotes":""},"categories":[88,56],"tags":[],"class_list":["post-236939","post","type-post","status-publish","format-standard","has-post-thumbnail","hentry","category-redaktor-secimi","category-xeberler","infinite-scroll-item","generate-columns","tablet-grid-50","mobile-grid-100","grid-parent","grid-33","no-featured-image-padding"],"acf":[],"yoast_head":"<!-- This site is optimized with the Yoast SEO plugin v27.5 - https:\/\/yoast.com\/product\/yoast-seo-wordpress\/ -->\n<title>&quot;Az\u0259rbaycan-Ural&quot; diaspora c\u0259miyy\u0259ti Donetsk v\u0259 Luqanski \u00fc\u00e7\u00fcn yard\u0131m toplay\u0131r? - MEYDAN.TV<\/title>\n<meta name=\"robots\" content=\"index, follow, max-snippet:-1, max-image-preview:large, max-video-preview:-1\" \/>\n<link rel=\"canonical\" href=\"https:\/\/www.meydan.tv\/az\/article\/azerbaycan-ural-diaspora-cemiyyeti-donetsk-ve-luqanski-ucun-yardim-toplayir\/\" \/>\n<meta property=\"og:locale\" content=\"az_AZ\" \/>\n<meta property=\"og:type\" content=\"article\" \/>\n<meta property=\"og:title\" content=\"&quot;Az\u0259rbaycan-Ural&quot; diaspora c\u0259miyy\u0259ti Donetsk v\u0259 Luqanski \u00fc\u00e7\u00fcn yard\u0131m toplay\u0131r? - MEYDAN.TV\" \/>\n<meta property=\"og:description\" content=\"S\u0259dr Rusiya medias\u0131n\u0131n yazd\u0131qlar\u0131n\u0131 yalanlay\u0131r Rusiyan\u0131n Sverdlovsk vilay\u0259tind\u0259 f\u0259aliyy\u0259t g\u00f6st\u0259r\u0259n ... Davam\u0131\" \/>\n<meta property=\"og:url\" content=\"https:\/\/www.meydan.tv\/az\/article\/azerbaycan-ural-diaspora-cemiyyeti-donetsk-ve-luqanski-ucun-yardim-toplayir\/\" \/>\n<meta property=\"og:site_name\" content=\"MEYDAN.TV\" \/>\n<meta property=\"article:published_time\" content=\"2022-03-03T12:09:57+00:00\" \/>\n<meta property=\"article:modified_time\" content=\"2022-03-03T12:10:34+00:00\" \/>\n<meta property=\"og:image\" content=\"https:\/\/www.meydan.tv\/wp-content\/uploads\/scale_2400.jpg\" \/>\n\t<meta property=\"og:image:width\" content=\"1050\" \/>\n\t<meta property=\"og:image:height\" content=\"700\" \/>\n\t<meta property=\"og:image:type\" content=\"image\/jpeg\" \/>\n<meta name=\"author\" content=\"elli\" \/>\n<meta name=\"twitter:card\" content=\"summary_large_image\" \/>\n<meta name=\"twitter:creator\" content=\"@elli\" \/>\n<script type=\"application\/ld+json\" class=\"yoast-schema-graph\">{\"@context\":\"https:\\\/\\\/schema.org\",\"@graph\":[{\"@type\":\"Article\",\"@id\":\"https:\\\/\\\/www.meydan.tv\\\/az\\\/article\\\/azerbaycan-ural-diaspora-cemiyyeti-donetsk-ve-luqanski-ucun-yardim-toplayir\\\/#article\",\"isPartOf\":{\"@id\":\"https:\\\/\\\/www.meydan.tv\\\/az\\\/article\\\/azerbaycan-ural-diaspora-cemiyyeti-donetsk-ve-luqanski-ucun-yardim-toplayir\\\/\"},\"author\":{\"name\":\"elli\",\"@id\":\"https:\\\/\\\/www.meydan.tv\\\/az\\\/#\\\/schema\\\/person\\\/9cdbecf90d17180ce1dfbd95b08dcf47\"},\"headline\":\"&#8220;Az\u0259rbaycan-Ural&#8221; diaspora c\u0259miyy\u0259ti Donetsk v\u0259 Luqanski \u00fc\u00e7\u00fcn yard\u0131m toplay\u0131r?\",\"datePublished\":\"2022-03-03T12:09:57+00:00\",\"dateModified\":\"2022-03-03T12:10:34+00:00\",\"mainEntityOfPage\":{\"@id\":\"https:\\\/\\\/www.meydan.tv\\\/az\\\/article\\\/azerbaycan-ural-diaspora-cemiyyeti-donetsk-ve-luqanski-ucun-yardim-toplayir\\\/\"},\"wordCount\":520,\"publisher\":{\"@id\":\"https:\\\/\\\/www.meydan.tv\\\/az\\\/#organization\"},\"image\":{\"@id\":\"https:\\\/\\\/www.meydan.tv\\\/az\\\/article\\\/azerbaycan-ural-diaspora-cemiyyeti-donetsk-ve-luqanski-ucun-yardim-toplayir\\\/#primaryimage\"},\"thumbnailUrl\":\"https:\\\/\\\/www.meydan.tv\\\/wp-content\\\/uploads\\\/scale_2400.jpg\",\"articleSection\":[\"Redaktor se\u00e7imi\",\"X\u0259b\u0259rl\u0259r\"],\"inLanguage\":\"az\"},{\"@type\":\"WebPage\",\"@id\":\"https:\\\/\\\/www.meydan.tv\\\/az\\\/article\\\/azerbaycan-ural-diaspora-cemiyyeti-donetsk-ve-luqanski-ucun-yardim-toplayir\\\/\",\"url\":\"https:\\\/\\\/www.meydan.tv\\\/az\\\/article\\\/azerbaycan-ural-diaspora-cemiyyeti-donetsk-ve-luqanski-ucun-yardim-toplayir\\\/\",\"name\":\"\\\"Az\u0259rbaycan-Ural\\\" diaspora c\u0259miyy\u0259ti Donetsk v\u0259 Luqanski \u00fc\u00e7\u00fcn yard\u0131m toplay\u0131r? - MEYDAN.TV\",\"isPartOf\":{\"@id\":\"https:\\\/\\\/www.meydan.tv\\\/az\\\/#website\"},\"primaryImageOfPage\":{\"@id\":\"https:\\\/\\\/www.meydan.tv\\\/az\\\/article\\\/azerbaycan-ural-diaspora-cemiyyeti-donetsk-ve-luqanski-ucun-yardim-toplayir\\\/#primaryimage\"},\"image\":{\"@id\":\"https:\\\/\\\/www.meydan.tv\\\/az\\\/article\\\/azerbaycan-ural-diaspora-cemiyyeti-donetsk-ve-luqanski-ucun-yardim-toplayir\\\/#primaryimage\"},\"thumbnailUrl\":\"https:\\\/\\\/www.meydan.tv\\\/wp-content\\\/uploads\\\/scale_2400.jpg\",\"datePublished\":\"2022-03-03T12:09:57+00:00\",\"dateModified\":\"2022-03-03T12:10:34+00:00\",\"breadcrumb\":{\"@id\":\"https:\\\/\\\/www.meydan.tv\\\/az\\\/article\\\/azerbaycan-ural-diaspora-cemiyyeti-donetsk-ve-luqanski-ucun-yardim-toplayir\\\/#breadcrumb\"},\"inLanguage\":\"az\",\"potentialAction\":[{\"@type\":\"ReadAction\",\"target\":[\"https:\\\/\\\/www.meydan.tv\\\/az\\\/article\\\/azerbaycan-ural-diaspora-cemiyyeti-donetsk-ve-luqanski-ucun-yardim-toplayir\\\/\"]}]},{\"@type\":\"ImageObject\",\"inLanguage\":\"az\",\"@id\":\"https:\\\/\\\/www.meydan.tv\\\/az\\\/article\\\/azerbaycan-ural-diaspora-cemiyyeti-donetsk-ve-luqanski-ucun-yardim-toplayir\\\/#primaryimage\",\"url\":\"https:\\\/\\\/www.meydan.tv\\\/wp-content\\\/uploads\\\/scale_2400.jpg\",\"contentUrl\":\"https:\\\/\\\/www.meydan.tv\\\/wp-content\\\/uploads\\\/scale_2400.jpg\",\"width\":1050,\"height\":700,\"caption\":\"Foto: https:\\\/\\\/zen.yandex.ru\\\/\"},{\"@type\":\"BreadcrumbList\",\"@id\":\"https:\\\/\\\/www.meydan.tv\\\/az\\\/article\\\/azerbaycan-ural-diaspora-cemiyyeti-donetsk-ve-luqanski-ucun-yardim-toplayir\\\/#breadcrumb\",\"itemListElement\":[{\"@type\":\"ListItem\",\"position\":1,\"name\":\"Ana s\u0259hif\u0259\",\"item\":\"https:\\\/\\\/www.meydan.tv\\\/az\\\/\"},{\"@type\":\"ListItem\",\"position\":2,\"name\":\"Redaktor se\u00e7imi\",\"item\":\"https:\\\/\\\/www.meydan.tv\\\/az\\\/section\\\/redaktor-secimi\\\/\"},{\"@type\":\"ListItem\",\"position\":3,\"name\":\"&#8220;Az\u0259rbaycan-Ural&#8221; diaspora c\u0259miyy\u0259ti Donetsk v\u0259 Luqanski \u00fc\u00e7\u00fcn yard\u0131m toplay\u0131r?\"}]},{\"@type\":\"WebSite\",\"@id\":\"https:\\\/\\\/www.meydan.tv\\\/az\\\/#website\",\"url\":\"https:\\\/\\\/www.meydan.tv\\\/az\\\/\",\"name\":\"MEYDAN.TV\",\"description\":\"Meydan TV Az\u0259rbaycan\u0131n media m\u0259kan\u0131ndak\u0131 alternativ s\u0259sidir\",\"publisher\":{\"@id\":\"https:\\\/\\\/www.meydan.tv\\\/az\\\/#organization\"},\"potentialAction\":[{\"@type\":\"SearchAction\",\"target\":{\"@type\":\"EntryPoint\",\"urlTemplate\":\"https:\\\/\\\/www.meydan.tv\\\/az\\\/?s={search_term_string}\"},\"query-input\":{\"@type\":\"PropertyValueSpecification\",\"valueRequired\":true,\"valueName\":\"search_term_string\"}}],\"inLanguage\":\"az\"},{\"@type\":\"Organization\",\"@id\":\"https:\\\/\\\/www.meydan.tv\\\/az\\\/#organization\",\"name\":\"Meydan TV\",\"url\":\"https:\\\/\\\/www.meydan.tv\\\/az\\\/\",\"logo\":{\"@type\":\"ImageObject\",\"inLanguage\":\"az\",\"@id\":\"https:\\\/\\\/www.meydan.tv\\\/az\\\/#\\\/schema\\\/logo\\\/image\\\/\",\"url\":\"https:\\\/\\\/www.meydan.tv\\\/wp-content\\\/uploads\\\/2021\\\/07\\\/meydan-logo.svg\",\"contentUrl\":\"https:\\\/\\\/www.meydan.tv\\\/wp-content\\\/uploads\\\/2021\\\/07\\\/meydan-logo.svg\",\"width\":195,\"height\":46,\"caption\":\"Meydan TV\"},\"image\":{\"@id\":\"https:\\\/\\\/www.meydan.tv\\\/az\\\/#\\\/schema\\\/logo\\\/image\\\/\"}},{\"@type\":\"Person\",\"@id\":\"https:\\\/\\\/www.meydan.tv\\\/az\\\/#\\\/schema\\\/person\\\/9cdbecf90d17180ce1dfbd95b08dcf47\",\"name\":\"elli\",\"sameAs\":[\"https:\\\/\\\/x.com\\\/elli\"]}]}<\/script>\n<!-- \/ Yoast SEO plugin. -->","yoast_head_json":{"title":"\"Az\u0259rbaycan-Ural\" diaspora c\u0259miyy\u0259ti Donetsk v\u0259 Luqanski \u00fc\u00e7\u00fcn yard\u0131m toplay\u0131r? - MEYDAN.TV","robots":{"index":"index","follow":"follow","max-snippet":"max-snippet:-1","max-image-preview":"max-image-preview:large","max-video-preview":"max-video-preview:-1"},"canonical":"https:\/\/www.meydan.tv\/az\/article\/azerbaycan-ural-diaspora-cemiyyeti-donetsk-ve-luqanski-ucun-yardim-toplayir\/","og_locale":"az_AZ","og_type":"article","og_title":"\"Az\u0259rbaycan-Ural\" diaspora c\u0259miyy\u0259ti Donetsk v\u0259 Luqanski \u00fc\u00e7\u00fcn yard\u0131m toplay\u0131r? - MEYDAN.TV","og_description":"S\u0259dr Rusiya medias\u0131n\u0131n yazd\u0131qlar\u0131n\u0131 yalanlay\u0131r Rusiyan\u0131n Sverdlovsk vilay\u0259tind\u0259 f\u0259aliyy\u0259t g\u00f6st\u0259r\u0259n ... Davam\u0131","og_url":"https:\/\/www.meydan.tv\/az\/article\/azerbaycan-ural-diaspora-cemiyyeti-donetsk-ve-luqanski-ucun-yardim-toplayir\/","og_site_name":"MEYDAN.TV","article_published_time":"2022-03-03T12:09:57+00:00","article_modified_time":"2022-03-03T12:10:34+00:00","og_image":[{"width":1050,"height":700,"url":"https:\/\/www.meydan.tv\/wp-content\/uploads\/scale_2400.jpg","type":"image\/jpeg"}],"author":"elli","twitter_card":"summary_large_image","twitter_creator":"@elli","schema":{"@context":"https:\/\/schema.org","@graph":[{"@type":"Article","@id":"https:\/\/www.meydan.tv\/az\/article\/azerbaycan-ural-diaspora-cemiyyeti-donetsk-ve-luqanski-ucun-yardim-toplayir\/#article","isPartOf":{"@id":"https:\/\/www.meydan.tv\/az\/article\/azerbaycan-ural-diaspora-cemiyyeti-donetsk-ve-luqanski-ucun-yardim-toplayir\/"},"author":{"name":"elli","@id":"https:\/\/www.meydan.tv\/az\/#\/schema\/person\/9cdbecf90d17180ce1dfbd95b08dcf47"},"headline":"&#8220;Az\u0259rbaycan-Ural&#8221; diaspora c\u0259miyy\u0259ti Donetsk v\u0259 Luqanski \u00fc\u00e7\u00fcn yard\u0131m toplay\u0131r?","datePublished":"2022-03-03T12:09:57+00:00","dateModified":"2022-03-03T12:10:34+00:00","mainEntityOfPage":{"@id":"https:\/\/www.meydan.tv\/az\/article\/azerbaycan-ural-diaspora-cemiyyeti-donetsk-ve-luqanski-ucun-yardim-toplayir\/"},"wordCount":520,"publisher":{"@id":"https:\/\/www.meydan.tv\/az\/#organization"},"image":{"@id":"https:\/\/www.meydan.tv\/az\/article\/azerbaycan-ural-diaspora-cemiyyeti-donetsk-ve-luqanski-ucun-yardim-toplayir\/#primaryimage"},"thumbnailUrl":"https:\/\/www.meydan.tv\/wp-content\/uploads\/scale_2400.jpg","articleSection":["Redaktor se\u00e7imi","X\u0259b\u0259rl\u0259r"],"inLanguage":"az"},{"@type":"WebPage","@id":"https:\/\/www.meydan.tv\/az\/article\/azerbaycan-ural-diaspora-cemiyyeti-donetsk-ve-luqanski-ucun-yardim-toplayir\/","url":"https:\/\/www.meydan.tv\/az\/article\/azerbaycan-ural-diaspora-cemiyyeti-donetsk-ve-luqanski-ucun-yardim-toplayir\/","name":"\"Az\u0259rbaycan-Ural\" diaspora c\u0259miyy\u0259ti Donetsk v\u0259 Luqanski \u00fc\u00e7\u00fcn yard\u0131m toplay\u0131r? - MEYDAN.TV","isPartOf":{"@id":"https:\/\/www.meydan.tv\/az\/#website"},"primaryImageOfPage":{"@id":"https:\/\/www.meydan.tv\/az\/article\/azerbaycan-ural-diaspora-cemiyyeti-donetsk-ve-luqanski-ucun-yardim-toplayir\/#primaryimage"},"image":{"@id":"https:\/\/www.meydan.tv\/az\/article\/azerbaycan-ural-diaspora-cemiyyeti-donetsk-ve-luqanski-ucun-yardim-toplayir\/#primaryimage"},"thumbnailUrl":"https:\/\/www.meydan.tv\/wp-content\/uploads\/scale_2400.jpg","datePublished":"2022-03-03T12:09:57+00:00","dateModified":"2022-03-03T12:10:34+00:00","breadcrumb":{"@id":"https:\/\/www.meydan.tv\/az\/article\/azerbaycan-ural-diaspora-cemiyyeti-donetsk-ve-luqanski-ucun-yardim-toplayir\/#breadcrumb"},"inLanguage":"az","potentialAction":[{"@type":"ReadAction","target":["https:\/\/www.meydan.tv\/az\/article\/azerbaycan-ural-diaspora-cemiyyeti-donetsk-ve-luqanski-ucun-yardim-toplayir\/"]}]},{"@type":"ImageObject","inLanguage":"az","@id":"https:\/\/www.meydan.tv\/az\/article\/azerbaycan-ural-diaspora-cemiyyeti-donetsk-ve-luqanski-ucun-yardim-toplayir\/#primaryimage","url":"https:\/\/www.meydan.tv\/wp-content\/uploads\/scale_2400.jpg","contentUrl":"https:\/\/www.meydan.tv\/wp-content\/uploads\/scale_2400.jpg","width":1050,"height":700,"caption":"Foto: https:\/\/zen.yandex.ru\/"},{"@type":"BreadcrumbList","@id":"https:\/\/www.meydan.tv\/az\/article\/azerbaycan-ural-diaspora-cemiyyeti-donetsk-ve-luqanski-ucun-yardim-toplayir\/#breadcrumb","itemListElement":[{"@type":"ListItem","position":1,"name":"Ana s\u0259hif\u0259","item":"https:\/\/www.meydan.tv\/az\/"},{"@type":"ListItem","position":2,"name":"Redaktor se\u00e7imi","item":"https:\/\/www.meydan.tv\/az\/section\/redaktor-secimi\/"},{"@type":"ListItem","position":3,"name":"&#8220;Az\u0259rbaycan-Ural&#8221; diaspora c\u0259miyy\u0259ti Donetsk v\u0259 Luqanski \u00fc\u00e7\u00fcn yard\u0131m toplay\u0131r?"}]},{"@type":"WebSite","@id":"https:\/\/www.meydan.tv\/az\/#website","url":"https:\/\/www.meydan.tv\/az\/","name":"MEYDAN.TV","description":"Meydan TV Az\u0259rbaycan\u0131n media m\u0259kan\u0131ndak\u0131 alternativ s\u0259sidir","publisher":{"@id":"https:\/\/www.meydan.tv\/az\/#organization"},"potentialAction":[{"@type":"SearchAction","target":{"@type":"EntryPoint","urlTemplate":"https:\/\/www.meydan.tv\/az\/?s={search_term_string}"},"query-input":{"@type":"PropertyValueSpecification","valueRequired":true,"valueName":"search_term_string"}}],"inLanguage":"az"},{"@type":"Organization","@id":"https:\/\/www.meydan.tv\/az\/#organization","name":"Meydan TV","url":"https:\/\/www.meydan.tv\/az\/","logo":{"@type":"ImageObject","inLanguage":"az","@id":"https:\/\/www.meydan.tv\/az\/#\/schema\/logo\/image\/","url":"https:\/\/www.meydan.tv\/wp-content\/uploads\/2021\/07\/meydan-logo.svg","contentUrl":"https:\/\/www.meydan.tv\/wp-content\/uploads\/2021\/07\/meydan-logo.svg","width":195,"height":46,"caption":"Meydan TV"},"image":{"@id":"https:\/\/www.meydan.tv\/az\/#\/schema\/logo\/image\/"}},{"@type":"Person","@id":"https:\/\/www.meydan.tv\/az\/#\/schema\/person\/9cdbecf90d17180ce1dfbd95b08dcf47","name":"elli","sameAs":["https:\/\/x.com\/elli"]}]}},"_links":{"self":[{"href":"https:\/\/www.meydan.tv\/az\/wp-json\/wp\/v2\/posts\/236939","targetHints":{"allow":["GET"]}}],"collection":[{"href":"https:\/\/www.meydan.tv\/az\/wp-json\/wp\/v2\/posts"}],"about":[{"href":"https:\/\/www.meydan.tv\/az\/wp-json\/wp\/v2\/types\/post"}],"author":[{"embeddable":true,"href":"https:\/\/www.meydan.tv\/az\/wp-json\/wp\/v2\/users\/8"}],"replies":[{"embeddable":true,"href":"https:\/\/www.meydan.tv\/az\/wp-json\/wp\/v2\/comments?post=236939"}],"version-history":[{"count":2,"href":"https:\/\/www.meydan.tv\/az\/wp-json\/wp\/v2\/posts\/236939\/revisions"}],"predecessor-version":[{"id":236945,"href":"https:\/\/www.meydan.tv\/az\/wp-json\/wp\/v2\/posts\/236939\/revisions\/236945"}],"wp:featuredmedia":[{"embeddable":true,"href":"https:\/\/www.meydan.tv\/az\/wp-json\/wp\/v2\/media\/236940"}],"wp:attachment":[{"href":"https:\/\/www.meydan.tv\/az\/wp-json\/wp\/v2\/media?parent=236939"}],"wp:term":[{"taxonomy":"category","embeddable":true,"href":"https:\/\/www.meydan.tv\/az\/wp-json\/wp\/v2\/categories?post=236939"},{"taxonomy":"post_tag","embeddable":true,"href":"https:\/\/www.meydan.tv\/az\/wp-json\/wp\/v2\/tags?post=236939"}],"curies":[{"name":"wp","href":"https:\/\/api.w.org\/{rel}","templated":true}]}}