{"id":236896,"date":"2022-03-03T13:48:47","date_gmt":"2022-03-03T09:48:47","guid":{"rendered":"https:\/\/www.meydan.tv\/?p=236896"},"modified":"2022-03-03T13:48:50","modified_gmt":"2022-03-03T09:48:50","slug":"iqtisadci-rusiya-ukrayna-muharibesi-turkiye-iqtisadiyyatina-da-zerbe-vuracaq","status":"publish","type":"post","link":"https:\/\/www.meydan.tv\/az\/article\/iqtisadci-rusiya-ukrayna-muharibesi-turkiye-iqtisadiyyatina-da-zerbe-vuracaq\/","title":{"rendered":"\u0130qtisad\u00e7\u0131: \u201cRusiya-Ukrayna m\u00fcharib\u0259si T\u00fcrkiy\u0259 iqtisadiyyat\u0131na da z\u0259rb\u0259 vuracaq\u201d"},"content":{"rendered":"\n<p><em>\u201cH\u0259r iki d\u00f6vl\u0259tin iqtisadi durumu Az\u0259rbaycan \u00fc\u00e7\u00fcn d\u0259 riskl\u0259r yarad\u0131r\u201d<\/em><\/p>\n\n\n\n<p>T\u00fcrkiy\u0259nin illik inflyasiyas\u0131 fevralda g\u00f6zl\u0259n\u0259nd\u0259n \u00e7ox &#8211; 54,44 faiz\u0259 y\u00fcks\u0259lib.<\/p>\n\n\n\n<p>T\u00fcrkiy\u0259 Statistika Qurumu \u201cReuters\u201din sor\u011fusuna cavab olaraq <a href=\"https:\/\/www.reuters.com\/markets\/currencies\/turkeys-inflation-surges-5444-highest-20-years-2022-03-03\/\" target=\"_blank\" rel=\"noreferrer noopener\">bildirib<\/a> ki, bu, illik 53 faiz proqnozu il\u0259 m\u00fcqayis\u0259d\u0259 \u00e7oxdur.<\/p>\n\n\n\n<p>Paralel olaraq insanlar\u0131n istehlak s\u0259b\u0259ti ayl\u0131q 4,81 faiz art\u0131b.<\/p>\n\n\n\n<p>\u0130stehsal\u00e7\u0131 qiym\u0259tl\u0259rin\u0259 g\u0259linc\u0259, fevralda ayl\u0131q 7,22 faiz artaraq illik 105 faiz\u0259 \u00e7at\u0131b.<\/p>\n\n\n\n<p>Bildirilir ki, burada Rusiya-Ukrayna g\u0259rginliyinin d\u0259 rolu var.<\/p>\n\n\n\n<p>Fevral\u0131n 24-n\u0259 ke\u00e7\u0259n gec\u0259 Rusiya Prezidenti Vladimir Putin Ukrayna \u00fcz\u0259rin\u0259 \u201cx\u00fcsusi \u0259m\u0259liyyat\u201d \u0259mri verib.<\/p>\n\n\n\n<p>Ukrayna, Q\u0259rb liderl\u0259ri h\u00fccumu pisl\u0259yib, Putinin buna g\u00f6r\u0259 cavab ver\u0259c\u0259yini bildiribl\u0259r.<\/p>\n\n\n\n<p>Bundan sonra Avropa Birliyi \u00f6lk\u0259l\u0259rind\u0259n, el\u0259c\u0259 d\u0259 AB\u015e-dan Rusiyaya qar\u015f\u0131 sanksiyalar g\u0259lm\u0259y\u0259 ba\u015flay\u0131b.<\/p>\n\n\n\n<p>G\u00fccl\u00fc maliyy\u0259 sanksiyalar\u0131 Rusiya milli valyutas\u0131 olan rublun d\u0259y\u0259r itirm\u0259sin\u0259 s\u0259b\u0259b olub.<\/p>\n\n\n\n<p>Ekspertl\u0259r bildirirl\u0259r ki, Rusiya dayanmasa, maliyy\u0259 sanksiyalar\u0131 yax\u0131n zamanda \u00f6lk\u0259nin iqtisadiyyat\u0131n\u0131 \u00e7\u00f6kd\u00fcr\u0259c\u0259k.<\/p>\n\n\n\n<p>H\u0259m T\u00fcrkiy\u0259, h\u0259m d\u0259 Rusiya Az\u0259rbaycan\u0131n xarici iqtisadi \u0259laq\u0259l\u0259rind\u0259 \u0259n y\u00fcks\u0259k pay\u0131 olan iki \u00f6lk\u0259dir.<\/p>\n\n\n\n<p>\u0130qtisad\u00e7\u0131 R\u00f6v\u015f\u0259n A\u011fayev bildirir ki, x\u00fcsusil\u0259 Az\u0259rbaycan\u0131n idxal\u0131n\u0131n t\u0259xmin\u0259n \u00fc\u00e7d\u0259 biri, qeyri-neft ixrac\u0131n\u0131n is\u0259 tam yar\u0131s\u0131 bu 2 \u00f6lk\u0259nin pay\u0131na d\u00fc\u015f\u00fcr:<\/p>\n\n\n\n<p>\u201cSon g\u00fcnl\u0259r Rusiyaya sanksiyalar\u0131n Az\u0259rbayacana m\u00fcmk\u00fcn t\u0259sirl\u0259ri bar\u0259d\u0259 xeyli m\u00fczakir\u0259l\u0259r oldu. Bura banklaras\u0131 hesabla\u015fmalarda, pul k\u00f6\u00e7\u00fcrm\u0259l\u0259rind\u0259 yaranacaq probleml\u0259r daxildir. Eyni zamanda, manat\u0131n rubl qar\u015f\u0131s\u0131nda k\u0259skin bahala\u015fmas\u0131ndan, el\u0259c\u0259 d\u0259 daxili t\u0259l\u0259bin m\u00fcmk\u00fcn azalmas\u0131ndan dolay\u0131 qeyri-neft ixracat\u0131nda m\u00fcmk\u00fcn itkil\u0259r ola bil\u0259r. Pul g\u00f6nd\u0259ri\u015fl\u0259rinin azalmas\u0131 v\u0259 geriy\u0259 miqrant ax\u0131n\u0131 kimi m\u00fcmk\u00fcn riskl\u0259r g\u00f6zl\u0259nil\u0259ndir\u201d.<\/p>\n\n\n\n<figure class=\"wp-block-image size-large\"><img decoding=\"async\" width=\"1200\" height=\"800\" data-src=\"https:\/\/www.meydan.tv\/wp-content\/uploads\/image_from_ios_177-1200x800.jpg\" alt=\"R\u00f6v\u015f\u0259n A\u011fayev\" class=\"wp-image-210010 lazyload\" src=\"data:image\/svg+xml;base64,PHN2ZyB3aWR0aD0iMSIgaGVpZ2h0PSIxIiB4bWxucz0iaHR0cDovL3d3dy53My5vcmcvMjAwMC9zdmciPjwvc3ZnPg==\" style=\"--smush-placeholder-width: 1200px; --smush-placeholder-aspect-ratio: 1200\/800;\" \/><figcaption>M\u0259nb\u0259: Meydan TV<\/figcaption><\/figure>\n\n\n\n<p>\u0130qtisad\u00e7\u0131 deyir ki, daha bir problem Rusiyan\u0131n sanksiya alt\u0131na d\u00fc\u015fm\u0259sinin n\u0259tic\u0259l\u0259rinin T\u00fcrkiy\u0259y\u0259 vura bil\u0259c\u0259yi z\u0259rb\u0259l\u0259rdir:<\/p>\n\n\n\n<p>\u201cEkspertl\u0259rin hesablamalar\u0131na g\u00f6r\u0259, T\u00fcrkiy\u0259 bu m\u00fcharib\u0259d\u0259n 4 milyard dollardan art\u0131q turzim g\u0259liri itir\u0259r\u0259k \u00e7\u0131xacaq. B\u00f6y\u00fck h\u0259cmd\u0259 (2021-d\u0259 14,5 mlrd. dollar) cari defisitl\u0259 \u00fczl\u0259\u015f\u0259n T\u00fcrkiy\u0259 indi ikiqat z\u0259rb\u0259 alt\u0131ndad\u0131r: bir t\u0259r\u0259fd\u0259n energinin qiym\u0259ti k\u0259skin y\u00fcks\u0259lir, dig\u0259r t\u0259r\u0259fd\u0259n turizm g\u0259lirl\u0259ri azal\u0131r\u201d.<\/p>\n\n\n\n<p>R\u00f6v\u015f\u0259n A\u011fayevin fikrinc\u0259, bel\u0259 durumda cari hesab\u0131n k\u0259sirinin b\u00f6y\u00fcm\u0259si t\u00fcrk lir\u0259sin\u0259 t\u0259zyiql\u0259ri daha da art\u0131racaq.<\/p>\n\n\n\n<p>Onun s\u00f6zl\u0259rin\u0259 g\u00f6r\u0259, ehtiyat\u0131 t\u00fck\u0259n\u0259n M\u0259rk\u0259zi Bank, xarici valyutada depozitl\u0259r\u0259 t\u0259minatl\u0131 m\u0259z\u0259nn\u0259 il\u0259 \u00fcz\u0259rin\u0259 b\u00f6y\u00fck y\u00fck g\u00f6t\u00fcr\u0259n X\u0259zin\u0259 sistemi \u00fc\u00e7\u00fcn yenid\u0259n g\u0259rgin d\u00f6vr ba\u015flay\u0131b:<\/p>\n\n\n\n<p>\u201cRusiya il\u0259 b\u0259rab\u0259r T\u00fcrkiy\u0259nin d\u0259 iqtisadi v\u0259ziyy\u0259tinin a\u011f\u0131rla\u015fmas\u0131 Az\u0259rbaycan \u00fc\u00e7\u00fcn m\u00fcmk\u00fcn riskl\u0259ri n\u0259z\u0259r\u0259 al\u0131nmal\u0131d\u0131r. Xarici ticar\u0259t \u0259laq\u0259l\u0259ril\u0259 yana\u015f\u0131 T\u00fcrkiy\u0259 Rusiyadan sonra Az\u0259rbaycana daxil olan v\u0259 Az\u0259rbaycandan \u00e7\u0131xan pul baratlar\u0131n\u0131n h\u0259cmin\u0259 g\u00f6r\u0259 2-ci yerd\u0259dir\u201d.<\/p>\n\n\n\n<p>\u00d6t\u0259n ilin son aylar\u0131nda T\u00fcrkiy\u0259 milli valyutas\u0131-lir\u0259 k\u0259skin d\u0259y\u0259r itirib.<\/p>\n\n\n\n<p>2021-ci ilin oktyabr-dekabr aylar\u0131nda t\u0259kc\u0259 AB\u015e dollar\u0131na nisb\u0259t\u0259n 50 faiz civar\u0131nda ucuzla\u015f\u0131b.<\/p>\n","protected":false},"excerpt":{"rendered":"<p>\u201cH\u0259r iki d\u00f6vl\u0259tin iqtisadi durumu Az\u0259rbaycan \u00fc\u00e7\u00fcn d\u0259 riskl\u0259r yarad\u0131r\u201d &#8230; <\/p>\n<p class=\"read-more-container\"><a title=\"\u0130qtisad\u00e7\u0131: \u201cRusiya-Ukrayna m\u00fcharib\u0259si T\u00fcrkiy\u0259 iqtisadiyyat\u0131na da z\u0259rb\u0259 vuracaq\u201d\" class=\"read-more button\" href=\"https:\/\/www.meydan.tv\/az\/article\/iqtisadci-rusiya-ukrayna-muharibesi-turkiye-iqtisadiyyatina-da-zerbe-vuracaq\/#more-236896\" aria-label=\"Read more about \u0130qtisad\u00e7\u0131: \u201cRusiya-Ukrayna m\u00fcharib\u0259si T\u00fcrkiy\u0259 iqtisadiyyat\u0131na da z\u0259rb\u0259 vuracaq\u201d\">Davam\u0131<\/a><\/p>\n","protected":false},"author":8,"featured_media":236897,"comment_status":"closed","ping_status":"closed","sticky":false,"template":"","format":"standard","meta":{"_acf_changed":false,"_sitemap_exclude":false,"_sitemap_priority":"","_sitemap_frequency":"","footnotes":""},"categories":[64,53,56],"tags":[],"class_list":["post-236896","post","type-post","status-publish","format-standard","has-post-thumbnail","hentry","category-dunya","category-iqtisadiyyat","category-xeberler","infinite-scroll-item","generate-columns","tablet-grid-50","mobile-grid-100","grid-parent","grid-33","no-featured-image-padding"],"acf":[],"yoast_head":"<!-- This site is optimized with the Yoast SEO plugin v27.5 - https:\/\/yoast.com\/product\/yoast-seo-wordpress\/ -->\n<title>\u0130qtisad\u00e7\u0131: \u201cRusiya-Ukrayna m\u00fcharib\u0259si T\u00fcrkiy\u0259 iqtisadiyyat\u0131na da z\u0259rb\u0259 vuracaq\u201d - MEYDAN.TV<\/title>\n<meta name=\"robots\" content=\"index, follow, max-snippet:-1, max-image-preview:large, max-video-preview:-1\" \/>\n<link rel=\"canonical\" href=\"https:\/\/www.meydan.tv\/az\/article\/iqtisadci-rusiya-ukrayna-muharibesi-turkiye-iqtisadiyyatina-da-zerbe-vuracaq\/\" \/>\n<meta property=\"og:locale\" content=\"az_AZ\" \/>\n<meta property=\"og:type\" content=\"article\" \/>\n<meta property=\"og:title\" content=\"\u0130qtisad\u00e7\u0131: \u201cRusiya-Ukrayna m\u00fcharib\u0259si T\u00fcrkiy\u0259 iqtisadiyyat\u0131na da z\u0259rb\u0259 vuracaq\u201d - MEYDAN.TV\" \/>\n<meta property=\"og:description\" content=\"\u201cH\u0259r iki d\u00f6vl\u0259tin iqtisadi durumu Az\u0259rbaycan \u00fc\u00e7\u00fcn d\u0259 riskl\u0259r yarad\u0131r\u201d ... Davam\u0131\" \/>\n<meta property=\"og:url\" content=\"https:\/\/www.meydan.tv\/az\/article\/iqtisadci-rusiya-ukrayna-muharibesi-turkiye-iqtisadiyyatina-da-zerbe-vuracaq\/\" \/>\n<meta property=\"og:site_name\" content=\"MEYDAN.TV\" \/>\n<meta property=\"article:published_time\" content=\"2022-03-03T09:48:47+00:00\" \/>\n<meta property=\"article:modified_time\" content=\"2022-03-03T09:48:50+00:00\" \/>\n<meta property=\"og:image\" content=\"https:\/\/www.meydan.tv\/wp-content\/uploads\/download-20.jpg\" \/>\n\t<meta property=\"og:image:width\" content=\"779\" \/>\n\t<meta property=\"og:image:height\" content=\"514\" \/>\n\t<meta property=\"og:image:type\" content=\"image\/jpeg\" \/>\n<meta name=\"author\" content=\"elli\" \/>\n<meta name=\"twitter:card\" content=\"summary_large_image\" \/>\n<meta name=\"twitter:creator\" content=\"@elli\" \/>\n<script type=\"application\/ld+json\" class=\"yoast-schema-graph\">{\"@context\":\"https:\\\/\\\/schema.org\",\"@graph\":[{\"@type\":\"Article\",\"@id\":\"https:\\\/\\\/www.meydan.tv\\\/az\\\/article\\\/iqtisadci-rusiya-ukrayna-muharibesi-turkiye-iqtisadiyyatina-da-zerbe-vuracaq\\\/#article\",\"isPartOf\":{\"@id\":\"https:\\\/\\\/www.meydan.tv\\\/az\\\/article\\\/iqtisadci-rusiya-ukrayna-muharibesi-turkiye-iqtisadiyyatina-da-zerbe-vuracaq\\\/\"},\"author\":{\"name\":\"elli\",\"@id\":\"https:\\\/\\\/www.meydan.tv\\\/az\\\/#\\\/schema\\\/person\\\/9cdbecf90d17180ce1dfbd95b08dcf47\"},\"headline\":\"\u0130qtisad\u00e7\u0131: \u201cRusiya-Ukrayna m\u00fcharib\u0259si T\u00fcrkiy\u0259 iqtisadiyyat\u0131na da z\u0259rb\u0259 vuracaq\u201d\",\"datePublished\":\"2022-03-03T09:48:47+00:00\",\"dateModified\":\"2022-03-03T09:48:50+00:00\",\"mainEntityOfPage\":{\"@id\":\"https:\\\/\\\/www.meydan.tv\\\/az\\\/article\\\/iqtisadci-rusiya-ukrayna-muharibesi-turkiye-iqtisadiyyatina-da-zerbe-vuracaq\\\/\"},\"wordCount\":634,\"publisher\":{\"@id\":\"https:\\\/\\\/www.meydan.tv\\\/az\\\/#organization\"},\"image\":{\"@id\":\"https:\\\/\\\/www.meydan.tv\\\/az\\\/article\\\/iqtisadci-rusiya-ukrayna-muharibesi-turkiye-iqtisadiyyatina-da-zerbe-vuracaq\\\/#primaryimage\"},\"thumbnailUrl\":\"https:\\\/\\\/www.meydan.tv\\\/wp-content\\\/uploads\\\/download-20.jpg\",\"articleSection\":[\"D\u00fcnya\",\"\u0130qtisadiyyat\",\"X\u0259b\u0259rl\u0259r\"],\"inLanguage\":\"az\"},{\"@type\":\"WebPage\",\"@id\":\"https:\\\/\\\/www.meydan.tv\\\/az\\\/article\\\/iqtisadci-rusiya-ukrayna-muharibesi-turkiye-iqtisadiyyatina-da-zerbe-vuracaq\\\/\",\"url\":\"https:\\\/\\\/www.meydan.tv\\\/az\\\/article\\\/iqtisadci-rusiya-ukrayna-muharibesi-turkiye-iqtisadiyyatina-da-zerbe-vuracaq\\\/\",\"name\":\"\u0130qtisad\u00e7\u0131: \u201cRusiya-Ukrayna m\u00fcharib\u0259si T\u00fcrkiy\u0259 iqtisadiyyat\u0131na da z\u0259rb\u0259 vuracaq\u201d - MEYDAN.TV\",\"isPartOf\":{\"@id\":\"https:\\\/\\\/www.meydan.tv\\\/az\\\/#website\"},\"primaryImageOfPage\":{\"@id\":\"https:\\\/\\\/www.meydan.tv\\\/az\\\/article\\\/iqtisadci-rusiya-ukrayna-muharibesi-turkiye-iqtisadiyyatina-da-zerbe-vuracaq\\\/#primaryimage\"},\"image\":{\"@id\":\"https:\\\/\\\/www.meydan.tv\\\/az\\\/article\\\/iqtisadci-rusiya-ukrayna-muharibesi-turkiye-iqtisadiyyatina-da-zerbe-vuracaq\\\/#primaryimage\"},\"thumbnailUrl\":\"https:\\\/\\\/www.meydan.tv\\\/wp-content\\\/uploads\\\/download-20.jpg\",\"datePublished\":\"2022-03-03T09:48:47+00:00\",\"dateModified\":\"2022-03-03T09:48:50+00:00\",\"breadcrumb\":{\"@id\":\"https:\\\/\\\/www.meydan.tv\\\/az\\\/article\\\/iqtisadci-rusiya-ukrayna-muharibesi-turkiye-iqtisadiyyatina-da-zerbe-vuracaq\\\/#breadcrumb\"},\"inLanguage\":\"az\",\"potentialAction\":[{\"@type\":\"ReadAction\",\"target\":[\"https:\\\/\\\/www.meydan.tv\\\/az\\\/article\\\/iqtisadci-rusiya-ukrayna-muharibesi-turkiye-iqtisadiyyatina-da-zerbe-vuracaq\\\/\"]}]},{\"@type\":\"ImageObject\",\"inLanguage\":\"az\",\"@id\":\"https:\\\/\\\/www.meydan.tv\\\/az\\\/article\\\/iqtisadci-rusiya-ukrayna-muharibesi-turkiye-iqtisadiyyatina-da-zerbe-vuracaq\\\/#primaryimage\",\"url\":\"https:\\\/\\\/www.meydan.tv\\\/wp-content\\\/uploads\\\/download-20.jpg\",\"contentUrl\":\"https:\\\/\\\/www.meydan.tv\\\/wp-content\\\/uploads\\\/download-20.jpg\",\"width\":779,\"height\":514,\"caption\":\"Ukrayna. Foto: Reuters\"},{\"@type\":\"BreadcrumbList\",\"@id\":\"https:\\\/\\\/www.meydan.tv\\\/az\\\/article\\\/iqtisadci-rusiya-ukrayna-muharibesi-turkiye-iqtisadiyyatina-da-zerbe-vuracaq\\\/#breadcrumb\",\"itemListElement\":[{\"@type\":\"ListItem\",\"position\":1,\"name\":\"Ana s\u0259hif\u0259\",\"item\":\"https:\\\/\\\/www.meydan.tv\\\/az\\\/\"},{\"@type\":\"ListItem\",\"position\":2,\"name\":\"D\u00fcnya\",\"item\":\"https:\\\/\\\/www.meydan.tv\\\/az\\\/section\\\/dunya\\\/\"},{\"@type\":\"ListItem\",\"position\":3,\"name\":\"\u0130qtisad\u00e7\u0131: \u201cRusiya-Ukrayna m\u00fcharib\u0259si T\u00fcrkiy\u0259 iqtisadiyyat\u0131na da z\u0259rb\u0259 vuracaq\u201d\"}]},{\"@type\":\"WebSite\",\"@id\":\"https:\\\/\\\/www.meydan.tv\\\/az\\\/#website\",\"url\":\"https:\\\/\\\/www.meydan.tv\\\/az\\\/\",\"name\":\"MEYDAN.TV\",\"description\":\"Meydan TV Az\u0259rbaycan\u0131n media m\u0259kan\u0131ndak\u0131 alternativ s\u0259sidir\",\"publisher\":{\"@id\":\"https:\\\/\\\/www.meydan.tv\\\/az\\\/#organization\"},\"potentialAction\":[{\"@type\":\"SearchAction\",\"target\":{\"@type\":\"EntryPoint\",\"urlTemplate\":\"https:\\\/\\\/www.meydan.tv\\\/az\\\/?s={search_term_string}\"},\"query-input\":{\"@type\":\"PropertyValueSpecification\",\"valueRequired\":true,\"valueName\":\"search_term_string\"}}],\"inLanguage\":\"az\"},{\"@type\":\"Organization\",\"@id\":\"https:\\\/\\\/www.meydan.tv\\\/az\\\/#organization\",\"name\":\"Meydan TV\",\"url\":\"https:\\\/\\\/www.meydan.tv\\\/az\\\/\",\"logo\":{\"@type\":\"ImageObject\",\"inLanguage\":\"az\",\"@id\":\"https:\\\/\\\/www.meydan.tv\\\/az\\\/#\\\/schema\\\/logo\\\/image\\\/\",\"url\":\"https:\\\/\\\/www.meydan.tv\\\/wp-content\\\/uploads\\\/2021\\\/07\\\/meydan-logo.svg\",\"contentUrl\":\"https:\\\/\\\/www.meydan.tv\\\/wp-content\\\/uploads\\\/2021\\\/07\\\/meydan-logo.svg\",\"width\":195,\"height\":46,\"caption\":\"Meydan TV\"},\"image\":{\"@id\":\"https:\\\/\\\/www.meydan.tv\\\/az\\\/#\\\/schema\\\/logo\\\/image\\\/\"}},{\"@type\":\"Person\",\"@id\":\"https:\\\/\\\/www.meydan.tv\\\/az\\\/#\\\/schema\\\/person\\\/9cdbecf90d17180ce1dfbd95b08dcf47\",\"name\":\"elli\",\"sameAs\":[\"https:\\\/\\\/x.com\\\/elli\"]}]}<\/script>\n<!-- \/ Yoast SEO plugin. -->","yoast_head_json":{"title":"\u0130qtisad\u00e7\u0131: \u201cRusiya-Ukrayna m\u00fcharib\u0259si T\u00fcrkiy\u0259 iqtisadiyyat\u0131na da z\u0259rb\u0259 vuracaq\u201d - MEYDAN.TV","robots":{"index":"index","follow":"follow","max-snippet":"max-snippet:-1","max-image-preview":"max-image-preview:large","max-video-preview":"max-video-preview:-1"},"canonical":"https:\/\/www.meydan.tv\/az\/article\/iqtisadci-rusiya-ukrayna-muharibesi-turkiye-iqtisadiyyatina-da-zerbe-vuracaq\/","og_locale":"az_AZ","og_type":"article","og_title":"\u0130qtisad\u00e7\u0131: \u201cRusiya-Ukrayna m\u00fcharib\u0259si T\u00fcrkiy\u0259 iqtisadiyyat\u0131na da z\u0259rb\u0259 vuracaq\u201d - MEYDAN.TV","og_description":"\u201cH\u0259r iki d\u00f6vl\u0259tin iqtisadi durumu Az\u0259rbaycan \u00fc\u00e7\u00fcn d\u0259 riskl\u0259r yarad\u0131r\u201d ... Davam\u0131","og_url":"https:\/\/www.meydan.tv\/az\/article\/iqtisadci-rusiya-ukrayna-muharibesi-turkiye-iqtisadiyyatina-da-zerbe-vuracaq\/","og_site_name":"MEYDAN.TV","article_published_time":"2022-03-03T09:48:47+00:00","article_modified_time":"2022-03-03T09:48:50+00:00","og_image":[{"width":779,"height":514,"url":"https:\/\/www.meydan.tv\/wp-content\/uploads\/download-20.jpg","type":"image\/jpeg"}],"author":"elli","twitter_card":"summary_large_image","twitter_creator":"@elli","schema":{"@context":"https:\/\/schema.org","@graph":[{"@type":"Article","@id":"https:\/\/www.meydan.tv\/az\/article\/iqtisadci-rusiya-ukrayna-muharibesi-turkiye-iqtisadiyyatina-da-zerbe-vuracaq\/#article","isPartOf":{"@id":"https:\/\/www.meydan.tv\/az\/article\/iqtisadci-rusiya-ukrayna-muharibesi-turkiye-iqtisadiyyatina-da-zerbe-vuracaq\/"},"author":{"name":"elli","@id":"https:\/\/www.meydan.tv\/az\/#\/schema\/person\/9cdbecf90d17180ce1dfbd95b08dcf47"},"headline":"\u0130qtisad\u00e7\u0131: \u201cRusiya-Ukrayna m\u00fcharib\u0259si T\u00fcrkiy\u0259 iqtisadiyyat\u0131na da z\u0259rb\u0259 vuracaq\u201d","datePublished":"2022-03-03T09:48:47+00:00","dateModified":"2022-03-03T09:48:50+00:00","mainEntityOfPage":{"@id":"https:\/\/www.meydan.tv\/az\/article\/iqtisadci-rusiya-ukrayna-muharibesi-turkiye-iqtisadiyyatina-da-zerbe-vuracaq\/"},"wordCount":634,"publisher":{"@id":"https:\/\/www.meydan.tv\/az\/#organization"},"image":{"@id":"https:\/\/www.meydan.tv\/az\/article\/iqtisadci-rusiya-ukrayna-muharibesi-turkiye-iqtisadiyyatina-da-zerbe-vuracaq\/#primaryimage"},"thumbnailUrl":"https:\/\/www.meydan.tv\/wp-content\/uploads\/download-20.jpg","articleSection":["D\u00fcnya","\u0130qtisadiyyat","X\u0259b\u0259rl\u0259r"],"inLanguage":"az"},{"@type":"WebPage","@id":"https:\/\/www.meydan.tv\/az\/article\/iqtisadci-rusiya-ukrayna-muharibesi-turkiye-iqtisadiyyatina-da-zerbe-vuracaq\/","url":"https:\/\/www.meydan.tv\/az\/article\/iqtisadci-rusiya-ukrayna-muharibesi-turkiye-iqtisadiyyatina-da-zerbe-vuracaq\/","name":"\u0130qtisad\u00e7\u0131: \u201cRusiya-Ukrayna m\u00fcharib\u0259si T\u00fcrkiy\u0259 iqtisadiyyat\u0131na da z\u0259rb\u0259 vuracaq\u201d - MEYDAN.TV","isPartOf":{"@id":"https:\/\/www.meydan.tv\/az\/#website"},"primaryImageOfPage":{"@id":"https:\/\/www.meydan.tv\/az\/article\/iqtisadci-rusiya-ukrayna-muharibesi-turkiye-iqtisadiyyatina-da-zerbe-vuracaq\/#primaryimage"},"image":{"@id":"https:\/\/www.meydan.tv\/az\/article\/iqtisadci-rusiya-ukrayna-muharibesi-turkiye-iqtisadiyyatina-da-zerbe-vuracaq\/#primaryimage"},"thumbnailUrl":"https:\/\/www.meydan.tv\/wp-content\/uploads\/download-20.jpg","datePublished":"2022-03-03T09:48:47+00:00","dateModified":"2022-03-03T09:48:50+00:00","breadcrumb":{"@id":"https:\/\/www.meydan.tv\/az\/article\/iqtisadci-rusiya-ukrayna-muharibesi-turkiye-iqtisadiyyatina-da-zerbe-vuracaq\/#breadcrumb"},"inLanguage":"az","potentialAction":[{"@type":"ReadAction","target":["https:\/\/www.meydan.tv\/az\/article\/iqtisadci-rusiya-ukrayna-muharibesi-turkiye-iqtisadiyyatina-da-zerbe-vuracaq\/"]}]},{"@type":"ImageObject","inLanguage":"az","@id":"https:\/\/www.meydan.tv\/az\/article\/iqtisadci-rusiya-ukrayna-muharibesi-turkiye-iqtisadiyyatina-da-zerbe-vuracaq\/#primaryimage","url":"https:\/\/www.meydan.tv\/wp-content\/uploads\/download-20.jpg","contentUrl":"https:\/\/www.meydan.tv\/wp-content\/uploads\/download-20.jpg","width":779,"height":514,"caption":"Ukrayna. Foto: Reuters"},{"@type":"BreadcrumbList","@id":"https:\/\/www.meydan.tv\/az\/article\/iqtisadci-rusiya-ukrayna-muharibesi-turkiye-iqtisadiyyatina-da-zerbe-vuracaq\/#breadcrumb","itemListElement":[{"@type":"ListItem","position":1,"name":"Ana s\u0259hif\u0259","item":"https:\/\/www.meydan.tv\/az\/"},{"@type":"ListItem","position":2,"name":"D\u00fcnya","item":"https:\/\/www.meydan.tv\/az\/section\/dunya\/"},{"@type":"ListItem","position":3,"name":"\u0130qtisad\u00e7\u0131: \u201cRusiya-Ukrayna m\u00fcharib\u0259si T\u00fcrkiy\u0259 iqtisadiyyat\u0131na da z\u0259rb\u0259 vuracaq\u201d"}]},{"@type":"WebSite","@id":"https:\/\/www.meydan.tv\/az\/#website","url":"https:\/\/www.meydan.tv\/az\/","name":"MEYDAN.TV","description":"Meydan TV Az\u0259rbaycan\u0131n media m\u0259kan\u0131ndak\u0131 alternativ s\u0259sidir","publisher":{"@id":"https:\/\/www.meydan.tv\/az\/#organization"},"potentialAction":[{"@type":"SearchAction","target":{"@type":"EntryPoint","urlTemplate":"https:\/\/www.meydan.tv\/az\/?s={search_term_string}"},"query-input":{"@type":"PropertyValueSpecification","valueRequired":true,"valueName":"search_term_string"}}],"inLanguage":"az"},{"@type":"Organization","@id":"https:\/\/www.meydan.tv\/az\/#organization","name":"Meydan TV","url":"https:\/\/www.meydan.tv\/az\/","logo":{"@type":"ImageObject","inLanguage":"az","@id":"https:\/\/www.meydan.tv\/az\/#\/schema\/logo\/image\/","url":"https:\/\/www.meydan.tv\/wp-content\/uploads\/2021\/07\/meydan-logo.svg","contentUrl":"https:\/\/www.meydan.tv\/wp-content\/uploads\/2021\/07\/meydan-logo.svg","width":195,"height":46,"caption":"Meydan TV"},"image":{"@id":"https:\/\/www.meydan.tv\/az\/#\/schema\/logo\/image\/"}},{"@type":"Person","@id":"https:\/\/www.meydan.tv\/az\/#\/schema\/person\/9cdbecf90d17180ce1dfbd95b08dcf47","name":"elli","sameAs":["https:\/\/x.com\/elli"]}]}},"_links":{"self":[{"href":"https:\/\/www.meydan.tv\/az\/wp-json\/wp\/v2\/posts\/236896","targetHints":{"allow":["GET"]}}],"collection":[{"href":"https:\/\/www.meydan.tv\/az\/wp-json\/wp\/v2\/posts"}],"about":[{"href":"https:\/\/www.meydan.tv\/az\/wp-json\/wp\/v2\/types\/post"}],"author":[{"embeddable":true,"href":"https:\/\/www.meydan.tv\/az\/wp-json\/wp\/v2\/users\/8"}],"replies":[{"embeddable":true,"href":"https:\/\/www.meydan.tv\/az\/wp-json\/wp\/v2\/comments?post=236896"}],"version-history":[{"count":2,"href":"https:\/\/www.meydan.tv\/az\/wp-json\/wp\/v2\/posts\/236896\/revisions"}],"predecessor-version":[{"id":236908,"href":"https:\/\/www.meydan.tv\/az\/wp-json\/wp\/v2\/posts\/236896\/revisions\/236908"}],"wp:featuredmedia":[{"embeddable":true,"href":"https:\/\/www.meydan.tv\/az\/wp-json\/wp\/v2\/media\/236897"}],"wp:attachment":[{"href":"https:\/\/www.meydan.tv\/az\/wp-json\/wp\/v2\/media?parent=236896"}],"wp:term":[{"taxonomy":"category","embeddable":true,"href":"https:\/\/www.meydan.tv\/az\/wp-json\/wp\/v2\/categories?post=236896"},{"taxonomy":"post_tag","embeddable":true,"href":"https:\/\/www.meydan.tv\/az\/wp-json\/wp\/v2\/tags?post=236896"}],"curies":[{"name":"wp","href":"https:\/\/api.w.org\/{rel}","templated":true}]}}