{"id":236882,"date":"2022-03-03T13:05:59","date_gmt":"2022-03-03T09:05:59","guid":{"rendered":"https:\/\/www.meydan.tv\/?p=236882"},"modified":"2022-03-04T00:07:24","modified_gmt":"2022-03-03T20:07:24","slug":"rusiya-ukrayna-muharibesi-yenilenen-xeberler","status":"publish","type":"post","link":"https:\/\/www.meydan.tv\/az\/article\/rusiya-ukrayna-muharibesi-yenilenen-xeberler\/","title":{"rendered":"Rusiya-Ukrayna m\u00fcharib\u0259si: yenil\u0259n\u0259n x\u0259b\u0259rl\u0259r"},"content":{"rendered":"\n<figure class=\"wp-block-embed is-type-video is-provider-youtube wp-block-embed-youtube wp-embed-aspect-16-9 wp-has-aspect-ratio\"><div class=\"wp-block-embed__wrapper\">\n<iframe title=\"Ukraynan\u0131n b\u00f6y\u00fck \u015f\u0259h\u0259rl\u0259rd\u0259n birini itirdiyi bildirilir\" width=\"1200\" height=\"675\" data-src=\"https:\/\/www.youtube.com\/embed\/SOSHrD3zldY?feature=oembed\" frameborder=\"0\" allow=\"accelerometer; autoplay; clipboard-write; encrypted-media; gyroscope; picture-in-picture\" allowfullscreen src=\"data:image\/svg+xml;base64,PHN2ZyB3aWR0aD0iMSIgaGVpZ2h0PSIxIiB4bWxucz0iaHR0cDovL3d3dy53My5vcmcvMjAwMC9zdmciPjwvc3ZnPg==\" class=\"lazyload\" data-load-mode=\"1\"><\/iframe>\n<\/div><\/figure>\n\n\n\n<!--more-->\n\n\n\n<p><strong>00.07.<\/strong><\/p>\n\n\n\n<p><strong>\u201cD\u00fcnya Ukraynaya k\u00f6m\u0259k etm\u0259k \u00fc\u00e7\u00fcn \u00e7ox gecikdi\u201d<\/strong><\/p>\n\n\n\n<p><em>Bu a\u00e7\u0131qlaman\u0131 Ukrayna Prezidenti Vladimir Zelenski mart\u0131n 3-d\u0259 m\u0259tbuat konfrans\u0131nda <a href=\"https:\/\/www.meydan.tv\/az\/article\/zelenski-getmek-istemirsen-otur-danisaq\/\" target=\"_blank\" rel=\"noreferrer noopener\">s\u0259sl\u0259ndirib<\/a>.<\/em><\/p>\n\n\n\n<p><em>\u201cBiz \u00f6z\u00fcm\u00fcz\u00fc m\u00fcdafi\u0259 etm\u0259k ist\u0259yirik, onlar is\u0259 bizi darmada\u011f\u0131n etm\u0259k ist\u0259yir. T\u0259minat ver\u0259k? N\u0259y\u0259? Biz Rusiyaya h\u00fccum etmirik, etm\u0259y\u0259 d\u0259 haz\u0131rla\u015fm\u0131r\u0131q. N\u0259y\u0259 t\u0259minat ver\u0259k? Biz NATO-day\u0131q? Yox! Bizim n\u00fcv\u0259 silah\u0131m\u0131z var? Yox! Onda n\u0259y\u0259 t\u0259minat?\u201d<\/em><\/p>\n\n\n\n<hr class=\"wp-block-separator\"\/>\n\n\n\n<p><strong>22.41.<\/strong><\/p>\n\n\n\n<p><strong>\u201cDojd\u201d f\u0259aliyy\u0259tini m\u00fcv\u0259qq\u0259ti dayand\u0131rd\u0131<\/strong><\/p>\n\n\n\n<p><em>&#8220;Dojd\u201c telekanal\u0131 f\u0259aliyy\u0259tini m\u00fcv\u0259qq\u0259ti dayand\u0131r\u0131b. Bu bar\u0259d\u0259 telekanal\u0131n ba\u015f direktoru Nataliya Sindeeva x\u00fcsusi efird\u0259 <a href=\"https:\/\/novayagazeta.ru\/articles\/2022\/03\/03\/telekanal-dozhd-vremenno-priostanovil-svoiu-rabotu-news\" target=\"_blank\" rel=\"noreferrer noopener\">bildirib<\/a>.<\/em><\/p>\n\n\n\n<p><em>Ba\u015f direktor Ba\u015f Prokurorlu\u011fun mart\u0131n 1-d\u0259 telekanal\u0131n sayt\u0131n\u0131 v\u0259 \u201cExo Moskv\u0131\u201d radiostansiyas\u0131n\u0131 bloklad\u0131\u011f\u0131n\u0131 xat\u0131rladaraq \u0259lav\u0259 edib ki, bundan \u0259vv\u0259l &#8220;Roskomnadzor \u201cNovaya qazeta\u201d, \u201cMediazona&#8221;, \u201cDojd\u201d v\u0259 dig\u0259r K\u0130V-l\u0259rd\u0259n materiallar\u0131n\u0131n \u00e7\u0131xar\u0131lmas\u0131n\u0131 t\u0259l\u0259b edib:<\/em><\/p>\n\n\n\n<p><em>&#8220;S\u0259b\u0259b kimi Ukraynada ba\u015f ver\u0259nl\u0259ri m\u00fcharib\u0259 adland\u0131rma\u011f\u0131m\u0131zd\u0131r&#8221;.<\/em><\/p>\n\n\n\n<div class=\"wp-block-image\"><figure class=\"alignleft size-full is-resized\"><img decoding=\"async\" data-src=\"https:\/\/www.meydan.tv\/wp-content\/uploads\/fb23d7c963407508fb4c6990f6a9e0c2.jpeg\" alt=\"\" class=\"wp-image-237043 lazyload\" width=\"368\" height=\"207\" src=\"data:image\/svg+xml;base64,PHN2ZyB3aWR0aD0iMSIgaGVpZ2h0PSIxIiB4bWxucz0iaHR0cDovL3d3dy53My5vcmcvMjAwMC9zdmciPjwvc3ZnPg==\" style=\"--smush-placeholder-width: 368px; --smush-placeholder-aspect-ratio: 368\/207;\" \/><figcaption>Foto: &#8220;Dojd&#8221;<\/figcaption><\/figure><\/div>\n\n\n\n<p><em>\u201cBiz\u0259 n\u0259f\u0259s almaq v\u0259 daha da nec\u0259 i\u015fl\u0259m\u0259yi ba\u015fa d\u00fc\u015fm\u0259k \u00fc\u00e7\u00fcn g\u00fcc laz\u0131md\u0131r. \u00dcmid edirik ki, efir\u0259 qay\u0131d\u0131b i\u015fimizi davam etdir\u0259c\u0259yik\u201d,-dey\u0259 Sindeeva s\u00f6yl\u0259yib.<\/em><\/p>\n\n\n\n<p><em>Bu g\u00fcn Direktorlar \u015euras\u0131 \u201cExo Moskv\u0131\u201dn\u0131n l\u0259\u011fvi bar\u0259d\u0259 q\u0259rar q\u0259bul <a href=\"https:\/\/www.meydan.tv\/az\/article\/exo-moskvi-radiosunun-fealiyyeti-dayandirildi\/\" target=\"_blank\" rel=\"noreferrer noopener\">edib<\/a>.<\/em><\/p>\n\n\n\n<p>\u201cDojd\u201d telekanal\u0131 2010-cu ilin aprelind\u0259n f\u0259aliyy\u0259t g\u00f6st\u0259rir.<\/p>\n\n\n\n<p> <\/p>\n\n\n\n<hr class=\"wp-block-separator\"\/>\n\n\n\n<p><strong>20.03.<\/strong><\/p>\n\n\n\n<p><strong>S\u0259rh\u0259d Xidm\u0259ti: \u0130ki min\u0259 yax\u0131n ukraynal\u0131 geri d\u00f6n\u00fcb<\/strong><br><\/p>\n\n\n\n<p><em>Ukrayna S\u0259rh\u0259d Xidm\u0259ti son bir g\u00fcn \u0259rzind\u0259 \u00f6lk\u0259y\u0259 14 min\u0259 yax\u0131n ukraynal\u0131n\u0131n qay\u0131td\u0131\u011f\u0131n\u0131 <a href=\"https:\/\/www.meydan.tv\/az\/article\/serhed-xidmeti-iki-mine-yaxin-ukraynali-geri-donub\/\" target=\"_blank\" rel=\"noreferrer noopener\">a\u00e7\u0131qlay\u0131b<\/a>.<\/em><\/p>\n\n\n\n<p><em>M\u0259lumatda bildirilir ki, d\u00f6n\u0259nl\u0259rin \u0259ks\u0259riyy\u0259ti ki\u015fil\u0259rdir. Mart\u0131n 1-d\u0259 is\u0259 d\u00f6n\u0259nl\u0259rin say\u0131 t\u0259xmin\u0259n 2 min\u0259 yax\u0131n olub.<\/em><\/p>\n\n\n\n<hr class=\"wp-block-separator\"\/>\n\n\n\n<p><strong>19.59.<\/strong><\/p>\n\n\n\n<p><strong>Makron: \u201cBu m\u00fcharib\u0259 Rusiyaya baha ba\u015fa g\u0259l\u0259c\u0259k\u201d<\/strong><\/p>\n\n\n\n<p><em>Fransa Prezidenti Emmanuel Makron Rusiya Prezidenti Vladimir Putin\u0259 s\u0259sl\u0259nib.<\/em><\/p>\n\n\n\n<p><em>Makron Putin\u0259: \u201cUkraynada etdikl\u0259rin b\u00f6y\u00fck s\u0259hvdir\u201d, &#8211; deyib.<\/em><\/p>\n\n\n\n<p><em>O \u0259lav\u0259 edib ki, bu m\u00fcharib\u0259 Rusiyaya h\u0259l\u0259 uzun ill\u0259r baha ba\u015fa g\u0259l\u0259c\u0259k.<\/em><\/p>\n\n\n\n<p>\u201c<em>Reuters\u201d <a href=\"https:\/\/www.reuters.com\/world\/europe\/putin-tells-macron-russia-will-achieve-its-goals-ukraine-2022-03-03\/\" target=\"_blank\" rel=\"noreferrer noopener\">yaz\u0131r<\/a> ki, mart\u0131n 3-d\u0259 Putinin t\u0259\u015f\u0259bb\u00fcs\u00fc il\u0259 Emmanuel Makronla telefon dan\u0131\u015f\u0131\u011f\u0131 ba\u015f tutub.<\/em><\/p>\n\n\n\n<div class=\"wp-block-image\"><figure class=\"alignright size-large is-resized\"><img decoding=\"async\" data-src=\"https:\/\/www.meydan.tv\/wp-content\/uploads\/orig-156635624509788cda798dae971a2cad6cac26e135-1200x675.jpeg\" alt=\"V.Putin v\u0259 E.Makron\" class=\"wp-image-128361 lazyload\" width=\"344\" height=\"194\" src=\"data:image\/svg+xml;base64,PHN2ZyB3aWR0aD0iMSIgaGVpZ2h0PSIxIiB4bWxucz0iaHR0cDovL3d3dy53My5vcmcvMjAwMC9zdmciPjwvc3ZnPg==\" style=\"--smush-placeholder-width: 344px; --smush-placeholder-aspect-ratio: 344\/194;\" \/><figcaption>Source: Foto: Rusiya medias\u0131<\/figcaption><\/figure><\/div>\n\n\n\n<p><em>Rusiya Prezidenti telefonda Ukraynan\u0131n neytralla\u015fd\u0131r\u0131lmas\u0131 v\u0259 t\u0259rksilah edilm\u0259sini ist\u0259r diplomatik, ist\u0259rs\u0259 d\u0259 silahla \u0259ld\u0259 etm\u0259k \u0259zmind\u0259 oldu\u011funu b\u0259yan edib.<\/em><\/p>\n\n\n\n<p><em>\u201cPrezident Putinin dedikl\u0259rind\u0259 bizi arxay\u0131nla\u015fd\u0131ra bil\u0259c\u0259k he\u00e7 n\u0259 yox idi\u201d, &#8211; Fransa prezidentinin m\u00fc\u015faviri bel\u0259 deyib.<\/em><\/p>\n\n\n\n<p><em>Onun s\u00f6zl\u0259rin\u0259 g\u00f6r\u0259, Makron Putin\u0259 deyib ki, \u201c\u00f6z\u00fcn\u00fc aldad\u0131r\u201d: \u201cBu, \u00f6lk\u0259niz\u0259 baha ba\u015fa g\u0259l\u0259c\u0259k. Rusiya uzun m\u00fcdd\u0259t t\u0259crid olunmu\u015f, z\u0259ifl\u0259mi\u015f v\u0259 sanksiyalar alt\u0131nda qalacaq\u201d.<\/em><\/p>\n\n\n\n<hr class=\"wp-block-separator\"\/>\n\n\n\n<p><strong>18.18<\/strong>.<\/p>\n\n\n\n<p><strong>\u00c7erniqovda 9 n\u0259f\u0259rin \u00f6ld\u00fcy\u00fc, 4 n\u0259f\u0259rin yaraland\u0131\u011f\u0131 bildirilir<\/strong><\/p>\n\n\n\n<p><em>Mart\u0131n 3-d\u0259 Ukraynan\u0131n \u00c7erniqov vilay\u0259tin\u0259 Rusiyan\u0131n endirdiyi aviaz\u0259rb\u0259l\u0259r n\u0259tic\u0259sind\u0259 2 m\u0259kt\u0259b v\u0259 f\u0259rdi ya\u015fay\u0131\u015f evi da\u011f\u0131d\u0131l\u0131b.<\/em><\/p>\n\n\n\n<p><em>Aviaz\u0259rb\u0259l\u0259r n\u0259tic\u0259sind\u0259 az\u0131 9 n\u0259f\u0259rin \u00f6ld\u00fcy\u00fc, 4 n\u0259f\u0259rin yaraland\u0131\u011f\u0131 <a href=\"https:\/\/twitter.com\/KyivIndependent\/status\/1499374146949632000?ref_src=twsrc%5Etfw[\u2026]est-live-updates-kherson-kyiv-kharkiv-refugees-russian-invasion\" target=\"_blank\" rel=\"noreferrer noopener\">bildirilir<\/a>.<\/em><\/p>\n\n\n\n<p><em>\u00c7erniqov qubernatoru Vya\u00e7eslav \u00c7aus bildirib ki, haz\u0131rda xilasetm\u0259 i\u015fl\u0259ri davam edir.<\/em><\/p>\n\n\n\n<p><em>&#8220;The Kyiv Independent&#8221; is\u0259 yaz\u0131r ki, raket z\u0259rb\u0259l\u0259rinin endiyi \u0259razi yax\u0131nl\u0131\u011f\u0131nda bir ne\u00e7\u0259 m\u0259kt\u0259b, u\u015faq ba\u011f\u00e7as\u0131 v\u0259 x\u0259st\u0259xana olub.<\/em><\/p>\n\n\n\n<hr class=\"wp-block-separator\"\/>\n\n\n\n<p><strong>18.13.<\/strong><\/p>\n\n\n\n<p><strong>\u201cSpotify\u201d Rusiyada ofisini ba\u011flay\u0131b<\/strong><\/p>\n\n\n\n<p><em>\u0130sve\u00e7in internet audiostriminq xidm\u0259ti \u201cSpotify\u201d Rusiyadak\u0131 ofisini <a href=\"https:\/\/www.meydan.tv\/az\/article\/isvecin-internet-audiostriminq-xidmeti-rusiyadaki-ofisini-baglayib\/\" target=\"_blank\" rel=\"noreferrer noopener\">ba\u011flay\u0131b<\/a>.<\/em><\/p>\n\n\n\n<p><em>S\u0259b\u0259b kimi Ukraynaya h\u0259rbi m\u00fcdaxil\u0259 g\u00f6st\u0259rilib.<\/em><\/p>\n\n\n\n<p><em>Xidm\u0259t h\u0259m\u00e7inin Rusiya d\u00f6vl\u0259t medias\u0131n\u0131n materiallar\u0131n\u0131 axtarmaq imkanlar\u0131n\u0131 da m\u0259hdudla\u015fd\u0131r\u0131b.<\/em><\/p>\n\n\n\n<p><em>\u201cSpotify\u201d 2008-ci ild\u0259 istifad\u0259y\u0259 verilib v\u0259 2020-ci ilin yay\u0131ndan Rusiyada f\u0259aliyy\u0259t g\u00f6st\u0259rir.<\/em><\/p>\n\n\n\n<p><strong>18.03.<\/strong><\/p>\n\n\n\n<p><strong>\u201cXarkovun h\u00fccuma m\u0259ruz qalmas\u0131 m\u00fcharib\u0259 cinay\u0259tidir\u201d<\/strong><\/p>\n\n\n\n<p><em>\u201cAmnesty International\u201d insan h\u00fcquqlar\u0131 t\u0259\u015fkilat\u0131 fevral\u0131n 28-d\u0259 Xarkov \u015f\u0259h\u0259rind\u0259 u\u015faqlar da daxil olmaqla \u0259n az\u0131 9 m\u00fclki \u015f\u0259xsin \u00f6l\u00fcm\u00fc il\u0259 n\u0259tic\u0259l\u0259n\u0259n \u00fc\u00e7 h\u00fccumu <a href=\"https:\/\/www.meydan.tv\/az\/article\/amnesty-international-ukraynda-muharibe-cinayetlerini-senedlesdirib\/\" target=\"_blank\" rel=\"noreferrer noopener\">s\u0259n\u0259dl\u0259\u015fdirib<\/a>.<\/em><\/p>\n\n\n\n<p><em>T\u0259\u015fkilat Minskd\u0259 Ukrayna il\u0259 Rusiya aras\u0131nda dan\u0131\u015f\u0131qlar\u0131n ke\u00e7irildiyi vaxt Ukraynan\u0131n ikinci \u0259n b\u00f6y\u00fck \u015f\u0259h\u0259rin\u0259 edil\u0259n h\u00fccumlar\u0131 \u201cm\u00fcmk\u00fcn m\u00fcharib\u0259 cinay\u0259tl\u0259ri\u201d kimi qiym\u0259tl\u0259ndirib.<\/em><\/p>\n\n\n\n<hr class=\"wp-block-separator\"\/>\n\n\n\n<p><strong>17.22.<\/strong><\/p>\n\n\n\n<p><strong>\u201cAz\u0259rbaycan-Ural\u201d diaspora c\u0259miyy\u0259ti Donetsk v\u0259 Luqanski \u00fc\u00e7\u00fcn yard\u0131m toplay\u0131r?<\/strong><\/p>\n\n\n\n<p><em>Rusiyan\u0131n Sverdlovsk vilay\u0259tind\u0259 f\u0259aliyy\u0259t g\u00f6st\u0259r\u0259n \u00abAz\u0259rbaycan-Ural\u00bb diaspora c\u0259miyy\u0259ti Rusiyan\u0131n n\u0259zar\u0259tind\u0259ki Donetsk v\u0259 Luqansk \u201crespublika\u201dlar\u0131 \u00fc\u00e7\u00fcn yard\u0131m kampaniyas\u0131na <a href=\"https:\/\/www.meydan.tv\/az\/article\/azerbaycan-ural-diaspora-cemiyyeti-donetsk-ve-luqanski-ucun-yardim-toplayir\/\" target=\"_blank\" rel=\"noreferrer noopener\">ba\u015flay\u0131b<\/a>.<br>Kampaniya \u00e7\u0259r\u00e7iv\u0259sind\u0259 geyim, \u0259rzaq, m\u0259i\u015f\u0259t texnikas\u0131, gigiyenik vasit\u0259l\u0259r, yataq d\u0259stl\u0259ri toplan\u0131r.<\/em><\/p>\n\n\n\n<p><em>Meydan TV-nin \u0259ld\u0259 etdiyi m\u0259lumata g\u00f6r\u0259, xeyli insan Rusiya banklar\u0131na etibar etm\u0259dikl\u0259rind\u0259n c\u0259miyy\u0259t\u0259 n\u0259\u011fd v\u0259sait ian\u0259 edir.<\/em><\/p>\n\n\n\n<hr class=\"wp-block-separator\"\/>\n\n\n\n<p><strong>17.15<\/strong>.<\/p>\n\n\n\n<p><strong>Rusiyal\u0131 milyarder: &#8220;Dan\u0131\u015f\u0131qlar\u0131 t\u0259xir\u0259 salmaq d\u0259lilikdir!&#8221;<\/strong><\/p>\n\n\n\n<p><em>Rusiyal\u0131 milyarder, Nikolayevski Al\u00fcminium Emal\u0131 Zavodunun direktoru Oleq Deripaska s\u00fclh\u00fcn vacibliyind\u0259n dan\u0131\u015f\u0131b.<\/em><\/p>\n\n\n\n<p><em>\u0130\u015f adam\u0131 s\u00fclhl\u0259 ba\u011fl\u0131 m\u00fczakir\u0259l\u0259r\u0259 m\u00fcnasb\u0259tini bel\u0259 ifad\u0259 <a href=\"https:\/\/echo.msk.ru\/blog\/echomsk\/2988829-echo\/\" target=\"_blank\" rel=\"noreferrer noopener\">edib<\/a>: &#8220;Dan\u0131\u015f\u0131qlar\u0131 t\u0259xir\u0259 salmaq d\u0259lilikdir!&#8221;.<\/em><\/p>\n\n\n\n<p><em>Zavod direktoru deyib ki, indiki v\u0259ziyy\u0259t 1998-ci ilin b\u00f6hran\u0131ndan \u00fc\u00e7 d\u0259f\u0259 a\u011f\u0131rd\u0131: &#8220;Biz h\u0259l\u0259 bel\u0259 \u00e7\u0259tinlikl\u0259rl\u0259 \u00fczl\u0259\u015fm\u0259mi\u015fik. D\u0259mir p\u0259rd\u0259 art\u0131q enib. Bu p\u0259rd\u0259ni yenid\u0259n a\u00e7maq laz\u0131m olacaq. Birinci add\u0131m s\u00fclhd\u00fcr. \u0130kinci add\u0131m harada v\u0259 nec\u0259 ya\u015fad\u0131\u011f\u0131m\u0131z\u0131, hans\u0131 \u015f\u0259raitd\u0259, kimin n\u0259yi \u0259mr etdiyini, hans\u0131 riskl\u0259ri da\u015f\u0131d\u0131\u011f\u0131n\u0131 vicdanla m\u00fczakir\u0259 etm\u0259kdir&#8221;.<\/em><\/p>\n\n\n\n<div class=\"wp-block-image\"><figure class=\"alignleft size-full is-resized\"><img decoding=\"async\" data-src=\"https:\/\/www.meydan.tv\/wp-content\/uploads\/rian_3186036.hr_.ru_-e1620901780170.jpg\" alt=\"\" class=\"wp-image-236975 lazyload\" width=\"344\" height=\"233\" src=\"data:image\/svg+xml;base64,PHN2ZyB3aWR0aD0iMSIgaGVpZ2h0PSIxIiB4bWxucz0iaHR0cDovL3d3dy53My5vcmcvMjAwMC9zdmciPjwvc3ZnPg==\" style=\"--smush-placeholder-width: 344px; --smush-placeholder-aspect-ratio: 344\/233;\" \/><figcaption>Oleq Deripaska. Foto: ria.ru<\/figcaption><\/figure><\/div>\n\n\n\n<p><em>\u0130\u015f adam\u0131 \u0259halinin d\u0259 durumunun a\u011f\u0131r oldu\u011funu vur\u011fulay\u0131b: &#8220;M\u0259n \u0259n ciddi maliyy\u0259 t\u0259zyiqinin \u0259leyhin\u0259y\u0259m, \u0259halinin he\u00e7 bir g\u00fcnah\u0131 yoxdur&#8221;.<\/em><\/p>\n\n\n\n<p><em>Onun s\u00f6zl\u0259rin\u0259 g\u00f6r\u0259, sanksiyalar n\u0259tic\u0259sind\u0259 Rusiyan\u0131n d\u00f6vl\u0259t banklar\u0131n\u0131n ba\u015f\u0131na g\u0259l\u0259nl\u0259r \u00fc\u00e7 h\u0259ft\u0259d\u0259n sonra b\u0259lli <a href=\"https:\/\/www.epravda.com.ua\/rus\/news\/2022\/03\/3\/683141\/\" target=\"_blank\" rel=\"noreferrer noopener\">olacaq<\/a>.<\/em><\/p>\n\n\n\n<p><em>&#8220;Forbes&#8221; jurnal\u0131n\u0131n m\u0259lumat\u0131na g\u00f6r\u0259, Oleq Deripaskan\u0131n s\u0259rv\u0259ti 2010-cu ild\u0259n 2019-cu ilin sonuna kimi 10,7 milyarddan 4 milyard dollara q\u0259d\u0259r azal\u0131b.<\/em><\/p>\n\n\n\n<hr class=\"wp-block-separator\"\/>\n\n\n\n<p><strong>15.11.<\/strong><\/p>\n\n\n\n<p><strong>Rusiyal\u0131 milyarderin 600 milyonluq yaxtas\u0131 m\u00fcsadir\u0259 olunub<\/strong><\/p>\n\n\n\n<p><em>Rusiyal\u0131 milyarder \u018fli\u015fir Usmanov mart\u0131n 1-d\u0259 Avropa \u0130ttifaq\u0131n\u0131n sanksiyas\u0131na m\u0259ruz <a href=\"http:\/\/Rusiyal\u0131 milyarder \u018fli\u015fir Usmanov mart\u0131n 1-d\u0259 Avropa \u0130ttifaq\u0131n\u0131n sanksiyas\u0131na m\u0259ruz qal\u0131b (https:\/\/www.meydan.tv\/az\/article\/rusiyali-milyarderin-600-milyonluq-yaxtasi-musadire-olunub\/).\" target=\"_blank\" rel=\"noreferrer noopener\">qal\u0131b<\/a>.<\/em><\/p>\n\n\n\n<div class=\"wp-block-image\"><figure class=\"alignright size-large is-resized\"><img decoding=\"async\" data-src=\"https:\/\/www.meydan.tv\/wp-content\/uploads\/100329832-alisher-usmanov-1191x821.jpg\" alt=\"\" class=\"wp-image-236928 lazyload\" width=\"331\" height=\"228\" src=\"data:image\/svg+xml;base64,PHN2ZyB3aWR0aD0iMSIgaGVpZ2h0PSIxIiB4bWxucz0iaHR0cDovL3d3dy53My5vcmcvMjAwMC9zdmciPjwvc3ZnPg==\" style=\"--smush-placeholder-width: 331px; --smush-placeholder-aspect-ratio: 331\/228;\" \/><figcaption>\u018fli\u015fir Osmanov. M\u0259nb\u0259: https:\/\/www.cnbc.com\/  <\/figcaption><\/figure><\/div>\n\n\n\n<p><em>Mart\u0131n 3-d\u0259 \u201cForbes\u201d yaxta s\u0259nayesind\u0259ki \u00fc\u00e7 ayr\u0131 m\u0259nb\u0259d\u0259n \u00f6yr\u0259nib ki, onun t\u0259xmin\u0259n 600 milyon dollar d\u0259y\u0259rind\u0259 olan \u201cDilbar\u201d adl\u0131 yaxtas\u0131 var.<\/em><\/p>\n\n\n\n<p><em>H\u0259min yaxta Hamburq \u015f\u0259h\u0259rind\u0259 alman s\u0259lahiyy\u0259tlil\u0259ri t\u0259r\u0259find\u0259n m\u00fcsadir\u0259 edilib.<\/em><\/p>\n\n\n\n<hr class=\"wp-block-separator\"\/>\n\n\n\n<p><\/p>\n\n\n\n<p><\/p>\n\n\n\n<p><strong>15.09.<\/strong><\/p>\n\n\n\n<p>\u201c<strong>Rusiya-Ukrayna m\u00fcharib\u0259si T\u00fcrkiy\u0259 iqtisadiyyat\u0131na da z\u0259rb\u0259 vuracaq\u201d<\/strong><\/p>\n\n\n\n<p><em>T\u00fcrkiy\u0259nin illik inflyasiyas\u0131 fevralda g\u00f6zl\u0259n\u0259nd\u0259n \u00e7ox \u2013 54,44 faiz\u0259 y\u00fcks\u0259lib.<br><\/em><\/p>\n\n\n\n<p><em>T\u00fcrkiy\u0259 Statistika Qurumu \u201cReuters\u201din sor\u011fusuna cavab olaraq bildirib ki, bu, illik 53 faiz proqnozu il\u0259 m\u00fcqayis\u0259d\u0259 \u00e7oxdur.<br><\/em><\/p>\n\n\n\n<div class=\"wp-block-image\"><figure class=\"alignleft size-full is-resized\"><img decoding=\"async\" data-src=\"https:\/\/www.meydan.tv\/wp-content\/uploads\/rovsen.jpg\" alt=\"R\u00f6v\u015f\u0259n A\u011fayev\" class=\"wp-image-131927 lazyload\" width=\"353\" height=\"222\" src=\"data:image\/svg+xml;base64,PHN2ZyB3aWR0aD0iMSIgaGVpZ2h0PSIxIiB4bWxucz0iaHR0cDovL3d3dy53My5vcmcvMjAwMC9zdmciPjwvc3ZnPg==\" style=\"--smush-placeholder-width: 353px; --smush-placeholder-aspect-ratio: 353\/222;\" \/><figcaption>Source: Foto: Meydan TV<\/figcaption><\/figure><\/div>\n\n\n\n<p><em>\u0130qtisad\u00e7\u0131 R\u00f6v\u015f\u0259n A\u011fayev <a href=\"https:\/\/www.meydan.tv\/az\/article\/iqtisadci-rusiya-ukrayna-muharibesi-turkiye-iqtisadiyyatina-da-zerbe-vuracaq\/\" target=\"_blank\" rel=\"noreferrer noopener\">bildirir<\/a> ki, x\u00fcsusil\u0259 Az\u0259rbaycan\u0131n idxal\u0131n\u0131n t\u0259xmin\u0259n \u00fc\u00e7d\u0259 biri, qeyri-neft ixrac\u0131n\u0131n is\u0259 tam yar\u0131s\u0131 bu 2 \u00f6lk\u0259nin pay\u0131na d\u00fc\u015f\u00fcr:<br><\/em><\/p>\n\n\n\n<p><em>\u201cRusiyan\u0131n sanksiya alt\u0131na d\u00fc\u015fm\u0259si T\u00fcrkiy\u0259y\u0259 z\u0259rb\u0259dir\u201d.<\/em><\/p>\n\n\n\n<hr class=\"wp-block-separator\"\/>\n\n\n\n<p><\/p>\n\n\n\n<p><\/p>\n\n\n\n<p><strong>13.43.<\/strong><\/p>\n\n\n\n<p><strong>\u201cExo Moskv\u0131\u201d ba\u011fland\u0131<\/strong><br><\/p>\n\n\n\n<p><em>\u201cExo Moskv\u0131\u201d radiostansiyan\u0131n f\u0259aliyy\u0259ti <a href=\"https:\/\/www.meydan.tv\/az\/article\/exo-moskvi-radiosunun-fealiyyeti-dayandirildi\/\" target=\"_blank\" rel=\"noreferrer noopener\">dayand\u0131r\u0131l\u0131b<\/a>.<br><\/em><\/p>\n\n\n\n<p><em>Bu bar\u0259d\u0259 Direktorlar \u015euras\u0131 mart\u0131n 3-d\u0259 s\u0259s \u00e7oxlu\u011fu il\u0259 radiokanal\u0131n v\u0259 \u201cExo Moskv\u0131\u201dn\u0131n sayt\u0131n\u0131n l\u0259\u011fvi bar\u0259d\u0259 q\u0259rar q\u0259bul edib.<br><\/em><\/p>\n\n\n\n<div class=\"wp-block-image\"><figure class=\"alignright size-full is-resized\"><img decoding=\"async\" data-src=\"https:\/\/www.meydan.tv\/wp-content\/uploads\/755925605818996.jpg\" alt=\"\" class=\"wp-image-236877 lazyload\" width=\"349\" height=\"215\" src=\"data:image\/svg+xml;base64,PHN2ZyB3aWR0aD0iMSIgaGVpZ2h0PSIxIiB4bWxucz0iaHR0cDovL3d3dy53My5vcmcvMjAwMC9zdmciPjwvc3ZnPg==\" style=\"--smush-placeholder-width: 349px; --smush-placeholder-aspect-ratio: 349\/215;\" \/><figcaption>Aleksey Venediktov. Foto: RBC<\/figcaption><\/figure><\/div>\n\n\n\n<p><em>Radiostansiyan\u0131n ba\u015f redaktoru Aleksey Venediktov \u201cNovaya gazeta\u201d sayt\u0131na deyib ki, Roskomnadzor \u201cGoogle\u201ddan \u201cExo Moskv\u0131\u201d proqram\u0131n\u0131 silm\u0259yi t\u0259l\u0259b edib.<br><\/em><\/p>\n\n\n\n<p><em>Mart\u0131n 1-d\u0259 Rusiyan\u0131n Ba\u015f Prokurorlu\u011fu \u201cExo Moskv\u0131\u201dn\u0131 efir\u0259 \u00e7\u0131xmas\u0131n\u0131 qada\u011fan edib.<\/em><\/p>\n\n\n\n<hr class=\"wp-block-separator\"\/>\n\n\n\n<p><strong>13.05.<\/strong><\/p>\n\n\n\n<p><strong>Spikerd\u0259n m\u0259d\u0259niyy\u0259t xadiml\u0259rin\u0259: &#8220;V\u0259zif\u0259l\u0259rinizi t\u0259rk edin&#8221;<\/strong><\/p>\n\n\n\n<p><em>D\u00f6vl\u0259t Dumas\u0131n\u0131n spikeri Vya\u00e7eslav Volodin Rusiyan\u0131n Ukraynada ke\u00e7irdiyi h\u0259rbi \u0259m\u0259liyyat\u0131 d\u0259st\u0259kl\u0259m\u0259y\u0259n m\u0259d\u0259niyy\u0259t xadiml\u0259rin\u0259 \u00f6z postlar\u0131n\u0131 t\u0259rk etm\u0259yi t\u0259klif edib.<\/em><\/p>\n\n\n\n<p>Siyas\u0259t\u00e7i \u201c<em>Rossiya-24\u201d telekanal\u0131na m\u00fcsahib\u0259sind\u0259 deyib ki, d\u00f6vl\u0259t b\u00fcdc\u0259sind\u0259n maliyy\u0259l\u0259\u015f\u0259n qurumlarda i\u015fl\u0259y\u0259n s\u0259n\u0259t\u00e7il\u0259r tutduqlar\u0131 v\u0259zif\u0259l\u0259rd\u0259n v\u0259 qrantlardan imtina etm\u0259lidirl\u0259r.<\/em><\/p>\n\n\n\n<div class=\"wp-block-image\"><figure class=\"alignleft size-full is-resized\"><img decoding=\"async\" data-src=\"https:\/\/www.meydan.tv\/wp-content\/uploads\/16340341301078318279_1000x669.jpg\" alt=\"\" class=\"wp-image-236889 lazyload\" width=\"403\" height=\"256\" src=\"data:image\/svg+xml;base64,PHN2ZyB3aWR0aD0iMSIgaGVpZ2h0PSIxIiB4bWxucz0iaHR0cDovL3d3dy53My5vcmcvMjAwMC9zdmciPjwvc3ZnPg==\" style=\"--smush-placeholder-width: 403px; --smush-placeholder-aspect-ratio: 403\/256;\" \/><figcaption>Foto: Az\u0259rtac<\/figcaption><\/figure><\/div>\n\n\n\n<p><em><br>\u201c\u0130kili m\u00f6vqe tutmaq olmaz. Sizd\u0259n istifad\u0259 ed\u0259c\u0259kl\u0259r. \u00d6lk\u0259nizin olmamas\u0131 \u00fc\u00e7\u00fcn h\u0259r \u015feyi ed\u0259c\u0259kl\u0259r, sonra bel\u0259 i\u015fbirlik\u00e7i m\u00f6vqe tutanlara, xalq\u0131na, d\u00f6vl\u0259tin\u0259 x\u0259yan\u0259t ed\u0259nl\u0259r\u0259 yen\u0259 d\u0259 xor baxacaqlar\u201d, &#8211; spiker bel\u0259 deyib.<\/em><\/p>\n\n\n\n<hr class=\"wp-block-separator\"\/>\n\n\n\n<p><\/p>\n\n\n\n<p><\/p>\n\n\n\n<p><\/p>\n\n\n\n<p><strong>BMT Ukraynada qa\u00e7q\u0131nlar\u0131n say\u0131n\u0131n 1 milyona \u00e7atd\u0131\u011f\u0131n\u0131 b\u0259yan edib<\/strong><br><\/p>\n\n\n\n<p>Ekspertl\u0259rin qiym\u0259tl\u0259ndirm\u0259l\u0259rin\u0259 g\u00f6r\u0259, Rusiyan\u0131n Ukrayna il\u0259 m\u00fcharib\u0259si 12 milyon insan\u0131 evsiz-e\u015fiksiz qoya bil\u0259r<br><\/p>\n\n\n\n<p>BMT-nin Qa\u00e7q\u0131nlar\u0131n \u0130\u015fi \u00fczr\u0259 Agentliyinin m\u0259lumat\u0131na g\u00f6r\u0259, mart\u0131n 3-d\u0259k Ukraynan\u0131 milyona yax\u0131n adam t\u0259rk edib. \u00dc\u00e7 g\u00fcn \u0259vv\u0259l BMT-d\u0259 yar\u0131m milyon insan haqq\u0131nda dan\u0131\u015f\u0131rd\u0131lar, bel\u0259likl\u0259, bazar g\u00fcn\u00fcnd\u0259n etibar\u0259n Ukrayadan qa\u00e7an insanlar\u0131n say\u0131 iki d\u0259f\u0259 art\u0131b.<br><\/p>\n\n\n\n<p>Qa\u00e7q\u0131nlar Pol\u015fa, Rum\u0131niya v\u0259 Moldovoya gedirl\u0259r. Bundan ba\u015fqa, BMT Pol\u015fan\u0131n y\u00fcz min insan q\u0259bul etdiyini x\u0259b\u0259r verir.<br><\/p>\n\n\n\n<p>BMT-nin Agentliyinin ali komissar\u0131 Filippo Qrandi h\u0259yati vacib y\u00fckl\u0259rl\u0259 dolu humanitar missiyan\u0131n z\u0259r\u0259r\u00e7\u0259k\u0259nl\u0259r\u0259 \u00e7ata bilm\u0259si \u00fc\u00e7\u00fcn rus h\u0259rb\u00e7il\u0259rini Ukrayna \u015f\u0259h\u0259rl\u0259rini at\u0259\u015f\u0259 tutmama\u011fa \u00e7a\u011f\u0131r\u0131b.<br>BBC-nin Rusiya xidm\u0259tinin m\u00fcqayis\u0259sin\u0259 g\u00f6r\u0259, 2015-ci ild\u0259 Suriya, \u0130raq v\u0259 \u018ffqan\u0131stan\u0131 1,3 milyona yax\u0131n adam t\u0259rk edib. Ekspertl\u0259rin qiym\u0259tl\u0259ndirm\u0259l\u0259rin\u0259 g\u00f6r\u0259, Rusiyan\u0131n Ukrayna il\u0259 m\u00fcharib\u0259si 12 milyon insan\u0131 evsiz-e\u015fiksiz qoya bil\u0259r.<br><\/p>\n\n\n\n<div class=\"wp-block-image\"><figure class=\"alignright size-full is-resized\"><img decoding=\"async\" data-src=\"https:\/\/www.meydan.tv\/wp-content\/uploads\/18513.jpg\" alt=\"BMT-nin toplant\u0131s\u0131\" class=\"wp-image-49253 lazyload\" width=\"344\" height=\"229\" src=\"data:image\/svg+xml;base64,PHN2ZyB3aWR0aD0iMSIgaGVpZ2h0PSIxIiB4bWxucz0iaHR0cDovL3d3dy53My5vcmcvMjAwMC9zdmciPjwvc3ZnPg==\" style=\"--smush-placeholder-width: 344px; --smush-placeholder-aspect-ratio: 344\/229;\" \/><figcaption>Source: BMT<\/figcaption><\/figure><\/div>\n\n\n\n<p>Vladimir Putin fevral\u0131n 24-n\u0259 ke\u00e7\u0259n gec\u0259 Donbasda x\u00fcsusi h\u0259rbi \u0259m\u0259liyyata ba\u015flanmas\u0131n\u0131 elan edib. O b\u0259yan edib ki, \u0259m\u0259liyyat\u0131n m\u0259qs\u0259di \u201cs\u0259kkiz il \u0259rzind\u0259 Kiyev rejimi t\u0259r\u0259find\u0259n soyq\u0131r\u0131ma m\u0259ruz qalan\u201d insanlar\u0131n m\u00fcdafi\u0259sin\u0259 qalxmaqd\u0131r.<br><\/p>\n\n\n\n<p>Bir \u00e7ox \u00f6lk\u0259 Rusiyan\u0131n Ukraynaya qar\u015f\u0131 t\u0259cav\u00fcz\u00fcn\u00fc \u015fidd\u0259tl\u0259 q\u0131nay\u0131r v\u0259 m\u00fcharib\u0259nin d\u0259rhal dayand\u0131r\u0131lmas\u0131n\u0131 t\u0259l\u0259b edir. Rusiyaya m\u00fcnasib\u0259td\u0259 misli g\u00f6r\u00fcnm\u0259mi\u015f siyasi v\u0259 iqtisadi sanksiyalar yeridilib.<\/p>\n","protected":false},"excerpt":{"rendered":"","protected":false},"author":8,"featured_media":236884,"comment_status":"closed","ping_status":"closed","sticky":false,"template":"","format":"standard","meta":{"_acf_changed":false,"_sitemap_exclude":false,"_sitemap_priority":"","_sitemap_frequency":"","footnotes":""},"categories":[59,79,63,56],"tags":[],"class_list":["post-236882","post","type-post","status-publish","format-standard","has-post-thumbnail","hentry","category-siyaset","category-featured","category-video-2","category-xeberler","infinite-scroll-item","generate-columns","tablet-grid-50","mobile-grid-100","grid-parent","grid-33","no-featured-image-padding"],"acf":[],"yoast_head":"<!-- This site is optimized with the Yoast SEO plugin v27.5 - https:\/\/yoast.com\/product\/yoast-seo-wordpress\/ -->\n<title>Rusiya-Ukrayna m\u00fcharib\u0259si: yenil\u0259n\u0259n x\u0259b\u0259rl\u0259r - MEYDAN.TV<\/title>\n<meta name=\"robots\" content=\"index, follow, max-snippet:-1, max-image-preview:large, max-video-preview:-1\" \/>\n<link rel=\"canonical\" href=\"https:\/\/www.meydan.tv\/az\/article\/rusiya-ukrayna-muharibesi-yenilenen-xeberler\/\" \/>\n<meta property=\"og:locale\" content=\"az_AZ\" \/>\n<meta property=\"og:type\" content=\"article\" \/>\n<meta property=\"og:title\" content=\"Rusiya-Ukrayna m\u00fcharib\u0259si: yenil\u0259n\u0259n x\u0259b\u0259rl\u0259r - MEYDAN.TV\" \/>\n<meta property=\"og:url\" content=\"https:\/\/www.meydan.tv\/az\/article\/rusiya-ukrayna-muharibesi-yenilenen-xeberler\/\" \/>\n<meta property=\"og:site_name\" content=\"MEYDAN.TV\" \/>\n<meta property=\"article:published_time\" content=\"2022-03-03T09:05:59+00:00\" \/>\n<meta property=\"article:modified_time\" content=\"2022-03-03T20:07:24+00:00\" \/>\n<meta property=\"og:image\" content=\"https:\/\/www.meydan.tv\/wp-content\/uploads\/download-11.jpg\" \/>\n\t<meta property=\"og:image:width\" content=\"780\" \/>\n\t<meta property=\"og:image:height\" content=\"557\" \/>\n\t<meta property=\"og:image:type\" content=\"image\/jpeg\" \/>\n<meta name=\"author\" content=\"elli\" \/>\n<meta name=\"twitter:card\" content=\"summary_large_image\" \/>\n<meta name=\"twitter:creator\" content=\"@elli\" \/>\n<script type=\"application\/ld+json\" class=\"yoast-schema-graph\">{\"@context\":\"https:\\\/\\\/schema.org\",\"@graph\":[{\"@type\":\"Article\",\"@id\":\"https:\\\/\\\/www.meydan.tv\\\/az\\\/article\\\/rusiya-ukrayna-muharibesi-yenilenen-xeberler\\\/#article\",\"isPartOf\":{\"@id\":\"https:\\\/\\\/www.meydan.tv\\\/az\\\/article\\\/rusiya-ukrayna-muharibesi-yenilenen-xeberler\\\/\"},\"author\":{\"name\":\"elli\",\"@id\":\"https:\\\/\\\/www.meydan.tv\\\/az\\\/#\\\/schema\\\/person\\\/9cdbecf90d17180ce1dfbd95b08dcf47\"},\"headline\":\"Rusiya-Ukrayna m\u00fcharib\u0259si: yenil\u0259n\u0259n x\u0259b\u0259rl\u0259r\",\"datePublished\":\"2022-03-03T09:05:59+00:00\",\"dateModified\":\"2022-03-03T20:07:24+00:00\",\"mainEntityOfPage\":{\"@id\":\"https:\\\/\\\/www.meydan.tv\\\/az\\\/article\\\/rusiya-ukrayna-muharibesi-yenilenen-xeberler\\\/\"},\"wordCount\":1843,\"publisher\":{\"@id\":\"https:\\\/\\\/www.meydan.tv\\\/az\\\/#organization\"},\"image\":{\"@id\":\"https:\\\/\\\/www.meydan.tv\\\/az\\\/article\\\/rusiya-ukrayna-muharibesi-yenilenen-xeberler\\\/#primaryimage\"},\"thumbnailUrl\":\"https:\\\/\\\/www.meydan.tv\\\/wp-content\\\/uploads\\\/download-11.jpg\",\"articleSection\":[\"Siyas\u0259t\",\"T\u00f6vsiy\u0259\",\"Video\",\"X\u0259b\u0259rl\u0259r\"],\"inLanguage\":\"az\"},{\"@type\":\"WebPage\",\"@id\":\"https:\\\/\\\/www.meydan.tv\\\/az\\\/article\\\/rusiya-ukrayna-muharibesi-yenilenen-xeberler\\\/\",\"url\":\"https:\\\/\\\/www.meydan.tv\\\/az\\\/article\\\/rusiya-ukrayna-muharibesi-yenilenen-xeberler\\\/\",\"name\":\"Rusiya-Ukrayna m\u00fcharib\u0259si: yenil\u0259n\u0259n x\u0259b\u0259rl\u0259r - MEYDAN.TV\",\"isPartOf\":{\"@id\":\"https:\\\/\\\/www.meydan.tv\\\/az\\\/#website\"},\"primaryImageOfPage\":{\"@id\":\"https:\\\/\\\/www.meydan.tv\\\/az\\\/article\\\/rusiya-ukrayna-muharibesi-yenilenen-xeberler\\\/#primaryimage\"},\"image\":{\"@id\":\"https:\\\/\\\/www.meydan.tv\\\/az\\\/article\\\/rusiya-ukrayna-muharibesi-yenilenen-xeberler\\\/#primaryimage\"},\"thumbnailUrl\":\"https:\\\/\\\/www.meydan.tv\\\/wp-content\\\/uploads\\\/download-11.jpg\",\"datePublished\":\"2022-03-03T09:05:59+00:00\",\"dateModified\":\"2022-03-03T20:07:24+00:00\",\"breadcrumb\":{\"@id\":\"https:\\\/\\\/www.meydan.tv\\\/az\\\/article\\\/rusiya-ukrayna-muharibesi-yenilenen-xeberler\\\/#breadcrumb\"},\"inLanguage\":\"az\",\"potentialAction\":[{\"@type\":\"ReadAction\",\"target\":[\"https:\\\/\\\/www.meydan.tv\\\/az\\\/article\\\/rusiya-ukrayna-muharibesi-yenilenen-xeberler\\\/\"]}]},{\"@type\":\"ImageObject\",\"inLanguage\":\"az\",\"@id\":\"https:\\\/\\\/www.meydan.tv\\\/az\\\/article\\\/rusiya-ukrayna-muharibesi-yenilenen-xeberler\\\/#primaryimage\",\"url\":\"https:\\\/\\\/www.meydan.tv\\\/wp-content\\\/uploads\\\/download-11.jpg\",\"contentUrl\":\"https:\\\/\\\/www.meydan.tv\\\/wp-content\\\/uploads\\\/download-11.jpg\",\"width\":780,\"height\":557,\"caption\":\"Foto: Reuters\"},{\"@type\":\"BreadcrumbList\",\"@id\":\"https:\\\/\\\/www.meydan.tv\\\/az\\\/article\\\/rusiya-ukrayna-muharibesi-yenilenen-xeberler\\\/#breadcrumb\",\"itemListElement\":[{\"@type\":\"ListItem\",\"position\":1,\"name\":\"Ana s\u0259hif\u0259\",\"item\":\"https:\\\/\\\/www.meydan.tv\\\/az\\\/\"},{\"@type\":\"ListItem\",\"position\":2,\"name\":\"Siyas\u0259t\",\"item\":\"https:\\\/\\\/www.meydan.tv\\\/az\\\/section\\\/siyaset\\\/\"},{\"@type\":\"ListItem\",\"position\":3,\"name\":\"Rusiya-Ukrayna m\u00fcharib\u0259si: yenil\u0259n\u0259n x\u0259b\u0259rl\u0259r\"}]},{\"@type\":\"WebSite\",\"@id\":\"https:\\\/\\\/www.meydan.tv\\\/az\\\/#website\",\"url\":\"https:\\\/\\\/www.meydan.tv\\\/az\\\/\",\"name\":\"MEYDAN.TV\",\"description\":\"Meydan TV Az\u0259rbaycan\u0131n media m\u0259kan\u0131ndak\u0131 alternativ s\u0259sidir\",\"publisher\":{\"@id\":\"https:\\\/\\\/www.meydan.tv\\\/az\\\/#organization\"},\"potentialAction\":[{\"@type\":\"SearchAction\",\"target\":{\"@type\":\"EntryPoint\",\"urlTemplate\":\"https:\\\/\\\/www.meydan.tv\\\/az\\\/?s={search_term_string}\"},\"query-input\":{\"@type\":\"PropertyValueSpecification\",\"valueRequired\":true,\"valueName\":\"search_term_string\"}}],\"inLanguage\":\"az\"},{\"@type\":\"Organization\",\"@id\":\"https:\\\/\\\/www.meydan.tv\\\/az\\\/#organization\",\"name\":\"Meydan TV\",\"url\":\"https:\\\/\\\/www.meydan.tv\\\/az\\\/\",\"logo\":{\"@type\":\"ImageObject\",\"inLanguage\":\"az\",\"@id\":\"https:\\\/\\\/www.meydan.tv\\\/az\\\/#\\\/schema\\\/logo\\\/image\\\/\",\"url\":\"https:\\\/\\\/www.meydan.tv\\\/wp-content\\\/uploads\\\/2021\\\/07\\\/meydan-logo.svg\",\"contentUrl\":\"https:\\\/\\\/www.meydan.tv\\\/wp-content\\\/uploads\\\/2021\\\/07\\\/meydan-logo.svg\",\"width\":195,\"height\":46,\"caption\":\"Meydan TV\"},\"image\":{\"@id\":\"https:\\\/\\\/www.meydan.tv\\\/az\\\/#\\\/schema\\\/logo\\\/image\\\/\"}},{\"@type\":\"Person\",\"@id\":\"https:\\\/\\\/www.meydan.tv\\\/az\\\/#\\\/schema\\\/person\\\/9cdbecf90d17180ce1dfbd95b08dcf47\",\"name\":\"elli\",\"sameAs\":[\"https:\\\/\\\/x.com\\\/elli\"]}]}<\/script>\n<!-- \/ Yoast SEO plugin. -->","yoast_head_json":{"title":"Rusiya-Ukrayna m\u00fcharib\u0259si: yenil\u0259n\u0259n x\u0259b\u0259rl\u0259r - MEYDAN.TV","robots":{"index":"index","follow":"follow","max-snippet":"max-snippet:-1","max-image-preview":"max-image-preview:large","max-video-preview":"max-video-preview:-1"},"canonical":"https:\/\/www.meydan.tv\/az\/article\/rusiya-ukrayna-muharibesi-yenilenen-xeberler\/","og_locale":"az_AZ","og_type":"article","og_title":"Rusiya-Ukrayna m\u00fcharib\u0259si: yenil\u0259n\u0259n x\u0259b\u0259rl\u0259r - MEYDAN.TV","og_url":"https:\/\/www.meydan.tv\/az\/article\/rusiya-ukrayna-muharibesi-yenilenen-xeberler\/","og_site_name":"MEYDAN.TV","article_published_time":"2022-03-03T09:05:59+00:00","article_modified_time":"2022-03-03T20:07:24+00:00","og_image":[{"width":780,"height":557,"url":"https:\/\/www.meydan.tv\/wp-content\/uploads\/download-11.jpg","type":"image\/jpeg"}],"author":"elli","twitter_card":"summary_large_image","twitter_creator":"@elli","schema":{"@context":"https:\/\/schema.org","@graph":[{"@type":"Article","@id":"https:\/\/www.meydan.tv\/az\/article\/rusiya-ukrayna-muharibesi-yenilenen-xeberler\/#article","isPartOf":{"@id":"https:\/\/www.meydan.tv\/az\/article\/rusiya-ukrayna-muharibesi-yenilenen-xeberler\/"},"author":{"name":"elli","@id":"https:\/\/www.meydan.tv\/az\/#\/schema\/person\/9cdbecf90d17180ce1dfbd95b08dcf47"},"headline":"Rusiya-Ukrayna m\u00fcharib\u0259si: yenil\u0259n\u0259n x\u0259b\u0259rl\u0259r","datePublished":"2022-03-03T09:05:59+00:00","dateModified":"2022-03-03T20:07:24+00:00","mainEntityOfPage":{"@id":"https:\/\/www.meydan.tv\/az\/article\/rusiya-ukrayna-muharibesi-yenilenen-xeberler\/"},"wordCount":1843,"publisher":{"@id":"https:\/\/www.meydan.tv\/az\/#organization"},"image":{"@id":"https:\/\/www.meydan.tv\/az\/article\/rusiya-ukrayna-muharibesi-yenilenen-xeberler\/#primaryimage"},"thumbnailUrl":"https:\/\/www.meydan.tv\/wp-content\/uploads\/download-11.jpg","articleSection":["Siyas\u0259t","T\u00f6vsiy\u0259","Video","X\u0259b\u0259rl\u0259r"],"inLanguage":"az"},{"@type":"WebPage","@id":"https:\/\/www.meydan.tv\/az\/article\/rusiya-ukrayna-muharibesi-yenilenen-xeberler\/","url":"https:\/\/www.meydan.tv\/az\/article\/rusiya-ukrayna-muharibesi-yenilenen-xeberler\/","name":"Rusiya-Ukrayna m\u00fcharib\u0259si: yenil\u0259n\u0259n x\u0259b\u0259rl\u0259r - MEYDAN.TV","isPartOf":{"@id":"https:\/\/www.meydan.tv\/az\/#website"},"primaryImageOfPage":{"@id":"https:\/\/www.meydan.tv\/az\/article\/rusiya-ukrayna-muharibesi-yenilenen-xeberler\/#primaryimage"},"image":{"@id":"https:\/\/www.meydan.tv\/az\/article\/rusiya-ukrayna-muharibesi-yenilenen-xeberler\/#primaryimage"},"thumbnailUrl":"https:\/\/www.meydan.tv\/wp-content\/uploads\/download-11.jpg","datePublished":"2022-03-03T09:05:59+00:00","dateModified":"2022-03-03T20:07:24+00:00","breadcrumb":{"@id":"https:\/\/www.meydan.tv\/az\/article\/rusiya-ukrayna-muharibesi-yenilenen-xeberler\/#breadcrumb"},"inLanguage":"az","potentialAction":[{"@type":"ReadAction","target":["https:\/\/www.meydan.tv\/az\/article\/rusiya-ukrayna-muharibesi-yenilenen-xeberler\/"]}]},{"@type":"ImageObject","inLanguage":"az","@id":"https:\/\/www.meydan.tv\/az\/article\/rusiya-ukrayna-muharibesi-yenilenen-xeberler\/#primaryimage","url":"https:\/\/www.meydan.tv\/wp-content\/uploads\/download-11.jpg","contentUrl":"https:\/\/www.meydan.tv\/wp-content\/uploads\/download-11.jpg","width":780,"height":557,"caption":"Foto: Reuters"},{"@type":"BreadcrumbList","@id":"https:\/\/www.meydan.tv\/az\/article\/rusiya-ukrayna-muharibesi-yenilenen-xeberler\/#breadcrumb","itemListElement":[{"@type":"ListItem","position":1,"name":"Ana s\u0259hif\u0259","item":"https:\/\/www.meydan.tv\/az\/"},{"@type":"ListItem","position":2,"name":"Siyas\u0259t","item":"https:\/\/www.meydan.tv\/az\/section\/siyaset\/"},{"@type":"ListItem","position":3,"name":"Rusiya-Ukrayna m\u00fcharib\u0259si: yenil\u0259n\u0259n x\u0259b\u0259rl\u0259r"}]},{"@type":"WebSite","@id":"https:\/\/www.meydan.tv\/az\/#website","url":"https:\/\/www.meydan.tv\/az\/","name":"MEYDAN.TV","description":"Meydan TV Az\u0259rbaycan\u0131n media m\u0259kan\u0131ndak\u0131 alternativ s\u0259sidir","publisher":{"@id":"https:\/\/www.meydan.tv\/az\/#organization"},"potentialAction":[{"@type":"SearchAction","target":{"@type":"EntryPoint","urlTemplate":"https:\/\/www.meydan.tv\/az\/?s={search_term_string}"},"query-input":{"@type":"PropertyValueSpecification","valueRequired":true,"valueName":"search_term_string"}}],"inLanguage":"az"},{"@type":"Organization","@id":"https:\/\/www.meydan.tv\/az\/#organization","name":"Meydan TV","url":"https:\/\/www.meydan.tv\/az\/","logo":{"@type":"ImageObject","inLanguage":"az","@id":"https:\/\/www.meydan.tv\/az\/#\/schema\/logo\/image\/","url":"https:\/\/www.meydan.tv\/wp-content\/uploads\/2021\/07\/meydan-logo.svg","contentUrl":"https:\/\/www.meydan.tv\/wp-content\/uploads\/2021\/07\/meydan-logo.svg","width":195,"height":46,"caption":"Meydan TV"},"image":{"@id":"https:\/\/www.meydan.tv\/az\/#\/schema\/logo\/image\/"}},{"@type":"Person","@id":"https:\/\/www.meydan.tv\/az\/#\/schema\/person\/9cdbecf90d17180ce1dfbd95b08dcf47","name":"elli","sameAs":["https:\/\/x.com\/elli"]}]}},"_links":{"self":[{"href":"https:\/\/www.meydan.tv\/az\/wp-json\/wp\/v2\/posts\/236882","targetHints":{"allow":["GET"]}}],"collection":[{"href":"https:\/\/www.meydan.tv\/az\/wp-json\/wp\/v2\/posts"}],"about":[{"href":"https:\/\/www.meydan.tv\/az\/wp-json\/wp\/v2\/types\/post"}],"author":[{"embeddable":true,"href":"https:\/\/www.meydan.tv\/az\/wp-json\/wp\/v2\/users\/8"}],"replies":[{"embeddable":true,"href":"https:\/\/www.meydan.tv\/az\/wp-json\/wp\/v2\/comments?post=236882"}],"version-history":[{"count":15,"href":"https:\/\/www.meydan.tv\/az\/wp-json\/wp\/v2\/posts\/236882\/revisions"}],"predecessor-version":[{"id":237054,"href":"https:\/\/www.meydan.tv\/az\/wp-json\/wp\/v2\/posts\/236882\/revisions\/237054"}],"wp:featuredmedia":[{"embeddable":true,"href":"https:\/\/www.meydan.tv\/az\/wp-json\/wp\/v2\/media\/236884"}],"wp:attachment":[{"href":"https:\/\/www.meydan.tv\/az\/wp-json\/wp\/v2\/media?parent=236882"}],"wp:term":[{"taxonomy":"category","embeddable":true,"href":"https:\/\/www.meydan.tv\/az\/wp-json\/wp\/v2\/categories?post=236882"},{"taxonomy":"post_tag","embeddable":true,"href":"https:\/\/www.meydan.tv\/az\/wp-json\/wp\/v2\/tags?post=236882"}],"curies":[{"name":"wp","href":"https:\/\/api.w.org\/{rel}","templated":true}]}}