{"id":236800,"date":"2022-03-02T17:38:06","date_gmt":"2022-03-02T13:38:06","guid":{"rendered":"https:\/\/www.meydan.tv\/?p=236800"},"modified":"2022-03-02T17:38:08","modified_gmt":"2022-03-02T13:38:08","slug":"kusturitsa-mukafati-praqa-otellerinin-birinde-unutmusam","status":"publish","type":"post","link":"https:\/\/www.meydan.tv\/az\/article\/kusturitsa-mukafati-praqa-otellerinin-birinde-unutmusam\/","title":{"rendered":"Kusturitsa: &#8220;M\u00fckafat\u0131 Praqa otell\u0259rinin birind\u0259 unutmu\u015fam&#8221;"},"content":{"rendered":"\n<p><em>&#8220;M\u00fckafat\u0131 qaytarmaq ist\u0259yirl\u0259rs\u0259, Praqa otell\u0259ri aras\u0131nda m\u00fcsabiq\u0259 elan etsinl\u0259r&#8221;<\/em><\/p>\n\n\n\n<p>Serbiyal\u0131 kinorejissor Emir Kusturitsa Praqa Beyn\u0259lxalq Film Festival\u0131n\u0131n Rusiya il\u0259 \u0259m\u0259kda\u015fl\u0131\u011f\u0131na g\u00f6r\u0259 onu m\u00fckafatdan m\u0259hrum etm\u0259sin\u0259 m\u00fcnasib\u0259t bildirib.<\/p>\n\n\n\n<p>Kusturitsa m\u00fckafat\u0131 Praqa otell\u0259rinin birind\u0259 unutdu\u011funu deyib.<\/p>\n\n\n\n<p>\u201cPlanetd\u0259 y\u00fczl\u0259rl\u0259 festival var. D\u00fcz\u00fcn\u00fc deyim ki, bu festival\u0131 n\u0259d\u0259ns\u0259 xat\u0131rlam\u0131ram, yad\u0131mda qalmay\u0131b. \u0130ndi ham\u0131 yeralt\u0131ndan \u00e7\u0131x\u0131b, hans\u0131sa yolla s\u0259n\u0259td\u0259ki u\u011fursuzluqlar\u0131n\u0131 s\u0131\u011fortalama\u011fa \u00e7al\u0131\u015f\u0131r. M\u00fckafat\u0131 qaytarmaq ist\u0259yirl\u0259rs\u0259, Praqa otell\u0259ri aras\u0131nda m\u00fcsabiq\u0259 elan etsinl\u0259r\u201d, &#8211; s\u0259n\u0259t\u00e7i bildirib.<\/p>\n\n\n\n<p>Praqa Beyn\u0259lxalq Film Festival\u0131 \u201cFebiofest\u201d Emir Kusturitsaya 2017-ci ild\u0259 veril\u0259n \u201cKristian\u201d m\u00fckafat\u0131n\u0131 geri alacaq.<\/p>\n\n\n\n<p>Q\u0259rar\u0131 festival\u0131n t\u0259sis\u00e7isi v\u0259 s\u0259dri Ferro Feni\u00e7 verib, dig\u0259r n\u00fcmay\u0259nd\u0259l\u0259r d\u0259 d\u0259st\u0259kl\u0259yib.<\/p>\n\n\n\n<p>M\u00fckafat\u0131n Kusturitsadan geri al\u0131nma\u011f\u0131n\u0131n s\u0259b\u0259bi s\u0259n\u0259t\u00e7inin 2022-ci il fevral\u0131n 21-d\u0259 Rusiya Ordusunun M\u0259rk\u0259zi Akademik Teatr\u0131n\u0131n ba\u015f rejissoru v\u0259zif\u0259sind\u0259 \u00e7al\u0131\u015fma\u011fa raz\u0131l\u0131q <a href=\"https:\/\/d9mc3ts4czbpr.cloudfront.net\/az\/article\/kinorejissora-verilen-mukafat-rusiyaya-gore-geri-alinir\/\" target=\"_blank\" rel=\"noreferrer noopener\">verm\u0259sidir<\/a>. <\/p>\n\n\n\n<p>Fevral\u0131n 21-d\u0259 Rusiya Prezidenti Vladimir Putin separat\u00e7\u0131lar\u0131n n\u0259zar\u0259tind\u0259 olan \u201cDonetsk Xalq Respublikas\u0131\u201d (\u201cDXR\u201d) v\u0259 \u201cLuqansk Xalq Respublikas\u0131\u201d (\u201cLXR\u201d) adl\u0131 qurumlar\u0131 tan\u0131y\u0131b, h\u0259min \u0259razil\u0259r\u0259 ordu yeridib.<\/p>\n\n\n\n<p>Fevral\u0131n 24-d\u0259 Rusiya Ukraynan\u0131n Donbas b\u00f6lg\u0259sind\u0259 geni\u015fmiqyasl\u0131 h\u0259rbi \u0259m\u0259liyyatlara ba\u015flay\u0131b.<\/p>\n","protected":false},"excerpt":{"rendered":"<p>&#8220;M\u00fckafat\u0131 qaytarmaq ist\u0259yirl\u0259rs\u0259, Praqa otell\u0259ri aras\u0131nda m\u00fcsabiq\u0259 elan etsinl\u0259r&#8221; Serbiyal\u0131 &#8230; <\/p>\n<p class=\"read-more-container\"><a title=\"Kusturitsa: &#8220;M\u00fckafat\u0131 Praqa otell\u0259rinin birind\u0259 unutmu\u015fam&#8221;\" class=\"read-more button\" href=\"https:\/\/www.meydan.tv\/az\/article\/kusturitsa-mukafati-praqa-otellerinin-birinde-unutmusam\/#more-236800\" aria-label=\"Read more about Kusturitsa: &#8220;M\u00fckafat\u0131 Praqa otell\u0259rinin birind\u0259 unutmu\u015fam&#8221;\">Davam\u0131<\/a><\/p>\n","protected":false},"author":8,"featured_media":236565,"comment_status":"closed","ping_status":"closed","sticky":false,"template":"","format":"standard","meta":{"_acf_changed":false,"_sitemap_exclude":false,"_sitemap_priority":"","_sitemap_frequency":"","footnotes":""},"categories":[52,56],"tags":[],"class_list":["post-236800","post","type-post","status-publish","format-standard","has-post-thumbnail","hentry","category-medeniyyet","category-xeberler","infinite-scroll-item","generate-columns","tablet-grid-50","mobile-grid-100","grid-parent","grid-33","no-featured-image-padding"],"acf":[],"yoast_head":"<!-- This site is optimized with the Yoast SEO plugin v27.4 - https:\/\/yoast.com\/product\/yoast-seo-wordpress\/ -->\n<title>Kusturitsa: &quot;M\u00fckafat\u0131 Praqa otell\u0259rinin birind\u0259 unutmu\u015fam&quot; - MEYDAN.TV<\/title>\n<meta name=\"robots\" content=\"index, follow, max-snippet:-1, max-image-preview:large, max-video-preview:-1\" \/>\n<link rel=\"canonical\" href=\"https:\/\/www.meydan.tv\/az\/article\/kusturitsa-mukafati-praqa-otellerinin-birinde-unutmusam\/\" \/>\n<meta property=\"og:locale\" content=\"az_AZ\" \/>\n<meta property=\"og:type\" content=\"article\" \/>\n<meta property=\"og:title\" content=\"Kusturitsa: &quot;M\u00fckafat\u0131 Praqa otell\u0259rinin birind\u0259 unutmu\u015fam&quot; - MEYDAN.TV\" \/>\n<meta property=\"og:description\" content=\"&#8220;M\u00fckafat\u0131 qaytarmaq ist\u0259yirl\u0259rs\u0259, Praqa otell\u0259ri aras\u0131nda m\u00fcsabiq\u0259 elan etsinl\u0259r&#8221; Serbiyal\u0131 ... Davam\u0131\" \/>\n<meta property=\"og:url\" content=\"https:\/\/www.meydan.tv\/az\/article\/kusturitsa-mukafati-praqa-otellerinin-birinde-unutmusam\/\" \/>\n<meta property=\"og:site_name\" content=\"MEYDAN.TV\" \/>\n<meta property=\"article:published_time\" content=\"2022-03-02T13:38:06+00:00\" \/>\n<meta property=\"article:modified_time\" content=\"2022-03-02T13:38:08+00:00\" \/>\n<meta property=\"og:image\" content=\"https:\/\/www.meydan.tv\/wp-content\/uploads\/shutterstock_1595375-e1646132787590.jpg\" \/>\n\t<meta property=\"og:image:width\" content=\"1200\" \/>\n\t<meta property=\"og:image:height\" content=\"654\" \/>\n\t<meta property=\"og:image:type\" content=\"image\/jpeg\" \/>\n<meta name=\"author\" content=\"elli\" \/>\n<meta name=\"twitter:card\" content=\"summary_large_image\" \/>\n<meta name=\"twitter:creator\" content=\"@elli\" \/>\n<script type=\"application\/ld+json\" class=\"yoast-schema-graph\">{\"@context\":\"https:\\\/\\\/schema.org\",\"@graph\":[{\"@type\":\"Article\",\"@id\":\"https:\\\/\\\/www.meydan.tv\\\/az\\\/article\\\/kusturitsa-mukafati-praqa-otellerinin-birinde-unutmusam\\\/#article\",\"isPartOf\":{\"@id\":\"https:\\\/\\\/www.meydan.tv\\\/az\\\/article\\\/kusturitsa-mukafati-praqa-otellerinin-birinde-unutmusam\\\/\"},\"author\":{\"name\":\"elli\",\"@id\":\"https:\\\/\\\/www.meydan.tv\\\/az\\\/#\\\/schema\\\/person\\\/9cdbecf90d17180ce1dfbd95b08dcf47\"},\"headline\":\"Kusturitsa: &#8220;M\u00fckafat\u0131 Praqa otell\u0259rinin birind\u0259 unutmu\u015fam&#8221;\",\"datePublished\":\"2022-03-02T13:38:06+00:00\",\"dateModified\":\"2022-03-02T13:38:08+00:00\",\"mainEntityOfPage\":{\"@id\":\"https:\\\/\\\/www.meydan.tv\\\/az\\\/article\\\/kusturitsa-mukafati-praqa-otellerinin-birinde-unutmusam\\\/\"},\"wordCount\":270,\"publisher\":{\"@id\":\"https:\\\/\\\/www.meydan.tv\\\/az\\\/#organization\"},\"image\":{\"@id\":\"https:\\\/\\\/www.meydan.tv\\\/az\\\/article\\\/kusturitsa-mukafati-praqa-otellerinin-birinde-unutmusam\\\/#primaryimage\"},\"thumbnailUrl\":\"https:\\\/\\\/www.meydan.tv\\\/wp-content\\\/uploads\\\/shutterstock_1595375-e1646132787590.jpg\",\"articleSection\":[\"M\u0259d\u0259niyy\u0259t\",\"X\u0259b\u0259rl\u0259r\"],\"inLanguage\":\"az\"},{\"@type\":\"WebPage\",\"@id\":\"https:\\\/\\\/www.meydan.tv\\\/az\\\/article\\\/kusturitsa-mukafati-praqa-otellerinin-birinde-unutmusam\\\/\",\"url\":\"https:\\\/\\\/www.meydan.tv\\\/az\\\/article\\\/kusturitsa-mukafati-praqa-otellerinin-birinde-unutmusam\\\/\",\"name\":\"Kusturitsa: \\\"M\u00fckafat\u0131 Praqa otell\u0259rinin birind\u0259 unutmu\u015fam\\\" - MEYDAN.TV\",\"isPartOf\":{\"@id\":\"https:\\\/\\\/www.meydan.tv\\\/az\\\/#website\"},\"primaryImageOfPage\":{\"@id\":\"https:\\\/\\\/www.meydan.tv\\\/az\\\/article\\\/kusturitsa-mukafati-praqa-otellerinin-birinde-unutmusam\\\/#primaryimage\"},\"image\":{\"@id\":\"https:\\\/\\\/www.meydan.tv\\\/az\\\/article\\\/kusturitsa-mukafati-praqa-otellerinin-birinde-unutmusam\\\/#primaryimage\"},\"thumbnailUrl\":\"https:\\\/\\\/www.meydan.tv\\\/wp-content\\\/uploads\\\/shutterstock_1595375-e1646132787590.jpg\",\"datePublished\":\"2022-03-02T13:38:06+00:00\",\"dateModified\":\"2022-03-02T13:38:08+00:00\",\"breadcrumb\":{\"@id\":\"https:\\\/\\\/www.meydan.tv\\\/az\\\/article\\\/kusturitsa-mukafati-praqa-otellerinin-birinde-unutmusam\\\/#breadcrumb\"},\"inLanguage\":\"az\",\"potentialAction\":[{\"@type\":\"ReadAction\",\"target\":[\"https:\\\/\\\/www.meydan.tv\\\/az\\\/article\\\/kusturitsa-mukafati-praqa-otellerinin-birinde-unutmusam\\\/\"]}]},{\"@type\":\"ImageObject\",\"inLanguage\":\"az\",\"@id\":\"https:\\\/\\\/www.meydan.tv\\\/az\\\/article\\\/kusturitsa-mukafati-praqa-otellerinin-birinde-unutmusam\\\/#primaryimage\",\"url\":\"https:\\\/\\\/www.meydan.tv\\\/wp-content\\\/uploads\\\/shutterstock_1595375-e1646132787590.jpg\",\"contentUrl\":\"https:\\\/\\\/www.meydan.tv\\\/wp-content\\\/uploads\\\/shutterstock_1595375-e1646132787590.jpg\",\"width\":1200,\"height\":654,\"caption\":\"Emir Kusturitsa. Foto: vilena krasnitska\\\/shutterstock\"},{\"@type\":\"BreadcrumbList\",\"@id\":\"https:\\\/\\\/www.meydan.tv\\\/az\\\/article\\\/kusturitsa-mukafati-praqa-otellerinin-birinde-unutmusam\\\/#breadcrumb\",\"itemListElement\":[{\"@type\":\"ListItem\",\"position\":1,\"name\":\"Ana s\u0259hif\u0259\",\"item\":\"https:\\\/\\\/www.meydan.tv\\\/az\\\/\"},{\"@type\":\"ListItem\",\"position\":2,\"name\":\"M\u0259d\u0259niyy\u0259t\",\"item\":\"https:\\\/\\\/www.meydan.tv\\\/az\\\/section\\\/medeniyyet\\\/\"},{\"@type\":\"ListItem\",\"position\":3,\"name\":\"Kusturitsa: &#8220;M\u00fckafat\u0131 Praqa otell\u0259rinin birind\u0259 unutmu\u015fam&#8221;\"}]},{\"@type\":\"WebSite\",\"@id\":\"https:\\\/\\\/www.meydan.tv\\\/az\\\/#website\",\"url\":\"https:\\\/\\\/www.meydan.tv\\\/az\\\/\",\"name\":\"MEYDAN.TV\",\"description\":\"Meydan TV Az\u0259rbaycan\u0131n media m\u0259kan\u0131ndak\u0131 alternativ s\u0259sidir\",\"publisher\":{\"@id\":\"https:\\\/\\\/www.meydan.tv\\\/az\\\/#organization\"},\"potentialAction\":[{\"@type\":\"SearchAction\",\"target\":{\"@type\":\"EntryPoint\",\"urlTemplate\":\"https:\\\/\\\/www.meydan.tv\\\/az\\\/?s={search_term_string}\"},\"query-input\":{\"@type\":\"PropertyValueSpecification\",\"valueRequired\":true,\"valueName\":\"search_term_string\"}}],\"inLanguage\":\"az\"},{\"@type\":\"Organization\",\"@id\":\"https:\\\/\\\/www.meydan.tv\\\/az\\\/#organization\",\"name\":\"Meydan TV\",\"url\":\"https:\\\/\\\/www.meydan.tv\\\/az\\\/\",\"logo\":{\"@type\":\"ImageObject\",\"inLanguage\":\"az\",\"@id\":\"https:\\\/\\\/www.meydan.tv\\\/az\\\/#\\\/schema\\\/logo\\\/image\\\/\",\"url\":\"https:\\\/\\\/www.meydan.tv\\\/wp-content\\\/uploads\\\/2021\\\/07\\\/meydan-logo.svg\",\"contentUrl\":\"https:\\\/\\\/www.meydan.tv\\\/wp-content\\\/uploads\\\/2021\\\/07\\\/meydan-logo.svg\",\"width\":195,\"height\":46,\"caption\":\"Meydan TV\"},\"image\":{\"@id\":\"https:\\\/\\\/www.meydan.tv\\\/az\\\/#\\\/schema\\\/logo\\\/image\\\/\"}},{\"@type\":\"Person\",\"@id\":\"https:\\\/\\\/www.meydan.tv\\\/az\\\/#\\\/schema\\\/person\\\/9cdbecf90d17180ce1dfbd95b08dcf47\",\"name\":\"elli\",\"sameAs\":[\"https:\\\/\\\/x.com\\\/elli\"]}]}<\/script>\n<!-- \/ Yoast SEO plugin. -->","yoast_head_json":{"title":"Kusturitsa: \"M\u00fckafat\u0131 Praqa otell\u0259rinin birind\u0259 unutmu\u015fam\" - MEYDAN.TV","robots":{"index":"index","follow":"follow","max-snippet":"max-snippet:-1","max-image-preview":"max-image-preview:large","max-video-preview":"max-video-preview:-1"},"canonical":"https:\/\/www.meydan.tv\/az\/article\/kusturitsa-mukafati-praqa-otellerinin-birinde-unutmusam\/","og_locale":"az_AZ","og_type":"article","og_title":"Kusturitsa: \"M\u00fckafat\u0131 Praqa otell\u0259rinin birind\u0259 unutmu\u015fam\" - MEYDAN.TV","og_description":"&#8220;M\u00fckafat\u0131 qaytarmaq ist\u0259yirl\u0259rs\u0259, Praqa otell\u0259ri aras\u0131nda m\u00fcsabiq\u0259 elan etsinl\u0259r&#8221; Serbiyal\u0131 ... Davam\u0131","og_url":"https:\/\/www.meydan.tv\/az\/article\/kusturitsa-mukafati-praqa-otellerinin-birinde-unutmusam\/","og_site_name":"MEYDAN.TV","article_published_time":"2022-03-02T13:38:06+00:00","article_modified_time":"2022-03-02T13:38:08+00:00","og_image":[{"width":1200,"height":654,"url":"https:\/\/www.meydan.tv\/wp-content\/uploads\/shutterstock_1595375-e1646132787590.jpg","type":"image\/jpeg"}],"author":"elli","twitter_card":"summary_large_image","twitter_creator":"@elli","schema":{"@context":"https:\/\/schema.org","@graph":[{"@type":"Article","@id":"https:\/\/www.meydan.tv\/az\/article\/kusturitsa-mukafati-praqa-otellerinin-birinde-unutmusam\/#article","isPartOf":{"@id":"https:\/\/www.meydan.tv\/az\/article\/kusturitsa-mukafati-praqa-otellerinin-birinde-unutmusam\/"},"author":{"name":"elli","@id":"https:\/\/www.meydan.tv\/az\/#\/schema\/person\/9cdbecf90d17180ce1dfbd95b08dcf47"},"headline":"Kusturitsa: &#8220;M\u00fckafat\u0131 Praqa otell\u0259rinin birind\u0259 unutmu\u015fam&#8221;","datePublished":"2022-03-02T13:38:06+00:00","dateModified":"2022-03-02T13:38:08+00:00","mainEntityOfPage":{"@id":"https:\/\/www.meydan.tv\/az\/article\/kusturitsa-mukafati-praqa-otellerinin-birinde-unutmusam\/"},"wordCount":270,"publisher":{"@id":"https:\/\/www.meydan.tv\/az\/#organization"},"image":{"@id":"https:\/\/www.meydan.tv\/az\/article\/kusturitsa-mukafati-praqa-otellerinin-birinde-unutmusam\/#primaryimage"},"thumbnailUrl":"https:\/\/www.meydan.tv\/wp-content\/uploads\/shutterstock_1595375-e1646132787590.jpg","articleSection":["M\u0259d\u0259niyy\u0259t","X\u0259b\u0259rl\u0259r"],"inLanguage":"az"},{"@type":"WebPage","@id":"https:\/\/www.meydan.tv\/az\/article\/kusturitsa-mukafati-praqa-otellerinin-birinde-unutmusam\/","url":"https:\/\/www.meydan.tv\/az\/article\/kusturitsa-mukafati-praqa-otellerinin-birinde-unutmusam\/","name":"Kusturitsa: \"M\u00fckafat\u0131 Praqa otell\u0259rinin birind\u0259 unutmu\u015fam\" - MEYDAN.TV","isPartOf":{"@id":"https:\/\/www.meydan.tv\/az\/#website"},"primaryImageOfPage":{"@id":"https:\/\/www.meydan.tv\/az\/article\/kusturitsa-mukafati-praqa-otellerinin-birinde-unutmusam\/#primaryimage"},"image":{"@id":"https:\/\/www.meydan.tv\/az\/article\/kusturitsa-mukafati-praqa-otellerinin-birinde-unutmusam\/#primaryimage"},"thumbnailUrl":"https:\/\/www.meydan.tv\/wp-content\/uploads\/shutterstock_1595375-e1646132787590.jpg","datePublished":"2022-03-02T13:38:06+00:00","dateModified":"2022-03-02T13:38:08+00:00","breadcrumb":{"@id":"https:\/\/www.meydan.tv\/az\/article\/kusturitsa-mukafati-praqa-otellerinin-birinde-unutmusam\/#breadcrumb"},"inLanguage":"az","potentialAction":[{"@type":"ReadAction","target":["https:\/\/www.meydan.tv\/az\/article\/kusturitsa-mukafati-praqa-otellerinin-birinde-unutmusam\/"]}]},{"@type":"ImageObject","inLanguage":"az","@id":"https:\/\/www.meydan.tv\/az\/article\/kusturitsa-mukafati-praqa-otellerinin-birinde-unutmusam\/#primaryimage","url":"https:\/\/www.meydan.tv\/wp-content\/uploads\/shutterstock_1595375-e1646132787590.jpg","contentUrl":"https:\/\/www.meydan.tv\/wp-content\/uploads\/shutterstock_1595375-e1646132787590.jpg","width":1200,"height":654,"caption":"Emir Kusturitsa. Foto: vilena krasnitska\/shutterstock"},{"@type":"BreadcrumbList","@id":"https:\/\/www.meydan.tv\/az\/article\/kusturitsa-mukafati-praqa-otellerinin-birinde-unutmusam\/#breadcrumb","itemListElement":[{"@type":"ListItem","position":1,"name":"Ana s\u0259hif\u0259","item":"https:\/\/www.meydan.tv\/az\/"},{"@type":"ListItem","position":2,"name":"M\u0259d\u0259niyy\u0259t","item":"https:\/\/www.meydan.tv\/az\/section\/medeniyyet\/"},{"@type":"ListItem","position":3,"name":"Kusturitsa: &#8220;M\u00fckafat\u0131 Praqa otell\u0259rinin birind\u0259 unutmu\u015fam&#8221;"}]},{"@type":"WebSite","@id":"https:\/\/www.meydan.tv\/az\/#website","url":"https:\/\/www.meydan.tv\/az\/","name":"MEYDAN.TV","description":"Meydan TV Az\u0259rbaycan\u0131n media m\u0259kan\u0131ndak\u0131 alternativ s\u0259sidir","publisher":{"@id":"https:\/\/www.meydan.tv\/az\/#organization"},"potentialAction":[{"@type":"SearchAction","target":{"@type":"EntryPoint","urlTemplate":"https:\/\/www.meydan.tv\/az\/?s={search_term_string}"},"query-input":{"@type":"PropertyValueSpecification","valueRequired":true,"valueName":"search_term_string"}}],"inLanguage":"az"},{"@type":"Organization","@id":"https:\/\/www.meydan.tv\/az\/#organization","name":"Meydan TV","url":"https:\/\/www.meydan.tv\/az\/","logo":{"@type":"ImageObject","inLanguage":"az","@id":"https:\/\/www.meydan.tv\/az\/#\/schema\/logo\/image\/","url":"https:\/\/www.meydan.tv\/wp-content\/uploads\/2021\/07\/meydan-logo.svg","contentUrl":"https:\/\/www.meydan.tv\/wp-content\/uploads\/2021\/07\/meydan-logo.svg","width":195,"height":46,"caption":"Meydan TV"},"image":{"@id":"https:\/\/www.meydan.tv\/az\/#\/schema\/logo\/image\/"}},{"@type":"Person","@id":"https:\/\/www.meydan.tv\/az\/#\/schema\/person\/9cdbecf90d17180ce1dfbd95b08dcf47","name":"elli","sameAs":["https:\/\/x.com\/elli"]}]}},"_links":{"self":[{"href":"https:\/\/www.meydan.tv\/az\/wp-json\/wp\/v2\/posts\/236800","targetHints":{"allow":["GET"]}}],"collection":[{"href":"https:\/\/www.meydan.tv\/az\/wp-json\/wp\/v2\/posts"}],"about":[{"href":"https:\/\/www.meydan.tv\/az\/wp-json\/wp\/v2\/types\/post"}],"author":[{"embeddable":true,"href":"https:\/\/www.meydan.tv\/az\/wp-json\/wp\/v2\/users\/8"}],"replies":[{"embeddable":true,"href":"https:\/\/www.meydan.tv\/az\/wp-json\/wp\/v2\/comments?post=236800"}],"version-history":[{"count":1,"href":"https:\/\/www.meydan.tv\/az\/wp-json\/wp\/v2\/posts\/236800\/revisions"}],"predecessor-version":[{"id":236803,"href":"https:\/\/www.meydan.tv\/az\/wp-json\/wp\/v2\/posts\/236800\/revisions\/236803"}],"wp:featuredmedia":[{"embeddable":true,"href":"https:\/\/www.meydan.tv\/az\/wp-json\/wp\/v2\/media\/236565"}],"wp:attachment":[{"href":"https:\/\/www.meydan.tv\/az\/wp-json\/wp\/v2\/media?parent=236800"}],"wp:term":[{"taxonomy":"category","embeddable":true,"href":"https:\/\/www.meydan.tv\/az\/wp-json\/wp\/v2\/categories?post=236800"},{"taxonomy":"post_tag","embeddable":true,"href":"https:\/\/www.meydan.tv\/az\/wp-json\/wp\/v2\/tags?post=236800"}],"curies":[{"name":"wp","href":"https:\/\/api.w.org\/{rel}","templated":true}]}}