{"id":236795,"date":"2022-03-02T17:11:53","date_gmt":"2022-03-02T13:11:53","guid":{"rendered":"https:\/\/www.meydan.tv\/?p=236795"},"modified":"2022-03-02T17:19:21","modified_gmt":"2022-03-02T13:19:21","slug":"macaristanin-hava-sirketi-ukraynali-qacqinlara-100-min-pulsuz-bilet-teklif-edib","status":"publish","type":"post","link":"https:\/\/www.meydan.tv\/az\/article\/macaristanin-hava-sirketi-ukraynali-qacqinlara-100-min-pulsuz-bilet-teklif-edib\/","title":{"rendered":"Macar\u0131stan\u0131n hava \u015firk\u0259ti ukraynal\u0131 qa\u00e7q\u0131nlara 100 min pulsuz bilet t\u0259klif edib"},"content":{"rendered":"\n<p><em>\u015eirk\u0259t qa\u00e7q\u0131nlar\u0131n t\u0259yinat yerl\u0259rin\u0259 \u00e7atmas\u0131na k\u00f6m\u0259k etm\u0259y\u0259 haz\u0131r oldu\u011funu deyir<\/em><\/p>\n\n\n\n<p>Macar\u0131stan\u0131n a\u015fa\u011f\u0131 b\u00fcdc\u0259li hava \u015firk\u0259ti olan \u201cWizz Air\u201d ukraynal\u0131 qa\u00e7q\u0131nlara q\u0131sam\u00fcdd\u0259tli u\u00e7u\u015flar \u00fc\u00e7\u00fcn 100 000 pulsuz bilet t\u0259klif etdiyini a\u00e7\u0131qlay\u0131b.<\/p>\n\n\n\n<p>\u015eirk\u0259t bu bar\u0259d\u0259 elan\u0131 \u201cTwitter\u201c hesab\u0131nda <a href=\"https:\/\/twitter.com\/wizzair\/status\/1498763282198503426?s=12\" target=\"_blank\" rel=\"noreferrer noopener\">yay\u0131b<\/a>.<\/p>\n\n\n\n<p>Bildirilir ki, ukraynal\u0131 qa\u00e7q\u0131nlar\u0131n harada olmaqlar\u0131ndan as\u0131l\u0131 olmayaraq, t\u0259yinat yerl\u0259rin\u0259 \u00e7atma\u011fa k\u00f6m\u0259k etm\u0259y\u0259 haz\u0131rd\u0131rlar.<\/p>\n\n\n\n<p>\u201cBiz martda Pol\u015fa, Slovakiya, Macar\u0131stan v\u0259 Rum\u0131niyadan olan q\u0131sam\u00fcdd\u0259tli u\u00e7u\u015flar \u00fc\u00e7\u00fcn 100 min pulsuz bilet t\u0259qdim ed\u0259c\u0259yik\u201c, &#8211; dey\u0259 \u015firk\u0259t bildirib.<\/p>\n\n\n\n<p>BMT-nin Qa\u00e7q\u0131nlar \u00fczr\u0259 Agentliyinin m\u0259lumat\u0131na g\u00f6r\u0259, art\u0131q 660 min\u0259 yax\u0131n insan Ukraynan\u0131 t\u0259rk edib.<\/p>\n\n\n\n<p>Onlar\u0131n \u0259ks\u0259riyy\u0259ti Pol\u015faya ke\u00e7ib.<\/p>\n\n\n\n<p>Yax\u0131n \u00f6lk\u0259l\u0259rd\u0259n Rum\u0131niya, Moldovan\u0131 se\u00e7\u0259nl\u0259r d\u0259, s\u0259rh\u0259ddi ke\u00e7\u0259nd\u0259n sonra dig\u0259r Avropa \u00f6lk\u0259l\u0259rin\u0259 \u00fcz tutanlar da olub.<\/p>\n\n\n\n<p>Avropa Komissiyas\u0131 bu r\u0259q\u0259min milyonlara \u00e7ata bil\u0259c\u0259yini proqnozla\u015fd\u0131r\u0131b.<\/p>\n\n\n\n<p>Daha \u00f6nc\u0259 is\u0259 d\u00fcnyada \u015f\u0259xsi m\u0259nzill\u0259rin q\u0131sam\u00fcdd\u0259tli icar\u0259 v\u0259 rezervasiya sistemi \u201cAirbnb\u201d Rusiyan\u0131n h\u0259rbi m\u00fcdaxil\u0259si s\u0259b\u0259bind\u0259n Ukraynadan qa\u00e7ma\u011fa m\u0259cbur qalan \u015f\u0259xsl\u0259r\u0259 \u00f6d\u0259ni\u015fsiz, q\u0131sam\u00fcdd\u0259tli m\u0259nzill\u0259r t\u0259klif <a href=\"https:\/\/www.meydan.tv\/az\/article\/100-000-dek-ukraynali-qacqinin-avropada-yerlesdirilmesi-teklif-olunur\/\" target=\"_blank\" rel=\"noreferrer noopener\">etmi\u015fdi<\/a>.<\/p>\n\n\n\n<p>Platforma bildirib ki, \u00fcmumilikd\u0259 100 000-d\u0259k ukraynal\u0131 qa\u00e7q\u0131n\u0131n yerl\u0259\u015fdirilm\u0259si n\u0259z\u0259rd\u0259 tutulub.<\/p>\n\n\n\n<p>Onlar\u0131n uzunm\u00fcdd\u0259tli v\u0259d\u0259d\u0259 qonaq edilm\u0259si \u00fc\u00e7\u00fcns\u0259 \u015firk\u0259t qon\u015fu Avropa \u00f6lk\u0259l\u0259ri il\u0259 \u0259m\u0259kda\u015fl\u0131q ed\u0259c\u0259yini a\u00e7\u0131qlay\u0131b.<\/p>\n\n\n\n<p>San-Fransiskoda yerl\u0259\u015f\u0259n \u015firk\u0259tin r\u0259hb\u0259rl\u0259ri, o c\u00fcml\u0259d\u0259n ba\u015f icra\u00e7\u0131 direktor Brayan \u00c7eski bildirib ki, Pol\u015fa, Rum\u0131niya, Almaniya v\u0259 Macar\u0131stan h\u00f6kum\u0259tl\u0259rin\u0259 m\u0259ktub yaz\u0131blar.<\/p>\n\n\n\n<p>Onlara qa\u00e7q\u0131nlar\u0131n m\u0259skunla\u015fmas\u0131 \u00fc\u00e7\u00fcn d\u0259st\u0259k t\u0259klif edibl\u0259r.<\/p>\n\n\n\n<p>M\u0259nzill\u0259r \u201cAirbnb\u201d \u015firk\u0259ti, donorlar v\u0259 platformadak\u0131 ev sahibl\u0259ri t\u0259r\u0259find\u0259n maliyy\u0259l\u0259\u015fdiril\u0259c\u0259k.<\/p>\n\n\n\n<p>Fevral\u0131n 24-n\u0259 ke\u00e7\u0259n gec\u0259 Rusiya Prezidenti Vladimir Putin Ukrayna \u00fcz\u0259rin\u0259 \u201cx\u00fcsusi \u0259m\u0259liyyat\u201d \u0259mri verib.<\/p>\n\n\n\n<p>S\u0259b\u0259b kimi is\u0259 qondarma Donetsk v\u0259 Luqansk \u201crespublikalar\u0131\u201d r\u0259hb\u0259rl\u0259rinin ona m\u00fcraci\u0259tini g\u00f6st\u0259rib.<\/p>\n\n\n\n<p>\u0130ddia edib ki, m\u0259qs\u0259d dinc sakinl\u0259ri qorumaq, Ukraynan\u0131n t\u0259hdidl\u0259rin\u0259 cavab verm\u0259kdir.<\/p>\n\n\n\n<p>Ukrayna, Q\u0259rb liderl\u0259ri h\u00fccumu pisl\u0259yib, Putinin buna g\u00f6r\u0259 cavab ver\u0259c\u0259yini bildiribl\u0259r.<\/p>\n\n\n\n<p>Bundan sonra Avropa Birliyi \u00f6lk\u0259l\u0259rind\u0259n, el\u0259c\u0259 d\u0259 AB\u015e-dan Rusiyaya qar\u015f\u0131 sanksiyalar g\u0259lm\u0259y\u0259 ba\u015flay\u0131b.<\/p>\n\n\n\n<p>Sanksiya t\u0259tbiq edil\u0259n 600-d\u0259n \u00e7ox \u015f\u0259xsin i\u00e7ind\u0259 Rusiya Prezidenti Vladimir Putin v\u0259 xarici i\u015fl\u0259r naziri Sergey Lavrov da var.<\/p>\n","protected":false},"excerpt":{"rendered":"<p>\u015eirk\u0259t qa\u00e7q\u0131nlar\u0131n t\u0259yinat yerl\u0259rin\u0259 \u00e7atmas\u0131na k\u00f6m\u0259k etm\u0259y\u0259 haz\u0131r oldu\u011funu deyir &#8230; <\/p>\n<p class=\"read-more-container\"><a title=\"Macar\u0131stan\u0131n hava \u015firk\u0259ti ukraynal\u0131 qa\u00e7q\u0131nlara 100 min pulsuz bilet t\u0259klif edib\" class=\"read-more button\" href=\"https:\/\/www.meydan.tv\/az\/article\/macaristanin-hava-sirketi-ukraynali-qacqinlara-100-min-pulsuz-bilet-teklif-edib\/#more-236795\" aria-label=\"Read more about Macar\u0131stan\u0131n hava \u015firk\u0259ti ukraynal\u0131 qa\u00e7q\u0131nlara 100 min pulsuz bilet t\u0259klif edib\">Davam\u0131<\/a><\/p>\n","protected":false},"author":8,"featured_media":236796,"comment_status":"closed","ping_status":"closed","sticky":false,"template":"","format":"standard","meta":{"_acf_changed":false,"_sitemap_exclude":false,"_sitemap_priority":"","_sitemap_frequency":"","footnotes":""},"categories":[64,56],"tags":[],"class_list":["post-236795","post","type-post","status-publish","format-standard","has-post-thumbnail","hentry","category-dunya","category-xeberler","infinite-scroll-item","generate-columns","tablet-grid-50","mobile-grid-100","grid-parent","grid-33","no-featured-image-padding"],"acf":[],"yoast_head":"<!-- This site is optimized with the Yoast SEO plugin v27.5 - https:\/\/yoast.com\/product\/yoast-seo-wordpress\/ -->\n<title>Macar\u0131stan\u0131n hava \u015firk\u0259ti ukraynal\u0131 qa\u00e7q\u0131nlara 100 min pulsuz bilet t\u0259klif edib - MEYDAN.TV<\/title>\n<meta name=\"robots\" content=\"index, follow, max-snippet:-1, max-image-preview:large, max-video-preview:-1\" \/>\n<link rel=\"canonical\" href=\"https:\/\/www.meydan.tv\/az\/article\/macaristanin-hava-sirketi-ukraynali-qacqinlara-100-min-pulsuz-bilet-teklif-edib\/\" \/>\n<meta property=\"og:locale\" content=\"az_AZ\" \/>\n<meta property=\"og:type\" content=\"article\" \/>\n<meta property=\"og:title\" content=\"Macar\u0131stan\u0131n hava \u015firk\u0259ti ukraynal\u0131 qa\u00e7q\u0131nlara 100 min pulsuz bilet t\u0259klif edib - MEYDAN.TV\" \/>\n<meta property=\"og:description\" content=\"\u015eirk\u0259t qa\u00e7q\u0131nlar\u0131n t\u0259yinat yerl\u0259rin\u0259 \u00e7atmas\u0131na k\u00f6m\u0259k etm\u0259y\u0259 haz\u0131r oldu\u011funu deyir ... Davam\u0131\" \/>\n<meta property=\"og:url\" content=\"https:\/\/www.meydan.tv\/az\/article\/macaristanin-hava-sirketi-ukraynali-qacqinlara-100-min-pulsuz-bilet-teklif-edib\/\" \/>\n<meta property=\"og:site_name\" content=\"MEYDAN.TV\" \/>\n<meta property=\"article:published_time\" content=\"2022-03-02T13:11:53+00:00\" \/>\n<meta property=\"article:modified_time\" content=\"2022-03-02T13:19:21+00:00\" \/>\n<meta property=\"og:image\" content=\"https:\/\/www.meydan.tv\/wp-content\/uploads\/shutterstock_791935729.jpg\" \/>\n\t<meta property=\"og:image:width\" content=\"1200\" \/>\n\t<meta property=\"og:image:height\" content=\"801\" \/>\n\t<meta property=\"og:image:type\" content=\"image\/jpeg\" \/>\n<meta name=\"author\" content=\"elli\" \/>\n<meta name=\"twitter:card\" content=\"summary_large_image\" \/>\n<meta name=\"twitter:creator\" content=\"@elli\" \/>\n<script type=\"application\/ld+json\" class=\"yoast-schema-graph\">{\"@context\":\"https:\\\/\\\/schema.org\",\"@graph\":[{\"@type\":\"Article\",\"@id\":\"https:\\\/\\\/www.meydan.tv\\\/az\\\/article\\\/macaristanin-hava-sirketi-ukraynali-qacqinlara-100-min-pulsuz-bilet-teklif-edib\\\/#article\",\"isPartOf\":{\"@id\":\"https:\\\/\\\/www.meydan.tv\\\/az\\\/article\\\/macaristanin-hava-sirketi-ukraynali-qacqinlara-100-min-pulsuz-bilet-teklif-edib\\\/\"},\"author\":{\"name\":\"elli\",\"@id\":\"https:\\\/\\\/www.meydan.tv\\\/az\\\/#\\\/schema\\\/person\\\/9cdbecf90d17180ce1dfbd95b08dcf47\"},\"headline\":\"Macar\u0131stan\u0131n hava \u015firk\u0259ti ukraynal\u0131 qa\u00e7q\u0131nlara 100 min pulsuz bilet t\u0259klif edib\",\"datePublished\":\"2022-03-02T13:11:53+00:00\",\"dateModified\":\"2022-03-02T13:19:21+00:00\",\"mainEntityOfPage\":{\"@id\":\"https:\\\/\\\/www.meydan.tv\\\/az\\\/article\\\/macaristanin-hava-sirketi-ukraynali-qacqinlara-100-min-pulsuz-bilet-teklif-edib\\\/\"},\"wordCount\":516,\"publisher\":{\"@id\":\"https:\\\/\\\/www.meydan.tv\\\/az\\\/#organization\"},\"image\":{\"@id\":\"https:\\\/\\\/www.meydan.tv\\\/az\\\/article\\\/macaristanin-hava-sirketi-ukraynali-qacqinlara-100-min-pulsuz-bilet-teklif-edib\\\/#primaryimage\"},\"thumbnailUrl\":\"https:\\\/\\\/www.meydan.tv\\\/wp-content\\\/uploads\\\/shutterstock_791935729.jpg\",\"articleSection\":[\"D\u00fcnya\",\"X\u0259b\u0259rl\u0259r\"],\"inLanguage\":\"az\"},{\"@type\":\"WebPage\",\"@id\":\"https:\\\/\\\/www.meydan.tv\\\/az\\\/article\\\/macaristanin-hava-sirketi-ukraynali-qacqinlara-100-min-pulsuz-bilet-teklif-edib\\\/\",\"url\":\"https:\\\/\\\/www.meydan.tv\\\/az\\\/article\\\/macaristanin-hava-sirketi-ukraynali-qacqinlara-100-min-pulsuz-bilet-teklif-edib\\\/\",\"name\":\"Macar\u0131stan\u0131n hava \u015firk\u0259ti ukraynal\u0131 qa\u00e7q\u0131nlara 100 min pulsuz bilet t\u0259klif edib - MEYDAN.TV\",\"isPartOf\":{\"@id\":\"https:\\\/\\\/www.meydan.tv\\\/az\\\/#website\"},\"primaryImageOfPage\":{\"@id\":\"https:\\\/\\\/www.meydan.tv\\\/az\\\/article\\\/macaristanin-hava-sirketi-ukraynali-qacqinlara-100-min-pulsuz-bilet-teklif-edib\\\/#primaryimage\"},\"image\":{\"@id\":\"https:\\\/\\\/www.meydan.tv\\\/az\\\/article\\\/macaristanin-hava-sirketi-ukraynali-qacqinlara-100-min-pulsuz-bilet-teklif-edib\\\/#primaryimage\"},\"thumbnailUrl\":\"https:\\\/\\\/www.meydan.tv\\\/wp-content\\\/uploads\\\/shutterstock_791935729.jpg\",\"datePublished\":\"2022-03-02T13:11:53+00:00\",\"dateModified\":\"2022-03-02T13:19:21+00:00\",\"breadcrumb\":{\"@id\":\"https:\\\/\\\/www.meydan.tv\\\/az\\\/article\\\/macaristanin-hava-sirketi-ukraynali-qacqinlara-100-min-pulsuz-bilet-teklif-edib\\\/#breadcrumb\"},\"inLanguage\":\"az\",\"potentialAction\":[{\"@type\":\"ReadAction\",\"target\":[\"https:\\\/\\\/www.meydan.tv\\\/az\\\/article\\\/macaristanin-hava-sirketi-ukraynali-qacqinlara-100-min-pulsuz-bilet-teklif-edib\\\/\"]}]},{\"@type\":\"ImageObject\",\"inLanguage\":\"az\",\"@id\":\"https:\\\/\\\/www.meydan.tv\\\/az\\\/article\\\/macaristanin-hava-sirketi-ukraynali-qacqinlara-100-min-pulsuz-bilet-teklif-edib\\\/#primaryimage\",\"url\":\"https:\\\/\\\/www.meydan.tv\\\/wp-content\\\/uploads\\\/shutterstock_791935729.jpg\",\"contentUrl\":\"https:\\\/\\\/www.meydan.tv\\\/wp-content\\\/uploads\\\/shutterstock_791935729.jpg\",\"width\":1200,\"height\":801,\"caption\":\"\u201cWizz Air\u201d. Foto: Vytautas Kielaitis\\\/shutterstock\"},{\"@type\":\"BreadcrumbList\",\"@id\":\"https:\\\/\\\/www.meydan.tv\\\/az\\\/article\\\/macaristanin-hava-sirketi-ukraynali-qacqinlara-100-min-pulsuz-bilet-teklif-edib\\\/#breadcrumb\",\"itemListElement\":[{\"@type\":\"ListItem\",\"position\":1,\"name\":\"Ana s\u0259hif\u0259\",\"item\":\"https:\\\/\\\/www.meydan.tv\\\/az\\\/\"},{\"@type\":\"ListItem\",\"position\":2,\"name\":\"D\u00fcnya\",\"item\":\"https:\\\/\\\/www.meydan.tv\\\/az\\\/section\\\/dunya\\\/\"},{\"@type\":\"ListItem\",\"position\":3,\"name\":\"Macar\u0131stan\u0131n hava \u015firk\u0259ti ukraynal\u0131 qa\u00e7q\u0131nlara 100 min pulsuz bilet t\u0259klif edib\"}]},{\"@type\":\"WebSite\",\"@id\":\"https:\\\/\\\/www.meydan.tv\\\/az\\\/#website\",\"url\":\"https:\\\/\\\/www.meydan.tv\\\/az\\\/\",\"name\":\"MEYDAN.TV\",\"description\":\"Meydan TV Az\u0259rbaycan\u0131n media m\u0259kan\u0131ndak\u0131 alternativ s\u0259sidir\",\"publisher\":{\"@id\":\"https:\\\/\\\/www.meydan.tv\\\/az\\\/#organization\"},\"potentialAction\":[{\"@type\":\"SearchAction\",\"target\":{\"@type\":\"EntryPoint\",\"urlTemplate\":\"https:\\\/\\\/www.meydan.tv\\\/az\\\/?s={search_term_string}\"},\"query-input\":{\"@type\":\"PropertyValueSpecification\",\"valueRequired\":true,\"valueName\":\"search_term_string\"}}],\"inLanguage\":\"az\"},{\"@type\":\"Organization\",\"@id\":\"https:\\\/\\\/www.meydan.tv\\\/az\\\/#organization\",\"name\":\"Meydan TV\",\"url\":\"https:\\\/\\\/www.meydan.tv\\\/az\\\/\",\"logo\":{\"@type\":\"ImageObject\",\"inLanguage\":\"az\",\"@id\":\"https:\\\/\\\/www.meydan.tv\\\/az\\\/#\\\/schema\\\/logo\\\/image\\\/\",\"url\":\"https:\\\/\\\/www.meydan.tv\\\/wp-content\\\/uploads\\\/2021\\\/07\\\/meydan-logo.svg\",\"contentUrl\":\"https:\\\/\\\/www.meydan.tv\\\/wp-content\\\/uploads\\\/2021\\\/07\\\/meydan-logo.svg\",\"width\":195,\"height\":46,\"caption\":\"Meydan TV\"},\"image\":{\"@id\":\"https:\\\/\\\/www.meydan.tv\\\/az\\\/#\\\/schema\\\/logo\\\/image\\\/\"}},{\"@type\":\"Person\",\"@id\":\"https:\\\/\\\/www.meydan.tv\\\/az\\\/#\\\/schema\\\/person\\\/9cdbecf90d17180ce1dfbd95b08dcf47\",\"name\":\"elli\",\"sameAs\":[\"https:\\\/\\\/x.com\\\/elli\"]}]}<\/script>\n<!-- \/ Yoast SEO plugin. -->","yoast_head_json":{"title":"Macar\u0131stan\u0131n hava \u015firk\u0259ti ukraynal\u0131 qa\u00e7q\u0131nlara 100 min pulsuz bilet t\u0259klif edib - MEYDAN.TV","robots":{"index":"index","follow":"follow","max-snippet":"max-snippet:-1","max-image-preview":"max-image-preview:large","max-video-preview":"max-video-preview:-1"},"canonical":"https:\/\/www.meydan.tv\/az\/article\/macaristanin-hava-sirketi-ukraynali-qacqinlara-100-min-pulsuz-bilet-teklif-edib\/","og_locale":"az_AZ","og_type":"article","og_title":"Macar\u0131stan\u0131n hava \u015firk\u0259ti ukraynal\u0131 qa\u00e7q\u0131nlara 100 min pulsuz bilet t\u0259klif edib - MEYDAN.TV","og_description":"\u015eirk\u0259t qa\u00e7q\u0131nlar\u0131n t\u0259yinat yerl\u0259rin\u0259 \u00e7atmas\u0131na k\u00f6m\u0259k etm\u0259y\u0259 haz\u0131r oldu\u011funu deyir ... Davam\u0131","og_url":"https:\/\/www.meydan.tv\/az\/article\/macaristanin-hava-sirketi-ukraynali-qacqinlara-100-min-pulsuz-bilet-teklif-edib\/","og_site_name":"MEYDAN.TV","article_published_time":"2022-03-02T13:11:53+00:00","article_modified_time":"2022-03-02T13:19:21+00:00","og_image":[{"width":1200,"height":801,"url":"https:\/\/www.meydan.tv\/wp-content\/uploads\/shutterstock_791935729.jpg","type":"image\/jpeg"}],"author":"elli","twitter_card":"summary_large_image","twitter_creator":"@elli","schema":{"@context":"https:\/\/schema.org","@graph":[{"@type":"Article","@id":"https:\/\/www.meydan.tv\/az\/article\/macaristanin-hava-sirketi-ukraynali-qacqinlara-100-min-pulsuz-bilet-teklif-edib\/#article","isPartOf":{"@id":"https:\/\/www.meydan.tv\/az\/article\/macaristanin-hava-sirketi-ukraynali-qacqinlara-100-min-pulsuz-bilet-teklif-edib\/"},"author":{"name":"elli","@id":"https:\/\/www.meydan.tv\/az\/#\/schema\/person\/9cdbecf90d17180ce1dfbd95b08dcf47"},"headline":"Macar\u0131stan\u0131n hava \u015firk\u0259ti ukraynal\u0131 qa\u00e7q\u0131nlara 100 min pulsuz bilet t\u0259klif edib","datePublished":"2022-03-02T13:11:53+00:00","dateModified":"2022-03-02T13:19:21+00:00","mainEntityOfPage":{"@id":"https:\/\/www.meydan.tv\/az\/article\/macaristanin-hava-sirketi-ukraynali-qacqinlara-100-min-pulsuz-bilet-teklif-edib\/"},"wordCount":516,"publisher":{"@id":"https:\/\/www.meydan.tv\/az\/#organization"},"image":{"@id":"https:\/\/www.meydan.tv\/az\/article\/macaristanin-hava-sirketi-ukraynali-qacqinlara-100-min-pulsuz-bilet-teklif-edib\/#primaryimage"},"thumbnailUrl":"https:\/\/www.meydan.tv\/wp-content\/uploads\/shutterstock_791935729.jpg","articleSection":["D\u00fcnya","X\u0259b\u0259rl\u0259r"],"inLanguage":"az"},{"@type":"WebPage","@id":"https:\/\/www.meydan.tv\/az\/article\/macaristanin-hava-sirketi-ukraynali-qacqinlara-100-min-pulsuz-bilet-teklif-edib\/","url":"https:\/\/www.meydan.tv\/az\/article\/macaristanin-hava-sirketi-ukraynali-qacqinlara-100-min-pulsuz-bilet-teklif-edib\/","name":"Macar\u0131stan\u0131n hava \u015firk\u0259ti ukraynal\u0131 qa\u00e7q\u0131nlara 100 min pulsuz bilet t\u0259klif edib - MEYDAN.TV","isPartOf":{"@id":"https:\/\/www.meydan.tv\/az\/#website"},"primaryImageOfPage":{"@id":"https:\/\/www.meydan.tv\/az\/article\/macaristanin-hava-sirketi-ukraynali-qacqinlara-100-min-pulsuz-bilet-teklif-edib\/#primaryimage"},"image":{"@id":"https:\/\/www.meydan.tv\/az\/article\/macaristanin-hava-sirketi-ukraynali-qacqinlara-100-min-pulsuz-bilet-teklif-edib\/#primaryimage"},"thumbnailUrl":"https:\/\/www.meydan.tv\/wp-content\/uploads\/shutterstock_791935729.jpg","datePublished":"2022-03-02T13:11:53+00:00","dateModified":"2022-03-02T13:19:21+00:00","breadcrumb":{"@id":"https:\/\/www.meydan.tv\/az\/article\/macaristanin-hava-sirketi-ukraynali-qacqinlara-100-min-pulsuz-bilet-teklif-edib\/#breadcrumb"},"inLanguage":"az","potentialAction":[{"@type":"ReadAction","target":["https:\/\/www.meydan.tv\/az\/article\/macaristanin-hava-sirketi-ukraynali-qacqinlara-100-min-pulsuz-bilet-teklif-edib\/"]}]},{"@type":"ImageObject","inLanguage":"az","@id":"https:\/\/www.meydan.tv\/az\/article\/macaristanin-hava-sirketi-ukraynali-qacqinlara-100-min-pulsuz-bilet-teklif-edib\/#primaryimage","url":"https:\/\/www.meydan.tv\/wp-content\/uploads\/shutterstock_791935729.jpg","contentUrl":"https:\/\/www.meydan.tv\/wp-content\/uploads\/shutterstock_791935729.jpg","width":1200,"height":801,"caption":"\u201cWizz Air\u201d. Foto: Vytautas Kielaitis\/shutterstock"},{"@type":"BreadcrumbList","@id":"https:\/\/www.meydan.tv\/az\/article\/macaristanin-hava-sirketi-ukraynali-qacqinlara-100-min-pulsuz-bilet-teklif-edib\/#breadcrumb","itemListElement":[{"@type":"ListItem","position":1,"name":"Ana s\u0259hif\u0259","item":"https:\/\/www.meydan.tv\/az\/"},{"@type":"ListItem","position":2,"name":"D\u00fcnya","item":"https:\/\/www.meydan.tv\/az\/section\/dunya\/"},{"@type":"ListItem","position":3,"name":"Macar\u0131stan\u0131n hava \u015firk\u0259ti ukraynal\u0131 qa\u00e7q\u0131nlara 100 min pulsuz bilet t\u0259klif edib"}]},{"@type":"WebSite","@id":"https:\/\/www.meydan.tv\/az\/#website","url":"https:\/\/www.meydan.tv\/az\/","name":"MEYDAN.TV","description":"Meydan TV Az\u0259rbaycan\u0131n media m\u0259kan\u0131ndak\u0131 alternativ s\u0259sidir","publisher":{"@id":"https:\/\/www.meydan.tv\/az\/#organization"},"potentialAction":[{"@type":"SearchAction","target":{"@type":"EntryPoint","urlTemplate":"https:\/\/www.meydan.tv\/az\/?s={search_term_string}"},"query-input":{"@type":"PropertyValueSpecification","valueRequired":true,"valueName":"search_term_string"}}],"inLanguage":"az"},{"@type":"Organization","@id":"https:\/\/www.meydan.tv\/az\/#organization","name":"Meydan TV","url":"https:\/\/www.meydan.tv\/az\/","logo":{"@type":"ImageObject","inLanguage":"az","@id":"https:\/\/www.meydan.tv\/az\/#\/schema\/logo\/image\/","url":"https:\/\/www.meydan.tv\/wp-content\/uploads\/2021\/07\/meydan-logo.svg","contentUrl":"https:\/\/www.meydan.tv\/wp-content\/uploads\/2021\/07\/meydan-logo.svg","width":195,"height":46,"caption":"Meydan TV"},"image":{"@id":"https:\/\/www.meydan.tv\/az\/#\/schema\/logo\/image\/"}},{"@type":"Person","@id":"https:\/\/www.meydan.tv\/az\/#\/schema\/person\/9cdbecf90d17180ce1dfbd95b08dcf47","name":"elli","sameAs":["https:\/\/x.com\/elli"]}]}},"_links":{"self":[{"href":"https:\/\/www.meydan.tv\/az\/wp-json\/wp\/v2\/posts\/236795","targetHints":{"allow":["GET"]}}],"collection":[{"href":"https:\/\/www.meydan.tv\/az\/wp-json\/wp\/v2\/posts"}],"about":[{"href":"https:\/\/www.meydan.tv\/az\/wp-json\/wp\/v2\/types\/post"}],"author":[{"embeddable":true,"href":"https:\/\/www.meydan.tv\/az\/wp-json\/wp\/v2\/users\/8"}],"replies":[{"embeddable":true,"href":"https:\/\/www.meydan.tv\/az\/wp-json\/wp\/v2\/comments?post=236795"}],"version-history":[{"count":3,"href":"https:\/\/www.meydan.tv\/az\/wp-json\/wp\/v2\/posts\/236795\/revisions"}],"predecessor-version":[{"id":236805,"href":"https:\/\/www.meydan.tv\/az\/wp-json\/wp\/v2\/posts\/236795\/revisions\/236805"}],"wp:featuredmedia":[{"embeddable":true,"href":"https:\/\/www.meydan.tv\/az\/wp-json\/wp\/v2\/media\/236796"}],"wp:attachment":[{"href":"https:\/\/www.meydan.tv\/az\/wp-json\/wp\/v2\/media?parent=236795"}],"wp:term":[{"taxonomy":"category","embeddable":true,"href":"https:\/\/www.meydan.tv\/az\/wp-json\/wp\/v2\/categories?post=236795"},{"taxonomy":"post_tag","embeddable":true,"href":"https:\/\/www.meydan.tv\/az\/wp-json\/wp\/v2\/tags?post=236795"}],"curies":[{"name":"wp","href":"https:\/\/api.w.org\/{rel}","templated":true}]}}