{"id":236745,"date":"2022-03-02T15:21:22","date_gmt":"2022-03-02T11:21:22","guid":{"rendered":"https:\/\/www.meydan.tv\/?p=236745"},"modified":"2022-03-02T15:21:24","modified_gmt":"2022-03-02T11:21:24","slug":"rusiya-ukrayna-muharibesinde-informasiya-cebhesi","status":"publish","type":"post","link":"https:\/\/www.meydan.tv\/az\/article\/rusiya-ukrayna-muharibesinde-informasiya-cebhesi\/","title":{"rendered":"Rusiya-Ukrayna m\u00fcharib\u0259sind\u0259 \u201cinformasiya c\u0259bh\u0259si\u201d"},"content":{"rendered":"\n<p><em>Sanksiyalar\u0131n bud\u0259f\u0259ki h\u0259d\u0259fi Kreml\u0259 yax\u0131n media qurumlard\u0131r<\/em><\/p>\n\n\n\n<p>\u201cGoogle Europe\u201d Kreml\u0259 yax\u0131n media orqanlar\u0131 olan RT v\u0259 &#8220;Sputnik&#8221;in \u201cYouTube\u201d kanallar\u0131n\u0131 bloklad\u0131\u011f\u0131n\u0131 a\u00e7\u0131qlay\u0131b.<\/p>\n\n\n\n<p>\u201cYouTube\u201d-un sahibi \u201cGoogle\u201d &#8220;Twitter\u201d <a href=\"https:\/\/twitter.com\/googleeurope\/status\/1498572529409179648?ref_src=twsrc%5Etfw%7Ctwcamp%5Etweetembed%7Ctwterm%5E1498572529409179648%7Ctwgr%5E%7Ctwcon%5Es1_&amp;ref_url=https%3A%2F%2Fwww.azadliq.org%2Fa%2Frt-sputnik-youtube%2F31731694.html\" target=\"_blank\" rel=\"noreferrer noopener\">hesab\u0131<\/a>nda bel\u0259 qeyd edib.<\/p>\n\n\n\n<p>O bildirib ki, q\u0259rar verilib, lakin sistemin buna uy\u011funla\u015fmas\u0131 zaman ala bil\u0259r: \u201cUkraynada davam ed\u0259n m\u00fcharib\u0259 il\u0259 \u0259laq\u0259dar olaraq, biz b\u00fct\u00fcn Avropada RT v\u0259 &#8220;Sputnik&#8221;in \u201cYouTube\u201d kanallar\u0131n\u0131 bloklay\u0131r\u0131q. Bunun sistemd\u0259 \u00f6z\u00fcn\u00fc g\u00f6st\u0259rm\u0259si zaman ala bil\u0259r, lakin komandalar\u0131m\u0131z bu istiqam\u0259td\u0259 gec\u0259-g\u00fcnd\u00fcz \u00e7al\u0131\u015f\u0131r\u201d.<\/p>\n\n\n\n<p>\u201cGoogle\u201d-un ba\u015f \u015firk\u0259ti \u201cAlphabet\u201dd\u0259n \u201cReuters\u201d\u0259 <a href=\"https:\/\/www.reuters.com\/lifestyle\/youtube-block-channels-linked-russias-rt-sputnik-across-europe-2022-03-01\/\" target=\"_blank\" rel=\"noreferrer noopener\">bildirilib<\/a> ki, RT v\u0259 dig\u0259r d\u00f6vl\u0259td\u0259n maliyy\u0259l\u0259\u015f\u0259n media orqanlar\u0131 h\u0259m\u00e7inin, &#8220;Google News&#8221; daxil b\u00fct\u00fcn x\u0259b\u0259r xidm\u0259tl\u0259rind\u0259n y\u0131\u011f\u0131\u015fd\u0131r\u0131l\u0131b.<\/p>\n\n\n\n<p>\u201cGoogle\u201d \u015firk\u0259tinin qlobal m\u0259s\u0259l\u0259l\u0259r \u00fczr\u0259 prezidenti Kent Uolker bloq postunda qeyd edib ki, bununla f\u00f6vq\u0259lad\u0259 b\u00f6hranda dezinformasiyan\u0131n yay\u0131lmas\u0131n\u0131 \u00f6nl\u0259yirl\u0259r.<\/p>\n\n\n\n<p>\u201c\u0130nternetd\u0259 dezinformasiya kampaniyalar\u0131n\u0131 pozmaq \u00fc\u00e7\u00fcn t\u0259cili add\u0131mlar at\u0131lmal\u0131 idi\u201d, &#8211; o bildirib.<\/p>\n\n\n\n<p>Bundan bir ne\u00e7\u0259 saat \u00f6nc\u0259 Avropa \u0130ttifaq\u0131n\u0131n \u00fczvl\u0259ri Avropa Komissiyas\u0131n\u0131n t\u0259klif etdiyi sanksiyalar\u0131 t\u0259sdiql\u0259yibl\u0259r.<\/p>\n\n\n\n<p>&#8220;Sputnik&#8221; v\u0259 RT-nin Britaniya, Almaniya v\u0259 Fransan\u0131 \u0259hat\u0259l\u0259y\u0259n, h\u0259m\u00e7inin ingilis v\u0259 ispanca kanallar\u0131 m\u0259hdudla\u015fd\u0131r\u0131l\u0131b.<\/p>\n\n\n\n<p>Avropa Komissiyas\u0131n\u0131n Prezidenti Ursula von der Leyen fevral\u0131n 27-d\u0259 verdiyi a\u00e7\u0131qlamada \u201cRT v\u0259 Sputnik Kremlin media ma\u015f\u0131n\u0131n\u0131n t\u0259rkib hiss\u0259sidir. A\u0130 onlar\u0131n Avropada toksik v\u0259 ziyanl\u0131 dezinformasiyas\u0131n\u0131 qada\u011fan etm\u0259lidir\u201d, &#8211; demi\u015fdi.<\/p>\n\n\n\n<p>Rusiya h\u00f6kum\u0259ti is\u0259 \u00f6z n\u00f6vb\u0259sind\u0259 \u00f6lk\u0259sind\u0259 f\u0259aliyy\u0259t g\u00f6st\u0259r\u0259n m\u00fcst\u0259qil K\u00fctl\u0259vi \u0130nformasiya Vasit\u0259l\u0259rinin (K\u0130V) yay\u0131m\u0131na qada\u011fa <a href=\"https:\/\/www.meydan.tv\/az\/article\/dojd-telekanali-ve-exo-moskvi-rusiyada-bloklanib\/\" target=\"_blank\" rel=\"noreferrer noopener\">qoyub<\/a>.<\/p>\n\n\n\n<p>\u018fsas g\u0259tirib ki, onlar Moskvan\u0131n Ukraynaya h\u0259rbi m\u00fcdaxil\u0259si il\u0259 ba\u011fl\u0131 \u201cq\u0259sd\u0259n yalan m\u0259lumat\u201d yay\u0131b v\u0259 m\u0259hz buna g\u00f6r\u0259 bloklan\u0131blar.<\/p>\n\n\n\n<p>Bloklanma il\u0259 ba\u011fl\u0131 q\u0259rar\u0131 is\u0259 Rusiyan\u0131n Ba\u015f Prokurolu\u011fu verib.<\/p>\n\n\n\n<p>Rusiyan\u0131n Ba\u015f prokuroru \u00f6lk\u0259nin mediaya n\u0259zar\u0259t orqan\u0131na \u201cTVRain\u201dkimi tan\u0131nan \u201cDojd\u201d telekanal\u0131na v\u0259 \u201cExo Moskv\u0131\u201d radiosuna \u201cgiri\u015fi m\u0259hdudla\u015fd\u0131rma\u011f\u0131\u201d tap\u015f\u0131r\u0131b.<\/p>\n\n\n\n<p>Bildirilir ki, qada\u011fa Ukraynada \u201cekstremist f\u0259aliyy\u0259t\u0259, zorak\u0131l\u0131\u011fa \u00e7a\u011f\u0131ran m\u0259lumatlar\u0131n\u201d v\u0259 \u201cRusiya h\u0259rb\u00e7il\u0259rinin h\u0259r\u0259k\u0259tl\u0259ri haqq\u0131nda q\u0259sd\u0259n yalan m\u0259lumatlar\u0131n\u201d \u201cm\u0259qs\u0259dli v\u0259 sistemli\u201d yerl\u0259\u015fdirilm\u0259sin\u0259 g\u00f6r\u0259 verilib.<\/p>\n\n\n\n<p>\u201cExo Moskv\u0131\u201dn\u0131n ba\u015f redaktoru Aleksey Venediktov \u201cTelegram\u201d-da radiostansiyan\u0131n yay\u0131mdan \u00e7\u0131xar\u0131ld\u0131\u011f\u0131n\u0131 bildirib.<\/p>\n\n\n\n<p>\u201cAnonymous\u201d haker qrupu is\u0259 fevral\u0131n 28-d\u0259 Rusiyan\u0131n TASS, \u201cFontanka\u201d v\u0259 \u201cKommersant\u201d internet saytlar\u0131n\u0131 <a href=\"https:\/\/www.meydan.tv\/az\/article\/anonymousun-budefeki-hedefi-rusiyadir\/\" target=\"_blank\" rel=\"noreferrer noopener\">s\u0131nd\u0131r\u0131b<\/a>.<\/p>\n\n\n\n<p>H\u0259m\u00e7inin Kremlin d\u0259st\u0259kl\u0259diyi \u201cRussia Today\u201d kanal\u0131na v\u0259 Kremlin sayt\u0131na haker h\u00fccumu ger\u00e7\u0259kl\u0259\u015fdirib. S\u0259b\u0259b Rusiyan\u0131n Ukraynaya h\u0259rbi m\u00fcdaxil\u0259sidir.<\/p>\n\n\n\n<p>Eyni zamanda, \u201cAnonymous\u201dun Rusiya d\u00f6vl\u0259t telekanallar\u0131n\u0131 s\u0131nd\u0131raraq, Ukraynaya d\u0259st\u0259k m\u0259zmunlu v\u0259t\u0259np\u0259rv\u0259r mahn\u0131lar v\u0259 i\u015f\u011faldan g\u00f6r\u00fcnt\u00fcl\u0259r yerl\u0259\u015fdirdiyi bildirilir.<\/p>\n\n\n\n<p>Qrup \u201cTwitter\u201d hesab\u0131nda bildirib ki, Rusiya d\u00f6vl\u0259t telekanallar\u0131 \u201cAnonymous\u201d t\u0259r\u0259find\u0259n Ukraynada ba\u015f ver\u0259nl\u0259r haqq\u0131nda h\u0259qiq\u0259ti yay\u0131mlamaq \u00fc\u00e7\u00fcn s\u0131nd\u0131r\u0131l\u0131b.<\/p>\n\n\n\n<p>\u201cFontankaya\u201d daxil olmaq ist\u0259y\u0259rk\u0259n is\u0259 ekrana bel\u0259 bir mesaj g\u0259lib: \u201cH\u00f6rm\u0259tli v\u0259t\u0259nda\u015flar. Sizi bu \u00e7\u0131l\u011f\u0131nl\u0131\u011fa son qoyma\u011fa \u00e7a\u011f\u0131r\u0131r\u0131q, o\u011fullar\u0131n\u0131z\u0131 v\u0259 \u0259rl\u0259rinizi q\u0259ti \u00f6l\u00fcm\u0259 g\u00f6nd\u0259rm\u0259yin\u201d.<\/p>\n\n\n\n<p>Fevral\u0131n 24-n\u0259 ke\u00e7\u0259n gec\u0259 Rusiya Prezidenti Vladimir Putin Ukrayna \u00fcz\u0259rin\u0259 \u201cx\u00fcsusi \u0259m\u0259liyyat\u201d \u0259mri verib.<\/p>\n\n\n\n<p>S\u0259b\u0259b kimi is\u0259 qondarma Donetsk v\u0259 Luqansk \u201crespublikalar\u0131\u201d r\u0259hb\u0259rl\u0259rinin ona m\u00fcraci\u0259tini g\u00f6st\u0259rib.<\/p>\n\n\n\n<p>\u0130ddia edib ki, m\u0259qs\u0259d dinc sakinl\u0259ri qorumaq, Ukraynan\u0131n t\u0259hdidl\u0259rin\u0259 cavab verm\u0259kdir.<\/p>\n\n\n\n<p>Ukrayna, Q\u0259rb liderl\u0259ri h\u00fccumu pisl\u0259yib, Putinin buna g\u00f6r\u0259 cavab ver\u0259c\u0259yini bildiribl\u0259r.<\/p>\n\n\n\n<p>Bundan sonra Avropa Birliyi \u00f6lk\u0259l\u0259rind\u0259n, el\u0259c\u0259 d\u0259 AB\u015e-dan Rusiyaya qar\u015f\u0131 sanksiyalar g\u0259lm\u0259y\u0259 ba\u015flay\u0131b.<\/p>\n\n\n\n<p>Sanksiya t\u0259tbiq edil\u0259n 600-d\u0259n \u00e7ox \u015f\u0259xsin i\u00e7ind\u0259 Rusiya Prezidenti Vladimir Putin v\u0259 xarici i\u015fl\u0259r naziri Sergey Lavrov da var.<\/p>\n","protected":false},"excerpt":{"rendered":"<p>Sanksiyalar\u0131n bud\u0259f\u0259ki h\u0259d\u0259fi Kreml\u0259 yax\u0131n media qurumlard\u0131r \u201cGoogle Europe\u201d Kreml\u0259 &#8230; <\/p>\n<p class=\"read-more-container\"><a title=\"Rusiya-Ukrayna m\u00fcharib\u0259sind\u0259 \u201cinformasiya c\u0259bh\u0259si\u201d\" class=\"read-more button\" href=\"https:\/\/www.meydan.tv\/az\/article\/rusiya-ukrayna-muharibesinde-informasiya-cebhesi\/#more-236745\" aria-label=\"Read more about Rusiya-Ukrayna m\u00fcharib\u0259sind\u0259 \u201cinformasiya c\u0259bh\u0259si\u201d\">Davam\u0131<\/a><\/p>\n","protected":false},"author":8,"featured_media":236746,"comment_status":"closed","ping_status":"closed","sticky":false,"template":"","format":"standard","meta":{"_acf_changed":false,"_sitemap_exclude":false,"_sitemap_priority":"","_sitemap_frequency":"","footnotes":""},"categories":[64,56],"tags":[],"class_list":["post-236745","post","type-post","status-publish","format-standard","has-post-thumbnail","hentry","category-dunya","category-xeberler","infinite-scroll-item","generate-columns","tablet-grid-50","mobile-grid-100","grid-parent","grid-33","no-featured-image-padding"],"acf":[],"yoast_head":"<!-- This site is optimized with the Yoast SEO plugin v27.5 - https:\/\/yoast.com\/product\/yoast-seo-wordpress\/ -->\n<title>Rusiya-Ukrayna m\u00fcharib\u0259sind\u0259 \u201cinformasiya c\u0259bh\u0259si\u201d - MEYDAN.TV<\/title>\n<meta name=\"robots\" content=\"index, follow, max-snippet:-1, max-image-preview:large, max-video-preview:-1\" \/>\n<link rel=\"canonical\" href=\"https:\/\/www.meydan.tv\/az\/article\/rusiya-ukrayna-muharibesinde-informasiya-cebhesi\/\" \/>\n<meta property=\"og:locale\" content=\"az_AZ\" \/>\n<meta property=\"og:type\" content=\"article\" \/>\n<meta property=\"og:title\" content=\"Rusiya-Ukrayna m\u00fcharib\u0259sind\u0259 \u201cinformasiya c\u0259bh\u0259si\u201d - MEYDAN.TV\" \/>\n<meta property=\"og:description\" content=\"Sanksiyalar\u0131n bud\u0259f\u0259ki h\u0259d\u0259fi Kreml\u0259 yax\u0131n media qurumlard\u0131r \u201cGoogle Europe\u201d Kreml\u0259 ... Davam\u0131\" \/>\n<meta property=\"og:url\" content=\"https:\/\/www.meydan.tv\/az\/article\/rusiya-ukrayna-muharibesinde-informasiya-cebhesi\/\" \/>\n<meta property=\"og:site_name\" content=\"MEYDAN.TV\" \/>\n<meta property=\"article:published_time\" content=\"2022-03-02T11:21:22+00:00\" \/>\n<meta property=\"article:modified_time\" content=\"2022-03-02T11:21:24+00:00\" \/>\n<meta property=\"og:image\" content=\"https:\/\/www.meydan.tv\/wp-content\/uploads\/j2gujvdqw5kerjb5tp3nqtvcoi.webp\" \/>\n\t<meta property=\"og:image:width\" content=\"1200\" \/>\n\t<meta property=\"og:image:height\" content=\"812\" \/>\n\t<meta property=\"og:image:type\" content=\"image\/webp\" \/>\n<meta name=\"author\" content=\"elli\" \/>\n<meta name=\"twitter:card\" content=\"summary_large_image\" \/>\n<meta name=\"twitter:creator\" content=\"@elli\" \/>\n<script type=\"application\/ld+json\" class=\"yoast-schema-graph\">{\"@context\":\"https:\\\/\\\/schema.org\",\"@graph\":[{\"@type\":\"Article\",\"@id\":\"https:\\\/\\\/www.meydan.tv\\\/az\\\/article\\\/rusiya-ukrayna-muharibesinde-informasiya-cebhesi\\\/#article\",\"isPartOf\":{\"@id\":\"https:\\\/\\\/www.meydan.tv\\\/az\\\/article\\\/rusiya-ukrayna-muharibesinde-informasiya-cebhesi\\\/\"},\"author\":{\"name\":\"elli\",\"@id\":\"https:\\\/\\\/www.meydan.tv\\\/az\\\/#\\\/schema\\\/person\\\/9cdbecf90d17180ce1dfbd95b08dcf47\"},\"headline\":\"Rusiya-Ukrayna m\u00fcharib\u0259sind\u0259 \u201cinformasiya c\u0259bh\u0259si\u201d\",\"datePublished\":\"2022-03-02T11:21:22+00:00\",\"dateModified\":\"2022-03-02T11:21:24+00:00\",\"mainEntityOfPage\":{\"@id\":\"https:\\\/\\\/www.meydan.tv\\\/az\\\/article\\\/rusiya-ukrayna-muharibesinde-informasiya-cebhesi\\\/\"},\"wordCount\":777,\"publisher\":{\"@id\":\"https:\\\/\\\/www.meydan.tv\\\/az\\\/#organization\"},\"image\":{\"@id\":\"https:\\\/\\\/www.meydan.tv\\\/az\\\/article\\\/rusiya-ukrayna-muharibesinde-informasiya-cebhesi\\\/#primaryimage\"},\"thumbnailUrl\":\"https:\\\/\\\/www.meydan.tv\\\/wp-content\\\/uploads\\\/j2gujvdqw5kerjb5tp3nqtvcoi.webp\",\"articleSection\":[\"D\u00fcnya\",\"X\u0259b\u0259rl\u0259r\"],\"inLanguage\":\"az\"},{\"@type\":\"WebPage\",\"@id\":\"https:\\\/\\\/www.meydan.tv\\\/az\\\/article\\\/rusiya-ukrayna-muharibesinde-informasiya-cebhesi\\\/\",\"url\":\"https:\\\/\\\/www.meydan.tv\\\/az\\\/article\\\/rusiya-ukrayna-muharibesinde-informasiya-cebhesi\\\/\",\"name\":\"Rusiya-Ukrayna m\u00fcharib\u0259sind\u0259 \u201cinformasiya c\u0259bh\u0259si\u201d - MEYDAN.TV\",\"isPartOf\":{\"@id\":\"https:\\\/\\\/www.meydan.tv\\\/az\\\/#website\"},\"primaryImageOfPage\":{\"@id\":\"https:\\\/\\\/www.meydan.tv\\\/az\\\/article\\\/rusiya-ukrayna-muharibesinde-informasiya-cebhesi\\\/#primaryimage\"},\"image\":{\"@id\":\"https:\\\/\\\/www.meydan.tv\\\/az\\\/article\\\/rusiya-ukrayna-muharibesinde-informasiya-cebhesi\\\/#primaryimage\"},\"thumbnailUrl\":\"https:\\\/\\\/www.meydan.tv\\\/wp-content\\\/uploads\\\/j2gujvdqw5kerjb5tp3nqtvcoi.webp\",\"datePublished\":\"2022-03-02T11:21:22+00:00\",\"dateModified\":\"2022-03-02T11:21:24+00:00\",\"breadcrumb\":{\"@id\":\"https:\\\/\\\/www.meydan.tv\\\/az\\\/article\\\/rusiya-ukrayna-muharibesinde-informasiya-cebhesi\\\/#breadcrumb\"},\"inLanguage\":\"az\",\"potentialAction\":[{\"@type\":\"ReadAction\",\"target\":[\"https:\\\/\\\/www.meydan.tv\\\/az\\\/article\\\/rusiya-ukrayna-muharibesinde-informasiya-cebhesi\\\/\"]}]},{\"@type\":\"ImageObject\",\"inLanguage\":\"az\",\"@id\":\"https:\\\/\\\/www.meydan.tv\\\/az\\\/article\\\/rusiya-ukrayna-muharibesinde-informasiya-cebhesi\\\/#primaryimage\",\"url\":\"https:\\\/\\\/www.meydan.tv\\\/wp-content\\\/uploads\\\/j2gujvdqw5kerjb5tp3nqtvcoi.webp\",\"contentUrl\":\"https:\\\/\\\/www.meydan.tv\\\/wp-content\\\/uploads\\\/j2gujvdqw5kerjb5tp3nqtvcoi.webp\",\"width\":1200,\"height\":812,\"caption\":\"Foto: Reuters\"},{\"@type\":\"BreadcrumbList\",\"@id\":\"https:\\\/\\\/www.meydan.tv\\\/az\\\/article\\\/rusiya-ukrayna-muharibesinde-informasiya-cebhesi\\\/#breadcrumb\",\"itemListElement\":[{\"@type\":\"ListItem\",\"position\":1,\"name\":\"Ana s\u0259hif\u0259\",\"item\":\"https:\\\/\\\/www.meydan.tv\\\/az\\\/\"},{\"@type\":\"ListItem\",\"position\":2,\"name\":\"D\u00fcnya\",\"item\":\"https:\\\/\\\/www.meydan.tv\\\/az\\\/section\\\/dunya\\\/\"},{\"@type\":\"ListItem\",\"position\":3,\"name\":\"Rusiya-Ukrayna m\u00fcharib\u0259sind\u0259 \u201cinformasiya c\u0259bh\u0259si\u201d\"}]},{\"@type\":\"WebSite\",\"@id\":\"https:\\\/\\\/www.meydan.tv\\\/az\\\/#website\",\"url\":\"https:\\\/\\\/www.meydan.tv\\\/az\\\/\",\"name\":\"MEYDAN.TV\",\"description\":\"Meydan TV Az\u0259rbaycan\u0131n media m\u0259kan\u0131ndak\u0131 alternativ s\u0259sidir\",\"publisher\":{\"@id\":\"https:\\\/\\\/www.meydan.tv\\\/az\\\/#organization\"},\"potentialAction\":[{\"@type\":\"SearchAction\",\"target\":{\"@type\":\"EntryPoint\",\"urlTemplate\":\"https:\\\/\\\/www.meydan.tv\\\/az\\\/?s={search_term_string}\"},\"query-input\":{\"@type\":\"PropertyValueSpecification\",\"valueRequired\":true,\"valueName\":\"search_term_string\"}}],\"inLanguage\":\"az\"},{\"@type\":\"Organization\",\"@id\":\"https:\\\/\\\/www.meydan.tv\\\/az\\\/#organization\",\"name\":\"Meydan TV\",\"url\":\"https:\\\/\\\/www.meydan.tv\\\/az\\\/\",\"logo\":{\"@type\":\"ImageObject\",\"inLanguage\":\"az\",\"@id\":\"https:\\\/\\\/www.meydan.tv\\\/az\\\/#\\\/schema\\\/logo\\\/image\\\/\",\"url\":\"https:\\\/\\\/www.meydan.tv\\\/wp-content\\\/uploads\\\/2021\\\/07\\\/meydan-logo.svg\",\"contentUrl\":\"https:\\\/\\\/www.meydan.tv\\\/wp-content\\\/uploads\\\/2021\\\/07\\\/meydan-logo.svg\",\"width\":195,\"height\":46,\"caption\":\"Meydan TV\"},\"image\":{\"@id\":\"https:\\\/\\\/www.meydan.tv\\\/az\\\/#\\\/schema\\\/logo\\\/image\\\/\"}},{\"@type\":\"Person\",\"@id\":\"https:\\\/\\\/www.meydan.tv\\\/az\\\/#\\\/schema\\\/person\\\/9cdbecf90d17180ce1dfbd95b08dcf47\",\"name\":\"elli\",\"sameAs\":[\"https:\\\/\\\/x.com\\\/elli\"]}]}<\/script>\n<!-- \/ Yoast SEO plugin. -->","yoast_head_json":{"title":"Rusiya-Ukrayna m\u00fcharib\u0259sind\u0259 \u201cinformasiya c\u0259bh\u0259si\u201d - MEYDAN.TV","robots":{"index":"index","follow":"follow","max-snippet":"max-snippet:-1","max-image-preview":"max-image-preview:large","max-video-preview":"max-video-preview:-1"},"canonical":"https:\/\/www.meydan.tv\/az\/article\/rusiya-ukrayna-muharibesinde-informasiya-cebhesi\/","og_locale":"az_AZ","og_type":"article","og_title":"Rusiya-Ukrayna m\u00fcharib\u0259sind\u0259 \u201cinformasiya c\u0259bh\u0259si\u201d - MEYDAN.TV","og_description":"Sanksiyalar\u0131n bud\u0259f\u0259ki h\u0259d\u0259fi Kreml\u0259 yax\u0131n media qurumlard\u0131r \u201cGoogle Europe\u201d Kreml\u0259 ... Davam\u0131","og_url":"https:\/\/www.meydan.tv\/az\/article\/rusiya-ukrayna-muharibesinde-informasiya-cebhesi\/","og_site_name":"MEYDAN.TV","article_published_time":"2022-03-02T11:21:22+00:00","article_modified_time":"2022-03-02T11:21:24+00:00","og_image":[{"width":1200,"height":812,"url":"https:\/\/www.meydan.tv\/wp-content\/uploads\/j2gujvdqw5kerjb5tp3nqtvcoi.webp","type":"image\/webp"}],"author":"elli","twitter_card":"summary_large_image","twitter_creator":"@elli","schema":{"@context":"https:\/\/schema.org","@graph":[{"@type":"Article","@id":"https:\/\/www.meydan.tv\/az\/article\/rusiya-ukrayna-muharibesinde-informasiya-cebhesi\/#article","isPartOf":{"@id":"https:\/\/www.meydan.tv\/az\/article\/rusiya-ukrayna-muharibesinde-informasiya-cebhesi\/"},"author":{"name":"elli","@id":"https:\/\/www.meydan.tv\/az\/#\/schema\/person\/9cdbecf90d17180ce1dfbd95b08dcf47"},"headline":"Rusiya-Ukrayna m\u00fcharib\u0259sind\u0259 \u201cinformasiya c\u0259bh\u0259si\u201d","datePublished":"2022-03-02T11:21:22+00:00","dateModified":"2022-03-02T11:21:24+00:00","mainEntityOfPage":{"@id":"https:\/\/www.meydan.tv\/az\/article\/rusiya-ukrayna-muharibesinde-informasiya-cebhesi\/"},"wordCount":777,"publisher":{"@id":"https:\/\/www.meydan.tv\/az\/#organization"},"image":{"@id":"https:\/\/www.meydan.tv\/az\/article\/rusiya-ukrayna-muharibesinde-informasiya-cebhesi\/#primaryimage"},"thumbnailUrl":"https:\/\/www.meydan.tv\/wp-content\/uploads\/j2gujvdqw5kerjb5tp3nqtvcoi.webp","articleSection":["D\u00fcnya","X\u0259b\u0259rl\u0259r"],"inLanguage":"az"},{"@type":"WebPage","@id":"https:\/\/www.meydan.tv\/az\/article\/rusiya-ukrayna-muharibesinde-informasiya-cebhesi\/","url":"https:\/\/www.meydan.tv\/az\/article\/rusiya-ukrayna-muharibesinde-informasiya-cebhesi\/","name":"Rusiya-Ukrayna m\u00fcharib\u0259sind\u0259 \u201cinformasiya c\u0259bh\u0259si\u201d - MEYDAN.TV","isPartOf":{"@id":"https:\/\/www.meydan.tv\/az\/#website"},"primaryImageOfPage":{"@id":"https:\/\/www.meydan.tv\/az\/article\/rusiya-ukrayna-muharibesinde-informasiya-cebhesi\/#primaryimage"},"image":{"@id":"https:\/\/www.meydan.tv\/az\/article\/rusiya-ukrayna-muharibesinde-informasiya-cebhesi\/#primaryimage"},"thumbnailUrl":"https:\/\/www.meydan.tv\/wp-content\/uploads\/j2gujvdqw5kerjb5tp3nqtvcoi.webp","datePublished":"2022-03-02T11:21:22+00:00","dateModified":"2022-03-02T11:21:24+00:00","breadcrumb":{"@id":"https:\/\/www.meydan.tv\/az\/article\/rusiya-ukrayna-muharibesinde-informasiya-cebhesi\/#breadcrumb"},"inLanguage":"az","potentialAction":[{"@type":"ReadAction","target":["https:\/\/www.meydan.tv\/az\/article\/rusiya-ukrayna-muharibesinde-informasiya-cebhesi\/"]}]},{"@type":"ImageObject","inLanguage":"az","@id":"https:\/\/www.meydan.tv\/az\/article\/rusiya-ukrayna-muharibesinde-informasiya-cebhesi\/#primaryimage","url":"https:\/\/www.meydan.tv\/wp-content\/uploads\/j2gujvdqw5kerjb5tp3nqtvcoi.webp","contentUrl":"https:\/\/www.meydan.tv\/wp-content\/uploads\/j2gujvdqw5kerjb5tp3nqtvcoi.webp","width":1200,"height":812,"caption":"Foto: Reuters"},{"@type":"BreadcrumbList","@id":"https:\/\/www.meydan.tv\/az\/article\/rusiya-ukrayna-muharibesinde-informasiya-cebhesi\/#breadcrumb","itemListElement":[{"@type":"ListItem","position":1,"name":"Ana s\u0259hif\u0259","item":"https:\/\/www.meydan.tv\/az\/"},{"@type":"ListItem","position":2,"name":"D\u00fcnya","item":"https:\/\/www.meydan.tv\/az\/section\/dunya\/"},{"@type":"ListItem","position":3,"name":"Rusiya-Ukrayna m\u00fcharib\u0259sind\u0259 \u201cinformasiya c\u0259bh\u0259si\u201d"}]},{"@type":"WebSite","@id":"https:\/\/www.meydan.tv\/az\/#website","url":"https:\/\/www.meydan.tv\/az\/","name":"MEYDAN.TV","description":"Meydan TV Az\u0259rbaycan\u0131n media m\u0259kan\u0131ndak\u0131 alternativ s\u0259sidir","publisher":{"@id":"https:\/\/www.meydan.tv\/az\/#organization"},"potentialAction":[{"@type":"SearchAction","target":{"@type":"EntryPoint","urlTemplate":"https:\/\/www.meydan.tv\/az\/?s={search_term_string}"},"query-input":{"@type":"PropertyValueSpecification","valueRequired":true,"valueName":"search_term_string"}}],"inLanguage":"az"},{"@type":"Organization","@id":"https:\/\/www.meydan.tv\/az\/#organization","name":"Meydan TV","url":"https:\/\/www.meydan.tv\/az\/","logo":{"@type":"ImageObject","inLanguage":"az","@id":"https:\/\/www.meydan.tv\/az\/#\/schema\/logo\/image\/","url":"https:\/\/www.meydan.tv\/wp-content\/uploads\/2021\/07\/meydan-logo.svg","contentUrl":"https:\/\/www.meydan.tv\/wp-content\/uploads\/2021\/07\/meydan-logo.svg","width":195,"height":46,"caption":"Meydan TV"},"image":{"@id":"https:\/\/www.meydan.tv\/az\/#\/schema\/logo\/image\/"}},{"@type":"Person","@id":"https:\/\/www.meydan.tv\/az\/#\/schema\/person\/9cdbecf90d17180ce1dfbd95b08dcf47","name":"elli","sameAs":["https:\/\/x.com\/elli"]}]}},"_links":{"self":[{"href":"https:\/\/www.meydan.tv\/az\/wp-json\/wp\/v2\/posts\/236745","targetHints":{"allow":["GET"]}}],"collection":[{"href":"https:\/\/www.meydan.tv\/az\/wp-json\/wp\/v2\/posts"}],"about":[{"href":"https:\/\/www.meydan.tv\/az\/wp-json\/wp\/v2\/types\/post"}],"author":[{"embeddable":true,"href":"https:\/\/www.meydan.tv\/az\/wp-json\/wp\/v2\/users\/8"}],"replies":[{"embeddable":true,"href":"https:\/\/www.meydan.tv\/az\/wp-json\/wp\/v2\/comments?post=236745"}],"version-history":[{"count":1,"href":"https:\/\/www.meydan.tv\/az\/wp-json\/wp\/v2\/posts\/236745\/revisions"}],"predecessor-version":[{"id":236749,"href":"https:\/\/www.meydan.tv\/az\/wp-json\/wp\/v2\/posts\/236745\/revisions\/236749"}],"wp:featuredmedia":[{"embeddable":true,"href":"https:\/\/www.meydan.tv\/az\/wp-json\/wp\/v2\/media\/236746"}],"wp:attachment":[{"href":"https:\/\/www.meydan.tv\/az\/wp-json\/wp\/v2\/media?parent=236745"}],"wp:term":[{"taxonomy":"category","embeddable":true,"href":"https:\/\/www.meydan.tv\/az\/wp-json\/wp\/v2\/categories?post=236745"},{"taxonomy":"post_tag","embeddable":true,"href":"https:\/\/www.meydan.tv\/az\/wp-json\/wp\/v2\/tags?post=236745"}],"curies":[{"name":"wp","href":"https:\/\/api.w.org\/{rel}","templated":true}]}}