{"id":236715,"date":"2022-03-02T14:24:14","date_gmt":"2022-03-02T10:24:14","guid":{"rendered":"https:\/\/www.meydan.tv\/?p=236715"},"modified":"2022-03-02T14:24:16","modified_gmt":"2022-03-02T10:24:16","slug":"rusiya-numayende-heyeti-kann-festivalina-buraxilmayacaq","status":"publish","type":"post","link":"https:\/\/www.meydan.tv\/az\/article\/rusiya-numayende-heyeti-kann-festivalina-buraxilmayacaq\/","title":{"rendered":"Rusiya n\u00fcmay\u0259nd\u0259 hey\u0259ti Kann Festival\u0131na burax\u0131lmayacaq"},"content":{"rendered":"\n<p><em>Q\u0259rar\u0131 festival\u0131n t\u0259\u015fkilat komit\u0259si q\u0259bul edib<\/em><br><\/p>\n\n\n\n<p>2022-ci il may\u0131n 17-d\u0259n 28-d\u0259k Fransan\u0131n Lazur sahilind\u0259 ke\u00e7iril\u0259c\u0259k Beyn\u0259lxalq Kann Film Festival\u0131na Rusiya n\u00fcmay\u0259nd\u0259 hey\u0259ti burax\u0131lmayacaq.<br><\/p>\n\n\n\n<p>\u201cFestival\u0131n t\u0259\u015fkilat komit\u0259si q\u0259rara g\u0259lib ki, Ukrayna xalq\u0131n\u0131n maraqlar\u0131n\u0131 t\u0259min ed\u0259c\u0259k \u015f\u0259rtl\u0259rl\u0259 h\u00fccum dayand\u0131r\u0131lana q\u0259d\u0259r Rusiya h\u00f6kum\u0259ti il\u0259 \u0259laq\u0259li r\u0259smi n\u00fcmay\u0259nd\u0259 hey\u0259t v\u0259 ya n\u00fcmay\u0259nd\u0259l\u0259ri q\u0259bul olunmayacaq\u201d, &#8211; festival\u0131n m\u0259tbuat xidm\u0259tinin yayd\u0131\u011f\u0131 m\u0259lumatda <a href=\"https:\/\/variety.com\/2022\/film\/global\/cannes-film-festival-russian-boycott-1235192969\/\" target=\"_blank\" rel=\"noreferrer noopener\">deyilir<\/a>.<br><\/p>\n\n\n\n<p>Festival\u0131n t\u0259\u015fkilat\u00e7\u0131lar\u0131 qeyd edibl\u0259r ki, onlar\u0131n diqq\u0259tl\u0259ri haz\u0131rda Ukrayna kinorejissorlar\u0131na v\u0259 onlar\u0131n ail\u0259l\u0259rin\u0259 y\u00f6n\u0259lib.<br><\/p>\n\n\n\n<p>Rusiyan\u0131n Ukrayna \u0259razil\u0259rin\u0259 qo\u015fun yeritm\u0259sin\u0259 etiraz olaraq onlarla beyn\u0259lxalq t\u0259\u015fkilat v\u0259 ya federasiyalar art\u0131q bir ne\u00e7\u0259 g\u00fcnd\u00fcr ki, Moskvaya onlar\u0131n t\u0259dbirl\u0259rind\u0259 i\u015ftirakla ba\u011fl\u0131 qada\u011falar qoyur.<br><\/p>\n\n\n\n<p>Fevral\u0131n 25-d\u0259 Avropa Yay\u0131m Birliyi d\u0259 Rusiyan\u0131 builki \u201cEurovision\u201d beyn\u0259lxalq mahn\u0131 m\u00fcsabiq\u0259sind\u0259n <a href=\"https:\/\/d9mc3ts4czbpr.cloudfront.net\/az\/article\/rusiya-eurovision-yarismasindan-uzaqlasdirildi\/\" target=\"_blank\" rel=\"noreferrer noopener\">k\u0259narla\u015fd\u0131r\u0131b<\/a>.<br><\/p>\n\n\n\n<p>Fevral\u0131n 24-d\u0259 Prezident Vladimir Putin Ukraynada x\u00fcsusi h\u0259rbi \u0259m\u0259liyyata g\u00f6rst\u0259ri\u015f verib.<br>O vur\u011fulay\u0131b ki, Moskvan\u0131n planlar\u0131na Ukrayna \u0259razil\u0259rinin i\u015f\u011fal\u0131 daxil deyil.<br>M\u0259qs\u0259d \u00f6lk\u0259nin demilitarizasiyas\u0131d\u0131r.<br><\/p>\n\n\n\n<p>Daha sonra AB\u015e, Avropa \u0130ttifaq\u0131, B\u00f6y\u00fck Britaniya, el\u0259c\u0259 d\u0259 bir s\u0131ra dig\u0259r d\u00f6vl\u0259tl\u0259r Rusiyaya qar\u015f\u0131 sanksiyalar t\u0259tbiq edib.<\/p>\n","protected":false},"excerpt":{"rendered":"<p>Q\u0259rar\u0131 festival\u0131n t\u0259\u015fkilat komit\u0259si q\u0259bul edib 2022-ci il may\u0131n 17-d\u0259n &#8230; <\/p>\n<p class=\"read-more-container\"><a title=\"Rusiya n\u00fcmay\u0259nd\u0259 hey\u0259ti Kann Festival\u0131na burax\u0131lmayacaq\" class=\"read-more button\" href=\"https:\/\/www.meydan.tv\/az\/article\/rusiya-numayende-heyeti-kann-festivalina-buraxilmayacaq\/#more-236715\" aria-label=\"Read more about Rusiya n\u00fcmay\u0259nd\u0259 hey\u0259ti Kann Festival\u0131na burax\u0131lmayacaq\">Davam\u0131<\/a><\/p>\n","protected":false},"author":8,"featured_media":236719,"comment_status":"closed","ping_status":"closed","sticky":false,"template":"","format":"standard","meta":{"_acf_changed":false,"_sitemap_exclude":false,"_sitemap_priority":"","_sitemap_frequency":"","footnotes":""},"categories":[52,56],"tags":[],"class_list":["post-236715","post","type-post","status-publish","format-standard","has-post-thumbnail","hentry","category-medeniyyet","category-xeberler","infinite-scroll-item","generate-columns","tablet-grid-50","mobile-grid-100","grid-parent","grid-33","no-featured-image-padding"],"acf":[],"yoast_head":"<!-- This site is optimized with the Yoast SEO plugin v27.4 - https:\/\/yoast.com\/product\/yoast-seo-wordpress\/ -->\n<title>Rusiya n\u00fcmay\u0259nd\u0259 hey\u0259ti Kann Festival\u0131na burax\u0131lmayacaq - MEYDAN.TV<\/title>\n<meta name=\"robots\" content=\"index, follow, max-snippet:-1, max-image-preview:large, max-video-preview:-1\" \/>\n<link rel=\"canonical\" href=\"https:\/\/www.meydan.tv\/az\/article\/rusiya-numayende-heyeti-kann-festivalina-buraxilmayacaq\/\" \/>\n<meta property=\"og:locale\" content=\"az_AZ\" \/>\n<meta property=\"og:type\" content=\"article\" \/>\n<meta property=\"og:title\" content=\"Rusiya n\u00fcmay\u0259nd\u0259 hey\u0259ti Kann Festival\u0131na burax\u0131lmayacaq - MEYDAN.TV\" \/>\n<meta property=\"og:description\" content=\"Q\u0259rar\u0131 festival\u0131n t\u0259\u015fkilat komit\u0259si q\u0259bul edib 2022-ci il may\u0131n 17-d\u0259n ... Davam\u0131\" \/>\n<meta property=\"og:url\" content=\"https:\/\/www.meydan.tv\/az\/article\/rusiya-numayende-heyeti-kann-festivalina-buraxilmayacaq\/\" \/>\n<meta property=\"og:site_name\" content=\"MEYDAN.TV\" \/>\n<meta property=\"article:published_time\" content=\"2022-03-02T10:24:14+00:00\" \/>\n<meta property=\"article:modified_time\" content=\"2022-03-02T10:24:16+00:00\" \/>\n<meta property=\"og:image\" content=\"https:\/\/www.meydan.tv\/wp-content\/uploads\/shutterstock_1146806087-e1646216299912.jpg\" \/>\n\t<meta property=\"og:image:width\" content=\"1200\" \/>\n\t<meta property=\"og:image:height\" content=\"681\" \/>\n\t<meta property=\"og:image:type\" content=\"image\/jpeg\" \/>\n<meta name=\"author\" content=\"elli\" \/>\n<meta name=\"twitter:card\" content=\"summary_large_image\" \/>\n<meta name=\"twitter:creator\" content=\"@elli\" \/>\n<script type=\"application\/ld+json\" class=\"yoast-schema-graph\">{\"@context\":\"https:\\\/\\\/schema.org\",\"@graph\":[{\"@type\":\"Article\",\"@id\":\"https:\\\/\\\/www.meydan.tv\\\/az\\\/article\\\/rusiya-numayende-heyeti-kann-festivalina-buraxilmayacaq\\\/#article\",\"isPartOf\":{\"@id\":\"https:\\\/\\\/www.meydan.tv\\\/az\\\/article\\\/rusiya-numayende-heyeti-kann-festivalina-buraxilmayacaq\\\/\"},\"author\":{\"name\":\"elli\",\"@id\":\"https:\\\/\\\/www.meydan.tv\\\/az\\\/#\\\/schema\\\/person\\\/9cdbecf90d17180ce1dfbd95b08dcf47\"},\"headline\":\"Rusiya n\u00fcmay\u0259nd\u0259 hey\u0259ti Kann Festival\u0131na burax\u0131lmayacaq\",\"datePublished\":\"2022-03-02T10:24:14+00:00\",\"dateModified\":\"2022-03-02T10:24:16+00:00\",\"mainEntityOfPage\":{\"@id\":\"https:\\\/\\\/www.meydan.tv\\\/az\\\/article\\\/rusiya-numayende-heyeti-kann-festivalina-buraxilmayacaq\\\/\"},\"wordCount\":278,\"publisher\":{\"@id\":\"https:\\\/\\\/www.meydan.tv\\\/az\\\/#organization\"},\"image\":{\"@id\":\"https:\\\/\\\/www.meydan.tv\\\/az\\\/article\\\/rusiya-numayende-heyeti-kann-festivalina-buraxilmayacaq\\\/#primaryimage\"},\"thumbnailUrl\":\"https:\\\/\\\/www.meydan.tv\\\/wp-content\\\/uploads\\\/shutterstock_1146806087-e1646216299912.jpg\",\"articleSection\":[\"M\u0259d\u0259niyy\u0259t\",\"X\u0259b\u0259rl\u0259r\"],\"inLanguage\":\"az\"},{\"@type\":\"WebPage\",\"@id\":\"https:\\\/\\\/www.meydan.tv\\\/az\\\/article\\\/rusiya-numayende-heyeti-kann-festivalina-buraxilmayacaq\\\/\",\"url\":\"https:\\\/\\\/www.meydan.tv\\\/az\\\/article\\\/rusiya-numayende-heyeti-kann-festivalina-buraxilmayacaq\\\/\",\"name\":\"Rusiya n\u00fcmay\u0259nd\u0259 hey\u0259ti Kann Festival\u0131na burax\u0131lmayacaq - MEYDAN.TV\",\"isPartOf\":{\"@id\":\"https:\\\/\\\/www.meydan.tv\\\/az\\\/#website\"},\"primaryImageOfPage\":{\"@id\":\"https:\\\/\\\/www.meydan.tv\\\/az\\\/article\\\/rusiya-numayende-heyeti-kann-festivalina-buraxilmayacaq\\\/#primaryimage\"},\"image\":{\"@id\":\"https:\\\/\\\/www.meydan.tv\\\/az\\\/article\\\/rusiya-numayende-heyeti-kann-festivalina-buraxilmayacaq\\\/#primaryimage\"},\"thumbnailUrl\":\"https:\\\/\\\/www.meydan.tv\\\/wp-content\\\/uploads\\\/shutterstock_1146806087-e1646216299912.jpg\",\"datePublished\":\"2022-03-02T10:24:14+00:00\",\"dateModified\":\"2022-03-02T10:24:16+00:00\",\"breadcrumb\":{\"@id\":\"https:\\\/\\\/www.meydan.tv\\\/az\\\/article\\\/rusiya-numayende-heyeti-kann-festivalina-buraxilmayacaq\\\/#breadcrumb\"},\"inLanguage\":\"az\",\"potentialAction\":[{\"@type\":\"ReadAction\",\"target\":[\"https:\\\/\\\/www.meydan.tv\\\/az\\\/article\\\/rusiya-numayende-heyeti-kann-festivalina-buraxilmayacaq\\\/\"]}]},{\"@type\":\"ImageObject\",\"inLanguage\":\"az\",\"@id\":\"https:\\\/\\\/www.meydan.tv\\\/az\\\/article\\\/rusiya-numayende-heyeti-kann-festivalina-buraxilmayacaq\\\/#primaryimage\",\"url\":\"https:\\\/\\\/www.meydan.tv\\\/wp-content\\\/uploads\\\/shutterstock_1146806087-e1646216299912.jpg\",\"contentUrl\":\"https:\\\/\\\/www.meydan.tv\\\/wp-content\\\/uploads\\\/shutterstock_1146806087-e1646216299912.jpg\",\"width\":1200,\"height\":681,\"caption\":\"Beyn\u0259lxalq Kann Film Festival\u0131. Foto: Iurii Dzivinskyi\\\/shutterstock\"},{\"@type\":\"BreadcrumbList\",\"@id\":\"https:\\\/\\\/www.meydan.tv\\\/az\\\/article\\\/rusiya-numayende-heyeti-kann-festivalina-buraxilmayacaq\\\/#breadcrumb\",\"itemListElement\":[{\"@type\":\"ListItem\",\"position\":1,\"name\":\"Ana s\u0259hif\u0259\",\"item\":\"https:\\\/\\\/www.meydan.tv\\\/az\\\/\"},{\"@type\":\"ListItem\",\"position\":2,\"name\":\"M\u0259d\u0259niyy\u0259t\",\"item\":\"https:\\\/\\\/www.meydan.tv\\\/az\\\/section\\\/medeniyyet\\\/\"},{\"@type\":\"ListItem\",\"position\":3,\"name\":\"Rusiya n\u00fcmay\u0259nd\u0259 hey\u0259ti Kann Festival\u0131na burax\u0131lmayacaq\"}]},{\"@type\":\"WebSite\",\"@id\":\"https:\\\/\\\/www.meydan.tv\\\/az\\\/#website\",\"url\":\"https:\\\/\\\/www.meydan.tv\\\/az\\\/\",\"name\":\"MEYDAN.TV\",\"description\":\"Meydan TV Az\u0259rbaycan\u0131n media m\u0259kan\u0131ndak\u0131 alternativ s\u0259sidir\",\"publisher\":{\"@id\":\"https:\\\/\\\/www.meydan.tv\\\/az\\\/#organization\"},\"potentialAction\":[{\"@type\":\"SearchAction\",\"target\":{\"@type\":\"EntryPoint\",\"urlTemplate\":\"https:\\\/\\\/www.meydan.tv\\\/az\\\/?s={search_term_string}\"},\"query-input\":{\"@type\":\"PropertyValueSpecification\",\"valueRequired\":true,\"valueName\":\"search_term_string\"}}],\"inLanguage\":\"az\"},{\"@type\":\"Organization\",\"@id\":\"https:\\\/\\\/www.meydan.tv\\\/az\\\/#organization\",\"name\":\"Meydan TV\",\"url\":\"https:\\\/\\\/www.meydan.tv\\\/az\\\/\",\"logo\":{\"@type\":\"ImageObject\",\"inLanguage\":\"az\",\"@id\":\"https:\\\/\\\/www.meydan.tv\\\/az\\\/#\\\/schema\\\/logo\\\/image\\\/\",\"url\":\"https:\\\/\\\/www.meydan.tv\\\/wp-content\\\/uploads\\\/2021\\\/07\\\/meydan-logo.svg\",\"contentUrl\":\"https:\\\/\\\/www.meydan.tv\\\/wp-content\\\/uploads\\\/2021\\\/07\\\/meydan-logo.svg\",\"width\":195,\"height\":46,\"caption\":\"Meydan TV\"},\"image\":{\"@id\":\"https:\\\/\\\/www.meydan.tv\\\/az\\\/#\\\/schema\\\/logo\\\/image\\\/\"}},{\"@type\":\"Person\",\"@id\":\"https:\\\/\\\/www.meydan.tv\\\/az\\\/#\\\/schema\\\/person\\\/9cdbecf90d17180ce1dfbd95b08dcf47\",\"name\":\"elli\",\"sameAs\":[\"https:\\\/\\\/x.com\\\/elli\"]}]}<\/script>\n<!-- \/ Yoast SEO plugin. -->","yoast_head_json":{"title":"Rusiya n\u00fcmay\u0259nd\u0259 hey\u0259ti Kann Festival\u0131na burax\u0131lmayacaq - MEYDAN.TV","robots":{"index":"index","follow":"follow","max-snippet":"max-snippet:-1","max-image-preview":"max-image-preview:large","max-video-preview":"max-video-preview:-1"},"canonical":"https:\/\/www.meydan.tv\/az\/article\/rusiya-numayende-heyeti-kann-festivalina-buraxilmayacaq\/","og_locale":"az_AZ","og_type":"article","og_title":"Rusiya n\u00fcmay\u0259nd\u0259 hey\u0259ti Kann Festival\u0131na burax\u0131lmayacaq - MEYDAN.TV","og_description":"Q\u0259rar\u0131 festival\u0131n t\u0259\u015fkilat komit\u0259si q\u0259bul edib 2022-ci il may\u0131n 17-d\u0259n ... Davam\u0131","og_url":"https:\/\/www.meydan.tv\/az\/article\/rusiya-numayende-heyeti-kann-festivalina-buraxilmayacaq\/","og_site_name":"MEYDAN.TV","article_published_time":"2022-03-02T10:24:14+00:00","article_modified_time":"2022-03-02T10:24:16+00:00","og_image":[{"width":1200,"height":681,"url":"https:\/\/www.meydan.tv\/wp-content\/uploads\/shutterstock_1146806087-e1646216299912.jpg","type":"image\/jpeg"}],"author":"elli","twitter_card":"summary_large_image","twitter_creator":"@elli","schema":{"@context":"https:\/\/schema.org","@graph":[{"@type":"Article","@id":"https:\/\/www.meydan.tv\/az\/article\/rusiya-numayende-heyeti-kann-festivalina-buraxilmayacaq\/#article","isPartOf":{"@id":"https:\/\/www.meydan.tv\/az\/article\/rusiya-numayende-heyeti-kann-festivalina-buraxilmayacaq\/"},"author":{"name":"elli","@id":"https:\/\/www.meydan.tv\/az\/#\/schema\/person\/9cdbecf90d17180ce1dfbd95b08dcf47"},"headline":"Rusiya n\u00fcmay\u0259nd\u0259 hey\u0259ti Kann Festival\u0131na burax\u0131lmayacaq","datePublished":"2022-03-02T10:24:14+00:00","dateModified":"2022-03-02T10:24:16+00:00","mainEntityOfPage":{"@id":"https:\/\/www.meydan.tv\/az\/article\/rusiya-numayende-heyeti-kann-festivalina-buraxilmayacaq\/"},"wordCount":278,"publisher":{"@id":"https:\/\/www.meydan.tv\/az\/#organization"},"image":{"@id":"https:\/\/www.meydan.tv\/az\/article\/rusiya-numayende-heyeti-kann-festivalina-buraxilmayacaq\/#primaryimage"},"thumbnailUrl":"https:\/\/www.meydan.tv\/wp-content\/uploads\/shutterstock_1146806087-e1646216299912.jpg","articleSection":["M\u0259d\u0259niyy\u0259t","X\u0259b\u0259rl\u0259r"],"inLanguage":"az"},{"@type":"WebPage","@id":"https:\/\/www.meydan.tv\/az\/article\/rusiya-numayende-heyeti-kann-festivalina-buraxilmayacaq\/","url":"https:\/\/www.meydan.tv\/az\/article\/rusiya-numayende-heyeti-kann-festivalina-buraxilmayacaq\/","name":"Rusiya n\u00fcmay\u0259nd\u0259 hey\u0259ti Kann Festival\u0131na burax\u0131lmayacaq - MEYDAN.TV","isPartOf":{"@id":"https:\/\/www.meydan.tv\/az\/#website"},"primaryImageOfPage":{"@id":"https:\/\/www.meydan.tv\/az\/article\/rusiya-numayende-heyeti-kann-festivalina-buraxilmayacaq\/#primaryimage"},"image":{"@id":"https:\/\/www.meydan.tv\/az\/article\/rusiya-numayende-heyeti-kann-festivalina-buraxilmayacaq\/#primaryimage"},"thumbnailUrl":"https:\/\/www.meydan.tv\/wp-content\/uploads\/shutterstock_1146806087-e1646216299912.jpg","datePublished":"2022-03-02T10:24:14+00:00","dateModified":"2022-03-02T10:24:16+00:00","breadcrumb":{"@id":"https:\/\/www.meydan.tv\/az\/article\/rusiya-numayende-heyeti-kann-festivalina-buraxilmayacaq\/#breadcrumb"},"inLanguage":"az","potentialAction":[{"@type":"ReadAction","target":["https:\/\/www.meydan.tv\/az\/article\/rusiya-numayende-heyeti-kann-festivalina-buraxilmayacaq\/"]}]},{"@type":"ImageObject","inLanguage":"az","@id":"https:\/\/www.meydan.tv\/az\/article\/rusiya-numayende-heyeti-kann-festivalina-buraxilmayacaq\/#primaryimage","url":"https:\/\/www.meydan.tv\/wp-content\/uploads\/shutterstock_1146806087-e1646216299912.jpg","contentUrl":"https:\/\/www.meydan.tv\/wp-content\/uploads\/shutterstock_1146806087-e1646216299912.jpg","width":1200,"height":681,"caption":"Beyn\u0259lxalq Kann Film Festival\u0131. Foto: Iurii Dzivinskyi\/shutterstock"},{"@type":"BreadcrumbList","@id":"https:\/\/www.meydan.tv\/az\/article\/rusiya-numayende-heyeti-kann-festivalina-buraxilmayacaq\/#breadcrumb","itemListElement":[{"@type":"ListItem","position":1,"name":"Ana s\u0259hif\u0259","item":"https:\/\/www.meydan.tv\/az\/"},{"@type":"ListItem","position":2,"name":"M\u0259d\u0259niyy\u0259t","item":"https:\/\/www.meydan.tv\/az\/section\/medeniyyet\/"},{"@type":"ListItem","position":3,"name":"Rusiya n\u00fcmay\u0259nd\u0259 hey\u0259ti Kann Festival\u0131na burax\u0131lmayacaq"}]},{"@type":"WebSite","@id":"https:\/\/www.meydan.tv\/az\/#website","url":"https:\/\/www.meydan.tv\/az\/","name":"MEYDAN.TV","description":"Meydan TV Az\u0259rbaycan\u0131n media m\u0259kan\u0131ndak\u0131 alternativ s\u0259sidir","publisher":{"@id":"https:\/\/www.meydan.tv\/az\/#organization"},"potentialAction":[{"@type":"SearchAction","target":{"@type":"EntryPoint","urlTemplate":"https:\/\/www.meydan.tv\/az\/?s={search_term_string}"},"query-input":{"@type":"PropertyValueSpecification","valueRequired":true,"valueName":"search_term_string"}}],"inLanguage":"az"},{"@type":"Organization","@id":"https:\/\/www.meydan.tv\/az\/#organization","name":"Meydan TV","url":"https:\/\/www.meydan.tv\/az\/","logo":{"@type":"ImageObject","inLanguage":"az","@id":"https:\/\/www.meydan.tv\/az\/#\/schema\/logo\/image\/","url":"https:\/\/www.meydan.tv\/wp-content\/uploads\/2021\/07\/meydan-logo.svg","contentUrl":"https:\/\/www.meydan.tv\/wp-content\/uploads\/2021\/07\/meydan-logo.svg","width":195,"height":46,"caption":"Meydan TV"},"image":{"@id":"https:\/\/www.meydan.tv\/az\/#\/schema\/logo\/image\/"}},{"@type":"Person","@id":"https:\/\/www.meydan.tv\/az\/#\/schema\/person\/9cdbecf90d17180ce1dfbd95b08dcf47","name":"elli","sameAs":["https:\/\/x.com\/elli"]}]}},"_links":{"self":[{"href":"https:\/\/www.meydan.tv\/az\/wp-json\/wp\/v2\/posts\/236715","targetHints":{"allow":["GET"]}}],"collection":[{"href":"https:\/\/www.meydan.tv\/az\/wp-json\/wp\/v2\/posts"}],"about":[{"href":"https:\/\/www.meydan.tv\/az\/wp-json\/wp\/v2\/types\/post"}],"author":[{"embeddable":true,"href":"https:\/\/www.meydan.tv\/az\/wp-json\/wp\/v2\/users\/8"}],"replies":[{"embeddable":true,"href":"https:\/\/www.meydan.tv\/az\/wp-json\/wp\/v2\/comments?post=236715"}],"version-history":[{"count":1,"href":"https:\/\/www.meydan.tv\/az\/wp-json\/wp\/v2\/posts\/236715\/revisions"}],"predecessor-version":[{"id":236723,"href":"https:\/\/www.meydan.tv\/az\/wp-json\/wp\/v2\/posts\/236715\/revisions\/236723"}],"wp:featuredmedia":[{"embeddable":true,"href":"https:\/\/www.meydan.tv\/az\/wp-json\/wp\/v2\/media\/236719"}],"wp:attachment":[{"href":"https:\/\/www.meydan.tv\/az\/wp-json\/wp\/v2\/media?parent=236715"}],"wp:term":[{"taxonomy":"category","embeddable":true,"href":"https:\/\/www.meydan.tv\/az\/wp-json\/wp\/v2\/categories?post=236715"},{"taxonomy":"post_tag","embeddable":true,"href":"https:\/\/www.meydan.tv\/az\/wp-json\/wp\/v2\/tags?post=236715"}],"curies":[{"name":"wp","href":"https:\/\/api.w.org\/{rel}","templated":true}]}}