{"id":236694,"date":"2022-03-02T12:44:43","date_gmt":"2022-03-02T08:44:43","guid":{"rendered":"https:\/\/www.meydan.tv\/?p=236694"},"modified":"2022-03-02T23:44:28","modified_gmt":"2022-03-02T19:44:28","slug":"rusiya-ukrayna-muharibesi-yenilenir","status":"publish","type":"post","link":"https:\/\/www.meydan.tv\/az\/article\/rusiya-ukrayna-muharibesi-yenilenir\/","title":{"rendered":"Rusiya-Ukrayna m\u00fcharib\u0259si (yenil\u0259nir)"},"content":{"rendered":"\n<p><strong>23.41<\/strong><\/p>\n\n\n\n<p><strong>Rusiya \u0130sve\u00e7in hava m\u0259kan\u0131n\u0131 pozub<\/strong><\/p>\n\n\n\n<p><em>Rusiyan\u0131n 4 d\u00f6y\u00fc\u015f t\u0259yyar\u0259sinin (SU-27 v\u0259 SU-24) \u0130sve\u00e7in hava m\u0259kan\u0131n\u0131 pozdu\u011fu deyilir. Bu bar\u0259d\u0259 \u0130sve\u00e7 M\u00fcdafi\u0259 Nazirliyi m\u0259lumat <a href=\"https:\/\/www.tv4.se\/artikel\/j22ZofTx0VJ9cO1cIfw6p\/kraenkning-av-svenskt-luftrum\" target=\"_blank\" rel=\"noreferrer noopener\">yay\u0131b<\/a>.<\/em><\/p>\n\n\n\n<p><em>Bildirilib ki, nazirlik m\u00f6vcud v\u0259ziyy\u0259ti n\u0259z\u0259r\u0259 alaraq, hadis\u0259y\u0259 \u00e7ox ciddi yana\u015f\u0131r:<br>&#8220;Bu, Rusiyan\u0131n qeyri-pe\u015f\u0259kar v\u0259 m\u0259suliyy\u0259tsiz h\u0259r\u0259k\u0259tidir\u201d.<\/em><\/p>\n\n\n\n<p><strong>23.36.<\/strong><\/p>\n\n\n\n<p><strong>Pakistan Rusiya il\u0259 ticar\u0259t m\u00fcqavil\u0259si imzalay\u0131<\/strong>b<br><\/p>\n\n\n\n<p><em>Xan qaz idxal\u0131na raz\u0131la\u015f\u0131b<\/em><\/p>\n\n\n\n<p><em>Pakistan\u0131n Ba\u015f naziri \u0130mran Xan Ukraynaya h\u0259rbi m\u00fcdaxil\u0259sin\u0259 il\u0259 ba\u011fl\u0131 etirazlara baxmayaraq, Rusiyadan t\u0259bii qaz idxal\u0131na dair raz\u0131la\u015fma \u0259ld\u0259 etdikl\u0259rini <a href=\"https:\/\/www.independent.co.uk\/news\/world\/imran-khan-russia-outcry-war-b2026543.html\" target=\"_blank\" rel=\"noreferrer noopener\">bildirib<\/a>.<\/em><\/p>\n\n\n\n<div class=\"wp-block-image\"><figure class=\"alignright size-full is-resized\"><img decoding=\"async\" data-src=\"https:\/\/www.meydan.tv\/wp-content\/uploads\/imran-khan.jpeg\" alt=\"\" class=\"wp-image-236845 lazyload\" width=\"405\" height=\"225\" src=\"data:image\/svg+xml;base64,PHN2ZyB3aWR0aD0iMSIgaGVpZ2h0PSIxIiB4bWxucz0iaHR0cDovL3d3dy53My5vcmcvMjAwMC9zdmciPjwvc3ZnPg==\" style=\"--smush-placeholder-width: 405px; --smush-placeholder-aspect-ratio: 405\/225;\" \/><figcaption>\u0130mran Xan. Foto: https:\/\/indianexpress.com\/<\/figcaption><\/figure><\/div>\n\n\n\n<p><em>\u00d6lk\u0259l\u0259r sanksiyalar t\u0259tbiq ed\u0259rk\u0259n v\u0259 Vladimir Putini t\u0259crid etm\u0259y\u0259 \u00e7al\u0131\u015fark\u0259n, Xan h\u00fccumdan sonra Rusiya il\u0259 yeni ticar\u0259t m\u00fcqavil\u0259si imzalayan ilk lider olub.<\/em><\/p>\n\n\n\n<p><\/p>\n\n\n\n<p><\/p>\n\n\n\n<p><\/p>\n\n\n\n<hr class=\"wp-block-separator\"\/>\n\n\n\n<p><\/p>\n\n\n\n<p><strong>18.00.<\/strong><\/p>\n\n\n\n<p><strong>&#8220;Mariupol \u015f\u0259h\u0259ri su k\u0259sintisi il\u0259 \u00fcz-\u00fcz\u0259dir&#8221;<\/strong><\/p>\n\n\n\n<p><em>Ukraynan\u0131n Mariupol liman \u015f\u0259h\u0259ri Rusiya q\u00fcvv\u0259l\u0259rinin fasil\u0259siz h\u00fccumundan m\u00fcdafi\u0259 olundu\u011fu \u00fc\u00e7\u00fcn k\u00fctl\u0259vi itkil\u0259r v\u0259 su k\u0259sintisi il\u0259 \u00fcz-\u00fcz\u0259dir.<\/em><\/p>\n\n\n\n<p><em>\u015e\u0259h\u0259rin meri Vadim Boy\u00e7enko Ukrayna televiziyas\u0131n\u0131n canl\u0131 yay\u0131m\u0131nda bel\u0259 deyib.<\/em><\/p>\n\n\n\n<p><em>Bildirib ki, Rusiya Federasiyas\u0131n\u0131n h\u0259rbi q\u00fcvv\u0259l\u0259ri yar\u0131m milyonluq dinc \u0259halinin \u015f\u0259h\u0259rd\u0259n \u00e7\u0131x\u0131\u015f\u0131n\u0131 \u0259ng\u0259ll\u0259m\u0259k \u00fc\u00e7\u00fcn h\u0259r \u015feyi edir: &#8220;Rusiya q\u00fcvv\u0259l\u0259ri art\u0131q 12 saatd\u0131r ki, bizi dayanmadan at\u0259\u015f\u0259 tutur. \u015e\u0259h\u0259ri d\u00fcmd\u00fcz edirl\u0259r&#8221;.<\/em><\/p>\n\n\n\n<p><em>Vadim Boy\u00e7enko \u0259lav\u0259 edib ki, at\u0131\u015fma dayanmad\u0131\u011f\u0131 \u00fc\u00e7\u00fcn bu g\u00fcn k\u00fc\u00e7\u0259l\u0259rd\u0259n, evl\u0259rd\u0259n yaral\u0131lar\u0131 \u00e7\u0131xara bilm\u0259yibl\u0259r.<\/em><\/p>\n\n\n\n<hr class=\"wp-block-separator\"\/>\n\n\n\n<p><strong>17.48.<\/strong><\/p>\n\n\n\n<p><strong>Kusturitsa ona veril\u0259n kino m\u00fckafat\u0131n\u0131n geri al\u0131nmas\u0131n\u0131 \u015f\u0259rh <a href=\"https:\/\/www.meydan.tv\/az\/article\/kusturitsa-mukafati-praqa-otellerinin-birinde-unutmusam\/\" target=\"_blank\" rel=\"noreferrer noopener\">edib<\/a><\/strong><\/p>\n\n\n\n<p><em>Serbiyal\u0131 kinorejissor Emir Kusturitsa Praqa Beyn\u0259lxalq Film Festival\u0131n\u0131n Rusiya il\u0259 \u0259m\u0259kda\u015fl\u0131\u011f\u0131na g\u00f6r\u0259 onu m\u00fckafatdan m\u0259hrum etm\u0259sin\u0259 m\u00fcnasib\u0259t bildirib.<br><\/em><\/p>\n\n\n\n<p>K<em>usturitsa m\u00fckafat\u0131 Praqa otell\u0259rinin birind\u0259 unutdu\u011funu deyib.<br><\/em><\/p>\n\n\n\n<div class=\"wp-block-image\"><figure class=\"alignleft size-full is-resized\"><img decoding=\"async\" data-src=\"https:\/\/www.meydan.tv\/wp-content\/uploads\/shutterstock_1595375-e1646132787590.jpg\" alt=\"\" class=\"wp-image-236565 lazyload\" width=\"383\" height=\"209\" src=\"data:image\/svg+xml;base64,PHN2ZyB3aWR0aD0iMSIgaGVpZ2h0PSIxIiB4bWxucz0iaHR0cDovL3d3dy53My5vcmcvMjAwMC9zdmciPjwvc3ZnPg==\" style=\"--smush-placeholder-width: 383px; --smush-placeholder-aspect-ratio: 383\/209;\" \/><figcaption>Emir Kusturitsa. Foto: vilena krasnitska\/shutterstock<\/figcaption><\/figure><\/div>\n\n\n\n<p><em>\u201cM\u00fckafat\u0131 qaytarmaq ist\u0259yirl\u0259rs\u0259, Praqa otell\u0259ri aras\u0131nda m\u00fcsabiq\u0259 elan etsinl\u0259r\u201d, &#8211; rejissor bildirib.<br><\/em><\/p>\n\n\n\n<p><em>Emir Kusturitsaya 2017-ci ild\u0259 veril\u0259n \u201cKristian\u201d m\u00fckafat\u0131n\u0131n geri al\u0131nma\u011f\u0131n\u0131n s\u0259b\u0259bi s\u0259n\u0259t\u00e7inin 2022-ci il fevral\u0131n 21-d\u0259 Rusiya Ordusunun M\u0259rk\u0259zi Akademik Teatr\u0131n\u0131n ba\u015f rejissoru v\u0259zif\u0259sind\u0259 \u00e7al\u0131\u015fma\u011fa raz\u0131l\u0131q verm\u0259sidir.<\/em><\/p>\n\n\n\n<p><\/p>\n\n\n\n<hr class=\"wp-block-separator\"\/>\n\n\n\n<p><\/p>\n\n\n\n<p><strong>17.19.<\/strong><\/p>\n\n\n\n<p><strong>Hava \u015firk\u0259ti ukraynal\u0131 qa\u00e7q\u0131nlara 100 min pulsuz bilet t\u0259klif edib<\/strong><br><\/p>\n\n\n\n<p><em>Macar\u0131stan\u0131n a\u015fa\u011f\u0131 b\u00fcdc\u0259li hava \u015firk\u0259ti olan \u201cWizz Air\u201d ukraynal\u0131 qa\u00e7q\u0131nlara q\u0131sam\u00fcdd\u0259tli u\u00e7u\u015flar \u00fc\u00e7\u00fcn 100 000 pulsuz bilet t\u0259klif etdiyini <a href=\"https:\/\/www.meydan.tv\/az\/article\/macaristanin-hava-sirketi-ukraynali-qacqinlara-100-min-pulsuz-bilet-teklif-edib\/\" target=\"_blank\" rel=\"noreferrer noopener\">a\u00e7\u0131qlay\u0131b<\/a>.<br><\/em><\/p>\n\n\n\n<div class=\"wp-block-image\"><figure class=\"alignright size-full is-resized\"><img decoding=\"async\" data-src=\"https:\/\/www.meydan.tv\/wp-content\/uploads\/shutterstock_791935729.jpg\" alt=\"\" class=\"wp-image-236796 lazyload\" width=\"368\" height=\"246\" src=\"data:image\/svg+xml;base64,PHN2ZyB3aWR0aD0iMSIgaGVpZ2h0PSIxIiB4bWxucz0iaHR0cDovL3d3dy53My5vcmcvMjAwMC9zdmciPjwvc3ZnPg==\" style=\"--smush-placeholder-width: 368px; --smush-placeholder-aspect-ratio: 368\/246;\" \/><figcaption>\u201cWizz Air\u201d. Foto: Vytautas Kielaitis\/shutterstock<\/figcaption><\/figure><\/div>\n\n\n\n<p><em>\u015eirk\u0259t bu bar\u0259d\u0259 elan\u0131 \u201cTwitter\u201c hesab\u0131nda <a href=\"https:\/\/twitter.com\/wizzair\/status\/1498763282198503426?s=21\" target=\"_blank\" rel=\"noreferrer noopener\">yay\u0131b<\/a>.<br><\/em><\/p>\n\n\n\n<p><em>Bildirilib ki, ukraynal\u0131 qa\u00e7q\u0131nlar\u0131n harada olmaqlar\u0131ndan as\u0131l\u0131 olmayaraq, t\u0259yinat yerl\u0259rin\u0259 \u00e7atma\u011fa k\u00f6m\u0259k etm\u0259y\u0259 haz\u0131rd\u0131rlar.<\/em><\/p>\n\n\n\n<hr class=\"wp-block-separator\"\/>\n\n\n\n<p><strong>15.33.<\/strong><\/p>\n\n\n\n<p><strong>Rusiya-Ukrayna m\u00fcharib\u0259sind\u0259 \u201cinformasiya c\u0259bh\u0259si\u201d<\/strong><\/p>\n\n\n\n<p><em>\u201cGoogle Europe\u201d Kreml\u0259 yax\u0131n media orqanlar\u0131 olan RT v\u0259 \u201cSputnik\u201din \u201cYouTube\u201d kanallar\u0131n\u0131 bloklad\u0131\u011f\u0131n\u0131 <a href=\"https:\/\/www.meydan.tv\/az\/article\/rusiya-ukrayna-muharibesinde-informasiya-cebhesi\/\" target=\"_blank\" rel=\"noreferrer noopener\">a\u00e7\u0131qlay\u0131b<\/a>.<\/em><\/p>\n\n\n\n<hr class=\"wp-block-separator\"\/>\n\n\n\n<p><strong>15.07.<\/strong><\/p>\n\n\n\n<p><strong>Avropa \u0130ttifaq\u0131 Belarusa qar\u015f\u0131 yeni sanksiyalar t\u0259tbiq edib<\/strong><\/p>\n\n\n\n<p><em>Avropa \u0130ttifaq\u0131 diplomatlar\u0131 Rusiyan\u0131n Ukraynaya h\u0259rbi m\u00fcdaxil\u0259sind\u0259 d\u0259st\u0259k verdiyin\u0259 g\u00f6r\u0259 Belarusa qar\u015f\u0131 yeni sanksiyalar\u0131 t\u0259sdiql\u0259yib.<\/em><\/p>\n\n\n\n<p><em>Sanksiyalar \u0259sas\u0259n, \u201cb\u0259zi iqtisadi sektorlara, x\u00fcsusil\u0259 d\u0259 a\u011fac, polad v\u0259 kalium sah\u0259l\u0259rin\u0259\u201d t\u0259sir ed\u0259c\u0259k.<\/em><\/p>\n\n\n\n<div class=\"wp-block-image\"><figure class=\"alignleft size-full is-resized\"><img decoding=\"async\" data-src=\"https:\/\/www.meydan.tv\/wp-content\/uploads\/shutterstock_1122719429-e1643960172145.jpg\" alt=\"\" class=\"wp-image-233753 lazyload\" width=\"350\" height=\"202\" src=\"data:image\/svg+xml;base64,PHN2ZyB3aWR0aD0iMSIgaGVpZ2h0PSIxIiB4bWxucz0iaHR0cDovL3d3dy53My5vcmcvMjAwMC9zdmciPjwvc3ZnPg==\" style=\"--smush-placeholder-width: 350px; --smush-placeholder-aspect-ratio: 350\/202;\" \/><figcaption>Avropa \u0130ttifaq\u0131, Foto: Alexandros Michailidis\/shutterstock<\/figcaption><\/figure><\/div>\n\n\n\n<p><em>Avropa \u0130ttifaq\u0131 r\u0259smisi bu h\u0259ft\u0259 bildirib ki, sanksiyalardan biri d\u0259 Belarus mallar\u0131n\u0131n Avropa \u0130ttifaq\u0131 \u00f6lk\u0259l\u0259rin\u0259 ixrac\u0131n\u0131 dayand\u0131rmaqd\u0131r.<\/em><\/p>\n\n\n\n<hr class=\"wp-block-separator\"\/>\n\n\n\n<p><strong>14.28.<\/strong><\/p>\n\n\n\n<p><strong>Rusiya n\u00fcmay\u0259nd\u0259 hey\u0259ti Kann Kino Festival\u0131na burax\u0131lmayacaq<\/strong><br><\/p>\n\n\n\n<p>Q\u0259rar\u0131 festival\u0131n t\u0259\u015fkilat komit\u0259si q\u0259bul <a href=\"https:\/\/d9mc3ts4czbpr.cloudfront.net\/az\/article\/rusiya-numayende-heyeti-kann-festivalina-buraxilmayacaq\/\" target=\"_blank\" rel=\"noreferrer noopener\">edib<\/a>.<br><br>\u201cFestival\u0131n t\u0259\u015fkilat komit\u0259si q\u0259rara g\u0259lib ki, Ukrayna xalq\u0131n\u0131n maraqlar\u0131n\u0131 t\u0259min ed\u0259c\u0259k \u015f\u0259rtl\u0259rl\u0259 h\u00fccum dayand\u0131r\u0131lana q\u0259d\u0259r Rusiya h\u00f6kum\u0259ti il\u0259 \u0259laq\u0259li r\u0259smi n\u00fcmay\u0259nd\u0259 hey\u0259t v\u0259 ya n\u00fcmay\u0259nd\u0259l\u0259ri q\u0259bul olunmayacaq\u201d, &#8211; festival\u0131n m\u0259tbuat xidm\u0259tinin yayd\u0131\u011f\u0131 m\u0259lumatda deyilir.<\/p>\n\n\n\n<hr class=\"wp-block-separator\"\/>\n\n\n\n<p><strong>14.21.<\/strong> <\/p>\n\n\n\n<p><strong>Navaln\u0131 ruslar\u0131 g\u00fcnd\u0259lik etiraz aksiyalar\u0131na \u00e7a\u011f\u0131r\u0131b<\/strong><\/p>\n\n\n\n<p><em>H\u0259bsd\u0259 olan Kreml t\u0259nqid\u00e7isi Aleksey Navaln\u0131 ruslar\u0131 Moskvan\u0131n Ukraynadak\u0131 h\u0259rbi kampaniyas\u0131na qar\u015f\u0131 g\u00fcnd\u0259lik etiraz aksiyalar\u0131 ke\u00e7irm\u0259y\u0259 <a href=\"https:\/\/www.meydan.tv\/az\/article\/navalni-ruslari-gundelik-etiraz-aksiyalarina-cagirib\/\" target=\"_blank\" rel=\"noreferrer noopener\">\u00e7a\u011f\u0131r\u0131b<\/a>.<br><\/em><\/p>\n\n\n\n<div class=\"wp-block-image\"><figure class=\"alignright size-full is-resized\"><img decoding=\"async\" data-src=\"https:\/\/www.meydan.tv\/wp-content\/uploads\/shutterstock_1814655026.jpg\" alt=\"\" class=\"wp-image-236727 lazyload\" width=\"349\" height=\"233\" src=\"data:image\/svg+xml;base64,PHN2ZyB3aWR0aD0iMSIgaGVpZ2h0PSIxIiB4bWxucz0iaHR0cDovL3d3dy53My5vcmcvMjAwMC9zdmciPjwvc3ZnPg==\" style=\"--smush-placeholder-width: 349px; --smush-placeholder-aspect-ratio: 349\/233;\" \/><figcaption>Aleksey Navaln\u0131. Foto: Dmitry Laudin\/shutterstock<\/figcaption><\/figure><\/div>\n\n\n\n<p><em>\u201cAleksey Navaln\u0131 insanlar\u0131 h\u0259r g\u00fcn saat 19:00-da, istirah\u0259t g\u00fcnl\u0259ri is\u0259 saat 14:00-da k\u00fc\u00e7\u0259l\u0259r\u0259 \u00e7\u0131x\u0131b m\u00fcharib\u0259y\u0259 etiraz etm\u0259y\u0259 s\u0259sl\u0259yir. Harada olma\u011f\u0131n\u0131zdan as\u0131l\u0131 olmayaraq, \u015f\u0259h\u0259rin \u0259sas meydan\u0131na \u00e7\u0131x\u0131n v\u0259 etiraz edin\u201d, \u2013 Aleksey Navaln\u0131n\u0131n s\u00f6z\u00e7\u00fcs\u00fc Kira Yarm\u0131\u015f bel\u0259 deyir<\/em>.<\/p>\n\n\n\n<hr class=\"wp-block-separator\"\/>\n\n\n\n<p><strong>14.12.<\/strong><\/p>\n\n\n\n<p><strong>Neftin qiym\u0259ti art\u0131r: \u201cS\u0259b\u0259b Rusiyan\u0131n SWIFT-d\u0259n \u00e7\u0131xar\u0131lmas\u0131d\u0131r\u201d<\/strong><\/p>\n\n\n\n<p><em>Mart\u0131n 2-d\u0259 d\u00fcnya bazar\u0131nda neftin qiym\u0259tl\u0259ri 110 dollara <a href=\"https:\/\/www.meydan.tv\/az\/article\/neftin-qiymeti-artir-sebeb-rusiyanin-swift-den-cixarilmasidir\/\" target=\"_blank\" rel=\"noreferrer noopener\">yax\u0131nla\u015f\u0131b<\/a>.<\/em><br><\/p>\n\n\n\n<p><em>Brent markal\u0131 neftin qiym\u0259ti 5,8 faiz bahala\u015faraq 111.25 dollar\/barel s\u0259viyy\u0259sin\u0259 \u00e7at\u0131b.<\/em><br><\/p>\n\n\n\n<div class=\"wp-block-image\"><figure class=\"alignleft size-full is-resized\"><img decoding=\"async\" data-src=\"https:\/\/www.meydan.tv\/wp-content\/uploads\/shutterstock_2130289187.jpg\" alt=\"\" class=\"wp-image-236703 lazyload\" width=\"409\" height=\"167\" src=\"data:image\/svg+xml;base64,PHN2ZyB3aWR0aD0iMSIgaGVpZ2h0PSIxIiB4bWxucz0iaHR0cDovL3d3dy53My5vcmcvMjAwMC9zdmciPjwvc3ZnPg==\" style=\"--smush-placeholder-width: 409px; --smush-placeholder-aspect-ratio: 409\/167;\" \/><figcaption>Rusiya-SWIFT. Foto: Kim Kuperkova\/shutterstock<\/figcaption><\/figure><\/div>\n\n\n\n<p><em>Honq-Konqdak\u0131 UBP-nin Asiya \u00fczr\u0259 ba\u015f iqtisad\u00e7\u0131s\u0131 Carlos Casanova bildirib ki, neft qiym\u0259tl\u0259ri h\u0259l\u0259 bir m\u00fcdd\u0259t d\u0259 artan templ\u0259 davam ed\u0259 bil\u0259r:<\/em><br><\/p>\n\n\n\n<p><em>\u201cBunun \u00e7oxu siyasi amill\u0259rd\u0259n qaynaqlan\u0131r. Haz\u0131rda Rusiya il\u0259 ba\u011fl\u0131 v\u0259ziyy\u0259tin neftin qiym\u0259tinin bahala\u015fmas\u0131nda rolu var\u201d.<\/em><\/p>\n\n\n\n<hr class=\"wp-block-separator\"\/>\n\n\n\n<p><strong>13.59.<\/strong><\/p>\n\n\n\n<p><strong>Anton Qera\u015fenko: &#8220;Avropa \u201cn\u00fcv\u0259 f\u0259lak\u0259ti\u201dnin bir add\u0131ml\u0131\u011f\u0131ndad\u0131r&#8221;<\/strong><br><\/p>\n\n\n\n<p><em>&#8220;N\u00f6vb\u0259ti &#8220;\u00c7ernob\u0131l f\u0259lak\u0259ti&#8221; t\u0259krarlana bil\u0259r&#8221;<\/em><br><\/p>\n\n\n\n<p><em>\u201cPutinin \u00e7\u0131l\u011f\u0131nl\u0131\u011f\u0131na g\u00f6r\u0259 Avropa yenid\u0259n \u201cn\u00fcv\u0259 f\u0259lak\u0259ti\u201dnin bir add\u0131ml\u0131\u011f\u0131ndad\u0131r\u201d.<\/em><br><\/p>\n\n\n\n<p><em>Ukraynan\u0131n daxili i\u015fl\u0259r nazirinin m\u00fcavini Anton Qera\u015fenko bel\u0259 deyir.<\/em><br><\/p>\n\n\n\n<p><em>O bildirib ki, Ukraynan\u0131n energetika paytaxt\u0131 Enerqodar Rusiya ordusunun h\u00fccumuna <a href=\"https:\/\/www.facebook.com\/anton.gerashchenko.7\/posts\/4880014985418643\" target=\"_blank\" rel=\"noreferrer noopener\">haz\u0131rla\u015f\u0131r<\/a>.<\/em><br><\/p>\n\n\n\n<div class=\"wp-block-image\"><figure class=\"alignright size-full is-resized\"><img decoding=\"async\" data-src=\"https:\/\/www.meydan.tv\/wp-content\/uploads\/anton-gerashenko-mvs.png\" alt=\"\" class=\"wp-image-236546 lazyload\" width=\"401\" height=\"267\" src=\"data:image\/svg+xml;base64,PHN2ZyB3aWR0aD0iMSIgaGVpZ2h0PSIxIiB4bWxucz0iaHR0cDovL3d3dy53My5vcmcvMjAwMC9zdmciPjwvc3ZnPg==\" style=\"--smush-placeholder-width: 401px; --smush-placeholder-aspect-ratio: 401\/267;\" \/><figcaption>Anton Qera\u015fenko. Foto: https:\/\/www.promoteukraine.org\/<\/figcaption><\/figure><\/div>\n\n\n\n<p><em>Nazir m\u00fcavini \u0259lav\u0259 edib ki, Avropan\u0131n \u0259n b\u00f6y\u00fck Atom Elektrik Stansiyas\u0131n\u0131n (AES) yerl\u0259\u015fdiyi \u015f\u0259h\u0259r t\u0259slim olmayacaq, d\u00f6y\u00fc\u015f\u0259c\u0259k: \u201cHaz\u0131rda Atom Elektrik Stansiyas\u0131n\u0131 Ukrayna Milli Qvardiyas\u0131n\u0131n \u0259sg\u0259rl\u0259ri qoruyur. Onlar t\u0259slim olmayacaqlar, d\u00f6y\u00fc\u015f olacaq. M\u0259rmil\u0259r AES-in yax\u0131nl\u0131\u011f\u0131na d\u00fc\u015f\u0259 bil\u0259r\u201d.<br>Anton Qera\u015fenko bildirib ki, d\u00fczd\u00fcr, m\u0259rmil\u0259r reaktorun beton qab\u0131\u011f\u0131n\u0131 yar\u0131b ke\u00e7\u0259 bilm\u0259z, lakin AES-in t\u0259hl\u00fck\u0259sizliyi \u00fc\u00e7\u00fcn z\u0259ruri olan transformatorlar\u0131, turbinl\u0259ri v\u0259 dig\u0259r avadanl\u0131qlar\u0131 z\u0259d\u0259l\u0259m\u0259si m\u00fcmk\u00fcnd\u00fcr: \u201cBu da q\u0259za ba\u015f verm\u0259k ehtimal\u0131 yarad\u0131r. N\u0259tic\u0259d\u0259, \u00c7ernob\u0131l Atom Elektrik Stansiyas\u0131 v\u0259 ya Fukusima AES-d\u0259 ba\u015f ver\u0259n f\u0259lak\u0259t t\u0259krarlana bil\u0259r\u201d.<\/em><br><\/p>\n\n\n\n<p><em>Nazir m\u00fcavini Rusiyan\u0131n generallar\u0131na s\u0259sl\u0259nib, bu \u015f\u0259h\u0259r\u0259 h\u00fccum etm\u0259k fikirl\u0259rini d\u0259yi\u015fm\u0259l\u0259rini s\u00f6yl\u0259yib: \u201cYeni \u00c7ernob\u0131l \u00fc\u00e7\u00fcn \u015f\u0259rait yaratmay\u0131n. Radiasiya mill\u0259t tan\u0131maz, ham\u0131ya t\u0259sirl\u0259ri olacaq. \u018fn yax\u015f\u0131s\u0131, Enerqodar v\u0259 Zaporojye AES t\u0259r\u0259fd\u0259n yan ke\u00e7in\u201d.<\/em><\/p>\n\n\n\n<hr class=\"wp-block-separator\"\/>\n\n\n\n<p><strong>Co Biden: \u201c\u0130ndi is\u0259 rus oliqarxlar\u0131n arxas\u0131nca getm\u0259k vaxt\u0131d\u0131r\u201d<\/strong><\/p>\n\n\n\n<p>Mart\u0131n 1-i gec\u0259 saatlar\u0131nda AB\u015e Prezidenti Co Biden elan etdi ki, AB\u015e Rusiya t\u0259yyar\u0259l\u0259rin\u0259 hava m\u0259kan\u0131n\u0131 <a href=\"https:\/\/www.meydan.tv\/az\/article\/abs-rusiyanin-uzune-hava-mekanini-qapatdi\/\" target=\"_blank\" rel=\"noreferrer noopener\">ba\u011flay\u0131r<\/a>. O, h\u0259m\u00e7inin Rusiyan\u0131n Ukraynaya m\u00fcdaxil\u0259sin\u0259 cavab olaraq rus oliqarxlar\u0131n\u0131n arxas\u0131nca ged\u0259c\u0259yin\u0259 d\u0259 s\u00f6z verib.<br><\/p>\n\n\n\n<p>\u201cBu add\u0131mlar Vladimir Putini daha da t\u0259crid ed\u0259c\u0259k. Haz\u0131rda rubl 30 faizd\u0259n \u00e7ox d\u0259y\u0259r itirib. Rusiya fond bazar\u0131 is\u0259 d\u0259y\u0259rinin 40 faizini itirib v\u0259 ticar\u0259t dayand\u0131r\u0131l\u0131b. Rusiya iqtisadiyyat\u0131 \u00e7\u00f6k\u00fcr v\u0259 g\u00fcnahkar t\u0259kc\u0259 Putindir\u201d.<\/p>\n","protected":false},"excerpt":{"rendered":"<p>23.41 Rusiya \u0130sve\u00e7in hava m\u0259kan\u0131n\u0131 pozub Rusiyan\u0131n 4 d\u00f6y\u00fc\u015f t\u0259yyar\u0259sinin &#8230; <\/p>\n<p class=\"read-more-container\"><a title=\"Rusiya-Ukrayna m\u00fcharib\u0259si (yenil\u0259nir)\" class=\"read-more button\" href=\"https:\/\/www.meydan.tv\/az\/article\/rusiya-ukrayna-muharibesi-yenilenir\/#more-236694\" aria-label=\"Read more about Rusiya-Ukrayna m\u00fcharib\u0259si (yenil\u0259nir)\">Davam\u0131<\/a><\/p>\n","protected":false},"author":8,"featured_media":236695,"comment_status":"closed","ping_status":"closed","sticky":false,"template":"","format":"standard","meta":{"_acf_changed":false,"_sitemap_exclude":false,"_sitemap_priority":"","_sitemap_frequency":"","footnotes":""},"categories":[59,79,56],"tags":[],"class_list":["post-236694","post","type-post","status-publish","format-standard","has-post-thumbnail","hentry","category-siyaset","category-featured","category-xeberler","infinite-scroll-item","generate-columns","tablet-grid-50","mobile-grid-100","grid-parent","grid-33","no-featured-image-padding"],"acf":[],"yoast_head":"<!-- This site is optimized with the Yoast SEO plugin v27.5 - https:\/\/yoast.com\/product\/yoast-seo-wordpress\/ -->\n<title>Rusiya-Ukrayna m\u00fcharib\u0259si (yenil\u0259nir) - MEYDAN.TV<\/title>\n<meta name=\"robots\" content=\"index, follow, max-snippet:-1, max-image-preview:large, max-video-preview:-1\" \/>\n<link rel=\"canonical\" href=\"https:\/\/www.meydan.tv\/az\/article\/rusiya-ukrayna-muharibesi-yenilenir\/\" \/>\n<meta property=\"og:locale\" content=\"az_AZ\" \/>\n<meta property=\"og:type\" content=\"article\" \/>\n<meta property=\"og:title\" content=\"Rusiya-Ukrayna m\u00fcharib\u0259si (yenil\u0259nir) - MEYDAN.TV\" \/>\n<meta property=\"og:description\" content=\"23.41 Rusiya \u0130sve\u00e7in hava m\u0259kan\u0131n\u0131 pozub Rusiyan\u0131n 4 d\u00f6y\u00fc\u015f t\u0259yyar\u0259sinin ... Davam\u0131\" \/>\n<meta property=\"og:url\" content=\"https:\/\/www.meydan.tv\/az\/article\/rusiya-ukrayna-muharibesi-yenilenir\/\" \/>\n<meta property=\"og:site_name\" content=\"MEYDAN.TV\" \/>\n<meta property=\"article:published_time\" content=\"2022-03-02T08:44:43+00:00\" \/>\n<meta property=\"article:modified_time\" content=\"2022-03-02T19:44:28+00:00\" \/>\n<meta property=\"og:image\" content=\"https:\/\/www.meydan.tv\/wp-content\/uploads\/download-2-1.jpg\" \/>\n\t<meta property=\"og:image:width\" content=\"779\" \/>\n\t<meta property=\"og:image:height\" content=\"520\" \/>\n\t<meta property=\"og:image:type\" content=\"image\/jpeg\" \/>\n<meta name=\"author\" content=\"elli\" \/>\n<meta name=\"twitter:card\" content=\"summary_large_image\" \/>\n<meta name=\"twitter:creator\" content=\"@elli\" \/>\n<script type=\"application\/ld+json\" class=\"yoast-schema-graph\">{\"@context\":\"https:\\\/\\\/schema.org\",\"@graph\":[{\"@type\":\"Article\",\"@id\":\"https:\\\/\\\/www.meydan.tv\\\/az\\\/article\\\/rusiya-ukrayna-muharibesi-yenilenir\\\/#article\",\"isPartOf\":{\"@id\":\"https:\\\/\\\/www.meydan.tv\\\/az\\\/article\\\/rusiya-ukrayna-muharibesi-yenilenir\\\/\"},\"author\":{\"name\":\"elli\",\"@id\":\"https:\\\/\\\/www.meydan.tv\\\/az\\\/#\\\/schema\\\/person\\\/9cdbecf90d17180ce1dfbd95b08dcf47\"},\"headline\":\"Rusiya-Ukrayna m\u00fcharib\u0259si (yenil\u0259nir)\",\"datePublished\":\"2022-03-02T08:44:43+00:00\",\"dateModified\":\"2022-03-02T19:44:28+00:00\",\"mainEntityOfPage\":{\"@id\":\"https:\\\/\\\/www.meydan.tv\\\/az\\\/article\\\/rusiya-ukrayna-muharibesi-yenilenir\\\/\"},\"wordCount\":1333,\"publisher\":{\"@id\":\"https:\\\/\\\/www.meydan.tv\\\/az\\\/#organization\"},\"image\":{\"@id\":\"https:\\\/\\\/www.meydan.tv\\\/az\\\/article\\\/rusiya-ukrayna-muharibesi-yenilenir\\\/#primaryimage\"},\"thumbnailUrl\":\"https:\\\/\\\/www.meydan.tv\\\/wp-content\\\/uploads\\\/download-2-1.jpg\",\"articleSection\":[\"Siyas\u0259t\",\"T\u00f6vsiy\u0259\",\"X\u0259b\u0259rl\u0259r\"],\"inLanguage\":\"az\"},{\"@type\":\"WebPage\",\"@id\":\"https:\\\/\\\/www.meydan.tv\\\/az\\\/article\\\/rusiya-ukrayna-muharibesi-yenilenir\\\/\",\"url\":\"https:\\\/\\\/www.meydan.tv\\\/az\\\/article\\\/rusiya-ukrayna-muharibesi-yenilenir\\\/\",\"name\":\"Rusiya-Ukrayna m\u00fcharib\u0259si (yenil\u0259nir) - MEYDAN.TV\",\"isPartOf\":{\"@id\":\"https:\\\/\\\/www.meydan.tv\\\/az\\\/#website\"},\"primaryImageOfPage\":{\"@id\":\"https:\\\/\\\/www.meydan.tv\\\/az\\\/article\\\/rusiya-ukrayna-muharibesi-yenilenir\\\/#primaryimage\"},\"image\":{\"@id\":\"https:\\\/\\\/www.meydan.tv\\\/az\\\/article\\\/rusiya-ukrayna-muharibesi-yenilenir\\\/#primaryimage\"},\"thumbnailUrl\":\"https:\\\/\\\/www.meydan.tv\\\/wp-content\\\/uploads\\\/download-2-1.jpg\",\"datePublished\":\"2022-03-02T08:44:43+00:00\",\"dateModified\":\"2022-03-02T19:44:28+00:00\",\"breadcrumb\":{\"@id\":\"https:\\\/\\\/www.meydan.tv\\\/az\\\/article\\\/rusiya-ukrayna-muharibesi-yenilenir\\\/#breadcrumb\"},\"inLanguage\":\"az\",\"potentialAction\":[{\"@type\":\"ReadAction\",\"target\":[\"https:\\\/\\\/www.meydan.tv\\\/az\\\/article\\\/rusiya-ukrayna-muharibesi-yenilenir\\\/\"]}]},{\"@type\":\"ImageObject\",\"inLanguage\":\"az\",\"@id\":\"https:\\\/\\\/www.meydan.tv\\\/az\\\/article\\\/rusiya-ukrayna-muharibesi-yenilenir\\\/#primaryimage\",\"url\":\"https:\\\/\\\/www.meydan.tv\\\/wp-content\\\/uploads\\\/download-2-1.jpg\",\"contentUrl\":\"https:\\\/\\\/www.meydan.tv\\\/wp-content\\\/uploads\\\/download-2-1.jpg\",\"width\":779,\"height\":520,\"caption\":\"Kiyev. Foto: Reuters\"},{\"@type\":\"BreadcrumbList\",\"@id\":\"https:\\\/\\\/www.meydan.tv\\\/az\\\/article\\\/rusiya-ukrayna-muharibesi-yenilenir\\\/#breadcrumb\",\"itemListElement\":[{\"@type\":\"ListItem\",\"position\":1,\"name\":\"Ana s\u0259hif\u0259\",\"item\":\"https:\\\/\\\/www.meydan.tv\\\/az\\\/\"},{\"@type\":\"ListItem\",\"position\":2,\"name\":\"Siyas\u0259t\",\"item\":\"https:\\\/\\\/www.meydan.tv\\\/az\\\/section\\\/siyaset\\\/\"},{\"@type\":\"ListItem\",\"position\":3,\"name\":\"Rusiya-Ukrayna m\u00fcharib\u0259si (yenil\u0259nir)\"}]},{\"@type\":\"WebSite\",\"@id\":\"https:\\\/\\\/www.meydan.tv\\\/az\\\/#website\",\"url\":\"https:\\\/\\\/www.meydan.tv\\\/az\\\/\",\"name\":\"MEYDAN.TV\",\"description\":\"Meydan TV Az\u0259rbaycan\u0131n media m\u0259kan\u0131ndak\u0131 alternativ s\u0259sidir\",\"publisher\":{\"@id\":\"https:\\\/\\\/www.meydan.tv\\\/az\\\/#organization\"},\"potentialAction\":[{\"@type\":\"SearchAction\",\"target\":{\"@type\":\"EntryPoint\",\"urlTemplate\":\"https:\\\/\\\/www.meydan.tv\\\/az\\\/?s={search_term_string}\"},\"query-input\":{\"@type\":\"PropertyValueSpecification\",\"valueRequired\":true,\"valueName\":\"search_term_string\"}}],\"inLanguage\":\"az\"},{\"@type\":\"Organization\",\"@id\":\"https:\\\/\\\/www.meydan.tv\\\/az\\\/#organization\",\"name\":\"Meydan TV\",\"url\":\"https:\\\/\\\/www.meydan.tv\\\/az\\\/\",\"logo\":{\"@type\":\"ImageObject\",\"inLanguage\":\"az\",\"@id\":\"https:\\\/\\\/www.meydan.tv\\\/az\\\/#\\\/schema\\\/logo\\\/image\\\/\",\"url\":\"https:\\\/\\\/www.meydan.tv\\\/wp-content\\\/uploads\\\/2021\\\/07\\\/meydan-logo.svg\",\"contentUrl\":\"https:\\\/\\\/www.meydan.tv\\\/wp-content\\\/uploads\\\/2021\\\/07\\\/meydan-logo.svg\",\"width\":195,\"height\":46,\"caption\":\"Meydan TV\"},\"image\":{\"@id\":\"https:\\\/\\\/www.meydan.tv\\\/az\\\/#\\\/schema\\\/logo\\\/image\\\/\"}},{\"@type\":\"Person\",\"@id\":\"https:\\\/\\\/www.meydan.tv\\\/az\\\/#\\\/schema\\\/person\\\/9cdbecf90d17180ce1dfbd95b08dcf47\",\"name\":\"elli\",\"sameAs\":[\"https:\\\/\\\/x.com\\\/elli\"]}]}<\/script>\n<!-- \/ Yoast SEO plugin. -->","yoast_head_json":{"title":"Rusiya-Ukrayna m\u00fcharib\u0259si (yenil\u0259nir) - MEYDAN.TV","robots":{"index":"index","follow":"follow","max-snippet":"max-snippet:-1","max-image-preview":"max-image-preview:large","max-video-preview":"max-video-preview:-1"},"canonical":"https:\/\/www.meydan.tv\/az\/article\/rusiya-ukrayna-muharibesi-yenilenir\/","og_locale":"az_AZ","og_type":"article","og_title":"Rusiya-Ukrayna m\u00fcharib\u0259si (yenil\u0259nir) - MEYDAN.TV","og_description":"23.41 Rusiya \u0130sve\u00e7in hava m\u0259kan\u0131n\u0131 pozub Rusiyan\u0131n 4 d\u00f6y\u00fc\u015f t\u0259yyar\u0259sinin ... Davam\u0131","og_url":"https:\/\/www.meydan.tv\/az\/article\/rusiya-ukrayna-muharibesi-yenilenir\/","og_site_name":"MEYDAN.TV","article_published_time":"2022-03-02T08:44:43+00:00","article_modified_time":"2022-03-02T19:44:28+00:00","og_image":[{"width":779,"height":520,"url":"https:\/\/www.meydan.tv\/wp-content\/uploads\/download-2-1.jpg","type":"image\/jpeg"}],"author":"elli","twitter_card":"summary_large_image","twitter_creator":"@elli","schema":{"@context":"https:\/\/schema.org","@graph":[{"@type":"Article","@id":"https:\/\/www.meydan.tv\/az\/article\/rusiya-ukrayna-muharibesi-yenilenir\/#article","isPartOf":{"@id":"https:\/\/www.meydan.tv\/az\/article\/rusiya-ukrayna-muharibesi-yenilenir\/"},"author":{"name":"elli","@id":"https:\/\/www.meydan.tv\/az\/#\/schema\/person\/9cdbecf90d17180ce1dfbd95b08dcf47"},"headline":"Rusiya-Ukrayna m\u00fcharib\u0259si (yenil\u0259nir)","datePublished":"2022-03-02T08:44:43+00:00","dateModified":"2022-03-02T19:44:28+00:00","mainEntityOfPage":{"@id":"https:\/\/www.meydan.tv\/az\/article\/rusiya-ukrayna-muharibesi-yenilenir\/"},"wordCount":1333,"publisher":{"@id":"https:\/\/www.meydan.tv\/az\/#organization"},"image":{"@id":"https:\/\/www.meydan.tv\/az\/article\/rusiya-ukrayna-muharibesi-yenilenir\/#primaryimage"},"thumbnailUrl":"https:\/\/www.meydan.tv\/wp-content\/uploads\/download-2-1.jpg","articleSection":["Siyas\u0259t","T\u00f6vsiy\u0259","X\u0259b\u0259rl\u0259r"],"inLanguage":"az"},{"@type":"WebPage","@id":"https:\/\/www.meydan.tv\/az\/article\/rusiya-ukrayna-muharibesi-yenilenir\/","url":"https:\/\/www.meydan.tv\/az\/article\/rusiya-ukrayna-muharibesi-yenilenir\/","name":"Rusiya-Ukrayna m\u00fcharib\u0259si (yenil\u0259nir) - MEYDAN.TV","isPartOf":{"@id":"https:\/\/www.meydan.tv\/az\/#website"},"primaryImageOfPage":{"@id":"https:\/\/www.meydan.tv\/az\/article\/rusiya-ukrayna-muharibesi-yenilenir\/#primaryimage"},"image":{"@id":"https:\/\/www.meydan.tv\/az\/article\/rusiya-ukrayna-muharibesi-yenilenir\/#primaryimage"},"thumbnailUrl":"https:\/\/www.meydan.tv\/wp-content\/uploads\/download-2-1.jpg","datePublished":"2022-03-02T08:44:43+00:00","dateModified":"2022-03-02T19:44:28+00:00","breadcrumb":{"@id":"https:\/\/www.meydan.tv\/az\/article\/rusiya-ukrayna-muharibesi-yenilenir\/#breadcrumb"},"inLanguage":"az","potentialAction":[{"@type":"ReadAction","target":["https:\/\/www.meydan.tv\/az\/article\/rusiya-ukrayna-muharibesi-yenilenir\/"]}]},{"@type":"ImageObject","inLanguage":"az","@id":"https:\/\/www.meydan.tv\/az\/article\/rusiya-ukrayna-muharibesi-yenilenir\/#primaryimage","url":"https:\/\/www.meydan.tv\/wp-content\/uploads\/download-2-1.jpg","contentUrl":"https:\/\/www.meydan.tv\/wp-content\/uploads\/download-2-1.jpg","width":779,"height":520,"caption":"Kiyev. Foto: Reuters"},{"@type":"BreadcrumbList","@id":"https:\/\/www.meydan.tv\/az\/article\/rusiya-ukrayna-muharibesi-yenilenir\/#breadcrumb","itemListElement":[{"@type":"ListItem","position":1,"name":"Ana s\u0259hif\u0259","item":"https:\/\/www.meydan.tv\/az\/"},{"@type":"ListItem","position":2,"name":"Siyas\u0259t","item":"https:\/\/www.meydan.tv\/az\/section\/siyaset\/"},{"@type":"ListItem","position":3,"name":"Rusiya-Ukrayna m\u00fcharib\u0259si (yenil\u0259nir)"}]},{"@type":"WebSite","@id":"https:\/\/www.meydan.tv\/az\/#website","url":"https:\/\/www.meydan.tv\/az\/","name":"MEYDAN.TV","description":"Meydan TV Az\u0259rbaycan\u0131n media m\u0259kan\u0131ndak\u0131 alternativ s\u0259sidir","publisher":{"@id":"https:\/\/www.meydan.tv\/az\/#organization"},"potentialAction":[{"@type":"SearchAction","target":{"@type":"EntryPoint","urlTemplate":"https:\/\/www.meydan.tv\/az\/?s={search_term_string}"},"query-input":{"@type":"PropertyValueSpecification","valueRequired":true,"valueName":"search_term_string"}}],"inLanguage":"az"},{"@type":"Organization","@id":"https:\/\/www.meydan.tv\/az\/#organization","name":"Meydan TV","url":"https:\/\/www.meydan.tv\/az\/","logo":{"@type":"ImageObject","inLanguage":"az","@id":"https:\/\/www.meydan.tv\/az\/#\/schema\/logo\/image\/","url":"https:\/\/www.meydan.tv\/wp-content\/uploads\/2021\/07\/meydan-logo.svg","contentUrl":"https:\/\/www.meydan.tv\/wp-content\/uploads\/2021\/07\/meydan-logo.svg","width":195,"height":46,"caption":"Meydan TV"},"image":{"@id":"https:\/\/www.meydan.tv\/az\/#\/schema\/logo\/image\/"}},{"@type":"Person","@id":"https:\/\/www.meydan.tv\/az\/#\/schema\/person\/9cdbecf90d17180ce1dfbd95b08dcf47","name":"elli","sameAs":["https:\/\/x.com\/elli"]}]}},"_links":{"self":[{"href":"https:\/\/www.meydan.tv\/az\/wp-json\/wp\/v2\/posts\/236694","targetHints":{"allow":["GET"]}}],"collection":[{"href":"https:\/\/www.meydan.tv\/az\/wp-json\/wp\/v2\/posts"}],"about":[{"href":"https:\/\/www.meydan.tv\/az\/wp-json\/wp\/v2\/types\/post"}],"author":[{"embeddable":true,"href":"https:\/\/www.meydan.tv\/az\/wp-json\/wp\/v2\/users\/8"}],"replies":[{"embeddable":true,"href":"https:\/\/www.meydan.tv\/az\/wp-json\/wp\/v2\/comments?post=236694"}],"version-history":[{"count":12,"href":"https:\/\/www.meydan.tv\/az\/wp-json\/wp\/v2\/posts\/236694\/revisions"}],"predecessor-version":[{"id":236849,"href":"https:\/\/www.meydan.tv\/az\/wp-json\/wp\/v2\/posts\/236694\/revisions\/236849"}],"wp:featuredmedia":[{"embeddable":true,"href":"https:\/\/www.meydan.tv\/az\/wp-json\/wp\/v2\/media\/236695"}],"wp:attachment":[{"href":"https:\/\/www.meydan.tv\/az\/wp-json\/wp\/v2\/media?parent=236694"}],"wp:term":[{"taxonomy":"category","embeddable":true,"href":"https:\/\/www.meydan.tv\/az\/wp-json\/wp\/v2\/categories?post=236694"},{"taxonomy":"post_tag","embeddable":true,"href":"https:\/\/www.meydan.tv\/az\/wp-json\/wp\/v2\/tags?post=236694"}],"curies":[{"name":"wp","href":"https:\/\/api.w.org\/{rel}","templated":true}]}}