{"id":236683,"date":"2022-03-02T12:34:15","date_gmt":"2022-03-02T08:34:15","guid":{"rendered":"https:\/\/www.meydan.tv\/?p=236683"},"modified":"2022-03-02T12:34:17","modified_gmt":"2022-03-02T08:34:17","slug":"abs-rusiyanin-uzune-hava-mekanini-qapatdi","status":"publish","type":"post","link":"https:\/\/www.meydan.tv\/az\/article\/abs-rusiyanin-uzune-hava-mekanini-qapatdi\/","title":{"rendered":"AB\u015e Rusiyan\u0131n \u00fcz\u00fcn\u0259 hava m\u0259kan\u0131n\u0131 qapatd\u0131"},"content":{"rendered":"\n<p><em>Co Biden: \u201c\u0130ndi is\u0259 oliqarxlar\u0131n arxas\u0131nca getm\u0259k vaxt\u0131d\u0131r\u201d<\/em><\/p>\n\n\n\n<p>Mart\u0131n 1-i gec\u0259 saatlar\u0131nda AB\u015e Prezidenti Co Biden elan <a href=\"https:\/\/www.theguardian.com\/us-news\/2022\/mar\/01\/us-russia-aircraft-joe-biden-state-of-the-union\" target=\"_blank\" rel=\"noreferrer noopener\">etdi<\/a> ki, AB\u015e Rusiya t\u0259yyar\u0259l\u0259rin\u0259 hava m\u0259kan\u0131n\u0131 ba\u011flay\u0131r. O, h\u0259m\u00e7inin Rusiyan\u0131n Ukraynaya m\u00fcdaxil\u0259sin\u0259 cavab olaraq rus oliqarxlar\u0131n\u0131n arxas\u0131nca ged\u0259c\u0259yin\u0259 d\u0259 s\u00f6z verib.<br>\u201cBu add\u0131mlar Vladimir Putini daha da t\u0259crid ed\u0259c\u0259k. Haz\u0131rda rubl 30 faizd\u0259n \u00e7ox d\u0259y\u0259r itirib. Rusiya fond bazar\u0131 is\u0259 d\u0259y\u0259rinin 40 faizini itirib v\u0259 ticar\u0259t dayand\u0131r\u0131l\u0131b. Rusiya iqtisadiyyat\u0131 \u00e7\u00f6k\u00fcr v\u0259 g\u00fcnahkar t\u0259kc\u0259 Putindir\u201d.<\/p>\n\n\n\n<p>Bayden deyib ki, AB\u015e \u018fdliyy\u0259 Nazirliyi, h\u0259m\u00e7inin Avropadan olan m\u00fctt\u0259fiql\u0259rl\u0259 birg\u0259 rusiyal\u0131 oliqarxlar\u0131n cinay\u0259tl\u0259rini, onlar\u0131n s\u0259rv\u0259tinin m\u0259n\u015f\u0259yini ara\u015fd\u0131rmaq \u00fc\u00e7\u00fcn x\u00fcsusi qrup yaradacaq:<br>\u201cBiz onlar\u0131n yaxtalar\u0131n\u0131, l\u00fcks m\u0259nzill\u0259rini, \u015f\u0259xsi t\u0259yyar\u0259l\u0259rini tapaca\u011f\u0131q. Biz onlar\u0131n b\u00fct\u00fcn qanunsuz qazanclar\u0131n\u0131 \u00fcz\u0259 \u00e7\u0131xaraca\u011f\u0131q\u201d.<br>Bu elanlar Rusiyaya qar\u015f\u0131 sanksiyalar\u0131n sonuncusudur v\u0259 bu h\u0259ft\u0259 Kanada v\u0259 Avropa \u0130ttifaq\u0131n\u0131n ox\u015far h\u0259r\u0259k\u0259tl\u0259rind\u0259n sonra g\u0259lir.<br>Bayden Putin\u0259 x\u0259b\u0259rdarl\u0131q edib. Bildirib ki, bu sanksiyalar\u0131n da n\u0259tic\u0259l\u0259ri olmasa, daha a\u011f\u0131r add\u0131mlar at\u0131lacaq:<\/p>\n\n\n\n<p>\u201cTarixd\u0259n d\u0259rs alm\u0131\u015f\u0131q: diktatorlar t\u0259cav\u00fczl\u0259rinin \u0259v\u0259zini \u00f6d\u0259m\u0259dikd\u0259, daha \u00e7ox xaosa s\u0259b\u0259b olurlar. Onlar daha a\u011f\u0131r n\u0259tic\u0259l\u0259ri olan add\u0131mlar at\u0131rlar. Bu is\u0259 b\u00fct\u00fcn d\u00fcnyaya t\u0259hdiddir\u201d, &#8211; Bayden deyib.<br>Fevral\u0131n 27-d\u0259 Avropa \u0130ttifaq\u0131 v\u0259 Kanada hava m\u0259kanlar\u0131n\u0131 Rusiya avia\u015firk\u0259tl\u0259ri v\u0259 varl\u0131 ruslara m\u0259xsus \u015f\u0259xsi t\u0259yyar\u0259l\u0259r \u00fc\u00e7\u00fcn ba\u011flad\u0131qlar\u0131n\u0131 a\u00e7\u0131qlay\u0131b.<br>Rusiyan\u0131n \u0259n b\u00f6y\u00fck avia\u015firk\u0259ti \u201cAeroflot\u201d Kanadan\u0131n q\u0259rar\u0131na g\u00f6r\u0259 fevral\u0131n 28-d\u0259 Nyu-York, Va\u015finqton, Mayami v\u0259 Los-Anceles\u0259 u\u00e7u\u015flar\u0131n\u0131 dayand\u0131r\u0131b.<br>Haz\u0131da AB\u015e avia\u015firk\u0259tl\u0259ri d\u0259 Rusiyaya u\u00e7mur, baxmayaraq ki, Hindistana bir ne\u00e7\u0259 reys Rusiyan\u0131n hava m\u0259kan\u0131ndan ke\u00e7ir. \u201cAmerican Airlines\u201d Rusiya hava m\u0259kan\u0131ndan qa\u00e7maq \u00fc\u00e7\u00fcn Dehli v\u0259 Nyu York aras\u0131nda t\u0259k reysini h\u0259yata ke\u00e7irir. \u201cFedEx\u201d v\u0259 \u201cUPS\u201d h\u0259r ikisi Rusiya \u00fcz\u0259rind\u0259n u\u00e7ur, baxmayaraq ki, bu h\u0259ft\u0259 sonu h\u0259min \u00f6lk\u0259y\u0259 \u00e7atd\u0131r\u0131lmalar\u0131 dayand\u0131rd\u0131qlar\u0131n\u0131 elan edibl\u0259r.<\/p>\n\n\n\n<p>AB\u015e aviada\u015f\u0131y\u0131c\u0131lara baxanda Avropa \u015firk\u0259tl\u0259ri Rusiya hava m\u0259kan\u0131ndan daha \u00e7ox istifad\u0259 edir. \u201cCirium\u201d aviasiya statistikas\u0131 firmas\u0131n\u0131n m\u0259lumat\u0131na g\u00f6r\u0259, m\u00fcharib\u0259d\u0259n \u0259vv\u0259l Avropaya v\u0259 ya Avropaya t\u0259xmin\u0259n 600 u\u00e7u\u015f Rusiya hava m\u0259kan\u0131ndan ke\u00e7ib.<br>Aviasiya ekspertl\u0259ri hesab edirl\u0259r ki, Rusiya \u00f6z hava m\u0259kan\u0131ndan istifad\u0259 etm\u0259k v\u0259 ya hava limanlar\u0131nda eni\u015f etm\u0259k \u00fc\u00e7\u00fcn ald\u0131\u011f\u0131 r\u00fcsumlardan b\u00f6y\u00fck m\u0259bl\u0259\u011fd\u0259 pul \u0259ld\u0259 edir.<br>AB\u015e, Avropa v\u0259 dig\u0259r \u00f6lk\u0259l\u0259rin Rusiyaya qar\u015f\u0131 t\u0259tbiq etdiyi sanksiyalar\u0131n Rusiya iqtisadiyyat\u0131na z\u0259rb\u0259 vuraca\u011f\u0131 g\u00f6zl\u0259nilir.<br>Fevral\u0131n 24-n\u0259 ke\u00e7\u0259n gec\u0259 Rusiya Prezidenti Vladimir Putin Ukrayna \u00fcz\u0259rin\u0259 \u201cx\u00fcsusi \u0259m\u0259liyyat\u201d \u0259mri verib.<br>S\u0259b\u0259b kimi is\u0259 qondarma Donetsk v\u0259 Luqansk \u201crespublikalar\u0131\u201d r\u0259hb\u0259rl\u0259rinin ona m\u00fcraci\u0259tini g\u00f6st\u0259rib.<br>\u0130ddia edib ki, m\u0259qs\u0259d dinc sakinl\u0259ri qorumaq, Ukraynan\u0131n t\u0259hdidl\u0259rin\u0259 cavab verm\u0259kdir.<\/p>\n\n\n\n<p>Ukrayna, Q\u0259rb liderl\u0259ri h\u00fccumu pisl\u0259yib, Putinin buna g\u00f6r\u0259 cavab ver\u0259c\u0259yini bildiribl\u0259r. Bundan sonra Avropa Birliyi \u00f6lk\u0259l\u0259rind\u0259n, el\u0259c\u0259 d\u0259 AB\u015e-dan Rusiyaya qar\u015f\u0131 sanksiyalar g\u0259lm\u0259y\u0259 ba\u015flay\u0131b.<\/p>\n\n\n\n<p>Sanksiya t\u0259tbiq edil\u0259n 600-d\u0259n \u00e7ox \u015f\u0259xsin i\u00e7ind\u0259 Rusiya prezidenti Vladimir Putin v\u0259 xarici i\u015fl\u0259r naziri Sergey Lavrov da var.<\/p>\n","protected":false},"excerpt":{"rendered":"<p>Co Biden: \u201c\u0130ndi is\u0259 oliqarxlar\u0131n arxas\u0131nca getm\u0259k vaxt\u0131d\u0131r\u201d Mart\u0131n 1-i &#8230; <\/p>\n<p class=\"read-more-container\"><a title=\"AB\u015e Rusiyan\u0131n \u00fcz\u00fcn\u0259 hava m\u0259kan\u0131n\u0131 qapatd\u0131\" class=\"read-more button\" href=\"https:\/\/www.meydan.tv\/az\/article\/abs-rusiyanin-uzune-hava-mekanini-qapatdi\/#more-236683\" aria-label=\"Read more about AB\u015e Rusiyan\u0131n \u00fcz\u00fcn\u0259 hava m\u0259kan\u0131n\u0131 qapatd\u0131\">Davam\u0131<\/a><\/p>\n","protected":false},"author":8,"featured_media":234728,"comment_status":"closed","ping_status":"closed","sticky":false,"template":"","format":"standard","meta":{"_acf_changed":false,"_sitemap_exclude":false,"_sitemap_priority":"","_sitemap_frequency":"","footnotes":""},"categories":[59,79,56],"tags":[],"class_list":["post-236683","post","type-post","status-publish","format-standard","has-post-thumbnail","hentry","category-siyaset","category-featured","category-xeberler","infinite-scroll-item","generate-columns","tablet-grid-50","mobile-grid-100","grid-parent","grid-33","no-featured-image-padding"],"acf":[],"yoast_head":"<!-- This site is optimized with the Yoast SEO plugin v27.5 - https:\/\/yoast.com\/product\/yoast-seo-wordpress\/ -->\n<title>AB\u015e Rusiyan\u0131n \u00fcz\u00fcn\u0259 hava m\u0259kan\u0131n\u0131 qapatd\u0131 - MEYDAN.TV<\/title>\n<meta name=\"robots\" content=\"index, follow, max-snippet:-1, max-image-preview:large, max-video-preview:-1\" \/>\n<link rel=\"canonical\" href=\"https:\/\/www.meydan.tv\/az\/article\/abs-rusiyanin-uzune-hava-mekanini-qapatdi\/\" \/>\n<meta property=\"og:locale\" content=\"az_AZ\" \/>\n<meta property=\"og:type\" content=\"article\" \/>\n<meta property=\"og:title\" content=\"AB\u015e Rusiyan\u0131n \u00fcz\u00fcn\u0259 hava m\u0259kan\u0131n\u0131 qapatd\u0131 - MEYDAN.TV\" \/>\n<meta property=\"og:description\" content=\"Co Biden: \u201c\u0130ndi is\u0259 oliqarxlar\u0131n arxas\u0131nca getm\u0259k vaxt\u0131d\u0131r\u201d Mart\u0131n 1-i ... Davam\u0131\" \/>\n<meta property=\"og:url\" content=\"https:\/\/www.meydan.tv\/az\/article\/abs-rusiyanin-uzune-hava-mekanini-qapatdi\/\" \/>\n<meta property=\"og:site_name\" content=\"MEYDAN.TV\" \/>\n<meta property=\"article:published_time\" content=\"2022-03-02T08:34:15+00:00\" \/>\n<meta property=\"article:modified_time\" content=\"2022-03-02T08:34:17+00:00\" \/>\n<meta property=\"og:image\" content=\"https:\/\/www.meydan.tv\/wp-content\/uploads\/shutterstock_1608793423-e1645734390293.jpg\" \/>\n\t<meta property=\"og:image:width\" content=\"1200\" \/>\n\t<meta property=\"og:image:height\" content=\"711\" \/>\n\t<meta property=\"og:image:type\" content=\"image\/jpeg\" \/>\n<meta name=\"author\" content=\"elli\" \/>\n<meta name=\"twitter:card\" content=\"summary_large_image\" \/>\n<meta name=\"twitter:creator\" content=\"@elli\" \/>\n<script type=\"application\/ld+json\" class=\"yoast-schema-graph\">{\"@context\":\"https:\\\/\\\/schema.org\",\"@graph\":[{\"@type\":\"Article\",\"@id\":\"https:\\\/\\\/www.meydan.tv\\\/az\\\/article\\\/abs-rusiyanin-uzune-hava-mekanini-qapatdi\\\/#article\",\"isPartOf\":{\"@id\":\"https:\\\/\\\/www.meydan.tv\\\/az\\\/article\\\/abs-rusiyanin-uzune-hava-mekanini-qapatdi\\\/\"},\"author\":{\"name\":\"elli\",\"@id\":\"https:\\\/\\\/www.meydan.tv\\\/az\\\/#\\\/schema\\\/person\\\/9cdbecf90d17180ce1dfbd95b08dcf47\"},\"headline\":\"AB\u015e Rusiyan\u0131n \u00fcz\u00fcn\u0259 hava m\u0259kan\u0131n\u0131 qapatd\u0131\",\"datePublished\":\"2022-03-02T08:34:15+00:00\",\"dateModified\":\"2022-03-02T08:34:17+00:00\",\"mainEntityOfPage\":{\"@id\":\"https:\\\/\\\/www.meydan.tv\\\/az\\\/article\\\/abs-rusiyanin-uzune-hava-mekanini-qapatdi\\\/\"},\"wordCount\":674,\"publisher\":{\"@id\":\"https:\\\/\\\/www.meydan.tv\\\/az\\\/#organization\"},\"image\":{\"@id\":\"https:\\\/\\\/www.meydan.tv\\\/az\\\/article\\\/abs-rusiyanin-uzune-hava-mekanini-qapatdi\\\/#primaryimage\"},\"thumbnailUrl\":\"https:\\\/\\\/www.meydan.tv\\\/wp-content\\\/uploads\\\/shutterstock_1608793423-e1733138846893.jpg\",\"articleSection\":[\"Siyas\u0259t\",\"T\u00f6vsiy\u0259\",\"X\u0259b\u0259rl\u0259r\"],\"inLanguage\":\"az\"},{\"@type\":\"WebPage\",\"@id\":\"https:\\\/\\\/www.meydan.tv\\\/az\\\/article\\\/abs-rusiyanin-uzune-hava-mekanini-qapatdi\\\/\",\"url\":\"https:\\\/\\\/www.meydan.tv\\\/az\\\/article\\\/abs-rusiyanin-uzune-hava-mekanini-qapatdi\\\/\",\"name\":\"AB\u015e Rusiyan\u0131n \u00fcz\u00fcn\u0259 hava m\u0259kan\u0131n\u0131 qapatd\u0131 - MEYDAN.TV\",\"isPartOf\":{\"@id\":\"https:\\\/\\\/www.meydan.tv\\\/az\\\/#website\"},\"primaryImageOfPage\":{\"@id\":\"https:\\\/\\\/www.meydan.tv\\\/az\\\/article\\\/abs-rusiyanin-uzune-hava-mekanini-qapatdi\\\/#primaryimage\"},\"image\":{\"@id\":\"https:\\\/\\\/www.meydan.tv\\\/az\\\/article\\\/abs-rusiyanin-uzune-hava-mekanini-qapatdi\\\/#primaryimage\"},\"thumbnailUrl\":\"https:\\\/\\\/www.meydan.tv\\\/wp-content\\\/uploads\\\/shutterstock_1608793423-e1733138846893.jpg\",\"datePublished\":\"2022-03-02T08:34:15+00:00\",\"dateModified\":\"2022-03-02T08:34:17+00:00\",\"breadcrumb\":{\"@id\":\"https:\\\/\\\/www.meydan.tv\\\/az\\\/article\\\/abs-rusiyanin-uzune-hava-mekanini-qapatdi\\\/#breadcrumb\"},\"inLanguage\":\"az\",\"potentialAction\":[{\"@type\":\"ReadAction\",\"target\":[\"https:\\\/\\\/www.meydan.tv\\\/az\\\/article\\\/abs-rusiyanin-uzune-hava-mekanini-qapatdi\\\/\"]}]},{\"@type\":\"ImageObject\",\"inLanguage\":\"az\",\"@id\":\"https:\\\/\\\/www.meydan.tv\\\/az\\\/article\\\/abs-rusiyanin-uzune-hava-mekanini-qapatdi\\\/#primaryimage\",\"url\":\"https:\\\/\\\/www.meydan.tv\\\/wp-content\\\/uploads\\\/shutterstock_1608793423-e1733138846893.jpg\",\"contentUrl\":\"https:\\\/\\\/www.meydan.tv\\\/wp-content\\\/uploads\\\/shutterstock_1608793423-e1733138846893.jpg\",\"width\":1200,\"height\":392,\"caption\":\"Co Bayden, M\u0259nb\u0259: lev radin\\\/shutterstock\"},{\"@type\":\"BreadcrumbList\",\"@id\":\"https:\\\/\\\/www.meydan.tv\\\/az\\\/article\\\/abs-rusiyanin-uzune-hava-mekanini-qapatdi\\\/#breadcrumb\",\"itemListElement\":[{\"@type\":\"ListItem\",\"position\":1,\"name\":\"Ana s\u0259hif\u0259\",\"item\":\"https:\\\/\\\/www.meydan.tv\\\/az\\\/\"},{\"@type\":\"ListItem\",\"position\":2,\"name\":\"Siyas\u0259t\",\"item\":\"https:\\\/\\\/www.meydan.tv\\\/az\\\/section\\\/siyaset\\\/\"},{\"@type\":\"ListItem\",\"position\":3,\"name\":\"AB\u015e Rusiyan\u0131n \u00fcz\u00fcn\u0259 hava m\u0259kan\u0131n\u0131 qapatd\u0131\"}]},{\"@type\":\"WebSite\",\"@id\":\"https:\\\/\\\/www.meydan.tv\\\/az\\\/#website\",\"url\":\"https:\\\/\\\/www.meydan.tv\\\/az\\\/\",\"name\":\"MEYDAN.TV\",\"description\":\"Meydan TV Az\u0259rbaycan\u0131n media m\u0259kan\u0131ndak\u0131 alternativ s\u0259sidir\",\"publisher\":{\"@id\":\"https:\\\/\\\/www.meydan.tv\\\/az\\\/#organization\"},\"potentialAction\":[{\"@type\":\"SearchAction\",\"target\":{\"@type\":\"EntryPoint\",\"urlTemplate\":\"https:\\\/\\\/www.meydan.tv\\\/az\\\/?s={search_term_string}\"},\"query-input\":{\"@type\":\"PropertyValueSpecification\",\"valueRequired\":true,\"valueName\":\"search_term_string\"}}],\"inLanguage\":\"az\"},{\"@type\":\"Organization\",\"@id\":\"https:\\\/\\\/www.meydan.tv\\\/az\\\/#organization\",\"name\":\"Meydan TV\",\"url\":\"https:\\\/\\\/www.meydan.tv\\\/az\\\/\",\"logo\":{\"@type\":\"ImageObject\",\"inLanguage\":\"az\",\"@id\":\"https:\\\/\\\/www.meydan.tv\\\/az\\\/#\\\/schema\\\/logo\\\/image\\\/\",\"url\":\"https:\\\/\\\/www.meydan.tv\\\/wp-content\\\/uploads\\\/2021\\\/07\\\/meydan-logo.svg\",\"contentUrl\":\"https:\\\/\\\/www.meydan.tv\\\/wp-content\\\/uploads\\\/2021\\\/07\\\/meydan-logo.svg\",\"width\":195,\"height\":46,\"caption\":\"Meydan TV\"},\"image\":{\"@id\":\"https:\\\/\\\/www.meydan.tv\\\/az\\\/#\\\/schema\\\/logo\\\/image\\\/\"}},{\"@type\":\"Person\",\"@id\":\"https:\\\/\\\/www.meydan.tv\\\/az\\\/#\\\/schema\\\/person\\\/9cdbecf90d17180ce1dfbd95b08dcf47\",\"name\":\"elli\",\"sameAs\":[\"https:\\\/\\\/x.com\\\/elli\"]}]}<\/script>\n<!-- \/ Yoast SEO plugin. -->","yoast_head_json":{"title":"AB\u015e Rusiyan\u0131n \u00fcz\u00fcn\u0259 hava m\u0259kan\u0131n\u0131 qapatd\u0131 - MEYDAN.TV","robots":{"index":"index","follow":"follow","max-snippet":"max-snippet:-1","max-image-preview":"max-image-preview:large","max-video-preview":"max-video-preview:-1"},"canonical":"https:\/\/www.meydan.tv\/az\/article\/abs-rusiyanin-uzune-hava-mekanini-qapatdi\/","og_locale":"az_AZ","og_type":"article","og_title":"AB\u015e Rusiyan\u0131n \u00fcz\u00fcn\u0259 hava m\u0259kan\u0131n\u0131 qapatd\u0131 - MEYDAN.TV","og_description":"Co Biden: \u201c\u0130ndi is\u0259 oliqarxlar\u0131n arxas\u0131nca getm\u0259k vaxt\u0131d\u0131r\u201d Mart\u0131n 1-i ... Davam\u0131","og_url":"https:\/\/www.meydan.tv\/az\/article\/abs-rusiyanin-uzune-hava-mekanini-qapatdi\/","og_site_name":"MEYDAN.TV","article_published_time":"2022-03-02T08:34:15+00:00","article_modified_time":"2022-03-02T08:34:17+00:00","og_image":[{"width":1200,"height":711,"url":"https:\/\/www.meydan.tv\/wp-content\/uploads\/shutterstock_1608793423-e1645734390293.jpg","type":"image\/jpeg"}],"author":"elli","twitter_card":"summary_large_image","twitter_creator":"@elli","schema":{"@context":"https:\/\/schema.org","@graph":[{"@type":"Article","@id":"https:\/\/www.meydan.tv\/az\/article\/abs-rusiyanin-uzune-hava-mekanini-qapatdi\/#article","isPartOf":{"@id":"https:\/\/www.meydan.tv\/az\/article\/abs-rusiyanin-uzune-hava-mekanini-qapatdi\/"},"author":{"name":"elli","@id":"https:\/\/www.meydan.tv\/az\/#\/schema\/person\/9cdbecf90d17180ce1dfbd95b08dcf47"},"headline":"AB\u015e Rusiyan\u0131n \u00fcz\u00fcn\u0259 hava m\u0259kan\u0131n\u0131 qapatd\u0131","datePublished":"2022-03-02T08:34:15+00:00","dateModified":"2022-03-02T08:34:17+00:00","mainEntityOfPage":{"@id":"https:\/\/www.meydan.tv\/az\/article\/abs-rusiyanin-uzune-hava-mekanini-qapatdi\/"},"wordCount":674,"publisher":{"@id":"https:\/\/www.meydan.tv\/az\/#organization"},"image":{"@id":"https:\/\/www.meydan.tv\/az\/article\/abs-rusiyanin-uzune-hava-mekanini-qapatdi\/#primaryimage"},"thumbnailUrl":"https:\/\/www.meydan.tv\/wp-content\/uploads\/shutterstock_1608793423-e1733138846893.jpg","articleSection":["Siyas\u0259t","T\u00f6vsiy\u0259","X\u0259b\u0259rl\u0259r"],"inLanguage":"az"},{"@type":"WebPage","@id":"https:\/\/www.meydan.tv\/az\/article\/abs-rusiyanin-uzune-hava-mekanini-qapatdi\/","url":"https:\/\/www.meydan.tv\/az\/article\/abs-rusiyanin-uzune-hava-mekanini-qapatdi\/","name":"AB\u015e Rusiyan\u0131n \u00fcz\u00fcn\u0259 hava m\u0259kan\u0131n\u0131 qapatd\u0131 - MEYDAN.TV","isPartOf":{"@id":"https:\/\/www.meydan.tv\/az\/#website"},"primaryImageOfPage":{"@id":"https:\/\/www.meydan.tv\/az\/article\/abs-rusiyanin-uzune-hava-mekanini-qapatdi\/#primaryimage"},"image":{"@id":"https:\/\/www.meydan.tv\/az\/article\/abs-rusiyanin-uzune-hava-mekanini-qapatdi\/#primaryimage"},"thumbnailUrl":"https:\/\/www.meydan.tv\/wp-content\/uploads\/shutterstock_1608793423-e1733138846893.jpg","datePublished":"2022-03-02T08:34:15+00:00","dateModified":"2022-03-02T08:34:17+00:00","breadcrumb":{"@id":"https:\/\/www.meydan.tv\/az\/article\/abs-rusiyanin-uzune-hava-mekanini-qapatdi\/#breadcrumb"},"inLanguage":"az","potentialAction":[{"@type":"ReadAction","target":["https:\/\/www.meydan.tv\/az\/article\/abs-rusiyanin-uzune-hava-mekanini-qapatdi\/"]}]},{"@type":"ImageObject","inLanguage":"az","@id":"https:\/\/www.meydan.tv\/az\/article\/abs-rusiyanin-uzune-hava-mekanini-qapatdi\/#primaryimage","url":"https:\/\/www.meydan.tv\/wp-content\/uploads\/shutterstock_1608793423-e1733138846893.jpg","contentUrl":"https:\/\/www.meydan.tv\/wp-content\/uploads\/shutterstock_1608793423-e1733138846893.jpg","width":1200,"height":392,"caption":"Co Bayden, M\u0259nb\u0259: lev radin\/shutterstock"},{"@type":"BreadcrumbList","@id":"https:\/\/www.meydan.tv\/az\/article\/abs-rusiyanin-uzune-hava-mekanini-qapatdi\/#breadcrumb","itemListElement":[{"@type":"ListItem","position":1,"name":"Ana s\u0259hif\u0259","item":"https:\/\/www.meydan.tv\/az\/"},{"@type":"ListItem","position":2,"name":"Siyas\u0259t","item":"https:\/\/www.meydan.tv\/az\/section\/siyaset\/"},{"@type":"ListItem","position":3,"name":"AB\u015e Rusiyan\u0131n \u00fcz\u00fcn\u0259 hava m\u0259kan\u0131n\u0131 qapatd\u0131"}]},{"@type":"WebSite","@id":"https:\/\/www.meydan.tv\/az\/#website","url":"https:\/\/www.meydan.tv\/az\/","name":"MEYDAN.TV","description":"Meydan TV Az\u0259rbaycan\u0131n media m\u0259kan\u0131ndak\u0131 alternativ s\u0259sidir","publisher":{"@id":"https:\/\/www.meydan.tv\/az\/#organization"},"potentialAction":[{"@type":"SearchAction","target":{"@type":"EntryPoint","urlTemplate":"https:\/\/www.meydan.tv\/az\/?s={search_term_string}"},"query-input":{"@type":"PropertyValueSpecification","valueRequired":true,"valueName":"search_term_string"}}],"inLanguage":"az"},{"@type":"Organization","@id":"https:\/\/www.meydan.tv\/az\/#organization","name":"Meydan TV","url":"https:\/\/www.meydan.tv\/az\/","logo":{"@type":"ImageObject","inLanguage":"az","@id":"https:\/\/www.meydan.tv\/az\/#\/schema\/logo\/image\/","url":"https:\/\/www.meydan.tv\/wp-content\/uploads\/2021\/07\/meydan-logo.svg","contentUrl":"https:\/\/www.meydan.tv\/wp-content\/uploads\/2021\/07\/meydan-logo.svg","width":195,"height":46,"caption":"Meydan TV"},"image":{"@id":"https:\/\/www.meydan.tv\/az\/#\/schema\/logo\/image\/"}},{"@type":"Person","@id":"https:\/\/www.meydan.tv\/az\/#\/schema\/person\/9cdbecf90d17180ce1dfbd95b08dcf47","name":"elli","sameAs":["https:\/\/x.com\/elli"]}]}},"_links":{"self":[{"href":"https:\/\/www.meydan.tv\/az\/wp-json\/wp\/v2\/posts\/236683","targetHints":{"allow":["GET"]}}],"collection":[{"href":"https:\/\/www.meydan.tv\/az\/wp-json\/wp\/v2\/posts"}],"about":[{"href":"https:\/\/www.meydan.tv\/az\/wp-json\/wp\/v2\/types\/post"}],"author":[{"embeddable":true,"href":"https:\/\/www.meydan.tv\/az\/wp-json\/wp\/v2\/users\/8"}],"replies":[{"embeddable":true,"href":"https:\/\/www.meydan.tv\/az\/wp-json\/wp\/v2\/comments?post=236683"}],"version-history":[{"count":1,"href":"https:\/\/www.meydan.tv\/az\/wp-json\/wp\/v2\/posts\/236683\/revisions"}],"predecessor-version":[{"id":236684,"href":"https:\/\/www.meydan.tv\/az\/wp-json\/wp\/v2\/posts\/236683\/revisions\/236684"}],"wp:featuredmedia":[{"embeddable":true,"href":"https:\/\/www.meydan.tv\/az\/wp-json\/wp\/v2\/media\/234728"}],"wp:attachment":[{"href":"https:\/\/www.meydan.tv\/az\/wp-json\/wp\/v2\/media?parent=236683"}],"wp:term":[{"taxonomy":"category","embeddable":true,"href":"https:\/\/www.meydan.tv\/az\/wp-json\/wp\/v2\/categories?post=236683"},{"taxonomy":"post_tag","embeddable":true,"href":"https:\/\/www.meydan.tv\/az\/wp-json\/wp\/v2\/tags?post=236683"}],"curies":[{"name":"wp","href":"https:\/\/api.w.org\/{rel}","templated":true}]}}