{"id":236588,"date":"2022-03-01T16:45:51","date_gmt":"2022-03-01T12:45:51","guid":{"rendered":"https:\/\/www.meydan.tv\/?p=236588"},"modified":"2022-03-01T16:45:53","modified_gmt":"2022-03-01T12:45:53","slug":"ssri-xalq-artisti-kiyevdeyem-mudafiecilerimiz-ucun-dua-edirem","status":"publish","type":"post","link":"https:\/\/www.meydan.tv\/az\/article\/ssri-xalq-artisti-kiyevdeyem-mudafiecilerimiz-ucun-dua-edirem\/","title":{"rendered":"SSR\u0130 Xalq artisti: &#8220;Kiyevd\u0259y\u0259m, m\u00fcdafi\u0259\u00e7il\u0259rimiz \u00fc\u00e7\u00fcn dua edir\u0259m&#8221;"},"content":{"rendered":"\n<p>&#8220;Ukra<em>ynaya s\u00fclh arzulay\u0131ram&#8221;<\/em><\/p>\n\n\n\n<p>\u018fks\u0259r s\u0259n\u0259t adamlar\u0131 kimi SSR\u0130 Xalq artisti Sofiya Rotaru da Ukraynadak\u0131 h\u0259rbi m\u00fcnaqi\u015f\u0259 il\u0259 ba\u011fl\u0131 post <a href=\"https:\/\/www.instagram.com\/p\/CahsyCQMtMX\/\" target=\"_blank\" rel=\"noreferrer noopener\">payla\u015f\u0131b<\/a>.<\/p>\n\n\n\n<p>M\u00fc\u011f\u0259nni ail\u0259si il\u0259 birlikd\u0259 haz\u0131rda Kiyevd\u0259 oldu\u011funu bildirib.<\/p>\n\n\n\n<p>Bir \u00e7oxu kimi o da s\u00fclh arzusundad\u0131r: \u201cM\u00fcst\u0259qillik v\u0259 Azadl\u0131q \u00e7ox baha ba\u015fa g\u0259lir. Amma rus raketl\u0259rinin dinc sakinl\u0259ri, u\u015faqlar\u0131 m\u0259hv etm\u0259yin\u0259, Ukraynan\u0131n \u015f\u0259h\u0259rl\u0259rini da\u011f\u0131tma\u011f\u0131na d\u0259y\u0259rmi? Bu faktlar \u00fcr\u0259yimi par\u00e7alay\u0131r. M\u0259n Kiyevd\u0259y\u0259m. M\u00fcdafi\u0259\u00e7il\u0259rimiz \u00fc\u00e7\u00fcn dua edir\u0259m v\u0259 Ukraynaya s\u00fclh arzulay\u0131ram&#8221;.<\/p>\n\n\n\n<p>&#8220;Bu m\u0259tni yazan zaman \u0259ll\u0259rim titr\u0259yir. Ona g\u00f6r\u0259 titr\u0259yir ki, indi Ukraynan\u0131n h\u0259r yerind\u0259 \u015fidd\u0259tli d\u00f6y\u00fc\u015fl\u0259r gedir\u201d, &#8211; s\u0259n\u0259t\u00e7i postunda qeyd edib.<\/p>\n\n\n\n<p>Fevral\u0131n 24-d\u0259 Rusiyan\u0131n Ukraynada ba\u015flatd\u0131\u011f\u0131 h\u0259rbi \u0259m\u0259liyyatlardan sonra bir \u00e7ox rus s\u0259n\u0259t\u00e7i v\u0259 ictimaiyy\u0259t n\u00fcmay\u0259nd\u0259si ba\u015f ver\u0259nl\u0259r\u0259 s\u0259ssiz qalmay\u0131b.<\/p>\n\n\n\n<p>Onlar istifad\u0259\u00e7isi olduqlar\u0131 sosial \u015f\u0259b\u0259k\u0259l\u0259r vasit\u0259sil\u0259 m\u00fcharib\u0259y\u0259 qar\u015f\u0131 \u00e7\u0131xd\u0131qlar\u0131n\u0131 elan edibl\u0259r.<\/p>\n\n\n\n<p>\u018fks\u0259riyy\u0259t bu v\u0259ziyy\u0259td\u0259 kimin g\u00fcnahkar oldu\u011funa dair m\u00fchakim\u0259 y\u00fcr\u00fctm\u0259d\u0259n s\u00fclh\u0259 \u00e7a\u011f\u0131r\u0131\u015f edib.<\/p>\n\n\n\n<p>Aralar\u0131nda ba\u015f ver\u0259nl\u0259r\u0259 g\u00f6r\u0259 a\u00e7\u0131q \u015f\u0259kild\u0259 Rusiya r\u0259hb\u0259rliyini g\u00fcnahland\u0131ranlar da <a href=\"https:\/\/www.meydan.tv\/az\/article\/rusiyali-senetciler-muharibeye-etiraz-etdi\/\" target=\"_blank\" rel=\"noreferrer noopener\">var<\/a>.<\/p>\n\n\n\n<p>Fevral\u0131n 21-d\u0259 Rusiya Prezidenti Vladimir Putin separat\u00e7\u0131lar\u0131n n\u0259zar\u0259tind\u0259 olan \u201cDonetsk Xalq Respublikas\u0131\u201d (\u201cDXR\u201d) v\u0259 \u201cLuqansk Xalq Respublikas\u0131\u201d (\u201cLXR\u201d) adl\u0131 qurumlar\u0131 tan\u0131y\u0131b, h\u0259min \u0259razil\u0259r\u0259 ordu yeridib.<\/p>\n\n\n\n<p>Fevral\u0131n 24-d\u0259 Rusiya Ukraynan\u0131n Donbas b\u00f6lg\u0259sind\u0259 geni\u015fmiqyasl\u0131 h\u0259rbi \u0259m\u0259liyyatlara ba\u015flay\u0131b.<\/p>\n","protected":false},"excerpt":{"rendered":"<p>&#8220;Ukraynaya s\u00fclh arzulay\u0131ram&#8221; \u018fks\u0259r s\u0259n\u0259t adamlar\u0131 kimi SSR\u0130 Xalq artisti &#8230; <\/p>\n<p class=\"read-more-container\"><a title=\"SSR\u0130 Xalq artisti: &#8220;Kiyevd\u0259y\u0259m, m\u00fcdafi\u0259\u00e7il\u0259rimiz \u00fc\u00e7\u00fcn dua edir\u0259m&#8221;\" class=\"read-more button\" href=\"https:\/\/www.meydan.tv\/az\/article\/ssri-xalq-artisti-kiyevdeyem-mudafiecilerimiz-ucun-dua-edirem\/#more-236588\" aria-label=\"Read more about SSR\u0130 Xalq artisti: &#8220;Kiyevd\u0259y\u0259m, m\u00fcdafi\u0259\u00e7il\u0259rimiz \u00fc\u00e7\u00fcn dua edir\u0259m&#8221;\">Davam\u0131<\/a><\/p>\n","protected":false},"author":8,"featured_media":236589,"comment_status":"closed","ping_status":"closed","sticky":false,"template":"","format":"standard","meta":{"_acf_changed":false,"_sitemap_exclude":false,"_sitemap_priority":"","_sitemap_frequency":"","footnotes":""},"categories":[52,56],"tags":[],"class_list":["post-236588","post","type-post","status-publish","format-standard","has-post-thumbnail","hentry","category-medeniyyet","category-xeberler","infinite-scroll-item","generate-columns","tablet-grid-50","mobile-grid-100","grid-parent","grid-33","no-featured-image-padding"],"acf":[],"yoast_head":"<!-- This site is optimized with the Yoast SEO plugin v27.4 - https:\/\/yoast.com\/product\/yoast-seo-wordpress\/ -->\n<title>SSR\u0130 Xalq artisti: &quot;Kiyevd\u0259y\u0259m, m\u00fcdafi\u0259\u00e7il\u0259rimiz \u00fc\u00e7\u00fcn dua edir\u0259m&quot; - MEYDAN.TV<\/title>\n<meta name=\"robots\" content=\"index, follow, max-snippet:-1, max-image-preview:large, max-video-preview:-1\" \/>\n<link rel=\"canonical\" href=\"https:\/\/www.meydan.tv\/az\/article\/ssri-xalq-artisti-kiyevdeyem-mudafiecilerimiz-ucun-dua-edirem\/\" \/>\n<meta property=\"og:locale\" content=\"az_AZ\" \/>\n<meta property=\"og:type\" content=\"article\" \/>\n<meta property=\"og:title\" content=\"SSR\u0130 Xalq artisti: &quot;Kiyevd\u0259y\u0259m, m\u00fcdafi\u0259\u00e7il\u0259rimiz \u00fc\u00e7\u00fcn dua edir\u0259m&quot; - MEYDAN.TV\" \/>\n<meta property=\"og:description\" content=\"&#8220;Ukraynaya s\u00fclh arzulay\u0131ram&#8221; \u018fks\u0259r s\u0259n\u0259t adamlar\u0131 kimi SSR\u0130 Xalq artisti ... Davam\u0131\" \/>\n<meta property=\"og:url\" content=\"https:\/\/www.meydan.tv\/az\/article\/ssri-xalq-artisti-kiyevdeyem-mudafiecilerimiz-ucun-dua-edirem\/\" \/>\n<meta property=\"og:site_name\" content=\"MEYDAN.TV\" \/>\n<meta property=\"article:published_time\" content=\"2022-03-01T12:45:51+00:00\" \/>\n<meta property=\"article:modified_time\" content=\"2022-03-01T12:45:53+00:00\" \/>\n<meta property=\"og:image\" content=\"https:\/\/www.meydan.tv\/wp-content\/uploads\/shutterstock_537705133-e1646138091114.jpg\" \/>\n\t<meta property=\"og:image:width\" content=\"1200\" \/>\n\t<meta property=\"og:image:height\" content=\"579\" \/>\n\t<meta property=\"og:image:type\" content=\"image\/jpeg\" \/>\n<meta name=\"author\" content=\"elli\" \/>\n<meta name=\"twitter:card\" content=\"summary_large_image\" \/>\n<meta name=\"twitter:creator\" content=\"@elli\" \/>\n<script type=\"application\/ld+json\" class=\"yoast-schema-graph\">{\"@context\":\"https:\\\/\\\/schema.org\",\"@graph\":[{\"@type\":\"Article\",\"@id\":\"https:\\\/\\\/www.meydan.tv\\\/az\\\/article\\\/ssri-xalq-artisti-kiyevdeyem-mudafiecilerimiz-ucun-dua-edirem\\\/#article\",\"isPartOf\":{\"@id\":\"https:\\\/\\\/www.meydan.tv\\\/az\\\/article\\\/ssri-xalq-artisti-kiyevdeyem-mudafiecilerimiz-ucun-dua-edirem\\\/\"},\"author\":{\"name\":\"elli\",\"@id\":\"https:\\\/\\\/www.meydan.tv\\\/az\\\/#\\\/schema\\\/person\\\/9cdbecf90d17180ce1dfbd95b08dcf47\"},\"headline\":\"SSR\u0130 Xalq artisti: &#8220;Kiyevd\u0259y\u0259m, m\u00fcdafi\u0259\u00e7il\u0259rimiz \u00fc\u00e7\u00fcn dua edir\u0259m&#8221;\",\"datePublished\":\"2022-03-01T12:45:51+00:00\",\"dateModified\":\"2022-03-01T12:45:53+00:00\",\"mainEntityOfPage\":{\"@id\":\"https:\\\/\\\/www.meydan.tv\\\/az\\\/article\\\/ssri-xalq-artisti-kiyevdeyem-mudafiecilerimiz-ucun-dua-edirem\\\/\"},\"wordCount\":316,\"publisher\":{\"@id\":\"https:\\\/\\\/www.meydan.tv\\\/az\\\/#organization\"},\"image\":{\"@id\":\"https:\\\/\\\/www.meydan.tv\\\/az\\\/article\\\/ssri-xalq-artisti-kiyevdeyem-mudafiecilerimiz-ucun-dua-edirem\\\/#primaryimage\"},\"thumbnailUrl\":\"https:\\\/\\\/www.meydan.tv\\\/wp-content\\\/uploads\\\/shutterstock_537705133-e1646138091114.jpg\",\"articleSection\":[\"M\u0259d\u0259niyy\u0259t\",\"X\u0259b\u0259rl\u0259r\"],\"inLanguage\":\"az\"},{\"@type\":\"WebPage\",\"@id\":\"https:\\\/\\\/www.meydan.tv\\\/az\\\/article\\\/ssri-xalq-artisti-kiyevdeyem-mudafiecilerimiz-ucun-dua-edirem\\\/\",\"url\":\"https:\\\/\\\/www.meydan.tv\\\/az\\\/article\\\/ssri-xalq-artisti-kiyevdeyem-mudafiecilerimiz-ucun-dua-edirem\\\/\",\"name\":\"SSR\u0130 Xalq artisti: \\\"Kiyevd\u0259y\u0259m, m\u00fcdafi\u0259\u00e7il\u0259rimiz \u00fc\u00e7\u00fcn dua edir\u0259m\\\" - MEYDAN.TV\",\"isPartOf\":{\"@id\":\"https:\\\/\\\/www.meydan.tv\\\/az\\\/#website\"},\"primaryImageOfPage\":{\"@id\":\"https:\\\/\\\/www.meydan.tv\\\/az\\\/article\\\/ssri-xalq-artisti-kiyevdeyem-mudafiecilerimiz-ucun-dua-edirem\\\/#primaryimage\"},\"image\":{\"@id\":\"https:\\\/\\\/www.meydan.tv\\\/az\\\/article\\\/ssri-xalq-artisti-kiyevdeyem-mudafiecilerimiz-ucun-dua-edirem\\\/#primaryimage\"},\"thumbnailUrl\":\"https:\\\/\\\/www.meydan.tv\\\/wp-content\\\/uploads\\\/shutterstock_537705133-e1646138091114.jpg\",\"datePublished\":\"2022-03-01T12:45:51+00:00\",\"dateModified\":\"2022-03-01T12:45:53+00:00\",\"breadcrumb\":{\"@id\":\"https:\\\/\\\/www.meydan.tv\\\/az\\\/article\\\/ssri-xalq-artisti-kiyevdeyem-mudafiecilerimiz-ucun-dua-edirem\\\/#breadcrumb\"},\"inLanguage\":\"az\",\"potentialAction\":[{\"@type\":\"ReadAction\",\"target\":[\"https:\\\/\\\/www.meydan.tv\\\/az\\\/article\\\/ssri-xalq-artisti-kiyevdeyem-mudafiecilerimiz-ucun-dua-edirem\\\/\"]}]},{\"@type\":\"ImageObject\",\"inLanguage\":\"az\",\"@id\":\"https:\\\/\\\/www.meydan.tv\\\/az\\\/article\\\/ssri-xalq-artisti-kiyevdeyem-mudafiecilerimiz-ucun-dua-edirem\\\/#primaryimage\",\"url\":\"https:\\\/\\\/www.meydan.tv\\\/wp-content\\\/uploads\\\/shutterstock_537705133-e1646138091114.jpg\",\"contentUrl\":\"https:\\\/\\\/www.meydan.tv\\\/wp-content\\\/uploads\\\/shutterstock_537705133-e1646138091114.jpg\",\"width\":1200,\"height\":579,\"caption\":\"Sofiya Rotaru. Foto: Review News\\\/shutterstock\"},{\"@type\":\"BreadcrumbList\",\"@id\":\"https:\\\/\\\/www.meydan.tv\\\/az\\\/article\\\/ssri-xalq-artisti-kiyevdeyem-mudafiecilerimiz-ucun-dua-edirem\\\/#breadcrumb\",\"itemListElement\":[{\"@type\":\"ListItem\",\"position\":1,\"name\":\"Ana s\u0259hif\u0259\",\"item\":\"https:\\\/\\\/www.meydan.tv\\\/az\\\/\"},{\"@type\":\"ListItem\",\"position\":2,\"name\":\"M\u0259d\u0259niyy\u0259t\",\"item\":\"https:\\\/\\\/www.meydan.tv\\\/az\\\/section\\\/medeniyyet\\\/\"},{\"@type\":\"ListItem\",\"position\":3,\"name\":\"SSR\u0130 Xalq artisti: &#8220;Kiyevd\u0259y\u0259m, m\u00fcdafi\u0259\u00e7il\u0259rimiz \u00fc\u00e7\u00fcn dua edir\u0259m&#8221;\"}]},{\"@type\":\"WebSite\",\"@id\":\"https:\\\/\\\/www.meydan.tv\\\/az\\\/#website\",\"url\":\"https:\\\/\\\/www.meydan.tv\\\/az\\\/\",\"name\":\"MEYDAN.TV\",\"description\":\"Meydan TV Az\u0259rbaycan\u0131n media m\u0259kan\u0131ndak\u0131 alternativ s\u0259sidir\",\"publisher\":{\"@id\":\"https:\\\/\\\/www.meydan.tv\\\/az\\\/#organization\"},\"potentialAction\":[{\"@type\":\"SearchAction\",\"target\":{\"@type\":\"EntryPoint\",\"urlTemplate\":\"https:\\\/\\\/www.meydan.tv\\\/az\\\/?s={search_term_string}\"},\"query-input\":{\"@type\":\"PropertyValueSpecification\",\"valueRequired\":true,\"valueName\":\"search_term_string\"}}],\"inLanguage\":\"az\"},{\"@type\":\"Organization\",\"@id\":\"https:\\\/\\\/www.meydan.tv\\\/az\\\/#organization\",\"name\":\"Meydan TV\",\"url\":\"https:\\\/\\\/www.meydan.tv\\\/az\\\/\",\"logo\":{\"@type\":\"ImageObject\",\"inLanguage\":\"az\",\"@id\":\"https:\\\/\\\/www.meydan.tv\\\/az\\\/#\\\/schema\\\/logo\\\/image\\\/\",\"url\":\"https:\\\/\\\/www.meydan.tv\\\/wp-content\\\/uploads\\\/2021\\\/07\\\/meydan-logo.svg\",\"contentUrl\":\"https:\\\/\\\/www.meydan.tv\\\/wp-content\\\/uploads\\\/2021\\\/07\\\/meydan-logo.svg\",\"width\":195,\"height\":46,\"caption\":\"Meydan TV\"},\"image\":{\"@id\":\"https:\\\/\\\/www.meydan.tv\\\/az\\\/#\\\/schema\\\/logo\\\/image\\\/\"}},{\"@type\":\"Person\",\"@id\":\"https:\\\/\\\/www.meydan.tv\\\/az\\\/#\\\/schema\\\/person\\\/9cdbecf90d17180ce1dfbd95b08dcf47\",\"name\":\"elli\",\"sameAs\":[\"https:\\\/\\\/x.com\\\/elli\"]}]}<\/script>\n<!-- \/ Yoast SEO plugin. -->","yoast_head_json":{"title":"SSR\u0130 Xalq artisti: \"Kiyevd\u0259y\u0259m, m\u00fcdafi\u0259\u00e7il\u0259rimiz \u00fc\u00e7\u00fcn dua edir\u0259m\" - MEYDAN.TV","robots":{"index":"index","follow":"follow","max-snippet":"max-snippet:-1","max-image-preview":"max-image-preview:large","max-video-preview":"max-video-preview:-1"},"canonical":"https:\/\/www.meydan.tv\/az\/article\/ssri-xalq-artisti-kiyevdeyem-mudafiecilerimiz-ucun-dua-edirem\/","og_locale":"az_AZ","og_type":"article","og_title":"SSR\u0130 Xalq artisti: \"Kiyevd\u0259y\u0259m, m\u00fcdafi\u0259\u00e7il\u0259rimiz \u00fc\u00e7\u00fcn dua edir\u0259m\" - MEYDAN.TV","og_description":"&#8220;Ukraynaya s\u00fclh arzulay\u0131ram&#8221; \u018fks\u0259r s\u0259n\u0259t adamlar\u0131 kimi SSR\u0130 Xalq artisti ... Davam\u0131","og_url":"https:\/\/www.meydan.tv\/az\/article\/ssri-xalq-artisti-kiyevdeyem-mudafiecilerimiz-ucun-dua-edirem\/","og_site_name":"MEYDAN.TV","article_published_time":"2022-03-01T12:45:51+00:00","article_modified_time":"2022-03-01T12:45:53+00:00","og_image":[{"width":1200,"height":579,"url":"https:\/\/www.meydan.tv\/wp-content\/uploads\/shutterstock_537705133-e1646138091114.jpg","type":"image\/jpeg"}],"author":"elli","twitter_card":"summary_large_image","twitter_creator":"@elli","schema":{"@context":"https:\/\/schema.org","@graph":[{"@type":"Article","@id":"https:\/\/www.meydan.tv\/az\/article\/ssri-xalq-artisti-kiyevdeyem-mudafiecilerimiz-ucun-dua-edirem\/#article","isPartOf":{"@id":"https:\/\/www.meydan.tv\/az\/article\/ssri-xalq-artisti-kiyevdeyem-mudafiecilerimiz-ucun-dua-edirem\/"},"author":{"name":"elli","@id":"https:\/\/www.meydan.tv\/az\/#\/schema\/person\/9cdbecf90d17180ce1dfbd95b08dcf47"},"headline":"SSR\u0130 Xalq artisti: &#8220;Kiyevd\u0259y\u0259m, m\u00fcdafi\u0259\u00e7il\u0259rimiz \u00fc\u00e7\u00fcn dua edir\u0259m&#8221;","datePublished":"2022-03-01T12:45:51+00:00","dateModified":"2022-03-01T12:45:53+00:00","mainEntityOfPage":{"@id":"https:\/\/www.meydan.tv\/az\/article\/ssri-xalq-artisti-kiyevdeyem-mudafiecilerimiz-ucun-dua-edirem\/"},"wordCount":316,"publisher":{"@id":"https:\/\/www.meydan.tv\/az\/#organization"},"image":{"@id":"https:\/\/www.meydan.tv\/az\/article\/ssri-xalq-artisti-kiyevdeyem-mudafiecilerimiz-ucun-dua-edirem\/#primaryimage"},"thumbnailUrl":"https:\/\/www.meydan.tv\/wp-content\/uploads\/shutterstock_537705133-e1646138091114.jpg","articleSection":["M\u0259d\u0259niyy\u0259t","X\u0259b\u0259rl\u0259r"],"inLanguage":"az"},{"@type":"WebPage","@id":"https:\/\/www.meydan.tv\/az\/article\/ssri-xalq-artisti-kiyevdeyem-mudafiecilerimiz-ucun-dua-edirem\/","url":"https:\/\/www.meydan.tv\/az\/article\/ssri-xalq-artisti-kiyevdeyem-mudafiecilerimiz-ucun-dua-edirem\/","name":"SSR\u0130 Xalq artisti: \"Kiyevd\u0259y\u0259m, m\u00fcdafi\u0259\u00e7il\u0259rimiz \u00fc\u00e7\u00fcn dua edir\u0259m\" - MEYDAN.TV","isPartOf":{"@id":"https:\/\/www.meydan.tv\/az\/#website"},"primaryImageOfPage":{"@id":"https:\/\/www.meydan.tv\/az\/article\/ssri-xalq-artisti-kiyevdeyem-mudafiecilerimiz-ucun-dua-edirem\/#primaryimage"},"image":{"@id":"https:\/\/www.meydan.tv\/az\/article\/ssri-xalq-artisti-kiyevdeyem-mudafiecilerimiz-ucun-dua-edirem\/#primaryimage"},"thumbnailUrl":"https:\/\/www.meydan.tv\/wp-content\/uploads\/shutterstock_537705133-e1646138091114.jpg","datePublished":"2022-03-01T12:45:51+00:00","dateModified":"2022-03-01T12:45:53+00:00","breadcrumb":{"@id":"https:\/\/www.meydan.tv\/az\/article\/ssri-xalq-artisti-kiyevdeyem-mudafiecilerimiz-ucun-dua-edirem\/#breadcrumb"},"inLanguage":"az","potentialAction":[{"@type":"ReadAction","target":["https:\/\/www.meydan.tv\/az\/article\/ssri-xalq-artisti-kiyevdeyem-mudafiecilerimiz-ucun-dua-edirem\/"]}]},{"@type":"ImageObject","inLanguage":"az","@id":"https:\/\/www.meydan.tv\/az\/article\/ssri-xalq-artisti-kiyevdeyem-mudafiecilerimiz-ucun-dua-edirem\/#primaryimage","url":"https:\/\/www.meydan.tv\/wp-content\/uploads\/shutterstock_537705133-e1646138091114.jpg","contentUrl":"https:\/\/www.meydan.tv\/wp-content\/uploads\/shutterstock_537705133-e1646138091114.jpg","width":1200,"height":579,"caption":"Sofiya Rotaru. Foto: Review News\/shutterstock"},{"@type":"BreadcrumbList","@id":"https:\/\/www.meydan.tv\/az\/article\/ssri-xalq-artisti-kiyevdeyem-mudafiecilerimiz-ucun-dua-edirem\/#breadcrumb","itemListElement":[{"@type":"ListItem","position":1,"name":"Ana s\u0259hif\u0259","item":"https:\/\/www.meydan.tv\/az\/"},{"@type":"ListItem","position":2,"name":"M\u0259d\u0259niyy\u0259t","item":"https:\/\/www.meydan.tv\/az\/section\/medeniyyet\/"},{"@type":"ListItem","position":3,"name":"SSR\u0130 Xalq artisti: &#8220;Kiyevd\u0259y\u0259m, m\u00fcdafi\u0259\u00e7il\u0259rimiz \u00fc\u00e7\u00fcn dua edir\u0259m&#8221;"}]},{"@type":"WebSite","@id":"https:\/\/www.meydan.tv\/az\/#website","url":"https:\/\/www.meydan.tv\/az\/","name":"MEYDAN.TV","description":"Meydan TV Az\u0259rbaycan\u0131n media m\u0259kan\u0131ndak\u0131 alternativ s\u0259sidir","publisher":{"@id":"https:\/\/www.meydan.tv\/az\/#organization"},"potentialAction":[{"@type":"SearchAction","target":{"@type":"EntryPoint","urlTemplate":"https:\/\/www.meydan.tv\/az\/?s={search_term_string}"},"query-input":{"@type":"PropertyValueSpecification","valueRequired":true,"valueName":"search_term_string"}}],"inLanguage":"az"},{"@type":"Organization","@id":"https:\/\/www.meydan.tv\/az\/#organization","name":"Meydan TV","url":"https:\/\/www.meydan.tv\/az\/","logo":{"@type":"ImageObject","inLanguage":"az","@id":"https:\/\/www.meydan.tv\/az\/#\/schema\/logo\/image\/","url":"https:\/\/www.meydan.tv\/wp-content\/uploads\/2021\/07\/meydan-logo.svg","contentUrl":"https:\/\/www.meydan.tv\/wp-content\/uploads\/2021\/07\/meydan-logo.svg","width":195,"height":46,"caption":"Meydan TV"},"image":{"@id":"https:\/\/www.meydan.tv\/az\/#\/schema\/logo\/image\/"}},{"@type":"Person","@id":"https:\/\/www.meydan.tv\/az\/#\/schema\/person\/9cdbecf90d17180ce1dfbd95b08dcf47","name":"elli","sameAs":["https:\/\/x.com\/elli"]}]}},"_links":{"self":[{"href":"https:\/\/www.meydan.tv\/az\/wp-json\/wp\/v2\/posts\/236588","targetHints":{"allow":["GET"]}}],"collection":[{"href":"https:\/\/www.meydan.tv\/az\/wp-json\/wp\/v2\/posts"}],"about":[{"href":"https:\/\/www.meydan.tv\/az\/wp-json\/wp\/v2\/types\/post"}],"author":[{"embeddable":true,"href":"https:\/\/www.meydan.tv\/az\/wp-json\/wp\/v2\/users\/8"}],"replies":[{"embeddable":true,"href":"https:\/\/www.meydan.tv\/az\/wp-json\/wp\/v2\/comments?post=236588"}],"version-history":[{"count":3,"href":"https:\/\/www.meydan.tv\/az\/wp-json\/wp\/v2\/posts\/236588\/revisions"}],"predecessor-version":[{"id":236598,"href":"https:\/\/www.meydan.tv\/az\/wp-json\/wp\/v2\/posts\/236588\/revisions\/236598"}],"wp:featuredmedia":[{"embeddable":true,"href":"https:\/\/www.meydan.tv\/az\/wp-json\/wp\/v2\/media\/236589"}],"wp:attachment":[{"href":"https:\/\/www.meydan.tv\/az\/wp-json\/wp\/v2\/media?parent=236588"}],"wp:term":[{"taxonomy":"category","embeddable":true,"href":"https:\/\/www.meydan.tv\/az\/wp-json\/wp\/v2\/categories?post=236588"},{"taxonomy":"post_tag","embeddable":true,"href":"https:\/\/www.meydan.tv\/az\/wp-json\/wp\/v2\/tags?post=236588"}],"curies":[{"name":"wp","href":"https:\/\/api.w.org\/{rel}","templated":true}]}}