{"id":236564,"date":"2022-03-01T15:28:57","date_gmt":"2022-03-01T11:28:57","guid":{"rendered":"https:\/\/www.meydan.tv\/?p=236564"},"modified":"2022-03-01T15:28:59","modified_gmt":"2022-03-01T11:28:59","slug":"kinorejissora-verilen-mukafat-rusiyaya-gore-geri-alinir","status":"publish","type":"post","link":"https:\/\/www.meydan.tv\/az\/article\/kinorejissora-verilen-mukafat-rusiyaya-gore-geri-alinir\/","title":{"rendered":"Kinorejissora veril\u0259n m\u00fckafat Rusiyaya g\u00f6r\u0259 geri al\u0131n\u0131r"},"content":{"rendered":"\n<p><em>Kusturitsa \u201cKristian\u201d m\u00fckafat\u0131ndan m\u0259hrum edil\u0259c\u0259k<\/em><\/p>\n\n\n\n<p>Praqa Beyn\u0259lxalq Film Festival\u0131 \u201cFebiofest\u201d serbiyal\u0131 kinorejissor Emir Kusturitsaya 2017-ci ild\u0259 veril\u0259n \u201cKristian\u201d m\u00fckafat\u0131n\u0131 geri alacaq.<\/p>\n\n\n\n<p>Q\u0259rar\u0131 festival\u0131n t\u0259sis\u00e7isi v\u0259 s\u0259dri Ferro Feni\u00e7 verib, dig\u0259r n\u00fcmay\u0259nd\u0259l\u0259r d\u0259 d\u0259st\u0259kl\u0259yib.<\/p>\n\n\n\n<p>M\u00fckafat\u0131n Kusturitsadan geri al\u0131nma\u011f\u0131n\u0131n s\u0259b\u0259bi s\u0259n\u0259t\u00e7inin 2022-ci il fevral\u0131n 21-d\u0259 Rusiya Ordusunun M\u0259rk\u0259zi Akademik Teatr\u0131n\u0131n ba\u015f rejissoru v\u0259zif\u0259sind\u0259 \u00e7al\u0131\u015fma\u011fa raz\u0131l\u0131q verm\u0259sidir.<\/p>\n\n\n\n<p>Fevral\u0131n 21-d\u0259 Kusturitsa Rusiyan\u0131n m\u00fcdafi\u0259 naziri Sergey \u015eoyqunun Rusiya Ordusunun M\u0259rk\u0259zi Akademik Teatr\u0131n\u0131n ba\u015f rejissoru v\u0259zif\u0259sini tutmaq t\u0259klifini q\u0259bul edib.<\/p>\n\n\n\n<p>\u201cM\u0259nim \u00fc\u00e7\u00fcn Sergey \u015eoyqunun t\u0259klifini q\u0259bul etm\u0259k b\u00f6y\u00fck \u015f\u0259r\u0259fdir. Rus ordusunun teatr\u0131n\u0131n s\u0259hn\u0259sinin b\u00f6y\u00fck tarixi v\u0259 \u0259n\u0259n\u0259l\u0259ri var\u201d, &#8211; Kustritsa deyib.<\/p>\n\n\n\n<p>Emir Kusturitsa karyeras\u0131 boyunca m\u00fcxt\u0259lif sah\u0259l\u0259rd\u0259 populyarl\u0131q qazan\u0131b.<\/p>\n\n\n\n<p>O, \u0259vv\u0259lc\u0259 kinorejissor v\u0259 ssenari m\u00fc\u0259llifi kimi m\u0259\u015fhurla\u015f\u0131b, daha sonra is\u0259 \u00f6z\u00fcn\u00fc musiqi\u00e7i kimi t\u0259sdiql\u0259yib.<\/p>\n\n\n\n<p>1999-cu ild\u0259 \u201cThe No Smoking Orchestra\u201d qrupunu yarad\u0131b v\u0259 onun daimi \u00fczv\u00fcd\u00fcr.<\/p>\n\n\n\n<p>Kusturitsa qrupun t\u0259rkibind\u0259 gitara\u00e7\u0131 kimi \u00e7\u0131x\u0131\u015f edir.<\/p>\n\n\n\n<p>Qrup rok-n-roll, Balkan pank-roku, qara\u00e7\u0131 motivl\u0259ri, t\u00fcrk mar\u015flar\u0131 v\u0259 Asiya melodiyalar\u0131n\u0131 sintez edir.<br>\u00c7ox\u015fax\u0259li istedad\u0131 v\u0259 f\u0259aliyy\u0259ti Emir Kusturitsan\u0131 Balkan m\u0259d\u0259niyy\u0259tinin simvoluna \u00e7evirib.<\/p>\n\n\n\n<p>Kusturitsa \u201cArizona arzusu\u201d, \u201cYeralt\u0131\u201d, \u201cQara pi\u015fik, a\u011f pi\u015fik\u201d filml\u0259ri il\u0259 m\u0259\u015fhurdur.<\/p>\n\n\n\n<p>Kusturitsa Rusiyan\u0131n Ukrayna il\u0259 ba\u011fl\u0131 siyas\u0259tin\u0259 v\u0259 Kr\u0131m\u0131n ilhaq\u0131na d\u0259f\u0259l\u0259rl\u0259 ictimai d\u0259st\u0259k verib.<\/p>\n\n\n\n<p>Buna g\u00f6r\u0259 2015-ci ilin sonunda onun \u201cThe No Smoking Orchestra\u201d qrupu il\u0259 Kiyevd\u0259 ver\u0259c\u0259yi \u201cSevgi d\u00fcnyan\u0131 xilas ed\u0259c\u0259k\u201d adl\u0131 konsert l\u0259\u011fv olunub.<\/p>\n\n\n\n<p>Kusturitsa Ukrayna hakimiyy\u0259tinin bu add\u0131m\u0131n\u0131 Stalin d\u00f6vr\u00fcnd\u0259n qalma hesab edib.<\/p>\n\n\n\n<p>O \u0259lav\u0259 edib ki, Ukraynada hakimiyy\u0259t d\u0259yi\u015fikliyi \u201cMaydan h\u0259r\u0259kat\u0131\u201d zaman\u0131 h\u0259yata ke\u00e7iril\u0259n sui-q\u0259sdl\u0259r n\u0259tic\u0259sind\u0259 \u0259ld\u0259 olunub.<\/p>\n\n\n\n<p>Emir Kusturitsa 2018-ci ild\u0259 \u0130kinci D\u00fcnya m\u00fcharib\u0259sinin 75 illiyi m\u00fcnasib\u0259til\u0259 in\u015fa edil\u0259n Rusiya Federasiyas\u0131 Silahl\u0131 Q\u00fcvv\u0259l\u0259rinin \u0259sas m\u0259b\u0259dinin tikintisin\u0259 d\u0259st\u0259k verib.<\/p>\n\n\n\n<p>Fevral\u0131n 21-d\u0259 Rusiya Prezidenti Vladimir Putin separat\u00e7\u0131lar\u0131n n\u0259zar\u0259tind\u0259 olan \u201cDonetsk Xalq Respublikas\u0131\u201d (\u201cDXR\u201d) v\u0259 \u201cLuqansk Xalq Respublikas\u0131\u201d (\u201cLXR\u201d) adl\u0131 qurumlar\u0131 tan\u0131y\u0131b, h\u0259min \u0259razil\u0259r\u0259 ordu yeridib.<\/p>\n\n\n\n<p>Fevral\u0131n 24-d\u0259 Rusiya Ukraynan\u0131n Donbas b\u00f6lg\u0259sind\u0259 geni\u015fmiqyasl\u0131 h\u0259rbi \u0259m\u0259liyyatlara ba\u015flay\u0131b.<\/p>\n","protected":false},"excerpt":{"rendered":"<p>Kusturitsa \u201cKristian\u201d m\u00fckafat\u0131ndan m\u0259hrum edil\u0259c\u0259k Praqa Beyn\u0259lxalq Film Festival\u0131 \u201cFebiofest\u201d &#8230; <\/p>\n<p class=\"read-more-container\"><a title=\"Kinorejissora veril\u0259n m\u00fckafat Rusiyaya g\u00f6r\u0259 geri al\u0131n\u0131r\" class=\"read-more button\" href=\"https:\/\/www.meydan.tv\/az\/article\/kinorejissora-verilen-mukafat-rusiyaya-gore-geri-alinir\/#more-236564\" aria-label=\"Read more about Kinorejissora veril\u0259n m\u00fckafat Rusiyaya g\u00f6r\u0259 geri al\u0131n\u0131r\">Davam\u0131<\/a><\/p>\n","protected":false},"author":8,"featured_media":236565,"comment_status":"closed","ping_status":"closed","sticky":false,"template":"","format":"standard","meta":{"_acf_changed":false,"_sitemap_exclude":false,"_sitemap_priority":"","_sitemap_frequency":"","footnotes":""},"categories":[52,56],"tags":[],"class_list":["post-236564","post","type-post","status-publish","format-standard","has-post-thumbnail","hentry","category-medeniyyet","category-xeberler","infinite-scroll-item","generate-columns","tablet-grid-50","mobile-grid-100","grid-parent","grid-33","no-featured-image-padding"],"acf":[],"yoast_head":"<!-- This site is optimized with the Yoast SEO plugin v27.4 - https:\/\/yoast.com\/product\/yoast-seo-wordpress\/ -->\n<title>Kinorejissora veril\u0259n m\u00fckafat Rusiyaya g\u00f6r\u0259 geri al\u0131n\u0131r - MEYDAN.TV<\/title>\n<meta name=\"robots\" content=\"index, follow, max-snippet:-1, max-image-preview:large, max-video-preview:-1\" \/>\n<link rel=\"canonical\" href=\"https:\/\/www.meydan.tv\/az\/article\/kinorejissora-verilen-mukafat-rusiyaya-gore-geri-alinir\/\" \/>\n<meta property=\"og:locale\" content=\"az_AZ\" \/>\n<meta property=\"og:type\" content=\"article\" \/>\n<meta property=\"og:title\" content=\"Kinorejissora veril\u0259n m\u00fckafat Rusiyaya g\u00f6r\u0259 geri al\u0131n\u0131r - MEYDAN.TV\" \/>\n<meta property=\"og:description\" content=\"Kusturitsa \u201cKristian\u201d m\u00fckafat\u0131ndan m\u0259hrum edil\u0259c\u0259k Praqa Beyn\u0259lxalq Film Festival\u0131 \u201cFebiofest\u201d ... Davam\u0131\" \/>\n<meta property=\"og:url\" content=\"https:\/\/www.meydan.tv\/az\/article\/kinorejissora-verilen-mukafat-rusiyaya-gore-geri-alinir\/\" \/>\n<meta property=\"og:site_name\" content=\"MEYDAN.TV\" \/>\n<meta property=\"article:published_time\" content=\"2022-03-01T11:28:57+00:00\" \/>\n<meta property=\"article:modified_time\" content=\"2022-03-01T11:28:59+00:00\" \/>\n<meta property=\"og:image\" content=\"https:\/\/www.meydan.tv\/wp-content\/uploads\/shutterstock_1595375-e1646132787590.jpg\" \/>\n\t<meta property=\"og:image:width\" content=\"1200\" \/>\n\t<meta property=\"og:image:height\" content=\"654\" \/>\n\t<meta property=\"og:image:type\" content=\"image\/jpeg\" \/>\n<meta name=\"author\" content=\"elli\" \/>\n<meta name=\"twitter:card\" content=\"summary_large_image\" \/>\n<meta name=\"twitter:creator\" content=\"@elli\" \/>\n<script type=\"application\/ld+json\" class=\"yoast-schema-graph\">{\"@context\":\"https:\\\/\\\/schema.org\",\"@graph\":[{\"@type\":\"Article\",\"@id\":\"https:\\\/\\\/www.meydan.tv\\\/az\\\/article\\\/kinorejissora-verilen-mukafat-rusiyaya-gore-geri-alinir\\\/#article\",\"isPartOf\":{\"@id\":\"https:\\\/\\\/www.meydan.tv\\\/az\\\/article\\\/kinorejissora-verilen-mukafat-rusiyaya-gore-geri-alinir\\\/\"},\"author\":{\"name\":\"elli\",\"@id\":\"https:\\\/\\\/www.meydan.tv\\\/az\\\/#\\\/schema\\\/person\\\/9cdbecf90d17180ce1dfbd95b08dcf47\"},\"headline\":\"Kinorejissora veril\u0259n m\u00fckafat Rusiyaya g\u00f6r\u0259 geri al\u0131n\u0131r\",\"datePublished\":\"2022-03-01T11:28:57+00:00\",\"dateModified\":\"2022-03-01T11:28:59+00:00\",\"mainEntityOfPage\":{\"@id\":\"https:\\\/\\\/www.meydan.tv\\\/az\\\/article\\\/kinorejissora-verilen-mukafat-rusiyaya-gore-geri-alinir\\\/\"},\"wordCount\":471,\"publisher\":{\"@id\":\"https:\\\/\\\/www.meydan.tv\\\/az\\\/#organization\"},\"image\":{\"@id\":\"https:\\\/\\\/www.meydan.tv\\\/az\\\/article\\\/kinorejissora-verilen-mukafat-rusiyaya-gore-geri-alinir\\\/#primaryimage\"},\"thumbnailUrl\":\"https:\\\/\\\/www.meydan.tv\\\/wp-content\\\/uploads\\\/shutterstock_1595375-e1646132787590.jpg\",\"articleSection\":[\"M\u0259d\u0259niyy\u0259t\",\"X\u0259b\u0259rl\u0259r\"],\"inLanguage\":\"az\"},{\"@type\":\"WebPage\",\"@id\":\"https:\\\/\\\/www.meydan.tv\\\/az\\\/article\\\/kinorejissora-verilen-mukafat-rusiyaya-gore-geri-alinir\\\/\",\"url\":\"https:\\\/\\\/www.meydan.tv\\\/az\\\/article\\\/kinorejissora-verilen-mukafat-rusiyaya-gore-geri-alinir\\\/\",\"name\":\"Kinorejissora veril\u0259n m\u00fckafat Rusiyaya g\u00f6r\u0259 geri al\u0131n\u0131r - MEYDAN.TV\",\"isPartOf\":{\"@id\":\"https:\\\/\\\/www.meydan.tv\\\/az\\\/#website\"},\"primaryImageOfPage\":{\"@id\":\"https:\\\/\\\/www.meydan.tv\\\/az\\\/article\\\/kinorejissora-verilen-mukafat-rusiyaya-gore-geri-alinir\\\/#primaryimage\"},\"image\":{\"@id\":\"https:\\\/\\\/www.meydan.tv\\\/az\\\/article\\\/kinorejissora-verilen-mukafat-rusiyaya-gore-geri-alinir\\\/#primaryimage\"},\"thumbnailUrl\":\"https:\\\/\\\/www.meydan.tv\\\/wp-content\\\/uploads\\\/shutterstock_1595375-e1646132787590.jpg\",\"datePublished\":\"2022-03-01T11:28:57+00:00\",\"dateModified\":\"2022-03-01T11:28:59+00:00\",\"breadcrumb\":{\"@id\":\"https:\\\/\\\/www.meydan.tv\\\/az\\\/article\\\/kinorejissora-verilen-mukafat-rusiyaya-gore-geri-alinir\\\/#breadcrumb\"},\"inLanguage\":\"az\",\"potentialAction\":[{\"@type\":\"ReadAction\",\"target\":[\"https:\\\/\\\/www.meydan.tv\\\/az\\\/article\\\/kinorejissora-verilen-mukafat-rusiyaya-gore-geri-alinir\\\/\"]}]},{\"@type\":\"ImageObject\",\"inLanguage\":\"az\",\"@id\":\"https:\\\/\\\/www.meydan.tv\\\/az\\\/article\\\/kinorejissora-verilen-mukafat-rusiyaya-gore-geri-alinir\\\/#primaryimage\",\"url\":\"https:\\\/\\\/www.meydan.tv\\\/wp-content\\\/uploads\\\/shutterstock_1595375-e1646132787590.jpg\",\"contentUrl\":\"https:\\\/\\\/www.meydan.tv\\\/wp-content\\\/uploads\\\/shutterstock_1595375-e1646132787590.jpg\",\"width\":1200,\"height\":654,\"caption\":\"Emir Kusturitsa. Foto: vilena krasnitska\\\/shutterstock\"},{\"@type\":\"BreadcrumbList\",\"@id\":\"https:\\\/\\\/www.meydan.tv\\\/az\\\/article\\\/kinorejissora-verilen-mukafat-rusiyaya-gore-geri-alinir\\\/#breadcrumb\",\"itemListElement\":[{\"@type\":\"ListItem\",\"position\":1,\"name\":\"Ana s\u0259hif\u0259\",\"item\":\"https:\\\/\\\/www.meydan.tv\\\/az\\\/\"},{\"@type\":\"ListItem\",\"position\":2,\"name\":\"M\u0259d\u0259niyy\u0259t\",\"item\":\"https:\\\/\\\/www.meydan.tv\\\/az\\\/section\\\/medeniyyet\\\/\"},{\"@type\":\"ListItem\",\"position\":3,\"name\":\"Kinorejissora veril\u0259n m\u00fckafat Rusiyaya g\u00f6r\u0259 geri al\u0131n\u0131r\"}]},{\"@type\":\"WebSite\",\"@id\":\"https:\\\/\\\/www.meydan.tv\\\/az\\\/#website\",\"url\":\"https:\\\/\\\/www.meydan.tv\\\/az\\\/\",\"name\":\"MEYDAN.TV\",\"description\":\"Meydan TV Az\u0259rbaycan\u0131n media m\u0259kan\u0131ndak\u0131 alternativ s\u0259sidir\",\"publisher\":{\"@id\":\"https:\\\/\\\/www.meydan.tv\\\/az\\\/#organization\"},\"potentialAction\":[{\"@type\":\"SearchAction\",\"target\":{\"@type\":\"EntryPoint\",\"urlTemplate\":\"https:\\\/\\\/www.meydan.tv\\\/az\\\/?s={search_term_string}\"},\"query-input\":{\"@type\":\"PropertyValueSpecification\",\"valueRequired\":true,\"valueName\":\"search_term_string\"}}],\"inLanguage\":\"az\"},{\"@type\":\"Organization\",\"@id\":\"https:\\\/\\\/www.meydan.tv\\\/az\\\/#organization\",\"name\":\"Meydan TV\",\"url\":\"https:\\\/\\\/www.meydan.tv\\\/az\\\/\",\"logo\":{\"@type\":\"ImageObject\",\"inLanguage\":\"az\",\"@id\":\"https:\\\/\\\/www.meydan.tv\\\/az\\\/#\\\/schema\\\/logo\\\/image\\\/\",\"url\":\"https:\\\/\\\/www.meydan.tv\\\/wp-content\\\/uploads\\\/2021\\\/07\\\/meydan-logo.svg\",\"contentUrl\":\"https:\\\/\\\/www.meydan.tv\\\/wp-content\\\/uploads\\\/2021\\\/07\\\/meydan-logo.svg\",\"width\":195,\"height\":46,\"caption\":\"Meydan TV\"},\"image\":{\"@id\":\"https:\\\/\\\/www.meydan.tv\\\/az\\\/#\\\/schema\\\/logo\\\/image\\\/\"}},{\"@type\":\"Person\",\"@id\":\"https:\\\/\\\/www.meydan.tv\\\/az\\\/#\\\/schema\\\/person\\\/9cdbecf90d17180ce1dfbd95b08dcf47\",\"name\":\"elli\",\"sameAs\":[\"https:\\\/\\\/x.com\\\/elli\"]}]}<\/script>\n<!-- \/ Yoast SEO plugin. -->","yoast_head_json":{"title":"Kinorejissora veril\u0259n m\u00fckafat Rusiyaya g\u00f6r\u0259 geri al\u0131n\u0131r - MEYDAN.TV","robots":{"index":"index","follow":"follow","max-snippet":"max-snippet:-1","max-image-preview":"max-image-preview:large","max-video-preview":"max-video-preview:-1"},"canonical":"https:\/\/www.meydan.tv\/az\/article\/kinorejissora-verilen-mukafat-rusiyaya-gore-geri-alinir\/","og_locale":"az_AZ","og_type":"article","og_title":"Kinorejissora veril\u0259n m\u00fckafat Rusiyaya g\u00f6r\u0259 geri al\u0131n\u0131r - MEYDAN.TV","og_description":"Kusturitsa \u201cKristian\u201d m\u00fckafat\u0131ndan m\u0259hrum edil\u0259c\u0259k Praqa Beyn\u0259lxalq Film Festival\u0131 \u201cFebiofest\u201d ... Davam\u0131","og_url":"https:\/\/www.meydan.tv\/az\/article\/kinorejissora-verilen-mukafat-rusiyaya-gore-geri-alinir\/","og_site_name":"MEYDAN.TV","article_published_time":"2022-03-01T11:28:57+00:00","article_modified_time":"2022-03-01T11:28:59+00:00","og_image":[{"width":1200,"height":654,"url":"https:\/\/www.meydan.tv\/wp-content\/uploads\/shutterstock_1595375-e1646132787590.jpg","type":"image\/jpeg"}],"author":"elli","twitter_card":"summary_large_image","twitter_creator":"@elli","schema":{"@context":"https:\/\/schema.org","@graph":[{"@type":"Article","@id":"https:\/\/www.meydan.tv\/az\/article\/kinorejissora-verilen-mukafat-rusiyaya-gore-geri-alinir\/#article","isPartOf":{"@id":"https:\/\/www.meydan.tv\/az\/article\/kinorejissora-verilen-mukafat-rusiyaya-gore-geri-alinir\/"},"author":{"name":"elli","@id":"https:\/\/www.meydan.tv\/az\/#\/schema\/person\/9cdbecf90d17180ce1dfbd95b08dcf47"},"headline":"Kinorejissora veril\u0259n m\u00fckafat Rusiyaya g\u00f6r\u0259 geri al\u0131n\u0131r","datePublished":"2022-03-01T11:28:57+00:00","dateModified":"2022-03-01T11:28:59+00:00","mainEntityOfPage":{"@id":"https:\/\/www.meydan.tv\/az\/article\/kinorejissora-verilen-mukafat-rusiyaya-gore-geri-alinir\/"},"wordCount":471,"publisher":{"@id":"https:\/\/www.meydan.tv\/az\/#organization"},"image":{"@id":"https:\/\/www.meydan.tv\/az\/article\/kinorejissora-verilen-mukafat-rusiyaya-gore-geri-alinir\/#primaryimage"},"thumbnailUrl":"https:\/\/www.meydan.tv\/wp-content\/uploads\/shutterstock_1595375-e1646132787590.jpg","articleSection":["M\u0259d\u0259niyy\u0259t","X\u0259b\u0259rl\u0259r"],"inLanguage":"az"},{"@type":"WebPage","@id":"https:\/\/www.meydan.tv\/az\/article\/kinorejissora-verilen-mukafat-rusiyaya-gore-geri-alinir\/","url":"https:\/\/www.meydan.tv\/az\/article\/kinorejissora-verilen-mukafat-rusiyaya-gore-geri-alinir\/","name":"Kinorejissora veril\u0259n m\u00fckafat Rusiyaya g\u00f6r\u0259 geri al\u0131n\u0131r - MEYDAN.TV","isPartOf":{"@id":"https:\/\/www.meydan.tv\/az\/#website"},"primaryImageOfPage":{"@id":"https:\/\/www.meydan.tv\/az\/article\/kinorejissora-verilen-mukafat-rusiyaya-gore-geri-alinir\/#primaryimage"},"image":{"@id":"https:\/\/www.meydan.tv\/az\/article\/kinorejissora-verilen-mukafat-rusiyaya-gore-geri-alinir\/#primaryimage"},"thumbnailUrl":"https:\/\/www.meydan.tv\/wp-content\/uploads\/shutterstock_1595375-e1646132787590.jpg","datePublished":"2022-03-01T11:28:57+00:00","dateModified":"2022-03-01T11:28:59+00:00","breadcrumb":{"@id":"https:\/\/www.meydan.tv\/az\/article\/kinorejissora-verilen-mukafat-rusiyaya-gore-geri-alinir\/#breadcrumb"},"inLanguage":"az","potentialAction":[{"@type":"ReadAction","target":["https:\/\/www.meydan.tv\/az\/article\/kinorejissora-verilen-mukafat-rusiyaya-gore-geri-alinir\/"]}]},{"@type":"ImageObject","inLanguage":"az","@id":"https:\/\/www.meydan.tv\/az\/article\/kinorejissora-verilen-mukafat-rusiyaya-gore-geri-alinir\/#primaryimage","url":"https:\/\/www.meydan.tv\/wp-content\/uploads\/shutterstock_1595375-e1646132787590.jpg","contentUrl":"https:\/\/www.meydan.tv\/wp-content\/uploads\/shutterstock_1595375-e1646132787590.jpg","width":1200,"height":654,"caption":"Emir Kusturitsa. Foto: vilena krasnitska\/shutterstock"},{"@type":"BreadcrumbList","@id":"https:\/\/www.meydan.tv\/az\/article\/kinorejissora-verilen-mukafat-rusiyaya-gore-geri-alinir\/#breadcrumb","itemListElement":[{"@type":"ListItem","position":1,"name":"Ana s\u0259hif\u0259","item":"https:\/\/www.meydan.tv\/az\/"},{"@type":"ListItem","position":2,"name":"M\u0259d\u0259niyy\u0259t","item":"https:\/\/www.meydan.tv\/az\/section\/medeniyyet\/"},{"@type":"ListItem","position":3,"name":"Kinorejissora veril\u0259n m\u00fckafat Rusiyaya g\u00f6r\u0259 geri al\u0131n\u0131r"}]},{"@type":"WebSite","@id":"https:\/\/www.meydan.tv\/az\/#website","url":"https:\/\/www.meydan.tv\/az\/","name":"MEYDAN.TV","description":"Meydan TV Az\u0259rbaycan\u0131n media m\u0259kan\u0131ndak\u0131 alternativ s\u0259sidir","publisher":{"@id":"https:\/\/www.meydan.tv\/az\/#organization"},"potentialAction":[{"@type":"SearchAction","target":{"@type":"EntryPoint","urlTemplate":"https:\/\/www.meydan.tv\/az\/?s={search_term_string}"},"query-input":{"@type":"PropertyValueSpecification","valueRequired":true,"valueName":"search_term_string"}}],"inLanguage":"az"},{"@type":"Organization","@id":"https:\/\/www.meydan.tv\/az\/#organization","name":"Meydan TV","url":"https:\/\/www.meydan.tv\/az\/","logo":{"@type":"ImageObject","inLanguage":"az","@id":"https:\/\/www.meydan.tv\/az\/#\/schema\/logo\/image\/","url":"https:\/\/www.meydan.tv\/wp-content\/uploads\/2021\/07\/meydan-logo.svg","contentUrl":"https:\/\/www.meydan.tv\/wp-content\/uploads\/2021\/07\/meydan-logo.svg","width":195,"height":46,"caption":"Meydan TV"},"image":{"@id":"https:\/\/www.meydan.tv\/az\/#\/schema\/logo\/image\/"}},{"@type":"Person","@id":"https:\/\/www.meydan.tv\/az\/#\/schema\/person\/9cdbecf90d17180ce1dfbd95b08dcf47","name":"elli","sameAs":["https:\/\/x.com\/elli"]}]}},"_links":{"self":[{"href":"https:\/\/www.meydan.tv\/az\/wp-json\/wp\/v2\/posts\/236564","targetHints":{"allow":["GET"]}}],"collection":[{"href":"https:\/\/www.meydan.tv\/az\/wp-json\/wp\/v2\/posts"}],"about":[{"href":"https:\/\/www.meydan.tv\/az\/wp-json\/wp\/v2\/types\/post"}],"author":[{"embeddable":true,"href":"https:\/\/www.meydan.tv\/az\/wp-json\/wp\/v2\/users\/8"}],"replies":[{"embeddable":true,"href":"https:\/\/www.meydan.tv\/az\/wp-json\/wp\/v2\/comments?post=236564"}],"version-history":[{"count":1,"href":"https:\/\/www.meydan.tv\/az\/wp-json\/wp\/v2\/posts\/236564\/revisions"}],"predecessor-version":[{"id":236568,"href":"https:\/\/www.meydan.tv\/az\/wp-json\/wp\/v2\/posts\/236564\/revisions\/236568"}],"wp:featuredmedia":[{"embeddable":true,"href":"https:\/\/www.meydan.tv\/az\/wp-json\/wp\/v2\/media\/236565"}],"wp:attachment":[{"href":"https:\/\/www.meydan.tv\/az\/wp-json\/wp\/v2\/media?parent=236564"}],"wp:term":[{"taxonomy":"category","embeddable":true,"href":"https:\/\/www.meydan.tv\/az\/wp-json\/wp\/v2\/categories?post=236564"},{"taxonomy":"post_tag","embeddable":true,"href":"https:\/\/www.meydan.tv\/az\/wp-json\/wp\/v2\/tags?post=236564"}],"curies":[{"name":"wp","href":"https:\/\/api.w.org\/{rel}","templated":true}]}}