{"id":236559,"date":"2022-03-01T15:01:18","date_gmt":"2022-03-01T11:01:18","guid":{"rendered":"https:\/\/www.meydan.tv\/?p=236559"},"modified":"2022-03-01T17:42:43","modified_gmt":"2022-03-01T13:42:43","slug":"xarkovdaki-azerbaycanlilar-konsulluq-yalan-danisir-bize-serait-yaradilmayib","status":"publish","type":"post","link":"https:\/\/www.meydan.tv\/az\/article\/xarkovdaki-azerbaycanlilar-konsulluq-yalan-danisir-bize-serait-yaradilmayib\/","title":{"rendered":"Xarkovdak\u0131 az\u0259rbaycanl\u0131lar: &#8220;Konsulluq yalan dan\u0131\u015f\u0131r, biz\u0259 \u015f\u0259rait yarad\u0131lmay\u0131b&#8221;"},"content":{"rendered":"\n<figure class=\"wp-block-embed is-type-video is-provider-youtube wp-block-embed-youtube wp-embed-aspect-16-9 wp-has-aspect-ratio\"><div class=\"wp-block-embed__wrapper\">\n<iframe title=\"Ukraynan\u0131n 2-ci b\u00f6y\u00fck \u015f\u0259h\u0259ri Xarkov bombard\u0131mandan sonra\" width=\"1200\" height=\"675\" data-src=\"https:\/\/www.youtube.com\/embed\/lWZiz6wUzBQ?feature=oembed\" frameborder=\"0\" allow=\"accelerometer; autoplay; clipboard-write; encrypted-media; gyroscope; picture-in-picture\" allowfullscreen src=\"data:image\/svg+xml;base64,PHN2ZyB3aWR0aD0iMSIgaGVpZ2h0PSIxIiB4bWxucz0iaHR0cDovL3d3dy53My5vcmcvMjAwMC9zdmciPjwvc3ZnPg==\" class=\"lazyload\" data-load-mode=\"1\"><\/iframe>\n<\/div><\/figure>\n\n\n\n<!--more-->\n\n\n\n<p><em>Konsulluq: &#8220;500 n\u0259f\u0259r az\u0259rbaycanl\u0131 Xarkovdan Lvova yola sal\u0131n\u0131b&#8221;<\/em><\/p>\n\n\n\n<p>&#8220;Mart\u0131n 1-d\u0259 500 n\u0259f\u0259r az\u0259rbaycanl\u0131 Ukraynan\u0131n Xarkov \u015f\u0259h\u0259rind\u0259n Lvova yola sal\u0131n\u0131b. Onlar\u0131n Lvovdan Ukrayna-Pol\u015fa s\u0259rh\u0259ddini ke\u00e7m\u0259l\u0259rin\u0259 k\u00f6m\u0259k g\u00f6st\u0259ril\u0259c\u0259k&#8221;.<\/p>\n\n\n\n<p>Az\u0259rbaycan\u0131n f\u0259xri konsullu\u011funun <a href=\"https:\/\/report.az\/xarici-siyaset\/bu-gun-500-azerbaycanli-xarkovdan-lvova-texliye-edilib\/\" target=\"_blank\" rel=\"noreferrer noopener\">m\u0259lumat<\/a>\u0131nda bel\u0259 deyilir.<\/p>\n\n\n\n<p>Bildirilir ki, Xarkov C\u0259nub D\u0259mir Yolu \u0130dar\u0259si v\u0259 Xarkov D\u0259mir Yolu Va\u011fzal\u0131 il\u0259 apar\u0131lan dan\u0131\u015f\u0131qlar \u0259sas\u0131nda bu yerl\u0259rd\u0259 Az\u0259rbaycan v\u0259t\u0259nda\u015flar\u0131n\u0131n g\u00fcnd\u0259lik t\u0259xliy\u0259si \u00fc\u00e7\u00fcn \u015f\u0259rait yarad\u0131l\u0131b: \u201cXarkov \u015f\u0259h\u0259rini t\u0259rk etm\u0259k ist\u0259y\u0259n az\u0259rbaycanl\u0131lardan D\u0259mir Yolu Va\u011fzal\u0131n\u0131n n\u00f6vb\u0259t\u00e7i hiss\u0259si v\u0259 Az\u0259rbaycan\u0131n Xarkov \u015f\u0259h\u0259rind\u0259ki f\u0259xri konsullu\u011fu il\u0259 \u0259laq\u0259 saxlamalar\u0131 xahi\u015f olunur\u201c.<\/p>\n\n\n\n<p>Az\u0259rbaycan v\u0259t\u0259nda\u015flar\u0131 x\u00fcsusi hallarla ba\u011fl\u0131 Xarkov \u015f\u0259h\u0259rind\u0259ki f\u0259xri konsulluq il\u0259 \u0259laq\u0259 saxlaya bil\u0259r:<\/p>\n\n\n\n<p><em>Telefon n\u00f6mr\u0259l\u0259ri: (+38057) 7000531 (+380) 57 700 05 31, (+380)63 047 05 50<br>E-po\u00e7t \u00fcnvan\u0131: info.azconsulate@gmail.com<\/em><\/p>\n\n\n\n<p>Az\u0259rbaycan Xarici \u0130\u015fl\u0259r Nazirliyi (X\u0130N) d\u0259 mart\u0131n 1-d\u0259 Ukraynadak\u0131 v\u0259ziyy\u0259tl\u0259 \u0259laq\u0259dar, bu \u00f6lk\u0259d\u0259 daimi v\u0259 m\u00fcv\u0259qq\u0259ti ya\u015fayan, s\u0259f\u0259rd\u0259 olan Az\u0259rbaycan v\u0259t\u0259nda\u015flar\u0131na m\u00fcraci\u0259t <a href=\"https:\/\/www.mfa.gov.az\/az\/news\/no07621\" target=\"_blank\" rel=\"noreferrer noopener\">edib<\/a>.<\/p>\n\n\n\n<p>M\u00fcraci\u0259td\u0259 insanlardan h\u0259rbi q\u00fcvv\u0259l\u0259rin c\u0259ml\u0259\u015fdiyi v\u0259 h\u0259rbi obyektl\u0259rin yerl\u0259\u015fdiyi \u0259razil\u0259rd\u0259n uzaq olmalar\u0131 t\u00f6vsiy\u0259 edilir.<\/p>\n\n\n\n<p>X\u0130N bildirir ki, ehtiyac olmad\u0131\u011f\u0131 t\u0259qdird\u0259 evd\u0259 qalmaq laz\u0131md\u0131r: \u201cG\u00fcv\u0259nli yerl\u0259rd\u0259 qal\u0131n v\u0259 s\u0259yah\u0259tl\u0259rd\u0259n \u00e7\u0259kinin. Ciddi t\u0259hl\u00fck\u0259 il\u0259 \u00fczl\u0259\u015fmi\u015f Az\u0259rbaycan Respublikas\u0131 v\u0259t\u0259nda\u015flar\u0131 is\u0259 Ukrayna \u0259razisini Moldova Respublikas\u0131, Pol\u015fa Respublikas\u0131, Slovakiya Respublikas\u0131, Macar\u0131stan v\u0259 Rum\u0131niya istiqam\u0259tl\u0259rind\u0259 t\u0259rk ed\u0259 bil\u0259rl\u0259r. H\u0259m\u00e7inin, v\u0259t\u0259nda\u015flar\u0131m\u0131z\u0131n Rum\u0131niya \u0259razisind\u0259n tranzit olaraq Bolqar\u0131stan Respublikas\u0131 \u0259razisi vasit\u0259sil\u0259 T\u00fcrkiy\u0259 Respublikas\u0131na, oradan is\u0259 Az\u0259rbaycana qay\u0131tma\u011f\u0131 se\u00e7m\u0259l\u0259ri d\u0259 m\u00fcmk\u00fcnd\u00fcr\u201c.<\/p>\n\n\n\n<p>Yaranm\u0131\u015f suallarla ba\u011fl\u0131 z\u0259ruri m\u0259lumat\u0131n verilm\u0259si \u00fc\u00e7\u00fcn Xarici \u0130\u015fl\u0259r Nazirliyi il\u0259 a\u015fa\u011f\u0131dak\u0131 \u0259laq\u0259 vasit\u0259l\u0259ri il\u0259 \u0259laq\u0259 saxlan\u0131la bil\u0259r:<\/p>\n\n\n\n<p>Az\u0259rbaycan Respublikas\u0131n\u0131n Xarici \u0130\u015fl\u0259r Nazirliyinin qaynar x\u0259tl\u0259ri:<br><em>Telefon: +994505748595<br>+994506725868<br>+994125969422<br>+994125969301<br>Elektron po\u00e7t: mkon3@mfa.gov.az<\/em><\/p>\n\n\n\n<p>Az\u0259rbaycan Respublikas\u0131n\u0131n Ukraynadak\u0131 S\u0259firliyi (Kiyev \u015f\u0259h\u0259ri):<br><em>Telefon: +380 73 5050000<br>Elektron po\u00e7t: kiev@mission.mfa.gov.az<\/em><\/p>\n\n\n\n<p>Az\u0259rbaycan Respublikas\u0131n\u0131n Xarkov \u015f\u0259h\u0259rind\u0259ki f\u0259xri konsullu\u011fu:<br><em>Telefon: (+38057) 7000531<br>Elektron po\u00e7t: info.azconsulate@gmail.com<\/em><\/p>\n\n\n\n<p>Az\u0259rbaycan Respublikas\u0131n\u0131n Moldovadak\u0131 S\u0259firliyi:<br><em>Telefon: +373 781 81 361, +373 789 91 849, +373 222 32 277<br>Elektron po\u00e7t: chisinau@mission.mfa.gov.az<\/em><\/p>\n\n\n\n<p>Az\u0259rbaycan Respublikas\u0131n\u0131n Pol\u015fadak\u0131 S\u0259firliyi:<br><em>Telefon: +48 576 900 183, +48 22 718 30 70<br>Elektron po\u00e7t: consul_warsaw@mission.mfa.gov.az<\/em><\/p>\n\n\n\n<p>Az\u0259rbaycan Respublikas\u0131n\u0131n Macar\u0131standak\u0131 S\u0259firliyi:<br><em>Telefon: +36300901033 (telefonla z\u0259ngl\u0259r \u00fc\u00e7\u00fcn),<br>+994552999012 (WhatsApp vasit\u0259sil\u0259 z\u0259ngl\u0259r \u00fc\u00e7\u00fcn)<br>Elektron po\u00e7t: budapest@mission.mfa.gov.az<\/em><\/p>\n\n\n\n<p>Az\u0259rbaycan Respublikas\u0131n\u0131n Slovakiyada akkredit\u0259 olunmu\u015f S\u0259firliyi:<\/p>\n\n\n\n<p><em>Telefon: +43 676 844 509 733<br>Elektron po\u00e7t: vienna@mission.mfa.gov.az<\/em><\/p>\n\n\n\n<p>Az\u0259rbaycan Respublikas\u0131n\u0131n Rum\u0131niyadak\u0131 S\u0259firliyi:<br><em>Telefon: +407 487 77744, +407 409 90079<br>Elektron po\u00e7t: bucharest@mission.mfa.gov<\/em><\/p>\n\n\n\n<p>Az\u0259rbaycan Respublikas\u0131n\u0131n Bolqar\u0131standak\u0131 S\u0259firliyi:<br><em>Telefon: +359895002732<br>Elektron po\u00e7t: sofia@mission.mfa.gov.az<\/em><\/p>\n\n\n\n<p>Az\u0259rbaycan Respublikas\u0131n\u0131n T\u00fcrkiy\u0259d\u0259ki S\u0259firliyi (Ankara \u015f\u0259h\u0259ri):<br><em>Telefon: +905550310007<br>Elektron po\u00e7t: ankara@mission.mfa.gov.az<\/em><\/p>\n\n\n\n<p>Az\u0259rbaycan Respublikas\u0131n\u0131n T\u00fcrkiy\u0259nin \u0130stanbul \u015f\u0259h\u0259rind\u0259ki Ba\u015f Konsullu\u011fu<br><em>Telefon: +905441040111<br>Elektron po\u00e7t: istanbul@mission.mfa.gov.az<\/em><\/p>\n\n\n\n<p>Haz\u0131rda Xarkovun D\u0259miryol va\u011fzal\u0131nda olan az\u0259rbaycanl\u0131lar is\u0259 sosial \u015f\u0259b\u0259k\u0259l\u0259rd\u0259 payla\u015f\u0131m ed\u0259r\u0259k bildirirl\u0259r ki, burada onlar \u00fc\u00e7\u00fcn h\u0259r hans\u0131 \u015f\u0259rait yarad\u0131lmay\u0131b.<\/p>\n\n\n\n<p>Onlar\u0131n s\u00f6zl\u0259rin\u0259 g\u00f6r\u0259, deyil\u0259nl\u0259rin ham\u0131s\u0131 yaland\u0131r: \u201cBiz\u0259 s\u00f6z verilmi\u015fdi ki, az\u0259rbaycanl\u0131lar \u00fc\u00e7\u00fcn vaqon ayr\u0131lacaq, onlar\u0131n t\u0259xliy\u0259si h\u0259yata ke\u00e7iril\u0259c\u0259k. Biz d\u0259 y\u0131\u011f\u0131\u015f\u0131b g\u0259lmi\u015fik, he\u00e7 n\u0259 yoxdur. S\u0259firliy\u0259 z\u0259ng edirik, konsullu\u011fa z\u0259ng edirik, he\u00e7 birind\u0259n cavab g\u0259lmir. H\u0259r yer\u0259 z\u0259ng etmi\u015fik, h\u0259tta registrasiyadan da ke\u00e7mi\u015fik. Buradak\u0131 polisl\u0259r bildirirl\u0259r ki, siz\u0259 he\u00e7 bir yer ayr\u0131lmay\u0131b. Ham\u0131 nec\u0259, siz d\u0259 el\u0259\u201d.<\/p>\n\n\n\n<p>\u015eikay\u0259t\u00e7il\u0259r bildirirl\u0259r ki, haz\u0131rda va\u011fzal\u0131n yax\u0131nl\u0131qlar\u0131na bombalar ya\u011f\u0131r, bina silk\u0259l\u0259nir: \u201cKonsulluq, s\u0259firlik h\u0259r yerd\u0259 dan\u0131\u015f\u0131r ki, insanlara k\u00f6m\u0259k edilir. Yalan dan\u0131\u015f\u0131rlar, h\u0259r hans\u0131 k\u00f6m\u0259k yoxdur. \u0130nsanlar \u00f6z imkanlar\u0131 daxilind\u0259 Lvova gedir, oradan is\u0259 20 kilometrlik yolu \u00e7\u0259tinlikl\u0259, qa\u00e7a-qa\u00e7a Pol\u015fa s\u0259rh\u0259ddin\u0259d\u0259k piyada q\u0259t edirl\u0259r. He\u00e7 bir k\u00f6m\u0259kd\u0259n s\u00f6hb\u0259t ged\u0259 bilm\u0259z\u201d.<\/p>\n","protected":false},"excerpt":{"rendered":"","protected":false},"author":8,"featured_media":235522,"comment_status":"closed","ping_status":"closed","sticky":false,"template":"","format":"standard","meta":{"_acf_changed":false,"_sitemap_exclude":false,"_sitemap_priority":"","_sitemap_frequency":"","footnotes":""},"categories":[59,79,63,56],"tags":[],"class_list":["post-236559","post","type-post","status-publish","format-standard","has-post-thumbnail","hentry","category-siyaset","category-featured","category-video-2","category-xeberler","infinite-scroll-item","generate-columns","tablet-grid-50","mobile-grid-100","grid-parent","grid-33","no-featured-image-padding"],"acf":[],"yoast_head":"<!-- This site is optimized with the Yoast SEO plugin v27.5 - https:\/\/yoast.com\/product\/yoast-seo-wordpress\/ -->\n<title>Xarkovdak\u0131 az\u0259rbaycanl\u0131lar: &quot;Konsulluq yalan dan\u0131\u015f\u0131r, biz\u0259 \u015f\u0259rait yarad\u0131lmay\u0131b&quot; - MEYDAN.TV<\/title>\n<meta name=\"robots\" content=\"index, follow, max-snippet:-1, max-image-preview:large, max-video-preview:-1\" \/>\n<link rel=\"canonical\" href=\"https:\/\/www.meydan.tv\/az\/article\/xarkovdaki-azerbaycanlilar-konsulluq-yalan-danisir-bize-serait-yaradilmayib\/\" \/>\n<meta property=\"og:locale\" content=\"az_AZ\" \/>\n<meta property=\"og:type\" content=\"article\" \/>\n<meta property=\"og:title\" content=\"Xarkovdak\u0131 az\u0259rbaycanl\u0131lar: &quot;Konsulluq yalan dan\u0131\u015f\u0131r, biz\u0259 \u015f\u0259rait yarad\u0131lmay\u0131b&quot; - MEYDAN.TV\" \/>\n<meta property=\"og:url\" content=\"https:\/\/www.meydan.tv\/az\/article\/xarkovdaki-azerbaycanlilar-konsulluq-yalan-danisir-bize-serait-yaradilmayib\/\" \/>\n<meta property=\"og:site_name\" content=\"MEYDAN.TV\" \/>\n<meta property=\"article:published_time\" content=\"2022-03-01T11:01:18+00:00\" \/>\n<meta property=\"article:modified_time\" content=\"2022-03-01T13:42:43+00:00\" \/>\n<meta property=\"og:image\" content=\"https:\/\/www.meydan.tv\/wp-content\/uploads\/fmvbejdxsaa6zlz.jpeg\" \/>\n\t<meta property=\"og:image:width\" content=\"1280\" \/>\n\t<meta property=\"og:image:height\" content=\"960\" \/>\n\t<meta property=\"og:image:type\" content=\"image\/jpeg\" \/>\n<meta name=\"author\" content=\"elli\" \/>\n<meta name=\"twitter:card\" content=\"summary_large_image\" \/>\n<meta name=\"twitter:creator\" content=\"@elli\" \/>\n<script type=\"application\/ld+json\" class=\"yoast-schema-graph\">{\"@context\":\"https:\\\/\\\/schema.org\",\"@graph\":[{\"@type\":\"Article\",\"@id\":\"https:\\\/\\\/www.meydan.tv\\\/az\\\/article\\\/xarkovdaki-azerbaycanlilar-konsulluq-yalan-danisir-bize-serait-yaradilmayib\\\/#article\",\"isPartOf\":{\"@id\":\"https:\\\/\\\/www.meydan.tv\\\/az\\\/article\\\/xarkovdaki-azerbaycanlilar-konsulluq-yalan-danisir-bize-serait-yaradilmayib\\\/\"},\"author\":{\"name\":\"elli\",\"@id\":\"https:\\\/\\\/www.meydan.tv\\\/az\\\/#\\\/schema\\\/person\\\/9cdbecf90d17180ce1dfbd95b08dcf47\"},\"headline\":\"Xarkovdak\u0131 az\u0259rbaycanl\u0131lar: &#8220;Konsulluq yalan dan\u0131\u015f\u0131r, biz\u0259 \u015f\u0259rait yarad\u0131lmay\u0131b&#8221;\",\"datePublished\":\"2022-03-01T11:01:18+00:00\",\"dateModified\":\"2022-03-01T13:42:43+00:00\",\"mainEntityOfPage\":{\"@id\":\"https:\\\/\\\/www.meydan.tv\\\/az\\\/article\\\/xarkovdaki-azerbaycanlilar-konsulluq-yalan-danisir-bize-serait-yaradilmayib\\\/\"},\"wordCount\":859,\"publisher\":{\"@id\":\"https:\\\/\\\/www.meydan.tv\\\/az\\\/#organization\"},\"image\":{\"@id\":\"https:\\\/\\\/www.meydan.tv\\\/az\\\/article\\\/xarkovdaki-azerbaycanlilar-konsulluq-yalan-danisir-bize-serait-yaradilmayib\\\/#primaryimage\"},\"thumbnailUrl\":\"https:\\\/\\\/www.meydan.tv\\\/wp-content\\\/uploads\\\/fmvbejdxsaa6zlz.jpeg\",\"articleSection\":[\"Siyas\u0259t\",\"T\u00f6vsiy\u0259\",\"Video\",\"X\u0259b\u0259rl\u0259r\"],\"inLanguage\":\"az\"},{\"@type\":\"WebPage\",\"@id\":\"https:\\\/\\\/www.meydan.tv\\\/az\\\/article\\\/xarkovdaki-azerbaycanlilar-konsulluq-yalan-danisir-bize-serait-yaradilmayib\\\/\",\"url\":\"https:\\\/\\\/www.meydan.tv\\\/az\\\/article\\\/xarkovdaki-azerbaycanlilar-konsulluq-yalan-danisir-bize-serait-yaradilmayib\\\/\",\"name\":\"Xarkovdak\u0131 az\u0259rbaycanl\u0131lar: \\\"Konsulluq yalan dan\u0131\u015f\u0131r, biz\u0259 \u015f\u0259rait yarad\u0131lmay\u0131b\\\" - MEYDAN.TV\",\"isPartOf\":{\"@id\":\"https:\\\/\\\/www.meydan.tv\\\/az\\\/#website\"},\"primaryImageOfPage\":{\"@id\":\"https:\\\/\\\/www.meydan.tv\\\/az\\\/article\\\/xarkovdaki-azerbaycanlilar-konsulluq-yalan-danisir-bize-serait-yaradilmayib\\\/#primaryimage\"},\"image\":{\"@id\":\"https:\\\/\\\/www.meydan.tv\\\/az\\\/article\\\/xarkovdaki-azerbaycanlilar-konsulluq-yalan-danisir-bize-serait-yaradilmayib\\\/#primaryimage\"},\"thumbnailUrl\":\"https:\\\/\\\/www.meydan.tv\\\/wp-content\\\/uploads\\\/fmvbejdxsaa6zlz.jpeg\",\"datePublished\":\"2022-03-01T11:01:18+00:00\",\"dateModified\":\"2022-03-01T13:42:43+00:00\",\"breadcrumb\":{\"@id\":\"https:\\\/\\\/www.meydan.tv\\\/az\\\/article\\\/xarkovdaki-azerbaycanlilar-konsulluq-yalan-danisir-bize-serait-yaradilmayib\\\/#breadcrumb\"},\"inLanguage\":\"az\",\"potentialAction\":[{\"@type\":\"ReadAction\",\"target\":[\"https:\\\/\\\/www.meydan.tv\\\/az\\\/article\\\/xarkovdaki-azerbaycanlilar-konsulluq-yalan-danisir-bize-serait-yaradilmayib\\\/\"]}]},{\"@type\":\"ImageObject\",\"inLanguage\":\"az\",\"@id\":\"https:\\\/\\\/www.meydan.tv\\\/az\\\/article\\\/xarkovdaki-azerbaycanlilar-konsulluq-yalan-danisir-bize-serait-yaradilmayib\\\/#primaryimage\",\"url\":\"https:\\\/\\\/www.meydan.tv\\\/wp-content\\\/uploads\\\/fmvbejdxsaa6zlz.jpeg\",\"contentUrl\":\"https:\\\/\\\/www.meydan.tv\\\/wp-content\\\/uploads\\\/fmvbejdxsaa6zlz.jpeg\",\"width\":1280,\"height\":960,\"caption\":\"Xarkov \u015f\u0259h\u0259ri. M\u0259nb\u0259: Telegram\"},{\"@type\":\"BreadcrumbList\",\"@id\":\"https:\\\/\\\/www.meydan.tv\\\/az\\\/article\\\/xarkovdaki-azerbaycanlilar-konsulluq-yalan-danisir-bize-serait-yaradilmayib\\\/#breadcrumb\",\"itemListElement\":[{\"@type\":\"ListItem\",\"position\":1,\"name\":\"Ana s\u0259hif\u0259\",\"item\":\"https:\\\/\\\/www.meydan.tv\\\/az\\\/\"},{\"@type\":\"ListItem\",\"position\":2,\"name\":\"Siyas\u0259t\",\"item\":\"https:\\\/\\\/www.meydan.tv\\\/az\\\/section\\\/siyaset\\\/\"},{\"@type\":\"ListItem\",\"position\":3,\"name\":\"Xarkovdak\u0131 az\u0259rbaycanl\u0131lar: &#8220;Konsulluq yalan dan\u0131\u015f\u0131r, biz\u0259 \u015f\u0259rait yarad\u0131lmay\u0131b&#8221;\"}]},{\"@type\":\"WebSite\",\"@id\":\"https:\\\/\\\/www.meydan.tv\\\/az\\\/#website\",\"url\":\"https:\\\/\\\/www.meydan.tv\\\/az\\\/\",\"name\":\"MEYDAN.TV\",\"description\":\"Meydan TV Az\u0259rbaycan\u0131n media m\u0259kan\u0131ndak\u0131 alternativ s\u0259sidir\",\"publisher\":{\"@id\":\"https:\\\/\\\/www.meydan.tv\\\/az\\\/#organization\"},\"potentialAction\":[{\"@type\":\"SearchAction\",\"target\":{\"@type\":\"EntryPoint\",\"urlTemplate\":\"https:\\\/\\\/www.meydan.tv\\\/az\\\/?s={search_term_string}\"},\"query-input\":{\"@type\":\"PropertyValueSpecification\",\"valueRequired\":true,\"valueName\":\"search_term_string\"}}],\"inLanguage\":\"az\"},{\"@type\":\"Organization\",\"@id\":\"https:\\\/\\\/www.meydan.tv\\\/az\\\/#organization\",\"name\":\"Meydan TV\",\"url\":\"https:\\\/\\\/www.meydan.tv\\\/az\\\/\",\"logo\":{\"@type\":\"ImageObject\",\"inLanguage\":\"az\",\"@id\":\"https:\\\/\\\/www.meydan.tv\\\/az\\\/#\\\/schema\\\/logo\\\/image\\\/\",\"url\":\"https:\\\/\\\/www.meydan.tv\\\/wp-content\\\/uploads\\\/2021\\\/07\\\/meydan-logo.svg\",\"contentUrl\":\"https:\\\/\\\/www.meydan.tv\\\/wp-content\\\/uploads\\\/2021\\\/07\\\/meydan-logo.svg\",\"width\":195,\"height\":46,\"caption\":\"Meydan TV\"},\"image\":{\"@id\":\"https:\\\/\\\/www.meydan.tv\\\/az\\\/#\\\/schema\\\/logo\\\/image\\\/\"}},{\"@type\":\"Person\",\"@id\":\"https:\\\/\\\/www.meydan.tv\\\/az\\\/#\\\/schema\\\/person\\\/9cdbecf90d17180ce1dfbd95b08dcf47\",\"name\":\"elli\",\"sameAs\":[\"https:\\\/\\\/x.com\\\/elli\"]}]}<\/script>\n<!-- \/ Yoast SEO plugin. -->","yoast_head_json":{"title":"Xarkovdak\u0131 az\u0259rbaycanl\u0131lar: \"Konsulluq yalan dan\u0131\u015f\u0131r, biz\u0259 \u015f\u0259rait yarad\u0131lmay\u0131b\" - MEYDAN.TV","robots":{"index":"index","follow":"follow","max-snippet":"max-snippet:-1","max-image-preview":"max-image-preview:large","max-video-preview":"max-video-preview:-1"},"canonical":"https:\/\/www.meydan.tv\/az\/article\/xarkovdaki-azerbaycanlilar-konsulluq-yalan-danisir-bize-serait-yaradilmayib\/","og_locale":"az_AZ","og_type":"article","og_title":"Xarkovdak\u0131 az\u0259rbaycanl\u0131lar: \"Konsulluq yalan dan\u0131\u015f\u0131r, biz\u0259 \u015f\u0259rait yarad\u0131lmay\u0131b\" - MEYDAN.TV","og_url":"https:\/\/www.meydan.tv\/az\/article\/xarkovdaki-azerbaycanlilar-konsulluq-yalan-danisir-bize-serait-yaradilmayib\/","og_site_name":"MEYDAN.TV","article_published_time":"2022-03-01T11:01:18+00:00","article_modified_time":"2022-03-01T13:42:43+00:00","og_image":[{"width":1280,"height":960,"url":"https:\/\/www.meydan.tv\/wp-content\/uploads\/fmvbejdxsaa6zlz.jpeg","type":"image\/jpeg"}],"author":"elli","twitter_card":"summary_large_image","twitter_creator":"@elli","schema":{"@context":"https:\/\/schema.org","@graph":[{"@type":"Article","@id":"https:\/\/www.meydan.tv\/az\/article\/xarkovdaki-azerbaycanlilar-konsulluq-yalan-danisir-bize-serait-yaradilmayib\/#article","isPartOf":{"@id":"https:\/\/www.meydan.tv\/az\/article\/xarkovdaki-azerbaycanlilar-konsulluq-yalan-danisir-bize-serait-yaradilmayib\/"},"author":{"name":"elli","@id":"https:\/\/www.meydan.tv\/az\/#\/schema\/person\/9cdbecf90d17180ce1dfbd95b08dcf47"},"headline":"Xarkovdak\u0131 az\u0259rbaycanl\u0131lar: &#8220;Konsulluq yalan dan\u0131\u015f\u0131r, biz\u0259 \u015f\u0259rait yarad\u0131lmay\u0131b&#8221;","datePublished":"2022-03-01T11:01:18+00:00","dateModified":"2022-03-01T13:42:43+00:00","mainEntityOfPage":{"@id":"https:\/\/www.meydan.tv\/az\/article\/xarkovdaki-azerbaycanlilar-konsulluq-yalan-danisir-bize-serait-yaradilmayib\/"},"wordCount":859,"publisher":{"@id":"https:\/\/www.meydan.tv\/az\/#organization"},"image":{"@id":"https:\/\/www.meydan.tv\/az\/article\/xarkovdaki-azerbaycanlilar-konsulluq-yalan-danisir-bize-serait-yaradilmayib\/#primaryimage"},"thumbnailUrl":"https:\/\/www.meydan.tv\/wp-content\/uploads\/fmvbejdxsaa6zlz.jpeg","articleSection":["Siyas\u0259t","T\u00f6vsiy\u0259","Video","X\u0259b\u0259rl\u0259r"],"inLanguage":"az"},{"@type":"WebPage","@id":"https:\/\/www.meydan.tv\/az\/article\/xarkovdaki-azerbaycanlilar-konsulluq-yalan-danisir-bize-serait-yaradilmayib\/","url":"https:\/\/www.meydan.tv\/az\/article\/xarkovdaki-azerbaycanlilar-konsulluq-yalan-danisir-bize-serait-yaradilmayib\/","name":"Xarkovdak\u0131 az\u0259rbaycanl\u0131lar: \"Konsulluq yalan dan\u0131\u015f\u0131r, biz\u0259 \u015f\u0259rait yarad\u0131lmay\u0131b\" - MEYDAN.TV","isPartOf":{"@id":"https:\/\/www.meydan.tv\/az\/#website"},"primaryImageOfPage":{"@id":"https:\/\/www.meydan.tv\/az\/article\/xarkovdaki-azerbaycanlilar-konsulluq-yalan-danisir-bize-serait-yaradilmayib\/#primaryimage"},"image":{"@id":"https:\/\/www.meydan.tv\/az\/article\/xarkovdaki-azerbaycanlilar-konsulluq-yalan-danisir-bize-serait-yaradilmayib\/#primaryimage"},"thumbnailUrl":"https:\/\/www.meydan.tv\/wp-content\/uploads\/fmvbejdxsaa6zlz.jpeg","datePublished":"2022-03-01T11:01:18+00:00","dateModified":"2022-03-01T13:42:43+00:00","breadcrumb":{"@id":"https:\/\/www.meydan.tv\/az\/article\/xarkovdaki-azerbaycanlilar-konsulluq-yalan-danisir-bize-serait-yaradilmayib\/#breadcrumb"},"inLanguage":"az","potentialAction":[{"@type":"ReadAction","target":["https:\/\/www.meydan.tv\/az\/article\/xarkovdaki-azerbaycanlilar-konsulluq-yalan-danisir-bize-serait-yaradilmayib\/"]}]},{"@type":"ImageObject","inLanguage":"az","@id":"https:\/\/www.meydan.tv\/az\/article\/xarkovdaki-azerbaycanlilar-konsulluq-yalan-danisir-bize-serait-yaradilmayib\/#primaryimage","url":"https:\/\/www.meydan.tv\/wp-content\/uploads\/fmvbejdxsaa6zlz.jpeg","contentUrl":"https:\/\/www.meydan.tv\/wp-content\/uploads\/fmvbejdxsaa6zlz.jpeg","width":1280,"height":960,"caption":"Xarkov \u015f\u0259h\u0259ri. M\u0259nb\u0259: Telegram"},{"@type":"BreadcrumbList","@id":"https:\/\/www.meydan.tv\/az\/article\/xarkovdaki-azerbaycanlilar-konsulluq-yalan-danisir-bize-serait-yaradilmayib\/#breadcrumb","itemListElement":[{"@type":"ListItem","position":1,"name":"Ana s\u0259hif\u0259","item":"https:\/\/www.meydan.tv\/az\/"},{"@type":"ListItem","position":2,"name":"Siyas\u0259t","item":"https:\/\/www.meydan.tv\/az\/section\/siyaset\/"},{"@type":"ListItem","position":3,"name":"Xarkovdak\u0131 az\u0259rbaycanl\u0131lar: &#8220;Konsulluq yalan dan\u0131\u015f\u0131r, biz\u0259 \u015f\u0259rait yarad\u0131lmay\u0131b&#8221;"}]},{"@type":"WebSite","@id":"https:\/\/www.meydan.tv\/az\/#website","url":"https:\/\/www.meydan.tv\/az\/","name":"MEYDAN.TV","description":"Meydan TV Az\u0259rbaycan\u0131n media m\u0259kan\u0131ndak\u0131 alternativ s\u0259sidir","publisher":{"@id":"https:\/\/www.meydan.tv\/az\/#organization"},"potentialAction":[{"@type":"SearchAction","target":{"@type":"EntryPoint","urlTemplate":"https:\/\/www.meydan.tv\/az\/?s={search_term_string}"},"query-input":{"@type":"PropertyValueSpecification","valueRequired":true,"valueName":"search_term_string"}}],"inLanguage":"az"},{"@type":"Organization","@id":"https:\/\/www.meydan.tv\/az\/#organization","name":"Meydan TV","url":"https:\/\/www.meydan.tv\/az\/","logo":{"@type":"ImageObject","inLanguage":"az","@id":"https:\/\/www.meydan.tv\/az\/#\/schema\/logo\/image\/","url":"https:\/\/www.meydan.tv\/wp-content\/uploads\/2021\/07\/meydan-logo.svg","contentUrl":"https:\/\/www.meydan.tv\/wp-content\/uploads\/2021\/07\/meydan-logo.svg","width":195,"height":46,"caption":"Meydan TV"},"image":{"@id":"https:\/\/www.meydan.tv\/az\/#\/schema\/logo\/image\/"}},{"@type":"Person","@id":"https:\/\/www.meydan.tv\/az\/#\/schema\/person\/9cdbecf90d17180ce1dfbd95b08dcf47","name":"elli","sameAs":["https:\/\/x.com\/elli"]}]}},"_links":{"self":[{"href":"https:\/\/www.meydan.tv\/az\/wp-json\/wp\/v2\/posts\/236559","targetHints":{"allow":["GET"]}}],"collection":[{"href":"https:\/\/www.meydan.tv\/az\/wp-json\/wp\/v2\/posts"}],"about":[{"href":"https:\/\/www.meydan.tv\/az\/wp-json\/wp\/v2\/types\/post"}],"author":[{"embeddable":true,"href":"https:\/\/www.meydan.tv\/az\/wp-json\/wp\/v2\/users\/8"}],"replies":[{"embeddable":true,"href":"https:\/\/www.meydan.tv\/az\/wp-json\/wp\/v2\/comments?post=236559"}],"version-history":[{"count":3,"href":"https:\/\/www.meydan.tv\/az\/wp-json\/wp\/v2\/posts\/236559\/revisions"}],"predecessor-version":[{"id":236607,"href":"https:\/\/www.meydan.tv\/az\/wp-json\/wp\/v2\/posts\/236559\/revisions\/236607"}],"wp:featuredmedia":[{"embeddable":true,"href":"https:\/\/www.meydan.tv\/az\/wp-json\/wp\/v2\/media\/235522"}],"wp:attachment":[{"href":"https:\/\/www.meydan.tv\/az\/wp-json\/wp\/v2\/media?parent=236559"}],"wp:term":[{"taxonomy":"category","embeddable":true,"href":"https:\/\/www.meydan.tv\/az\/wp-json\/wp\/v2\/categories?post=236559"},{"taxonomy":"post_tag","embeddable":true,"href":"https:\/\/www.meydan.tv\/az\/wp-json\/wp\/v2\/tags?post=236559"}],"curies":[{"name":"wp","href":"https:\/\/api.w.org\/{rel}","templated":true}]}}