{"id":236515,"date":"2022-03-01T01:50:21","date_gmt":"2022-02-28T21:50:21","guid":{"rendered":"https:\/\/www.meydan.tv\/?p=236515"},"modified":"2022-03-02T14:17:07","modified_gmt":"2022-03-02T10:17:07","slug":"navalni-ruslari-vetendas-itaetsizliyine-cagirdi","status":"publish","type":"post","link":"https:\/\/www.meydan.tv\/az\/article\/navalni-ruslari-vetendas-itaetsizliyine-cagirdi\/","title":{"rendered":"Navaln\u0131 ruslar\u0131 v\u0259t\u0259nda\u015f ita\u0259tsizliyin\u0259 \u00e7a\u011f\u0131rd\u0131"},"content":{"rendered":"\n<p><em>&#8220;Biz m\u00fcharib\u0259ni d\u0259st\u0259kl\u0259m\u0259diyimizi g\u00f6st\u0259rm\u0259liyik\u201d<\/em><\/p>\n\n\n\n<p>\u201cPutin Ukraynaya m\u00fcharib\u0259 elan edib. Ancaq bunu el\u0259 formada t\u0259qdim edirl\u0259r ki, sanki Ukrayna Rusiya t\u0259r\u0259find\u0259n, y\u0259ni ham\u0131m\u0131z t\u0259r\u0259find\u0259n i\u015f\u011fala m\u0259ruz qal\u0131b. Bu, d\u00fczg\u00fcn deyil\u201d.<\/p>\n\n\n\n<p>Haz\u0131rda h\u0259bsd\u0259 olan Rusiya m\u00fcxalif\u0259tinin lideri Aleksey Navaln\u0131n\u0131n h\u0259r\u0259kat\u0131n\u0131n fevral\u0131n 28-d\u0259 &#8220;Twitter&#8221;-d\u0259 yayd\u0131\u011f\u0131 m\u0259lumatda bel\u0259 <a href=\"https:\/\/www.reuters.com\/breakingviews\/navalnys-supporters-call-civil-disobedience-against-ukraine-war-2022-02-28\/?taid=621d1962af8d2b000157296b&amp;utm_campaign=trueAnthem:+Trending+Content&amp;utm_medium=trueAnthem&amp;utm_source=twitter\">bildirili<\/a>r. H\u0259r\u0259kat Rusiyan\u0131n Ukraynaya m\u00fcdaxil\u0259sin\u0259 etiraz olaraq insanlar\u0131 v\u0259t\u0259nda\u015f ita\u0259tsizliyi kampaniyas\u0131na \u00e7a\u011f\u0131r\u0131r.<\/p>\n\n\n\n<p>&#8220;Biz m\u00fcharib\u0259ni d\u0259st\u0259kl\u0259m\u0259diyimizi g\u00f6st\u0259rm\u0259liyik. Ruslar\u0131 v\u0259t\u0259nda\u015f ita\u0259tsizliyin\u0259 \u00e7a\u011f\u0131r\u0131r\u0131q. Susmay\u0131n&#8221;, &#8211; \u00e7a\u011f\u0131r\u0131\u015fda bildirilir.<\/p>\n\n\n\n<p>Aleksey Navaln\u0131 \u00f6t\u0259n il Moskva \u015e\u0259h\u0259r M\u0259hk\u0259m\u0259sinin q\u0259rar\u0131 il\u0259 h\u0259bs edilib.<\/p>\n\n\n\n<p>Onun t\u0259\u015fkilatlar\u0131 il\u0259 ba\u011fl\u0131 q\u0259rarda deyilir ki, onlarla i\u015fl\u0259mi\u015f f\u0259allar\u0131 uzunm\u00fcdd\u0259tli h\u0259bs c\u0259zas\u0131 g\u00f6zl\u0259yir.<\/p>\n\n\n\n<p>Navaln\u0131n\u0131n z\u0259h\u0259rl\u0259nm\u0259sinin s\u0259b\u0259bl\u0259rini ara\u015fd\u0131ran v\u0259 onun korrupsiya ara\u015fd\u0131rmalar\u0131na istinad ed\u0259n jurnalistl\u0259r\u0259 \u201cxarici agent\u201d dam\u011fas\u0131 vurulub.<\/p>\n\n\n\n<p>Navaln\u0131 Almaniyadan Rusiyaya qay\u0131dark\u0259n \u201c\u015eeremetev\u201d Hava Liman\u0131nda saxlan\u0131l\u0131b.<\/p>\n\n\n\n<p>Onun bar\u0259sind\u0259 q\u0259bul edil\u0259n \u015f\u0259rti c\u0259za azadl\u0131qdan m\u0259hrum etm\u0259 c\u0259zas\u0131 il\u0259 d\u0259yi\u015fdirilib v\u0259 o, 3.5 il m\u00fcdd\u0259tin\u0259 azadl\u0131qdan m\u0259hrum edilib.<\/p>\n\n\n\n<p>\u00d6t\u0259n ilin avqustunda Tomskdan Moskvaya u\u00e7ark\u0259n hava liman\u0131nda z\u0259h\u0259rl\u0259n\u0259n rusiyal\u0131 m\u00fcxalif\u0259t\u00e7i Aleksey Navaln\u0131 Almaniyaya apar\u0131lm\u0131\u015fd\u0131.<\/p>\n\n\n\n<p>O, kimy\u0259vi madd\u0259 il\u0259 z\u0259h\u0259rl\u0259nm\u0259sind\u0259 Rusiya Prezidenti Vladimir Putini g\u00fcnahland\u0131r\u0131b.<\/p>\n\n\n\n<p>Kreml Navaln\u0131n\u0131n z\u0259h\u0259rl\u0259nm\u0259sind\u0259 h\u0259r hans\u0131 rolunun olmad\u0131\u011f\u0131n\u0131 bildirib.<\/p>\n\n\n\n<p>Yanvar\u0131n 25-d\u0259 is\u0259 Aleksey Navaln\u0131 v\u0259 onun bir ne\u00e7\u0259 m\u00fctt\u0259fiqi d\u0259 h\u0259min \u201cterror\u00e7u v\u0259 ekstremistl\u0259r\u201d <a href=\"https:\/\/www.meydan.tv\/az\/article\/kremlin-xarici-agent-kimi-tanidigi-75-kiv-numayendesi-olkeni-terk-edib\/\">siyah\u0131s\u0131na<\/a> \u0259lav\u0259 edilib.<\/p>\n\n\n\n<p>O vaxtdan b\u0259ri s\u0259lahiyy\u0259tlil\u0259r onun h\u0259r\u0259kat\u0131na m\u00fcnasib\u0259ti daha da s\u0259rtl\u0259\u015fdirib. N\u0259tic\u0259d\u0259, Navaln\u0131 t\u0259r\u0259fdarlar\u0131ndan bir ne\u00e7\u0259si \u00f6lk\u0259ni t\u0259rk edib.<\/p>\n\n\n\n<p>Rusiyada etirazlar\u0131 v\u0259 h\u0259bsl\u0259ri izl\u0259y\u0259n OVD-\u0130nfo qrupu Rusiyan\u0131n fevral\u0131n 27-d\u0259 Ukraynan\u0131 i\u015f\u011fal etm\u0259sind\u0259n sonra indiy\u0259d\u0259k 6006 n\u0259f\u0259rin m\u00fcharib\u0259 \u0259leyhin\u0259 n\u00fcmayi\u015fl\u0259r\u0259 g\u00f6r\u0259 h\u0259bs edildiyini bildirib. Ukrayna v\u0259 Q\u0259rb bu b\u0259han\u0259ni \u0259sass\u0131z t\u0259bli\u011fat kimi r\u0259dd edib.<\/p>\n","protected":false},"excerpt":{"rendered":"<p>&#8220;Biz m\u00fcharib\u0259ni d\u0259st\u0259kl\u0259m\u0259diyimizi g\u00f6st\u0259rm\u0259liyik\u201d \u201cPutin Ukraynaya m\u00fcharib\u0259 elan edib. Ancaq &#8230; <\/p>\n<p class=\"read-more-container\"><a title=\"Navaln\u0131 ruslar\u0131 v\u0259t\u0259nda\u015f ita\u0259tsizliyin\u0259 \u00e7a\u011f\u0131rd\u0131\" class=\"read-more button\" href=\"https:\/\/www.meydan.tv\/az\/article\/navalni-ruslari-vetendas-itaetsizliyine-cagirdi\/#more-236515\" aria-label=\"Read more about Navaln\u0131 ruslar\u0131 v\u0259t\u0259nda\u015f ita\u0259tsizliyin\u0259 \u00e7a\u011f\u0131rd\u0131\">Davam\u0131<\/a><\/p>\n","protected":false},"author":12,"featured_media":159756,"comment_status":"closed","ping_status":"closed","sticky":false,"template":"","format":"standard","meta":{"_acf_changed":false,"_sitemap_exclude":false,"_sitemap_priority":"","_sitemap_frequency":"","footnotes":""},"categories":[64,59,79,56],"tags":[],"class_list":["post-236515","post","type-post","status-publish","format-standard","has-post-thumbnail","hentry","category-dunya","category-siyaset","category-featured","category-xeberler","infinite-scroll-item","generate-columns","tablet-grid-50","mobile-grid-100","grid-parent","grid-33","no-featured-image-padding"],"acf":[],"yoast_head":"<!-- This site is optimized with the Yoast SEO plugin v27.5 - https:\/\/yoast.com\/product\/yoast-seo-wordpress\/ -->\n<title>Navaln\u0131 ruslar\u0131 v\u0259t\u0259nda\u015f ita\u0259tsizliyin\u0259 \u00e7a\u011f\u0131rd\u0131 - MEYDAN.TV<\/title>\n<meta name=\"robots\" content=\"index, follow, max-snippet:-1, max-image-preview:large, max-video-preview:-1\" \/>\n<link rel=\"canonical\" href=\"https:\/\/www.meydan.tv\/az\/article\/navalni-ruslari-vetendas-itaetsizliyine-cagirdi\/\" \/>\n<meta property=\"og:locale\" content=\"az_AZ\" \/>\n<meta property=\"og:type\" content=\"article\" \/>\n<meta property=\"og:title\" content=\"Navaln\u0131 ruslar\u0131 v\u0259t\u0259nda\u015f ita\u0259tsizliyin\u0259 \u00e7a\u011f\u0131rd\u0131 - MEYDAN.TV\" \/>\n<meta property=\"og:description\" content=\"&#8220;Biz m\u00fcharib\u0259ni d\u0259st\u0259kl\u0259m\u0259diyimizi g\u00f6st\u0259rm\u0259liyik\u201d \u201cPutin Ukraynaya m\u00fcharib\u0259 elan edib. Ancaq ... Davam\u0131\" \/>\n<meta property=\"og:url\" content=\"https:\/\/www.meydan.tv\/az\/article\/navalni-ruslari-vetendas-itaetsizliyine-cagirdi\/\" \/>\n<meta property=\"og:site_name\" content=\"MEYDAN.TV\" \/>\n<meta property=\"article:published_time\" content=\"2022-02-28T21:50:21+00:00\" \/>\n<meta property=\"article:modified_time\" content=\"2022-03-02T10:17:07+00:00\" \/>\n<meta property=\"og:image\" content=\"https:\/\/www.meydan.tv\/wp-content\/uploads\/2021-04-19t111005z_34699283_rc2zym9vxvzy_rtrmadp_3_russia-politics-scaled.jpg\" \/>\n\t<meta property=\"og:image:width\" content=\"2560\" \/>\n\t<meta property=\"og:image:height\" content=\"1653\" \/>\n\t<meta property=\"og:image:type\" content=\"image\/jpeg\" \/>\n<meta name=\"author\" content=\"aleks\" \/>\n<meta name=\"twitter:card\" content=\"summary_large_image\" \/>\n<script type=\"application\/ld+json\" class=\"yoast-schema-graph\">{\"@context\":\"https:\\\/\\\/schema.org\",\"@graph\":[{\"@type\":\"Article\",\"@id\":\"https:\\\/\\\/www.meydan.tv\\\/az\\\/article\\\/navalni-ruslari-vetendas-itaetsizliyine-cagirdi\\\/#article\",\"isPartOf\":{\"@id\":\"https:\\\/\\\/www.meydan.tv\\\/az\\\/article\\\/navalni-ruslari-vetendas-itaetsizliyine-cagirdi\\\/\"},\"author\":{\"name\":\"aleks\",\"@id\":\"https:\\\/\\\/www.meydan.tv\\\/az\\\/#\\\/schema\\\/person\\\/476e9360e593fa131d5d71d51866f8da\"},\"headline\":\"Navaln\u0131 ruslar\u0131 v\u0259t\u0259nda\u015f ita\u0259tsizliyin\u0259 \u00e7a\u011f\u0131rd\u0131\",\"datePublished\":\"2022-02-28T21:50:21+00:00\",\"dateModified\":\"2022-03-02T10:17:07+00:00\",\"mainEntityOfPage\":{\"@id\":\"https:\\\/\\\/www.meydan.tv\\\/az\\\/article\\\/navalni-ruslari-vetendas-itaetsizliyine-cagirdi\\\/\"},\"wordCount\":451,\"publisher\":{\"@id\":\"https:\\\/\\\/www.meydan.tv\\\/az\\\/#organization\"},\"image\":{\"@id\":\"https:\\\/\\\/www.meydan.tv\\\/az\\\/article\\\/navalni-ruslari-vetendas-itaetsizliyine-cagirdi\\\/#primaryimage\"},\"thumbnailUrl\":\"https:\\\/\\\/www.meydan.tv\\\/wp-content\\\/uploads\\\/2021-04-19t111005z_34699283_rc2zym9vxvzy_rtrmadp_3_russia-politics-scaled.jpg\",\"articleSection\":[\"D\u00fcnya\",\"Siyas\u0259t\",\"T\u00f6vsiy\u0259\",\"X\u0259b\u0259rl\u0259r\"],\"inLanguage\":\"az\"},{\"@type\":\"WebPage\",\"@id\":\"https:\\\/\\\/www.meydan.tv\\\/az\\\/article\\\/navalni-ruslari-vetendas-itaetsizliyine-cagirdi\\\/\",\"url\":\"https:\\\/\\\/www.meydan.tv\\\/az\\\/article\\\/navalni-ruslari-vetendas-itaetsizliyine-cagirdi\\\/\",\"name\":\"Navaln\u0131 ruslar\u0131 v\u0259t\u0259nda\u015f ita\u0259tsizliyin\u0259 \u00e7a\u011f\u0131rd\u0131 - MEYDAN.TV\",\"isPartOf\":{\"@id\":\"https:\\\/\\\/www.meydan.tv\\\/az\\\/#website\"},\"primaryImageOfPage\":{\"@id\":\"https:\\\/\\\/www.meydan.tv\\\/az\\\/article\\\/navalni-ruslari-vetendas-itaetsizliyine-cagirdi\\\/#primaryimage\"},\"image\":{\"@id\":\"https:\\\/\\\/www.meydan.tv\\\/az\\\/article\\\/navalni-ruslari-vetendas-itaetsizliyine-cagirdi\\\/#primaryimage\"},\"thumbnailUrl\":\"https:\\\/\\\/www.meydan.tv\\\/wp-content\\\/uploads\\\/2021-04-19t111005z_34699283_rc2zym9vxvzy_rtrmadp_3_russia-politics-scaled.jpg\",\"datePublished\":\"2022-02-28T21:50:21+00:00\",\"dateModified\":\"2022-03-02T10:17:07+00:00\",\"breadcrumb\":{\"@id\":\"https:\\\/\\\/www.meydan.tv\\\/az\\\/article\\\/navalni-ruslari-vetendas-itaetsizliyine-cagirdi\\\/#breadcrumb\"},\"inLanguage\":\"az\",\"potentialAction\":[{\"@type\":\"ReadAction\",\"target\":[\"https:\\\/\\\/www.meydan.tv\\\/az\\\/article\\\/navalni-ruslari-vetendas-itaetsizliyine-cagirdi\\\/\"]}]},{\"@type\":\"ImageObject\",\"inLanguage\":\"az\",\"@id\":\"https:\\\/\\\/www.meydan.tv\\\/az\\\/article\\\/navalni-ruslari-vetendas-itaetsizliyine-cagirdi\\\/#primaryimage\",\"url\":\"https:\\\/\\\/www.meydan.tv\\\/wp-content\\\/uploads\\\/2021-04-19t111005z_34699283_rc2zym9vxvzy_rtrmadp_3_russia-politics-scaled.jpg\",\"contentUrl\":\"https:\\\/\\\/www.meydan.tv\\\/wp-content\\\/uploads\\\/2021-04-19t111005z_34699283_rc2zym9vxvzy_rtrmadp_3_russia-politics-scaled.jpg\",\"width\":2560,\"height\":1653,\"caption\":\"Source: Reuters\"},{\"@type\":\"BreadcrumbList\",\"@id\":\"https:\\\/\\\/www.meydan.tv\\\/az\\\/article\\\/navalni-ruslari-vetendas-itaetsizliyine-cagirdi\\\/#breadcrumb\",\"itemListElement\":[{\"@type\":\"ListItem\",\"position\":1,\"name\":\"Ana s\u0259hif\u0259\",\"item\":\"https:\\\/\\\/www.meydan.tv\\\/az\\\/\"},{\"@type\":\"ListItem\",\"position\":2,\"name\":\"D\u00fcnya\",\"item\":\"https:\\\/\\\/www.meydan.tv\\\/az\\\/section\\\/dunya\\\/\"},{\"@type\":\"ListItem\",\"position\":3,\"name\":\"Navaln\u0131 ruslar\u0131 v\u0259t\u0259nda\u015f ita\u0259tsizliyin\u0259 \u00e7a\u011f\u0131rd\u0131\"}]},{\"@type\":\"WebSite\",\"@id\":\"https:\\\/\\\/www.meydan.tv\\\/az\\\/#website\",\"url\":\"https:\\\/\\\/www.meydan.tv\\\/az\\\/\",\"name\":\"MEYDAN.TV\",\"description\":\"Meydan TV Az\u0259rbaycan\u0131n media m\u0259kan\u0131ndak\u0131 alternativ s\u0259sidir\",\"publisher\":{\"@id\":\"https:\\\/\\\/www.meydan.tv\\\/az\\\/#organization\"},\"potentialAction\":[{\"@type\":\"SearchAction\",\"target\":{\"@type\":\"EntryPoint\",\"urlTemplate\":\"https:\\\/\\\/www.meydan.tv\\\/az\\\/?s={search_term_string}\"},\"query-input\":{\"@type\":\"PropertyValueSpecification\",\"valueRequired\":true,\"valueName\":\"search_term_string\"}}],\"inLanguage\":\"az\"},{\"@type\":\"Organization\",\"@id\":\"https:\\\/\\\/www.meydan.tv\\\/az\\\/#organization\",\"name\":\"Meydan TV\",\"url\":\"https:\\\/\\\/www.meydan.tv\\\/az\\\/\",\"logo\":{\"@type\":\"ImageObject\",\"inLanguage\":\"az\",\"@id\":\"https:\\\/\\\/www.meydan.tv\\\/az\\\/#\\\/schema\\\/logo\\\/image\\\/\",\"url\":\"https:\\\/\\\/www.meydan.tv\\\/wp-content\\\/uploads\\\/2021\\\/07\\\/meydan-logo.svg\",\"contentUrl\":\"https:\\\/\\\/www.meydan.tv\\\/wp-content\\\/uploads\\\/2021\\\/07\\\/meydan-logo.svg\",\"width\":195,\"height\":46,\"caption\":\"Meydan TV\"},\"image\":{\"@id\":\"https:\\\/\\\/www.meydan.tv\\\/az\\\/#\\\/schema\\\/logo\\\/image\\\/\"}},{\"@type\":\"Person\",\"@id\":\"https:\\\/\\\/www.meydan.tv\\\/az\\\/#\\\/schema\\\/person\\\/476e9360e593fa131d5d71d51866f8da\",\"name\":\"aleks\"}]}<\/script>\n<!-- \/ Yoast SEO plugin. -->","yoast_head_json":{"title":"Navaln\u0131 ruslar\u0131 v\u0259t\u0259nda\u015f ita\u0259tsizliyin\u0259 \u00e7a\u011f\u0131rd\u0131 - MEYDAN.TV","robots":{"index":"index","follow":"follow","max-snippet":"max-snippet:-1","max-image-preview":"max-image-preview:large","max-video-preview":"max-video-preview:-1"},"canonical":"https:\/\/www.meydan.tv\/az\/article\/navalni-ruslari-vetendas-itaetsizliyine-cagirdi\/","og_locale":"az_AZ","og_type":"article","og_title":"Navaln\u0131 ruslar\u0131 v\u0259t\u0259nda\u015f ita\u0259tsizliyin\u0259 \u00e7a\u011f\u0131rd\u0131 - MEYDAN.TV","og_description":"&#8220;Biz m\u00fcharib\u0259ni d\u0259st\u0259kl\u0259m\u0259diyimizi g\u00f6st\u0259rm\u0259liyik\u201d \u201cPutin Ukraynaya m\u00fcharib\u0259 elan edib. Ancaq ... Davam\u0131","og_url":"https:\/\/www.meydan.tv\/az\/article\/navalni-ruslari-vetendas-itaetsizliyine-cagirdi\/","og_site_name":"MEYDAN.TV","article_published_time":"2022-02-28T21:50:21+00:00","article_modified_time":"2022-03-02T10:17:07+00:00","og_image":[{"width":2560,"height":1653,"url":"https:\/\/www.meydan.tv\/wp-content\/uploads\/2021-04-19t111005z_34699283_rc2zym9vxvzy_rtrmadp_3_russia-politics-scaled.jpg","type":"image\/jpeg"}],"author":"aleks","twitter_card":"summary_large_image","schema":{"@context":"https:\/\/schema.org","@graph":[{"@type":"Article","@id":"https:\/\/www.meydan.tv\/az\/article\/navalni-ruslari-vetendas-itaetsizliyine-cagirdi\/#article","isPartOf":{"@id":"https:\/\/www.meydan.tv\/az\/article\/navalni-ruslari-vetendas-itaetsizliyine-cagirdi\/"},"author":{"name":"aleks","@id":"https:\/\/www.meydan.tv\/az\/#\/schema\/person\/476e9360e593fa131d5d71d51866f8da"},"headline":"Navaln\u0131 ruslar\u0131 v\u0259t\u0259nda\u015f ita\u0259tsizliyin\u0259 \u00e7a\u011f\u0131rd\u0131","datePublished":"2022-02-28T21:50:21+00:00","dateModified":"2022-03-02T10:17:07+00:00","mainEntityOfPage":{"@id":"https:\/\/www.meydan.tv\/az\/article\/navalni-ruslari-vetendas-itaetsizliyine-cagirdi\/"},"wordCount":451,"publisher":{"@id":"https:\/\/www.meydan.tv\/az\/#organization"},"image":{"@id":"https:\/\/www.meydan.tv\/az\/article\/navalni-ruslari-vetendas-itaetsizliyine-cagirdi\/#primaryimage"},"thumbnailUrl":"https:\/\/www.meydan.tv\/wp-content\/uploads\/2021-04-19t111005z_34699283_rc2zym9vxvzy_rtrmadp_3_russia-politics-scaled.jpg","articleSection":["D\u00fcnya","Siyas\u0259t","T\u00f6vsiy\u0259","X\u0259b\u0259rl\u0259r"],"inLanguage":"az"},{"@type":"WebPage","@id":"https:\/\/www.meydan.tv\/az\/article\/navalni-ruslari-vetendas-itaetsizliyine-cagirdi\/","url":"https:\/\/www.meydan.tv\/az\/article\/navalni-ruslari-vetendas-itaetsizliyine-cagirdi\/","name":"Navaln\u0131 ruslar\u0131 v\u0259t\u0259nda\u015f ita\u0259tsizliyin\u0259 \u00e7a\u011f\u0131rd\u0131 - MEYDAN.TV","isPartOf":{"@id":"https:\/\/www.meydan.tv\/az\/#website"},"primaryImageOfPage":{"@id":"https:\/\/www.meydan.tv\/az\/article\/navalni-ruslari-vetendas-itaetsizliyine-cagirdi\/#primaryimage"},"image":{"@id":"https:\/\/www.meydan.tv\/az\/article\/navalni-ruslari-vetendas-itaetsizliyine-cagirdi\/#primaryimage"},"thumbnailUrl":"https:\/\/www.meydan.tv\/wp-content\/uploads\/2021-04-19t111005z_34699283_rc2zym9vxvzy_rtrmadp_3_russia-politics-scaled.jpg","datePublished":"2022-02-28T21:50:21+00:00","dateModified":"2022-03-02T10:17:07+00:00","breadcrumb":{"@id":"https:\/\/www.meydan.tv\/az\/article\/navalni-ruslari-vetendas-itaetsizliyine-cagirdi\/#breadcrumb"},"inLanguage":"az","potentialAction":[{"@type":"ReadAction","target":["https:\/\/www.meydan.tv\/az\/article\/navalni-ruslari-vetendas-itaetsizliyine-cagirdi\/"]}]},{"@type":"ImageObject","inLanguage":"az","@id":"https:\/\/www.meydan.tv\/az\/article\/navalni-ruslari-vetendas-itaetsizliyine-cagirdi\/#primaryimage","url":"https:\/\/www.meydan.tv\/wp-content\/uploads\/2021-04-19t111005z_34699283_rc2zym9vxvzy_rtrmadp_3_russia-politics-scaled.jpg","contentUrl":"https:\/\/www.meydan.tv\/wp-content\/uploads\/2021-04-19t111005z_34699283_rc2zym9vxvzy_rtrmadp_3_russia-politics-scaled.jpg","width":2560,"height":1653,"caption":"Source: Reuters"},{"@type":"BreadcrumbList","@id":"https:\/\/www.meydan.tv\/az\/article\/navalni-ruslari-vetendas-itaetsizliyine-cagirdi\/#breadcrumb","itemListElement":[{"@type":"ListItem","position":1,"name":"Ana s\u0259hif\u0259","item":"https:\/\/www.meydan.tv\/az\/"},{"@type":"ListItem","position":2,"name":"D\u00fcnya","item":"https:\/\/www.meydan.tv\/az\/section\/dunya\/"},{"@type":"ListItem","position":3,"name":"Navaln\u0131 ruslar\u0131 v\u0259t\u0259nda\u015f ita\u0259tsizliyin\u0259 \u00e7a\u011f\u0131rd\u0131"}]},{"@type":"WebSite","@id":"https:\/\/www.meydan.tv\/az\/#website","url":"https:\/\/www.meydan.tv\/az\/","name":"MEYDAN.TV","description":"Meydan TV Az\u0259rbaycan\u0131n media m\u0259kan\u0131ndak\u0131 alternativ s\u0259sidir","publisher":{"@id":"https:\/\/www.meydan.tv\/az\/#organization"},"potentialAction":[{"@type":"SearchAction","target":{"@type":"EntryPoint","urlTemplate":"https:\/\/www.meydan.tv\/az\/?s={search_term_string}"},"query-input":{"@type":"PropertyValueSpecification","valueRequired":true,"valueName":"search_term_string"}}],"inLanguage":"az"},{"@type":"Organization","@id":"https:\/\/www.meydan.tv\/az\/#organization","name":"Meydan TV","url":"https:\/\/www.meydan.tv\/az\/","logo":{"@type":"ImageObject","inLanguage":"az","@id":"https:\/\/www.meydan.tv\/az\/#\/schema\/logo\/image\/","url":"https:\/\/www.meydan.tv\/wp-content\/uploads\/2021\/07\/meydan-logo.svg","contentUrl":"https:\/\/www.meydan.tv\/wp-content\/uploads\/2021\/07\/meydan-logo.svg","width":195,"height":46,"caption":"Meydan TV"},"image":{"@id":"https:\/\/www.meydan.tv\/az\/#\/schema\/logo\/image\/"}},{"@type":"Person","@id":"https:\/\/www.meydan.tv\/az\/#\/schema\/person\/476e9360e593fa131d5d71d51866f8da","name":"aleks"}]}},"_links":{"self":[{"href":"https:\/\/www.meydan.tv\/az\/wp-json\/wp\/v2\/posts\/236515","targetHints":{"allow":["GET"]}}],"collection":[{"href":"https:\/\/www.meydan.tv\/az\/wp-json\/wp\/v2\/posts"}],"about":[{"href":"https:\/\/www.meydan.tv\/az\/wp-json\/wp\/v2\/types\/post"}],"author":[{"embeddable":true,"href":"https:\/\/www.meydan.tv\/az\/wp-json\/wp\/v2\/users\/12"}],"replies":[{"embeddable":true,"href":"https:\/\/www.meydan.tv\/az\/wp-json\/wp\/v2\/comments?post=236515"}],"version-history":[{"count":2,"href":"https:\/\/www.meydan.tv\/az\/wp-json\/wp\/v2\/posts\/236515\/revisions"}],"predecessor-version":[{"id":236718,"href":"https:\/\/www.meydan.tv\/az\/wp-json\/wp\/v2\/posts\/236515\/revisions\/236718"}],"wp:featuredmedia":[{"embeddable":true,"href":"https:\/\/www.meydan.tv\/az\/wp-json\/wp\/v2\/media\/159756"}],"wp:attachment":[{"href":"https:\/\/www.meydan.tv\/az\/wp-json\/wp\/v2\/media?parent=236515"}],"wp:term":[{"taxonomy":"category","embeddable":true,"href":"https:\/\/www.meydan.tv\/az\/wp-json\/wp\/v2\/categories?post=236515"},{"taxonomy":"post_tag","embeddable":true,"href":"https:\/\/www.meydan.tv\/az\/wp-json\/wp\/v2\/tags?post=236515"}],"curies":[{"name":"wp","href":"https:\/\/api.w.org\/{rel}","templated":true}]}}