{"id":236467,"date":"2022-02-28T23:11:19","date_gmt":"2022-02-28T19:11:19","guid":{"rendered":"https:\/\/www.meydan.tv\/?p=236467"},"modified":"2022-02-28T23:13:07","modified_gmt":"2022-02-28T19:13:07","slug":"semkir-sakini-oglumun-el-ayagini-baglayib-doyubler-basini-deyenekle-yariblar","status":"publish","type":"post","link":"https:\/\/www.meydan.tv\/az\/article\/semkir-sakini-oglumun-el-ayagini-baglayib-doyubler-basini-deyenekle-yariblar\/","title":{"rendered":"\u015e\u0259mkir sakini: \u201cO\u011flumun \u0259l-aya\u011f\u0131n\u0131 ba\u011flay\u0131b d\u00f6y\u00fcbl\u0259r, ba\u015f\u0131n\u0131 d\u0259y\u0259n\u0259kl\u0259 yar\u0131blar\u201d"},"content":{"rendered":"\n<p><em>S\u0259lminaz \u018fliyeva: \u201c40 g\u00fcnl\u00fcy\u00fcnd\u0259n yetim saxlad\u0131\u011f\u0131m o\u011flumu \u015f\u0259rl\u0259yib h\u0259bs edibl\u0259r\u201d<\/em><\/p>\n\n\n\n<p>\u015e\u0259mkir rayonunun K\u00fcr q\u0259s\u0259b\u0259sind\u0259 ya\u015fayan 52 ya\u015fl\u0131 S\u0259lminaz \u018fliyevan\u0131n 40 g\u00fcnl\u00fcy\u00fcnd\u0259n t\u0259kba\u015f\u0131na b\u00f6y\u00fctd\u00fcy\u00fc yegan\u0259 \u00f6vlad\u0131 2 il 1 ayd\u0131r d\u0259mir barmaql\u0131qlar arxas\u0131ndad\u0131r. Ana iddia edir ki, o\u011flunu \u015f\u0259rl\u0259yibl\u0259r, \u00fcst\u0259lik, t\u00f6r\u0259tm\u0259diyi \u0259m\u0259li \u00fcz\u0259rin\u0259 g\u00f6t\u00fcrm\u0259kd\u0259n \u00f6tr\u00fc polis \u015f\u00f6b\u0259sind\u0259 g\u00fcnl\u0259rl\u0259 i\u015fg\u0259nc\u0259y\u0259 d\u0259 m\u0259ruz qal\u0131b.<\/p>\n\n\n\n<p><strong>\u201c\u00c7\u0131x\u0131b g\u00f6rd\u00fcm ki, o\u011flumu yer\u0259 y\u0131x\u0131b s\u00fcr\u00fcy\u00fcrl\u0259r\u201d<\/strong><\/p>\n\n\n\n<p>24 ya\u015fl\u0131 Amid \u018fliyev o\u011furluq v\u0259 narkotik ittihamlar\u0131yla 3 il 6 ay azadl\u0131qdan m\u0259hrum edilib. Anas\u0131 is\u0259 deyir ki, bu ittihamlar saxtad\u0131r.<\/p>\n\n\n\n<p>S\u0259lminaz \u018fliyevan\u0131n s\u00f6zl\u0259rin\u0259 g\u00f6r\u0259, o, o\u011flu il\u0259 birlikd\u0259 \u00e7ayxanada i\u015fl\u0259m\u0259kl\u0259 dolan\u0131rd\u0131. 2020-ci ilin yanvar\u0131nda \u2013 hadis\u0259 g\u00fcn\u00fc d\u0259 ana-bala i\u015fd\u0259 olublar:<\/p>\n\n\n\n<p>\u201c4-5 n\u0259f\u0259r m\u00fclki formada \u00e7ayxanaya girdi, el\u0259 bildik m\u00fc\u015ft\u0259ridil\u0259r, o\u011flum ad\u0259ti \u00fczr\u0259 salamla\u015fd\u0131. M\u0259n m\u0259tb\u0259x\u0259 ke\u00e7dim ki, \u00e7ay haz\u0131rlay\u0131m. S\u0259s-k\u00fcy e\u015fitdim. \u00c7\u0131xd\u0131m ki, o\u011flumu y\u0131x\u0131blar yer\u0259, s\u00fcr\u00fcy\u00fcrl\u0259r. M\u0259ni d\u0259 it\u0259l\u0259dil\u0259r. O\u011flumu \u201cNiva\u201dya mindirdil\u0259r, \u015f\u00f6b\u0259y\u0259 apard\u0131lar. Obyektin sahibin\u0259 m\u0259lumat verib, \u00f6z\u00fcm d\u0259 arxas\u0131nca \u015f\u00f6b\u0259y\u0259 getdim. \u0130\u00e7\u0259ri qoymad\u0131lar. Ax\u015fama q\u0259d\u0259r g\u00f6zl\u0259dim. Dedil\u0259r ki, narahat olma, buraxacaqlar, m\u0259n d\u0259 inand\u0131m. N\u0259 bilim ki, m\u0259ni aldadacaqlar\u2026\u201d<\/p>\n\n\n\n<p>S\u0259lminaz \u018fliyevan\u0131n s\u00f6zl\u0259rin\u0259 g\u00f6r\u0259, \u015f\u00f6b\u0259d\u0259 o\u011flunun \u0259l-aya\u011f\u0131n\u0131 ba\u011flay\u0131b d\u00f6y\u00fcbl\u0259r, ba\u015f\u0131n\u0131 d\u0259y\u0259n\u0259kl\u0259 yar\u0131blar. Amid \u018fliyev\u0259 d\u00f6vl\u0259t hesab\u0131na v\u0259kil t\u0259yin olunsa da, anas\u0131 iddia edir ki, h\u0259min \u015f\u0259xs onun h\u00fcquqlar\u0131n\u0131n m\u00fcdafi\u0259sil\u0259 m\u0259\u015f\u011ful olmay\u0131b. \u018fksin\u0259, m\u0259nafeyin\u0259 zidd add\u0131mlar at\u0131b: \u201cOnun ad\u0131 v\u0259kil olub, \u00f6z\u00fc yox. G\u00f6z\u00fcn\u00fcn qar\u015f\u0131s\u0131nda o\u011fluma i\u015fg\u0259nc\u0259 verilib, g\u00fcl\u00fcrm\u00fc\u015f. \u0130ndi d\u0259 pulumuz yoxdur yax\u015f\u0131 v\u0259kil tutaq\u2026\u201d<\/p>\n\n\n\n<p><strong>\u201c\u00c7ox \u015fey ist\u0259mirik ki\u2026\u201d<\/strong><\/p>\n\n\n\n<p>Cinay\u0259t M\u0259c\u0259ll\u0259sinin 177 (o\u011furluq) v\u0259 234-c\u00fc (narkotik \u0259ld\u0259 etm\u0259, saxlama) madd\u0259l\u0259ril\u0259 ittiham olunan Amid \u018fliyevin i\u015fin\u0259 \u015e\u0259mkir Rayon M\u0259hk\u0259m\u0259sind\u0259 bax\u0131l\u0131b. Ana iddia edir ki, m\u0259hk\u0259m\u0259d\u0259 d\u0259 he\u00e7 bir ara\u015fd\u0131rma aparmadan o\u011flu haqq\u0131nda 3 il 6 ayl\u0131q h\u00f6km \u00e7\u0131xar\u0131l\u0131b. Az sonra onu 1 sayl\u0131 c\u0259za\u00e7\u0259km\u0259 m\u00fc\u0259ssis\u0259sin\u0259 k\u00f6\u00e7\u00fcr\u00fcbl\u0259r. H\u00f6km\u00fcn sur\u0259tini is\u0259 bu g\u00fcn\u0259 q\u0259d\u0259r ala bilm\u0259yibl\u0259r ki, ondan apelyasiya \u015fikay\u0259ti versinl\u0259r.<\/p>\n\n\n\n<p>\u201cO\u011flum d\u0259f\u0259l\u0259rl\u0259 G\u0259nc\u0259 Apelyasiya M\u0259hk\u0259m\u0259sin\u0259 \u015fikay\u0259t yaz\u0131b. Amma \u015fikay\u0259tin\u0259 baxmay\u0131blar. Yaz\u0131blar ki, guya h\u00f6km\u00fc ona g\u00f6nd\u0259ribl\u0259r. Amma yaland\u0131r. H\u00f6km\u00fcn ona g\u00f6nd\u0259rilm\u0259sini, onun h\u00f6km\u00fc almas\u0131n\u0131 t\u0259sdiql\u0259y\u0259n he\u00e7 bir s\u00fcbut yoxdur. Apelyasiya \u015fikay\u0259ti verm\u0259k \u00fc\u00e7\u00fcn m\u00fcdd\u0259tin b\u0259rpas\u0131 \u00fc\u00e7\u00fcn yenid\u0259n \u015e\u0259mkir Rayon M\u0259hk\u0259m\u0259sin\u0259 \u0259riz\u0259 verib. Fevral\u0131n 21-d\u0259 bir d\u0259f\u0259 m\u0259hk\u0259m\u0259 oldu. Orada hakim soru\u015fdu ki, bu i\u015f\u0259 m\u0259nim baxma\u011f\u0131ma etiraz\u0131n var? O\u011flum dedi ki, kim bax\u0131r baxs\u0131n, \u0259sas odur, \u0259dal\u0259tli baxs\u0131n. Biz n\u0259 ist\u0259yirik, h\u00f6km verilsin. \u00c7ox \u015fey ist\u0259mirik ki\u2026\u201d, &#8211; S\u0259lminaz \u018fliyeva bel\u0259 deyir.<\/p>\n\n\n\n<p><strong>\u201cOna d\u0259y\u0259n h\u0259r t\u0259pik m\u0259nim \u00fcr\u0259yimin ba\u015f\u0131na d\u0259yib\u201d<\/strong><\/p>\n\n\n\n<p>S\u0259hh\u0259tind\u0259 ciddi probleml\u0259r oldu\u011funu, a\u011f\u0131r \u015f\u0259rtl\u0259r v\u0259 maddi ehtiyac i\u00e7ind\u0259 ya\u015fad\u0131\u011f\u0131n\u0131 dey\u0259n ana \u0259lav\u0259 edib ki, bu \u00e7\u0259tinlikl\u0259r\u0259 baxmayaraq, haz\u0131rda yegan\u0259 ist\u0259yi \u00f6vlad\u0131n\u0131n i\u015fin\u0259 \u0259dal\u0259tli bax\u0131lmas\u0131d\u0131r. O h\u0259m d\u0259 o\u011fluna i\u015fg\u0259nc\u0259 ver\u0259nl\u0259rin c\u0259zaland\u0131r\u0131lmas\u0131n\u0131 t\u0259l\u0259b edir: \u201cM\u0259n onu z\u00fclml\u0259, yetim\u00e7ilikl\u0259 b\u00f6y\u00fctm\u00fc\u015f\u0259m. Ona d\u0259y\u0259n h\u0259r t\u0259pik, h\u0259r yumruq m\u0259nim \u00fcr\u0259yimin ba\u015f\u0131ma d\u0259yib. \u018fg\u0259r g\u00fcnah\u0131 olsayd\u0131, he\u00e7 n\u0259 dem\u0259zdim\u201d.<\/p>\n\n\n\n<div class=\"wp-block-image\"><figure class=\"alignleft size-full is-resized\"><img decoding=\"async\" data-src=\"https:\/\/www.meydan.tv\/wp-content\/uploads\/untitled-design-4-9.jpg\" alt=\"\" class=\"wp-image-236461 lazyload\" width=\"504\" height=\"336\" src=\"data:image\/svg+xml;base64,PHN2ZyB3aWR0aD0iMSIgaGVpZ2h0PSIxIiB4bWxucz0iaHR0cDovL3d3dy53My5vcmcvMjAwMC9zdmciPjwvc3ZnPg==\" style=\"--smush-placeholder-width: 504px; --smush-placeholder-aspect-ratio: 504\/336;\" \/><figcaption>Amid \u018fliyev. Foto: Meydan TV<\/figcaption><\/figure><\/div>\n\n\n\n<p>Amid \u018fliyev \u00f6z\u00fc d\u0259 m\u0259hk\u0259m\u0259d\u0259 dindiril\u0259rk\u0259n ittiham\u0131 q\u0259bul etm\u0259yib. O bildirib ki, ittiham olundu\u011fu o\u011furluq hadis\u0259di ba\u015f ver\u0259rk\u0259n o, ya\u015fad\u0131\u011f\u0131 evd\u0259 olub. Bunu t\u0259sdiql\u0259y\u0259n \u015fahidl\u0259r d\u0259 var. Amma istintaq v\u0259 m\u0259hk\u0259m\u0259 onun \u015fahidl\u0259rini yox, polisl\u0259rin ifad\u0259l\u0259rini \u0259sas g\u00f6t\u00fcr\u00fcb.<\/p>\n\n\n\n<p><\/p>\n\n\n\n<p><\/p>\n\n\n\n<p><\/p>\n\n\n\n<p><\/p>\n\n\n\n<p><\/p>\n\n\n\n<p><\/p>\n\n\n\n<p><strong>Daxili \u0130\u015fl\u0259r Nazirliyi n\u0259 deyir?<\/strong><\/p>\n\n\n\n<p>Daxili \u0130\u015fl\u0259r Nazirliyi is\u0259 S\u0259lminaz \u018fliyevan\u0131n iddialan\u0131 t\u0259kzib edib. Nazirliyin M\u0259tbuat Xidm\u0259tinin G\u0259nc\u0259 regional qrupundan bildirilib ki, ist\u0259r Amid \u018fliyevin i\u015fg\u0259\u0131nc\u0259y\u0259 m\u0259ruz qalmas\u0131, ist\u0259rs\u0259 d\u0259 ona qar\u015f\u0131 ittihamlar\u0131n \u0259sass\u0131zl\u0131\u011f\u0131 haqda anas\u0131n\u0131n dedikl\u0259ri h\u0259qiq\u0259t\u0259 uy\u011fun deyil.<\/p>\n\n\n\n<p>Bu qurumun m\u0259lumat\u0131nda iddia olunur ki, Amid \u018fliyev 2019-cu ilin noyabr\u0131nda tan\u0131\u015f\u0131 N\u0259cm\u0259ddin Kamilli il\u0259 birlikd\u0259 \u015e\u0259mkirin Yeniabad k\u0259nd sakininin evind\u0259n 8200 manat pul o\u011furlay\u0131b. Bundan ba\u015fqa, Amid \u018fliyev 2020-ci ilin yanvar\u0131nda yetkinlik ya\u015f\u0131na \u00e7atmayan tan\u0131\u015f\u0131yla birlikd\u0259 rayonun Mahmudlu k\u0259ndind\u0259 ma\u011fazadan 171 manatl\u0131q t\u00fct\u00fcn, enerji i\u00e7kisi v\u0259 qida m\u0259hsullar\u0131 o\u011furlamaqda ittiham olunur.<\/p>\n\n\n\n<p>\u201c\u015e\u0259mkir Rayon Polis \u015e\u00f6b\u0259si \u0259m\u0259kda\u015flar\u0131n\u0131n ke\u00e7irdikl\u0259ri \u0259m\u0259liyyat-axtar\u0131\u015f t\u0259dbirl\u0259ri n\u0259tic\u0259sind\u0259 Amid \u018fliyev saxlan\u0131laraq Rayon Polis \u015e\u00f6b\u0259sin\u0259 g\u0259tirilib. Bu zaman onun \u00fcz\u0259rind\u0259n 0.025 qram narkotik vasit\u0259 olan marixuana a\u015fkar edil\u0259r\u0259k g\u00f6t\u00fcr\u00fcl\u00fcb\u201d, &#8211; m\u0259lumatda bildirilir.<\/p>\n\n\n\n<p>Amid \u018fliyevin apelyasiya \u015fikay\u0259ti ver\u0259 bilm\u0259si \u00fc\u00e7\u00fcn m\u00fcdd\u0259tin b\u0259rpas\u0131yla ba\u011fl\u0131 \u015fikay\u0259ti \u00fczr\u0259 m\u0259hk\u0259m\u0259 prosesi \u015e\u0259mkir rayon M\u0259hk\u0259m\u0259sind\u0259 davam edir.<\/p>\n\n\n\n<p><strong>\u201cPolis r\u0259isi m\u0259ni l\u0259k\u0259l\u0259yir\u201d<\/strong><\/p>\n\n\n\n<p>S\u0259lminaz \u018fliyevan\u0131n \u015fikay\u0259ti bununla bitmir. Onun s\u00f6zl\u0259rin\u0259 g\u00f6r\u0259, o\u011flunun haqs\u0131z h\u0259bsin\u0259 etiraz etdiyi \u00fc\u00e7\u00fcn K\u00fcr q\u0259s\u0259b\u0259sinin Polis B\u00f6lm\u0259inin r\u0259isi \u018fdal\u0259t Sad\u0131qov t\u0259r\u0259find\u0259n t\u0259hqir v\u0259 t\u0259zyiq\u0259 m\u0259ruz qal\u0131r. Qad\u0131n deyir ki, \u00f6t\u0259n ilin yanvar\u0131nda qon\u015fusu ona h\u00fccum ed\u0259r\u0259k d\u0259hlizd\u0259 yerl\u0259\u015f\u0259n m\u0259tb\u0259xin a\u00e7ar\u0131n\u0131 t\u0259l\u0259b edib, h\u0259min yerin ona verildiyini deyib:<\/p>\n\n\n\n<p>\u201cM\u0259n 102-y\u0259 z\u0259ng etdim, polisl\u0259r g\u0259ldi. Onlar\u0131n yan\u0131nda bel\u0259 qon\u015fum Aynur Qas\u0131mova m\u0259nim \u00fcst\u00fcm\u0259 dart\u0131nd\u0131, \u0259lind\u0259 \u00e7\u0259kic var idi, onunla qap\u0131n\u0131 s\u0131nd\u0131r\u0131rd\u0131. Polis araya girdi, m\u0259ni m\u0259nzil\u0259 sald\u0131 v\u0259 dedi ki, t\u0259dbir g\u00f6r\u0259c\u0259kl\u0259r. \u0130lkin m\u0259lumat ver\u0259nd\u0259 nisb\u0259t\u0259n \u0259\u015fyalar\u0131m v\u0259 \u0259rzaqlar\u0131m yerind\u0259 idi, bildirmi\u015fdim ki, 2 min manat ziyan d\u0259yib. \u0130\u015f polisd\u0259 oldu\u011fundan v\u0259 \u015f\u0259klini \u00e7\u0259kdikl\u0259rin\u0259 g\u00f6r\u0259 m\u0259n he\u00e7 n\u0259y\u0259 \u0259limi vurmad\u0131m. O\u011flum Bak\u0131 \u015f\u0259h\u0259rind\u0259 yerl\u0259\u015f\u0259n 1 sayl\u0131 C\u0259za\u00e7\u0259km\u0259 M\u00fc\u0259ssis\u0259sind\u0259 saxlan\u0131l\u0131r. Sah\u0259 r\u0259isin\u0259 m\u0259lumat verib, onun yan\u0131na getdim. M\u0259n Bak\u0131da olark\u0259n ba\u015fqa bir qon\u015fu z\u0259ng edib dedi ki, \u0259razi n\u00fcmay\u0259nd\u0259sinin i\u015ftirak\u0131 il\u0259 \u0259\u015fyalar\u0131m\u0131 zibil ma\u015f\u0131n\u0131na y\u0131\u011f\u0131b at\u0131blar\u201d.<\/p>\n\n\n\n<p>S\u0259minaz \u018fliyeva x\u0259b\u0259ri alan kimi D\u0130N-\u0259 getdiyini v\u0259 \u015fikay\u0259t \u0259riz\u0259si yazd\u0131\u011f\u0131n\u0131 deyir. Onun s\u00f6zl\u0259rin\u0259 g\u00f6r\u0259, nazirlikd\u0259n \u015e\u0259mkir Rayon Polis \u015e\u00f6b\u0259sin\u0259 z\u0259ng edib tap\u015f\u0131rsalar da, he\u00e7 bir n\u0259tic\u0259si olmay\u0131b.<\/p>\n\n\n\n<p>\u201cH\u0259min m\u0259nzili 14 ildir alm\u0131\u015fam. Ancaq bu g\u00fcn\u0259 q\u0259d\u0259r s\u0259n\u0259dl\u0259rini \u0259ld\u0259 ed\u0259 bilmir\u0259m. \u015eikay\u0259tl\u0259r etdiyim \u00fc\u00e7\u00fcn \u018fdal\u0259t Sad\u0131qov m\u0259ni h\u0259d\u0259f\u0259 al\u0131b. H\u0259tta h\u00fcquqlar\u0131m\u0131 m\u00fcdafi\u0259 ed\u0259n \u015f\u0259xs\u0259 z\u0259ng ed\u0259r\u0259k m\u0259hk\u0259m\u0259 il\u0259 h\u0259d\u0259l\u0259yib. M\u0259nim i\u00e7ki i\u00e7diyimi dem\u0259kl\u0259 g\u00f6zd\u0259n salma\u011fa \u00e7al\u0131\u015f\u0131r. M\u0259n \u00e7ayxanada i\u015fl\u0259yir\u0259m dey\u0259 \u201calka\u015f\u201d hesab olunuram? Yoxsa \u00f6vladlar\u0131n\u0131 m\u00fcdafi\u0259 etdiyi \u00fc\u00e7\u00fcn analar l\u0259k\u0259l\u0259nm\u0259lidir?\u201d.<\/p>\n\n\n\n<p>S\u0259lminaz \u018fliyeva deyir ki, son bir ayda s\u0259hh\u0259tin\u0259, o\u011fluna v\u0259 ba\u015f\u0131na g\u0259l\u0259nl\u0259r\u0259 g\u00f6r\u0259 m\u00fcxt\u0259lif orqanlara 916 \u015fikay\u0259t \u00fcnvanlay\u0131b. Ancaq problemini h\u0259ll ed\u0259n yoxdur:<\/p>\n\n\n\n<p>\u201cOmbudsmana da \u015fikay\u0259t etmi\u015f\u0259m. H\u0259l\u0259 indi z\u0259ng edib maraqlan\u0131rlar\u201d.<\/p>\n\n\n\n<p>D\u0130N-in M\u0259tbuat Xidm\u0259tinin K\u0130V v\u0259 ictimaiyy\u0259tl\u0259 \u0259laq\u0259l\u0259r \u015f\u00f6b\u0259sinin r\u0259isi El\u015fad Hac\u0131yev Meydan TV-y\u0259 polis r\u0259isi il\u0259 ba\u011fl\u0131 deyil\u0259nl\u0259ri t\u0259kzib edib:<\/p>\n\n\n\n<p>&#8220;T\u0259qsirl\u0259ndiril\u0259n \u015f\u0259xsin anas\u0131n\u0131n s\u0259sl\u0259ndirdiyi iddialar anla\u015f\u0131land\u0131r. Amma anan\u0131n \u00f6vlad\u0131n\u0131n m\u00fcdafi\u0259si m\u0259qs\u0259dil\u0259 m\u00fcxt\u0259lif m\u0259zmunlu iddialar s\u0259sl\u0259ndirm\u0259si onu cinay\u0259t \u0259m\u0259lini t\u00f6r\u0259tm\u0259m\u0259sin\u0259 d\u0259lal\u0259t etmir. Fakt \u0259sas\u0131nda ba\u015flanm\u0131\u015f cinay\u0259t i\u015fi \u00fczr\u0259 b\u00fct\u00fcn z\u0259ruri istintaq h\u0259r\u0259k\u0259tl\u0259ri h\u0259yata ke\u00e7irilib. Cinay\u0259t Prossesual qanunvericilik t\u0259l\u0259bl\u0259rin\u0259 uy\u011fun olaraq b\u00fct\u00fcn t\u0259dbirl\u0259r vaxt\u0131nda v\u0259 effektiv icra edilib. Anan\u0131n m\u00fcraci\u0259tin\u0259 bax\u0131lmamas\u0131, \u00f6vlad\u0131n\u0131n \u0259sass\u0131z h\u0259bs edilm\u0259si il\u0259 ba\u011fl\u0131 iddialar is\u0259 q\u0259ti olaraq \u0259sass\u0131zd\u0131r v\u0259 h\u0259qiq\u0259ti \u0259ks etdirmir. Haz\u0131rda t\u0259sirl\u0259ndiril\u0259n \u015f\u0259xsin m\u0259s\u0259l\u0259si m\u0259hk\u0259m\u0259d\u0259 bax\u0131l\u0131r v\u0259 q\u0259rar m\u0259hk\u0259m\u0259nin s\u0259lahiyy\u0259ti \u00e7\u0259r\u00e7iv\u0259sind\u0259dir&#8221;.<\/p>\n","protected":false},"excerpt":{"rendered":"<p>S\u0259lminaz \u018fliyeva: \u201c40 g\u00fcnl\u00fcy\u00fcnd\u0259n yetim saxlad\u0131\u011f\u0131m o\u011flumu \u015f\u0259rl\u0259yib h\u0259bs edibl\u0259r\u201d &#8230; <\/p>\n<p class=\"read-more-container\"><a title=\"\u015e\u0259mkir sakini: \u201cO\u011flumun \u0259l-aya\u011f\u0131n\u0131 ba\u011flay\u0131b d\u00f6y\u00fcbl\u0259r, ba\u015f\u0131n\u0131 d\u0259y\u0259n\u0259kl\u0259 yar\u0131blar\u201d\" class=\"read-more button\" href=\"https:\/\/www.meydan.tv\/az\/article\/semkir-sakini-oglumun-el-ayagini-baglayib-doyubler-basini-deyenekle-yariblar\/#more-236467\" aria-label=\"Read more about \u015e\u0259mkir sakini: \u201cO\u011flumun \u0259l-aya\u011f\u0131n\u0131 ba\u011flay\u0131b d\u00f6y\u00fcbl\u0259r, ba\u015f\u0131n\u0131 d\u0259y\u0259n\u0259kl\u0259 yar\u0131blar\u201d\">Davam\u0131<\/a><\/p>\n","protected":false},"author":8,"featured_media":236464,"comment_status":"closed","ping_status":"closed","sticky":false,"template":"","format":"standard","meta":{"_acf_changed":false,"_sitemap_exclude":false,"_sitemap_priority":"","_sitemap_frequency":"","footnotes":""},"categories":[60,56],"tags":[],"class_list":["post-236467","post","type-post","status-publish","format-standard","has-post-thumbnail","hentry","category-bolge","category-xeberler","infinite-scroll-item","generate-columns","tablet-grid-50","mobile-grid-100","grid-parent","grid-33","no-featured-image-padding"],"acf":[],"yoast_head":"<!-- This site is optimized with the Yoast SEO plugin v27.5 - https:\/\/yoast.com\/product\/yoast-seo-wordpress\/ -->\n<title>\u015e\u0259mkir sakini: \u201cO\u011flumun \u0259l-aya\u011f\u0131n\u0131 ba\u011flay\u0131b d\u00f6y\u00fcbl\u0259r, ba\u015f\u0131n\u0131 d\u0259y\u0259n\u0259kl\u0259 yar\u0131blar\u201d - MEYDAN.TV<\/title>\n<meta name=\"robots\" content=\"index, follow, max-snippet:-1, max-image-preview:large, max-video-preview:-1\" \/>\n<link rel=\"canonical\" href=\"https:\/\/www.meydan.tv\/az\/article\/semkir-sakini-oglumun-el-ayagini-baglayib-doyubler-basini-deyenekle-yariblar\/\" \/>\n<meta property=\"og:locale\" content=\"az_AZ\" \/>\n<meta property=\"og:type\" content=\"article\" \/>\n<meta property=\"og:title\" content=\"\u015e\u0259mkir sakini: \u201cO\u011flumun \u0259l-aya\u011f\u0131n\u0131 ba\u011flay\u0131b d\u00f6y\u00fcbl\u0259r, ba\u015f\u0131n\u0131 d\u0259y\u0259n\u0259kl\u0259 yar\u0131blar\u201d - MEYDAN.TV\" \/>\n<meta property=\"og:description\" content=\"S\u0259lminaz \u018fliyeva: \u201c40 g\u00fcnl\u00fcy\u00fcnd\u0259n yetim saxlad\u0131\u011f\u0131m o\u011flumu \u015f\u0259rl\u0259yib h\u0259bs edibl\u0259r\u201d ... Davam\u0131\" \/>\n<meta property=\"og:url\" content=\"https:\/\/www.meydan.tv\/az\/article\/semkir-sakini-oglumun-el-ayagini-baglayib-doyubler-basini-deyenekle-yariblar\/\" \/>\n<meta property=\"og:site_name\" content=\"MEYDAN.TV\" \/>\n<meta property=\"article:published_time\" content=\"2022-02-28T19:11:19+00:00\" \/>\n<meta property=\"article:modified_time\" content=\"2022-02-28T19:13:07+00:00\" \/>\n<meta property=\"og:image\" content=\"https:\/\/www.meydan.tv\/wp-content\/uploads\/untitled-design-3-11.jpg\" \/>\n\t<meta property=\"og:image:width\" content=\"1200\" \/>\n\t<meta property=\"og:image:height\" content=\"800\" \/>\n\t<meta property=\"og:image:type\" content=\"image\/jpeg\" \/>\n<meta name=\"author\" content=\"elli\" \/>\n<meta name=\"twitter:card\" content=\"summary_large_image\" \/>\n<meta name=\"twitter:creator\" content=\"@elli\" \/>\n<script type=\"application\/ld+json\" class=\"yoast-schema-graph\">{\"@context\":\"https:\\\/\\\/schema.org\",\"@graph\":[{\"@type\":\"Article\",\"@id\":\"https:\\\/\\\/www.meydan.tv\\\/az\\\/article\\\/semkir-sakini-oglumun-el-ayagini-baglayib-doyubler-basini-deyenekle-yariblar\\\/#article\",\"isPartOf\":{\"@id\":\"https:\\\/\\\/www.meydan.tv\\\/az\\\/article\\\/semkir-sakini-oglumun-el-ayagini-baglayib-doyubler-basini-deyenekle-yariblar\\\/\"},\"author\":{\"name\":\"elli\",\"@id\":\"https:\\\/\\\/www.meydan.tv\\\/az\\\/#\\\/schema\\\/person\\\/9cdbecf90d17180ce1dfbd95b08dcf47\"},\"headline\":\"\u015e\u0259mkir sakini: \u201cO\u011flumun \u0259l-aya\u011f\u0131n\u0131 ba\u011flay\u0131b d\u00f6y\u00fcbl\u0259r, ba\u015f\u0131n\u0131 d\u0259y\u0259n\u0259kl\u0259 yar\u0131blar\u201d\",\"datePublished\":\"2022-02-28T19:11:19+00:00\",\"dateModified\":\"2022-02-28T19:13:07+00:00\",\"mainEntityOfPage\":{\"@id\":\"https:\\\/\\\/www.meydan.tv\\\/az\\\/article\\\/semkir-sakini-oglumun-el-ayagini-baglayib-doyubler-basini-deyenekle-yariblar\\\/\"},\"wordCount\":1707,\"publisher\":{\"@id\":\"https:\\\/\\\/www.meydan.tv\\\/az\\\/#organization\"},\"image\":{\"@id\":\"https:\\\/\\\/www.meydan.tv\\\/az\\\/article\\\/semkir-sakini-oglumun-el-ayagini-baglayib-doyubler-basini-deyenekle-yariblar\\\/#primaryimage\"},\"thumbnailUrl\":\"https:\\\/\\\/www.meydan.tv\\\/wp-content\\\/uploads\\\/untitled-design-3-11.jpg\",\"articleSection\":[\"B\u00f6lg\u0259\",\"X\u0259b\u0259rl\u0259r\"],\"inLanguage\":\"az\"},{\"@type\":\"WebPage\",\"@id\":\"https:\\\/\\\/www.meydan.tv\\\/az\\\/article\\\/semkir-sakini-oglumun-el-ayagini-baglayib-doyubler-basini-deyenekle-yariblar\\\/\",\"url\":\"https:\\\/\\\/www.meydan.tv\\\/az\\\/article\\\/semkir-sakini-oglumun-el-ayagini-baglayib-doyubler-basini-deyenekle-yariblar\\\/\",\"name\":\"\u015e\u0259mkir sakini: \u201cO\u011flumun \u0259l-aya\u011f\u0131n\u0131 ba\u011flay\u0131b d\u00f6y\u00fcbl\u0259r, ba\u015f\u0131n\u0131 d\u0259y\u0259n\u0259kl\u0259 yar\u0131blar\u201d - MEYDAN.TV\",\"isPartOf\":{\"@id\":\"https:\\\/\\\/www.meydan.tv\\\/az\\\/#website\"},\"primaryImageOfPage\":{\"@id\":\"https:\\\/\\\/www.meydan.tv\\\/az\\\/article\\\/semkir-sakini-oglumun-el-ayagini-baglayib-doyubler-basini-deyenekle-yariblar\\\/#primaryimage\"},\"image\":{\"@id\":\"https:\\\/\\\/www.meydan.tv\\\/az\\\/article\\\/semkir-sakini-oglumun-el-ayagini-baglayib-doyubler-basini-deyenekle-yariblar\\\/#primaryimage\"},\"thumbnailUrl\":\"https:\\\/\\\/www.meydan.tv\\\/wp-content\\\/uploads\\\/untitled-design-3-11.jpg\",\"datePublished\":\"2022-02-28T19:11:19+00:00\",\"dateModified\":\"2022-02-28T19:13:07+00:00\",\"breadcrumb\":{\"@id\":\"https:\\\/\\\/www.meydan.tv\\\/az\\\/article\\\/semkir-sakini-oglumun-el-ayagini-baglayib-doyubler-basini-deyenekle-yariblar\\\/#breadcrumb\"},\"inLanguage\":\"az\",\"potentialAction\":[{\"@type\":\"ReadAction\",\"target\":[\"https:\\\/\\\/www.meydan.tv\\\/az\\\/article\\\/semkir-sakini-oglumun-el-ayagini-baglayib-doyubler-basini-deyenekle-yariblar\\\/\"]}]},{\"@type\":\"ImageObject\",\"inLanguage\":\"az\",\"@id\":\"https:\\\/\\\/www.meydan.tv\\\/az\\\/article\\\/semkir-sakini-oglumun-el-ayagini-baglayib-doyubler-basini-deyenekle-yariblar\\\/#primaryimage\",\"url\":\"https:\\\/\\\/www.meydan.tv\\\/wp-content\\\/uploads\\\/untitled-design-3-11.jpg\",\"contentUrl\":\"https:\\\/\\\/www.meydan.tv\\\/wp-content\\\/uploads\\\/untitled-design-3-11.jpg\",\"width\":1200,\"height\":800,\"caption\":\"S\u0259lminaz \u018fliyeva. Foto: Meydan TV\"},{\"@type\":\"BreadcrumbList\",\"@id\":\"https:\\\/\\\/www.meydan.tv\\\/az\\\/article\\\/semkir-sakini-oglumun-el-ayagini-baglayib-doyubler-basini-deyenekle-yariblar\\\/#breadcrumb\",\"itemListElement\":[{\"@type\":\"ListItem\",\"position\":1,\"name\":\"Ana s\u0259hif\u0259\",\"item\":\"https:\\\/\\\/www.meydan.tv\\\/az\\\/\"},{\"@type\":\"ListItem\",\"position\":2,\"name\":\"B\u00f6lg\u0259\",\"item\":\"https:\\\/\\\/www.meydan.tv\\\/az\\\/section\\\/bolge\\\/\"},{\"@type\":\"ListItem\",\"position\":3,\"name\":\"\u015e\u0259mkir sakini: \u201cO\u011flumun \u0259l-aya\u011f\u0131n\u0131 ba\u011flay\u0131b d\u00f6y\u00fcbl\u0259r, ba\u015f\u0131n\u0131 d\u0259y\u0259n\u0259kl\u0259 yar\u0131blar\u201d\"}]},{\"@type\":\"WebSite\",\"@id\":\"https:\\\/\\\/www.meydan.tv\\\/az\\\/#website\",\"url\":\"https:\\\/\\\/www.meydan.tv\\\/az\\\/\",\"name\":\"MEYDAN.TV\",\"description\":\"Meydan TV Az\u0259rbaycan\u0131n media m\u0259kan\u0131ndak\u0131 alternativ s\u0259sidir\",\"publisher\":{\"@id\":\"https:\\\/\\\/www.meydan.tv\\\/az\\\/#organization\"},\"potentialAction\":[{\"@type\":\"SearchAction\",\"target\":{\"@type\":\"EntryPoint\",\"urlTemplate\":\"https:\\\/\\\/www.meydan.tv\\\/az\\\/?s={search_term_string}\"},\"query-input\":{\"@type\":\"PropertyValueSpecification\",\"valueRequired\":true,\"valueName\":\"search_term_string\"}}],\"inLanguage\":\"az\"},{\"@type\":\"Organization\",\"@id\":\"https:\\\/\\\/www.meydan.tv\\\/az\\\/#organization\",\"name\":\"Meydan TV\",\"url\":\"https:\\\/\\\/www.meydan.tv\\\/az\\\/\",\"logo\":{\"@type\":\"ImageObject\",\"inLanguage\":\"az\",\"@id\":\"https:\\\/\\\/www.meydan.tv\\\/az\\\/#\\\/schema\\\/logo\\\/image\\\/\",\"url\":\"https:\\\/\\\/www.meydan.tv\\\/wp-content\\\/uploads\\\/2021\\\/07\\\/meydan-logo.svg\",\"contentUrl\":\"https:\\\/\\\/www.meydan.tv\\\/wp-content\\\/uploads\\\/2021\\\/07\\\/meydan-logo.svg\",\"width\":195,\"height\":46,\"caption\":\"Meydan TV\"},\"image\":{\"@id\":\"https:\\\/\\\/www.meydan.tv\\\/az\\\/#\\\/schema\\\/logo\\\/image\\\/\"}},{\"@type\":\"Person\",\"@id\":\"https:\\\/\\\/www.meydan.tv\\\/az\\\/#\\\/schema\\\/person\\\/9cdbecf90d17180ce1dfbd95b08dcf47\",\"name\":\"elli\",\"sameAs\":[\"https:\\\/\\\/x.com\\\/elli\"]}]}<\/script>\n<!-- \/ Yoast SEO plugin. -->","yoast_head_json":{"title":"\u015e\u0259mkir sakini: \u201cO\u011flumun \u0259l-aya\u011f\u0131n\u0131 ba\u011flay\u0131b d\u00f6y\u00fcbl\u0259r, ba\u015f\u0131n\u0131 d\u0259y\u0259n\u0259kl\u0259 yar\u0131blar\u201d - MEYDAN.TV","robots":{"index":"index","follow":"follow","max-snippet":"max-snippet:-1","max-image-preview":"max-image-preview:large","max-video-preview":"max-video-preview:-1"},"canonical":"https:\/\/www.meydan.tv\/az\/article\/semkir-sakini-oglumun-el-ayagini-baglayib-doyubler-basini-deyenekle-yariblar\/","og_locale":"az_AZ","og_type":"article","og_title":"\u015e\u0259mkir sakini: \u201cO\u011flumun \u0259l-aya\u011f\u0131n\u0131 ba\u011flay\u0131b d\u00f6y\u00fcbl\u0259r, ba\u015f\u0131n\u0131 d\u0259y\u0259n\u0259kl\u0259 yar\u0131blar\u201d - MEYDAN.TV","og_description":"S\u0259lminaz \u018fliyeva: \u201c40 g\u00fcnl\u00fcy\u00fcnd\u0259n yetim saxlad\u0131\u011f\u0131m o\u011flumu \u015f\u0259rl\u0259yib h\u0259bs edibl\u0259r\u201d ... Davam\u0131","og_url":"https:\/\/www.meydan.tv\/az\/article\/semkir-sakini-oglumun-el-ayagini-baglayib-doyubler-basini-deyenekle-yariblar\/","og_site_name":"MEYDAN.TV","article_published_time":"2022-02-28T19:11:19+00:00","article_modified_time":"2022-02-28T19:13:07+00:00","og_image":[{"width":1200,"height":800,"url":"https:\/\/www.meydan.tv\/wp-content\/uploads\/untitled-design-3-11.jpg","type":"image\/jpeg"}],"author":"elli","twitter_card":"summary_large_image","twitter_creator":"@elli","schema":{"@context":"https:\/\/schema.org","@graph":[{"@type":"Article","@id":"https:\/\/www.meydan.tv\/az\/article\/semkir-sakini-oglumun-el-ayagini-baglayib-doyubler-basini-deyenekle-yariblar\/#article","isPartOf":{"@id":"https:\/\/www.meydan.tv\/az\/article\/semkir-sakini-oglumun-el-ayagini-baglayib-doyubler-basini-deyenekle-yariblar\/"},"author":{"name":"elli","@id":"https:\/\/www.meydan.tv\/az\/#\/schema\/person\/9cdbecf90d17180ce1dfbd95b08dcf47"},"headline":"\u015e\u0259mkir sakini: \u201cO\u011flumun \u0259l-aya\u011f\u0131n\u0131 ba\u011flay\u0131b d\u00f6y\u00fcbl\u0259r, ba\u015f\u0131n\u0131 d\u0259y\u0259n\u0259kl\u0259 yar\u0131blar\u201d","datePublished":"2022-02-28T19:11:19+00:00","dateModified":"2022-02-28T19:13:07+00:00","mainEntityOfPage":{"@id":"https:\/\/www.meydan.tv\/az\/article\/semkir-sakini-oglumun-el-ayagini-baglayib-doyubler-basini-deyenekle-yariblar\/"},"wordCount":1707,"publisher":{"@id":"https:\/\/www.meydan.tv\/az\/#organization"},"image":{"@id":"https:\/\/www.meydan.tv\/az\/article\/semkir-sakini-oglumun-el-ayagini-baglayib-doyubler-basini-deyenekle-yariblar\/#primaryimage"},"thumbnailUrl":"https:\/\/www.meydan.tv\/wp-content\/uploads\/untitled-design-3-11.jpg","articleSection":["B\u00f6lg\u0259","X\u0259b\u0259rl\u0259r"],"inLanguage":"az"},{"@type":"WebPage","@id":"https:\/\/www.meydan.tv\/az\/article\/semkir-sakini-oglumun-el-ayagini-baglayib-doyubler-basini-deyenekle-yariblar\/","url":"https:\/\/www.meydan.tv\/az\/article\/semkir-sakini-oglumun-el-ayagini-baglayib-doyubler-basini-deyenekle-yariblar\/","name":"\u015e\u0259mkir sakini: \u201cO\u011flumun \u0259l-aya\u011f\u0131n\u0131 ba\u011flay\u0131b d\u00f6y\u00fcbl\u0259r, ba\u015f\u0131n\u0131 d\u0259y\u0259n\u0259kl\u0259 yar\u0131blar\u201d - MEYDAN.TV","isPartOf":{"@id":"https:\/\/www.meydan.tv\/az\/#website"},"primaryImageOfPage":{"@id":"https:\/\/www.meydan.tv\/az\/article\/semkir-sakini-oglumun-el-ayagini-baglayib-doyubler-basini-deyenekle-yariblar\/#primaryimage"},"image":{"@id":"https:\/\/www.meydan.tv\/az\/article\/semkir-sakini-oglumun-el-ayagini-baglayib-doyubler-basini-deyenekle-yariblar\/#primaryimage"},"thumbnailUrl":"https:\/\/www.meydan.tv\/wp-content\/uploads\/untitled-design-3-11.jpg","datePublished":"2022-02-28T19:11:19+00:00","dateModified":"2022-02-28T19:13:07+00:00","breadcrumb":{"@id":"https:\/\/www.meydan.tv\/az\/article\/semkir-sakini-oglumun-el-ayagini-baglayib-doyubler-basini-deyenekle-yariblar\/#breadcrumb"},"inLanguage":"az","potentialAction":[{"@type":"ReadAction","target":["https:\/\/www.meydan.tv\/az\/article\/semkir-sakini-oglumun-el-ayagini-baglayib-doyubler-basini-deyenekle-yariblar\/"]}]},{"@type":"ImageObject","inLanguage":"az","@id":"https:\/\/www.meydan.tv\/az\/article\/semkir-sakini-oglumun-el-ayagini-baglayib-doyubler-basini-deyenekle-yariblar\/#primaryimage","url":"https:\/\/www.meydan.tv\/wp-content\/uploads\/untitled-design-3-11.jpg","contentUrl":"https:\/\/www.meydan.tv\/wp-content\/uploads\/untitled-design-3-11.jpg","width":1200,"height":800,"caption":"S\u0259lminaz \u018fliyeva. Foto: Meydan TV"},{"@type":"BreadcrumbList","@id":"https:\/\/www.meydan.tv\/az\/article\/semkir-sakini-oglumun-el-ayagini-baglayib-doyubler-basini-deyenekle-yariblar\/#breadcrumb","itemListElement":[{"@type":"ListItem","position":1,"name":"Ana s\u0259hif\u0259","item":"https:\/\/www.meydan.tv\/az\/"},{"@type":"ListItem","position":2,"name":"B\u00f6lg\u0259","item":"https:\/\/www.meydan.tv\/az\/section\/bolge\/"},{"@type":"ListItem","position":3,"name":"\u015e\u0259mkir sakini: \u201cO\u011flumun \u0259l-aya\u011f\u0131n\u0131 ba\u011flay\u0131b d\u00f6y\u00fcbl\u0259r, ba\u015f\u0131n\u0131 d\u0259y\u0259n\u0259kl\u0259 yar\u0131blar\u201d"}]},{"@type":"WebSite","@id":"https:\/\/www.meydan.tv\/az\/#website","url":"https:\/\/www.meydan.tv\/az\/","name":"MEYDAN.TV","description":"Meydan TV Az\u0259rbaycan\u0131n media m\u0259kan\u0131ndak\u0131 alternativ s\u0259sidir","publisher":{"@id":"https:\/\/www.meydan.tv\/az\/#organization"},"potentialAction":[{"@type":"SearchAction","target":{"@type":"EntryPoint","urlTemplate":"https:\/\/www.meydan.tv\/az\/?s={search_term_string}"},"query-input":{"@type":"PropertyValueSpecification","valueRequired":true,"valueName":"search_term_string"}}],"inLanguage":"az"},{"@type":"Organization","@id":"https:\/\/www.meydan.tv\/az\/#organization","name":"Meydan TV","url":"https:\/\/www.meydan.tv\/az\/","logo":{"@type":"ImageObject","inLanguage":"az","@id":"https:\/\/www.meydan.tv\/az\/#\/schema\/logo\/image\/","url":"https:\/\/www.meydan.tv\/wp-content\/uploads\/2021\/07\/meydan-logo.svg","contentUrl":"https:\/\/www.meydan.tv\/wp-content\/uploads\/2021\/07\/meydan-logo.svg","width":195,"height":46,"caption":"Meydan TV"},"image":{"@id":"https:\/\/www.meydan.tv\/az\/#\/schema\/logo\/image\/"}},{"@type":"Person","@id":"https:\/\/www.meydan.tv\/az\/#\/schema\/person\/9cdbecf90d17180ce1dfbd95b08dcf47","name":"elli","sameAs":["https:\/\/x.com\/elli"]}]}},"_links":{"self":[{"href":"https:\/\/www.meydan.tv\/az\/wp-json\/wp\/v2\/posts\/236467","targetHints":{"allow":["GET"]}}],"collection":[{"href":"https:\/\/www.meydan.tv\/az\/wp-json\/wp\/v2\/posts"}],"about":[{"href":"https:\/\/www.meydan.tv\/az\/wp-json\/wp\/v2\/types\/post"}],"author":[{"embeddable":true,"href":"https:\/\/www.meydan.tv\/az\/wp-json\/wp\/v2\/users\/8"}],"replies":[{"embeddable":true,"href":"https:\/\/www.meydan.tv\/az\/wp-json\/wp\/v2\/comments?post=236467"}],"version-history":[{"count":5,"href":"https:\/\/www.meydan.tv\/az\/wp-json\/wp\/v2\/posts\/236467\/revisions"}],"predecessor-version":[{"id":236477,"href":"https:\/\/www.meydan.tv\/az\/wp-json\/wp\/v2\/posts\/236467\/revisions\/236477"}],"wp:featuredmedia":[{"embeddable":true,"href":"https:\/\/www.meydan.tv\/az\/wp-json\/wp\/v2\/media\/236464"}],"wp:attachment":[{"href":"https:\/\/www.meydan.tv\/az\/wp-json\/wp\/v2\/media?parent=236467"}],"wp:term":[{"taxonomy":"category","embeddable":true,"href":"https:\/\/www.meydan.tv\/az\/wp-json\/wp\/v2\/categories?post=236467"},{"taxonomy":"post_tag","embeddable":true,"href":"https:\/\/www.meydan.tv\/az\/wp-json\/wp\/v2\/tags?post=236467"}],"curies":[{"name":"wp","href":"https:\/\/api.w.org\/{rel}","templated":true}]}}