{"id":236447,"date":"2022-02-28T21:19:30","date_gmt":"2022-02-28T17:19:30","guid":{"rendered":"https:\/\/www.meydan.tv\/?p=236447"},"modified":"2022-02-28T21:29:42","modified_gmt":"2022-02-28T17:29:42","slug":"putin-nuve-silahindan-istifade-edecekmi","status":"publish","type":"post","link":"https:\/\/www.meydan.tv\/az\/article\/putin-nuve-silahindan-istifade-edecekmi\/","title":{"rendered":"Putin n\u00fcv\u0259 silah\u0131ndan istifad\u0259 ed\u0259c\u0259kmi?"},"content":{"rendered":"\n<p><em>Ukrayna m\u00fcharib\u0259sinin sonu haqq\u0131nda ehtimallar<\/em><\/p>\n\n\n\n<p>Rusiya Prezidenti Vladimir Putinin 27 fevral \u00e7\u0131x\u0131\u015f\u0131 xeyli suallar yarad\u0131b. Bu \u00e7\u0131x\u0131\u015f rus dilinin rahat anla\u015f\u0131ld\u0131\u011f\u0131 arealda is\u0259 dem\u0259k olar ki, t\u0259\u015fvi\u015f\u0259 s\u0259b\u0259b olub. Putinin aqressiyas\u0131n\u0131 \u201cn\u00fcv\u0259 t\u0259hdidi\u201d kimi anlayan k\u00fctl\u0259l\u0259r onun malik oldu\u011fu t\u0259hl\u00fck\u0259li silahdan istifad\u0259 edib etm\u0259y\u0259c\u0259yini ciddi m\u00fczakir\u0259 etm\u0259kd\u0259dirl\u0259r. Odur ki, Rusiya liderinin \u00e7\u0131x\u0131\u015f\u0131ndan yaranan b\u0259zi suallar\u0131 cavabland\u0131rma\u011fa \u00e7al\u0131\u015faq. Bundan \u00f6nc\u0259 is\u0259 24 fevral s\u0259h\u0259r saatlar\u0131nda ba\u015flayan v\u0259 art\u0131q be\u015finci g\u00fcn\u0259 q\u0259d\u0259m qoyan m\u00fcharib\u0259nin yaratd\u0131\u011f\u0131 \u00fcmumi m\u0259nz\u0259r\u0259ni d\u0259 t\u0259hlil etm\u0259k g\u0259r\u0259kir:<\/p>\n\n\n\n<ol class=\"wp-block-list\"><li><em>Bu m\u00fcharib\u0259 \u00c7inin Rysiyan\u0131 d\u0259st\u0259kl\u0259m\u0259diyini ortaya qoydu. \u018fvv\u0259lc\u0259 \u00c7in xarici i\u015fl\u0259r naziri b\u0259yan etdi ki, Ukraynan\u0131n \u0259razi b\u00fct\u00f6vl\u00fcy\u00fcn\u00fc d\u0259st\u0259kl\u0259yirl\u0259r v\u0259 bu toxunulmazd\u0131r. M\u00fcharib\u0259nin \u00fc\u00e7\u00fcnc\u00fc g\u00fcn\u00fcnd\u0259 is\u0259 art\u0131q \u00c7in h\u00f6kum\u0259ti Ukraynaya humanitar yard\u0131m g\u00f6nd\u0259rm\u0259k bar\u0259d\u0259 q\u0259rar q\u0259bul etdi.<\/em><\/li><li><em>Qazax\u0131stan ba\u015fqa siyasi yol tutdu\u011funu b\u0259yan etm\u0259k \u00fc\u00e7\u00fcn f\u00fcrs\u0259t qazand\u0131. T\u0259z\u0259c\u0259 xalq etiraz\u0131 il\u0259 qar\u015f\u0131la\u015fan v\u0259 \u201cPutin d\u0259st\u0259yi\u201d g\u00f6r\u0259n Qazax\u0131stan lideri Tokayev Putinin Ukraynada d\u00f6y\u00fc\u015fm\u0259k \u00fc\u00e7\u00fcn \u0259sg\u0259r ist\u0259m\u0259sin\u0259 m\u0259nfi cavab verdi. Bunun ard\u0131nca Erm\u0259nistana m\u00fcraci\u0259t ed\u0259n Rusiya lideri oradan da m\u00fcsb\u0259t cavab ala bilm\u0259di. Bununla da KTMT-nin bir h\u0259rbi-siyasi blok kimi s\u0131radan \u00e7\u0131xd\u0131\u011f\u0131 faktiki t\u0259sdiqini tapd\u0131. Daha do\u011frusu, m\u0259lum oldu ki, bu qrumun \u0259sas t\u0259yinat\u0131 Rusiyaya orbitind\u0259 olan \u00f6lk\u0259l\u0259r\u0259 qo\u015fun yeritm\u0259k \u00fc\u00e7\u00fcn h\u00fcquqi baza yaratmaq imi\u015f. Rusiyan\u0131n k\u00f6m\u0259yin\u0259 g\u0259lm\u0259k ist\u0259m\u0259y\u0259n Qazax\u0131stan v\u0259 Erm\u0259nistan is\u0259 a\u00e7\u0131q \u015f\u0259kild\u0259 bu status-kvonun d\u0259yi\u015fm\u0259sind\u0259n yana olduqlar\u0131n\u0131 ortaya qoydular.<\/em><\/li><li><em>Rus ordusunun \u0259slind\u0259 SSR-nin qal\u0131q ordusu oldu\u011fu bir daha m\u0259lum oldu. Biz indi Rus ordusuna \u201c\u00f6lm\u00fc\u015f filin t\u0259rp\u0259n\u0259n xortumu\u201d dey\u0259 bil\u0259rik. Onun h\u0259r\u0259k\u0259ti qorxu yarad\u0131r, amma canl\u0131l\u0131q haqq\u0131nda he\u00e7 n\u0259 demi<\/em>r.<\/li><li><em>Demokratik d\u00fcnya l\u0259ng, amma vahid oldu\u011funu (Rusiya t\u0259kl\u0259ndikc\u0259 onlar daha s\u0131x birl\u0259\u015firl\u0259r) ortaya qoydu. Bu bax\u0131mdan Q\u0259rb blokunun yenid\u0259n toparlanmas\u0131nda Putin aqressiyas\u0131n\u0131n m\u00fch\u00fcm rol oynad\u0131\u011f\u0131n\u0131 dey\u0259 bil\u0259rik.<\/em><\/li><\/ol>\n\n\n\n<p><strong>N\u00fcv\u0259 t\u0259hl\u00fck\u0259si varm\u0131?<\/strong><\/p>\n\n\n\n<p>Bu g\u00fcn s\u0259h\u0259r\u0259 olan m\u0259lumata g\u00f6r\u0259, Rusiya ordusunun canl\u0131 q\u00fcvv\u0259 itkisinin say\u0131 5300-\u00fc ke\u00e7ib: 191tank, m\u00fcxt\u0259lif zirehli texnika 816, 291 ma\u015f\u0131n, 29 q\u0131r\u0131c\u0131 t\u0259yyar\u0259, 29 helikopter v\u0259 xeyli ba\u015fqa itkil\u0259ri var.<\/p>\n\n\n\n<p>\u0130nsan itkisinin b\u00f6y\u00fck miqyas almas\u0131 Rusiyan\u0131n daxilind\u0259 naraz\u0131l\u0131qlar\u0131 b\u00f6y\u00fcd\u00fcr. \u0130qtisadi v\u0259 siyasi sanksiyalar\u0131n t\u0259sirl\u0259ri art\u0131q g\u00f6r\u00fcnm\u0259kd\u0259dir. Putini \u00f6lk\u0259nin daxilind\u0259 daha g\u0259rgin v\u0259ziyy\u0259tin g\u00f6zl\u0259diyi is\u0259 art\u0131q aksioma \u00e7evrilm\u0259kd\u0259dir.<\/p>\n\n\n\n<p>B\u0259s onun ritorikas\u0131nda artan templ\u0259 m\u00fc\u015fahid\u0259 edil\u0259n aqressivliyin sonda n\u00fcv\u0259 silah\u0131n\u0131 i\u015fl\u0259tm\u0259kl\u0259 n\u0259tic\u0259l\u0259n\u0259 bil\u0259rmi?<\/p>\n\n\n\n<p>G\u00f6r\u00fcn\u0259n odur ki, Putin daha \u00e7ox v\u0259ziyy\u0259tin bu n\u00f6qt\u0259y\u0259 \u00e7atmamas\u0131 \u00fc\u00e7\u00fcn v\u0259ziyy\u0259tin g\u0259rginliyini g\u00f6st\u0259rm\u0259k ist\u0259yir. Amma NATO-nun m\u0259nb\u0259l\u0259ri bel\u0259 bir hal\u0131n ba\u015f ver\u0259c\u0259yin\u0259 inams\u0131z g\u00f6rs\u0259nirl\u0259r.<\/p>\n\n\n\n<p>G\u00f6r\u00fcn\u00fcr, Rusiyan\u0131n daxilind\u0259ki k\u0259\u015ffiyyat m\u0259lumatlar\u0131na istinad\u0259n bel\u0259 davran\u0131rlar. Ba\u015fqa t\u0259r\u0259fd\u0259n is\u0259 Rusiya h\u0259rbi elitas\u0131n\u0131n bu m\u00fcharib\u0259d\u0259 h\u0259v\u0259ssiz g\u00f6r\u00fcnm\u0259si bel\u0259 dem\u0259y\u0259 \u0259sas verir ki, Putinin d\u0259 m\u00fc\u0259yy\u0259n limiti var v\u0259 o, bunu ke\u00e7m\u0259k imkan\u0131nda deyil. Y\u0259ni h\u0259rbi s\u0259nae v\u0259 h\u0259rbi k\u0259\u015ffiyyat elitas\u0131 onun daha aqressiv add\u0131mlar atmas\u0131na imkan vem\u0259k ist\u0259m\u0259zl\u0259r. Bu anlamda Rusiyada bir sistem d\u0259yi\u015fikliyi daha praqmatik proqnoz kimi g\u00f6r\u00fcn\u00fcr, n\u0259inki n\u00fcv\u0259 silah\u0131ndan istifad\u0259 etm\u0259k.<\/p>\n","protected":false},"excerpt":{"rendered":"<p>Ukrayna m\u00fcharib\u0259sinin sonu haqq\u0131nda ehtimallar Rusiya Prezidenti Vladimir Putinin 27 &#8230; <\/p>\n<p class=\"read-more-container\"><a title=\"Putin n\u00fcv\u0259 silah\u0131ndan istifad\u0259 ed\u0259c\u0259kmi?\" class=\"read-more button\" href=\"https:\/\/www.meydan.tv\/az\/article\/putin-nuve-silahindan-istifade-edecekmi\/#more-236447\" aria-label=\"Read more about Putin n\u00fcv\u0259 silah\u0131ndan istifad\u0259 ed\u0259c\u0259kmi?\">Davam\u0131<\/a><\/p>\n","protected":false},"author":8,"featured_media":129937,"comment_status":"closed","ping_status":"closed","sticky":false,"template":"","format":"standard","meta":{"_acf_changed":false,"_sitemap_exclude":false,"_sitemap_priority":"","_sitemap_frequency":"","footnotes":""},"categories":[57],"tags":[],"class_list":["post-236447","post","type-post","status-publish","format-standard","has-post-thumbnail","hentry","category-menim-fikrimce","infinite-scroll-item","generate-columns","tablet-grid-50","mobile-grid-100","grid-parent","grid-33","no-featured-image-padding"],"acf":[],"yoast_head":"<!-- This site is optimized with the Yoast SEO plugin v27.4 - https:\/\/yoast.com\/product\/yoast-seo-wordpress\/ -->\n<title>Putin n\u00fcv\u0259 silah\u0131ndan istifad\u0259 ed\u0259c\u0259kmi? - MEYDAN.TV<\/title>\n<meta name=\"robots\" content=\"index, follow, max-snippet:-1, max-image-preview:large, max-video-preview:-1\" \/>\n<link rel=\"canonical\" href=\"https:\/\/www.meydan.tv\/az\/article\/putin-nuve-silahindan-istifade-edecekmi\/\" \/>\n<meta property=\"og:locale\" content=\"az_AZ\" \/>\n<meta property=\"og:type\" content=\"article\" \/>\n<meta property=\"og:title\" content=\"Putin n\u00fcv\u0259 silah\u0131ndan istifad\u0259 ed\u0259c\u0259kmi? - MEYDAN.TV\" \/>\n<meta property=\"og:description\" content=\"Ukrayna m\u00fcharib\u0259sinin sonu haqq\u0131nda ehtimallar Rusiya Prezidenti Vladimir Putinin 27 ... Davam\u0131\" \/>\n<meta property=\"og:url\" content=\"https:\/\/www.meydan.tv\/az\/article\/putin-nuve-silahindan-istifade-edecekmi\/\" \/>\n<meta property=\"og:site_name\" content=\"MEYDAN.TV\" \/>\n<meta property=\"article:published_time\" content=\"2022-02-28T17:19:30+00:00\" \/>\n<meta property=\"article:modified_time\" content=\"2022-02-28T17:29:42+00:00\" \/>\n<meta property=\"og:image\" content=\"https:\/\/www.meydan.tv\/wp-content\/uploads\/untitled_artwork_5iccn6j-scaled.jpg\" \/>\n\t<meta property=\"og:image:width\" content=\"2560\" \/>\n\t<meta property=\"og:image:height\" content=\"1440\" \/>\n\t<meta property=\"og:image:type\" content=\"image\/jpeg\" \/>\n<meta name=\"author\" content=\"elli\" \/>\n<meta name=\"twitter:card\" content=\"summary_large_image\" \/>\n<meta name=\"twitter:creator\" content=\"@elli\" \/>\n<script type=\"application\/ld+json\" class=\"yoast-schema-graph\">{\"@context\":\"https:\\\/\\\/schema.org\",\"@graph\":[{\"@type\":\"Article\",\"@id\":\"https:\\\/\\\/www.meydan.tv\\\/az\\\/article\\\/putin-nuve-silahindan-istifade-edecekmi\\\/#article\",\"isPartOf\":{\"@id\":\"https:\\\/\\\/www.meydan.tv\\\/az\\\/article\\\/putin-nuve-silahindan-istifade-edecekmi\\\/\"},\"author\":{\"name\":\"elli\",\"@id\":\"https:\\\/\\\/www.meydan.tv\\\/az\\\/#\\\/schema\\\/person\\\/9cdbecf90d17180ce1dfbd95b08dcf47\"},\"headline\":\"Putin n\u00fcv\u0259 silah\u0131ndan istifad\u0259 ed\u0259c\u0259kmi?\",\"datePublished\":\"2022-02-28T17:19:30+00:00\",\"dateModified\":\"2022-02-28T17:29:42+00:00\",\"mainEntityOfPage\":{\"@id\":\"https:\\\/\\\/www.meydan.tv\\\/az\\\/article\\\/putin-nuve-silahindan-istifade-edecekmi\\\/\"},\"wordCount\":738,\"publisher\":{\"@id\":\"https:\\\/\\\/www.meydan.tv\\\/az\\\/#organization\"},\"image\":{\"@id\":\"https:\\\/\\\/www.meydan.tv\\\/az\\\/article\\\/putin-nuve-silahindan-istifade-edecekmi\\\/#primaryimage\"},\"thumbnailUrl\":\"https:\\\/\\\/www.meydan.tv\\\/wp-content\\\/uploads\\\/untitled_artwork_5iccn6j-scaled.jpg\",\"articleSection\":[\"M\u0259nim Fikrimc\u0259\"],\"inLanguage\":\"az\"},{\"@type\":\"WebPage\",\"@id\":\"https:\\\/\\\/www.meydan.tv\\\/az\\\/article\\\/putin-nuve-silahindan-istifade-edecekmi\\\/\",\"url\":\"https:\\\/\\\/www.meydan.tv\\\/az\\\/article\\\/putin-nuve-silahindan-istifade-edecekmi\\\/\",\"name\":\"Putin n\u00fcv\u0259 silah\u0131ndan istifad\u0259 ed\u0259c\u0259kmi? - MEYDAN.TV\",\"isPartOf\":{\"@id\":\"https:\\\/\\\/www.meydan.tv\\\/az\\\/#website\"},\"primaryImageOfPage\":{\"@id\":\"https:\\\/\\\/www.meydan.tv\\\/az\\\/article\\\/putin-nuve-silahindan-istifade-edecekmi\\\/#primaryimage\"},\"image\":{\"@id\":\"https:\\\/\\\/www.meydan.tv\\\/az\\\/article\\\/putin-nuve-silahindan-istifade-edecekmi\\\/#primaryimage\"},\"thumbnailUrl\":\"https:\\\/\\\/www.meydan.tv\\\/wp-content\\\/uploads\\\/untitled_artwork_5iccn6j-scaled.jpg\",\"datePublished\":\"2022-02-28T17:19:30+00:00\",\"dateModified\":\"2022-02-28T17:29:42+00:00\",\"breadcrumb\":{\"@id\":\"https:\\\/\\\/www.meydan.tv\\\/az\\\/article\\\/putin-nuve-silahindan-istifade-edecekmi\\\/#breadcrumb\"},\"inLanguage\":\"az\",\"potentialAction\":[{\"@type\":\"ReadAction\",\"target\":[\"https:\\\/\\\/www.meydan.tv\\\/az\\\/article\\\/putin-nuve-silahindan-istifade-edecekmi\\\/\"]}]},{\"@type\":\"ImageObject\",\"inLanguage\":\"az\",\"@id\":\"https:\\\/\\\/www.meydan.tv\\\/az\\\/article\\\/putin-nuve-silahindan-istifade-edecekmi\\\/#primaryimage\",\"url\":\"https:\\\/\\\/www.meydan.tv\\\/wp-content\\\/uploads\\\/untitled_artwork_5iccn6j-scaled.jpg\",\"contentUrl\":\"https:\\\/\\\/www.meydan.tv\\\/wp-content\\\/uploads\\\/untitled_artwork_5iccn6j-scaled.jpg\",\"width\":2560,\"height\":1440,\"caption\":\"Seymur H\u0259zi, Foto:: Meydan TV\"},{\"@type\":\"BreadcrumbList\",\"@id\":\"https:\\\/\\\/www.meydan.tv\\\/az\\\/article\\\/putin-nuve-silahindan-istifade-edecekmi\\\/#breadcrumb\",\"itemListElement\":[{\"@type\":\"ListItem\",\"position\":1,\"name\":\"Ana s\u0259hif\u0259\",\"item\":\"https:\\\/\\\/www.meydan.tv\\\/az\\\/\"},{\"@type\":\"ListItem\",\"position\":2,\"name\":\"M\u0259nim Fikrimc\u0259\",\"item\":\"https:\\\/\\\/www.meydan.tv\\\/az\\\/section\\\/menim-fikrimce\\\/\"},{\"@type\":\"ListItem\",\"position\":3,\"name\":\"Putin n\u00fcv\u0259 silah\u0131ndan istifad\u0259 ed\u0259c\u0259kmi?\"}]},{\"@type\":\"WebSite\",\"@id\":\"https:\\\/\\\/www.meydan.tv\\\/az\\\/#website\",\"url\":\"https:\\\/\\\/www.meydan.tv\\\/az\\\/\",\"name\":\"MEYDAN.TV\",\"description\":\"Meydan TV Az\u0259rbaycan\u0131n media m\u0259kan\u0131ndak\u0131 alternativ s\u0259sidir\",\"publisher\":{\"@id\":\"https:\\\/\\\/www.meydan.tv\\\/az\\\/#organization\"},\"potentialAction\":[{\"@type\":\"SearchAction\",\"target\":{\"@type\":\"EntryPoint\",\"urlTemplate\":\"https:\\\/\\\/www.meydan.tv\\\/az\\\/?s={search_term_string}\"},\"query-input\":{\"@type\":\"PropertyValueSpecification\",\"valueRequired\":true,\"valueName\":\"search_term_string\"}}],\"inLanguage\":\"az\"},{\"@type\":\"Organization\",\"@id\":\"https:\\\/\\\/www.meydan.tv\\\/az\\\/#organization\",\"name\":\"Meydan TV\",\"url\":\"https:\\\/\\\/www.meydan.tv\\\/az\\\/\",\"logo\":{\"@type\":\"ImageObject\",\"inLanguage\":\"az\",\"@id\":\"https:\\\/\\\/www.meydan.tv\\\/az\\\/#\\\/schema\\\/logo\\\/image\\\/\",\"url\":\"https:\\\/\\\/www.meydan.tv\\\/wp-content\\\/uploads\\\/2021\\\/07\\\/meydan-logo.svg\",\"contentUrl\":\"https:\\\/\\\/www.meydan.tv\\\/wp-content\\\/uploads\\\/2021\\\/07\\\/meydan-logo.svg\",\"width\":195,\"height\":46,\"caption\":\"Meydan TV\"},\"image\":{\"@id\":\"https:\\\/\\\/www.meydan.tv\\\/az\\\/#\\\/schema\\\/logo\\\/image\\\/\"}},{\"@type\":\"Person\",\"@id\":\"https:\\\/\\\/www.meydan.tv\\\/az\\\/#\\\/schema\\\/person\\\/9cdbecf90d17180ce1dfbd95b08dcf47\",\"name\":\"elli\",\"sameAs\":[\"https:\\\/\\\/x.com\\\/elli\"]}]}<\/script>\n<!-- \/ Yoast SEO plugin. -->","yoast_head_json":{"title":"Putin n\u00fcv\u0259 silah\u0131ndan istifad\u0259 ed\u0259c\u0259kmi? - MEYDAN.TV","robots":{"index":"index","follow":"follow","max-snippet":"max-snippet:-1","max-image-preview":"max-image-preview:large","max-video-preview":"max-video-preview:-1"},"canonical":"https:\/\/www.meydan.tv\/az\/article\/putin-nuve-silahindan-istifade-edecekmi\/","og_locale":"az_AZ","og_type":"article","og_title":"Putin n\u00fcv\u0259 silah\u0131ndan istifad\u0259 ed\u0259c\u0259kmi? - MEYDAN.TV","og_description":"Ukrayna m\u00fcharib\u0259sinin sonu haqq\u0131nda ehtimallar Rusiya Prezidenti Vladimir Putinin 27 ... Davam\u0131","og_url":"https:\/\/www.meydan.tv\/az\/article\/putin-nuve-silahindan-istifade-edecekmi\/","og_site_name":"MEYDAN.TV","article_published_time":"2022-02-28T17:19:30+00:00","article_modified_time":"2022-02-28T17:29:42+00:00","og_image":[{"width":2560,"height":1440,"url":"https:\/\/www.meydan.tv\/wp-content\/uploads\/untitled_artwork_5iccn6j-scaled.jpg","type":"image\/jpeg"}],"author":"elli","twitter_card":"summary_large_image","twitter_creator":"@elli","schema":{"@context":"https:\/\/schema.org","@graph":[{"@type":"Article","@id":"https:\/\/www.meydan.tv\/az\/article\/putin-nuve-silahindan-istifade-edecekmi\/#article","isPartOf":{"@id":"https:\/\/www.meydan.tv\/az\/article\/putin-nuve-silahindan-istifade-edecekmi\/"},"author":{"name":"elli","@id":"https:\/\/www.meydan.tv\/az\/#\/schema\/person\/9cdbecf90d17180ce1dfbd95b08dcf47"},"headline":"Putin n\u00fcv\u0259 silah\u0131ndan istifad\u0259 ed\u0259c\u0259kmi?","datePublished":"2022-02-28T17:19:30+00:00","dateModified":"2022-02-28T17:29:42+00:00","mainEntityOfPage":{"@id":"https:\/\/www.meydan.tv\/az\/article\/putin-nuve-silahindan-istifade-edecekmi\/"},"wordCount":738,"publisher":{"@id":"https:\/\/www.meydan.tv\/az\/#organization"},"image":{"@id":"https:\/\/www.meydan.tv\/az\/article\/putin-nuve-silahindan-istifade-edecekmi\/#primaryimage"},"thumbnailUrl":"https:\/\/www.meydan.tv\/wp-content\/uploads\/untitled_artwork_5iccn6j-scaled.jpg","articleSection":["M\u0259nim Fikrimc\u0259"],"inLanguage":"az"},{"@type":"WebPage","@id":"https:\/\/www.meydan.tv\/az\/article\/putin-nuve-silahindan-istifade-edecekmi\/","url":"https:\/\/www.meydan.tv\/az\/article\/putin-nuve-silahindan-istifade-edecekmi\/","name":"Putin n\u00fcv\u0259 silah\u0131ndan istifad\u0259 ed\u0259c\u0259kmi? - MEYDAN.TV","isPartOf":{"@id":"https:\/\/www.meydan.tv\/az\/#website"},"primaryImageOfPage":{"@id":"https:\/\/www.meydan.tv\/az\/article\/putin-nuve-silahindan-istifade-edecekmi\/#primaryimage"},"image":{"@id":"https:\/\/www.meydan.tv\/az\/article\/putin-nuve-silahindan-istifade-edecekmi\/#primaryimage"},"thumbnailUrl":"https:\/\/www.meydan.tv\/wp-content\/uploads\/untitled_artwork_5iccn6j-scaled.jpg","datePublished":"2022-02-28T17:19:30+00:00","dateModified":"2022-02-28T17:29:42+00:00","breadcrumb":{"@id":"https:\/\/www.meydan.tv\/az\/article\/putin-nuve-silahindan-istifade-edecekmi\/#breadcrumb"},"inLanguage":"az","potentialAction":[{"@type":"ReadAction","target":["https:\/\/www.meydan.tv\/az\/article\/putin-nuve-silahindan-istifade-edecekmi\/"]}]},{"@type":"ImageObject","inLanguage":"az","@id":"https:\/\/www.meydan.tv\/az\/article\/putin-nuve-silahindan-istifade-edecekmi\/#primaryimage","url":"https:\/\/www.meydan.tv\/wp-content\/uploads\/untitled_artwork_5iccn6j-scaled.jpg","contentUrl":"https:\/\/www.meydan.tv\/wp-content\/uploads\/untitled_artwork_5iccn6j-scaled.jpg","width":2560,"height":1440,"caption":"Seymur H\u0259zi, Foto:: Meydan TV"},{"@type":"BreadcrumbList","@id":"https:\/\/www.meydan.tv\/az\/article\/putin-nuve-silahindan-istifade-edecekmi\/#breadcrumb","itemListElement":[{"@type":"ListItem","position":1,"name":"Ana s\u0259hif\u0259","item":"https:\/\/www.meydan.tv\/az\/"},{"@type":"ListItem","position":2,"name":"M\u0259nim Fikrimc\u0259","item":"https:\/\/www.meydan.tv\/az\/section\/menim-fikrimce\/"},{"@type":"ListItem","position":3,"name":"Putin n\u00fcv\u0259 silah\u0131ndan istifad\u0259 ed\u0259c\u0259kmi?"}]},{"@type":"WebSite","@id":"https:\/\/www.meydan.tv\/az\/#website","url":"https:\/\/www.meydan.tv\/az\/","name":"MEYDAN.TV","description":"Meydan TV Az\u0259rbaycan\u0131n media m\u0259kan\u0131ndak\u0131 alternativ s\u0259sidir","publisher":{"@id":"https:\/\/www.meydan.tv\/az\/#organization"},"potentialAction":[{"@type":"SearchAction","target":{"@type":"EntryPoint","urlTemplate":"https:\/\/www.meydan.tv\/az\/?s={search_term_string}"},"query-input":{"@type":"PropertyValueSpecification","valueRequired":true,"valueName":"search_term_string"}}],"inLanguage":"az"},{"@type":"Organization","@id":"https:\/\/www.meydan.tv\/az\/#organization","name":"Meydan TV","url":"https:\/\/www.meydan.tv\/az\/","logo":{"@type":"ImageObject","inLanguage":"az","@id":"https:\/\/www.meydan.tv\/az\/#\/schema\/logo\/image\/","url":"https:\/\/www.meydan.tv\/wp-content\/uploads\/2021\/07\/meydan-logo.svg","contentUrl":"https:\/\/www.meydan.tv\/wp-content\/uploads\/2021\/07\/meydan-logo.svg","width":195,"height":46,"caption":"Meydan TV"},"image":{"@id":"https:\/\/www.meydan.tv\/az\/#\/schema\/logo\/image\/"}},{"@type":"Person","@id":"https:\/\/www.meydan.tv\/az\/#\/schema\/person\/9cdbecf90d17180ce1dfbd95b08dcf47","name":"elli","sameAs":["https:\/\/x.com\/elli"]}]}},"_links":{"self":[{"href":"https:\/\/www.meydan.tv\/az\/wp-json\/wp\/v2\/posts\/236447","targetHints":{"allow":["GET"]}}],"collection":[{"href":"https:\/\/www.meydan.tv\/az\/wp-json\/wp\/v2\/posts"}],"about":[{"href":"https:\/\/www.meydan.tv\/az\/wp-json\/wp\/v2\/types\/post"}],"author":[{"embeddable":true,"href":"https:\/\/www.meydan.tv\/az\/wp-json\/wp\/v2\/users\/8"}],"replies":[{"embeddable":true,"href":"https:\/\/www.meydan.tv\/az\/wp-json\/wp\/v2\/comments?post=236447"}],"version-history":[{"count":3,"href":"https:\/\/www.meydan.tv\/az\/wp-json\/wp\/v2\/posts\/236447\/revisions"}],"predecessor-version":[{"id":236450,"href":"https:\/\/www.meydan.tv\/az\/wp-json\/wp\/v2\/posts\/236447\/revisions\/236450"}],"wp:featuredmedia":[{"embeddable":true,"href":"https:\/\/www.meydan.tv\/az\/wp-json\/wp\/v2\/media\/129937"}],"wp:attachment":[{"href":"https:\/\/www.meydan.tv\/az\/wp-json\/wp\/v2\/media?parent=236447"}],"wp:term":[{"taxonomy":"category","embeddable":true,"href":"https:\/\/www.meydan.tv\/az\/wp-json\/wp\/v2\/categories?post=236447"},{"taxonomy":"post_tag","embeddable":true,"href":"https:\/\/www.meydan.tv\/az\/wp-json\/wp\/v2\/tags?post=236447"}],"curies":[{"name":"wp","href":"https:\/\/api.w.org\/{rel}","templated":true}]}}