{"id":236402,"date":"2022-02-28T19:42:48","date_gmt":"2022-02-28T15:42:48","guid":{"rendered":"https:\/\/www.meydan.tv\/?p=236402"},"modified":"2022-02-28T19:42:49","modified_gmt":"2022-02-28T15:42:49","slug":"ermenistan-ukraynaya-munasibetde-neytralliga-ustunluk-verir-veziyyetin-analizi","status":"publish","type":"post","link":"https:\/\/www.meydan.tv\/az\/article\/ermenistan-ukraynaya-munasibetde-neytralliga-ustunluk-verir-veziyyetin-analizi\/","title":{"rendered":"\u201cErm\u0259nistan Ukraynaya m\u00fcnasib\u0259td\u0259 neytrall\u0131\u011fa \u00fcst\u00fcnl\u00fck verir: v\u0259ziyy\u0259tin analizi"},"content":{"rendered":"\n<p><a href=\"https:\/\/jam-news.net\/ru\/\u0430\u0440\u043c\u0435\u043d\u0438\u044f-\u043f\u043e-\u0443\u043a\u0440\u0430\u0438\u043d\u0435-\u043f\u0440\u0435\u0434\u043f\u043e\u0447\u0438\u0442\u0430\u0435\u0442-\u043d\u0435\u0439\/\" target=\"_blank\" rel=\"noreferrer noopener\">&#8220;Jamnews&#8221;<\/a>un material\u0131 <\/p>\n\n\n\n<p>R\u0259smi Yerevan \u201cUkrayna b\u00f6hran\u0131\u201dna m\u00fcnasib\u0259td\u0259 neytral m\u00f6vqe tutub. Erm\u0259nistan h\u00f6kum\u0259ti sad\u0259c\u0259 \u201ciki dost \u00f6lk\u0259 aras\u0131ndak\u0131 m\u00f6vcud probleml\u0259rin diplomatik dialoq vasit\u0259si il\u0259 \u00e7\u00f6z\u00fcl\u0259c\u0259yin\u0259 \u00fcmid b\u0259sl\u0259yir\u201d v\u0259 qa\u00e7q\u0131nlar\u0131 q\u0259bul etm\u0259y\u0259 haz\u0131r oldu\u011funu deyir.\u00a0\u00a0\u00a0<\/p>\n\n\n\n<p>Hakimiyy\u0259td\u0259n f\u0259rqli olaraq, erm\u0259ni c\u0259miyy\u0259ti Ukraynadak\u0131 m\u00fcharib\u0259y\u0259 son d\u0259r\u0259c\u0259 emosional reaksiya verir v\u0259 insanlar\u0131n fikri \u0259m\u0259lli-ba\u015fl\u0131 q\u00fctbl\u0259\u015fib. H\u0259m h\u0259rbi \u0259m\u0259liyyatlar\u0131 ba\u015flayan Rusiyan\u0131n \u00fcnvan\u0131na, h\u0259m d\u0259 Ukraynan\u0131n \u00fcnvan\u0131na k\u0259skin r\u0259yl\u0259r\u0259 rast g\u0259lm\u0259k olar. \u00c7oxu 2020-ci il Qaraba\u011f m\u00fcharib\u0259si zaman\u0131 Ukraynan\u0131n Az\u0259rbaycan\u0131 total \u015f\u0259kild\u0259 d\u0259st\u0259kl\u0259diyini xat\u0131rlad\u0131r.&nbsp;&nbsp;<\/p>\n\n\n\n<p>Ba\u015fqa \u00f6lk\u0259l\u0259rd\u0259n f\u0259rqli olaraq, Erm\u0259nistanda Ukraynadak\u0131 m\u00fcharib\u0259 il\u0259 ba\u011fl\u0131 k\u00fctl\u0259vi etiraz aksiyalar\u0131 ke\u00e7irilmir. Bununla bel\u0259, bir ne\u00e7\u0259 etiraz aksiyas\u0131 ke\u00e7irilib v\u0259 adamlar Ukrayna il\u0259 h\u0259mr\u0259y olduqlar\u0131n\u0131 ifad\u0259 edibl\u0259r.&nbsp;<\/p>\n\n\n\n<p>Erm\u0259nistan hakimiyy\u0259tinin v\u0259 erm\u0259ni ictimaiyy\u0259tinin bir c\u00fcr m\u00f6vqe tutmas\u0131n\u0131n s\u0259b\u0259bl\u0259rinin n\u0259 d\u0259r\u0259c\u0259d\u0259 obyektiv olmas\u0131, h\u0259m\u00e7inin Ukraynadak\u0131 m\u00fcharib\u0259 il\u0259 ba\u011fl\u0131 Erm\u0259nistan \u00fc\u00e7\u00fcn hans\u0131 riskl\u0259rin olmas\u0131 haqda \u2013 siyasi \u015f\u0259rh\u00e7i Akop Badalyan\u0131n r\u0259yi:&nbsp;<\/p>\n\n\n\n<h2 class=\"wp-block-heading\"><strong>\u201cNeytrall\u0131\u011f\u0131n pozulmas\u0131 g\u00f6zl<\/strong><strong>\u0259nilm\u0259z n\u0259tic\u0259l\u0259r\u0259 g\u0259tirib \u00e7\u0131xaracaq\u201d<\/strong><strong><\/strong><\/h2>\n\n\n\n<p>\u201cErm\u0259nistan\u0131n Ukraynaya m\u00fcnasib\u0259td\u0259 neytral m\u00f6vqe tutmas\u0131 \u00f6lk\u0259nin t\u0259hl\u00fck\u0259sizliyi m\u0259s\u0259l\u0259l\u0259ri v\u0259 \u015f\u0259xsi maraqlarla ba\u011fl\u0131d\u0131r. Erm\u0259nistan\u0131n qar\u015f\u0131s\u0131nda duran v\u0259zif\u0259 n\u0259 siyasi, n\u0259 d\u0259 h\u0259rbi planda kimins\u0259 t\u0259r\u0259fini tutmamaqd\u0131r.<\/p>\n\n\n\n<p>Erm\u0259nistan maksimum neytral olmal\u0131d\u0131r. T\u0259hl\u00fck\u0259sizlik plan\u0131nda indiki v\u0259ziyy\u0259tind\u0259 bu onun \u00fc\u00e7\u00fcn \u0259n optimal m\u00f6vqedir.<\/p>\n\n\n\n<p>\u018fks halda n\u0259tic\u0259l\u0259r onun \u00fc\u00e7\u00fcn \u00e7ox g\u00f6zl\u0259nilm\u0259z ola bil\u0259r.&nbsp;&nbsp;<\/p>\n\n\n\n<p>Erm\u0259nistan Rusiyan\u0131n t\u0259r\u0259fini tutdu\u011fu halda onun m\u00fctl\u0259q Q\u0259rbl\u0259 probleml\u0259ri meydana g\u0259l\u0259c\u0259k. \u018fksin\u0259, Q\u0259rbin yan\u0131nda dayanarsa, Moskva il\u0259 problem ya\u015fayacaq.&nbsp;<\/p>\n\n\n\n<p>Z\u0259nnimc\u0259, indiki v\u0259ziyy\u0259td\u0259 Erm\u0259nistan\u0131n neytral m\u00f6vqe tutmas\u0131 h\u0259m Rusiya, h\u0259m Ukrayna, h\u0259m d\u0259 Q\u0259rb \u00fc\u00e7\u00fcn anla\u015f\u0131land\u0131r.&nbsp;<\/p>\n\n\n\n<p>Lakin Erm\u0259nistan h\u0259r hans\u0131 bir t\u0259r\u0259fin t\u0259zyiqi il\u0259 Ukrayna m\u0259s\u0259l\u0259sin\u0259 m\u00fcnasib\u0259td\u0259 m\u00f6vqe tutmaq m\u0259cburiyy\u0259tind\u0259 qalarsa, neytrall\u0131\u011f\u0131n\u0131 n\u0259 q\u0259d\u0259r saxlaya bil\u0259r? Bu suala h\u0259l\u0259 ki cavab verm\u0259k \u00e7\u0259tindir. \u00c7ox \u015fey m\u00fcharib\u0259d\u0259ki q\u00fcvv\u0259l\u0259rin tarazl\u0131\u011f\u0131ndan tutmu\u015f Q\u0259rb-Rusiya qar\u015f\u0131l\u0131ql\u0131 m\u00fcnasib\u0259tl\u0259rd\u0259 siyasi dan\u0131\u015f\u0131qlar prosesind\u0259ki v\u0259ziyy\u0259t\u0259d\u0259k hadis\u0259l\u0259rin inki\u015faf\u0131ndan as\u0131l\u0131d\u0131r.&nbsp;&nbsp;<\/p>\n\n\n\n<p>Odur ki, Erm\u0259nistan h\u0259r c\u00fcr meydanoxumaya haz\u0131r olmal\u0131 v\u0259 he\u00e7 bir halda n\u0259 h\u0259r hans\u0131 bir b\u0259yanat, n\u0259 d\u0259 siyasi v\u0259 ya h\u0259rbi-siyasi q\u0259rar plan\u0131nda kimins\u0259 t\u0259r\u0259fini tutmamal\u0131d\u0131r\u201d.&nbsp;<\/p>\n\n\n\n<h2 class=\"gb-headline gb-headline-f02d64ea gb-headline-text\"><strong>C<\/strong><strong>\u0259miyy\u0259td\u0259 fikirl\u0259r ha\u00e7alan\u0131b<\/strong><\/h2>\n\n\n\n<p>\u201cHakimiyy\u0259td\u0259n f\u0259rqli olaraq, insanlar Ukrayna b\u00f6hran\u0131na daha emosional reaksiya verir v\u0259 bunun s\u0259b\u0259bl\u0259ri yet\u0259rinc\u0259 anla\u015f\u0131land\u0131r.<\/p>\n\n\n\n<p>Erm\u0259nistanda h\u0259r hans\u0131 bir m\u0259s\u0259l\u0259 il\u0259 ba\u011fl\u0131 vahid ictimai fikir yoxdur. O, h\u0259mi\u015f\u0259 \u00e7ox\u015fax\u0259lidir v\u0259 \u0259sas etibar\u0131 il\u0259 q\u00fctbl\u0259\u015fib.&nbsp;&nbsp;<\/p>\n\n\n\n<p>Erm\u0259nistan ictimaiyy\u0259ti \u00fc\u00e7\u00fcn bu normad\u0131r.<\/p>\n\n\n\n<p>Bu meyll\u0259nm\u0259nin hardan meydana g\u0259lm\u0259si ba\u015fqa m\u0259sl\u0259dir. \u00dcmumilikd\u0259 postsovet m\u0259kan\u0131nda h\u0259l\u0259 d\u0259 sovet irsi, rusiyay\u00f6nl\u00fc vektor m\u00f6vcuddur. El\u0259 Rusiyan\u0131n t\u0259siri alt\u0131nda olmayan Ukraynada da rusiyay\u00f6nl\u00fc m\u00f6vqe var.&nbsp;<\/p>\n\n\n\n<p>Rusiyan\u0131n \u00f6z\u00fc postsovet \u00f6lk\u0259l\u0259rinin ictimaiyy\u0259tind\u0259 \u00f6z\u00fcn\u0259 qar\u015f\u0131 loyal m\u00fcnasib\u0259tin formala\u015fmas\u0131 \u00fc\u00e7\u00fcn s\u0259yl\u0259 \u00e7al\u0131\u015f\u0131b. T\u0259sir u\u011frunda m\u00fcbariz\u0259 burada h\u0259mi\u015f\u0259 gedib v\u0259 bu m\u00fcbariz\u0259d\u0259 Q\u0259rb m\u00fcxt\u0259lif \u00fcsul v\u0259 texnologiyalarla Rusiya il\u0259 r\u0259qab\u0259t apar\u0131b.&nbsp;<\/p>\n\n\n\n<p>Erm\u0259nistan ictimaiyy\u0259ti is\u0259 m\u00fcst\u0259qilliyi boyu d\u00f6vl\u0259t\u00e7ilik sistemi il\u0259 ba\u011fl\u0131 d\u0259rind\u0259n d\u00fc\u015f\u00fcn\u0259 bil\u0259n elitas\u0131 olmad\u0131\u011f\u0131 \u00fc\u00e7\u00fcn gah bir, gah da dig\u0259r xarici q\u00fcvv\u0259l\u0259rin t\u0259siri alt\u0131na d\u00fc\u015f\u00fcb. Bu da c\u0259miyy\u0259tin q\u00fctbl\u0259\u015fm\u0259sin\u0259 g\u0259tirib \u00e7\u0131xar\u0131b. Odur ki, bu g\u00fcn o, Ukrayna b\u00f6hran\u0131na m\u00fcnasib\u0259td\u0259 q\u00fctbl\u0259\u015fmi\u015f fikir y\u00fcr\u00fcd\u00fcr. Biril\u0259ri rusiyay\u00f6nl\u00fc m\u00f6vqe tutur, dig\u0259rl\u0259ri Ukraynan\u0131n t\u0259r\u0259fini saxlay\u0131r.&nbsp;&nbsp;&nbsp;<\/p>\n\n\n\n<p>Erm\u0259ni ictimaiyy\u0259tinin reaksiyas\u0131nda emosional ruh \u0259sas etibar\u0131 il\u0259 Ukrayna v\u0259 Rusiyan\u0131n Da\u011fl\u0131q Qaraba\u011f m\u0259s\u0259l\u0259sin\u0259 m\u00f6vqeyi il\u0259 ba\u011fl\u0131d\u0131r.<\/p>\n\n\n\n<p>\u0130nsanlar Ukraynan\u0131n Az\u0259rbaycan v\u0259 T\u00fcrkiy\u0259ni h\u0259m \u00f6lk\u0259 r\u0259hb\u0259rliyi, h\u0259m d\u0259 s\u0131ravi v\u0259t\u0259nda\u015flar s\u0259viyy\u0259sind\u0259 qeyd-\u015f\u0259rtsiz d\u0259st\u0259yini v\u0259 ukraynal\u0131lar\u0131n az\u0259rbaycanl\u0131lara Qaraba\u011f m\u00fcharib\u0259sind\u0259 z\u0259f\u0259r \u00e7alma\u011f\u0131 arzulad\u0131qlar\u0131n\u0131 xat\u0131rlay\u0131rlar. Rusiyan\u0131 is\u0259 son 20-25 ild\u0259 Erm\u0259nistana m\u00fcnasib\u0259td\u0259 siyas\u0259tin\u0259 g\u00f6r\u0259 t\u0259nqid edil\u0259r.&nbsp;<\/p>\n\n\n\n<p>Bir t\u0259r\u0259fd\u0259n, bu normald\u0131r, bel\u0259 ki, ictimaiyy\u0259t tamamil\u0259 m\u00fcst\u0259qil fikr\u0259 malikdir, dig\u0259r t\u0259r\u0259fd\u0259n, biz yen\u0259 d\u0259 ictimai oriyentirl\u0259rin yoxlu\u011fu il\u0259 qar\u015f\u0131la\u015f\u0131r\u0131q\u201d.&nbsp;<\/p>\n\n\n\n<h2 class=\"gb-headline gb-headline-0ec4f522 gb-headline-text\"><strong>Rusiyaya qar\u015f\u0131 sanksiyalar Erm\u0259nistana da t<\/strong><strong>\u0259sir ed\u0259c\u0259k<\/strong><\/h2>\n\n\n\n<p>\u201cRusiyaya qar\u015f\u0131 yeridilmi\u015f sanksiyalar, \u015f\u00fcbh\u0259siz ki, Erm\u0259nistana da t\u0259sir ed\u0259c\u0259k, x\u00fcsusil d\u0259 onun iqtisadiyyat\u0131na. Ruslar\u0131n k\u0259skin \u015f\u0259kild\u0259 eni\u015f\u0259 getm\u0259m\u0259si \u00fc\u00e7\u00fcn bu sanksiyalara n\u0259 q\u0259d\u0259r haz\u0131r olduqlar\u0131n\u0131 bilmir\u0259m, lakin Rusiya bazar\u0131n\u0131n Erm\u0259nistan iqtisadiyyat\u0131nda \u00fcst\u00fcnl\u00fck t\u0259\u015fkil etm\u0259si s\u0259b\u0259bind\u0259n \u00f6lk\u0259mizin iqtisadiyyat\u0131na olan t\u0259sir a\u015fkar duyulacaq.&nbsp;&nbsp;&nbsp;<\/p>\n\n\n\n<p>Rusiya Erm\u0259nistan \u00fc\u00e7\u00fcn \u0259n b\u00f6y\u00fck bazard\u0131r. \u00d6lk\u0259 iqtisadiyyat\u0131nda m\u00fch\u00fcm rol oynayan transferl\u0259rin \u0259sas m\u0259nb\u0259yi d\u0259 Rusiyad\u0131r. Bu bax\u0131mdan \u00e7ox \u00e7\u0259tin olacaq v\u0259 Erm\u0259nistan ba\u015fqa yollar axtarmaq m\u0259cburiyy\u0259tind\u0259 qalacaq.&nbsp;<\/p>\n\n\n\n<p>Siyasi n\u00f6qteyi-n\u0259z\u0259rd\u0259n, Ukraynda m\u00fcharib\u0259nin uzanmas\u0131 postsovet \u00f6lk\u0259l\u0259rind\u0259 Rusiya m\u00f6vqeyinin daha da s\u0259rtl\u0259\u015fm\u0259sin\u0259 g\u0259tirib \u00e7\u0131xara bil\u0259r. Konkret olaraq Erm\u0259nistanda Q\u0259rbl\u0259 m\u00fcnasib\u0259td\u0259 \u0259lav\u0259 probleml\u0259r meydana g\u0259l\u0259c\u0259k. Rusiya liderinin n\u00fcv\u0259 silahlar\u0131n\u0131 x\u00fcsusi h\u0259rbi n\u00f6vb\u0259t\u00e7ilik rejimin\u0259 ke\u00e7irilm\u0259sini \u0259mr etdiyini n\u0259z\u0259r\u0259 alsaq, bu ssenari, dem\u0259k olar ki, qa\u00e7\u0131lmazd\u0131r.&nbsp;&nbsp;&nbsp;&nbsp;&nbsp;&nbsp;<\/p>\n\n\n\n<p>Qafqazda t\u0259hl\u00fck\u0259sizlik m\u0259s\u0259l\u0259si yenid\u0259n aktualla\u015f\u0131r. Art\u0131q qar\u015f\u0131m\u0131zda Qafqaz\u0131n yen\u0259 h\u0259rbi \u0259m\u0259liyyatlar teatr\u0131na d\u00f6n\u00fcb-d\u00f6nm\u0259y\u0259c\u0259yi m\u0259s\u0259l\u0259si durur.&nbsp;<\/p>\n\n\n\n<p>Rusiya bu c\u00fcr riskl\u0259rin neytralla\u015fd\u0131r\u0131lmas\u0131 yolunda m\u00fc\u0259yy\u0259n add\u0131nlar at\u0131b. Az\u0259rbaycanla Qar\u015f\u0131l\u0131ql\u0131 M\u00fctt\u0259fiqlik haqq\u0131nda B\u0259yannam\u0259nin imzalanmas\u0131 bunlardan biridir.&nbsp;<\/p>\n\n\n\n<p>Erm\u0259nistan-T\u00fcrkiy\u0259 m\u00fcnasib\u0259tl\u0259rinin normalla\u015fd\u0131r\u0131lmas\u0131 prosesi d\u0259 m\u00fch\u00fcm rol oynayacaq. \u018fg\u0259r Erm\u0259nistan prosesi s\u00fcrd\u00fcr\u0259 bil\u0259rs\u0259, bu, t\u0259hl\u00fck\u0259sizlik riskl\u0259rinin neytralla\u015fd\u0131r\u0131lmas\u0131nda \u0259lav\u0259 amil ola bil\u0259r\u201d.&nbsp;&nbsp;<\/p>\n","protected":false},"excerpt":{"rendered":"<p>&#8220;Jamnews&#8221;un material\u0131 R\u0259smi Yerevan \u201cUkrayna b\u00f6hran\u0131\u201dna m\u00fcnasib\u0259td\u0259 neytral m\u00f6vqe tutub. &#8230; <\/p>\n<p class=\"read-more-container\"><a title=\"\u201cErm\u0259nistan Ukraynaya m\u00fcnasib\u0259td\u0259 neytrall\u0131\u011fa \u00fcst\u00fcnl\u00fck verir: v\u0259ziyy\u0259tin analizi\" class=\"read-more button\" href=\"https:\/\/www.meydan.tv\/az\/article\/ermenistan-ukraynaya-munasibetde-neytralliga-ustunluk-verir-veziyyetin-analizi\/#more-236402\" aria-label=\"Read more about \u201cErm\u0259nistan Ukraynaya m\u00fcnasib\u0259td\u0259 neytrall\u0131\u011fa \u00fcst\u00fcnl\u00fck verir: v\u0259ziyy\u0259tin analizi\">Davam\u0131<\/a><\/p>\n","protected":false},"author":16,"featured_media":233686,"comment_status":"closed","ping_status":"closed","sticky":false,"template":"","format":"standard","meta":{"_acf_changed":false,"_sitemap_exclude":false,"_sitemap_priority":"","_sitemap_frequency":"","footnotes":""},"categories":[64,57,59,56],"tags":[],"class_list":["post-236402","post","type-post","status-publish","format-standard","has-post-thumbnail","hentry","category-dunya","category-menim-fikrimce","category-siyaset","category-xeberler","infinite-scroll-item","generate-columns","tablet-grid-50","mobile-grid-100","grid-parent","grid-33","no-featured-image-padding"],"acf":[],"yoast_head":"<!-- This site is optimized with the Yoast SEO plugin v27.4 - https:\/\/yoast.com\/product\/yoast-seo-wordpress\/ -->\n<title>\u201cErm\u0259nistan Ukraynaya m\u00fcnasib\u0259td\u0259 neytrall\u0131\u011fa \u00fcst\u00fcnl\u00fck verir: v\u0259ziyy\u0259tin analizi - MEYDAN.TV<\/title>\n<meta name=\"robots\" content=\"index, follow, max-snippet:-1, max-image-preview:large, max-video-preview:-1\" \/>\n<link rel=\"canonical\" href=\"https:\/\/www.meydan.tv\/az\/article\/ermenistan-ukraynaya-munasibetde-neytralliga-ustunluk-verir-veziyyetin-analizi\/\" \/>\n<meta property=\"og:locale\" content=\"az_AZ\" \/>\n<meta property=\"og:type\" content=\"article\" \/>\n<meta property=\"og:title\" content=\"\u201cErm\u0259nistan Ukraynaya m\u00fcnasib\u0259td\u0259 neytrall\u0131\u011fa \u00fcst\u00fcnl\u00fck verir: v\u0259ziyy\u0259tin analizi - MEYDAN.TV\" \/>\n<meta property=\"og:description\" content=\"&#8220;Jamnews&#8221;un material\u0131 R\u0259smi Yerevan \u201cUkrayna b\u00f6hran\u0131\u201dna m\u00fcnasib\u0259td\u0259 neytral m\u00f6vqe tutub. ... Davam\u0131\" \/>\n<meta property=\"og:url\" content=\"https:\/\/www.meydan.tv\/az\/article\/ermenistan-ukraynaya-munasibetde-neytralliga-ustunluk-verir-veziyyetin-analizi\/\" \/>\n<meta property=\"og:site_name\" content=\"MEYDAN.TV\" \/>\n<meta property=\"article:published_time\" content=\"2022-02-28T15:42:48+00:00\" \/>\n<meta property=\"article:modified_time\" content=\"2022-02-28T15:42:49+00:00\" \/>\n<meta property=\"og:image\" content=\"https:\/\/www.meydan.tv\/wp-content\/uploads\/pasha_pysddkq-e16425003212001.jpg\" \/>\n\t<meta property=\"og:image:width\" content=\"534\" \/>\n\t<meta property=\"og:image:height\" content=\"315\" \/>\n\t<meta property=\"og:image:type\" content=\"image\/jpeg\" \/>\n<meta name=\"author\" content=\"sevda\" \/>\n<meta name=\"twitter:card\" content=\"summary_large_image\" \/>\n<script type=\"application\/ld+json\" class=\"yoast-schema-graph\">{\"@context\":\"https:\\\/\\\/schema.org\",\"@graph\":[{\"@type\":\"Article\",\"@id\":\"https:\\\/\\\/www.meydan.tv\\\/az\\\/article\\\/ermenistan-ukraynaya-munasibetde-neytralliga-ustunluk-verir-veziyyetin-analizi\\\/#article\",\"isPartOf\":{\"@id\":\"https:\\\/\\\/www.meydan.tv\\\/az\\\/article\\\/ermenistan-ukraynaya-munasibetde-neytralliga-ustunluk-verir-veziyyetin-analizi\\\/\"},\"author\":{\"name\":\"sevda\",\"@id\":\"https:\\\/\\\/www.meydan.tv\\\/az\\\/#\\\/schema\\\/person\\\/49b5f2bad5b126bb8ea9320eeb3e4dc9\"},\"headline\":\"\u201cErm\u0259nistan Ukraynaya m\u00fcnasib\u0259td\u0259 neytrall\u0131\u011fa \u00fcst\u00fcnl\u00fck verir: v\u0259ziyy\u0259tin analizi\",\"datePublished\":\"2022-02-28T15:42:48+00:00\",\"dateModified\":\"2022-02-28T15:42:49+00:00\",\"mainEntityOfPage\":{\"@id\":\"https:\\\/\\\/www.meydan.tv\\\/az\\\/article\\\/ermenistan-ukraynaya-munasibetde-neytralliga-ustunluk-verir-veziyyetin-analizi\\\/\"},\"wordCount\":1310,\"publisher\":{\"@id\":\"https:\\\/\\\/www.meydan.tv\\\/az\\\/#organization\"},\"image\":{\"@id\":\"https:\\\/\\\/www.meydan.tv\\\/az\\\/article\\\/ermenistan-ukraynaya-munasibetde-neytralliga-ustunluk-verir-veziyyetin-analizi\\\/#primaryimage\"},\"thumbnailUrl\":\"https:\\\/\\\/www.meydan.tv\\\/wp-content\\\/uploads\\\/pasha_pysddkq-e16425003212001.jpg\",\"articleSection\":[\"D\u00fcnya\",\"M\u0259nim Fikrimc\u0259\",\"Siyas\u0259t\",\"X\u0259b\u0259rl\u0259r\"],\"inLanguage\":\"az\"},{\"@type\":\"WebPage\",\"@id\":\"https:\\\/\\\/www.meydan.tv\\\/az\\\/article\\\/ermenistan-ukraynaya-munasibetde-neytralliga-ustunluk-verir-veziyyetin-analizi\\\/\",\"url\":\"https:\\\/\\\/www.meydan.tv\\\/az\\\/article\\\/ermenistan-ukraynaya-munasibetde-neytralliga-ustunluk-verir-veziyyetin-analizi\\\/\",\"name\":\"\u201cErm\u0259nistan Ukraynaya m\u00fcnasib\u0259td\u0259 neytrall\u0131\u011fa \u00fcst\u00fcnl\u00fck verir: v\u0259ziyy\u0259tin analizi - MEYDAN.TV\",\"isPartOf\":{\"@id\":\"https:\\\/\\\/www.meydan.tv\\\/az\\\/#website\"},\"primaryImageOfPage\":{\"@id\":\"https:\\\/\\\/www.meydan.tv\\\/az\\\/article\\\/ermenistan-ukraynaya-munasibetde-neytralliga-ustunluk-verir-veziyyetin-analizi\\\/#primaryimage\"},\"image\":{\"@id\":\"https:\\\/\\\/www.meydan.tv\\\/az\\\/article\\\/ermenistan-ukraynaya-munasibetde-neytralliga-ustunluk-verir-veziyyetin-analizi\\\/#primaryimage\"},\"thumbnailUrl\":\"https:\\\/\\\/www.meydan.tv\\\/wp-content\\\/uploads\\\/pasha_pysddkq-e16425003212001.jpg\",\"datePublished\":\"2022-02-28T15:42:48+00:00\",\"dateModified\":\"2022-02-28T15:42:49+00:00\",\"breadcrumb\":{\"@id\":\"https:\\\/\\\/www.meydan.tv\\\/az\\\/article\\\/ermenistan-ukraynaya-munasibetde-neytralliga-ustunluk-verir-veziyyetin-analizi\\\/#breadcrumb\"},\"inLanguage\":\"az\",\"potentialAction\":[{\"@type\":\"ReadAction\",\"target\":[\"https:\\\/\\\/www.meydan.tv\\\/az\\\/article\\\/ermenistan-ukraynaya-munasibetde-neytralliga-ustunluk-verir-veziyyetin-analizi\\\/\"]}]},{\"@type\":\"ImageObject\",\"inLanguage\":\"az\",\"@id\":\"https:\\\/\\\/www.meydan.tv\\\/az\\\/article\\\/ermenistan-ukraynaya-munasibetde-neytralliga-ustunluk-verir-veziyyetin-analizi\\\/#primaryimage\",\"url\":\"https:\\\/\\\/www.meydan.tv\\\/wp-content\\\/uploads\\\/pasha_pysddkq-e16425003212001.jpg\",\"contentUrl\":\"https:\\\/\\\/www.meydan.tv\\\/wp-content\\\/uploads\\\/pasha_pysddkq-e16425003212001.jpg\",\"width\":534,\"height\":315,\"caption\":\"Nikol Pa\u015finyan Foto: Meydan TV\"},{\"@type\":\"BreadcrumbList\",\"@id\":\"https:\\\/\\\/www.meydan.tv\\\/az\\\/article\\\/ermenistan-ukraynaya-munasibetde-neytralliga-ustunluk-verir-veziyyetin-analizi\\\/#breadcrumb\",\"itemListElement\":[{\"@type\":\"ListItem\",\"position\":1,\"name\":\"Ana s\u0259hif\u0259\",\"item\":\"https:\\\/\\\/www.meydan.tv\\\/az\\\/\"},{\"@type\":\"ListItem\",\"position\":2,\"name\":\"X\u0259b\u0259rl\u0259r\",\"item\":\"https:\\\/\\\/www.meydan.tv\\\/az\\\/section\\\/xeberler\\\/\"},{\"@type\":\"ListItem\",\"position\":3,\"name\":\"\u201cErm\u0259nistan Ukraynaya m\u00fcnasib\u0259td\u0259 neytrall\u0131\u011fa \u00fcst\u00fcnl\u00fck verir: v\u0259ziyy\u0259tin analizi\"}]},{\"@type\":\"WebSite\",\"@id\":\"https:\\\/\\\/www.meydan.tv\\\/az\\\/#website\",\"url\":\"https:\\\/\\\/www.meydan.tv\\\/az\\\/\",\"name\":\"MEYDAN.TV\",\"description\":\"Meydan TV Az\u0259rbaycan\u0131n media m\u0259kan\u0131ndak\u0131 alternativ s\u0259sidir\",\"publisher\":{\"@id\":\"https:\\\/\\\/www.meydan.tv\\\/az\\\/#organization\"},\"potentialAction\":[{\"@type\":\"SearchAction\",\"target\":{\"@type\":\"EntryPoint\",\"urlTemplate\":\"https:\\\/\\\/www.meydan.tv\\\/az\\\/?s={search_term_string}\"},\"query-input\":{\"@type\":\"PropertyValueSpecification\",\"valueRequired\":true,\"valueName\":\"search_term_string\"}}],\"inLanguage\":\"az\"},{\"@type\":\"Organization\",\"@id\":\"https:\\\/\\\/www.meydan.tv\\\/az\\\/#organization\",\"name\":\"Meydan TV\",\"url\":\"https:\\\/\\\/www.meydan.tv\\\/az\\\/\",\"logo\":{\"@type\":\"ImageObject\",\"inLanguage\":\"az\",\"@id\":\"https:\\\/\\\/www.meydan.tv\\\/az\\\/#\\\/schema\\\/logo\\\/image\\\/\",\"url\":\"https:\\\/\\\/www.meydan.tv\\\/wp-content\\\/uploads\\\/2021\\\/07\\\/meydan-logo.svg\",\"contentUrl\":\"https:\\\/\\\/www.meydan.tv\\\/wp-content\\\/uploads\\\/2021\\\/07\\\/meydan-logo.svg\",\"width\":195,\"height\":46,\"caption\":\"Meydan TV\"},\"image\":{\"@id\":\"https:\\\/\\\/www.meydan.tv\\\/az\\\/#\\\/schema\\\/logo\\\/image\\\/\"}},{\"@type\":\"Person\",\"@id\":\"https:\\\/\\\/www.meydan.tv\\\/az\\\/#\\\/schema\\\/person\\\/49b5f2bad5b126bb8ea9320eeb3e4dc9\",\"name\":\"sevda\"}]}<\/script>\n<!-- \/ Yoast SEO plugin. -->","yoast_head_json":{"title":"\u201cErm\u0259nistan Ukraynaya m\u00fcnasib\u0259td\u0259 neytrall\u0131\u011fa \u00fcst\u00fcnl\u00fck verir: v\u0259ziyy\u0259tin analizi - MEYDAN.TV","robots":{"index":"index","follow":"follow","max-snippet":"max-snippet:-1","max-image-preview":"max-image-preview:large","max-video-preview":"max-video-preview:-1"},"canonical":"https:\/\/www.meydan.tv\/az\/article\/ermenistan-ukraynaya-munasibetde-neytralliga-ustunluk-verir-veziyyetin-analizi\/","og_locale":"az_AZ","og_type":"article","og_title":"\u201cErm\u0259nistan Ukraynaya m\u00fcnasib\u0259td\u0259 neytrall\u0131\u011fa \u00fcst\u00fcnl\u00fck verir: v\u0259ziyy\u0259tin analizi - MEYDAN.TV","og_description":"&#8220;Jamnews&#8221;un material\u0131 R\u0259smi Yerevan \u201cUkrayna b\u00f6hran\u0131\u201dna m\u00fcnasib\u0259td\u0259 neytral m\u00f6vqe tutub. ... Davam\u0131","og_url":"https:\/\/www.meydan.tv\/az\/article\/ermenistan-ukraynaya-munasibetde-neytralliga-ustunluk-verir-veziyyetin-analizi\/","og_site_name":"MEYDAN.TV","article_published_time":"2022-02-28T15:42:48+00:00","article_modified_time":"2022-02-28T15:42:49+00:00","og_image":[{"width":534,"height":315,"url":"https:\/\/www.meydan.tv\/wp-content\/uploads\/pasha_pysddkq-e16425003212001.jpg","type":"image\/jpeg"}],"author":"sevda","twitter_card":"summary_large_image","schema":{"@context":"https:\/\/schema.org","@graph":[{"@type":"Article","@id":"https:\/\/www.meydan.tv\/az\/article\/ermenistan-ukraynaya-munasibetde-neytralliga-ustunluk-verir-veziyyetin-analizi\/#article","isPartOf":{"@id":"https:\/\/www.meydan.tv\/az\/article\/ermenistan-ukraynaya-munasibetde-neytralliga-ustunluk-verir-veziyyetin-analizi\/"},"author":{"name":"sevda","@id":"https:\/\/www.meydan.tv\/az\/#\/schema\/person\/49b5f2bad5b126bb8ea9320eeb3e4dc9"},"headline":"\u201cErm\u0259nistan Ukraynaya m\u00fcnasib\u0259td\u0259 neytrall\u0131\u011fa \u00fcst\u00fcnl\u00fck verir: v\u0259ziyy\u0259tin analizi","datePublished":"2022-02-28T15:42:48+00:00","dateModified":"2022-02-28T15:42:49+00:00","mainEntityOfPage":{"@id":"https:\/\/www.meydan.tv\/az\/article\/ermenistan-ukraynaya-munasibetde-neytralliga-ustunluk-verir-veziyyetin-analizi\/"},"wordCount":1310,"publisher":{"@id":"https:\/\/www.meydan.tv\/az\/#organization"},"image":{"@id":"https:\/\/www.meydan.tv\/az\/article\/ermenistan-ukraynaya-munasibetde-neytralliga-ustunluk-verir-veziyyetin-analizi\/#primaryimage"},"thumbnailUrl":"https:\/\/www.meydan.tv\/wp-content\/uploads\/pasha_pysddkq-e16425003212001.jpg","articleSection":["D\u00fcnya","M\u0259nim Fikrimc\u0259","Siyas\u0259t","X\u0259b\u0259rl\u0259r"],"inLanguage":"az"},{"@type":"WebPage","@id":"https:\/\/www.meydan.tv\/az\/article\/ermenistan-ukraynaya-munasibetde-neytralliga-ustunluk-verir-veziyyetin-analizi\/","url":"https:\/\/www.meydan.tv\/az\/article\/ermenistan-ukraynaya-munasibetde-neytralliga-ustunluk-verir-veziyyetin-analizi\/","name":"\u201cErm\u0259nistan Ukraynaya m\u00fcnasib\u0259td\u0259 neytrall\u0131\u011fa \u00fcst\u00fcnl\u00fck verir: v\u0259ziyy\u0259tin analizi - MEYDAN.TV","isPartOf":{"@id":"https:\/\/www.meydan.tv\/az\/#website"},"primaryImageOfPage":{"@id":"https:\/\/www.meydan.tv\/az\/article\/ermenistan-ukraynaya-munasibetde-neytralliga-ustunluk-verir-veziyyetin-analizi\/#primaryimage"},"image":{"@id":"https:\/\/www.meydan.tv\/az\/article\/ermenistan-ukraynaya-munasibetde-neytralliga-ustunluk-verir-veziyyetin-analizi\/#primaryimage"},"thumbnailUrl":"https:\/\/www.meydan.tv\/wp-content\/uploads\/pasha_pysddkq-e16425003212001.jpg","datePublished":"2022-02-28T15:42:48+00:00","dateModified":"2022-02-28T15:42:49+00:00","breadcrumb":{"@id":"https:\/\/www.meydan.tv\/az\/article\/ermenistan-ukraynaya-munasibetde-neytralliga-ustunluk-verir-veziyyetin-analizi\/#breadcrumb"},"inLanguage":"az","potentialAction":[{"@type":"ReadAction","target":["https:\/\/www.meydan.tv\/az\/article\/ermenistan-ukraynaya-munasibetde-neytralliga-ustunluk-verir-veziyyetin-analizi\/"]}]},{"@type":"ImageObject","inLanguage":"az","@id":"https:\/\/www.meydan.tv\/az\/article\/ermenistan-ukraynaya-munasibetde-neytralliga-ustunluk-verir-veziyyetin-analizi\/#primaryimage","url":"https:\/\/www.meydan.tv\/wp-content\/uploads\/pasha_pysddkq-e16425003212001.jpg","contentUrl":"https:\/\/www.meydan.tv\/wp-content\/uploads\/pasha_pysddkq-e16425003212001.jpg","width":534,"height":315,"caption":"Nikol Pa\u015finyan Foto: Meydan TV"},{"@type":"BreadcrumbList","@id":"https:\/\/www.meydan.tv\/az\/article\/ermenistan-ukraynaya-munasibetde-neytralliga-ustunluk-verir-veziyyetin-analizi\/#breadcrumb","itemListElement":[{"@type":"ListItem","position":1,"name":"Ana s\u0259hif\u0259","item":"https:\/\/www.meydan.tv\/az\/"},{"@type":"ListItem","position":2,"name":"X\u0259b\u0259rl\u0259r","item":"https:\/\/www.meydan.tv\/az\/section\/xeberler\/"},{"@type":"ListItem","position":3,"name":"\u201cErm\u0259nistan Ukraynaya m\u00fcnasib\u0259td\u0259 neytrall\u0131\u011fa \u00fcst\u00fcnl\u00fck verir: v\u0259ziyy\u0259tin analizi"}]},{"@type":"WebSite","@id":"https:\/\/www.meydan.tv\/az\/#website","url":"https:\/\/www.meydan.tv\/az\/","name":"MEYDAN.TV","description":"Meydan TV Az\u0259rbaycan\u0131n media m\u0259kan\u0131ndak\u0131 alternativ s\u0259sidir","publisher":{"@id":"https:\/\/www.meydan.tv\/az\/#organization"},"potentialAction":[{"@type":"SearchAction","target":{"@type":"EntryPoint","urlTemplate":"https:\/\/www.meydan.tv\/az\/?s={search_term_string}"},"query-input":{"@type":"PropertyValueSpecification","valueRequired":true,"valueName":"search_term_string"}}],"inLanguage":"az"},{"@type":"Organization","@id":"https:\/\/www.meydan.tv\/az\/#organization","name":"Meydan TV","url":"https:\/\/www.meydan.tv\/az\/","logo":{"@type":"ImageObject","inLanguage":"az","@id":"https:\/\/www.meydan.tv\/az\/#\/schema\/logo\/image\/","url":"https:\/\/www.meydan.tv\/wp-content\/uploads\/2021\/07\/meydan-logo.svg","contentUrl":"https:\/\/www.meydan.tv\/wp-content\/uploads\/2021\/07\/meydan-logo.svg","width":195,"height":46,"caption":"Meydan TV"},"image":{"@id":"https:\/\/www.meydan.tv\/az\/#\/schema\/logo\/image\/"}},{"@type":"Person","@id":"https:\/\/www.meydan.tv\/az\/#\/schema\/person\/49b5f2bad5b126bb8ea9320eeb3e4dc9","name":"sevda"}]}},"_links":{"self":[{"href":"https:\/\/www.meydan.tv\/az\/wp-json\/wp\/v2\/posts\/236402","targetHints":{"allow":["GET"]}}],"collection":[{"href":"https:\/\/www.meydan.tv\/az\/wp-json\/wp\/v2\/posts"}],"about":[{"href":"https:\/\/www.meydan.tv\/az\/wp-json\/wp\/v2\/types\/post"}],"author":[{"embeddable":true,"href":"https:\/\/www.meydan.tv\/az\/wp-json\/wp\/v2\/users\/16"}],"replies":[{"embeddable":true,"href":"https:\/\/www.meydan.tv\/az\/wp-json\/wp\/v2\/comments?post=236402"}],"version-history":[{"count":3,"href":"https:\/\/www.meydan.tv\/az\/wp-json\/wp\/v2\/posts\/236402\/revisions"}],"predecessor-version":[{"id":236405,"href":"https:\/\/www.meydan.tv\/az\/wp-json\/wp\/v2\/posts\/236402\/revisions\/236405"}],"wp:featuredmedia":[{"embeddable":true,"href":"https:\/\/www.meydan.tv\/az\/wp-json\/wp\/v2\/media\/233686"}],"wp:attachment":[{"href":"https:\/\/www.meydan.tv\/az\/wp-json\/wp\/v2\/media?parent=236402"}],"wp:term":[{"taxonomy":"category","embeddable":true,"href":"https:\/\/www.meydan.tv\/az\/wp-json\/wp\/v2\/categories?post=236402"},{"taxonomy":"post_tag","embeddable":true,"href":"https:\/\/www.meydan.tv\/az\/wp-json\/wp\/v2\/tags?post=236402"}],"curies":[{"name":"wp","href":"https:\/\/api.w.org\/{rel}","templated":true}]}}