{"id":236386,"date":"2022-02-28T18:20:26","date_gmt":"2022-02-28T14:20:26","guid":{"rendered":"https:\/\/www.meydan.tv\/?p=236386"},"modified":"2022-02-28T18:20:28","modified_gmt":"2022-02-28T14:20:28","slug":"100-000-dek-ukraynali-qacqinin-avropada-yerlesdirilmesi-teklif-olunur","status":"publish","type":"post","link":"https:\/\/www.meydan.tv\/az\/article\/100-000-dek-ukraynali-qacqinin-avropada-yerlesdirilmesi-teklif-olunur\/","title":{"rendered":"100 000-d\u0259k ukraynal\u0131 qa\u00e7q\u0131n\u0131n Avropada yerl\u0259\u015fdirilm\u0259si t\u0259klif olunur"},"content":{"rendered":"\n<p><em>\u201cAirbnb\u201d: &#8220;M\u0259nzill\u0259r donorlar v\u0259 platformadak\u0131 ev sahibl\u0259ri t\u0259r\u0259find\u0259n maliyy\u0259l\u0259\u015fdiril\u0259c\u0259k&#8221;<\/em><\/p>\n\n\n\n<p>D\u00fcnyada \u015f\u0259xsi m\u0259nzill\u0259rin q\u0131sam\u00fcdd\u0259tli icar\u0259 v\u0259 rezervasiya sistemi \u201cAirbnb\u201d Rusiyan\u0131n h\u0259rbi m\u00fcdaxil\u0259si s\u0259b\u0259bind\u0259n Ukraynadan qa\u00e7ma\u011fa m\u0259cbur qalan \u015f\u0259xsl\u0259r\u0259 \u00f6d\u0259ni\u015fsiz, q\u0131sam\u00fcdd\u0259tli m\u0259nzill\u0259r t\u0259klif <a href=\"https:\/\/www.bnnbloomberg.ca\/airbnb-to-provide-accommodation-for-100-000-ukrainian-refugees-1.1729799\" target=\"_blank\" rel=\"noreferrer noopener\">edib<\/a>.<\/p>\n\n\n\n<p>Platforma bildirir ki, \u00fcmumilikd\u0259 100 000-d\u0259k ukraynal\u0131 qa\u00e7q\u0131n\u0131n yerl\u0259\u015fdirilm\u0259si n\u0259z\u0259rd\u0259 tutulub.<\/p>\n\n\n\n<p>Onlar\u0131n uzunm\u00fcdd\u0259tli v\u0259d\u0259d\u0259 qonaq edilm\u0259si \u00fc\u00e7\u00fcns\u0259 \u015firk\u0259t qon\u015fu Avropa \u00f6lk\u0259l\u0259ri il\u0259 \u0259m\u0259kda\u015fl\u0131q ed\u0259c\u0259yini a\u00e7\u0131qlay\u0131b.<\/p>\n\n\n\n<p>San-Fransiskoda yerl\u0259\u015f\u0259n \u015firk\u0259tin r\u0259hb\u0259rl\u0259ri, o c\u00fcml\u0259d\u0259n ba\u015f icra\u00e7\u0131 direktor Brayan \u00c7eski bildirib ki, Pol\u015fa, Rum\u0131niya, Almaniya v\u0259 Macar\u0131stan h\u00f6kum\u0259tl\u0259rin\u0259 m\u0259ktub yaz\u0131blar.<\/p>\n\n\n\n<p>Onlara qa\u00e7q\u0131nlar\u0131n m\u0259skunla\u015fmas\u0131 \u00fc\u00e7\u00fcn d\u0259st\u0259k t\u0259klif edibl\u0259r.<\/p>\n\n\n\n<p>M\u0259nzill\u0259r \u201cAirbnb\u201d \u015firk\u0259ti, donorlar v\u0259 platformadak\u0131 ev sahibl\u0259ri t\u0259r\u0259find\u0259n maliyy\u0259l\u0259\u015fdiril\u0259c\u0259k.<\/p>\n\n\n\n<p>Fevral\u0131n 24-d\u0259n bu yana 300 mind\u0259n \u00e7ox ukraynal\u0131 \u00f6lk\u0259sini t\u0259rk edib.<\/p>\n\n\n\n<p>Avropa Komissiyas\u0131 bu r\u0259q\u0259min milyonlara \u00e7ata bil\u0259c\u0259yini proqnozla\u015fd\u0131r\u0131b.<\/p>\n\n\n\n<p>\u201cAirbnb\u201d \u015firk\u0259ti \u00f6t\u0259n ilin avqustunda Taliban\u0131n \u018ffqan\u0131stan\u0131 \u0259l\u0259 ke\u00e7irm\u0259sind\u0259n sonra \u0259fqan qa\u00e7q\u0131nlar\u0131n m\u0259skunla\u015fmas\u0131na da k\u00f6m\u0259k etmi\u015fdi. H\u0259min vaxt 21 000-d\u0259n \u00e7ox insan\u0131 m\u0259nzill\u0259 t\u0259min etmi\u015fdi.<\/p>\n\n\n\n<p>\u201cAirbnb\u201d 2008-ci ild\u0259 San Fransiskoda ya\u015fayan c\u00fctl\u00fck t\u0259r\u0259find\u0259n yarad\u0131l\u0131b.<\/p>\n\n\n\n<p>Evl\u0259rinin kiray\u0259 haqq\u0131n\u0131 ver\u0259 bilm\u0259y\u0259n Brian \u00c7eski ve Joy Qebbi otaqlar\u0131n\u0131n birini kiray\u0259 verm\u0259k m\u0259cburiyy\u0259tind\u0259 qal\u0131b.<\/p>\n\n\n\n<p>G\u00f6st\u0259rdikl\u0259ri xidm\u0259t is\u0259 hava il\u0259 doldurulan yataq v\u0259 s\u0259h\u0259r yem\u0259yind\u0259n ibar\u0259t olub.<\/p>\n\n\n\n<p>Haz\u0131rda 220-d\u0259n \u00e7ox \u00f6lk\u0259 v\u0259 regionda f\u0259aliyy\u0259t g\u00f6st\u0259r\u0259n \u015firk\u0259t turistl\u0259r \u00fc\u00e7\u00fcn b\u00fct\u00fcn d\u00fcnyada yay\u0131lm\u0131\u015f \u0259n yax\u015f\u0131 v\u0259 ucuz gec\u0259l\u0259m\u0259k se\u00e7iml\u0259ri t\u0259klif edir. B\u0259zi hallarda \u201cAirbnb\u201dy\u0259 otell\u0259rin qorxulu r\u00f6yas\u0131 da deyirl\u0259r.<\/p>\n\n\n\n<p>Ukraynan\u0131n m\u00fcxt\u0259lif \u015f\u0259h\u0259rl\u0259rind\u0259 d\u0259 f\u0259aliyy\u0259t g\u00f6st\u0259r\u0259n \u015firk\u0259t bu \u00f6lk\u0259d\u0259 kiray\u0259 \u00fc\u00e7\u00fcn 17 mind\u0259n \u00e7ox q\u0131sam\u00fcdd\u0259tli m\u0259kan t\u0259klif edir.<\/p>\n\n\n\n<p>Azov d\u0259nizinin sahilind\u0259 yerl\u0259\u015f\u0259n Mariupol \u015f\u0259h\u0259rinin ev sahibl\u0259ri \u201cBloomberg News\u201d-a bildiribl\u0259r ki, \u00f6t\u0259n h\u0259ft\u0259y\u0259d\u0259k biznesl\u0259ri normal il\u0259yirmi\u015f.<\/p>\n\n\n\n<p>Qonaqlar yax\u0131n v\u0259 uzaq d\u00f6vrl\u0259r \u00fc\u00e7\u00fcn rezarvasiyalar etm\u0259kd\u0259 davam edirmi\u015f.<\/p>\n","protected":false},"excerpt":{"rendered":"<p>\u201cAirbnb\u201d: &#8220;M\u0259nzill\u0259r donorlar v\u0259 platformadak\u0131 ev sahibl\u0259ri t\u0259r\u0259find\u0259n maliyy\u0259l\u0259\u015fdiril\u0259c\u0259k&#8221; D\u00fcnyada &#8230; <\/p>\n<p class=\"read-more-container\"><a title=\"100 000-d\u0259k ukraynal\u0131 qa\u00e7q\u0131n\u0131n Avropada yerl\u0259\u015fdirilm\u0259si t\u0259klif olunur\" class=\"read-more button\" href=\"https:\/\/www.meydan.tv\/az\/article\/100-000-dek-ukraynali-qacqinin-avropada-yerlesdirilmesi-teklif-olunur\/#more-236386\" aria-label=\"Read more about 100 000-d\u0259k ukraynal\u0131 qa\u00e7q\u0131n\u0131n Avropada yerl\u0259\u015fdirilm\u0259si t\u0259klif olunur\">Davam\u0131<\/a><\/p>\n","protected":false},"author":8,"featured_media":236383,"comment_status":"closed","ping_status":"closed","sticky":false,"template":"","format":"standard","meta":{"_acf_changed":false,"_sitemap_exclude":false,"_sitemap_priority":"","_sitemap_frequency":"","footnotes":""},"categories":[64,56],"tags":[],"class_list":["post-236386","post","type-post","status-publish","format-standard","has-post-thumbnail","hentry","category-dunya","category-xeberler","infinite-scroll-item","generate-columns","tablet-grid-50","mobile-grid-100","grid-parent","grid-33","no-featured-image-padding"],"acf":[],"yoast_head":"<!-- This site is optimized with the Yoast SEO plugin v27.5 - https:\/\/yoast.com\/product\/yoast-seo-wordpress\/ -->\n<title>100 000-d\u0259k ukraynal\u0131 qa\u00e7q\u0131n\u0131n Avropada yerl\u0259\u015fdirilm\u0259si t\u0259klif olunur - MEYDAN.TV<\/title>\n<meta name=\"robots\" content=\"index, follow, max-snippet:-1, max-image-preview:large, max-video-preview:-1\" \/>\n<link rel=\"canonical\" href=\"https:\/\/www.meydan.tv\/az\/article\/100-000-dek-ukraynali-qacqinin-avropada-yerlesdirilmesi-teklif-olunur\/\" \/>\n<meta property=\"og:locale\" content=\"az_AZ\" \/>\n<meta property=\"og:type\" content=\"article\" \/>\n<meta property=\"og:title\" content=\"100 000-d\u0259k ukraynal\u0131 qa\u00e7q\u0131n\u0131n Avropada yerl\u0259\u015fdirilm\u0259si t\u0259klif olunur - MEYDAN.TV\" \/>\n<meta property=\"og:description\" content=\"\u201cAirbnb\u201d: &#8220;M\u0259nzill\u0259r donorlar v\u0259 platformadak\u0131 ev sahibl\u0259ri t\u0259r\u0259find\u0259n maliyy\u0259l\u0259\u015fdiril\u0259c\u0259k&#8221; D\u00fcnyada ... Davam\u0131\" \/>\n<meta property=\"og:url\" content=\"https:\/\/www.meydan.tv\/az\/article\/100-000-dek-ukraynali-qacqinin-avropada-yerlesdirilmesi-teklif-olunur\/\" \/>\n<meta property=\"og:site_name\" content=\"MEYDAN.TV\" \/>\n<meta property=\"article:published_time\" content=\"2022-02-28T14:20:26+00:00\" \/>\n<meta property=\"article:modified_time\" content=\"2022-02-28T14:20:28+00:00\" \/>\n<meta property=\"og:image\" content=\"https:\/\/www.meydan.tv\/wp-content\/uploads\/shutterstock_2122113089.jpg\" \/>\n\t<meta property=\"og:image:width\" content=\"1200\" \/>\n\t<meta property=\"og:image:height\" content=\"789\" \/>\n\t<meta property=\"og:image:type\" content=\"image\/jpeg\" \/>\n<meta name=\"author\" content=\"elli\" \/>\n<meta name=\"twitter:card\" content=\"summary_large_image\" \/>\n<meta name=\"twitter:creator\" content=\"@elli\" \/>\n<script type=\"application\/ld+json\" class=\"yoast-schema-graph\">{\"@context\":\"https:\\\/\\\/schema.org\",\"@graph\":[{\"@type\":\"Article\",\"@id\":\"https:\\\/\\\/www.meydan.tv\\\/az\\\/article\\\/100-000-dek-ukraynali-qacqinin-avropada-yerlesdirilmesi-teklif-olunur\\\/#article\",\"isPartOf\":{\"@id\":\"https:\\\/\\\/www.meydan.tv\\\/az\\\/article\\\/100-000-dek-ukraynali-qacqinin-avropada-yerlesdirilmesi-teklif-olunur\\\/\"},\"author\":{\"name\":\"elli\",\"@id\":\"https:\\\/\\\/www.meydan.tv\\\/az\\\/#\\\/schema\\\/person\\\/9cdbecf90d17180ce1dfbd95b08dcf47\"},\"headline\":\"100 000-d\u0259k ukraynal\u0131 qa\u00e7q\u0131n\u0131n Avropada yerl\u0259\u015fdirilm\u0259si t\u0259klif olunur\",\"datePublished\":\"2022-02-28T14:20:26+00:00\",\"dateModified\":\"2022-02-28T14:20:28+00:00\",\"mainEntityOfPage\":{\"@id\":\"https:\\\/\\\/www.meydan.tv\\\/az\\\/article\\\/100-000-dek-ukraynali-qacqinin-avropada-yerlesdirilmesi-teklif-olunur\\\/\"},\"wordCount\":476,\"publisher\":{\"@id\":\"https:\\\/\\\/www.meydan.tv\\\/az\\\/#organization\"},\"image\":{\"@id\":\"https:\\\/\\\/www.meydan.tv\\\/az\\\/article\\\/100-000-dek-ukraynali-qacqinin-avropada-yerlesdirilmesi-teklif-olunur\\\/#primaryimage\"},\"thumbnailUrl\":\"https:\\\/\\\/www.meydan.tv\\\/wp-content\\\/uploads\\\/shutterstock_2122113089.jpg\",\"articleSection\":[\"D\u00fcnya\",\"X\u0259b\u0259rl\u0259r\"],\"inLanguage\":\"az\"},{\"@type\":\"WebPage\",\"@id\":\"https:\\\/\\\/www.meydan.tv\\\/az\\\/article\\\/100-000-dek-ukraynali-qacqinin-avropada-yerlesdirilmesi-teklif-olunur\\\/\",\"url\":\"https:\\\/\\\/www.meydan.tv\\\/az\\\/article\\\/100-000-dek-ukraynali-qacqinin-avropada-yerlesdirilmesi-teklif-olunur\\\/\",\"name\":\"100 000-d\u0259k ukraynal\u0131 qa\u00e7q\u0131n\u0131n Avropada yerl\u0259\u015fdirilm\u0259si t\u0259klif olunur - MEYDAN.TV\",\"isPartOf\":{\"@id\":\"https:\\\/\\\/www.meydan.tv\\\/az\\\/#website\"},\"primaryImageOfPage\":{\"@id\":\"https:\\\/\\\/www.meydan.tv\\\/az\\\/article\\\/100-000-dek-ukraynali-qacqinin-avropada-yerlesdirilmesi-teklif-olunur\\\/#primaryimage\"},\"image\":{\"@id\":\"https:\\\/\\\/www.meydan.tv\\\/az\\\/article\\\/100-000-dek-ukraynali-qacqinin-avropada-yerlesdirilmesi-teklif-olunur\\\/#primaryimage\"},\"thumbnailUrl\":\"https:\\\/\\\/www.meydan.tv\\\/wp-content\\\/uploads\\\/shutterstock_2122113089.jpg\",\"datePublished\":\"2022-02-28T14:20:26+00:00\",\"dateModified\":\"2022-02-28T14:20:28+00:00\",\"breadcrumb\":{\"@id\":\"https:\\\/\\\/www.meydan.tv\\\/az\\\/article\\\/100-000-dek-ukraynali-qacqinin-avropada-yerlesdirilmesi-teklif-olunur\\\/#breadcrumb\"},\"inLanguage\":\"az\",\"potentialAction\":[{\"@type\":\"ReadAction\",\"target\":[\"https:\\\/\\\/www.meydan.tv\\\/az\\\/article\\\/100-000-dek-ukraynali-qacqinin-avropada-yerlesdirilmesi-teklif-olunur\\\/\"]}]},{\"@type\":\"ImageObject\",\"inLanguage\":\"az\",\"@id\":\"https:\\\/\\\/www.meydan.tv\\\/az\\\/article\\\/100-000-dek-ukraynali-qacqinin-avropada-yerlesdirilmesi-teklif-olunur\\\/#primaryimage\",\"url\":\"https:\\\/\\\/www.meydan.tv\\\/wp-content\\\/uploads\\\/shutterstock_2122113089.jpg\",\"contentUrl\":\"https:\\\/\\\/www.meydan.tv\\\/wp-content\\\/uploads\\\/shutterstock_2122113089.jpg\",\"width\":1200,\"height\":789,\"caption\":\"Ukrayna qa\u00e7q\u0131nlar\u0131. Foto: Sebastian Castelier\\\/shutterstock\"},{\"@type\":\"BreadcrumbList\",\"@id\":\"https:\\\/\\\/www.meydan.tv\\\/az\\\/article\\\/100-000-dek-ukraynali-qacqinin-avropada-yerlesdirilmesi-teklif-olunur\\\/#breadcrumb\",\"itemListElement\":[{\"@type\":\"ListItem\",\"position\":1,\"name\":\"Ana s\u0259hif\u0259\",\"item\":\"https:\\\/\\\/www.meydan.tv\\\/az\\\/\"},{\"@type\":\"ListItem\",\"position\":2,\"name\":\"D\u00fcnya\",\"item\":\"https:\\\/\\\/www.meydan.tv\\\/az\\\/section\\\/dunya\\\/\"},{\"@type\":\"ListItem\",\"position\":3,\"name\":\"100 000-d\u0259k ukraynal\u0131 qa\u00e7q\u0131n\u0131n Avropada yerl\u0259\u015fdirilm\u0259si t\u0259klif olunur\"}]},{\"@type\":\"WebSite\",\"@id\":\"https:\\\/\\\/www.meydan.tv\\\/az\\\/#website\",\"url\":\"https:\\\/\\\/www.meydan.tv\\\/az\\\/\",\"name\":\"MEYDAN.TV\",\"description\":\"Meydan TV Az\u0259rbaycan\u0131n media m\u0259kan\u0131ndak\u0131 alternativ s\u0259sidir\",\"publisher\":{\"@id\":\"https:\\\/\\\/www.meydan.tv\\\/az\\\/#organization\"},\"potentialAction\":[{\"@type\":\"SearchAction\",\"target\":{\"@type\":\"EntryPoint\",\"urlTemplate\":\"https:\\\/\\\/www.meydan.tv\\\/az\\\/?s={search_term_string}\"},\"query-input\":{\"@type\":\"PropertyValueSpecification\",\"valueRequired\":true,\"valueName\":\"search_term_string\"}}],\"inLanguage\":\"az\"},{\"@type\":\"Organization\",\"@id\":\"https:\\\/\\\/www.meydan.tv\\\/az\\\/#organization\",\"name\":\"Meydan TV\",\"url\":\"https:\\\/\\\/www.meydan.tv\\\/az\\\/\",\"logo\":{\"@type\":\"ImageObject\",\"inLanguage\":\"az\",\"@id\":\"https:\\\/\\\/www.meydan.tv\\\/az\\\/#\\\/schema\\\/logo\\\/image\\\/\",\"url\":\"https:\\\/\\\/www.meydan.tv\\\/wp-content\\\/uploads\\\/2021\\\/07\\\/meydan-logo.svg\",\"contentUrl\":\"https:\\\/\\\/www.meydan.tv\\\/wp-content\\\/uploads\\\/2021\\\/07\\\/meydan-logo.svg\",\"width\":195,\"height\":46,\"caption\":\"Meydan TV\"},\"image\":{\"@id\":\"https:\\\/\\\/www.meydan.tv\\\/az\\\/#\\\/schema\\\/logo\\\/image\\\/\"}},{\"@type\":\"Person\",\"@id\":\"https:\\\/\\\/www.meydan.tv\\\/az\\\/#\\\/schema\\\/person\\\/9cdbecf90d17180ce1dfbd95b08dcf47\",\"name\":\"elli\",\"sameAs\":[\"https:\\\/\\\/x.com\\\/elli\"]}]}<\/script>\n<!-- \/ Yoast SEO plugin. -->","yoast_head_json":{"title":"100 000-d\u0259k ukraynal\u0131 qa\u00e7q\u0131n\u0131n Avropada yerl\u0259\u015fdirilm\u0259si t\u0259klif olunur - MEYDAN.TV","robots":{"index":"index","follow":"follow","max-snippet":"max-snippet:-1","max-image-preview":"max-image-preview:large","max-video-preview":"max-video-preview:-1"},"canonical":"https:\/\/www.meydan.tv\/az\/article\/100-000-dek-ukraynali-qacqinin-avropada-yerlesdirilmesi-teklif-olunur\/","og_locale":"az_AZ","og_type":"article","og_title":"100 000-d\u0259k ukraynal\u0131 qa\u00e7q\u0131n\u0131n Avropada yerl\u0259\u015fdirilm\u0259si t\u0259klif olunur - MEYDAN.TV","og_description":"\u201cAirbnb\u201d: &#8220;M\u0259nzill\u0259r donorlar v\u0259 platformadak\u0131 ev sahibl\u0259ri t\u0259r\u0259find\u0259n maliyy\u0259l\u0259\u015fdiril\u0259c\u0259k&#8221; D\u00fcnyada ... Davam\u0131","og_url":"https:\/\/www.meydan.tv\/az\/article\/100-000-dek-ukraynali-qacqinin-avropada-yerlesdirilmesi-teklif-olunur\/","og_site_name":"MEYDAN.TV","article_published_time":"2022-02-28T14:20:26+00:00","article_modified_time":"2022-02-28T14:20:28+00:00","og_image":[{"width":1200,"height":789,"url":"https:\/\/www.meydan.tv\/wp-content\/uploads\/shutterstock_2122113089.jpg","type":"image\/jpeg"}],"author":"elli","twitter_card":"summary_large_image","twitter_creator":"@elli","schema":{"@context":"https:\/\/schema.org","@graph":[{"@type":"Article","@id":"https:\/\/www.meydan.tv\/az\/article\/100-000-dek-ukraynali-qacqinin-avropada-yerlesdirilmesi-teklif-olunur\/#article","isPartOf":{"@id":"https:\/\/www.meydan.tv\/az\/article\/100-000-dek-ukraynali-qacqinin-avropada-yerlesdirilmesi-teklif-olunur\/"},"author":{"name":"elli","@id":"https:\/\/www.meydan.tv\/az\/#\/schema\/person\/9cdbecf90d17180ce1dfbd95b08dcf47"},"headline":"100 000-d\u0259k ukraynal\u0131 qa\u00e7q\u0131n\u0131n Avropada yerl\u0259\u015fdirilm\u0259si t\u0259klif olunur","datePublished":"2022-02-28T14:20:26+00:00","dateModified":"2022-02-28T14:20:28+00:00","mainEntityOfPage":{"@id":"https:\/\/www.meydan.tv\/az\/article\/100-000-dek-ukraynali-qacqinin-avropada-yerlesdirilmesi-teklif-olunur\/"},"wordCount":476,"publisher":{"@id":"https:\/\/www.meydan.tv\/az\/#organization"},"image":{"@id":"https:\/\/www.meydan.tv\/az\/article\/100-000-dek-ukraynali-qacqinin-avropada-yerlesdirilmesi-teklif-olunur\/#primaryimage"},"thumbnailUrl":"https:\/\/www.meydan.tv\/wp-content\/uploads\/shutterstock_2122113089.jpg","articleSection":["D\u00fcnya","X\u0259b\u0259rl\u0259r"],"inLanguage":"az"},{"@type":"WebPage","@id":"https:\/\/www.meydan.tv\/az\/article\/100-000-dek-ukraynali-qacqinin-avropada-yerlesdirilmesi-teklif-olunur\/","url":"https:\/\/www.meydan.tv\/az\/article\/100-000-dek-ukraynali-qacqinin-avropada-yerlesdirilmesi-teklif-olunur\/","name":"100 000-d\u0259k ukraynal\u0131 qa\u00e7q\u0131n\u0131n Avropada yerl\u0259\u015fdirilm\u0259si t\u0259klif olunur - MEYDAN.TV","isPartOf":{"@id":"https:\/\/www.meydan.tv\/az\/#website"},"primaryImageOfPage":{"@id":"https:\/\/www.meydan.tv\/az\/article\/100-000-dek-ukraynali-qacqinin-avropada-yerlesdirilmesi-teklif-olunur\/#primaryimage"},"image":{"@id":"https:\/\/www.meydan.tv\/az\/article\/100-000-dek-ukraynali-qacqinin-avropada-yerlesdirilmesi-teklif-olunur\/#primaryimage"},"thumbnailUrl":"https:\/\/www.meydan.tv\/wp-content\/uploads\/shutterstock_2122113089.jpg","datePublished":"2022-02-28T14:20:26+00:00","dateModified":"2022-02-28T14:20:28+00:00","breadcrumb":{"@id":"https:\/\/www.meydan.tv\/az\/article\/100-000-dek-ukraynali-qacqinin-avropada-yerlesdirilmesi-teklif-olunur\/#breadcrumb"},"inLanguage":"az","potentialAction":[{"@type":"ReadAction","target":["https:\/\/www.meydan.tv\/az\/article\/100-000-dek-ukraynali-qacqinin-avropada-yerlesdirilmesi-teklif-olunur\/"]}]},{"@type":"ImageObject","inLanguage":"az","@id":"https:\/\/www.meydan.tv\/az\/article\/100-000-dek-ukraynali-qacqinin-avropada-yerlesdirilmesi-teklif-olunur\/#primaryimage","url":"https:\/\/www.meydan.tv\/wp-content\/uploads\/shutterstock_2122113089.jpg","contentUrl":"https:\/\/www.meydan.tv\/wp-content\/uploads\/shutterstock_2122113089.jpg","width":1200,"height":789,"caption":"Ukrayna qa\u00e7q\u0131nlar\u0131. Foto: Sebastian Castelier\/shutterstock"},{"@type":"BreadcrumbList","@id":"https:\/\/www.meydan.tv\/az\/article\/100-000-dek-ukraynali-qacqinin-avropada-yerlesdirilmesi-teklif-olunur\/#breadcrumb","itemListElement":[{"@type":"ListItem","position":1,"name":"Ana s\u0259hif\u0259","item":"https:\/\/www.meydan.tv\/az\/"},{"@type":"ListItem","position":2,"name":"D\u00fcnya","item":"https:\/\/www.meydan.tv\/az\/section\/dunya\/"},{"@type":"ListItem","position":3,"name":"100 000-d\u0259k ukraynal\u0131 qa\u00e7q\u0131n\u0131n Avropada yerl\u0259\u015fdirilm\u0259si t\u0259klif olunur"}]},{"@type":"WebSite","@id":"https:\/\/www.meydan.tv\/az\/#website","url":"https:\/\/www.meydan.tv\/az\/","name":"MEYDAN.TV","description":"Meydan TV Az\u0259rbaycan\u0131n media m\u0259kan\u0131ndak\u0131 alternativ s\u0259sidir","publisher":{"@id":"https:\/\/www.meydan.tv\/az\/#organization"},"potentialAction":[{"@type":"SearchAction","target":{"@type":"EntryPoint","urlTemplate":"https:\/\/www.meydan.tv\/az\/?s={search_term_string}"},"query-input":{"@type":"PropertyValueSpecification","valueRequired":true,"valueName":"search_term_string"}}],"inLanguage":"az"},{"@type":"Organization","@id":"https:\/\/www.meydan.tv\/az\/#organization","name":"Meydan TV","url":"https:\/\/www.meydan.tv\/az\/","logo":{"@type":"ImageObject","inLanguage":"az","@id":"https:\/\/www.meydan.tv\/az\/#\/schema\/logo\/image\/","url":"https:\/\/www.meydan.tv\/wp-content\/uploads\/2021\/07\/meydan-logo.svg","contentUrl":"https:\/\/www.meydan.tv\/wp-content\/uploads\/2021\/07\/meydan-logo.svg","width":195,"height":46,"caption":"Meydan TV"},"image":{"@id":"https:\/\/www.meydan.tv\/az\/#\/schema\/logo\/image\/"}},{"@type":"Person","@id":"https:\/\/www.meydan.tv\/az\/#\/schema\/person\/9cdbecf90d17180ce1dfbd95b08dcf47","name":"elli","sameAs":["https:\/\/x.com\/elli"]}]}},"_links":{"self":[{"href":"https:\/\/www.meydan.tv\/az\/wp-json\/wp\/v2\/posts\/236386","targetHints":{"allow":["GET"]}}],"collection":[{"href":"https:\/\/www.meydan.tv\/az\/wp-json\/wp\/v2\/posts"}],"about":[{"href":"https:\/\/www.meydan.tv\/az\/wp-json\/wp\/v2\/types\/post"}],"author":[{"embeddable":true,"href":"https:\/\/www.meydan.tv\/az\/wp-json\/wp\/v2\/users\/8"}],"replies":[{"embeddable":true,"href":"https:\/\/www.meydan.tv\/az\/wp-json\/wp\/v2\/comments?post=236386"}],"version-history":[{"count":1,"href":"https:\/\/www.meydan.tv\/az\/wp-json\/wp\/v2\/posts\/236386\/revisions"}],"predecessor-version":[{"id":236388,"href":"https:\/\/www.meydan.tv\/az\/wp-json\/wp\/v2\/posts\/236386\/revisions\/236388"}],"wp:featuredmedia":[{"embeddable":true,"href":"https:\/\/www.meydan.tv\/az\/wp-json\/wp\/v2\/media\/236383"}],"wp:attachment":[{"href":"https:\/\/www.meydan.tv\/az\/wp-json\/wp\/v2\/media?parent=236386"}],"wp:term":[{"taxonomy":"category","embeddable":true,"href":"https:\/\/www.meydan.tv\/az\/wp-json\/wp\/v2\/categories?post=236386"},{"taxonomy":"post_tag","embeddable":true,"href":"https:\/\/www.meydan.tv\/az\/wp-json\/wp\/v2\/tags?post=236386"}],"curies":[{"name":"wp","href":"https:\/\/api.w.org\/{rel}","templated":true}]}}