{"id":236372,"date":"2022-02-28T18:33:54","date_gmt":"2022-02-28T14:33:54","guid":{"rendered":"https:\/\/www.meydan.tv\/?p=236372"},"modified":"2022-02-28T18:33:56","modified_gmt":"2022-02-28T14:33:56","slug":"liya-axecakova-ukrayna-ordusuna-iane-etmemisem","status":"publish","type":"post","link":"https:\/\/www.meydan.tv\/az\/article\/liya-axecakova-ukrayna-ordusuna-iane-etmemisem\/","title":{"rendered":"Liya Axecakova: &#8220;Ukrayna ordusuna ian\u0259 etm\u0259mi\u015f\u0259m&#8221;"},"content":{"rendered":"\n<p><em>&#8220;Orduya pulu nec\u0259 k\u00f6\u00e7\u00fcrm\u0259k olar?&#8221;<\/em><\/p>\n\n\n\n<p>Sovet v\u0259 Rusiya aktrisas\u0131, Rusiyan\u0131n Xalq artisti Liya Axecakovan\u0131n Ukrayna Silahl\u0131 Q\u00fcvv\u0259l\u0259rin\u0259 10 min dollar ian\u0259 etm\u0259si, h\u0259m\u00e7inin \u00f6lk\u0259ni t\u0259rk etm\u0259yi planla\u015fd\u0131rmas\u0131 bar\u0259d\u0259 m\u0259lumatlar h\u0259qiq\u0259t\u0259uy\u011fun deyil.<\/p>\n\n\n\n<p>Bu bar\u0259d\u0259 aktrisa \u00f6z\u00fc m\u0259lumat <a href=\"https:\/\/iz.ru\/1297813\/2022-02-27\/pozhertvovanie-aktrisy-akhedzhakovoi-ukrainskoi-armii-okazalos-feikom\" target=\"_blank\" rel=\"noreferrer noopener\">verib<\/a>.<\/p>\n\n\n\n<p>\u201cOrduya pulu nec\u0259 k\u00f6\u00e7\u00fcrm\u0259k olar? Bunun nec\u0259 edil\u0259c\u0259yini t\u0259s\u0259vv\u00fcr\u00fcm\u0259 g\u0259tirmir\u0259m. H\u0259m d\u0259 ax\u0131 Ukrayna ordusu \u00fc\u00e7\u00fcn 10 min dollar n\u0259dir? D\u00fcnyan\u0131n h\u0259r yerind\u0259n onlara milyardlar g\u0259lir\u201d, &#8211; aktrisa deyib.<\/p>\n\n\n\n<p>Axedjakova v\u0259saitinin Ukrayna Silahl\u0131 Q\u00fcvv\u0259l\u0259rinin xeyrin\u0259 k\u00f6\u00e7\u00fcr\u00fclm\u0259si il\u0259 ba\u011fl\u0131 m\u0259lumatlar s\u0259n\u0259t\u00e7inin 1977-ci ild\u0259n b\u0259ri s\u0259hn\u0259sind\u0259 \u00e7\u0131x\u0131\u015f etdiyi \u201cSovremennik\u201d Teatr\u0131nda da t\u0259kzib edilib.<\/p>\n\n\n\n<p>Teatr\u0131n m\u0259lumat\u0131nda bildirilir ki, aktrisa b\u00fct\u00fcn d\u00fcnyada s\u00fclh\u00fcn b\u0259rq\u0259rar olma\u011f\u0131n\u0131, insanlar\u0131n firavan ya\u015fama\u011f\u0131n\u0131 ist\u0259yir.<\/p>\n\n\n\n<p>Liya Axecakova Ukraynada do\u011fulub.<\/p>\n\n\n\n<p>1973-c\u00fc ild\u0259n etibar\u0259n irili-x\u0131rdal\u0131 60-a q\u0259d\u0259r filmd\u0259 \u00e7\u0259kilib.<\/p>\n\n\n\n<p>\u201cQ\u0259rib\u0259 t\u0259sad\u00fcf v\u0259 ya h\u0259mi\u015f\u0259 t\u0259mizlikd\u0259\u201d, \u201c\u0130\u015fd\u0259 m\u0259h\u0259bb\u0259t mac\u0259ras\u0131\u201d, \u201cQaraj\u201d, \u201c\u00d6zg\u0259 \u00f6m\u00fcr\u201d filml\u0259rind\u0259 rol al\u0131b.<\/p>\n\n\n\n<p>Liya Axecakova v\u0259t\u0259nda\u015f m\u00f6vqeyi il\u0259 se\u00e7il\u0259n s\u0259n\u0259t\u00e7idir.<\/p>\n\n\n\n<p>Aktrisa 2011-ci ild\u0259n haz\u0131rk\u0131 Rusiya hakimiyy\u0259tini t\u0259nqid edir.<\/p>\n\n\n\n<p>O, rusiyal\u0131 kims\u0259siz u\u015faqlar\u0131n AB\u015e v\u0259t\u0259nda\u015flar\u0131 t\u0259r\u0259find\u0259n \u00f6vladl\u0131\u011fa g\u00f6t\u00fcr\u00fclm\u0259sinin qada\u011fan edilm\u0259sin\u0259 etiraz edib. H\u0259m\u00e7inin ill\u0259r \u00f6nc\u0259 Rusiya qo\u015funlar\u0131n\u0131n Ukrayna \u0259razisin\u0259 yeridilm\u0259si ehtimal\u0131na qar\u015f\u0131 \u00e7\u0131x\u0131b.<\/p>\n\n\n\n<p>Rusiyan\u0131n Ukraynaya h\u0259rbi m\u00fcdaxil\u0259sini pisl\u0259yib.<\/p>\n","protected":false},"excerpt":{"rendered":"<p>&#8220;Orduya pulu nec\u0259 k\u00f6\u00e7\u00fcrm\u0259k olar?&#8221; Sovet v\u0259 Rusiya aktrisas\u0131, Rusiyan\u0131n &#8230; <\/p>\n<p class=\"read-more-container\"><a title=\"Liya Axecakova: &#8220;Ukrayna ordusuna ian\u0259 etm\u0259mi\u015f\u0259m&#8221;\" class=\"read-more button\" href=\"https:\/\/www.meydan.tv\/az\/article\/liya-axecakova-ukrayna-ordusuna-iane-etmemisem\/#more-236372\" aria-label=\"Read more about Liya Axecakova: &#8220;Ukrayna ordusuna ian\u0259 etm\u0259mi\u015f\u0259m&#8221;\">Davam\u0131<\/a><\/p>\n","protected":false},"author":8,"featured_media":236364,"comment_status":"closed","ping_status":"closed","sticky":false,"template":"","format":"standard","meta":{"_acf_changed":false,"_sitemap_exclude":false,"_sitemap_priority":"","_sitemap_frequency":"","footnotes":""},"categories":[52,56],"tags":[],"class_list":["post-236372","post","type-post","status-publish","format-standard","has-post-thumbnail","hentry","category-medeniyyet","category-xeberler","infinite-scroll-item","generate-columns","tablet-grid-50","mobile-grid-100","grid-parent","grid-33","no-featured-image-padding"],"acf":[],"yoast_head":"<!-- This site is optimized with the Yoast SEO plugin v27.4 - https:\/\/yoast.com\/product\/yoast-seo-wordpress\/ -->\n<title>Liya Axecakova: &quot;Ukrayna ordusuna ian\u0259 etm\u0259mi\u015f\u0259m&quot; - MEYDAN.TV<\/title>\n<meta name=\"robots\" content=\"index, follow, max-snippet:-1, max-image-preview:large, max-video-preview:-1\" \/>\n<link rel=\"canonical\" href=\"https:\/\/www.meydan.tv\/az\/article\/liya-axecakova-ukrayna-ordusuna-iane-etmemisem\/\" \/>\n<meta property=\"og:locale\" content=\"az_AZ\" \/>\n<meta property=\"og:type\" content=\"article\" \/>\n<meta property=\"og:title\" content=\"Liya Axecakova: &quot;Ukrayna ordusuna ian\u0259 etm\u0259mi\u015f\u0259m&quot; - MEYDAN.TV\" \/>\n<meta property=\"og:description\" content=\"&#8220;Orduya pulu nec\u0259 k\u00f6\u00e7\u00fcrm\u0259k olar?&#8221; Sovet v\u0259 Rusiya aktrisas\u0131, Rusiyan\u0131n ... Davam\u0131\" \/>\n<meta property=\"og:url\" content=\"https:\/\/www.meydan.tv\/az\/article\/liya-axecakova-ukrayna-ordusuna-iane-etmemisem\/\" \/>\n<meta property=\"og:site_name\" content=\"MEYDAN.TV\" \/>\n<meta property=\"article:published_time\" content=\"2022-02-28T14:33:54+00:00\" \/>\n<meta property=\"article:modified_time\" content=\"2022-02-28T14:33:56+00:00\" \/>\n<meta property=\"og:image\" content=\"https:\/\/www.meydan.tv\/wp-content\/uploads\/1016925-488323-756x425-1-e1646056738177.jpg\" \/>\n\t<meta property=\"og:image:width\" content=\"1200\" \/>\n\t<meta property=\"og:image:height\" content=\"633\" \/>\n\t<meta property=\"og:image:type\" content=\"image\/jpeg\" \/>\n<meta name=\"author\" content=\"elli\" \/>\n<meta name=\"twitter:card\" content=\"summary_large_image\" \/>\n<meta name=\"twitter:creator\" content=\"@elli\" \/>\n<script type=\"application\/ld+json\" class=\"yoast-schema-graph\">{\"@context\":\"https:\\\/\\\/schema.org\",\"@graph\":[{\"@type\":\"Article\",\"@id\":\"https:\\\/\\\/www.meydan.tv\\\/az\\\/article\\\/liya-axecakova-ukrayna-ordusuna-iane-etmemisem\\\/#article\",\"isPartOf\":{\"@id\":\"https:\\\/\\\/www.meydan.tv\\\/az\\\/article\\\/liya-axecakova-ukrayna-ordusuna-iane-etmemisem\\\/\"},\"author\":{\"name\":\"elli\",\"@id\":\"https:\\\/\\\/www.meydan.tv\\\/az\\\/#\\\/schema\\\/person\\\/9cdbecf90d17180ce1dfbd95b08dcf47\"},\"headline\":\"Liya Axecakova: &#8220;Ukrayna ordusuna ian\u0259 etm\u0259mi\u015f\u0259m&#8221;\",\"datePublished\":\"2022-02-28T14:33:54+00:00\",\"dateModified\":\"2022-02-28T14:33:56+00:00\",\"mainEntityOfPage\":{\"@id\":\"https:\\\/\\\/www.meydan.tv\\\/az\\\/article\\\/liya-axecakova-ukrayna-ordusuna-iane-etmemisem\\\/\"},\"wordCount\":312,\"publisher\":{\"@id\":\"https:\\\/\\\/www.meydan.tv\\\/az\\\/#organization\"},\"image\":{\"@id\":\"https:\\\/\\\/www.meydan.tv\\\/az\\\/article\\\/liya-axecakova-ukrayna-ordusuna-iane-etmemisem\\\/#primaryimage\"},\"thumbnailUrl\":\"https:\\\/\\\/www.meydan.tv\\\/wp-content\\\/uploads\\\/1016925-488323-756x425-1-e1646056738177.jpg\",\"articleSection\":[\"M\u0259d\u0259niyy\u0259t\",\"X\u0259b\u0259rl\u0259r\"],\"inLanguage\":\"az\"},{\"@type\":\"WebPage\",\"@id\":\"https:\\\/\\\/www.meydan.tv\\\/az\\\/article\\\/liya-axecakova-ukrayna-ordusuna-iane-etmemisem\\\/\",\"url\":\"https:\\\/\\\/www.meydan.tv\\\/az\\\/article\\\/liya-axecakova-ukrayna-ordusuna-iane-etmemisem\\\/\",\"name\":\"Liya Axecakova: \\\"Ukrayna ordusuna ian\u0259 etm\u0259mi\u015f\u0259m\\\" - MEYDAN.TV\",\"isPartOf\":{\"@id\":\"https:\\\/\\\/www.meydan.tv\\\/az\\\/#website\"},\"primaryImageOfPage\":{\"@id\":\"https:\\\/\\\/www.meydan.tv\\\/az\\\/article\\\/liya-axecakova-ukrayna-ordusuna-iane-etmemisem\\\/#primaryimage\"},\"image\":{\"@id\":\"https:\\\/\\\/www.meydan.tv\\\/az\\\/article\\\/liya-axecakova-ukrayna-ordusuna-iane-etmemisem\\\/#primaryimage\"},\"thumbnailUrl\":\"https:\\\/\\\/www.meydan.tv\\\/wp-content\\\/uploads\\\/1016925-488323-756x425-1-e1646056738177.jpg\",\"datePublished\":\"2022-02-28T14:33:54+00:00\",\"dateModified\":\"2022-02-28T14:33:56+00:00\",\"breadcrumb\":{\"@id\":\"https:\\\/\\\/www.meydan.tv\\\/az\\\/article\\\/liya-axecakova-ukrayna-ordusuna-iane-etmemisem\\\/#breadcrumb\"},\"inLanguage\":\"az\",\"potentialAction\":[{\"@type\":\"ReadAction\",\"target\":[\"https:\\\/\\\/www.meydan.tv\\\/az\\\/article\\\/liya-axecakova-ukrayna-ordusuna-iane-etmemisem\\\/\"]}]},{\"@type\":\"ImageObject\",\"inLanguage\":\"az\",\"@id\":\"https:\\\/\\\/www.meydan.tv\\\/az\\\/article\\\/liya-axecakova-ukrayna-ordusuna-iane-etmemisem\\\/#primaryimage\",\"url\":\"https:\\\/\\\/www.meydan.tv\\\/wp-content\\\/uploads\\\/1016925-488323-756x425-1-e1646056738177.jpg\",\"contentUrl\":\"https:\\\/\\\/www.meydan.tv\\\/wp-content\\\/uploads\\\/1016925-488323-756x425-1-e1646056738177.jpg\",\"width\":1200,\"height\":633,\"caption\":\"Liya Axecakova. Foto: https:\\\/\\\/www.lrt.lt\\\/ru\"},{\"@type\":\"BreadcrumbList\",\"@id\":\"https:\\\/\\\/www.meydan.tv\\\/az\\\/article\\\/liya-axecakova-ukrayna-ordusuna-iane-etmemisem\\\/#breadcrumb\",\"itemListElement\":[{\"@type\":\"ListItem\",\"position\":1,\"name\":\"Ana s\u0259hif\u0259\",\"item\":\"https:\\\/\\\/www.meydan.tv\\\/az\\\/\"},{\"@type\":\"ListItem\",\"position\":2,\"name\":\"M\u0259d\u0259niyy\u0259t\",\"item\":\"https:\\\/\\\/www.meydan.tv\\\/az\\\/section\\\/medeniyyet\\\/\"},{\"@type\":\"ListItem\",\"position\":3,\"name\":\"Liya Axecakova: &#8220;Ukrayna ordusuna ian\u0259 etm\u0259mi\u015f\u0259m&#8221;\"}]},{\"@type\":\"WebSite\",\"@id\":\"https:\\\/\\\/www.meydan.tv\\\/az\\\/#website\",\"url\":\"https:\\\/\\\/www.meydan.tv\\\/az\\\/\",\"name\":\"MEYDAN.TV\",\"description\":\"Meydan TV Az\u0259rbaycan\u0131n media m\u0259kan\u0131ndak\u0131 alternativ s\u0259sidir\",\"publisher\":{\"@id\":\"https:\\\/\\\/www.meydan.tv\\\/az\\\/#organization\"},\"potentialAction\":[{\"@type\":\"SearchAction\",\"target\":{\"@type\":\"EntryPoint\",\"urlTemplate\":\"https:\\\/\\\/www.meydan.tv\\\/az\\\/?s={search_term_string}\"},\"query-input\":{\"@type\":\"PropertyValueSpecification\",\"valueRequired\":true,\"valueName\":\"search_term_string\"}}],\"inLanguage\":\"az\"},{\"@type\":\"Organization\",\"@id\":\"https:\\\/\\\/www.meydan.tv\\\/az\\\/#organization\",\"name\":\"Meydan TV\",\"url\":\"https:\\\/\\\/www.meydan.tv\\\/az\\\/\",\"logo\":{\"@type\":\"ImageObject\",\"inLanguage\":\"az\",\"@id\":\"https:\\\/\\\/www.meydan.tv\\\/az\\\/#\\\/schema\\\/logo\\\/image\\\/\",\"url\":\"https:\\\/\\\/www.meydan.tv\\\/wp-content\\\/uploads\\\/2021\\\/07\\\/meydan-logo.svg\",\"contentUrl\":\"https:\\\/\\\/www.meydan.tv\\\/wp-content\\\/uploads\\\/2021\\\/07\\\/meydan-logo.svg\",\"width\":195,\"height\":46,\"caption\":\"Meydan TV\"},\"image\":{\"@id\":\"https:\\\/\\\/www.meydan.tv\\\/az\\\/#\\\/schema\\\/logo\\\/image\\\/\"}},{\"@type\":\"Person\",\"@id\":\"https:\\\/\\\/www.meydan.tv\\\/az\\\/#\\\/schema\\\/person\\\/9cdbecf90d17180ce1dfbd95b08dcf47\",\"name\":\"elli\",\"sameAs\":[\"https:\\\/\\\/x.com\\\/elli\"]}]}<\/script>\n<!-- \/ Yoast SEO plugin. -->","yoast_head_json":{"title":"Liya Axecakova: \"Ukrayna ordusuna ian\u0259 etm\u0259mi\u015f\u0259m\" - MEYDAN.TV","robots":{"index":"index","follow":"follow","max-snippet":"max-snippet:-1","max-image-preview":"max-image-preview:large","max-video-preview":"max-video-preview:-1"},"canonical":"https:\/\/www.meydan.tv\/az\/article\/liya-axecakova-ukrayna-ordusuna-iane-etmemisem\/","og_locale":"az_AZ","og_type":"article","og_title":"Liya Axecakova: \"Ukrayna ordusuna ian\u0259 etm\u0259mi\u015f\u0259m\" - MEYDAN.TV","og_description":"&#8220;Orduya pulu nec\u0259 k\u00f6\u00e7\u00fcrm\u0259k olar?&#8221; Sovet v\u0259 Rusiya aktrisas\u0131, Rusiyan\u0131n ... Davam\u0131","og_url":"https:\/\/www.meydan.tv\/az\/article\/liya-axecakova-ukrayna-ordusuna-iane-etmemisem\/","og_site_name":"MEYDAN.TV","article_published_time":"2022-02-28T14:33:54+00:00","article_modified_time":"2022-02-28T14:33:56+00:00","og_image":[{"width":1200,"height":633,"url":"https:\/\/www.meydan.tv\/wp-content\/uploads\/1016925-488323-756x425-1-e1646056738177.jpg","type":"image\/jpeg"}],"author":"elli","twitter_card":"summary_large_image","twitter_creator":"@elli","schema":{"@context":"https:\/\/schema.org","@graph":[{"@type":"Article","@id":"https:\/\/www.meydan.tv\/az\/article\/liya-axecakova-ukrayna-ordusuna-iane-etmemisem\/#article","isPartOf":{"@id":"https:\/\/www.meydan.tv\/az\/article\/liya-axecakova-ukrayna-ordusuna-iane-etmemisem\/"},"author":{"name":"elli","@id":"https:\/\/www.meydan.tv\/az\/#\/schema\/person\/9cdbecf90d17180ce1dfbd95b08dcf47"},"headline":"Liya Axecakova: &#8220;Ukrayna ordusuna ian\u0259 etm\u0259mi\u015f\u0259m&#8221;","datePublished":"2022-02-28T14:33:54+00:00","dateModified":"2022-02-28T14:33:56+00:00","mainEntityOfPage":{"@id":"https:\/\/www.meydan.tv\/az\/article\/liya-axecakova-ukrayna-ordusuna-iane-etmemisem\/"},"wordCount":312,"publisher":{"@id":"https:\/\/www.meydan.tv\/az\/#organization"},"image":{"@id":"https:\/\/www.meydan.tv\/az\/article\/liya-axecakova-ukrayna-ordusuna-iane-etmemisem\/#primaryimage"},"thumbnailUrl":"https:\/\/www.meydan.tv\/wp-content\/uploads\/1016925-488323-756x425-1-e1646056738177.jpg","articleSection":["M\u0259d\u0259niyy\u0259t","X\u0259b\u0259rl\u0259r"],"inLanguage":"az"},{"@type":"WebPage","@id":"https:\/\/www.meydan.tv\/az\/article\/liya-axecakova-ukrayna-ordusuna-iane-etmemisem\/","url":"https:\/\/www.meydan.tv\/az\/article\/liya-axecakova-ukrayna-ordusuna-iane-etmemisem\/","name":"Liya Axecakova: \"Ukrayna ordusuna ian\u0259 etm\u0259mi\u015f\u0259m\" - MEYDAN.TV","isPartOf":{"@id":"https:\/\/www.meydan.tv\/az\/#website"},"primaryImageOfPage":{"@id":"https:\/\/www.meydan.tv\/az\/article\/liya-axecakova-ukrayna-ordusuna-iane-etmemisem\/#primaryimage"},"image":{"@id":"https:\/\/www.meydan.tv\/az\/article\/liya-axecakova-ukrayna-ordusuna-iane-etmemisem\/#primaryimage"},"thumbnailUrl":"https:\/\/www.meydan.tv\/wp-content\/uploads\/1016925-488323-756x425-1-e1646056738177.jpg","datePublished":"2022-02-28T14:33:54+00:00","dateModified":"2022-02-28T14:33:56+00:00","breadcrumb":{"@id":"https:\/\/www.meydan.tv\/az\/article\/liya-axecakova-ukrayna-ordusuna-iane-etmemisem\/#breadcrumb"},"inLanguage":"az","potentialAction":[{"@type":"ReadAction","target":["https:\/\/www.meydan.tv\/az\/article\/liya-axecakova-ukrayna-ordusuna-iane-etmemisem\/"]}]},{"@type":"ImageObject","inLanguage":"az","@id":"https:\/\/www.meydan.tv\/az\/article\/liya-axecakova-ukrayna-ordusuna-iane-etmemisem\/#primaryimage","url":"https:\/\/www.meydan.tv\/wp-content\/uploads\/1016925-488323-756x425-1-e1646056738177.jpg","contentUrl":"https:\/\/www.meydan.tv\/wp-content\/uploads\/1016925-488323-756x425-1-e1646056738177.jpg","width":1200,"height":633,"caption":"Liya Axecakova. Foto: https:\/\/www.lrt.lt\/ru"},{"@type":"BreadcrumbList","@id":"https:\/\/www.meydan.tv\/az\/article\/liya-axecakova-ukrayna-ordusuna-iane-etmemisem\/#breadcrumb","itemListElement":[{"@type":"ListItem","position":1,"name":"Ana s\u0259hif\u0259","item":"https:\/\/www.meydan.tv\/az\/"},{"@type":"ListItem","position":2,"name":"M\u0259d\u0259niyy\u0259t","item":"https:\/\/www.meydan.tv\/az\/section\/medeniyyet\/"},{"@type":"ListItem","position":3,"name":"Liya Axecakova: &#8220;Ukrayna ordusuna ian\u0259 etm\u0259mi\u015f\u0259m&#8221;"}]},{"@type":"WebSite","@id":"https:\/\/www.meydan.tv\/az\/#website","url":"https:\/\/www.meydan.tv\/az\/","name":"MEYDAN.TV","description":"Meydan TV Az\u0259rbaycan\u0131n media m\u0259kan\u0131ndak\u0131 alternativ s\u0259sidir","publisher":{"@id":"https:\/\/www.meydan.tv\/az\/#organization"},"potentialAction":[{"@type":"SearchAction","target":{"@type":"EntryPoint","urlTemplate":"https:\/\/www.meydan.tv\/az\/?s={search_term_string}"},"query-input":{"@type":"PropertyValueSpecification","valueRequired":true,"valueName":"search_term_string"}}],"inLanguage":"az"},{"@type":"Organization","@id":"https:\/\/www.meydan.tv\/az\/#organization","name":"Meydan TV","url":"https:\/\/www.meydan.tv\/az\/","logo":{"@type":"ImageObject","inLanguage":"az","@id":"https:\/\/www.meydan.tv\/az\/#\/schema\/logo\/image\/","url":"https:\/\/www.meydan.tv\/wp-content\/uploads\/2021\/07\/meydan-logo.svg","contentUrl":"https:\/\/www.meydan.tv\/wp-content\/uploads\/2021\/07\/meydan-logo.svg","width":195,"height":46,"caption":"Meydan TV"},"image":{"@id":"https:\/\/www.meydan.tv\/az\/#\/schema\/logo\/image\/"}},{"@type":"Person","@id":"https:\/\/www.meydan.tv\/az\/#\/schema\/person\/9cdbecf90d17180ce1dfbd95b08dcf47","name":"elli","sameAs":["https:\/\/x.com\/elli"]}]}},"_links":{"self":[{"href":"https:\/\/www.meydan.tv\/az\/wp-json\/wp\/v2\/posts\/236372","targetHints":{"allow":["GET"]}}],"collection":[{"href":"https:\/\/www.meydan.tv\/az\/wp-json\/wp\/v2\/posts"}],"about":[{"href":"https:\/\/www.meydan.tv\/az\/wp-json\/wp\/v2\/types\/post"}],"author":[{"embeddable":true,"href":"https:\/\/www.meydan.tv\/az\/wp-json\/wp\/v2\/users\/8"}],"replies":[{"embeddable":true,"href":"https:\/\/www.meydan.tv\/az\/wp-json\/wp\/v2\/comments?post=236372"}],"version-history":[{"count":1,"href":"https:\/\/www.meydan.tv\/az\/wp-json\/wp\/v2\/posts\/236372\/revisions"}],"predecessor-version":[{"id":236374,"href":"https:\/\/www.meydan.tv\/az\/wp-json\/wp\/v2\/posts\/236372\/revisions\/236374"}],"wp:featuredmedia":[{"embeddable":true,"href":"https:\/\/www.meydan.tv\/az\/wp-json\/wp\/v2\/media\/236364"}],"wp:attachment":[{"href":"https:\/\/www.meydan.tv\/az\/wp-json\/wp\/v2\/media?parent=236372"}],"wp:term":[{"taxonomy":"category","embeddable":true,"href":"https:\/\/www.meydan.tv\/az\/wp-json\/wp\/v2\/categories?post=236372"},{"taxonomy":"post_tag","embeddable":true,"href":"https:\/\/www.meydan.tv\/az\/wp-json\/wp\/v2\/tags?post=236372"}],"curies":[{"name":"wp","href":"https:\/\/api.w.org\/{rel}","templated":true}]}}