{"id":236307,"date":"2022-02-28T16:49:54","date_gmt":"2022-02-28T12:49:54","guid":{"rendered":"https:\/\/www.meydan.tv\/?p=236307"},"modified":"2022-03-03T11:14:34","modified_gmt":"2022-03-03T07:14:34","slug":"rublun-deyerden-dusmesinin-azerbaycana-tesiri-olkeye-gonderilen-pullar-azalacaq","status":"publish","type":"post","link":"https:\/\/www.meydan.tv\/az\/article\/rublun-deyerden-dusmesinin-azerbaycana-tesiri-olkeye-gonderilen-pullar-azalacaq\/","title":{"rendered":"Rublun d\u0259y\u0259rd\u0259n d\u00fc\u015fm\u0259sinin Az\u0259rbaycana t\u0259siri: &#8220;\u00d6lk\u0259y\u0259 g\u00f6nd\u0259ril\u0259n pullar azalacaq&#8221;"},"content":{"rendered":"\n<p><em>Rusiyada ya\u015fayan sahibkar: &#8220;Rubl h\u0259r g\u00fcn d\u0259y\u0259rini itirir, \u00f6lk\u0259d\u0259 bahala\u015fma var&#8221;<\/em><br><\/p>\n\n\n\n<p>M\u0259h\u0259mm\u0259d\u0259li Qurbanov (ad \u015f\u0259rtidir) 2 ildir ki, Rusiyaya \u00fcz tutub. Ki\u00e7ik ticar\u0259tl\u0259 m\u0259\u015f\u011fuldur. Ma\u011fazas\u0131 var v\u0259 t\u00fct\u00fcn m\u0259mulatlar\u0131n\u0131n sat\u0131\u015f\u0131n\u0131 h\u0259yata ke\u00e7irir.<br><\/p>\n\n\n\n<p>Son zamanlar Rusiyaya qoyulan sanksiyalar onun h\u0259yat\u0131na t\u0259sirsiz \u00f6t\u00fc\u015fm\u0259yib.<br><\/p>\n\n\n\n<p>Dediyin\u0259 g\u00f6r\u0259, g\u0259liri stabildir, ancaq g\u00fcn\u00fc-g\u00fcnd\u0259n ziyanlar\u0131 art\u0131r: \u201cRubl g\u00fcn\u00fc-g\u00fcnd\u0259n d\u0259y\u0259r itirir. Qazanc\u0131m dollar qar\u015f\u0131s\u0131nda he\u00e7 n\u0259dir. \u00dcst\u0259lik, bir \u00e7ox mallar tap\u0131lm\u0131r, bu da \u00e7\u0259tinlik yarad\u0131b. Ya da qiym\u0259tl\u0259ri s\u00fcni qald\u0131r\u0131blar, n\u0259tic\u0259d\u0259 maya d\u0259y\u0259ri qalx\u0131b, m\u0259cbursan m\u0259hsulu baha satasan. Bu da al\u0131c\u0131larla problem\u0259 s\u0259b\u0259b olur. Ham\u0131ya bir-bir izah etm\u0259li olursan, stress bir\u0259 be\u015f art\u0131r\u201d.<br><\/p>\n\n\n\n<p>M\u0259h\u0259mm\u0259d\u0259linin Az\u0259rbaycanda ayl\u0131q 600 manatl\u0131q krediti d\u0259 var. Deyir ki, \u0259vv\u0259ll\u0259r onun \u00f6d\u0259nm\u0259si \u00fc\u00e7\u00fcn ayda 22-23 min rubl g\u00f6nd\u0259rirmi\u015f, indi bu r\u0259q\u0259m 38-39 min rubla qalx\u0131b.<br><\/p>\n\n\n\n<p>\u018fn pisi d\u0259 h\u0259l\u0259 rublun n\u0259 q\u0259d\u0259r d\u0259y\u0259r itir\u0259c\u0259yinin m\u0259lum olmamas\u0131d\u0131r: \u201cSabah daha pis v\u0259ziyy\u0259tl\u0259 qar\u015f\u0131la\u015fa bil\u0259rik. Bu da \u0259lav\u0259 stress\u0259 s\u0259b\u0259b olur. D\u00fc\u015f\u00fcn\u0259nd\u0259 i\u00e7ind\u0259n \u00e7\u0131xa bilmirs\u0259n\u201d.<br><\/p>\n\n\n\n<p>\u00dcst\u0259lik, pulu na\u011fdla\u015fd\u0131rmaqda da probleml\u0259r yaran\u0131b, uzun n\u00f6vb\u0259l\u0259r olur.<br><\/p>\n\n\n\n<p>M\u0259h\u0259mm\u0259d\u0259li deyir ki, \u0259n pisi d\u0259 v\u0259ziyy\u0259tl\u0259 ba\u011fl\u0131 informasiya senzuras\u0131n\u0131n olmas\u0131d\u0131r: \u201cBunu s\u00fcni yarad\u0131blar. M\u0259s\u0259l\u0259n, \u0259halinin 20-40 faizi n\u0259 ba\u015f verdiyi il\u0259 ba\u011fl\u0131 yanl\u0131\u015f bilgil\u0259r\u0259 sahibdir. \u00c7\u00fcnki Rusiyadak\u0131 \u0259ks\u0259r informasiya resurslar\u0131 \u201cg\u00fclm\u0259li yalanlar\u201d dan\u0131\u015fmaqla m\u0259\u015f\u011fuldur\u201d.<br><\/p>\n\n\n\n<p>M\u0259h\u0259mm\u0259d\u0259li bildirir ki, bu g\u00fcn ruslar\u0131n \u0259ks\u0259riyy\u0259ti m\u00fcharib\u0259nin olmas\u0131 il\u0259 raz\u0131 deyil. Odur ki, Rusiya d\u00f6y\u00fc\u015f\u0259 g\u00f6nd\u0259rdiyi h\u0259rb\u00e7il\u0259rin \u0259ks\u0259riyy\u0259tini k\u0259nar \u0259yal\u0259tl\u0259rd\u0259n se\u00e7ib: \u201cS\u0259b\u0259b d\u0259 m\u0259lumdur. Onsuz da naraz\u0131 olan insanlar\u0131 bir az da q\u0131c\u0131qland\u0131rmaq ist\u0259mirl\u0259r. Onlara bu g\u00fcn Moskvada mitinq olmas\u0131 s\u0259rf etmir. \u00d6l\u0259nl\u0259rin yax\u0131nlar\u0131 n\u0259 q\u0259d\u0259r k\u0259nar \u0259yal\u0259tl\u0259rd\u0259 ya\u015fasalar, paytaxtda toplanmaz, etiraz etm\u0259zl\u0259r. D\u00fcnya da Rusiyadak\u0131 v\u0259ziyy\u0259td\u0259n maksimum m\u0259lumats\u0131z olar\u201d.<br><\/p>\n\n\n\n<p>Rusiya rublunun d\u0259y\u0259r itirm\u0259si bankomatlar \u00f6n\u00fcnd\u0259 uzun n\u00f6vb\u0259l\u0259r yarad\u0131b.<br><\/p>\n\n\n\n<p>M\u0259h\u0259mm\u0259d\u0259li Qurbanov deyir ki, milli valyutan\u0131n n\u0259 q\u0259d\u0259r d\u0259y\u0259r itir\u0259c\u0259yi h\u0259l\u0259 m\u0259lum olmad\u0131\u011f\u0131ndan insanlar pullar\u0131n\u0131 na\u011fdla\u015fd\u0131rma\u011fa can at\u0131r: \u201c\u0130nsanlar \u0259s\u0259bi, stresslidirl\u0259r. Bu da n\u00f6vb\u0259l\u0259rd\u0259 tez-tez m\u00fcbahis\u0259l\u0259rin yaranmas\u0131na g\u0259tirir\u201d.<br><\/p>\n\n\n\n<p>H\u0259l\u0259 SSR\u0130 d\u00f6vr\u00fcnd\u0259n Rusiya bazarlar\u0131, h\u0259min \u00f6lk\u0259d\u0259ki biznes m\u00fchiti az\u0259rbaycanl\u0131lar\u0131 c\u0259lb edib.<br>O vaxtlar da, indi d\u0259 Az\u0259rbaycanda normal i\u015f tapa bilm\u0259y\u0259n insanlar Rusiyaya \u00fcz tutub. Rusiyada i\u015fl\u0259yib, Az\u0259rbaycanda \u015f\u0259rait qurmaq az\u0259rbaycanl\u0131lara daha cazib g\u0259lib.<br><\/p>\n\n\n\n<p>\u0130ndi d\u0259 Az\u0259rbaycan\u0131n b\u00f6lg\u0259l\u0259rind\u0259 yeti\u015f\u0259n meyv\u0259-t\u0259r\u0259v\u0259zin b\u00f6y\u00fck hiss\u0259si Rusiya bazarlar\u0131nda sat\u0131l\u0131r. S\u0259b\u0259b is\u0259 birdir: Rusiyada bu m\u0259hsullara, Az\u0259rbaycanda is\u0259 yeti\u015fdiril\u0259n m\u0259hsulu satmaq \u00fc\u00e7\u00fcn bazara ehtiyac var.<br>Az\u0259rbaycan M\u0259rk\u0259zi Bank\u0131n\u0131n \u0259n son a\u00e7\u0131qlad\u0131\u011f\u0131 statistikaya g\u00f6r\u0259, 2021-ci ilin 9 ay\u0131 \u0259rzind\u0259 xarici \u00f6lk\u0259l\u0259rd\u0259n Az\u0259rbaycana 772 milyon dollar pul k\u00f6\u00e7\u00fcr\u00fcl\u00fcb. Bunun 409 milyon dollar\u0131 Rusiyadan, 21 milyon dollar\u0131 is\u0259 Ukraynadan k\u00f6\u00e7\u00fcr\u00fcl\u00fcb. Bu, \u00fcmumi k\u00f6\u00e7\u00fcrm\u0259l\u0259rin yar\u0131dan \u00e7oxunun Rusiya v\u0259 Ukraynadan g\u0259ldiyi dem\u0259kdir.<br><\/p>\n\n\n\n<p><strong>\u0130qtisad\u00e7\u0131: &#8220;Az\u0259rbaycanl\u0131lar\u0131n ail\u0259l\u0259rin\u0259 g\u00f6nd\u0259rdiyi pul avtomatik azalacaq&#8221;<br><\/strong><\/p>\n\n\n\n<p>\u0130qtsad\u00e7\u0131 F\u0259rid Mehral\u0131zad\u0259 deyir ki, bu, o dem\u0259kdir ki, Az\u0259rbaycanda 10 minl\u0259rl\u0259 ail\u0259nin istehlak\u0131n\u0131 t\u0259min etdiyi v\u0259sait Rusiyadan g\u0259lir. Dolay\u0131s\u0131 il\u0259 Rusiya iqtisadiyyat\u0131na t\u0259tbiq edil\u0259n sanksiyalar orada t\u0259n\u0259zz\u00fcl ya\u015fadacaq. Bu is\u0259 t\u0259kc\u0259 ruslar\u0131n yox, Rusiyada \u00e7al\u0131\u015fan az\u0259rbaycanl\u0131lar\u0131n da g\u0259lirl\u0259rin\u0259 m\u0259nfi t\u0259sir ed\u0259c\u0259k.<br><\/p>\n\n\n\n<p>\u0130qtisad\u00e7\u0131 bildirib ki, \u0259sas t\u0259sirl\u0259r iki y\u00f6nd\u0259 \u00f6z\u00fcn\u00fc g\u00f6st\u0259r\u0259c\u0259k. Rus rublunun d\u0259y\u0259r itirm\u0259si, devalvasiyaya u\u011framas\u0131 fonunda insanlar\u0131n qazanc\u0131 a\u015fa\u011f\u0131 d\u00fc\u015f\u0259c\u0259k.<br><\/p>\n\n\n\n<p>Az\u0259rbaycanl\u0131lar\u0131n ail\u0259l\u0259rin\u0259 g\u00f6nd\u0259rdiyi pul da avtomatik azalacaq: \u201cH\u0259m d\u0259 daha k\u00f6\u00e7\u00fcrm\u0259ni rublla etm\u0259k s\u0259rf etm\u0259y\u0259c\u0259k. \u00c7al\u0131\u015facaqlar dollara \u00e7evirsinl\u0259r. Qazanclar\u0131n\u0131n dollar d\u0259y\u0259ri is\u0259 \u00f6z n\u00f6vb\u0259sind\u0259 \u0259vv\u0259lkind\u0259n qat-qat a\u015fa\u011f\u0131 olacaq\u201d.<br><\/p>\n\n\n\n<figure class=\"wp-block-image size-large\"><img decoding=\"async\" data-src=\"https:\/\/www.meydan.tv\/wp-content\/uploads\/118784119_3295526013835916_6092828104091613031_n-e1640001508110-1059x821.jpg\" alt=\"\" class=\"wp-image-229778 lazyload\" src=\"data:image\/svg+xml;base64,PHN2ZyB3aWR0aD0iMSIgaGVpZ2h0PSIxIiB4bWxucz0iaHR0cDovL3d3dy53My5vcmcvMjAwMC9zdmciPjwvc3ZnPg==\" style=\"--smush-placeholder-width: 1059px; --smush-placeholder-aspect-ratio: 1059\/821;\" \/><figcaption>F\u0259rid Mehral\u0131zad\u0259nin \u015f\u0259xsi arxivind\u0259n<\/figcaption><\/figure>\n\n\n\n<p>M\u0259s\u0259l\u0259nin ikinci t\u0259r\u0259fin\u0259 g\u0259linc\u0259, iqtisad\u00e7\u0131 deyir ki, bu, \u0259halinin g\u0259lirl\u0259rinin azalmas\u0131 il\u0259 ba\u011fl\u0131d\u0131r: \u201cN\u0259tic\u0259d\u0259 al\u0131c\u0131l\u0131q qabiliyy\u0259ti a\u015fa\u011f\u0131 d\u00fc\u015f\u0259c\u0259k. Bu da Rusiyadak\u0131lar\u0131n qazand\u0131\u011f\u0131 pulun miqdar\u0131n\u0131 azaldacaq. Bel\u0259likl\u0259, onlar\u0131n g\u0259lirl\u0259rinin h\u0259m d\u0259y\u0259ri, h\u0259m d\u0259 miqdar\u0131 azalacaq. Bu da qar\u015f\u0131dak\u0131 aylarda \u00f6lk\u0259y\u0259 g\u00f6nd\u0259ril\u0259n pul v\u0259saitl\u0259rinin h\u0259cmini azaldacaq\u201d.<br><\/p>\n\n\n\n<p>F\u0259rid Mehral\u0131zad\u0259nin fikrinc\u0259, Rusiyaya qoyulan sanksiyalar\u0131n Az\u0259rbaycan iqtisadiyyat\u0131na t\u0259kc\u0259 q\u0131sa m\u00fcdd\u0259td\u0259 deyil, h\u0259m d\u0259 uzun m\u00fcdd\u0259t perspektivind\u0259 ciddi t\u0259sirl\u0259ri olaca\u011f\u0131 g\u00f6zl\u0259nilir. \u00c7\u00fcnki Rusiyan\u0131n indiy\u0259d\u0259k Avropa \u00f6lk\u0259l\u0259rin\u0259 \u0259n \u00e7ox t\u0259zyiq vasit\u0259si kimi istifad\u0259 etdiyi r\u0131\u00e7aq neft-qaz qiym\u0259tl\u0259ri olub.<br>X\u00fcsusil\u0259 t\u0259bii qaz bax\u0131m\u0131ndan Avropa Rusiyadan \u00e7ox as\u0131l\u0131d\u0131r: \u201cArt\u0131q Avropa ba\u015fa d\u00fc\u015f\u00fcr ki, bu strateji as\u0131l\u0131l\u0131\u011f\u0131 azaltmaq laz\u0131md\u0131r. H\u0259tta bir ne\u00e7\u0259 g\u00fcn \u0259vv\u0259l Almaniya mayel\u0259\u015fdirilmi\u015f t\u0259bii qaz\u0131n q\u0259bulu il\u0259 ba\u011fl\u0131 yeni limanlar tikm\u0259y\u0259 q\u0259rar verib. Onlar daha Rusiyadan yox, Amerikadan, Avtraliyadan maye \u015f\u0259klind\u0259 qaz alma\u011f\u0131 planla\u015fd\u0131r\u0131rlar ki, bu sah\u0259d\u0259ki probleml\u0259ri h\u0259ll edilsin\u201d.<br><\/p>\n\n\n\n<p>\u0130qtisad\u00e7\u0131 bildirir ki, bir s\u00f6zl\u0259, Ukraynada ba\u015f ver\u0259n hadis\u0259l\u0259r Avropa Birliyi \u00f6lk\u0259l\u0259rin\u0259 t\u0259kan ver\u0259c\u0259k ki, alternativ enerjiy\u0259, \u0259n\u0259n\u0259vi enerji resurslar\u0131ndan as\u0131l\u0131l\u0131\u011f\u0131 azaltma\u011fa y\u00f6n\u0259l\u0259n proqramlara investisiyalar ay\u0131rs\u0131nlar:<br><\/p>\n\n\n\n<p>\u201cM\u0259nc\u0259, yax\u0131n ill\u0259rd\u0259 d\u00fcnyada neft v\u0259 qaz resurslar\u0131na olan t\u0259l\u0259bat alternativ enerji vasit\u0259l\u0259ri il\u0259 \u0259v\u0259zl\u0259n\u0259c\u0259k. Bu da \u0259n\u0259n\u0259vi enerji resurslar\u0131n\u0131n qiym\u0259tinin a\u015fa\u011f\u0131 enm\u0259sin\u0259 g\u0259tir\u0259c\u0259k. \u0130ndiki halda neftin qiym\u0259ti 100 dollar \u0259traf\u0131ndad\u0131r, amma bu, daimi deyil, q\u0131sam\u00fcdd\u0259tlidir. Q\u0131sa m\u00fcdd\u0259t\u0259 d\u0259 olsa, bu, Az\u0259rbaycan iqtisadiyyat\u0131 \u00fc\u00e7\u00fcn s\u0259rf\u0259lidir. Geni\u015f zaman perspektivind\u0259 baxanda Avropan\u0131n, \u00fcmumiyy\u0259tl\u0259, d\u00fcnyan\u0131n neft v\u0259 qazdan as\u0131l\u0131l\u0131\u011f\u0131 azalacaq. Bu da zamanla Az\u0259rbaycan\u0131n g\u0259lirl\u0259rinin azalmas\u0131na g\u0259tirib \u00e7\u0131xaracaq\u201d.<br><\/p>\n\n\n\n<p>\u0130qtisad\u00e7\u0131 R\u00f6v\u015f\u0259n A\u011fayev is\u0259 deyir ki, manat\u0131n son 1 h\u0259ft\u0259d\u0259 rubl qar\u015f\u0131s\u0131nsa 30 faiz d\u0259y\u0259r qazanmas\u0131 Az\u0259rbaycan\u0131n qeyri-neft ixracat\u0131n\u0131n \u0259n az\u0131 \u00fc\u00e7d\u0259 birinin, aqrar v\u0259 qida s\u0259nayesi m\u0259hsullar\u0131n\u0131n is\u0259 \u00fc\u00e7d\u0259 ikisinin getdiyi bir bazardan ciddi itkiyl\u0259 qay\u0131tmas\u0131 dem\u0259kdir: <\/p>\n\n\n\n<p>\u201c\u00dcst\u0259lik, Rusiyan\u0131n \u00fczl\u0259\u015fdiyi iqtisadi durum m\u0259hsul ixracat\u00e7\u0131lar\u0131n\u0131n \u00f6d\u0259ni\u015fl\u0259rini vaxt\u0131nda almaqda hans\u0131sa probleml\u0259r yarada bil\u0259r. Sanksiyalara m\u0259ruz qalm\u0131\u015f Rusiya bank\u0131 VTB-d\u0259 Neft Fondunun 500 milyon dollarl\u0131q yat\u0131r\u0131m\u0131 var. Buna da itki kimi baxmal\u0131y\u0131q\u201d.<br>\u0130qtisad\u00e7\u0131 Rusiyadan g\u0259l\u0259n pul remitanslar\u0131n h\u0259cmin\u0259 d\u0259 toxunub. O deyir ki, k\u0259skin azalma ola bil\u0259r: \u201cH\u0259m d\u0259 indiki halda k\u00f6\u00e7\u00fcrm\u0259l\u0259r\u0259 m\u0259hdudiyy\u0259tl\u0259r d\u0259 art\u0131q indid\u0259n g\u00f6r\u00fcn\u00fcr\u201d.<br><\/p>\n\n\n\n<p>Dig\u0259r t\u0259r\u0259fd\u0259n, Avropa Birliyi \u00f6lk\u0259l\u0259rinin \u0259ks\u0259riyy\u0259tinin Rusiyaya hava m\u0259kan\u0131ndan istifad\u0259 m\u0259hdudiyy\u0259ti t\u0259tbiq edib.<br><\/p>\n\n\n\n<figure class=\"wp-block-image size-large\"><img decoding=\"async\" width=\"1200\" height=\"800\" data-src=\"https:\/\/www.meydan.tv\/wp-content\/uploads\/image_from_ios_177-1200x800.jpg\" alt=\"R\u00f6v\u015f\u0259n A\u011fayev\" class=\"wp-image-210010 lazyload\" src=\"data:image\/svg+xml;base64,PHN2ZyB3aWR0aD0iMSIgaGVpZ2h0PSIxIiB4bWxucz0iaHR0cDovL3d3dy53My5vcmcvMjAwMC9zdmciPjwvc3ZnPg==\" style=\"--smush-placeholder-width: 1200px; --smush-placeholder-aspect-ratio: 1200\/800;\" \/><figcaption>M\u0259nb\u0259: Meydan TV<\/figcaption><\/figure>\n\n\n\n<p>\u0130qtisad\u00e7\u0131 Qubad \u0130bado\u011flu bildirir ki, Belarus, Macar\u0131stan v\u0259 Balkan \u00f6lk\u0259l\u0259rind\u0259n ba\u015fqa Avropa Birliyi \u00fczvl\u0259rinin ham\u0131s\u0131 eyni q\u0259rar\u0131 d\u0259st\u0259kl\u0259yib v\u0259 Rusiya \u00fc\u00e7\u00fcn hava m\u0259kan\u0131n\u0131 ba\u011flay\u0131blar.<br><\/p>\n\n\n\n<p>Bu s\u0259b\u0259bd\u0259n \u015f\u0259rqd\u0259n q\u0259rb\u0259, c\u0259nubdan \u015fimala v\u0259 \u0259ksin\u0259 u\u00e7u\u015flar T\u00fcrkiy\u0259, G\u00fcrc\u00fcstan, \u0130ran v\u0259 Az\u0259rbaycan \u00fcz\u0259rind\u0259n h\u0259yata ke\u00e7irilir: \u201cBu da Az\u0259rbaycan\u0131n, G\u00fcrc\u00fcstan\u0131n, \u0130ran\u0131n v\u0259 T\u00fcrkiy\u0259nin hava m\u0259kan\u0131ndan istifad\u0259y\u0259 g\u00f6r\u0259 \u00f6d\u0259nil\u0259n haqlardan avia \u015firk\u0259tl\u0259rinin g\u0259lirl\u0259ri artmaqdad\u0131r. Ancaq bunun xeyrini Az\u0259rbaycan xalq\u0131 yox, AZAL g\u00f6r\u0259c\u0259k\u201d.<br><\/p>\n\n\n\n<p>Fevral\u0131n 24-n\u0259 ke\u00e7\u0259n gec\u0259 Rusiya Prezidenti Vladimir Putin Ukrayna \u00fcz\u0259rin\u0259 \u201cx\u00fcsusi \u0259m\u0259liyyat\u201d \u0259mri verdi.<br>S\u0259b\u0259b kimi is\u0259 qondarma Donetsk v\u0259 Luqansk \u201crespublikalar\u0131\u201d r\u0259hb\u0259rl\u0259rinin ona m\u00fcraci\u0259tini g\u00f6st\u0259rib.<br><\/p>\n\n\n\n<p>\u0130ddia edib ki, m\u0259qs\u0259d dinc sakinl\u0259ri qorumaq, Ukraynan\u0131n t\u0259hdidl\u0259rin\u0259 cavab verm\u0259kdir.<br><\/p>\n\n\n\n<p>Ukrayna, Q\u0259rb liderl\u0259ri h\u00fccumu pisl\u0259yib, Putinin buna g\u00f6r\u0259 cavab ver\u0259c\u0259yini bildiribl\u0259r. Bundan sonra Avropa Birliyi \u00f6lk\u0259l\u0259rind\u0259n, el\u0259c\u0259 d\u0259 AB\u015e-dan Rusiyaya qar\u015f\u0131 sanksiyalar g\u0259lm\u0259y\u0259 ba\u015flay\u0131b.<br><\/p>\n\n\n\n<p>Rusiyan\u0131n bir s\u0131ra banklar\u0131 SWIFT sistemind\u0259n (Transaksiyalar\u0131n, k\u00f6\u00e7\u00fcrm\u0259l\u0259rin tez v\u0259 t\u0259hl\u00fck\u0259siz h\u0259yata ke\u00e7m\u0259si \u00fc\u00e7\u00fcn bu sistem \u00f6n\u0259mli say\u0131l\u0131r) \u00e7\u0131xar\u0131l\u0131b. Almaniya kansleri Olaf \u015eolz \u201cNord Stream 2\u201d boru x\u0259ttini (red: boru x\u0259ttil\u0259 Rusiyadan Baltik D\u0259nizinin alt\u0131 il\u0259 Almaniyaya t\u0259bii qaz gedir) <a href=\"https:\/\/www.meydan.tv\/az\/article\/rusiyaya-novbeti-sanksiya-almaniyadan-geldi\/\" target=\"_blank\" rel=\"noreferrer noopener\">dayand\u0131rd\u0131<\/a>.<br>B\u00f6y\u00fck Britaniya Rusiyan\u0131n 5 bank\u0131na v\u0259 \u00fc\u00e7 z\u0259ngin \u015f\u0259xsin\u0259 <a href=\"https:\/\/www.meydan.tv\/az\/article\/boris-conson-putini-ucurumdan-geri-cekilmeye-cagirdi\/\" target=\"_blank\" rel=\"noreferrer noopener\">sanksiyalar<\/a> t\u0259tbiq edib.<br><\/p>\n\n\n\n<p>B\u00f6y\u00fck Yeddilik (G7) \u00f6lk\u0259l\u0259rinin s\u0259rt maliyy\u0259 sanksiyalar\u0131ndan sonra \u2013 fevral\u0131n 28-d\u0259 Rusiyan\u0131n milli valyutas\u0131 25 faiz\u0259d\u0259k d\u0259y\u0259r itirib.<br><\/p>\n\n\n\n<p>Rusiya ehtiyatlar\u0131n\u0131n 50 faiz\u0259 q\u0259d\u0259rini sanksiya t\u0259tbiq ed\u0259n \u00f6lk\u0259l\u0259rin valyutalar\u0131nda saxlay\u0131r. Qalan hiss\u0259 is\u0259 q\u0131z\u0131l v\u0259 yuanla olan aktivl\u0259rdir.<br>El\u0259c\u0259 d\u0259, d\u00fcnyan\u0131n bir \u00e7ox \u00f6lk\u0259l\u0259rind\u0259 Ukraynaya d\u0259st\u0259k mitinql\u0259ri ke\u00e7irilib.<\/p>\n","protected":false},"excerpt":{"rendered":"<p>Rusiyada ya\u015fayan sahibkar: &#8220;Rubl h\u0259r g\u00fcn d\u0259y\u0259rini itirir, \u00f6lk\u0259d\u0259 bahala\u015fma &#8230; <\/p>\n<p class=\"read-more-container\"><a title=\"Rublun d\u0259y\u0259rd\u0259n d\u00fc\u015fm\u0259sinin Az\u0259rbaycana t\u0259siri: &#8220;\u00d6lk\u0259y\u0259 g\u00f6nd\u0259ril\u0259n pullar azalacaq&#8221;\" class=\"read-more button\" href=\"https:\/\/www.meydan.tv\/az\/article\/rublun-deyerden-dusmesinin-azerbaycana-tesiri-olkeye-gonderilen-pullar-azalacaq\/#more-236307\" aria-label=\"Read more about Rublun d\u0259y\u0259rd\u0259n d\u00fc\u015fm\u0259sinin Az\u0259rbaycana t\u0259siri: &#8220;\u00d6lk\u0259y\u0259 g\u00f6nd\u0259ril\u0259n pullar azalacaq&#8221;\">Davam\u0131<\/a><\/p>\n","protected":false},"author":8,"featured_media":236308,"comment_status":"closed","ping_status":"closed","sticky":false,"template":"","format":"standard","meta":{"_acf_changed":false,"_sitemap_exclude":false,"_sitemap_priority":"","_sitemap_frequency":"","footnotes":""},"categories":[64,79,56],"tags":[],"class_list":["post-236307","post","type-post","status-publish","format-standard","has-post-thumbnail","hentry","category-dunya","category-featured","category-xeberler","infinite-scroll-item","generate-columns","tablet-grid-50","mobile-grid-100","grid-parent","grid-33","no-featured-image-padding"],"acf":[],"yoast_head":"<!-- This site is optimized with the Yoast SEO plugin v27.5 - https:\/\/yoast.com\/product\/yoast-seo-wordpress\/ -->\n<title>Rublun d\u0259y\u0259rd\u0259n d\u00fc\u015fm\u0259sinin Az\u0259rbaycana t\u0259siri: &quot;\u00d6lk\u0259y\u0259 g\u00f6nd\u0259ril\u0259n pullar azalacaq&quot; - MEYDAN.TV<\/title>\n<meta name=\"robots\" content=\"index, follow, max-snippet:-1, max-image-preview:large, max-video-preview:-1\" \/>\n<link rel=\"canonical\" href=\"https:\/\/www.meydan.tv\/az\/article\/rublun-deyerden-dusmesinin-azerbaycana-tesiri-olkeye-gonderilen-pullar-azalacaq\/\" \/>\n<meta property=\"og:locale\" content=\"az_AZ\" \/>\n<meta property=\"og:type\" content=\"article\" \/>\n<meta property=\"og:title\" content=\"Rublun d\u0259y\u0259rd\u0259n d\u00fc\u015fm\u0259sinin Az\u0259rbaycana t\u0259siri: &quot;\u00d6lk\u0259y\u0259 g\u00f6nd\u0259ril\u0259n pullar azalacaq&quot; - MEYDAN.TV\" \/>\n<meta property=\"og:description\" content=\"Rusiyada ya\u015fayan sahibkar: &#8220;Rubl h\u0259r g\u00fcn d\u0259y\u0259rini itirir, \u00f6lk\u0259d\u0259 bahala\u015fma ... Davam\u0131\" \/>\n<meta property=\"og:url\" content=\"https:\/\/www.meydan.tv\/az\/article\/rublun-deyerden-dusmesinin-azerbaycana-tesiri-olkeye-gonderilen-pullar-azalacaq\/\" \/>\n<meta property=\"og:site_name\" content=\"MEYDAN.TV\" \/>\n<meta property=\"article:published_time\" content=\"2022-02-28T12:49:54+00:00\" \/>\n<meta property=\"article:modified_time\" content=\"2022-03-03T07:14:34+00:00\" \/>\n<meta property=\"og:image\" content=\"https:\/\/www.meydan.tv\/wp-content\/uploads\/shutterstock_137246963.jpg\" \/>\n\t<meta property=\"og:image:width\" content=\"1200\" \/>\n\t<meta property=\"og:image:height\" content=\"800\" \/>\n\t<meta property=\"og:image:type\" content=\"image\/jpeg\" \/>\n<meta name=\"author\" content=\"elli\" \/>\n<meta name=\"twitter:card\" content=\"summary_large_image\" \/>\n<meta name=\"twitter:creator\" content=\"@elli\" \/>\n<script type=\"application\/ld+json\" class=\"yoast-schema-graph\">{\"@context\":\"https:\\\/\\\/schema.org\",\"@graph\":[{\"@type\":\"Article\",\"@id\":\"https:\\\/\\\/www.meydan.tv\\\/az\\\/article\\\/rublun-deyerden-dusmesinin-azerbaycana-tesiri-olkeye-gonderilen-pullar-azalacaq\\\/#article\",\"isPartOf\":{\"@id\":\"https:\\\/\\\/www.meydan.tv\\\/az\\\/article\\\/rublun-deyerden-dusmesinin-azerbaycana-tesiri-olkeye-gonderilen-pullar-azalacaq\\\/\"},\"author\":{\"name\":\"elli\",\"@id\":\"https:\\\/\\\/www.meydan.tv\\\/az\\\/#\\\/schema\\\/person\\\/9cdbecf90d17180ce1dfbd95b08dcf47\"},\"headline\":\"Rublun d\u0259y\u0259rd\u0259n d\u00fc\u015fm\u0259sinin Az\u0259rbaycana t\u0259siri: &#8220;\u00d6lk\u0259y\u0259 g\u00f6nd\u0259ril\u0259n pullar azalacaq&#8221;\",\"datePublished\":\"2022-02-28T12:49:54+00:00\",\"dateModified\":\"2022-03-03T07:14:34+00:00\",\"mainEntityOfPage\":{\"@id\":\"https:\\\/\\\/www.meydan.tv\\\/az\\\/article\\\/rublun-deyerden-dusmesinin-azerbaycana-tesiri-olkeye-gonderilen-pullar-azalacaq\\\/\"},\"wordCount\":1826,\"publisher\":{\"@id\":\"https:\\\/\\\/www.meydan.tv\\\/az\\\/#organization\"},\"image\":{\"@id\":\"https:\\\/\\\/www.meydan.tv\\\/az\\\/article\\\/rublun-deyerden-dusmesinin-azerbaycana-tesiri-olkeye-gonderilen-pullar-azalacaq\\\/#primaryimage\"},\"thumbnailUrl\":\"https:\\\/\\\/www.meydan.tv\\\/wp-content\\\/uploads\\\/shutterstock_137246963.jpg\",\"articleSection\":[\"D\u00fcnya\",\"T\u00f6vsiy\u0259\",\"X\u0259b\u0259rl\u0259r\"],\"inLanguage\":\"az\"},{\"@type\":\"WebPage\",\"@id\":\"https:\\\/\\\/www.meydan.tv\\\/az\\\/article\\\/rublun-deyerden-dusmesinin-azerbaycana-tesiri-olkeye-gonderilen-pullar-azalacaq\\\/\",\"url\":\"https:\\\/\\\/www.meydan.tv\\\/az\\\/article\\\/rublun-deyerden-dusmesinin-azerbaycana-tesiri-olkeye-gonderilen-pullar-azalacaq\\\/\",\"name\":\"Rublun d\u0259y\u0259rd\u0259n d\u00fc\u015fm\u0259sinin Az\u0259rbaycana t\u0259siri: \\\"\u00d6lk\u0259y\u0259 g\u00f6nd\u0259ril\u0259n pullar azalacaq\\\" - MEYDAN.TV\",\"isPartOf\":{\"@id\":\"https:\\\/\\\/www.meydan.tv\\\/az\\\/#website\"},\"primaryImageOfPage\":{\"@id\":\"https:\\\/\\\/www.meydan.tv\\\/az\\\/article\\\/rublun-deyerden-dusmesinin-azerbaycana-tesiri-olkeye-gonderilen-pullar-azalacaq\\\/#primaryimage\"},\"image\":{\"@id\":\"https:\\\/\\\/www.meydan.tv\\\/az\\\/article\\\/rublun-deyerden-dusmesinin-azerbaycana-tesiri-olkeye-gonderilen-pullar-azalacaq\\\/#primaryimage\"},\"thumbnailUrl\":\"https:\\\/\\\/www.meydan.tv\\\/wp-content\\\/uploads\\\/shutterstock_137246963.jpg\",\"datePublished\":\"2022-02-28T12:49:54+00:00\",\"dateModified\":\"2022-03-03T07:14:34+00:00\",\"breadcrumb\":{\"@id\":\"https:\\\/\\\/www.meydan.tv\\\/az\\\/article\\\/rublun-deyerden-dusmesinin-azerbaycana-tesiri-olkeye-gonderilen-pullar-azalacaq\\\/#breadcrumb\"},\"inLanguage\":\"az\",\"potentialAction\":[{\"@type\":\"ReadAction\",\"target\":[\"https:\\\/\\\/www.meydan.tv\\\/az\\\/article\\\/rublun-deyerden-dusmesinin-azerbaycana-tesiri-olkeye-gonderilen-pullar-azalacaq\\\/\"]}]},{\"@type\":\"ImageObject\",\"inLanguage\":\"az\",\"@id\":\"https:\\\/\\\/www.meydan.tv\\\/az\\\/article\\\/rublun-deyerden-dusmesinin-azerbaycana-tesiri-olkeye-gonderilen-pullar-azalacaq\\\/#primaryimage\",\"url\":\"https:\\\/\\\/www.meydan.tv\\\/wp-content\\\/uploads\\\/shutterstock_137246963.jpg\",\"contentUrl\":\"https:\\\/\\\/www.meydan.tv\\\/wp-content\\\/uploads\\\/shutterstock_137246963.jpg\",\"width\":1200,\"height\":800,\"caption\":\"Rus rublu. Russian rubles\\\/shutterstock\"},{\"@type\":\"BreadcrumbList\",\"@id\":\"https:\\\/\\\/www.meydan.tv\\\/az\\\/article\\\/rublun-deyerden-dusmesinin-azerbaycana-tesiri-olkeye-gonderilen-pullar-azalacaq\\\/#breadcrumb\",\"itemListElement\":[{\"@type\":\"ListItem\",\"position\":1,\"name\":\"Ana s\u0259hif\u0259\",\"item\":\"https:\\\/\\\/www.meydan.tv\\\/az\\\/\"},{\"@type\":\"ListItem\",\"position\":2,\"name\":\"D\u00fcnya\",\"item\":\"https:\\\/\\\/www.meydan.tv\\\/az\\\/section\\\/dunya\\\/\"},{\"@type\":\"ListItem\",\"position\":3,\"name\":\"Rublun d\u0259y\u0259rd\u0259n d\u00fc\u015fm\u0259sinin Az\u0259rbaycana t\u0259siri: &#8220;\u00d6lk\u0259y\u0259 g\u00f6nd\u0259ril\u0259n pullar azalacaq&#8221;\"}]},{\"@type\":\"WebSite\",\"@id\":\"https:\\\/\\\/www.meydan.tv\\\/az\\\/#website\",\"url\":\"https:\\\/\\\/www.meydan.tv\\\/az\\\/\",\"name\":\"MEYDAN.TV\",\"description\":\"Meydan TV Az\u0259rbaycan\u0131n media m\u0259kan\u0131ndak\u0131 alternativ s\u0259sidir\",\"publisher\":{\"@id\":\"https:\\\/\\\/www.meydan.tv\\\/az\\\/#organization\"},\"potentialAction\":[{\"@type\":\"SearchAction\",\"target\":{\"@type\":\"EntryPoint\",\"urlTemplate\":\"https:\\\/\\\/www.meydan.tv\\\/az\\\/?s={search_term_string}\"},\"query-input\":{\"@type\":\"PropertyValueSpecification\",\"valueRequired\":true,\"valueName\":\"search_term_string\"}}],\"inLanguage\":\"az\"},{\"@type\":\"Organization\",\"@id\":\"https:\\\/\\\/www.meydan.tv\\\/az\\\/#organization\",\"name\":\"Meydan TV\",\"url\":\"https:\\\/\\\/www.meydan.tv\\\/az\\\/\",\"logo\":{\"@type\":\"ImageObject\",\"inLanguage\":\"az\",\"@id\":\"https:\\\/\\\/www.meydan.tv\\\/az\\\/#\\\/schema\\\/logo\\\/image\\\/\",\"url\":\"https:\\\/\\\/www.meydan.tv\\\/wp-content\\\/uploads\\\/2021\\\/07\\\/meydan-logo.svg\",\"contentUrl\":\"https:\\\/\\\/www.meydan.tv\\\/wp-content\\\/uploads\\\/2021\\\/07\\\/meydan-logo.svg\",\"width\":195,\"height\":46,\"caption\":\"Meydan TV\"},\"image\":{\"@id\":\"https:\\\/\\\/www.meydan.tv\\\/az\\\/#\\\/schema\\\/logo\\\/image\\\/\"}},{\"@type\":\"Person\",\"@id\":\"https:\\\/\\\/www.meydan.tv\\\/az\\\/#\\\/schema\\\/person\\\/9cdbecf90d17180ce1dfbd95b08dcf47\",\"name\":\"elli\",\"sameAs\":[\"https:\\\/\\\/x.com\\\/elli\"]}]}<\/script>\n<!-- \/ Yoast SEO plugin. -->","yoast_head_json":{"title":"Rublun d\u0259y\u0259rd\u0259n d\u00fc\u015fm\u0259sinin Az\u0259rbaycana t\u0259siri: \"\u00d6lk\u0259y\u0259 g\u00f6nd\u0259ril\u0259n pullar azalacaq\" - MEYDAN.TV","robots":{"index":"index","follow":"follow","max-snippet":"max-snippet:-1","max-image-preview":"max-image-preview:large","max-video-preview":"max-video-preview:-1"},"canonical":"https:\/\/www.meydan.tv\/az\/article\/rublun-deyerden-dusmesinin-azerbaycana-tesiri-olkeye-gonderilen-pullar-azalacaq\/","og_locale":"az_AZ","og_type":"article","og_title":"Rublun d\u0259y\u0259rd\u0259n d\u00fc\u015fm\u0259sinin Az\u0259rbaycana t\u0259siri: \"\u00d6lk\u0259y\u0259 g\u00f6nd\u0259ril\u0259n pullar azalacaq\" - MEYDAN.TV","og_description":"Rusiyada ya\u015fayan sahibkar: &#8220;Rubl h\u0259r g\u00fcn d\u0259y\u0259rini itirir, \u00f6lk\u0259d\u0259 bahala\u015fma ... Davam\u0131","og_url":"https:\/\/www.meydan.tv\/az\/article\/rublun-deyerden-dusmesinin-azerbaycana-tesiri-olkeye-gonderilen-pullar-azalacaq\/","og_site_name":"MEYDAN.TV","article_published_time":"2022-02-28T12:49:54+00:00","article_modified_time":"2022-03-03T07:14:34+00:00","og_image":[{"width":1200,"height":800,"url":"https:\/\/www.meydan.tv\/wp-content\/uploads\/shutterstock_137246963.jpg","type":"image\/jpeg"}],"author":"elli","twitter_card":"summary_large_image","twitter_creator":"@elli","schema":{"@context":"https:\/\/schema.org","@graph":[{"@type":"Article","@id":"https:\/\/www.meydan.tv\/az\/article\/rublun-deyerden-dusmesinin-azerbaycana-tesiri-olkeye-gonderilen-pullar-azalacaq\/#article","isPartOf":{"@id":"https:\/\/www.meydan.tv\/az\/article\/rublun-deyerden-dusmesinin-azerbaycana-tesiri-olkeye-gonderilen-pullar-azalacaq\/"},"author":{"name":"elli","@id":"https:\/\/www.meydan.tv\/az\/#\/schema\/person\/9cdbecf90d17180ce1dfbd95b08dcf47"},"headline":"Rublun d\u0259y\u0259rd\u0259n d\u00fc\u015fm\u0259sinin Az\u0259rbaycana t\u0259siri: &#8220;\u00d6lk\u0259y\u0259 g\u00f6nd\u0259ril\u0259n pullar azalacaq&#8221;","datePublished":"2022-02-28T12:49:54+00:00","dateModified":"2022-03-03T07:14:34+00:00","mainEntityOfPage":{"@id":"https:\/\/www.meydan.tv\/az\/article\/rublun-deyerden-dusmesinin-azerbaycana-tesiri-olkeye-gonderilen-pullar-azalacaq\/"},"wordCount":1826,"publisher":{"@id":"https:\/\/www.meydan.tv\/az\/#organization"},"image":{"@id":"https:\/\/www.meydan.tv\/az\/article\/rublun-deyerden-dusmesinin-azerbaycana-tesiri-olkeye-gonderilen-pullar-azalacaq\/#primaryimage"},"thumbnailUrl":"https:\/\/www.meydan.tv\/wp-content\/uploads\/shutterstock_137246963.jpg","articleSection":["D\u00fcnya","T\u00f6vsiy\u0259","X\u0259b\u0259rl\u0259r"],"inLanguage":"az"},{"@type":"WebPage","@id":"https:\/\/www.meydan.tv\/az\/article\/rublun-deyerden-dusmesinin-azerbaycana-tesiri-olkeye-gonderilen-pullar-azalacaq\/","url":"https:\/\/www.meydan.tv\/az\/article\/rublun-deyerden-dusmesinin-azerbaycana-tesiri-olkeye-gonderilen-pullar-azalacaq\/","name":"Rublun d\u0259y\u0259rd\u0259n d\u00fc\u015fm\u0259sinin Az\u0259rbaycana t\u0259siri: \"\u00d6lk\u0259y\u0259 g\u00f6nd\u0259ril\u0259n pullar azalacaq\" - MEYDAN.TV","isPartOf":{"@id":"https:\/\/www.meydan.tv\/az\/#website"},"primaryImageOfPage":{"@id":"https:\/\/www.meydan.tv\/az\/article\/rublun-deyerden-dusmesinin-azerbaycana-tesiri-olkeye-gonderilen-pullar-azalacaq\/#primaryimage"},"image":{"@id":"https:\/\/www.meydan.tv\/az\/article\/rublun-deyerden-dusmesinin-azerbaycana-tesiri-olkeye-gonderilen-pullar-azalacaq\/#primaryimage"},"thumbnailUrl":"https:\/\/www.meydan.tv\/wp-content\/uploads\/shutterstock_137246963.jpg","datePublished":"2022-02-28T12:49:54+00:00","dateModified":"2022-03-03T07:14:34+00:00","breadcrumb":{"@id":"https:\/\/www.meydan.tv\/az\/article\/rublun-deyerden-dusmesinin-azerbaycana-tesiri-olkeye-gonderilen-pullar-azalacaq\/#breadcrumb"},"inLanguage":"az","potentialAction":[{"@type":"ReadAction","target":["https:\/\/www.meydan.tv\/az\/article\/rublun-deyerden-dusmesinin-azerbaycana-tesiri-olkeye-gonderilen-pullar-azalacaq\/"]}]},{"@type":"ImageObject","inLanguage":"az","@id":"https:\/\/www.meydan.tv\/az\/article\/rublun-deyerden-dusmesinin-azerbaycana-tesiri-olkeye-gonderilen-pullar-azalacaq\/#primaryimage","url":"https:\/\/www.meydan.tv\/wp-content\/uploads\/shutterstock_137246963.jpg","contentUrl":"https:\/\/www.meydan.tv\/wp-content\/uploads\/shutterstock_137246963.jpg","width":1200,"height":800,"caption":"Rus rublu. Russian rubles\/shutterstock"},{"@type":"BreadcrumbList","@id":"https:\/\/www.meydan.tv\/az\/article\/rublun-deyerden-dusmesinin-azerbaycana-tesiri-olkeye-gonderilen-pullar-azalacaq\/#breadcrumb","itemListElement":[{"@type":"ListItem","position":1,"name":"Ana s\u0259hif\u0259","item":"https:\/\/www.meydan.tv\/az\/"},{"@type":"ListItem","position":2,"name":"D\u00fcnya","item":"https:\/\/www.meydan.tv\/az\/section\/dunya\/"},{"@type":"ListItem","position":3,"name":"Rublun d\u0259y\u0259rd\u0259n d\u00fc\u015fm\u0259sinin Az\u0259rbaycana t\u0259siri: &#8220;\u00d6lk\u0259y\u0259 g\u00f6nd\u0259ril\u0259n pullar azalacaq&#8221;"}]},{"@type":"WebSite","@id":"https:\/\/www.meydan.tv\/az\/#website","url":"https:\/\/www.meydan.tv\/az\/","name":"MEYDAN.TV","description":"Meydan TV Az\u0259rbaycan\u0131n media m\u0259kan\u0131ndak\u0131 alternativ s\u0259sidir","publisher":{"@id":"https:\/\/www.meydan.tv\/az\/#organization"},"potentialAction":[{"@type":"SearchAction","target":{"@type":"EntryPoint","urlTemplate":"https:\/\/www.meydan.tv\/az\/?s={search_term_string}"},"query-input":{"@type":"PropertyValueSpecification","valueRequired":true,"valueName":"search_term_string"}}],"inLanguage":"az"},{"@type":"Organization","@id":"https:\/\/www.meydan.tv\/az\/#organization","name":"Meydan TV","url":"https:\/\/www.meydan.tv\/az\/","logo":{"@type":"ImageObject","inLanguage":"az","@id":"https:\/\/www.meydan.tv\/az\/#\/schema\/logo\/image\/","url":"https:\/\/www.meydan.tv\/wp-content\/uploads\/2021\/07\/meydan-logo.svg","contentUrl":"https:\/\/www.meydan.tv\/wp-content\/uploads\/2021\/07\/meydan-logo.svg","width":195,"height":46,"caption":"Meydan TV"},"image":{"@id":"https:\/\/www.meydan.tv\/az\/#\/schema\/logo\/image\/"}},{"@type":"Person","@id":"https:\/\/www.meydan.tv\/az\/#\/schema\/person\/9cdbecf90d17180ce1dfbd95b08dcf47","name":"elli","sameAs":["https:\/\/x.com\/elli"]}]}},"_links":{"self":[{"href":"https:\/\/www.meydan.tv\/az\/wp-json\/wp\/v2\/posts\/236307","targetHints":{"allow":["GET"]}}],"collection":[{"href":"https:\/\/www.meydan.tv\/az\/wp-json\/wp\/v2\/posts"}],"about":[{"href":"https:\/\/www.meydan.tv\/az\/wp-json\/wp\/v2\/types\/post"}],"author":[{"embeddable":true,"href":"https:\/\/www.meydan.tv\/az\/wp-json\/wp\/v2\/users\/8"}],"replies":[{"embeddable":true,"href":"https:\/\/www.meydan.tv\/az\/wp-json\/wp\/v2\/comments?post=236307"}],"version-history":[{"count":2,"href":"https:\/\/www.meydan.tv\/az\/wp-json\/wp\/v2\/posts\/236307\/revisions"}],"predecessor-version":[{"id":236314,"href":"https:\/\/www.meydan.tv\/az\/wp-json\/wp\/v2\/posts\/236307\/revisions\/236314"}],"wp:featuredmedia":[{"embeddable":true,"href":"https:\/\/www.meydan.tv\/az\/wp-json\/wp\/v2\/media\/236308"}],"wp:attachment":[{"href":"https:\/\/www.meydan.tv\/az\/wp-json\/wp\/v2\/media?parent=236307"}],"wp:term":[{"taxonomy":"category","embeddable":true,"href":"https:\/\/www.meydan.tv\/az\/wp-json\/wp\/v2\/categories?post=236307"},{"taxonomy":"post_tag","embeddable":true,"href":"https:\/\/www.meydan.tv\/az\/wp-json\/wp\/v2\/tags?post=236307"}],"curies":[{"name":"wp","href":"https:\/\/api.w.org\/{rel}","templated":true}]}}