{"id":236281,"date":"2022-02-28T10:52:55","date_gmt":"2022-02-28T06:52:55","guid":{"rendered":"https:\/\/www.meydan.tv\/?p=236281"},"modified":"2022-02-28T10:52:57","modified_gmt":"2022-02-28T06:52:57","slug":"acar-go-shortda-numayis-olunacaq","status":"publish","type":"post","link":"https:\/\/www.meydan.tv\/az\/article\/acar-go-shortda-numayis-olunacaq\/","title":{"rendered":"&#8220;A\u00e7ar\u201d \u201cGo Short\u201dda n\u00fcmayi\u015f olunacaq"},"content":{"rendered":"\n<p>Film Qaraba\u011f m\u00fcharib\u0259sind\u0259n b\u0259hs edir<\/p>\n\n\n\n<p>Qaraba\u011f m\u00fcharib\u0259si m\u00f6vzusunda \u00e7\u0259kil\u0259n \u201cA\u00e7ar\u201d b\u0259dii filmi \u201cGo Short\u201d Beyn\u0259lxalq Film Festival\u0131nda n\u00fcmayi\u015f olunacaq.<\/p>\n\n\n\n<p>Bu haqda Meydan TV M\u0259d\u0259niyy\u0259t Nazirliyind\u0259n m\u0259lumat verilib.<\/p>\n\n\n\n<p>Fransa, \u0130taliya, Almaniya, \u0130ngilt\u0259r\u0259, \u0130spaniya, Portuqaliya, Bel\u00e7ika, \u0130sve\u00e7r\u0259 v\u0259 dig\u0259r \u00f6lk\u0259l\u0259rd\u0259n filml\u0259rin i\u015ftirak ed\u0259c\u0259yi festival 1-20 aprel tarixind\u0259 onlayn formada, 1-10 apreld\u0259 is\u0259 \u0259n\u0259n\u0259vi qaydada <a href=\"https:\/\/www.goshort.nl\/en\/we-present-to-you-the-european-competition\/\" target=\"_blank\" rel=\"noreferrer noopener\">ke\u00e7iril\u0259c\u0259k<\/a>. <\/p>\n\n\n\n<p>\u201cOB Film\u201d v\u0259 \u201cEpic Production\u201d \u015firk\u0259tl\u0259rinin birg\u0259 istehsal\u0131 olan \u201cA\u00e7ar\u201d q\u0131sametrajl\u0131 b\u0259dii filmi i\u015f\u011fal olunmu\u015f evinin sonuncu yadigar\u0131 v\u0259 ni\u015fan\u0259si olan a\u00e7arlar\u0131 26 il qoruyub-saxlayan \u00dcmid ki\u015finin hekay\u0259sind\u0259n b\u0259hs edir.(https:\/\/www.youtube.com\/watch?app=desktop&amp;v=48hfLXJNciA)<\/p>\n\n\n\n<p>Filmin ssenari m\u00fc\u0259llifi v\u0259 qurulu\u015f\u00e7u rejissoru El\u015fad \u018fliyev, g\u00f6r\u00fcnt\u00fc rejissoru Cavid Oruclu (Delee), qurulu\u015f\u00e7u r\u0259ssam\u0131 Arif Niftiyev, montaj rejissoru El\u015fad R\u0259himov, s\u0259s rejissoru Mehman Nadirov, prod\u00fcserl\u0259ri Orxan Behbid, Senur \u018fh\u0259dov v\u0259 M\u0259tin \u018fl\u0259kb\u0259rlidir.<\/p>\n\n\n\n<p>Filmd\u0259 Qurban \u0130smay\u0131lov, Rasim C\u0259f\u0259r, Reyhan C\u0259f\u0259r, H\u00fcseyn \u0130sg\u0259nd\u0259rov, Yusif \u015eeyxov, Zemfira \u018fbd\u00fcls\u0259m\u0259dova, Arif K\u0259rimov, R\u00f6v\u015f\u0259n A\u011fayev, Eldar C\u0259bray\u0131l, Selin C\u0259bray\u0131l v\u0259 ba\u015fqalar\u0131 \u00e7\u0259kilibl\u0259r.<\/p>\n\n\n\n<p>2008-ci ild\u0259 t\u0259sis olunan \u201cGo Shorts\u201d q\u0131sametrajl\u0131 film festival\u0131d\u0131r.<\/p>\n\n\n\n<p>Niderland\u0131n Neymeqen \u015f\u0259h\u0259rind\u0259 ke\u00e7irilir.<\/p>\n\n\n\n<p>Beyn\u0259lxalq m\u00fcsabiq\u0259 proqram\u0131na b\u0259dii, s\u0259n\u0259dli, animasiya filml\u0259ri v\u0259 ayr\u0131ca kateqoriya kimi eksperimental filml\u0259r daxildir.<\/p>\n\n\n\n<p>Bundan \u0259lav\u0259, respublika v\u0259 t\u0259l\u0259b\u0259 m\u00fcsabiq\u0259l\u0259ri, el\u0259c\u0259 d\u0259 \u00e7oxsayl\u0131 m\u00fcsabiq\u0259d\u0259nk\u0259nar n\u00fcmayi\u015fl\u0259r v\u0259 x\u00fcsusi t\u0259dbirl\u0259r d\u0259 festival\u0131n proqram\u0131na daxildir.<\/p>\n","protected":false},"excerpt":{"rendered":"<p>Film Qaraba\u011f m\u00fcharib\u0259sind\u0259n b\u0259hs edir Qaraba\u011f m\u00fcharib\u0259si m\u00f6vzusunda \u00e7\u0259kil\u0259n \u201cA\u00e7ar\u201d &#8230; <\/p>\n<p class=\"read-more-container\"><a title=\"&#8220;A\u00e7ar\u201d \u201cGo Short\u201dda n\u00fcmayi\u015f olunacaq\" class=\"read-more button\" href=\"https:\/\/www.meydan.tv\/az\/article\/acar-go-shortda-numayis-olunacaq\/#more-236281\" aria-label=\"Read more about &#8220;A\u00e7ar\u201d \u201cGo Short\u201dda n\u00fcmayi\u015f olunacaq\">Davam\u0131<\/a><\/p>\n","protected":false},"author":8,"featured_media":236278,"comment_status":"closed","ping_status":"closed","sticky":false,"template":"","format":"standard","meta":{"_acf_changed":false,"_sitemap_exclude":false,"_sitemap_priority":"","_sitemap_frequency":"","footnotes":""},"categories":[52,56],"tags":[],"class_list":["post-236281","post","type-post","status-publish","format-standard","has-post-thumbnail","hentry","category-medeniyyet","category-xeberler","infinite-scroll-item","generate-columns","tablet-grid-50","mobile-grid-100","grid-parent","grid-33","no-featured-image-padding"],"acf":[],"yoast_head":"<!-- This site is optimized with the Yoast SEO plugin v27.4 - https:\/\/yoast.com\/product\/yoast-seo-wordpress\/ -->\n<title>&quot;A\u00e7ar\u201d \u201cGo Short\u201dda n\u00fcmayi\u015f olunacaq - MEYDAN.TV<\/title>\n<meta name=\"robots\" content=\"index, follow, max-snippet:-1, max-image-preview:large, max-video-preview:-1\" \/>\n<link rel=\"canonical\" href=\"https:\/\/www.meydan.tv\/az\/article\/acar-go-shortda-numayis-olunacaq\/\" \/>\n<meta property=\"og:locale\" content=\"az_AZ\" \/>\n<meta property=\"og:type\" content=\"article\" \/>\n<meta property=\"og:title\" content=\"&quot;A\u00e7ar\u201d \u201cGo Short\u201dda n\u00fcmayi\u015f olunacaq - MEYDAN.TV\" \/>\n<meta property=\"og:description\" content=\"Film Qaraba\u011f m\u00fcharib\u0259sind\u0259n b\u0259hs edir Qaraba\u011f m\u00fcharib\u0259si m\u00f6vzusunda \u00e7\u0259kil\u0259n \u201cA\u00e7ar\u201d ... Davam\u0131\" \/>\n<meta property=\"og:url\" content=\"https:\/\/www.meydan.tv\/az\/article\/acar-go-shortda-numayis-olunacaq\/\" \/>\n<meta property=\"og:site_name\" content=\"MEYDAN.TV\" \/>\n<meta property=\"article:published_time\" content=\"2022-02-28T06:52:55+00:00\" \/>\n<meta property=\"article:modified_time\" content=\"2022-02-28T06:52:57+00:00\" \/>\n<meta property=\"og:image\" content=\"https:\/\/www.meydan.tv\/wp-content\/uploads\/16458872475458716667_1000x669.png\" \/>\n\t<meta property=\"og:image:width\" content=\"669\" \/>\n\t<meta property=\"og:image:height\" content=\"669\" \/>\n\t<meta property=\"og:image:type\" content=\"image\/png\" \/>\n<meta name=\"author\" content=\"elli\" \/>\n<meta name=\"twitter:card\" content=\"summary_large_image\" \/>\n<meta name=\"twitter:creator\" content=\"@elli\" \/>\n<script type=\"application\/ld+json\" class=\"yoast-schema-graph\">{\"@context\":\"https:\\\/\\\/schema.org\",\"@graph\":[{\"@type\":\"Article\",\"@id\":\"https:\\\/\\\/www.meydan.tv\\\/az\\\/article\\\/acar-go-shortda-numayis-olunacaq\\\/#article\",\"isPartOf\":{\"@id\":\"https:\\\/\\\/www.meydan.tv\\\/az\\\/article\\\/acar-go-shortda-numayis-olunacaq\\\/\"},\"author\":{\"name\":\"elli\",\"@id\":\"https:\\\/\\\/www.meydan.tv\\\/az\\\/#\\\/schema\\\/person\\\/9cdbecf90d17180ce1dfbd95b08dcf47\"},\"headline\":\"&#8220;A\u00e7ar\u201d \u201cGo Short\u201dda n\u00fcmayi\u015f olunacaq\",\"datePublished\":\"2022-02-28T06:52:55+00:00\",\"dateModified\":\"2022-02-28T06:52:57+00:00\",\"mainEntityOfPage\":{\"@id\":\"https:\\\/\\\/www.meydan.tv\\\/az\\\/article\\\/acar-go-shortda-numayis-olunacaq\\\/\"},\"wordCount\":320,\"publisher\":{\"@id\":\"https:\\\/\\\/www.meydan.tv\\\/az\\\/#organization\"},\"image\":{\"@id\":\"https:\\\/\\\/www.meydan.tv\\\/az\\\/article\\\/acar-go-shortda-numayis-olunacaq\\\/#primaryimage\"},\"thumbnailUrl\":\"https:\\\/\\\/www.meydan.tv\\\/wp-content\\\/uploads\\\/16458872475458716667_1000x669.png\",\"articleSection\":[\"M\u0259d\u0259niyy\u0259t\",\"X\u0259b\u0259rl\u0259r\"],\"inLanguage\":\"az\"},{\"@type\":\"WebPage\",\"@id\":\"https:\\\/\\\/www.meydan.tv\\\/az\\\/article\\\/acar-go-shortda-numayis-olunacaq\\\/\",\"url\":\"https:\\\/\\\/www.meydan.tv\\\/az\\\/article\\\/acar-go-shortda-numayis-olunacaq\\\/\",\"name\":\"\\\"A\u00e7ar\u201d \u201cGo Short\u201dda n\u00fcmayi\u015f olunacaq - MEYDAN.TV\",\"isPartOf\":{\"@id\":\"https:\\\/\\\/www.meydan.tv\\\/az\\\/#website\"},\"primaryImageOfPage\":{\"@id\":\"https:\\\/\\\/www.meydan.tv\\\/az\\\/article\\\/acar-go-shortda-numayis-olunacaq\\\/#primaryimage\"},\"image\":{\"@id\":\"https:\\\/\\\/www.meydan.tv\\\/az\\\/article\\\/acar-go-shortda-numayis-olunacaq\\\/#primaryimage\"},\"thumbnailUrl\":\"https:\\\/\\\/www.meydan.tv\\\/wp-content\\\/uploads\\\/16458872475458716667_1000x669.png\",\"datePublished\":\"2022-02-28T06:52:55+00:00\",\"dateModified\":\"2022-02-28T06:52:57+00:00\",\"breadcrumb\":{\"@id\":\"https:\\\/\\\/www.meydan.tv\\\/az\\\/article\\\/acar-go-shortda-numayis-olunacaq\\\/#breadcrumb\"},\"inLanguage\":\"az\",\"potentialAction\":[{\"@type\":\"ReadAction\",\"target\":[\"https:\\\/\\\/www.meydan.tv\\\/az\\\/article\\\/acar-go-shortda-numayis-olunacaq\\\/\"]}]},{\"@type\":\"ImageObject\",\"inLanguage\":\"az\",\"@id\":\"https:\\\/\\\/www.meydan.tv\\\/az\\\/article\\\/acar-go-shortda-numayis-olunacaq\\\/#primaryimage\",\"url\":\"https:\\\/\\\/www.meydan.tv\\\/wp-content\\\/uploads\\\/16458872475458716667_1000x669.png\",\"contentUrl\":\"https:\\\/\\\/www.meydan.tv\\\/wp-content\\\/uploads\\\/16458872475458716667_1000x669.png\",\"width\":669,\"height\":669,\"caption\":\"Foto: Az\u0259rtac\"},{\"@type\":\"BreadcrumbList\",\"@id\":\"https:\\\/\\\/www.meydan.tv\\\/az\\\/article\\\/acar-go-shortda-numayis-olunacaq\\\/#breadcrumb\",\"itemListElement\":[{\"@type\":\"ListItem\",\"position\":1,\"name\":\"Ana s\u0259hif\u0259\",\"item\":\"https:\\\/\\\/www.meydan.tv\\\/az\\\/\"},{\"@type\":\"ListItem\",\"position\":2,\"name\":\"M\u0259d\u0259niyy\u0259t\",\"item\":\"https:\\\/\\\/www.meydan.tv\\\/az\\\/section\\\/medeniyyet\\\/\"},{\"@type\":\"ListItem\",\"position\":3,\"name\":\"&#8220;A\u00e7ar\u201d \u201cGo Short\u201dda n\u00fcmayi\u015f olunacaq\"}]},{\"@type\":\"WebSite\",\"@id\":\"https:\\\/\\\/www.meydan.tv\\\/az\\\/#website\",\"url\":\"https:\\\/\\\/www.meydan.tv\\\/az\\\/\",\"name\":\"MEYDAN.TV\",\"description\":\"Meydan TV Az\u0259rbaycan\u0131n media m\u0259kan\u0131ndak\u0131 alternativ s\u0259sidir\",\"publisher\":{\"@id\":\"https:\\\/\\\/www.meydan.tv\\\/az\\\/#organization\"},\"potentialAction\":[{\"@type\":\"SearchAction\",\"target\":{\"@type\":\"EntryPoint\",\"urlTemplate\":\"https:\\\/\\\/www.meydan.tv\\\/az\\\/?s={search_term_string}\"},\"query-input\":{\"@type\":\"PropertyValueSpecification\",\"valueRequired\":true,\"valueName\":\"search_term_string\"}}],\"inLanguage\":\"az\"},{\"@type\":\"Organization\",\"@id\":\"https:\\\/\\\/www.meydan.tv\\\/az\\\/#organization\",\"name\":\"Meydan TV\",\"url\":\"https:\\\/\\\/www.meydan.tv\\\/az\\\/\",\"logo\":{\"@type\":\"ImageObject\",\"inLanguage\":\"az\",\"@id\":\"https:\\\/\\\/www.meydan.tv\\\/az\\\/#\\\/schema\\\/logo\\\/image\\\/\",\"url\":\"https:\\\/\\\/www.meydan.tv\\\/wp-content\\\/uploads\\\/2021\\\/07\\\/meydan-logo.svg\",\"contentUrl\":\"https:\\\/\\\/www.meydan.tv\\\/wp-content\\\/uploads\\\/2021\\\/07\\\/meydan-logo.svg\",\"width\":195,\"height\":46,\"caption\":\"Meydan TV\"},\"image\":{\"@id\":\"https:\\\/\\\/www.meydan.tv\\\/az\\\/#\\\/schema\\\/logo\\\/image\\\/\"}},{\"@type\":\"Person\",\"@id\":\"https:\\\/\\\/www.meydan.tv\\\/az\\\/#\\\/schema\\\/person\\\/9cdbecf90d17180ce1dfbd95b08dcf47\",\"name\":\"elli\",\"sameAs\":[\"https:\\\/\\\/x.com\\\/elli\"]}]}<\/script>\n<!-- \/ Yoast SEO plugin. -->","yoast_head_json":{"title":"\"A\u00e7ar\u201d \u201cGo Short\u201dda n\u00fcmayi\u015f olunacaq - MEYDAN.TV","robots":{"index":"index","follow":"follow","max-snippet":"max-snippet:-1","max-image-preview":"max-image-preview:large","max-video-preview":"max-video-preview:-1"},"canonical":"https:\/\/www.meydan.tv\/az\/article\/acar-go-shortda-numayis-olunacaq\/","og_locale":"az_AZ","og_type":"article","og_title":"\"A\u00e7ar\u201d \u201cGo Short\u201dda n\u00fcmayi\u015f olunacaq - MEYDAN.TV","og_description":"Film Qaraba\u011f m\u00fcharib\u0259sind\u0259n b\u0259hs edir Qaraba\u011f m\u00fcharib\u0259si m\u00f6vzusunda \u00e7\u0259kil\u0259n \u201cA\u00e7ar\u201d ... Davam\u0131","og_url":"https:\/\/www.meydan.tv\/az\/article\/acar-go-shortda-numayis-olunacaq\/","og_site_name":"MEYDAN.TV","article_published_time":"2022-02-28T06:52:55+00:00","article_modified_time":"2022-02-28T06:52:57+00:00","og_image":[{"width":669,"height":669,"url":"https:\/\/www.meydan.tv\/wp-content\/uploads\/16458872475458716667_1000x669.png","type":"image\/png"}],"author":"elli","twitter_card":"summary_large_image","twitter_creator":"@elli","schema":{"@context":"https:\/\/schema.org","@graph":[{"@type":"Article","@id":"https:\/\/www.meydan.tv\/az\/article\/acar-go-shortda-numayis-olunacaq\/#article","isPartOf":{"@id":"https:\/\/www.meydan.tv\/az\/article\/acar-go-shortda-numayis-olunacaq\/"},"author":{"name":"elli","@id":"https:\/\/www.meydan.tv\/az\/#\/schema\/person\/9cdbecf90d17180ce1dfbd95b08dcf47"},"headline":"&#8220;A\u00e7ar\u201d \u201cGo Short\u201dda n\u00fcmayi\u015f olunacaq","datePublished":"2022-02-28T06:52:55+00:00","dateModified":"2022-02-28T06:52:57+00:00","mainEntityOfPage":{"@id":"https:\/\/www.meydan.tv\/az\/article\/acar-go-shortda-numayis-olunacaq\/"},"wordCount":320,"publisher":{"@id":"https:\/\/www.meydan.tv\/az\/#organization"},"image":{"@id":"https:\/\/www.meydan.tv\/az\/article\/acar-go-shortda-numayis-olunacaq\/#primaryimage"},"thumbnailUrl":"https:\/\/www.meydan.tv\/wp-content\/uploads\/16458872475458716667_1000x669.png","articleSection":["M\u0259d\u0259niyy\u0259t","X\u0259b\u0259rl\u0259r"],"inLanguage":"az"},{"@type":"WebPage","@id":"https:\/\/www.meydan.tv\/az\/article\/acar-go-shortda-numayis-olunacaq\/","url":"https:\/\/www.meydan.tv\/az\/article\/acar-go-shortda-numayis-olunacaq\/","name":"\"A\u00e7ar\u201d \u201cGo Short\u201dda n\u00fcmayi\u015f olunacaq - MEYDAN.TV","isPartOf":{"@id":"https:\/\/www.meydan.tv\/az\/#website"},"primaryImageOfPage":{"@id":"https:\/\/www.meydan.tv\/az\/article\/acar-go-shortda-numayis-olunacaq\/#primaryimage"},"image":{"@id":"https:\/\/www.meydan.tv\/az\/article\/acar-go-shortda-numayis-olunacaq\/#primaryimage"},"thumbnailUrl":"https:\/\/www.meydan.tv\/wp-content\/uploads\/16458872475458716667_1000x669.png","datePublished":"2022-02-28T06:52:55+00:00","dateModified":"2022-02-28T06:52:57+00:00","breadcrumb":{"@id":"https:\/\/www.meydan.tv\/az\/article\/acar-go-shortda-numayis-olunacaq\/#breadcrumb"},"inLanguage":"az","potentialAction":[{"@type":"ReadAction","target":["https:\/\/www.meydan.tv\/az\/article\/acar-go-shortda-numayis-olunacaq\/"]}]},{"@type":"ImageObject","inLanguage":"az","@id":"https:\/\/www.meydan.tv\/az\/article\/acar-go-shortda-numayis-olunacaq\/#primaryimage","url":"https:\/\/www.meydan.tv\/wp-content\/uploads\/16458872475458716667_1000x669.png","contentUrl":"https:\/\/www.meydan.tv\/wp-content\/uploads\/16458872475458716667_1000x669.png","width":669,"height":669,"caption":"Foto: Az\u0259rtac"},{"@type":"BreadcrumbList","@id":"https:\/\/www.meydan.tv\/az\/article\/acar-go-shortda-numayis-olunacaq\/#breadcrumb","itemListElement":[{"@type":"ListItem","position":1,"name":"Ana s\u0259hif\u0259","item":"https:\/\/www.meydan.tv\/az\/"},{"@type":"ListItem","position":2,"name":"M\u0259d\u0259niyy\u0259t","item":"https:\/\/www.meydan.tv\/az\/section\/medeniyyet\/"},{"@type":"ListItem","position":3,"name":"&#8220;A\u00e7ar\u201d \u201cGo Short\u201dda n\u00fcmayi\u015f olunacaq"}]},{"@type":"WebSite","@id":"https:\/\/www.meydan.tv\/az\/#website","url":"https:\/\/www.meydan.tv\/az\/","name":"MEYDAN.TV","description":"Meydan TV Az\u0259rbaycan\u0131n media m\u0259kan\u0131ndak\u0131 alternativ s\u0259sidir","publisher":{"@id":"https:\/\/www.meydan.tv\/az\/#organization"},"potentialAction":[{"@type":"SearchAction","target":{"@type":"EntryPoint","urlTemplate":"https:\/\/www.meydan.tv\/az\/?s={search_term_string}"},"query-input":{"@type":"PropertyValueSpecification","valueRequired":true,"valueName":"search_term_string"}}],"inLanguage":"az"},{"@type":"Organization","@id":"https:\/\/www.meydan.tv\/az\/#organization","name":"Meydan TV","url":"https:\/\/www.meydan.tv\/az\/","logo":{"@type":"ImageObject","inLanguage":"az","@id":"https:\/\/www.meydan.tv\/az\/#\/schema\/logo\/image\/","url":"https:\/\/www.meydan.tv\/wp-content\/uploads\/2021\/07\/meydan-logo.svg","contentUrl":"https:\/\/www.meydan.tv\/wp-content\/uploads\/2021\/07\/meydan-logo.svg","width":195,"height":46,"caption":"Meydan TV"},"image":{"@id":"https:\/\/www.meydan.tv\/az\/#\/schema\/logo\/image\/"}},{"@type":"Person","@id":"https:\/\/www.meydan.tv\/az\/#\/schema\/person\/9cdbecf90d17180ce1dfbd95b08dcf47","name":"elli","sameAs":["https:\/\/x.com\/elli"]}]}},"_links":{"self":[{"href":"https:\/\/www.meydan.tv\/az\/wp-json\/wp\/v2\/posts\/236281","targetHints":{"allow":["GET"]}}],"collection":[{"href":"https:\/\/www.meydan.tv\/az\/wp-json\/wp\/v2\/posts"}],"about":[{"href":"https:\/\/www.meydan.tv\/az\/wp-json\/wp\/v2\/types\/post"}],"author":[{"embeddable":true,"href":"https:\/\/www.meydan.tv\/az\/wp-json\/wp\/v2\/users\/8"}],"replies":[{"embeddable":true,"href":"https:\/\/www.meydan.tv\/az\/wp-json\/wp\/v2\/comments?post=236281"}],"version-history":[{"count":1,"href":"https:\/\/www.meydan.tv\/az\/wp-json\/wp\/v2\/posts\/236281\/revisions"}],"predecessor-version":[{"id":236282,"href":"https:\/\/www.meydan.tv\/az\/wp-json\/wp\/v2\/posts\/236281\/revisions\/236282"}],"wp:featuredmedia":[{"embeddable":true,"href":"https:\/\/www.meydan.tv\/az\/wp-json\/wp\/v2\/media\/236278"}],"wp:attachment":[{"href":"https:\/\/www.meydan.tv\/az\/wp-json\/wp\/v2\/media?parent=236281"}],"wp:term":[{"taxonomy":"category","embeddable":true,"href":"https:\/\/www.meydan.tv\/az\/wp-json\/wp\/v2\/categories?post=236281"},{"taxonomy":"post_tag","embeddable":true,"href":"https:\/\/www.meydan.tv\/az\/wp-json\/wp\/v2\/tags?post=236281"}],"curies":[{"name":"wp","href":"https:\/\/api.w.org\/{rel}","templated":true}]}}