{"id":236223,"date":"2022-02-27T18:07:17","date_gmt":"2022-02-27T14:07:17","guid":{"rendered":"https:\/\/www.meydan.tv\/?p=236223"},"modified":"2022-02-27T18:08:25","modified_gmt":"2022-02-27T14:08:25","slug":"polis-mane-olsa-da-ukrayna-sefirliyi-onunde-aksiya-bas-tutdu","status":"publish","type":"post","link":"https:\/\/www.meydan.tv\/az\/article\/polis-mane-olsa-da-ukrayna-sefirliyi-onunde-aksiya-bas-tutdu\/","title":{"rendered":"Polis mane olsa da, Ukrayna s\u0259firliyi \u00f6n\u00fcnd\u0259 aksiya ba\u015f tutdu"},"content":{"rendered":"\n<p><em>Aksiya\u00e7\u0131lar Ukraynaya d\u0259st\u0259kl\u0259rini n\u00fcmayi\u015f etdiribl\u0259r<\/em><\/p>\n\n\n\n<p>Fevral\u0131n 27-d\u0259 Ukraynan\u0131n Bak\u0131dak\u0131 s\u0259firliyi \u00f6n\u00fcnd\u0259 bu \u00f6lk\u0259y\u0259 d\u0259st\u0259k aksiyas\u0131 ke\u00e7irilib. \u0130\u015ftirak\u00e7\u0131lar &#8220;Ukrayna&#8221; &#8220;Putin r\u0259dd ol&#8221;, &#8220;Ukrayna, Az\u0259rbaycan s\u0259ninl\u0259dir&#8221; \u015f\u00fcarlar\u0131 s\u0259sl\u0259ndir\u0259r\u0259k, d\u0259st\u0259kl\u0259rini bildiribl\u0259r.<\/p>\n\n\n\n<p>Polis s\u0259firliy\u0259 ged\u0259n k\u00fc\u00e7\u0259l\u0259rd\u0259 m\u00fcxt\u0259lif mane\u0259l\u0259r yaratsa da, insanlar aksiyaya qat\u0131l\u0131blar.<\/p>\n\n\n\n<p>Aksiyaya qat\u0131lanlardan m\u00fcsavat\u00e7\u0131, Milli \u015euran\u0131n Koordinasiya \u015euras\u0131n\u0131n \u00fczv\u00fc Tofiq Yaqublu Meydan TV-y\u0259 deyib ki, onlar i\u015f\u011fala m\u0259ruz qalm\u0131\u015f Ukraynaya d\u0259st\u0259k \u00fc\u00e7\u00fcn s\u0259firliyin qar\u015f\u0131s\u0131na g\u0259libl\u0259r:<\/p>\n\n\n\n<p>&#8220;Ukrayna azad olmaq ist\u0259yir, Putin is\u0259 bunu q\u0259bul ed\u0259 bilmir. \u00c7\u00fcnki Ukrayna azad c\u0259miyy\u0259t qurandan sonra h\u0259min azadl\u0131qlar Rusiyan\u0131n daxilin\u0259 istiqam\u0259tl\u0259n\u0259c\u0259k. Putinin NATO-nun geni\u015fl\u0259nm\u0259si il\u0259 ba\u011fl\u0131 dediyi t\u0259hl\u00fck\u0259sizlik m\u0259s\u0259l\u0259si yaland\u0131r. He\u00e7 bir d\u00f6vl\u0259t, yaxud h\u0259rbi-siyasi birlik Rusiyaya h\u00fccum etm\u0259k niyy\u0259tind\u0259 deyil. Haz\u0131rda Ukraynada ba\u015f ver\u0259nl\u0259r i\u015f\u011fald\u0131r v\u0259 anti-insani m\u00fcharib\u0259sidir. Putini v\u0259 Luka\u015fenkonu Milo\u015fevi\u00e7in taleyi g\u00f6zl\u0259yir, art\u0131q XXI \u0259srdir. \u0130ndi 2008 v\u0259 2014-c\u00fc ill\u0259r deyil, d\u00fcnya \u00e7ox d\u0259yi\u015fib. D\u00fcnyan\u0131n planlar\u0131 \u00e7ox d\u0259yi\u015fib, AB\u015e v\u0259 koalisiyas\u0131 quldurlara qar\u015f\u0131 m\u00fcharib\u0259 elan edib. \u00dcmid edirik ki, yax\u0131n g\u00fcnl\u0259rd\u0259 Rusiyan\u0131n i\u015f\u011fal\u00e7\u0131 qo\u015funlar\u0131 Rusiyan\u0131 t\u0259rk ed\u0259c\u0259k&#8221;.<\/p>\n\n\n\n<figure class=\"wp-block-image size-large\"><img decoding=\"async\" width=\"1095\" height=\"821\" data-src=\"https:\/\/www.meydan.tv\/wp-content\/uploads\/274293542_944020596479122_5800020711949718224_n-1095x821.jpg\" alt=\"\" class=\"wp-image-236217 lazyload\" src=\"data:image\/svg+xml;base64,PHN2ZyB3aWR0aD0iMSIgaGVpZ2h0PSIxIiB4bWxucz0iaHR0cDovL3d3dy53My5vcmcvMjAwMC9zdmciPjwvc3ZnPg==\" style=\"--smush-placeholder-width: 1095px; --smush-placeholder-aspect-ratio: 1095\/821;\" \/><figcaption>M\u0259nb\u0259: sosial \u015f\u0259b\u0259k\u0259<\/figcaption><\/figure>\n\n\n\n<p>Polisin mane\u0259sin\u0259 tu\u015f g\u0259l\u0259n insanlar deyibl\u0259r ki, Az\u0259rbaycan h\u00f6kum\u0259tinin m\u0259qs\u0259di onlar\u0131n Rusiya imperiyas\u0131na etiraz etm\u0259l\u0259rinin qar\u015f\u0131s\u0131n\u0131 almaqd\u0131r:<\/p>\n\n\n\n<p>&#8220;Bu g\u00fcn bizim ora burax\u0131lmama\u011f\u0131m\u0131za ba\u015fqa ad verm\u0259k m\u00fcmk\u00fcn deyil. T\u0259s\u0259vv\u00fcr edin ki, Ukraynada d\u00f6y\u00fc\u015f\u0259nl\u0259r h\u0259m d\u0259 bizim \u00fc\u00e7\u00fcn d\u00f6y\u00fc\u015f\u00fcr. Putin rejiminin \u0259zilm\u0259yi xalq\u0131m\u0131z\u0131n xeyrin\u0259dir&#8221;.<\/p>\n\n\n\n<p>Polisl\u0259r mane\u0259l\u0259rin n\u0259 \u00fc\u00e7\u00fcn yarad\u0131lmas\u0131 bar\u0259d\u0259 suala &#8220;g\u00f6st\u0259ri\u015f bel\u0259dir&#8221; cavab\u0131n\u0131 veribl\u0259r.<\/p>\n\n\n\n<p>Daxili \u0130\u015fl\u0259r Nazirliyi bug\u00fcnk\u00fc aksiya bar\u0259d\u0259 h\u0259l\u0259 m\u0259lumat yaymay\u0131b.<\/p>\n","protected":false},"excerpt":{"rendered":"<p>Aksiya\u00e7\u0131lar Ukraynaya d\u0259st\u0259kl\u0259rini n\u00fcmayi\u015f etdiribl\u0259r Fevral\u0131n 27-d\u0259 Ukraynan\u0131n Bak\u0131dak\u0131 s\u0259firliyi &#8230; <\/p>\n<p class=\"read-more-container\"><a title=\"Polis mane olsa da, Ukrayna s\u0259firliyi \u00f6n\u00fcnd\u0259 aksiya ba\u015f tutdu\" class=\"read-more button\" href=\"https:\/\/www.meydan.tv\/az\/article\/polis-mane-olsa-da-ukrayna-sefirliyi-onunde-aksiya-bas-tutdu\/#more-236223\" aria-label=\"Read more about Polis mane olsa da, Ukrayna s\u0259firliyi \u00f6n\u00fcnd\u0259 aksiya ba\u015f tutdu\">Davam\u0131<\/a><\/p>\n","protected":false},"author":8,"featured_media":236220,"comment_status":"closed","ping_status":"closed","sticky":false,"template":"","format":"standard","meta":{"_acf_changed":false,"_sitemap_exclude":false,"_sitemap_priority":"","_sitemap_frequency":"","footnotes":""},"categories":[59,79,56],"tags":[],"class_list":["post-236223","post","type-post","status-publish","format-standard","has-post-thumbnail","hentry","category-siyaset","category-featured","category-xeberler","infinite-scroll-item","generate-columns","tablet-grid-50","mobile-grid-100","grid-parent","grid-33","no-featured-image-padding"],"acf":[],"yoast_head":"<!-- This site is optimized with the Yoast SEO plugin v27.4 - https:\/\/yoast.com\/product\/yoast-seo-wordpress\/ -->\n<title>Polis mane olsa da, Ukrayna s\u0259firliyi \u00f6n\u00fcnd\u0259 aksiya ba\u015f tutdu - MEYDAN.TV<\/title>\n<meta name=\"robots\" content=\"index, follow, max-snippet:-1, max-image-preview:large, max-video-preview:-1\" \/>\n<link rel=\"canonical\" href=\"https:\/\/www.meydan.tv\/az\/article\/polis-mane-olsa-da-ukrayna-sefirliyi-onunde-aksiya-bas-tutdu\/\" \/>\n<meta property=\"og:locale\" content=\"az_AZ\" \/>\n<meta property=\"og:type\" content=\"article\" \/>\n<meta property=\"og:title\" content=\"Polis mane olsa da, Ukrayna s\u0259firliyi \u00f6n\u00fcnd\u0259 aksiya ba\u015f tutdu - MEYDAN.TV\" \/>\n<meta property=\"og:description\" content=\"Aksiya\u00e7\u0131lar Ukraynaya d\u0259st\u0259kl\u0259rini n\u00fcmayi\u015f etdiribl\u0259r Fevral\u0131n 27-d\u0259 Ukraynan\u0131n Bak\u0131dak\u0131 s\u0259firliyi ... Davam\u0131\" \/>\n<meta property=\"og:url\" content=\"https:\/\/www.meydan.tv\/az\/article\/polis-mane-olsa-da-ukrayna-sefirliyi-onunde-aksiya-bas-tutdu\/\" \/>\n<meta property=\"og:site_name\" content=\"MEYDAN.TV\" \/>\n<meta property=\"article:published_time\" content=\"2022-02-27T14:07:17+00:00\" \/>\n<meta property=\"article:modified_time\" content=\"2022-02-27T14:08:25+00:00\" \/>\n<meta property=\"og:image\" content=\"https:\/\/www.meydan.tv\/wp-content\/uploads\/274722178_477303970533872_9135197841082482018_n.jpg\" \/>\n\t<meta property=\"og:image:width\" content=\"2048\" \/>\n\t<meta property=\"og:image:height\" content=\"1538\" \/>\n\t<meta property=\"og:image:type\" content=\"image\/jpeg\" \/>\n<meta name=\"author\" content=\"elli\" \/>\n<meta name=\"twitter:card\" content=\"summary_large_image\" \/>\n<meta name=\"twitter:creator\" content=\"@elli\" \/>\n<script type=\"application\/ld+json\" class=\"yoast-schema-graph\">{\"@context\":\"https:\\\/\\\/schema.org\",\"@graph\":[{\"@type\":\"Article\",\"@id\":\"https:\\\/\\\/www.meydan.tv\\\/az\\\/article\\\/polis-mane-olsa-da-ukrayna-sefirliyi-onunde-aksiya-bas-tutdu\\\/#article\",\"isPartOf\":{\"@id\":\"https:\\\/\\\/www.meydan.tv\\\/az\\\/article\\\/polis-mane-olsa-da-ukrayna-sefirliyi-onunde-aksiya-bas-tutdu\\\/\"},\"author\":{\"name\":\"elli\",\"@id\":\"https:\\\/\\\/www.meydan.tv\\\/az\\\/#\\\/schema\\\/person\\\/9cdbecf90d17180ce1dfbd95b08dcf47\"},\"headline\":\"Polis mane olsa da, Ukrayna s\u0259firliyi \u00f6n\u00fcnd\u0259 aksiya ba\u015f tutdu\",\"datePublished\":\"2022-02-27T14:07:17+00:00\",\"dateModified\":\"2022-02-27T14:08:25+00:00\",\"mainEntityOfPage\":{\"@id\":\"https:\\\/\\\/www.meydan.tv\\\/az\\\/article\\\/polis-mane-olsa-da-ukrayna-sefirliyi-onunde-aksiya-bas-tutdu\\\/\"},\"wordCount\":396,\"publisher\":{\"@id\":\"https:\\\/\\\/www.meydan.tv\\\/az\\\/#organization\"},\"image\":{\"@id\":\"https:\\\/\\\/www.meydan.tv\\\/az\\\/article\\\/polis-mane-olsa-da-ukrayna-sefirliyi-onunde-aksiya-bas-tutdu\\\/#primaryimage\"},\"thumbnailUrl\":\"https:\\\/\\\/www.meydan.tv\\\/wp-content\\\/uploads\\\/274722178_477303970533872_9135197841082482018_n.jpg\",\"articleSection\":[\"Siyas\u0259t\",\"T\u00f6vsiy\u0259\",\"X\u0259b\u0259rl\u0259r\"],\"inLanguage\":\"az\"},{\"@type\":\"WebPage\",\"@id\":\"https:\\\/\\\/www.meydan.tv\\\/az\\\/article\\\/polis-mane-olsa-da-ukrayna-sefirliyi-onunde-aksiya-bas-tutdu\\\/\",\"url\":\"https:\\\/\\\/www.meydan.tv\\\/az\\\/article\\\/polis-mane-olsa-da-ukrayna-sefirliyi-onunde-aksiya-bas-tutdu\\\/\",\"name\":\"Polis mane olsa da, Ukrayna s\u0259firliyi \u00f6n\u00fcnd\u0259 aksiya ba\u015f tutdu - MEYDAN.TV\",\"isPartOf\":{\"@id\":\"https:\\\/\\\/www.meydan.tv\\\/az\\\/#website\"},\"primaryImageOfPage\":{\"@id\":\"https:\\\/\\\/www.meydan.tv\\\/az\\\/article\\\/polis-mane-olsa-da-ukrayna-sefirliyi-onunde-aksiya-bas-tutdu\\\/#primaryimage\"},\"image\":{\"@id\":\"https:\\\/\\\/www.meydan.tv\\\/az\\\/article\\\/polis-mane-olsa-da-ukrayna-sefirliyi-onunde-aksiya-bas-tutdu\\\/#primaryimage\"},\"thumbnailUrl\":\"https:\\\/\\\/www.meydan.tv\\\/wp-content\\\/uploads\\\/274722178_477303970533872_9135197841082482018_n.jpg\",\"datePublished\":\"2022-02-27T14:07:17+00:00\",\"dateModified\":\"2022-02-27T14:08:25+00:00\",\"breadcrumb\":{\"@id\":\"https:\\\/\\\/www.meydan.tv\\\/az\\\/article\\\/polis-mane-olsa-da-ukrayna-sefirliyi-onunde-aksiya-bas-tutdu\\\/#breadcrumb\"},\"inLanguage\":\"az\",\"potentialAction\":[{\"@type\":\"ReadAction\",\"target\":[\"https:\\\/\\\/www.meydan.tv\\\/az\\\/article\\\/polis-mane-olsa-da-ukrayna-sefirliyi-onunde-aksiya-bas-tutdu\\\/\"]}]},{\"@type\":\"ImageObject\",\"inLanguage\":\"az\",\"@id\":\"https:\\\/\\\/www.meydan.tv\\\/az\\\/article\\\/polis-mane-olsa-da-ukrayna-sefirliyi-onunde-aksiya-bas-tutdu\\\/#primaryimage\",\"url\":\"https:\\\/\\\/www.meydan.tv\\\/wp-content\\\/uploads\\\/274722178_477303970533872_9135197841082482018_n.jpg\",\"contentUrl\":\"https:\\\/\\\/www.meydan.tv\\\/wp-content\\\/uploads\\\/274722178_477303970533872_9135197841082482018_n.jpg\",\"width\":2048,\"height\":1538,\"caption\":\"M\u0259nb\u0259: sosial \u015f\u0259b\u0259k\u0259\"},{\"@type\":\"BreadcrumbList\",\"@id\":\"https:\\\/\\\/www.meydan.tv\\\/az\\\/article\\\/polis-mane-olsa-da-ukrayna-sefirliyi-onunde-aksiya-bas-tutdu\\\/#breadcrumb\",\"itemListElement\":[{\"@type\":\"ListItem\",\"position\":1,\"name\":\"Ana s\u0259hif\u0259\",\"item\":\"https:\\\/\\\/www.meydan.tv\\\/az\\\/\"},{\"@type\":\"ListItem\",\"position\":2,\"name\":\"Siyas\u0259t\",\"item\":\"https:\\\/\\\/www.meydan.tv\\\/az\\\/section\\\/siyaset\\\/\"},{\"@type\":\"ListItem\",\"position\":3,\"name\":\"Polis mane olsa da, Ukrayna s\u0259firliyi \u00f6n\u00fcnd\u0259 aksiya ba\u015f tutdu\"}]},{\"@type\":\"WebSite\",\"@id\":\"https:\\\/\\\/www.meydan.tv\\\/az\\\/#website\",\"url\":\"https:\\\/\\\/www.meydan.tv\\\/az\\\/\",\"name\":\"MEYDAN.TV\",\"description\":\"Meydan TV Az\u0259rbaycan\u0131n media m\u0259kan\u0131ndak\u0131 alternativ s\u0259sidir\",\"publisher\":{\"@id\":\"https:\\\/\\\/www.meydan.tv\\\/az\\\/#organization\"},\"potentialAction\":[{\"@type\":\"SearchAction\",\"target\":{\"@type\":\"EntryPoint\",\"urlTemplate\":\"https:\\\/\\\/www.meydan.tv\\\/az\\\/?s={search_term_string}\"},\"query-input\":{\"@type\":\"PropertyValueSpecification\",\"valueRequired\":true,\"valueName\":\"search_term_string\"}}],\"inLanguage\":\"az\"},{\"@type\":\"Organization\",\"@id\":\"https:\\\/\\\/www.meydan.tv\\\/az\\\/#organization\",\"name\":\"Meydan TV\",\"url\":\"https:\\\/\\\/www.meydan.tv\\\/az\\\/\",\"logo\":{\"@type\":\"ImageObject\",\"inLanguage\":\"az\",\"@id\":\"https:\\\/\\\/www.meydan.tv\\\/az\\\/#\\\/schema\\\/logo\\\/image\\\/\",\"url\":\"https:\\\/\\\/www.meydan.tv\\\/wp-content\\\/uploads\\\/2021\\\/07\\\/meydan-logo.svg\",\"contentUrl\":\"https:\\\/\\\/www.meydan.tv\\\/wp-content\\\/uploads\\\/2021\\\/07\\\/meydan-logo.svg\",\"width\":195,\"height\":46,\"caption\":\"Meydan TV\"},\"image\":{\"@id\":\"https:\\\/\\\/www.meydan.tv\\\/az\\\/#\\\/schema\\\/logo\\\/image\\\/\"}},{\"@type\":\"Person\",\"@id\":\"https:\\\/\\\/www.meydan.tv\\\/az\\\/#\\\/schema\\\/person\\\/9cdbecf90d17180ce1dfbd95b08dcf47\",\"name\":\"elli\",\"sameAs\":[\"https:\\\/\\\/x.com\\\/elli\"]}]}<\/script>\n<!-- \/ Yoast SEO plugin. -->","yoast_head_json":{"title":"Polis mane olsa da, Ukrayna s\u0259firliyi \u00f6n\u00fcnd\u0259 aksiya ba\u015f tutdu - MEYDAN.TV","robots":{"index":"index","follow":"follow","max-snippet":"max-snippet:-1","max-image-preview":"max-image-preview:large","max-video-preview":"max-video-preview:-1"},"canonical":"https:\/\/www.meydan.tv\/az\/article\/polis-mane-olsa-da-ukrayna-sefirliyi-onunde-aksiya-bas-tutdu\/","og_locale":"az_AZ","og_type":"article","og_title":"Polis mane olsa da, Ukrayna s\u0259firliyi \u00f6n\u00fcnd\u0259 aksiya ba\u015f tutdu - MEYDAN.TV","og_description":"Aksiya\u00e7\u0131lar Ukraynaya d\u0259st\u0259kl\u0259rini n\u00fcmayi\u015f etdiribl\u0259r Fevral\u0131n 27-d\u0259 Ukraynan\u0131n Bak\u0131dak\u0131 s\u0259firliyi ... Davam\u0131","og_url":"https:\/\/www.meydan.tv\/az\/article\/polis-mane-olsa-da-ukrayna-sefirliyi-onunde-aksiya-bas-tutdu\/","og_site_name":"MEYDAN.TV","article_published_time":"2022-02-27T14:07:17+00:00","article_modified_time":"2022-02-27T14:08:25+00:00","og_image":[{"width":2048,"height":1538,"url":"https:\/\/www.meydan.tv\/wp-content\/uploads\/274722178_477303970533872_9135197841082482018_n.jpg","type":"image\/jpeg"}],"author":"elli","twitter_card":"summary_large_image","twitter_creator":"@elli","schema":{"@context":"https:\/\/schema.org","@graph":[{"@type":"Article","@id":"https:\/\/www.meydan.tv\/az\/article\/polis-mane-olsa-da-ukrayna-sefirliyi-onunde-aksiya-bas-tutdu\/#article","isPartOf":{"@id":"https:\/\/www.meydan.tv\/az\/article\/polis-mane-olsa-da-ukrayna-sefirliyi-onunde-aksiya-bas-tutdu\/"},"author":{"name":"elli","@id":"https:\/\/www.meydan.tv\/az\/#\/schema\/person\/9cdbecf90d17180ce1dfbd95b08dcf47"},"headline":"Polis mane olsa da, Ukrayna s\u0259firliyi \u00f6n\u00fcnd\u0259 aksiya ba\u015f tutdu","datePublished":"2022-02-27T14:07:17+00:00","dateModified":"2022-02-27T14:08:25+00:00","mainEntityOfPage":{"@id":"https:\/\/www.meydan.tv\/az\/article\/polis-mane-olsa-da-ukrayna-sefirliyi-onunde-aksiya-bas-tutdu\/"},"wordCount":396,"publisher":{"@id":"https:\/\/www.meydan.tv\/az\/#organization"},"image":{"@id":"https:\/\/www.meydan.tv\/az\/article\/polis-mane-olsa-da-ukrayna-sefirliyi-onunde-aksiya-bas-tutdu\/#primaryimage"},"thumbnailUrl":"https:\/\/www.meydan.tv\/wp-content\/uploads\/274722178_477303970533872_9135197841082482018_n.jpg","articleSection":["Siyas\u0259t","T\u00f6vsiy\u0259","X\u0259b\u0259rl\u0259r"],"inLanguage":"az"},{"@type":"WebPage","@id":"https:\/\/www.meydan.tv\/az\/article\/polis-mane-olsa-da-ukrayna-sefirliyi-onunde-aksiya-bas-tutdu\/","url":"https:\/\/www.meydan.tv\/az\/article\/polis-mane-olsa-da-ukrayna-sefirliyi-onunde-aksiya-bas-tutdu\/","name":"Polis mane olsa da, Ukrayna s\u0259firliyi \u00f6n\u00fcnd\u0259 aksiya ba\u015f tutdu - MEYDAN.TV","isPartOf":{"@id":"https:\/\/www.meydan.tv\/az\/#website"},"primaryImageOfPage":{"@id":"https:\/\/www.meydan.tv\/az\/article\/polis-mane-olsa-da-ukrayna-sefirliyi-onunde-aksiya-bas-tutdu\/#primaryimage"},"image":{"@id":"https:\/\/www.meydan.tv\/az\/article\/polis-mane-olsa-da-ukrayna-sefirliyi-onunde-aksiya-bas-tutdu\/#primaryimage"},"thumbnailUrl":"https:\/\/www.meydan.tv\/wp-content\/uploads\/274722178_477303970533872_9135197841082482018_n.jpg","datePublished":"2022-02-27T14:07:17+00:00","dateModified":"2022-02-27T14:08:25+00:00","breadcrumb":{"@id":"https:\/\/www.meydan.tv\/az\/article\/polis-mane-olsa-da-ukrayna-sefirliyi-onunde-aksiya-bas-tutdu\/#breadcrumb"},"inLanguage":"az","potentialAction":[{"@type":"ReadAction","target":["https:\/\/www.meydan.tv\/az\/article\/polis-mane-olsa-da-ukrayna-sefirliyi-onunde-aksiya-bas-tutdu\/"]}]},{"@type":"ImageObject","inLanguage":"az","@id":"https:\/\/www.meydan.tv\/az\/article\/polis-mane-olsa-da-ukrayna-sefirliyi-onunde-aksiya-bas-tutdu\/#primaryimage","url":"https:\/\/www.meydan.tv\/wp-content\/uploads\/274722178_477303970533872_9135197841082482018_n.jpg","contentUrl":"https:\/\/www.meydan.tv\/wp-content\/uploads\/274722178_477303970533872_9135197841082482018_n.jpg","width":2048,"height":1538,"caption":"M\u0259nb\u0259: sosial \u015f\u0259b\u0259k\u0259"},{"@type":"BreadcrumbList","@id":"https:\/\/www.meydan.tv\/az\/article\/polis-mane-olsa-da-ukrayna-sefirliyi-onunde-aksiya-bas-tutdu\/#breadcrumb","itemListElement":[{"@type":"ListItem","position":1,"name":"Ana s\u0259hif\u0259","item":"https:\/\/www.meydan.tv\/az\/"},{"@type":"ListItem","position":2,"name":"Siyas\u0259t","item":"https:\/\/www.meydan.tv\/az\/section\/siyaset\/"},{"@type":"ListItem","position":3,"name":"Polis mane olsa da, Ukrayna s\u0259firliyi \u00f6n\u00fcnd\u0259 aksiya ba\u015f tutdu"}]},{"@type":"WebSite","@id":"https:\/\/www.meydan.tv\/az\/#website","url":"https:\/\/www.meydan.tv\/az\/","name":"MEYDAN.TV","description":"Meydan TV Az\u0259rbaycan\u0131n media m\u0259kan\u0131ndak\u0131 alternativ s\u0259sidir","publisher":{"@id":"https:\/\/www.meydan.tv\/az\/#organization"},"potentialAction":[{"@type":"SearchAction","target":{"@type":"EntryPoint","urlTemplate":"https:\/\/www.meydan.tv\/az\/?s={search_term_string}"},"query-input":{"@type":"PropertyValueSpecification","valueRequired":true,"valueName":"search_term_string"}}],"inLanguage":"az"},{"@type":"Organization","@id":"https:\/\/www.meydan.tv\/az\/#organization","name":"Meydan TV","url":"https:\/\/www.meydan.tv\/az\/","logo":{"@type":"ImageObject","inLanguage":"az","@id":"https:\/\/www.meydan.tv\/az\/#\/schema\/logo\/image\/","url":"https:\/\/www.meydan.tv\/wp-content\/uploads\/2021\/07\/meydan-logo.svg","contentUrl":"https:\/\/www.meydan.tv\/wp-content\/uploads\/2021\/07\/meydan-logo.svg","width":195,"height":46,"caption":"Meydan TV"},"image":{"@id":"https:\/\/www.meydan.tv\/az\/#\/schema\/logo\/image\/"}},{"@type":"Person","@id":"https:\/\/www.meydan.tv\/az\/#\/schema\/person\/9cdbecf90d17180ce1dfbd95b08dcf47","name":"elli","sameAs":["https:\/\/x.com\/elli"]}]}},"_links":{"self":[{"href":"https:\/\/www.meydan.tv\/az\/wp-json\/wp\/v2\/posts\/236223","targetHints":{"allow":["GET"]}}],"collection":[{"href":"https:\/\/www.meydan.tv\/az\/wp-json\/wp\/v2\/posts"}],"about":[{"href":"https:\/\/www.meydan.tv\/az\/wp-json\/wp\/v2\/types\/post"}],"author":[{"embeddable":true,"href":"https:\/\/www.meydan.tv\/az\/wp-json\/wp\/v2\/users\/8"}],"replies":[{"embeddable":true,"href":"https:\/\/www.meydan.tv\/az\/wp-json\/wp\/v2\/comments?post=236223"}],"version-history":[{"count":3,"href":"https:\/\/www.meydan.tv\/az\/wp-json\/wp\/v2\/posts\/236223\/revisions"}],"predecessor-version":[{"id":236226,"href":"https:\/\/www.meydan.tv\/az\/wp-json\/wp\/v2\/posts\/236223\/revisions\/236226"}],"wp:featuredmedia":[{"embeddable":true,"href":"https:\/\/www.meydan.tv\/az\/wp-json\/wp\/v2\/media\/236220"}],"wp:attachment":[{"href":"https:\/\/www.meydan.tv\/az\/wp-json\/wp\/v2\/media?parent=236223"}],"wp:term":[{"taxonomy":"category","embeddable":true,"href":"https:\/\/www.meydan.tv\/az\/wp-json\/wp\/v2\/categories?post=236223"},{"taxonomy":"post_tag","embeddable":true,"href":"https:\/\/www.meydan.tv\/az\/wp-json\/wp\/v2\/tags?post=236223"}],"curies":[{"name":"wp","href":"https:\/\/api.w.org\/{rel}","templated":true}]}}